{"id":3809,"date":"2026-04-01T05:29:29","date_gmt":"2026-04-01T08:29:29","guid":{"rendered":"https:\/\/www.encontrabelohorizonte.com.br\/sobre\/valorizacao-de-analistas-de-politicas-publicas-da-pbh-em-pauta-na-quarta-18\/"},"modified":"2026-04-01T05:29:29","modified_gmt":"2026-04-01T08:29:29","slug":"valorizacao-de-analistas-de-politicas-publicas-da-pbh-em-pauta-na-quarta-18","status":"publish","type":"post","link":"https:\/\/www.encontrabelohorizonte.com.br\/sobre\/valorizacao-de-analistas-de-politicas-publicas-da-pbh-em-pauta-na-quarta-18\/","title":{"rendered":"Valoriza\u00e7\u00e3o de analistas de pol\u00edticas p\u00fablicas da PBH em pauta na quarta (18)"},"content":{"rendered":"<div class=\"2e083cf0b19e2c11948dc6ac054ba979\" data-index=\"1\" style=\"float: none; margin:0px;\">\n<!-- Anuncio display - global -->\r\n<ins class=\"adsbygoogle\"\r\n     style=\"display:block\"\r\n     data-ad-client=\"ca-pub-8585364105181520\"\r\n     data-ad-slot=\"8789329856\"\r\n     data-ad-format=\"auto\"\r\n     data-full-width-responsive=\"true\"><\/ins>\r\n<script>\r\n     (adsbygoogle = window.adsbygoogle || []).push({});\r\n<\/script>\n<\/div>\n<h2>Objetivos da Audi\u00eancia P\u00fablica<\/h2>\n<p>A audi\u00eancia p\u00fablica que ocorrer\u00e1 na quarta-feira, dia 18 de mar\u00e7o, visa discutir a valoriza\u00e7\u00e3o dos analistas de pol\u00edticas p\u00fablicas da Prefeitura de Belo Horizonte (PBH). Essa importante reuni\u00e3o \u00e9 promovida pela Comiss\u00e3o de Administra\u00e7\u00e3o P\u00fablica e Seguran\u00e7a P\u00fablica e se concentrar\u00e1 em avaliar e propor medidas que possam melhorar a condi\u00e7\u00e3o desses profissionais, que desempenham um papel fundamental na execu\u00e7\u00e3o de pol\u00edticas p\u00fablicas em diversas \u00e1reas, como sa\u00fade, assist\u00eancia social e esportes.<\/p>\n<h2>Quem S\u00e3o os Convidados?<\/h2>\n<p>Na lista de convidados para a audi\u00eancia est\u00e3o inclu\u00eddos v\u00e1rios servidores da categoria de analistas de pol\u00edticas p\u00fablicas, al\u00e9m de representantes de diferentes secretarias do Executivo municipal. Entre as autoridades convidadas est\u00e3o o prefeito \u00c1lvaro Dami\u00e3o, gestores das secretarias de Governo, Planejamento, Or\u00e7amento e Gest\u00e3o, al\u00e9m de representantes das secretarias de Assist\u00eancia Social, Direitos Humanos, Esportes e Lazer, Cultura e Seguran\u00e7a Alimentar e Nutricional. Tamb\u00e9m s\u00e3o esperados l\u00edderes sindicais e outros membros da categoria.<\/p>\n<h2>Import\u00e2ncia da Valoriza\u00e7\u00e3o Profissional<\/h2>\n<p>Valorizar os analistas de pol\u00edticas p\u00fablicas \u00e9 fundamental n\u00e3o apenas para reconhecer o trabalho deles, mas tamb\u00e9m para garantir a efic\u00e1cia das pol\u00edticas implementadas pela administra\u00e7\u00e3o p\u00fablica. Uma valoriza\u00e7\u00e3o adequada pode motivar esses profissionais a contribu\u00edrem mais efetivamente em suas respectivas \u00e1reas, estimulando a inova\u00e7\u00e3o e a busca por solu\u00e7\u00f5es que melhorem a qualidade de vida da popula\u00e7\u00e3o. A audi\u00eancia permitir\u00e1 que diversas vozes sejam ouvidas, o que pode resultar em propostas concretas para desenvolvimento da carreira destes servidores.<\/p>\n<p><img decoding=\"async\" src=\"https:\/\/www.encontrabelohorizonte.com.br\/sobre\/wp-content\/uploads\/valorizacao-de-analistas-de-politicas-publicas-da-pbh-em-pauta-na-quarta-18.webp\" alt=\"valoriza\u00e7\u00e3o de analistas de pol\u00edticas p\u00fablicas da PBH\" loading=\"lazy\" \/><\/p>\n<h2>Atividades dos Analistas de Pol\u00edticas P\u00fablicas<\/h2>\n<p>Os analistas de pol\u00edticas p\u00fablicas s\u00e3o respons\u00e1veis por diversas atividades essenciais, tais como:<\/p>\n<ul>\n<li><strong>Diagn\u00f3stico de Necessidades:<\/strong> Avaliar as demandas da sociedade para a formula\u00e7\u00e3o de pol\u00edticas eficazes.<\/li>\n<li><strong>Planejamento de Projetos:<\/strong> Elaborar planos e propostas para a implementa\u00e7\u00e3o de a\u00e7\u00f5es p\u00fablicas.<\/li>\n<li><strong>Implementa\u00e7\u00e3o de Pol\u00edticas:<\/strong> Acompanhar e coordenar a execu\u00e7\u00e3o de programas e servi\u00e7os.<\/li>\n<li><strong>Acompanhamento e Avalia\u00e7\u00e3o:<\/strong> Monitorar os resultados e impactos das pol\u00edticas implementadas.<\/li>\n<\/ul>\n<p>A atua\u00e7\u00e3o desses profissionais abrange diversas \u00e1reas e exige conhecimentos t\u00e9cnicos em administra\u00e7\u00e3o, finan\u00e7as e ci\u00eancias sociais, tornando sua valoriza\u00e7\u00e3o ainda mais necess\u00e1ria.<\/p>\n<h2>Planos de Carreira e Progress\u00e3o<\/h2>\n<p>O plano de carreira dos analistas de pol\u00edticas p\u00fablicas foi atualizado em 2022 e introduziu novas diretrizes para a progress\u00e3o profissional. Os servidores podem avan\u00e7ar na carreira atrav\u00e9s de m\u00e9ritos, onde s\u00e3o levados em considera\u00e7\u00e3o a escolaridade e a experi\u00eancia acumulada ao longo do tempo. Mudan\u00e7as recentes tamb\u00e9m redefiniram o perfil dos analistas que anteriormente atuavam em \u00e1reas como administra\u00e7\u00e3o e ci\u00eancias cont\u00e1beis, agora sendo designados como Analistas de Planejamento e Gest\u00e3o Governamental.<\/p>\n<h2>Mudan\u00e7as na Estrutura de Cargos<\/h2>\n<p>Recentemente, a estrutura de cargos na PBH passou por um processo de reavalia\u00e7\u00e3o e reestrutura\u00e7\u00e3o, com o intuito de otimizar as fun\u00e7\u00f5es e reconhecer a import\u00e2ncia dos profissionais que atuam como analistas de pol\u00edticas p\u00fablicas. Essa reestrutura\u00e7\u00e3o n\u00e3o apenas visa conferir maior clareza nas fun\u00e7\u00f5es, mas tamb\u00e9m busca garantir que os analistas possuam as ferramentas e os recursos necess\u00e1rios para desempenharem suas fun\u00e7\u00f5es com efici\u00eancia.<\/p>\n<h2>Impacto na Administra\u00e7\u00e3o P\u00fablica<\/h2>\n<p>A valoriza\u00e7\u00e3o dos analistas de pol\u00edticas p\u00fablicas tem implica\u00e7\u00f5es diretas na qualidade da administra\u00e7\u00e3o p\u00fablica. Profissionais motivados e reconhecidos tendem a apresentar melhores resultados na formula\u00e7\u00e3o e execu\u00e7\u00e3o de pol\u00edticas, o que reflete positivamente no atendimento \u00e0s necessidades da popula\u00e7\u00e3o. Portanto, a audi\u00eancia p\u00fablica n\u00e3o \u00e9 apenas um espa\u00e7o de discuss\u00e3o, mas uma oportunidade para que se construam pr\u00e1ticas que garantam um servi\u00e7o p\u00fablico de maior qualidade.<\/p>\n<h2>Participa\u00e7\u00e3o do Prefeito \u00c1lvaro Dami\u00e3o<\/h2>\n<p>O prefeito \u00c1lvaro Dami\u00e3o ser\u00e1 uma das figuras centrais na audi\u00eancia p\u00fablica, pois sua presen\u00e7a ressalta a import\u00e2ncia do di\u00e1logo entre a administra\u00e7\u00e3o e os servidores que formam a base da estrutura p\u00fablica. O envolvimento do prefeito \u00e9 crucial para que as propostas discutidas possam ser efetivamente implementadas, demonstrando a disposi\u00e7\u00e3o da administra\u00e7\u00e3o em ouvir as demandas dos analistas e agir para promover melhorias.<\/p>\n<h2>Transmiss\u00e3o ao Vivo da Reuni\u00e3o<\/h2>\n<p>A audi\u00eancia p\u00fablica ser\u00e1 acess\u00edvel ao p\u00fablico em geral atrav\u00e9s da transmiss\u00e3o ao vivo, permitindo que qualquer interessado acompanhe os debates. A oportunidade de participar ativamente \u2014 mesmo que apenas como espectador \u2014 \u00e9 importante para fomentar a transpar\u00eancia e o engajamento da sociedade nas quest\u00f5es p\u00fablicas. A transmiss\u00e3o poder\u00e1 ser assistida pelo portal da CMBH e no canal da C\u00e2mara Municipal no YouTube, garantindo que as vozes dos analistas de pol\u00edticas p\u00fablicas sejam ouvidas fora do espa\u00e7o f\u00edsico da audi\u00eancia.<\/p>\n<h2>Perspectivas Futuras para Servidores<\/h2>\n<p>O futuro dos analistas de pol\u00edticas p\u00fablicas na PBH depende n\u00e3o apenas das discuss\u00f5es que ocorrer\u00e3o na audi\u00eancia p\u00fablica, mas tamb\u00e9m da capacidade da administra\u00e7\u00e3o de implement\u00e1-las. Esta \u00e9 uma oportunidade de mudar a forma como os servidores s\u00e3o reconhecidos e valorizados, e as expectativas s\u00e3o de que a\u00e7\u00f5es concretas possam emergir desse di\u00e1logo. A participa\u00e7\u00e3o ativa dos analistas e da administra\u00e7\u00e3o na defini\u00e7\u00e3o de novas diretrizes pode levar a um ambiente de trabalho melhor e mais equitativo para todos.<\/p>\n\n<div style=\"font-size: 0px; height: 0px; line-height: 0px; margin: 0; padding: 0; clear: both;\"><\/div>","protected":false},"excerpt":{"rendered":"<p>Valoriza\u00e7\u00e3o de analistas de pol\u00edticas p\u00fablicas da PBH em pauta: tudo que voc\u00ea precisa saber.<\/p>\n","protected":false},"author":1,"featured_media":3808,"comment_status":"closed","ping_status":"closed","sticky":false,"template":"","format":"standard","meta":{"footnotes":""},"categories":[6],"tags":[],"class_list":["post-3809","post","type-post","status-publish","format-standard","has-post-thumbnail","hentry","category-noticias","has_thumb"],"aioseo_notices":[],"aioseo_head":"\n\t\t<!-- All in One SEO 5.0.0.1 - aioseo.com -->\n\t<meta name=\"description\" content=\"Valoriza\u00e7\u00e3o de analistas de pol\u00edticas p\u00fablicas da PBH em pauta: tudo que voc\u00ea precisa saber.\" \/>\n\t<meta name=\"robots\" content=\"max-image-preview:large\" \/>\n\t<meta name=\"author\" content=\"Encontra Belo Horizonte\"\/>\n\t<link rel=\"canonical\" href=\"https:\/\/www.encontrabelohorizonte.com.br\/sobre\/valorizacao-de-analistas-de-politicas-publicas-da-pbh-em-pauta-na-quarta-18\/\" \/>\n\t<meta name=\"generator\" content=\"All in One SEO (AIOSEO) 5.0.0.1\" \/>\n\t\t<meta property=\"og:locale\" content=\"pt_BR\" \/>\n\t\t<meta property=\"og:site_name\" content=\"Encontra Belo Horizonte | Not\u00edcias, eventos, informa\u00e7\u00f5es e dicas da cidade de Belo Horizonte e regi\u00e3o\" \/>\n\t\t<meta property=\"og:type\" content=\"article\" \/>\n\t\t<meta property=\"og:title\" content=\"Valoriza\u00e7\u00e3o de analistas de pol\u00edticas p\u00fablicas da PBH em pauta na quarta (18) | Encontra Belo Horizonte\" \/>\n\t\t<meta property=\"og:description\" content=\"Valoriza\u00e7\u00e3o de analistas de pol\u00edticas p\u00fablicas da PBH em pauta: tudo que voc\u00ea precisa saber.\" \/>\n\t\t<meta property=\"og:url\" content=\"https:\/\/www.encontrabelohorizonte.com.br\/sobre\/valorizacao-de-analistas-de-politicas-publicas-da-pbh-em-pauta-na-quarta-18\/\" \/>\n\t\t<meta property=\"article:published_time\" content=\"2026-04-01T08:29:29+00:00\" \/>\n\t\t<meta property=\"article:modified_time\" content=\"2026-04-01T08:29:29+00:00\" \/>\n\t\t<meta name=\"twitter:card\" content=\"summary\" \/>\n\t\t<meta name=\"twitter:title\" content=\"Valoriza\u00e7\u00e3o de analistas de pol\u00edticas p\u00fablicas da PBH em pauta na quarta (18) | Encontra Belo Horizonte\" \/>\n\t\t<meta name=\"twitter:description\" content=\"Valoriza\u00e7\u00e3o de analistas de pol\u00edticas p\u00fablicas da PBH em pauta: tudo que voc\u00ea precisa saber.\" \/>\n\t\t<script type=\"application\/ld+json\" class=\"aioseo-schema\">\n\t\t\t{\"@context\":\"https:\\\/\\\/schema.org\",\"@graph\":[{\"@type\":\"Article\",\"@id\":\"https:\\\/\\\/www.encontrabelohorizonte.com.br\\\/sobre\\\/valorizacao-de-analistas-de-politicas-publicas-da-pbh-em-pauta-na-quarta-18\\\/#article\",\"name\":\"Valoriza\\u00e7\\u00e3o de analistas de pol\\u00edticas p\\u00fablicas da PBH em pauta na quarta (18) | Encontra Belo Horizonte\",\"headline\":\"Valoriza\\u00e7\\u00e3o de analistas de pol\\u00edticas p\\u00fablicas da PBH em pauta na quarta (18)\",\"author\":{\"@id\":\"https:\\\/\\\/www.encontrabelohorizonte.com.br\\\/sobre\\\/author\\\/ebelohorizonte\\\/#author\"},\"publisher\":{\"@id\":\"https:\\\/\\\/www.encontrabelohorizonte.com.br\\\/sobre\\\/#organization\"},\"image\":{\"@type\":\"ImageObject\",\"url\":\"https:\\\/\\\/www.encontrabelohorizonte.com.br\\\/sobre\\\/wp-content\\\/uploads\\\/valorizacao-de-analistas-de-politicas-publicas-da-pbh-em-pauta-na-quarta-18.webp\",\"width\":280,\"height\":280,\"caption\":\"valoriza\\u00e7\\u00e3o de analistas de pol\\u00edticas p\\u00fablicas da PBH\"},\"datePublished\":\"2026-04-01T05:29:29-03:00\",\"dateModified\":\"2026-04-01T05:29:29-03:00\",\"inLanguage\":\"pt-BR\",\"mainEntityOfPage\":{\"@id\":\"https:\\\/\\\/www.encontrabelohorizonte.com.br\\\/sobre\\\/valorizacao-de-analistas-de-politicas-publicas-da-pbh-em-pauta-na-quarta-18\\\/#webpage\"},\"isPartOf\":{\"@id\":\"https:\\\/\\\/www.encontrabelohorizonte.com.br\\\/sobre\\\/valorizacao-de-analistas-de-politicas-publicas-da-pbh-em-pauta-na-quarta-18\\\/#webpage\"},\"articleSection\":\"Not\\u00edcias Belo Horizonte\"},{\"@type\":\"BreadcrumbList\",\"@id\":\"https:\\\/\\\/www.encontrabelohorizonte.com.br\\\/sobre\\\/valorizacao-de-analistas-de-politicas-publicas-da-pbh-em-pauta-na-quarta-18\\\/#breadcrumblist\",\"itemListElement\":[{\"@type\":\"ListItem\",\"@id\":\"https:\\\/\\\/www.encontrabelohorizonte.com.br\\\/sobre#listItem\",\"position\":1,\"name\":\"In\\u00edcio\",\"item\":\"https:\\\/\\\/www.encontrabelohorizonte.com.br\\\/sobre\",\"nextItem\":{\"@type\":\"ListItem\",\"@id\":\"https:\\\/\\\/www.encontrabelohorizonte.com.br\\\/sobre\\\/noticias\\\/#listItem\",\"name\":\"Not\\u00edcias Belo Horizonte\"}},{\"@type\":\"ListItem\",\"@id\":\"https:\\\/\\\/www.encontrabelohorizonte.com.br\\\/sobre\\\/noticias\\\/#listItem\",\"position\":2,\"name\":\"Not\\u00edcias Belo Horizonte\",\"item\":\"https:\\\/\\\/www.encontrabelohorizonte.com.br\\\/sobre\\\/noticias\\\/\",\"nextItem\":{\"@type\":\"ListItem\",\"@id\":\"https:\\\/\\\/www.encontrabelohorizonte.com.br\\\/sobre\\\/valorizacao-de-analistas-de-politicas-publicas-da-pbh-em-pauta-na-quarta-18\\\/#listItem\",\"name\":\"Valoriza\\u00e7\\u00e3o de analistas de pol\\u00edticas p\\u00fablicas da PBH em pauta na quarta (18)\"},\"previousItem\":{\"@type\":\"ListItem\",\"@id\":\"https:\\\/\\\/www.encontrabelohorizonte.com.br\\\/sobre#listItem\",\"name\":\"In\\u00edcio\"}},{\"@type\":\"ListItem\",\"@id\":\"https:\\\/\\\/www.encontrabelohorizonte.com.br\\\/sobre\\\/valorizacao-de-analistas-de-politicas-publicas-da-pbh-em-pauta-na-quarta-18\\\/#listItem\",\"position\":3,\"name\":\"Valoriza\\u00e7\\u00e3o de analistas de pol\\u00edticas p\\u00fablicas da PBH em pauta na quarta (18)\",\"previousItem\":{\"@type\":\"ListItem\",\"@id\":\"https:\\\/\\\/www.encontrabelohorizonte.com.br\\\/sobre\\\/noticias\\\/#listItem\",\"name\":\"Not\\u00edcias Belo Horizonte\"}}]},{\"@type\":\"Organization\",\"@id\":\"https:\\\/\\\/www.encontrabelohorizonte.com.br\\\/sobre\\\/#organization\",\"name\":\"Encontra Belo Horizonte\",\"description\":\"Not\\u00edcias, eventos, informa\\u00e7\\u00f5es e dicas da cidade de Belo Horizonte e regi\\u00e3o\",\"url\":\"https:\\\/\\\/www.encontrabelohorizonte.com.br\\\/sobre\\\/\"},{\"@type\":\"Person\",\"@id\":\"https:\\\/\\\/www.encontrabelohorizonte.com.br\\\/sobre\\\/author\\\/ebelohorizonte\\\/#author\",\"url\":\"https:\\\/\\\/www.encontrabelohorizonte.com.br\\\/sobre\\\/author\\\/ebelohorizonte\\\/\",\"name\":\"Encontra Belo Horizonte\",\"image\":{\"@type\":\"ImageObject\",\"@id\":\"https:\\\/\\\/www.encontrabelohorizonte.com.br\\\/sobre\\\/valorizacao-de-analistas-de-politicas-publicas-da-pbh-em-pauta-na-quarta-18\\\/#authorImage\",\"url\":\"https:\\\/\\\/secure.gravatar.com\\\/avatar\\\/507340682b8270222e1f208e23198b6ae7e2c6a1033ae84e99bc6bce4f82a387?s=96&d=mm&r=g\",\"width\":96,\"height\":96,\"caption\":\"Encontra Belo Horizonte\"}},{\"@type\":\"WebPage\",\"@id\":\"https:\\\/\\\/www.encontrabelohorizonte.com.br\\\/sobre\\\/valorizacao-de-analistas-de-politicas-publicas-da-pbh-em-pauta-na-quarta-18\\\/#webpage\",\"url\":\"https:\\\/\\\/www.encontrabelohorizonte.com.br\\\/sobre\\\/valorizacao-de-analistas-de-politicas-publicas-da-pbh-em-pauta-na-quarta-18\\\/\",\"name\":\"Valoriza\\u00e7\\u00e3o de analistas de pol\\u00edticas p\\u00fablicas da PBH em pauta na quarta (18) | Encontra Belo Horizonte\",\"description\":\"Valoriza\\u00e7\\u00e3o de analistas de pol\\u00edticas p\\u00fablicas da PBH em pauta: tudo que voc\\u00ea precisa saber.\",\"inLanguage\":\"pt-BR\",\"isPartOf\":{\"@id\":\"https:\\\/\\\/www.encontrabelohorizonte.com.br\\\/sobre\\\/#website\"},\"breadcrumb\":{\"@id\":\"https:\\\/\\\/www.encontrabelohorizonte.com.br\\\/sobre\\\/valorizacao-de-analistas-de-politicas-publicas-da-pbh-em-pauta-na-quarta-18\\\/#breadcrumblist\"},\"author\":{\"@id\":\"https:\\\/\\\/www.encontrabelohorizonte.com.br\\\/sobre\\\/author\\\/ebelohorizonte\\\/#author\"},\"creator\":{\"@id\":\"https:\\\/\\\/www.encontrabelohorizonte.com.br\\\/sobre\\\/author\\\/ebelohorizonte\\\/#author\"},\"image\":{\"@type\":\"ImageObject\",\"url\":\"https:\\\/\\\/www.encontrabelohorizonte.com.br\\\/sobre\\\/wp-content\\\/uploads\\\/valorizacao-de-analistas-de-politicas-publicas-da-pbh-em-pauta-na-quarta-18.webp\",\"@id\":\"https:\\\/\\\/www.encontrabelohorizonte.com.br\\\/sobre\\\/valorizacao-de-analistas-de-politicas-publicas-da-pbh-em-pauta-na-quarta-18\\\/#mainImage\",\"width\":280,\"height\":280,\"caption\":\"valoriza\\u00e7\\u00e3o de analistas de pol\\u00edticas p\\u00fablicas da PBH\"},\"primaryImageOfPage\":{\"@id\":\"https:\\\/\\\/www.encontrabelohorizonte.com.br\\\/sobre\\\/valorizacao-de-analistas-de-politicas-publicas-da-pbh-em-pauta-na-quarta-18\\\/#mainImage\"},\"datePublished\":\"2026-04-01T05:29:29-03:00\",\"dateModified\":\"2026-04-01T05:29:29-03:00\"},{\"@type\":\"WebSite\",\"@id\":\"https:\\\/\\\/www.encontrabelohorizonte.com.br\\\/sobre\\\/#website\",\"url\":\"https:\\\/\\\/www.encontrabelohorizonte.com.br\\\/sobre\\\/\",\"name\":\"Encontra Belo Horizonte\",\"description\":\"Not\\u00edcias, eventos, informa\\u00e7\\u00f5es e dicas da cidade de Belo Horizonte e regi\\u00e3o\",\"inLanguage\":\"pt-BR\",\"publisher\":{\"@id\":\"https:\\\/\\\/www.encontrabelohorizonte.com.br\\\/sobre\\\/#organization\"}}]}\n\t\t<\/script>\n\t\t<!-- All in One SEO -->\n\n","aioseo_head_json":{"title":"Valoriza\u00e7\u00e3o de analistas de pol\u00edticas p\u00fablicas da PBH em pauta na quarta (18) | Encontra Belo Horizonte","description":"Valoriza\u00e7\u00e3o de analistas de pol\u00edticas p\u00fablicas da PBH em pauta: tudo que voc\u00ea precisa saber.","canonical_url":"https:\/\/www.encontrabelohorizonte.com.br\/sobre\/valorizacao-de-analistas-de-politicas-publicas-da-pbh-em-pauta-na-quarta-18\/","robots":"max-image-preview:large","keywords":"","webmasterTools":{"miscellaneous":""},"schema":{"@context":"https:\/\/schema.org","@graph":[{"@type":"Article","@id":"https:\/\/www.encontrabelohorizonte.com.br\/sobre\/valorizacao-de-analistas-de-politicas-publicas-da-pbh-em-pauta-na-quarta-18\/#article","name":"Valoriza\u00e7\u00e3o de analistas de pol\u00edticas p\u00fablicas da PBH em pauta na quarta (18) | Encontra Belo Horizonte","headline":"Valoriza\u00e7\u00e3o de analistas de pol\u00edticas p\u00fablicas da PBH em pauta na quarta (18)","author":{"@id":"https:\/\/www.encontrabelohorizonte.com.br\/sobre\/author\/ebelohorizonte\/#author"},"publisher":{"@id":"https:\/\/www.encontrabelohorizonte.com.br\/sobre\/#organization"},"image":{"@type":"ImageObject","url":"https:\/\/www.encontrabelohorizonte.com.br\/sobre\/wp-content\/uploads\/valorizacao-de-analistas-de-politicas-publicas-da-pbh-em-pauta-na-quarta-18.webp","width":280,"height":280,"caption":"valoriza\u00e7\u00e3o de analistas de pol\u00edticas p\u00fablicas da PBH"},"datePublished":"2026-04-01T05:29:29-03:00","dateModified":"2026-04-01T05:29:29-03:00","inLanguage":"pt-BR","mainEntityOfPage":{"@id":"https:\/\/www.encontrabelohorizonte.com.br\/sobre\/valorizacao-de-analistas-de-politicas-publicas-da-pbh-em-pauta-na-quarta-18\/#webpage"},"isPartOf":{"@id":"https:\/\/www.encontrabelohorizonte.com.br\/sobre\/valorizacao-de-analistas-de-politicas-publicas-da-pbh-em-pauta-na-quarta-18\/#webpage"},"articleSection":"Not\u00edcias Belo Horizonte"},{"@type":"BreadcrumbList","@id":"https:\/\/www.encontrabelohorizonte.com.br\/sobre\/valorizacao-de-analistas-de-politicas-publicas-da-pbh-em-pauta-na-quarta-18\/#breadcrumblist","itemListElement":[{"@type":"ListItem","@id":"https:\/\/www.encontrabelohorizonte.com.br\/sobre#listItem","position":1,"name":"In\u00edcio","item":"https:\/\/www.encontrabelohorizonte.com.br\/sobre","nextItem":{"@type":"ListItem","@id":"https:\/\/www.encontrabelohorizonte.com.br\/sobre\/noticias\/#listItem","name":"Not\u00edcias Belo Horizonte"}},{"@type":"ListItem","@id":"https:\/\/www.encontrabelohorizonte.com.br\/sobre\/noticias\/#listItem","position":2,"name":"Not\u00edcias Belo Horizonte","item":"https:\/\/www.encontrabelohorizonte.com.br\/sobre\/noticias\/","nextItem":{"@type":"ListItem","@id":"https:\/\/www.encontrabelohorizonte.com.br\/sobre\/valorizacao-de-analistas-de-politicas-publicas-da-pbh-em-pauta-na-quarta-18\/#listItem","name":"Valoriza\u00e7\u00e3o de analistas de pol\u00edticas p\u00fablicas da PBH em pauta na quarta (18)"},"previousItem":{"@type":"ListItem","@id":"https:\/\/www.encontrabelohorizonte.com.br\/sobre#listItem","name":"In\u00edcio"}},{"@type":"ListItem","@id":"https:\/\/www.encontrabelohorizonte.com.br\/sobre\/valorizacao-de-analistas-de-politicas-publicas-da-pbh-em-pauta-na-quarta-18\/#listItem","position":3,"name":"Valoriza\u00e7\u00e3o de analistas de pol\u00edticas p\u00fablicas da PBH em pauta na quarta (18)","previousItem":{"@type":"ListItem","@id":"https:\/\/www.encontrabelohorizonte.com.br\/sobre\/noticias\/#listItem","name":"Not\u00edcias Belo Horizonte"}}]},{"@type":"Organization","@id":"https:\/\/www.encontrabelohorizonte.com.br\/sobre\/#organization","name":"Encontra Belo Horizonte","description":"Not\u00edcias, eventos, informa\u00e7\u00f5es e dicas da cidade de Belo Horizonte e regi\u00e3o","url":"https:\/\/www.encontrabelohorizonte.com.br\/sobre\/"},{"@type":"Person","@id":"https:\/\/www.encontrabelohorizonte.com.br\/sobre\/author\/ebelohorizonte\/#author","url":"https:\/\/www.encontrabelohorizonte.com.br\/sobre\/author\/ebelohorizonte\/","name":"Encontra Belo Horizonte","image":{"@type":"ImageObject","@id":"https:\/\/www.encontrabelohorizonte.com.br\/sobre\/valorizacao-de-analistas-de-politicas-publicas-da-pbh-em-pauta-na-quarta-18\/#authorImage","url":"https:\/\/secure.gravatar.com\/avatar\/507340682b8270222e1f208e23198b6ae7e2c6a1033ae84e99bc6bce4f82a387?s=96&d=mm&r=g","width":96,"height":96,"caption":"Encontra Belo Horizonte"}},{"@type":"WebPage","@id":"https:\/\/www.encontrabelohorizonte.com.br\/sobre\/valorizacao-de-analistas-de-politicas-publicas-da-pbh-em-pauta-na-quarta-18\/#webpage","url":"https:\/\/www.encontrabelohorizonte.com.br\/sobre\/valorizacao-de-analistas-de-politicas-publicas-da-pbh-em-pauta-na-quarta-18\/","name":"Valoriza\u00e7\u00e3o de analistas de pol\u00edticas p\u00fablicas da PBH em pauta na quarta (18) | Encontra Belo Horizonte","description":"Valoriza\u00e7\u00e3o de analistas de pol\u00edticas p\u00fablicas da PBH em pauta: tudo que voc\u00ea precisa saber.","inLanguage":"pt-BR","isPartOf":{"@id":"https:\/\/www.encontrabelohorizonte.com.br\/sobre\/#website"},"breadcrumb":{"@id":"https:\/\/www.encontrabelohorizonte.com.br\/sobre\/valorizacao-de-analistas-de-politicas-publicas-da-pbh-em-pauta-na-quarta-18\/#breadcrumblist"},"author":{"@id":"https:\/\/www.encontrabelohorizonte.com.br\/sobre\/author\/ebelohorizonte\/#author"},"creator":{"@id":"https:\/\/www.encontrabelohorizonte.com.br\/sobre\/author\/ebelohorizonte\/#author"},"image":{"@type":"ImageObject","url":"https:\/\/www.encontrabelohorizonte.com.br\/sobre\/wp-content\/uploads\/valorizacao-de-analistas-de-politicas-publicas-da-pbh-em-pauta-na-quarta-18.webp","@id":"https:\/\/www.encontrabelohorizonte.com.br\/sobre\/valorizacao-de-analistas-de-politicas-publicas-da-pbh-em-pauta-na-quarta-18\/#mainImage","width":280,"height":280,"caption":"valoriza\u00e7\u00e3o de analistas de pol\u00edticas p\u00fablicas da PBH"},"primaryImageOfPage":{"@id":"https:\/\/www.encontrabelohorizonte.com.br\/sobre\/valorizacao-de-analistas-de-politicas-publicas-da-pbh-em-pauta-na-quarta-18\/#mainImage"},"datePublished":"2026-04-01T05:29:29-03:00","dateModified":"2026-04-01T05:29:29-03:00"},{"@type":"WebSite","@id":"https:\/\/www.encontrabelohorizonte.com.br\/sobre\/#website","url":"https:\/\/www.encontrabelohorizonte.com.br\/sobre\/","name":"Encontra Belo Horizonte","description":"Not\u00edcias, eventos, informa\u00e7\u00f5es e dicas da cidade de Belo Horizonte e regi\u00e3o","inLanguage":"pt-BR","publisher":{"@id":"https:\/\/www.encontrabelohorizonte.com.br\/sobre\/#organization"}}]},"og:locale":"pt_BR","og:site_name":"Encontra Belo Horizonte | Not\u00edcias, eventos, informa\u00e7\u00f5es e dicas da cidade de Belo Horizonte e regi\u00e3o","og:type":"article","og:title":"Valoriza\u00e7\u00e3o de analistas de pol\u00edticas p\u00fablicas da PBH em pauta na quarta (18) | Encontra Belo Horizonte","og:description":"Valoriza\u00e7\u00e3o de analistas de pol\u00edticas p\u00fablicas da PBH em pauta: tudo que voc\u00ea precisa saber.","og:url":"https:\/\/www.encontrabelohorizonte.com.br\/sobre\/valorizacao-de-analistas-de-politicas-publicas-da-pbh-em-pauta-na-quarta-18\/","article:published_time":"2026-04-01T08:29:29+00:00","article:modified_time":"2026-04-01T08:29:29+00:00","twitter:card":"summary","twitter:title":"Valoriza\u00e7\u00e3o de analistas de pol\u00edticas p\u00fablicas da PBH em pauta na quarta (18) | Encontra Belo Horizonte","twitter:description":"Valoriza\u00e7\u00e3o de analistas de pol\u00edticas p\u00fablicas da PBH em pauta: tudo que voc\u00ea precisa saber."},"aioseo_meta_data":{"post_id":"3809","title":null,"description":null,"keywords":null,"keyphrases":null,"primary_term":null,"canonical_url":null,"og_title":null,"og_description":null,"og_object_type":"default","og_image_type":"default","og_image_url":null,"og_image_width":null,"og_image_height":null,"og_image_custom_url":null,"og_image_custom_fields":null,"og_video":null,"og_custom_url":null,"og_article_section":null,"og_article_tags":null,"twitter_use_og":false,"twitter_card":"default","twitter_image_type":"default","twitter_image_url":null,"twitter_image_custom_url":null,"twitter_image_custom_fields":null,"twitter_title":null,"twitter_description":null,"schema":{"blockGraphs":[],"customGraphs":[],"default":{"data":{"Article":[],"Course":[],"Dataset":[],"FAQPage":[],"Movie":[],"Person":[],"Product":[],"ProductReview":[],"Car":[],"Recipe":[],"Service":[],"SoftwareApplication":[],"WebPage":[]},"graphName":"Article","isEnabled":true},"graphs":[]},"schema_type":"default","schema_type_options":null,"pillar_content":false,"robots_default":true,"robots_noindex":false,"robots_noarchive":false,"robots_nosnippet":false,"robots_nofollow":false,"robots_noimageindex":false,"robots_noodp":false,"robots_notranslate":false,"robots_max_snippet":null,"robots_max_videopreview":null,"robots_max_imagepreview":"large","priority":null,"frequency":null,"local_seo":null,"breadcrumb_settings":null,"limit_modified_date":false,"ai":null,"created":"2026-04-01 08:29:31","updated":"2026-04-01 08:50:30","focus_keyword":null,"additional_keywords":null,"truseo_locale":null,"seo_analyzer_scan_date":null},"aioseo_breadcrumb":"<div class=\"aioseo-breadcrumbs\"><span class=\"aioseo-breadcrumb\">\n\t\t\t<a href=\"https:\/\/www.encontrabelohorizonte.com.br\/sobre\" title=\"In\u00edcio\">In\u00edcio<\/a>\n\t\t<\/span><span class=\"aioseo-breadcrumb-separator\">&raquo;<\/span><span class=\"aioseo-breadcrumb\">\n\t\t\t<a href=\"https:\/\/www.encontrabelohorizonte.com.br\/sobre\/noticias\/\" title=\"Not\u00edcias Belo Horizonte\">Not\u00edcias Belo Horizonte<\/a>\n\t\t<\/span><span class=\"aioseo-breadcrumb-separator\">&raquo;<\/span><span class=\"aioseo-breadcrumb\">\n\t\t\tValoriza\u00e7\u00e3o de analistas de pol\u00edticas p\u00fablicas da PBH em pauta na quarta (18)\n\t\t<\/span><\/div>","aioseo_breadcrumb_json":[{"label":"In\u00edcio","link":"https:\/\/www.encontrabelohorizonte.com.br\/sobre"},{"label":"Not\u00edcias Belo Horizonte","link":"https:\/\/www.encontrabelohorizonte.com.br\/sobre\/noticias\/"},{"label":"Valoriza\u00e7\u00e3o de analistas de pol\u00edticas p\u00fablicas da PBH em pauta na quarta (18)","link":"https:\/\/www.encontrabelohorizonte.com.br\/sobre\/valorizacao-de-analistas-de-politicas-publicas-da-pbh-em-pauta-na-quarta-18\/"}],"_links":{"self":[{"href":"https:\/\/www.encontrabelohorizonte.com.br\/sobre\/wp-json\/wp\/v2\/posts\/3809","targetHints":{"allow":["GET"]}}],"collection":[{"href":"https:\/\/www.encontrabelohorizonte.com.br\/sobre\/wp-json\/wp\/v2\/posts"}],"about":[{"href":"https:\/\/www.encontrabelohorizonte.com.br\/sobre\/wp-json\/wp\/v2\/types\/post"}],"author":[{"embeddable":true,"href":"https:\/\/www.encontrabelohorizonte.com.br\/sobre\/wp-json\/wp\/v2\/users\/1"}],"replies":[{"embeddable":true,"href":"https:\/\/www.encontrabelohorizonte.com.br\/sobre\/wp-json\/wp\/v2\/comments?post=3809"}],"version-history":[{"count":0,"href":"https:\/\/www.encontrabelohorizonte.com.br\/sobre\/wp-json\/wp\/v2\/posts\/3809\/revisions"}],"wp:featuredmedia":[{"embeddable":true,"href":"https:\/\/www.encontrabelohorizonte.com.br\/sobre\/wp-json\/wp\/v2\/media\/3808"}],"wp:attachment":[{"href":"https:\/\/www.encontrabelohorizonte.com.br\/sobre\/wp-json\/wp\/v2\/media?parent=3809"}],"wp:term":[{"taxonomy":"category","embeddable":true,"href":"https:\/\/www.encontrabelohorizonte.com.br\/sobre\/wp-json\/wp\/v2\/categories?post=3809"},{"taxonomy":"post_tag","embeddable":true,"href":"https:\/\/www.encontrabelohorizonte.com.br\/sobre\/wp-json\/wp\/v2\/tags?post=3809"}],"curies":[{"name":"wp","href":"https:\/\/api.w.org\/{rel}","templated":true}]}}