{"id":3827,"date":"2026-04-04T05:30:03","date_gmt":"2026-04-04T08:30:03","guid":{"rendered":"https:\/\/www.encontrabelohorizonte.com.br\/sobre\/semana-sera-marcada-por-chuvas-intensas-em-belo-horizonte\/"},"modified":"2026-04-04T05:30:03","modified_gmt":"2026-04-04T08:30:03","slug":"semana-sera-marcada-por-chuvas-intensas-em-belo-horizonte","status":"publish","type":"post","link":"https:\/\/www.encontrabelohorizonte.com.br\/sobre\/semana-sera-marcada-por-chuvas-intensas-em-belo-horizonte\/","title":{"rendered":"Semana ser\u00e1 marcada por chuvas intensas em Belo Horizonte"},"content":{"rendered":"<div class=\"2e083cf0b19e2c11948dc6ac054ba979\" data-index=\"1\" style=\"float: none; margin:0px;\">\n<!-- Anuncio display - global -->\r\n<ins class=\"adsbygoogle\"\r\n     style=\"display:block\"\r\n     data-ad-client=\"ca-pub-8585364105181520\"\r\n     data-ad-slot=\"8789329856\"\r\n     data-ad-format=\"auto\"\r\n     data-full-width-responsive=\"true\"><\/ins>\r\n<script>\r\n     (adsbygoogle = window.adsbygoogle || []).push({});\r\n<\/script>\n<\/div>\n<h2>Condi\u00e7\u00f5es Clim\u00e1ticas em Belo Horizonte<\/h2>\n<p>A capital de Minas Gerais se prepare para uma semana de intenso volume de chuvas, com um panorama chuvoso se estendendo entre os dias 9 e 15 de mar\u00e7o de 2026. Durante esse per\u00edodo, a probabilidade de precipita\u00e7\u00e3o \u00e9 total, alcan\u00e7ando 100% em todos os dias.<\/p>\n<p>As chuvas esperadas podem variar entre moderadas a fortes, em conjunto com uma elevada umidade no ar. As temperaturas durante essa semana est\u00e3o planejadas para oscilar entre 18\u00b0C e 30\u00b0C, criando um ambiente bastante \u00famido e potencialmente desconfort\u00e1vel.<\/p>\n<h2>Temperatura nos Pr\u00f3ximos Dias<\/h2>\n<p>A previs\u00e3o para a temperatura de Belo Horizonte nos pr\u00f3ximos dias \u00e9 a seguinte:<\/p>\n<p><img decoding=\"async\" src=\"https:\/\/www.encontrabelohorizonte.com.br\/sobre\/wp-content\/uploads\/semana-sera-marcada-por-chuvas-intensas-em-belo-horizonte.webp\" alt=\"chuvas intensas em Belo Horizonte\" loading=\"lazy\" \/><\/p>\n<ul>\n<li><strong>09 de mar\u00e7o (segunda-feira):<\/strong> m\u00ednima de 20\u00b0C, m\u00e1xima de 30\u00b0C<\/li>\n<li><strong>10 de mar\u00e7o (ter\u00e7a-feira):<\/strong> m\u00ednima de 19\u00b0C, m\u00e1xima de 25\u00b0C<\/li>\n<li><strong>11 de mar\u00e7o (quarta-feira):<\/strong> m\u00ednima de 19\u00b0C, m\u00e1xima de 24\u00b0C<\/li>\n<li><strong>12 de mar\u00e7o (quinta-feira):<\/strong> m\u00ednima de 19\u00b0C, m\u00e1xima de 24\u00b0C<\/li>\n<li><strong>13 de mar\u00e7o (sexta-feira):<\/strong> m\u00ednima de 19\u00b0C, m\u00e1xima de 23\u00b0C<\/li>\n<li><strong>14 de mar\u00e7o (s\u00e1bado):<\/strong> m\u00ednima de 18\u00b0C, m\u00e1xima de 24\u00b0C<\/li>\n<li><strong>15 de mar\u00e7o (domingo):<\/strong> m\u00ednima de 19\u00b0C, m\u00e1xima de 24\u00b0C<\/li>\n<\/ul>\n<h2>Expectativa de Precipita\u00e7\u00e3o Di\u00e1ria<\/h2>\n<h3>Segunda-feira, 09 de mar\u00e7o<\/h3>\n<p>O dia iniciar\u00e1 com previs\u00e3o de chuva moderada, que dever\u00e1 acumular cerca de 22,3 mm. A temperatura m\u00e1xima prevista \u00e9 de 30\u00b0C, mas a sensa\u00e7\u00e3o t\u00e9rmica pode ultrapassar os 35\u00b0C, especialmente \u00e0 tarde. A umidade relativa do ar est\u00e1 prevista para ser de 76% e os ventos a 2 m\/s.<\/p>\n<h3>Ter\u00e7a-feira, 10 de mar\u00e7o<\/h3>\n<p>Na ter\u00e7a, a expectativa passa a ser de um total de chuva acumulada de 21,7 mm. As temperaturas variam entre 19\u00b0C e 25\u00b0C, com uma sensa\u00e7\u00e3o t\u00e9rmica m\u00e1xima sendo de 24\u00b0C. A umidade do ar aumentar\u00e1 para 82%, e os ventos dever\u00e3o soprar a 2,6 m\/s.<\/p>\n<h3>Quarta-feira, 11 de mar\u00e7o<\/h3>\n<p>O padr\u00e3o de chuvas moderadas continua na quarta-feira, com um volume previsto de 15,6 mm. A temperatura se manter\u00e1 entre 19\u00b0C e 24\u00b0C, e a umidade relativa do ar poder\u00e1 alcan\u00e7ar 87% com ventos a 2,9 m\/s.<\/p>\n<h3>Quinta-feira, 12 de mar\u00e7o<\/h3>\n<p>Na quinta-feira, a previs\u00e3o aponta para o maior volume de chuva da semana, totalizando 43 mm. As temperaturas oscilam entre 19\u00b0C e 24\u00b0C, com a umidade do ar se mantendo elevada em 87% e ventos a 2,2 m\/s.<\/p>\n<h3>Repasse do Clima para Sexta-feira, 13 de mar\u00e7o<\/h3>\n<p>A sexta-feira contar\u00e1 com chuvas moderadas com volume aproximado de 15,2 mm. As temperaturas estar\u00e3o entre 19\u00b0C e 23\u00b0C, com um n\u00edvel de umidade de 98% e ventos a 2 m\/s.<\/p>\n<h3>Clima Esperado para S\u00e1bado, 14 de mar\u00e7o<\/h3>\n<p>No s\u00e1bado, a chuva dever\u00e1 perder um pouco de intensidade, prevendo-se apenas 3 mm. A temperatura permanece na faixa de 18\u00b0C a 24\u00b0C, e a umidade do ar cair\u00e1 para 80% com ventos subindo para 3,4 m\/s.<\/p>\n<h3>Domingo, 15 de mar\u00e7o<\/h3>\n<p>O \u00faltimo dia da semana trar\u00e1 chuvas moderadas com 25,6 mm previstos. As temperaturas est\u00e3o projetadas para variar entre 19\u00b0C e 24\u00b0C, enquanto a umidade do ar se manter\u00e1 em 84% e ventos atingindo 2,8 m\/s.<\/p>\n<h2>Impactos e Recomenda\u00e7\u00f5es<\/h2>\n<h3>Impacto das Chuvas no Transporte P\u00fablico<\/h3>\n<p>Com a previs\u00e3o de chuvas constantes, \u00e9 crucial que os moradores de Belo Horizonte considerem os poss\u00edveis efeitos nas opera\u00e7\u00f5es de transporte p\u00fablico. As chuvas intensas podem causar alagamentos e atrasos nas linhas de \u00f4nibus, trens e metr\u00f4s.<\/p>\n<h3>Seguran\u00e7a em Dias de Tempestades<\/h3>\n<p>Em caso de tempestades, recomenda-se:<\/p>\n<ul>\n<li>Evitar se deslocar desnecessariamente e buscar abrigo em locais seguros.<\/li>\n<li>Desconectar aparelhos eletr\u00f4nicos para evitar danos por descarga el\u00e9trica.<\/li>\n<li>Manter bateria dos celulares carregada e ter lanternas dispon\u00edveis.<\/li>\n<li>Ficar atento \u00e0s informa\u00e7\u00f5es meteorol\u00f3gicas e seguir orienta\u00e7\u00f5es de \u00f3rg\u00e3os oficiais.<\/li>\n<\/ul>\n<h3>A Import\u00e2ncia da Hidrata\u00e7\u00e3o Durante Dias Chuvosos<\/h3>\n<p>A hidrata\u00e7\u00e3o n\u00e3o deve ser negligenciada mesmo em per\u00edodos chuvosos. Ao contr\u00e1rio do que se pode pensar, o corpo continua a perder l\u00edquidos com a umidade elevada, tornando necess\u00e1rio o consumo adequado de \u00e1gua para garantir bem-estar e sa\u00fade.<\/p>\n<h3>O que Fazer em Casos de Alagamento<\/h3>\n<p>Se os moradores se depararem com situa\u00e7\u00f5es de alagamento, \u00e9 importante:<\/p>\n<ul>\n<li>Evitar atravessar \u00e1reas alagadas, mesmo a p\u00e9, pois a correnteza pode ser trai\u00e7oeira.<\/li>\n<li>Manter a calma e seguir as instru\u00e7\u00f5es de evacua\u00e7\u00e3o local, se necess\u00e1rio.<\/li>\n<li>Proteger itens importantes e documentos em locais elevados, de prefer\u00eancia em c\u00f4modos secos.<\/li>\n<\/ul>\n<h3>Efeitos das Chuvas na Fauna e Flora Local<\/h3>\n<p>As chuvas intensas tamb\u00e9m t\u00eam efeitos significativos sobre a fauna e flora da regi\u00e3o. Plantas bem adaptadas podem aproveitar o aumento da umidade, mas tamb\u00e9m correm o risco de encharcamento e doen\u00e7as. A fauna, por sua vez, pode alterar seus h\u00e1bitos alimentares e de nidifica\u00e7\u00e3o para se adaptar \u00e0s novas condi\u00e7\u00f5es.<\/p>\n<h3>Dicas para N\u00e3o Ser Pegos de Surpresa<\/h3>\n<p>Para se preparar melhor e evitar imprevistos, a popula\u00e7\u00e3o deve:<\/p>\n<ul>\n<li>Conferir as previs\u00f5es clim\u00e1ticas regularmente.<\/li>\n<li>Ter um kit de emerg\u00eancia pronto, incluindo medicamentos, lanternas e \u00e1gua pot\u00e1vel.<\/li>\n<li>Esclarecer com vizinhos ou em grupos comunit\u00e1rios sobre o que fazer em caso de crises.<\/li>\n<\/ul>\n<h3>Preparativos para a Semana<\/h3>\n<p>Ap\u00f3s revisar a previs\u00e3o, \u00e9 fundamental que as pessoas considerem o que levar em conta:<\/p>\n<ul>\n<li>Roupas adequadas para dias de chuva, incluindo capas e botas.<\/li>\n<li>Medidas para proteger documentos e equipamentos eletr\u00f4nicos.<\/li>\n<li>Rotas alternativas para deslocamento que evitem \u00e1reas de risco.<\/li>\n<\/ul>\n<h3>Opini\u00f5es de Especialistas<\/h3>\n<p>Segundo meteorologistas, o acompanhamento das condi\u00e7\u00f5es clim\u00e1ticas \u00e9 essencial. A comunica\u00e7\u00e3o eficaz entre os \u00f3rg\u00e3os de meteorologia e a popula\u00e7\u00e3o pode evitar perigos e garantir seguran\u00e7a, especialmente durante per\u00edodos chuvosos como este.<\/p>\n\n<div style=\"font-size: 0px; height: 0px; line-height: 0px; margin: 0; padding: 0; clear: both;\"><\/div>","protected":false},"excerpt":{"rendered":"<p>Chuva intensa em Belo Horizonte promete mudan\u00e7as dr\u00e1sticas no clima local.<\/p>\n","protected":false},"author":1,"featured_media":3826,"comment_status":"closed","ping_status":"closed","sticky":false,"template":"","format":"standard","meta":{"footnotes":""},"categories":[6],"tags":[],"class_list":["post-3827","post","type-post","status-publish","format-standard","has-post-thumbnail","hentry","category-noticias","has_thumb"],"aioseo_notices":[],"aioseo_head":"\n\t\t<!-- All in One SEO 5.0.0.1 - aioseo.com -->\n\t<meta name=\"description\" content=\"Chuva intensa em Belo Horizonte promete mudan\u00e7as dr\u00e1sticas no clima local.\" \/>\n\t<meta name=\"robots\" content=\"max-image-preview:large\" \/>\n\t<meta name=\"author\" content=\"Encontra Belo Horizonte\"\/>\n\t<link rel=\"canonical\" href=\"https:\/\/www.encontrabelohorizonte.com.br\/sobre\/semana-sera-marcada-por-chuvas-intensas-em-belo-horizonte\/\" \/>\n\t<meta name=\"generator\" content=\"All in One SEO (AIOSEO) 5.0.0.1\" \/>\n\t\t<meta property=\"og:locale\" content=\"pt_BR\" \/>\n\t\t<meta property=\"og:site_name\" content=\"Encontra Belo Horizonte | Not\u00edcias, eventos, informa\u00e7\u00f5es e dicas da cidade de Belo Horizonte e regi\u00e3o\" \/>\n\t\t<meta property=\"og:type\" content=\"article\" \/>\n\t\t<meta property=\"og:title\" content=\"Semana ser\u00e1 marcada por chuvas intensas em Belo Horizonte | Encontra Belo Horizonte\" \/>\n\t\t<meta property=\"og:description\" content=\"Chuva intensa em Belo Horizonte promete mudan\u00e7as dr\u00e1sticas no clima local.\" \/>\n\t\t<meta property=\"og:url\" content=\"https:\/\/www.encontrabelohorizonte.com.br\/sobre\/semana-sera-marcada-por-chuvas-intensas-em-belo-horizonte\/\" \/>\n\t\t<meta property=\"article:published_time\" content=\"2026-04-04T08:30:03+00:00\" \/>\n\t\t<meta property=\"article:modified_time\" content=\"2026-04-04T08:30:03+00:00\" \/>\n\t\t<meta name=\"twitter:card\" content=\"summary\" \/>\n\t\t<meta name=\"twitter:title\" content=\"Semana ser\u00e1 marcada por chuvas intensas em Belo Horizonte | Encontra Belo Horizonte\" \/>\n\t\t<meta name=\"twitter:description\" content=\"Chuva intensa em Belo Horizonte promete mudan\u00e7as dr\u00e1sticas no clima local.\" \/>\n\t\t<script type=\"application\/ld+json\" class=\"aioseo-schema\">\n\t\t\t{\"@context\":\"https:\\\/\\\/schema.org\",\"@graph\":[{\"@type\":\"Article\",\"@id\":\"https:\\\/\\\/www.encontrabelohorizonte.com.br\\\/sobre\\\/semana-sera-marcada-por-chuvas-intensas-em-belo-horizonte\\\/#article\",\"name\":\"Semana ser\\u00e1 marcada por chuvas intensas em Belo Horizonte | Encontra Belo Horizonte\",\"headline\":\"Semana ser\\u00e1 marcada por chuvas intensas em Belo Horizonte\",\"author\":{\"@id\":\"https:\\\/\\\/www.encontrabelohorizonte.com.br\\\/sobre\\\/author\\\/ebelohorizonte\\\/#author\"},\"publisher\":{\"@id\":\"https:\\\/\\\/www.encontrabelohorizonte.com.br\\\/sobre\\\/#organization\"},\"image\":{\"@type\":\"ImageObject\",\"url\":\"https:\\\/\\\/www.encontrabelohorizonte.com.br\\\/sobre\\\/wp-content\\\/uploads\\\/semana-sera-marcada-por-chuvas-intensas-em-belo-horizonte.webp\",\"width\":280,\"height\":280,\"caption\":\"chuvas intensas em Belo Horizonte\"},\"datePublished\":\"2026-04-04T05:30:03-03:00\",\"dateModified\":\"2026-04-04T05:30:03-03:00\",\"inLanguage\":\"pt-BR\",\"mainEntityOfPage\":{\"@id\":\"https:\\\/\\\/www.encontrabelohorizonte.com.br\\\/sobre\\\/semana-sera-marcada-por-chuvas-intensas-em-belo-horizonte\\\/#webpage\"},\"isPartOf\":{\"@id\":\"https:\\\/\\\/www.encontrabelohorizonte.com.br\\\/sobre\\\/semana-sera-marcada-por-chuvas-intensas-em-belo-horizonte\\\/#webpage\"},\"articleSection\":\"Not\\u00edcias Belo Horizonte\"},{\"@type\":\"BreadcrumbList\",\"@id\":\"https:\\\/\\\/www.encontrabelohorizonte.com.br\\\/sobre\\\/semana-sera-marcada-por-chuvas-intensas-em-belo-horizonte\\\/#breadcrumblist\",\"itemListElement\":[{\"@type\":\"ListItem\",\"@id\":\"https:\\\/\\\/www.encontrabelohorizonte.com.br\\\/sobre#listItem\",\"position\":1,\"name\":\"In\\u00edcio\",\"item\":\"https:\\\/\\\/www.encontrabelohorizonte.com.br\\\/sobre\",\"nextItem\":{\"@type\":\"ListItem\",\"@id\":\"https:\\\/\\\/www.encontrabelohorizonte.com.br\\\/sobre\\\/noticias\\\/#listItem\",\"name\":\"Not\\u00edcias Belo Horizonte\"}},{\"@type\":\"ListItem\",\"@id\":\"https:\\\/\\\/www.encontrabelohorizonte.com.br\\\/sobre\\\/noticias\\\/#listItem\",\"position\":2,\"name\":\"Not\\u00edcias Belo Horizonte\",\"item\":\"https:\\\/\\\/www.encontrabelohorizonte.com.br\\\/sobre\\\/noticias\\\/\",\"nextItem\":{\"@type\":\"ListItem\",\"@id\":\"https:\\\/\\\/www.encontrabelohorizonte.com.br\\\/sobre\\\/semana-sera-marcada-por-chuvas-intensas-em-belo-horizonte\\\/#listItem\",\"name\":\"Semana ser\\u00e1 marcada por chuvas intensas em Belo Horizonte\"},\"previousItem\":{\"@type\":\"ListItem\",\"@id\":\"https:\\\/\\\/www.encontrabelohorizonte.com.br\\\/sobre#listItem\",\"name\":\"In\\u00edcio\"}},{\"@type\":\"ListItem\",\"@id\":\"https:\\\/\\\/www.encontrabelohorizonte.com.br\\\/sobre\\\/semana-sera-marcada-por-chuvas-intensas-em-belo-horizonte\\\/#listItem\",\"position\":3,\"name\":\"Semana ser\\u00e1 marcada por chuvas intensas em Belo Horizonte\",\"previousItem\":{\"@type\":\"ListItem\",\"@id\":\"https:\\\/\\\/www.encontrabelohorizonte.com.br\\\/sobre\\\/noticias\\\/#listItem\",\"name\":\"Not\\u00edcias Belo Horizonte\"}}]},{\"@type\":\"Organization\",\"@id\":\"https:\\\/\\\/www.encontrabelohorizonte.com.br\\\/sobre\\\/#organization\",\"name\":\"Encontra Belo Horizonte\",\"description\":\"Not\\u00edcias, eventos, informa\\u00e7\\u00f5es e dicas da cidade de Belo Horizonte e regi\\u00e3o\",\"url\":\"https:\\\/\\\/www.encontrabelohorizonte.com.br\\\/sobre\\\/\"},{\"@type\":\"Person\",\"@id\":\"https:\\\/\\\/www.encontrabelohorizonte.com.br\\\/sobre\\\/author\\\/ebelohorizonte\\\/#author\",\"url\":\"https:\\\/\\\/www.encontrabelohorizonte.com.br\\\/sobre\\\/author\\\/ebelohorizonte\\\/\",\"name\":\"Encontra Belo Horizonte\",\"image\":{\"@type\":\"ImageObject\",\"@id\":\"https:\\\/\\\/www.encontrabelohorizonte.com.br\\\/sobre\\\/semana-sera-marcada-por-chuvas-intensas-em-belo-horizonte\\\/#authorImage\",\"url\":\"https:\\\/\\\/secure.gravatar.com\\\/avatar\\\/507340682b8270222e1f208e23198b6ae7e2c6a1033ae84e99bc6bce4f82a387?s=96&d=mm&r=g\",\"width\":96,\"height\":96,\"caption\":\"Encontra Belo Horizonte\"}},{\"@type\":\"WebPage\",\"@id\":\"https:\\\/\\\/www.encontrabelohorizonte.com.br\\\/sobre\\\/semana-sera-marcada-por-chuvas-intensas-em-belo-horizonte\\\/#webpage\",\"url\":\"https:\\\/\\\/www.encontrabelohorizonte.com.br\\\/sobre\\\/semana-sera-marcada-por-chuvas-intensas-em-belo-horizonte\\\/\",\"name\":\"Semana ser\\u00e1 marcada por chuvas intensas em Belo Horizonte | Encontra Belo Horizonte\",\"description\":\"Chuva intensa em Belo Horizonte promete mudan\\u00e7as dr\\u00e1sticas no clima local.\",\"inLanguage\":\"pt-BR\",\"isPartOf\":{\"@id\":\"https:\\\/\\\/www.encontrabelohorizonte.com.br\\\/sobre\\\/#website\"},\"breadcrumb\":{\"@id\":\"https:\\\/\\\/www.encontrabelohorizonte.com.br\\\/sobre\\\/semana-sera-marcada-por-chuvas-intensas-em-belo-horizonte\\\/#breadcrumblist\"},\"author\":{\"@id\":\"https:\\\/\\\/www.encontrabelohorizonte.com.br\\\/sobre\\\/author\\\/ebelohorizonte\\\/#author\"},\"creator\":{\"@id\":\"https:\\\/\\\/www.encontrabelohorizonte.com.br\\\/sobre\\\/author\\\/ebelohorizonte\\\/#author\"},\"image\":{\"@type\":\"ImageObject\",\"url\":\"https:\\\/\\\/www.encontrabelohorizonte.com.br\\\/sobre\\\/wp-content\\\/uploads\\\/semana-sera-marcada-por-chuvas-intensas-em-belo-horizonte.webp\",\"@id\":\"https:\\\/\\\/www.encontrabelohorizonte.com.br\\\/sobre\\\/semana-sera-marcada-por-chuvas-intensas-em-belo-horizonte\\\/#mainImage\",\"width\":280,\"height\":280,\"caption\":\"chuvas intensas em Belo Horizonte\"},\"primaryImageOfPage\":{\"@id\":\"https:\\\/\\\/www.encontrabelohorizonte.com.br\\\/sobre\\\/semana-sera-marcada-por-chuvas-intensas-em-belo-horizonte\\\/#mainImage\"},\"datePublished\":\"2026-04-04T05:30:03-03:00\",\"dateModified\":\"2026-04-04T05:30:03-03:00\"},{\"@type\":\"WebSite\",\"@id\":\"https:\\\/\\\/www.encontrabelohorizonte.com.br\\\/sobre\\\/#website\",\"url\":\"https:\\\/\\\/www.encontrabelohorizonte.com.br\\\/sobre\\\/\",\"name\":\"Encontra Belo Horizonte\",\"description\":\"Not\\u00edcias, eventos, informa\\u00e7\\u00f5es e dicas da cidade de Belo Horizonte e regi\\u00e3o\",\"inLanguage\":\"pt-BR\",\"publisher\":{\"@id\":\"https:\\\/\\\/www.encontrabelohorizonte.com.br\\\/sobre\\\/#organization\"}}]}\n\t\t<\/script>\n\t\t<!-- All in One SEO -->\n\n","aioseo_head_json":{"title":"Semana ser\u00e1 marcada por chuvas intensas em Belo Horizonte | Encontra Belo Horizonte","description":"Chuva intensa em Belo Horizonte promete mudan\u00e7as dr\u00e1sticas no clima local.","canonical_url":"https:\/\/www.encontrabelohorizonte.com.br\/sobre\/semana-sera-marcada-por-chuvas-intensas-em-belo-horizonte\/","robots":"max-image-preview:large","keywords":"","webmasterTools":{"miscellaneous":""},"schema":{"@context":"https:\/\/schema.org","@graph":[{"@type":"Article","@id":"https:\/\/www.encontrabelohorizonte.com.br\/sobre\/semana-sera-marcada-por-chuvas-intensas-em-belo-horizonte\/#article","name":"Semana ser\u00e1 marcada por chuvas intensas em Belo Horizonte | Encontra Belo Horizonte","headline":"Semana ser\u00e1 marcada por chuvas intensas em Belo Horizonte","author":{"@id":"https:\/\/www.encontrabelohorizonte.com.br\/sobre\/author\/ebelohorizonte\/#author"},"publisher":{"@id":"https:\/\/www.encontrabelohorizonte.com.br\/sobre\/#organization"},"image":{"@type":"ImageObject","url":"https:\/\/www.encontrabelohorizonte.com.br\/sobre\/wp-content\/uploads\/semana-sera-marcada-por-chuvas-intensas-em-belo-horizonte.webp","width":280,"height":280,"caption":"chuvas intensas em Belo Horizonte"},"datePublished":"2026-04-04T05:30:03-03:00","dateModified":"2026-04-04T05:30:03-03:00","inLanguage":"pt-BR","mainEntityOfPage":{"@id":"https:\/\/www.encontrabelohorizonte.com.br\/sobre\/semana-sera-marcada-por-chuvas-intensas-em-belo-horizonte\/#webpage"},"isPartOf":{"@id":"https:\/\/www.encontrabelohorizonte.com.br\/sobre\/semana-sera-marcada-por-chuvas-intensas-em-belo-horizonte\/#webpage"},"articleSection":"Not\u00edcias Belo Horizonte"},{"@type":"BreadcrumbList","@id":"https:\/\/www.encontrabelohorizonte.com.br\/sobre\/semana-sera-marcada-por-chuvas-intensas-em-belo-horizonte\/#breadcrumblist","itemListElement":[{"@type":"ListItem","@id":"https:\/\/www.encontrabelohorizonte.com.br\/sobre#listItem","position":1,"name":"In\u00edcio","item":"https:\/\/www.encontrabelohorizonte.com.br\/sobre","nextItem":{"@type":"ListItem","@id":"https:\/\/www.encontrabelohorizonte.com.br\/sobre\/noticias\/#listItem","name":"Not\u00edcias Belo Horizonte"}},{"@type":"ListItem","@id":"https:\/\/www.encontrabelohorizonte.com.br\/sobre\/noticias\/#listItem","position":2,"name":"Not\u00edcias Belo Horizonte","item":"https:\/\/www.encontrabelohorizonte.com.br\/sobre\/noticias\/","nextItem":{"@type":"ListItem","@id":"https:\/\/www.encontrabelohorizonte.com.br\/sobre\/semana-sera-marcada-por-chuvas-intensas-em-belo-horizonte\/#listItem","name":"Semana ser\u00e1 marcada por chuvas intensas em Belo Horizonte"},"previousItem":{"@type":"ListItem","@id":"https:\/\/www.encontrabelohorizonte.com.br\/sobre#listItem","name":"In\u00edcio"}},{"@type":"ListItem","@id":"https:\/\/www.encontrabelohorizonte.com.br\/sobre\/semana-sera-marcada-por-chuvas-intensas-em-belo-horizonte\/#listItem","position":3,"name":"Semana ser\u00e1 marcada por chuvas intensas em Belo Horizonte","previousItem":{"@type":"ListItem","@id":"https:\/\/www.encontrabelohorizonte.com.br\/sobre\/noticias\/#listItem","name":"Not\u00edcias Belo Horizonte"}}]},{"@type":"Organization","@id":"https:\/\/www.encontrabelohorizonte.com.br\/sobre\/#organization","name":"Encontra Belo Horizonte","description":"Not\u00edcias, eventos, informa\u00e7\u00f5es e dicas da cidade de Belo Horizonte e regi\u00e3o","url":"https:\/\/www.encontrabelohorizonte.com.br\/sobre\/"},{"@type":"Person","@id":"https:\/\/www.encontrabelohorizonte.com.br\/sobre\/author\/ebelohorizonte\/#author","url":"https:\/\/www.encontrabelohorizonte.com.br\/sobre\/author\/ebelohorizonte\/","name":"Encontra Belo Horizonte","image":{"@type":"ImageObject","@id":"https:\/\/www.encontrabelohorizonte.com.br\/sobre\/semana-sera-marcada-por-chuvas-intensas-em-belo-horizonte\/#authorImage","url":"https:\/\/secure.gravatar.com\/avatar\/507340682b8270222e1f208e23198b6ae7e2c6a1033ae84e99bc6bce4f82a387?s=96&d=mm&r=g","width":96,"height":96,"caption":"Encontra Belo Horizonte"}},{"@type":"WebPage","@id":"https:\/\/www.encontrabelohorizonte.com.br\/sobre\/semana-sera-marcada-por-chuvas-intensas-em-belo-horizonte\/#webpage","url":"https:\/\/www.encontrabelohorizonte.com.br\/sobre\/semana-sera-marcada-por-chuvas-intensas-em-belo-horizonte\/","name":"Semana ser\u00e1 marcada por chuvas intensas em Belo Horizonte | Encontra Belo Horizonte","description":"Chuva intensa em Belo Horizonte promete mudan\u00e7as dr\u00e1sticas no clima local.","inLanguage":"pt-BR","isPartOf":{"@id":"https:\/\/www.encontrabelohorizonte.com.br\/sobre\/#website"},"breadcrumb":{"@id":"https:\/\/www.encontrabelohorizonte.com.br\/sobre\/semana-sera-marcada-por-chuvas-intensas-em-belo-horizonte\/#breadcrumblist"},"author":{"@id":"https:\/\/www.encontrabelohorizonte.com.br\/sobre\/author\/ebelohorizonte\/#author"},"creator":{"@id":"https:\/\/www.encontrabelohorizonte.com.br\/sobre\/author\/ebelohorizonte\/#author"},"image":{"@type":"ImageObject","url":"https:\/\/www.encontrabelohorizonte.com.br\/sobre\/wp-content\/uploads\/semana-sera-marcada-por-chuvas-intensas-em-belo-horizonte.webp","@id":"https:\/\/www.encontrabelohorizonte.com.br\/sobre\/semana-sera-marcada-por-chuvas-intensas-em-belo-horizonte\/#mainImage","width":280,"height":280,"caption":"chuvas intensas em Belo Horizonte"},"primaryImageOfPage":{"@id":"https:\/\/www.encontrabelohorizonte.com.br\/sobre\/semana-sera-marcada-por-chuvas-intensas-em-belo-horizonte\/#mainImage"},"datePublished":"2026-04-04T05:30:03-03:00","dateModified":"2026-04-04T05:30:03-03:00"},{"@type":"WebSite","@id":"https:\/\/www.encontrabelohorizonte.com.br\/sobre\/#website","url":"https:\/\/www.encontrabelohorizonte.com.br\/sobre\/","name":"Encontra Belo Horizonte","description":"Not\u00edcias, eventos, informa\u00e7\u00f5es e dicas da cidade de Belo Horizonte e regi\u00e3o","inLanguage":"pt-BR","publisher":{"@id":"https:\/\/www.encontrabelohorizonte.com.br\/sobre\/#organization"}}]},"og:locale":"pt_BR","og:site_name":"Encontra Belo Horizonte | Not\u00edcias, eventos, informa\u00e7\u00f5es e dicas da cidade de Belo Horizonte e regi\u00e3o","og:type":"article","og:title":"Semana ser\u00e1 marcada por chuvas intensas em Belo Horizonte | Encontra Belo Horizonte","og:description":"Chuva intensa em Belo Horizonte promete mudan\u00e7as dr\u00e1sticas no clima local.","og:url":"https:\/\/www.encontrabelohorizonte.com.br\/sobre\/semana-sera-marcada-por-chuvas-intensas-em-belo-horizonte\/","article:published_time":"2026-04-04T08:30:03+00:00","article:modified_time":"2026-04-04T08:30:03+00:00","twitter:card":"summary","twitter:title":"Semana ser\u00e1 marcada por chuvas intensas em Belo Horizonte | Encontra Belo Horizonte","twitter:description":"Chuva intensa em Belo Horizonte promete mudan\u00e7as dr\u00e1sticas no clima local."},"aioseo_meta_data":{"post_id":"3827","title":null,"description":null,"keywords":null,"keyphrases":null,"primary_term":null,"canonical_url":null,"og_title":null,"og_description":null,"og_object_type":"default","og_image_type":"default","og_image_url":null,"og_image_width":null,"og_image_height":null,"og_image_custom_url":null,"og_image_custom_fields":null,"og_video":null,"og_custom_url":null,"og_article_section":null,"og_article_tags":null,"twitter_use_og":false,"twitter_card":"default","twitter_image_type":"default","twitter_image_url":null,"twitter_image_custom_url":null,"twitter_image_custom_fields":null,"twitter_title":null,"twitter_description":null,"schema":{"blockGraphs":[],"customGraphs":[],"default":{"data":{"Article":[],"Course":[],"Dataset":[],"FAQPage":[],"Movie":[],"Person":[],"Product":[],"ProductReview":[],"Car":[],"Recipe":[],"Service":[],"SoftwareApplication":[],"WebPage":[]},"graphName":"WebPage","isEnabled":true},"graphs":[]},"schema_type":"default","schema_type_options":null,"pillar_content":false,"robots_default":true,"robots_noindex":false,"robots_noarchive":false,"robots_nosnippet":false,"robots_nofollow":false,"robots_noimageindex":false,"robots_noodp":false,"robots_notranslate":false,"robots_max_snippet":null,"robots_max_videopreview":null,"robots_max_imagepreview":"large","priority":null,"frequency":null,"local_seo":null,"breadcrumb_settings":null,"limit_modified_date":false,"ai":null,"created":"2026-04-04 08:30:10","updated":"2026-04-04 09:14:25","focus_keyword":null,"additional_keywords":null,"truseo_locale":null,"seo_analyzer_scan_date":null},"aioseo_breadcrumb":"<div class=\"aioseo-breadcrumbs\"><span class=\"aioseo-breadcrumb\">\n\t\t\t<a href=\"https:\/\/www.encontrabelohorizonte.com.br\/sobre\" title=\"In\u00edcio\">In\u00edcio<\/a>\n\t\t<\/span><span class=\"aioseo-breadcrumb-separator\">&raquo;<\/span><span class=\"aioseo-breadcrumb\">\n\t\t\t<a href=\"https:\/\/www.encontrabelohorizonte.com.br\/sobre\/noticias\/\" title=\"Not\u00edcias Belo Horizonte\">Not\u00edcias Belo Horizonte<\/a>\n\t\t<\/span><span class=\"aioseo-breadcrumb-separator\">&raquo;<\/span><span class=\"aioseo-breadcrumb\">\n\t\t\tSemana ser\u00e1 marcada por chuvas intensas em Belo Horizonte\n\t\t<\/span><\/div>","aioseo_breadcrumb_json":[{"label":"In\u00edcio","link":"https:\/\/www.encontrabelohorizonte.com.br\/sobre"},{"label":"Not\u00edcias Belo Horizonte","link":"https:\/\/www.encontrabelohorizonte.com.br\/sobre\/noticias\/"},{"label":"Semana ser\u00e1 marcada por chuvas intensas em Belo Horizonte","link":"https:\/\/www.encontrabelohorizonte.com.br\/sobre\/semana-sera-marcada-por-chuvas-intensas-em-belo-horizonte\/"}],"_links":{"self":[{"href":"https:\/\/www.encontrabelohorizonte.com.br\/sobre\/wp-json\/wp\/v2\/posts\/3827","targetHints":{"allow":["GET"]}}],"collection":[{"href":"https:\/\/www.encontrabelohorizonte.com.br\/sobre\/wp-json\/wp\/v2\/posts"}],"about":[{"href":"https:\/\/www.encontrabelohorizonte.com.br\/sobre\/wp-json\/wp\/v2\/types\/post"}],"author":[{"embeddable":true,"href":"https:\/\/www.encontrabelohorizonte.com.br\/sobre\/wp-json\/wp\/v2\/users\/1"}],"replies":[{"embeddable":true,"href":"https:\/\/www.encontrabelohorizonte.com.br\/sobre\/wp-json\/wp\/v2\/comments?post=3827"}],"version-history":[{"count":0,"href":"https:\/\/www.encontrabelohorizonte.com.br\/sobre\/wp-json\/wp\/v2\/posts\/3827\/revisions"}],"wp:featuredmedia":[{"embeddable":true,"href":"https:\/\/www.encontrabelohorizonte.com.br\/sobre\/wp-json\/wp\/v2\/media\/3826"}],"wp:attachment":[{"href":"https:\/\/www.encontrabelohorizonte.com.br\/sobre\/wp-json\/wp\/v2\/media?parent=3827"}],"wp:term":[{"taxonomy":"category","embeddable":true,"href":"https:\/\/www.encontrabelohorizonte.com.br\/sobre\/wp-json\/wp\/v2\/categories?post=3827"},{"taxonomy":"post_tag","embeddable":true,"href":"https:\/\/www.encontrabelohorizonte.com.br\/sobre\/wp-json\/wp\/v2\/tags?post=3827"}],"curies":[{"name":"wp","href":"https:\/\/api.w.org\/{rel}","templated":true}]}}