{"id":3831,"date":"2026-04-05T05:29:58","date_gmt":"2026-04-05T08:29:58","guid":{"rendered":"https:\/\/www.encontrabelohorizonte.com.br\/sobre\/tres-regioes-de-bh-registram-mais-da-metade-da-chuva-esperada-para-o-mes\/"},"modified":"2026-04-05T05:29:58","modified_gmt":"2026-04-05T08:29:58","slug":"tres-regioes-de-bh-registram-mais-da-metade-da-chuva-esperada-para-o-mes","status":"publish","type":"post","link":"https:\/\/www.encontrabelohorizonte.com.br\/sobre\/tres-regioes-de-bh-registram-mais-da-metade-da-chuva-esperada-para-o-mes\/","title":{"rendered":"Tr\u00eas regi\u00f5es de BH registram mais da metade da chuva esperada para o m\u00eas"},"content":{"rendered":"<div class=\"2e083cf0b19e2c11948dc6ac054ba979\" data-index=\"1\" style=\"float: none; margin:0px;\">\n<!-- Anuncio display - global -->\r\n<ins class=\"adsbygoogle\"\r\n     style=\"display:block\"\r\n     data-ad-client=\"ca-pub-8585364105181520\"\r\n     data-ad-slot=\"8789329856\"\r\n     data-ad-format=\"auto\"\r\n     data-full-width-responsive=\"true\"><\/ins>\r\n<script>\r\n     (adsbygoogle = window.adsbygoogle || []).push({});\r\n<\/script>\n<\/div>\n<h2>Volume de Chuva Registrado nas \u00daltimas Horas<\/h2>\n<p>Nos primeiros dias de mar\u00e7o, Belo Horizonte j\u00e1 percebeu uma quantidade significativa de chuvas. De acordo com dados da Defesa Civil, tr\u00eas regi\u00f5es da cidade tiveram a maior parte do volume esperado para o m\u00eas em apenas dez dias. As \u00e1reas de Noroeste, Oeste e Barreiro se destacaram, acumulando 60% ou mais da precipita\u00e7\u00e3o mensal.<\/p>\n<h2>Alerta da Defesa Civil: O Que Esperar?<\/h2>\n<p>As previs\u00f5es clim\u00e1ticas indicam que a capital mineira e mais de 560 munic\u00edpios de Minas Gerais est\u00e3o sob risco de tempestades. Um comunicado do Instituto Nacional de Meteorologia (Inmet) determinou alerta laranja para durante o dia, v\u00e1lido at\u00e9 23h59 da quinta-feira (12\/3). A mensagem alerta para a possibilidade de chuvas que podem chegar a at\u00e9 100 mm em 24 horas, al\u00e9m de ventos que podem atingir 100 km\/h.<\/p>\n<h2>Impactos das Chuvas em BH: \u00c1reas Afetadas<\/h2>\n<p>As chuvas t\u00eam um efeito consider\u00e1vel em v\u00e1rias partes da cidade e afetam diretamente a vida dos cidad\u00e3os. Muitas \u00e1reas, especialmente aquelas nas proximidades de encostas e ribeir\u00f5es, podem sofrer alagamentos e deslizamentos de terra. O Centro Sul, por exemplo, registrou 97,6 mm, o que contribui para a preocupa\u00e7\u00e3o sobre como esses fen\u00f4menos clim\u00e1ticos impactam a infraestrutura urbana.<\/p>\n<p><img decoding=\"async\" src=\"https:\/\/www.encontrabelohorizonte.com.br\/sobre\/wp-content\/uploads\/tres-regioes-de-bh-registram-mais-da-metade-da-chuva-esperada-para-o-mes.webp\" alt=\"chuva em BH\" loading=\"lazy\" \/><\/p>\n<h2>Preparativos da Popula\u00e7\u00e3o para o Mau Tempo<\/h2>\n<p>Com o avan\u00e7o da previs\u00e3o de mau tempo, a popula\u00e7\u00e3o de Belo Horizonte tem se mobilizado para prevenir poss\u00edveis danos. Muitas pessoas est\u00e3o buscando informa\u00e7\u00f5es sobre como se proteger e quais medidas devem tomar em caso de emerg\u00eancias. Redes sociais e aplicativos de mensagem t\u00eam sido amplamente utilizados para disseminar dicas de seguran\u00e7a e alertas.<\/p>\n<h2>Dicas de Seguran\u00e7a Durante Tempestades<\/h2>\n<p>Durante per\u00edodos de chuvas intensas, \u00e9 essencial saber como agir:<\/p>\n<ul>\n<li><strong>Evite \u00e1reas propensas a inunda\u00e7\u00f5es:<\/strong> Mantenha-se longe de locais que costumam alagar.<\/li>\n<li><strong>N\u00e3o trafegue em ruas alagadas:<\/strong> Essas \u00e1reas podem esconder riscos graves e correntezas perigosas.<\/li>\n<li><strong>Proteja-se de raios:<\/strong> Ao ouvir trov\u00f5es, busque abrigo em locais fechados e evite o uso de dispositivos el\u00e9tricos.<\/li>\n<li><strong>Esteja atento a cabos el\u00e9tricos:<\/strong> N\u00e3o se aproxime de fia\u00e7\u00f5es rompidas; relatar imediatamente para a companhia el\u00e9trica \u00e9 crucial.<\/li>\n<\/ul>\n<h2>Como a Meteorologia Calcula a Precipita\u00e7\u00e3o?<\/h2>\n<p>A meteorologia utiliza diversas ferramentas e tecnologias para medir a quantidade de chuva. Pluvi\u00f4metros, radar meteorol\u00f3gico e dados hist\u00f3ricos s\u00e3o algumas das principais fontes que auxiliam na previs\u00e3o de chuvas e na coleta de informa\u00e7\u00f5es. Essas medi\u00e7\u00f5es s\u00e3o essenciais para a emiss\u00e3o de alertas de seguran\u00e7a e planejamento urbano.<\/p>\n<h2>Hist\u00f3rico de Chuvas em Belo Horizonte<\/h2>\n<p>A cidade possui um hist\u00f3rico de chuvas significativas, especialmente durante a temporada de ver\u00e3o. A m\u00e9dia climatol\u00f3gica de mar\u00e7o \u00e9 de 197,5 mm. Essa m\u00e9dia \u00e9 utilizada como base para as previs\u00f5es e estimativas de investimento em infraestrutura para evitar alagamentos e desastres relacionados \u00e0s chuvas.<\/p>\n<h2>Proje\u00e7\u00f5es Para o Resto do M\u00eas<\/h2>\n<p>As previs\u00f5es meteorol\u00f3gicas para o restante de mar\u00e7o indicam a continuidade das chuvas em Belo Horizonte. A Defesa Civil alertou que a popula\u00e7\u00e3o deve se preparar para condi\u00e7\u00f5es clim\u00e1ticas inst\u00e1veis, que podem trazer chuvas intensas e danos potenciais em v\u00e1rias \u00e1reas da cidade.<\/p>\n<h2>A Import\u00e2ncia da Defesa Civil Nesses Momentos<\/h2>\n<p>A Defesa Civil exerce um papel crucial durante alertas de clima severo. A atua\u00e7\u00e3o do \u00f3rg\u00e3o inclui desde a arrecada\u00e7\u00e3o e divulga\u00e7\u00e3o de informa\u00e7\u00f5es relevantes at\u00e9 a coordena\u00e7\u00e3o de equipes de resgate e emerg\u00eancia. Sua presen\u00e7a \u00e9 vital para a seguran\u00e7a da popula\u00e7\u00e3o e para minimizar os danos em situa\u00e7\u00f5es de crises clim\u00e1ticas.<\/p>\n<h2>O Que Fazer em Caso de Emerg\u00eancia<\/h2>\n<p>Em caso de emerg\u00eancias causadas por chuvas intensas, \u00e9 fundamental:<\/p>\n<ul>\n<li><strong>Contactar a Defesa Civil:<\/strong> Use o n\u00famero 199 para relatar situa\u00e7\u00f5es de risco.<\/li>\n<li><strong>Evitar a perman\u00eancia em \u00e1reas afetadas:<\/strong> Busque lugares elevados e seguros.<\/li>\n<li><strong>Se necess\u00e1rio, evacue a regi\u00e3o:<\/strong> Tenha um plano de evacua\u00e7\u00e3o em mente e siga as instru\u00e7\u00f5es de seguran\u00e7a.<\/li>\n<\/ul>\n\n<div style=\"font-size: 0px; height: 0px; line-height: 0px; margin: 0; padding: 0; clear: both;\"><\/div>","protected":false},"excerpt":{"rendered":"<p>Chuva em BH: saiba tudo sobre as \u00faltimas previs\u00f5es e alertas importantes.<\/p>\n","protected":false},"author":1,"featured_media":3830,"comment_status":"closed","ping_status":"closed","sticky":false,"template":"","format":"standard","meta":{"footnotes":""},"categories":[6],"tags":[],"class_list":["post-3831","post","type-post","status-publish","format-standard","has-post-thumbnail","hentry","category-noticias","has_thumb"],"aioseo_notices":[],"aioseo_head":"\n\t\t<!-- All in One SEO 5.0.0.1 - aioseo.com -->\n\t<meta name=\"description\" content=\"Chuva em BH: saiba tudo sobre as \u00faltimas previs\u00f5es e alertas importantes.\" \/>\n\t<meta name=\"robots\" content=\"max-image-preview:large\" \/>\n\t<meta name=\"author\" content=\"Encontra Belo Horizonte\"\/>\n\t<link rel=\"canonical\" href=\"https:\/\/www.encontrabelohorizonte.com.br\/sobre\/tres-regioes-de-bh-registram-mais-da-metade-da-chuva-esperada-para-o-mes\/\" \/>\n\t<meta name=\"generator\" content=\"All in One SEO (AIOSEO) 5.0.0.1\" \/>\n\t\t<meta property=\"og:locale\" content=\"pt_BR\" \/>\n\t\t<meta property=\"og:site_name\" content=\"Encontra Belo Horizonte | Not\u00edcias, eventos, informa\u00e7\u00f5es e dicas da cidade de Belo Horizonte e regi\u00e3o\" \/>\n\t\t<meta property=\"og:type\" content=\"article\" \/>\n\t\t<meta property=\"og:title\" content=\"Tr\u00eas regi\u00f5es de BH registram mais da metade da chuva esperada para o m\u00eas | Encontra Belo Horizonte\" \/>\n\t\t<meta property=\"og:description\" content=\"Chuva em BH: saiba tudo sobre as \u00faltimas previs\u00f5es e alertas importantes.\" \/>\n\t\t<meta property=\"og:url\" content=\"https:\/\/www.encontrabelohorizonte.com.br\/sobre\/tres-regioes-de-bh-registram-mais-da-metade-da-chuva-esperada-para-o-mes\/\" \/>\n\t\t<meta property=\"article:published_time\" content=\"2026-04-05T08:29:58+00:00\" \/>\n\t\t<meta property=\"article:modified_time\" content=\"2026-04-05T08:29:58+00:00\" \/>\n\t\t<meta name=\"twitter:card\" content=\"summary\" \/>\n\t\t<meta name=\"twitter:title\" content=\"Tr\u00eas regi\u00f5es de BH registram mais da metade da chuva esperada para o m\u00eas | Encontra Belo Horizonte\" \/>\n\t\t<meta name=\"twitter:description\" content=\"Chuva em BH: saiba tudo sobre as \u00faltimas previs\u00f5es e alertas importantes.\" \/>\n\t\t<script type=\"application\/ld+json\" class=\"aioseo-schema\">\n\t\t\t{\"@context\":\"https:\\\/\\\/schema.org\",\"@graph\":[{\"@type\":\"Article\",\"@id\":\"https:\\\/\\\/www.encontrabelohorizonte.com.br\\\/sobre\\\/tres-regioes-de-bh-registram-mais-da-metade-da-chuva-esperada-para-o-mes\\\/#article\",\"name\":\"Tr\\u00eas regi\\u00f5es de BH registram mais da metade da chuva esperada para o m\\u00eas | Encontra Belo Horizonte\",\"headline\":\"Tr\\u00eas regi\\u00f5es de BH registram mais da metade da chuva esperada para o m\\u00eas\",\"author\":{\"@id\":\"https:\\\/\\\/www.encontrabelohorizonte.com.br\\\/sobre\\\/author\\\/ebelohorizonte\\\/#author\"},\"publisher\":{\"@id\":\"https:\\\/\\\/www.encontrabelohorizonte.com.br\\\/sobre\\\/#organization\"},\"image\":{\"@type\":\"ImageObject\",\"url\":\"https:\\\/\\\/www.encontrabelohorizonte.com.br\\\/sobre\\\/wp-content\\\/uploads\\\/tres-regioes-de-bh-registram-mais-da-metade-da-chuva-esperada-para-o-mes.webp\",\"width\":280,\"height\":280,\"caption\":\"chuva em BH\"},\"datePublished\":\"2026-04-05T05:29:58-03:00\",\"dateModified\":\"2026-04-05T05:29:58-03:00\",\"inLanguage\":\"pt-BR\",\"mainEntityOfPage\":{\"@id\":\"https:\\\/\\\/www.encontrabelohorizonte.com.br\\\/sobre\\\/tres-regioes-de-bh-registram-mais-da-metade-da-chuva-esperada-para-o-mes\\\/#webpage\"},\"isPartOf\":{\"@id\":\"https:\\\/\\\/www.encontrabelohorizonte.com.br\\\/sobre\\\/tres-regioes-de-bh-registram-mais-da-metade-da-chuva-esperada-para-o-mes\\\/#webpage\"},\"articleSection\":\"Not\\u00edcias Belo Horizonte\"},{\"@type\":\"BreadcrumbList\",\"@id\":\"https:\\\/\\\/www.encontrabelohorizonte.com.br\\\/sobre\\\/tres-regioes-de-bh-registram-mais-da-metade-da-chuva-esperada-para-o-mes\\\/#breadcrumblist\",\"itemListElement\":[{\"@type\":\"ListItem\",\"@id\":\"https:\\\/\\\/www.encontrabelohorizonte.com.br\\\/sobre#listItem\",\"position\":1,\"name\":\"In\\u00edcio\",\"item\":\"https:\\\/\\\/www.encontrabelohorizonte.com.br\\\/sobre\",\"nextItem\":{\"@type\":\"ListItem\",\"@id\":\"https:\\\/\\\/www.encontrabelohorizonte.com.br\\\/sobre\\\/noticias\\\/#listItem\",\"name\":\"Not\\u00edcias Belo Horizonte\"}},{\"@type\":\"ListItem\",\"@id\":\"https:\\\/\\\/www.encontrabelohorizonte.com.br\\\/sobre\\\/noticias\\\/#listItem\",\"position\":2,\"name\":\"Not\\u00edcias Belo Horizonte\",\"item\":\"https:\\\/\\\/www.encontrabelohorizonte.com.br\\\/sobre\\\/noticias\\\/\",\"nextItem\":{\"@type\":\"ListItem\",\"@id\":\"https:\\\/\\\/www.encontrabelohorizonte.com.br\\\/sobre\\\/tres-regioes-de-bh-registram-mais-da-metade-da-chuva-esperada-para-o-mes\\\/#listItem\",\"name\":\"Tr\\u00eas regi\\u00f5es de BH registram mais da metade da chuva esperada para o m\\u00eas\"},\"previousItem\":{\"@type\":\"ListItem\",\"@id\":\"https:\\\/\\\/www.encontrabelohorizonte.com.br\\\/sobre#listItem\",\"name\":\"In\\u00edcio\"}},{\"@type\":\"ListItem\",\"@id\":\"https:\\\/\\\/www.encontrabelohorizonte.com.br\\\/sobre\\\/tres-regioes-de-bh-registram-mais-da-metade-da-chuva-esperada-para-o-mes\\\/#listItem\",\"position\":3,\"name\":\"Tr\\u00eas regi\\u00f5es de BH registram mais da metade da chuva esperada para o m\\u00eas\",\"previousItem\":{\"@type\":\"ListItem\",\"@id\":\"https:\\\/\\\/www.encontrabelohorizonte.com.br\\\/sobre\\\/noticias\\\/#listItem\",\"name\":\"Not\\u00edcias Belo Horizonte\"}}]},{\"@type\":\"Organization\",\"@id\":\"https:\\\/\\\/www.encontrabelohorizonte.com.br\\\/sobre\\\/#organization\",\"name\":\"Encontra Belo Horizonte\",\"description\":\"Not\\u00edcias, eventos, informa\\u00e7\\u00f5es e dicas da cidade de Belo Horizonte e regi\\u00e3o\",\"url\":\"https:\\\/\\\/www.encontrabelohorizonte.com.br\\\/sobre\\\/\"},{\"@type\":\"Person\",\"@id\":\"https:\\\/\\\/www.encontrabelohorizonte.com.br\\\/sobre\\\/author\\\/ebelohorizonte\\\/#author\",\"url\":\"https:\\\/\\\/www.encontrabelohorizonte.com.br\\\/sobre\\\/author\\\/ebelohorizonte\\\/\",\"name\":\"Encontra Belo Horizonte\",\"image\":{\"@type\":\"ImageObject\",\"@id\":\"https:\\\/\\\/www.encontrabelohorizonte.com.br\\\/sobre\\\/tres-regioes-de-bh-registram-mais-da-metade-da-chuva-esperada-para-o-mes\\\/#authorImage\",\"url\":\"https:\\\/\\\/secure.gravatar.com\\\/avatar\\\/507340682b8270222e1f208e23198b6ae7e2c6a1033ae84e99bc6bce4f82a387?s=96&d=mm&r=g\",\"width\":96,\"height\":96,\"caption\":\"Encontra Belo Horizonte\"}},{\"@type\":\"WebPage\",\"@id\":\"https:\\\/\\\/www.encontrabelohorizonte.com.br\\\/sobre\\\/tres-regioes-de-bh-registram-mais-da-metade-da-chuva-esperada-para-o-mes\\\/#webpage\",\"url\":\"https:\\\/\\\/www.encontrabelohorizonte.com.br\\\/sobre\\\/tres-regioes-de-bh-registram-mais-da-metade-da-chuva-esperada-para-o-mes\\\/\",\"name\":\"Tr\\u00eas regi\\u00f5es de BH registram mais da metade da chuva esperada para o m\\u00eas | Encontra Belo Horizonte\",\"description\":\"Chuva em BH: saiba tudo sobre as \\u00faltimas previs\\u00f5es e alertas importantes.\",\"inLanguage\":\"pt-BR\",\"isPartOf\":{\"@id\":\"https:\\\/\\\/www.encontrabelohorizonte.com.br\\\/sobre\\\/#website\"},\"breadcrumb\":{\"@id\":\"https:\\\/\\\/www.encontrabelohorizonte.com.br\\\/sobre\\\/tres-regioes-de-bh-registram-mais-da-metade-da-chuva-esperada-para-o-mes\\\/#breadcrumblist\"},\"author\":{\"@id\":\"https:\\\/\\\/www.encontrabelohorizonte.com.br\\\/sobre\\\/author\\\/ebelohorizonte\\\/#author\"},\"creator\":{\"@id\":\"https:\\\/\\\/www.encontrabelohorizonte.com.br\\\/sobre\\\/author\\\/ebelohorizonte\\\/#author\"},\"image\":{\"@type\":\"ImageObject\",\"url\":\"https:\\\/\\\/www.encontrabelohorizonte.com.br\\\/sobre\\\/wp-content\\\/uploads\\\/tres-regioes-de-bh-registram-mais-da-metade-da-chuva-esperada-para-o-mes.webp\",\"@id\":\"https:\\\/\\\/www.encontrabelohorizonte.com.br\\\/sobre\\\/tres-regioes-de-bh-registram-mais-da-metade-da-chuva-esperada-para-o-mes\\\/#mainImage\",\"width\":280,\"height\":280,\"caption\":\"chuva em BH\"},\"primaryImageOfPage\":{\"@id\":\"https:\\\/\\\/www.encontrabelohorizonte.com.br\\\/sobre\\\/tres-regioes-de-bh-registram-mais-da-metade-da-chuva-esperada-para-o-mes\\\/#mainImage\"},\"datePublished\":\"2026-04-05T05:29:58-03:00\",\"dateModified\":\"2026-04-05T05:29:58-03:00\"},{\"@type\":\"WebSite\",\"@id\":\"https:\\\/\\\/www.encontrabelohorizonte.com.br\\\/sobre\\\/#website\",\"url\":\"https:\\\/\\\/www.encontrabelohorizonte.com.br\\\/sobre\\\/\",\"name\":\"Encontra Belo Horizonte\",\"description\":\"Not\\u00edcias, eventos, informa\\u00e7\\u00f5es e dicas da cidade de Belo Horizonte e regi\\u00e3o\",\"inLanguage\":\"pt-BR\",\"publisher\":{\"@id\":\"https:\\\/\\\/www.encontrabelohorizonte.com.br\\\/sobre\\\/#organization\"}}]}\n\t\t<\/script>\n\t\t<!-- All in One SEO -->\n\n","aioseo_head_json":{"title":"Tr\u00eas regi\u00f5es de BH registram mais da metade da chuva esperada para o m\u00eas | Encontra Belo Horizonte","description":"Chuva em BH: saiba tudo sobre as \u00faltimas previs\u00f5es e alertas importantes.","canonical_url":"https:\/\/www.encontrabelohorizonte.com.br\/sobre\/tres-regioes-de-bh-registram-mais-da-metade-da-chuva-esperada-para-o-mes\/","robots":"max-image-preview:large","keywords":"","webmasterTools":{"miscellaneous":""},"schema":{"@context":"https:\/\/schema.org","@graph":[{"@type":"Article","@id":"https:\/\/www.encontrabelohorizonte.com.br\/sobre\/tres-regioes-de-bh-registram-mais-da-metade-da-chuva-esperada-para-o-mes\/#article","name":"Tr\u00eas regi\u00f5es de BH registram mais da metade da chuva esperada para o m\u00eas | Encontra Belo Horizonte","headline":"Tr\u00eas regi\u00f5es de BH registram mais da metade da chuva esperada para o m\u00eas","author":{"@id":"https:\/\/www.encontrabelohorizonte.com.br\/sobre\/author\/ebelohorizonte\/#author"},"publisher":{"@id":"https:\/\/www.encontrabelohorizonte.com.br\/sobre\/#organization"},"image":{"@type":"ImageObject","url":"https:\/\/www.encontrabelohorizonte.com.br\/sobre\/wp-content\/uploads\/tres-regioes-de-bh-registram-mais-da-metade-da-chuva-esperada-para-o-mes.webp","width":280,"height":280,"caption":"chuva em BH"},"datePublished":"2026-04-05T05:29:58-03:00","dateModified":"2026-04-05T05:29:58-03:00","inLanguage":"pt-BR","mainEntityOfPage":{"@id":"https:\/\/www.encontrabelohorizonte.com.br\/sobre\/tres-regioes-de-bh-registram-mais-da-metade-da-chuva-esperada-para-o-mes\/#webpage"},"isPartOf":{"@id":"https:\/\/www.encontrabelohorizonte.com.br\/sobre\/tres-regioes-de-bh-registram-mais-da-metade-da-chuva-esperada-para-o-mes\/#webpage"},"articleSection":"Not\u00edcias Belo Horizonte"},{"@type":"BreadcrumbList","@id":"https:\/\/www.encontrabelohorizonte.com.br\/sobre\/tres-regioes-de-bh-registram-mais-da-metade-da-chuva-esperada-para-o-mes\/#breadcrumblist","itemListElement":[{"@type":"ListItem","@id":"https:\/\/www.encontrabelohorizonte.com.br\/sobre#listItem","position":1,"name":"In\u00edcio","item":"https:\/\/www.encontrabelohorizonte.com.br\/sobre","nextItem":{"@type":"ListItem","@id":"https:\/\/www.encontrabelohorizonte.com.br\/sobre\/noticias\/#listItem","name":"Not\u00edcias Belo Horizonte"}},{"@type":"ListItem","@id":"https:\/\/www.encontrabelohorizonte.com.br\/sobre\/noticias\/#listItem","position":2,"name":"Not\u00edcias Belo Horizonte","item":"https:\/\/www.encontrabelohorizonte.com.br\/sobre\/noticias\/","nextItem":{"@type":"ListItem","@id":"https:\/\/www.encontrabelohorizonte.com.br\/sobre\/tres-regioes-de-bh-registram-mais-da-metade-da-chuva-esperada-para-o-mes\/#listItem","name":"Tr\u00eas regi\u00f5es de BH registram mais da metade da chuva esperada para o m\u00eas"},"previousItem":{"@type":"ListItem","@id":"https:\/\/www.encontrabelohorizonte.com.br\/sobre#listItem","name":"In\u00edcio"}},{"@type":"ListItem","@id":"https:\/\/www.encontrabelohorizonte.com.br\/sobre\/tres-regioes-de-bh-registram-mais-da-metade-da-chuva-esperada-para-o-mes\/#listItem","position":3,"name":"Tr\u00eas regi\u00f5es de BH registram mais da metade da chuva esperada para o m\u00eas","previousItem":{"@type":"ListItem","@id":"https:\/\/www.encontrabelohorizonte.com.br\/sobre\/noticias\/#listItem","name":"Not\u00edcias Belo Horizonte"}}]},{"@type":"Organization","@id":"https:\/\/www.encontrabelohorizonte.com.br\/sobre\/#organization","name":"Encontra Belo Horizonte","description":"Not\u00edcias, eventos, informa\u00e7\u00f5es e dicas da cidade de Belo Horizonte e regi\u00e3o","url":"https:\/\/www.encontrabelohorizonte.com.br\/sobre\/"},{"@type":"Person","@id":"https:\/\/www.encontrabelohorizonte.com.br\/sobre\/author\/ebelohorizonte\/#author","url":"https:\/\/www.encontrabelohorizonte.com.br\/sobre\/author\/ebelohorizonte\/","name":"Encontra Belo Horizonte","image":{"@type":"ImageObject","@id":"https:\/\/www.encontrabelohorizonte.com.br\/sobre\/tres-regioes-de-bh-registram-mais-da-metade-da-chuva-esperada-para-o-mes\/#authorImage","url":"https:\/\/secure.gravatar.com\/avatar\/507340682b8270222e1f208e23198b6ae7e2c6a1033ae84e99bc6bce4f82a387?s=96&d=mm&r=g","width":96,"height":96,"caption":"Encontra Belo Horizonte"}},{"@type":"WebPage","@id":"https:\/\/www.encontrabelohorizonte.com.br\/sobre\/tres-regioes-de-bh-registram-mais-da-metade-da-chuva-esperada-para-o-mes\/#webpage","url":"https:\/\/www.encontrabelohorizonte.com.br\/sobre\/tres-regioes-de-bh-registram-mais-da-metade-da-chuva-esperada-para-o-mes\/","name":"Tr\u00eas regi\u00f5es de BH registram mais da metade da chuva esperada para o m\u00eas | Encontra Belo Horizonte","description":"Chuva em BH: saiba tudo sobre as \u00faltimas previs\u00f5es e alertas importantes.","inLanguage":"pt-BR","isPartOf":{"@id":"https:\/\/www.encontrabelohorizonte.com.br\/sobre\/#website"},"breadcrumb":{"@id":"https:\/\/www.encontrabelohorizonte.com.br\/sobre\/tres-regioes-de-bh-registram-mais-da-metade-da-chuva-esperada-para-o-mes\/#breadcrumblist"},"author":{"@id":"https:\/\/www.encontrabelohorizonte.com.br\/sobre\/author\/ebelohorizonte\/#author"},"creator":{"@id":"https:\/\/www.encontrabelohorizonte.com.br\/sobre\/author\/ebelohorizonte\/#author"},"image":{"@type":"ImageObject","url":"https:\/\/www.encontrabelohorizonte.com.br\/sobre\/wp-content\/uploads\/tres-regioes-de-bh-registram-mais-da-metade-da-chuva-esperada-para-o-mes.webp","@id":"https:\/\/www.encontrabelohorizonte.com.br\/sobre\/tres-regioes-de-bh-registram-mais-da-metade-da-chuva-esperada-para-o-mes\/#mainImage","width":280,"height":280,"caption":"chuva em BH"},"primaryImageOfPage":{"@id":"https:\/\/www.encontrabelohorizonte.com.br\/sobre\/tres-regioes-de-bh-registram-mais-da-metade-da-chuva-esperada-para-o-mes\/#mainImage"},"datePublished":"2026-04-05T05:29:58-03:00","dateModified":"2026-04-05T05:29:58-03:00"},{"@type":"WebSite","@id":"https:\/\/www.encontrabelohorizonte.com.br\/sobre\/#website","url":"https:\/\/www.encontrabelohorizonte.com.br\/sobre\/","name":"Encontra Belo Horizonte","description":"Not\u00edcias, eventos, informa\u00e7\u00f5es e dicas da cidade de Belo Horizonte e regi\u00e3o","inLanguage":"pt-BR","publisher":{"@id":"https:\/\/www.encontrabelohorizonte.com.br\/sobre\/#organization"}}]},"og:locale":"pt_BR","og:site_name":"Encontra Belo Horizonte | Not\u00edcias, eventos, informa\u00e7\u00f5es e dicas da cidade de Belo Horizonte e regi\u00e3o","og:type":"article","og:title":"Tr\u00eas regi\u00f5es de BH registram mais da metade da chuva esperada para o m\u00eas | Encontra Belo Horizonte","og:description":"Chuva em BH: saiba tudo sobre as \u00faltimas previs\u00f5es e alertas importantes.","og:url":"https:\/\/www.encontrabelohorizonte.com.br\/sobre\/tres-regioes-de-bh-registram-mais-da-metade-da-chuva-esperada-para-o-mes\/","article:published_time":"2026-04-05T08:29:58+00:00","article:modified_time":"2026-04-05T08:29:58+00:00","twitter:card":"summary","twitter:title":"Tr\u00eas regi\u00f5es de BH registram mais da metade da chuva esperada para o m\u00eas | Encontra Belo Horizonte","twitter:description":"Chuva em BH: saiba tudo sobre as \u00faltimas previs\u00f5es e alertas importantes."},"aioseo_meta_data":{"post_id":"3831","title":null,"description":null,"keywords":null,"keyphrases":null,"primary_term":null,"canonical_url":null,"og_title":null,"og_description":null,"og_object_type":"default","og_image_type":"default","og_image_url":null,"og_image_width":null,"og_image_height":null,"og_image_custom_url":null,"og_image_custom_fields":null,"og_video":null,"og_custom_url":null,"og_article_section":null,"og_article_tags":null,"twitter_use_og":false,"twitter_card":"default","twitter_image_type":"default","twitter_image_url":null,"twitter_image_custom_url":null,"twitter_image_custom_fields":null,"twitter_title":null,"twitter_description":null,"schema":{"blockGraphs":[],"customGraphs":[],"default":{"data":{"Article":[],"Course":[],"Dataset":[],"FAQPage":[],"Movie":[],"Person":[],"Product":[],"ProductReview":[],"Car":[],"Recipe":[],"Service":[],"SoftwareApplication":[],"WebPage":[]},"graphName":"Article","isEnabled":true},"graphs":[]},"schema_type":"default","schema_type_options":null,"pillar_content":false,"robots_default":true,"robots_noindex":false,"robots_noarchive":false,"robots_nosnippet":false,"robots_nofollow":false,"robots_noimageindex":false,"robots_noodp":false,"robots_notranslate":false,"robots_max_snippet":null,"robots_max_videopreview":null,"robots_max_imagepreview":"large","priority":null,"frequency":null,"local_seo":null,"breadcrumb_settings":null,"limit_modified_date":false,"ai":null,"created":"2026-04-05 08:30:02","updated":"2026-04-05 08:42:28","focus_keyword":null,"additional_keywords":null,"truseo_locale":null,"seo_analyzer_scan_date":null},"aioseo_breadcrumb":"<div class=\"aioseo-breadcrumbs\"><span class=\"aioseo-breadcrumb\">\n\t\t\t<a href=\"https:\/\/www.encontrabelohorizonte.com.br\/sobre\" title=\"In\u00edcio\">In\u00edcio<\/a>\n\t\t<\/span><span class=\"aioseo-breadcrumb-separator\">&raquo;<\/span><span class=\"aioseo-breadcrumb\">\n\t\t\t<a href=\"https:\/\/www.encontrabelohorizonte.com.br\/sobre\/noticias\/\" title=\"Not\u00edcias Belo Horizonte\">Not\u00edcias Belo Horizonte<\/a>\n\t\t<\/span><span class=\"aioseo-breadcrumb-separator\">&raquo;<\/span><span class=\"aioseo-breadcrumb\">\n\t\t\tTr\u00eas regi\u00f5es de BH registram mais da metade da chuva esperada para o m\u00eas\n\t\t<\/span><\/div>","aioseo_breadcrumb_json":[{"label":"In\u00edcio","link":"https:\/\/www.encontrabelohorizonte.com.br\/sobre"},{"label":"Not\u00edcias Belo Horizonte","link":"https:\/\/www.encontrabelohorizonte.com.br\/sobre\/noticias\/"},{"label":"Tr\u00eas regi\u00f5es de BH registram mais da metade da chuva esperada para o m\u00eas","link":"https:\/\/www.encontrabelohorizonte.com.br\/sobre\/tres-regioes-de-bh-registram-mais-da-metade-da-chuva-esperada-para-o-mes\/"}],"_links":{"self":[{"href":"https:\/\/www.encontrabelohorizonte.com.br\/sobre\/wp-json\/wp\/v2\/posts\/3831","targetHints":{"allow":["GET"]}}],"collection":[{"href":"https:\/\/www.encontrabelohorizonte.com.br\/sobre\/wp-json\/wp\/v2\/posts"}],"about":[{"href":"https:\/\/www.encontrabelohorizonte.com.br\/sobre\/wp-json\/wp\/v2\/types\/post"}],"author":[{"embeddable":true,"href":"https:\/\/www.encontrabelohorizonte.com.br\/sobre\/wp-json\/wp\/v2\/users\/1"}],"replies":[{"embeddable":true,"href":"https:\/\/www.encontrabelohorizonte.com.br\/sobre\/wp-json\/wp\/v2\/comments?post=3831"}],"version-history":[{"count":0,"href":"https:\/\/www.encontrabelohorizonte.com.br\/sobre\/wp-json\/wp\/v2\/posts\/3831\/revisions"}],"wp:featuredmedia":[{"embeddable":true,"href":"https:\/\/www.encontrabelohorizonte.com.br\/sobre\/wp-json\/wp\/v2\/media\/3830"}],"wp:attachment":[{"href":"https:\/\/www.encontrabelohorizonte.com.br\/sobre\/wp-json\/wp\/v2\/media?parent=3831"}],"wp:term":[{"taxonomy":"category","embeddable":true,"href":"https:\/\/www.encontrabelohorizonte.com.br\/sobre\/wp-json\/wp\/v2\/categories?post=3831"},{"taxonomy":"post_tag","embeddable":true,"href":"https:\/\/www.encontrabelohorizonte.com.br\/sobre\/wp-json\/wp\/v2\/tags?post=3831"}],"curies":[{"name":"wp","href":"https:\/\/api.w.org\/{rel}","templated":true}]}}