{"id":3839,"date":"2026-04-07T05:27:51","date_gmt":"2026-04-07T08:27:51","guid":{"rendered":"https:\/\/www.encontrabelohorizonte.com.br\/sobre\/nao-e-requalificacao-especialista-diz-que-projeto-da-pbh-para-o-centro-so-serve-ao-mercado\/"},"modified":"2026-04-07T05:27:51","modified_gmt":"2026-04-07T08:27:51","slug":"nao-e-requalificacao-especialista-diz-que-projeto-da-pbh-para-o-centro-so-serve-ao-mercado","status":"publish","type":"post","link":"https:\/\/www.encontrabelohorizonte.com.br\/sobre\/nao-e-requalificacao-especialista-diz-que-projeto-da-pbh-para-o-centro-so-serve-ao-mercado\/","title":{"rendered":"\u2018N\u00e3o \u00e9 requalifica\u00e7\u00e3o\u2019: especialista diz que projeto da PBH para o centro s\u00f3 serve ao mercado"},"content":{"rendered":"<div class=\"2e083cf0b19e2c11948dc6ac054ba979\" data-index=\"1\" style=\"float: none; margin:0px;\">\n<!-- Anuncio display - global -->\r\n<ins class=\"adsbygoogle\"\r\n     style=\"display:block\"\r\n     data-ad-client=\"ca-pub-8585364105181520\"\r\n     data-ad-slot=\"8789329856\"\r\n     data-ad-format=\"auto\"\r\n     data-full-width-responsive=\"true\"><\/ins>\r\n<script>\r\n     (adsbygoogle = window.adsbygoogle || []).push({});\r\n<\/script>\n<\/div>\n<h2>O que \u00e9 o PL da Especula\u00e7\u00e3o Imobili\u00e1ria?<\/h2>\n<p>O Projeto de Lei (PL) 574\/2025, comumente referido como \u2018PL da Especula\u00e7\u00e3o Imobili\u00e1ria\u2019, foi elaborado pela Prefeitura de Belo Horizonte (PBH) e atualmente enfrenta duras cr\u00edticas de urbanistas, moradores e movimentos sociais. A principal preocupa\u00e7\u00e3o \u00e9 que esse projeto n\u00e3o visa a requalifica\u00e7\u00e3o do centro da cidade, mas sim o incentivo ao mercado imobili\u00e1rio, permitindo a constru\u00e7\u00e3o de grandes empreendimentos sem a considera\u00e7\u00e3o adequada dos impactos sociais e culturais.<\/p>\n<h2>Cr\u00edticas ao Projeto da PBH<\/h2>\n<p>Especialistas, como Roberto Andr\u00e9s, que leciona na Universidade Federal de Minas Gerais, argumentam que o PL foi desenvolvido sem a necessidade de estudos t\u00e9cnicos essenciais para avaliar seus efeitos. Ele destaca que o projeto amea\u00e7a as comunidades locais ao fomentar a constru\u00e7\u00e3o de empreendimentos que n\u00e3o necessariamente beneficiam a popula\u00e7\u00e3o.  <\/p>\n<p>As cr\u00edticas incluem ainda a possibilidade de que, ao estimular o mercado imobili\u00e1rio, o PL nem sempre levar\u00e1 \u00e0 cria\u00e7\u00e3o de moradias acess\u00edveis ou \u00e0 promo\u00e7\u00e3o de habita\u00e7\u00e3o social, concentrando-se apenas nos interesses dos empres\u00e1rios do setor.<\/p>\n<p><img decoding=\"async\" src=\"https:\/\/www.encontrabelohorizonte.com.br\/sobre\/wp-content\/uploads\/nao-e-requalificacao-especialista-diz-que-projeto-da-pbh-para-o-centro-so-serve-ao-mercado.webp\" alt=\"Projeto da PBH para requalifica\u00e7\u00e3o do centro\" loading=\"lazy\" \/><\/p>\n<h2>Os Efeitos no Tr\u00e2nsito de BH<\/h2>\n<p>Um dos aspectos mais preocupantes do PL \u00e9 a possibilidade de que ele piore o j\u00e1 problem\u00e1tico tr\u00e2nsito de Belo Horizonte. O projeto n\u00e3o imp\u00f5e restri\u00e7\u00f5es ao uso de autom\u00f3veis, permitindo que as construtoras construam garagens em larga escala, o que pode resultar em um aumento significativo no n\u00famero de carros nas ruas. A falta de um estudo abrangente sobre o impacto no tr\u00e2nsito agrava ainda mais a situa\u00e7\u00e3o.<\/p>\n<p>Belo Horizonte j\u00e1 \u00e9 conhecida por ter um dos piores sistemas de transporte p\u00fablico e um tr\u00e2nsito intenso. Tal cen\u00e1rio poderia se tornar ainda mais ca\u00f3tico com a implementa\u00e7\u00e3o do PL, onerar as vias urbanas e criar novos gargalos de mobilidade.<\/p>\n<h2>Gentrifica\u00e7\u00e3o: Um Risco Real<\/h2>\n<p>O conceito de gentrifica\u00e7\u00e3o refere-se ao processo pelo qual bairros populares passam a ser valorizados, resultando na expuls\u00e3o de seus moradores originais devido ao aumento do custo de vida. Quando o mercado imobili\u00e1rio transforma uma \u00e1rea, ele altera o padr\u00e3o de moradia, o que frequentemente leva ao deslocamento dos residentes mais pobres.<\/p>\n<p>O temor \u00e9 que o PL 574\/2025 acentue essa tend\u00eancia, especialmente em \u00e1reas conhecidas pela sua cultura e diversidade. Bairros que uma vez foram acess\u00edveis podem se tornar inating\u00edveis para a popula\u00e7\u00e3o original, for\u00e7ando-as a se deslocar para regi\u00f5es mais distantes e menos dispon\u00edveis em termos de infraestrutura.<\/p>\n<h2>A Perda de Recursos P\u00fablicos<\/h2>\n<p>Al\u00e9m de seus impactos sociais, o PL tamb\u00e9m causa preocupa\u00e7\u00f5es quanto \u00e0 perda de receita p\u00fablica. A proposta oferece incentivos financeiros, como descontos na outorga onerosa para construtores, o que pode resultar em uma significativa redu\u00e7\u00e3o da arrecada\u00e7\u00e3o municipal.<\/p>\n<p>Esses recursos eram, em sua maioria, destinados a investimentos em habita\u00e7\u00e3o social e outras iniciativas essenciais para o bem-estar da popula\u00e7\u00e3o. Com a diminui\u00e7\u00e3o do fluxo financeiro, o acesso a servi\u00e7os e infraestrutura poder\u00e1 ser comprometido.<\/p>\n<h2>Impactos Culturais e Hist\u00f3ricos<\/h2>\n<p>Outro ponto importante a se considerar \u00e9 o impacto que o PL pode ter sobre a cultura local. \u00c1reas como a Lagoinha e a Floresta t\u00eam uma rica heran\u00e7a cultural e hist\u00f3rica, com pr\u00e1ticas que incluem dan\u00e7as, festas e celebra\u00e7\u00f5es comunit\u00e1rias. A verticaliza\u00e7\u00e3o e a especula\u00e7\u00e3o imobili\u00e1ria amea\u00e7am n\u00e3o apenas o car\u00e1ter desses bairros, mas tamb\u00e9m a preserva\u00e7\u00e3o de pr\u00e1ticas culturais tradicionais.<\/p>\n<p>Projetos que n\u00e3o consideram a singularidade cultural dos locais podem levar \u00e0 homogeneiza\u00e7\u00e3o, onde a identidade social e hist\u00f3rica \u00e9 sacrificada em prol do lucro.<\/p>\n<h2>A Perspectiva dos Moradores<\/h2>\n<p>A voz dos habitantes locais deve ser um fator determinante na an\u00e1lise desse Projeto de Lei. As preocupa\u00e7\u00f5es levantadas por moradores de \u00e1reas afetadas, que j\u00e1 lutam contra a especula\u00e7\u00e3o e a gentrifica\u00e7\u00e3o, precisam ser ouvidas e consideradas. O feedback da comunidade \u00e9 crucial para garantir que futuras decis\u00f5es de desenvolvimento respeitem e preservem o direito \u00e0 cidade.<\/p>\n<h2>Alternativas para o Desenvolvimento Urbano<\/h2>\n<p>Em vez do caminho de incentivos ao mercado imobili\u00e1rio, alternativas mais sustent\u00e1veis e que priorizem a popula\u00e7\u00e3o poderiam ser exploradas. Iniciativas que promovam a revitaliza\u00e7\u00e3o de \u00e1reas urbanas atrav\u00e9s de retrofit, espa\u00e7o p\u00fablico e habita\u00e7\u00e3o social podem trazer benef\u00edcios reais para a comunidade, equilibrando as necessidades de espa\u00e7o com a acessibilidade.<\/p>\n<p>Pol\u00edticas urbanas que incentivam a participa\u00e7\u00e3o da comunidade no planejamento urbano podem resultar em solu\u00e7\u00f5es mais inclusivas e que garantam a preserva\u00e7\u00e3o cultural.<\/p>\n<h2>Pr\u00f3ximos Passos na Tramita\u00e7\u00e3o do PL<\/h2>\n<p>A tramita\u00e7\u00e3o do PL 574\/2025 na C\u00e2mara Municipal de Belo Horizonte est\u00e1 sendo acelerada, sem o debate adequado com a sociedade civil. O projeto deve ser votado em breve, e a popula\u00e7\u00e3o est\u00e1 se organizando para contestar essa aprova\u00e7\u00e3o r\u00e1pida.<\/p>\n<p>\u00c9 importante que as pessoas se mobilizem, participando de discuss\u00f5es e pressionando os vereadores a reavaliar o projeto e considerar as consequ\u00eancias a longo prazo para a cidade.<\/p>\n<h2>O Papel da Sociedade Civil na Discuss\u00e3o<\/h2>\n<p>A sociedade civil desempenha um papel fundamental na contesta\u00e7\u00e3o e na constru\u00e7\u00e3o de um urbanismo que atenda \u00e0s suas necessidades. Atrav\u00e9s de mobiliza\u00e7\u00e3o, reuni\u00f5es comunit\u00e1rias e campanhas de conscientiza\u00e7\u00e3o, \u00e9 poss\u00edvel gerar um forte movimento em favor de moradias dignas e um desenvolvimento urbano sustent\u00e1vel.<\/p>\n<p>Defender a inclus\u00e3o social, a acessibilidade e a valoriza\u00e7\u00e3o cultural em qualquer reforma urban\u00edstica deve ser um dos pilares a serem defendidos nesse processo, garantindo que a cidade de Belo Horizonte n\u00e3o sacrifique seu futuro em nome do lucro r\u00e1pido.<\/p>\n\n<div style=\"font-size: 0px; height: 0px; line-height: 0px; margin: 0; padding: 0; clear: both;\"><\/div>","protected":false},"excerpt":{"rendered":"<p>An\u00e1lise cr\u00edtica do impacto do projeto da PBH no centro e seus efeitos sociais.<\/p>\n","protected":false},"author":1,"featured_media":3838,"comment_status":"closed","ping_status":"closed","sticky":false,"template":"","format":"standard","meta":{"footnotes":""},"categories":[6],"tags":[],"class_list":["post-3839","post","type-post","status-publish","format-standard","has-post-thumbnail","hentry","category-noticias","has_thumb"],"aioseo_notices":[],"aioseo_head":"\n\t\t<!-- All in One SEO 5.0.0.1 - aioseo.com -->\n\t<meta name=\"description\" content=\"An\u00e1lise cr\u00edtica do impacto do projeto da PBH no centro e seus efeitos sociais.\" \/>\n\t<meta name=\"robots\" content=\"max-image-preview:large\" \/>\n\t<meta name=\"author\" content=\"Encontra Belo Horizonte\"\/>\n\t<link rel=\"canonical\" href=\"https:\/\/www.encontrabelohorizonte.com.br\/sobre\/nao-e-requalificacao-especialista-diz-que-projeto-da-pbh-para-o-centro-so-serve-ao-mercado\/\" \/>\n\t<meta name=\"generator\" content=\"All in One SEO (AIOSEO) 5.0.0.1\" \/>\n\t\t<meta property=\"og:locale\" content=\"pt_BR\" \/>\n\t\t<meta property=\"og:site_name\" content=\"Encontra Belo Horizonte | Not\u00edcias, eventos, informa\u00e7\u00f5es e dicas da cidade de Belo Horizonte e regi\u00e3o\" \/>\n\t\t<meta property=\"og:type\" content=\"article\" \/>\n\t\t<meta property=\"og:title\" content=\"\u2018N\u00e3o \u00e9 requalifica\u00e7\u00e3o\u2019: especialista diz que projeto da PBH para o centro s\u00f3 serve ao mercado | Encontra Belo Horizonte\" \/>\n\t\t<meta property=\"og:description\" content=\"An\u00e1lise cr\u00edtica do impacto do projeto da PBH no centro e seus efeitos sociais.\" \/>\n\t\t<meta property=\"og:url\" content=\"https:\/\/www.encontrabelohorizonte.com.br\/sobre\/nao-e-requalificacao-especialista-diz-que-projeto-da-pbh-para-o-centro-so-serve-ao-mercado\/\" \/>\n\t\t<meta property=\"article:published_time\" content=\"2026-04-07T08:27:51+00:00\" \/>\n\t\t<meta property=\"article:modified_time\" content=\"2026-04-07T08:27:51+00:00\" \/>\n\t\t<meta name=\"twitter:card\" content=\"summary\" \/>\n\t\t<meta name=\"twitter:title\" content=\"\u2018N\u00e3o \u00e9 requalifica\u00e7\u00e3o\u2019: especialista diz que projeto da PBH para o centro s\u00f3 serve ao mercado | Encontra Belo Horizonte\" \/>\n\t\t<meta name=\"twitter:description\" content=\"An\u00e1lise cr\u00edtica do impacto do projeto da PBH no centro e seus efeitos sociais.\" \/>\n\t\t<script type=\"application\/ld+json\" class=\"aioseo-schema\">\n\t\t\t{\"@context\":\"https:\\\/\\\/schema.org\",\"@graph\":[{\"@type\":\"Article\",\"@id\":\"https:\\\/\\\/www.encontrabelohorizonte.com.br\\\/sobre\\\/nao-e-requalificacao-especialista-diz-que-projeto-da-pbh-para-o-centro-so-serve-ao-mercado\\\/#article\",\"name\":\"\\u2018N\\u00e3o \\u00e9 requalifica\\u00e7\\u00e3o\\u2019: especialista diz que projeto da PBH para o centro s\\u00f3 serve ao mercado | Encontra Belo Horizonte\",\"headline\":\"\\u2018N\\u00e3o \\u00e9 requalifica\\u00e7\\u00e3o\\u2019: especialista diz que projeto da PBH para o centro s\\u00f3 serve ao mercado\",\"author\":{\"@id\":\"https:\\\/\\\/www.encontrabelohorizonte.com.br\\\/sobre\\\/author\\\/ebelohorizonte\\\/#author\"},\"publisher\":{\"@id\":\"https:\\\/\\\/www.encontrabelohorizonte.com.br\\\/sobre\\\/#organization\"},\"image\":{\"@type\":\"ImageObject\",\"url\":\"https:\\\/\\\/www.encontrabelohorizonte.com.br\\\/sobre\\\/wp-content\\\/uploads\\\/nao-e-requalificacao-especialista-diz-que-projeto-da-pbh-para-o-centro-so-serve-ao-mercado.webp\",\"width\":280,\"height\":280,\"caption\":\"Projeto da PBH para requalifica\\u00e7\\u00e3o do centro\"},\"datePublished\":\"2026-04-07T05:27:51-03:00\",\"dateModified\":\"2026-04-07T05:27:51-03:00\",\"inLanguage\":\"pt-BR\",\"mainEntityOfPage\":{\"@id\":\"https:\\\/\\\/www.encontrabelohorizonte.com.br\\\/sobre\\\/nao-e-requalificacao-especialista-diz-que-projeto-da-pbh-para-o-centro-so-serve-ao-mercado\\\/#webpage\"},\"isPartOf\":{\"@id\":\"https:\\\/\\\/www.encontrabelohorizonte.com.br\\\/sobre\\\/nao-e-requalificacao-especialista-diz-que-projeto-da-pbh-para-o-centro-so-serve-ao-mercado\\\/#webpage\"},\"articleSection\":\"Not\\u00edcias Belo Horizonte\"},{\"@type\":\"BreadcrumbList\",\"@id\":\"https:\\\/\\\/www.encontrabelohorizonte.com.br\\\/sobre\\\/nao-e-requalificacao-especialista-diz-que-projeto-da-pbh-para-o-centro-so-serve-ao-mercado\\\/#breadcrumblist\",\"itemListElement\":[{\"@type\":\"ListItem\",\"@id\":\"https:\\\/\\\/www.encontrabelohorizonte.com.br\\\/sobre#listItem\",\"position\":1,\"name\":\"In\\u00edcio\",\"item\":\"https:\\\/\\\/www.encontrabelohorizonte.com.br\\\/sobre\",\"nextItem\":{\"@type\":\"ListItem\",\"@id\":\"https:\\\/\\\/www.encontrabelohorizonte.com.br\\\/sobre\\\/noticias\\\/#listItem\",\"name\":\"Not\\u00edcias Belo Horizonte\"}},{\"@type\":\"ListItem\",\"@id\":\"https:\\\/\\\/www.encontrabelohorizonte.com.br\\\/sobre\\\/noticias\\\/#listItem\",\"position\":2,\"name\":\"Not\\u00edcias Belo Horizonte\",\"item\":\"https:\\\/\\\/www.encontrabelohorizonte.com.br\\\/sobre\\\/noticias\\\/\",\"nextItem\":{\"@type\":\"ListItem\",\"@id\":\"https:\\\/\\\/www.encontrabelohorizonte.com.br\\\/sobre\\\/nao-e-requalificacao-especialista-diz-que-projeto-da-pbh-para-o-centro-so-serve-ao-mercado\\\/#listItem\",\"name\":\"\\u2018N\\u00e3o \\u00e9 requalifica\\u00e7\\u00e3o\\u2019: especialista diz que projeto da PBH para o centro s\\u00f3 serve ao mercado\"},\"previousItem\":{\"@type\":\"ListItem\",\"@id\":\"https:\\\/\\\/www.encontrabelohorizonte.com.br\\\/sobre#listItem\",\"name\":\"In\\u00edcio\"}},{\"@type\":\"ListItem\",\"@id\":\"https:\\\/\\\/www.encontrabelohorizonte.com.br\\\/sobre\\\/nao-e-requalificacao-especialista-diz-que-projeto-da-pbh-para-o-centro-so-serve-ao-mercado\\\/#listItem\",\"position\":3,\"name\":\"\\u2018N\\u00e3o \\u00e9 requalifica\\u00e7\\u00e3o\\u2019: especialista diz que projeto da PBH para o centro s\\u00f3 serve ao mercado\",\"previousItem\":{\"@type\":\"ListItem\",\"@id\":\"https:\\\/\\\/www.encontrabelohorizonte.com.br\\\/sobre\\\/noticias\\\/#listItem\",\"name\":\"Not\\u00edcias Belo Horizonte\"}}]},{\"@type\":\"Organization\",\"@id\":\"https:\\\/\\\/www.encontrabelohorizonte.com.br\\\/sobre\\\/#organization\",\"name\":\"Encontra Belo Horizonte\",\"description\":\"Not\\u00edcias, eventos, informa\\u00e7\\u00f5es e dicas da cidade de Belo Horizonte e regi\\u00e3o\",\"url\":\"https:\\\/\\\/www.encontrabelohorizonte.com.br\\\/sobre\\\/\"},{\"@type\":\"Person\",\"@id\":\"https:\\\/\\\/www.encontrabelohorizonte.com.br\\\/sobre\\\/author\\\/ebelohorizonte\\\/#author\",\"url\":\"https:\\\/\\\/www.encontrabelohorizonte.com.br\\\/sobre\\\/author\\\/ebelohorizonte\\\/\",\"name\":\"Encontra Belo Horizonte\",\"image\":{\"@type\":\"ImageObject\",\"@id\":\"https:\\\/\\\/www.encontrabelohorizonte.com.br\\\/sobre\\\/nao-e-requalificacao-especialista-diz-que-projeto-da-pbh-para-o-centro-so-serve-ao-mercado\\\/#authorImage\",\"url\":\"https:\\\/\\\/secure.gravatar.com\\\/avatar\\\/507340682b8270222e1f208e23198b6ae7e2c6a1033ae84e99bc6bce4f82a387?s=96&d=mm&r=g\",\"width\":96,\"height\":96,\"caption\":\"Encontra Belo Horizonte\"}},{\"@type\":\"WebPage\",\"@id\":\"https:\\\/\\\/www.encontrabelohorizonte.com.br\\\/sobre\\\/nao-e-requalificacao-especialista-diz-que-projeto-da-pbh-para-o-centro-so-serve-ao-mercado\\\/#webpage\",\"url\":\"https:\\\/\\\/www.encontrabelohorizonte.com.br\\\/sobre\\\/nao-e-requalificacao-especialista-diz-que-projeto-da-pbh-para-o-centro-so-serve-ao-mercado\\\/\",\"name\":\"\\u2018N\\u00e3o \\u00e9 requalifica\\u00e7\\u00e3o\\u2019: especialista diz que projeto da PBH para o centro s\\u00f3 serve ao mercado | Encontra Belo Horizonte\",\"description\":\"An\\u00e1lise cr\\u00edtica do impacto do projeto da PBH no centro e seus efeitos sociais.\",\"inLanguage\":\"pt-BR\",\"isPartOf\":{\"@id\":\"https:\\\/\\\/www.encontrabelohorizonte.com.br\\\/sobre\\\/#website\"},\"breadcrumb\":{\"@id\":\"https:\\\/\\\/www.encontrabelohorizonte.com.br\\\/sobre\\\/nao-e-requalificacao-especialista-diz-que-projeto-da-pbh-para-o-centro-so-serve-ao-mercado\\\/#breadcrumblist\"},\"author\":{\"@id\":\"https:\\\/\\\/www.encontrabelohorizonte.com.br\\\/sobre\\\/author\\\/ebelohorizonte\\\/#author\"},\"creator\":{\"@id\":\"https:\\\/\\\/www.encontrabelohorizonte.com.br\\\/sobre\\\/author\\\/ebelohorizonte\\\/#author\"},\"image\":{\"@type\":\"ImageObject\",\"url\":\"https:\\\/\\\/www.encontrabelohorizonte.com.br\\\/sobre\\\/wp-content\\\/uploads\\\/nao-e-requalificacao-especialista-diz-que-projeto-da-pbh-para-o-centro-so-serve-ao-mercado.webp\",\"@id\":\"https:\\\/\\\/www.encontrabelohorizonte.com.br\\\/sobre\\\/nao-e-requalificacao-especialista-diz-que-projeto-da-pbh-para-o-centro-so-serve-ao-mercado\\\/#mainImage\",\"width\":280,\"height\":280,\"caption\":\"Projeto da PBH para requalifica\\u00e7\\u00e3o do centro\"},\"primaryImageOfPage\":{\"@id\":\"https:\\\/\\\/www.encontrabelohorizonte.com.br\\\/sobre\\\/nao-e-requalificacao-especialista-diz-que-projeto-da-pbh-para-o-centro-so-serve-ao-mercado\\\/#mainImage\"},\"datePublished\":\"2026-04-07T05:27:51-03:00\",\"dateModified\":\"2026-04-07T05:27:51-03:00\"},{\"@type\":\"WebSite\",\"@id\":\"https:\\\/\\\/www.encontrabelohorizonte.com.br\\\/sobre\\\/#website\",\"url\":\"https:\\\/\\\/www.encontrabelohorizonte.com.br\\\/sobre\\\/\",\"name\":\"Encontra Belo Horizonte\",\"description\":\"Not\\u00edcias, eventos, informa\\u00e7\\u00f5es e dicas da cidade de Belo Horizonte e regi\\u00e3o\",\"inLanguage\":\"pt-BR\",\"publisher\":{\"@id\":\"https:\\\/\\\/www.encontrabelohorizonte.com.br\\\/sobre\\\/#organization\"}}]}\n\t\t<\/script>\n\t\t<!-- All in One SEO -->\n\n","aioseo_head_json":{"title":"\u2018N\u00e3o \u00e9 requalifica\u00e7\u00e3o\u2019: especialista diz que projeto da PBH para o centro s\u00f3 serve ao mercado | Encontra Belo Horizonte","description":"An\u00e1lise cr\u00edtica do impacto do projeto da PBH no centro e seus efeitos sociais.","canonical_url":"https:\/\/www.encontrabelohorizonte.com.br\/sobre\/nao-e-requalificacao-especialista-diz-que-projeto-da-pbh-para-o-centro-so-serve-ao-mercado\/","robots":"max-image-preview:large","keywords":"","webmasterTools":{"miscellaneous":""},"schema":{"@context":"https:\/\/schema.org","@graph":[{"@type":"Article","@id":"https:\/\/www.encontrabelohorizonte.com.br\/sobre\/nao-e-requalificacao-especialista-diz-que-projeto-da-pbh-para-o-centro-so-serve-ao-mercado\/#article","name":"\u2018N\u00e3o \u00e9 requalifica\u00e7\u00e3o\u2019: especialista diz que projeto da PBH para o centro s\u00f3 serve ao mercado | Encontra Belo Horizonte","headline":"\u2018N\u00e3o \u00e9 requalifica\u00e7\u00e3o\u2019: especialista diz que projeto da PBH para o centro s\u00f3 serve ao mercado","author":{"@id":"https:\/\/www.encontrabelohorizonte.com.br\/sobre\/author\/ebelohorizonte\/#author"},"publisher":{"@id":"https:\/\/www.encontrabelohorizonte.com.br\/sobre\/#organization"},"image":{"@type":"ImageObject","url":"https:\/\/www.encontrabelohorizonte.com.br\/sobre\/wp-content\/uploads\/nao-e-requalificacao-especialista-diz-que-projeto-da-pbh-para-o-centro-so-serve-ao-mercado.webp","width":280,"height":280,"caption":"Projeto da PBH para requalifica\u00e7\u00e3o do centro"},"datePublished":"2026-04-07T05:27:51-03:00","dateModified":"2026-04-07T05:27:51-03:00","inLanguage":"pt-BR","mainEntityOfPage":{"@id":"https:\/\/www.encontrabelohorizonte.com.br\/sobre\/nao-e-requalificacao-especialista-diz-que-projeto-da-pbh-para-o-centro-so-serve-ao-mercado\/#webpage"},"isPartOf":{"@id":"https:\/\/www.encontrabelohorizonte.com.br\/sobre\/nao-e-requalificacao-especialista-diz-que-projeto-da-pbh-para-o-centro-so-serve-ao-mercado\/#webpage"},"articleSection":"Not\u00edcias Belo Horizonte"},{"@type":"BreadcrumbList","@id":"https:\/\/www.encontrabelohorizonte.com.br\/sobre\/nao-e-requalificacao-especialista-diz-que-projeto-da-pbh-para-o-centro-so-serve-ao-mercado\/#breadcrumblist","itemListElement":[{"@type":"ListItem","@id":"https:\/\/www.encontrabelohorizonte.com.br\/sobre#listItem","position":1,"name":"In\u00edcio","item":"https:\/\/www.encontrabelohorizonte.com.br\/sobre","nextItem":{"@type":"ListItem","@id":"https:\/\/www.encontrabelohorizonte.com.br\/sobre\/noticias\/#listItem","name":"Not\u00edcias Belo Horizonte"}},{"@type":"ListItem","@id":"https:\/\/www.encontrabelohorizonte.com.br\/sobre\/noticias\/#listItem","position":2,"name":"Not\u00edcias Belo Horizonte","item":"https:\/\/www.encontrabelohorizonte.com.br\/sobre\/noticias\/","nextItem":{"@type":"ListItem","@id":"https:\/\/www.encontrabelohorizonte.com.br\/sobre\/nao-e-requalificacao-especialista-diz-que-projeto-da-pbh-para-o-centro-so-serve-ao-mercado\/#listItem","name":"\u2018N\u00e3o \u00e9 requalifica\u00e7\u00e3o\u2019: especialista diz que projeto da PBH para o centro s\u00f3 serve ao mercado"},"previousItem":{"@type":"ListItem","@id":"https:\/\/www.encontrabelohorizonte.com.br\/sobre#listItem","name":"In\u00edcio"}},{"@type":"ListItem","@id":"https:\/\/www.encontrabelohorizonte.com.br\/sobre\/nao-e-requalificacao-especialista-diz-que-projeto-da-pbh-para-o-centro-so-serve-ao-mercado\/#listItem","position":3,"name":"\u2018N\u00e3o \u00e9 requalifica\u00e7\u00e3o\u2019: especialista diz que projeto da PBH para o centro s\u00f3 serve ao mercado","previousItem":{"@type":"ListItem","@id":"https:\/\/www.encontrabelohorizonte.com.br\/sobre\/noticias\/#listItem","name":"Not\u00edcias Belo Horizonte"}}]},{"@type":"Organization","@id":"https:\/\/www.encontrabelohorizonte.com.br\/sobre\/#organization","name":"Encontra Belo Horizonte","description":"Not\u00edcias, eventos, informa\u00e7\u00f5es e dicas da cidade de Belo Horizonte e regi\u00e3o","url":"https:\/\/www.encontrabelohorizonte.com.br\/sobre\/"},{"@type":"Person","@id":"https:\/\/www.encontrabelohorizonte.com.br\/sobre\/author\/ebelohorizonte\/#author","url":"https:\/\/www.encontrabelohorizonte.com.br\/sobre\/author\/ebelohorizonte\/","name":"Encontra Belo Horizonte","image":{"@type":"ImageObject","@id":"https:\/\/www.encontrabelohorizonte.com.br\/sobre\/nao-e-requalificacao-especialista-diz-que-projeto-da-pbh-para-o-centro-so-serve-ao-mercado\/#authorImage","url":"https:\/\/secure.gravatar.com\/avatar\/507340682b8270222e1f208e23198b6ae7e2c6a1033ae84e99bc6bce4f82a387?s=96&d=mm&r=g","width":96,"height":96,"caption":"Encontra Belo Horizonte"}},{"@type":"WebPage","@id":"https:\/\/www.encontrabelohorizonte.com.br\/sobre\/nao-e-requalificacao-especialista-diz-que-projeto-da-pbh-para-o-centro-so-serve-ao-mercado\/#webpage","url":"https:\/\/www.encontrabelohorizonte.com.br\/sobre\/nao-e-requalificacao-especialista-diz-que-projeto-da-pbh-para-o-centro-so-serve-ao-mercado\/","name":"\u2018N\u00e3o \u00e9 requalifica\u00e7\u00e3o\u2019: especialista diz que projeto da PBH para o centro s\u00f3 serve ao mercado | Encontra Belo Horizonte","description":"An\u00e1lise cr\u00edtica do impacto do projeto da PBH no centro e seus efeitos sociais.","inLanguage":"pt-BR","isPartOf":{"@id":"https:\/\/www.encontrabelohorizonte.com.br\/sobre\/#website"},"breadcrumb":{"@id":"https:\/\/www.encontrabelohorizonte.com.br\/sobre\/nao-e-requalificacao-especialista-diz-que-projeto-da-pbh-para-o-centro-so-serve-ao-mercado\/#breadcrumblist"},"author":{"@id":"https:\/\/www.encontrabelohorizonte.com.br\/sobre\/author\/ebelohorizonte\/#author"},"creator":{"@id":"https:\/\/www.encontrabelohorizonte.com.br\/sobre\/author\/ebelohorizonte\/#author"},"image":{"@type":"ImageObject","url":"https:\/\/www.encontrabelohorizonte.com.br\/sobre\/wp-content\/uploads\/nao-e-requalificacao-especialista-diz-que-projeto-da-pbh-para-o-centro-so-serve-ao-mercado.webp","@id":"https:\/\/www.encontrabelohorizonte.com.br\/sobre\/nao-e-requalificacao-especialista-diz-que-projeto-da-pbh-para-o-centro-so-serve-ao-mercado\/#mainImage","width":280,"height":280,"caption":"Projeto da PBH para requalifica\u00e7\u00e3o do centro"},"primaryImageOfPage":{"@id":"https:\/\/www.encontrabelohorizonte.com.br\/sobre\/nao-e-requalificacao-especialista-diz-que-projeto-da-pbh-para-o-centro-so-serve-ao-mercado\/#mainImage"},"datePublished":"2026-04-07T05:27:51-03:00","dateModified":"2026-04-07T05:27:51-03:00"},{"@type":"WebSite","@id":"https:\/\/www.encontrabelohorizonte.com.br\/sobre\/#website","url":"https:\/\/www.encontrabelohorizonte.com.br\/sobre\/","name":"Encontra Belo Horizonte","description":"Not\u00edcias, eventos, informa\u00e7\u00f5es e dicas da cidade de Belo Horizonte e regi\u00e3o","inLanguage":"pt-BR","publisher":{"@id":"https:\/\/www.encontrabelohorizonte.com.br\/sobre\/#organization"}}]},"og:locale":"pt_BR","og:site_name":"Encontra Belo Horizonte | Not\u00edcias, eventos, informa\u00e7\u00f5es e dicas da cidade de Belo Horizonte e regi\u00e3o","og:type":"article","og:title":"\u2018N\u00e3o \u00e9 requalifica\u00e7\u00e3o\u2019: especialista diz que projeto da PBH para o centro s\u00f3 serve ao mercado | Encontra Belo Horizonte","og:description":"An\u00e1lise cr\u00edtica do impacto do projeto da PBH no centro e seus efeitos sociais.","og:url":"https:\/\/www.encontrabelohorizonte.com.br\/sobre\/nao-e-requalificacao-especialista-diz-que-projeto-da-pbh-para-o-centro-so-serve-ao-mercado\/","article:published_time":"2026-04-07T08:27:51+00:00","article:modified_time":"2026-04-07T08:27:51+00:00","twitter:card":"summary","twitter:title":"\u2018N\u00e3o \u00e9 requalifica\u00e7\u00e3o\u2019: especialista diz que projeto da PBH para o centro s\u00f3 serve ao mercado | Encontra Belo Horizonte","twitter:description":"An\u00e1lise cr\u00edtica do impacto do projeto da PBH no centro e seus efeitos sociais."},"aioseo_meta_data":{"post_id":"3839","title":null,"description":null,"keywords":null,"keyphrases":null,"primary_term":null,"canonical_url":null,"og_title":null,"og_description":null,"og_object_type":"default","og_image_type":"default","og_image_url":null,"og_image_width":null,"og_image_height":null,"og_image_custom_url":null,"og_image_custom_fields":null,"og_video":null,"og_custom_url":null,"og_article_section":null,"og_article_tags":null,"twitter_use_og":false,"twitter_card":"default","twitter_image_type":"default","twitter_image_url":null,"twitter_image_custom_url":null,"twitter_image_custom_fields":null,"twitter_title":null,"twitter_description":null,"schema":{"blockGraphs":[],"customGraphs":[],"default":{"data":{"Article":[],"Course":[],"Dataset":[],"FAQPage":[],"Movie":[],"Person":[],"Product":[],"ProductReview":[],"Car":[],"Recipe":[],"Service":[],"SoftwareApplication":[],"WebPage":[]},"graphName":"","isEnabled":true},"graphs":[]},"schema_type":"default","schema_type_options":null,"pillar_content":false,"robots_default":true,"robots_noindex":false,"robots_noarchive":false,"robots_nosnippet":false,"robots_nofollow":false,"robots_noimageindex":false,"robots_noodp":false,"robots_notranslate":false,"robots_max_snippet":null,"robots_max_videopreview":null,"robots_max_imagepreview":"large","priority":null,"frequency":null,"local_seo":null,"breadcrumb_settings":null,"limit_modified_date":false,"ai":null,"created":"2026-04-07 08:33:04","updated":"2026-04-07 08:33:04","focus_keyword":null,"additional_keywords":null,"truseo_locale":null,"seo_analyzer_scan_date":null},"aioseo_breadcrumb":"<div class=\"aioseo-breadcrumbs\"><span class=\"aioseo-breadcrumb\">\n\t\t\t<a href=\"https:\/\/www.encontrabelohorizonte.com.br\/sobre\" title=\"In\u00edcio\">In\u00edcio<\/a>\n\t\t<\/span><span class=\"aioseo-breadcrumb-separator\">&raquo;<\/span><span class=\"aioseo-breadcrumb\">\n\t\t\t<a href=\"https:\/\/www.encontrabelohorizonte.com.br\/sobre\/noticias\/\" title=\"Not\u00edcias Belo Horizonte\">Not\u00edcias Belo Horizonte<\/a>\n\t\t<\/span><span class=\"aioseo-breadcrumb-separator\">&raquo;<\/span><span class=\"aioseo-breadcrumb\">\n\t\t\t\u2018N\u00e3o \u00e9 requalifica\u00e7\u00e3o\u2019: especialista diz que projeto da PBH para o centro s\u00f3 serve ao mercado\n\t\t<\/span><\/div>","aioseo_breadcrumb_json":[{"label":"In\u00edcio","link":"https:\/\/www.encontrabelohorizonte.com.br\/sobre"},{"label":"Not\u00edcias Belo Horizonte","link":"https:\/\/www.encontrabelohorizonte.com.br\/sobre\/noticias\/"},{"label":"\u2018N\u00e3o \u00e9 requalifica\u00e7\u00e3o\u2019: especialista diz que projeto da PBH para o centro s\u00f3 serve ao mercado","link":"https:\/\/www.encontrabelohorizonte.com.br\/sobre\/nao-e-requalificacao-especialista-diz-que-projeto-da-pbh-para-o-centro-so-serve-ao-mercado\/"}],"_links":{"self":[{"href":"https:\/\/www.encontrabelohorizonte.com.br\/sobre\/wp-json\/wp\/v2\/posts\/3839","targetHints":{"allow":["GET"]}}],"collection":[{"href":"https:\/\/www.encontrabelohorizonte.com.br\/sobre\/wp-json\/wp\/v2\/posts"}],"about":[{"href":"https:\/\/www.encontrabelohorizonte.com.br\/sobre\/wp-json\/wp\/v2\/types\/post"}],"author":[{"embeddable":true,"href":"https:\/\/www.encontrabelohorizonte.com.br\/sobre\/wp-json\/wp\/v2\/users\/1"}],"replies":[{"embeddable":true,"href":"https:\/\/www.encontrabelohorizonte.com.br\/sobre\/wp-json\/wp\/v2\/comments?post=3839"}],"version-history":[{"count":0,"href":"https:\/\/www.encontrabelohorizonte.com.br\/sobre\/wp-json\/wp\/v2\/posts\/3839\/revisions"}],"wp:featuredmedia":[{"embeddable":true,"href":"https:\/\/www.encontrabelohorizonte.com.br\/sobre\/wp-json\/wp\/v2\/media\/3838"}],"wp:attachment":[{"href":"https:\/\/www.encontrabelohorizonte.com.br\/sobre\/wp-json\/wp\/v2\/media?parent=3839"}],"wp:term":[{"taxonomy":"category","embeddable":true,"href":"https:\/\/www.encontrabelohorizonte.com.br\/sobre\/wp-json\/wp\/v2\/categories?post=3839"},{"taxonomy":"post_tag","embeddable":true,"href":"https:\/\/www.encontrabelohorizonte.com.br\/sobre\/wp-json\/wp\/v2\/tags?post=3839"}],"curies":[{"name":"wp","href":"https:\/\/api.w.org\/{rel}","templated":true}]}}