{"id":3871,"date":"2026-04-13T05:28:01","date_gmt":"2026-04-13T08:28:01","guid":{"rendered":"https:\/\/www.encontrabelohorizonte.com.br\/sobre\/prefeitura-de-belo-horizonte-vai-decretar-situacao-de-emergencia-por-alta-em-doencas-respiratorias\/"},"modified":"2026-04-13T05:28:01","modified_gmt":"2026-04-13T08:28:01","slug":"prefeitura-de-belo-horizonte-vai-decretar-situacao-de-emergencia-por-alta-em-doencas-respiratorias","status":"publish","type":"post","link":"https:\/\/www.encontrabelohorizonte.com.br\/sobre\/prefeitura-de-belo-horizonte-vai-decretar-situacao-de-emergencia-por-alta-em-doencas-respiratorias\/","title":{"rendered":"Prefeitura de Belo Horizonte vai decretar situa\u00e7\u00e3o de emerg\u00eancia por alta em doen\u00e7as respirat\u00f3rias"},"content":{"rendered":"<div class=\"2e083cf0b19e2c11948dc6ac054ba979\" data-index=\"1\" style=\"float: none; margin:0px;\">\n<!-- Anuncio display - global -->\r\n<ins class=\"adsbygoogle\"\r\n     style=\"display:block\"\r\n     data-ad-client=\"ca-pub-8585364105181520\"\r\n     data-ad-slot=\"8789329856\"\r\n     data-ad-format=\"auto\"\r\n     data-full-width-responsive=\"true\"><\/ins>\r\n<script>\r\n     (adsbygoogle = window.adsbygoogle || []).push({});\r\n<\/script>\n<\/div>\n<h2>Aumento de Casos de Doen\u00e7as Respirat\u00f3rias<\/h2>\n<p>Nas \u00faltimas semanas, a frequ\u00eancia de atendimentos relacionados a doen\u00e7as respirat\u00f3rias em Belo Horizonte cresceu de maneira alarmante, levando a Prefeitura a tomar medidas dr\u00e1sticas. Dados recentes indicam que, entre fevereiro e mar\u00e7o, houve um aumento de 87% na procura por atendimento m\u00e9dico, demonstrando uma clara necessidade de a\u00e7\u00e3o imediata para conter essa onda de doen\u00e7as.<\/p>\n<h2>O que Leva \u00e0 Situa\u00e7\u00e3o de Emerg\u00eancia?<\/h2>\n<p>A declara\u00e7\u00e3o de situa\u00e7\u00e3o de emerg\u00eancia se baseia no elevado n\u00famero de diagn\u00f3sticos registrados e na previs\u00e3o de que os casos continuar\u00e3o a aumentar nas pr\u00f3ximas semanas. Profissionais de sa\u00fade alertam que a ocupa\u00e7\u00e3o das unidades de atendimento pode se tornar insustent\u00e1vel, exigeendo um esfor\u00e7o significativo para mitigar a sobrecarga nos servi\u00e7os de sa\u00fade p\u00fablica.<\/p>\n<h2>Import\u00e2ncia da Vacina\u00e7\u00e3o em Tempos de Crise<\/h2>\n<p>Em resposta ao aumento dos casos, a vacina\u00e7\u00e3o contra a gripe e outras doen\u00e7as respirat\u00f3rias emergiu como uma estrat\u00e9gia central. Autoridades de sa\u00fade enfatizam a necessidade de que a popula\u00e7\u00e3o se vacine, especialmente grupos vulner\u00e1veis, como crian\u00e7as e idosos. A vacina\u00e7\u00e3o \u00e9 uma das formas mais eficazes de prevenir complica\u00e7\u00f5es graves e reduzir hospitaliza\u00e7\u00f5es.<\/p>\n<h2>Impacto nas Unidades de Sa\u00fade<\/h2>\n<p>As Unidades de Pronto Atendimento (UPA) e os Centros de Sa\u00fade t\u00eam registrado um aumento dr\u00e1stico no n\u00famero de consultas. Com a preval\u00eancia de doen\u00e7as respirat\u00f3rias, as unidades de sa\u00fade est\u00e3o se preparando para um poss\u00edvel colapso se as tend\u00eancias atuais continuarem. As autoridades est\u00e3o considerando a amplia\u00e7\u00e3o do n\u00famero de leitos e a contrata\u00e7\u00e3o de mais profissionais de sa\u00fade para lidar com essa crise.<\/p>\n<h2>Quem Est\u00e1 Mais Vulner\u00e1vel?<\/h2>\n<p>Os grupos mais afetados por essa situa\u00e7\u00e3o s\u00e3o os idosos com mais de 65 anos e crian\u00e7as com menos de 2 anos. A fragilidade do sistema imunol\u00f3gico desses indiv\u00edduos os torna particularmente suscept\u00edveis a complica\u00e7\u00f5es. \u00c9 crucial que esses grupos sejam priorizados no acesso aos servi\u00e7os de sa\u00fade e vacinas.<\/p>\n<h2>Estrat\u00e9gias de Atendimento na Emerg\u00eancia<\/h2>\n<p>Para atenuar a situa\u00e7\u00e3o emergencial, o governo estadual j\u00e1 anunciou a cria\u00e7\u00e3o de novos leitos de UTI e enfermaria, al\u00e9m do refor\u00e7o nas equipes m\u00e9dicas. Essas medidas visam garantir que todos os pacientes possam receber o cuidado necess\u00e1rio sem demora. A agilidade no atendimento se torna essencial, dada a natureza contagiosa das doen\u00e7as respirat\u00f3rias.<\/p>\n<h2>Dados Alarmantes sobre a Sa\u00fade P\u00fablica<\/h2>\n<p>A situa\u00e7\u00e3o em Minas Gerais reflete uma realidade preocupante: o aumento nos casos de doen\u00e7as respirat\u00f3rias n\u00e3o \u00e9 um fen\u00f4meno isolado e est\u00e1 intrinsecamente ligado \u00e0 mobilidade urbana e aos padr\u00f5es clim\u00e1ticos da regi\u00e3o. Portanto, uma an\u00e1lise detalhada e urgente da sa\u00fade p\u00fablica \u00e9 necess\u00e1ria para implementar medidas eficazes de conten\u00e7\u00e3o.<\/p>\n<h2>A Rea\u00e7\u00e3o da Popula\u00e7\u00e3o e Autoridades<\/h2>\n<p>Representantes da Prefeitura e do governo estadual se manifestaram sobre a gravidade da situa\u00e7\u00e3o. Em declara\u00e7\u00f5es p\u00fablicas, enfatizaram a import\u00e2ncia do engajamento da popula\u00e7\u00e3o na vacina\u00e7\u00e3o e na ado\u00e7\u00e3o de medidas de prote\u00e7\u00e3o, como o uso de m\u00e1scaras e a pr\u00e1tica de higiene adequada. O apoio da comunidade \u00e9 fundamental para combater essa escalada.<\/p>\n<h2>Como Proteger-se das Doen\u00e7as Respirat\u00f3rias<\/h2>\n<p>A preven\u00e7\u00e3o \u00e9 um dos pilares mais importantes a serem considerados nessa fase. Medidas como:<\/p>\n<ul>\n<li>Uso de m\u00e1scaras em locais fechados e com aglomera\u00e7\u00f5es;<\/li>\n<li>Pr\u00e1tica de higiene das m\u00e3os com frequ\u00eancia;<\/li>\n<li>Evitar contato pr\u00f3ximo com pessoas doentes;<\/li>\n<li>Manter ambientes ventilados e limpos;<\/li>\n<li>Aplicar as vacinas recomendadas.<\/li>\n<\/ul>\n<h2>Pr\u00f3ximos Passos e Expectativas para a Sa\u00fade<\/h2>\n<p>O futuro pr\u00f3ximo exige um olhar atento \u00e0s estrat\u00e9gias estabelecidas para enfrentar essa crise. Novas campanhas de vacina\u00e7\u00e3o est\u00e3o sendo organizadas, e \u00e9 fundamental que as autoridades continuem monitorando a situa\u00e7\u00e3o de perto, adaptando as estrat\u00e9gias conforme necess\u00e1rio. A colabora\u00e7\u00e3o entre governos, profissionais de sa\u00fade e a popula\u00e7\u00e3o ser\u00e1 vital para controlar a dissemina\u00e7\u00e3o de doen\u00e7as respirat\u00f3rias e proteger a sa\u00fade p\u00fablica.<\/p>\n\n<div style=\"font-size: 0px; height: 0px; line-height: 0px; margin: 0; padding: 0; clear: both;\"><\/div>","protected":false},"excerpt":{"rendered":"<p>Belo Horizonte declara emerg\u00eancia em sa\u00fade devido ao aumento de doen\u00e7as respirat\u00f3rias na cidade.<\/p>\n","protected":false},"author":1,"featured_media":0,"comment_status":"closed","ping_status":"closed","sticky":false,"template":"","format":"standard","meta":{"footnotes":""},"categories":[42],"tags":[],"class_list":["post-3871","post","type-post","status-publish","format-standard","hentry","category-saude"],"aioseo_notices":[],"aioseo_head":"\n\t\t<!-- All in One SEO 5.0.0.1 - aioseo.com -->\n\t<meta name=\"description\" content=\"Belo Horizonte declara emerg\u00eancia em sa\u00fade devido ao aumento de doen\u00e7as respirat\u00f3rias na cidade.\" \/>\n\t<meta name=\"robots\" content=\"max-image-preview:large\" \/>\n\t<meta name=\"author\" content=\"Encontra Belo Horizonte\"\/>\n\t<link rel=\"canonical\" href=\"https:\/\/www.encontrabelohorizonte.com.br\/sobre\/prefeitura-de-belo-horizonte-vai-decretar-situacao-de-emergencia-por-alta-em-doencas-respiratorias\/\" \/>\n\t<meta name=\"generator\" content=\"All in One SEO (AIOSEO) 5.0.0.1\" \/>\n\t\t<meta property=\"og:locale\" content=\"pt_BR\" \/>\n\t\t<meta property=\"og:site_name\" content=\"Encontra Belo Horizonte | Not\u00edcias, eventos, informa\u00e7\u00f5es e dicas da cidade de Belo Horizonte e regi\u00e3o\" \/>\n\t\t<meta property=\"og:type\" content=\"article\" \/>\n\t\t<meta property=\"og:title\" content=\"Prefeitura de Belo Horizonte vai decretar situa\u00e7\u00e3o de emerg\u00eancia por alta em doen\u00e7as respirat\u00f3rias | Encontra Belo Horizonte\" \/>\n\t\t<meta property=\"og:description\" content=\"Belo Horizonte declara emerg\u00eancia em sa\u00fade devido ao aumento de doen\u00e7as respirat\u00f3rias na cidade.\" \/>\n\t\t<meta property=\"og:url\" content=\"https:\/\/www.encontrabelohorizonte.com.br\/sobre\/prefeitura-de-belo-horizonte-vai-decretar-situacao-de-emergencia-por-alta-em-doencas-respiratorias\/\" \/>\n\t\t<meta property=\"article:published_time\" content=\"2026-04-13T08:28:01+00:00\" \/>\n\t\t<meta property=\"article:modified_time\" content=\"2026-04-13T08:28:01+00:00\" \/>\n\t\t<meta name=\"twitter:card\" content=\"summary\" \/>\n\t\t<meta name=\"twitter:title\" content=\"Prefeitura de Belo Horizonte vai decretar situa\u00e7\u00e3o de emerg\u00eancia por alta em doen\u00e7as respirat\u00f3rias | Encontra Belo Horizonte\" \/>\n\t\t<meta name=\"twitter:description\" content=\"Belo Horizonte declara emerg\u00eancia em sa\u00fade devido ao aumento de doen\u00e7as respirat\u00f3rias na cidade.\" \/>\n\t\t<script type=\"application\/ld+json\" class=\"aioseo-schema\">\n\t\t\t{\"@context\":\"https:\\\/\\\/schema.org\",\"@graph\":[{\"@type\":\"Article\",\"@id\":\"https:\\\/\\\/www.encontrabelohorizonte.com.br\\\/sobre\\\/prefeitura-de-belo-horizonte-vai-decretar-situacao-de-emergencia-por-alta-em-doencas-respiratorias\\\/#article\",\"name\":\"Prefeitura de Belo Horizonte vai decretar situa\\u00e7\\u00e3o de emerg\\u00eancia por alta em doen\\u00e7as respirat\\u00f3rias | Encontra Belo Horizonte\",\"headline\":\"Prefeitura de Belo Horizonte vai decretar situa\\u00e7\\u00e3o de emerg\\u00eancia por alta em doen\\u00e7as respirat\\u00f3rias\",\"author\":{\"@id\":\"https:\\\/\\\/www.encontrabelohorizonte.com.br\\\/sobre\\\/author\\\/ebelohorizonte\\\/#author\"},\"publisher\":{\"@id\":\"https:\\\/\\\/www.encontrabelohorizonte.com.br\\\/sobre\\\/#organization\"},\"datePublished\":\"2026-04-13T05:28:01-03:00\",\"dateModified\":\"2026-04-13T05:28:01-03:00\",\"inLanguage\":\"pt-BR\",\"mainEntityOfPage\":{\"@id\":\"https:\\\/\\\/www.encontrabelohorizonte.com.br\\\/sobre\\\/prefeitura-de-belo-horizonte-vai-decretar-situacao-de-emergencia-por-alta-em-doencas-respiratorias\\\/#webpage\"},\"isPartOf\":{\"@id\":\"https:\\\/\\\/www.encontrabelohorizonte.com.br\\\/sobre\\\/prefeitura-de-belo-horizonte-vai-decretar-situacao-de-emergencia-por-alta-em-doencas-respiratorias\\\/#webpage\"},\"articleSection\":\"Sa\\u00fade Belo Horizonte\"},{\"@type\":\"BreadcrumbList\",\"@id\":\"https:\\\/\\\/www.encontrabelohorizonte.com.br\\\/sobre\\\/prefeitura-de-belo-horizonte-vai-decretar-situacao-de-emergencia-por-alta-em-doencas-respiratorias\\\/#breadcrumblist\",\"itemListElement\":[{\"@type\":\"ListItem\",\"@id\":\"https:\\\/\\\/www.encontrabelohorizonte.com.br\\\/sobre#listItem\",\"position\":1,\"name\":\"In\\u00edcio\",\"item\":\"https:\\\/\\\/www.encontrabelohorizonte.com.br\\\/sobre\",\"nextItem\":{\"@type\":\"ListItem\",\"@id\":\"https:\\\/\\\/www.encontrabelohorizonte.com.br\\\/sobre\\\/saude\\\/#listItem\",\"name\":\"Sa\\u00fade Belo Horizonte\"}},{\"@type\":\"ListItem\",\"@id\":\"https:\\\/\\\/www.encontrabelohorizonte.com.br\\\/sobre\\\/saude\\\/#listItem\",\"position\":2,\"name\":\"Sa\\u00fade Belo Horizonte\",\"item\":\"https:\\\/\\\/www.encontrabelohorizonte.com.br\\\/sobre\\\/saude\\\/\",\"nextItem\":{\"@type\":\"ListItem\",\"@id\":\"https:\\\/\\\/www.encontrabelohorizonte.com.br\\\/sobre\\\/prefeitura-de-belo-horizonte-vai-decretar-situacao-de-emergencia-por-alta-em-doencas-respiratorias\\\/#listItem\",\"name\":\"Prefeitura de Belo Horizonte vai decretar situa\\u00e7\\u00e3o de emerg\\u00eancia por alta em doen\\u00e7as respirat\\u00f3rias\"},\"previousItem\":{\"@type\":\"ListItem\",\"@id\":\"https:\\\/\\\/www.encontrabelohorizonte.com.br\\\/sobre#listItem\",\"name\":\"In\\u00edcio\"}},{\"@type\":\"ListItem\",\"@id\":\"https:\\\/\\\/www.encontrabelohorizonte.com.br\\\/sobre\\\/prefeitura-de-belo-horizonte-vai-decretar-situacao-de-emergencia-por-alta-em-doencas-respiratorias\\\/#listItem\",\"position\":3,\"name\":\"Prefeitura de Belo Horizonte vai decretar situa\\u00e7\\u00e3o de emerg\\u00eancia por alta em doen\\u00e7as respirat\\u00f3rias\",\"previousItem\":{\"@type\":\"ListItem\",\"@id\":\"https:\\\/\\\/www.encontrabelohorizonte.com.br\\\/sobre\\\/saude\\\/#listItem\",\"name\":\"Sa\\u00fade Belo Horizonte\"}}]},{\"@type\":\"Organization\",\"@id\":\"https:\\\/\\\/www.encontrabelohorizonte.com.br\\\/sobre\\\/#organization\",\"name\":\"Encontra Belo Horizonte\",\"description\":\"Not\\u00edcias, eventos, informa\\u00e7\\u00f5es e dicas da cidade de Belo Horizonte e regi\\u00e3o\",\"url\":\"https:\\\/\\\/www.encontrabelohorizonte.com.br\\\/sobre\\\/\"},{\"@type\":\"Person\",\"@id\":\"https:\\\/\\\/www.encontrabelohorizonte.com.br\\\/sobre\\\/author\\\/ebelohorizonte\\\/#author\",\"url\":\"https:\\\/\\\/www.encontrabelohorizonte.com.br\\\/sobre\\\/author\\\/ebelohorizonte\\\/\",\"name\":\"Encontra Belo Horizonte\",\"image\":{\"@type\":\"ImageObject\",\"@id\":\"https:\\\/\\\/www.encontrabelohorizonte.com.br\\\/sobre\\\/prefeitura-de-belo-horizonte-vai-decretar-situacao-de-emergencia-por-alta-em-doencas-respiratorias\\\/#authorImage\",\"url\":\"https:\\\/\\\/secure.gravatar.com\\\/avatar\\\/507340682b8270222e1f208e23198b6ae7e2c6a1033ae84e99bc6bce4f82a387?s=96&d=mm&r=g\",\"width\":96,\"height\":96,\"caption\":\"Encontra Belo Horizonte\"}},{\"@type\":\"WebPage\",\"@id\":\"https:\\\/\\\/www.encontrabelohorizonte.com.br\\\/sobre\\\/prefeitura-de-belo-horizonte-vai-decretar-situacao-de-emergencia-por-alta-em-doencas-respiratorias\\\/#webpage\",\"url\":\"https:\\\/\\\/www.encontrabelohorizonte.com.br\\\/sobre\\\/prefeitura-de-belo-horizonte-vai-decretar-situacao-de-emergencia-por-alta-em-doencas-respiratorias\\\/\",\"name\":\"Prefeitura de Belo Horizonte vai decretar situa\\u00e7\\u00e3o de emerg\\u00eancia por alta em doen\\u00e7as respirat\\u00f3rias | Encontra Belo Horizonte\",\"description\":\"Belo Horizonte declara emerg\\u00eancia em sa\\u00fade devido ao aumento de doen\\u00e7as respirat\\u00f3rias na cidade.\",\"inLanguage\":\"pt-BR\",\"isPartOf\":{\"@id\":\"https:\\\/\\\/www.encontrabelohorizonte.com.br\\\/sobre\\\/#website\"},\"breadcrumb\":{\"@id\":\"https:\\\/\\\/www.encontrabelohorizonte.com.br\\\/sobre\\\/prefeitura-de-belo-horizonte-vai-decretar-situacao-de-emergencia-por-alta-em-doencas-respiratorias\\\/#breadcrumblist\"},\"author\":{\"@id\":\"https:\\\/\\\/www.encontrabelohorizonte.com.br\\\/sobre\\\/author\\\/ebelohorizonte\\\/#author\"},\"creator\":{\"@id\":\"https:\\\/\\\/www.encontrabelohorizonte.com.br\\\/sobre\\\/author\\\/ebelohorizonte\\\/#author\"},\"datePublished\":\"2026-04-13T05:28:01-03:00\",\"dateModified\":\"2026-04-13T05:28:01-03:00\"},{\"@type\":\"WebSite\",\"@id\":\"https:\\\/\\\/www.encontrabelohorizonte.com.br\\\/sobre\\\/#website\",\"url\":\"https:\\\/\\\/www.encontrabelohorizonte.com.br\\\/sobre\\\/\",\"name\":\"Encontra Belo Horizonte\",\"description\":\"Not\\u00edcias, eventos, informa\\u00e7\\u00f5es e dicas da cidade de Belo Horizonte e regi\\u00e3o\",\"inLanguage\":\"pt-BR\",\"publisher\":{\"@id\":\"https:\\\/\\\/www.encontrabelohorizonte.com.br\\\/sobre\\\/#organization\"}}]}\n\t\t<\/script>\n\t\t<!-- All in One SEO -->\n\n","aioseo_head_json":{"title":"Prefeitura de Belo Horizonte vai decretar situa\u00e7\u00e3o de emerg\u00eancia por alta em doen\u00e7as respirat\u00f3rias | Encontra Belo Horizonte","description":"Belo Horizonte declara emerg\u00eancia em sa\u00fade devido ao aumento de doen\u00e7as respirat\u00f3rias na cidade.","canonical_url":"https:\/\/www.encontrabelohorizonte.com.br\/sobre\/prefeitura-de-belo-horizonte-vai-decretar-situacao-de-emergencia-por-alta-em-doencas-respiratorias\/","robots":"max-image-preview:large","keywords":"","webmasterTools":{"miscellaneous":""},"schema":{"@context":"https:\/\/schema.org","@graph":[{"@type":"Article","@id":"https:\/\/www.encontrabelohorizonte.com.br\/sobre\/prefeitura-de-belo-horizonte-vai-decretar-situacao-de-emergencia-por-alta-em-doencas-respiratorias\/#article","name":"Prefeitura de Belo Horizonte vai decretar situa\u00e7\u00e3o de emerg\u00eancia por alta em doen\u00e7as respirat\u00f3rias | Encontra Belo Horizonte","headline":"Prefeitura de Belo Horizonte vai decretar situa\u00e7\u00e3o de emerg\u00eancia por alta em doen\u00e7as respirat\u00f3rias","author":{"@id":"https:\/\/www.encontrabelohorizonte.com.br\/sobre\/author\/ebelohorizonte\/#author"},"publisher":{"@id":"https:\/\/www.encontrabelohorizonte.com.br\/sobre\/#organization"},"datePublished":"2026-04-13T05:28:01-03:00","dateModified":"2026-04-13T05:28:01-03:00","inLanguage":"pt-BR","mainEntityOfPage":{"@id":"https:\/\/www.encontrabelohorizonte.com.br\/sobre\/prefeitura-de-belo-horizonte-vai-decretar-situacao-de-emergencia-por-alta-em-doencas-respiratorias\/#webpage"},"isPartOf":{"@id":"https:\/\/www.encontrabelohorizonte.com.br\/sobre\/prefeitura-de-belo-horizonte-vai-decretar-situacao-de-emergencia-por-alta-em-doencas-respiratorias\/#webpage"},"articleSection":"Sa\u00fade Belo Horizonte"},{"@type":"BreadcrumbList","@id":"https:\/\/www.encontrabelohorizonte.com.br\/sobre\/prefeitura-de-belo-horizonte-vai-decretar-situacao-de-emergencia-por-alta-em-doencas-respiratorias\/#breadcrumblist","itemListElement":[{"@type":"ListItem","@id":"https:\/\/www.encontrabelohorizonte.com.br\/sobre#listItem","position":1,"name":"In\u00edcio","item":"https:\/\/www.encontrabelohorizonte.com.br\/sobre","nextItem":{"@type":"ListItem","@id":"https:\/\/www.encontrabelohorizonte.com.br\/sobre\/saude\/#listItem","name":"Sa\u00fade Belo Horizonte"}},{"@type":"ListItem","@id":"https:\/\/www.encontrabelohorizonte.com.br\/sobre\/saude\/#listItem","position":2,"name":"Sa\u00fade Belo Horizonte","item":"https:\/\/www.encontrabelohorizonte.com.br\/sobre\/saude\/","nextItem":{"@type":"ListItem","@id":"https:\/\/www.encontrabelohorizonte.com.br\/sobre\/prefeitura-de-belo-horizonte-vai-decretar-situacao-de-emergencia-por-alta-em-doencas-respiratorias\/#listItem","name":"Prefeitura de Belo Horizonte vai decretar situa\u00e7\u00e3o de emerg\u00eancia por alta em doen\u00e7as respirat\u00f3rias"},"previousItem":{"@type":"ListItem","@id":"https:\/\/www.encontrabelohorizonte.com.br\/sobre#listItem","name":"In\u00edcio"}},{"@type":"ListItem","@id":"https:\/\/www.encontrabelohorizonte.com.br\/sobre\/prefeitura-de-belo-horizonte-vai-decretar-situacao-de-emergencia-por-alta-em-doencas-respiratorias\/#listItem","position":3,"name":"Prefeitura de Belo Horizonte vai decretar situa\u00e7\u00e3o de emerg\u00eancia por alta em doen\u00e7as respirat\u00f3rias","previousItem":{"@type":"ListItem","@id":"https:\/\/www.encontrabelohorizonte.com.br\/sobre\/saude\/#listItem","name":"Sa\u00fade Belo Horizonte"}}]},{"@type":"Organization","@id":"https:\/\/www.encontrabelohorizonte.com.br\/sobre\/#organization","name":"Encontra Belo Horizonte","description":"Not\u00edcias, eventos, informa\u00e7\u00f5es e dicas da cidade de Belo Horizonte e regi\u00e3o","url":"https:\/\/www.encontrabelohorizonte.com.br\/sobre\/"},{"@type":"Person","@id":"https:\/\/www.encontrabelohorizonte.com.br\/sobre\/author\/ebelohorizonte\/#author","url":"https:\/\/www.encontrabelohorizonte.com.br\/sobre\/author\/ebelohorizonte\/","name":"Encontra Belo Horizonte","image":{"@type":"ImageObject","@id":"https:\/\/www.encontrabelohorizonte.com.br\/sobre\/prefeitura-de-belo-horizonte-vai-decretar-situacao-de-emergencia-por-alta-em-doencas-respiratorias\/#authorImage","url":"https:\/\/secure.gravatar.com\/avatar\/507340682b8270222e1f208e23198b6ae7e2c6a1033ae84e99bc6bce4f82a387?s=96&d=mm&r=g","width":96,"height":96,"caption":"Encontra Belo Horizonte"}},{"@type":"WebPage","@id":"https:\/\/www.encontrabelohorizonte.com.br\/sobre\/prefeitura-de-belo-horizonte-vai-decretar-situacao-de-emergencia-por-alta-em-doencas-respiratorias\/#webpage","url":"https:\/\/www.encontrabelohorizonte.com.br\/sobre\/prefeitura-de-belo-horizonte-vai-decretar-situacao-de-emergencia-por-alta-em-doencas-respiratorias\/","name":"Prefeitura de Belo Horizonte vai decretar situa\u00e7\u00e3o de emerg\u00eancia por alta em doen\u00e7as respirat\u00f3rias | Encontra Belo Horizonte","description":"Belo Horizonte declara emerg\u00eancia em sa\u00fade devido ao aumento de doen\u00e7as respirat\u00f3rias na cidade.","inLanguage":"pt-BR","isPartOf":{"@id":"https:\/\/www.encontrabelohorizonte.com.br\/sobre\/#website"},"breadcrumb":{"@id":"https:\/\/www.encontrabelohorizonte.com.br\/sobre\/prefeitura-de-belo-horizonte-vai-decretar-situacao-de-emergencia-por-alta-em-doencas-respiratorias\/#breadcrumblist"},"author":{"@id":"https:\/\/www.encontrabelohorizonte.com.br\/sobre\/author\/ebelohorizonte\/#author"},"creator":{"@id":"https:\/\/www.encontrabelohorizonte.com.br\/sobre\/author\/ebelohorizonte\/#author"},"datePublished":"2026-04-13T05:28:01-03:00","dateModified":"2026-04-13T05:28:01-03:00"},{"@type":"WebSite","@id":"https:\/\/www.encontrabelohorizonte.com.br\/sobre\/#website","url":"https:\/\/www.encontrabelohorizonte.com.br\/sobre\/","name":"Encontra Belo Horizonte","description":"Not\u00edcias, eventos, informa\u00e7\u00f5es e dicas da cidade de Belo Horizonte e regi\u00e3o","inLanguage":"pt-BR","publisher":{"@id":"https:\/\/www.encontrabelohorizonte.com.br\/sobre\/#organization"}}]},"og:locale":"pt_BR","og:site_name":"Encontra Belo Horizonte | Not\u00edcias, eventos, informa\u00e7\u00f5es e dicas da cidade de Belo Horizonte e regi\u00e3o","og:type":"article","og:title":"Prefeitura de Belo Horizonte vai decretar situa\u00e7\u00e3o de emerg\u00eancia por alta em doen\u00e7as respirat\u00f3rias | Encontra Belo Horizonte","og:description":"Belo Horizonte declara emerg\u00eancia em sa\u00fade devido ao aumento de doen\u00e7as respirat\u00f3rias na cidade.","og:url":"https:\/\/www.encontrabelohorizonte.com.br\/sobre\/prefeitura-de-belo-horizonte-vai-decretar-situacao-de-emergencia-por-alta-em-doencas-respiratorias\/","article:published_time":"2026-04-13T08:28:01+00:00","article:modified_time":"2026-04-13T08:28:01+00:00","twitter:card":"summary","twitter:title":"Prefeitura de Belo Horizonte vai decretar situa\u00e7\u00e3o de emerg\u00eancia por alta em doen\u00e7as respirat\u00f3rias | Encontra Belo Horizonte","twitter:description":"Belo Horizonte declara emerg\u00eancia em sa\u00fade devido ao aumento de doen\u00e7as respirat\u00f3rias na cidade."},"aioseo_meta_data":{"post_id":"3871","title":null,"description":null,"keywords":null,"keyphrases":null,"primary_term":null,"canonical_url":null,"og_title":null,"og_description":null,"og_object_type":"default","og_image_type":"default","og_image_url":null,"og_image_width":null,"og_image_height":null,"og_image_custom_url":null,"og_image_custom_fields":null,"og_video":null,"og_custom_url":null,"og_article_section":null,"og_article_tags":null,"twitter_use_og":false,"twitter_card":"default","twitter_image_type":"default","twitter_image_url":null,"twitter_image_custom_url":null,"twitter_image_custom_fields":null,"twitter_title":null,"twitter_description":null,"schema":{"blockGraphs":[],"customGraphs":[],"default":{"data":{"Article":[],"Course":[],"Dataset":[],"FAQPage":[],"Movie":[],"Person":[],"Product":[],"ProductReview":[],"Car":[],"Recipe":[],"Service":[],"SoftwareApplication":[],"WebPage":[]},"graphName":"Article","isEnabled":true},"graphs":[]},"schema_type":"default","schema_type_options":null,"pillar_content":false,"robots_default":true,"robots_noindex":false,"robots_noarchive":false,"robots_nosnippet":false,"robots_nofollow":false,"robots_noimageindex":false,"robots_noodp":false,"robots_notranslate":false,"robots_max_snippet":null,"robots_max_videopreview":null,"robots_max_imagepreview":"large","priority":null,"frequency":null,"local_seo":null,"breadcrumb_settings":null,"limit_modified_date":false,"ai":null,"created":"2026-04-13 08:28:04","updated":"2026-04-13 08:49:39","focus_keyword":null,"additional_keywords":null,"truseo_locale":null,"seo_analyzer_scan_date":null},"aioseo_breadcrumb":"<div class=\"aioseo-breadcrumbs\"><span class=\"aioseo-breadcrumb\">\n\t\t\t<a href=\"https:\/\/www.encontrabelohorizonte.com.br\/sobre\" title=\"In\u00edcio\">In\u00edcio<\/a>\n\t\t<\/span><span class=\"aioseo-breadcrumb-separator\">&raquo;<\/span><span class=\"aioseo-breadcrumb\">\n\t\t\t<a href=\"https:\/\/www.encontrabelohorizonte.com.br\/sobre\/saude\/\" title=\"Sa\u00fade Belo Horizonte\">Sa\u00fade Belo Horizonte<\/a>\n\t\t<\/span><span class=\"aioseo-breadcrumb-separator\">&raquo;<\/span><span class=\"aioseo-breadcrumb\">\n\t\t\tPrefeitura de Belo Horizonte vai decretar situa\u00e7\u00e3o de emerg\u00eancia por alta em doen\u00e7as respirat\u00f3rias\n\t\t<\/span><\/div>","aioseo_breadcrumb_json":[{"label":"In\u00edcio","link":"https:\/\/www.encontrabelohorizonte.com.br\/sobre"},{"label":"Sa\u00fade Belo Horizonte","link":"https:\/\/www.encontrabelohorizonte.com.br\/sobre\/saude\/"},{"label":"Prefeitura de Belo Horizonte vai decretar situa\u00e7\u00e3o de emerg\u00eancia por alta em doen\u00e7as respirat\u00f3rias","link":"https:\/\/www.encontrabelohorizonte.com.br\/sobre\/prefeitura-de-belo-horizonte-vai-decretar-situacao-de-emergencia-por-alta-em-doencas-respiratorias\/"}],"_links":{"self":[{"href":"https:\/\/www.encontrabelohorizonte.com.br\/sobre\/wp-json\/wp\/v2\/posts\/3871","targetHints":{"allow":["GET"]}}],"collection":[{"href":"https:\/\/www.encontrabelohorizonte.com.br\/sobre\/wp-json\/wp\/v2\/posts"}],"about":[{"href":"https:\/\/www.encontrabelohorizonte.com.br\/sobre\/wp-json\/wp\/v2\/types\/post"}],"author":[{"embeddable":true,"href":"https:\/\/www.encontrabelohorizonte.com.br\/sobre\/wp-json\/wp\/v2\/users\/1"}],"replies":[{"embeddable":true,"href":"https:\/\/www.encontrabelohorizonte.com.br\/sobre\/wp-json\/wp\/v2\/comments?post=3871"}],"version-history":[{"count":0,"href":"https:\/\/www.encontrabelohorizonte.com.br\/sobre\/wp-json\/wp\/v2\/posts\/3871\/revisions"}],"wp:attachment":[{"href":"https:\/\/www.encontrabelohorizonte.com.br\/sobre\/wp-json\/wp\/v2\/media?parent=3871"}],"wp:term":[{"taxonomy":"category","embeddable":true,"href":"https:\/\/www.encontrabelohorizonte.com.br\/sobre\/wp-json\/wp\/v2\/categories?post=3871"},{"taxonomy":"post_tag","embeddable":true,"href":"https:\/\/www.encontrabelohorizonte.com.br\/sobre\/wp-json\/wp\/v2\/tags?post=3871"}],"curies":[{"name":"wp","href":"https:\/\/api.w.org\/{rel}","templated":true}]}}