{"id":3873,"date":"2026-04-13T05:31:15","date_gmt":"2026-04-13T08:31:15","guid":{"rendered":"https:\/\/www.encontrabelohorizonte.com.br\/sobre\/simposio-reune-especialistas-em-belo-horizonte-para-discutir-a-efetivacao-dos-direitos-da-pessoa-com-deficiencia\/"},"modified":"2026-04-13T05:31:15","modified_gmt":"2026-04-13T08:31:15","slug":"simposio-reune-especialistas-em-belo-horizonte-para-discutir-a-efetivacao-dos-direitos-da-pessoa-com-deficiencia","status":"publish","type":"post","link":"https:\/\/www.encontrabelohorizonte.com.br\/sobre\/simposio-reune-especialistas-em-belo-horizonte-para-discutir-a-efetivacao-dos-direitos-da-pessoa-com-deficiencia\/","title":{"rendered":"Simp\u00f3sio re\u00fane especialistas em Belo Horizonte para discutir a efetiva\u00e7\u00e3o dos direitos da pessoa com defici\u00eancia"},"content":{"rendered":"<div class=\"2e083cf0b19e2c11948dc6ac054ba979\" data-index=\"1\" style=\"float: none; margin:0px;\">\n<!-- Anuncio display - global -->\r\n<ins class=\"adsbygoogle\"\r\n     style=\"display:block\"\r\n     data-ad-client=\"ca-pub-8585364105181520\"\r\n     data-ad-slot=\"8789329856\"\r\n     data-ad-format=\"auto\"\r\n     data-full-width-responsive=\"true\"><\/ins>\r\n<script>\r\n     (adsbygoogle = window.adsbygoogle || []).push({});\r\n<\/script>\n<\/div>\n<h2>O que \u00e9 o simp\u00f3sio sobre direitos da pessoa com defici\u00eancia?<\/h2>\n<p>O simp\u00f3sio centrado nos direitos das pessoas com defici\u00eancia \u00e9 um evento relevante que re\u00fane especialistas, autoridades e interessados para discutir desafios e avan\u00e7os na promo\u00e7\u00e3o e efetiva\u00e7\u00e3o desses direitos. Recentemente, foi realizado um simp\u00f3sio h\u00edbrido em Belo Horizonte, com foco na intersec\u00e7\u00e3o entre legisla\u00e7\u00e3o, pol\u00edticas p\u00fablicas e o acesso \u00e0 justi\u00e7a, especialmente em alus\u00e3o ao m\u00eas de conscientiza\u00e7\u00e3o sobre o Transtorno do Espectro Autista (TEA).<\/p>\n<h2>Import\u00e2ncia da advocacia na efetiva\u00e7\u00e3o dos direitos<\/h2>\n<p>A atua\u00e7\u00e3o da advocacia \u00e9 essencial para garantir que os direitos das pessoas com defici\u00eancia sejam respeitados e promovidos. Os advogados desempenham um papel fundamental na orienta\u00e7\u00e3o e defesa dos interesses dessas pessoas, al\u00e9m de atuar na forma\u00e7\u00e3o da opini\u00e3o p\u00fablica e na cr\u00edtica a pr\u00e1ticas capacitistas. A parceria entre institui\u00e7\u00f5es e profissionais da advocacia pode fomentar um ambiente jur\u00eddico mais inclusivo e efetivo.<\/p>\n<h2>Temas abordados durante o simp\u00f3sio<\/h2>\n<p>Durante o simp\u00f3sio, diversos temas foram discutidos, abrangendo \u00e1reas como:<\/p>\n<ul>\n<li><strong>Capacitismo institucional:<\/strong> Reflex\u00f5es sobre como sistemas e estruturas podem inadvertidamente perpetuar a exclus\u00e3o.<\/li>\n<li><strong>Acesso \u00e0 justi\u00e7a:<\/strong> Barreiras enfrentadas por pessoas com defici\u00eancia e formas de super\u00e1-las.<\/li>\n<li><strong>Pol\u00edticas p\u00fablicas:<\/strong> A efic\u00e1cia das pol\u00edticas existentes e a necessidade de cria\u00e7\u00e3o de novas diretrizes que priorizem a inclus\u00e3o.<\/li>\n<li><strong>Educa\u00e7\u00e3o inclusiva:<\/strong> A relev\u00e2ncia de um ambiente educacional que atenda as diversas necessidades dos alunos.<\/li>\n<li><strong>Direito \u00e0 sa\u00fade:<\/strong> Os desafios que pessoas com defici\u00eancia enfrentam para obter cuidados adequados.<\/li>\n<\/ul>\n<h2>Desafios enfrentados por pessoas com defici\u00eancia<\/h2>\n<p>As pessoas com defici\u00eancia se deparam com uma s\u00e9rie de desafios di\u00e1rios, incluindo a falta de acessibilidade em espa\u00e7os p\u00fablicos e privados, a discrimina\u00e7\u00e3o em ambientes de trabalho e a dificuldade em acessar servi\u00e7os essenciais como sa\u00fade e educa\u00e7\u00e3o. Esses obst\u00e1culos podem gerar um sentimento de aliena\u00e7\u00e3o e exclus\u00e3o na sociedade. Al\u00e9m disso, o capacitismo, a cren\u00e7a na superioridade de pessoas sem defici\u00eancia, torna ainda mais dif\u00edcil a luta por igualdade e inclus\u00e3o.<\/p>\n<h2>A voz dos especialistas na luta pelos direitos<\/h2>\n<p>Especialistas que participaram do simp\u00f3sio enfatizaram a import\u00e2ncia de unificar a luta pelos direitos de todas as pessoas com defici\u00eancia, independentemente de suas necessidades espec\u00edficas. A advogada Felipe Lopes, por exemplo, abordou a necessidade de romper com estigmas e preconceitos existentes, promovendo uma compreens\u00e3o mais ampla sobre as capacidades e direitos das pessoas com defici\u00eancia.<\/p>\n<h2>Capacitismo e seu impacto na sociedade<\/h2>\n<p>O capacitismo \u00e9 um conceito que se refere \u00e0 discrimina\u00e7\u00e3o contra indiv\u00edduos com defici\u00eancia. Este preconceito deforma a perspectiva da sociedade, levando \u00e0 marginaliza\u00e7\u00e3o das pessoas com defici\u00eancia. Os palestrantes do simp\u00f3sio discutiram como as normas sociais e os sistemas legais frequentemente refletem e refor\u00e7am essas cren\u00e7as capacitistas, dificultando a inclus\u00e3o plena.<\/p>\n<h2>Pol\u00edticas p\u00fablicas e inclus\u00e3o<\/h2>\n<p>As pol\u00edticas p\u00fablicas s\u00e3o cruciais para a promo\u00e7\u00e3o dos direitos da pessoa com defici\u00eancia. Entender a efic\u00e1cia e os pontos em que essas pol\u00edticas falham \u00e9 essencial para formular diretrizes mais inclusivas. O simp\u00f3sio abordou a necessidade de um di\u00e1logo aberto entre legisladores,advogados e a sociedade civil para desenvolver solu\u00e7\u00f5es que levem em considera\u00e7\u00e3o as necessidades reais das pessoas com defici\u00eancia.<\/p>\n<h2>A educa\u00e7\u00e3o como ferramenta de transforma\u00e7\u00e3o<\/h2>\n<p>A educa\u00e7\u00e3o \u00e9 uma ferramenta vital na luta pelos direitos das pessoas com defici\u00eancia. A forma\u00e7\u00e3o de professores e profissionais da educa\u00e7\u00e3o para reconhecer e atender a essas necessidades \u00e9 essencial. Al\u00e9m disso, o simp\u00f3sio destacou a import\u00e2ncia de incluir curr\u00edculos que promovam a diversidade e sensibilizem todos os alunos para a inclus\u00e3o.<\/p>\n<h2>Testemunhos de pessoas com defici\u00eancia<\/h2>\n<p>As vozes das pessoas com defici\u00eancia foram centrais nas discuss\u00f5es durante o simp\u00f3sio. Testemunhos sobre experi\u00eancias de vida, as dificuldades enfrentadas e as vit\u00f3rias conquistadas foram compartilhados, ilustrando a resili\u00eancia e a determina\u00e7\u00e3o desses indiv\u00edduos em promover mudan\u00e7as. Essas hist\u00f3rias ajudam a humanizar os dados e estat\u00edsticas, revelando a necessidade de um movimento social em prol da inclus\u00e3o.<\/p>\n<h2>Pr\u00f3ximos passos para garantir os direitos<\/h2>\n<p>O simp\u00f3sio n\u00e3o apenas explorou as problem\u00e1ticas existentes, mas tamb\u00e9m apontou caminhos a seguir. A cria\u00e7\u00e3o de redes de apoio, a promo\u00e7\u00e3o de treinamentos e capacita\u00e7\u00f5es para advogados e a amplia\u00e7\u00e3o do acesso \u00e0 informa\u00e7\u00e3o foram algumas das sugest\u00f5es. Al\u00e9m disso, \u00e9 fundamental que a sociedade como um todo comece a ver as pessoas com defici\u00eancia como parte ativa e valiosa dela.<\/p>\n\n<div style=\"font-size: 0px; height: 0px; line-height: 0px; margin: 0; padding: 0; clear: both;\"><\/div>","protected":false},"excerpt":{"rendered":"<p>Direitos da pessoa com defici\u00eancia em debate: uma oportunidade imperd\u00edvel!<\/p>\n","protected":false},"author":1,"featured_media":0,"comment_status":"closed","ping_status":"closed","sticky":false,"template":"","format":"standard","meta":{"footnotes":""},"categories":[38],"tags":[],"class_list":["post-3873","post","type-post","status-publish","format-standard","hentry","category-educacao"],"aioseo_notices":[],"aioseo_head":"\n\t\t<!-- All in One SEO 5.0.0.1 - aioseo.com -->\n\t<meta name=\"description\" content=\"Direitos da pessoa com defici\u00eancia em debate: uma oportunidade imperd\u00edvel!\" \/>\n\t<meta name=\"robots\" content=\"max-image-preview:large\" \/>\n\t<meta name=\"author\" content=\"Encontra Belo Horizonte\"\/>\n\t<link rel=\"canonical\" href=\"https:\/\/www.encontrabelohorizonte.com.br\/sobre\/simposio-reune-especialistas-em-belo-horizonte-para-discutir-a-efetivacao-dos-direitos-da-pessoa-com-deficiencia\/\" \/>\n\t<meta name=\"generator\" content=\"All in One SEO (AIOSEO) 5.0.0.1\" \/>\n\t\t<meta property=\"og:locale\" content=\"pt_BR\" \/>\n\t\t<meta property=\"og:site_name\" content=\"Encontra Belo Horizonte | Not\u00edcias, eventos, informa\u00e7\u00f5es e dicas da cidade de Belo Horizonte e regi\u00e3o\" \/>\n\t\t<meta property=\"og:type\" content=\"article\" \/>\n\t\t<meta property=\"og:title\" content=\"Simp\u00f3sio re\u00fane especialistas em Belo Horizonte para discutir a efetiva\u00e7\u00e3o dos direitos da pessoa com defici\u00eancia | Encontra Belo Horizonte\" \/>\n\t\t<meta property=\"og:description\" content=\"Direitos da pessoa com defici\u00eancia em debate: uma oportunidade imperd\u00edvel!\" \/>\n\t\t<meta property=\"og:url\" content=\"https:\/\/www.encontrabelohorizonte.com.br\/sobre\/simposio-reune-especialistas-em-belo-horizonte-para-discutir-a-efetivacao-dos-direitos-da-pessoa-com-deficiencia\/\" \/>\n\t\t<meta property=\"article:published_time\" content=\"2026-04-13T08:31:15+00:00\" \/>\n\t\t<meta property=\"article:modified_time\" content=\"2026-04-13T08:31:15+00:00\" \/>\n\t\t<meta name=\"twitter:card\" content=\"summary\" \/>\n\t\t<meta name=\"twitter:title\" content=\"Simp\u00f3sio re\u00fane especialistas em Belo Horizonte para discutir a efetiva\u00e7\u00e3o dos direitos da pessoa com defici\u00eancia | Encontra Belo Horizonte\" \/>\n\t\t<meta name=\"twitter:description\" content=\"Direitos da pessoa com defici\u00eancia em debate: uma oportunidade imperd\u00edvel!\" \/>\n\t\t<script type=\"application\/ld+json\" class=\"aioseo-schema\">\n\t\t\t{\"@context\":\"https:\\\/\\\/schema.org\",\"@graph\":[{\"@type\":\"Article\",\"@id\":\"https:\\\/\\\/www.encontrabelohorizonte.com.br\\\/sobre\\\/simposio-reune-especialistas-em-belo-horizonte-para-discutir-a-efetivacao-dos-direitos-da-pessoa-com-deficiencia\\\/#article\",\"name\":\"Simp\\u00f3sio re\\u00fane especialistas em Belo Horizonte para discutir a efetiva\\u00e7\\u00e3o dos direitos da pessoa com defici\\u00eancia | Encontra Belo Horizonte\",\"headline\":\"Simp\\u00f3sio re\\u00fane especialistas em Belo Horizonte para discutir a efetiva\\u00e7\\u00e3o dos direitos da pessoa com defici\\u00eancia\",\"author\":{\"@id\":\"https:\\\/\\\/www.encontrabelohorizonte.com.br\\\/sobre\\\/author\\\/ebelohorizonte\\\/#author\"},\"publisher\":{\"@id\":\"https:\\\/\\\/www.encontrabelohorizonte.com.br\\\/sobre\\\/#organization\"},\"datePublished\":\"2026-04-13T05:31:15-03:00\",\"dateModified\":\"2026-04-13T05:31:15-03:00\",\"inLanguage\":\"pt-BR\",\"mainEntityOfPage\":{\"@id\":\"https:\\\/\\\/www.encontrabelohorizonte.com.br\\\/sobre\\\/simposio-reune-especialistas-em-belo-horizonte-para-discutir-a-efetivacao-dos-direitos-da-pessoa-com-deficiencia\\\/#webpage\"},\"isPartOf\":{\"@id\":\"https:\\\/\\\/www.encontrabelohorizonte.com.br\\\/sobre\\\/simposio-reune-especialistas-em-belo-horizonte-para-discutir-a-efetivacao-dos-direitos-da-pessoa-com-deficiencia\\\/#webpage\"},\"articleSection\":\"Educa\\u00e7\\u00e3o Belo Horizonte\"},{\"@type\":\"BreadcrumbList\",\"@id\":\"https:\\\/\\\/www.encontrabelohorizonte.com.br\\\/sobre\\\/simposio-reune-especialistas-em-belo-horizonte-para-discutir-a-efetivacao-dos-direitos-da-pessoa-com-deficiencia\\\/#breadcrumblist\",\"itemListElement\":[{\"@type\":\"ListItem\",\"@id\":\"https:\\\/\\\/www.encontrabelohorizonte.com.br\\\/sobre#listItem\",\"position\":1,\"name\":\"In\\u00edcio\",\"item\":\"https:\\\/\\\/www.encontrabelohorizonte.com.br\\\/sobre\",\"nextItem\":{\"@type\":\"ListItem\",\"@id\":\"https:\\\/\\\/www.encontrabelohorizonte.com.br\\\/sobre\\\/educacao\\\/#listItem\",\"name\":\"Educa\\u00e7\\u00e3o Belo Horizonte\"}},{\"@type\":\"ListItem\",\"@id\":\"https:\\\/\\\/www.encontrabelohorizonte.com.br\\\/sobre\\\/educacao\\\/#listItem\",\"position\":2,\"name\":\"Educa\\u00e7\\u00e3o Belo Horizonte\",\"item\":\"https:\\\/\\\/www.encontrabelohorizonte.com.br\\\/sobre\\\/educacao\\\/\",\"nextItem\":{\"@type\":\"ListItem\",\"@id\":\"https:\\\/\\\/www.encontrabelohorizonte.com.br\\\/sobre\\\/simposio-reune-especialistas-em-belo-horizonte-para-discutir-a-efetivacao-dos-direitos-da-pessoa-com-deficiencia\\\/#listItem\",\"name\":\"Simp\\u00f3sio re\\u00fane especialistas em Belo Horizonte para discutir a efetiva\\u00e7\\u00e3o dos direitos da pessoa com defici\\u00eancia\"},\"previousItem\":{\"@type\":\"ListItem\",\"@id\":\"https:\\\/\\\/www.encontrabelohorizonte.com.br\\\/sobre#listItem\",\"name\":\"In\\u00edcio\"}},{\"@type\":\"ListItem\",\"@id\":\"https:\\\/\\\/www.encontrabelohorizonte.com.br\\\/sobre\\\/simposio-reune-especialistas-em-belo-horizonte-para-discutir-a-efetivacao-dos-direitos-da-pessoa-com-deficiencia\\\/#listItem\",\"position\":3,\"name\":\"Simp\\u00f3sio re\\u00fane especialistas em Belo Horizonte para discutir a efetiva\\u00e7\\u00e3o dos direitos da pessoa com defici\\u00eancia\",\"previousItem\":{\"@type\":\"ListItem\",\"@id\":\"https:\\\/\\\/www.encontrabelohorizonte.com.br\\\/sobre\\\/educacao\\\/#listItem\",\"name\":\"Educa\\u00e7\\u00e3o Belo Horizonte\"}}]},{\"@type\":\"Organization\",\"@id\":\"https:\\\/\\\/www.encontrabelohorizonte.com.br\\\/sobre\\\/#organization\",\"name\":\"Encontra Belo Horizonte\",\"description\":\"Not\\u00edcias, eventos, informa\\u00e7\\u00f5es e dicas da cidade de Belo Horizonte e regi\\u00e3o\",\"url\":\"https:\\\/\\\/www.encontrabelohorizonte.com.br\\\/sobre\\\/\"},{\"@type\":\"Person\",\"@id\":\"https:\\\/\\\/www.encontrabelohorizonte.com.br\\\/sobre\\\/author\\\/ebelohorizonte\\\/#author\",\"url\":\"https:\\\/\\\/www.encontrabelohorizonte.com.br\\\/sobre\\\/author\\\/ebelohorizonte\\\/\",\"name\":\"Encontra Belo Horizonte\",\"image\":{\"@type\":\"ImageObject\",\"@id\":\"https:\\\/\\\/www.encontrabelohorizonte.com.br\\\/sobre\\\/simposio-reune-especialistas-em-belo-horizonte-para-discutir-a-efetivacao-dos-direitos-da-pessoa-com-deficiencia\\\/#authorImage\",\"url\":\"https:\\\/\\\/secure.gravatar.com\\\/avatar\\\/507340682b8270222e1f208e23198b6ae7e2c6a1033ae84e99bc6bce4f82a387?s=96&d=mm&r=g\",\"width\":96,\"height\":96,\"caption\":\"Encontra Belo Horizonte\"}},{\"@type\":\"WebPage\",\"@id\":\"https:\\\/\\\/www.encontrabelohorizonte.com.br\\\/sobre\\\/simposio-reune-especialistas-em-belo-horizonte-para-discutir-a-efetivacao-dos-direitos-da-pessoa-com-deficiencia\\\/#webpage\",\"url\":\"https:\\\/\\\/www.encontrabelohorizonte.com.br\\\/sobre\\\/simposio-reune-especialistas-em-belo-horizonte-para-discutir-a-efetivacao-dos-direitos-da-pessoa-com-deficiencia\\\/\",\"name\":\"Simp\\u00f3sio re\\u00fane especialistas em Belo Horizonte para discutir a efetiva\\u00e7\\u00e3o dos direitos da pessoa com defici\\u00eancia | Encontra Belo Horizonte\",\"description\":\"Direitos da pessoa com defici\\u00eancia em debate: uma oportunidade imperd\\u00edvel!\",\"inLanguage\":\"pt-BR\",\"isPartOf\":{\"@id\":\"https:\\\/\\\/www.encontrabelohorizonte.com.br\\\/sobre\\\/#website\"},\"breadcrumb\":{\"@id\":\"https:\\\/\\\/www.encontrabelohorizonte.com.br\\\/sobre\\\/simposio-reune-especialistas-em-belo-horizonte-para-discutir-a-efetivacao-dos-direitos-da-pessoa-com-deficiencia\\\/#breadcrumblist\"},\"author\":{\"@id\":\"https:\\\/\\\/www.encontrabelohorizonte.com.br\\\/sobre\\\/author\\\/ebelohorizonte\\\/#author\"},\"creator\":{\"@id\":\"https:\\\/\\\/www.encontrabelohorizonte.com.br\\\/sobre\\\/author\\\/ebelohorizonte\\\/#author\"},\"datePublished\":\"2026-04-13T05:31:15-03:00\",\"dateModified\":\"2026-04-13T05:31:15-03:00\"},{\"@type\":\"WebSite\",\"@id\":\"https:\\\/\\\/www.encontrabelohorizonte.com.br\\\/sobre\\\/#website\",\"url\":\"https:\\\/\\\/www.encontrabelohorizonte.com.br\\\/sobre\\\/\",\"name\":\"Encontra Belo Horizonte\",\"description\":\"Not\\u00edcias, eventos, informa\\u00e7\\u00f5es e dicas da cidade de Belo Horizonte e regi\\u00e3o\",\"inLanguage\":\"pt-BR\",\"publisher\":{\"@id\":\"https:\\\/\\\/www.encontrabelohorizonte.com.br\\\/sobre\\\/#organization\"}}]}\n\t\t<\/script>\n\t\t<!-- All in One SEO -->\n\n","aioseo_head_json":{"title":"Simp\u00f3sio re\u00fane especialistas em Belo Horizonte para discutir a efetiva\u00e7\u00e3o dos direitos da pessoa com defici\u00eancia | Encontra Belo Horizonte","description":"Direitos da pessoa com defici\u00eancia em debate: uma oportunidade imperd\u00edvel!","canonical_url":"https:\/\/www.encontrabelohorizonte.com.br\/sobre\/simposio-reune-especialistas-em-belo-horizonte-para-discutir-a-efetivacao-dos-direitos-da-pessoa-com-deficiencia\/","robots":"max-image-preview:large","keywords":"","webmasterTools":{"miscellaneous":""},"schema":{"@context":"https:\/\/schema.org","@graph":[{"@type":"Article","@id":"https:\/\/www.encontrabelohorizonte.com.br\/sobre\/simposio-reune-especialistas-em-belo-horizonte-para-discutir-a-efetivacao-dos-direitos-da-pessoa-com-deficiencia\/#article","name":"Simp\u00f3sio re\u00fane especialistas em Belo Horizonte para discutir a efetiva\u00e7\u00e3o dos direitos da pessoa com defici\u00eancia | Encontra Belo Horizonte","headline":"Simp\u00f3sio re\u00fane especialistas em Belo Horizonte para discutir a efetiva\u00e7\u00e3o dos direitos da pessoa com defici\u00eancia","author":{"@id":"https:\/\/www.encontrabelohorizonte.com.br\/sobre\/author\/ebelohorizonte\/#author"},"publisher":{"@id":"https:\/\/www.encontrabelohorizonte.com.br\/sobre\/#organization"},"datePublished":"2026-04-13T05:31:15-03:00","dateModified":"2026-04-13T05:31:15-03:00","inLanguage":"pt-BR","mainEntityOfPage":{"@id":"https:\/\/www.encontrabelohorizonte.com.br\/sobre\/simposio-reune-especialistas-em-belo-horizonte-para-discutir-a-efetivacao-dos-direitos-da-pessoa-com-deficiencia\/#webpage"},"isPartOf":{"@id":"https:\/\/www.encontrabelohorizonte.com.br\/sobre\/simposio-reune-especialistas-em-belo-horizonte-para-discutir-a-efetivacao-dos-direitos-da-pessoa-com-deficiencia\/#webpage"},"articleSection":"Educa\u00e7\u00e3o Belo Horizonte"},{"@type":"BreadcrumbList","@id":"https:\/\/www.encontrabelohorizonte.com.br\/sobre\/simposio-reune-especialistas-em-belo-horizonte-para-discutir-a-efetivacao-dos-direitos-da-pessoa-com-deficiencia\/#breadcrumblist","itemListElement":[{"@type":"ListItem","@id":"https:\/\/www.encontrabelohorizonte.com.br\/sobre#listItem","position":1,"name":"In\u00edcio","item":"https:\/\/www.encontrabelohorizonte.com.br\/sobre","nextItem":{"@type":"ListItem","@id":"https:\/\/www.encontrabelohorizonte.com.br\/sobre\/educacao\/#listItem","name":"Educa\u00e7\u00e3o Belo Horizonte"}},{"@type":"ListItem","@id":"https:\/\/www.encontrabelohorizonte.com.br\/sobre\/educacao\/#listItem","position":2,"name":"Educa\u00e7\u00e3o Belo Horizonte","item":"https:\/\/www.encontrabelohorizonte.com.br\/sobre\/educacao\/","nextItem":{"@type":"ListItem","@id":"https:\/\/www.encontrabelohorizonte.com.br\/sobre\/simposio-reune-especialistas-em-belo-horizonte-para-discutir-a-efetivacao-dos-direitos-da-pessoa-com-deficiencia\/#listItem","name":"Simp\u00f3sio re\u00fane especialistas em Belo Horizonte para discutir a efetiva\u00e7\u00e3o dos direitos da pessoa com defici\u00eancia"},"previousItem":{"@type":"ListItem","@id":"https:\/\/www.encontrabelohorizonte.com.br\/sobre#listItem","name":"In\u00edcio"}},{"@type":"ListItem","@id":"https:\/\/www.encontrabelohorizonte.com.br\/sobre\/simposio-reune-especialistas-em-belo-horizonte-para-discutir-a-efetivacao-dos-direitos-da-pessoa-com-deficiencia\/#listItem","position":3,"name":"Simp\u00f3sio re\u00fane especialistas em Belo Horizonte para discutir a efetiva\u00e7\u00e3o dos direitos da pessoa com defici\u00eancia","previousItem":{"@type":"ListItem","@id":"https:\/\/www.encontrabelohorizonte.com.br\/sobre\/educacao\/#listItem","name":"Educa\u00e7\u00e3o Belo Horizonte"}}]},{"@type":"Organization","@id":"https:\/\/www.encontrabelohorizonte.com.br\/sobre\/#organization","name":"Encontra Belo Horizonte","description":"Not\u00edcias, eventos, informa\u00e7\u00f5es e dicas da cidade de Belo Horizonte e regi\u00e3o","url":"https:\/\/www.encontrabelohorizonte.com.br\/sobre\/"},{"@type":"Person","@id":"https:\/\/www.encontrabelohorizonte.com.br\/sobre\/author\/ebelohorizonte\/#author","url":"https:\/\/www.encontrabelohorizonte.com.br\/sobre\/author\/ebelohorizonte\/","name":"Encontra Belo Horizonte","image":{"@type":"ImageObject","@id":"https:\/\/www.encontrabelohorizonte.com.br\/sobre\/simposio-reune-especialistas-em-belo-horizonte-para-discutir-a-efetivacao-dos-direitos-da-pessoa-com-deficiencia\/#authorImage","url":"https:\/\/secure.gravatar.com\/avatar\/507340682b8270222e1f208e23198b6ae7e2c6a1033ae84e99bc6bce4f82a387?s=96&d=mm&r=g","width":96,"height":96,"caption":"Encontra Belo Horizonte"}},{"@type":"WebPage","@id":"https:\/\/www.encontrabelohorizonte.com.br\/sobre\/simposio-reune-especialistas-em-belo-horizonte-para-discutir-a-efetivacao-dos-direitos-da-pessoa-com-deficiencia\/#webpage","url":"https:\/\/www.encontrabelohorizonte.com.br\/sobre\/simposio-reune-especialistas-em-belo-horizonte-para-discutir-a-efetivacao-dos-direitos-da-pessoa-com-deficiencia\/","name":"Simp\u00f3sio re\u00fane especialistas em Belo Horizonte para discutir a efetiva\u00e7\u00e3o dos direitos da pessoa com defici\u00eancia | Encontra Belo Horizonte","description":"Direitos da pessoa com defici\u00eancia em debate: uma oportunidade imperd\u00edvel!","inLanguage":"pt-BR","isPartOf":{"@id":"https:\/\/www.encontrabelohorizonte.com.br\/sobre\/#website"},"breadcrumb":{"@id":"https:\/\/www.encontrabelohorizonte.com.br\/sobre\/simposio-reune-especialistas-em-belo-horizonte-para-discutir-a-efetivacao-dos-direitos-da-pessoa-com-deficiencia\/#breadcrumblist"},"author":{"@id":"https:\/\/www.encontrabelohorizonte.com.br\/sobre\/author\/ebelohorizonte\/#author"},"creator":{"@id":"https:\/\/www.encontrabelohorizonte.com.br\/sobre\/author\/ebelohorizonte\/#author"},"datePublished":"2026-04-13T05:31:15-03:00","dateModified":"2026-04-13T05:31:15-03:00"},{"@type":"WebSite","@id":"https:\/\/www.encontrabelohorizonte.com.br\/sobre\/#website","url":"https:\/\/www.encontrabelohorizonte.com.br\/sobre\/","name":"Encontra Belo Horizonte","description":"Not\u00edcias, eventos, informa\u00e7\u00f5es e dicas da cidade de Belo Horizonte e regi\u00e3o","inLanguage":"pt-BR","publisher":{"@id":"https:\/\/www.encontrabelohorizonte.com.br\/sobre\/#organization"}}]},"og:locale":"pt_BR","og:site_name":"Encontra Belo Horizonte | Not\u00edcias, eventos, informa\u00e7\u00f5es e dicas da cidade de Belo Horizonte e regi\u00e3o","og:type":"article","og:title":"Simp\u00f3sio re\u00fane especialistas em Belo Horizonte para discutir a efetiva\u00e7\u00e3o dos direitos da pessoa com defici\u00eancia | Encontra Belo Horizonte","og:description":"Direitos da pessoa com defici\u00eancia em debate: uma oportunidade imperd\u00edvel!","og:url":"https:\/\/www.encontrabelohorizonte.com.br\/sobre\/simposio-reune-especialistas-em-belo-horizonte-para-discutir-a-efetivacao-dos-direitos-da-pessoa-com-deficiencia\/","article:published_time":"2026-04-13T08:31:15+00:00","article:modified_time":"2026-04-13T08:31:15+00:00","twitter:card":"summary","twitter:title":"Simp\u00f3sio re\u00fane especialistas em Belo Horizonte para discutir a efetiva\u00e7\u00e3o dos direitos da pessoa com defici\u00eancia | Encontra Belo Horizonte","twitter:description":"Direitos da pessoa com defici\u00eancia em debate: uma oportunidade imperd\u00edvel!"},"aioseo_meta_data":{"post_id":"3873","title":null,"description":null,"keywords":null,"keyphrases":null,"primary_term":null,"canonical_url":null,"og_title":null,"og_description":null,"og_object_type":"default","og_image_type":"default","og_image_url":null,"og_image_width":null,"og_image_height":null,"og_image_custom_url":null,"og_image_custom_fields":null,"og_video":null,"og_custom_url":null,"og_article_section":null,"og_article_tags":null,"twitter_use_og":false,"twitter_card":"default","twitter_image_type":"default","twitter_image_url":null,"twitter_image_custom_url":null,"twitter_image_custom_fields":null,"twitter_title":null,"twitter_description":null,"schema":{"blockGraphs":[],"customGraphs":[],"default":{"data":{"Article":[],"Course":[],"Dataset":[],"FAQPage":[],"Movie":[],"Person":[],"Product":[],"ProductReview":[],"Car":[],"Recipe":[],"Service":[],"SoftwareApplication":[],"WebPage":[]},"graphName":"Article","isEnabled":true},"graphs":[]},"schema_type":"default","schema_type_options":null,"pillar_content":false,"robots_default":true,"robots_noindex":false,"robots_noarchive":false,"robots_nosnippet":false,"robots_nofollow":false,"robots_noimageindex":false,"robots_noodp":false,"robots_notranslate":false,"robots_max_snippet":null,"robots_max_videopreview":null,"robots_max_imagepreview":"large","priority":null,"frequency":null,"local_seo":null,"breadcrumb_settings":null,"limit_modified_date":false,"ai":null,"created":"2026-04-13 08:31:17","updated":"2026-04-13 08:49:39","focus_keyword":null,"additional_keywords":null,"truseo_locale":null,"seo_analyzer_scan_date":null},"aioseo_breadcrumb":"<div class=\"aioseo-breadcrumbs\"><span class=\"aioseo-breadcrumb\">\n\t\t\t<a href=\"https:\/\/www.encontrabelohorizonte.com.br\/sobre\" title=\"In\u00edcio\">In\u00edcio<\/a>\n\t\t<\/span><span class=\"aioseo-breadcrumb-separator\">&raquo;<\/span><span class=\"aioseo-breadcrumb\">\n\t\t\t<a href=\"https:\/\/www.encontrabelohorizonte.com.br\/sobre\/educacao\/\" title=\"Educa\u00e7\u00e3o Belo Horizonte\">Educa\u00e7\u00e3o Belo Horizonte<\/a>\n\t\t<\/span><span class=\"aioseo-breadcrumb-separator\">&raquo;<\/span><span class=\"aioseo-breadcrumb\">\n\t\t\tSimp\u00f3sio re\u00fane especialistas em Belo Horizonte para discutir a efetiva\u00e7\u00e3o dos direitos da pessoa com defici\u00eancia\n\t\t<\/span><\/div>","aioseo_breadcrumb_json":[{"label":"In\u00edcio","link":"https:\/\/www.encontrabelohorizonte.com.br\/sobre"},{"label":"Educa\u00e7\u00e3o Belo Horizonte","link":"https:\/\/www.encontrabelohorizonte.com.br\/sobre\/educacao\/"},{"label":"Simp\u00f3sio re\u00fane especialistas em Belo Horizonte para discutir a efetiva\u00e7\u00e3o dos direitos da pessoa com defici\u00eancia","link":"https:\/\/www.encontrabelohorizonte.com.br\/sobre\/simposio-reune-especialistas-em-belo-horizonte-para-discutir-a-efetivacao-dos-direitos-da-pessoa-com-deficiencia\/"}],"_links":{"self":[{"href":"https:\/\/www.encontrabelohorizonte.com.br\/sobre\/wp-json\/wp\/v2\/posts\/3873","targetHints":{"allow":["GET"]}}],"collection":[{"href":"https:\/\/www.encontrabelohorizonte.com.br\/sobre\/wp-json\/wp\/v2\/posts"}],"about":[{"href":"https:\/\/www.encontrabelohorizonte.com.br\/sobre\/wp-json\/wp\/v2\/types\/post"}],"author":[{"embeddable":true,"href":"https:\/\/www.encontrabelohorizonte.com.br\/sobre\/wp-json\/wp\/v2\/users\/1"}],"replies":[{"embeddable":true,"href":"https:\/\/www.encontrabelohorizonte.com.br\/sobre\/wp-json\/wp\/v2\/comments?post=3873"}],"version-history":[{"count":0,"href":"https:\/\/www.encontrabelohorizonte.com.br\/sobre\/wp-json\/wp\/v2\/posts\/3873\/revisions"}],"wp:attachment":[{"href":"https:\/\/www.encontrabelohorizonte.com.br\/sobre\/wp-json\/wp\/v2\/media?parent=3873"}],"wp:term":[{"taxonomy":"category","embeddable":true,"href":"https:\/\/www.encontrabelohorizonte.com.br\/sobre\/wp-json\/wp\/v2\/categories?post=3873"},{"taxonomy":"post_tag","embeddable":true,"href":"https:\/\/www.encontrabelohorizonte.com.br\/sobre\/wp-json\/wp\/v2\/tags?post=3873"}],"curies":[{"name":"wp","href":"https:\/\/api.w.org\/{rel}","templated":true}]}}