{"id":3891,"date":"2026-04-18T05:14:42","date_gmt":"2026-04-18T08:14:42","guid":{"rendered":"https:\/\/www.encontrabelohorizonte.com.br\/sobre\/belo-horizonte-deve-ter-um-dia-com-chuva-localizada-nesta-sexta\/"},"modified":"2026-04-18T05:14:42","modified_gmt":"2026-04-18T08:14:42","slug":"belo-horizonte-deve-ter-um-dia-com-chuva-localizada-nesta-sexta","status":"publish","type":"post","link":"https:\/\/www.encontrabelohorizonte.com.br\/sobre\/belo-horizonte-deve-ter-um-dia-com-chuva-localizada-nesta-sexta\/","title":{"rendered":"Belo Horizonte deve ter um dia com chuva localizada nesta sexta"},"content":{"rendered":"<div class=\"2e083cf0b19e2c11948dc6ac054ba979\" data-index=\"1\" style=\"float: none; margin:0px;\">\n<!-- Anuncio display - global -->\r\n<ins class=\"adsbygoogle\"\r\n     style=\"display:block\"\r\n     data-ad-client=\"ca-pub-8585364105181520\"\r\n     data-ad-slot=\"8789329856\"\r\n     data-ad-format=\"auto\"\r\n     data-full-width-responsive=\"true\"><\/ins>\r\n<script>\r\n     (adsbygoogle = window.adsbygoogle || []).push({});\r\n<\/script>\n<\/div>\n<h2>Como ser\u00e1 o tempo durante o dia em Belo Horizonte?<\/h2>\n<p>Belo Horizonte come\u00e7ar\u00e1 a madrugada com temperaturas confort\u00e1veis, em torno de <strong>20\u00b0C<\/strong>. \u00c0 medida que o dia avan\u00e7a, a previs\u00e3o indica uma leve eleva\u00e7\u00e3o t\u00e9rmica, atingindo <strong>25\u00b0C<\/strong> pela manh\u00e3. No per\u00edodo da tarde, o calor ser\u00e1 mais pronunciado, mantendo a m\u00e1xima em <strong>25\u00b0C<\/strong>. \u00c0 noite, as temperaturas devem permanecer est\u00e1veis, com uma expectativa de encerramento do dia em torno de <strong>20\u00b0C<\/strong>.<\/p>\n<h2>Expectativas de umidade relativa do ar<\/h2>\n<p>A umidade relativa do ar em Belo Horizonte dever\u00e1 variar significativamente ao longo do dia. Pela manh\u00e3, \u00e9 esperado que a umidade atinja 100% em seu pico, e \u00e0 medida que o sol avan\u00e7a, ela tende a diminuir, podendo atingir at\u00e9 <strong>80%<\/strong> nos per\u00edodos mais secos, que costumam ocorrer \u00e0 tarde.<\/p>\n<h2>Ventos e sua influ\u00eancia no clima<\/h2>\n<p>No que diz respeito aos ventos, a previs\u00e3o indica que eles ser\u00e3o predominantemente suaves, soprando de oeste para noroeste ao longo do dia. O nascer do sol est\u00e1 programado para <strong>06h00<\/strong>, enquanto o p\u00f4r do sol est\u00e1 previsto para <strong>18h09<\/strong>, marcando um ciclo di\u00e1rio que afeta o clima e as temperaturas na capital mineira.<\/p>\n<p><img decoding=\"async\" src=\"https:\/\/www.encontrabelohorizonte.com.br\/sobre\/wp-content\/uploads\/belo-horizonte-deve-ter-um-dia-com-chuva-localizada-nesta-sexta.webp\" alt=\"Belo Horizonte chuva\" loading=\"lazy\" \/><\/p>\n<h2>Temperaturas em Belo Horizonte nos pr\u00f3ximos dias<\/h2>\n<p>Os pr\u00f3ximos dias prometem varia\u00e7\u00f5es de temperatura que devem ser observadas:<\/p>\n<ul>\n<li>Amanh\u00e3: C\u00e9u nublado com chuviscos, temperaturas variando entre <strong>19\u00b0C<\/strong> e <strong>25\u00b0C<\/strong>.<\/li>\n<li>Domingo (22\/03\/2026): Temperaturas de <strong>19\u00b0C<\/strong> a <strong>27\u00b0C<\/strong>, com muitas nuvens.<\/li>\n<li>Segunda-feira (23\/03\/2026): Espera-se entre <strong>16\u00b0C<\/strong> a <strong>29\u00b0C<\/strong>, ainda mantendo muitas nuvens.<\/li>\n<li>Ter\u00e7a-feira (24\/03\/2026): Previs\u00e3o de pancadas leves, temperaturas de <strong>18\u00b0C<\/strong> a <strong>27\u00b0C<\/strong>.<\/li>\n<\/ul>\n<h2>Alerta para chuvas intensas<\/h2>\n<p>\u00c9 importante manter-se atualizado sobre as condi\u00e7\u00f5es clim\u00e1ticas, especialmente considerando que o Instituto Nacional de Meteorologia (INMET) pode emitir alertas para chuvas intensas. Fique atento \u00e0s reportagens e comunica\u00e7\u00f5es sobre poss\u00edveis riscos de alagamentos, que podem impactar a mobilidade e a seguran\u00e7a na regi\u00e3o.<\/p>\n<h2>Dicas para se preparar para dias chuvosos<\/h2>\n<p>Em frente a previs\u00f5es de chuva, algumas dicas \u00fateis podem ajudar a garantir uma experi\u00eancia mais tranquila durante o dia:<\/p>\n<ul>\n<li><strong>Utilize capas de chuva:<\/strong> Sempre que poss\u00edvel, use capas ou chuvas para se proteger da \u00e1gua, especialmente em atividades externas.<\/li>\n<li><strong>Aten\u00e7\u00e3o em estradas:<\/strong> Preste aten\u00e7\u00e3o redobrada enquanto dirige, j\u00e1 que as pistas podem ficar escorregadias e perigosas.<\/li>\n<li><strong>Planejamento de hor\u00e1rios:<\/strong> Tente organizar seus compromissos levando em considera\u00e7\u00e3o a possibilidade de chuvas e seus efeitos no tr\u00e2nsito.<\/li>\n<li><strong>Verifique o status do transporte p\u00fablico:<\/strong> Consulte os hor\u00e1rios e poss\u00edveis atrasos nos transportes coletivos, que podem ser afetados por condi\u00e7\u00f5es clim\u00e1ticas adversas.<\/li>\n<\/ul>\n<h2>Impactos das chuvas na rotina da cidade<\/h2>\n<p>As chuvas t\u00eam o potencial de impactar diversos aspectos do dia a dia na cidade de Belo Horizonte. \u00c9 comum que em dias chuvosos haja:<\/p>\n<ul>\n<li><strong>Aumento do tr\u00e1fico:<\/strong> Com a redu\u00e7\u00e3o da visibilidade e pista molhada, os motoristas devem redobrar a aten\u00e7\u00e3o, o que geralmente resulta em um tr\u00e1fego mais lento.<\/li>\n<li><strong>Possibilidade de alagamentos:<\/strong> Em \u00e1reas vulner\u00e1veis, as chuvas podem causar alagamentos, exigindo uma vigil\u00e2ncia maior, especialmente em regi\u00f5es propensas.<\/li>\n<li><strong>Altera\u00e7\u00e3o na rotina escolar:<\/strong> As escolas podem optar por suspender atividades externas ou, em casos extremos, at\u00e9 mesmo as aulas, caso a seguran\u00e7a esteja amea\u00e7ada.<\/li>\n<\/ul>\n<h2>Hist\u00f3rico de chuvas em mar\u00e7o em Belo Horizonte<\/h2>\n<p>A cidade costuma registrar diversos dias chuvosos durante o m\u00eas de mar\u00e7o, fazendo dele um per\u00edodo crucial para a umidade do solo e mananciais. \u00c9 importante ficar atento ao hist\u00f3rico de chuvas, pois ele pode influenciar a disponibilidade de \u00e1gua nas represas e no abastecimento geral da cidade. Especialmente em um ano como 2026, a varia\u00e7\u00e3o das chuvas pode causar tanto al\u00edquotas de alagamentos quanto per\u00edodos de estiagem em diversas regi\u00f5es.<\/p>\n<h2>O que dizem os meteorologistas?<\/h2>\n<p>Os meteorologistas recomendam que a popula\u00e7\u00e3o esteja sempre atenta \u00e0s altera\u00e7\u00f5es clim\u00e1ticas r\u00e1pidas, que podem ocorrer devido a frentes frias e outras condi\u00e7\u00f5es meteorol\u00f3gicas. Ficar informado por meio de aplicativos de clima, portais de not\u00edcias e redes sociais \u00e9 essencial para se manter preparado.<\/p>\n<h2>Conselhos para motoristas em dias de chuva<\/h2>\n<p>Levar em considera\u00e7\u00e3o algumas recomenda\u00e7\u00f5es pode facilitar a condu\u00e7\u00e3o segura em dias chuvosos:<\/p>\n<ul>\n<li><strong>Reduza a velocidade:<\/strong> Ao dirigir com chuva, mantenha uma velocidade menor, dado que a pista molhada pode ser trai\u00e7oeira.<\/li>\n<li><strong>Mantenha dist\u00e2ncia:<\/strong> Aumente a dist\u00e2ncia entre seu ve\u00edculo e o da frente para ter mais tempo de rea\u00e7\u00e3o.<\/li>\n<li><strong>Utilize far\u00f3is:<\/strong> Acenda os far\u00f3is para aumentar a visibilidade, mesmo durante o dia, e esteja atento \u00e0 sinaliza\u00e7\u00e3o.<\/li>\n<li><strong>Evite frenagens bruscas:<\/strong> Se poss\u00edvel, evite parar com frequ\u00eancia e evite movimentos bruscos que possam levar seu ve\u00edculo a derrapar.<\/li>\n<\/ul>\n\n<div style=\"font-size: 0px; height: 0px; line-height: 0px; margin: 0; padding: 0; clear: both;\"><\/div>","protected":false},"excerpt":{"rendered":"<p>Belo Horizonte ter\u00e1 um dia de tempo chuvoso nesta sexta-feira.<\/p>\n","protected":false},"author":1,"featured_media":3890,"comment_status":"closed","ping_status":"closed","sticky":false,"template":"","format":"standard","meta":{"footnotes":""},"categories":[6],"tags":[],"class_list":["post-3891","post","type-post","status-publish","format-standard","has-post-thumbnail","hentry","category-noticias","has_thumb"],"aioseo_notices":[],"aioseo_head":"\n\t\t<!-- All in One SEO 5.0.0.1 - aioseo.com -->\n\t<meta name=\"description\" content=\"Belo Horizonte ter\u00e1 um dia de tempo chuvoso nesta sexta-feira.\" \/>\n\t<meta name=\"robots\" content=\"max-image-preview:large\" \/>\n\t<meta name=\"author\" content=\"Encontra Belo Horizonte\"\/>\n\t<link rel=\"canonical\" href=\"https:\/\/www.encontrabelohorizonte.com.br\/sobre\/belo-horizonte-deve-ter-um-dia-com-chuva-localizada-nesta-sexta\/\" \/>\n\t<meta name=\"generator\" content=\"All in One SEO (AIOSEO) 5.0.0.1\" \/>\n\t\t<meta property=\"og:locale\" content=\"pt_BR\" \/>\n\t\t<meta property=\"og:site_name\" content=\"Encontra Belo Horizonte | Not\u00edcias, eventos, informa\u00e7\u00f5es e dicas da cidade de Belo Horizonte e regi\u00e3o\" \/>\n\t\t<meta property=\"og:type\" content=\"article\" \/>\n\t\t<meta property=\"og:title\" content=\"Belo Horizonte deve ter um dia com chuva localizada nesta sexta | Encontra Belo Horizonte\" \/>\n\t\t<meta property=\"og:description\" content=\"Belo Horizonte ter\u00e1 um dia de tempo chuvoso nesta sexta-feira.\" \/>\n\t\t<meta property=\"og:url\" content=\"https:\/\/www.encontrabelohorizonte.com.br\/sobre\/belo-horizonte-deve-ter-um-dia-com-chuva-localizada-nesta-sexta\/\" \/>\n\t\t<meta property=\"article:published_time\" content=\"2026-04-18T08:14:42+00:00\" \/>\n\t\t<meta property=\"article:modified_time\" content=\"2026-04-18T08:14:42+00:00\" \/>\n\t\t<meta name=\"twitter:card\" content=\"summary\" \/>\n\t\t<meta name=\"twitter:title\" content=\"Belo Horizonte deve ter um dia com chuva localizada nesta sexta | Encontra Belo Horizonte\" \/>\n\t\t<meta name=\"twitter:description\" content=\"Belo Horizonte ter\u00e1 um dia de tempo chuvoso nesta sexta-feira.\" \/>\n\t\t<script type=\"application\/ld+json\" class=\"aioseo-schema\">\n\t\t\t{\"@context\":\"https:\\\/\\\/schema.org\",\"@graph\":[{\"@type\":\"Article\",\"@id\":\"https:\\\/\\\/www.encontrabelohorizonte.com.br\\\/sobre\\\/belo-horizonte-deve-ter-um-dia-com-chuva-localizada-nesta-sexta\\\/#article\",\"name\":\"Belo Horizonte deve ter um dia com chuva localizada nesta sexta | Encontra Belo Horizonte\",\"headline\":\"Belo Horizonte deve ter um dia com chuva localizada nesta sexta\",\"author\":{\"@id\":\"https:\\\/\\\/www.encontrabelohorizonte.com.br\\\/sobre\\\/author\\\/ebelohorizonte\\\/#author\"},\"publisher\":{\"@id\":\"https:\\\/\\\/www.encontrabelohorizonte.com.br\\\/sobre\\\/#organization\"},\"image\":{\"@type\":\"ImageObject\",\"url\":\"https:\\\/\\\/www.encontrabelohorizonte.com.br\\\/sobre\\\/wp-content\\\/uploads\\\/belo-horizonte-deve-ter-um-dia-com-chuva-localizada-nesta-sexta.webp\",\"width\":280,\"height\":280,\"caption\":\"Belo Horizonte chuva\"},\"datePublished\":\"2026-04-18T05:14:42-03:00\",\"dateModified\":\"2026-04-18T05:14:42-03:00\",\"inLanguage\":\"pt-BR\",\"mainEntityOfPage\":{\"@id\":\"https:\\\/\\\/www.encontrabelohorizonte.com.br\\\/sobre\\\/belo-horizonte-deve-ter-um-dia-com-chuva-localizada-nesta-sexta\\\/#webpage\"},\"isPartOf\":{\"@id\":\"https:\\\/\\\/www.encontrabelohorizonte.com.br\\\/sobre\\\/belo-horizonte-deve-ter-um-dia-com-chuva-localizada-nesta-sexta\\\/#webpage\"},\"articleSection\":\"Not\\u00edcias Belo Horizonte\"},{\"@type\":\"BreadcrumbList\",\"@id\":\"https:\\\/\\\/www.encontrabelohorizonte.com.br\\\/sobre\\\/belo-horizonte-deve-ter-um-dia-com-chuva-localizada-nesta-sexta\\\/#breadcrumblist\",\"itemListElement\":[{\"@type\":\"ListItem\",\"@id\":\"https:\\\/\\\/www.encontrabelohorizonte.com.br\\\/sobre#listItem\",\"position\":1,\"name\":\"In\\u00edcio\",\"item\":\"https:\\\/\\\/www.encontrabelohorizonte.com.br\\\/sobre\",\"nextItem\":{\"@type\":\"ListItem\",\"@id\":\"https:\\\/\\\/www.encontrabelohorizonte.com.br\\\/sobre\\\/noticias\\\/#listItem\",\"name\":\"Not\\u00edcias Belo Horizonte\"}},{\"@type\":\"ListItem\",\"@id\":\"https:\\\/\\\/www.encontrabelohorizonte.com.br\\\/sobre\\\/noticias\\\/#listItem\",\"position\":2,\"name\":\"Not\\u00edcias Belo Horizonte\",\"item\":\"https:\\\/\\\/www.encontrabelohorizonte.com.br\\\/sobre\\\/noticias\\\/\",\"nextItem\":{\"@type\":\"ListItem\",\"@id\":\"https:\\\/\\\/www.encontrabelohorizonte.com.br\\\/sobre\\\/belo-horizonte-deve-ter-um-dia-com-chuva-localizada-nesta-sexta\\\/#listItem\",\"name\":\"Belo Horizonte deve ter um dia com chuva localizada nesta sexta\"},\"previousItem\":{\"@type\":\"ListItem\",\"@id\":\"https:\\\/\\\/www.encontrabelohorizonte.com.br\\\/sobre#listItem\",\"name\":\"In\\u00edcio\"}},{\"@type\":\"ListItem\",\"@id\":\"https:\\\/\\\/www.encontrabelohorizonte.com.br\\\/sobre\\\/belo-horizonte-deve-ter-um-dia-com-chuva-localizada-nesta-sexta\\\/#listItem\",\"position\":3,\"name\":\"Belo Horizonte deve ter um dia com chuva localizada nesta sexta\",\"previousItem\":{\"@type\":\"ListItem\",\"@id\":\"https:\\\/\\\/www.encontrabelohorizonte.com.br\\\/sobre\\\/noticias\\\/#listItem\",\"name\":\"Not\\u00edcias Belo Horizonte\"}}]},{\"@type\":\"Organization\",\"@id\":\"https:\\\/\\\/www.encontrabelohorizonte.com.br\\\/sobre\\\/#organization\",\"name\":\"Encontra Belo Horizonte\",\"description\":\"Not\\u00edcias, eventos, informa\\u00e7\\u00f5es e dicas da cidade de Belo Horizonte e regi\\u00e3o\",\"url\":\"https:\\\/\\\/www.encontrabelohorizonte.com.br\\\/sobre\\\/\"},{\"@type\":\"Person\",\"@id\":\"https:\\\/\\\/www.encontrabelohorizonte.com.br\\\/sobre\\\/author\\\/ebelohorizonte\\\/#author\",\"url\":\"https:\\\/\\\/www.encontrabelohorizonte.com.br\\\/sobre\\\/author\\\/ebelohorizonte\\\/\",\"name\":\"Encontra Belo Horizonte\",\"image\":{\"@type\":\"ImageObject\",\"@id\":\"https:\\\/\\\/www.encontrabelohorizonte.com.br\\\/sobre\\\/belo-horizonte-deve-ter-um-dia-com-chuva-localizada-nesta-sexta\\\/#authorImage\",\"url\":\"https:\\\/\\\/secure.gravatar.com\\\/avatar\\\/507340682b8270222e1f208e23198b6ae7e2c6a1033ae84e99bc6bce4f82a387?s=96&d=mm&r=g\",\"width\":96,\"height\":96,\"caption\":\"Encontra Belo Horizonte\"}},{\"@type\":\"WebPage\",\"@id\":\"https:\\\/\\\/www.encontrabelohorizonte.com.br\\\/sobre\\\/belo-horizonte-deve-ter-um-dia-com-chuva-localizada-nesta-sexta\\\/#webpage\",\"url\":\"https:\\\/\\\/www.encontrabelohorizonte.com.br\\\/sobre\\\/belo-horizonte-deve-ter-um-dia-com-chuva-localizada-nesta-sexta\\\/\",\"name\":\"Belo Horizonte deve ter um dia com chuva localizada nesta sexta | Encontra Belo Horizonte\",\"description\":\"Belo Horizonte ter\\u00e1 um dia de tempo chuvoso nesta sexta-feira.\",\"inLanguage\":\"pt-BR\",\"isPartOf\":{\"@id\":\"https:\\\/\\\/www.encontrabelohorizonte.com.br\\\/sobre\\\/#website\"},\"breadcrumb\":{\"@id\":\"https:\\\/\\\/www.encontrabelohorizonte.com.br\\\/sobre\\\/belo-horizonte-deve-ter-um-dia-com-chuva-localizada-nesta-sexta\\\/#breadcrumblist\"},\"author\":{\"@id\":\"https:\\\/\\\/www.encontrabelohorizonte.com.br\\\/sobre\\\/author\\\/ebelohorizonte\\\/#author\"},\"creator\":{\"@id\":\"https:\\\/\\\/www.encontrabelohorizonte.com.br\\\/sobre\\\/author\\\/ebelohorizonte\\\/#author\"},\"image\":{\"@type\":\"ImageObject\",\"url\":\"https:\\\/\\\/www.encontrabelohorizonte.com.br\\\/sobre\\\/wp-content\\\/uploads\\\/belo-horizonte-deve-ter-um-dia-com-chuva-localizada-nesta-sexta.webp\",\"@id\":\"https:\\\/\\\/www.encontrabelohorizonte.com.br\\\/sobre\\\/belo-horizonte-deve-ter-um-dia-com-chuva-localizada-nesta-sexta\\\/#mainImage\",\"width\":280,\"height\":280,\"caption\":\"Belo Horizonte chuva\"},\"primaryImageOfPage\":{\"@id\":\"https:\\\/\\\/www.encontrabelohorizonte.com.br\\\/sobre\\\/belo-horizonte-deve-ter-um-dia-com-chuva-localizada-nesta-sexta\\\/#mainImage\"},\"datePublished\":\"2026-04-18T05:14:42-03:00\",\"dateModified\":\"2026-04-18T05:14:42-03:00\"},{\"@type\":\"WebSite\",\"@id\":\"https:\\\/\\\/www.encontrabelohorizonte.com.br\\\/sobre\\\/#website\",\"url\":\"https:\\\/\\\/www.encontrabelohorizonte.com.br\\\/sobre\\\/\",\"name\":\"Encontra Belo Horizonte\",\"description\":\"Not\\u00edcias, eventos, informa\\u00e7\\u00f5es e dicas da cidade de Belo Horizonte e regi\\u00e3o\",\"inLanguage\":\"pt-BR\",\"publisher\":{\"@id\":\"https:\\\/\\\/www.encontrabelohorizonte.com.br\\\/sobre\\\/#organization\"}}]}\n\t\t<\/script>\n\t\t<!-- All in One SEO -->\n\n","aioseo_head_json":{"title":"Belo Horizonte deve ter um dia com chuva localizada nesta sexta | Encontra Belo Horizonte","description":"Belo Horizonte ter\u00e1 um dia de tempo chuvoso nesta sexta-feira.","canonical_url":"https:\/\/www.encontrabelohorizonte.com.br\/sobre\/belo-horizonte-deve-ter-um-dia-com-chuva-localizada-nesta-sexta\/","robots":"max-image-preview:large","keywords":"","webmasterTools":{"miscellaneous":""},"schema":{"@context":"https:\/\/schema.org","@graph":[{"@type":"Article","@id":"https:\/\/www.encontrabelohorizonte.com.br\/sobre\/belo-horizonte-deve-ter-um-dia-com-chuva-localizada-nesta-sexta\/#article","name":"Belo Horizonte deve ter um dia com chuva localizada nesta sexta | Encontra Belo Horizonte","headline":"Belo Horizonte deve ter um dia com chuva localizada nesta sexta","author":{"@id":"https:\/\/www.encontrabelohorizonte.com.br\/sobre\/author\/ebelohorizonte\/#author"},"publisher":{"@id":"https:\/\/www.encontrabelohorizonte.com.br\/sobre\/#organization"},"image":{"@type":"ImageObject","url":"https:\/\/www.encontrabelohorizonte.com.br\/sobre\/wp-content\/uploads\/belo-horizonte-deve-ter-um-dia-com-chuva-localizada-nesta-sexta.webp","width":280,"height":280,"caption":"Belo Horizonte chuva"},"datePublished":"2026-04-18T05:14:42-03:00","dateModified":"2026-04-18T05:14:42-03:00","inLanguage":"pt-BR","mainEntityOfPage":{"@id":"https:\/\/www.encontrabelohorizonte.com.br\/sobre\/belo-horizonte-deve-ter-um-dia-com-chuva-localizada-nesta-sexta\/#webpage"},"isPartOf":{"@id":"https:\/\/www.encontrabelohorizonte.com.br\/sobre\/belo-horizonte-deve-ter-um-dia-com-chuva-localizada-nesta-sexta\/#webpage"},"articleSection":"Not\u00edcias Belo Horizonte"},{"@type":"BreadcrumbList","@id":"https:\/\/www.encontrabelohorizonte.com.br\/sobre\/belo-horizonte-deve-ter-um-dia-com-chuva-localizada-nesta-sexta\/#breadcrumblist","itemListElement":[{"@type":"ListItem","@id":"https:\/\/www.encontrabelohorizonte.com.br\/sobre#listItem","position":1,"name":"In\u00edcio","item":"https:\/\/www.encontrabelohorizonte.com.br\/sobre","nextItem":{"@type":"ListItem","@id":"https:\/\/www.encontrabelohorizonte.com.br\/sobre\/noticias\/#listItem","name":"Not\u00edcias Belo Horizonte"}},{"@type":"ListItem","@id":"https:\/\/www.encontrabelohorizonte.com.br\/sobre\/noticias\/#listItem","position":2,"name":"Not\u00edcias Belo Horizonte","item":"https:\/\/www.encontrabelohorizonte.com.br\/sobre\/noticias\/","nextItem":{"@type":"ListItem","@id":"https:\/\/www.encontrabelohorizonte.com.br\/sobre\/belo-horizonte-deve-ter-um-dia-com-chuva-localizada-nesta-sexta\/#listItem","name":"Belo Horizonte deve ter um dia com chuva localizada nesta sexta"},"previousItem":{"@type":"ListItem","@id":"https:\/\/www.encontrabelohorizonte.com.br\/sobre#listItem","name":"In\u00edcio"}},{"@type":"ListItem","@id":"https:\/\/www.encontrabelohorizonte.com.br\/sobre\/belo-horizonte-deve-ter-um-dia-com-chuva-localizada-nesta-sexta\/#listItem","position":3,"name":"Belo Horizonte deve ter um dia com chuva localizada nesta sexta","previousItem":{"@type":"ListItem","@id":"https:\/\/www.encontrabelohorizonte.com.br\/sobre\/noticias\/#listItem","name":"Not\u00edcias Belo Horizonte"}}]},{"@type":"Organization","@id":"https:\/\/www.encontrabelohorizonte.com.br\/sobre\/#organization","name":"Encontra Belo Horizonte","description":"Not\u00edcias, eventos, informa\u00e7\u00f5es e dicas da cidade de Belo Horizonte e regi\u00e3o","url":"https:\/\/www.encontrabelohorizonte.com.br\/sobre\/"},{"@type":"Person","@id":"https:\/\/www.encontrabelohorizonte.com.br\/sobre\/author\/ebelohorizonte\/#author","url":"https:\/\/www.encontrabelohorizonte.com.br\/sobre\/author\/ebelohorizonte\/","name":"Encontra Belo Horizonte","image":{"@type":"ImageObject","@id":"https:\/\/www.encontrabelohorizonte.com.br\/sobre\/belo-horizonte-deve-ter-um-dia-com-chuva-localizada-nesta-sexta\/#authorImage","url":"https:\/\/secure.gravatar.com\/avatar\/507340682b8270222e1f208e23198b6ae7e2c6a1033ae84e99bc6bce4f82a387?s=96&d=mm&r=g","width":96,"height":96,"caption":"Encontra Belo Horizonte"}},{"@type":"WebPage","@id":"https:\/\/www.encontrabelohorizonte.com.br\/sobre\/belo-horizonte-deve-ter-um-dia-com-chuva-localizada-nesta-sexta\/#webpage","url":"https:\/\/www.encontrabelohorizonte.com.br\/sobre\/belo-horizonte-deve-ter-um-dia-com-chuva-localizada-nesta-sexta\/","name":"Belo Horizonte deve ter um dia com chuva localizada nesta sexta | Encontra Belo Horizonte","description":"Belo Horizonte ter\u00e1 um dia de tempo chuvoso nesta sexta-feira.","inLanguage":"pt-BR","isPartOf":{"@id":"https:\/\/www.encontrabelohorizonte.com.br\/sobre\/#website"},"breadcrumb":{"@id":"https:\/\/www.encontrabelohorizonte.com.br\/sobre\/belo-horizonte-deve-ter-um-dia-com-chuva-localizada-nesta-sexta\/#breadcrumblist"},"author":{"@id":"https:\/\/www.encontrabelohorizonte.com.br\/sobre\/author\/ebelohorizonte\/#author"},"creator":{"@id":"https:\/\/www.encontrabelohorizonte.com.br\/sobre\/author\/ebelohorizonte\/#author"},"image":{"@type":"ImageObject","url":"https:\/\/www.encontrabelohorizonte.com.br\/sobre\/wp-content\/uploads\/belo-horizonte-deve-ter-um-dia-com-chuva-localizada-nesta-sexta.webp","@id":"https:\/\/www.encontrabelohorizonte.com.br\/sobre\/belo-horizonte-deve-ter-um-dia-com-chuva-localizada-nesta-sexta\/#mainImage","width":280,"height":280,"caption":"Belo Horizonte chuva"},"primaryImageOfPage":{"@id":"https:\/\/www.encontrabelohorizonte.com.br\/sobre\/belo-horizonte-deve-ter-um-dia-com-chuva-localizada-nesta-sexta\/#mainImage"},"datePublished":"2026-04-18T05:14:42-03:00","dateModified":"2026-04-18T05:14:42-03:00"},{"@type":"WebSite","@id":"https:\/\/www.encontrabelohorizonte.com.br\/sobre\/#website","url":"https:\/\/www.encontrabelohorizonte.com.br\/sobre\/","name":"Encontra Belo Horizonte","description":"Not\u00edcias, eventos, informa\u00e7\u00f5es e dicas da cidade de Belo Horizonte e regi\u00e3o","inLanguage":"pt-BR","publisher":{"@id":"https:\/\/www.encontrabelohorizonte.com.br\/sobre\/#organization"}}]},"og:locale":"pt_BR","og:site_name":"Encontra Belo Horizonte | Not\u00edcias, eventos, informa\u00e7\u00f5es e dicas da cidade de Belo Horizonte e regi\u00e3o","og:type":"article","og:title":"Belo Horizonte deve ter um dia com chuva localizada nesta sexta | Encontra Belo Horizonte","og:description":"Belo Horizonte ter\u00e1 um dia de tempo chuvoso nesta sexta-feira.","og:url":"https:\/\/www.encontrabelohorizonte.com.br\/sobre\/belo-horizonte-deve-ter-um-dia-com-chuva-localizada-nesta-sexta\/","article:published_time":"2026-04-18T08:14:42+00:00","article:modified_time":"2026-04-18T08:14:42+00:00","twitter:card":"summary","twitter:title":"Belo Horizonte deve ter um dia com chuva localizada nesta sexta | Encontra Belo Horizonte","twitter:description":"Belo Horizonte ter\u00e1 um dia de tempo chuvoso nesta sexta-feira."},"aioseo_meta_data":{"post_id":"3891","title":null,"description":null,"keywords":null,"keyphrases":null,"primary_term":null,"canonical_url":null,"og_title":null,"og_description":null,"og_object_type":"default","og_image_type":"default","og_image_url":null,"og_image_width":null,"og_image_height":null,"og_image_custom_url":null,"og_image_custom_fields":null,"og_video":null,"og_custom_url":null,"og_article_section":null,"og_article_tags":null,"twitter_use_og":false,"twitter_card":"default","twitter_image_type":"default","twitter_image_url":null,"twitter_image_custom_url":null,"twitter_image_custom_fields":null,"twitter_title":null,"twitter_description":null,"schema":{"blockGraphs":[],"customGraphs":[],"default":{"data":{"Article":[],"Course":[],"Dataset":[],"FAQPage":[],"Movie":[],"Person":[],"Product":[],"ProductReview":[],"Car":[],"Recipe":[],"Service":[],"SoftwareApplication":[],"WebPage":[]},"graphName":"WebPage","isEnabled":true},"graphs":[]},"schema_type":"default","schema_type_options":null,"pillar_content":false,"robots_default":true,"robots_noindex":false,"robots_noarchive":false,"robots_nosnippet":false,"robots_nofollow":false,"robots_noimageindex":false,"robots_noodp":false,"robots_notranslate":false,"robots_max_snippet":null,"robots_max_videopreview":null,"robots_max_imagepreview":"large","priority":null,"frequency":null,"local_seo":null,"breadcrumb_settings":null,"limit_modified_date":false,"ai":null,"created":"2026-04-18 08:14:46","updated":"2026-04-18 08:21:40","focus_keyword":null,"additional_keywords":null,"truseo_locale":null,"seo_analyzer_scan_date":null},"aioseo_breadcrumb":"<div class=\"aioseo-breadcrumbs\"><span class=\"aioseo-breadcrumb\">\n\t\t\t<a href=\"https:\/\/www.encontrabelohorizonte.com.br\/sobre\" title=\"In\u00edcio\">In\u00edcio<\/a>\n\t\t<\/span><span class=\"aioseo-breadcrumb-separator\">&raquo;<\/span><span class=\"aioseo-breadcrumb\">\n\t\t\t<a href=\"https:\/\/www.encontrabelohorizonte.com.br\/sobre\/noticias\/\" title=\"Not\u00edcias Belo Horizonte\">Not\u00edcias Belo Horizonte<\/a>\n\t\t<\/span><span class=\"aioseo-breadcrumb-separator\">&raquo;<\/span><span class=\"aioseo-breadcrumb\">\n\t\t\tBelo Horizonte deve ter um dia com chuva localizada nesta sexta\n\t\t<\/span><\/div>","aioseo_breadcrumb_json":[{"label":"In\u00edcio","link":"https:\/\/www.encontrabelohorizonte.com.br\/sobre"},{"label":"Not\u00edcias Belo Horizonte","link":"https:\/\/www.encontrabelohorizonte.com.br\/sobre\/noticias\/"},{"label":"Belo Horizonte deve ter um dia com chuva localizada nesta sexta","link":"https:\/\/www.encontrabelohorizonte.com.br\/sobre\/belo-horizonte-deve-ter-um-dia-com-chuva-localizada-nesta-sexta\/"}],"_links":{"self":[{"href":"https:\/\/www.encontrabelohorizonte.com.br\/sobre\/wp-json\/wp\/v2\/posts\/3891","targetHints":{"allow":["GET"]}}],"collection":[{"href":"https:\/\/www.encontrabelohorizonte.com.br\/sobre\/wp-json\/wp\/v2\/posts"}],"about":[{"href":"https:\/\/www.encontrabelohorizonte.com.br\/sobre\/wp-json\/wp\/v2\/types\/post"}],"author":[{"embeddable":true,"href":"https:\/\/www.encontrabelohorizonte.com.br\/sobre\/wp-json\/wp\/v2\/users\/1"}],"replies":[{"embeddable":true,"href":"https:\/\/www.encontrabelohorizonte.com.br\/sobre\/wp-json\/wp\/v2\/comments?post=3891"}],"version-history":[{"count":0,"href":"https:\/\/www.encontrabelohorizonte.com.br\/sobre\/wp-json\/wp\/v2\/posts\/3891\/revisions"}],"wp:featuredmedia":[{"embeddable":true,"href":"https:\/\/www.encontrabelohorizonte.com.br\/sobre\/wp-json\/wp\/v2\/media\/3890"}],"wp:attachment":[{"href":"https:\/\/www.encontrabelohorizonte.com.br\/sobre\/wp-json\/wp\/v2\/media?parent=3891"}],"wp:term":[{"taxonomy":"category","embeddable":true,"href":"https:\/\/www.encontrabelohorizonte.com.br\/sobre\/wp-json\/wp\/v2\/categories?post=3891"},{"taxonomy":"post_tag","embeddable":true,"href":"https:\/\/www.encontrabelohorizonte.com.br\/sobre\/wp-json\/wp\/v2\/tags?post=3891"}],"curies":[{"name":"wp","href":"https:\/\/api.w.org\/{rel}","templated":true}]}}