{"id":3895,"date":"2026-04-19T05:14:24","date_gmt":"2026-04-19T08:14:24","guid":{"rendered":"https:\/\/www.encontrabelohorizonte.com.br\/sobre\/no-dia-mundial-do-livro-belo-horizonte-recebe-a-teia-da-leitura-2026\/"},"modified":"2026-04-19T05:14:24","modified_gmt":"2026-04-19T08:14:24","slug":"no-dia-mundial-do-livro-belo-horizonte-recebe-a-teia-da-leitura-2026","status":"publish","type":"post","link":"https:\/\/www.encontrabelohorizonte.com.br\/sobre\/no-dia-mundial-do-livro-belo-horizonte-recebe-a-teia-da-leitura-2026\/","title":{"rendered":"No Dia Mundial do Livro, Belo Horizonte recebe a Teia da Leitura 2026"},"content":{"rendered":"<div class=\"2e083cf0b19e2c11948dc6ac054ba979\" data-index=\"1\" style=\"float: none; margin:0px;\">\n<!-- Anuncio display - global -->\r\n<ins class=\"adsbygoogle\"\r\n     style=\"display:block\"\r\n     data-ad-client=\"ca-pub-8585364105181520\"\r\n     data-ad-slot=\"8789329856\"\r\n     data-ad-format=\"auto\"\r\n     data-full-width-responsive=\"true\"><\/ins>\r\n<script>\r\n     (adsbygoogle = window.adsbygoogle || []).push({});\r\n<\/script>\n<\/div>\n<h2>O que esperar da Teia da Leitura 2026<\/h2>\n<p>A Teia da Leitura 2026, que ocorrer\u00e1 em Belo Horizonte, \u00e9 um evento muito aguardado que acontecer\u00e1 a partir de 23 de abril, Dia Mundial do Livro. Nesta primeira edi\u00e7\u00e3o, o foco ser\u00e1 a promo\u00e7\u00e3o do acesso \u00e0 literatura e \u00e0 leitura atrav\u00e9s de diversas atividades interativas e educativas. O evento contar\u00e1 com a participa\u00e7\u00e3o de 50 pontos de cultura de todo o pa\u00eds, que se reunir\u00e3o para compartilhar experi\u00eancias e discutir a promo\u00e7\u00e3o do livro, da leitura e das bibliotecas no Brasil.<\/p>\n<h2>A import\u00e2ncia do Dia Mundial do Livro<\/h2>\n<p>O Dia Mundial do Livro \u00e9 uma data celebrada globalmente para homenagear o poder da leitura e a import\u00e2ncia dos livros. As atividades planejadas na Teia da Leitura 2026 ir\u00e3o ressaltar esses princ\u00edpios e a necessidade de tornar o acesso \u00e0 literatura um direito de todos, especialmente em um momento em que a leitura pode transformar vidas e comunidades.<\/p>\n<h2>Como se inscrever para as oficinas<\/h2>\n<p>As oficinas da Teia da Leitura 2026 s\u00e3o uma oportunidade imperd\u00edvel para aqueles que desejam explorar mais sobre literatura e pr\u00e1ticas de leitura. Para se inscrever, os interessados devem acessar o site oficial do evento, onde estar\u00e3o dispon\u00edveis os detalhes sobre as oficinas, instru\u00e7\u00f5es de registro e informa\u00e7\u00f5es sobre o p\u00fablico-alvo de cada sess\u00e3o. As inscri\u00e7\u00f5es s\u00e3o limitadas, ent\u00e3o \u00e9 recomend\u00e1vel que os interessados se inscrevam o quanto antes para garantir sua participa\u00e7\u00e3o.<\/p>\n<p><img decoding=\"async\" src=\"https:\/\/www.encontrabelohorizonte.com.br\/sobre\/wp-content\/uploads\/no-dia-mundial-do-livro-belo-horizonte-recebe-a-teia-da-leitura-2026.webp\" alt=\"Teia da Leitura 2026\" loading=\"lazy\" \/><\/p>\n<h2>Atra\u00e7\u00f5es art\u00edsticas que v\u00e3o encantar o p\u00fablico<\/h2>\n<p>O evento n\u00e3o ser\u00e1 apenas uma s\u00e9rie de discuss\u00f5es acad\u00eamicas; ele tamb\u00e9m contar\u00e1 com v\u00e1rias atra\u00e7\u00f5es culturais que prometem encantar os participantes. Espera-se uma gama de apresenta\u00e7\u00f5es art\u00edsticas, incluindo poesia, conta\u00e7\u00e3o de hist\u00f3rias e performances musicais. Essas atividades visam fomentar um ambiente vibrante e criativo, aprofundando a conex\u00e3o entre os participantes e o ato de ler e contar hist\u00f3rias.<\/p>\n<h2>Mesas de debate sobre literatura e cultura<\/h2>\n<p>Um dos pontos altos da programa\u00e7\u00e3o s\u00e3o as mesas de debate, onde especialistas, autores e agentes culturais discutir\u00e3o temas relevantes como o futuro da leitura no Brasil. A presen\u00e7a de figuras como Bel Santos Mayer e Jos\u00e9 Castilho enriquecer\u00e1 as discuss\u00f5es, oferecendo insights valiosos n\u00e3o apenas sobre pr\u00e1ticas de leitura, mas tamb\u00e9m sobre o impacto cultural e social das bibliotecas e programas de leitura.<\/p>\n<h2>Pontos de leitura e suas experi\u00eancias<\/h2>\n<p>Os pontos de leitura s\u00e3o fundamentais para a promo\u00e7\u00e3o da literatura e da acessibilidade ao livro. Durante o evento, representantes destes pontos compartilhar\u00e3o suas experi\u00eancias e desafios enfrentados em suas localidades, proporcionando um espa\u00e7o rico para troca de ideias que podem levar ao fortalecimento das pol\u00edticas de leitura no Brasil.<\/p>\n<h2>A proposta do Instituto AbraPalavra<\/h2>\n<p>O Instituto AbraPalavra, respons\u00e1vel por organizar a Teia da Leitura, tem um hist\u00f3rico not\u00e1vel de incentivo \u00e0 leitura e \u00e0 cultura. Reconhecido como Pont\u00e3o Nacional do Livro e Literatura, o instituto trar\u00e1 uma s\u00e9rie de experi\u00eancias e metodologias que t\u00eam se mostrado eficazes na promo\u00e7\u00e3o da leitura dentro das comunidades, refor\u00e7ando seu compromisso com a forma\u00e7\u00e3o de leitores ativos e cr\u00edticos.<\/p>\n<h2>Intera\u00e7\u00f5es que fortalecem a cultura<\/h2>\n<p>A Teia da Leitura servir\u00e1 como um lugar de encontro para diversas iniciativas culturais. Atrav\u00e9s de intera\u00e7\u00f5es entre participantes, artistas e especialistas, espera-se que surgir\u00e3o novas parcerias e colabora\u00e7\u00f5es que ir\u00e3o fortalecer ainda mais a cultura de leitura e literatura no Brasil. A diversidade de experi\u00eancias colhidas ao longo do evento promete criar um impacto duradouro e positivo nas comunidades participantes.<\/p>\n<h2>Atividades para crian\u00e7as e jovens<\/h2>\n<p>Um dos objetivos centrais da Teia da Leitura 2026 \u00e9 envolver os jovens e as crian\u00e7as no mundo da leitura. Ser\u00e3o realizadas diversas atividades espec\u00edficas para este p\u00fablico, com oficinas de conta\u00e7\u00e3o de hist\u00f3rias, cria\u00e7\u00e3o liter\u00e1ria e outras formas interativas que estimulam o prazer pela leitura desde cedo. Estas iniciativas s\u00e3o essenciais para construir uma base s\u00f3lida de futuros leitores e cidad\u00e3os cr\u00edticos.<\/p>\n<h2>Encerramento com reflex\u00e3o sobre o futuro da leitura<\/h2>\n<p>O \u00faltimo dia da Teia da Leitura ser\u00e1 marcado por momentos de reflex\u00e3o sobre o que foi aprendido durante todo o evento e quais passos dever\u00e3o ser dados para garantir um futuro mais promissor para a leitura no Brasil. A palestra do ator Odilon Esteves promete encerrar a programa\u00e7\u00e3o com uma mensagem inspiradora, promovendo um olhar otimista e ativo sobre como a leitura pode efetivamente transformar vidas e comunidades. <\/p>\n\n<div style=\"font-size: 0px; height: 0px; line-height: 0px; margin: 0; padding: 0; clear: both;\"><\/div>","protected":false},"excerpt":{"rendered":"<p>Teia da Leitura 2026 promove intera\u00e7\u00e3o e reflex\u00f5es sobre leitura e cultura.<\/p>\n","protected":false},"author":1,"featured_media":3894,"comment_status":"closed","ping_status":"closed","sticky":false,"template":"","format":"standard","meta":{"footnotes":""},"categories":[6],"tags":[],"class_list":["post-3895","post","type-post","status-publish","format-standard","has-post-thumbnail","hentry","category-noticias","has_thumb"],"aioseo_notices":[],"aioseo_head":"\n\t\t<!-- All in One SEO 5.0.0.1 - aioseo.com -->\n\t<meta name=\"description\" content=\"Teia da Leitura 2026 promove intera\u00e7\u00e3o e reflex\u00f5es sobre leitura e cultura.\" \/>\n\t<meta name=\"robots\" content=\"max-image-preview:large\" \/>\n\t<meta name=\"author\" content=\"Encontra Belo Horizonte\"\/>\n\t<link rel=\"canonical\" href=\"https:\/\/www.encontrabelohorizonte.com.br\/sobre\/no-dia-mundial-do-livro-belo-horizonte-recebe-a-teia-da-leitura-2026\/\" \/>\n\t<meta name=\"generator\" content=\"All in One SEO (AIOSEO) 5.0.0.1\" \/>\n\t\t<meta property=\"og:locale\" content=\"pt_BR\" \/>\n\t\t<meta property=\"og:site_name\" content=\"Encontra Belo Horizonte | Not\u00edcias, eventos, informa\u00e7\u00f5es e dicas da cidade de Belo Horizonte e regi\u00e3o\" \/>\n\t\t<meta property=\"og:type\" content=\"article\" \/>\n\t\t<meta property=\"og:title\" content=\"No Dia Mundial do Livro, Belo Horizonte recebe a Teia da Leitura 2026 | Encontra Belo Horizonte\" \/>\n\t\t<meta property=\"og:description\" content=\"Teia da Leitura 2026 promove intera\u00e7\u00e3o e reflex\u00f5es sobre leitura e cultura.\" \/>\n\t\t<meta property=\"og:url\" content=\"https:\/\/www.encontrabelohorizonte.com.br\/sobre\/no-dia-mundial-do-livro-belo-horizonte-recebe-a-teia-da-leitura-2026\/\" \/>\n\t\t<meta property=\"article:published_time\" content=\"2026-04-19T08:14:24+00:00\" \/>\n\t\t<meta property=\"article:modified_time\" content=\"2026-04-19T08:14:24+00:00\" \/>\n\t\t<meta name=\"twitter:card\" content=\"summary\" \/>\n\t\t<meta name=\"twitter:title\" content=\"No Dia Mundial do Livro, Belo Horizonte recebe a Teia da Leitura 2026 | Encontra Belo Horizonte\" \/>\n\t\t<meta name=\"twitter:description\" content=\"Teia da Leitura 2026 promove intera\u00e7\u00e3o e reflex\u00f5es sobre leitura e cultura.\" \/>\n\t\t<script type=\"application\/ld+json\" class=\"aioseo-schema\">\n\t\t\t{\"@context\":\"https:\\\/\\\/schema.org\",\"@graph\":[{\"@type\":\"Article\",\"@id\":\"https:\\\/\\\/www.encontrabelohorizonte.com.br\\\/sobre\\\/no-dia-mundial-do-livro-belo-horizonte-recebe-a-teia-da-leitura-2026\\\/#article\",\"name\":\"No Dia Mundial do Livro, Belo Horizonte recebe a Teia da Leitura 2026 | Encontra Belo Horizonte\",\"headline\":\"No Dia Mundial do Livro, Belo Horizonte recebe a Teia da Leitura 2026\",\"author\":{\"@id\":\"https:\\\/\\\/www.encontrabelohorizonte.com.br\\\/sobre\\\/author\\\/ebelohorizonte\\\/#author\"},\"publisher\":{\"@id\":\"https:\\\/\\\/www.encontrabelohorizonte.com.br\\\/sobre\\\/#organization\"},\"image\":{\"@type\":\"ImageObject\",\"url\":\"https:\\\/\\\/www.encontrabelohorizonte.com.br\\\/sobre\\\/wp-content\\\/uploads\\\/no-dia-mundial-do-livro-belo-horizonte-recebe-a-teia-da-leitura-2026.webp\",\"width\":280,\"height\":280,\"caption\":\"Teia da Leitura 2026\"},\"datePublished\":\"2026-04-19T05:14:24-03:00\",\"dateModified\":\"2026-04-19T05:14:24-03:00\",\"inLanguage\":\"pt-BR\",\"mainEntityOfPage\":{\"@id\":\"https:\\\/\\\/www.encontrabelohorizonte.com.br\\\/sobre\\\/no-dia-mundial-do-livro-belo-horizonte-recebe-a-teia-da-leitura-2026\\\/#webpage\"},\"isPartOf\":{\"@id\":\"https:\\\/\\\/www.encontrabelohorizonte.com.br\\\/sobre\\\/no-dia-mundial-do-livro-belo-horizonte-recebe-a-teia-da-leitura-2026\\\/#webpage\"},\"articleSection\":\"Not\\u00edcias Belo Horizonte\"},{\"@type\":\"BreadcrumbList\",\"@id\":\"https:\\\/\\\/www.encontrabelohorizonte.com.br\\\/sobre\\\/no-dia-mundial-do-livro-belo-horizonte-recebe-a-teia-da-leitura-2026\\\/#breadcrumblist\",\"itemListElement\":[{\"@type\":\"ListItem\",\"@id\":\"https:\\\/\\\/www.encontrabelohorizonte.com.br\\\/sobre#listItem\",\"position\":1,\"name\":\"In\\u00edcio\",\"item\":\"https:\\\/\\\/www.encontrabelohorizonte.com.br\\\/sobre\",\"nextItem\":{\"@type\":\"ListItem\",\"@id\":\"https:\\\/\\\/www.encontrabelohorizonte.com.br\\\/sobre\\\/noticias\\\/#listItem\",\"name\":\"Not\\u00edcias Belo Horizonte\"}},{\"@type\":\"ListItem\",\"@id\":\"https:\\\/\\\/www.encontrabelohorizonte.com.br\\\/sobre\\\/noticias\\\/#listItem\",\"position\":2,\"name\":\"Not\\u00edcias Belo Horizonte\",\"item\":\"https:\\\/\\\/www.encontrabelohorizonte.com.br\\\/sobre\\\/noticias\\\/\",\"nextItem\":{\"@type\":\"ListItem\",\"@id\":\"https:\\\/\\\/www.encontrabelohorizonte.com.br\\\/sobre\\\/no-dia-mundial-do-livro-belo-horizonte-recebe-a-teia-da-leitura-2026\\\/#listItem\",\"name\":\"No Dia Mundial do Livro, Belo Horizonte recebe a Teia da Leitura 2026\"},\"previousItem\":{\"@type\":\"ListItem\",\"@id\":\"https:\\\/\\\/www.encontrabelohorizonte.com.br\\\/sobre#listItem\",\"name\":\"In\\u00edcio\"}},{\"@type\":\"ListItem\",\"@id\":\"https:\\\/\\\/www.encontrabelohorizonte.com.br\\\/sobre\\\/no-dia-mundial-do-livro-belo-horizonte-recebe-a-teia-da-leitura-2026\\\/#listItem\",\"position\":3,\"name\":\"No Dia Mundial do Livro, Belo Horizonte recebe a Teia da Leitura 2026\",\"previousItem\":{\"@type\":\"ListItem\",\"@id\":\"https:\\\/\\\/www.encontrabelohorizonte.com.br\\\/sobre\\\/noticias\\\/#listItem\",\"name\":\"Not\\u00edcias Belo Horizonte\"}}]},{\"@type\":\"Organization\",\"@id\":\"https:\\\/\\\/www.encontrabelohorizonte.com.br\\\/sobre\\\/#organization\",\"name\":\"Encontra Belo Horizonte\",\"description\":\"Not\\u00edcias, eventos, informa\\u00e7\\u00f5es e dicas da cidade de Belo Horizonte e regi\\u00e3o\",\"url\":\"https:\\\/\\\/www.encontrabelohorizonte.com.br\\\/sobre\\\/\"},{\"@type\":\"Person\",\"@id\":\"https:\\\/\\\/www.encontrabelohorizonte.com.br\\\/sobre\\\/author\\\/ebelohorizonte\\\/#author\",\"url\":\"https:\\\/\\\/www.encontrabelohorizonte.com.br\\\/sobre\\\/author\\\/ebelohorizonte\\\/\",\"name\":\"Encontra Belo Horizonte\",\"image\":{\"@type\":\"ImageObject\",\"@id\":\"https:\\\/\\\/www.encontrabelohorizonte.com.br\\\/sobre\\\/no-dia-mundial-do-livro-belo-horizonte-recebe-a-teia-da-leitura-2026\\\/#authorImage\",\"url\":\"https:\\\/\\\/secure.gravatar.com\\\/avatar\\\/507340682b8270222e1f208e23198b6ae7e2c6a1033ae84e99bc6bce4f82a387?s=96&d=mm&r=g\",\"width\":96,\"height\":96,\"caption\":\"Encontra Belo Horizonte\"}},{\"@type\":\"WebPage\",\"@id\":\"https:\\\/\\\/www.encontrabelohorizonte.com.br\\\/sobre\\\/no-dia-mundial-do-livro-belo-horizonte-recebe-a-teia-da-leitura-2026\\\/#webpage\",\"url\":\"https:\\\/\\\/www.encontrabelohorizonte.com.br\\\/sobre\\\/no-dia-mundial-do-livro-belo-horizonte-recebe-a-teia-da-leitura-2026\\\/\",\"name\":\"No Dia Mundial do Livro, Belo Horizonte recebe a Teia da Leitura 2026 | Encontra Belo Horizonte\",\"description\":\"Teia da Leitura 2026 promove intera\\u00e7\\u00e3o e reflex\\u00f5es sobre leitura e cultura.\",\"inLanguage\":\"pt-BR\",\"isPartOf\":{\"@id\":\"https:\\\/\\\/www.encontrabelohorizonte.com.br\\\/sobre\\\/#website\"},\"breadcrumb\":{\"@id\":\"https:\\\/\\\/www.encontrabelohorizonte.com.br\\\/sobre\\\/no-dia-mundial-do-livro-belo-horizonte-recebe-a-teia-da-leitura-2026\\\/#breadcrumblist\"},\"author\":{\"@id\":\"https:\\\/\\\/www.encontrabelohorizonte.com.br\\\/sobre\\\/author\\\/ebelohorizonte\\\/#author\"},\"creator\":{\"@id\":\"https:\\\/\\\/www.encontrabelohorizonte.com.br\\\/sobre\\\/author\\\/ebelohorizonte\\\/#author\"},\"image\":{\"@type\":\"ImageObject\",\"url\":\"https:\\\/\\\/www.encontrabelohorizonte.com.br\\\/sobre\\\/wp-content\\\/uploads\\\/no-dia-mundial-do-livro-belo-horizonte-recebe-a-teia-da-leitura-2026.webp\",\"@id\":\"https:\\\/\\\/www.encontrabelohorizonte.com.br\\\/sobre\\\/no-dia-mundial-do-livro-belo-horizonte-recebe-a-teia-da-leitura-2026\\\/#mainImage\",\"width\":280,\"height\":280,\"caption\":\"Teia da Leitura 2026\"},\"primaryImageOfPage\":{\"@id\":\"https:\\\/\\\/www.encontrabelohorizonte.com.br\\\/sobre\\\/no-dia-mundial-do-livro-belo-horizonte-recebe-a-teia-da-leitura-2026\\\/#mainImage\"},\"datePublished\":\"2026-04-19T05:14:24-03:00\",\"dateModified\":\"2026-04-19T05:14:24-03:00\"},{\"@type\":\"WebSite\",\"@id\":\"https:\\\/\\\/www.encontrabelohorizonte.com.br\\\/sobre\\\/#website\",\"url\":\"https:\\\/\\\/www.encontrabelohorizonte.com.br\\\/sobre\\\/\",\"name\":\"Encontra Belo Horizonte\",\"description\":\"Not\\u00edcias, eventos, informa\\u00e7\\u00f5es e dicas da cidade de Belo Horizonte e regi\\u00e3o\",\"inLanguage\":\"pt-BR\",\"publisher\":{\"@id\":\"https:\\\/\\\/www.encontrabelohorizonte.com.br\\\/sobre\\\/#organization\"}}]}\n\t\t<\/script>\n\t\t<!-- All in One SEO -->\n\n","aioseo_head_json":{"title":"No Dia Mundial do Livro, Belo Horizonte recebe a Teia da Leitura 2026 | Encontra Belo Horizonte","description":"Teia da Leitura 2026 promove intera\u00e7\u00e3o e reflex\u00f5es sobre leitura e cultura.","canonical_url":"https:\/\/www.encontrabelohorizonte.com.br\/sobre\/no-dia-mundial-do-livro-belo-horizonte-recebe-a-teia-da-leitura-2026\/","robots":"max-image-preview:large","keywords":"","webmasterTools":{"miscellaneous":""},"schema":{"@context":"https:\/\/schema.org","@graph":[{"@type":"Article","@id":"https:\/\/www.encontrabelohorizonte.com.br\/sobre\/no-dia-mundial-do-livro-belo-horizonte-recebe-a-teia-da-leitura-2026\/#article","name":"No Dia Mundial do Livro, Belo Horizonte recebe a Teia da Leitura 2026 | Encontra Belo Horizonte","headline":"No Dia Mundial do Livro, Belo Horizonte recebe a Teia da Leitura 2026","author":{"@id":"https:\/\/www.encontrabelohorizonte.com.br\/sobre\/author\/ebelohorizonte\/#author"},"publisher":{"@id":"https:\/\/www.encontrabelohorizonte.com.br\/sobre\/#organization"},"image":{"@type":"ImageObject","url":"https:\/\/www.encontrabelohorizonte.com.br\/sobre\/wp-content\/uploads\/no-dia-mundial-do-livro-belo-horizonte-recebe-a-teia-da-leitura-2026.webp","width":280,"height":280,"caption":"Teia da Leitura 2026"},"datePublished":"2026-04-19T05:14:24-03:00","dateModified":"2026-04-19T05:14:24-03:00","inLanguage":"pt-BR","mainEntityOfPage":{"@id":"https:\/\/www.encontrabelohorizonte.com.br\/sobre\/no-dia-mundial-do-livro-belo-horizonte-recebe-a-teia-da-leitura-2026\/#webpage"},"isPartOf":{"@id":"https:\/\/www.encontrabelohorizonte.com.br\/sobre\/no-dia-mundial-do-livro-belo-horizonte-recebe-a-teia-da-leitura-2026\/#webpage"},"articleSection":"Not\u00edcias Belo Horizonte"},{"@type":"BreadcrumbList","@id":"https:\/\/www.encontrabelohorizonte.com.br\/sobre\/no-dia-mundial-do-livro-belo-horizonte-recebe-a-teia-da-leitura-2026\/#breadcrumblist","itemListElement":[{"@type":"ListItem","@id":"https:\/\/www.encontrabelohorizonte.com.br\/sobre#listItem","position":1,"name":"In\u00edcio","item":"https:\/\/www.encontrabelohorizonte.com.br\/sobre","nextItem":{"@type":"ListItem","@id":"https:\/\/www.encontrabelohorizonte.com.br\/sobre\/noticias\/#listItem","name":"Not\u00edcias Belo Horizonte"}},{"@type":"ListItem","@id":"https:\/\/www.encontrabelohorizonte.com.br\/sobre\/noticias\/#listItem","position":2,"name":"Not\u00edcias Belo Horizonte","item":"https:\/\/www.encontrabelohorizonte.com.br\/sobre\/noticias\/","nextItem":{"@type":"ListItem","@id":"https:\/\/www.encontrabelohorizonte.com.br\/sobre\/no-dia-mundial-do-livro-belo-horizonte-recebe-a-teia-da-leitura-2026\/#listItem","name":"No Dia Mundial do Livro, Belo Horizonte recebe a Teia da Leitura 2026"},"previousItem":{"@type":"ListItem","@id":"https:\/\/www.encontrabelohorizonte.com.br\/sobre#listItem","name":"In\u00edcio"}},{"@type":"ListItem","@id":"https:\/\/www.encontrabelohorizonte.com.br\/sobre\/no-dia-mundial-do-livro-belo-horizonte-recebe-a-teia-da-leitura-2026\/#listItem","position":3,"name":"No Dia Mundial do Livro, Belo Horizonte recebe a Teia da Leitura 2026","previousItem":{"@type":"ListItem","@id":"https:\/\/www.encontrabelohorizonte.com.br\/sobre\/noticias\/#listItem","name":"Not\u00edcias Belo Horizonte"}}]},{"@type":"Organization","@id":"https:\/\/www.encontrabelohorizonte.com.br\/sobre\/#organization","name":"Encontra Belo Horizonte","description":"Not\u00edcias, eventos, informa\u00e7\u00f5es e dicas da cidade de Belo Horizonte e regi\u00e3o","url":"https:\/\/www.encontrabelohorizonte.com.br\/sobre\/"},{"@type":"Person","@id":"https:\/\/www.encontrabelohorizonte.com.br\/sobre\/author\/ebelohorizonte\/#author","url":"https:\/\/www.encontrabelohorizonte.com.br\/sobre\/author\/ebelohorizonte\/","name":"Encontra Belo Horizonte","image":{"@type":"ImageObject","@id":"https:\/\/www.encontrabelohorizonte.com.br\/sobre\/no-dia-mundial-do-livro-belo-horizonte-recebe-a-teia-da-leitura-2026\/#authorImage","url":"https:\/\/secure.gravatar.com\/avatar\/507340682b8270222e1f208e23198b6ae7e2c6a1033ae84e99bc6bce4f82a387?s=96&d=mm&r=g","width":96,"height":96,"caption":"Encontra Belo Horizonte"}},{"@type":"WebPage","@id":"https:\/\/www.encontrabelohorizonte.com.br\/sobre\/no-dia-mundial-do-livro-belo-horizonte-recebe-a-teia-da-leitura-2026\/#webpage","url":"https:\/\/www.encontrabelohorizonte.com.br\/sobre\/no-dia-mundial-do-livro-belo-horizonte-recebe-a-teia-da-leitura-2026\/","name":"No Dia Mundial do Livro, Belo Horizonte recebe a Teia da Leitura 2026 | Encontra Belo Horizonte","description":"Teia da Leitura 2026 promove intera\u00e7\u00e3o e reflex\u00f5es sobre leitura e cultura.","inLanguage":"pt-BR","isPartOf":{"@id":"https:\/\/www.encontrabelohorizonte.com.br\/sobre\/#website"},"breadcrumb":{"@id":"https:\/\/www.encontrabelohorizonte.com.br\/sobre\/no-dia-mundial-do-livro-belo-horizonte-recebe-a-teia-da-leitura-2026\/#breadcrumblist"},"author":{"@id":"https:\/\/www.encontrabelohorizonte.com.br\/sobre\/author\/ebelohorizonte\/#author"},"creator":{"@id":"https:\/\/www.encontrabelohorizonte.com.br\/sobre\/author\/ebelohorizonte\/#author"},"image":{"@type":"ImageObject","url":"https:\/\/www.encontrabelohorizonte.com.br\/sobre\/wp-content\/uploads\/no-dia-mundial-do-livro-belo-horizonte-recebe-a-teia-da-leitura-2026.webp","@id":"https:\/\/www.encontrabelohorizonte.com.br\/sobre\/no-dia-mundial-do-livro-belo-horizonte-recebe-a-teia-da-leitura-2026\/#mainImage","width":280,"height":280,"caption":"Teia da Leitura 2026"},"primaryImageOfPage":{"@id":"https:\/\/www.encontrabelohorizonte.com.br\/sobre\/no-dia-mundial-do-livro-belo-horizonte-recebe-a-teia-da-leitura-2026\/#mainImage"},"datePublished":"2026-04-19T05:14:24-03:00","dateModified":"2026-04-19T05:14:24-03:00"},{"@type":"WebSite","@id":"https:\/\/www.encontrabelohorizonte.com.br\/sobre\/#website","url":"https:\/\/www.encontrabelohorizonte.com.br\/sobre\/","name":"Encontra Belo Horizonte","description":"Not\u00edcias, eventos, informa\u00e7\u00f5es e dicas da cidade de Belo Horizonte e regi\u00e3o","inLanguage":"pt-BR","publisher":{"@id":"https:\/\/www.encontrabelohorizonte.com.br\/sobre\/#organization"}}]},"og:locale":"pt_BR","og:site_name":"Encontra Belo Horizonte | Not\u00edcias, eventos, informa\u00e7\u00f5es e dicas da cidade de Belo Horizonte e regi\u00e3o","og:type":"article","og:title":"No Dia Mundial do Livro, Belo Horizonte recebe a Teia da Leitura 2026 | Encontra Belo Horizonte","og:description":"Teia da Leitura 2026 promove intera\u00e7\u00e3o e reflex\u00f5es sobre leitura e cultura.","og:url":"https:\/\/www.encontrabelohorizonte.com.br\/sobre\/no-dia-mundial-do-livro-belo-horizonte-recebe-a-teia-da-leitura-2026\/","article:published_time":"2026-04-19T08:14:24+00:00","article:modified_time":"2026-04-19T08:14:24+00:00","twitter:card":"summary","twitter:title":"No Dia Mundial do Livro, Belo Horizonte recebe a Teia da Leitura 2026 | Encontra Belo Horizonte","twitter:description":"Teia da Leitura 2026 promove intera\u00e7\u00e3o e reflex\u00f5es sobre leitura e cultura."},"aioseo_meta_data":{"post_id":"3895","title":null,"description":null,"keywords":null,"keyphrases":null,"primary_term":null,"canonical_url":null,"og_title":null,"og_description":null,"og_object_type":"default","og_image_type":"default","og_image_url":null,"og_image_width":null,"og_image_height":null,"og_image_custom_url":null,"og_image_custom_fields":null,"og_video":null,"og_custom_url":null,"og_article_section":null,"og_article_tags":null,"twitter_use_og":false,"twitter_card":"default","twitter_image_type":"default","twitter_image_url":null,"twitter_image_custom_url":null,"twitter_image_custom_fields":null,"twitter_title":null,"twitter_description":null,"schema":{"blockGraphs":[],"customGraphs":[],"default":{"data":{"Article":[],"Course":[],"Dataset":[],"FAQPage":[],"Movie":[],"Person":[],"Product":[],"ProductReview":[],"Car":[],"Recipe":[],"Service":[],"SoftwareApplication":[],"WebPage":[]},"graphName":"Article","isEnabled":true},"graphs":[]},"schema_type":"default","schema_type_options":null,"pillar_content":false,"robots_default":true,"robots_noindex":false,"robots_noarchive":false,"robots_nosnippet":false,"robots_nofollow":false,"robots_noimageindex":false,"robots_noodp":false,"robots_notranslate":false,"robots_max_snippet":null,"robots_max_videopreview":null,"robots_max_imagepreview":"large","priority":null,"frequency":null,"local_seo":null,"breadcrumb_settings":null,"limit_modified_date":false,"ai":null,"created":"2026-04-19 08:14:27","updated":"2026-04-19 08:23:01","focus_keyword":null,"additional_keywords":null,"truseo_locale":null,"seo_analyzer_scan_date":null},"aioseo_breadcrumb":"<div class=\"aioseo-breadcrumbs\"><span class=\"aioseo-breadcrumb\">\n\t\t\t<a href=\"https:\/\/www.encontrabelohorizonte.com.br\/sobre\" title=\"In\u00edcio\">In\u00edcio<\/a>\n\t\t<\/span><span class=\"aioseo-breadcrumb-separator\">&raquo;<\/span><span class=\"aioseo-breadcrumb\">\n\t\t\t<a href=\"https:\/\/www.encontrabelohorizonte.com.br\/sobre\/noticias\/\" title=\"Not\u00edcias Belo Horizonte\">Not\u00edcias Belo Horizonte<\/a>\n\t\t<\/span><span class=\"aioseo-breadcrumb-separator\">&raquo;<\/span><span class=\"aioseo-breadcrumb\">\n\t\t\tNo Dia Mundial do Livro, Belo Horizonte recebe a Teia da Leitura 2026\n\t\t<\/span><\/div>","aioseo_breadcrumb_json":[{"label":"In\u00edcio","link":"https:\/\/www.encontrabelohorizonte.com.br\/sobre"},{"label":"Not\u00edcias Belo Horizonte","link":"https:\/\/www.encontrabelohorizonte.com.br\/sobre\/noticias\/"},{"label":"No Dia Mundial do Livro, Belo Horizonte recebe a Teia da Leitura 2026","link":"https:\/\/www.encontrabelohorizonte.com.br\/sobre\/no-dia-mundial-do-livro-belo-horizonte-recebe-a-teia-da-leitura-2026\/"}],"_links":{"self":[{"href":"https:\/\/www.encontrabelohorizonte.com.br\/sobre\/wp-json\/wp\/v2\/posts\/3895","targetHints":{"allow":["GET"]}}],"collection":[{"href":"https:\/\/www.encontrabelohorizonte.com.br\/sobre\/wp-json\/wp\/v2\/posts"}],"about":[{"href":"https:\/\/www.encontrabelohorizonte.com.br\/sobre\/wp-json\/wp\/v2\/types\/post"}],"author":[{"embeddable":true,"href":"https:\/\/www.encontrabelohorizonte.com.br\/sobre\/wp-json\/wp\/v2\/users\/1"}],"replies":[{"embeddable":true,"href":"https:\/\/www.encontrabelohorizonte.com.br\/sobre\/wp-json\/wp\/v2\/comments?post=3895"}],"version-history":[{"count":0,"href":"https:\/\/www.encontrabelohorizonte.com.br\/sobre\/wp-json\/wp\/v2\/posts\/3895\/revisions"}],"wp:featuredmedia":[{"embeddable":true,"href":"https:\/\/www.encontrabelohorizonte.com.br\/sobre\/wp-json\/wp\/v2\/media\/3894"}],"wp:attachment":[{"href":"https:\/\/www.encontrabelohorizonte.com.br\/sobre\/wp-json\/wp\/v2\/media?parent=3895"}],"wp:term":[{"taxonomy":"category","embeddable":true,"href":"https:\/\/www.encontrabelohorizonte.com.br\/sobre\/wp-json\/wp\/v2\/categories?post=3895"},{"taxonomy":"post_tag","embeddable":true,"href":"https:\/\/www.encontrabelohorizonte.com.br\/sobre\/wp-json\/wp\/v2\/tags?post=3895"}],"curies":[{"name":"wp","href":"https:\/\/api.w.org\/{rel}","templated":true}]}}