{"id":3909,"date":"2026-04-22T05:14:43","date_gmt":"2026-04-22T08:14:43","guid":{"rendered":"https:\/\/www.encontrabelohorizonte.com.br\/sobre\/nova-diretoria-executiva-da-emater\/"},"modified":"2026-04-22T05:14:43","modified_gmt":"2026-04-22T08:14:43","slug":"nova-diretoria-executiva-da-emater","status":"publish","type":"post","link":"https:\/\/www.encontrabelohorizonte.com.br\/sobre\/nova-diretoria-executiva-da-emater\/","title":{"rendered":"Nova diretoria executiva da Emater"},"content":{"rendered":"<div class=\"2e083cf0b19e2c11948dc6ac054ba979\" data-index=\"1\" style=\"float: none; margin:0px;\">\n<!-- Anuncio display - global -->\r\n<ins class=\"adsbygoogle\"\r\n     style=\"display:block\"\r\n     data-ad-client=\"ca-pub-8585364105181520\"\r\n     data-ad-slot=\"8789329856\"\r\n     data-ad-format=\"auto\"\r\n     data-full-width-responsive=\"true\"><\/ins>\r\n<script>\r\n     (adsbygoogle = window.adsbygoogle || []).push({});\r\n<\/script>\n<\/div>\n<h2>Compromisso com a Agricultura Familiar<\/h2>\n<p>A nova administra\u00e7\u00e3o da Emater-MG, sob a lideran\u00e7a de Cl\u00e1udio Augusto Bortolini, reafirma seu forte compromisso com a agricultura familiar em Minas Gerais. A orienta\u00e7\u00e3o \u00e9 que a extens\u00e3o rural seja uma ferramenta poderosa para fomentar o desenvolvimento do setor rural, promovendo pol\u00edticas p\u00fablicas que atendam \u00e0s necessidades dos agricultores. Neste contexto, a Emater busca n\u00e3o apenas a assist\u00eancia t\u00e9cnica, mas tamb\u00e9m estabelecer uma ponte entre os produtores e os recursos dispon\u00edveis, garantindo que todos possam prosperar.<\/p>\n<h2>Perfil do Novo Presidente Cl\u00e1udio Bortolini<\/h2>\n<p>Cl\u00e1udio Bortolini, presidente da Emater-MG, \u00e9 um profissional altamente qualificado, formado pela Universidade Federal de Lavras, com especializa\u00e7\u00f5es em Cafeicultura Empresarial e Engenharia Sanit\u00e1ria e Meio Ambiente. Ele tamb\u00e9m possui um MBA em Gerenciamento de Projetos, o que demonstra sua ampla forma\u00e7\u00e3o t\u00e9cnica. Com uma carreira que se iniciou em 1997 como t\u00e9cnico na \u00e1rea de assist\u00eancias, Cl\u00e1udio consolidou sua experi\u00eancia ao ocupar diversas posi\u00e7\u00f5es estrat\u00e9gicas dentro da institui\u00e7\u00e3o, culminando na diretoria administrativa e financeira antes de assumir a presid\u00eancia. Sua trajet\u00f3ria reflete um profundo entendimento das din\u00e2micas rurais e de como a Emater pode operar para melhorar a vida dos produtores.<\/p>\n<h2>Mudan\u00e7as na Diretoria Executiva da Emater-MG<\/h2>\n<p>Al\u00e9m da vice-presid\u00eancia com Bortolini, a nova diretoria da Emater-MG inclui \u00c9verton Augusto Paiva Ferreira, que assume a Diretoria Administrativa e Financeira, e Gelson Soares Lemes, que continua \u00e0 frente da Diretoria T\u00e9cnica. Ambas as nomea\u00e7\u00f5es s\u00e3o uma estrat\u00e9gia de continuidade e foco, j\u00e1 que os diretores s\u00e3o funcion\u00e1rios de carreira com vasta experi\u00eancia na institui\u00e7\u00e3o. Essas mudan\u00e7as visam potencializar a capacidade de resposta da Emater \u00e0s demandas do setor rural e fortalecer a execu\u00e7\u00e3o de pol\u00edticas p\u00fablicas para o desenvolvimento regional.<\/p>\n<p><img decoding=\"async\" src=\"https:\/\/www.encontrabelohorizonte.com.br\/sobre\/wp-content\/uploads\/nova-diretoria-executiva-da-emater.webp\" alt=\"nova diretoria executiva da Emater-MG toma posse em Belo Horizonte\" loading=\"lazy\" \/><\/p>\n<h2>Desafios do Setor Agr\u00edcola em Minas Gerais<\/h2>\n<p>O setor agr\u00edcola em Minas Gerais enfrenta desafios significativos, como a adapta\u00e7\u00e3o a mudan\u00e7as clim\u00e1ticas, a necessidade de moderniza\u00e7\u00e3o das pr\u00e1ticas agr\u00edcolas e a complexidade de atender a demanda cada vez maior por produtos sustent\u00e1veis. Os produtores necessitam de suporte para implementar novas tecnologias e t\u00e9cnicas que n\u00e3o apenas aumentem a produtividade, mas tamb\u00e9m garantam um impacto ambiental positivo. A nova gest\u00e3o da Emater est\u00e1 atenta a esses desafios e se compromete a oferec\u00ea-los as ferramentas necess\u00e1rias para super\u00e1-los.<\/p>\n<h2>Import\u00e2ncia da Extens\u00e3o Rural para o Desenvolvimento<\/h2>\n<p>A extens\u00e3o rural \u00e9 um componente essencial para o progresso das comunidades rurais. Ao fornecer assist\u00eancia t\u00e9cnica e treinamento cont\u00ednuo, a Emater-MG atua como uma facilitadora do conhecimento, permitindo que os agricultores adotem melhores pr\u00e1ticas e t\u00e9cnicas de cultivo. Deste modo, a extens\u00e3o rural n\u00e3o apenas melhora as rendas familiares, mas tamb\u00e9m promove o fortalecimento dos la\u00e7os comunit\u00e1rios, criando um ambiente prop\u00edcio para o desenvolvimento e a sustentabilidade.<\/p>\n<h2>A\u00e7\u00f5es de Inclus\u00e3o Social nas Comunidades Rurais<\/h2>\n<p>A nova diretoria est\u00e1 empenhada em implementar a\u00e7\u00f5es voltadas para a inclus\u00e3o social, promovendo programas que atendam a popula\u00e7\u00f5es vulner\u00e1veis em \u00e1reas rurais. Isso inclui capacita\u00e7\u00e3o profissional, apoio \u00e0 comercializa\u00e7\u00e3o de produtos locais e incentivo a cooperativas. O foco est\u00e1 em garantir que todos os segmentos da sociedade, especialmente os mais marginalizados, tenham a oportunidade de contribuir para e beneficiar-se do desenvolvimento rural em Minas Gerais.<\/p>\n<h2>Projetos Sustent\u00e1veis e Gera\u00e7\u00e3o de Renda<\/h2>\n<p>Um dos objetivos centrais da Emater-MG \u00e9 fomentar projetos sustent\u00e1veis que promovam a gera\u00e7\u00e3o de renda nas comunidades rurais. Isso envolve a\u00e7\u00f5es voltadas para a agricultura org\u00e2nica, agroecologia e turismo rural, \u00e1reas que t\u00eam mostrado grande potencial de crescimento e valoriza\u00e7\u00e3o no mercado atual. Ao incentivar esses projetos, a Emater n\u00e3o apenas ajuda os produtores a diversificarem suas fontes de renda, mas tamb\u00e9m protege o meio ambiente e promove a preserva\u00e7\u00e3o da cultura local.<\/p>\n<h2>Colabora\u00e7\u00e3o com o Governo do Estado<\/h2>\n<p>A nova gest\u00e3o tamb\u00e9m visa aumentar a colabora\u00e7\u00e3o com outras institui\u00e7\u00f5es e o Governo do Estado de Minas Gerais. Com o suporte do secret\u00e1rio de Agricultura, Pecu\u00e1ria e Abastecimento, Thales Fernandes, a Emater-MG busca alinhar suas a\u00e7\u00f5es \u00e0s diretrizes estaduais, promovendo uma abordagem integrada para o desenvolvimento da agricultura local. Essa parceria \u00e9 essencial para maximizar os recursos dispon\u00edveis e otimizar os resultados das pol\u00edticas p\u00fablicas.<\/p>\n<h2>Perspectivas para o Futuro da Emater-MG<\/h2>\n<p>O futuro da Emater-MG parece promissor sob a nova lideran\u00e7a. Com uma equipe experiente e comprometida, a expectativa \u00e9 de que a institui\u00e7\u00e3o n\u00e3o apenas mantenha a qualidade de seus servi\u00e7os, mas tamb\u00e9m expanda suas opera\u00e7\u00f5es para abranger um maior n\u00famero de agricultores e fortalecer a economia rural. Os desafios s\u00e3o grandes, mas a determina\u00e7\u00e3o de Cl\u00e1udio Bortolini e sua equipe \u00e9 clara: garantir que a assist\u00eancia t\u00e9cnica se traduza em benef\u00edcios reais para as comunidades.<\/p>\n<h2>Como a Nova Gest\u00e3o Pode Impactar a Economia Local<\/h2>\n<p>A nova administra\u00e7\u00e3o da Emater-MG tem o potencial de gerar um impacto significativo na economia local ao apoiar a produ\u00e7\u00e3o agr\u00edcola, incentivar a diversifica\u00e7\u00e3o e melhorar a qualidade dos produtos. Atrav\u00e9s de programas de capacita\u00e7\u00e3o e assist\u00eancia, espera-se um fortalecimento das cadeias produtivas, o que poder\u00e1 elevar a competitividade dos produtos mineiros tanto no mercado interno quanto externo. O est\u00edmulo a iniciativas de cooperativismo e associa\u00e7\u00f5es entre produtores tamb\u00e9m poder\u00e1 resultar em uma economia rural mais s\u00f3lida e interconectada, beneficiando todos os envolvidos.<\/p>\n\n<div style=\"font-size: 0px; height: 0px; line-height: 0px; margin: 0; padding: 0; clear: both;\"><\/div>","protected":false},"excerpt":{"rendered":"<p>Nova diretoria da Emater-MG inicia jornada com foco no desenvolvimento rural em Minas Gerais.<\/p>\n","protected":false},"author":1,"featured_media":3908,"comment_status":"closed","ping_status":"closed","sticky":false,"template":"","format":"standard","meta":{"footnotes":""},"categories":[6],"tags":[],"class_list":["post-3909","post","type-post","status-publish","format-standard","has-post-thumbnail","hentry","category-noticias","has_thumb"],"aioseo_notices":[],"_links":{"self":[{"href":"https:\/\/www.encontrabelohorizonte.com.br\/sobre\/wp-json\/wp\/v2\/posts\/3909","targetHints":{"allow":["GET"]}}],"collection":[{"href":"https:\/\/www.encontrabelohorizonte.com.br\/sobre\/wp-json\/wp\/v2\/posts"}],"about":[{"href":"https:\/\/www.encontrabelohorizonte.com.br\/sobre\/wp-json\/wp\/v2\/types\/post"}],"author":[{"embeddable":true,"href":"https:\/\/www.encontrabelohorizonte.com.br\/sobre\/wp-json\/wp\/v2\/users\/1"}],"replies":[{"embeddable":true,"href":"https:\/\/www.encontrabelohorizonte.com.br\/sobre\/wp-json\/wp\/v2\/comments?post=3909"}],"version-history":[{"count":0,"href":"https:\/\/www.encontrabelohorizonte.com.br\/sobre\/wp-json\/wp\/v2\/posts\/3909\/revisions"}],"wp:featuredmedia":[{"embeddable":true,"href":"https:\/\/www.encontrabelohorizonte.com.br\/sobre\/wp-json\/wp\/v2\/media\/3908"}],"wp:attachment":[{"href":"https:\/\/www.encontrabelohorizonte.com.br\/sobre\/wp-json\/wp\/v2\/media?parent=3909"}],"wp:term":[{"taxonomy":"category","embeddable":true,"href":"https:\/\/www.encontrabelohorizonte.com.br\/sobre\/wp-json\/wp\/v2\/categories?post=3909"},{"taxonomy":"post_tag","embeddable":true,"href":"https:\/\/www.encontrabelohorizonte.com.br\/sobre\/wp-json\/wp\/v2\/tags?post=3909"}],"curies":[{"name":"wp","href":"https:\/\/api.w.org\/{rel}","templated":true}]}}