{"id":3911,"date":"2026-04-22T05:17:21","date_gmt":"2026-04-22T08:17:21","guid":{"rendered":"https:\/\/www.encontrabelohorizonte.com.br\/sobre\/camara-de-bh-aprova-emprestimo-de-mais-de-r-400-milhoes-para-acoes-ambientais-da-prefeitura\/"},"modified":"2026-04-22T05:17:21","modified_gmt":"2026-04-22T08:17:21","slug":"camara-de-bh-aprova-emprestimo-de-mais-de-r-400-milhoes-para-acoes-ambientais-da-prefeitura","status":"publish","type":"post","link":"https:\/\/www.encontrabelohorizonte.com.br\/sobre\/camara-de-bh-aprova-emprestimo-de-mais-de-r-400-milhoes-para-acoes-ambientais-da-prefeitura\/","title":{"rendered":"C\u00e2mara de BH aprova empr\u00e9stimo de mais de R$ 400 milh\u00f5es para a\u00e7\u00f5es ambientais da prefeitura"},"content":{"rendered":"<div class=\"2e083cf0b19e2c11948dc6ac054ba979\" data-index=\"1\" style=\"float: none; margin:0px;\">\n<!-- Anuncio display - global -->\r\n<ins class=\"adsbygoogle\"\r\n     style=\"display:block\"\r\n     data-ad-client=\"ca-pub-8585364105181520\"\r\n     data-ad-slot=\"8789329856\"\r\n     data-ad-format=\"auto\"\r\n     data-full-width-responsive=\"true\"><\/ins>\r\n<script>\r\n     (adsbygoogle = window.adsbygoogle || []).push({});\r\n<\/script>\n<\/div>\n<h2>O que motivou o empr\u00e9stimo<\/h2>\n<p>Recentemente, a C\u00e2mara Municipal de Belo Horizonte tomou a decis\u00e3o de aprovar um projeto de lei que autoriza a prefeitura a contratar um empr\u00e9stimo no valor de at\u00e9 <strong>R$ 434 milh\u00f5es<\/strong>. Essa medida foi motivada pela necessidade urgente de implementar a\u00e7\u00f5es que visam a redu\u00e7\u00e3o das emiss\u00f5es de gases de efeito estufa e a adapta\u00e7\u00e3o da cidade \u00e0s mudan\u00e7as clim\u00e1ticas. A proposta reflete um compromisso crescente com quest\u00f5es ambientais e a busca por solu\u00e7\u00f5es sustent\u00e1veis em um cen\u00e1rio de clima em transforma\u00e7\u00e3o.<\/p>\n<h2>Detalhes do Programa BH Verde Azul<\/h2>\n<p>Os recursos provenientes deste empr\u00e9stimo ser\u00e3o alocados no programa denominado <strong>BH Verde Azul de Redu\u00e7\u00e3o de Carbono<\/strong>. Este programa \u00e9 uma iniciativa planejada para integrar \u00e1reas verdes e corpos d&#8217;\u00e1gua na cidade, criando uma rede ecol\u00f3gica cont\u00ednua que visa a melhoria da biodiversidade e da qualidade de vida urbana. O foco principal do programa \u00e9 promover a\u00e7\u00f5es que reduzam a pegada de carbono e incentivem um ambiente mais saud\u00e1vel para todos os cidad\u00e3os.<\/p>\n<h2>A import\u00e2ncia da redu\u00e7\u00e3o de carbono<\/h2>\n<p>A redu\u00e7\u00e3o das emiss\u00f5es de carbono \u00e9 fundamental para combater o aquecimento global e suas consequ\u00eancias cada vez mais evidentes. Em centros urbanos como Belo Horizonte, a ideia \u00e9 mitigar os impactos adversos das mudan\u00e7as clim\u00e1ticas, que incluem eventos clim\u00e1ticos extremos, eleva\u00e7\u00e3o do n\u00edvel do mar, e a degrada\u00e7\u00e3o do meio ambiente. Investir na redu\u00e7\u00e3o de carbono n\u00e3o apenas contribui para um planeta mais saud\u00e1vel, mas tamb\u00e9m melhora a qualidade do ar e a sa\u00fade p\u00fablica, criando um ambiente mais sustent\u00e1vel para as futuras gera\u00e7\u00f5es.<\/p>\n<p><img decoding=\"async\" src=\"https:\/\/www.encontrabelohorizonte.com.br\/sobre\/wp-content\/uploads\/camara-de-bh-aprova-emprestimo-de-mais-de-r-400-milhoes-para-acoes-ambientais-da-prefeitura.webp\" alt=\"empr\u00e9stimo para a\u00e7\u00f5es clim\u00e1ticas\" loading=\"lazy\" \/><\/p>\n<h2>Impactos na biodiversidade local<\/h2>\n<p>As a\u00e7\u00f5es implementadas atrav\u00e9s do Programa BH Verde Azul n\u00e3o somente visam a redu\u00e7\u00e3o de carbono, mas tamb\u00e9m ter\u00e3o um impacto significativo na biodiversidade local. A cria\u00e7\u00e3o de parques e a recupera\u00e7\u00e3o de \u00e1reas degradadas proporcionam habitats para diversas esp\u00e9cies da fauna e flora. A interconex\u00e3o de \u00e1reas verdes e corpos d&#8217;\u00e1gua \u00e9 essencial para manter as cadeias alimentares e suporte \u00e0 vida selvagem, promovendo um ecossistema urbano mais equilibrado e diversificado.<\/p>\n<h2>Infraestrutura verde: cria\u00e7\u00e3o de parques<\/h2>\n<p>Um dos principais componentes do programa ser\u00e1 a cria\u00e7\u00e3o de novos parques em \u00e1reas estrat\u00e9gicas, como o antigo aterro sanit\u00e1rio na rodovia BR-040, onde est\u00e1 prevista a transforma\u00e7\u00e3o desse espa\u00e7o em um parque p\u00fablico utiliz\u00e1vel por toda a comunidade. Al\u00e9m disso, haver\u00e1 requalifica\u00e7\u00e3o de outros espa\u00e7os p\u00fablicos como o Parque Guilherme Lage e diversas nascentes nas bacias dos c\u00f3rregos On\u00e7a, Arrudas e Izidora. Essas a\u00e7\u00f5es resultam em infraestrutura verde que melhora a acessibilidade e o lazer, assim como a captura de carbono.<\/p>\n<h2>Recupera\u00e7\u00e3o de \u00e1reas verdes em BH<\/h2>\n<p>Al\u00e9m da cria\u00e7\u00e3o de novos espa\u00e7os, o programa tamb\u00e9m inclui a recupera\u00e7\u00e3o de \u00e1reas verdes degradas que est\u00e3o prejudicando a qualidade de vida dos habitantes. Essa recupera\u00e7\u00e3o ir\u00e1 envolver a planta\u00e7\u00e3o de novas \u00e1rvores, reabilita\u00e7\u00e3o da vegeta\u00e7\u00e3o nativa e a\u00e7\u00f5es de educa\u00e7\u00e3o ambiental que conscientizem a popula\u00e7\u00e3o sobre a import\u00e2ncia de proteger e preservar essas \u00e1reas revers\u00edveis. O foco est\u00e1 na restaura\u00e7\u00e3o dos ecossistemas locais, promovendo a conex\u00e3o e a harmonia entre a cidade e a natureza.<\/p>\n<h2>Interven\u00e7\u00f5es nas bacias hidrogr\u00e1ficas<\/h2>\n<p>As interven\u00e7\u00f5es nas bacias hidrogr\u00e1ficas s\u00e3o outro aspecto vital do programa. Com a\u00e7\u00f5es espec\u00edficas previstas nas bacias do C\u00f3rrego On\u00e7a, Arrudas e Izidora, a cidade espera reverter os impactos causados pela urbaniza\u00e7\u00e3o descontrolada e pela polui\u00e7\u00e3o das \u00e1guas. Essas interven\u00e7\u00f5es melhorar\u00e3o a qualidade da \u00e1gua, al\u00e9m de reduzir alagamentos e melhorar a gest\u00e3o de recursos h\u00eddricos, essenciais para a sustentabilidade municipal.<\/p>\n<h2>Apoio do Banco Interamericano de Desenvolvimento<\/h2>\n<p>A obten\u00e7\u00e3o do empr\u00e9stimo ser\u00e1 feita atrav\u00e9s do <strong>Banco Interamericano de Desenvolvimento (BID)<\/strong>, que apoiar\u00e1 as iniciativas de Belo Horizonte com financiamento e expertise. O apoio de institui\u00e7\u00f5es financeiras internacionais \u00e9 crucial para garantir a execu\u00e7\u00e3o bem-sucedida de iniciativas ambientais, oferecendo n\u00e3o apenas fundos, mas tamb\u00e9m conhecimento t\u00e9cnico sobre melhores pr\u00e1ticas e inova\u00e7\u00f5es no campo da sustentabilidade.<\/p>\n<h2>Conex\u00e3o entre \u00e1reas verdes e corpos d\u2019\u00e1gua<\/h2>\n<p>A proposta desse programa visa estabelecer uma sinergia entre \u00e1reas verdes e corpos d\u2019\u00e1gua, criando corredores ecol\u00f3gicos que ajudem a preservar a biodiversidade local. Essa conex\u00e3o \u00e9 crucial para o funcionamento dos ecossistemas e, ao mesmo tempo, promove o acesso comunit\u00e1rio a \u00e1reas de lazer e recrea\u00e7\u00e3o, refor\u00e7ando a no\u00e7\u00e3o de que a natureza deve desempenhar um papel central no planejamento urbano.<\/p>\n<h2>Expectativas futuras para Belo Horizonte<\/h2>\n<p>A aprova\u00e7\u00e3o deste empr\u00e9stimo e a implementa\u00e7\u00e3o do Programa BH Verde Azul s\u00e3o passos significativos rumo a um futuro mais sustent\u00e1vel para Belo Horizonte. A cidade espera n\u00e3o apenas reduzir suas emiss\u00f5es de carbono, mas tamb\u00e9m promover um ambiente mais saud\u00e1vel e conectado, que beneficie todos os seus habitantes. As expectativas s\u00e3o de que as a\u00e7\u00f5es planejadas criem uma cidade mais resiliente \u00e0s mudan\u00e7as clim\u00e1ticas, com uma infraestrutura verde s\u00f3lida e envolvimento da comunidade em pr\u00e1ticas ambientais que visem a prote\u00e7\u00e3o do planeta.<\/p>\n\n<div style=\"font-size: 0px; height: 0px; line-height: 0px; margin: 0; padding: 0; clear: both;\"><\/div>","protected":false},"excerpt":{"rendered":"<p>A C\u00e2mara de BH aprova empr\u00e9stimo que financiar\u00e1 a\u00e7\u00f5es clim\u00e1ticas importantes na cidade.<\/p>\n","protected":false},"author":1,"featured_media":3910,"comment_status":"closed","ping_status":"closed","sticky":false,"template":"","format":"standard","meta":{"footnotes":""},"categories":[6],"tags":[],"class_list":["post-3911","post","type-post","status-publish","format-standard","has-post-thumbnail","hentry","category-noticias","has_thumb"],"aioseo_notices":[],"_links":{"self":[{"href":"https:\/\/www.encontrabelohorizonte.com.br\/sobre\/wp-json\/wp\/v2\/posts\/3911","targetHints":{"allow":["GET"]}}],"collection":[{"href":"https:\/\/www.encontrabelohorizonte.com.br\/sobre\/wp-json\/wp\/v2\/posts"}],"about":[{"href":"https:\/\/www.encontrabelohorizonte.com.br\/sobre\/wp-json\/wp\/v2\/types\/post"}],"author":[{"embeddable":true,"href":"https:\/\/www.encontrabelohorizonte.com.br\/sobre\/wp-json\/wp\/v2\/users\/1"}],"replies":[{"embeddable":true,"href":"https:\/\/www.encontrabelohorizonte.com.br\/sobre\/wp-json\/wp\/v2\/comments?post=3911"}],"version-history":[{"count":0,"href":"https:\/\/www.encontrabelohorizonte.com.br\/sobre\/wp-json\/wp\/v2\/posts\/3911\/revisions"}],"wp:featuredmedia":[{"embeddable":true,"href":"https:\/\/www.encontrabelohorizonte.com.br\/sobre\/wp-json\/wp\/v2\/media\/3910"}],"wp:attachment":[{"href":"https:\/\/www.encontrabelohorizonte.com.br\/sobre\/wp-json\/wp\/v2\/media?parent=3911"}],"wp:term":[{"taxonomy":"category","embeddable":true,"href":"https:\/\/www.encontrabelohorizonte.com.br\/sobre\/wp-json\/wp\/v2\/categories?post=3911"},{"taxonomy":"post_tag","embeddable":true,"href":"https:\/\/www.encontrabelohorizonte.com.br\/sobre\/wp-json\/wp\/v2\/tags?post=3911"}],"curies":[{"name":"wp","href":"https:\/\/api.w.org\/{rel}","templated":true}]}}