{"id":3921,"date":"2026-04-24T05:16:12","date_gmt":"2026-04-24T08:16:12","guid":{"rendered":"https:\/\/www.encontrabelohorizonte.com.br\/sobre\/carnaval-de-belo-horizonte-e-reconhecido-como-patrimonio-cultural-de-minas-gerais\/"},"modified":"2026-04-24T05:16:12","modified_gmt":"2026-04-24T08:16:12","slug":"carnaval-de-belo-horizonte-e-reconhecido-como-patrimonio-cultural-de-minas-gerais","status":"publish","type":"post","link":"https:\/\/www.encontrabelohorizonte.com.br\/sobre\/carnaval-de-belo-horizonte-e-reconhecido-como-patrimonio-cultural-de-minas-gerais\/","title":{"rendered":"Carnaval de Belo Horizonte \u00e9 reconhecido como patrim\u00f4nio cultural de Minas Gerais"},"content":{"rendered":"<div class=\"2e083cf0b19e2c11948dc6ac054ba979\" data-index=\"1\" style=\"float: none; margin:0px;\">\n<!-- Anuncio display - global -->\r\n<ins class=\"adsbygoogle\"\r\n     style=\"display:block\"\r\n     data-ad-client=\"ca-pub-8585364105181520\"\r\n     data-ad-slot=\"8789329856\"\r\n     data-ad-format=\"auto\"\r\n     data-full-width-responsive=\"true\"><\/ins>\r\n<script>\r\n     (adsbygoogle = window.adsbygoogle || []).push({});\r\n<\/script>\n<\/div>\n<h2>Reconhecimento Cultural do Carnaval de BH<\/h2>\n<p>O Carnaval de Belo Horizonte, um dos eventos mais ic\u00f4nicos da cultura mineira, recebeu um reconhecimento oficial por parte do governo do Estado de Minas Gerais como de &#8220;relevante interesse cultural&#8221;. Essa iniciativa foi formalizada atrav\u00e9s da san\u00e7\u00e3o de uma lei, publicada recentemente no Di\u00e1rio Oficial do Estado.<\/p>\n<h2>Impacto da Lei no Carnaval Mineiro<\/h2>\n<p>Com a nova legisla\u00e7\u00e3o, n\u00e3o apenas os tradicionais blocos de rua e escolas de samba est\u00e3o inclu\u00eddos, mas tamb\u00e9m manifesta\u00e7\u00f5es culturais afro-brasileiras e caricaturas t\u00edpicas da festa. O reconhecimento visa enaltecer a diversidade de express\u00f5es culturais presentes durante a folia, afirmando a import\u00e2ncia do carnaval para a identidade de Belo Horizonte.<\/p>\n<h2>Blocos de Rua e a Folia em BH<\/h2>\n<p>Belo Horizonte \u00e9 conhecida por seus vibrantes blocos de rua, que atraem milh\u00f5es de foli\u00f5es todos os anos. As ruas da capital se tornam palcos para a criatividade e diversidade, unindo pessoas de todas as idades e origens em uma celebra\u00e7\u00e3o coletiva de alegria, m\u00fasica e dan\u00e7a.<\/p>\n<p><img decoding=\"async\" src=\"https:\/\/www.encontrabelohorizonte.com.br\/sobre\/wp-content\/uploads\/carnaval-de-belo-horizonte-e-reconhecido-como-patrimonio-cultural-de-minas-gerais.webp\" alt=\"carnaval de bh\" loading=\"lazy\" \/><\/p>\n<h2>Celebra\u00e7\u00e3o da Diversidade Cultural<\/h2>\n<p>A promo\u00e7\u00e3o da diversidade cultural no carnaval de BH \u00e9 um dos pontos principais da nova legisla\u00e7\u00e3o. Blocos afro, que celebram a cultura e a hist\u00f3ria africana no Brasil, bem como blocos caricatos e outros estilos, enriquecem o evento, fazendo do carnaval uma verdadeira vitrine da cultura local. A inclus\u00e3o de diferentes grupos culturais \u00e9 um passo significativo para promover a igualdade e a valoriza\u00e7\u00e3o da diversidade.<\/p>\n<h2>Movimenta\u00e7\u00e3o Financeira do Carnaval<\/h2>\n<p>O Carnaval de Belo Horizonte n\u00e3o \u00e9 somente uma festa, \u00e9 tamb\u00e9m um motor econ\u00f4mico. Em 2026, o evento atraiu cerca de 6,6 milh\u00f5es de foli\u00f5es e gerou uma movimenta\u00e7\u00e3o financeira impressionante, estimada em R$ 1,4 bilh\u00e3o. Essa din\u00e2mica refor\u00e7a a relev\u00e2ncia do carnaval para o desenvolvimento econ\u00f4mico da capital mineira.<\/p>\n<h2>Hist\u00f3rico do Carnaval em Belo Horizonte<\/h2>\n<p>O carnaval de BH possui ra\u00edzes profundas na cultura popular da cidade. Desde os primeiros desfiles de escolas de samba at\u00e9 o crescimento dos blocos de rua, a festa evoluiu significativamente. O carnaval em Belo Horizonte tornou-se uma tradi\u00e7\u00e3o que combina elementos hist\u00f3ricos com inova\u00e7\u00f5es contempor\u00e2neas.<\/p>\n<h2>Corte Momesca e suas Tradi\u00e7\u00f5es<\/h2>\n<p>A corte momesca, composta por figuras emblem\u00e1ticas da folia como o Rei Momo e a Rainha do Carnaval, \u00e9 um s\u00edmbolo importante desse evento. Sua presen\u00e7a enriquece a festa e mant\u00e9m vivas as tradi\u00e7\u00f5es carnavalescas. Esses personagens s\u00e3o respons\u00e1veis por dar as boas-vindas aos foli\u00f5es e animar o ambiente das festividades, fortalecendo ainda mais o esp\u00edrito de celebra\u00e7\u00e3o e divers\u00e3o.<\/p>\n<h2>A Lei n\u00ba 24.219 e seu Significado<\/h2>\n<p>A Lei n\u00ba 24.219, sancionada em julho de 2022, estabelece diretrizes para o reconhecimento de bens culturais de interesse estadual. Esta norma agora inclui o carnaval de Belo Horizonte, consolidando sua import\u00e2ncia dentro do patrim\u00f4nio cultural de Minas Gerais. A inclus\u00e3o do carnaval nessa legisla\u00e7\u00e3o \u00e9 um marco que ajuda a valorizar e proteger as manifesta\u00e7\u00f5es culturais que representam a identidade local.<\/p>\n<h2>Avalia\u00e7\u00e3o do Governo sobre o Evento<\/h2>\n<p>O governo estadual expressou sua satisfa\u00e7\u00e3o com o reconhecimento do carnaval como um bem cultural. A expectativa \u00e9 que esse reconhecimento traga benef\u00edcios n\u00e3o s\u00f3 para a festa em si, mas tamb\u00e9m para a sociedade, promovendo interc\u00e2mbios culturais e fortalecendo la\u00e7os entre diferentes grupos sociais. O investimento em cultura \u00e9 visto como uma prioridade, refletindo uma vis\u00e3o de desenvolvimento sustent\u00e1vel e inclusivo.<\/p>\n<h2>O Futuro do Carnaval de BH<\/h2>\n<p>Com o suporte legal e a crescente popularidade, o futuro do Carnaval de Belo Horizonte parece promissor. As expectativas s\u00e3o de que o evento evolua ainda mais, atraindo turistas e amantes do carnaval de todo o Brasil e do mundo. A promo\u00e7\u00e3o do carnaval como um patrim\u00f4nio cultural \u00e9 um passo vital para a manuten\u00e7\u00e3o e o crescimento desta festividade que j\u00e1 \u00e9 um s\u00edmbolo de alegria e uni\u00e3o.<\/p>\n\n<div style=\"font-size: 0px; height: 0px; line-height: 0px; margin: 0; padding: 0; clear: both;\"><\/div>","protected":false},"excerpt":{"rendered":"<p>Carnaval de BH ganha reconhecimento cultural do governo de Minas Gerais.<\/p>\n","protected":false},"author":1,"featured_media":3920,"comment_status":"closed","ping_status":"closed","sticky":false,"template":"","format":"standard","meta":{"footnotes":""},"categories":[6],"tags":[],"class_list":["post-3921","post","type-post","status-publish","format-standard","has-post-thumbnail","hentry","category-noticias","has_thumb"],"aioseo_notices":[],"_links":{"self":[{"href":"https:\/\/www.encontrabelohorizonte.com.br\/sobre\/wp-json\/wp\/v2\/posts\/3921","targetHints":{"allow":["GET"]}}],"collection":[{"href":"https:\/\/www.encontrabelohorizonte.com.br\/sobre\/wp-json\/wp\/v2\/posts"}],"about":[{"href":"https:\/\/www.encontrabelohorizonte.com.br\/sobre\/wp-json\/wp\/v2\/types\/post"}],"author":[{"embeddable":true,"href":"https:\/\/www.encontrabelohorizonte.com.br\/sobre\/wp-json\/wp\/v2\/users\/1"}],"replies":[{"embeddable":true,"href":"https:\/\/www.encontrabelohorizonte.com.br\/sobre\/wp-json\/wp\/v2\/comments?post=3921"}],"version-history":[{"count":0,"href":"https:\/\/www.encontrabelohorizonte.com.br\/sobre\/wp-json\/wp\/v2\/posts\/3921\/revisions"}],"wp:featuredmedia":[{"embeddable":true,"href":"https:\/\/www.encontrabelohorizonte.com.br\/sobre\/wp-json\/wp\/v2\/media\/3920"}],"wp:attachment":[{"href":"https:\/\/www.encontrabelohorizonte.com.br\/sobre\/wp-json\/wp\/v2\/media?parent=3921"}],"wp:term":[{"taxonomy":"category","embeddable":true,"href":"https:\/\/www.encontrabelohorizonte.com.br\/sobre\/wp-json\/wp\/v2\/categories?post=3921"},{"taxonomy":"post_tag","embeddable":true,"href":"https:\/\/www.encontrabelohorizonte.com.br\/sobre\/wp-json\/wp\/v2\/tags?post=3921"}],"curies":[{"name":"wp","href":"https:\/\/api.w.org\/{rel}","templated":true}]}}