{"id":3923,"date":"2026-04-24T05:17:06","date_gmt":"2026-04-24T08:17:06","guid":{"rendered":"https:\/\/www.encontrabelohorizonte.com.br\/sobre\/garis-de-belo-horizonte-visitam-mostra-internacional-de-renoir-nesta-terca\/"},"modified":"2026-04-24T05:17:06","modified_gmt":"2026-04-24T08:17:06","slug":"garis-de-belo-horizonte-visitam-mostra-internacional-de-renoir-nesta-terca","status":"publish","type":"post","link":"https:\/\/www.encontrabelohorizonte.com.br\/sobre\/garis-de-belo-horizonte-visitam-mostra-internacional-de-renoir-nesta-terca\/","title":{"rendered":"Garis de Belo Horizonte visitam mostra internacional de Renoir nesta ter\u00e7a"},"content":{"rendered":"<div class=\"2e083cf0b19e2c11948dc6ac054ba979\" data-index=\"1\" style=\"float: none; margin:0px;\">\n<!-- Anuncio display - global -->\r\n<ins class=\"adsbygoogle\"\r\n     style=\"display:block\"\r\n     data-ad-client=\"ca-pub-8585364105181520\"\r\n     data-ad-slot=\"8789329856\"\r\n     data-ad-format=\"auto\"\r\n     data-full-width-responsive=\"true\"><\/ins>\r\n<script>\r\n     (adsbygoogle = window.adsbygoogle || []).push({});\r\n<\/script>\n<\/div>\n<h2>A Visita dos Garis<\/h2>\n<p>Na pr\u00f3xima ter\u00e7a-feira, dia 14, cerca de 60 garis de Belo Horizonte participar\u00e3o de uma visita guiada \u00e0 exposi\u00e7\u00e3o intitulada &#8220;Renoir na Casa Fiat de Cultura&#8221;. Dentre os visitantes, 40 s\u00e3o alunos que recentemente retornaram aos estudos atrav\u00e9s do programa de Educa\u00e7\u00e3o de Jovens e Adultos (EJA). Esta n\u00e3o ser\u00e1 a primeira vez que os trabalhadores da limpeza urbana ter\u00e3o acesso a tal evento, pois no dia 25 de mar\u00e7o, 32 garis j\u00e1 haviam visitado a mesma exposi\u00e7\u00e3o.<\/p>\n<p>O convite da Casa Fiat de Cultura \u00e9 uma iniciativa para conectar os garis da Superintend\u00eancia de Limpeza Urbana (SLU) ao mundo das artes, promovendo assim a inclus\u00e3o cultural por meio dessa iniciativa.<\/p>\n<h2>O Que \u00c9 a Exposi\u00e7\u00e3o Renoir?<\/h2>\n<p>A exposi\u00e7\u00e3o &#8220;Renoir na Casa Fiat de Cultura&#8221; re\u00fane cerca de 11 pinturas e uma escultura de Pierre-Auguste Renoir, artista fundamental do impressionismo franc\u00eas, retratando diferentes fases de sua carreira. As obras que comp\u00f5em a mostra pertencem ao acervo do Museu de Arte de S\u00e3o Paulo (MASP) e s\u00e3o exibidas fora do estado pela primeira vez. Al\u00e9m das pinturas, a mostra tamb\u00e9m apresenta uma sala interativa com foco na obra &#8220;Rosa e Azul&#8221;, ampliando a experi\u00eancia do visitante.<\/p>\n<p><img decoding=\"async\" src=\"https:\/\/www.encontrabelohorizonte.com.br\/sobre\/wp-content\/uploads\/garis-de-belo-horizonte-visitam-mostra-internacional-de-renoir-nesta-terca.webp\" alt=\"Garis de Belo Horizonte visitam mostra internacional de Renoir\" loading=\"lazy\" \/><\/p>\n<h2>Import\u00e2ncia da Inclus\u00e3o Cultural<\/h2>\n<p>A promo\u00e7\u00e3o da inclus\u00e3o cultural \u00e9 vital para proporcionar a todos os cidad\u00e3os acesso \u00e0s artes e \u00e0 cultura. \u00c9 essencial que pessoas de todas as esferas sociais tenham a oportunidade de se conectar com express\u00f5es art\u00edsticas, como a pintura possuindo um valor educativo e transformador. Para muitos dos garis, esta ser\u00e1 a primeira chance de explorar um espa\u00e7o cultural e interagir com a arte, ampliando seu conhecimento e experi\u00eancias.<\/p>\n<h2>A Hist\u00f3ria de Renoir<\/h2>\n<p>Pierre-Auguste Renoir (1841\u20131919) foi um dos principais representantes do impressionismo. Seu trabalho \u00e9 reconhecido por capturar a luz e o movimento, utilizando cores vibrantes e pinceladas soltas. Ele abordou temas variados, incluindo retratos, paisagens e a vida cotidiana, sempre buscando transmitir emo\u00e7\u00e3o e beleza. Obras como &#8220;O Balanco&#8221; e &#8220;As Banhistas&#8221; s\u00e3o apenas algumas de suas cria\u00e7\u00f5es ic\u00f4nicas que encantam o p\u00fablico at\u00e9 hoje.<\/p>\n<h2>Obras Destaques da Exposi\u00e7\u00e3o<\/h2>\n<p>Durante a visita, os garis ter\u00e3o a oportunidade de observar algumas das obras mais not\u00e1veis de Renoir, incluindo:<\/p>\n<ul>\n<li><strong>A Banhista e o C\u00e3o Griffon \u2013 Lise \u00e0 Beira do Sena<\/strong> (1870)<\/li>\n<li><strong>Banhista Enxugando a Perna Direita<\/strong> (1910)<\/li>\n<li><strong>Banhista Enxugando o Bra\u00e7o Direito<\/strong> (1912)<\/li>\n<li><strong>V\u00eanus Vitoriosa<\/strong> (1916)<\/li>\n<\/ul>\n<h2>Experi\u00eancia Imersiva na Exposi\u00e7\u00e3o<\/h2>\n<p>A Casa Fiat de Cultura criou uma sala imersiva que prop\u00f5e uma intera\u00e7\u00e3o mais profunda com a obra &#8220;Rosa e Azul&#8221; de Renoir, proporcionando uma viv\u00eancia diferenciada que estimula a percep\u00e7\u00e3o dos visitantes e permite uma aprecia\u00e7\u00e3o mais completa da est\u00e9tica e da hist\u00f3ria por tr\u00e1s da pintura.<\/p>\n<h2>A Casa Fiat de Cultura<\/h2>\n<p>Localizada em Belo Horizonte, a Casa Fiat de Cultura \u00e9 um centro importante para a promo\u00e7\u00e3o art\u00edstica e cultural. Atrav\u00e9s de exposi\u00e7\u00f5es, esta institui\u00e7\u00e3o busca democratizar o acesso \u00e0 arte, permitindo que um amplo p\u00fablico aprecie cria\u00e7\u00f5es de artistas renomados, al\u00e9m de apoiar novos talentos. A entrada para a exposi\u00e7\u00e3o \u00e9 gratuita, refor\u00e7ando seu compromisso com a inclus\u00e3o.<\/p>\n<h2>Calend\u00e1rio da Exposi\u00e7\u00e3o<\/h2>\n<p>A exposi\u00e7\u00e3o &#8220;Renoir na Casa Fiat de Cultura&#8221; ficar\u00e1 em cartaz at\u00e9 o dia 10 de maio. Este per\u00edodo proporciona uma oportunidade valiosa para que mais pessoas, incluindo os garis e seus familiares, visitarem e explorarem a arte de Renoir em seu contexto hist\u00f3rico e cultural.<\/p>\n<h2>Apoio do Minist\u00e9rio da Cultura<\/h2>\n<p>Esta iniciativa \u00e9 uma realiza\u00e7\u00e3o conjunta do Minist\u00e9rio da Cultura e da Casa Fiat de Cultura, viabilizada pela Lei Federal de Incentivo \u00e0 Cultura. O projeto conta com o apoio da Stellantis e da Fiat, assegurando que a arte continue acess\u00edvel a todos, especialmente para aqueles que podem n\u00e3o ter condi\u00e7\u00f5es de frequentar eventos culturais com frequ\u00eancia.<\/p>\n<h2>O Impacto da Educa\u00e7\u00e3o na Vida dos Garis<\/h2>\n<p>A educa\u00e7\u00e3o \u00e9 um pilar essencial na transforma\u00e7\u00e3o social. A participa\u00e7\u00e3o dos garis no programa EJA representa uma oportunidade para que eles resgatem seu direito ao aprendizado e aprimorem suas chances de desenvolvimento profissional. A visita \u00e0 exposi\u00e7\u00e3o n\u00e3o apenas enriquece suas vidas culturais, mas tamb\u00e9m complementa o resgate educacional que eles est\u00e3o buscando.<\/p>\n\n<div style=\"font-size: 0px; height: 0px; line-height: 0px; margin: 0; padding: 0; clear: both;\"><\/div>","protected":false},"excerpt":{"rendered":"<p>Garis de Belo Horizonte participar\u00e3o de uma visita emocionante \u00e0 mostra de Renoir.<\/p>\n","protected":false},"author":1,"featured_media":3922,"comment_status":"closed","ping_status":"closed","sticky":false,"template":"","format":"standard","meta":{"footnotes":""},"categories":[6],"tags":[],"class_list":["post-3923","post","type-post","status-publish","format-standard","has-post-thumbnail","hentry","category-noticias","has_thumb"],"aioseo_notices":[],"aioseo_head":"\n\t\t<!-- All in One SEO 5.0.0.1 - aioseo.com -->\n\t<meta name=\"description\" content=\"Garis de Belo Horizonte participar\u00e3o de uma visita emocionante \u00e0 mostra de Renoir.\" \/>\n\t<meta name=\"robots\" content=\"max-image-preview:large\" \/>\n\t<meta name=\"author\" content=\"Encontra Belo Horizonte\"\/>\n\t<link rel=\"canonical\" href=\"https:\/\/www.encontrabelohorizonte.com.br\/sobre\/garis-de-belo-horizonte-visitam-mostra-internacional-de-renoir-nesta-terca\/\" \/>\n\t<meta name=\"generator\" content=\"All in One SEO (AIOSEO) 5.0.0.1\" \/>\n\t\t<meta property=\"og:locale\" content=\"pt_BR\" \/>\n\t\t<meta property=\"og:site_name\" content=\"Encontra Belo Horizonte | Not\u00edcias, eventos, informa\u00e7\u00f5es e dicas da cidade de Belo Horizonte e regi\u00e3o\" \/>\n\t\t<meta property=\"og:type\" content=\"article\" \/>\n\t\t<meta property=\"og:title\" content=\"Garis de Belo Horizonte visitam mostra internacional de Renoir nesta ter\u00e7a | Encontra Belo Horizonte\" \/>\n\t\t<meta property=\"og:description\" content=\"Garis de Belo Horizonte participar\u00e3o de uma visita emocionante \u00e0 mostra de Renoir.\" \/>\n\t\t<meta property=\"og:url\" content=\"https:\/\/www.encontrabelohorizonte.com.br\/sobre\/garis-de-belo-horizonte-visitam-mostra-internacional-de-renoir-nesta-terca\/\" \/>\n\t\t<meta property=\"article:published_time\" content=\"2026-04-24T08:17:06+00:00\" \/>\n\t\t<meta property=\"article:modified_time\" content=\"2026-04-24T08:17:06+00:00\" \/>\n\t\t<meta name=\"twitter:card\" content=\"summary\" \/>\n\t\t<meta name=\"twitter:title\" content=\"Garis de Belo Horizonte visitam mostra internacional de Renoir nesta ter\u00e7a | Encontra Belo Horizonte\" \/>\n\t\t<meta name=\"twitter:description\" content=\"Garis de Belo Horizonte participar\u00e3o de uma visita emocionante \u00e0 mostra de Renoir.\" \/>\n\t\t<script type=\"application\/ld+json\" class=\"aioseo-schema\">\n\t\t\t{\"@context\":\"https:\\\/\\\/schema.org\",\"@graph\":[{\"@type\":\"Article\",\"@id\":\"https:\\\/\\\/www.encontrabelohorizonte.com.br\\\/sobre\\\/garis-de-belo-horizonte-visitam-mostra-internacional-de-renoir-nesta-terca\\\/#article\",\"name\":\"Garis de Belo Horizonte visitam mostra internacional de Renoir nesta ter\\u00e7a | Encontra Belo Horizonte\",\"headline\":\"Garis de Belo Horizonte visitam mostra internacional de Renoir nesta ter\\u00e7a\",\"author\":{\"@id\":\"https:\\\/\\\/www.encontrabelohorizonte.com.br\\\/sobre\\\/author\\\/ebelohorizonte\\\/#author\"},\"publisher\":{\"@id\":\"https:\\\/\\\/www.encontrabelohorizonte.com.br\\\/sobre\\\/#organization\"},\"image\":{\"@type\":\"ImageObject\",\"url\":\"https:\\\/\\\/www.encontrabelohorizonte.com.br\\\/sobre\\\/wp-content\\\/uploads\\\/garis-de-belo-horizonte-visitam-mostra-internacional-de-renoir-nesta-terca.webp\",\"width\":280,\"height\":280,\"caption\":\"Garis de Belo Horizonte visitam mostra internacional de Renoir\"},\"datePublished\":\"2026-04-24T05:17:06-03:00\",\"dateModified\":\"2026-04-24T05:17:06-03:00\",\"inLanguage\":\"pt-BR\",\"mainEntityOfPage\":{\"@id\":\"https:\\\/\\\/www.encontrabelohorizonte.com.br\\\/sobre\\\/garis-de-belo-horizonte-visitam-mostra-internacional-de-renoir-nesta-terca\\\/#webpage\"},\"isPartOf\":{\"@id\":\"https:\\\/\\\/www.encontrabelohorizonte.com.br\\\/sobre\\\/garis-de-belo-horizonte-visitam-mostra-internacional-de-renoir-nesta-terca\\\/#webpage\"},\"articleSection\":\"Not\\u00edcias Belo Horizonte\"},{\"@type\":\"BreadcrumbList\",\"@id\":\"https:\\\/\\\/www.encontrabelohorizonte.com.br\\\/sobre\\\/garis-de-belo-horizonte-visitam-mostra-internacional-de-renoir-nesta-terca\\\/#breadcrumblist\",\"itemListElement\":[{\"@type\":\"ListItem\",\"@id\":\"https:\\\/\\\/www.encontrabelohorizonte.com.br\\\/sobre#listItem\",\"position\":1,\"name\":\"In\\u00edcio\",\"item\":\"https:\\\/\\\/www.encontrabelohorizonte.com.br\\\/sobre\",\"nextItem\":{\"@type\":\"ListItem\",\"@id\":\"https:\\\/\\\/www.encontrabelohorizonte.com.br\\\/sobre\\\/noticias\\\/#listItem\",\"name\":\"Not\\u00edcias Belo Horizonte\"}},{\"@type\":\"ListItem\",\"@id\":\"https:\\\/\\\/www.encontrabelohorizonte.com.br\\\/sobre\\\/noticias\\\/#listItem\",\"position\":2,\"name\":\"Not\\u00edcias Belo Horizonte\",\"item\":\"https:\\\/\\\/www.encontrabelohorizonte.com.br\\\/sobre\\\/noticias\\\/\",\"nextItem\":{\"@type\":\"ListItem\",\"@id\":\"https:\\\/\\\/www.encontrabelohorizonte.com.br\\\/sobre\\\/garis-de-belo-horizonte-visitam-mostra-internacional-de-renoir-nesta-terca\\\/#listItem\",\"name\":\"Garis de Belo Horizonte visitam mostra internacional de Renoir nesta ter\\u00e7a\"},\"previousItem\":{\"@type\":\"ListItem\",\"@id\":\"https:\\\/\\\/www.encontrabelohorizonte.com.br\\\/sobre#listItem\",\"name\":\"In\\u00edcio\"}},{\"@type\":\"ListItem\",\"@id\":\"https:\\\/\\\/www.encontrabelohorizonte.com.br\\\/sobre\\\/garis-de-belo-horizonte-visitam-mostra-internacional-de-renoir-nesta-terca\\\/#listItem\",\"position\":3,\"name\":\"Garis de Belo Horizonte visitam mostra internacional de Renoir nesta ter\\u00e7a\",\"previousItem\":{\"@type\":\"ListItem\",\"@id\":\"https:\\\/\\\/www.encontrabelohorizonte.com.br\\\/sobre\\\/noticias\\\/#listItem\",\"name\":\"Not\\u00edcias Belo Horizonte\"}}]},{\"@type\":\"Organization\",\"@id\":\"https:\\\/\\\/www.encontrabelohorizonte.com.br\\\/sobre\\\/#organization\",\"name\":\"Encontra Belo Horizonte\",\"description\":\"Not\\u00edcias, eventos, informa\\u00e7\\u00f5es e dicas da cidade de Belo Horizonte e regi\\u00e3o\",\"url\":\"https:\\\/\\\/www.encontrabelohorizonte.com.br\\\/sobre\\\/\"},{\"@type\":\"Person\",\"@id\":\"https:\\\/\\\/www.encontrabelohorizonte.com.br\\\/sobre\\\/author\\\/ebelohorizonte\\\/#author\",\"url\":\"https:\\\/\\\/www.encontrabelohorizonte.com.br\\\/sobre\\\/author\\\/ebelohorizonte\\\/\",\"name\":\"Encontra Belo Horizonte\",\"image\":{\"@type\":\"ImageObject\",\"@id\":\"https:\\\/\\\/www.encontrabelohorizonte.com.br\\\/sobre\\\/garis-de-belo-horizonte-visitam-mostra-internacional-de-renoir-nesta-terca\\\/#authorImage\",\"url\":\"https:\\\/\\\/secure.gravatar.com\\\/avatar\\\/507340682b8270222e1f208e23198b6ae7e2c6a1033ae84e99bc6bce4f82a387?s=96&d=mm&r=g\",\"width\":96,\"height\":96,\"caption\":\"Encontra Belo Horizonte\"}},{\"@type\":\"WebPage\",\"@id\":\"https:\\\/\\\/www.encontrabelohorizonte.com.br\\\/sobre\\\/garis-de-belo-horizonte-visitam-mostra-internacional-de-renoir-nesta-terca\\\/#webpage\",\"url\":\"https:\\\/\\\/www.encontrabelohorizonte.com.br\\\/sobre\\\/garis-de-belo-horizonte-visitam-mostra-internacional-de-renoir-nesta-terca\\\/\",\"name\":\"Garis de Belo Horizonte visitam mostra internacional de Renoir nesta ter\\u00e7a | Encontra Belo Horizonte\",\"description\":\"Garis de Belo Horizonte participar\\u00e3o de uma visita emocionante \\u00e0 mostra de Renoir.\",\"inLanguage\":\"pt-BR\",\"isPartOf\":{\"@id\":\"https:\\\/\\\/www.encontrabelohorizonte.com.br\\\/sobre\\\/#website\"},\"breadcrumb\":{\"@id\":\"https:\\\/\\\/www.encontrabelohorizonte.com.br\\\/sobre\\\/garis-de-belo-horizonte-visitam-mostra-internacional-de-renoir-nesta-terca\\\/#breadcrumblist\"},\"author\":{\"@id\":\"https:\\\/\\\/www.encontrabelohorizonte.com.br\\\/sobre\\\/author\\\/ebelohorizonte\\\/#author\"},\"creator\":{\"@id\":\"https:\\\/\\\/www.encontrabelohorizonte.com.br\\\/sobre\\\/author\\\/ebelohorizonte\\\/#author\"},\"image\":{\"@type\":\"ImageObject\",\"url\":\"https:\\\/\\\/www.encontrabelohorizonte.com.br\\\/sobre\\\/wp-content\\\/uploads\\\/garis-de-belo-horizonte-visitam-mostra-internacional-de-renoir-nesta-terca.webp\",\"@id\":\"https:\\\/\\\/www.encontrabelohorizonte.com.br\\\/sobre\\\/garis-de-belo-horizonte-visitam-mostra-internacional-de-renoir-nesta-terca\\\/#mainImage\",\"width\":280,\"height\":280,\"caption\":\"Garis de Belo Horizonte visitam mostra internacional de Renoir\"},\"primaryImageOfPage\":{\"@id\":\"https:\\\/\\\/www.encontrabelohorizonte.com.br\\\/sobre\\\/garis-de-belo-horizonte-visitam-mostra-internacional-de-renoir-nesta-terca\\\/#mainImage\"},\"datePublished\":\"2026-04-24T05:17:06-03:00\",\"dateModified\":\"2026-04-24T05:17:06-03:00\"},{\"@type\":\"WebSite\",\"@id\":\"https:\\\/\\\/www.encontrabelohorizonte.com.br\\\/sobre\\\/#website\",\"url\":\"https:\\\/\\\/www.encontrabelohorizonte.com.br\\\/sobre\\\/\",\"name\":\"Encontra Belo Horizonte\",\"description\":\"Not\\u00edcias, eventos, informa\\u00e7\\u00f5es e dicas da cidade de Belo Horizonte e regi\\u00e3o\",\"inLanguage\":\"pt-BR\",\"publisher\":{\"@id\":\"https:\\\/\\\/www.encontrabelohorizonte.com.br\\\/sobre\\\/#organization\"}}]}\n\t\t<\/script>\n\t\t<!-- All in One SEO -->\n\n","aioseo_head_json":{"title":"Garis de Belo Horizonte visitam mostra internacional de Renoir nesta ter\u00e7a | Encontra Belo Horizonte","description":"Garis de Belo Horizonte participar\u00e3o de uma visita emocionante \u00e0 mostra de Renoir.","canonical_url":"https:\/\/www.encontrabelohorizonte.com.br\/sobre\/garis-de-belo-horizonte-visitam-mostra-internacional-de-renoir-nesta-terca\/","robots":"max-image-preview:large","keywords":"","webmasterTools":{"miscellaneous":""},"schema":{"@context":"https:\/\/schema.org","@graph":[{"@type":"Article","@id":"https:\/\/www.encontrabelohorizonte.com.br\/sobre\/garis-de-belo-horizonte-visitam-mostra-internacional-de-renoir-nesta-terca\/#article","name":"Garis de Belo Horizonte visitam mostra internacional de Renoir nesta ter\u00e7a | Encontra Belo Horizonte","headline":"Garis de Belo Horizonte visitam mostra internacional de Renoir nesta ter\u00e7a","author":{"@id":"https:\/\/www.encontrabelohorizonte.com.br\/sobre\/author\/ebelohorizonte\/#author"},"publisher":{"@id":"https:\/\/www.encontrabelohorizonte.com.br\/sobre\/#organization"},"image":{"@type":"ImageObject","url":"https:\/\/www.encontrabelohorizonte.com.br\/sobre\/wp-content\/uploads\/garis-de-belo-horizonte-visitam-mostra-internacional-de-renoir-nesta-terca.webp","width":280,"height":280,"caption":"Garis de Belo Horizonte visitam mostra internacional de Renoir"},"datePublished":"2026-04-24T05:17:06-03:00","dateModified":"2026-04-24T05:17:06-03:00","inLanguage":"pt-BR","mainEntityOfPage":{"@id":"https:\/\/www.encontrabelohorizonte.com.br\/sobre\/garis-de-belo-horizonte-visitam-mostra-internacional-de-renoir-nesta-terca\/#webpage"},"isPartOf":{"@id":"https:\/\/www.encontrabelohorizonte.com.br\/sobre\/garis-de-belo-horizonte-visitam-mostra-internacional-de-renoir-nesta-terca\/#webpage"},"articleSection":"Not\u00edcias Belo Horizonte"},{"@type":"BreadcrumbList","@id":"https:\/\/www.encontrabelohorizonte.com.br\/sobre\/garis-de-belo-horizonte-visitam-mostra-internacional-de-renoir-nesta-terca\/#breadcrumblist","itemListElement":[{"@type":"ListItem","@id":"https:\/\/www.encontrabelohorizonte.com.br\/sobre#listItem","position":1,"name":"In\u00edcio","item":"https:\/\/www.encontrabelohorizonte.com.br\/sobre","nextItem":{"@type":"ListItem","@id":"https:\/\/www.encontrabelohorizonte.com.br\/sobre\/noticias\/#listItem","name":"Not\u00edcias Belo Horizonte"}},{"@type":"ListItem","@id":"https:\/\/www.encontrabelohorizonte.com.br\/sobre\/noticias\/#listItem","position":2,"name":"Not\u00edcias Belo Horizonte","item":"https:\/\/www.encontrabelohorizonte.com.br\/sobre\/noticias\/","nextItem":{"@type":"ListItem","@id":"https:\/\/www.encontrabelohorizonte.com.br\/sobre\/garis-de-belo-horizonte-visitam-mostra-internacional-de-renoir-nesta-terca\/#listItem","name":"Garis de Belo Horizonte visitam mostra internacional de Renoir nesta ter\u00e7a"},"previousItem":{"@type":"ListItem","@id":"https:\/\/www.encontrabelohorizonte.com.br\/sobre#listItem","name":"In\u00edcio"}},{"@type":"ListItem","@id":"https:\/\/www.encontrabelohorizonte.com.br\/sobre\/garis-de-belo-horizonte-visitam-mostra-internacional-de-renoir-nesta-terca\/#listItem","position":3,"name":"Garis de Belo Horizonte visitam mostra internacional de Renoir nesta ter\u00e7a","previousItem":{"@type":"ListItem","@id":"https:\/\/www.encontrabelohorizonte.com.br\/sobre\/noticias\/#listItem","name":"Not\u00edcias Belo Horizonte"}}]},{"@type":"Organization","@id":"https:\/\/www.encontrabelohorizonte.com.br\/sobre\/#organization","name":"Encontra Belo Horizonte","description":"Not\u00edcias, eventos, informa\u00e7\u00f5es e dicas da cidade de Belo Horizonte e regi\u00e3o","url":"https:\/\/www.encontrabelohorizonte.com.br\/sobre\/"},{"@type":"Person","@id":"https:\/\/www.encontrabelohorizonte.com.br\/sobre\/author\/ebelohorizonte\/#author","url":"https:\/\/www.encontrabelohorizonte.com.br\/sobre\/author\/ebelohorizonte\/","name":"Encontra Belo Horizonte","image":{"@type":"ImageObject","@id":"https:\/\/www.encontrabelohorizonte.com.br\/sobre\/garis-de-belo-horizonte-visitam-mostra-internacional-de-renoir-nesta-terca\/#authorImage","url":"https:\/\/secure.gravatar.com\/avatar\/507340682b8270222e1f208e23198b6ae7e2c6a1033ae84e99bc6bce4f82a387?s=96&d=mm&r=g","width":96,"height":96,"caption":"Encontra Belo Horizonte"}},{"@type":"WebPage","@id":"https:\/\/www.encontrabelohorizonte.com.br\/sobre\/garis-de-belo-horizonte-visitam-mostra-internacional-de-renoir-nesta-terca\/#webpage","url":"https:\/\/www.encontrabelohorizonte.com.br\/sobre\/garis-de-belo-horizonte-visitam-mostra-internacional-de-renoir-nesta-terca\/","name":"Garis de Belo Horizonte visitam mostra internacional de Renoir nesta ter\u00e7a | Encontra Belo Horizonte","description":"Garis de Belo Horizonte participar\u00e3o de uma visita emocionante \u00e0 mostra de Renoir.","inLanguage":"pt-BR","isPartOf":{"@id":"https:\/\/www.encontrabelohorizonte.com.br\/sobre\/#website"},"breadcrumb":{"@id":"https:\/\/www.encontrabelohorizonte.com.br\/sobre\/garis-de-belo-horizonte-visitam-mostra-internacional-de-renoir-nesta-terca\/#breadcrumblist"},"author":{"@id":"https:\/\/www.encontrabelohorizonte.com.br\/sobre\/author\/ebelohorizonte\/#author"},"creator":{"@id":"https:\/\/www.encontrabelohorizonte.com.br\/sobre\/author\/ebelohorizonte\/#author"},"image":{"@type":"ImageObject","url":"https:\/\/www.encontrabelohorizonte.com.br\/sobre\/wp-content\/uploads\/garis-de-belo-horizonte-visitam-mostra-internacional-de-renoir-nesta-terca.webp","@id":"https:\/\/www.encontrabelohorizonte.com.br\/sobre\/garis-de-belo-horizonte-visitam-mostra-internacional-de-renoir-nesta-terca\/#mainImage","width":280,"height":280,"caption":"Garis de Belo Horizonte visitam mostra internacional de Renoir"},"primaryImageOfPage":{"@id":"https:\/\/www.encontrabelohorizonte.com.br\/sobre\/garis-de-belo-horizonte-visitam-mostra-internacional-de-renoir-nesta-terca\/#mainImage"},"datePublished":"2026-04-24T05:17:06-03:00","dateModified":"2026-04-24T05:17:06-03:00"},{"@type":"WebSite","@id":"https:\/\/www.encontrabelohorizonte.com.br\/sobre\/#website","url":"https:\/\/www.encontrabelohorizonte.com.br\/sobre\/","name":"Encontra Belo Horizonte","description":"Not\u00edcias, eventos, informa\u00e7\u00f5es e dicas da cidade de Belo Horizonte e regi\u00e3o","inLanguage":"pt-BR","publisher":{"@id":"https:\/\/www.encontrabelohorizonte.com.br\/sobre\/#organization"}}]},"og:locale":"pt_BR","og:site_name":"Encontra Belo Horizonte | Not\u00edcias, eventos, informa\u00e7\u00f5es e dicas da cidade de Belo Horizonte e regi\u00e3o","og:type":"article","og:title":"Garis de Belo Horizonte visitam mostra internacional de Renoir nesta ter\u00e7a | Encontra Belo Horizonte","og:description":"Garis de Belo Horizonte participar\u00e3o de uma visita emocionante \u00e0 mostra de Renoir.","og:url":"https:\/\/www.encontrabelohorizonte.com.br\/sobre\/garis-de-belo-horizonte-visitam-mostra-internacional-de-renoir-nesta-terca\/","article:published_time":"2026-04-24T08:17:06+00:00","article:modified_time":"2026-04-24T08:17:06+00:00","twitter:card":"summary","twitter:title":"Garis de Belo Horizonte visitam mostra internacional de Renoir nesta ter\u00e7a | Encontra Belo Horizonte","twitter:description":"Garis de Belo Horizonte participar\u00e3o de uma visita emocionante \u00e0 mostra de Renoir."},"aioseo_meta_data":{"post_id":"3923","title":null,"description":null,"keywords":null,"keyphrases":null,"primary_term":null,"canonical_url":null,"og_title":null,"og_description":null,"og_object_type":"default","og_image_type":"default","og_image_url":null,"og_image_width":null,"og_image_height":null,"og_image_custom_url":null,"og_image_custom_fields":null,"og_video":null,"og_custom_url":null,"og_article_section":null,"og_article_tags":null,"twitter_use_og":false,"twitter_card":"default","twitter_image_type":"default","twitter_image_url":null,"twitter_image_custom_url":null,"twitter_image_custom_fields":null,"twitter_title":null,"twitter_description":null,"schema":{"blockGraphs":[],"customGraphs":[],"default":{"data":{"Article":[],"Course":[],"Dataset":[],"FAQPage":[],"Movie":[],"Person":[],"Product":[],"ProductReview":[],"Car":[],"Recipe":[],"Service":[],"SoftwareApplication":[],"WebPage":[]},"graphName":"","isEnabled":true},"graphs":[]},"schema_type":"default","schema_type_options":null,"pillar_content":false,"robots_default":true,"robots_noindex":false,"robots_noarchive":false,"robots_nosnippet":false,"robots_nofollow":false,"robots_noimageindex":false,"robots_noodp":false,"robots_notranslate":false,"robots_max_snippet":null,"robots_max_videopreview":null,"robots_max_imagepreview":"large","priority":null,"frequency":null,"local_seo":null,"breadcrumb_settings":null,"limit_modified_date":false,"ai":null,"created":"2026-04-24 08:18:40","updated":"2026-04-24 08:18:40","focus_keyword":null,"additional_keywords":null,"truseo_locale":null,"seo_analyzer_scan_date":null},"aioseo_breadcrumb":"<div class=\"aioseo-breadcrumbs\"><span class=\"aioseo-breadcrumb\">\n\t\t\t<a href=\"https:\/\/www.encontrabelohorizonte.com.br\/sobre\" title=\"In\u00edcio\">In\u00edcio<\/a>\n\t\t<\/span><span class=\"aioseo-breadcrumb-separator\">&raquo;<\/span><span class=\"aioseo-breadcrumb\">\n\t\t\t<a href=\"https:\/\/www.encontrabelohorizonte.com.br\/sobre\/noticias\/\" title=\"Not\u00edcias Belo Horizonte\">Not\u00edcias Belo Horizonte<\/a>\n\t\t<\/span><span class=\"aioseo-breadcrumb-separator\">&raquo;<\/span><span class=\"aioseo-breadcrumb\">\n\t\t\tGaris de Belo Horizonte visitam mostra internacional de Renoir nesta ter\u00e7a\n\t\t<\/span><\/div>","aioseo_breadcrumb_json":[{"label":"In\u00edcio","link":"https:\/\/www.encontrabelohorizonte.com.br\/sobre"},{"label":"Not\u00edcias Belo Horizonte","link":"https:\/\/www.encontrabelohorizonte.com.br\/sobre\/noticias\/"},{"label":"Garis de Belo Horizonte visitam mostra internacional de Renoir nesta ter\u00e7a","link":"https:\/\/www.encontrabelohorizonte.com.br\/sobre\/garis-de-belo-horizonte-visitam-mostra-internacional-de-renoir-nesta-terca\/"}],"_links":{"self":[{"href":"https:\/\/www.encontrabelohorizonte.com.br\/sobre\/wp-json\/wp\/v2\/posts\/3923","targetHints":{"allow":["GET"]}}],"collection":[{"href":"https:\/\/www.encontrabelohorizonte.com.br\/sobre\/wp-json\/wp\/v2\/posts"}],"about":[{"href":"https:\/\/www.encontrabelohorizonte.com.br\/sobre\/wp-json\/wp\/v2\/types\/post"}],"author":[{"embeddable":true,"href":"https:\/\/www.encontrabelohorizonte.com.br\/sobre\/wp-json\/wp\/v2\/users\/1"}],"replies":[{"embeddable":true,"href":"https:\/\/www.encontrabelohorizonte.com.br\/sobre\/wp-json\/wp\/v2\/comments?post=3923"}],"version-history":[{"count":0,"href":"https:\/\/www.encontrabelohorizonte.com.br\/sobre\/wp-json\/wp\/v2\/posts\/3923\/revisions"}],"wp:featuredmedia":[{"embeddable":true,"href":"https:\/\/www.encontrabelohorizonte.com.br\/sobre\/wp-json\/wp\/v2\/media\/3922"}],"wp:attachment":[{"href":"https:\/\/www.encontrabelohorizonte.com.br\/sobre\/wp-json\/wp\/v2\/media?parent=3923"}],"wp:term":[{"taxonomy":"category","embeddable":true,"href":"https:\/\/www.encontrabelohorizonte.com.br\/sobre\/wp-json\/wp\/v2\/categories?post=3923"},{"taxonomy":"post_tag","embeddable":true,"href":"https:\/\/www.encontrabelohorizonte.com.br\/sobre\/wp-json\/wp\/v2\/tags?post=3923"}],"curies":[{"name":"wp","href":"https:\/\/api.w.org\/{rel}","templated":true}]}}