{"id":3925,"date":"2026-04-25T05:14:32","date_gmt":"2026-04-25T08:14:32","guid":{"rendered":"https:\/\/www.encontrabelohorizonte.com.br\/sobre\/com-gestao-do-prefeito-damiao-educacao-de-bh-vive-caos-completo-e-pode-virar-alvo-de-cpi\/"},"modified":"2026-04-25T05:14:32","modified_gmt":"2026-04-25T08:14:32","slug":"com-gestao-do-prefeito-damiao-educacao-de-bh-vive-caos-completo-e-pode-virar-alvo-de-cpi","status":"publish","type":"post","link":"https:\/\/www.encontrabelohorizonte.com.br\/sobre\/com-gestao-do-prefeito-damiao-educacao-de-bh-vive-caos-completo-e-pode-virar-alvo-de-cpi\/","title":{"rendered":"Com gest\u00e3o do prefeito Dami\u00e3o, educa\u00e7\u00e3o de BH vive \u2018caos completo\u2019 e pode virar alvo de CPI"},"content":{"rendered":"<div class=\"2e083cf0b19e2c11948dc6ac054ba979\" data-index=\"1\" style=\"float: none; margin:0px;\">\n<!-- Anuncio display - global -->\r\n<ins class=\"adsbygoogle\"\r\n     style=\"display:block\"\r\n     data-ad-client=\"ca-pub-8585364105181520\"\r\n     data-ad-slot=\"8789329856\"\r\n     data-ad-format=\"auto\"\r\n     data-full-width-responsive=\"true\"><\/ins>\r\n<script>\r\n     (adsbygoogle = window.adsbygoogle || []).push({});\r\n<\/script>\n<\/div>\n<h2>CRISE NA EDUCA\u00c7\u00c3O P\u00daBLICA<\/h2>\n<p>A gest\u00e3o do prefeito \u00c1lvaro Dami\u00e3o, da cidade de Belo Horizonte, enfrenta s\u00e9rios desafios em rela\u00e7\u00e3o \u00e0 educa\u00e7\u00e3o p\u00fablica. Uma crise se instaurou, marcada por pedidos de abertura de uma Comiss\u00e3o Parlamentar de Inqu\u00e9rito (CPI) na C\u00e2mara Municipal, que visam investigar a situa\u00e7\u00e3o alarmante nas escolas da capital mineira.<\/p>\n<h2>CPI EM BELO HORIZONTE<\/h2>\n<p>A iniciativa para abrir uma CPI \u00e9 liderada pela vereadora Iza Louren\u00e7a, do PSOL, que est\u00e1 acompanhada por outros parlamentares preocupados com o estado atual da educa\u00e7\u00e3o na cidade. O pedido foi formalizado durante uma assembleia que contou com a participa\u00e7\u00e3o de mais de 500 profissionais da educa\u00e7\u00e3o, que expressaram sua insatisfa\u00e7\u00e3o e preocupa\u00e7\u00e3o diante dos problemas enfrentados nas institui\u00e7\u00f5es de ensino.<\/p>\n<h2>FALTA DE PROFESSORES EM ESCOLAS<\/h2>\n<p>A aus\u00eancia de professores \u00e9 um dos principais problemas evidenciados na rede municipal. Segundo dados do Sindicato dos Trabalhadores em Educa\u00e7\u00e3o da Rede P\u00fablica Municipal (Sind-Rede\/BH), v\u00e1rias escolas enfrentam um d\u00e9ficit de at\u00e9 10 docentes, resultando na aus\u00eancia de aulas em disciplinas cruciais. Um levantamento realizado pelo sindicato revelou que apenas 19 das 157 escolas consultadas n\u00e3o apresentam car\u00eancia de profissionais.<\/p>\n<p><img decoding=\"async\" src=\"https:\/\/www.encontrabelohorizonte.com.br\/sobre\/wp-content\/uploads\/com-gestao-do-prefeito-damiao-educacao-de-bh-vive-caos-completo-e-pode-virar-alvo-de-cpi.webp\" alt=\"\" loading=\"lazy\" \/><\/p>\n<h2>IMPACTOS DA TERCEIRIZA\u00c7\u00c3O<\/h2>\n<p>A situa\u00e7\u00e3o de funcion\u00e1rios terceirizados, como cantineiras e porteiros, tamb\u00e9m \u00e9 um ponto cr\u00edtico. O t\u00e9rmino do acordo com a Minas Gerais Administra\u00e7\u00e3o e Servi\u00e7os S.A. (MGS) deu origem a novos contratos com entidades privadas, levando a cr\u00edticas sobre a falta de clareza nesse processo. O sindicato aponta que algumas fun\u00e7\u00f5es pedag\u00f3gicas est\u00e3o sendo atribu\u00eddas a entidades sem a qualifica\u00e7\u00e3o necess\u00e1ria, o que contraria a legisla\u00e7\u00e3o vigente.<\/p>\n<h2>CORTES DE VERBA E SUCATEAMENTO<\/h2>\n<p>Outros aspectos que t\u00eam gerado insatisfa\u00e7\u00e3o s\u00e3o os cortes nos recursos fondeados para as escolas, que afetam diretamente a opera\u00e7\u00e3o di\u00e1ria das institui\u00e7\u00f5es. H\u00e1 relatos de que os repasses foram reduzidos a um ter\u00e7o em rela\u00e7\u00e3o ao ano anterior, impactando a aquisi\u00e7\u00e3o de materiais essenciais e o funcionamento de bibliotecas. Na educa\u00e7\u00e3o infantil, h\u00e1 uma proposta de substitui\u00e7\u00e3o de professores por monitores, o que \u00e9 interpretado como um passo em dire\u00e7\u00e3o \u00e0 privatiza\u00e7\u00e3o do setor.<\/p>\n<h2>DEN\u00daNCIAS DE PRECARIZA\u00c7\u00c3O<\/h2>\n<p>As den\u00fancias sobre o processo de precariza\u00e7\u00e3o do sistema educacional est\u00e3o aumentando. De acordo com o Sind-Rede, a lentid\u00e3o na contrata\u00e7\u00e3o de novos professores concursados e a redirecionamento dos fundos alocados demonstram a falta de compromisso com a educa\u00e7\u00e3o p\u00fablica. <\/p>\n<h2>A VOZ DOS TRABALHADORES<\/h2>\n<p>O cen\u00e1rio salarial tamb\u00e9m n\u00e3o \u00e9 favor\u00e1vel. A prefeitura anunciou que o reajuste previsto para 2026 ser\u00e1 limitado \u00e0 recomposi\u00e7\u00e3o inflacion\u00e1ria, um percentual considerado baixo pelos educadores em compara\u00e7\u00e3o com seus pares na Regi\u00e3o Metropolitana de Belo Horizonte. As reuni\u00f5es entre os trabalhadores e o Executivo est\u00e3o praticamente sem avan\u00e7os, levando a categoria a aprovar um indicativo de greve. Uma nova assembleia est\u00e1 agendada para o dia 27 de abril, onde decidir\u00e3o sobre poss\u00edveis a\u00e7\u00f5es.<\/p>\n<h2>MOBILIZA\u00c7\u00c3O DA COMUNIDADE ESCOLAR<\/h2>\n<p>A mobiliza\u00e7\u00e3o da comunidade escolar e dos trabalhadores tem se intensificado, com protestos e campanhas que visam alertar a sociedade sobre os problemas enfrentados nas escolas. N\u00e3o apenas os sal\u00e1rios, mas tamb\u00e9m a qualidade da educa\u00e7\u00e3o p\u00fablica est\u00e1 em jogo.<\/p>\n<h2>PROPOSTAS DE SOLU\u00c7\u00c3O<\/h2>\n<p>Os parlamentares que apoiam a abertura da CPI enfatizam que os problemas v\u00e3o al\u00e9m de quest\u00f5es pontuais, representando um padr\u00e3o de deteriora\u00e7\u00e3o da educa\u00e7\u00e3o p\u00fablica em Belo Horizonte. O foco das mobiliza\u00e7\u00f5es \u00e9 garantir que a escola p\u00fablica mantenha sua fun\u00e7\u00e3o de qualidade e acessibilidade para todos os alunos.<\/p>\n<h2>O PAPEL DA PREFEITURA NA EDUCA\u00c7\u00c3O<\/h2>\n<p>A Secretaria Municipal de Educa\u00e7\u00e3o (SMED) defende que mais de 3.100 professores foram convocados entre 2024 e 2026 e que est\u00e3o em andamento novas nomea\u00e7\u00f5es e concursos para atender \u00e0 demanda. A prefeitura tamb\u00e9m refuta a ideia de cortes or\u00e7ament\u00e1rios, afirmando ter aumentado o repasse \u00e0s escolas. Al\u00e9m disso, a SMED reitera que n\u00e3o pretende substituir professores por monitores e que o Atendimento Educacional Especializado (AEE) est\u00e1 dispon\u00edvel em todas as escolas da rede.<\/p>\n<p>Esse panorama evidencia que a crise da educa\u00e7\u00e3o em Belo Horizonte \u00e9 uma quest\u00e3o s\u00e9ria, que requer resposta efetiva por parte das autoridades respons\u00e1veis, para garantir que as crian\u00e7as tenham acesso \u00e0 educa\u00e7\u00e3o de qualidade e que os profissionais da educa\u00e7\u00e3o sejam valorizados e respeitados.<\/p>\n\n<div style=\"font-size: 0px; height: 0px; line-height: 0px; margin: 0; padding: 0; clear: both;\"><\/div>","protected":false},"excerpt":{"rendered":"<p>Educa\u00e7\u00e3o em Belo Horizonte vive um caos totalmente sem precedentes sob a gest\u00e3o do prefeito Dami\u00e3o.<\/p>\n","protected":false},"author":1,"featured_media":3924,"comment_status":"closed","ping_status":"closed","sticky":false,"template":"","format":"standard","meta":{"footnotes":""},"categories":[6],"tags":[],"class_list":["post-3925","post","type-post","status-publish","format-standard","has-post-thumbnail","hentry","category-noticias","has_thumb"],"aioseo_notices":[],"_links":{"self":[{"href":"https:\/\/www.encontrabelohorizonte.com.br\/sobre\/wp-json\/wp\/v2\/posts\/3925","targetHints":{"allow":["GET"]}}],"collection":[{"href":"https:\/\/www.encontrabelohorizonte.com.br\/sobre\/wp-json\/wp\/v2\/posts"}],"about":[{"href":"https:\/\/www.encontrabelohorizonte.com.br\/sobre\/wp-json\/wp\/v2\/types\/post"}],"author":[{"embeddable":true,"href":"https:\/\/www.encontrabelohorizonte.com.br\/sobre\/wp-json\/wp\/v2\/users\/1"}],"replies":[{"embeddable":true,"href":"https:\/\/www.encontrabelohorizonte.com.br\/sobre\/wp-json\/wp\/v2\/comments?post=3925"}],"version-history":[{"count":0,"href":"https:\/\/www.encontrabelohorizonte.com.br\/sobre\/wp-json\/wp\/v2\/posts\/3925\/revisions"}],"wp:featuredmedia":[{"embeddable":true,"href":"https:\/\/www.encontrabelohorizonte.com.br\/sobre\/wp-json\/wp\/v2\/media\/3924"}],"wp:attachment":[{"href":"https:\/\/www.encontrabelohorizonte.com.br\/sobre\/wp-json\/wp\/v2\/media?parent=3925"}],"wp:term":[{"taxonomy":"category","embeddable":true,"href":"https:\/\/www.encontrabelohorizonte.com.br\/sobre\/wp-json\/wp\/v2\/categories?post=3925"},{"taxonomy":"post_tag","embeddable":true,"href":"https:\/\/www.encontrabelohorizonte.com.br\/sobre\/wp-json\/wp\/v2\/tags?post=3925"}],"curies":[{"name":"wp","href":"https:\/\/api.w.org\/{rel}","templated":true}]}}