{"id":3937,"date":"2026-04-27T05:14:57","date_gmt":"2026-04-27T08:14:57","guid":{"rendered":"https:\/\/www.encontrabelohorizonte.com.br\/sobre\/sabado-de-aleluia-com-chuva-veja-previsao-do-tempo-para-bh-e-cidades-de-mg\/"},"modified":"2026-04-27T05:14:57","modified_gmt":"2026-04-27T08:14:57","slug":"sabado-de-aleluia-com-chuva-veja-previsao-do-tempo-para-bh-e-cidades-de-mg","status":"publish","type":"post","link":"https:\/\/www.encontrabelohorizonte.com.br\/sobre\/sabado-de-aleluia-com-chuva-veja-previsao-do-tempo-para-bh-e-cidades-de-mg\/","title":{"rendered":"S\u00e1bado de Aleluia com chuva? Veja previs\u00e3o do tempo para BH e cidades de MG"},"content":{"rendered":"<div class=\"2e083cf0b19e2c11948dc6ac054ba979\" data-index=\"1\" style=\"float: none; margin:0px;\">\n<!-- Anuncio display - global -->\r\n<ins class=\"adsbygoogle\"\r\n     style=\"display:block\"\r\n     data-ad-client=\"ca-pub-8585364105181520\"\r\n     data-ad-slot=\"8789329856\"\r\n     data-ad-format=\"auto\"\r\n     data-full-width-responsive=\"true\"><\/ins>\r\n<script>\r\n     (adsbygoogle = window.adsbygoogle || []).push({});\r\n<\/script>\n<\/div>\n<h2>Previs\u00e3o do Tempo para o S\u00e1bado de Aleluia<\/h2>\n<p>O clima previsto para o pr\u00f3ximo s\u00e1bado, que marca um momento especial do feriado de P\u00e1scoa, indica c\u00e9u encoberto e possibilidade de chuvas em diversas \u00e1reas de Belo Horizonte (BH) e em outras partes de Minas Gerais. As tradi\u00e7\u00f5es e festividades da data poder\u00e3o ser afetadas por essas condi\u00e7\u00f5es atmosf\u00e9ricas.<\/p>\n<h2>Temperaturas M\u00ednimas e M\u00e1ximas em BH<\/h2>\n<p>A temperatura m\u00ednima reportada na cidade foi de <strong>18,4\u00b0C<\/strong>. Essa marca foi registrada na regi\u00e3o Oeste, donde a sensa\u00e7\u00e3o t\u00e9rmica caiu para <strong>11\u00b0C<\/strong>. Em contraste, a m\u00e1xima prevista poder\u00e1 atingir at\u00e9 <strong>30\u00b0C<\/strong> na capital, com umidade relativa do ar abaixo de <strong>45%<\/strong> durante as horas mais quentes do dia.<\/p>\n<h2>Chance de Chuvas em Diferentes Regi\u00f5es de MG<\/h2>\n<p>As previs\u00f5es de chuvas se estendem por v\u00e1rias regi\u00f5es do estado, com \u00eanfase nas \u00e1reas do <strong>Centro-Sul<\/strong>, <strong>Barreiro<\/strong>, <strong>Oeste<\/strong>, <strong>Noroeste<\/strong> e <strong>Centro-Sul<\/strong> de Minas Gerais. O Inmet (Instituto Nacional de Meteorologia) estima que os volumes de \u00e1gua podem variar, com incid\u00eancia de pancadas isoladas.<\/p>\n<p><img decoding=\"async\" src=\"https:\/\/www.encontrabelohorizonte.com.br\/sobre\/wp-content\/uploads\/sabado-de-aleluia-com-chuva-veja-previsao-do-tempo-para-bh-e-cidades-de-mg.webp\" alt=\"previs\u00e3o do tempo\" loading=\"lazy\" \/><\/p>\n<h2>Impactos das Chuvas na Cidade<\/h2>\n<p>De acordo com a Defesa Civil de BH, as chuvas deste s\u00e1bado podem trazer tamb\u00e9m rel\u00e2mpagos e ventos fortes, especialmente durante a tarde. Nesse cen\u00e1rio, o alerta \u00e9 para a possibilidade de inunda\u00e7\u00f5es em pontos cr\u00edticos, uma realidade que, se concretizada, impactar\u00e1 as atividades cotidianas dos cidad\u00e3os. Barragens e drenagens da cidade j\u00e1 foram afetadas em eventos anteriores, levantando preocupa\u00e7\u00f5es sobre a infraestrutura existente.<\/p>\n<h2>Recomenda\u00e7\u00f5es para Quem Sai de Casa<\/h2>\n<p>Para aqueles que precisam sair, a recomenda\u00e7\u00e3o \u00e9 clara: n\u00e3o esque\u00e7a de levar um guarda-chuva. Al\u00e9m disso, \u00e9 prudente verificar as condi\u00e7\u00f5es das vias e evitar cruzar \u00e1reas com riscos conhecidos de alagamento. A seguran\u00e7a deve ser a prioridade, especialmente durante pesada atividade de chuva.<\/p>\n<h2>Comparativo com o Clima do Ano Passado<\/h2>\n<p>Observando as tend\u00eancias clim\u00e1ticas do ano passado, notamos que a data tamb\u00e9m foi marcada por uma ocorr\u00eancia similar de chuvas, embora a intensidade e a dura\u00e7\u00e3o tenham variado. Essas compara\u00e7\u00f5es s\u00e3o importantes para entendermos como as condi\u00e7\u00f5es meteorol\u00f3gicas est\u00e3o mudando ao longo do tempo.<\/p>\n<h2>Efeitos das Chuvas em Eventos de P\u00e1scoa<\/h2>\n<p>A chegada das chuvas no per\u00edodo da P\u00e1scoa pode impactar atividades que tradicionalmente atraem muitas pessoas para as ruas. As festividades, como celebra\u00e7\u00f5es religiosas e eventos comunit\u00e1rios, podem ser menos frequentes devido ao mau tempo. Essa din\u00e2mica afeta o com\u00e9rcio local, que se prepara para atender ao aumento no fluxo de clientes nesta \u00e9poca.<\/p>\n<h2>Mudan\u00e7as Clim\u00e1ticas e Sua Rela\u00e7\u00e3o com a Previs\u00e3o<\/h2>\n<p>As chamadas mudan\u00e7as clim\u00e1ticas t\u00eam gerado padr\u00f5es clim\u00e1ticos mais imprevis\u00edveis, aumentando a instabilidade do tempo. Os meteorologistas t\u00eam observado que a frequ\u00eancia e a intensidade das chuvas podem estar diretamente ligadas a essas altera\u00e7\u00f5es, levando a cidade a estar mais preparada para lidar com essas situa\u00e7\u00f5es extremas no futuro.<\/p>\n<h2>O Que Dizem os Meteorologistas Sobre a Situa\u00e7\u00e3o<\/h2>\n<p>Os especialistas em meteorologia indicam que a combina\u00e7\u00e3o de fatores, como a umidade presente na atmosfera e os ventos, resultam nesse cen\u00e1rio de chuvas esperadas na data. Eles aconselham que a popula\u00e7\u00e3o fique atenta \u00e0s atualiza\u00e7\u00f5es e considere as orienta\u00e7\u00f5es dadas pelos \u00f3rg\u00e3os respons\u00e1veis pela Defesa Civil.<\/p>\n<h2>Como se Preparar para o Tempo Inst\u00e1vel<\/h2>\n<p>Preparar-se para as mudan\u00e7as clim\u00e1ticas e o tempo inst\u00e1vel requer planejamento e informa\u00e7\u00f5es atualizadas. Equipar-se com roupas adequadas, providenciar prote\u00e7\u00e3o contra a chuva e estar ciente das condi\u00e7\u00f5es de tr\u00e2nsito s\u00e3o algumas das a\u00e7\u00f5es que podem facilitar a locomo\u00e7\u00e3o durante per\u00edodos de chuvas intensas. Al\u00e9m disso, \u00e9 recomend\u00e1vel ter um plano de emerg\u00eancia para situa\u00e7\u00f5es que possam demandar rapidamente a necessidade de adapta\u00e7\u00e3o.<\/p>\n\n<div style=\"font-size: 0px; height: 0px; line-height: 0px; margin: 0; padding: 0; clear: both;\"><\/div>","protected":false},"excerpt":{"rendered":"<p>S\u00e1bado de Aleluia traz chuva e temperaturas variadas em BH e MG.<\/p>\n","protected":false},"author":1,"featured_media":3936,"comment_status":"closed","ping_status":"closed","sticky":false,"template":"","format":"standard","meta":{"footnotes":""},"categories":[6],"tags":[],"class_list":["post-3937","post","type-post","status-publish","format-standard","has-post-thumbnail","hentry","category-noticias","has_thumb"],"aioseo_notices":[],"_links":{"self":[{"href":"https:\/\/www.encontrabelohorizonte.com.br\/sobre\/wp-json\/wp\/v2\/posts\/3937","targetHints":{"allow":["GET"]}}],"collection":[{"href":"https:\/\/www.encontrabelohorizonte.com.br\/sobre\/wp-json\/wp\/v2\/posts"}],"about":[{"href":"https:\/\/www.encontrabelohorizonte.com.br\/sobre\/wp-json\/wp\/v2\/types\/post"}],"author":[{"embeddable":true,"href":"https:\/\/www.encontrabelohorizonte.com.br\/sobre\/wp-json\/wp\/v2\/users\/1"}],"replies":[{"embeddable":true,"href":"https:\/\/www.encontrabelohorizonte.com.br\/sobre\/wp-json\/wp\/v2\/comments?post=3937"}],"version-history":[{"count":0,"href":"https:\/\/www.encontrabelohorizonte.com.br\/sobre\/wp-json\/wp\/v2\/posts\/3937\/revisions"}],"wp:featuredmedia":[{"embeddable":true,"href":"https:\/\/www.encontrabelohorizonte.com.br\/sobre\/wp-json\/wp\/v2\/media\/3936"}],"wp:attachment":[{"href":"https:\/\/www.encontrabelohorizonte.com.br\/sobre\/wp-json\/wp\/v2\/media?parent=3937"}],"wp:term":[{"taxonomy":"category","embeddable":true,"href":"https:\/\/www.encontrabelohorizonte.com.br\/sobre\/wp-json\/wp\/v2\/categories?post=3937"},{"taxonomy":"post_tag","embeddable":true,"href":"https:\/\/www.encontrabelohorizonte.com.br\/sobre\/wp-json\/wp\/v2\/tags?post=3937"}],"curies":[{"name":"wp","href":"https:\/\/api.w.org\/{rel}","templated":true}]}}