{"id":3953,"date":"2026-04-30T05:30:06","date_gmt":"2026-04-30T08:30:06","guid":{"rendered":"https:\/\/www.encontrabelohorizonte.com.br\/sobre\/confira-o-funcionamento-da-pbh-no-feriado-de-tiradentes\/"},"modified":"2026-04-30T05:30:06","modified_gmt":"2026-04-30T08:30:06","slug":"confira-o-funcionamento-da-pbh-no-feriado-de-tiradentes","status":"publish","type":"post","link":"https:\/\/www.encontrabelohorizonte.com.br\/sobre\/confira-o-funcionamento-da-pbh-no-feriado-de-tiradentes\/","title":{"rendered":"Confira o funcionamento da PBH no feriado de Tiradentes"},"content":{"rendered":"<div class=\"2e083cf0b19e2c11948dc6ac054ba979\" data-index=\"1\" style=\"float: none; margin:0px;\">\n<!-- Anuncio display - global -->\r\n<ins class=\"adsbygoogle\"\r\n     style=\"display:block\"\r\n     data-ad-client=\"ca-pub-8585364105181520\"\r\n     data-ad-slot=\"8789329856\"\r\n     data-ad-format=\"auto\"\r\n     data-full-width-responsive=\"true\"><\/ins>\r\n<script>\r\n     (adsbygoogle = window.adsbygoogle || []).push({});\r\n<\/script>\n<\/div>\n<h2>Funcionamento dos Parques Municipais<\/h2>\n<p>Nos dias 20 e 21 de abril, os parques p\u00fablicos de Belo Horizonte estar\u00e3o abertos, oferecendo uma oportunidade para os cidad\u00e3os aproveitarem momentos de lazer e contato com a natureza. O hor\u00e1rio de funcionamento para todos os parques ser\u00e1 das 8h at\u00e9 \u00e0s 17h, com a entrada permitida at\u00e9 \u00e0s 16h.<\/p>\n<p>Abaixo, listamos os parques que estar\u00e3o dispon\u00edveis:<\/p>\n<ul>\n<li>Parque Municipal Am\u00e9rico Renn\u00e9 Giannetti<\/li>\n<li>Parque Municipal Fazenda Lagoa do Nado<\/li>\n<li>Parque Jos\u00e9 Lopes dos Reis &#8211; Baleares<\/li>\n<li>Parque Nossa Senhora da Piedade<\/li>\n<li>Parque Primeiro de Maio<\/li>\n<li>Parque Aggeo Pio Sobrinho<\/li>\n<li>Parque Ecol\u00f3gico Roberto Burle Marx<\/li>\n<li>Parque da Serra do Curral<\/li>\n<li>Parque das Mangabeiras Maur\u00edcio Campos<\/li>\n<li>Parque Ecol\u00f3gico Francisco Lins do R\u00eago &#8211; Ecol\u00f3gico da Pampulha<\/li>\n<li>Parque Ecol\u00f3gico Marcus Pereira Mello<\/li>\n<li>Parque Jos\u00e9 Dazinho Pimenta &#8211; Cen\u00e1culo<\/li>\n<li>Parque Mata das Borboletas<\/li>\n<li>Parque Mosteiro Tom Jobim<\/li>\n<li>Parque Municipal Monsenhor Expedito D&#8217;\u00c1vila &#8211; Julien Rien<\/li>\n<li>Parque Rosinha Cadar<\/li>\n<li>Parque Amilcar Vianna Martins<\/li>\n<li>Parque C\u00e1ssia Eller<\/li>\n<li>Parque Ecol\u00f3gico e Cultural Professor Marcos Mazzoni &#8211; Parque da Cidade Nova<\/li>\n<li>Parque Ecol\u00f3gico Renato Azeredo<\/li>\n<li>Parque-Escola Jardim Belmonte<\/li>\n<li>Parque Fern\u00e3o Dias<\/li>\n<li>Parque Real<\/li>\n<li>Parque Municipal Ismael de Oliveira F\u00e1bregas<\/li>\n<li>Parque Orlando de Carvalho Silveira &#8211; Morro do Bolo<\/li>\n<li>Parque Jacques Cousteau<\/li>\n<li>Parque Bandeirante Silva Ortiz &#8211; Parque Ecol\u00f3gico do Buritis<\/li>\n<li>Parque Carlos de Faria Tavares &#8211; Vila Pinho<\/li>\n<li>Parque da Vila Pantanal<\/li>\n<li>Parque da Vila Santa Sofia<\/li>\n<li>Parque do Bairro Diamante<\/li>\n<li>Parque do Bairro Hava\u00ed &#8211; Estrelinha<\/li>\n<li>Parque do Conjunto Estrela Dalva<\/li>\n<li>Parque Ecol\u00f3gico do Bairro Universit\u00e1rio<\/li>\n<li>Parque Ecol\u00f3gico e de Lazer do Bairro Cai\u00e7ara &#8211; Parquinho<\/li>\n<li>Parque Ecol\u00f3gico Maria do Socorro Moreira &#8211; Parque do Aeroporto<\/li>\n<li>Parque Ecol\u00f3gico Pedro Machado<\/li>\n<li>Parque Ecol\u00f3gico Vencesli Firmino da Silva<\/li>\n<li>Parque Elias Michel Farah<\/li>\n<li>Parque Coqueiros<\/li>\n<li>Parque Municipal Ti\u00e3o dos Santos<\/li>\n<li>Parque Municipal Ursulina de Andrade Mello<\/li>\n<li>Parque do Bairro Planalto<\/li>\n<li>Parque da Matinha<\/li>\n<li>Parque Professor Guilherme Lage<\/li>\n<li>Mirante do Mangabeiras<\/li>\n<li>Parque Alexander Brandt<\/li>\n<li>Parque Ecol\u00f3gico e Cultural Jardim das Nascentes &#8211; Madri<\/li>\n<li>Parque do Bairro Jardim Leblon<\/li>\n<\/ul>\n<p>Al\u00e9m desses, existem parques que oferecem acesso permanente, como a \u00c1rea do vertedouro da Barragem Santa L\u00facia e o Parque Altamira Costa Nogueira (Ecol\u00f3gico Santo Ant\u00f4nio).<\/p>\n<p><img decoding=\"async\" src=\"https:\/\/www.encontrabelohorizonte.com.br\/sobre\/wp-content\/uploads\/confira-o-funcionamento-da-pbh-no-feriado-de-tiradentes.webp\" alt=\"funcionamento da PBH\" loading=\"lazy\" \/><\/p>\n<h2>Hor\u00e1rios dos Cemit\u00e9rios P\u00fablicos<\/h2>\n<p>Nos dias 20 e 21 de abril, os cemit\u00e9rios p\u00fablicos de Belo Horizonte funcionar\u00e3o das 7h \u00e0s 17h. Este hor\u00e1rio \u00e9 exclusivo para a realiza\u00e7\u00e3o e atendimento relacionado a vel\u00f3rios e sepultamentos.<\/p>\n<p>O plant\u00e3o administrativo para agendamentos estar\u00e1 dispon\u00edvel das 7h \u00e0s 18h, garantindo que os servi\u00e7os necess\u00e1rios atendam \u00e0 popula\u00e7\u00e3o.<\/p>\n<h2>Assist\u00eancia Social nos Dias do Feriado<\/h2>\n<p>Durante o feriado, diversos servi\u00e7os de assist\u00eancia social estar\u00e3o temporariamente fechados, incluindo as Diretorias Regionais de Assist\u00eancia Social (DRAS), os Centros de Refer\u00eancia de Assist\u00eancia Social (CRAS), e Centros de Refer\u00eancia Especializados de Assist\u00eancia Social (CREAS). Contudo, abrigos e outras resid\u00eancias inclusivas continuar\u00e3o operando regularmente para atender \u00e0s necessidades da popula\u00e7\u00e3o.<\/p>\n<p>O Centro Pop Centro Sul e outras unidades do servi\u00e7o tamb\u00e9m ter\u00e3o hor\u00e1rios espec\u00edficos, com funcionamento em hor\u00e1rios variados de acordo com a localidade. A Central de Vagas do SUAS ter\u00e1 plant\u00e3o 24 horas.<\/p>\n<h2>O que Funciona na Sa\u00fade P\u00fablica<\/h2>\n<p>As Unidades de Pronto Atendimento (UPAs), o Hospital Metropolitano Odilon Behrens (HOB), e o SAMU estar\u00e3o funcionando normalmente, 24 horas por dia, tanto na segunda quanto na ter\u00e7a-feira. Isso assegura assist\u00eancia completa \u00e0 popula\u00e7\u00e3o com necessidade de atendimento durante os per\u00edodos festivos.<\/p>\n<p>Por outro lado, os Centros de Sa\u00fade ter\u00e3o hor\u00e1rios diferenciados, atendendo na segunda-feira, das 7h \u00e0s 17h, enquanto na ter\u00e7a-feira estar\u00e3o fechados.<\/p>\n<p>Outras unidades de sa\u00fade ter\u00e3o funcionamento restrito ou ser\u00e3o fechadas, portanto, \u00e9 bom se programar previamente para eventuais necessidades de atendimento.<\/p>\n<h2>Situa\u00e7\u00e3o dos Equipamentos Culturais<\/h2>\n<p>No que diz respeito aos equipamentos culturais, muitos estar\u00e3o fechados durante o feriado. O Arquivo P\u00fablico da Cidade de Belo Horizonte e outros centros culturais n\u00e3o estar\u00e3o operando nos dias 20 e 21, limitando as op\u00e7\u00f5es de atividades culturais dispon\u00edveis nesse per\u00edodo. O Cine Santa Tereza e outros teatros tamb\u00e9m estar\u00e3o sem programa\u00e7\u00e3o, permitindo uma pausa nas atividades art\u00edsticas e culturais.<\/p>\n<h2>Postos de Informa\u00e7\u00e3o Tur\u00edstica<\/h2>\n<p>Os Postos de Informa\u00e7\u00e3o Tur\u00edstica tamb\u00e9m ter\u00e3o hor\u00e1rios especiais. O CAT Sede estar\u00e1 fechado durante todo o per\u00edodo, enquanto outros centros, como o CAT Veveco e o CAT Mercado das Flores, ter\u00e3o hor\u00e1rios de atendimento reduzidos. \u00c9 recomend\u00e1vel conferir os hor\u00e1rios antes de visitar para evitar desapontamentos.<\/p>\n<h2>Transporte Coletivo no Feriado<\/h2>\n<p>No transporte coletivo de Belo Horizonte, ser\u00e1 adotado um quadro de hor\u00e1rios de dia \u00fatil at\u00edpico na segunda-feira (20) e um quadro de feriado na ter\u00e7a-feira (21). Otimizar o planejamento de sua viagem \u00e9 essencial, considerando as diferentes programa\u00e7\u00f5es que podem afetar a disponibilidade de \u00f4nibus e acessibilidade aos pontos de transporte.<\/p>\n<h2>Limpeza Urbana e Coleta de Res\u00edduos<\/h2>\n<p>A Superintend\u00eancia de Limpeza Urbana anuncia que a coleta de res\u00edduos domiciliares ocorrer\u00e1 normalmente no feriado de Tiradentes. Entretanto, a coleta seletiva ser\u00e1 interrompida. As Unidades de Recebimento de Pequenos Volumes (URPV) estar\u00e3o abertas, garantindo que a popula\u00e7\u00e3o possa descartar adequadamente seus res\u00edduos no per\u00edodo. Na segunda-feira, todos os servi\u00e7os de limpeza urbana funcionar\u00e3o na totalidade.<\/p>\n<h2>Como Aproveitar os Parques<\/h2>\n<p>Os parques municipais oferecem diversas op\u00e7\u00f5es para lazer, pr\u00e1ticas esportivas, caminhadas e relaxamento em meio \u00e0 natureza. \u00c9 uma excelente oportunidade para fazer piqueniques com a fam\u00edlia ou simplesmente aproveitar a beleza dos espa\u00e7os verdes dispon\u00edveis. Lembre-se de levar \u00e1gua e, se poss\u00edvel, um lanche para tornar o momento ainda mais agrad\u00e1vel.<\/p>\n<p>Confirme os hor\u00e1rios e a acessibilidade dos locais para garantir que a visita seja a melhor poss\u00edvel.<\/p>\n\n<div style=\"font-size: 0px; height: 0px; line-height: 0px; margin: 0; padding: 0; clear: both;\"><\/div>","protected":false},"excerpt":{"rendered":"<p>Descubra o funcionamento da PBH no feriado de Tiradentes.<\/p>\n","protected":false},"author":1,"featured_media":3952,"comment_status":"closed","ping_status":"closed","sticky":false,"template":"","format":"standard","meta":{"footnotes":""},"categories":[6],"tags":[],"class_list":["post-3953","post","type-post","status-publish","format-standard","has-post-thumbnail","hentry","category-noticias","has_thumb"],"aioseo_notices":[],"aioseo_head":"\n\t\t<!-- All in One SEO 5.0.0.1 - aioseo.com -->\n\t<meta name=\"description\" content=\"Descubra o funcionamento da PBH no feriado de Tiradentes.\" \/>\n\t<meta name=\"robots\" content=\"max-image-preview:large\" \/>\n\t<meta name=\"author\" content=\"Encontra Belo Horizonte\"\/>\n\t<link rel=\"canonical\" href=\"https:\/\/www.encontrabelohorizonte.com.br\/sobre\/confira-o-funcionamento-da-pbh-no-feriado-de-tiradentes\/\" \/>\n\t<meta name=\"generator\" content=\"All in One SEO (AIOSEO) 5.0.0.1\" \/>\n\t\t<meta property=\"og:locale\" content=\"pt_BR\" \/>\n\t\t<meta property=\"og:site_name\" content=\"Encontra Belo Horizonte | Not\u00edcias, eventos, informa\u00e7\u00f5es e dicas da cidade de Belo Horizonte e regi\u00e3o\" \/>\n\t\t<meta property=\"og:type\" content=\"article\" \/>\n\t\t<meta property=\"og:title\" content=\"Confira o funcionamento da PBH no feriado de Tiradentes | Encontra Belo Horizonte\" \/>\n\t\t<meta property=\"og:description\" content=\"Descubra o funcionamento da PBH no feriado de Tiradentes.\" \/>\n\t\t<meta property=\"og:url\" content=\"https:\/\/www.encontrabelohorizonte.com.br\/sobre\/confira-o-funcionamento-da-pbh-no-feriado-de-tiradentes\/\" \/>\n\t\t<meta property=\"article:published_time\" content=\"2026-04-30T08:30:06+00:00\" \/>\n\t\t<meta property=\"article:modified_time\" content=\"2026-04-30T08:30:06+00:00\" \/>\n\t\t<meta name=\"twitter:card\" content=\"summary\" \/>\n\t\t<meta name=\"twitter:title\" content=\"Confira o funcionamento da PBH no feriado de Tiradentes | Encontra Belo Horizonte\" \/>\n\t\t<meta name=\"twitter:description\" content=\"Descubra o funcionamento da PBH no feriado de Tiradentes.\" \/>\n\t\t<script type=\"application\/ld+json\" class=\"aioseo-schema\">\n\t\t\t{\"@context\":\"https:\\\/\\\/schema.org\",\"@graph\":[{\"@type\":\"Article\",\"@id\":\"https:\\\/\\\/www.encontrabelohorizonte.com.br\\\/sobre\\\/confira-o-funcionamento-da-pbh-no-feriado-de-tiradentes\\\/#article\",\"name\":\"Confira o funcionamento da PBH no feriado de Tiradentes | Encontra Belo Horizonte\",\"headline\":\"Confira o funcionamento da PBH no feriado de Tiradentes\",\"author\":{\"@id\":\"https:\\\/\\\/www.encontrabelohorizonte.com.br\\\/sobre\\\/author\\\/ebelohorizonte\\\/#author\"},\"publisher\":{\"@id\":\"https:\\\/\\\/www.encontrabelohorizonte.com.br\\\/sobre\\\/#organization\"},\"image\":{\"@type\":\"ImageObject\",\"url\":\"https:\\\/\\\/www.encontrabelohorizonte.com.br\\\/sobre\\\/wp-content\\\/uploads\\\/confira-o-funcionamento-da-pbh-no-feriado-de-tiradentes.webp\",\"width\":280,\"height\":280,\"caption\":\"funcionamento da PBH\"},\"datePublished\":\"2026-04-30T05:30:06-03:00\",\"dateModified\":\"2026-04-30T05:30:06-03:00\",\"inLanguage\":\"pt-BR\",\"mainEntityOfPage\":{\"@id\":\"https:\\\/\\\/www.encontrabelohorizonte.com.br\\\/sobre\\\/confira-o-funcionamento-da-pbh-no-feriado-de-tiradentes\\\/#webpage\"},\"isPartOf\":{\"@id\":\"https:\\\/\\\/www.encontrabelohorizonte.com.br\\\/sobre\\\/confira-o-funcionamento-da-pbh-no-feriado-de-tiradentes\\\/#webpage\"},\"articleSection\":\"Not\\u00edcias Belo Horizonte\"},{\"@type\":\"BreadcrumbList\",\"@id\":\"https:\\\/\\\/www.encontrabelohorizonte.com.br\\\/sobre\\\/confira-o-funcionamento-da-pbh-no-feriado-de-tiradentes\\\/#breadcrumblist\",\"itemListElement\":[{\"@type\":\"ListItem\",\"@id\":\"https:\\\/\\\/www.encontrabelohorizonte.com.br\\\/sobre#listItem\",\"position\":1,\"name\":\"In\\u00edcio\",\"item\":\"https:\\\/\\\/www.encontrabelohorizonte.com.br\\\/sobre\",\"nextItem\":{\"@type\":\"ListItem\",\"@id\":\"https:\\\/\\\/www.encontrabelohorizonte.com.br\\\/sobre\\\/noticias\\\/#listItem\",\"name\":\"Not\\u00edcias Belo Horizonte\"}},{\"@type\":\"ListItem\",\"@id\":\"https:\\\/\\\/www.encontrabelohorizonte.com.br\\\/sobre\\\/noticias\\\/#listItem\",\"position\":2,\"name\":\"Not\\u00edcias Belo Horizonte\",\"item\":\"https:\\\/\\\/www.encontrabelohorizonte.com.br\\\/sobre\\\/noticias\\\/\",\"nextItem\":{\"@type\":\"ListItem\",\"@id\":\"https:\\\/\\\/www.encontrabelohorizonte.com.br\\\/sobre\\\/confira-o-funcionamento-da-pbh-no-feriado-de-tiradentes\\\/#listItem\",\"name\":\"Confira o funcionamento da PBH no feriado de Tiradentes\"},\"previousItem\":{\"@type\":\"ListItem\",\"@id\":\"https:\\\/\\\/www.encontrabelohorizonte.com.br\\\/sobre#listItem\",\"name\":\"In\\u00edcio\"}},{\"@type\":\"ListItem\",\"@id\":\"https:\\\/\\\/www.encontrabelohorizonte.com.br\\\/sobre\\\/confira-o-funcionamento-da-pbh-no-feriado-de-tiradentes\\\/#listItem\",\"position\":3,\"name\":\"Confira o funcionamento da PBH no feriado de Tiradentes\",\"previousItem\":{\"@type\":\"ListItem\",\"@id\":\"https:\\\/\\\/www.encontrabelohorizonte.com.br\\\/sobre\\\/noticias\\\/#listItem\",\"name\":\"Not\\u00edcias Belo Horizonte\"}}]},{\"@type\":\"Organization\",\"@id\":\"https:\\\/\\\/www.encontrabelohorizonte.com.br\\\/sobre\\\/#organization\",\"name\":\"Encontra Belo Horizonte\",\"description\":\"Not\\u00edcias, eventos, informa\\u00e7\\u00f5es e dicas da cidade de Belo Horizonte e regi\\u00e3o\",\"url\":\"https:\\\/\\\/www.encontrabelohorizonte.com.br\\\/sobre\\\/\"},{\"@type\":\"Person\",\"@id\":\"https:\\\/\\\/www.encontrabelohorizonte.com.br\\\/sobre\\\/author\\\/ebelohorizonte\\\/#author\",\"url\":\"https:\\\/\\\/www.encontrabelohorizonte.com.br\\\/sobre\\\/author\\\/ebelohorizonte\\\/\",\"name\":\"Encontra Belo Horizonte\",\"image\":{\"@type\":\"ImageObject\",\"@id\":\"https:\\\/\\\/www.encontrabelohorizonte.com.br\\\/sobre\\\/confira-o-funcionamento-da-pbh-no-feriado-de-tiradentes\\\/#authorImage\",\"url\":\"https:\\\/\\\/secure.gravatar.com\\\/avatar\\\/507340682b8270222e1f208e23198b6ae7e2c6a1033ae84e99bc6bce4f82a387?s=96&d=mm&r=g\",\"width\":96,\"height\":96,\"caption\":\"Encontra Belo Horizonte\"}},{\"@type\":\"WebPage\",\"@id\":\"https:\\\/\\\/www.encontrabelohorizonte.com.br\\\/sobre\\\/confira-o-funcionamento-da-pbh-no-feriado-de-tiradentes\\\/#webpage\",\"url\":\"https:\\\/\\\/www.encontrabelohorizonte.com.br\\\/sobre\\\/confira-o-funcionamento-da-pbh-no-feriado-de-tiradentes\\\/\",\"name\":\"Confira o funcionamento da PBH no feriado de Tiradentes | Encontra Belo Horizonte\",\"description\":\"Descubra o funcionamento da PBH no feriado de Tiradentes.\",\"inLanguage\":\"pt-BR\",\"isPartOf\":{\"@id\":\"https:\\\/\\\/www.encontrabelohorizonte.com.br\\\/sobre\\\/#website\"},\"breadcrumb\":{\"@id\":\"https:\\\/\\\/www.encontrabelohorizonte.com.br\\\/sobre\\\/confira-o-funcionamento-da-pbh-no-feriado-de-tiradentes\\\/#breadcrumblist\"},\"author\":{\"@id\":\"https:\\\/\\\/www.encontrabelohorizonte.com.br\\\/sobre\\\/author\\\/ebelohorizonte\\\/#author\"},\"creator\":{\"@id\":\"https:\\\/\\\/www.encontrabelohorizonte.com.br\\\/sobre\\\/author\\\/ebelohorizonte\\\/#author\"},\"image\":{\"@type\":\"ImageObject\",\"url\":\"https:\\\/\\\/www.encontrabelohorizonte.com.br\\\/sobre\\\/wp-content\\\/uploads\\\/confira-o-funcionamento-da-pbh-no-feriado-de-tiradentes.webp\",\"@id\":\"https:\\\/\\\/www.encontrabelohorizonte.com.br\\\/sobre\\\/confira-o-funcionamento-da-pbh-no-feriado-de-tiradentes\\\/#mainImage\",\"width\":280,\"height\":280,\"caption\":\"funcionamento da PBH\"},\"primaryImageOfPage\":{\"@id\":\"https:\\\/\\\/www.encontrabelohorizonte.com.br\\\/sobre\\\/confira-o-funcionamento-da-pbh-no-feriado-de-tiradentes\\\/#mainImage\"},\"datePublished\":\"2026-04-30T05:30:06-03:00\",\"dateModified\":\"2026-04-30T05:30:06-03:00\"},{\"@type\":\"WebSite\",\"@id\":\"https:\\\/\\\/www.encontrabelohorizonte.com.br\\\/sobre\\\/#website\",\"url\":\"https:\\\/\\\/www.encontrabelohorizonte.com.br\\\/sobre\\\/\",\"name\":\"Encontra Belo Horizonte\",\"description\":\"Not\\u00edcias, eventos, informa\\u00e7\\u00f5es e dicas da cidade de Belo Horizonte e regi\\u00e3o\",\"inLanguage\":\"pt-BR\",\"publisher\":{\"@id\":\"https:\\\/\\\/www.encontrabelohorizonte.com.br\\\/sobre\\\/#organization\"}}]}\n\t\t<\/script>\n\t\t<!-- All in One SEO -->\n\n","aioseo_head_json":{"title":"Confira o funcionamento da PBH no feriado de Tiradentes | Encontra Belo Horizonte","description":"Descubra o funcionamento da PBH no feriado de Tiradentes.","canonical_url":"https:\/\/www.encontrabelohorizonte.com.br\/sobre\/confira-o-funcionamento-da-pbh-no-feriado-de-tiradentes\/","robots":"max-image-preview:large","keywords":"","webmasterTools":{"miscellaneous":""},"schema":{"@context":"https:\/\/schema.org","@graph":[{"@type":"Article","@id":"https:\/\/www.encontrabelohorizonte.com.br\/sobre\/confira-o-funcionamento-da-pbh-no-feriado-de-tiradentes\/#article","name":"Confira o funcionamento da PBH no feriado de Tiradentes | Encontra Belo Horizonte","headline":"Confira o funcionamento da PBH no feriado de Tiradentes","author":{"@id":"https:\/\/www.encontrabelohorizonte.com.br\/sobre\/author\/ebelohorizonte\/#author"},"publisher":{"@id":"https:\/\/www.encontrabelohorizonte.com.br\/sobre\/#organization"},"image":{"@type":"ImageObject","url":"https:\/\/www.encontrabelohorizonte.com.br\/sobre\/wp-content\/uploads\/confira-o-funcionamento-da-pbh-no-feriado-de-tiradentes.webp","width":280,"height":280,"caption":"funcionamento da PBH"},"datePublished":"2026-04-30T05:30:06-03:00","dateModified":"2026-04-30T05:30:06-03:00","inLanguage":"pt-BR","mainEntityOfPage":{"@id":"https:\/\/www.encontrabelohorizonte.com.br\/sobre\/confira-o-funcionamento-da-pbh-no-feriado-de-tiradentes\/#webpage"},"isPartOf":{"@id":"https:\/\/www.encontrabelohorizonte.com.br\/sobre\/confira-o-funcionamento-da-pbh-no-feriado-de-tiradentes\/#webpage"},"articleSection":"Not\u00edcias Belo Horizonte"},{"@type":"BreadcrumbList","@id":"https:\/\/www.encontrabelohorizonte.com.br\/sobre\/confira-o-funcionamento-da-pbh-no-feriado-de-tiradentes\/#breadcrumblist","itemListElement":[{"@type":"ListItem","@id":"https:\/\/www.encontrabelohorizonte.com.br\/sobre#listItem","position":1,"name":"In\u00edcio","item":"https:\/\/www.encontrabelohorizonte.com.br\/sobre","nextItem":{"@type":"ListItem","@id":"https:\/\/www.encontrabelohorizonte.com.br\/sobre\/noticias\/#listItem","name":"Not\u00edcias Belo Horizonte"}},{"@type":"ListItem","@id":"https:\/\/www.encontrabelohorizonte.com.br\/sobre\/noticias\/#listItem","position":2,"name":"Not\u00edcias Belo Horizonte","item":"https:\/\/www.encontrabelohorizonte.com.br\/sobre\/noticias\/","nextItem":{"@type":"ListItem","@id":"https:\/\/www.encontrabelohorizonte.com.br\/sobre\/confira-o-funcionamento-da-pbh-no-feriado-de-tiradentes\/#listItem","name":"Confira o funcionamento da PBH no feriado de Tiradentes"},"previousItem":{"@type":"ListItem","@id":"https:\/\/www.encontrabelohorizonte.com.br\/sobre#listItem","name":"In\u00edcio"}},{"@type":"ListItem","@id":"https:\/\/www.encontrabelohorizonte.com.br\/sobre\/confira-o-funcionamento-da-pbh-no-feriado-de-tiradentes\/#listItem","position":3,"name":"Confira o funcionamento da PBH no feriado de Tiradentes","previousItem":{"@type":"ListItem","@id":"https:\/\/www.encontrabelohorizonte.com.br\/sobre\/noticias\/#listItem","name":"Not\u00edcias Belo Horizonte"}}]},{"@type":"Organization","@id":"https:\/\/www.encontrabelohorizonte.com.br\/sobre\/#organization","name":"Encontra Belo Horizonte","description":"Not\u00edcias, eventos, informa\u00e7\u00f5es e dicas da cidade de Belo Horizonte e regi\u00e3o","url":"https:\/\/www.encontrabelohorizonte.com.br\/sobre\/"},{"@type":"Person","@id":"https:\/\/www.encontrabelohorizonte.com.br\/sobre\/author\/ebelohorizonte\/#author","url":"https:\/\/www.encontrabelohorizonte.com.br\/sobre\/author\/ebelohorizonte\/","name":"Encontra Belo Horizonte","image":{"@type":"ImageObject","@id":"https:\/\/www.encontrabelohorizonte.com.br\/sobre\/confira-o-funcionamento-da-pbh-no-feriado-de-tiradentes\/#authorImage","url":"https:\/\/secure.gravatar.com\/avatar\/507340682b8270222e1f208e23198b6ae7e2c6a1033ae84e99bc6bce4f82a387?s=96&d=mm&r=g","width":96,"height":96,"caption":"Encontra Belo Horizonte"}},{"@type":"WebPage","@id":"https:\/\/www.encontrabelohorizonte.com.br\/sobre\/confira-o-funcionamento-da-pbh-no-feriado-de-tiradentes\/#webpage","url":"https:\/\/www.encontrabelohorizonte.com.br\/sobre\/confira-o-funcionamento-da-pbh-no-feriado-de-tiradentes\/","name":"Confira o funcionamento da PBH no feriado de Tiradentes | Encontra Belo Horizonte","description":"Descubra o funcionamento da PBH no feriado de Tiradentes.","inLanguage":"pt-BR","isPartOf":{"@id":"https:\/\/www.encontrabelohorizonte.com.br\/sobre\/#website"},"breadcrumb":{"@id":"https:\/\/www.encontrabelohorizonte.com.br\/sobre\/confira-o-funcionamento-da-pbh-no-feriado-de-tiradentes\/#breadcrumblist"},"author":{"@id":"https:\/\/www.encontrabelohorizonte.com.br\/sobre\/author\/ebelohorizonte\/#author"},"creator":{"@id":"https:\/\/www.encontrabelohorizonte.com.br\/sobre\/author\/ebelohorizonte\/#author"},"image":{"@type":"ImageObject","url":"https:\/\/www.encontrabelohorizonte.com.br\/sobre\/wp-content\/uploads\/confira-o-funcionamento-da-pbh-no-feriado-de-tiradentes.webp","@id":"https:\/\/www.encontrabelohorizonte.com.br\/sobre\/confira-o-funcionamento-da-pbh-no-feriado-de-tiradentes\/#mainImage","width":280,"height":280,"caption":"funcionamento da PBH"},"primaryImageOfPage":{"@id":"https:\/\/www.encontrabelohorizonte.com.br\/sobre\/confira-o-funcionamento-da-pbh-no-feriado-de-tiradentes\/#mainImage"},"datePublished":"2026-04-30T05:30:06-03:00","dateModified":"2026-04-30T05:30:06-03:00"},{"@type":"WebSite","@id":"https:\/\/www.encontrabelohorizonte.com.br\/sobre\/#website","url":"https:\/\/www.encontrabelohorizonte.com.br\/sobre\/","name":"Encontra Belo Horizonte","description":"Not\u00edcias, eventos, informa\u00e7\u00f5es e dicas da cidade de Belo Horizonte e regi\u00e3o","inLanguage":"pt-BR","publisher":{"@id":"https:\/\/www.encontrabelohorizonte.com.br\/sobre\/#organization"}}]},"og:locale":"pt_BR","og:site_name":"Encontra Belo Horizonte | Not\u00edcias, eventos, informa\u00e7\u00f5es e dicas da cidade de Belo Horizonte e regi\u00e3o","og:type":"article","og:title":"Confira o funcionamento da PBH no feriado de Tiradentes | Encontra Belo Horizonte","og:description":"Descubra o funcionamento da PBH no feriado de Tiradentes.","og:url":"https:\/\/www.encontrabelohorizonte.com.br\/sobre\/confira-o-funcionamento-da-pbh-no-feriado-de-tiradentes\/","article:published_time":"2026-04-30T08:30:06+00:00","article:modified_time":"2026-04-30T08:30:06+00:00","twitter:card":"summary","twitter:title":"Confira o funcionamento da PBH no feriado de Tiradentes | Encontra Belo Horizonte","twitter:description":"Descubra o funcionamento da PBH no feriado de Tiradentes."},"aioseo_meta_data":{"post_id":"3953","title":null,"description":null,"keywords":null,"keyphrases":null,"primary_term":null,"canonical_url":null,"og_title":null,"og_description":null,"og_object_type":"default","og_image_type":"default","og_image_url":null,"og_image_width":null,"og_image_height":null,"og_image_custom_url":null,"og_image_custom_fields":null,"og_video":null,"og_custom_url":null,"og_article_section":null,"og_article_tags":null,"twitter_use_og":false,"twitter_card":"default","twitter_image_type":"default","twitter_image_url":null,"twitter_image_custom_url":null,"twitter_image_custom_fields":null,"twitter_title":null,"twitter_description":null,"schema":{"blockGraphs":[],"customGraphs":[],"default":{"data":{"Article":[],"Course":[],"Dataset":[],"FAQPage":[],"Movie":[],"Person":[],"Product":[],"ProductReview":[],"Car":[],"Recipe":[],"Service":[],"SoftwareApplication":[],"WebPage":[]},"graphName":"WebPage","isEnabled":true},"graphs":[]},"schema_type":"default","schema_type_options":null,"pillar_content":false,"robots_default":true,"robots_noindex":false,"robots_noarchive":false,"robots_nosnippet":false,"robots_nofollow":false,"robots_noimageindex":false,"robots_noodp":false,"robots_notranslate":false,"robots_max_snippet":null,"robots_max_videopreview":null,"robots_max_imagepreview":"large","priority":null,"frequency":null,"local_seo":null,"breadcrumb_settings":null,"limit_modified_date":false,"ai":null,"created":"2026-04-30 08:30:11","updated":"2026-04-30 08:35:33","focus_keyword":null,"additional_keywords":null,"truseo_locale":null,"seo_analyzer_scan_date":null},"aioseo_breadcrumb":"<div class=\"aioseo-breadcrumbs\"><span class=\"aioseo-breadcrumb\">\n\t\t\t<a href=\"https:\/\/www.encontrabelohorizonte.com.br\/sobre\" title=\"In\u00edcio\">In\u00edcio<\/a>\n\t\t<\/span><span class=\"aioseo-breadcrumb-separator\">&raquo;<\/span><span class=\"aioseo-breadcrumb\">\n\t\t\t<a href=\"https:\/\/www.encontrabelohorizonte.com.br\/sobre\/noticias\/\" title=\"Not\u00edcias Belo Horizonte\">Not\u00edcias Belo Horizonte<\/a>\n\t\t<\/span><span class=\"aioseo-breadcrumb-separator\">&raquo;<\/span><span class=\"aioseo-breadcrumb\">\n\t\t\tConfira o funcionamento da PBH no feriado de Tiradentes\n\t\t<\/span><\/div>","aioseo_breadcrumb_json":[{"label":"In\u00edcio","link":"https:\/\/www.encontrabelohorizonte.com.br\/sobre"},{"label":"Not\u00edcias Belo Horizonte","link":"https:\/\/www.encontrabelohorizonte.com.br\/sobre\/noticias\/"},{"label":"Confira o funcionamento da PBH no feriado de Tiradentes","link":"https:\/\/www.encontrabelohorizonte.com.br\/sobre\/confira-o-funcionamento-da-pbh-no-feriado-de-tiradentes\/"}],"_links":{"self":[{"href":"https:\/\/www.encontrabelohorizonte.com.br\/sobre\/wp-json\/wp\/v2\/posts\/3953","targetHints":{"allow":["GET"]}}],"collection":[{"href":"https:\/\/www.encontrabelohorizonte.com.br\/sobre\/wp-json\/wp\/v2\/posts"}],"about":[{"href":"https:\/\/www.encontrabelohorizonte.com.br\/sobre\/wp-json\/wp\/v2\/types\/post"}],"author":[{"embeddable":true,"href":"https:\/\/www.encontrabelohorizonte.com.br\/sobre\/wp-json\/wp\/v2\/users\/1"}],"replies":[{"embeddable":true,"href":"https:\/\/www.encontrabelohorizonte.com.br\/sobre\/wp-json\/wp\/v2\/comments?post=3953"}],"version-history":[{"count":0,"href":"https:\/\/www.encontrabelohorizonte.com.br\/sobre\/wp-json\/wp\/v2\/posts\/3953\/revisions"}],"wp:featuredmedia":[{"embeddable":true,"href":"https:\/\/www.encontrabelohorizonte.com.br\/sobre\/wp-json\/wp\/v2\/media\/3952"}],"wp:attachment":[{"href":"https:\/\/www.encontrabelohorizonte.com.br\/sobre\/wp-json\/wp\/v2\/media?parent=3953"}],"wp:term":[{"taxonomy":"category","embeddable":true,"href":"https:\/\/www.encontrabelohorizonte.com.br\/sobre\/wp-json\/wp\/v2\/categories?post=3953"},{"taxonomy":"post_tag","embeddable":true,"href":"https:\/\/www.encontrabelohorizonte.com.br\/sobre\/wp-json\/wp\/v2\/tags?post=3953"}],"curies":[{"name":"wp","href":"https:\/\/api.w.org\/{rel}","templated":true}]}}