{"id":3957,"date":"2026-05-02T05:15:27","date_gmt":"2026-05-02T08:15:27","guid":{"rendered":"https:\/\/www.encontrabelohorizonte.com.br\/sobre\/processo-seletivo-fhemig-mg-2-vagas-abertas-em-belo-horizonte-e-sabara\/"},"modified":"2026-05-02T05:15:27","modified_gmt":"2026-05-02T08:15:27","slug":"processo-seletivo-fhemig-mg-2-vagas-abertas-em-belo-horizonte-e-sabara","status":"publish","type":"post","link":"https:\/\/www.encontrabelohorizonte.com.br\/sobre\/processo-seletivo-fhemig-mg-2-vagas-abertas-em-belo-horizonte-e-sabara\/","title":{"rendered":"Processo seletivo FHEMIG MG: 2 vagas abertas em Belo Horizonte e Sabar\u00e1"},"content":{"rendered":"<div class=\"2e083cf0b19e2c11948dc6ac054ba979\" data-index=\"1\" style=\"float: none; margin:0px;\">\n<!-- Anuncio display - global -->\r\n<ins class=\"adsbygoogle\"\r\n     style=\"display:block\"\r\n     data-ad-client=\"ca-pub-8585364105181520\"\r\n     data-ad-slot=\"8789329856\"\r\n     data-ad-format=\"auto\"\r\n     data-full-width-responsive=\"true\"><\/ins>\r\n<script>\r\n     (adsbygoogle = window.adsbygoogle || []).push({});\r\n<\/script>\n<\/div>\n<h2>O que \u00e9 o processo seletivo FHEMIG?<\/h2>\n<p>A Funda\u00e7\u00e3o Hospitalar do Estado de Minas Gerais (FHEMIG) realiza processos seletivos simplificados para a contrata\u00e7\u00e3o tempor\u00e1ria de profissionais nas \u00e1reas da sa\u00fade, abrindo oportunidades para diversas fun\u00e7\u00f5es. Esse processo \u00e9 realizado para atender as demandas espec\u00edficas em suas unidades hospitalares e institucionais, garantindo a oferta de servi\u00e7os de qualidade \u00e0 popula\u00e7\u00e3o. O atual processo seletivo contempla a sele\u00e7\u00e3o de candidatos para duas unidades distintas, cada uma com suas particularidades e vagas espec\u00edficas.<\/p>\n<h2>Vagas dispon\u00edveis e requisitos<\/h2>\n<p>Atualmente, o processo seletivo da FHEMIG est\u00e1 oferecendo 2 vagas imediatas, al\u00e9m de criar um cadastro de reserva, que pode ser utilizado posteriormente conforme a necessidade das institui\u00e7\u00f5es. As oportunidades est\u00e3o divididas da seguinte forma:<\/p>\n<ul>\n<li><strong>Instituto Raul Soares (Belo Horizonte):<\/strong> 1 vaga para o cargo de t\u00e9cnico em enfermagem.<\/li>\n<li><strong>Hospital Cristiano Machado (Sabar\u00e1):<\/strong> 1 vaga para m\u00e9dico especialista, abrangendo diversas especialidades como cl\u00ednica m\u00e9dica, dermatologia, entre outras.<\/li>\n<\/ul>\n<p>Os candidatos devem observar os requisitos espec\u00edficos de forma\u00e7\u00e3o e registro profissional exigidos para cada cargo:<\/p>\n<p><img decoding=\"async\" src=\"https:\/\/www.encontrabelohorizonte.com.br\/sobre\/wp-content\/uploads\/processo-seletivo-fhemig-mg-2-vagas-abertas-em-belo-horizonte-e-sabara.webp\" alt=\"processo seletivo FHEMIG MG\" loading=\"lazy\" \/><\/p>\n<ul>\n<li><strong>T\u00e9cnico em enfermagem:<\/strong> \u00c9 necess\u00e1ria a conclus\u00e3o de um curso t\u00e9cnico de enfermagem reconhecido pelo MEC e registro ativo no conselho de classe.<\/li>\n<li><strong>M\u00e9dico especialista:<\/strong> O candidato deve ter gradua\u00e7\u00e3o em Medicina, registro no Conselho Regional de Medicina (CRMMG) e especializa\u00e7\u00e3o na \u00e1rea de atua\u00e7\u00e3o, com devida documenta\u00e7\u00e3o que comprove a forma\u00e7\u00e3o.<\/li>\n<\/ul>\n<h2>Como funciona o processo de sele\u00e7\u00e3o?<\/h2>\n<p>O processo de sele\u00e7\u00e3o da FHEMIG ocorre em duas etapas principais, que s\u00e3o:<\/p>\n<ul>\n<li><strong>An\u00e1lise curricular:<\/strong> Avaliando a experi\u00eancia profissional e a forma\u00e7\u00e3o complementar dos candidatos relacionada \u00e0 fun\u00e7\u00e3o. O candidato pode ser classificado a partir de curr\u00edculos que demonstrem passagem por atividades nos \u00faltimos cinco anos, incluindo cursos relevantes.<\/li>\n<li><strong>Entrevista:<\/strong> Esta etapa vai al\u00e9m da capacidade t\u00e9cnica, abrangendo tamb\u00e9m avalia\u00e7\u00f5es de compet\u00eancias comportamentais e habilidades interpessoais. O candidato deve obter um desempenho m\u00ednimo de 60% para ser considerado apto.<\/li>\n<\/ul>\n<h2>Etapas do processo seletivo<\/h2>\n<p>O cronograma do processo \u00e9 organizado de forma a garantir que todos os candidatos tenham a oportunidade de se inscrever e ser avaliados de forma justa. As etapas e seus marcos s\u00e3o:<\/p>\n<ul>\n<li><strong>Per\u00edodo de inscri\u00e7\u00f5es:<\/strong> As inscri\u00e7\u00f5es ocorrem de 28 de abril a 5 de maio de 2026.<\/li>\n<li><strong>Divulga\u00e7\u00e3o da lista de aptos:<\/strong> Publica\u00e7\u00e3o da lista de candidatos que se mostraram aptos a seguir para a pr\u00f3xima fase, com datas espec\u00edficas para cada unidade.<\/li>\n<li><strong>Entrega de documentos:<\/strong> Os candidatos dever\u00e3o apresentar a documenta\u00e7\u00e3o necess\u00e1ria na data estipulada.<\/li>\n<li><strong>Entrevistas:<\/strong> Realiza\u00e7\u00e3o das entrevistas em data designada para cada unidade.<\/li>\n<li><strong>Resultado final:<\/strong> Os resultados finais s\u00e3o divulgados em datas espec\u00edficas, informando os candidatos selecionados.<\/li>\n<\/ul>\n<h2>Datas importantes para inscri\u00e7\u00e3o<\/h2>\n<p>Os interessados devem estar atentos \u00e0s seguintes datas cruciais para a inscri\u00e7\u00e3o e avan\u00e7o no processo seletivo:<\/p>\n<ul>\n<li><strong>In\u00edcio das Inscri\u00e7\u00f5es:<\/strong> 28 de abril de 2026.<\/li>\n<li><strong>T\u00e9rmino das Inscri\u00e7\u00f5es:<\/strong> 5 de maio de 2026.<\/li>\n<li><strong>Divulga\u00e7\u00e3o dos aptos:<\/strong> At\u00e9 7 de maio de 2026, para o Instituto Raul Soares, e 6 de maio de 2026, para o Hospital Cristiano Machado.<\/li>\n<li><strong>Entrevistas:<\/strong> Entre 15 e 27 de maio de 2026, conforme o munic\u00edpio.<\/li>\n<li><strong>Resultado Final:<\/strong> Publica\u00e7\u00e3o at\u00e9 8 de junho de 2026, para o Instituto Raul Soares, e 26 de maio de 2026, para o Hospital Cristiano Machado.<\/li>\n<\/ul>\n<h2>Benef\u00edcios da vaga na FHEMIG<\/h2>\n<p>A vaga na FHEMIG traz uma s\u00e9rie de benef\u00edcios, incluindo:<\/p>\n<ul>\n<li><strong>Remunera\u00e7\u00e3o:<\/strong> O sal\u00e1rio b\u00e1sico est\u00e1 sujeito \u00e0s normas estaduais, com possibilidade de acr\u00e9scimos por meio de Ajuda de Custo e Gratifica\u00e7\u00e3o de Incentivo \u00e0 Eficientiza\u00e7\u00e3o dos Servi\u00e7os, em conformidade com a legisla\u00e7\u00e3o estadual.<\/li>\n<li><strong>Experi\u00eancia Valiosa:<\/strong> Trabalhar em uma institui\u00e7\u00e3o reconhecida proporciona grande aprendizado e desenvolvimento profissional.<\/li>\n<li><strong>Contribui\u00e7\u00e3o Social:<\/strong> Os profissionais da sa\u00fade t\u00eam um papel essencial no cuidado da popula\u00e7\u00e3o, impactando positivamente a sociedade.<\/li>\n<\/ul>\n<h2>Documenta\u00e7\u00e3o necess\u00e1ria para candidatura<\/h2>\n<p>Os candidatos devem se preparar com a documenta\u00e7\u00e3o necess\u00e1ria para formalizar suas inscri\u00e7\u00f5es e, posteriormente, completar as etapas do processo seletivo. Os documentos incluem:<\/p>\n<ul>\n<li>Diploma de forma\u00e7\u00e3o e registros nos conselhos de classe;<\/li>\n<li>Documentos pessoais como RG e CPF;<\/li>\n<li>Comprovante de vota\u00e7\u00e3o na \u00faltima elei\u00e7\u00e3o;<\/li>\n<li>Documentos militares, quando aplic\u00e1vel;<\/li>\n<li>Exames laboratoriais recentes.<\/li>\n<li>Declara\u00e7\u00e3o de resid\u00eancia e documentos pertinentes conforme os editais.<\/li>\n<\/ul>\n<h2>Dicas para se destacar na entrevista<\/h2>\n<p>Para se destacar no processo de entrevista, os candidatos podem seguir algumas dicas:<\/p>\n<ul>\n<li><strong>Revise o curr\u00edculo:<\/strong> Esteja pronto para discutir suas experi\u00eancias e habilidades em detalhes.<\/li>\n<li><strong>Estude a institui\u00e7\u00e3o:<\/strong> Conhe\u00e7a a FHEMIG, suas unidades e projetos, para demonstrar interesse.<\/li>\n<li><strong>Pratique suas respostas:<\/strong> Prepare-se para perguntas comuns e de cen\u00e1rio que poder\u00e3o ser feitas.<\/li>\n<li><strong>Comunique-se com clareza:<\/strong> Mostre confian\u00e7a ao demonstrar suas habilidades de comunica\u00e7\u00e3o.<\/li>\n<li><strong>Destaque trabalho em equipe:<\/strong> Enfatize experi\u00eancias anteriores que comprovem sua habilidade de trabalhar em grupo.<\/li>\n<\/ul>\n<h2>Informa\u00e7\u00f5es sobre a unidade de Belo Horizonte<\/h2>\n<p>O Instituto Raul Soares em Belo Horizonte \u00e9 uma unidade tradicional focada na Sa\u00fade Mental, integrando cuidado e apoio multiprofissional, e em conformidade com as pol\u00edticas de aten\u00e7\u00e3o psicossocial. A unidade busca promover a desinstitucionaliza\u00e7\u00e3o e reintegra\u00e7\u00e3o social, oferecendo servi\u00e7os qualific\u00e1veis \u00e0 popula\u00e7\u00e3o.<br \/>O Hospital Cristiano Machado, situado em Sabar\u00e1, atua como refer\u00eancia em diversas especialidades m\u00e9dicas e interna\u00e7\u00f5es, servindo \u00e0 rede regional de sa\u00fade na grande Belo Horizonte, demonstrando grande compromisso com a sa\u00fade p\u00fablica.<\/p>\n<h2>Por que trabalhar na FHEMIG?<\/h2>\n<p>Trabalhar na FHEMIG \u00e9 uma oportunidade de contribuir diretamente para a sa\u00fade da comunidade. Al\u00e9m disso, a institui\u00e7\u00e3o \u00e9 reconhecida pela excel\u00eancia em suas pr\u00e1ticas de sa\u00fade, oferecendo um ambiente que propicia crescimento profissional e um trabalho significativo. A combina\u00e7\u00e3o de desafios di\u00e1rios, a possibilidade de impactar vidas e o respaldo de uma institui\u00e7\u00e3o s\u00f3lida tornam a FHEMIG uma excelente escolha para profissionais da sa\u00fade.<\/p>\n\n<div style=\"font-size: 0px; height: 0px; line-height: 0px; margin: 0; padding: 0; clear: both;\"><\/div>","protected":false},"excerpt":{"rendered":"<p>Descubra tudo sobre o processo seletivo FHEMIG para vagas em Belo Horizonte e Sabar\u00e1.<\/p>\n","protected":false},"author":1,"featured_media":3956,"comment_status":"closed","ping_status":"closed","sticky":false,"template":"","format":"standard","meta":{"footnotes":""},"categories":[6],"tags":[],"class_list":["post-3957","post","type-post","status-publish","format-standard","has-post-thumbnail","hentry","category-noticias","has_thumb"],"aioseo_notices":[],"aioseo_head":"\n\t\t<!-- All in One SEO 5.0.0.1 - aioseo.com -->\n\t<meta name=\"description\" content=\"Descubra tudo sobre o processo seletivo FHEMIG para vagas em Belo Horizonte e Sabar\u00e1.\" \/>\n\t<meta name=\"robots\" content=\"max-image-preview:large\" \/>\n\t<meta name=\"author\" content=\"Encontra Belo Horizonte\"\/>\n\t<link rel=\"canonical\" href=\"https:\/\/www.encontrabelohorizonte.com.br\/sobre\/processo-seletivo-fhemig-mg-2-vagas-abertas-em-belo-horizonte-e-sabara\/\" \/>\n\t<meta name=\"generator\" content=\"All in One SEO (AIOSEO) 5.0.0.1\" \/>\n\t\t<meta property=\"og:locale\" content=\"pt_BR\" \/>\n\t\t<meta property=\"og:site_name\" content=\"Encontra Belo Horizonte | Not\u00edcias, eventos, informa\u00e7\u00f5es e dicas da cidade de Belo Horizonte e regi\u00e3o\" \/>\n\t\t<meta property=\"og:type\" content=\"article\" \/>\n\t\t<meta property=\"og:title\" content=\"Processo seletivo FHEMIG MG: 2 vagas abertas em Belo Horizonte e Sabar\u00e1 | Encontra Belo Horizonte\" \/>\n\t\t<meta property=\"og:description\" content=\"Descubra tudo sobre o processo seletivo FHEMIG para vagas em Belo Horizonte e Sabar\u00e1.\" \/>\n\t\t<meta property=\"og:url\" content=\"https:\/\/www.encontrabelohorizonte.com.br\/sobre\/processo-seletivo-fhemig-mg-2-vagas-abertas-em-belo-horizonte-e-sabara\/\" \/>\n\t\t<meta property=\"article:published_time\" content=\"2026-05-02T08:15:27+00:00\" \/>\n\t\t<meta property=\"article:modified_time\" content=\"2026-05-02T08:15:27+00:00\" \/>\n\t\t<meta name=\"twitter:card\" content=\"summary\" \/>\n\t\t<meta name=\"twitter:title\" content=\"Processo seletivo FHEMIG MG: 2 vagas abertas em Belo Horizonte e Sabar\u00e1 | Encontra Belo Horizonte\" \/>\n\t\t<meta name=\"twitter:description\" content=\"Descubra tudo sobre o processo seletivo FHEMIG para vagas em Belo Horizonte e Sabar\u00e1.\" \/>\n\t\t<script type=\"application\/ld+json\" class=\"aioseo-schema\">\n\t\t\t{\"@context\":\"https:\\\/\\\/schema.org\",\"@graph\":[{\"@type\":\"Article\",\"@id\":\"https:\\\/\\\/www.encontrabelohorizonte.com.br\\\/sobre\\\/processo-seletivo-fhemig-mg-2-vagas-abertas-em-belo-horizonte-e-sabara\\\/#article\",\"name\":\"Processo seletivo FHEMIG MG: 2 vagas abertas em Belo Horizonte e Sabar\\u00e1 | Encontra Belo Horizonte\",\"headline\":\"Processo seletivo FHEMIG MG: 2 vagas abertas em Belo Horizonte e Sabar\\u00e1\",\"author\":{\"@id\":\"https:\\\/\\\/www.encontrabelohorizonte.com.br\\\/sobre\\\/author\\\/ebelohorizonte\\\/#author\"},\"publisher\":{\"@id\":\"https:\\\/\\\/www.encontrabelohorizonte.com.br\\\/sobre\\\/#organization\"},\"image\":{\"@type\":\"ImageObject\",\"url\":\"https:\\\/\\\/www.encontrabelohorizonte.com.br\\\/sobre\\\/wp-content\\\/uploads\\\/processo-seletivo-fhemig-mg-2-vagas-abertas-em-belo-horizonte-e-sabara.webp\",\"width\":280,\"height\":280,\"caption\":\"processo seletivo FHEMIG MG\"},\"datePublished\":\"2026-05-02T05:15:27-03:00\",\"dateModified\":\"2026-05-02T05:15:27-03:00\",\"inLanguage\":\"pt-BR\",\"mainEntityOfPage\":{\"@id\":\"https:\\\/\\\/www.encontrabelohorizonte.com.br\\\/sobre\\\/processo-seletivo-fhemig-mg-2-vagas-abertas-em-belo-horizonte-e-sabara\\\/#webpage\"},\"isPartOf\":{\"@id\":\"https:\\\/\\\/www.encontrabelohorizonte.com.br\\\/sobre\\\/processo-seletivo-fhemig-mg-2-vagas-abertas-em-belo-horizonte-e-sabara\\\/#webpage\"},\"articleSection\":\"Not\\u00edcias Belo Horizonte\"},{\"@type\":\"BreadcrumbList\",\"@id\":\"https:\\\/\\\/www.encontrabelohorizonte.com.br\\\/sobre\\\/processo-seletivo-fhemig-mg-2-vagas-abertas-em-belo-horizonte-e-sabara\\\/#breadcrumblist\",\"itemListElement\":[{\"@type\":\"ListItem\",\"@id\":\"https:\\\/\\\/www.encontrabelohorizonte.com.br\\\/sobre#listItem\",\"position\":1,\"name\":\"In\\u00edcio\",\"item\":\"https:\\\/\\\/www.encontrabelohorizonte.com.br\\\/sobre\",\"nextItem\":{\"@type\":\"ListItem\",\"@id\":\"https:\\\/\\\/www.encontrabelohorizonte.com.br\\\/sobre\\\/noticias\\\/#listItem\",\"name\":\"Not\\u00edcias Belo Horizonte\"}},{\"@type\":\"ListItem\",\"@id\":\"https:\\\/\\\/www.encontrabelohorizonte.com.br\\\/sobre\\\/noticias\\\/#listItem\",\"position\":2,\"name\":\"Not\\u00edcias Belo Horizonte\",\"item\":\"https:\\\/\\\/www.encontrabelohorizonte.com.br\\\/sobre\\\/noticias\\\/\",\"nextItem\":{\"@type\":\"ListItem\",\"@id\":\"https:\\\/\\\/www.encontrabelohorizonte.com.br\\\/sobre\\\/processo-seletivo-fhemig-mg-2-vagas-abertas-em-belo-horizonte-e-sabara\\\/#listItem\",\"name\":\"Processo seletivo FHEMIG MG: 2 vagas abertas em Belo Horizonte e Sabar\\u00e1\"},\"previousItem\":{\"@type\":\"ListItem\",\"@id\":\"https:\\\/\\\/www.encontrabelohorizonte.com.br\\\/sobre#listItem\",\"name\":\"In\\u00edcio\"}},{\"@type\":\"ListItem\",\"@id\":\"https:\\\/\\\/www.encontrabelohorizonte.com.br\\\/sobre\\\/processo-seletivo-fhemig-mg-2-vagas-abertas-em-belo-horizonte-e-sabara\\\/#listItem\",\"position\":3,\"name\":\"Processo seletivo FHEMIG MG: 2 vagas abertas em Belo Horizonte e Sabar\\u00e1\",\"previousItem\":{\"@type\":\"ListItem\",\"@id\":\"https:\\\/\\\/www.encontrabelohorizonte.com.br\\\/sobre\\\/noticias\\\/#listItem\",\"name\":\"Not\\u00edcias Belo Horizonte\"}}]},{\"@type\":\"Organization\",\"@id\":\"https:\\\/\\\/www.encontrabelohorizonte.com.br\\\/sobre\\\/#organization\",\"name\":\"Encontra Belo Horizonte\",\"description\":\"Not\\u00edcias, eventos, informa\\u00e7\\u00f5es e dicas da cidade de Belo Horizonte e regi\\u00e3o\",\"url\":\"https:\\\/\\\/www.encontrabelohorizonte.com.br\\\/sobre\\\/\"},{\"@type\":\"Person\",\"@id\":\"https:\\\/\\\/www.encontrabelohorizonte.com.br\\\/sobre\\\/author\\\/ebelohorizonte\\\/#author\",\"url\":\"https:\\\/\\\/www.encontrabelohorizonte.com.br\\\/sobre\\\/author\\\/ebelohorizonte\\\/\",\"name\":\"Encontra Belo Horizonte\",\"image\":{\"@type\":\"ImageObject\",\"@id\":\"https:\\\/\\\/www.encontrabelohorizonte.com.br\\\/sobre\\\/processo-seletivo-fhemig-mg-2-vagas-abertas-em-belo-horizonte-e-sabara\\\/#authorImage\",\"url\":\"https:\\\/\\\/secure.gravatar.com\\\/avatar\\\/507340682b8270222e1f208e23198b6ae7e2c6a1033ae84e99bc6bce4f82a387?s=96&d=mm&r=g\",\"width\":96,\"height\":96,\"caption\":\"Encontra Belo Horizonte\"}},{\"@type\":\"WebPage\",\"@id\":\"https:\\\/\\\/www.encontrabelohorizonte.com.br\\\/sobre\\\/processo-seletivo-fhemig-mg-2-vagas-abertas-em-belo-horizonte-e-sabara\\\/#webpage\",\"url\":\"https:\\\/\\\/www.encontrabelohorizonte.com.br\\\/sobre\\\/processo-seletivo-fhemig-mg-2-vagas-abertas-em-belo-horizonte-e-sabara\\\/\",\"name\":\"Processo seletivo FHEMIG MG: 2 vagas abertas em Belo Horizonte e Sabar\\u00e1 | Encontra Belo Horizonte\",\"description\":\"Descubra tudo sobre o processo seletivo FHEMIG para vagas em Belo Horizonte e Sabar\\u00e1.\",\"inLanguage\":\"pt-BR\",\"isPartOf\":{\"@id\":\"https:\\\/\\\/www.encontrabelohorizonte.com.br\\\/sobre\\\/#website\"},\"breadcrumb\":{\"@id\":\"https:\\\/\\\/www.encontrabelohorizonte.com.br\\\/sobre\\\/processo-seletivo-fhemig-mg-2-vagas-abertas-em-belo-horizonte-e-sabara\\\/#breadcrumblist\"},\"author\":{\"@id\":\"https:\\\/\\\/www.encontrabelohorizonte.com.br\\\/sobre\\\/author\\\/ebelohorizonte\\\/#author\"},\"creator\":{\"@id\":\"https:\\\/\\\/www.encontrabelohorizonte.com.br\\\/sobre\\\/author\\\/ebelohorizonte\\\/#author\"},\"image\":{\"@type\":\"ImageObject\",\"url\":\"https:\\\/\\\/www.encontrabelohorizonte.com.br\\\/sobre\\\/wp-content\\\/uploads\\\/processo-seletivo-fhemig-mg-2-vagas-abertas-em-belo-horizonte-e-sabara.webp\",\"@id\":\"https:\\\/\\\/www.encontrabelohorizonte.com.br\\\/sobre\\\/processo-seletivo-fhemig-mg-2-vagas-abertas-em-belo-horizonte-e-sabara\\\/#mainImage\",\"width\":280,\"height\":280,\"caption\":\"processo seletivo FHEMIG MG\"},\"primaryImageOfPage\":{\"@id\":\"https:\\\/\\\/www.encontrabelohorizonte.com.br\\\/sobre\\\/processo-seletivo-fhemig-mg-2-vagas-abertas-em-belo-horizonte-e-sabara\\\/#mainImage\"},\"datePublished\":\"2026-05-02T05:15:27-03:00\",\"dateModified\":\"2026-05-02T05:15:27-03:00\"},{\"@type\":\"WebSite\",\"@id\":\"https:\\\/\\\/www.encontrabelohorizonte.com.br\\\/sobre\\\/#website\",\"url\":\"https:\\\/\\\/www.encontrabelohorizonte.com.br\\\/sobre\\\/\",\"name\":\"Encontra Belo Horizonte\",\"description\":\"Not\\u00edcias, eventos, informa\\u00e7\\u00f5es e dicas da cidade de Belo Horizonte e regi\\u00e3o\",\"inLanguage\":\"pt-BR\",\"publisher\":{\"@id\":\"https:\\\/\\\/www.encontrabelohorizonte.com.br\\\/sobre\\\/#organization\"}}]}\n\t\t<\/script>\n\t\t<!-- All in One SEO -->\n\n","aioseo_head_json":{"title":"Processo seletivo FHEMIG MG: 2 vagas abertas em Belo Horizonte e Sabar\u00e1 | Encontra Belo Horizonte","description":"Descubra tudo sobre o processo seletivo FHEMIG para vagas em Belo Horizonte e Sabar\u00e1.","canonical_url":"https:\/\/www.encontrabelohorizonte.com.br\/sobre\/processo-seletivo-fhemig-mg-2-vagas-abertas-em-belo-horizonte-e-sabara\/","robots":"max-image-preview:large","keywords":"","webmasterTools":{"miscellaneous":""},"schema":{"@context":"https:\/\/schema.org","@graph":[{"@type":"Article","@id":"https:\/\/www.encontrabelohorizonte.com.br\/sobre\/processo-seletivo-fhemig-mg-2-vagas-abertas-em-belo-horizonte-e-sabara\/#article","name":"Processo seletivo FHEMIG MG: 2 vagas abertas em Belo Horizonte e Sabar\u00e1 | Encontra Belo Horizonte","headline":"Processo seletivo FHEMIG MG: 2 vagas abertas em Belo Horizonte e Sabar\u00e1","author":{"@id":"https:\/\/www.encontrabelohorizonte.com.br\/sobre\/author\/ebelohorizonte\/#author"},"publisher":{"@id":"https:\/\/www.encontrabelohorizonte.com.br\/sobre\/#organization"},"image":{"@type":"ImageObject","url":"https:\/\/www.encontrabelohorizonte.com.br\/sobre\/wp-content\/uploads\/processo-seletivo-fhemig-mg-2-vagas-abertas-em-belo-horizonte-e-sabara.webp","width":280,"height":280,"caption":"processo seletivo FHEMIG MG"},"datePublished":"2026-05-02T05:15:27-03:00","dateModified":"2026-05-02T05:15:27-03:00","inLanguage":"pt-BR","mainEntityOfPage":{"@id":"https:\/\/www.encontrabelohorizonte.com.br\/sobre\/processo-seletivo-fhemig-mg-2-vagas-abertas-em-belo-horizonte-e-sabara\/#webpage"},"isPartOf":{"@id":"https:\/\/www.encontrabelohorizonte.com.br\/sobre\/processo-seletivo-fhemig-mg-2-vagas-abertas-em-belo-horizonte-e-sabara\/#webpage"},"articleSection":"Not\u00edcias Belo Horizonte"},{"@type":"BreadcrumbList","@id":"https:\/\/www.encontrabelohorizonte.com.br\/sobre\/processo-seletivo-fhemig-mg-2-vagas-abertas-em-belo-horizonte-e-sabara\/#breadcrumblist","itemListElement":[{"@type":"ListItem","@id":"https:\/\/www.encontrabelohorizonte.com.br\/sobre#listItem","position":1,"name":"In\u00edcio","item":"https:\/\/www.encontrabelohorizonte.com.br\/sobre","nextItem":{"@type":"ListItem","@id":"https:\/\/www.encontrabelohorizonte.com.br\/sobre\/noticias\/#listItem","name":"Not\u00edcias Belo Horizonte"}},{"@type":"ListItem","@id":"https:\/\/www.encontrabelohorizonte.com.br\/sobre\/noticias\/#listItem","position":2,"name":"Not\u00edcias Belo Horizonte","item":"https:\/\/www.encontrabelohorizonte.com.br\/sobre\/noticias\/","nextItem":{"@type":"ListItem","@id":"https:\/\/www.encontrabelohorizonte.com.br\/sobre\/processo-seletivo-fhemig-mg-2-vagas-abertas-em-belo-horizonte-e-sabara\/#listItem","name":"Processo seletivo FHEMIG MG: 2 vagas abertas em Belo Horizonte e Sabar\u00e1"},"previousItem":{"@type":"ListItem","@id":"https:\/\/www.encontrabelohorizonte.com.br\/sobre#listItem","name":"In\u00edcio"}},{"@type":"ListItem","@id":"https:\/\/www.encontrabelohorizonte.com.br\/sobre\/processo-seletivo-fhemig-mg-2-vagas-abertas-em-belo-horizonte-e-sabara\/#listItem","position":3,"name":"Processo seletivo FHEMIG MG: 2 vagas abertas em Belo Horizonte e Sabar\u00e1","previousItem":{"@type":"ListItem","@id":"https:\/\/www.encontrabelohorizonte.com.br\/sobre\/noticias\/#listItem","name":"Not\u00edcias Belo Horizonte"}}]},{"@type":"Organization","@id":"https:\/\/www.encontrabelohorizonte.com.br\/sobre\/#organization","name":"Encontra Belo Horizonte","description":"Not\u00edcias, eventos, informa\u00e7\u00f5es e dicas da cidade de Belo Horizonte e regi\u00e3o","url":"https:\/\/www.encontrabelohorizonte.com.br\/sobre\/"},{"@type":"Person","@id":"https:\/\/www.encontrabelohorizonte.com.br\/sobre\/author\/ebelohorizonte\/#author","url":"https:\/\/www.encontrabelohorizonte.com.br\/sobre\/author\/ebelohorizonte\/","name":"Encontra Belo Horizonte","image":{"@type":"ImageObject","@id":"https:\/\/www.encontrabelohorizonte.com.br\/sobre\/processo-seletivo-fhemig-mg-2-vagas-abertas-em-belo-horizonte-e-sabara\/#authorImage","url":"https:\/\/secure.gravatar.com\/avatar\/507340682b8270222e1f208e23198b6ae7e2c6a1033ae84e99bc6bce4f82a387?s=96&d=mm&r=g","width":96,"height":96,"caption":"Encontra Belo Horizonte"}},{"@type":"WebPage","@id":"https:\/\/www.encontrabelohorizonte.com.br\/sobre\/processo-seletivo-fhemig-mg-2-vagas-abertas-em-belo-horizonte-e-sabara\/#webpage","url":"https:\/\/www.encontrabelohorizonte.com.br\/sobre\/processo-seletivo-fhemig-mg-2-vagas-abertas-em-belo-horizonte-e-sabara\/","name":"Processo seletivo FHEMIG MG: 2 vagas abertas em Belo Horizonte e Sabar\u00e1 | Encontra Belo Horizonte","description":"Descubra tudo sobre o processo seletivo FHEMIG para vagas em Belo Horizonte e Sabar\u00e1.","inLanguage":"pt-BR","isPartOf":{"@id":"https:\/\/www.encontrabelohorizonte.com.br\/sobre\/#website"},"breadcrumb":{"@id":"https:\/\/www.encontrabelohorizonte.com.br\/sobre\/processo-seletivo-fhemig-mg-2-vagas-abertas-em-belo-horizonte-e-sabara\/#breadcrumblist"},"author":{"@id":"https:\/\/www.encontrabelohorizonte.com.br\/sobre\/author\/ebelohorizonte\/#author"},"creator":{"@id":"https:\/\/www.encontrabelohorizonte.com.br\/sobre\/author\/ebelohorizonte\/#author"},"image":{"@type":"ImageObject","url":"https:\/\/www.encontrabelohorizonte.com.br\/sobre\/wp-content\/uploads\/processo-seletivo-fhemig-mg-2-vagas-abertas-em-belo-horizonte-e-sabara.webp","@id":"https:\/\/www.encontrabelohorizonte.com.br\/sobre\/processo-seletivo-fhemig-mg-2-vagas-abertas-em-belo-horizonte-e-sabara\/#mainImage","width":280,"height":280,"caption":"processo seletivo FHEMIG MG"},"primaryImageOfPage":{"@id":"https:\/\/www.encontrabelohorizonte.com.br\/sobre\/processo-seletivo-fhemig-mg-2-vagas-abertas-em-belo-horizonte-e-sabara\/#mainImage"},"datePublished":"2026-05-02T05:15:27-03:00","dateModified":"2026-05-02T05:15:27-03:00"},{"@type":"WebSite","@id":"https:\/\/www.encontrabelohorizonte.com.br\/sobre\/#website","url":"https:\/\/www.encontrabelohorizonte.com.br\/sobre\/","name":"Encontra Belo Horizonte","description":"Not\u00edcias, eventos, informa\u00e7\u00f5es e dicas da cidade de Belo Horizonte e regi\u00e3o","inLanguage":"pt-BR","publisher":{"@id":"https:\/\/www.encontrabelohorizonte.com.br\/sobre\/#organization"}}]},"og:locale":"pt_BR","og:site_name":"Encontra Belo Horizonte | Not\u00edcias, eventos, informa\u00e7\u00f5es e dicas da cidade de Belo Horizonte e regi\u00e3o","og:type":"article","og:title":"Processo seletivo FHEMIG MG: 2 vagas abertas em Belo Horizonte e Sabar\u00e1 | Encontra Belo Horizonte","og:description":"Descubra tudo sobre o processo seletivo FHEMIG para vagas em Belo Horizonte e Sabar\u00e1.","og:url":"https:\/\/www.encontrabelohorizonte.com.br\/sobre\/processo-seletivo-fhemig-mg-2-vagas-abertas-em-belo-horizonte-e-sabara\/","article:published_time":"2026-05-02T08:15:27+00:00","article:modified_time":"2026-05-02T08:15:27+00:00","twitter:card":"summary","twitter:title":"Processo seletivo FHEMIG MG: 2 vagas abertas em Belo Horizonte e Sabar\u00e1 | Encontra Belo Horizonte","twitter:description":"Descubra tudo sobre o processo seletivo FHEMIG para vagas em Belo Horizonte e Sabar\u00e1."},"aioseo_meta_data":{"post_id":"3957","title":null,"description":null,"keywords":null,"keyphrases":null,"primary_term":null,"canonical_url":null,"og_title":null,"og_description":null,"og_object_type":"default","og_image_type":"default","og_image_url":null,"og_image_width":null,"og_image_height":null,"og_image_custom_url":null,"og_image_custom_fields":null,"og_video":null,"og_custom_url":null,"og_article_section":null,"og_article_tags":null,"twitter_use_og":false,"twitter_card":"default","twitter_image_type":"default","twitter_image_url":null,"twitter_image_custom_url":null,"twitter_image_custom_fields":null,"twitter_title":null,"twitter_description":null,"schema":{"blockGraphs":[],"customGraphs":[],"default":{"data":{"Article":[],"Course":[],"Dataset":[],"FAQPage":[],"Movie":[],"Person":[],"Product":[],"ProductReview":[],"Car":[],"Recipe":[],"Service":[],"SoftwareApplication":[],"WebPage":[]},"graphName":"Article","isEnabled":true},"graphs":[]},"schema_type":"default","schema_type_options":null,"pillar_content":false,"robots_default":true,"robots_noindex":false,"robots_noarchive":false,"robots_nosnippet":false,"robots_nofollow":false,"robots_noimageindex":false,"robots_noodp":false,"robots_notranslate":false,"robots_max_snippet":null,"robots_max_videopreview":null,"robots_max_imagepreview":"large","priority":null,"frequency":null,"local_seo":null,"breadcrumb_settings":null,"limit_modified_date":false,"ai":null,"created":"2026-05-02 08:15:29","updated":"2026-05-02 08:25:13","focus_keyword":null,"additional_keywords":null,"truseo_locale":null,"seo_analyzer_scan_date":null},"aioseo_breadcrumb":"<div class=\"aioseo-breadcrumbs\"><span class=\"aioseo-breadcrumb\">\n\t\t\t<a href=\"https:\/\/www.encontrabelohorizonte.com.br\/sobre\" title=\"In\u00edcio\">In\u00edcio<\/a>\n\t\t<\/span><span class=\"aioseo-breadcrumb-separator\">&raquo;<\/span><span class=\"aioseo-breadcrumb\">\n\t\t\t<a href=\"https:\/\/www.encontrabelohorizonte.com.br\/sobre\/noticias\/\" title=\"Not\u00edcias Belo Horizonte\">Not\u00edcias Belo Horizonte<\/a>\n\t\t<\/span><span class=\"aioseo-breadcrumb-separator\">&raquo;<\/span><span class=\"aioseo-breadcrumb\">\n\t\t\tProcesso seletivo FHEMIG MG: 2 vagas abertas em Belo Horizonte e Sabar\u00e1\n\t\t<\/span><\/div>","aioseo_breadcrumb_json":[{"label":"In\u00edcio","link":"https:\/\/www.encontrabelohorizonte.com.br\/sobre"},{"label":"Not\u00edcias Belo Horizonte","link":"https:\/\/www.encontrabelohorizonte.com.br\/sobre\/noticias\/"},{"label":"Processo seletivo FHEMIG MG: 2 vagas abertas em Belo Horizonte e Sabar\u00e1","link":"https:\/\/www.encontrabelohorizonte.com.br\/sobre\/processo-seletivo-fhemig-mg-2-vagas-abertas-em-belo-horizonte-e-sabara\/"}],"_links":{"self":[{"href":"https:\/\/www.encontrabelohorizonte.com.br\/sobre\/wp-json\/wp\/v2\/posts\/3957","targetHints":{"allow":["GET"]}}],"collection":[{"href":"https:\/\/www.encontrabelohorizonte.com.br\/sobre\/wp-json\/wp\/v2\/posts"}],"about":[{"href":"https:\/\/www.encontrabelohorizonte.com.br\/sobre\/wp-json\/wp\/v2\/types\/post"}],"author":[{"embeddable":true,"href":"https:\/\/www.encontrabelohorizonte.com.br\/sobre\/wp-json\/wp\/v2\/users\/1"}],"replies":[{"embeddable":true,"href":"https:\/\/www.encontrabelohorizonte.com.br\/sobre\/wp-json\/wp\/v2\/comments?post=3957"}],"version-history":[{"count":0,"href":"https:\/\/www.encontrabelohorizonte.com.br\/sobre\/wp-json\/wp\/v2\/posts\/3957\/revisions"}],"wp:featuredmedia":[{"embeddable":true,"href":"https:\/\/www.encontrabelohorizonte.com.br\/sobre\/wp-json\/wp\/v2\/media\/3956"}],"wp:attachment":[{"href":"https:\/\/www.encontrabelohorizonte.com.br\/sobre\/wp-json\/wp\/v2\/media?parent=3957"}],"wp:term":[{"taxonomy":"category","embeddable":true,"href":"https:\/\/www.encontrabelohorizonte.com.br\/sobre\/wp-json\/wp\/v2\/categories?post=3957"},{"taxonomy":"post_tag","embeddable":true,"href":"https:\/\/www.encontrabelohorizonte.com.br\/sobre\/wp-json\/wp\/v2\/tags?post=3957"}],"curies":[{"name":"wp","href":"https:\/\/api.w.org\/{rel}","templated":true}]}}