{"id":3973,"date":"2026-05-05T05:15:16","date_gmt":"2026-05-05T08:15:16","guid":{"rendered":"https:\/\/www.encontrabelohorizonte.com.br\/sobre\/video-veja-momento-em-que-aviao-cai-e-atinge-predio-em-belo-horizonte\/"},"modified":"2026-05-05T05:15:16","modified_gmt":"2026-05-05T08:15:16","slug":"video-veja-momento-em-que-aviao-cai-e-atinge-predio-em-belo-horizonte","status":"publish","type":"post","link":"https:\/\/www.encontrabelohorizonte.com.br\/sobre\/video-veja-momento-em-que-aviao-cai-e-atinge-predio-em-belo-horizonte\/","title":{"rendered":"V\u00eddeo: Veja momento em que avi\u00e3o cai e atinge pr\u00e9dio em Belo Horizonte"},"content":{"rendered":"<div class=\"2e083cf0b19e2c11948dc6ac054ba979\" data-index=\"1\" style=\"float: none; margin:0px;\">\n<!-- Anuncio display - global -->\r\n<ins class=\"adsbygoogle\"\r\n     style=\"display:block\"\r\n     data-ad-client=\"ca-pub-8585364105181520\"\r\n     data-ad-slot=\"8789329856\"\r\n     data-ad-format=\"auto\"\r\n     data-full-width-responsive=\"true\"><\/ins>\r\n<script>\r\n     (adsbygoogle = window.adsbygoogle || []).push({});\r\n<\/script>\n<\/div>\n<h2>O que aconteceu durante o acidente<\/h2>\n<p>No dia 4 de maio, um infeliz acidente a\u00e9reo ocorreu em Belo Horizonte, especificamente no bairro Silveira. Um avi\u00e3o de pequeno porte, que estava em opera\u00e7\u00e3o, colidiu com um edif\u00edcio de tr\u00eas andares. A trag\u00e9dia envolveu cinco pessoas a bordo da aeronave, resultando na confirma\u00e7\u00e3o de duas mortes, que foram identificadas como sendo o piloto e o copiloto.<\/p>\n<p>Momentos antes da queda, o piloto havia declarado uma emerg\u00eancia para a Torre de Controle do Aeroporto da Pampulha, indicando que estava enfrentando dificuldades para manter a altitude ap\u00f3s a decolagem. Relatos indicam que, ao tentar desviar de uma escola nas proximidades, o avi\u00e3o acabou colidindo com o pr\u00e9dio antes de cair.<\/p>\n<h2>Rea\u00e7\u00e3o da comunidade local<\/h2>\n<p>A comunidade local ficou em estado de choque ap\u00f3s o acidente. Moradores expressaram suas condol\u00eancias e se mostraram preocupados com a situa\u00e7\u00e3o. Caio C\u00e9sar, um testemunho que estava presente no momento do acidente, relatou que viu o avi\u00e3o fazer muito barulho e desviar da escola, mas acabou atingindo o edif\u00edcio, gerando um impacto devastador.<\/p>\n<p><img decoding=\"async\" src=\"https:\/\/www.encontrabelohorizonte.com.br\/sobre\/wp-content\/uploads\/video-veja-momento-em-que-aviao-cai-e-atinge-predio-em-belo-horizonte.webp\" alt=\"queda de avi\u00e3o\" loading=\"lazy\" \/><\/p>\n<h2>Perfil das v\u00edtimas: piloto e copiloto<\/h2>\n<p>As v\u00edtimas fatais do acidente foram o piloto e seu copiloto. O piloto era uma figura respeitada na comunidade de avia\u00e7\u00e3o, conhecido por sua experi\u00eancia e habilidade. O copiloto, por outro lado, estava em processo de aprendizado e recebia forma\u00e7\u00e3o de voo sob a supervis\u00e3o do piloto experiente. Ambos eram elogiados por suas capacidades e dedica\u00e7\u00e3o \u00e0 avia\u00e7\u00e3o.<\/p>\n<h2>Imagens do acidente que chocaram o pa\u00eds<\/h2>\n<p>Imagens e v\u00eddeos do acidente rapidamente se espalharam pelas redes sociais, mostrando o momento da queda da aeronave e o impacto sobre o edif\u00edcio. As imagens revelam um buraco significativo na estrutura do pr\u00e9dio, o que ilustra a gravidade do ocorrido. A cobertura na m\u00eddia intensificou a aten\u00e7\u00e3o sobre a seguran\u00e7a da avia\u00e7\u00e3o no Brasil.<\/p>\n<h2>An\u00e1lise dos fatores contribuintes<\/h2>\n<p>Investiga\u00e7\u00f5es iniciais indicam que problemas t\u00e9cnicos foram um fator crucial que levaram \u00e0 queda do avi\u00e3o. A NAV Brasil, respons\u00e1vel pelos Servi\u00e7os de Navega\u00e7\u00e3o A\u00e9rea, destacou que o piloto havia relatado dificuldades t\u00e9cnicas rapidamente ap\u00f3s a decolagem. Esse problema t\u00e9cnico poder\u00e1 ser um foco importante na investiga\u00e7\u00e3o em andamento.<\/p>\n<h2>A resposta do Corpo de Bombeiros<\/h2>\n<p>Os bombeiros de Minas Gerais foram acionados imediatamente ap\u00f3s a ocorr\u00eancia. Com um efetivo de quatro viaturas, eles trabalharam rapidamente na cena do acidente para resgatar as v\u00edtimas e controlar poss\u00edveis inc\u00eandios. O corpo de bombeiros enfatizou a import\u00e2ncia da resposta r\u00e1pida em situa\u00e7\u00f5es de emerg\u00eancia desse tipo.<\/p>\n<h2>Investiga\u00e7\u00e3o pela ANAC e FAB<\/h2>\n<p>A Ag\u00eancia Nacional de Avia\u00e7\u00e3o Civil (ANAC) e a For\u00e7a A\u00e9rea Brasileira (FAB) est\u00e3o atualmente envolvidas na investiga\u00e7\u00e3o do acidente. O Centro de Investiga\u00e7\u00e3o e Preven\u00e7\u00e3o de Acidentes Aeron\u00e1uticos (CENIPA) da FAB confirmou que equipe de investigadores do Terceiro Servi\u00e7o Regional de Investiga\u00e7\u00e3o e Preven\u00e7\u00e3o de Acidentes Aeron\u00e1uticos (SERIPA III) foi chamada para ajudar nas apura\u00e7\u00f5es.<\/p>\n<h2>Implica\u00e7\u00f5es para a avia\u00e7\u00e3o em Minas Gerais<\/h2>\n<p>Este acidente levanta quest\u00f5es relevantes sobre as normas de seguran\u00e7a da avia\u00e7\u00e3o em Minas Gerais. \u00d3rg\u00e3os reguladores e demais autoridades competentes iniciar\u00e3o uma revis\u00e3o abrangente das pr\u00e1ticas de seguran\u00e7a para evitar que trag\u00e9dias como essa aconte\u00e7am novamente. As investiga\u00e7\u00f5es em curso tamb\u00e9m poder\u00e3o resultar em recomenda\u00e7\u00f5es espec\u00edficas sobre a opera\u00e7\u00e3o de aeronaves de pequeno porte.<\/p>\n<h2>Depoimentos de testemunhas oculares<\/h2>\n<p>Al\u00e9m de Caio C\u00e9sar, v\u00e1rias outras testemunhas presenciais do acidente tamb\u00e9m compartilharam suas experi\u00eancias. Muitos relataram um som estrondoso seguido de uma s\u00e9rie de explos\u00f5es menores ap\u00f3s o impacto. A sensa\u00e7\u00e3o de p\u00e2nico e desespero foi um sentimento comum entre os que estavam nas proximidades.<\/p>\n<h2>Pr\u00f3ximos passos nas investiga\u00e7\u00f5es<\/h2>\n<p>A investiga\u00e7\u00e3o ainda est\u00e1 em andamento, com o corpo de bombeiros e a pol\u00edcia civil atuando no local do acidente. A coleta de evid\u00eancias e depoimentos de testemunhas continuar\u00e1 nas pr\u00f3ximas semanas. Os corpos das v\u00edtimas foram encaminhados ao Instituto M\u00e9dico-Legal para realiza\u00e7\u00e3o de exames adicionais.<\/p>\n<p>Embora a dor e a perda sejam palp\u00e1veis na comunidade afetada, as autoridades se comprometem a esclarecer os fatores que levaram a este tr\u00e1gico acidente a\u00e9reo e garantir que as li\u00e7\u00f5es aprendidas resultem em melhorias significativas na seguran\u00e7a da avia\u00e7\u00e3o.<\/p>\n\n<div style=\"font-size: 0px; height: 0px; line-height: 0px; margin: 0; padding: 0; clear: both;\"><\/div>","protected":false},"excerpt":{"rendered":"<p>V\u00eddeo mostra a queda de avi\u00e3o em Belo Horizonte e suas tr\u00e1gicas consequ\u00eancias.<\/p>\n","protected":false},"author":1,"featured_media":3972,"comment_status":"closed","ping_status":"closed","sticky":false,"template":"","format":"standard","meta":{"footnotes":""},"categories":[6],"tags":[],"class_list":["post-3973","post","type-post","status-publish","format-standard","has-post-thumbnail","hentry","category-noticias","has_thumb"],"aioseo_notices":[],"aioseo_head":"\n\t\t<!-- All in One SEO 5.0.0.1 - aioseo.com -->\n\t<meta name=\"description\" content=\"V\u00eddeo mostra a queda de avi\u00e3o em Belo Horizonte e suas tr\u00e1gicas consequ\u00eancias.\" \/>\n\t<meta name=\"robots\" content=\"max-image-preview:large\" \/>\n\t<meta name=\"author\" content=\"Encontra Belo Horizonte\"\/>\n\t<link rel=\"canonical\" href=\"https:\/\/www.encontrabelohorizonte.com.br\/sobre\/video-veja-momento-em-que-aviao-cai-e-atinge-predio-em-belo-horizonte\/\" \/>\n\t<meta name=\"generator\" content=\"All in One SEO (AIOSEO) 5.0.0.1\" \/>\n\t\t<meta property=\"og:locale\" content=\"pt_BR\" \/>\n\t\t<meta property=\"og:site_name\" content=\"Encontra Belo Horizonte | Not\u00edcias, eventos, informa\u00e7\u00f5es e dicas da cidade de Belo Horizonte e regi\u00e3o\" \/>\n\t\t<meta property=\"og:type\" content=\"article\" \/>\n\t\t<meta property=\"og:title\" content=\"V\u00eddeo: Veja momento em que avi\u00e3o cai e atinge pr\u00e9dio em Belo Horizonte | Encontra Belo Horizonte\" \/>\n\t\t<meta property=\"og:description\" content=\"V\u00eddeo mostra a queda de avi\u00e3o em Belo Horizonte e suas tr\u00e1gicas consequ\u00eancias.\" \/>\n\t\t<meta property=\"og:url\" content=\"https:\/\/www.encontrabelohorizonte.com.br\/sobre\/video-veja-momento-em-que-aviao-cai-e-atinge-predio-em-belo-horizonte\/\" \/>\n\t\t<meta property=\"article:published_time\" content=\"2026-05-05T08:15:16+00:00\" \/>\n\t\t<meta property=\"article:modified_time\" content=\"2026-05-05T08:15:16+00:00\" \/>\n\t\t<meta name=\"twitter:card\" content=\"summary\" \/>\n\t\t<meta name=\"twitter:title\" content=\"V\u00eddeo: Veja momento em que avi\u00e3o cai e atinge pr\u00e9dio em Belo Horizonte | Encontra Belo Horizonte\" \/>\n\t\t<meta name=\"twitter:description\" content=\"V\u00eddeo mostra a queda de avi\u00e3o em Belo Horizonte e suas tr\u00e1gicas consequ\u00eancias.\" \/>\n\t\t<script type=\"application\/ld+json\" class=\"aioseo-schema\">\n\t\t\t{\"@context\":\"https:\\\/\\\/schema.org\",\"@graph\":[{\"@type\":\"Article\",\"@id\":\"https:\\\/\\\/www.encontrabelohorizonte.com.br\\\/sobre\\\/video-veja-momento-em-que-aviao-cai-e-atinge-predio-em-belo-horizonte\\\/#article\",\"name\":\"V\\u00eddeo: Veja momento em que avi\\u00e3o cai e atinge pr\\u00e9dio em Belo Horizonte | Encontra Belo Horizonte\",\"headline\":\"V\\u00eddeo: Veja momento em que avi\\u00e3o cai e atinge pr\\u00e9dio em Belo Horizonte\",\"author\":{\"@id\":\"https:\\\/\\\/www.encontrabelohorizonte.com.br\\\/sobre\\\/author\\\/ebelohorizonte\\\/#author\"},\"publisher\":{\"@id\":\"https:\\\/\\\/www.encontrabelohorizonte.com.br\\\/sobre\\\/#organization\"},\"image\":{\"@type\":\"ImageObject\",\"url\":\"https:\\\/\\\/www.encontrabelohorizonte.com.br\\\/sobre\\\/wp-content\\\/uploads\\\/video-veja-momento-em-que-aviao-cai-e-atinge-predio-em-belo-horizonte.webp\",\"width\":280,\"height\":280,\"caption\":\"queda de avi\\u00e3o\"},\"datePublished\":\"2026-05-05T05:15:16-03:00\",\"dateModified\":\"2026-05-05T05:15:16-03:00\",\"inLanguage\":\"pt-BR\",\"mainEntityOfPage\":{\"@id\":\"https:\\\/\\\/www.encontrabelohorizonte.com.br\\\/sobre\\\/video-veja-momento-em-que-aviao-cai-e-atinge-predio-em-belo-horizonte\\\/#webpage\"},\"isPartOf\":{\"@id\":\"https:\\\/\\\/www.encontrabelohorizonte.com.br\\\/sobre\\\/video-veja-momento-em-que-aviao-cai-e-atinge-predio-em-belo-horizonte\\\/#webpage\"},\"articleSection\":\"Not\\u00edcias Belo Horizonte\"},{\"@type\":\"BreadcrumbList\",\"@id\":\"https:\\\/\\\/www.encontrabelohorizonte.com.br\\\/sobre\\\/video-veja-momento-em-que-aviao-cai-e-atinge-predio-em-belo-horizonte\\\/#breadcrumblist\",\"itemListElement\":[{\"@type\":\"ListItem\",\"@id\":\"https:\\\/\\\/www.encontrabelohorizonte.com.br\\\/sobre#listItem\",\"position\":1,\"name\":\"In\\u00edcio\",\"item\":\"https:\\\/\\\/www.encontrabelohorizonte.com.br\\\/sobre\",\"nextItem\":{\"@type\":\"ListItem\",\"@id\":\"https:\\\/\\\/www.encontrabelohorizonte.com.br\\\/sobre\\\/noticias\\\/#listItem\",\"name\":\"Not\\u00edcias Belo Horizonte\"}},{\"@type\":\"ListItem\",\"@id\":\"https:\\\/\\\/www.encontrabelohorizonte.com.br\\\/sobre\\\/noticias\\\/#listItem\",\"position\":2,\"name\":\"Not\\u00edcias Belo Horizonte\",\"item\":\"https:\\\/\\\/www.encontrabelohorizonte.com.br\\\/sobre\\\/noticias\\\/\",\"nextItem\":{\"@type\":\"ListItem\",\"@id\":\"https:\\\/\\\/www.encontrabelohorizonte.com.br\\\/sobre\\\/video-veja-momento-em-que-aviao-cai-e-atinge-predio-em-belo-horizonte\\\/#listItem\",\"name\":\"V\\u00eddeo: Veja momento em que avi\\u00e3o cai e atinge pr\\u00e9dio em Belo Horizonte\"},\"previousItem\":{\"@type\":\"ListItem\",\"@id\":\"https:\\\/\\\/www.encontrabelohorizonte.com.br\\\/sobre#listItem\",\"name\":\"In\\u00edcio\"}},{\"@type\":\"ListItem\",\"@id\":\"https:\\\/\\\/www.encontrabelohorizonte.com.br\\\/sobre\\\/video-veja-momento-em-que-aviao-cai-e-atinge-predio-em-belo-horizonte\\\/#listItem\",\"position\":3,\"name\":\"V\\u00eddeo: Veja momento em que avi\\u00e3o cai e atinge pr\\u00e9dio em Belo Horizonte\",\"previousItem\":{\"@type\":\"ListItem\",\"@id\":\"https:\\\/\\\/www.encontrabelohorizonte.com.br\\\/sobre\\\/noticias\\\/#listItem\",\"name\":\"Not\\u00edcias Belo Horizonte\"}}]},{\"@type\":\"Organization\",\"@id\":\"https:\\\/\\\/www.encontrabelohorizonte.com.br\\\/sobre\\\/#organization\",\"name\":\"Encontra Belo Horizonte\",\"description\":\"Not\\u00edcias, eventos, informa\\u00e7\\u00f5es e dicas da cidade de Belo Horizonte e regi\\u00e3o\",\"url\":\"https:\\\/\\\/www.encontrabelohorizonte.com.br\\\/sobre\\\/\"},{\"@type\":\"Person\",\"@id\":\"https:\\\/\\\/www.encontrabelohorizonte.com.br\\\/sobre\\\/author\\\/ebelohorizonte\\\/#author\",\"url\":\"https:\\\/\\\/www.encontrabelohorizonte.com.br\\\/sobre\\\/author\\\/ebelohorizonte\\\/\",\"name\":\"Encontra Belo Horizonte\",\"image\":{\"@type\":\"ImageObject\",\"@id\":\"https:\\\/\\\/www.encontrabelohorizonte.com.br\\\/sobre\\\/video-veja-momento-em-que-aviao-cai-e-atinge-predio-em-belo-horizonte\\\/#authorImage\",\"url\":\"https:\\\/\\\/secure.gravatar.com\\\/avatar\\\/507340682b8270222e1f208e23198b6ae7e2c6a1033ae84e99bc6bce4f82a387?s=96&d=mm&r=g\",\"width\":96,\"height\":96,\"caption\":\"Encontra Belo Horizonte\"}},{\"@type\":\"WebPage\",\"@id\":\"https:\\\/\\\/www.encontrabelohorizonte.com.br\\\/sobre\\\/video-veja-momento-em-que-aviao-cai-e-atinge-predio-em-belo-horizonte\\\/#webpage\",\"url\":\"https:\\\/\\\/www.encontrabelohorizonte.com.br\\\/sobre\\\/video-veja-momento-em-que-aviao-cai-e-atinge-predio-em-belo-horizonte\\\/\",\"name\":\"V\\u00eddeo: Veja momento em que avi\\u00e3o cai e atinge pr\\u00e9dio em Belo Horizonte | Encontra Belo Horizonte\",\"description\":\"V\\u00eddeo mostra a queda de avi\\u00e3o em Belo Horizonte e suas tr\\u00e1gicas consequ\\u00eancias.\",\"inLanguage\":\"pt-BR\",\"isPartOf\":{\"@id\":\"https:\\\/\\\/www.encontrabelohorizonte.com.br\\\/sobre\\\/#website\"},\"breadcrumb\":{\"@id\":\"https:\\\/\\\/www.encontrabelohorizonte.com.br\\\/sobre\\\/video-veja-momento-em-que-aviao-cai-e-atinge-predio-em-belo-horizonte\\\/#breadcrumblist\"},\"author\":{\"@id\":\"https:\\\/\\\/www.encontrabelohorizonte.com.br\\\/sobre\\\/author\\\/ebelohorizonte\\\/#author\"},\"creator\":{\"@id\":\"https:\\\/\\\/www.encontrabelohorizonte.com.br\\\/sobre\\\/author\\\/ebelohorizonte\\\/#author\"},\"image\":{\"@type\":\"ImageObject\",\"url\":\"https:\\\/\\\/www.encontrabelohorizonte.com.br\\\/sobre\\\/wp-content\\\/uploads\\\/video-veja-momento-em-que-aviao-cai-e-atinge-predio-em-belo-horizonte.webp\",\"@id\":\"https:\\\/\\\/www.encontrabelohorizonte.com.br\\\/sobre\\\/video-veja-momento-em-que-aviao-cai-e-atinge-predio-em-belo-horizonte\\\/#mainImage\",\"width\":280,\"height\":280,\"caption\":\"queda de avi\\u00e3o\"},\"primaryImageOfPage\":{\"@id\":\"https:\\\/\\\/www.encontrabelohorizonte.com.br\\\/sobre\\\/video-veja-momento-em-que-aviao-cai-e-atinge-predio-em-belo-horizonte\\\/#mainImage\"},\"datePublished\":\"2026-05-05T05:15:16-03:00\",\"dateModified\":\"2026-05-05T05:15:16-03:00\"},{\"@type\":\"WebSite\",\"@id\":\"https:\\\/\\\/www.encontrabelohorizonte.com.br\\\/sobre\\\/#website\",\"url\":\"https:\\\/\\\/www.encontrabelohorizonte.com.br\\\/sobre\\\/\",\"name\":\"Encontra Belo Horizonte\",\"description\":\"Not\\u00edcias, eventos, informa\\u00e7\\u00f5es e dicas da cidade de Belo Horizonte e regi\\u00e3o\",\"inLanguage\":\"pt-BR\",\"publisher\":{\"@id\":\"https:\\\/\\\/www.encontrabelohorizonte.com.br\\\/sobre\\\/#organization\"}}]}\n\t\t<\/script>\n\t\t<!-- All in One SEO -->\n\n","aioseo_head_json":{"title":"V\u00eddeo: Veja momento em que avi\u00e3o cai e atinge pr\u00e9dio em Belo Horizonte | Encontra Belo Horizonte","description":"V\u00eddeo mostra a queda de avi\u00e3o em Belo Horizonte e suas tr\u00e1gicas consequ\u00eancias.","canonical_url":"https:\/\/www.encontrabelohorizonte.com.br\/sobre\/video-veja-momento-em-que-aviao-cai-e-atinge-predio-em-belo-horizonte\/","robots":"max-image-preview:large","keywords":"","webmasterTools":{"miscellaneous":""},"schema":{"@context":"https:\/\/schema.org","@graph":[{"@type":"Article","@id":"https:\/\/www.encontrabelohorizonte.com.br\/sobre\/video-veja-momento-em-que-aviao-cai-e-atinge-predio-em-belo-horizonte\/#article","name":"V\u00eddeo: Veja momento em que avi\u00e3o cai e atinge pr\u00e9dio em Belo Horizonte | Encontra Belo Horizonte","headline":"V\u00eddeo: Veja momento em que avi\u00e3o cai e atinge pr\u00e9dio em Belo Horizonte","author":{"@id":"https:\/\/www.encontrabelohorizonte.com.br\/sobre\/author\/ebelohorizonte\/#author"},"publisher":{"@id":"https:\/\/www.encontrabelohorizonte.com.br\/sobre\/#organization"},"image":{"@type":"ImageObject","url":"https:\/\/www.encontrabelohorizonte.com.br\/sobre\/wp-content\/uploads\/video-veja-momento-em-que-aviao-cai-e-atinge-predio-em-belo-horizonte.webp","width":280,"height":280,"caption":"queda de avi\u00e3o"},"datePublished":"2026-05-05T05:15:16-03:00","dateModified":"2026-05-05T05:15:16-03:00","inLanguage":"pt-BR","mainEntityOfPage":{"@id":"https:\/\/www.encontrabelohorizonte.com.br\/sobre\/video-veja-momento-em-que-aviao-cai-e-atinge-predio-em-belo-horizonte\/#webpage"},"isPartOf":{"@id":"https:\/\/www.encontrabelohorizonte.com.br\/sobre\/video-veja-momento-em-que-aviao-cai-e-atinge-predio-em-belo-horizonte\/#webpage"},"articleSection":"Not\u00edcias Belo Horizonte"},{"@type":"BreadcrumbList","@id":"https:\/\/www.encontrabelohorizonte.com.br\/sobre\/video-veja-momento-em-que-aviao-cai-e-atinge-predio-em-belo-horizonte\/#breadcrumblist","itemListElement":[{"@type":"ListItem","@id":"https:\/\/www.encontrabelohorizonte.com.br\/sobre#listItem","position":1,"name":"In\u00edcio","item":"https:\/\/www.encontrabelohorizonte.com.br\/sobre","nextItem":{"@type":"ListItem","@id":"https:\/\/www.encontrabelohorizonte.com.br\/sobre\/noticias\/#listItem","name":"Not\u00edcias Belo Horizonte"}},{"@type":"ListItem","@id":"https:\/\/www.encontrabelohorizonte.com.br\/sobre\/noticias\/#listItem","position":2,"name":"Not\u00edcias Belo Horizonte","item":"https:\/\/www.encontrabelohorizonte.com.br\/sobre\/noticias\/","nextItem":{"@type":"ListItem","@id":"https:\/\/www.encontrabelohorizonte.com.br\/sobre\/video-veja-momento-em-que-aviao-cai-e-atinge-predio-em-belo-horizonte\/#listItem","name":"V\u00eddeo: Veja momento em que avi\u00e3o cai e atinge pr\u00e9dio em Belo Horizonte"},"previousItem":{"@type":"ListItem","@id":"https:\/\/www.encontrabelohorizonte.com.br\/sobre#listItem","name":"In\u00edcio"}},{"@type":"ListItem","@id":"https:\/\/www.encontrabelohorizonte.com.br\/sobre\/video-veja-momento-em-que-aviao-cai-e-atinge-predio-em-belo-horizonte\/#listItem","position":3,"name":"V\u00eddeo: Veja momento em que avi\u00e3o cai e atinge pr\u00e9dio em Belo Horizonte","previousItem":{"@type":"ListItem","@id":"https:\/\/www.encontrabelohorizonte.com.br\/sobre\/noticias\/#listItem","name":"Not\u00edcias Belo Horizonte"}}]},{"@type":"Organization","@id":"https:\/\/www.encontrabelohorizonte.com.br\/sobre\/#organization","name":"Encontra Belo Horizonte","description":"Not\u00edcias, eventos, informa\u00e7\u00f5es e dicas da cidade de Belo Horizonte e regi\u00e3o","url":"https:\/\/www.encontrabelohorizonte.com.br\/sobre\/"},{"@type":"Person","@id":"https:\/\/www.encontrabelohorizonte.com.br\/sobre\/author\/ebelohorizonte\/#author","url":"https:\/\/www.encontrabelohorizonte.com.br\/sobre\/author\/ebelohorizonte\/","name":"Encontra Belo Horizonte","image":{"@type":"ImageObject","@id":"https:\/\/www.encontrabelohorizonte.com.br\/sobre\/video-veja-momento-em-que-aviao-cai-e-atinge-predio-em-belo-horizonte\/#authorImage","url":"https:\/\/secure.gravatar.com\/avatar\/507340682b8270222e1f208e23198b6ae7e2c6a1033ae84e99bc6bce4f82a387?s=96&d=mm&r=g","width":96,"height":96,"caption":"Encontra Belo Horizonte"}},{"@type":"WebPage","@id":"https:\/\/www.encontrabelohorizonte.com.br\/sobre\/video-veja-momento-em-que-aviao-cai-e-atinge-predio-em-belo-horizonte\/#webpage","url":"https:\/\/www.encontrabelohorizonte.com.br\/sobre\/video-veja-momento-em-que-aviao-cai-e-atinge-predio-em-belo-horizonte\/","name":"V\u00eddeo: Veja momento em que avi\u00e3o cai e atinge pr\u00e9dio em Belo Horizonte | Encontra Belo Horizonte","description":"V\u00eddeo mostra a queda de avi\u00e3o em Belo Horizonte e suas tr\u00e1gicas consequ\u00eancias.","inLanguage":"pt-BR","isPartOf":{"@id":"https:\/\/www.encontrabelohorizonte.com.br\/sobre\/#website"},"breadcrumb":{"@id":"https:\/\/www.encontrabelohorizonte.com.br\/sobre\/video-veja-momento-em-que-aviao-cai-e-atinge-predio-em-belo-horizonte\/#breadcrumblist"},"author":{"@id":"https:\/\/www.encontrabelohorizonte.com.br\/sobre\/author\/ebelohorizonte\/#author"},"creator":{"@id":"https:\/\/www.encontrabelohorizonte.com.br\/sobre\/author\/ebelohorizonte\/#author"},"image":{"@type":"ImageObject","url":"https:\/\/www.encontrabelohorizonte.com.br\/sobre\/wp-content\/uploads\/video-veja-momento-em-que-aviao-cai-e-atinge-predio-em-belo-horizonte.webp","@id":"https:\/\/www.encontrabelohorizonte.com.br\/sobre\/video-veja-momento-em-que-aviao-cai-e-atinge-predio-em-belo-horizonte\/#mainImage","width":280,"height":280,"caption":"queda de avi\u00e3o"},"primaryImageOfPage":{"@id":"https:\/\/www.encontrabelohorizonte.com.br\/sobre\/video-veja-momento-em-que-aviao-cai-e-atinge-predio-em-belo-horizonte\/#mainImage"},"datePublished":"2026-05-05T05:15:16-03:00","dateModified":"2026-05-05T05:15:16-03:00"},{"@type":"WebSite","@id":"https:\/\/www.encontrabelohorizonte.com.br\/sobre\/#website","url":"https:\/\/www.encontrabelohorizonte.com.br\/sobre\/","name":"Encontra Belo Horizonte","description":"Not\u00edcias, eventos, informa\u00e7\u00f5es e dicas da cidade de Belo Horizonte e regi\u00e3o","inLanguage":"pt-BR","publisher":{"@id":"https:\/\/www.encontrabelohorizonte.com.br\/sobre\/#organization"}}]},"og:locale":"pt_BR","og:site_name":"Encontra Belo Horizonte | Not\u00edcias, eventos, informa\u00e7\u00f5es e dicas da cidade de Belo Horizonte e regi\u00e3o","og:type":"article","og:title":"V\u00eddeo: Veja momento em que avi\u00e3o cai e atinge pr\u00e9dio em Belo Horizonte | Encontra Belo Horizonte","og:description":"V\u00eddeo mostra a queda de avi\u00e3o em Belo Horizonte e suas tr\u00e1gicas consequ\u00eancias.","og:url":"https:\/\/www.encontrabelohorizonte.com.br\/sobre\/video-veja-momento-em-que-aviao-cai-e-atinge-predio-em-belo-horizonte\/","article:published_time":"2026-05-05T08:15:16+00:00","article:modified_time":"2026-05-05T08:15:16+00:00","twitter:card":"summary","twitter:title":"V\u00eddeo: Veja momento em que avi\u00e3o cai e atinge pr\u00e9dio em Belo Horizonte | Encontra Belo Horizonte","twitter:description":"V\u00eddeo mostra a queda de avi\u00e3o em Belo Horizonte e suas tr\u00e1gicas consequ\u00eancias."},"aioseo_meta_data":{"post_id":"3973","title":null,"description":null,"keywords":null,"keyphrases":null,"primary_term":null,"canonical_url":null,"og_title":null,"og_description":null,"og_object_type":"default","og_image_type":"default","og_image_url":null,"og_image_width":null,"og_image_height":null,"og_image_custom_url":null,"og_image_custom_fields":null,"og_video":null,"og_custom_url":null,"og_article_section":null,"og_article_tags":null,"twitter_use_og":false,"twitter_card":"default","twitter_image_type":"default","twitter_image_url":null,"twitter_image_custom_url":null,"twitter_image_custom_fields":null,"twitter_title":null,"twitter_description":null,"schema":{"blockGraphs":[],"customGraphs":[],"default":{"data":{"Article":[],"Course":[],"Dataset":[],"FAQPage":[],"Movie":[],"Person":[],"Product":[],"ProductReview":[],"Car":[],"Recipe":[],"Service":[],"SoftwareApplication":[],"WebPage":[]},"graphName":"WebPage","isEnabled":true},"graphs":[]},"schema_type":"default","schema_type_options":null,"pillar_content":false,"robots_default":true,"robots_noindex":false,"robots_noarchive":false,"robots_nosnippet":false,"robots_nofollow":false,"robots_noimageindex":false,"robots_noodp":false,"robots_notranslate":false,"robots_max_snippet":null,"robots_max_videopreview":null,"robots_max_imagepreview":"large","priority":null,"frequency":null,"local_seo":null,"breadcrumb_settings":null,"limit_modified_date":false,"ai":null,"created":"2026-05-05 08:15:19","updated":"2026-05-05 08:25:05","focus_keyword":null,"additional_keywords":null,"truseo_locale":null,"seo_analyzer_scan_date":null},"aioseo_breadcrumb":"<div class=\"aioseo-breadcrumbs\"><span class=\"aioseo-breadcrumb\">\n\t\t\t<a href=\"https:\/\/www.encontrabelohorizonte.com.br\/sobre\" title=\"In\u00edcio\">In\u00edcio<\/a>\n\t\t<\/span><span class=\"aioseo-breadcrumb-separator\">&raquo;<\/span><span class=\"aioseo-breadcrumb\">\n\t\t\t<a href=\"https:\/\/www.encontrabelohorizonte.com.br\/sobre\/noticias\/\" title=\"Not\u00edcias Belo Horizonte\">Not\u00edcias Belo Horizonte<\/a>\n\t\t<\/span><span class=\"aioseo-breadcrumb-separator\">&raquo;<\/span><span class=\"aioseo-breadcrumb\">\n\t\t\tV\u00eddeo: Veja momento em que avi\u00e3o cai e atinge pr\u00e9dio em Belo Horizonte\n\t\t<\/span><\/div>","aioseo_breadcrumb_json":[{"label":"In\u00edcio","link":"https:\/\/www.encontrabelohorizonte.com.br\/sobre"},{"label":"Not\u00edcias Belo Horizonte","link":"https:\/\/www.encontrabelohorizonte.com.br\/sobre\/noticias\/"},{"label":"V\u00eddeo: Veja momento em que avi\u00e3o cai e atinge pr\u00e9dio em Belo Horizonte","link":"https:\/\/www.encontrabelohorizonte.com.br\/sobre\/video-veja-momento-em-que-aviao-cai-e-atinge-predio-em-belo-horizonte\/"}],"_links":{"self":[{"href":"https:\/\/www.encontrabelohorizonte.com.br\/sobre\/wp-json\/wp\/v2\/posts\/3973","targetHints":{"allow":["GET"]}}],"collection":[{"href":"https:\/\/www.encontrabelohorizonte.com.br\/sobre\/wp-json\/wp\/v2\/posts"}],"about":[{"href":"https:\/\/www.encontrabelohorizonte.com.br\/sobre\/wp-json\/wp\/v2\/types\/post"}],"author":[{"embeddable":true,"href":"https:\/\/www.encontrabelohorizonte.com.br\/sobre\/wp-json\/wp\/v2\/users\/1"}],"replies":[{"embeddable":true,"href":"https:\/\/www.encontrabelohorizonte.com.br\/sobre\/wp-json\/wp\/v2\/comments?post=3973"}],"version-history":[{"count":0,"href":"https:\/\/www.encontrabelohorizonte.com.br\/sobre\/wp-json\/wp\/v2\/posts\/3973\/revisions"}],"wp:featuredmedia":[{"embeddable":true,"href":"https:\/\/www.encontrabelohorizonte.com.br\/sobre\/wp-json\/wp\/v2\/media\/3972"}],"wp:attachment":[{"href":"https:\/\/www.encontrabelohorizonte.com.br\/sobre\/wp-json\/wp\/v2\/media?parent=3973"}],"wp:term":[{"taxonomy":"category","embeddable":true,"href":"https:\/\/www.encontrabelohorizonte.com.br\/sobre\/wp-json\/wp\/v2\/categories?post=3973"},{"taxonomy":"post_tag","embeddable":true,"href":"https:\/\/www.encontrabelohorizonte.com.br\/sobre\/wp-json\/wp\/v2\/tags?post=3973"}],"curies":[{"name":"wp","href":"https:\/\/api.w.org\/{rel}","templated":true}]}}