{"id":3975,"date":"2026-05-05T05:17:25","date_gmt":"2026-05-05T08:17:25","guid":{"rendered":"https:\/\/www.encontrabelohorizonte.com.br\/sobre\/videos-mostram-local-apos-aviao-cair-e-bater-em-predio-de-bh-veja-imagens\/"},"modified":"2026-05-05T05:17:25","modified_gmt":"2026-05-05T08:17:25","slug":"videos-mostram-local-apos-aviao-cair-e-bater-em-predio-de-bh-veja-imagens","status":"publish","type":"post","link":"https:\/\/www.encontrabelohorizonte.com.br\/sobre\/videos-mostram-local-apos-aviao-cair-e-bater-em-predio-de-bh-veja-imagens\/","title":{"rendered":"V\u00eddeos mostram local ap\u00f3s avi\u00e3o cair e bater em pr\u00e9dio de BH; veja imagens"},"content":{"rendered":"<div class=\"2e083cf0b19e2c11948dc6ac054ba979\" data-index=\"1\" style=\"float: none; margin:0px;\">\n<!-- Anuncio display - global -->\r\n<ins class=\"adsbygoogle\"\r\n     style=\"display:block\"\r\n     data-ad-client=\"ca-pub-8585364105181520\"\r\n     data-ad-slot=\"8789329856\"\r\n     data-ad-format=\"auto\"\r\n     data-full-width-responsive=\"true\"><\/ins>\r\n<script>\r\n     (adsbygoogle = window.adsbygoogle || []).push({});\r\n<\/script>\n<\/div>\n<h2>Detalhes do Acidente e Primeiras Informa\u00e7\u00f5es<\/h2>\n<p>Um grave acidente a\u00e9reo ocorreu em Belo Horizonte na tarde desta segunda-feira (4), quando um <strong>avi\u00e3o bimotor de pequeno porte<\/strong> colidiu com um edif\u00edcio localizado no <strong>bairro Silveira<\/strong>, na regi\u00e3o nordeste da cidade. O incidente resultou na morte de pelo menos duas pessoas, com um total de cinco v\u00edtimas relatadas at\u00e9 o momento.<\/p>\n<p>A aeronave caiu diretamente no estacionamento de um edif\u00edcio de tr\u00eas andares situado na <strong>Rua Ilacir Pereira Lima<\/strong>, em frente a um supermercado, o que aumentou o potencial de danos e a gravidade do acidente. O impacto foi t\u00e3o forte que atingiu o pr\u00e9dio antes de a aeronave desabar no ch\u00e3o.<\/p>\n<h2>A\u00e7\u00f5es do Corpo de Bombeiros no Local<\/h2>\n<p>Ap\u00f3s o acidente, o <strong>Corpo de Bombeiros de Minas Gerais<\/strong> mobilizou quatro viaturas de imediato para o local. Equipes foram enviadas para prestar socorro \u00e0s v\u00edtimas e controlar os riscos decorrentes da colis\u00e3o. No entanto, apesar dos esfor\u00e7os, os pilotos, que estavam na aeronave, n\u00e3o sobreviveram e ficaram presos \u00e0s ferragens.<\/p>\n<p><img decoding=\"async\" src=\"https:\/\/www.encontrabelohorizonte.com.br\/sobre\/wp-content\/uploads\/videos-mostram-local-apos-aviao-cair-e-bater-em-predio-de-bh-veja-imagens.webp\" alt=\"queda de avi\u00e3o\" loading=\"lazy\" \/><\/p>\n<p>As tr\u00eas outras pessoas resgatadas do acidente, que estavam em estado grave, foram rapidamente encaminhadas ao Hospital <strong>Jo\u00e3o XXIII<\/strong>, onde recebem tratamento intensivo. A <strong>Pol\u00edcia Militar<\/strong> tamb\u00e9m esteve presente, isolando a \u00e1rea para evitar mais acidentes e facilitar o trabalho das equipes de emerg\u00eancia.<\/p>\n<h2>Relatos de Testemunhas Sobre a Queda<\/h2>\n<p>Moradores e transeuntes nas imedia\u00e7\u00f5es relataram momentos de p\u00e2nico ao observar a aeronave em dificuldades. Um homem que treinava em uma academia pr\u00f3xima destacou que ouviu um barulho intenso e acompanhou o voo da aeronave, que parecia estar tentando desviar de uma escola antes de colidir com o edif\u00edcio.<\/p>\n<p>&#8220;O som era aterrorizante. Parecia que o avi\u00e3o tentava evitar a escola, mas n\u00e3o conseguiu&#8221;, um testemunho que reflete a gravidade da situa\u00e7\u00e3o e a velocidade com que o acidente ocorreu. Essa a\u00e7\u00e3o r\u00e1pida do piloto, na tentativa de evitar danos maiores, foi elogiada, mas n\u00e3o conseguiu evitar o tr\u00e1gico resultado.<\/p>\n<h2>Imagens Exclusivas do Local do Acidente<\/h2>\n<p>Imagens do local mostram o buraco aberto na estrutura do pr\u00e9dio, onde a aeronave colidiu. A cena \u00e9 devastadora, com destro\u00e7os vis\u00edveis e o esvaziamento da \u00e1rea pela equipe de emerg\u00eancia. A gravidade do acidente \u00e9 sublinhada pela destrui\u00e7\u00e3o causada \u00e0 edifica\u00e7\u00e3o.<\/p>\n<h2>An\u00e1lise da For\u00e7a A\u00e9rea Brasileira<\/h2>\n<p>A <strong>For\u00e7a A\u00e9rea Brasileira (FAB)<\/strong> fez um pronunciamento lamentando o ocorrido e confirmou que o <strong>Centro de Investiga\u00e7\u00e3o e Preven\u00e7\u00e3o de Acidentes Aeron\u00e1uticos (CENIPA)<\/strong> foi acionado para investigar as circunst\u00e2ncias do acidente. Os investigadores do servi\u00e7o regional, que atuam a partir do Rio de Janeiro, prestar\u00e3o suporte na apura\u00e7\u00e3o de causas e fatores que levaram \u00e0 queda da aeronave.<\/p>\n<h2>Investiga\u00e7\u00e3o do CENIPA<\/h2>\n<p>A investiga\u00e7\u00e3o se concentrar\u00e1 em determinar as causas do acidente. Durante uma fase inicial de apura\u00e7\u00e3o, profissionais experientes aplicar\u00e3o m\u00e9todos t\u00e9cnicos para reunir dados e preservar os elementos do acidente. Informa\u00e7\u00f5es sobre danos \u00e0 aeronave e ao local tamb\u00e9m ser\u00e3o coletadas para permitir uma an\u00e1lise mais abrangente.<\/p>\n<p>As informa\u00e7\u00f5es preliminares sugerem que a aeronave enfrentou problemas t\u00e9cnicos logo ap\u00f3s a decolagem, o que pode ter contribu\u00eddo para a emerg\u00eancia que levou \u00e0 queda. O relato do piloto \u00e0 torre de controle indicou dificuldades em manter a subida logo ap\u00f3s a decolagem, fazendo com que a equipe de emerg\u00eancia fosse acionada.<\/p>\n<h2>Impacto da Queda no Pr\u00e9dio<\/h2>\n<p>A colis\u00e3o resultou em danos significativos \u00e0 estrutura do pr\u00e9dio. Al\u00e9m do buraco vis\u00edvel na fachada, a seguran\u00e7a da edifica\u00e7\u00e3o est\u00e1 comprometida. Especialistas em seguran\u00e7a e engenharia estrutural ser\u00e3o convocados para avaliar os danos e determinar as pr\u00f3ximas etapas a serem tomadas em rela\u00e7\u00e3o \u00e0 seguran\u00e7a dos moradores e \u00e0 integridade do pr\u00e9dio.<\/p>\n<h2>Atendimento \u00e0s V\u00edtimas do Acidente<\/h2>\n<p>As v\u00edtimas que conseguiram sobreviver ao acidente est\u00e3o recebendo atendimento m\u00e9dico no Hospital Jo\u00e3o XXIII. As informa\u00e7\u00f5es sobre suas condi\u00e7\u00f5es de sa\u00fade ser\u00e3o acompanhadas de perto, com as autoridades e a imprensa divulgando atualiza\u00e7\u00f5es peri\u00f3dicas. A prioridade \u00e9 garantir que cada um receba suporte m\u00e9dico adequado para suas necessidades.<\/p>\n<h2>Rea\u00e7\u00f5es nas Redes Sociais<\/h2>\n<p>O acidente gerou uma onda de rea\u00e7\u00f5es nas redes sociais, onde usu\u00e1rios expressaram suas condol\u00eancias e compartilhamento de informa\u00e7\u00f5es sobre o ocorrido. As mensagens de apoio \u00e0s fam\u00edlias das v\u00edtimas foram amplamente distribu\u00eddas, refletindo o impacto emocional que um acontecimento t\u00e3o tr\u00e1gico tem sobre a comunidade local e a sociedade como um todo.<\/p>\n<h2>O Que Pode Ter Causado o Acidente<\/h2>\n<p>A investiga\u00e7\u00e3o est\u00e1 em andamento e, atualmente, n\u00e3o h\u00e1 uma confirma\u00e7\u00e3o clara sobre as causas do acidente. Fatores como falhas mec\u00e2nicas, condi\u00e7\u00f5es meteorol\u00f3gicas adversas e erros de piloto est\u00e3o sendo considerados, mas apenas uma investiga\u00e7\u00e3o detalhada poder\u00e1 fornecer respostas definitivas.<\/p>\n<p>At\u00e9 agora, a <strong>NAV Brasil<\/strong>, respons\u00e1vel pelos servi\u00e7os de navega\u00e7\u00e3o a\u00e9rea, indicou que a aeronave apresentou problemas t\u00e9cnicos ap\u00f3s a decolagem. A equipe de controle a\u00e9reo estava ciente da situa\u00e7\u00e3o e preparou-se para qualquer eventualidade, mas n\u00e3o foi poss\u00edvel evitar o acidente.<\/p>\n<h2>Conclus\u00e3o<\/h2>\n<p>O acidente serve como um lembrete da fragilidade da seguran\u00e7a no espa\u00e7o a\u00e9reo e a import\u00e2ncia de rigorosas an\u00e1lises e inspe\u00e7\u00f5es de seguran\u00e7a nas aeronaves. A sociedade aguarda ansiosamente as conclus\u00f5es da investiga\u00e7\u00e3o, que poder\u00e3o oferecer melhores compreens\u00f5es sobre o ocorrido e contribuir para a preven\u00e7\u00e3o de futuros incidentes a\u00e9reos.<\/p>\n\n<div style=\"font-size: 0px; height: 0px; line-height: 0px; margin: 0; padding: 0; clear: both;\"><\/div>","protected":false},"excerpt":{"rendered":"<p>V\u00eddeos mostram o tr\u00e1gico acidente de avi\u00e3o que atingiu um pr\u00e9dio em BH.<\/p>\n","protected":false},"author":1,"featured_media":3974,"comment_status":"closed","ping_status":"closed","sticky":false,"template":"","format":"standard","meta":{"footnotes":""},"categories":[6],"tags":[],"class_list":["post-3975","post","type-post","status-publish","format-standard","has-post-thumbnail","hentry","category-noticias","has_thumb"],"aioseo_notices":[],"aioseo_head":"\n\t\t<!-- All in One SEO 5.0.0.1 - aioseo.com -->\n\t<meta name=\"description\" content=\"V\u00eddeos mostram o tr\u00e1gico acidente de avi\u00e3o que atingiu um pr\u00e9dio em BH.\" \/>\n\t<meta name=\"robots\" content=\"max-image-preview:large\" \/>\n\t<meta name=\"author\" content=\"Encontra Belo Horizonte\"\/>\n\t<link rel=\"canonical\" href=\"https:\/\/www.encontrabelohorizonte.com.br\/sobre\/videos-mostram-local-apos-aviao-cair-e-bater-em-predio-de-bh-veja-imagens\/\" \/>\n\t<meta name=\"generator\" content=\"All in One SEO (AIOSEO) 5.0.0.1\" \/>\n\t\t<meta property=\"og:locale\" content=\"pt_BR\" \/>\n\t\t<meta property=\"og:site_name\" content=\"Encontra Belo Horizonte | Not\u00edcias, eventos, informa\u00e7\u00f5es e dicas da cidade de Belo Horizonte e regi\u00e3o\" \/>\n\t\t<meta property=\"og:type\" content=\"article\" \/>\n\t\t<meta property=\"og:title\" content=\"V\u00eddeos mostram local ap\u00f3s avi\u00e3o cair e bater em pr\u00e9dio de BH; veja imagens | Encontra Belo Horizonte\" \/>\n\t\t<meta property=\"og:description\" content=\"V\u00eddeos mostram o tr\u00e1gico acidente de avi\u00e3o que atingiu um pr\u00e9dio em BH.\" \/>\n\t\t<meta property=\"og:url\" content=\"https:\/\/www.encontrabelohorizonte.com.br\/sobre\/videos-mostram-local-apos-aviao-cair-e-bater-em-predio-de-bh-veja-imagens\/\" \/>\n\t\t<meta property=\"article:published_time\" content=\"2026-05-05T08:17:25+00:00\" \/>\n\t\t<meta property=\"article:modified_time\" content=\"2026-05-05T08:17:25+00:00\" \/>\n\t\t<meta name=\"twitter:card\" content=\"summary\" \/>\n\t\t<meta name=\"twitter:title\" content=\"V\u00eddeos mostram local ap\u00f3s avi\u00e3o cair e bater em pr\u00e9dio de BH; veja imagens | Encontra Belo Horizonte\" \/>\n\t\t<meta name=\"twitter:description\" content=\"V\u00eddeos mostram o tr\u00e1gico acidente de avi\u00e3o que atingiu um pr\u00e9dio em BH.\" \/>\n\t\t<script type=\"application\/ld+json\" class=\"aioseo-schema\">\n\t\t\t{\"@context\":\"https:\\\/\\\/schema.org\",\"@graph\":[{\"@type\":\"Article\",\"@id\":\"https:\\\/\\\/www.encontrabelohorizonte.com.br\\\/sobre\\\/videos-mostram-local-apos-aviao-cair-e-bater-em-predio-de-bh-veja-imagens\\\/#article\",\"name\":\"V\\u00eddeos mostram local ap\\u00f3s avi\\u00e3o cair e bater em pr\\u00e9dio de BH; veja imagens | Encontra Belo Horizonte\",\"headline\":\"V\\u00eddeos mostram local ap\\u00f3s avi\\u00e3o cair e bater em pr\\u00e9dio de BH; veja imagens\",\"author\":{\"@id\":\"https:\\\/\\\/www.encontrabelohorizonte.com.br\\\/sobre\\\/author\\\/ebelohorizonte\\\/#author\"},\"publisher\":{\"@id\":\"https:\\\/\\\/www.encontrabelohorizonte.com.br\\\/sobre\\\/#organization\"},\"image\":{\"@type\":\"ImageObject\",\"url\":\"https:\\\/\\\/www.encontrabelohorizonte.com.br\\\/sobre\\\/wp-content\\\/uploads\\\/videos-mostram-local-apos-aviao-cair-e-bater-em-predio-de-bh-veja-imagens.webp\",\"width\":280,\"height\":280,\"caption\":\"queda de avi\\u00e3o\"},\"datePublished\":\"2026-05-05T05:17:25-03:00\",\"dateModified\":\"2026-05-05T05:17:25-03:00\",\"inLanguage\":\"pt-BR\",\"mainEntityOfPage\":{\"@id\":\"https:\\\/\\\/www.encontrabelohorizonte.com.br\\\/sobre\\\/videos-mostram-local-apos-aviao-cair-e-bater-em-predio-de-bh-veja-imagens\\\/#webpage\"},\"isPartOf\":{\"@id\":\"https:\\\/\\\/www.encontrabelohorizonte.com.br\\\/sobre\\\/videos-mostram-local-apos-aviao-cair-e-bater-em-predio-de-bh-veja-imagens\\\/#webpage\"},\"articleSection\":\"Not\\u00edcias Belo Horizonte\"},{\"@type\":\"BreadcrumbList\",\"@id\":\"https:\\\/\\\/www.encontrabelohorizonte.com.br\\\/sobre\\\/videos-mostram-local-apos-aviao-cair-e-bater-em-predio-de-bh-veja-imagens\\\/#breadcrumblist\",\"itemListElement\":[{\"@type\":\"ListItem\",\"@id\":\"https:\\\/\\\/www.encontrabelohorizonte.com.br\\\/sobre#listItem\",\"position\":1,\"name\":\"In\\u00edcio\",\"item\":\"https:\\\/\\\/www.encontrabelohorizonte.com.br\\\/sobre\",\"nextItem\":{\"@type\":\"ListItem\",\"@id\":\"https:\\\/\\\/www.encontrabelohorizonte.com.br\\\/sobre\\\/noticias\\\/#listItem\",\"name\":\"Not\\u00edcias Belo Horizonte\"}},{\"@type\":\"ListItem\",\"@id\":\"https:\\\/\\\/www.encontrabelohorizonte.com.br\\\/sobre\\\/noticias\\\/#listItem\",\"position\":2,\"name\":\"Not\\u00edcias Belo Horizonte\",\"item\":\"https:\\\/\\\/www.encontrabelohorizonte.com.br\\\/sobre\\\/noticias\\\/\",\"nextItem\":{\"@type\":\"ListItem\",\"@id\":\"https:\\\/\\\/www.encontrabelohorizonte.com.br\\\/sobre\\\/videos-mostram-local-apos-aviao-cair-e-bater-em-predio-de-bh-veja-imagens\\\/#listItem\",\"name\":\"V\\u00eddeos mostram local ap\\u00f3s avi\\u00e3o cair e bater em pr\\u00e9dio de BH; veja imagens\"},\"previousItem\":{\"@type\":\"ListItem\",\"@id\":\"https:\\\/\\\/www.encontrabelohorizonte.com.br\\\/sobre#listItem\",\"name\":\"In\\u00edcio\"}},{\"@type\":\"ListItem\",\"@id\":\"https:\\\/\\\/www.encontrabelohorizonte.com.br\\\/sobre\\\/videos-mostram-local-apos-aviao-cair-e-bater-em-predio-de-bh-veja-imagens\\\/#listItem\",\"position\":3,\"name\":\"V\\u00eddeos mostram local ap\\u00f3s avi\\u00e3o cair e bater em pr\\u00e9dio de BH; veja imagens\",\"previousItem\":{\"@type\":\"ListItem\",\"@id\":\"https:\\\/\\\/www.encontrabelohorizonte.com.br\\\/sobre\\\/noticias\\\/#listItem\",\"name\":\"Not\\u00edcias Belo Horizonte\"}}]},{\"@type\":\"Organization\",\"@id\":\"https:\\\/\\\/www.encontrabelohorizonte.com.br\\\/sobre\\\/#organization\",\"name\":\"Encontra Belo Horizonte\",\"description\":\"Not\\u00edcias, eventos, informa\\u00e7\\u00f5es e dicas da cidade de Belo Horizonte e regi\\u00e3o\",\"url\":\"https:\\\/\\\/www.encontrabelohorizonte.com.br\\\/sobre\\\/\"},{\"@type\":\"Person\",\"@id\":\"https:\\\/\\\/www.encontrabelohorizonte.com.br\\\/sobre\\\/author\\\/ebelohorizonte\\\/#author\",\"url\":\"https:\\\/\\\/www.encontrabelohorizonte.com.br\\\/sobre\\\/author\\\/ebelohorizonte\\\/\",\"name\":\"Encontra Belo Horizonte\",\"image\":{\"@type\":\"ImageObject\",\"@id\":\"https:\\\/\\\/www.encontrabelohorizonte.com.br\\\/sobre\\\/videos-mostram-local-apos-aviao-cair-e-bater-em-predio-de-bh-veja-imagens\\\/#authorImage\",\"url\":\"https:\\\/\\\/secure.gravatar.com\\\/avatar\\\/507340682b8270222e1f208e23198b6ae7e2c6a1033ae84e99bc6bce4f82a387?s=96&d=mm&r=g\",\"width\":96,\"height\":96,\"caption\":\"Encontra Belo Horizonte\"}},{\"@type\":\"WebPage\",\"@id\":\"https:\\\/\\\/www.encontrabelohorizonte.com.br\\\/sobre\\\/videos-mostram-local-apos-aviao-cair-e-bater-em-predio-de-bh-veja-imagens\\\/#webpage\",\"url\":\"https:\\\/\\\/www.encontrabelohorizonte.com.br\\\/sobre\\\/videos-mostram-local-apos-aviao-cair-e-bater-em-predio-de-bh-veja-imagens\\\/\",\"name\":\"V\\u00eddeos mostram local ap\\u00f3s avi\\u00e3o cair e bater em pr\\u00e9dio de BH; veja imagens | Encontra Belo Horizonte\",\"description\":\"V\\u00eddeos mostram o tr\\u00e1gico acidente de avi\\u00e3o que atingiu um pr\\u00e9dio em BH.\",\"inLanguage\":\"pt-BR\",\"isPartOf\":{\"@id\":\"https:\\\/\\\/www.encontrabelohorizonte.com.br\\\/sobre\\\/#website\"},\"breadcrumb\":{\"@id\":\"https:\\\/\\\/www.encontrabelohorizonte.com.br\\\/sobre\\\/videos-mostram-local-apos-aviao-cair-e-bater-em-predio-de-bh-veja-imagens\\\/#breadcrumblist\"},\"author\":{\"@id\":\"https:\\\/\\\/www.encontrabelohorizonte.com.br\\\/sobre\\\/author\\\/ebelohorizonte\\\/#author\"},\"creator\":{\"@id\":\"https:\\\/\\\/www.encontrabelohorizonte.com.br\\\/sobre\\\/author\\\/ebelohorizonte\\\/#author\"},\"image\":{\"@type\":\"ImageObject\",\"url\":\"https:\\\/\\\/www.encontrabelohorizonte.com.br\\\/sobre\\\/wp-content\\\/uploads\\\/videos-mostram-local-apos-aviao-cair-e-bater-em-predio-de-bh-veja-imagens.webp\",\"@id\":\"https:\\\/\\\/www.encontrabelohorizonte.com.br\\\/sobre\\\/videos-mostram-local-apos-aviao-cair-e-bater-em-predio-de-bh-veja-imagens\\\/#mainImage\",\"width\":280,\"height\":280,\"caption\":\"queda de avi\\u00e3o\"},\"primaryImageOfPage\":{\"@id\":\"https:\\\/\\\/www.encontrabelohorizonte.com.br\\\/sobre\\\/videos-mostram-local-apos-aviao-cair-e-bater-em-predio-de-bh-veja-imagens\\\/#mainImage\"},\"datePublished\":\"2026-05-05T05:17:25-03:00\",\"dateModified\":\"2026-05-05T05:17:25-03:00\"},{\"@type\":\"WebSite\",\"@id\":\"https:\\\/\\\/www.encontrabelohorizonte.com.br\\\/sobre\\\/#website\",\"url\":\"https:\\\/\\\/www.encontrabelohorizonte.com.br\\\/sobre\\\/\",\"name\":\"Encontra Belo Horizonte\",\"description\":\"Not\\u00edcias, eventos, informa\\u00e7\\u00f5es e dicas da cidade de Belo Horizonte e regi\\u00e3o\",\"inLanguage\":\"pt-BR\",\"publisher\":{\"@id\":\"https:\\\/\\\/www.encontrabelohorizonte.com.br\\\/sobre\\\/#organization\"}}]}\n\t\t<\/script>\n\t\t<!-- All in One SEO -->\n\n","aioseo_head_json":{"title":"V\u00eddeos mostram local ap\u00f3s avi\u00e3o cair e bater em pr\u00e9dio de BH; veja imagens | Encontra Belo Horizonte","description":"V\u00eddeos mostram o tr\u00e1gico acidente de avi\u00e3o que atingiu um pr\u00e9dio em BH.","canonical_url":"https:\/\/www.encontrabelohorizonte.com.br\/sobre\/videos-mostram-local-apos-aviao-cair-e-bater-em-predio-de-bh-veja-imagens\/","robots":"max-image-preview:large","keywords":"","webmasterTools":{"miscellaneous":""},"schema":{"@context":"https:\/\/schema.org","@graph":[{"@type":"Article","@id":"https:\/\/www.encontrabelohorizonte.com.br\/sobre\/videos-mostram-local-apos-aviao-cair-e-bater-em-predio-de-bh-veja-imagens\/#article","name":"V\u00eddeos mostram local ap\u00f3s avi\u00e3o cair e bater em pr\u00e9dio de BH; veja imagens | Encontra Belo Horizonte","headline":"V\u00eddeos mostram local ap\u00f3s avi\u00e3o cair e bater em pr\u00e9dio de BH; veja imagens","author":{"@id":"https:\/\/www.encontrabelohorizonte.com.br\/sobre\/author\/ebelohorizonte\/#author"},"publisher":{"@id":"https:\/\/www.encontrabelohorizonte.com.br\/sobre\/#organization"},"image":{"@type":"ImageObject","url":"https:\/\/www.encontrabelohorizonte.com.br\/sobre\/wp-content\/uploads\/videos-mostram-local-apos-aviao-cair-e-bater-em-predio-de-bh-veja-imagens.webp","width":280,"height":280,"caption":"queda de avi\u00e3o"},"datePublished":"2026-05-05T05:17:25-03:00","dateModified":"2026-05-05T05:17:25-03:00","inLanguage":"pt-BR","mainEntityOfPage":{"@id":"https:\/\/www.encontrabelohorizonte.com.br\/sobre\/videos-mostram-local-apos-aviao-cair-e-bater-em-predio-de-bh-veja-imagens\/#webpage"},"isPartOf":{"@id":"https:\/\/www.encontrabelohorizonte.com.br\/sobre\/videos-mostram-local-apos-aviao-cair-e-bater-em-predio-de-bh-veja-imagens\/#webpage"},"articleSection":"Not\u00edcias Belo Horizonte"},{"@type":"BreadcrumbList","@id":"https:\/\/www.encontrabelohorizonte.com.br\/sobre\/videos-mostram-local-apos-aviao-cair-e-bater-em-predio-de-bh-veja-imagens\/#breadcrumblist","itemListElement":[{"@type":"ListItem","@id":"https:\/\/www.encontrabelohorizonte.com.br\/sobre#listItem","position":1,"name":"In\u00edcio","item":"https:\/\/www.encontrabelohorizonte.com.br\/sobre","nextItem":{"@type":"ListItem","@id":"https:\/\/www.encontrabelohorizonte.com.br\/sobre\/noticias\/#listItem","name":"Not\u00edcias Belo Horizonte"}},{"@type":"ListItem","@id":"https:\/\/www.encontrabelohorizonte.com.br\/sobre\/noticias\/#listItem","position":2,"name":"Not\u00edcias Belo Horizonte","item":"https:\/\/www.encontrabelohorizonte.com.br\/sobre\/noticias\/","nextItem":{"@type":"ListItem","@id":"https:\/\/www.encontrabelohorizonte.com.br\/sobre\/videos-mostram-local-apos-aviao-cair-e-bater-em-predio-de-bh-veja-imagens\/#listItem","name":"V\u00eddeos mostram local ap\u00f3s avi\u00e3o cair e bater em pr\u00e9dio de BH; veja imagens"},"previousItem":{"@type":"ListItem","@id":"https:\/\/www.encontrabelohorizonte.com.br\/sobre#listItem","name":"In\u00edcio"}},{"@type":"ListItem","@id":"https:\/\/www.encontrabelohorizonte.com.br\/sobre\/videos-mostram-local-apos-aviao-cair-e-bater-em-predio-de-bh-veja-imagens\/#listItem","position":3,"name":"V\u00eddeos mostram local ap\u00f3s avi\u00e3o cair e bater em pr\u00e9dio de BH; veja imagens","previousItem":{"@type":"ListItem","@id":"https:\/\/www.encontrabelohorizonte.com.br\/sobre\/noticias\/#listItem","name":"Not\u00edcias Belo Horizonte"}}]},{"@type":"Organization","@id":"https:\/\/www.encontrabelohorizonte.com.br\/sobre\/#organization","name":"Encontra Belo Horizonte","description":"Not\u00edcias, eventos, informa\u00e7\u00f5es e dicas da cidade de Belo Horizonte e regi\u00e3o","url":"https:\/\/www.encontrabelohorizonte.com.br\/sobre\/"},{"@type":"Person","@id":"https:\/\/www.encontrabelohorizonte.com.br\/sobre\/author\/ebelohorizonte\/#author","url":"https:\/\/www.encontrabelohorizonte.com.br\/sobre\/author\/ebelohorizonte\/","name":"Encontra Belo Horizonte","image":{"@type":"ImageObject","@id":"https:\/\/www.encontrabelohorizonte.com.br\/sobre\/videos-mostram-local-apos-aviao-cair-e-bater-em-predio-de-bh-veja-imagens\/#authorImage","url":"https:\/\/secure.gravatar.com\/avatar\/507340682b8270222e1f208e23198b6ae7e2c6a1033ae84e99bc6bce4f82a387?s=96&d=mm&r=g","width":96,"height":96,"caption":"Encontra Belo Horizonte"}},{"@type":"WebPage","@id":"https:\/\/www.encontrabelohorizonte.com.br\/sobre\/videos-mostram-local-apos-aviao-cair-e-bater-em-predio-de-bh-veja-imagens\/#webpage","url":"https:\/\/www.encontrabelohorizonte.com.br\/sobre\/videos-mostram-local-apos-aviao-cair-e-bater-em-predio-de-bh-veja-imagens\/","name":"V\u00eddeos mostram local ap\u00f3s avi\u00e3o cair e bater em pr\u00e9dio de BH; veja imagens | Encontra Belo Horizonte","description":"V\u00eddeos mostram o tr\u00e1gico acidente de avi\u00e3o que atingiu um pr\u00e9dio em BH.","inLanguage":"pt-BR","isPartOf":{"@id":"https:\/\/www.encontrabelohorizonte.com.br\/sobre\/#website"},"breadcrumb":{"@id":"https:\/\/www.encontrabelohorizonte.com.br\/sobre\/videos-mostram-local-apos-aviao-cair-e-bater-em-predio-de-bh-veja-imagens\/#breadcrumblist"},"author":{"@id":"https:\/\/www.encontrabelohorizonte.com.br\/sobre\/author\/ebelohorizonte\/#author"},"creator":{"@id":"https:\/\/www.encontrabelohorizonte.com.br\/sobre\/author\/ebelohorizonte\/#author"},"image":{"@type":"ImageObject","url":"https:\/\/www.encontrabelohorizonte.com.br\/sobre\/wp-content\/uploads\/videos-mostram-local-apos-aviao-cair-e-bater-em-predio-de-bh-veja-imagens.webp","@id":"https:\/\/www.encontrabelohorizonte.com.br\/sobre\/videos-mostram-local-apos-aviao-cair-e-bater-em-predio-de-bh-veja-imagens\/#mainImage","width":280,"height":280,"caption":"queda de avi\u00e3o"},"primaryImageOfPage":{"@id":"https:\/\/www.encontrabelohorizonte.com.br\/sobre\/videos-mostram-local-apos-aviao-cair-e-bater-em-predio-de-bh-veja-imagens\/#mainImage"},"datePublished":"2026-05-05T05:17:25-03:00","dateModified":"2026-05-05T05:17:25-03:00"},{"@type":"WebSite","@id":"https:\/\/www.encontrabelohorizonte.com.br\/sobre\/#website","url":"https:\/\/www.encontrabelohorizonte.com.br\/sobre\/","name":"Encontra Belo Horizonte","description":"Not\u00edcias, eventos, informa\u00e7\u00f5es e dicas da cidade de Belo Horizonte e regi\u00e3o","inLanguage":"pt-BR","publisher":{"@id":"https:\/\/www.encontrabelohorizonte.com.br\/sobre\/#organization"}}]},"og:locale":"pt_BR","og:site_name":"Encontra Belo Horizonte | Not\u00edcias, eventos, informa\u00e7\u00f5es e dicas da cidade de Belo Horizonte e regi\u00e3o","og:type":"article","og:title":"V\u00eddeos mostram local ap\u00f3s avi\u00e3o cair e bater em pr\u00e9dio de BH; veja imagens | Encontra Belo Horizonte","og:description":"V\u00eddeos mostram o tr\u00e1gico acidente de avi\u00e3o que atingiu um pr\u00e9dio em BH.","og:url":"https:\/\/www.encontrabelohorizonte.com.br\/sobre\/videos-mostram-local-apos-aviao-cair-e-bater-em-predio-de-bh-veja-imagens\/","article:published_time":"2026-05-05T08:17:25+00:00","article:modified_time":"2026-05-05T08:17:25+00:00","twitter:card":"summary","twitter:title":"V\u00eddeos mostram local ap\u00f3s avi\u00e3o cair e bater em pr\u00e9dio de BH; veja imagens | Encontra Belo Horizonte","twitter:description":"V\u00eddeos mostram o tr\u00e1gico acidente de avi\u00e3o que atingiu um pr\u00e9dio em BH."},"aioseo_meta_data":{"post_id":"3975","title":null,"description":null,"keywords":null,"keyphrases":null,"primary_term":null,"canonical_url":null,"og_title":null,"og_description":null,"og_object_type":"default","og_image_type":"default","og_image_url":null,"og_image_width":null,"og_image_height":null,"og_image_custom_url":null,"og_image_custom_fields":null,"og_video":null,"og_custom_url":null,"og_article_section":null,"og_article_tags":null,"twitter_use_og":false,"twitter_card":"default","twitter_image_type":"default","twitter_image_url":null,"twitter_image_custom_url":null,"twitter_image_custom_fields":null,"twitter_title":null,"twitter_description":null,"schema":{"blockGraphs":[],"customGraphs":[],"default":{"data":{"Article":[],"Course":[],"Dataset":[],"FAQPage":[],"Movie":[],"Person":[],"Product":[],"ProductReview":[],"Car":[],"Recipe":[],"Service":[],"SoftwareApplication":[],"WebPage":[]},"graphName":"WebPage","isEnabled":true},"graphs":[]},"schema_type":"default","schema_type_options":null,"pillar_content":false,"robots_default":true,"robots_noindex":false,"robots_noarchive":false,"robots_nosnippet":false,"robots_nofollow":false,"robots_noimageindex":false,"robots_noodp":false,"robots_notranslate":false,"robots_max_snippet":null,"robots_max_videopreview":null,"robots_max_imagepreview":"large","priority":null,"frequency":null,"local_seo":null,"breadcrumb_settings":null,"limit_modified_date":false,"ai":null,"created":"2026-05-05 08:17:28","updated":"2026-05-05 08:25:05","focus_keyword":null,"additional_keywords":null,"truseo_locale":null,"seo_analyzer_scan_date":null},"aioseo_breadcrumb":"<div class=\"aioseo-breadcrumbs\"><span class=\"aioseo-breadcrumb\">\n\t\t\t<a href=\"https:\/\/www.encontrabelohorizonte.com.br\/sobre\" title=\"In\u00edcio\">In\u00edcio<\/a>\n\t\t<\/span><span class=\"aioseo-breadcrumb-separator\">&raquo;<\/span><span class=\"aioseo-breadcrumb\">\n\t\t\t<a href=\"https:\/\/www.encontrabelohorizonte.com.br\/sobre\/noticias\/\" title=\"Not\u00edcias Belo Horizonte\">Not\u00edcias Belo Horizonte<\/a>\n\t\t<\/span><span class=\"aioseo-breadcrumb-separator\">&raquo;<\/span><span class=\"aioseo-breadcrumb\">\n\t\t\tV\u00eddeos mostram local ap\u00f3s avi\u00e3o cair e bater em pr\u00e9dio de BH; veja imagens\n\t\t<\/span><\/div>","aioseo_breadcrumb_json":[{"label":"In\u00edcio","link":"https:\/\/www.encontrabelohorizonte.com.br\/sobre"},{"label":"Not\u00edcias Belo Horizonte","link":"https:\/\/www.encontrabelohorizonte.com.br\/sobre\/noticias\/"},{"label":"V\u00eddeos mostram local ap\u00f3s avi\u00e3o cair e bater em pr\u00e9dio de BH; veja imagens","link":"https:\/\/www.encontrabelohorizonte.com.br\/sobre\/videos-mostram-local-apos-aviao-cair-e-bater-em-predio-de-bh-veja-imagens\/"}],"_links":{"self":[{"href":"https:\/\/www.encontrabelohorizonte.com.br\/sobre\/wp-json\/wp\/v2\/posts\/3975","targetHints":{"allow":["GET"]}}],"collection":[{"href":"https:\/\/www.encontrabelohorizonte.com.br\/sobre\/wp-json\/wp\/v2\/posts"}],"about":[{"href":"https:\/\/www.encontrabelohorizonte.com.br\/sobre\/wp-json\/wp\/v2\/types\/post"}],"author":[{"embeddable":true,"href":"https:\/\/www.encontrabelohorizonte.com.br\/sobre\/wp-json\/wp\/v2\/users\/1"}],"replies":[{"embeddable":true,"href":"https:\/\/www.encontrabelohorizonte.com.br\/sobre\/wp-json\/wp\/v2\/comments?post=3975"}],"version-history":[{"count":0,"href":"https:\/\/www.encontrabelohorizonte.com.br\/sobre\/wp-json\/wp\/v2\/posts\/3975\/revisions"}],"wp:featuredmedia":[{"embeddable":true,"href":"https:\/\/www.encontrabelohorizonte.com.br\/sobre\/wp-json\/wp\/v2\/media\/3974"}],"wp:attachment":[{"href":"https:\/\/www.encontrabelohorizonte.com.br\/sobre\/wp-json\/wp\/v2\/media?parent=3975"}],"wp:term":[{"taxonomy":"category","embeddable":true,"href":"https:\/\/www.encontrabelohorizonte.com.br\/sobre\/wp-json\/wp\/v2\/categories?post=3975"},{"taxonomy":"post_tag","embeddable":true,"href":"https:\/\/www.encontrabelohorizonte.com.br\/sobre\/wp-json\/wp\/v2\/tags?post=3975"}],"curies":[{"name":"wp","href":"https:\/\/api.w.org\/{rel}","templated":true}]}}