{"id":3997,"date":"2026-05-09T05:16:45","date_gmt":"2026-05-09T08:16:45","guid":{"rendered":"https:\/\/www.encontrabelohorizonte.com.br\/sobre\/detran\/"},"modified":"2026-05-09T05:16:45","modified_gmt":"2026-05-09T08:16:45","slug":"detran","status":"publish","type":"post","link":"https:\/\/www.encontrabelohorizonte.com.br\/sobre\/detran\/","title":{"rendered":"Detran"},"content":{"rendered":"<div class=\"2e083cf0b19e2c11948dc6ac054ba979\" data-index=\"1\" style=\"float: none; margin:0px;\">\n<!-- Anuncio display - global -->\r\n<ins class=\"adsbygoogle\"\r\n     style=\"display:block\"\r\n     data-ad-client=\"ca-pub-8585364105181520\"\r\n     data-ad-slot=\"8789329856\"\r\n     data-ad-format=\"auto\"\r\n     data-full-width-responsive=\"true\"><\/ins>\r\n<script>\r\n     (adsbygoogle = window.adsbygoogle || []).push({});\r\n<\/script>\n<\/div>\n<h2>A Import\u00e2ncia da Seguran\u00e7a no Tr\u00e2nsito<\/h2>\n<p>A seguran\u00e7a no tr\u00e2nsito \u00e9 um tema de grande relev\u00e2ncia, principalmente em um pa\u00eds com altos \u00edndices de acidentes. A promo\u00e7\u00e3o de a\u00e7\u00f5es educativas e a conscientiza\u00e7\u00e3o da popula\u00e7\u00e3o t\u00eam um papel fundamental na redu\u00e7\u00e3o de acidentes e na prote\u00e7\u00e3o de vidas. O Detran-MG, por exemplo, atua na sensibiliza\u00e7\u00e3o de motoristas, pedestres e passageiros a fim de fomentar comportamentos seguros.<\/p>\n<h2>Objetivos da A\u00e7\u00e3o Educativa do Detran-MG<\/h2>\n<p>A a\u00e7\u00e3o educativa do Detran-MG visa alertar a popula\u00e7\u00e3o sobre a import\u00e2ncia de seguir as normas de tr\u00e2nsito. Entre os principais objetivos est\u00e3o:<\/p>\n<ul>\n<li>Conscientizar motoristas e passageiros sobre o uso correto de dispositivos de seguran\u00e7a;<\/li>\n<li>Refor\u00e7ar o respeito \u00e0s faixas de pedestres e \u00e0s \u00e1reas de embarque e desembarque;<\/li>\n<li>Promover campanhas de preven\u00e7\u00e3o de acidentes especialmente em \u00e9pocas de maior movimenta\u00e7\u00e3o, como no Dia das M\u00e3es.<\/li>\n<\/ul>\n<h2>Campanha Maio Amarelo: O que \u00e9?<\/h2>\n<p>O Maio Amarelo \u00e9 uma campanha internacional que tem como meta chamar a aten\u00e7\u00e3o da sociedade para as quest\u00f5es relacionadas \u00e0 seguran\u00e7a no tr\u00e2nsito. Criado para alertar a popula\u00e7\u00e3o sobre os altos \u00edndices de mortalidade e acidentes, o movimento busca envolver \u00f3rg\u00e3os p\u00fablicos e a popula\u00e7\u00e3o em geral em um esfor\u00e7o conjunto por um tr\u00e2nsito mais seguro.<\/p>\n<p><img decoding=\"async\" src=\"https:\/\/www.encontrabelohorizonte.com.br\/sobre\/wp-content\/uploads\/detran.webp\" alt=\"Detran-MG\" loading=\"lazy\" \/><\/p>\n<h2>Intera\u00e7\u00e3o com o P\u00fablico: Como Funciona?<\/h2>\n<p>A intera\u00e7\u00e3o com o p\u00fablico durante a a\u00e7\u00e3o do Detran-MG \u00e9 feita atrav\u00e9s de abordagens diretas, distribui\u00e7\u00e3o de materiais informativos e orienta\u00e7\u00f5es sobre a seguran\u00e7a vi\u00e1ria. Equipes especializadas conversam com motoristas, pedestres e passageiros, esclarecendo d\u00favidas e promovendo um di\u00e1logo ativo sobre pr\u00e1ticas seguras.<\/p>\n<h2>Parcerias Estrat\u00e9gicas para a Mobiliza\u00e7\u00e3o<\/h2>\n<p>Para a execu\u00e7\u00e3o desta a\u00e7\u00e3o, o Detran-MG conta com a colabora\u00e7\u00e3o de v\u00e1rias institui\u00e7\u00f5es, incluindo:<\/p>\n<ul>\n<li>Pol\u00edcia Militar de Minas Gerais (PMMG);<\/li>\n<li>Corpo de Bombeiros Militar (CBMMG);<\/li>\n<li>Pol\u00edcia Rodovi\u00e1ria Federal (PRF);<\/li>\n<li>Departamento de Estradas de Rodagem (DER-MG);<\/li>\n<li>BHTrans.<\/li>\n<\/ul>\n<p>Essas parcerias s\u00e3o fundamentais para assegurar que a mensagem de seguran\u00e7a chegue a um maior n\u00famero de pessoas e com maior impacto.<\/p>\n<h2>Uso do Cinto de Seguran\u00e7a: Estat\u00edsticas e Benef\u00edcios<\/h2>\n<p>O uso do cinto de seguran\u00e7a \u00e9 uma das formas mais eficazes de reduzir o risco de les\u00f5es e mortes em acidentes de tr\u00e2nsito. De acordo com a Associa\u00e7\u00e3o Brasileira de Medicina do Tr\u00e1fego (Abramet), o uso do cinto pode diminuir em at\u00e9 60% a probabilidade de fatalidade e ferimentos graves. Isso vale para todos os tipos de transporte, incluindo \u00f4nibus e ve\u00edculos de aplicativo.<\/p>\n<h2>Orienta\u00e7\u00f5es para Passageiros e Motoristas<\/h2>\n<p>Durante a a\u00e7\u00e3o educativa, s\u00e3o repassadas orienta\u00e7\u00f5es essenciais para a seguran\u00e7a de todos os usu\u00e1rios do tr\u00e2nsito. Dentre as principais dicas, destacam-se:<\/p>\n<ul>\n<li>Utilizar sempre o cinto de seguran\u00e7a, independentemente do ve\u00edculo;<\/li>\n<li>Respeitar as faixas de pedestre ao atravessar;<\/li>\n<li>Evitar paradas irregulares que comprometam a fluidez do tr\u00e2nsito.<\/li>\n<\/ul>\n<h2>A Relev\u00e2ncia das Normas de Embarque<\/h2>\n<p>Respeitar as normas de embarque e desembarque \u00e9 crucial para a seguran\u00e7a no tr\u00e2nsito. A desobedi\u00eancia a essas normas pode resultar em acidentes e coloca em risco tanto os passageiros quanto os motoristas. A educa\u00e7\u00e3o sobre como e onde embarcar e desembarcar pode evitar situa\u00e7\u00f5es perigosas.<\/p>\n<h2>Conscientiza\u00e7\u00e3o no M\u00eas das M\u00e3es<\/h2>\n<p>O Dia das M\u00e3es representa um momento de intensa movimenta\u00e7\u00e3o nas rodovi\u00e1rias. Nesse contexto, a a\u00e7\u00e3o do Detran-MG busca refor\u00e7ar a import\u00e2ncia de comportamentos seguros, tanto para aqueles que viajam quanto para os que est\u00e3o na estrada. A conscientiza\u00e7\u00e3o durante esse per\u00edodo \u00e9 vital, uma vez que os \u00edndices de acidentes tendem a subir devido ao aumento do fluxo de ve\u00edculos.<\/p>\n<h2>O Impacto de A\u00e7\u00f5es Educativas no Tr\u00e2nsito<\/h2>\n<p>A realiza\u00e7\u00e3o de a\u00e7\u00f5es educativas tem mostrado resultados positivos na diminui\u00e7\u00e3o de acidentes de tr\u00e2nsito. Ao informar e educar a popula\u00e7\u00e3o, \u00e9 poss\u00edvel mudar h\u00e1bitos e promover um comportamento mais respons\u00e1vel no tr\u00e2nsito. O Detran-MG \u00e9 um dos protagonistas nessas iniciativas, contribuindo para um tr\u00e2nsito mais seguro e humano em Minas Gerais.<\/p>\n\n<div style=\"font-size: 0px; height: 0px; line-height: 0px; margin: 0; padding: 0; clear: both;\"><\/div>","protected":false},"excerpt":{"rendered":"<p>Detran-MG promove a\u00e7\u00e3o educativa na rodovi\u00e1ria para refor\u00e7ar a seguran\u00e7a no tr\u00e2nsito.<\/p>\n","protected":false},"author":1,"featured_media":3996,"comment_status":"closed","ping_status":"closed","sticky":false,"template":"","format":"standard","meta":{"footnotes":""},"categories":[6],"tags":[],"class_list":["post-3997","post","type-post","status-publish","format-standard","has-post-thumbnail","hentry","category-noticias","has_thumb"],"aioseo_notices":[],"aioseo_head":"\n\t\t<!-- All in One SEO 5.0.0.1 - aioseo.com -->\n\t<meta name=\"description\" content=\"Detran-MG promove a\u00e7\u00e3o educativa na rodovi\u00e1ria para refor\u00e7ar a seguran\u00e7a no tr\u00e2nsito.\" \/>\n\t<meta name=\"robots\" content=\"max-image-preview:large\" \/>\n\t<meta name=\"author\" content=\"Encontra Belo Horizonte\"\/>\n\t<link rel=\"canonical\" href=\"https:\/\/www.encontrabelohorizonte.com.br\/sobre\/detran\/\" \/>\n\t<meta name=\"generator\" content=\"All in One SEO (AIOSEO) 5.0.0.1\" \/>\n\t\t<meta property=\"og:locale\" content=\"pt_BR\" \/>\n\t\t<meta property=\"og:site_name\" content=\"Encontra Belo Horizonte | Not\u00edcias, eventos, informa\u00e7\u00f5es e dicas da cidade de Belo Horizonte e regi\u00e3o\" \/>\n\t\t<meta property=\"og:type\" content=\"article\" \/>\n\t\t<meta property=\"og:title\" content=\"Detran | Encontra Belo Horizonte\" \/>\n\t\t<meta property=\"og:description\" content=\"Detran-MG promove a\u00e7\u00e3o educativa na rodovi\u00e1ria para refor\u00e7ar a seguran\u00e7a no tr\u00e2nsito.\" \/>\n\t\t<meta property=\"og:url\" content=\"https:\/\/www.encontrabelohorizonte.com.br\/sobre\/detran\/\" \/>\n\t\t<meta property=\"article:published_time\" content=\"2026-05-09T08:16:45+00:00\" \/>\n\t\t<meta property=\"article:modified_time\" content=\"2026-05-09T08:16:45+00:00\" \/>\n\t\t<meta name=\"twitter:card\" content=\"summary\" \/>\n\t\t<meta name=\"twitter:title\" content=\"Detran | Encontra Belo Horizonte\" \/>\n\t\t<meta name=\"twitter:description\" content=\"Detran-MG promove a\u00e7\u00e3o educativa na rodovi\u00e1ria para refor\u00e7ar a seguran\u00e7a no tr\u00e2nsito.\" \/>\n\t\t<script type=\"application\/ld+json\" class=\"aioseo-schema\">\n\t\t\t{\"@context\":\"https:\\\/\\\/schema.org\",\"@graph\":[{\"@type\":\"Article\",\"@id\":\"https:\\\/\\\/www.encontrabelohorizonte.com.br\\\/sobre\\\/detran\\\/#article\",\"name\":\"Detran | Encontra Belo Horizonte\",\"headline\":\"Detran\",\"author\":{\"@id\":\"https:\\\/\\\/www.encontrabelohorizonte.com.br\\\/sobre\\\/author\\\/ebelohorizonte\\\/#author\"},\"publisher\":{\"@id\":\"https:\\\/\\\/www.encontrabelohorizonte.com.br\\\/sobre\\\/#organization\"},\"image\":{\"@type\":\"ImageObject\",\"url\":\"https:\\\/\\\/www.encontrabelohorizonte.com.br\\\/sobre\\\/wp-content\\\/uploads\\\/detran.webp\",\"width\":280,\"height\":280,\"caption\":\"Detran-MG\"},\"datePublished\":\"2026-05-09T05:16:45-03:00\",\"dateModified\":\"2026-05-09T05:16:45-03:00\",\"inLanguage\":\"pt-BR\",\"mainEntityOfPage\":{\"@id\":\"https:\\\/\\\/www.encontrabelohorizonte.com.br\\\/sobre\\\/detran\\\/#webpage\"},\"isPartOf\":{\"@id\":\"https:\\\/\\\/www.encontrabelohorizonte.com.br\\\/sobre\\\/detran\\\/#webpage\"},\"articleSection\":\"Not\\u00edcias Belo Horizonte\"},{\"@type\":\"BreadcrumbList\",\"@id\":\"https:\\\/\\\/www.encontrabelohorizonte.com.br\\\/sobre\\\/detran\\\/#breadcrumblist\",\"itemListElement\":[{\"@type\":\"ListItem\",\"@id\":\"https:\\\/\\\/www.encontrabelohorizonte.com.br\\\/sobre#listItem\",\"position\":1,\"name\":\"In\\u00edcio\",\"item\":\"https:\\\/\\\/www.encontrabelohorizonte.com.br\\\/sobre\",\"nextItem\":{\"@type\":\"ListItem\",\"@id\":\"https:\\\/\\\/www.encontrabelohorizonte.com.br\\\/sobre\\\/noticias\\\/#listItem\",\"name\":\"Not\\u00edcias Belo Horizonte\"}},{\"@type\":\"ListItem\",\"@id\":\"https:\\\/\\\/www.encontrabelohorizonte.com.br\\\/sobre\\\/noticias\\\/#listItem\",\"position\":2,\"name\":\"Not\\u00edcias Belo Horizonte\",\"item\":\"https:\\\/\\\/www.encontrabelohorizonte.com.br\\\/sobre\\\/noticias\\\/\",\"nextItem\":{\"@type\":\"ListItem\",\"@id\":\"https:\\\/\\\/www.encontrabelohorizonte.com.br\\\/sobre\\\/detran\\\/#listItem\",\"name\":\"Detran\"},\"previousItem\":{\"@type\":\"ListItem\",\"@id\":\"https:\\\/\\\/www.encontrabelohorizonte.com.br\\\/sobre#listItem\",\"name\":\"In\\u00edcio\"}},{\"@type\":\"ListItem\",\"@id\":\"https:\\\/\\\/www.encontrabelohorizonte.com.br\\\/sobre\\\/detran\\\/#listItem\",\"position\":3,\"name\":\"Detran\",\"previousItem\":{\"@type\":\"ListItem\",\"@id\":\"https:\\\/\\\/www.encontrabelohorizonte.com.br\\\/sobre\\\/noticias\\\/#listItem\",\"name\":\"Not\\u00edcias Belo Horizonte\"}}]},{\"@type\":\"Organization\",\"@id\":\"https:\\\/\\\/www.encontrabelohorizonte.com.br\\\/sobre\\\/#organization\",\"name\":\"Encontra Belo Horizonte\",\"description\":\"Not\\u00edcias, eventos, informa\\u00e7\\u00f5es e dicas da cidade de Belo Horizonte e regi\\u00e3o\",\"url\":\"https:\\\/\\\/www.encontrabelohorizonte.com.br\\\/sobre\\\/\"},{\"@type\":\"Person\",\"@id\":\"https:\\\/\\\/www.encontrabelohorizonte.com.br\\\/sobre\\\/author\\\/ebelohorizonte\\\/#author\",\"url\":\"https:\\\/\\\/www.encontrabelohorizonte.com.br\\\/sobre\\\/author\\\/ebelohorizonte\\\/\",\"name\":\"Encontra Belo Horizonte\",\"image\":{\"@type\":\"ImageObject\",\"@id\":\"https:\\\/\\\/www.encontrabelohorizonte.com.br\\\/sobre\\\/detran\\\/#authorImage\",\"url\":\"https:\\\/\\\/secure.gravatar.com\\\/avatar\\\/507340682b8270222e1f208e23198b6ae7e2c6a1033ae84e99bc6bce4f82a387?s=96&d=mm&r=g\",\"width\":96,\"height\":96,\"caption\":\"Encontra Belo Horizonte\"}},{\"@type\":\"WebPage\",\"@id\":\"https:\\\/\\\/www.encontrabelohorizonte.com.br\\\/sobre\\\/detran\\\/#webpage\",\"url\":\"https:\\\/\\\/www.encontrabelohorizonte.com.br\\\/sobre\\\/detran\\\/\",\"name\":\"Detran | Encontra Belo Horizonte\",\"description\":\"Detran-MG promove a\\u00e7\\u00e3o educativa na rodovi\\u00e1ria para refor\\u00e7ar a seguran\\u00e7a no tr\\u00e2nsito.\",\"inLanguage\":\"pt-BR\",\"isPartOf\":{\"@id\":\"https:\\\/\\\/www.encontrabelohorizonte.com.br\\\/sobre\\\/#website\"},\"breadcrumb\":{\"@id\":\"https:\\\/\\\/www.encontrabelohorizonte.com.br\\\/sobre\\\/detran\\\/#breadcrumblist\"},\"author\":{\"@id\":\"https:\\\/\\\/www.encontrabelohorizonte.com.br\\\/sobre\\\/author\\\/ebelohorizonte\\\/#author\"},\"creator\":{\"@id\":\"https:\\\/\\\/www.encontrabelohorizonte.com.br\\\/sobre\\\/author\\\/ebelohorizonte\\\/#author\"},\"image\":{\"@type\":\"ImageObject\",\"url\":\"https:\\\/\\\/www.encontrabelohorizonte.com.br\\\/sobre\\\/wp-content\\\/uploads\\\/detran.webp\",\"@id\":\"https:\\\/\\\/www.encontrabelohorizonte.com.br\\\/sobre\\\/detran\\\/#mainImage\",\"width\":280,\"height\":280,\"caption\":\"Detran-MG\"},\"primaryImageOfPage\":{\"@id\":\"https:\\\/\\\/www.encontrabelohorizonte.com.br\\\/sobre\\\/detran\\\/#mainImage\"},\"datePublished\":\"2026-05-09T05:16:45-03:00\",\"dateModified\":\"2026-05-09T05:16:45-03:00\"},{\"@type\":\"WebSite\",\"@id\":\"https:\\\/\\\/www.encontrabelohorizonte.com.br\\\/sobre\\\/#website\",\"url\":\"https:\\\/\\\/www.encontrabelohorizonte.com.br\\\/sobre\\\/\",\"name\":\"Encontra Belo Horizonte\",\"description\":\"Not\\u00edcias, eventos, informa\\u00e7\\u00f5es e dicas da cidade de Belo Horizonte e regi\\u00e3o\",\"inLanguage\":\"pt-BR\",\"publisher\":{\"@id\":\"https:\\\/\\\/www.encontrabelohorizonte.com.br\\\/sobre\\\/#organization\"}}]}\n\t\t<\/script>\n\t\t<!-- All in One SEO -->\n\n","aioseo_head_json":{"title":"Detran | Encontra Belo Horizonte","description":"Detran-MG promove a\u00e7\u00e3o educativa na rodovi\u00e1ria para refor\u00e7ar a seguran\u00e7a no tr\u00e2nsito.","canonical_url":"https:\/\/www.encontrabelohorizonte.com.br\/sobre\/detran\/","robots":"max-image-preview:large","keywords":"","webmasterTools":{"miscellaneous":""},"schema":{"@context":"https:\/\/schema.org","@graph":[{"@type":"Article","@id":"https:\/\/www.encontrabelohorizonte.com.br\/sobre\/detran\/#article","name":"Detran | Encontra Belo Horizonte","headline":"Detran","author":{"@id":"https:\/\/www.encontrabelohorizonte.com.br\/sobre\/author\/ebelohorizonte\/#author"},"publisher":{"@id":"https:\/\/www.encontrabelohorizonte.com.br\/sobre\/#organization"},"image":{"@type":"ImageObject","url":"https:\/\/www.encontrabelohorizonte.com.br\/sobre\/wp-content\/uploads\/detran.webp","width":280,"height":280,"caption":"Detran-MG"},"datePublished":"2026-05-09T05:16:45-03:00","dateModified":"2026-05-09T05:16:45-03:00","inLanguage":"pt-BR","mainEntityOfPage":{"@id":"https:\/\/www.encontrabelohorizonte.com.br\/sobre\/detran\/#webpage"},"isPartOf":{"@id":"https:\/\/www.encontrabelohorizonte.com.br\/sobre\/detran\/#webpage"},"articleSection":"Not\u00edcias Belo Horizonte"},{"@type":"BreadcrumbList","@id":"https:\/\/www.encontrabelohorizonte.com.br\/sobre\/detran\/#breadcrumblist","itemListElement":[{"@type":"ListItem","@id":"https:\/\/www.encontrabelohorizonte.com.br\/sobre#listItem","position":1,"name":"In\u00edcio","item":"https:\/\/www.encontrabelohorizonte.com.br\/sobre","nextItem":{"@type":"ListItem","@id":"https:\/\/www.encontrabelohorizonte.com.br\/sobre\/noticias\/#listItem","name":"Not\u00edcias Belo Horizonte"}},{"@type":"ListItem","@id":"https:\/\/www.encontrabelohorizonte.com.br\/sobre\/noticias\/#listItem","position":2,"name":"Not\u00edcias Belo Horizonte","item":"https:\/\/www.encontrabelohorizonte.com.br\/sobre\/noticias\/","nextItem":{"@type":"ListItem","@id":"https:\/\/www.encontrabelohorizonte.com.br\/sobre\/detran\/#listItem","name":"Detran"},"previousItem":{"@type":"ListItem","@id":"https:\/\/www.encontrabelohorizonte.com.br\/sobre#listItem","name":"In\u00edcio"}},{"@type":"ListItem","@id":"https:\/\/www.encontrabelohorizonte.com.br\/sobre\/detran\/#listItem","position":3,"name":"Detran","previousItem":{"@type":"ListItem","@id":"https:\/\/www.encontrabelohorizonte.com.br\/sobre\/noticias\/#listItem","name":"Not\u00edcias Belo Horizonte"}}]},{"@type":"Organization","@id":"https:\/\/www.encontrabelohorizonte.com.br\/sobre\/#organization","name":"Encontra Belo Horizonte","description":"Not\u00edcias, eventos, informa\u00e7\u00f5es e dicas da cidade de Belo Horizonte e regi\u00e3o","url":"https:\/\/www.encontrabelohorizonte.com.br\/sobre\/"},{"@type":"Person","@id":"https:\/\/www.encontrabelohorizonte.com.br\/sobre\/author\/ebelohorizonte\/#author","url":"https:\/\/www.encontrabelohorizonte.com.br\/sobre\/author\/ebelohorizonte\/","name":"Encontra Belo Horizonte","image":{"@type":"ImageObject","@id":"https:\/\/www.encontrabelohorizonte.com.br\/sobre\/detran\/#authorImage","url":"https:\/\/secure.gravatar.com\/avatar\/507340682b8270222e1f208e23198b6ae7e2c6a1033ae84e99bc6bce4f82a387?s=96&d=mm&r=g","width":96,"height":96,"caption":"Encontra Belo Horizonte"}},{"@type":"WebPage","@id":"https:\/\/www.encontrabelohorizonte.com.br\/sobre\/detran\/#webpage","url":"https:\/\/www.encontrabelohorizonte.com.br\/sobre\/detran\/","name":"Detran | Encontra Belo Horizonte","description":"Detran-MG promove a\u00e7\u00e3o educativa na rodovi\u00e1ria para refor\u00e7ar a seguran\u00e7a no tr\u00e2nsito.","inLanguage":"pt-BR","isPartOf":{"@id":"https:\/\/www.encontrabelohorizonte.com.br\/sobre\/#website"},"breadcrumb":{"@id":"https:\/\/www.encontrabelohorizonte.com.br\/sobre\/detran\/#breadcrumblist"},"author":{"@id":"https:\/\/www.encontrabelohorizonte.com.br\/sobre\/author\/ebelohorizonte\/#author"},"creator":{"@id":"https:\/\/www.encontrabelohorizonte.com.br\/sobre\/author\/ebelohorizonte\/#author"},"image":{"@type":"ImageObject","url":"https:\/\/www.encontrabelohorizonte.com.br\/sobre\/wp-content\/uploads\/detran.webp","@id":"https:\/\/www.encontrabelohorizonte.com.br\/sobre\/detran\/#mainImage","width":280,"height":280,"caption":"Detran-MG"},"primaryImageOfPage":{"@id":"https:\/\/www.encontrabelohorizonte.com.br\/sobre\/detran\/#mainImage"},"datePublished":"2026-05-09T05:16:45-03:00","dateModified":"2026-05-09T05:16:45-03:00"},{"@type":"WebSite","@id":"https:\/\/www.encontrabelohorizonte.com.br\/sobre\/#website","url":"https:\/\/www.encontrabelohorizonte.com.br\/sobre\/","name":"Encontra Belo Horizonte","description":"Not\u00edcias, eventos, informa\u00e7\u00f5es e dicas da cidade de Belo Horizonte e regi\u00e3o","inLanguage":"pt-BR","publisher":{"@id":"https:\/\/www.encontrabelohorizonte.com.br\/sobre\/#organization"}}]},"og:locale":"pt_BR","og:site_name":"Encontra Belo Horizonte | Not\u00edcias, eventos, informa\u00e7\u00f5es e dicas da cidade de Belo Horizonte e regi\u00e3o","og:type":"article","og:title":"Detran | Encontra Belo Horizonte","og:description":"Detran-MG promove a\u00e7\u00e3o educativa na rodovi\u00e1ria para refor\u00e7ar a seguran\u00e7a no tr\u00e2nsito.","og:url":"https:\/\/www.encontrabelohorizonte.com.br\/sobre\/detran\/","article:published_time":"2026-05-09T08:16:45+00:00","article:modified_time":"2026-05-09T08:16:45+00:00","twitter:card":"summary","twitter:title":"Detran | Encontra Belo Horizonte","twitter:description":"Detran-MG promove a\u00e7\u00e3o educativa na rodovi\u00e1ria para refor\u00e7ar a seguran\u00e7a no tr\u00e2nsito."},"aioseo_meta_data":{"post_id":"3997","title":null,"description":null,"keywords":null,"keyphrases":null,"primary_term":null,"canonical_url":null,"og_title":null,"og_description":null,"og_object_type":"default","og_image_type":"default","og_image_url":null,"og_image_width":null,"og_image_height":null,"og_image_custom_url":null,"og_image_custom_fields":null,"og_video":null,"og_custom_url":null,"og_article_section":null,"og_article_tags":null,"twitter_use_og":false,"twitter_card":"default","twitter_image_type":"default","twitter_image_url":null,"twitter_image_custom_url":null,"twitter_image_custom_fields":null,"twitter_title":null,"twitter_description":null,"schema":{"blockGraphs":[],"customGraphs":[],"default":{"data":{"Article":[],"Course":[],"Dataset":[],"FAQPage":[],"Movie":[],"Person":[],"Product":[],"ProductReview":[],"Car":[],"Recipe":[],"Service":[],"SoftwareApplication":[],"WebPage":[]},"graphName":"Article","isEnabled":true},"graphs":[]},"schema_type":"default","schema_type_options":null,"pillar_content":false,"robots_default":true,"robots_noindex":false,"robots_noarchive":false,"robots_nosnippet":false,"robots_nofollow":false,"robots_noimageindex":false,"robots_noodp":false,"robots_notranslate":false,"robots_max_snippet":null,"robots_max_videopreview":null,"robots_max_imagepreview":"large","priority":null,"frequency":null,"local_seo":null,"breadcrumb_settings":null,"limit_modified_date":false,"ai":null,"created":"2026-05-09 08:16:49","updated":"2026-05-09 08:57:46","focus_keyword":null,"additional_keywords":null,"truseo_locale":null,"seo_analyzer_scan_date":null},"aioseo_breadcrumb":"<div class=\"aioseo-breadcrumbs\"><span class=\"aioseo-breadcrumb\">\n\t\t\t<a href=\"https:\/\/www.encontrabelohorizonte.com.br\/sobre\" title=\"In\u00edcio\">In\u00edcio<\/a>\n\t\t<\/span><span class=\"aioseo-breadcrumb-separator\">&raquo;<\/span><span class=\"aioseo-breadcrumb\">\n\t\t\t<a href=\"https:\/\/www.encontrabelohorizonte.com.br\/sobre\/noticias\/\" title=\"Not\u00edcias Belo Horizonte\">Not\u00edcias Belo Horizonte<\/a>\n\t\t<\/span><span class=\"aioseo-breadcrumb-separator\">&raquo;<\/span><span class=\"aioseo-breadcrumb\">\n\t\t\tDetran\n\t\t<\/span><\/div>","aioseo_breadcrumb_json":[{"label":"In\u00edcio","link":"https:\/\/www.encontrabelohorizonte.com.br\/sobre"},{"label":"Not\u00edcias Belo Horizonte","link":"https:\/\/www.encontrabelohorizonte.com.br\/sobre\/noticias\/"},{"label":"Detran","link":"https:\/\/www.encontrabelohorizonte.com.br\/sobre\/detran\/"}],"_links":{"self":[{"href":"https:\/\/www.encontrabelohorizonte.com.br\/sobre\/wp-json\/wp\/v2\/posts\/3997","targetHints":{"allow":["GET"]}}],"collection":[{"href":"https:\/\/www.encontrabelohorizonte.com.br\/sobre\/wp-json\/wp\/v2\/posts"}],"about":[{"href":"https:\/\/www.encontrabelohorizonte.com.br\/sobre\/wp-json\/wp\/v2\/types\/post"}],"author":[{"embeddable":true,"href":"https:\/\/www.encontrabelohorizonte.com.br\/sobre\/wp-json\/wp\/v2\/users\/1"}],"replies":[{"embeddable":true,"href":"https:\/\/www.encontrabelohorizonte.com.br\/sobre\/wp-json\/wp\/v2\/comments?post=3997"}],"version-history":[{"count":0,"href":"https:\/\/www.encontrabelohorizonte.com.br\/sobre\/wp-json\/wp\/v2\/posts\/3997\/revisions"}],"wp:featuredmedia":[{"embeddable":true,"href":"https:\/\/www.encontrabelohorizonte.com.br\/sobre\/wp-json\/wp\/v2\/media\/3996"}],"wp:attachment":[{"href":"https:\/\/www.encontrabelohorizonte.com.br\/sobre\/wp-json\/wp\/v2\/media?parent=3997"}],"wp:term":[{"taxonomy":"category","embeddable":true,"href":"https:\/\/www.encontrabelohorizonte.com.br\/sobre\/wp-json\/wp\/v2\/categories?post=3997"},{"taxonomy":"post_tag","embeddable":true,"href":"https:\/\/www.encontrabelohorizonte.com.br\/sobre\/wp-json\/wp\/v2\/tags?post=3997"}],"curies":[{"name":"wp","href":"https:\/\/api.w.org\/{rel}","templated":true}]}}