{"id":4011,"date":"2026-05-14T05:15:54","date_gmt":"2026-05-14T08:15:54","guid":{"rendered":"https:\/\/www.encontrabelohorizonte.com.br\/sobre\/agenda-funarte-mg-no-dia-mundial-do-livro-belo-horizonte-recebe-a-teia-da-leitura-2026\/"},"modified":"2026-05-14T05:15:54","modified_gmt":"2026-05-14T08:15:54","slug":"agenda-funarte-mg-no-dia-mundial-do-livro-belo-horizonte-recebe-a-teia-da-leitura-2026","status":"publish","type":"post","link":"https:\/\/www.encontrabelohorizonte.com.br\/sobre\/agenda-funarte-mg-no-dia-mundial-do-livro-belo-horizonte-recebe-a-teia-da-leitura-2026\/","title":{"rendered":"[Agenda Funarte MG] No Dia Mundial do livro, Belo Horizonte recebe a Teia da Leitura 2026"},"content":{"rendered":"<div class=\"2e083cf0b19e2c11948dc6ac054ba979\" data-index=\"1\" style=\"float: none; margin:0px;\">\n<!-- Anuncio display - global -->\r\n<ins class=\"adsbygoogle\"\r\n     style=\"display:block\"\r\n     data-ad-client=\"ca-pub-8585364105181520\"\r\n     data-ad-slot=\"8789329856\"\r\n     data-ad-format=\"auto\"\r\n     data-full-width-responsive=\"true\"><\/ins>\r\n<script>\r\n     (adsbygoogle = window.adsbygoogle || []).push({});\r\n<\/script>\n<\/div>\n<h2>O que esperar da Teia da Leitura 2026?<\/h2>\n<p>A Teia da Leitura 2026 \u00e9 um evento que marca a celebra\u00e7\u00e3o do Dia Mundial do Livro, se iniciando no dia 23 de abril em Belo Horizonte. Durante este evento, os participantes poder\u00e3o explorar diversos formatos de intera\u00e7\u00e3o com a literatura, al\u00e9m de debater sobre o futuro da leitura no Brasil. Com uma programa\u00e7\u00e3o rica, a Teia ser\u00e1 um espa\u00e7o para fortalecer as redes de pontos de cultura e promover o acesso aos livros e \u00e0 literatura como um direito de todos.<\/p>\n<h2>Programa\u00e7\u00e3o do evento em Belo Horizonte<\/h2>\n<p>O evento acontecer\u00e1 de 23 a 26 de abril e incluir\u00e1 uma s\u00e9rie de atividades como mesas de discuss\u00e3o, apresenta\u00e7\u00f5es art\u00edsticas, oficinas e lan\u00e7amentos de livros. O objetivo \u00e9 n\u00e3o s\u00f3 celebrar a literatura, mas tamb\u00e9m debater estrat\u00e9gias para a promo\u00e7\u00e3o da leitura em todo o pa\u00eds.<\/p>\n<h2>Oficinas e atividades interativas<\/h2>\n<p>Durante a Teia da Leitura 2026, ser\u00e3o oferecidas oficinas em pontos de leitura e espa\u00e7os culturais de base comunit\u00e1ria. Essas atividades ter\u00e3o como meta aprofundar a imers\u00e3o em pr\u00e1ticas de leitura e escrita, facilitando experi\u00eancias de aprendizagem que envolvem todos os participantes.<\/p>\n<p><img decoding=\"async\" src=\"https:\/\/www.encontrabelohorizonte.com.br\/sobre\/wp-content\/uploads\/agenda-funarte-mg-no-dia-mundial-do-livro-belo-horizonte-recebe-a-teia-da-leitura-2026.webp\" alt=\"Teia da Leitura 2026\" loading=\"lazy\" \/><\/p>\n<h2>Mesas de debate com especialistas<\/h2>\n<p>O evento contar\u00e1 com mesas redondas que trar\u00e3o \u00e0 tona temas relevantes sobre o Plano Nacional do Livro e Leitura, com a participa\u00e7\u00e3o de especialistas renomados. Discuss\u00f5es sobre experi\u00eancias transformadoras e o papel das bibliotecas comunit\u00e1rias ser\u00e3o centrais para a troca de ideias durante o evento.<\/p>\n<h2>Lan\u00e7amentos liter\u00e1rios imperd\u00edveis<\/h2>\n<p>Um dos destaques da programa\u00e7\u00e3o ser\u00e1 o lan\u00e7amento de livros por diversos autores. Esse momento n\u00e3o s\u00f3 permitir\u00e1 a divulga\u00e7\u00e3o de novas obras, mas tamb\u00e9m foca na import\u00e2ncia da literatura contempor\u00e2nea e suas contribui\u00e7\u00f5es para o cen\u00e1rio cultural brasileiro.<\/p>\n<h2>A import\u00e2ncia de celebrar o Dia do Livro<\/h2>\n<p>Celebrar o Dia Mundial do Livro \u00e9 essencial para lembrar o valor que a literatura tem em nossas vidas. A Teia da Leitura se prop\u00f5e a promover essa consci\u00eancia, destacando como a leitura pode enriquecer o conhecimento e fomentar a cidadania.<\/p>\n<h2>Como participar do evento em BH<\/h2>\n<p>A participa\u00e7\u00e3o na Teia da Leitura \u00e9 aberta ao p\u00fablico e contar\u00e1 com uma programa\u00e7\u00e3o diversificada que atender\u00e1 a diferentes faixas et\u00e1rias e interesses. Para participar, basta comparecer \u00e0 Funarte MG durante os dias do evento e se inscrever nas atividades que mais lhe interessarem.<\/p>\n<h2>Atra\u00e7\u00f5es art\u00edsticas que encantam<\/h2>\n<p>As apresenta\u00e7\u00f5es art\u00edsticas far\u00e3o parte da experi\u00eancia cultural da Teia, com performances que prometem encantar e engajar o p\u00fablico. Com artistas locais e nacionais, essas atra\u00e7\u00f5es enriquecer\u00e3o a viv\u00eancia dos participantes e trar\u00e3o um toque de alegria \u00e0 programa\u00e7\u00e3o.<\/p>\n<h2>Construindo uma comunidade leitora<\/h2>\n<p>Um dos objetivos primordiais do evento \u00e9 a constru\u00e7\u00e3o de uma comunidade leitora forte. O interc\u00e2mbio de ideias e o di\u00e1logo entre diferentes grupos culturais t\u00eam o potencial de unificar a sociedade em torno da literatura, tornando-a um espa\u00e7o de reflex\u00e3o e aprendizado.<\/p>\n<h2>O papel da cultura na forma\u00e7\u00e3o de leitores<\/h2>\n<p>A Teia da Leitura 2026 destaca a cultura como um pilar fundamental para a forma\u00e7\u00e3o de leitores cr\u00edticos e engajados. O envolvimento em atividades culturais pode estimular o gosto pela leitura e proporcionar experi\u00eancias significativas que ajudam a moldar o cidad\u00e3o do futuro.<\/p>\n\n<div style=\"font-size: 0px; height: 0px; line-height: 0px; margin: 0; padding: 0; clear: both;\"><\/div>","protected":false},"excerpt":{"rendered":"<p>Teia da Leitura 2026 traz eventos incr\u00edveis em Belo Horizonte.<\/p>\n","protected":false},"author":1,"featured_media":4010,"comment_status":"closed","ping_status":"closed","sticky":false,"template":"","format":"standard","meta":{"footnotes":""},"categories":[6],"tags":[],"class_list":["post-4011","post","type-post","status-publish","format-standard","has-post-thumbnail","hentry","category-noticias","has_thumb"],"aioseo_notices":[],"aioseo_head":"\n\t\t<!-- All in One SEO 5.0.0.1 - aioseo.com -->\n\t<meta name=\"description\" content=\"Teia da Leitura 2026 traz eventos incr\u00edveis em Belo Horizonte.\" \/>\n\t<meta name=\"robots\" content=\"max-image-preview:large\" \/>\n\t<meta name=\"author\" content=\"Encontra Belo Horizonte\"\/>\n\t<link rel=\"canonical\" href=\"https:\/\/www.encontrabelohorizonte.com.br\/sobre\/agenda-funarte-mg-no-dia-mundial-do-livro-belo-horizonte-recebe-a-teia-da-leitura-2026\/\" \/>\n\t<meta name=\"generator\" content=\"All in One SEO (AIOSEO) 5.0.0.1\" \/>\n\t\t<meta property=\"og:locale\" content=\"pt_BR\" \/>\n\t\t<meta property=\"og:site_name\" content=\"Encontra Belo Horizonte | Not\u00edcias, eventos, informa\u00e7\u00f5es e dicas da cidade de Belo Horizonte e regi\u00e3o\" \/>\n\t\t<meta property=\"og:type\" content=\"article\" \/>\n\t\t<meta property=\"og:title\" content=\"[Agenda Funarte MG] No Dia Mundial do livro, Belo Horizonte recebe a Teia da Leitura 2026 | Encontra Belo Horizonte\" \/>\n\t\t<meta property=\"og:description\" content=\"Teia da Leitura 2026 traz eventos incr\u00edveis em Belo Horizonte.\" \/>\n\t\t<meta property=\"og:url\" content=\"https:\/\/www.encontrabelohorizonte.com.br\/sobre\/agenda-funarte-mg-no-dia-mundial-do-livro-belo-horizonte-recebe-a-teia-da-leitura-2026\/\" \/>\n\t\t<meta property=\"article:published_time\" content=\"2026-05-14T08:15:54+00:00\" \/>\n\t\t<meta property=\"article:modified_time\" content=\"2026-05-14T08:15:54+00:00\" \/>\n\t\t<meta name=\"twitter:card\" content=\"summary\" \/>\n\t\t<meta name=\"twitter:title\" content=\"[Agenda Funarte MG] No Dia Mundial do livro, Belo Horizonte recebe a Teia da Leitura 2026 | Encontra Belo Horizonte\" \/>\n\t\t<meta name=\"twitter:description\" content=\"Teia da Leitura 2026 traz eventos incr\u00edveis em Belo Horizonte.\" \/>\n\t\t<script type=\"application\/ld+json\" class=\"aioseo-schema\">\n\t\t\t{\"@context\":\"https:\\\/\\\/schema.org\",\"@graph\":[{\"@type\":\"Article\",\"@id\":\"https:\\\/\\\/www.encontrabelohorizonte.com.br\\\/sobre\\\/agenda-funarte-mg-no-dia-mundial-do-livro-belo-horizonte-recebe-a-teia-da-leitura-2026\\\/#article\",\"name\":\"[Agenda Funarte MG] No Dia Mundial do livro, Belo Horizonte recebe a Teia da Leitura 2026 | Encontra Belo Horizonte\",\"headline\":\"[Agenda Funarte MG] No Dia Mundial do livro, Belo Horizonte recebe a Teia da Leitura 2026\",\"author\":{\"@id\":\"https:\\\/\\\/www.encontrabelohorizonte.com.br\\\/sobre\\\/author\\\/ebelohorizonte\\\/#author\"},\"publisher\":{\"@id\":\"https:\\\/\\\/www.encontrabelohorizonte.com.br\\\/sobre\\\/#organization\"},\"image\":{\"@type\":\"ImageObject\",\"url\":\"https:\\\/\\\/www.encontrabelohorizonte.com.br\\\/sobre\\\/wp-content\\\/uploads\\\/agenda-funarte-mg-no-dia-mundial-do-livro-belo-horizonte-recebe-a-teia-da-leitura-2026.webp\",\"width\":280,\"height\":280,\"caption\":\"Teia da Leitura 2026\"},\"datePublished\":\"2026-05-14T05:15:54-03:00\",\"dateModified\":\"2026-05-14T05:15:54-03:00\",\"inLanguage\":\"pt-BR\",\"mainEntityOfPage\":{\"@id\":\"https:\\\/\\\/www.encontrabelohorizonte.com.br\\\/sobre\\\/agenda-funarte-mg-no-dia-mundial-do-livro-belo-horizonte-recebe-a-teia-da-leitura-2026\\\/#webpage\"},\"isPartOf\":{\"@id\":\"https:\\\/\\\/www.encontrabelohorizonte.com.br\\\/sobre\\\/agenda-funarte-mg-no-dia-mundial-do-livro-belo-horizonte-recebe-a-teia-da-leitura-2026\\\/#webpage\"},\"articleSection\":\"Not\\u00edcias Belo Horizonte\"},{\"@type\":\"BreadcrumbList\",\"@id\":\"https:\\\/\\\/www.encontrabelohorizonte.com.br\\\/sobre\\\/agenda-funarte-mg-no-dia-mundial-do-livro-belo-horizonte-recebe-a-teia-da-leitura-2026\\\/#breadcrumblist\",\"itemListElement\":[{\"@type\":\"ListItem\",\"@id\":\"https:\\\/\\\/www.encontrabelohorizonte.com.br\\\/sobre#listItem\",\"position\":1,\"name\":\"In\\u00edcio\",\"item\":\"https:\\\/\\\/www.encontrabelohorizonte.com.br\\\/sobre\",\"nextItem\":{\"@type\":\"ListItem\",\"@id\":\"https:\\\/\\\/www.encontrabelohorizonte.com.br\\\/sobre\\\/noticias\\\/#listItem\",\"name\":\"Not\\u00edcias Belo Horizonte\"}},{\"@type\":\"ListItem\",\"@id\":\"https:\\\/\\\/www.encontrabelohorizonte.com.br\\\/sobre\\\/noticias\\\/#listItem\",\"position\":2,\"name\":\"Not\\u00edcias Belo Horizonte\",\"item\":\"https:\\\/\\\/www.encontrabelohorizonte.com.br\\\/sobre\\\/noticias\\\/\",\"nextItem\":{\"@type\":\"ListItem\",\"@id\":\"https:\\\/\\\/www.encontrabelohorizonte.com.br\\\/sobre\\\/agenda-funarte-mg-no-dia-mundial-do-livro-belo-horizonte-recebe-a-teia-da-leitura-2026\\\/#listItem\",\"name\":\"[Agenda Funarte MG] No Dia Mundial do livro, Belo Horizonte recebe a Teia da Leitura 2026\"},\"previousItem\":{\"@type\":\"ListItem\",\"@id\":\"https:\\\/\\\/www.encontrabelohorizonte.com.br\\\/sobre#listItem\",\"name\":\"In\\u00edcio\"}},{\"@type\":\"ListItem\",\"@id\":\"https:\\\/\\\/www.encontrabelohorizonte.com.br\\\/sobre\\\/agenda-funarte-mg-no-dia-mundial-do-livro-belo-horizonte-recebe-a-teia-da-leitura-2026\\\/#listItem\",\"position\":3,\"name\":\"[Agenda Funarte MG] No Dia Mundial do livro, Belo Horizonte recebe a Teia da Leitura 2026\",\"previousItem\":{\"@type\":\"ListItem\",\"@id\":\"https:\\\/\\\/www.encontrabelohorizonte.com.br\\\/sobre\\\/noticias\\\/#listItem\",\"name\":\"Not\\u00edcias Belo Horizonte\"}}]},{\"@type\":\"Organization\",\"@id\":\"https:\\\/\\\/www.encontrabelohorizonte.com.br\\\/sobre\\\/#organization\",\"name\":\"Encontra Belo Horizonte\",\"description\":\"Not\\u00edcias, eventos, informa\\u00e7\\u00f5es e dicas da cidade de Belo Horizonte e regi\\u00e3o\",\"url\":\"https:\\\/\\\/www.encontrabelohorizonte.com.br\\\/sobre\\\/\"},{\"@type\":\"Person\",\"@id\":\"https:\\\/\\\/www.encontrabelohorizonte.com.br\\\/sobre\\\/author\\\/ebelohorizonte\\\/#author\",\"url\":\"https:\\\/\\\/www.encontrabelohorizonte.com.br\\\/sobre\\\/author\\\/ebelohorizonte\\\/\",\"name\":\"Encontra Belo Horizonte\",\"image\":{\"@type\":\"ImageObject\",\"@id\":\"https:\\\/\\\/www.encontrabelohorizonte.com.br\\\/sobre\\\/agenda-funarte-mg-no-dia-mundial-do-livro-belo-horizonte-recebe-a-teia-da-leitura-2026\\\/#authorImage\",\"url\":\"https:\\\/\\\/secure.gravatar.com\\\/avatar\\\/507340682b8270222e1f208e23198b6ae7e2c6a1033ae84e99bc6bce4f82a387?s=96&d=mm&r=g\",\"width\":96,\"height\":96,\"caption\":\"Encontra Belo Horizonte\"}},{\"@type\":\"WebPage\",\"@id\":\"https:\\\/\\\/www.encontrabelohorizonte.com.br\\\/sobre\\\/agenda-funarte-mg-no-dia-mundial-do-livro-belo-horizonte-recebe-a-teia-da-leitura-2026\\\/#webpage\",\"url\":\"https:\\\/\\\/www.encontrabelohorizonte.com.br\\\/sobre\\\/agenda-funarte-mg-no-dia-mundial-do-livro-belo-horizonte-recebe-a-teia-da-leitura-2026\\\/\",\"name\":\"[Agenda Funarte MG] No Dia Mundial do livro, Belo Horizonte recebe a Teia da Leitura 2026 | Encontra Belo Horizonte\",\"description\":\"Teia da Leitura 2026 traz eventos incr\\u00edveis em Belo Horizonte.\",\"inLanguage\":\"pt-BR\",\"isPartOf\":{\"@id\":\"https:\\\/\\\/www.encontrabelohorizonte.com.br\\\/sobre\\\/#website\"},\"breadcrumb\":{\"@id\":\"https:\\\/\\\/www.encontrabelohorizonte.com.br\\\/sobre\\\/agenda-funarte-mg-no-dia-mundial-do-livro-belo-horizonte-recebe-a-teia-da-leitura-2026\\\/#breadcrumblist\"},\"author\":{\"@id\":\"https:\\\/\\\/www.encontrabelohorizonte.com.br\\\/sobre\\\/author\\\/ebelohorizonte\\\/#author\"},\"creator\":{\"@id\":\"https:\\\/\\\/www.encontrabelohorizonte.com.br\\\/sobre\\\/author\\\/ebelohorizonte\\\/#author\"},\"image\":{\"@type\":\"ImageObject\",\"url\":\"https:\\\/\\\/www.encontrabelohorizonte.com.br\\\/sobre\\\/wp-content\\\/uploads\\\/agenda-funarte-mg-no-dia-mundial-do-livro-belo-horizonte-recebe-a-teia-da-leitura-2026.webp\",\"@id\":\"https:\\\/\\\/www.encontrabelohorizonte.com.br\\\/sobre\\\/agenda-funarte-mg-no-dia-mundial-do-livro-belo-horizonte-recebe-a-teia-da-leitura-2026\\\/#mainImage\",\"width\":280,\"height\":280,\"caption\":\"Teia da Leitura 2026\"},\"primaryImageOfPage\":{\"@id\":\"https:\\\/\\\/www.encontrabelohorizonte.com.br\\\/sobre\\\/agenda-funarte-mg-no-dia-mundial-do-livro-belo-horizonte-recebe-a-teia-da-leitura-2026\\\/#mainImage\"},\"datePublished\":\"2026-05-14T05:15:54-03:00\",\"dateModified\":\"2026-05-14T05:15:54-03:00\"},{\"@type\":\"WebSite\",\"@id\":\"https:\\\/\\\/www.encontrabelohorizonte.com.br\\\/sobre\\\/#website\",\"url\":\"https:\\\/\\\/www.encontrabelohorizonte.com.br\\\/sobre\\\/\",\"name\":\"Encontra Belo Horizonte\",\"description\":\"Not\\u00edcias, eventos, informa\\u00e7\\u00f5es e dicas da cidade de Belo Horizonte e regi\\u00e3o\",\"inLanguage\":\"pt-BR\",\"publisher\":{\"@id\":\"https:\\\/\\\/www.encontrabelohorizonte.com.br\\\/sobre\\\/#organization\"}}]}\n\t\t<\/script>\n\t\t<!-- All in One SEO -->\n\n","aioseo_head_json":{"title":"[Agenda Funarte MG] No Dia Mundial do livro, Belo Horizonte recebe a Teia da Leitura 2026 | Encontra Belo Horizonte","description":"Teia da Leitura 2026 traz eventos incr\u00edveis em Belo Horizonte.","canonical_url":"https:\/\/www.encontrabelohorizonte.com.br\/sobre\/agenda-funarte-mg-no-dia-mundial-do-livro-belo-horizonte-recebe-a-teia-da-leitura-2026\/","robots":"max-image-preview:large","keywords":"","webmasterTools":{"miscellaneous":""},"schema":{"@context":"https:\/\/schema.org","@graph":[{"@type":"Article","@id":"https:\/\/www.encontrabelohorizonte.com.br\/sobre\/agenda-funarte-mg-no-dia-mundial-do-livro-belo-horizonte-recebe-a-teia-da-leitura-2026\/#article","name":"[Agenda Funarte MG] No Dia Mundial do livro, Belo Horizonte recebe a Teia da Leitura 2026 | Encontra Belo Horizonte","headline":"[Agenda Funarte MG] No Dia Mundial do livro, Belo Horizonte recebe a Teia da Leitura 2026","author":{"@id":"https:\/\/www.encontrabelohorizonte.com.br\/sobre\/author\/ebelohorizonte\/#author"},"publisher":{"@id":"https:\/\/www.encontrabelohorizonte.com.br\/sobre\/#organization"},"image":{"@type":"ImageObject","url":"https:\/\/www.encontrabelohorizonte.com.br\/sobre\/wp-content\/uploads\/agenda-funarte-mg-no-dia-mundial-do-livro-belo-horizonte-recebe-a-teia-da-leitura-2026.webp","width":280,"height":280,"caption":"Teia da Leitura 2026"},"datePublished":"2026-05-14T05:15:54-03:00","dateModified":"2026-05-14T05:15:54-03:00","inLanguage":"pt-BR","mainEntityOfPage":{"@id":"https:\/\/www.encontrabelohorizonte.com.br\/sobre\/agenda-funarte-mg-no-dia-mundial-do-livro-belo-horizonte-recebe-a-teia-da-leitura-2026\/#webpage"},"isPartOf":{"@id":"https:\/\/www.encontrabelohorizonte.com.br\/sobre\/agenda-funarte-mg-no-dia-mundial-do-livro-belo-horizonte-recebe-a-teia-da-leitura-2026\/#webpage"},"articleSection":"Not\u00edcias Belo Horizonte"},{"@type":"BreadcrumbList","@id":"https:\/\/www.encontrabelohorizonte.com.br\/sobre\/agenda-funarte-mg-no-dia-mundial-do-livro-belo-horizonte-recebe-a-teia-da-leitura-2026\/#breadcrumblist","itemListElement":[{"@type":"ListItem","@id":"https:\/\/www.encontrabelohorizonte.com.br\/sobre#listItem","position":1,"name":"In\u00edcio","item":"https:\/\/www.encontrabelohorizonte.com.br\/sobre","nextItem":{"@type":"ListItem","@id":"https:\/\/www.encontrabelohorizonte.com.br\/sobre\/noticias\/#listItem","name":"Not\u00edcias Belo Horizonte"}},{"@type":"ListItem","@id":"https:\/\/www.encontrabelohorizonte.com.br\/sobre\/noticias\/#listItem","position":2,"name":"Not\u00edcias Belo Horizonte","item":"https:\/\/www.encontrabelohorizonte.com.br\/sobre\/noticias\/","nextItem":{"@type":"ListItem","@id":"https:\/\/www.encontrabelohorizonte.com.br\/sobre\/agenda-funarte-mg-no-dia-mundial-do-livro-belo-horizonte-recebe-a-teia-da-leitura-2026\/#listItem","name":"[Agenda Funarte MG] No Dia Mundial do livro, Belo Horizonte recebe a Teia da Leitura 2026"},"previousItem":{"@type":"ListItem","@id":"https:\/\/www.encontrabelohorizonte.com.br\/sobre#listItem","name":"In\u00edcio"}},{"@type":"ListItem","@id":"https:\/\/www.encontrabelohorizonte.com.br\/sobre\/agenda-funarte-mg-no-dia-mundial-do-livro-belo-horizonte-recebe-a-teia-da-leitura-2026\/#listItem","position":3,"name":"[Agenda Funarte MG] No Dia Mundial do livro, Belo Horizonte recebe a Teia da Leitura 2026","previousItem":{"@type":"ListItem","@id":"https:\/\/www.encontrabelohorizonte.com.br\/sobre\/noticias\/#listItem","name":"Not\u00edcias Belo Horizonte"}}]},{"@type":"Organization","@id":"https:\/\/www.encontrabelohorizonte.com.br\/sobre\/#organization","name":"Encontra Belo Horizonte","description":"Not\u00edcias, eventos, informa\u00e7\u00f5es e dicas da cidade de Belo Horizonte e regi\u00e3o","url":"https:\/\/www.encontrabelohorizonte.com.br\/sobre\/"},{"@type":"Person","@id":"https:\/\/www.encontrabelohorizonte.com.br\/sobre\/author\/ebelohorizonte\/#author","url":"https:\/\/www.encontrabelohorizonte.com.br\/sobre\/author\/ebelohorizonte\/","name":"Encontra Belo Horizonte","image":{"@type":"ImageObject","@id":"https:\/\/www.encontrabelohorizonte.com.br\/sobre\/agenda-funarte-mg-no-dia-mundial-do-livro-belo-horizonte-recebe-a-teia-da-leitura-2026\/#authorImage","url":"https:\/\/secure.gravatar.com\/avatar\/507340682b8270222e1f208e23198b6ae7e2c6a1033ae84e99bc6bce4f82a387?s=96&d=mm&r=g","width":96,"height":96,"caption":"Encontra Belo Horizonte"}},{"@type":"WebPage","@id":"https:\/\/www.encontrabelohorizonte.com.br\/sobre\/agenda-funarte-mg-no-dia-mundial-do-livro-belo-horizonte-recebe-a-teia-da-leitura-2026\/#webpage","url":"https:\/\/www.encontrabelohorizonte.com.br\/sobre\/agenda-funarte-mg-no-dia-mundial-do-livro-belo-horizonte-recebe-a-teia-da-leitura-2026\/","name":"[Agenda Funarte MG] No Dia Mundial do livro, Belo Horizonte recebe a Teia da Leitura 2026 | Encontra Belo Horizonte","description":"Teia da Leitura 2026 traz eventos incr\u00edveis em Belo Horizonte.","inLanguage":"pt-BR","isPartOf":{"@id":"https:\/\/www.encontrabelohorizonte.com.br\/sobre\/#website"},"breadcrumb":{"@id":"https:\/\/www.encontrabelohorizonte.com.br\/sobre\/agenda-funarte-mg-no-dia-mundial-do-livro-belo-horizonte-recebe-a-teia-da-leitura-2026\/#breadcrumblist"},"author":{"@id":"https:\/\/www.encontrabelohorizonte.com.br\/sobre\/author\/ebelohorizonte\/#author"},"creator":{"@id":"https:\/\/www.encontrabelohorizonte.com.br\/sobre\/author\/ebelohorizonte\/#author"},"image":{"@type":"ImageObject","url":"https:\/\/www.encontrabelohorizonte.com.br\/sobre\/wp-content\/uploads\/agenda-funarte-mg-no-dia-mundial-do-livro-belo-horizonte-recebe-a-teia-da-leitura-2026.webp","@id":"https:\/\/www.encontrabelohorizonte.com.br\/sobre\/agenda-funarte-mg-no-dia-mundial-do-livro-belo-horizonte-recebe-a-teia-da-leitura-2026\/#mainImage","width":280,"height":280,"caption":"Teia da Leitura 2026"},"primaryImageOfPage":{"@id":"https:\/\/www.encontrabelohorizonte.com.br\/sobre\/agenda-funarte-mg-no-dia-mundial-do-livro-belo-horizonte-recebe-a-teia-da-leitura-2026\/#mainImage"},"datePublished":"2026-05-14T05:15:54-03:00","dateModified":"2026-05-14T05:15:54-03:00"},{"@type":"WebSite","@id":"https:\/\/www.encontrabelohorizonte.com.br\/sobre\/#website","url":"https:\/\/www.encontrabelohorizonte.com.br\/sobre\/","name":"Encontra Belo Horizonte","description":"Not\u00edcias, eventos, informa\u00e7\u00f5es e dicas da cidade de Belo Horizonte e regi\u00e3o","inLanguage":"pt-BR","publisher":{"@id":"https:\/\/www.encontrabelohorizonte.com.br\/sobre\/#organization"}}]},"og:locale":"pt_BR","og:site_name":"Encontra Belo Horizonte | Not\u00edcias, eventos, informa\u00e7\u00f5es e dicas da cidade de Belo Horizonte e regi\u00e3o","og:type":"article","og:title":"[Agenda Funarte MG] No Dia Mundial do livro, Belo Horizonte recebe a Teia da Leitura 2026 | Encontra Belo Horizonte","og:description":"Teia da Leitura 2026 traz eventos incr\u00edveis em Belo Horizonte.","og:url":"https:\/\/www.encontrabelohorizonte.com.br\/sobre\/agenda-funarte-mg-no-dia-mundial-do-livro-belo-horizonte-recebe-a-teia-da-leitura-2026\/","article:published_time":"2026-05-14T08:15:54+00:00","article:modified_time":"2026-05-14T08:15:54+00:00","twitter:card":"summary","twitter:title":"[Agenda Funarte MG] No Dia Mundial do livro, Belo Horizonte recebe a Teia da Leitura 2026 | Encontra Belo Horizonte","twitter:description":"Teia da Leitura 2026 traz eventos incr\u00edveis em Belo Horizonte."},"aioseo_meta_data":{"post_id":"4011","title":null,"description":null,"keywords":null,"keyphrases":null,"primary_term":null,"canonical_url":null,"og_title":null,"og_description":null,"og_object_type":"default","og_image_type":"default","og_image_url":null,"og_image_width":null,"og_image_height":null,"og_image_custom_url":null,"og_image_custom_fields":null,"og_video":null,"og_custom_url":null,"og_article_section":null,"og_article_tags":null,"twitter_use_og":false,"twitter_card":"default","twitter_image_type":"default","twitter_image_url":null,"twitter_image_custom_url":null,"twitter_image_custom_fields":null,"twitter_title":null,"twitter_description":null,"schema":{"blockGraphs":[],"customGraphs":[],"default":{"data":{"Article":[],"Course":[],"Dataset":[],"FAQPage":[],"Movie":[],"Person":[],"Product":[],"ProductReview":[],"Car":[],"Recipe":[],"Service":[],"SoftwareApplication":[],"WebPage":[]},"graphName":"Article","isEnabled":true},"graphs":[]},"schema_type":"default","schema_type_options":null,"pillar_content":false,"robots_default":true,"robots_noindex":false,"robots_noarchive":false,"robots_nosnippet":false,"robots_nofollow":false,"robots_noimageindex":false,"robots_noodp":false,"robots_notranslate":false,"robots_max_snippet":null,"robots_max_videopreview":null,"robots_max_imagepreview":"large","priority":null,"frequency":null,"local_seo":null,"breadcrumb_settings":null,"limit_modified_date":false,"ai":null,"created":"2026-05-14 08:15:58","updated":"2026-05-14 08:44:13","focus_keyword":null,"additional_keywords":null,"truseo_locale":null,"seo_analyzer_scan_date":null},"aioseo_breadcrumb":"<div class=\"aioseo-breadcrumbs\"><span class=\"aioseo-breadcrumb\">\n\t\t\t<a href=\"https:\/\/www.encontrabelohorizonte.com.br\/sobre\" title=\"In\u00edcio\">In\u00edcio<\/a>\n\t\t<\/span><span class=\"aioseo-breadcrumb-separator\">&raquo;<\/span><span class=\"aioseo-breadcrumb\">\n\t\t\t<a href=\"https:\/\/www.encontrabelohorizonte.com.br\/sobre\/noticias\/\" title=\"Not\u00edcias Belo Horizonte\">Not\u00edcias Belo Horizonte<\/a>\n\t\t<\/span><span class=\"aioseo-breadcrumb-separator\">&raquo;<\/span><span class=\"aioseo-breadcrumb\">\n\t\t\t[Agenda Funarte MG] No Dia Mundial do livro, Belo Horizonte recebe a Teia da Leitura 2026\n\t\t<\/span><\/div>","aioseo_breadcrumb_json":[{"label":"In\u00edcio","link":"https:\/\/www.encontrabelohorizonte.com.br\/sobre"},{"label":"Not\u00edcias Belo Horizonte","link":"https:\/\/www.encontrabelohorizonte.com.br\/sobre\/noticias\/"},{"label":"[Agenda Funarte MG] No Dia Mundial do livro, Belo Horizonte recebe a Teia da Leitura 2026","link":"https:\/\/www.encontrabelohorizonte.com.br\/sobre\/agenda-funarte-mg-no-dia-mundial-do-livro-belo-horizonte-recebe-a-teia-da-leitura-2026\/"}],"_links":{"self":[{"href":"https:\/\/www.encontrabelohorizonte.com.br\/sobre\/wp-json\/wp\/v2\/posts\/4011","targetHints":{"allow":["GET"]}}],"collection":[{"href":"https:\/\/www.encontrabelohorizonte.com.br\/sobre\/wp-json\/wp\/v2\/posts"}],"about":[{"href":"https:\/\/www.encontrabelohorizonte.com.br\/sobre\/wp-json\/wp\/v2\/types\/post"}],"author":[{"embeddable":true,"href":"https:\/\/www.encontrabelohorizonte.com.br\/sobre\/wp-json\/wp\/v2\/users\/1"}],"replies":[{"embeddable":true,"href":"https:\/\/www.encontrabelohorizonte.com.br\/sobre\/wp-json\/wp\/v2\/comments?post=4011"}],"version-history":[{"count":0,"href":"https:\/\/www.encontrabelohorizonte.com.br\/sobre\/wp-json\/wp\/v2\/posts\/4011\/revisions"}],"wp:featuredmedia":[{"embeddable":true,"href":"https:\/\/www.encontrabelohorizonte.com.br\/sobre\/wp-json\/wp\/v2\/media\/4010"}],"wp:attachment":[{"href":"https:\/\/www.encontrabelohorizonte.com.br\/sobre\/wp-json\/wp\/v2\/media?parent=4011"}],"wp:term":[{"taxonomy":"category","embeddable":true,"href":"https:\/\/www.encontrabelohorizonte.com.br\/sobre\/wp-json\/wp\/v2\/categories?post=4011"},{"taxonomy":"post_tag","embeddable":true,"href":"https:\/\/www.encontrabelohorizonte.com.br\/sobre\/wp-json\/wp\/v2\/tags?post=4011"}],"curies":[{"name":"wp","href":"https:\/\/api.w.org\/{rel}","templated":true}]}}