{"id":4029,"date":"2026-05-18T05:15:44","date_gmt":"2026-05-18T08:15:44","guid":{"rendered":"https:\/\/www.encontrabelohorizonte.com.br\/sobre\/prefeitura-de-bh-amplia-vacinacao-contra-gripe-para-toda-populacao-a-partir-desta-quarta\/"},"modified":"2026-05-18T05:15:44","modified_gmt":"2026-05-18T08:15:44","slug":"prefeitura-de-bh-amplia-vacinacao-contra-gripe-para-toda-populacao-a-partir-desta-quarta","status":"publish","type":"post","link":"https:\/\/www.encontrabelohorizonte.com.br\/sobre\/prefeitura-de-bh-amplia-vacinacao-contra-gripe-para-toda-populacao-a-partir-desta-quarta\/","title":{"rendered":"Prefeitura de BH amplia vacina\u00e7\u00e3o contra gripe para toda popula\u00e7\u00e3o a partir desta quarta"},"content":{"rendered":"<div class=\"2e083cf0b19e2c11948dc6ac054ba979\" data-index=\"1\" style=\"float: none; margin:0px;\">\n<!-- Anuncio display - global -->\r\n<ins class=\"adsbygoogle\"\r\n     style=\"display:block\"\r\n     data-ad-client=\"ca-pub-8585364105181520\"\r\n     data-ad-slot=\"8789329856\"\r\n     data-ad-format=\"auto\"\r\n     data-full-width-responsive=\"true\"><\/ins>\r\n<script>\r\n     (adsbygoogle = window.adsbygoogle || []).push({});\r\n<\/script>\n<\/div>\n<h2>Disponibilidade do Imunizante em BH<\/h2>\n<p>A partir de quarta-feira, a vacina\u00e7\u00e3o contra a gripe em Belo Horizonte foi expandida, permitindo que todos os moradores, a partir de 6 meses de idade, possam receber a vacina. A imuniza\u00e7\u00e3o est\u00e1 dispon\u00edvel em <strong>153 centros de sa\u00fade<\/strong> da cidade, al\u00e9m de outros postos de atendimento e no <strong>Servi\u00e7o de Aten\u00e7\u00e3o \u00e0 Sa\u00fade do Viajante<\/strong>.<\/p>\n<p>Para receber a vacina, os cidad\u00e3os devem se dirigir a um dos locais de vacina\u00e7\u00e3o e trazer um documento de identifica\u00e7\u00e3o com foto e o cart\u00e3o de vacina\u00e7\u00e3o, caso possuam. Essa amplia\u00e7\u00e3o visa garantir que uma maior parte da popula\u00e7\u00e3o tenha acesso ao imunizante, fortalecendo a prote\u00e7\u00e3o contra a gripe.<\/p>\n<h2>Quem Pode Receber a Vacina?<\/h2>\n<p>A vacina contra a gripe \u00e9 destinada a <strong>todas as pessoas a partir de 6 meses de idade<\/strong>, sem restri\u00e7\u00f5es. Essa inclus\u00e3o de toda a popula\u00e7\u00e3o \u00e9 um passo significativo para permitir que mais pessoas estejam protegidas contra os v\u00edrus que causam a gripe, especialmente em \u00e9pocas de alta circula\u00e7\u00e3o viral.<\/p>\n<p><img decoding=\"async\" src=\"https:\/\/www.encontrabelohorizonte.com.br\/sobre\/wp-content\/uploads\/prefeitura-de-bh-amplia-vacinacao-contra-gripe-para-toda-populacao-a-partir-desta-quarta.webp\" alt=\"vacina\u00e7\u00e3o contra gripe\" loading=\"lazy\" \/><\/p>\n<h2>Documenta\u00e7\u00e3o Necess\u00e1ria para a Imuniza\u00e7\u00e3o<\/h2>\n<p>Para se vacinar contra a gripe, \u00e9 imprescind\u00edvel que as pessoas apresentem:<\/p>\n<ul>\n<li><strong>Documento de Identifica\u00e7\u00e3o com Foto:<\/strong> Pode ser um RG, CNH, ou qualquer outro documento oficial que comprove a identidade do vacinado.<\/li>\n<li><strong>Cart\u00e3o de Vacina\u00e7\u00e3o:<\/strong> Caso j\u00e1 tenha recebido outras vacinas, \u00e9 importante apresentar o cart\u00e3o para que os profissionais de sa\u00fade possam atualiz\u00e1-lo.<\/li>\n<\/ul>\n<h2>Cobertura Vacinal Atual e Metas<\/h2>\n<p>Desde o in\u00edcio da campanha de vacina\u00e7\u00e3o, que come\u00e7ou em <strong>24 de mar\u00e7o<\/strong>, foram administradas mais de <strong>438 mil doses<\/strong> de vacina. Destes, cerca de 270 mil doses foram aplicadas em grupos priorit\u00e1rios, incluindo crian\u00e7as, gestantes e idosos, resultando em uma cobertura vacinal de <strong>41,6%<\/strong> entre esses p\u00fablicos.<\/p>\n<p>A meta estabelecida pelo <strong>Minist\u00e9rio da Sa\u00fade<\/strong> \u00e9 atingir uma cobertura de <strong>90%<\/strong> entre as popula\u00e7\u00f5es de grupo priorit\u00e1rios, o que demonstra a necessidade de intensificar os esfor\u00e7os para aumentar a ades\u00e3o \u00e0 vacina\u00e7\u00e3o.<\/p>\n<h2>Import\u00e2ncia da Vacina\u00e7\u00e3o Contra Gripe<\/h2>\n<p>A vacina\u00e7\u00e3o contra a gripe desempenha um papel fundamental na sa\u00fade p\u00fablica. A gripe, uma infec\u00e7\u00e3o viral respirat\u00f3ria, pode levar a complica\u00e7\u00f5es graves, especialmente em grupos vulner\u00e1veis, como crian\u00e7as, idosos e aqueles com condi\u00e7\u00f5es de sa\u00fade preexistentes. A vacina\u00e7\u00e3o n\u00e3o apenas protege o indiv\u00edduo vacinado, mas tamb\u00e9m limita a propaga\u00e7\u00e3o do v\u00edrus na comunidade.<\/p>\n<p>Al\u00e9m disso, com a ado\u00e7\u00e3o da vacina, contribui-se para a redu\u00e7\u00e3o do n\u00famero de hospitaliza\u00e7\u00f5es e mortes associadas \u00e0 gripe, aliviando a press\u00e3o sobre os sistemas de sa\u00fade. A vacina\u00e7\u00e3o em massa \u00e9 uma estrat\u00e9gia comprovada para controlar surtos de gripe e prevenir epidemias.<\/p>\n<h2>Pontos Extras de Vacina\u00e7\u00e3o<\/h2>\n<p>A Prefeitura de Belo Horizonte tamb\u00e9m oferece pontos de vacina\u00e7\u00e3o adicionais para facilitar o acesso da popula\u00e7\u00e3o ao imunizante.<\/p>\n<h3>Pontos Extras<\/h3>\n<ul>\n<li><strong>Abertta Sa\u00fade:<\/strong> Avenida Bernardo Monteiro, 831, Santa Efig\u00eania &#8211; De segunda a sexta-feira, das 8h \u00e0s 16h.<\/li>\n<li><strong>CEM IPSEMG:<\/strong> Rua Domingos Vieira, 488, Santa Efig\u00eania &#8211; De segunda a sexta-feira, das 7h30 \u00e0s 12h.<\/li>\n<li><strong>Hospital da Pol\u00edcia Militar:<\/strong> Rua Pac\u00edfico Mascaranhas, sem n\u00famero, Santa Efig\u00eania &#8211; De segunda a sexta-feira, das 7h30 \u00e0s 14h30.<\/li>\n<li><strong>N\u00facleo Stellantis Sa\u00fade BH Estoril:<\/strong> Rua Paulo Piedade Campos, 360, Estoril &#8211; De segunda a sexta-feira, das 9h \u00e0s 12h e das 14h \u00e0s 17h.<\/li>\n<li><strong>N\u00facleo Stellantis Sa\u00fade BH Norte:<\/strong> Rua Queluzita, 34, 13\u00ba andar, Fern\u00e3o Dias &#8211; De segunda a sexta-feira, das 9h \u00e0s 12h e das 13h \u00e0s 16h.<\/li>\n<\/ul>\n<h3>Servi\u00e7o de Aten\u00e7\u00e3o \u00e0 Sa\u00fade do Viajante<\/h3>\n<p><strong>Rua Para\u00edba, 890, Savassi:<\/strong> De segunda a sexta-feira, das 8h \u00e0s 16h30.<\/p>\n<h2>Hist\u00f3rico da Campanha de Vacina\u00e7\u00e3o<\/h2>\n<p>A campanha de vacina\u00e7\u00e3o contra a gripe em Belo Horizonte come\u00e7ou em 24 de mar\u00e7o e tem como objetivo principal proteger a popula\u00e7\u00e3o contra os tipos mais comuns do v\u00edrus influenza que circulam durante a temporada de gripe. A estrat\u00e9gia de ampliar a vacina\u00e7\u00e3o para toda a popula\u00e7\u00e3o \u00e9 uma resposta \u00e0s necessidades de sa\u00fade p\u00fablica, especialmente considerando as repercuss\u00f5es da gripe nas comunidades.<\/p>\n<p>Desde o in\u00edcio da campanha, a aceita\u00e7\u00e3o tem sido boa, mas a prefeitura est\u00e1 constantemente buscando formas de melhorar a ades\u00e3o e ampliar a cobertura vacinal. O envolvimento de diversas institui\u00e7\u00f5es e a informa\u00e7\u00e3o adequada sobre a import\u00e2ncia da vacina s\u00e3o cruciais para o sucesso desta campanha.<\/p>\n<h2>Efeitos Colaterais e Seguran\u00e7a da Vacina<\/h2>\n<p>A vacina contra a gripe \u00e9 considerada segura e eficaz. Assim como qualquer outro imunizante, pode haver alguns efeitos colaterais, mas eles s\u00e3o geralmente leves e tempor\u00e1rios. Os efeitos colaterais mais comuns incluem:<\/p>\n<ul>\n<li>A dor no local da inje\u00e7\u00e3o;<\/li>\n<li>Febre baixa;<\/li>\n<li>Dor de cabe\u00e7a;<\/li>\n<li>Mal-estar geral.<\/li>\n<\/ul>\n<p>A maioria dos indiv\u00edduos n\u00e3o apresenta rea\u00e7\u00f5es adversas significativas, e os benef\u00edcios da vacina\u00e7\u00e3o superam amplamente os riscos potenciais. A vacina \u00e9 trivalente, o que significa que foi desenvolvida para proteger contra tr\u00eas cepas do v\u00edrus influenza, incluindo H1N1, H3N2 e influenza B.<\/p>\n<h2>Como Funciona a Vacina Trivalente<\/h2>\n<p>A vacina trivalente estimula o sistema imunol\u00f3gico a produzir anticorpos contra os tipos de v\u00edrus influenza inclu\u00eddos na formula\u00e7\u00e3o. Os anticorpos resultantes ajudam a proteger o corpo contra infec\u00e7\u00f5es futuras por esses mesmos tipos de v\u00edrus. A imuniza\u00e7\u00e3o ocorre atrav\u00e9s do reconhecimento do v\u00edrus que foi introduzido no organismo, preparando o sistema imunol\u00f3gico para combater infec\u00e7\u00f5es reais.<\/p>\n<p>Al\u00e9m de fornecer prote\u00e7\u00e3o individual, a vacina\u00e7\u00e3o em massa tamb\u00e9m contribui para a prote\u00e7\u00e3o da comunidade, criando o que \u00e9 chamado de <strong>imunidade coletiva<\/strong>. Isso ajuda a prevenir a propaga\u00e7\u00e3o do v\u00edrus, especialmente entre aqueles que n\u00e3o podem ser vacinados devido a condi\u00e7\u00f5es de sa\u00fade.<\/p>\n<h2>Diretrizes da Secretaria de Sa\u00fade<\/h2>\n<p>A amplia\u00e7\u00e3o da vacina\u00e7\u00e3o contra a gripe segue as orienta\u00e7\u00f5es da Secretaria Estadual de Sa\u00fade de Minas Gerais, que enfatiza a import\u00e2ncia da imuniza\u00e7\u00e3o como uma medida preventiva essencial em sa\u00fade p\u00fablica. A administra\u00e7\u00e3o da vacina e o acesso igualit\u00e1rio ao imunizante s\u00e3o prioridades nas diretrizes atuais da sa\u00fade p\u00fablica.<\/p>\n<p>Ademais, a secretaria refor\u00e7a a necessidade de a\u00e7\u00f5es cont\u00ednuas de conscientiza\u00e7\u00e3o sobre os benef\u00edcios da vacina\u00e7\u00e3o, abordando mitos e informa\u00e7\u00f5es err\u00f4neas que possam existir na sociedade. Campanhas educativas e a participa\u00e7\u00e3o da comunidade s\u00e3o fundamentais para garantir que o maior n\u00famero poss\u00edvel de pessoas receba a vacina.<\/p>\n\n<div style=\"font-size: 0px; height: 0px; line-height: 0px; margin: 0; padding: 0; clear: both;\"><\/div>","protected":false},"excerpt":{"rendered":"<p>BH ampliou a vacina\u00e7\u00e3o contra gripe para toda popula\u00e7\u00e3o a partir de 6 meses.<\/p>\n","protected":false},"author":1,"featured_media":4028,"comment_status":"closed","ping_status":"closed","sticky":false,"template":"","format":"standard","meta":{"footnotes":""},"categories":[6],"tags":[],"class_list":["post-4029","post","type-post","status-publish","format-standard","has-post-thumbnail","hentry","category-noticias","has_thumb"],"aioseo_notices":[],"aioseo_head":"\n\t\t<!-- All in One SEO 5.0.0.1 - aioseo.com -->\n\t<meta name=\"description\" content=\"BH ampliou a vacina\u00e7\u00e3o contra gripe para toda popula\u00e7\u00e3o a partir de 6 meses.\" \/>\n\t<meta name=\"robots\" content=\"max-image-preview:large\" \/>\n\t<meta name=\"author\" content=\"Encontra Belo Horizonte\"\/>\n\t<link rel=\"canonical\" href=\"https:\/\/www.encontrabelohorizonte.com.br\/sobre\/prefeitura-de-bh-amplia-vacinacao-contra-gripe-para-toda-populacao-a-partir-desta-quarta\/\" \/>\n\t<meta name=\"generator\" content=\"All in One SEO (AIOSEO) 5.0.0.1\" \/>\n\t\t<meta property=\"og:locale\" content=\"pt_BR\" \/>\n\t\t<meta property=\"og:site_name\" content=\"Encontra Belo Horizonte | Not\u00edcias, eventos, informa\u00e7\u00f5es e dicas da cidade de Belo Horizonte e regi\u00e3o\" \/>\n\t\t<meta property=\"og:type\" content=\"article\" \/>\n\t\t<meta property=\"og:title\" content=\"Prefeitura de BH amplia vacina\u00e7\u00e3o contra gripe para toda popula\u00e7\u00e3o a partir desta quarta | Encontra Belo Horizonte\" \/>\n\t\t<meta property=\"og:description\" content=\"BH ampliou a vacina\u00e7\u00e3o contra gripe para toda popula\u00e7\u00e3o a partir de 6 meses.\" \/>\n\t\t<meta property=\"og:url\" content=\"https:\/\/www.encontrabelohorizonte.com.br\/sobre\/prefeitura-de-bh-amplia-vacinacao-contra-gripe-para-toda-populacao-a-partir-desta-quarta\/\" \/>\n\t\t<meta property=\"article:published_time\" content=\"2026-05-18T08:15:44+00:00\" \/>\n\t\t<meta property=\"article:modified_time\" content=\"2026-05-18T08:15:44+00:00\" \/>\n\t\t<meta name=\"twitter:card\" content=\"summary\" \/>\n\t\t<meta name=\"twitter:title\" content=\"Prefeitura de BH amplia vacina\u00e7\u00e3o contra gripe para toda popula\u00e7\u00e3o a partir desta quarta | Encontra Belo Horizonte\" \/>\n\t\t<meta name=\"twitter:description\" content=\"BH ampliou a vacina\u00e7\u00e3o contra gripe para toda popula\u00e7\u00e3o a partir de 6 meses.\" \/>\n\t\t<script type=\"application\/ld+json\" class=\"aioseo-schema\">\n\t\t\t{\"@context\":\"https:\\\/\\\/schema.org\",\"@graph\":[{\"@type\":\"Article\",\"@id\":\"https:\\\/\\\/www.encontrabelohorizonte.com.br\\\/sobre\\\/prefeitura-de-bh-amplia-vacinacao-contra-gripe-para-toda-populacao-a-partir-desta-quarta\\\/#article\",\"name\":\"Prefeitura de BH amplia vacina\\u00e7\\u00e3o contra gripe para toda popula\\u00e7\\u00e3o a partir desta quarta | Encontra Belo Horizonte\",\"headline\":\"Prefeitura de BH amplia vacina\\u00e7\\u00e3o contra gripe para toda popula\\u00e7\\u00e3o a partir desta quarta\",\"author\":{\"@id\":\"https:\\\/\\\/www.encontrabelohorizonte.com.br\\\/sobre\\\/author\\\/ebelohorizonte\\\/#author\"},\"publisher\":{\"@id\":\"https:\\\/\\\/www.encontrabelohorizonte.com.br\\\/sobre\\\/#organization\"},\"image\":{\"@type\":\"ImageObject\",\"url\":\"https:\\\/\\\/www.encontrabelohorizonte.com.br\\\/sobre\\\/wp-content\\\/uploads\\\/prefeitura-de-bh-amplia-vacinacao-contra-gripe-para-toda-populacao-a-partir-desta-quarta.webp\",\"width\":280,\"height\":280,\"caption\":\"vacina\\u00e7\\u00e3o contra gripe\"},\"datePublished\":\"2026-05-18T05:15:44-03:00\",\"dateModified\":\"2026-05-18T05:15:44-03:00\",\"inLanguage\":\"pt-BR\",\"mainEntityOfPage\":{\"@id\":\"https:\\\/\\\/www.encontrabelohorizonte.com.br\\\/sobre\\\/prefeitura-de-bh-amplia-vacinacao-contra-gripe-para-toda-populacao-a-partir-desta-quarta\\\/#webpage\"},\"isPartOf\":{\"@id\":\"https:\\\/\\\/www.encontrabelohorizonte.com.br\\\/sobre\\\/prefeitura-de-bh-amplia-vacinacao-contra-gripe-para-toda-populacao-a-partir-desta-quarta\\\/#webpage\"},\"articleSection\":\"Not\\u00edcias Belo Horizonte\"},{\"@type\":\"BreadcrumbList\",\"@id\":\"https:\\\/\\\/www.encontrabelohorizonte.com.br\\\/sobre\\\/prefeitura-de-bh-amplia-vacinacao-contra-gripe-para-toda-populacao-a-partir-desta-quarta\\\/#breadcrumblist\",\"itemListElement\":[{\"@type\":\"ListItem\",\"@id\":\"https:\\\/\\\/www.encontrabelohorizonte.com.br\\\/sobre#listItem\",\"position\":1,\"name\":\"In\\u00edcio\",\"item\":\"https:\\\/\\\/www.encontrabelohorizonte.com.br\\\/sobre\",\"nextItem\":{\"@type\":\"ListItem\",\"@id\":\"https:\\\/\\\/www.encontrabelohorizonte.com.br\\\/sobre\\\/noticias\\\/#listItem\",\"name\":\"Not\\u00edcias Belo Horizonte\"}},{\"@type\":\"ListItem\",\"@id\":\"https:\\\/\\\/www.encontrabelohorizonte.com.br\\\/sobre\\\/noticias\\\/#listItem\",\"position\":2,\"name\":\"Not\\u00edcias Belo Horizonte\",\"item\":\"https:\\\/\\\/www.encontrabelohorizonte.com.br\\\/sobre\\\/noticias\\\/\",\"nextItem\":{\"@type\":\"ListItem\",\"@id\":\"https:\\\/\\\/www.encontrabelohorizonte.com.br\\\/sobre\\\/prefeitura-de-bh-amplia-vacinacao-contra-gripe-para-toda-populacao-a-partir-desta-quarta\\\/#listItem\",\"name\":\"Prefeitura de BH amplia vacina\\u00e7\\u00e3o contra gripe para toda popula\\u00e7\\u00e3o a partir desta quarta\"},\"previousItem\":{\"@type\":\"ListItem\",\"@id\":\"https:\\\/\\\/www.encontrabelohorizonte.com.br\\\/sobre#listItem\",\"name\":\"In\\u00edcio\"}},{\"@type\":\"ListItem\",\"@id\":\"https:\\\/\\\/www.encontrabelohorizonte.com.br\\\/sobre\\\/prefeitura-de-bh-amplia-vacinacao-contra-gripe-para-toda-populacao-a-partir-desta-quarta\\\/#listItem\",\"position\":3,\"name\":\"Prefeitura de BH amplia vacina\\u00e7\\u00e3o contra gripe para toda popula\\u00e7\\u00e3o a partir desta quarta\",\"previousItem\":{\"@type\":\"ListItem\",\"@id\":\"https:\\\/\\\/www.encontrabelohorizonte.com.br\\\/sobre\\\/noticias\\\/#listItem\",\"name\":\"Not\\u00edcias Belo Horizonte\"}}]},{\"@type\":\"Organization\",\"@id\":\"https:\\\/\\\/www.encontrabelohorizonte.com.br\\\/sobre\\\/#organization\",\"name\":\"Encontra Belo Horizonte\",\"description\":\"Not\\u00edcias, eventos, informa\\u00e7\\u00f5es e dicas da cidade de Belo Horizonte e regi\\u00e3o\",\"url\":\"https:\\\/\\\/www.encontrabelohorizonte.com.br\\\/sobre\\\/\"},{\"@type\":\"Person\",\"@id\":\"https:\\\/\\\/www.encontrabelohorizonte.com.br\\\/sobre\\\/author\\\/ebelohorizonte\\\/#author\",\"url\":\"https:\\\/\\\/www.encontrabelohorizonte.com.br\\\/sobre\\\/author\\\/ebelohorizonte\\\/\",\"name\":\"Encontra Belo Horizonte\",\"image\":{\"@type\":\"ImageObject\",\"@id\":\"https:\\\/\\\/www.encontrabelohorizonte.com.br\\\/sobre\\\/prefeitura-de-bh-amplia-vacinacao-contra-gripe-para-toda-populacao-a-partir-desta-quarta\\\/#authorImage\",\"url\":\"https:\\\/\\\/secure.gravatar.com\\\/avatar\\\/507340682b8270222e1f208e23198b6ae7e2c6a1033ae84e99bc6bce4f82a387?s=96&d=mm&r=g\",\"width\":96,\"height\":96,\"caption\":\"Encontra Belo Horizonte\"}},{\"@type\":\"WebPage\",\"@id\":\"https:\\\/\\\/www.encontrabelohorizonte.com.br\\\/sobre\\\/prefeitura-de-bh-amplia-vacinacao-contra-gripe-para-toda-populacao-a-partir-desta-quarta\\\/#webpage\",\"url\":\"https:\\\/\\\/www.encontrabelohorizonte.com.br\\\/sobre\\\/prefeitura-de-bh-amplia-vacinacao-contra-gripe-para-toda-populacao-a-partir-desta-quarta\\\/\",\"name\":\"Prefeitura de BH amplia vacina\\u00e7\\u00e3o contra gripe para toda popula\\u00e7\\u00e3o a partir desta quarta | Encontra Belo Horizonte\",\"description\":\"BH ampliou a vacina\\u00e7\\u00e3o contra gripe para toda popula\\u00e7\\u00e3o a partir de 6 meses.\",\"inLanguage\":\"pt-BR\",\"isPartOf\":{\"@id\":\"https:\\\/\\\/www.encontrabelohorizonte.com.br\\\/sobre\\\/#website\"},\"breadcrumb\":{\"@id\":\"https:\\\/\\\/www.encontrabelohorizonte.com.br\\\/sobre\\\/prefeitura-de-bh-amplia-vacinacao-contra-gripe-para-toda-populacao-a-partir-desta-quarta\\\/#breadcrumblist\"},\"author\":{\"@id\":\"https:\\\/\\\/www.encontrabelohorizonte.com.br\\\/sobre\\\/author\\\/ebelohorizonte\\\/#author\"},\"creator\":{\"@id\":\"https:\\\/\\\/www.encontrabelohorizonte.com.br\\\/sobre\\\/author\\\/ebelohorizonte\\\/#author\"},\"image\":{\"@type\":\"ImageObject\",\"url\":\"https:\\\/\\\/www.encontrabelohorizonte.com.br\\\/sobre\\\/wp-content\\\/uploads\\\/prefeitura-de-bh-amplia-vacinacao-contra-gripe-para-toda-populacao-a-partir-desta-quarta.webp\",\"@id\":\"https:\\\/\\\/www.encontrabelohorizonte.com.br\\\/sobre\\\/prefeitura-de-bh-amplia-vacinacao-contra-gripe-para-toda-populacao-a-partir-desta-quarta\\\/#mainImage\",\"width\":280,\"height\":280,\"caption\":\"vacina\\u00e7\\u00e3o contra gripe\"},\"primaryImageOfPage\":{\"@id\":\"https:\\\/\\\/www.encontrabelohorizonte.com.br\\\/sobre\\\/prefeitura-de-bh-amplia-vacinacao-contra-gripe-para-toda-populacao-a-partir-desta-quarta\\\/#mainImage\"},\"datePublished\":\"2026-05-18T05:15:44-03:00\",\"dateModified\":\"2026-05-18T05:15:44-03:00\"},{\"@type\":\"WebSite\",\"@id\":\"https:\\\/\\\/www.encontrabelohorizonte.com.br\\\/sobre\\\/#website\",\"url\":\"https:\\\/\\\/www.encontrabelohorizonte.com.br\\\/sobre\\\/\",\"name\":\"Encontra Belo Horizonte\",\"description\":\"Not\\u00edcias, eventos, informa\\u00e7\\u00f5es e dicas da cidade de Belo Horizonte e regi\\u00e3o\",\"inLanguage\":\"pt-BR\",\"publisher\":{\"@id\":\"https:\\\/\\\/www.encontrabelohorizonte.com.br\\\/sobre\\\/#organization\"}}]}\n\t\t<\/script>\n\t\t<!-- All in One SEO -->\n\n","aioseo_head_json":{"title":"Prefeitura de BH amplia vacina\u00e7\u00e3o contra gripe para toda popula\u00e7\u00e3o a partir desta quarta | Encontra Belo Horizonte","description":"BH ampliou a vacina\u00e7\u00e3o contra gripe para toda popula\u00e7\u00e3o a partir de 6 meses.","canonical_url":"https:\/\/www.encontrabelohorizonte.com.br\/sobre\/prefeitura-de-bh-amplia-vacinacao-contra-gripe-para-toda-populacao-a-partir-desta-quarta\/","robots":"max-image-preview:large","keywords":"","webmasterTools":{"miscellaneous":""},"schema":{"@context":"https:\/\/schema.org","@graph":[{"@type":"Article","@id":"https:\/\/www.encontrabelohorizonte.com.br\/sobre\/prefeitura-de-bh-amplia-vacinacao-contra-gripe-para-toda-populacao-a-partir-desta-quarta\/#article","name":"Prefeitura de BH amplia vacina\u00e7\u00e3o contra gripe para toda popula\u00e7\u00e3o a partir desta quarta | Encontra Belo Horizonte","headline":"Prefeitura de BH amplia vacina\u00e7\u00e3o contra gripe para toda popula\u00e7\u00e3o a partir desta quarta","author":{"@id":"https:\/\/www.encontrabelohorizonte.com.br\/sobre\/author\/ebelohorizonte\/#author"},"publisher":{"@id":"https:\/\/www.encontrabelohorizonte.com.br\/sobre\/#organization"},"image":{"@type":"ImageObject","url":"https:\/\/www.encontrabelohorizonte.com.br\/sobre\/wp-content\/uploads\/prefeitura-de-bh-amplia-vacinacao-contra-gripe-para-toda-populacao-a-partir-desta-quarta.webp","width":280,"height":280,"caption":"vacina\u00e7\u00e3o contra gripe"},"datePublished":"2026-05-18T05:15:44-03:00","dateModified":"2026-05-18T05:15:44-03:00","inLanguage":"pt-BR","mainEntityOfPage":{"@id":"https:\/\/www.encontrabelohorizonte.com.br\/sobre\/prefeitura-de-bh-amplia-vacinacao-contra-gripe-para-toda-populacao-a-partir-desta-quarta\/#webpage"},"isPartOf":{"@id":"https:\/\/www.encontrabelohorizonte.com.br\/sobre\/prefeitura-de-bh-amplia-vacinacao-contra-gripe-para-toda-populacao-a-partir-desta-quarta\/#webpage"},"articleSection":"Not\u00edcias Belo Horizonte"},{"@type":"BreadcrumbList","@id":"https:\/\/www.encontrabelohorizonte.com.br\/sobre\/prefeitura-de-bh-amplia-vacinacao-contra-gripe-para-toda-populacao-a-partir-desta-quarta\/#breadcrumblist","itemListElement":[{"@type":"ListItem","@id":"https:\/\/www.encontrabelohorizonte.com.br\/sobre#listItem","position":1,"name":"In\u00edcio","item":"https:\/\/www.encontrabelohorizonte.com.br\/sobre","nextItem":{"@type":"ListItem","@id":"https:\/\/www.encontrabelohorizonte.com.br\/sobre\/noticias\/#listItem","name":"Not\u00edcias Belo Horizonte"}},{"@type":"ListItem","@id":"https:\/\/www.encontrabelohorizonte.com.br\/sobre\/noticias\/#listItem","position":2,"name":"Not\u00edcias Belo Horizonte","item":"https:\/\/www.encontrabelohorizonte.com.br\/sobre\/noticias\/","nextItem":{"@type":"ListItem","@id":"https:\/\/www.encontrabelohorizonte.com.br\/sobre\/prefeitura-de-bh-amplia-vacinacao-contra-gripe-para-toda-populacao-a-partir-desta-quarta\/#listItem","name":"Prefeitura de BH amplia vacina\u00e7\u00e3o contra gripe para toda popula\u00e7\u00e3o a partir desta quarta"},"previousItem":{"@type":"ListItem","@id":"https:\/\/www.encontrabelohorizonte.com.br\/sobre#listItem","name":"In\u00edcio"}},{"@type":"ListItem","@id":"https:\/\/www.encontrabelohorizonte.com.br\/sobre\/prefeitura-de-bh-amplia-vacinacao-contra-gripe-para-toda-populacao-a-partir-desta-quarta\/#listItem","position":3,"name":"Prefeitura de BH amplia vacina\u00e7\u00e3o contra gripe para toda popula\u00e7\u00e3o a partir desta quarta","previousItem":{"@type":"ListItem","@id":"https:\/\/www.encontrabelohorizonte.com.br\/sobre\/noticias\/#listItem","name":"Not\u00edcias Belo Horizonte"}}]},{"@type":"Organization","@id":"https:\/\/www.encontrabelohorizonte.com.br\/sobre\/#organization","name":"Encontra Belo Horizonte","description":"Not\u00edcias, eventos, informa\u00e7\u00f5es e dicas da cidade de Belo Horizonte e regi\u00e3o","url":"https:\/\/www.encontrabelohorizonte.com.br\/sobre\/"},{"@type":"Person","@id":"https:\/\/www.encontrabelohorizonte.com.br\/sobre\/author\/ebelohorizonte\/#author","url":"https:\/\/www.encontrabelohorizonte.com.br\/sobre\/author\/ebelohorizonte\/","name":"Encontra Belo Horizonte","image":{"@type":"ImageObject","@id":"https:\/\/www.encontrabelohorizonte.com.br\/sobre\/prefeitura-de-bh-amplia-vacinacao-contra-gripe-para-toda-populacao-a-partir-desta-quarta\/#authorImage","url":"https:\/\/secure.gravatar.com\/avatar\/507340682b8270222e1f208e23198b6ae7e2c6a1033ae84e99bc6bce4f82a387?s=96&d=mm&r=g","width":96,"height":96,"caption":"Encontra Belo Horizonte"}},{"@type":"WebPage","@id":"https:\/\/www.encontrabelohorizonte.com.br\/sobre\/prefeitura-de-bh-amplia-vacinacao-contra-gripe-para-toda-populacao-a-partir-desta-quarta\/#webpage","url":"https:\/\/www.encontrabelohorizonte.com.br\/sobre\/prefeitura-de-bh-amplia-vacinacao-contra-gripe-para-toda-populacao-a-partir-desta-quarta\/","name":"Prefeitura de BH amplia vacina\u00e7\u00e3o contra gripe para toda popula\u00e7\u00e3o a partir desta quarta | Encontra Belo Horizonte","description":"BH ampliou a vacina\u00e7\u00e3o contra gripe para toda popula\u00e7\u00e3o a partir de 6 meses.","inLanguage":"pt-BR","isPartOf":{"@id":"https:\/\/www.encontrabelohorizonte.com.br\/sobre\/#website"},"breadcrumb":{"@id":"https:\/\/www.encontrabelohorizonte.com.br\/sobre\/prefeitura-de-bh-amplia-vacinacao-contra-gripe-para-toda-populacao-a-partir-desta-quarta\/#breadcrumblist"},"author":{"@id":"https:\/\/www.encontrabelohorizonte.com.br\/sobre\/author\/ebelohorizonte\/#author"},"creator":{"@id":"https:\/\/www.encontrabelohorizonte.com.br\/sobre\/author\/ebelohorizonte\/#author"},"image":{"@type":"ImageObject","url":"https:\/\/www.encontrabelohorizonte.com.br\/sobre\/wp-content\/uploads\/prefeitura-de-bh-amplia-vacinacao-contra-gripe-para-toda-populacao-a-partir-desta-quarta.webp","@id":"https:\/\/www.encontrabelohorizonte.com.br\/sobre\/prefeitura-de-bh-amplia-vacinacao-contra-gripe-para-toda-populacao-a-partir-desta-quarta\/#mainImage","width":280,"height":280,"caption":"vacina\u00e7\u00e3o contra gripe"},"primaryImageOfPage":{"@id":"https:\/\/www.encontrabelohorizonte.com.br\/sobre\/prefeitura-de-bh-amplia-vacinacao-contra-gripe-para-toda-populacao-a-partir-desta-quarta\/#mainImage"},"datePublished":"2026-05-18T05:15:44-03:00","dateModified":"2026-05-18T05:15:44-03:00"},{"@type":"WebSite","@id":"https:\/\/www.encontrabelohorizonte.com.br\/sobre\/#website","url":"https:\/\/www.encontrabelohorizonte.com.br\/sobre\/","name":"Encontra Belo Horizonte","description":"Not\u00edcias, eventos, informa\u00e7\u00f5es e dicas da cidade de Belo Horizonte e regi\u00e3o","inLanguage":"pt-BR","publisher":{"@id":"https:\/\/www.encontrabelohorizonte.com.br\/sobre\/#organization"}}]},"og:locale":"pt_BR","og:site_name":"Encontra Belo Horizonte | Not\u00edcias, eventos, informa\u00e7\u00f5es e dicas da cidade de Belo Horizonte e regi\u00e3o","og:type":"article","og:title":"Prefeitura de BH amplia vacina\u00e7\u00e3o contra gripe para toda popula\u00e7\u00e3o a partir desta quarta | Encontra Belo Horizonte","og:description":"BH ampliou a vacina\u00e7\u00e3o contra gripe para toda popula\u00e7\u00e3o a partir de 6 meses.","og:url":"https:\/\/www.encontrabelohorizonte.com.br\/sobre\/prefeitura-de-bh-amplia-vacinacao-contra-gripe-para-toda-populacao-a-partir-desta-quarta\/","article:published_time":"2026-05-18T08:15:44+00:00","article:modified_time":"2026-05-18T08:15:44+00:00","twitter:card":"summary","twitter:title":"Prefeitura de BH amplia vacina\u00e7\u00e3o contra gripe para toda popula\u00e7\u00e3o a partir desta quarta | Encontra Belo Horizonte","twitter:description":"BH ampliou a vacina\u00e7\u00e3o contra gripe para toda popula\u00e7\u00e3o a partir de 6 meses."},"aioseo_meta_data":{"post_id":"4029","title":null,"description":null,"keywords":null,"keyphrases":null,"primary_term":null,"canonical_url":null,"og_title":null,"og_description":null,"og_object_type":"default","og_image_type":"default","og_image_url":null,"og_image_width":null,"og_image_height":null,"og_image_custom_url":null,"og_image_custom_fields":null,"og_video":null,"og_custom_url":null,"og_article_section":null,"og_article_tags":null,"twitter_use_og":false,"twitter_card":"default","twitter_image_type":"default","twitter_image_url":null,"twitter_image_custom_url":null,"twitter_image_custom_fields":null,"twitter_title":null,"twitter_description":null,"schema":{"blockGraphs":[],"customGraphs":[],"default":{"data":{"Article":[],"Course":[],"Dataset":[],"FAQPage":[],"Movie":[],"Person":[],"Product":[],"ProductReview":[],"Car":[],"Recipe":[],"Service":[],"SoftwareApplication":[],"WebPage":[]},"graphName":"WebPage","isEnabled":true},"graphs":[]},"schema_type":"default","schema_type_options":null,"pillar_content":false,"robots_default":true,"robots_noindex":false,"robots_noarchive":false,"robots_nosnippet":false,"robots_nofollow":false,"robots_noimageindex":false,"robots_noodp":false,"robots_notranslate":false,"robots_max_snippet":null,"robots_max_videopreview":null,"robots_max_imagepreview":"large","priority":null,"frequency":null,"local_seo":null,"breadcrumb_settings":null,"limit_modified_date":false,"ai":null,"created":"2026-05-18 08:15:49","updated":"2026-05-18 08:33:57","focus_keyword":null,"additional_keywords":null,"truseo_locale":null,"seo_analyzer_scan_date":null},"aioseo_breadcrumb":"<div class=\"aioseo-breadcrumbs\"><span class=\"aioseo-breadcrumb\">\n\t\t\t<a href=\"https:\/\/www.encontrabelohorizonte.com.br\/sobre\" title=\"In\u00edcio\">In\u00edcio<\/a>\n\t\t<\/span><span class=\"aioseo-breadcrumb-separator\">&raquo;<\/span><span class=\"aioseo-breadcrumb\">\n\t\t\t<a href=\"https:\/\/www.encontrabelohorizonte.com.br\/sobre\/noticias\/\" title=\"Not\u00edcias Belo Horizonte\">Not\u00edcias Belo Horizonte<\/a>\n\t\t<\/span><span class=\"aioseo-breadcrumb-separator\">&raquo;<\/span><span class=\"aioseo-breadcrumb\">\n\t\t\tPrefeitura de BH amplia vacina\u00e7\u00e3o contra gripe para toda popula\u00e7\u00e3o a partir desta quarta\n\t\t<\/span><\/div>","aioseo_breadcrumb_json":[{"label":"In\u00edcio","link":"https:\/\/www.encontrabelohorizonte.com.br\/sobre"},{"label":"Not\u00edcias Belo Horizonte","link":"https:\/\/www.encontrabelohorizonte.com.br\/sobre\/noticias\/"},{"label":"Prefeitura de BH amplia vacina\u00e7\u00e3o contra gripe para toda popula\u00e7\u00e3o a partir desta quarta","link":"https:\/\/www.encontrabelohorizonte.com.br\/sobre\/prefeitura-de-bh-amplia-vacinacao-contra-gripe-para-toda-populacao-a-partir-desta-quarta\/"}],"_links":{"self":[{"href":"https:\/\/www.encontrabelohorizonte.com.br\/sobre\/wp-json\/wp\/v2\/posts\/4029","targetHints":{"allow":["GET"]}}],"collection":[{"href":"https:\/\/www.encontrabelohorizonte.com.br\/sobre\/wp-json\/wp\/v2\/posts"}],"about":[{"href":"https:\/\/www.encontrabelohorizonte.com.br\/sobre\/wp-json\/wp\/v2\/types\/post"}],"author":[{"embeddable":true,"href":"https:\/\/www.encontrabelohorizonte.com.br\/sobre\/wp-json\/wp\/v2\/users\/1"}],"replies":[{"embeddable":true,"href":"https:\/\/www.encontrabelohorizonte.com.br\/sobre\/wp-json\/wp\/v2\/comments?post=4029"}],"version-history":[{"count":0,"href":"https:\/\/www.encontrabelohorizonte.com.br\/sobre\/wp-json\/wp\/v2\/posts\/4029\/revisions"}],"wp:featuredmedia":[{"embeddable":true,"href":"https:\/\/www.encontrabelohorizonte.com.br\/sobre\/wp-json\/wp\/v2\/media\/4028"}],"wp:attachment":[{"href":"https:\/\/www.encontrabelohorizonte.com.br\/sobre\/wp-json\/wp\/v2\/media?parent=4029"}],"wp:term":[{"taxonomy":"category","embeddable":true,"href":"https:\/\/www.encontrabelohorizonte.com.br\/sobre\/wp-json\/wp\/v2\/categories?post=4029"},{"taxonomy":"post_tag","embeddable":true,"href":"https:\/\/www.encontrabelohorizonte.com.br\/sobre\/wp-json\/wp\/v2\/tags?post=4029"}],"curies":[{"name":"wp","href":"https:\/\/api.w.org\/{rel}","templated":true}]}}