{"id":4039,"date":"2026-05-20T05:16:46","date_gmt":"2026-05-20T08:16:46","guid":{"rendered":"https:\/\/www.encontrabelohorizonte.com.br\/sobre\/apos-22-dias-em-greve-professores-da-rede-municipal-de-bh-decidem-manter-paralisacao\/"},"modified":"2026-05-20T05:16:46","modified_gmt":"2026-05-20T08:16:46","slug":"apos-22-dias-em-greve-professores-da-rede-municipal-de-bh-decidem-manter-paralisacao","status":"publish","type":"post","link":"https:\/\/www.encontrabelohorizonte.com.br\/sobre\/apos-22-dias-em-greve-professores-da-rede-municipal-de-bh-decidem-manter-paralisacao\/","title":{"rendered":"Ap\u00f3s 22 dias em greve, professores da rede municipal de BH decidem manter paralisa\u00e7\u00e3o"},"content":{"rendered":"<div class=\"2e083cf0b19e2c11948dc6ac054ba979\" data-index=\"1\" style=\"float: none; margin:0px;\">\n<!-- Anuncio display - global -->\r\n<ins class=\"adsbygoogle\"\r\n     style=\"display:block\"\r\n     data-ad-client=\"ca-pub-8585364105181520\"\r\n     data-ad-slot=\"8789329856\"\r\n     data-ad-format=\"auto\"\r\n     data-full-width-responsive=\"true\"><\/ins>\r\n<script>\r\n     (adsbygoogle = window.adsbygoogle || []).push({});\r\n<\/script>\n<\/div>\n<h2>Motivos da Greve<\/h2>\n<p>Os docentes da rede municipal de Belo Horizonte entraram em greve devido a uma s\u00e9rie de quest\u00f5es n\u00e3o resolvidas em rela\u00e7\u00e3o \u00e0s suas condi\u00e7\u00f5es de trabalho e remunera\u00e7\u00e3o. Principalmente, a luta \u00e9 por uma recomposi\u00e7\u00e3o salarial que reflita a realidade econ\u00f4mica e a valoriza\u00e7\u00e3o da profiss\u00e3o. Al\u00e9m disso, as condi\u00e7\u00f5es adversas de trabalho, como a falta de efetivos e a sobrecarga de atividades, foram fundamentais para o desencadeamento do movimento grevista.<\/p>\n<h2>Decis\u00e3o da Assembleia<\/h2>\n<p>Em uma assembleia realizada no dia 19 de maio de 2026, os profissionais da educa\u00e7\u00e3o decidiram, ap\u00f3s longas discuss\u00f5es, manter a paralisa\u00e7\u00e3o por tempo indeterminado. A reuni\u00e3o, que ocorreu na Pra\u00e7a Afonso Arinos, contou com a participa\u00e7\u00e3o de diversos educadores que expressaram suas insatisfa\u00e7\u00f5es e demandas perante a atual administra\u00e7\u00e3o municipal. A assembleia se estendeu por quase tr\u00eas horas, onde diversos l\u00edderes do movimento expuseram suas preocupa\u00e7\u00f5es em rela\u00e7\u00e3o \u00e0 pol\u00edtica de educa\u00e7\u00e3o vigente e a falta de di\u00e1logo da Prefeitura.<\/p>\n<h2>Reivindica\u00e7\u00f5es Principais<\/h2>\n<p>As reivindica\u00e7\u00f5es principais da categoria incluem:<\/p>\n<p><img decoding=\"async\" src=\"https:\/\/www.encontrabelohorizonte.com.br\/sobre\/wp-content\/uploads\/apos-22-dias-em-greve-professores-da-rede-municipal-de-bh-decidem-manter-paralisacao.webp\" alt=\"greve dos professores em BH\" loading=\"lazy\" \/><\/p>\n<ul>\n<li><strong>Recomposi\u00e7\u00e3o Salarial:<\/strong> Aumento no sal\u00e1rio que seja adequado \u00e0s necessidades financeiras dos educadores.<\/li>\n<li><strong>Melhorias nas Condi\u00e7\u00f5es de Trabalho:<\/strong> Redu\u00e7\u00e3o da carga de atividades e aumento do n\u00famero de efetivos nas escolas.<\/li>\n<li><strong>Transpar\u00eancia na Gest\u00e3o:<\/strong> Acesso a informa\u00e7\u00f5es sobre vagas e cargos dispon\u00edveis nas institui\u00e7\u00f5es para garantir que todos tenham oportunidade adequada.<\/li>\n<li><strong>Apoio Psicol\u00f3gico e Assistencial:<\/strong> A inclus\u00e3o de psic\u00f3logos e assistentes sociais nas escolas para melhor atender os alunos e profissionais.<\/li>\n<li><strong>Revis\u00e3o da legisla\u00e7\u00e3o local:<\/strong> Altera\u00e7\u00f5es para garantir que a Educa\u00e7\u00e3o Infantil n\u00e3o seja prejudicada pela falta de profissionais qualificados.<\/li>\n<\/ul>\n<h2>Problemas Enfrentados pelos Educadores<\/h2>\n<p>No entanto, a situa\u00e7\u00e3o dos educadores \u00e9 bastante delicada. Al\u00e9m da falta de efetivos, muitos profesores enfrentam uma sobrecarga de trabalho. Com turmas superlotadas e a demanda crescente por atividades extracurriculares, os profissionais se sentem cada vez mais pressionados e desmotivados. A aus\u00eancia de um suporte adequado, tanto f\u00edsico quanto material, impacta diretamente na qualidade do ensino oferecido \u00e0s crian\u00e7as e adolescentes.<\/p>\n<h2>Posi\u00e7\u00e3o da Prefeitura de BH<\/h2>\n<p>A Prefeitura confirmou que atender\u00e1 a algumas das demandas apresentadas, indicando um reajuste de 4,1% nos sal\u00e1rios dos educadores, mas a categoria reivindica tamb\u00e9m que essa porcentagem seja somada a uma recomposi\u00e7\u00e3o de 2,4% devido \u00e0s perdas acumuladas. A administra\u00e7\u00e3o municipal tamb\u00e9m afirmou que o sal\u00e1rio-base para os docentes \u00e9 superior ao valor do piso nacional, mas a resposta n\u00e3o parece satisfeita os educadores, que consideram essa medida insuficiente.<\/p>\n<h2>Rea\u00e7\u00f5es da Sociedade<\/h2>\n<p>A popula\u00e7\u00e3o e os alunos t\u00eam se posicionado em rela\u00e7\u00e3o \u00e0 greve, refletindo sobre a import\u00e2ncia dos professores e suas reivindica\u00e7\u00f5es. Muitos pais t\u00eam demonstrado apoio aos grevistas, entendendo que a valoriza\u00e7\u00e3o dos educadores \u00e9 essencial para a qualidade da educa\u00e7\u00e3o dos seus filhos. O movimento tamb\u00e9m gerou uma maior conscientiza\u00e7\u00e3o sobre a import\u00e2ncia do trabalho dos docentes e a necessidade de melhores condi\u00e7\u00f5es para o exerc\u00edcio de suas fun\u00e7\u00f5es.<\/p>\n<h2>Hist\u00f3rico de Greves Anteriores<\/h2>\n<p>As greves de professores em Belo Horizonte n\u00e3o s\u00e3o um fen\u00f4meno novo. Historicamente, a categoria j\u00e1 realizou outras mobiliza\u00e7\u00f5es em busca de melhores condi\u00e7\u00f5es de trabalho e valoriza\u00e7\u00e3o salarial. A experi\u00eancia de movimentos anteriores mostra que a luta por uma educa\u00e7\u00e3o digna e de qualidade \u00e9 cont\u00ednua e exige a participa\u00e7\u00e3o de todos os envolvidos no processo educacional.<\/p>\n<h2>Futuro da Educa\u00e7\u00e3o Municipal<\/h2>\n<p>A continuidade da greve levanta preocupa\u00e7\u00f5es sobre o futuro da educa\u00e7\u00e3o na capital mineira. Com as escolas paralisadas, o aprendizado dos alunos est\u00e1 comprometido, e a solu\u00e7\u00e3o para as demandas dos professores se torna necess\u00e1ria n\u00e3o apenas para resolver o impasse atual, mas para garantir uma educa\u00e7\u00e3o de qualidade a longo prazo. A administra\u00e7\u00e3o municipal precisar\u00e1 reavaliar suas prioridades e trabalhar em conjunto com os educadores para encontrar solu\u00e7\u00f5es que beneficiem tanto os profissionais quanto os estudantes.<\/p>\n<h2>Como a Greve Afeta os Alunos<\/h2>\n<p>A greve tem um impacto direto na rotina dos alunos, que ficam sem aulas e atividades educacionais regulares. A falta de atividades presenciais pode acarretar defasagens no aprendizado e desengajamento dos estudantes. Al\u00e9m disso, muitos alunos dependem das refei\u00e7\u00f5es oferecidas nas escolas, o que agrava ainda mais a situa\u00e7\u00e3o durante um per\u00edodo de paralisa\u00e7\u00e3o.<\/p>\n<h2>Pr\u00f3ximos Passos do Movimento<\/h2>\n<p>O movimento grevista se organiza para continuar o di\u00e1logo com a Prefeitura e pressionar pela resposta \u00e0s demais pautas n\u00e3o atendidas. Al\u00e9m disso, planejam a\u00e7\u00f5es de mobiliza\u00e7\u00e3o que visam aumentar ainda mais a visibilidade da luta dos educadores por melhores condi\u00e7\u00f5es de ensino. O comprometimento da categoria \u00e9 claro, e a esperan\u00e7a \u00e9 que com a press\u00e3o cont\u00ednua, a administra\u00e7\u00e3o municipal se sinta motivada a avan\u00e7ar nas negocia\u00e7\u00f5es e atender as demandas que est\u00e3o em pauta.<\/p>\n<p>Essa situa\u00e7\u00e3o \u00e9 uma oportunidade para repensar a educa\u00e7\u00e3o municipal e entender que valorizar os docentes \u00e9 um reflexo direto na forma\u00e7\u00e3o das futuras gera\u00e7\u00f5es. Para isso, a uni\u00e3o entre professores, administra\u00e7\u00e3o e sociedade \u00e9 essencial para que um avan\u00e7o real ocorra.<\/p>\n\n<div style=\"font-size: 0px; height: 0px; line-height: 0px; margin: 0; padding: 0; clear: both;\"><\/div>","protected":false},"excerpt":{"rendered":"<p>Greve dos professores em BH segue firme, lutando por melhores condi\u00e7\u00f5es e sal\u00e1rios justos.<\/p>\n","protected":false},"author":1,"featured_media":4038,"comment_status":"closed","ping_status":"closed","sticky":false,"template":"","format":"standard","meta":{"footnotes":""},"categories":[6],"tags":[],"class_list":["post-4039","post","type-post","status-publish","format-standard","has-post-thumbnail","hentry","category-noticias","has_thumb"],"aioseo_notices":[],"aioseo_head":"\n\t\t<!-- All in One SEO 5.0.0.1 - aioseo.com -->\n\t<meta name=\"description\" content=\"Greve dos professores em BH segue firme, lutando por melhores condi\u00e7\u00f5es e sal\u00e1rios justos.\" \/>\n\t<meta name=\"robots\" content=\"max-image-preview:large\" \/>\n\t<meta name=\"author\" content=\"Encontra Belo Horizonte\"\/>\n\t<link rel=\"canonical\" href=\"https:\/\/www.encontrabelohorizonte.com.br\/sobre\/apos-22-dias-em-greve-professores-da-rede-municipal-de-bh-decidem-manter-paralisacao\/\" \/>\n\t<meta name=\"generator\" content=\"All in One SEO (AIOSEO) 5.0.0.1\" \/>\n\t\t<meta property=\"og:locale\" content=\"pt_BR\" \/>\n\t\t<meta property=\"og:site_name\" content=\"Encontra Belo Horizonte | Not\u00edcias, eventos, informa\u00e7\u00f5es e dicas da cidade de Belo Horizonte e regi\u00e3o\" \/>\n\t\t<meta property=\"og:type\" content=\"article\" \/>\n\t\t<meta property=\"og:title\" content=\"Ap\u00f3s 22 dias em greve, professores da rede municipal de BH decidem manter paralisa\u00e7\u00e3o | Encontra Belo Horizonte\" \/>\n\t\t<meta property=\"og:description\" content=\"Greve dos professores em BH segue firme, lutando por melhores condi\u00e7\u00f5es e sal\u00e1rios justos.\" \/>\n\t\t<meta property=\"og:url\" content=\"https:\/\/www.encontrabelohorizonte.com.br\/sobre\/apos-22-dias-em-greve-professores-da-rede-municipal-de-bh-decidem-manter-paralisacao\/\" \/>\n\t\t<meta property=\"article:published_time\" content=\"2026-05-20T08:16:46+00:00\" \/>\n\t\t<meta property=\"article:modified_time\" content=\"2026-05-20T08:16:46+00:00\" \/>\n\t\t<meta name=\"twitter:card\" content=\"summary\" \/>\n\t\t<meta name=\"twitter:title\" content=\"Ap\u00f3s 22 dias em greve, professores da rede municipal de BH decidem manter paralisa\u00e7\u00e3o | Encontra Belo Horizonte\" \/>\n\t\t<meta name=\"twitter:description\" content=\"Greve dos professores em BH segue firme, lutando por melhores condi\u00e7\u00f5es e sal\u00e1rios justos.\" \/>\n\t\t<script type=\"application\/ld+json\" class=\"aioseo-schema\">\n\t\t\t{\"@context\":\"https:\\\/\\\/schema.org\",\"@graph\":[{\"@type\":\"Article\",\"@id\":\"https:\\\/\\\/www.encontrabelohorizonte.com.br\\\/sobre\\\/apos-22-dias-em-greve-professores-da-rede-municipal-de-bh-decidem-manter-paralisacao\\\/#article\",\"name\":\"Ap\\u00f3s 22 dias em greve, professores da rede municipal de BH decidem manter paralisa\\u00e7\\u00e3o | Encontra Belo Horizonte\",\"headline\":\"Ap\\u00f3s 22 dias em greve, professores da rede municipal de BH decidem manter paralisa\\u00e7\\u00e3o\",\"author\":{\"@id\":\"https:\\\/\\\/www.encontrabelohorizonte.com.br\\\/sobre\\\/author\\\/ebelohorizonte\\\/#author\"},\"publisher\":{\"@id\":\"https:\\\/\\\/www.encontrabelohorizonte.com.br\\\/sobre\\\/#organization\"},\"image\":{\"@type\":\"ImageObject\",\"url\":\"https:\\\/\\\/www.encontrabelohorizonte.com.br\\\/sobre\\\/wp-content\\\/uploads\\\/apos-22-dias-em-greve-professores-da-rede-municipal-de-bh-decidem-manter-paralisacao.webp\",\"width\":280,\"height\":280,\"caption\":\"greve dos professores em BH\"},\"datePublished\":\"2026-05-20T05:16:46-03:00\",\"dateModified\":\"2026-05-20T05:16:46-03:00\",\"inLanguage\":\"pt-BR\",\"mainEntityOfPage\":{\"@id\":\"https:\\\/\\\/www.encontrabelohorizonte.com.br\\\/sobre\\\/apos-22-dias-em-greve-professores-da-rede-municipal-de-bh-decidem-manter-paralisacao\\\/#webpage\"},\"isPartOf\":{\"@id\":\"https:\\\/\\\/www.encontrabelohorizonte.com.br\\\/sobre\\\/apos-22-dias-em-greve-professores-da-rede-municipal-de-bh-decidem-manter-paralisacao\\\/#webpage\"},\"articleSection\":\"Not\\u00edcias Belo Horizonte\"},{\"@type\":\"BreadcrumbList\",\"@id\":\"https:\\\/\\\/www.encontrabelohorizonte.com.br\\\/sobre\\\/apos-22-dias-em-greve-professores-da-rede-municipal-de-bh-decidem-manter-paralisacao\\\/#breadcrumblist\",\"itemListElement\":[{\"@type\":\"ListItem\",\"@id\":\"https:\\\/\\\/www.encontrabelohorizonte.com.br\\\/sobre#listItem\",\"position\":1,\"name\":\"In\\u00edcio\",\"item\":\"https:\\\/\\\/www.encontrabelohorizonte.com.br\\\/sobre\",\"nextItem\":{\"@type\":\"ListItem\",\"@id\":\"https:\\\/\\\/www.encontrabelohorizonte.com.br\\\/sobre\\\/noticias\\\/#listItem\",\"name\":\"Not\\u00edcias Belo Horizonte\"}},{\"@type\":\"ListItem\",\"@id\":\"https:\\\/\\\/www.encontrabelohorizonte.com.br\\\/sobre\\\/noticias\\\/#listItem\",\"position\":2,\"name\":\"Not\\u00edcias Belo Horizonte\",\"item\":\"https:\\\/\\\/www.encontrabelohorizonte.com.br\\\/sobre\\\/noticias\\\/\",\"nextItem\":{\"@type\":\"ListItem\",\"@id\":\"https:\\\/\\\/www.encontrabelohorizonte.com.br\\\/sobre\\\/apos-22-dias-em-greve-professores-da-rede-municipal-de-bh-decidem-manter-paralisacao\\\/#listItem\",\"name\":\"Ap\\u00f3s 22 dias em greve, professores da rede municipal de BH decidem manter paralisa\\u00e7\\u00e3o\"},\"previousItem\":{\"@type\":\"ListItem\",\"@id\":\"https:\\\/\\\/www.encontrabelohorizonte.com.br\\\/sobre#listItem\",\"name\":\"In\\u00edcio\"}},{\"@type\":\"ListItem\",\"@id\":\"https:\\\/\\\/www.encontrabelohorizonte.com.br\\\/sobre\\\/apos-22-dias-em-greve-professores-da-rede-municipal-de-bh-decidem-manter-paralisacao\\\/#listItem\",\"position\":3,\"name\":\"Ap\\u00f3s 22 dias em greve, professores da rede municipal de BH decidem manter paralisa\\u00e7\\u00e3o\",\"previousItem\":{\"@type\":\"ListItem\",\"@id\":\"https:\\\/\\\/www.encontrabelohorizonte.com.br\\\/sobre\\\/noticias\\\/#listItem\",\"name\":\"Not\\u00edcias Belo Horizonte\"}}]},{\"@type\":\"Organization\",\"@id\":\"https:\\\/\\\/www.encontrabelohorizonte.com.br\\\/sobre\\\/#organization\",\"name\":\"Encontra Belo Horizonte\",\"description\":\"Not\\u00edcias, eventos, informa\\u00e7\\u00f5es e dicas da cidade de Belo Horizonte e regi\\u00e3o\",\"url\":\"https:\\\/\\\/www.encontrabelohorizonte.com.br\\\/sobre\\\/\"},{\"@type\":\"Person\",\"@id\":\"https:\\\/\\\/www.encontrabelohorizonte.com.br\\\/sobre\\\/author\\\/ebelohorizonte\\\/#author\",\"url\":\"https:\\\/\\\/www.encontrabelohorizonte.com.br\\\/sobre\\\/author\\\/ebelohorizonte\\\/\",\"name\":\"Encontra Belo Horizonte\",\"image\":{\"@type\":\"ImageObject\",\"@id\":\"https:\\\/\\\/www.encontrabelohorizonte.com.br\\\/sobre\\\/apos-22-dias-em-greve-professores-da-rede-municipal-de-bh-decidem-manter-paralisacao\\\/#authorImage\",\"url\":\"https:\\\/\\\/secure.gravatar.com\\\/avatar\\\/507340682b8270222e1f208e23198b6ae7e2c6a1033ae84e99bc6bce4f82a387?s=96&d=mm&r=g\",\"width\":96,\"height\":96,\"caption\":\"Encontra Belo Horizonte\"}},{\"@type\":\"WebPage\",\"@id\":\"https:\\\/\\\/www.encontrabelohorizonte.com.br\\\/sobre\\\/apos-22-dias-em-greve-professores-da-rede-municipal-de-bh-decidem-manter-paralisacao\\\/#webpage\",\"url\":\"https:\\\/\\\/www.encontrabelohorizonte.com.br\\\/sobre\\\/apos-22-dias-em-greve-professores-da-rede-municipal-de-bh-decidem-manter-paralisacao\\\/\",\"name\":\"Ap\\u00f3s 22 dias em greve, professores da rede municipal de BH decidem manter paralisa\\u00e7\\u00e3o | Encontra Belo Horizonte\",\"description\":\"Greve dos professores em BH segue firme, lutando por melhores condi\\u00e7\\u00f5es e sal\\u00e1rios justos.\",\"inLanguage\":\"pt-BR\",\"isPartOf\":{\"@id\":\"https:\\\/\\\/www.encontrabelohorizonte.com.br\\\/sobre\\\/#website\"},\"breadcrumb\":{\"@id\":\"https:\\\/\\\/www.encontrabelohorizonte.com.br\\\/sobre\\\/apos-22-dias-em-greve-professores-da-rede-municipal-de-bh-decidem-manter-paralisacao\\\/#breadcrumblist\"},\"author\":{\"@id\":\"https:\\\/\\\/www.encontrabelohorizonte.com.br\\\/sobre\\\/author\\\/ebelohorizonte\\\/#author\"},\"creator\":{\"@id\":\"https:\\\/\\\/www.encontrabelohorizonte.com.br\\\/sobre\\\/author\\\/ebelohorizonte\\\/#author\"},\"image\":{\"@type\":\"ImageObject\",\"url\":\"https:\\\/\\\/www.encontrabelohorizonte.com.br\\\/sobre\\\/wp-content\\\/uploads\\\/apos-22-dias-em-greve-professores-da-rede-municipal-de-bh-decidem-manter-paralisacao.webp\",\"@id\":\"https:\\\/\\\/www.encontrabelohorizonte.com.br\\\/sobre\\\/apos-22-dias-em-greve-professores-da-rede-municipal-de-bh-decidem-manter-paralisacao\\\/#mainImage\",\"width\":280,\"height\":280,\"caption\":\"greve dos professores em BH\"},\"primaryImageOfPage\":{\"@id\":\"https:\\\/\\\/www.encontrabelohorizonte.com.br\\\/sobre\\\/apos-22-dias-em-greve-professores-da-rede-municipal-de-bh-decidem-manter-paralisacao\\\/#mainImage\"},\"datePublished\":\"2026-05-20T05:16:46-03:00\",\"dateModified\":\"2026-05-20T05:16:46-03:00\"},{\"@type\":\"WebSite\",\"@id\":\"https:\\\/\\\/www.encontrabelohorizonte.com.br\\\/sobre\\\/#website\",\"url\":\"https:\\\/\\\/www.encontrabelohorizonte.com.br\\\/sobre\\\/\",\"name\":\"Encontra Belo Horizonte\",\"description\":\"Not\\u00edcias, eventos, informa\\u00e7\\u00f5es e dicas da cidade de Belo Horizonte e regi\\u00e3o\",\"inLanguage\":\"pt-BR\",\"publisher\":{\"@id\":\"https:\\\/\\\/www.encontrabelohorizonte.com.br\\\/sobre\\\/#organization\"}}]}\n\t\t<\/script>\n\t\t<!-- All in One SEO -->\n\n","aioseo_head_json":{"title":"Ap\u00f3s 22 dias em greve, professores da rede municipal de BH decidem manter paralisa\u00e7\u00e3o | Encontra Belo Horizonte","description":"Greve dos professores em BH segue firme, lutando por melhores condi\u00e7\u00f5es e sal\u00e1rios justos.","canonical_url":"https:\/\/www.encontrabelohorizonte.com.br\/sobre\/apos-22-dias-em-greve-professores-da-rede-municipal-de-bh-decidem-manter-paralisacao\/","robots":"max-image-preview:large","keywords":"","webmasterTools":{"miscellaneous":""},"schema":{"@context":"https:\/\/schema.org","@graph":[{"@type":"Article","@id":"https:\/\/www.encontrabelohorizonte.com.br\/sobre\/apos-22-dias-em-greve-professores-da-rede-municipal-de-bh-decidem-manter-paralisacao\/#article","name":"Ap\u00f3s 22 dias em greve, professores da rede municipal de BH decidem manter paralisa\u00e7\u00e3o | Encontra Belo Horizonte","headline":"Ap\u00f3s 22 dias em greve, professores da rede municipal de BH decidem manter paralisa\u00e7\u00e3o","author":{"@id":"https:\/\/www.encontrabelohorizonte.com.br\/sobre\/author\/ebelohorizonte\/#author"},"publisher":{"@id":"https:\/\/www.encontrabelohorizonte.com.br\/sobre\/#organization"},"image":{"@type":"ImageObject","url":"https:\/\/www.encontrabelohorizonte.com.br\/sobre\/wp-content\/uploads\/apos-22-dias-em-greve-professores-da-rede-municipal-de-bh-decidem-manter-paralisacao.webp","width":280,"height":280,"caption":"greve dos professores em BH"},"datePublished":"2026-05-20T05:16:46-03:00","dateModified":"2026-05-20T05:16:46-03:00","inLanguage":"pt-BR","mainEntityOfPage":{"@id":"https:\/\/www.encontrabelohorizonte.com.br\/sobre\/apos-22-dias-em-greve-professores-da-rede-municipal-de-bh-decidem-manter-paralisacao\/#webpage"},"isPartOf":{"@id":"https:\/\/www.encontrabelohorizonte.com.br\/sobre\/apos-22-dias-em-greve-professores-da-rede-municipal-de-bh-decidem-manter-paralisacao\/#webpage"},"articleSection":"Not\u00edcias Belo Horizonte"},{"@type":"BreadcrumbList","@id":"https:\/\/www.encontrabelohorizonte.com.br\/sobre\/apos-22-dias-em-greve-professores-da-rede-municipal-de-bh-decidem-manter-paralisacao\/#breadcrumblist","itemListElement":[{"@type":"ListItem","@id":"https:\/\/www.encontrabelohorizonte.com.br\/sobre#listItem","position":1,"name":"In\u00edcio","item":"https:\/\/www.encontrabelohorizonte.com.br\/sobre","nextItem":{"@type":"ListItem","@id":"https:\/\/www.encontrabelohorizonte.com.br\/sobre\/noticias\/#listItem","name":"Not\u00edcias Belo Horizonte"}},{"@type":"ListItem","@id":"https:\/\/www.encontrabelohorizonte.com.br\/sobre\/noticias\/#listItem","position":2,"name":"Not\u00edcias Belo Horizonte","item":"https:\/\/www.encontrabelohorizonte.com.br\/sobre\/noticias\/","nextItem":{"@type":"ListItem","@id":"https:\/\/www.encontrabelohorizonte.com.br\/sobre\/apos-22-dias-em-greve-professores-da-rede-municipal-de-bh-decidem-manter-paralisacao\/#listItem","name":"Ap\u00f3s 22 dias em greve, professores da rede municipal de BH decidem manter paralisa\u00e7\u00e3o"},"previousItem":{"@type":"ListItem","@id":"https:\/\/www.encontrabelohorizonte.com.br\/sobre#listItem","name":"In\u00edcio"}},{"@type":"ListItem","@id":"https:\/\/www.encontrabelohorizonte.com.br\/sobre\/apos-22-dias-em-greve-professores-da-rede-municipal-de-bh-decidem-manter-paralisacao\/#listItem","position":3,"name":"Ap\u00f3s 22 dias em greve, professores da rede municipal de BH decidem manter paralisa\u00e7\u00e3o","previousItem":{"@type":"ListItem","@id":"https:\/\/www.encontrabelohorizonte.com.br\/sobre\/noticias\/#listItem","name":"Not\u00edcias Belo Horizonte"}}]},{"@type":"Organization","@id":"https:\/\/www.encontrabelohorizonte.com.br\/sobre\/#organization","name":"Encontra Belo Horizonte","description":"Not\u00edcias, eventos, informa\u00e7\u00f5es e dicas da cidade de Belo Horizonte e regi\u00e3o","url":"https:\/\/www.encontrabelohorizonte.com.br\/sobre\/"},{"@type":"Person","@id":"https:\/\/www.encontrabelohorizonte.com.br\/sobre\/author\/ebelohorizonte\/#author","url":"https:\/\/www.encontrabelohorizonte.com.br\/sobre\/author\/ebelohorizonte\/","name":"Encontra Belo Horizonte","image":{"@type":"ImageObject","@id":"https:\/\/www.encontrabelohorizonte.com.br\/sobre\/apos-22-dias-em-greve-professores-da-rede-municipal-de-bh-decidem-manter-paralisacao\/#authorImage","url":"https:\/\/secure.gravatar.com\/avatar\/507340682b8270222e1f208e23198b6ae7e2c6a1033ae84e99bc6bce4f82a387?s=96&d=mm&r=g","width":96,"height":96,"caption":"Encontra Belo Horizonte"}},{"@type":"WebPage","@id":"https:\/\/www.encontrabelohorizonte.com.br\/sobre\/apos-22-dias-em-greve-professores-da-rede-municipal-de-bh-decidem-manter-paralisacao\/#webpage","url":"https:\/\/www.encontrabelohorizonte.com.br\/sobre\/apos-22-dias-em-greve-professores-da-rede-municipal-de-bh-decidem-manter-paralisacao\/","name":"Ap\u00f3s 22 dias em greve, professores da rede municipal de BH decidem manter paralisa\u00e7\u00e3o | Encontra Belo Horizonte","description":"Greve dos professores em BH segue firme, lutando por melhores condi\u00e7\u00f5es e sal\u00e1rios justos.","inLanguage":"pt-BR","isPartOf":{"@id":"https:\/\/www.encontrabelohorizonte.com.br\/sobre\/#website"},"breadcrumb":{"@id":"https:\/\/www.encontrabelohorizonte.com.br\/sobre\/apos-22-dias-em-greve-professores-da-rede-municipal-de-bh-decidem-manter-paralisacao\/#breadcrumblist"},"author":{"@id":"https:\/\/www.encontrabelohorizonte.com.br\/sobre\/author\/ebelohorizonte\/#author"},"creator":{"@id":"https:\/\/www.encontrabelohorizonte.com.br\/sobre\/author\/ebelohorizonte\/#author"},"image":{"@type":"ImageObject","url":"https:\/\/www.encontrabelohorizonte.com.br\/sobre\/wp-content\/uploads\/apos-22-dias-em-greve-professores-da-rede-municipal-de-bh-decidem-manter-paralisacao.webp","@id":"https:\/\/www.encontrabelohorizonte.com.br\/sobre\/apos-22-dias-em-greve-professores-da-rede-municipal-de-bh-decidem-manter-paralisacao\/#mainImage","width":280,"height":280,"caption":"greve dos professores em BH"},"primaryImageOfPage":{"@id":"https:\/\/www.encontrabelohorizonte.com.br\/sobre\/apos-22-dias-em-greve-professores-da-rede-municipal-de-bh-decidem-manter-paralisacao\/#mainImage"},"datePublished":"2026-05-20T05:16:46-03:00","dateModified":"2026-05-20T05:16:46-03:00"},{"@type":"WebSite","@id":"https:\/\/www.encontrabelohorizonte.com.br\/sobre\/#website","url":"https:\/\/www.encontrabelohorizonte.com.br\/sobre\/","name":"Encontra Belo Horizonte","description":"Not\u00edcias, eventos, informa\u00e7\u00f5es e dicas da cidade de Belo Horizonte e regi\u00e3o","inLanguage":"pt-BR","publisher":{"@id":"https:\/\/www.encontrabelohorizonte.com.br\/sobre\/#organization"}}]},"og:locale":"pt_BR","og:site_name":"Encontra Belo Horizonte | Not\u00edcias, eventos, informa\u00e7\u00f5es e dicas da cidade de Belo Horizonte e regi\u00e3o","og:type":"article","og:title":"Ap\u00f3s 22 dias em greve, professores da rede municipal de BH decidem manter paralisa\u00e7\u00e3o | Encontra Belo Horizonte","og:description":"Greve dos professores em BH segue firme, lutando por melhores condi\u00e7\u00f5es e sal\u00e1rios justos.","og:url":"https:\/\/www.encontrabelohorizonte.com.br\/sobre\/apos-22-dias-em-greve-professores-da-rede-municipal-de-bh-decidem-manter-paralisacao\/","article:published_time":"2026-05-20T08:16:46+00:00","article:modified_time":"2026-05-20T08:16:46+00:00","twitter:card":"summary","twitter:title":"Ap\u00f3s 22 dias em greve, professores da rede municipal de BH decidem manter paralisa\u00e7\u00e3o | Encontra Belo Horizonte","twitter:description":"Greve dos professores em BH segue firme, lutando por melhores condi\u00e7\u00f5es e sal\u00e1rios justos."},"aioseo_meta_data":{"post_id":"4039","title":null,"description":null,"keywords":null,"keyphrases":null,"primary_term":null,"canonical_url":null,"og_title":null,"og_description":null,"og_object_type":"default","og_image_type":"default","og_image_url":null,"og_image_width":null,"og_image_height":null,"og_image_custom_url":null,"og_image_custom_fields":null,"og_video":null,"og_custom_url":null,"og_article_section":null,"og_article_tags":null,"twitter_use_og":false,"twitter_card":"default","twitter_image_type":"default","twitter_image_url":null,"twitter_image_custom_url":null,"twitter_image_custom_fields":null,"twitter_title":null,"twitter_description":null,"schema":{"blockGraphs":[],"customGraphs":[],"default":{"data":{"Article":[],"Course":[],"Dataset":[],"FAQPage":[],"Movie":[],"Person":[],"Product":[],"ProductReview":[],"Car":[],"Recipe":[],"Service":[],"SoftwareApplication":[],"WebPage":[]},"graphName":"Article","isEnabled":true},"graphs":[]},"schema_type":"default","schema_type_options":null,"pillar_content":false,"robots_default":true,"robots_noindex":false,"robots_noarchive":false,"robots_nosnippet":false,"robots_nofollow":false,"robots_noimageindex":false,"robots_noodp":false,"robots_notranslate":false,"robots_max_snippet":null,"robots_max_videopreview":null,"robots_max_imagepreview":"large","priority":null,"frequency":null,"local_seo":null,"breadcrumb_settings":null,"limit_modified_date":false,"ai":null,"created":"2026-05-20 08:16:49","updated":"2026-05-20 08:35:05","focus_keyword":null,"additional_keywords":null,"truseo_locale":null,"seo_analyzer_scan_date":null},"aioseo_breadcrumb":"<div class=\"aioseo-breadcrumbs\"><span class=\"aioseo-breadcrumb\">\n\t\t\t<a href=\"https:\/\/www.encontrabelohorizonte.com.br\/sobre\" title=\"In\u00edcio\">In\u00edcio<\/a>\n\t\t<\/span><span class=\"aioseo-breadcrumb-separator\">&raquo;<\/span><span class=\"aioseo-breadcrumb\">\n\t\t\t<a href=\"https:\/\/www.encontrabelohorizonte.com.br\/sobre\/noticias\/\" title=\"Not\u00edcias Belo Horizonte\">Not\u00edcias Belo Horizonte<\/a>\n\t\t<\/span><span class=\"aioseo-breadcrumb-separator\">&raquo;<\/span><span class=\"aioseo-breadcrumb\">\n\t\t\tAp\u00f3s 22 dias em greve, professores da rede municipal de BH decidem manter paralisa\u00e7\u00e3o\n\t\t<\/span><\/div>","aioseo_breadcrumb_json":[{"label":"In\u00edcio","link":"https:\/\/www.encontrabelohorizonte.com.br\/sobre"},{"label":"Not\u00edcias Belo Horizonte","link":"https:\/\/www.encontrabelohorizonte.com.br\/sobre\/noticias\/"},{"label":"Ap\u00f3s 22 dias em greve, professores da rede municipal de BH decidem manter paralisa\u00e7\u00e3o","link":"https:\/\/www.encontrabelohorizonte.com.br\/sobre\/apos-22-dias-em-greve-professores-da-rede-municipal-de-bh-decidem-manter-paralisacao\/"}],"_links":{"self":[{"href":"https:\/\/www.encontrabelohorizonte.com.br\/sobre\/wp-json\/wp\/v2\/posts\/4039","targetHints":{"allow":["GET"]}}],"collection":[{"href":"https:\/\/www.encontrabelohorizonte.com.br\/sobre\/wp-json\/wp\/v2\/posts"}],"about":[{"href":"https:\/\/www.encontrabelohorizonte.com.br\/sobre\/wp-json\/wp\/v2\/types\/post"}],"author":[{"embeddable":true,"href":"https:\/\/www.encontrabelohorizonte.com.br\/sobre\/wp-json\/wp\/v2\/users\/1"}],"replies":[{"embeddable":true,"href":"https:\/\/www.encontrabelohorizonte.com.br\/sobre\/wp-json\/wp\/v2\/comments?post=4039"}],"version-history":[{"count":0,"href":"https:\/\/www.encontrabelohorizonte.com.br\/sobre\/wp-json\/wp\/v2\/posts\/4039\/revisions"}],"wp:featuredmedia":[{"embeddable":true,"href":"https:\/\/www.encontrabelohorizonte.com.br\/sobre\/wp-json\/wp\/v2\/media\/4038"}],"wp:attachment":[{"href":"https:\/\/www.encontrabelohorizonte.com.br\/sobre\/wp-json\/wp\/v2\/media?parent=4039"}],"wp:term":[{"taxonomy":"category","embeddable":true,"href":"https:\/\/www.encontrabelohorizonte.com.br\/sobre\/wp-json\/wp\/v2\/categories?post=4039"},{"taxonomy":"post_tag","embeddable":true,"href":"https:\/\/www.encontrabelohorizonte.com.br\/sobre\/wp-json\/wp\/v2\/tags?post=4039"}],"curies":[{"name":"wp","href":"https:\/\/api.w.org\/{rel}","templated":true}]}}