{"id":4050,"date":"2026-05-23T05:15:14","date_gmt":"2026-05-23T08:15:14","guid":{"rendered":"https:\/\/www.encontrabelohorizonte.com.br\/sobre\/carreta-saude-mais-perto-retorna-a-belo-horizonte-com-consultas-na-regiao-nordeste-da-capital\/"},"modified":"2026-05-23T05:15:14","modified_gmt":"2026-05-23T08:15:14","slug":"carreta-saude-mais-perto-retorna-a-belo-horizonte-com-consultas-na-regiao-nordeste-da-capital","status":"publish","type":"post","link":"https:\/\/www.encontrabelohorizonte.com.br\/sobre\/carreta-saude-mais-perto-retorna-a-belo-horizonte-com-consultas-na-regiao-nordeste-da-capital\/","title":{"rendered":"Carreta Sa\u00fade Mais Perto retorna a Belo Horizonte com consultas na regi\u00e3o Nordeste da capital"},"content":{"rendered":"<div class=\"2e083cf0b19e2c11948dc6ac054ba979\" data-index=\"1\" style=\"float: none; margin:0px;\">\n<!-- Anuncio display - global -->\r\n<ins class=\"adsbygoogle\"\r\n     style=\"display:block\"\r\n     data-ad-client=\"ca-pub-8585364105181520\"\r\n     data-ad-slot=\"8789329856\"\r\n     data-ad-format=\"auto\"\r\n     data-full-width-responsive=\"true\"><\/ins>\r\n<script>\r\n     (adsbygoogle = window.adsbygoogle || []).push({});\r\n<\/script>\n<\/div>\n<h2>Objetivo da Carreta Sa\u00fade Mais Perto<\/h2>\n<p>A <strong>Carreta Sa\u00fade Mais Perto<\/strong> \u00e9 uma iniciativa do Governo de Minas Gerais, atrav\u00e9s da <strong>Secretaria de Estado de Sa\u00fade (SES-MG)<\/strong>, idealizada para facilitar o acesso da popula\u00e7\u00e3o a servi\u00e7os de sa\u00fade especializados. O projeto visa reduzir as filas nas unidades de sa\u00fade p\u00fablica e proporcionar atendimento m\u00e9dico em \u00e1reas onde o acesso a consultas e exames \u00e9 limitado. Dessa forma, busca-se garantir que mais pessoas tenham a oportunidade de receber cuidados m\u00e9dicos de qualidade.<\/p>\n<h2>Localiza\u00e7\u00e3o dos Atendimentos<\/h2>\n<p>Entre os dias <strong>25 e 30 de maio<\/strong>, a carreta estar\u00e1 em <strong>Belo Horizonte<\/strong>, especificamente na <strong>PUC Minas S\u00e3o Gabriel<\/strong>. Este local foi escolhido para atender a regi\u00e3o Nordeste da capital, uma \u00e1rea com grande demanda por servi\u00e7os de sa\u00fade. A unidade m\u00f3vel estar\u00e1 instalada no estacionamento da PUC, localizada na <strong>Rua Walter Ianni, 255, no bairro S\u00e3o Gabriel<\/strong>.<\/p>\n<h2>Consultas Dispon\u00edveis<\/h2>\n<p>Durante essa etapa, a Carreta Sa\u00fade Mais Perto ir\u00e1 oferecer uma variedade de servi\u00e7os que incluem consultas e exames nas seguintes especialidades:<\/p>\n<ul>\n<li><strong>Angiologia<\/strong><\/li>\n<li><strong>Dermatologia<\/strong><\/li>\n<li><strong>Otorrinolaringologia<\/strong><\/li>\n<\/ul>\n<p>As consultas estar\u00e3o dispon\u00edveis para pacientes que foram previamente agendados pelo sistema de sa\u00fade municipal. Essa a\u00e7\u00e3o est\u00e1 alinhada com a necessidade de oferecer servi\u00e7os de sa\u00fade que atendem a demanda local.<\/p>\n<h2>Como Funciona o Agendamento<\/h2>\n<p>Todos os pacientes que utilizarem os servi\u00e7os da Carreta Sa\u00fade Mais Perto dever\u00e3o agendar suas consultas previamente. O agendamento \u00e9 feito pelas <strong>Unidades B\u00e1sicas de Sa\u00fade (UBS)<\/strong> que atendem a popula\u00e7\u00e3o da regi\u00e3o. A SES-MG enfatiza que n\u00e3o haver\u00e1 atendimentos sem agendamento pr\u00e9vio, garantindo assim um fluxo organizado e eficiente durante as consultas.<\/p>\n<h2>Hor\u00e1rios de Atendimento<\/h2>\n<p>Os atendimentos na Carreta Sa\u00fade Mais Perto ocorrer\u00e3o das <strong>8h \u00e0s 18h<\/strong>. \u00c9 importante que os pacientes cheguem no hor\u00e1rio marcado para evitar contratempos e garantir que todos os atendimentos sejam realizados dentro do tempo dispon\u00edvel. A equipe de sa\u00fade estar\u00e1 preparada para receber os pacientes durante todo o per\u00edodo de funcionamento.<\/p>\n<h2>Benef\u00edcios do Atendimento Itinerante<\/h2>\n<p>O modelo de atendimento itinerante da Carreta Sa\u00fade Mais Perto traz diversos benef\u00edcios para a popula\u00e7\u00e3o:<\/p>\n<ul>\n<li><strong>Acesso Facilitado:<\/strong> Permite que pacientes de \u00e1reas com pouca oferta de especialistas consigam consultas sem precisar se deslocar longas dist\u00e2ncias.<\/li>\n<li><strong>Descongestionamento das UBS:<\/strong> Ajuda a aliviar a alta demanda nas unidades b\u00e1sicas de sa\u00fade, gerando um fluxo mais eficiente de atendimento.<\/li>\n<li><strong>Aumento da Cobertura:<\/strong> Amplia o alcance dos servi\u00e7os de sa\u00fade, beneficiando pessoas que anteriormente n\u00e3o poderiam acessar cuidados m\u00e9dicos adequados.<\/li>\n<\/ul>\n<p>Esse formato de atendimento visa n\u00e3o apenas tratar, mas tamb\u00e9m promover a sa\u00fade de maneira eficiente e pr\u00f3xima \u00e0 popula\u00e7\u00e3o.<\/p>\n<h2>Experi\u00eancia Anterior em Belo Horizonte<\/h2>\n<p>A experi\u00eancia anterior da Carreta Sa\u00fade Mais Perto em Belo Horizonte foi bastante positiva. Na primeira parada, realizada no <strong>Aglomerado da Serra<\/strong>, entre os dias <strong>19 e 21 de mar\u00e7o<\/strong>, a equipe registrou um grande n\u00famero de agendamentos, atendendo a demanda local. Esse sucesso inicial garantiu o retorno da carreta \u00e0 capital, com a expectativa de atender at\u00e9 <strong>mil pacientes<\/strong> durante este novo per\u00edodo de atendimento.<\/p>\n<h2>Investimento no Projeto<\/h2>\n<p>O projeto Carreta Sa\u00fade Mais Perto conta com um investimento significativo por parte do Governo de Minas, superior a <strong>R$ 10 milh\u00f5es<\/strong>. Esse valor \u00e9 destinado \u00e0 manuten\u00e7\u00e3o e opera\u00e7\u00e3o das unidades m\u00f3veis, que est\u00e3o equipadas para realizar diversos servi\u00e7os m\u00e9dicos e exames especializados. A proposta \u00e9 garantir a qualidade do atendimento e a funcionalidade dos ve\u00edculos que comp\u00f5em a frota.<\/p>\n<h2>Futuras Paradas da Carreta<\/h2>\n<p>A partir do m\u00eas de junho, a Carreta Sa\u00fade Mais Perto come\u00e7ar\u00e1 a se deslocar para novas regi\u00f5es, como <strong>Nordeste, Norte e Jequitinhonha<\/strong>. Essa expans\u00e3o tem como objetivo alcan\u00e7ar ainda mais munic\u00edpios mineiros, facilitando o acesso a consultas e exames para uma maior parcela da popula\u00e7\u00e3o. O planejamento inclui identificar as \u00e1reas com maior demanda e ajustar a rota de acordo com as necessidades locais.<\/p>\n<h2>Import\u00e2ncia da Sa\u00fade P\u00fablica<\/h2>\n<p>A iniciativa da Carreta Sa\u00fade Mais Perto reflete um compromisso com a sa\u00fade p\u00fablica em Minas Gerais. Ao proporcionar acesso a servi\u00e7os essenciais de sa\u00fade, o projeto contribui para a promo\u00e7\u00e3o da sa\u00fade e bem-estar da popula\u00e7\u00e3o. A a\u00e7\u00e3o \u00e9 um dos passos significativos para garantir que os cidad\u00e3os tenham direito a cuidar de sua sa\u00fade, especialmente em \u00e1reas historicamente negligenciadas. Al\u00e9m disso, a Carreta representa uma resposta imediata \u00e0s necessidades de sa\u00fade p\u00fablica, promovendo um sistema de sa\u00fade mais justo e acess\u00edvel para todos.<\/p>\n\n<div style=\"font-size: 0px; height: 0px; line-height: 0px; margin: 0; padding: 0; clear: both;\"><\/div>","protected":false},"excerpt":{"rendered":"<p>Carreta Sa\u00fade Mais Perto traz atendimento especializado a Belo Horizonte.<\/p>\n","protected":false},"author":1,"featured_media":0,"comment_status":"closed","ping_status":"closed","sticky":false,"template":"","format":"standard","meta":{"footnotes":""},"categories":[42],"tags":[],"class_list":["post-4050","post","type-post","status-publish","format-standard","hentry","category-saude"],"aioseo_notices":[],"aioseo_head":"\n\t\t<!-- All in One SEO 5.0.0.1 - aioseo.com -->\n\t<meta name=\"description\" content=\"Carreta Sa\u00fade Mais Perto traz atendimento especializado a Belo Horizonte.\" \/>\n\t<meta name=\"robots\" content=\"max-image-preview:large\" \/>\n\t<meta name=\"author\" content=\"Encontra Belo Horizonte\"\/>\n\t<link rel=\"canonical\" href=\"https:\/\/www.encontrabelohorizonte.com.br\/sobre\/carreta-saude-mais-perto-retorna-a-belo-horizonte-com-consultas-na-regiao-nordeste-da-capital\/\" \/>\n\t<meta name=\"generator\" content=\"All in One SEO (AIOSEO) 5.0.0.1\" \/>\n\t\t<meta property=\"og:locale\" content=\"pt_BR\" \/>\n\t\t<meta property=\"og:site_name\" content=\"Encontra Belo Horizonte | Not\u00edcias, eventos, informa\u00e7\u00f5es e dicas da cidade de Belo Horizonte e regi\u00e3o\" \/>\n\t\t<meta property=\"og:type\" content=\"article\" \/>\n\t\t<meta property=\"og:title\" content=\"Carreta Sa\u00fade Mais Perto retorna a Belo Horizonte com consultas na regi\u00e3o Nordeste da capital | Encontra Belo Horizonte\" \/>\n\t\t<meta property=\"og:description\" content=\"Carreta Sa\u00fade Mais Perto traz atendimento especializado a Belo Horizonte.\" \/>\n\t\t<meta property=\"og:url\" content=\"https:\/\/www.encontrabelohorizonte.com.br\/sobre\/carreta-saude-mais-perto-retorna-a-belo-horizonte-com-consultas-na-regiao-nordeste-da-capital\/\" \/>\n\t\t<meta property=\"article:published_time\" content=\"2026-05-23T08:15:14+00:00\" \/>\n\t\t<meta property=\"article:modified_time\" content=\"2026-05-23T08:15:14+00:00\" \/>\n\t\t<meta name=\"twitter:card\" content=\"summary\" \/>\n\t\t<meta name=\"twitter:title\" content=\"Carreta Sa\u00fade Mais Perto retorna a Belo Horizonte com consultas na regi\u00e3o Nordeste da capital | Encontra Belo Horizonte\" \/>\n\t\t<meta name=\"twitter:description\" content=\"Carreta Sa\u00fade Mais Perto traz atendimento especializado a Belo Horizonte.\" \/>\n\t\t<script type=\"application\/ld+json\" class=\"aioseo-schema\">\n\t\t\t{\"@context\":\"https:\\\/\\\/schema.org\",\"@graph\":[{\"@type\":\"Article\",\"@id\":\"https:\\\/\\\/www.encontrabelohorizonte.com.br\\\/sobre\\\/carreta-saude-mais-perto-retorna-a-belo-horizonte-com-consultas-na-regiao-nordeste-da-capital\\\/#article\",\"name\":\"Carreta Sa\\u00fade Mais Perto retorna a Belo Horizonte com consultas na regi\\u00e3o Nordeste da capital | Encontra Belo Horizonte\",\"headline\":\"Carreta Sa\\u00fade Mais Perto retorna a Belo Horizonte com consultas na regi\\u00e3o Nordeste da capital\",\"author\":{\"@id\":\"https:\\\/\\\/www.encontrabelohorizonte.com.br\\\/sobre\\\/author\\\/ebelohorizonte\\\/#author\"},\"publisher\":{\"@id\":\"https:\\\/\\\/www.encontrabelohorizonte.com.br\\\/sobre\\\/#organization\"},\"datePublished\":\"2026-05-23T05:15:14-03:00\",\"dateModified\":\"2026-05-23T05:15:14-03:00\",\"inLanguage\":\"pt-BR\",\"mainEntityOfPage\":{\"@id\":\"https:\\\/\\\/www.encontrabelohorizonte.com.br\\\/sobre\\\/carreta-saude-mais-perto-retorna-a-belo-horizonte-com-consultas-na-regiao-nordeste-da-capital\\\/#webpage\"},\"isPartOf\":{\"@id\":\"https:\\\/\\\/www.encontrabelohorizonte.com.br\\\/sobre\\\/carreta-saude-mais-perto-retorna-a-belo-horizonte-com-consultas-na-regiao-nordeste-da-capital\\\/#webpage\"},\"articleSection\":\"Sa\\u00fade Belo Horizonte\"},{\"@type\":\"BreadcrumbList\",\"@id\":\"https:\\\/\\\/www.encontrabelohorizonte.com.br\\\/sobre\\\/carreta-saude-mais-perto-retorna-a-belo-horizonte-com-consultas-na-regiao-nordeste-da-capital\\\/#breadcrumblist\",\"itemListElement\":[{\"@type\":\"ListItem\",\"@id\":\"https:\\\/\\\/www.encontrabelohorizonte.com.br\\\/sobre#listItem\",\"position\":1,\"name\":\"In\\u00edcio\",\"item\":\"https:\\\/\\\/www.encontrabelohorizonte.com.br\\\/sobre\",\"nextItem\":{\"@type\":\"ListItem\",\"@id\":\"https:\\\/\\\/www.encontrabelohorizonte.com.br\\\/sobre\\\/saude\\\/#listItem\",\"name\":\"Sa\\u00fade Belo Horizonte\"}},{\"@type\":\"ListItem\",\"@id\":\"https:\\\/\\\/www.encontrabelohorizonte.com.br\\\/sobre\\\/saude\\\/#listItem\",\"position\":2,\"name\":\"Sa\\u00fade Belo Horizonte\",\"item\":\"https:\\\/\\\/www.encontrabelohorizonte.com.br\\\/sobre\\\/saude\\\/\",\"nextItem\":{\"@type\":\"ListItem\",\"@id\":\"https:\\\/\\\/www.encontrabelohorizonte.com.br\\\/sobre\\\/carreta-saude-mais-perto-retorna-a-belo-horizonte-com-consultas-na-regiao-nordeste-da-capital\\\/#listItem\",\"name\":\"Carreta Sa\\u00fade Mais Perto retorna a Belo Horizonte com consultas na regi\\u00e3o Nordeste da capital\"},\"previousItem\":{\"@type\":\"ListItem\",\"@id\":\"https:\\\/\\\/www.encontrabelohorizonte.com.br\\\/sobre#listItem\",\"name\":\"In\\u00edcio\"}},{\"@type\":\"ListItem\",\"@id\":\"https:\\\/\\\/www.encontrabelohorizonte.com.br\\\/sobre\\\/carreta-saude-mais-perto-retorna-a-belo-horizonte-com-consultas-na-regiao-nordeste-da-capital\\\/#listItem\",\"position\":3,\"name\":\"Carreta Sa\\u00fade Mais Perto retorna a Belo Horizonte com consultas na regi\\u00e3o Nordeste da capital\",\"previousItem\":{\"@type\":\"ListItem\",\"@id\":\"https:\\\/\\\/www.encontrabelohorizonte.com.br\\\/sobre\\\/saude\\\/#listItem\",\"name\":\"Sa\\u00fade Belo Horizonte\"}}]},{\"@type\":\"Organization\",\"@id\":\"https:\\\/\\\/www.encontrabelohorizonte.com.br\\\/sobre\\\/#organization\",\"name\":\"Encontra Belo Horizonte\",\"description\":\"Not\\u00edcias, eventos, informa\\u00e7\\u00f5es e dicas da cidade de Belo Horizonte e regi\\u00e3o\",\"url\":\"https:\\\/\\\/www.encontrabelohorizonte.com.br\\\/sobre\\\/\"},{\"@type\":\"Person\",\"@id\":\"https:\\\/\\\/www.encontrabelohorizonte.com.br\\\/sobre\\\/author\\\/ebelohorizonte\\\/#author\",\"url\":\"https:\\\/\\\/www.encontrabelohorizonte.com.br\\\/sobre\\\/author\\\/ebelohorizonte\\\/\",\"name\":\"Encontra Belo Horizonte\",\"image\":{\"@type\":\"ImageObject\",\"@id\":\"https:\\\/\\\/www.encontrabelohorizonte.com.br\\\/sobre\\\/carreta-saude-mais-perto-retorna-a-belo-horizonte-com-consultas-na-regiao-nordeste-da-capital\\\/#authorImage\",\"url\":\"https:\\\/\\\/secure.gravatar.com\\\/avatar\\\/507340682b8270222e1f208e23198b6ae7e2c6a1033ae84e99bc6bce4f82a387?s=96&d=mm&r=g\",\"width\":96,\"height\":96,\"caption\":\"Encontra Belo Horizonte\"}},{\"@type\":\"WebPage\",\"@id\":\"https:\\\/\\\/www.encontrabelohorizonte.com.br\\\/sobre\\\/carreta-saude-mais-perto-retorna-a-belo-horizonte-com-consultas-na-regiao-nordeste-da-capital\\\/#webpage\",\"url\":\"https:\\\/\\\/www.encontrabelohorizonte.com.br\\\/sobre\\\/carreta-saude-mais-perto-retorna-a-belo-horizonte-com-consultas-na-regiao-nordeste-da-capital\\\/\",\"name\":\"Carreta Sa\\u00fade Mais Perto retorna a Belo Horizonte com consultas na regi\\u00e3o Nordeste da capital | Encontra Belo Horizonte\",\"description\":\"Carreta Sa\\u00fade Mais Perto traz atendimento especializado a Belo Horizonte.\",\"inLanguage\":\"pt-BR\",\"isPartOf\":{\"@id\":\"https:\\\/\\\/www.encontrabelohorizonte.com.br\\\/sobre\\\/#website\"},\"breadcrumb\":{\"@id\":\"https:\\\/\\\/www.encontrabelohorizonte.com.br\\\/sobre\\\/carreta-saude-mais-perto-retorna-a-belo-horizonte-com-consultas-na-regiao-nordeste-da-capital\\\/#breadcrumblist\"},\"author\":{\"@id\":\"https:\\\/\\\/www.encontrabelohorizonte.com.br\\\/sobre\\\/author\\\/ebelohorizonte\\\/#author\"},\"creator\":{\"@id\":\"https:\\\/\\\/www.encontrabelohorizonte.com.br\\\/sobre\\\/author\\\/ebelohorizonte\\\/#author\"},\"datePublished\":\"2026-05-23T05:15:14-03:00\",\"dateModified\":\"2026-05-23T05:15:14-03:00\"},{\"@type\":\"WebSite\",\"@id\":\"https:\\\/\\\/www.encontrabelohorizonte.com.br\\\/sobre\\\/#website\",\"url\":\"https:\\\/\\\/www.encontrabelohorizonte.com.br\\\/sobre\\\/\",\"name\":\"Encontra Belo Horizonte\",\"description\":\"Not\\u00edcias, eventos, informa\\u00e7\\u00f5es e dicas da cidade de Belo Horizonte e regi\\u00e3o\",\"inLanguage\":\"pt-BR\",\"publisher\":{\"@id\":\"https:\\\/\\\/www.encontrabelohorizonte.com.br\\\/sobre\\\/#organization\"}}]}\n\t\t<\/script>\n\t\t<!-- All in One SEO -->\n\n","aioseo_head_json":{"title":"Carreta Sa\u00fade Mais Perto retorna a Belo Horizonte com consultas na regi\u00e3o Nordeste da capital | Encontra Belo Horizonte","description":"Carreta Sa\u00fade Mais Perto traz atendimento especializado a Belo Horizonte.","canonical_url":"https:\/\/www.encontrabelohorizonte.com.br\/sobre\/carreta-saude-mais-perto-retorna-a-belo-horizonte-com-consultas-na-regiao-nordeste-da-capital\/","robots":"max-image-preview:large","keywords":"","webmasterTools":{"miscellaneous":""},"schema":{"@context":"https:\/\/schema.org","@graph":[{"@type":"Article","@id":"https:\/\/www.encontrabelohorizonte.com.br\/sobre\/carreta-saude-mais-perto-retorna-a-belo-horizonte-com-consultas-na-regiao-nordeste-da-capital\/#article","name":"Carreta Sa\u00fade Mais Perto retorna a Belo Horizonte com consultas na regi\u00e3o Nordeste da capital | Encontra Belo Horizonte","headline":"Carreta Sa\u00fade Mais Perto retorna a Belo Horizonte com consultas na regi\u00e3o Nordeste da capital","author":{"@id":"https:\/\/www.encontrabelohorizonte.com.br\/sobre\/author\/ebelohorizonte\/#author"},"publisher":{"@id":"https:\/\/www.encontrabelohorizonte.com.br\/sobre\/#organization"},"datePublished":"2026-05-23T05:15:14-03:00","dateModified":"2026-05-23T05:15:14-03:00","inLanguage":"pt-BR","mainEntityOfPage":{"@id":"https:\/\/www.encontrabelohorizonte.com.br\/sobre\/carreta-saude-mais-perto-retorna-a-belo-horizonte-com-consultas-na-regiao-nordeste-da-capital\/#webpage"},"isPartOf":{"@id":"https:\/\/www.encontrabelohorizonte.com.br\/sobre\/carreta-saude-mais-perto-retorna-a-belo-horizonte-com-consultas-na-regiao-nordeste-da-capital\/#webpage"},"articleSection":"Sa\u00fade Belo Horizonte"},{"@type":"BreadcrumbList","@id":"https:\/\/www.encontrabelohorizonte.com.br\/sobre\/carreta-saude-mais-perto-retorna-a-belo-horizonte-com-consultas-na-regiao-nordeste-da-capital\/#breadcrumblist","itemListElement":[{"@type":"ListItem","@id":"https:\/\/www.encontrabelohorizonte.com.br\/sobre#listItem","position":1,"name":"In\u00edcio","item":"https:\/\/www.encontrabelohorizonte.com.br\/sobre","nextItem":{"@type":"ListItem","@id":"https:\/\/www.encontrabelohorizonte.com.br\/sobre\/saude\/#listItem","name":"Sa\u00fade Belo Horizonte"}},{"@type":"ListItem","@id":"https:\/\/www.encontrabelohorizonte.com.br\/sobre\/saude\/#listItem","position":2,"name":"Sa\u00fade Belo Horizonte","item":"https:\/\/www.encontrabelohorizonte.com.br\/sobre\/saude\/","nextItem":{"@type":"ListItem","@id":"https:\/\/www.encontrabelohorizonte.com.br\/sobre\/carreta-saude-mais-perto-retorna-a-belo-horizonte-com-consultas-na-regiao-nordeste-da-capital\/#listItem","name":"Carreta Sa\u00fade Mais Perto retorna a Belo Horizonte com consultas na regi\u00e3o Nordeste da capital"},"previousItem":{"@type":"ListItem","@id":"https:\/\/www.encontrabelohorizonte.com.br\/sobre#listItem","name":"In\u00edcio"}},{"@type":"ListItem","@id":"https:\/\/www.encontrabelohorizonte.com.br\/sobre\/carreta-saude-mais-perto-retorna-a-belo-horizonte-com-consultas-na-regiao-nordeste-da-capital\/#listItem","position":3,"name":"Carreta Sa\u00fade Mais Perto retorna a Belo Horizonte com consultas na regi\u00e3o Nordeste da capital","previousItem":{"@type":"ListItem","@id":"https:\/\/www.encontrabelohorizonte.com.br\/sobre\/saude\/#listItem","name":"Sa\u00fade Belo Horizonte"}}]},{"@type":"Organization","@id":"https:\/\/www.encontrabelohorizonte.com.br\/sobre\/#organization","name":"Encontra Belo Horizonte","description":"Not\u00edcias, eventos, informa\u00e7\u00f5es e dicas da cidade de Belo Horizonte e regi\u00e3o","url":"https:\/\/www.encontrabelohorizonte.com.br\/sobre\/"},{"@type":"Person","@id":"https:\/\/www.encontrabelohorizonte.com.br\/sobre\/author\/ebelohorizonte\/#author","url":"https:\/\/www.encontrabelohorizonte.com.br\/sobre\/author\/ebelohorizonte\/","name":"Encontra Belo Horizonte","image":{"@type":"ImageObject","@id":"https:\/\/www.encontrabelohorizonte.com.br\/sobre\/carreta-saude-mais-perto-retorna-a-belo-horizonte-com-consultas-na-regiao-nordeste-da-capital\/#authorImage","url":"https:\/\/secure.gravatar.com\/avatar\/507340682b8270222e1f208e23198b6ae7e2c6a1033ae84e99bc6bce4f82a387?s=96&d=mm&r=g","width":96,"height":96,"caption":"Encontra Belo Horizonte"}},{"@type":"WebPage","@id":"https:\/\/www.encontrabelohorizonte.com.br\/sobre\/carreta-saude-mais-perto-retorna-a-belo-horizonte-com-consultas-na-regiao-nordeste-da-capital\/#webpage","url":"https:\/\/www.encontrabelohorizonte.com.br\/sobre\/carreta-saude-mais-perto-retorna-a-belo-horizonte-com-consultas-na-regiao-nordeste-da-capital\/","name":"Carreta Sa\u00fade Mais Perto retorna a Belo Horizonte com consultas na regi\u00e3o Nordeste da capital | Encontra Belo Horizonte","description":"Carreta Sa\u00fade Mais Perto traz atendimento especializado a Belo Horizonte.","inLanguage":"pt-BR","isPartOf":{"@id":"https:\/\/www.encontrabelohorizonte.com.br\/sobre\/#website"},"breadcrumb":{"@id":"https:\/\/www.encontrabelohorizonte.com.br\/sobre\/carreta-saude-mais-perto-retorna-a-belo-horizonte-com-consultas-na-regiao-nordeste-da-capital\/#breadcrumblist"},"author":{"@id":"https:\/\/www.encontrabelohorizonte.com.br\/sobre\/author\/ebelohorizonte\/#author"},"creator":{"@id":"https:\/\/www.encontrabelohorizonte.com.br\/sobre\/author\/ebelohorizonte\/#author"},"datePublished":"2026-05-23T05:15:14-03:00","dateModified":"2026-05-23T05:15:14-03:00"},{"@type":"WebSite","@id":"https:\/\/www.encontrabelohorizonte.com.br\/sobre\/#website","url":"https:\/\/www.encontrabelohorizonte.com.br\/sobre\/","name":"Encontra Belo Horizonte","description":"Not\u00edcias, eventos, informa\u00e7\u00f5es e dicas da cidade de Belo Horizonte e regi\u00e3o","inLanguage":"pt-BR","publisher":{"@id":"https:\/\/www.encontrabelohorizonte.com.br\/sobre\/#organization"}}]},"og:locale":"pt_BR","og:site_name":"Encontra Belo Horizonte | Not\u00edcias, eventos, informa\u00e7\u00f5es e dicas da cidade de Belo Horizonte e regi\u00e3o","og:type":"article","og:title":"Carreta Sa\u00fade Mais Perto retorna a Belo Horizonte com consultas na regi\u00e3o Nordeste da capital | Encontra Belo Horizonte","og:description":"Carreta Sa\u00fade Mais Perto traz atendimento especializado a Belo Horizonte.","og:url":"https:\/\/www.encontrabelohorizonte.com.br\/sobre\/carreta-saude-mais-perto-retorna-a-belo-horizonte-com-consultas-na-regiao-nordeste-da-capital\/","article:published_time":"2026-05-23T08:15:14+00:00","article:modified_time":"2026-05-23T08:15:14+00:00","twitter:card":"summary","twitter:title":"Carreta Sa\u00fade Mais Perto retorna a Belo Horizonte com consultas na regi\u00e3o Nordeste da capital | Encontra Belo Horizonte","twitter:description":"Carreta Sa\u00fade Mais Perto traz atendimento especializado a Belo Horizonte."},"aioseo_meta_data":{"post_id":"4050","title":null,"description":null,"keywords":null,"keyphrases":null,"primary_term":null,"canonical_url":null,"og_title":null,"og_description":null,"og_object_type":"default","og_image_type":"default","og_image_url":null,"og_image_width":null,"og_image_height":null,"og_image_custom_url":null,"og_image_custom_fields":null,"og_video":null,"og_custom_url":null,"og_article_section":null,"og_article_tags":null,"twitter_use_og":false,"twitter_card":"default","twitter_image_type":"default","twitter_image_url":null,"twitter_image_custom_url":null,"twitter_image_custom_fields":null,"twitter_title":null,"twitter_description":null,"schema":{"blockGraphs":[],"customGraphs":[],"default":{"data":{"Article":[],"Course":[],"Dataset":[],"FAQPage":[],"Movie":[],"Person":[],"Product":[],"ProductReview":[],"Car":[],"Recipe":[],"Service":[],"SoftwareApplication":[],"WebPage":[]},"graphName":"Article","isEnabled":true},"graphs":[]},"schema_type":"default","schema_type_options":null,"pillar_content":false,"robots_default":true,"robots_noindex":false,"robots_noarchive":false,"robots_nosnippet":false,"robots_nofollow":false,"robots_noimageindex":false,"robots_noodp":false,"robots_notranslate":false,"robots_max_snippet":null,"robots_max_videopreview":null,"robots_max_imagepreview":"large","priority":null,"frequency":null,"local_seo":null,"breadcrumb_settings":null,"limit_modified_date":false,"ai":null,"created":"2026-05-23 08:15:17","updated":"2026-05-23 08:21:37","focus_keyword":null,"additional_keywords":null,"truseo_locale":null,"seo_analyzer_scan_date":null},"aioseo_breadcrumb":"<div class=\"aioseo-breadcrumbs\"><span class=\"aioseo-breadcrumb\">\n\t\t\t<a href=\"https:\/\/www.encontrabelohorizonte.com.br\/sobre\" title=\"In\u00edcio\">In\u00edcio<\/a>\n\t\t<\/span><span class=\"aioseo-breadcrumb-separator\">&raquo;<\/span><span class=\"aioseo-breadcrumb\">\n\t\t\t<a href=\"https:\/\/www.encontrabelohorizonte.com.br\/sobre\/saude\/\" title=\"Sa\u00fade Belo Horizonte\">Sa\u00fade Belo Horizonte<\/a>\n\t\t<\/span><span class=\"aioseo-breadcrumb-separator\">&raquo;<\/span><span class=\"aioseo-breadcrumb\">\n\t\t\tCarreta Sa\u00fade Mais Perto retorna a Belo Horizonte com consultas na regi\u00e3o Nordeste da capital\n\t\t<\/span><\/div>","aioseo_breadcrumb_json":[{"label":"In\u00edcio","link":"https:\/\/www.encontrabelohorizonte.com.br\/sobre"},{"label":"Sa\u00fade Belo Horizonte","link":"https:\/\/www.encontrabelohorizonte.com.br\/sobre\/saude\/"},{"label":"Carreta Sa\u00fade Mais Perto retorna a Belo Horizonte com consultas na regi\u00e3o Nordeste da capital","link":"https:\/\/www.encontrabelohorizonte.com.br\/sobre\/carreta-saude-mais-perto-retorna-a-belo-horizonte-com-consultas-na-regiao-nordeste-da-capital\/"}],"_links":{"self":[{"href":"https:\/\/www.encontrabelohorizonte.com.br\/sobre\/wp-json\/wp\/v2\/posts\/4050","targetHints":{"allow":["GET"]}}],"collection":[{"href":"https:\/\/www.encontrabelohorizonte.com.br\/sobre\/wp-json\/wp\/v2\/posts"}],"about":[{"href":"https:\/\/www.encontrabelohorizonte.com.br\/sobre\/wp-json\/wp\/v2\/types\/post"}],"author":[{"embeddable":true,"href":"https:\/\/www.encontrabelohorizonte.com.br\/sobre\/wp-json\/wp\/v2\/users\/1"}],"replies":[{"embeddable":true,"href":"https:\/\/www.encontrabelohorizonte.com.br\/sobre\/wp-json\/wp\/v2\/comments?post=4050"}],"version-history":[{"count":0,"href":"https:\/\/www.encontrabelohorizonte.com.br\/sobre\/wp-json\/wp\/v2\/posts\/4050\/revisions"}],"wp:attachment":[{"href":"https:\/\/www.encontrabelohorizonte.com.br\/sobre\/wp-json\/wp\/v2\/media?parent=4050"}],"wp:term":[{"taxonomy":"category","embeddable":true,"href":"https:\/\/www.encontrabelohorizonte.com.br\/sobre\/wp-json\/wp\/v2\/categories?post=4050"},{"taxonomy":"post_tag","embeddable":true,"href":"https:\/\/www.encontrabelohorizonte.com.br\/sobre\/wp-json\/wp\/v2\/tags?post=4050"}],"curies":[{"name":"wp","href":"https:\/\/api.w.org\/{rel}","templated":true}]}}