{"id":4057,"date":"2026-05-26T05:15:40","date_gmt":"2026-05-26T08:15:40","guid":{"rendered":"https:\/\/www.encontrabelohorizonte.com.br\/sobre\/confira-o-funcionamento-da-pbh-no-feriado-do-dia-do-trabalhador\/"},"modified":"2026-05-26T05:15:40","modified_gmt":"2026-05-26T08:15:40","slug":"confira-o-funcionamento-da-pbh-no-feriado-do-dia-do-trabalhador","status":"publish","type":"post","link":"https:\/\/www.encontrabelohorizonte.com.br\/sobre\/confira-o-funcionamento-da-pbh-no-feriado-do-dia-do-trabalhador\/","title":{"rendered":"Confira o funcionamento da PBH no feriado do Dia do trabalhador"},"content":{"rendered":"<div class=\"2e083cf0b19e2c11948dc6ac054ba979\" data-index=\"1\" style=\"float: none; margin:0px;\">\n<!-- Anuncio display - global -->\r\n<ins class=\"adsbygoogle\"\r\n     style=\"display:block\"\r\n     data-ad-client=\"ca-pub-8585364105181520\"\r\n     data-ad-slot=\"8789329856\"\r\n     data-ad-format=\"auto\"\r\n     data-full-width-responsive=\"true\"><\/ins>\r\n<script>\r\n     (adsbygoogle = window.adsbygoogle || []).push({});\r\n<\/script>\n<\/div>\n<h2>Funcionamento dos Parques Municipais: Hor\u00e1rios e Atra\u00e7\u00f5es<\/h2>\n<p>Durante o feriado do Dia do Trabalhador, diversos parques municipais e unidades da Zoobot\u00e2nica estar\u00e3o acess\u00edveis ao p\u00fablico. Os visitantes poder\u00e3o explorar essas \u00e1reas de lazer, que oferecem op\u00e7\u00f5es de divers\u00e3o e conex\u00e3o com a natureza nos dias 1, 2 e 3 de maio.<\/p>\n<ul>\n<li><strong>Hor\u00e1rio do Zool\u00f3gico e Jardim Bot\u00e2nico:<\/strong> Das 8h \u00e0s 17h, com \u00faltimos ingressos at\u00e9 16h. Venda exclusivamente nas bilheteiras.<\/li>\n<li><strong>Aqu\u00e1rio do Rio S\u00e3o Francisco:<\/strong> Funcionar\u00e1 das 8h30 \u00e0s 16h30, com entrada at\u00e9 \u00e0s 16h. Ingressos dispon\u00edveis \u00e0 parte na bilheteria.<\/li>\n<li><strong>Parques em Destaque:<\/strong> V\u00e1rios parques estar\u00e3o abertos em hor\u00e1rios variados. Aqui est\u00e3o alguns exemplos:<\/li>\n<ul>\n<li>Parque Municipal Am\u00e9rico Renn\u00e9 Giannetti: 01\/05 &#8211; 07h \u00e0s 17h, 02\/05 &#8211; 07h \u00e0s 21h, 03\/05 &#8211; 07h \u00e0s 17h.<\/li>\n<li>Parque Ecol\u00f3gico Roberto Burle Marx: hor\u00e1rios normais.<\/li>\n<li>Parque das Mangabeiras: funcionamento regular.<\/li>\n<\/ul>\n<\/ul>\n<p>\u00c9 importante verificar [aqui](https:\/\/prefeitura.pbh.gov.br\/fundacao-de-parques-e-zoobotanica\/informacoes\/precos-e-horarios) para informa\u00e7\u00f5es detalhadas sobre o hor\u00e1rio de todos os parques municipais.<\/p>\n<h2>Funcionamento dos Cemit\u00e9rios P\u00fablicos<\/h2>\n<p>Os cemit\u00e9rios p\u00fablicos da cidade estar\u00e3o abertos das 7h \u00e0s 17h. Contudo, a opera\u00e7\u00e3o ser\u00e1 exclusiva para atividades de vel\u00f3rios e sepultamentos. Os agendamentos poder\u00e3o ser realizados durante o plant\u00e3o das 7h \u00e0s 18h.<\/p>\n<h2>Direitos Humanos e Assist\u00eancia Social<\/h2>\n<p>No tocante aos servi\u00e7os de assist\u00eancia social, v\u00e1rias unidades n\u00e3o funcionar\u00e3o durante o feriado. As principais informa\u00e7\u00f5es incluem:<\/p>\n<ul>\n<li><strong>Diretorias Regionais de Assist\u00eancia Social (DRAS):<\/strong> N\u00e3o estar\u00e3o em funcionamento.<\/li>\n<li><strong>Centros de Refer\u00eancia de Assist\u00eancia Social (CRAS):<\/strong> Estar\u00e3o fechados.<\/li>\n<li><strong>Centros de Refer\u00eancia Especializado de Assist\u00eancia Social (CREAS):<\/strong> N\u00e3o funcionar\u00e3o.<\/li>\n<li><strong>Centros Dia para Pessoas com Defici\u00eancia e Idosas:<\/strong> Sem atendimento neste feriado.<\/li>\n<li><strong>Abrigos e Resid\u00eancias Inclusivas:<\/strong> Funcionamento normal.<\/li>\n<li><strong>Central de Vagas do SUAS:<\/strong> Plant\u00e3o ininterrupto durante 24h.<\/li>\n<li><strong>Centro Pop:<\/strong> Atendimento \u00e0s 8h at\u00e9 as 18h em diversas unidades.<\/li>\n<\/ul>\n<h2>Centros de Sa\u00fade: Servi\u00e7os Dispon\u00edveis<\/h2>\n<p>No feriado, as Unidades de Pronto Atendimento (UPAs) e o Hospital Metropolitano Odilon Behrens manter\u00e3o opera\u00e7\u00f5es normais 24 horas. Entretanto, alguns servi\u00e7os de sa\u00fade n\u00e3o estar\u00e3o dispon\u00edveis, incluindo:<\/p>\n<ul>\n<li><strong>Centros de Sa\u00fade e Servi\u00e7os de Aten\u00e7\u00e3o:<\/strong> Todos estar\u00e3o fechados, incluindo as Centrais de Atendimento a liminares, Centros de Esteriliza\u00e7\u00e3o de Animais, e v\u00e1rios outros centros especializados.<\/li>\n<\/ul>\n<h2>Equipamentos Culturais: O Que Funciona?<\/h2>\n<p>Em rela\u00e7\u00e3o aos equipamentos e atividades culturais, a maioria das unidades estar\u00e1 fechada durante o feriado:<\/p>\n<ul>\n<li><strong>Arquivo P\u00fablico:<\/strong> Fechado de 1 a 3 de maio.<\/li>\n<li><strong>Centros Culturais e Cine Santa Tereza:<\/strong> Sem atividades entre os dias 1 e 3.<\/li>\n<li><strong>Casa do Baile e Museus:<\/strong> Funcionam conforme hor\u00e1rios normais durante a semana.<\/li>\n<\/ul>\n<h2>Transporte Coletivo no Dia do Trabalhador<\/h2>\n<p>No feriado, o transporte p\u00fablico ir\u00e1 operar com hor\u00e1rios de feriado. \u00c9 essencial verificar os hor\u00e1rios em que os \u00f4nibus e metros estar\u00e3o dispon\u00edveis, j\u00e1 que o quadro de servi\u00e7os pode ser alterado.<\/p>\n<h2>Restaurantes Populares: Atendimento Especial<\/h2>\n<p>Os Restaurantes Populares I, II, III e IV estar\u00e3o abertos para fornecer alimenta\u00e7\u00e3o \u00e0 popula\u00e7\u00e3o em situa\u00e7\u00e3o de rua a partir das 12h. No entanto, outros servi\u00e7os como o Refeit\u00f3rio Popular Jo\u00e3o Bosco Murta Lages e alguns Centros de Viv\u00eancia Agroecol\u00f3gica n\u00e3o estar\u00e3o em funcionamento.<\/p>\n<h2>Abertura dos Postos de Informa\u00e7\u00e3o Tur\u00edstica<\/h2>\n<p>A Central de Atendimento ao Turista (CAT) Sede estar\u00e1 fechada durante todo o feriado. Contudo, algumas unidades como o CAT Veveco e o CAT Mercado das Flores funcionar\u00e3o normalmente, operando das 8h \u00e0s 17h e 16h respectivamente nos dias 1, 2 e 3 de maio.<\/p>\n<h2>Fun\u00e7\u00e3o da Guarda Municipal e Defesa Civil<\/h2>\n<p>A Guarda Municipal e a Defesa Civil estar\u00e3o em funcionamento normal durante o feriado, garantindo a seguran\u00e7a e monitoramento da cidade. Ambas as institui\u00e7\u00f5es operam em regime cont\u00ednuo, 24 horas por dia.<\/p>\n<h2>Limpeza Urbana e Outros Servi\u00e7os<\/h2>\n<p>Infelizmente, os servi\u00e7os de limpeza urbana n\u00e3o estar\u00e3o dispon\u00edveis durante o feriado. \u00c9 importante que a popula\u00e7\u00e3o esteja ciente disso e tome precau\u00e7\u00f5es para manter a cidade limpa at\u00e9 que os servi\u00e7os retornem ao seu funcionamento regular.<\/p>\n<h2>Conclus\u00e3o<\/h2>\n<p>Compreender os hor\u00e1rios e funcionamento dos servi\u00e7os municipais durante feriados \u00e9 fundamental para que os cidad\u00e3os planejem suas atividades. Mantenha-se informado sobre as opera\u00e7\u00f5es da cidade, aproveitando ao m\u00e1ximo as op\u00e7\u00f5es dispon\u00edveis e respeitando as normas de funcionamento.<\/p>\n\n<div style=\"font-size: 0px; height: 0px; line-height: 0px; margin: 0; padding: 0; clear: both;\"><\/div>","protected":false},"excerpt":{"rendered":"<p>Descubra como ficar\u00e1 o funcionamento da PBH no feriado do Dia do Trabalhador.<\/p>\n","protected":false},"author":1,"featured_media":0,"comment_status":"closed","ping_status":"closed","sticky":false,"template":"","format":"standard","meta":{"footnotes":""},"categories":[6],"tags":[],"class_list":["post-4057","post","type-post","status-publish","format-standard","hentry","category-noticias"],"aioseo_notices":[],"aioseo_head":"\n\t\t<!-- All in One SEO 5.0.0.1 - aioseo.com -->\n\t<meta name=\"description\" content=\"Descubra como ficar\u00e1 o funcionamento da PBH no feriado do Dia do Trabalhador.\" \/>\n\t<meta name=\"robots\" content=\"max-image-preview:large\" \/>\n\t<meta name=\"author\" content=\"Encontra Belo Horizonte\"\/>\n\t<link rel=\"canonical\" href=\"https:\/\/www.encontrabelohorizonte.com.br\/sobre\/confira-o-funcionamento-da-pbh-no-feriado-do-dia-do-trabalhador\/\" \/>\n\t<meta name=\"generator\" content=\"All in One SEO (AIOSEO) 5.0.0.1\" \/>\n\t\t<meta property=\"og:locale\" content=\"pt_BR\" \/>\n\t\t<meta property=\"og:site_name\" content=\"Encontra Belo Horizonte | Not\u00edcias, eventos, informa\u00e7\u00f5es e dicas da cidade de Belo Horizonte e regi\u00e3o\" \/>\n\t\t<meta property=\"og:type\" content=\"article\" \/>\n\t\t<meta property=\"og:title\" content=\"Confira o funcionamento da PBH no feriado do Dia do trabalhador | Encontra Belo Horizonte\" \/>\n\t\t<meta property=\"og:description\" content=\"Descubra como ficar\u00e1 o funcionamento da PBH no feriado do Dia do Trabalhador.\" \/>\n\t\t<meta property=\"og:url\" content=\"https:\/\/www.encontrabelohorizonte.com.br\/sobre\/confira-o-funcionamento-da-pbh-no-feriado-do-dia-do-trabalhador\/\" \/>\n\t\t<meta property=\"article:published_time\" content=\"2026-05-26T08:15:40+00:00\" \/>\n\t\t<meta property=\"article:modified_time\" content=\"2026-05-26T08:15:40+00:00\" \/>\n\t\t<meta name=\"twitter:card\" content=\"summary\" \/>\n\t\t<meta name=\"twitter:title\" content=\"Confira o funcionamento da PBH no feriado do Dia do trabalhador | Encontra Belo Horizonte\" \/>\n\t\t<meta name=\"twitter:description\" content=\"Descubra como ficar\u00e1 o funcionamento da PBH no feriado do Dia do Trabalhador.\" \/>\n\t\t<script type=\"application\/ld+json\" class=\"aioseo-schema\">\n\t\t\t{\"@context\":\"https:\\\/\\\/schema.org\",\"@graph\":[{\"@type\":\"Article\",\"@id\":\"https:\\\/\\\/www.encontrabelohorizonte.com.br\\\/sobre\\\/confira-o-funcionamento-da-pbh-no-feriado-do-dia-do-trabalhador\\\/#article\",\"name\":\"Confira o funcionamento da PBH no feriado do Dia do trabalhador | Encontra Belo Horizonte\",\"headline\":\"Confira o funcionamento da PBH no feriado do Dia do trabalhador\",\"author\":{\"@id\":\"https:\\\/\\\/www.encontrabelohorizonte.com.br\\\/sobre\\\/author\\\/ebelohorizonte\\\/#author\"},\"publisher\":{\"@id\":\"https:\\\/\\\/www.encontrabelohorizonte.com.br\\\/sobre\\\/#organization\"},\"datePublished\":\"2026-05-26T05:15:40-03:00\",\"dateModified\":\"2026-05-26T05:15:40-03:00\",\"inLanguage\":\"pt-BR\",\"mainEntityOfPage\":{\"@id\":\"https:\\\/\\\/www.encontrabelohorizonte.com.br\\\/sobre\\\/confira-o-funcionamento-da-pbh-no-feriado-do-dia-do-trabalhador\\\/#webpage\"},\"isPartOf\":{\"@id\":\"https:\\\/\\\/www.encontrabelohorizonte.com.br\\\/sobre\\\/confira-o-funcionamento-da-pbh-no-feriado-do-dia-do-trabalhador\\\/#webpage\"},\"articleSection\":\"Not\\u00edcias Belo Horizonte\"},{\"@type\":\"BreadcrumbList\",\"@id\":\"https:\\\/\\\/www.encontrabelohorizonte.com.br\\\/sobre\\\/confira-o-funcionamento-da-pbh-no-feriado-do-dia-do-trabalhador\\\/#breadcrumblist\",\"itemListElement\":[{\"@type\":\"ListItem\",\"@id\":\"https:\\\/\\\/www.encontrabelohorizonte.com.br\\\/sobre#listItem\",\"position\":1,\"name\":\"In\\u00edcio\",\"item\":\"https:\\\/\\\/www.encontrabelohorizonte.com.br\\\/sobre\",\"nextItem\":{\"@type\":\"ListItem\",\"@id\":\"https:\\\/\\\/www.encontrabelohorizonte.com.br\\\/sobre\\\/noticias\\\/#listItem\",\"name\":\"Not\\u00edcias Belo Horizonte\"}},{\"@type\":\"ListItem\",\"@id\":\"https:\\\/\\\/www.encontrabelohorizonte.com.br\\\/sobre\\\/noticias\\\/#listItem\",\"position\":2,\"name\":\"Not\\u00edcias Belo Horizonte\",\"item\":\"https:\\\/\\\/www.encontrabelohorizonte.com.br\\\/sobre\\\/noticias\\\/\",\"nextItem\":{\"@type\":\"ListItem\",\"@id\":\"https:\\\/\\\/www.encontrabelohorizonte.com.br\\\/sobre\\\/confira-o-funcionamento-da-pbh-no-feriado-do-dia-do-trabalhador\\\/#listItem\",\"name\":\"Confira o funcionamento da PBH no feriado do Dia do trabalhador\"},\"previousItem\":{\"@type\":\"ListItem\",\"@id\":\"https:\\\/\\\/www.encontrabelohorizonte.com.br\\\/sobre#listItem\",\"name\":\"In\\u00edcio\"}},{\"@type\":\"ListItem\",\"@id\":\"https:\\\/\\\/www.encontrabelohorizonte.com.br\\\/sobre\\\/confira-o-funcionamento-da-pbh-no-feriado-do-dia-do-trabalhador\\\/#listItem\",\"position\":3,\"name\":\"Confira o funcionamento da PBH no feriado do Dia do trabalhador\",\"previousItem\":{\"@type\":\"ListItem\",\"@id\":\"https:\\\/\\\/www.encontrabelohorizonte.com.br\\\/sobre\\\/noticias\\\/#listItem\",\"name\":\"Not\\u00edcias Belo Horizonte\"}}]},{\"@type\":\"Organization\",\"@id\":\"https:\\\/\\\/www.encontrabelohorizonte.com.br\\\/sobre\\\/#organization\",\"name\":\"Encontra Belo Horizonte\",\"description\":\"Not\\u00edcias, eventos, informa\\u00e7\\u00f5es e dicas da cidade de Belo Horizonte e regi\\u00e3o\",\"url\":\"https:\\\/\\\/www.encontrabelohorizonte.com.br\\\/sobre\\\/\"},{\"@type\":\"Person\",\"@id\":\"https:\\\/\\\/www.encontrabelohorizonte.com.br\\\/sobre\\\/author\\\/ebelohorizonte\\\/#author\",\"url\":\"https:\\\/\\\/www.encontrabelohorizonte.com.br\\\/sobre\\\/author\\\/ebelohorizonte\\\/\",\"name\":\"Encontra Belo Horizonte\",\"image\":{\"@type\":\"ImageObject\",\"@id\":\"https:\\\/\\\/www.encontrabelohorizonte.com.br\\\/sobre\\\/confira-o-funcionamento-da-pbh-no-feriado-do-dia-do-trabalhador\\\/#authorImage\",\"url\":\"https:\\\/\\\/secure.gravatar.com\\\/avatar\\\/507340682b8270222e1f208e23198b6ae7e2c6a1033ae84e99bc6bce4f82a387?s=96&d=mm&r=g\",\"width\":96,\"height\":96,\"caption\":\"Encontra Belo Horizonte\"}},{\"@type\":\"WebPage\",\"@id\":\"https:\\\/\\\/www.encontrabelohorizonte.com.br\\\/sobre\\\/confira-o-funcionamento-da-pbh-no-feriado-do-dia-do-trabalhador\\\/#webpage\",\"url\":\"https:\\\/\\\/www.encontrabelohorizonte.com.br\\\/sobre\\\/confira-o-funcionamento-da-pbh-no-feriado-do-dia-do-trabalhador\\\/\",\"name\":\"Confira o funcionamento da PBH no feriado do Dia do trabalhador | Encontra Belo Horizonte\",\"description\":\"Descubra como ficar\\u00e1 o funcionamento da PBH no feriado do Dia do Trabalhador.\",\"inLanguage\":\"pt-BR\",\"isPartOf\":{\"@id\":\"https:\\\/\\\/www.encontrabelohorizonte.com.br\\\/sobre\\\/#website\"},\"breadcrumb\":{\"@id\":\"https:\\\/\\\/www.encontrabelohorizonte.com.br\\\/sobre\\\/confira-o-funcionamento-da-pbh-no-feriado-do-dia-do-trabalhador\\\/#breadcrumblist\"},\"author\":{\"@id\":\"https:\\\/\\\/www.encontrabelohorizonte.com.br\\\/sobre\\\/author\\\/ebelohorizonte\\\/#author\"},\"creator\":{\"@id\":\"https:\\\/\\\/www.encontrabelohorizonte.com.br\\\/sobre\\\/author\\\/ebelohorizonte\\\/#author\"},\"datePublished\":\"2026-05-26T05:15:40-03:00\",\"dateModified\":\"2026-05-26T05:15:40-03:00\"},{\"@type\":\"WebSite\",\"@id\":\"https:\\\/\\\/www.encontrabelohorizonte.com.br\\\/sobre\\\/#website\",\"url\":\"https:\\\/\\\/www.encontrabelohorizonte.com.br\\\/sobre\\\/\",\"name\":\"Encontra Belo Horizonte\",\"description\":\"Not\\u00edcias, eventos, informa\\u00e7\\u00f5es e dicas da cidade de Belo Horizonte e regi\\u00e3o\",\"inLanguage\":\"pt-BR\",\"publisher\":{\"@id\":\"https:\\\/\\\/www.encontrabelohorizonte.com.br\\\/sobre\\\/#organization\"}}]}\n\t\t<\/script>\n\t\t<!-- All in One SEO -->\n\n","aioseo_head_json":{"title":"Confira o funcionamento da PBH no feriado do Dia do trabalhador | Encontra Belo Horizonte","description":"Descubra como ficar\u00e1 o funcionamento da PBH no feriado do Dia do Trabalhador.","canonical_url":"https:\/\/www.encontrabelohorizonte.com.br\/sobre\/confira-o-funcionamento-da-pbh-no-feriado-do-dia-do-trabalhador\/","robots":"max-image-preview:large","keywords":"","webmasterTools":{"miscellaneous":""},"schema":{"@context":"https:\/\/schema.org","@graph":[{"@type":"Article","@id":"https:\/\/www.encontrabelohorizonte.com.br\/sobre\/confira-o-funcionamento-da-pbh-no-feriado-do-dia-do-trabalhador\/#article","name":"Confira o funcionamento da PBH no feriado do Dia do trabalhador | Encontra Belo Horizonte","headline":"Confira o funcionamento da PBH no feriado do Dia do trabalhador","author":{"@id":"https:\/\/www.encontrabelohorizonte.com.br\/sobre\/author\/ebelohorizonte\/#author"},"publisher":{"@id":"https:\/\/www.encontrabelohorizonte.com.br\/sobre\/#organization"},"datePublished":"2026-05-26T05:15:40-03:00","dateModified":"2026-05-26T05:15:40-03:00","inLanguage":"pt-BR","mainEntityOfPage":{"@id":"https:\/\/www.encontrabelohorizonte.com.br\/sobre\/confira-o-funcionamento-da-pbh-no-feriado-do-dia-do-trabalhador\/#webpage"},"isPartOf":{"@id":"https:\/\/www.encontrabelohorizonte.com.br\/sobre\/confira-o-funcionamento-da-pbh-no-feriado-do-dia-do-trabalhador\/#webpage"},"articleSection":"Not\u00edcias Belo Horizonte"},{"@type":"BreadcrumbList","@id":"https:\/\/www.encontrabelohorizonte.com.br\/sobre\/confira-o-funcionamento-da-pbh-no-feriado-do-dia-do-trabalhador\/#breadcrumblist","itemListElement":[{"@type":"ListItem","@id":"https:\/\/www.encontrabelohorizonte.com.br\/sobre#listItem","position":1,"name":"In\u00edcio","item":"https:\/\/www.encontrabelohorizonte.com.br\/sobre","nextItem":{"@type":"ListItem","@id":"https:\/\/www.encontrabelohorizonte.com.br\/sobre\/noticias\/#listItem","name":"Not\u00edcias Belo Horizonte"}},{"@type":"ListItem","@id":"https:\/\/www.encontrabelohorizonte.com.br\/sobre\/noticias\/#listItem","position":2,"name":"Not\u00edcias Belo Horizonte","item":"https:\/\/www.encontrabelohorizonte.com.br\/sobre\/noticias\/","nextItem":{"@type":"ListItem","@id":"https:\/\/www.encontrabelohorizonte.com.br\/sobre\/confira-o-funcionamento-da-pbh-no-feriado-do-dia-do-trabalhador\/#listItem","name":"Confira o funcionamento da PBH no feriado do Dia do trabalhador"},"previousItem":{"@type":"ListItem","@id":"https:\/\/www.encontrabelohorizonte.com.br\/sobre#listItem","name":"In\u00edcio"}},{"@type":"ListItem","@id":"https:\/\/www.encontrabelohorizonte.com.br\/sobre\/confira-o-funcionamento-da-pbh-no-feriado-do-dia-do-trabalhador\/#listItem","position":3,"name":"Confira o funcionamento da PBH no feriado do Dia do trabalhador","previousItem":{"@type":"ListItem","@id":"https:\/\/www.encontrabelohorizonte.com.br\/sobre\/noticias\/#listItem","name":"Not\u00edcias Belo Horizonte"}}]},{"@type":"Organization","@id":"https:\/\/www.encontrabelohorizonte.com.br\/sobre\/#organization","name":"Encontra Belo Horizonte","description":"Not\u00edcias, eventos, informa\u00e7\u00f5es e dicas da cidade de Belo Horizonte e regi\u00e3o","url":"https:\/\/www.encontrabelohorizonte.com.br\/sobre\/"},{"@type":"Person","@id":"https:\/\/www.encontrabelohorizonte.com.br\/sobre\/author\/ebelohorizonte\/#author","url":"https:\/\/www.encontrabelohorizonte.com.br\/sobre\/author\/ebelohorizonte\/","name":"Encontra Belo Horizonte","image":{"@type":"ImageObject","@id":"https:\/\/www.encontrabelohorizonte.com.br\/sobre\/confira-o-funcionamento-da-pbh-no-feriado-do-dia-do-trabalhador\/#authorImage","url":"https:\/\/secure.gravatar.com\/avatar\/507340682b8270222e1f208e23198b6ae7e2c6a1033ae84e99bc6bce4f82a387?s=96&d=mm&r=g","width":96,"height":96,"caption":"Encontra Belo Horizonte"}},{"@type":"WebPage","@id":"https:\/\/www.encontrabelohorizonte.com.br\/sobre\/confira-o-funcionamento-da-pbh-no-feriado-do-dia-do-trabalhador\/#webpage","url":"https:\/\/www.encontrabelohorizonte.com.br\/sobre\/confira-o-funcionamento-da-pbh-no-feriado-do-dia-do-trabalhador\/","name":"Confira o funcionamento da PBH no feriado do Dia do trabalhador | Encontra Belo Horizonte","description":"Descubra como ficar\u00e1 o funcionamento da PBH no feriado do Dia do Trabalhador.","inLanguage":"pt-BR","isPartOf":{"@id":"https:\/\/www.encontrabelohorizonte.com.br\/sobre\/#website"},"breadcrumb":{"@id":"https:\/\/www.encontrabelohorizonte.com.br\/sobre\/confira-o-funcionamento-da-pbh-no-feriado-do-dia-do-trabalhador\/#breadcrumblist"},"author":{"@id":"https:\/\/www.encontrabelohorizonte.com.br\/sobre\/author\/ebelohorizonte\/#author"},"creator":{"@id":"https:\/\/www.encontrabelohorizonte.com.br\/sobre\/author\/ebelohorizonte\/#author"},"datePublished":"2026-05-26T05:15:40-03:00","dateModified":"2026-05-26T05:15:40-03:00"},{"@type":"WebSite","@id":"https:\/\/www.encontrabelohorizonte.com.br\/sobre\/#website","url":"https:\/\/www.encontrabelohorizonte.com.br\/sobre\/","name":"Encontra Belo Horizonte","description":"Not\u00edcias, eventos, informa\u00e7\u00f5es e dicas da cidade de Belo Horizonte e regi\u00e3o","inLanguage":"pt-BR","publisher":{"@id":"https:\/\/www.encontrabelohorizonte.com.br\/sobre\/#organization"}}]},"og:locale":"pt_BR","og:site_name":"Encontra Belo Horizonte | Not\u00edcias, eventos, informa\u00e7\u00f5es e dicas da cidade de Belo Horizonte e regi\u00e3o","og:type":"article","og:title":"Confira o funcionamento da PBH no feriado do Dia do trabalhador | Encontra Belo Horizonte","og:description":"Descubra como ficar\u00e1 o funcionamento da PBH no feriado do Dia do Trabalhador.","og:url":"https:\/\/www.encontrabelohorizonte.com.br\/sobre\/confira-o-funcionamento-da-pbh-no-feriado-do-dia-do-trabalhador\/","article:published_time":"2026-05-26T08:15:40+00:00","article:modified_time":"2026-05-26T08:15:40+00:00","twitter:card":"summary","twitter:title":"Confira o funcionamento da PBH no feriado do Dia do trabalhador | Encontra Belo Horizonte","twitter:description":"Descubra como ficar\u00e1 o funcionamento da PBH no feriado do Dia do Trabalhador."},"aioseo_meta_data":{"post_id":"4057","title":null,"description":null,"keywords":null,"keyphrases":null,"primary_term":null,"canonical_url":null,"og_title":null,"og_description":null,"og_object_type":"default","og_image_type":"default","og_image_url":null,"og_image_width":null,"og_image_height":null,"og_image_custom_url":null,"og_image_custom_fields":null,"og_video":null,"og_custom_url":null,"og_article_section":null,"og_article_tags":null,"twitter_use_og":false,"twitter_card":"default","twitter_image_type":"default","twitter_image_url":null,"twitter_image_custom_url":null,"twitter_image_custom_fields":null,"twitter_title":null,"twitter_description":null,"schema":{"blockGraphs":[],"customGraphs":[],"default":{"data":{"Article":[],"Course":[],"Dataset":[],"FAQPage":[],"Movie":[],"Person":[],"Product":[],"ProductReview":[],"Car":[],"Recipe":[],"Service":[],"SoftwareApplication":[],"WebPage":[]},"graphName":"Article","isEnabled":true},"graphs":[]},"schema_type":"default","schema_type_options":null,"pillar_content":false,"robots_default":true,"robots_noindex":false,"robots_noarchive":false,"robots_nosnippet":false,"robots_nofollow":false,"robots_noimageindex":false,"robots_noodp":false,"robots_notranslate":false,"robots_max_snippet":null,"robots_max_videopreview":null,"robots_max_imagepreview":"large","priority":null,"frequency":null,"local_seo":null,"breadcrumb_settings":null,"limit_modified_date":false,"ai":null,"created":"2026-05-26 08:15:45","updated":"2026-05-26 08:18:47","focus_keyword":null,"additional_keywords":null,"truseo_locale":null,"seo_analyzer_scan_date":null},"aioseo_breadcrumb":"<div class=\"aioseo-breadcrumbs\"><span class=\"aioseo-breadcrumb\">\n\t\t\t<a href=\"https:\/\/www.encontrabelohorizonte.com.br\/sobre\" title=\"In\u00edcio\">In\u00edcio<\/a>\n\t\t<\/span><span class=\"aioseo-breadcrumb-separator\">&raquo;<\/span><span class=\"aioseo-breadcrumb\">\n\t\t\t<a href=\"https:\/\/www.encontrabelohorizonte.com.br\/sobre\/noticias\/\" title=\"Not\u00edcias Belo Horizonte\">Not\u00edcias Belo Horizonte<\/a>\n\t\t<\/span><span class=\"aioseo-breadcrumb-separator\">&raquo;<\/span><span class=\"aioseo-breadcrumb\">\n\t\t\tConfira o funcionamento da PBH no feriado do Dia do trabalhador\n\t\t<\/span><\/div>","aioseo_breadcrumb_json":[{"label":"In\u00edcio","link":"https:\/\/www.encontrabelohorizonte.com.br\/sobre"},{"label":"Not\u00edcias Belo Horizonte","link":"https:\/\/www.encontrabelohorizonte.com.br\/sobre\/noticias\/"},{"label":"Confira o funcionamento da PBH no feriado do Dia do trabalhador","link":"https:\/\/www.encontrabelohorizonte.com.br\/sobre\/confira-o-funcionamento-da-pbh-no-feriado-do-dia-do-trabalhador\/"}],"_links":{"self":[{"href":"https:\/\/www.encontrabelohorizonte.com.br\/sobre\/wp-json\/wp\/v2\/posts\/4057","targetHints":{"allow":["GET"]}}],"collection":[{"href":"https:\/\/www.encontrabelohorizonte.com.br\/sobre\/wp-json\/wp\/v2\/posts"}],"about":[{"href":"https:\/\/www.encontrabelohorizonte.com.br\/sobre\/wp-json\/wp\/v2\/types\/post"}],"author":[{"embeddable":true,"href":"https:\/\/www.encontrabelohorizonte.com.br\/sobre\/wp-json\/wp\/v2\/users\/1"}],"replies":[{"embeddable":true,"href":"https:\/\/www.encontrabelohorizonte.com.br\/sobre\/wp-json\/wp\/v2\/comments?post=4057"}],"version-history":[{"count":0,"href":"https:\/\/www.encontrabelohorizonte.com.br\/sobre\/wp-json\/wp\/v2\/posts\/4057\/revisions"}],"wp:attachment":[{"href":"https:\/\/www.encontrabelohorizonte.com.br\/sobre\/wp-json\/wp\/v2\/media?parent=4057"}],"wp:term":[{"taxonomy":"category","embeddable":true,"href":"https:\/\/www.encontrabelohorizonte.com.br\/sobre\/wp-json\/wp\/v2\/categories?post=4057"},{"taxonomy":"post_tag","embeddable":true,"href":"https:\/\/www.encontrabelohorizonte.com.br\/sobre\/wp-json\/wp\/v2\/tags?post=4057"}],"curies":[{"name":"wp","href":"https:\/\/api.w.org\/{rel}","templated":true}]}}