{"id":4068,"date":"2026-05-29T05:18:20","date_gmt":"2026-05-29T08:18:20","guid":{"rendered":"https:\/\/www.encontrabelohorizonte.com.br\/sobre\/motofaixa-em-bh-entenda-como-deve-ser-o-primeiro-corredor-para-motocicletas-na-capital-mineira\/"},"modified":"2026-05-29T05:18:20","modified_gmt":"2026-05-29T08:18:20","slug":"motofaixa-em-bh-entenda-como-deve-ser-o-primeiro-corredor-para-motocicletas-na-capital-mineira","status":"publish","type":"post","link":"https:\/\/www.encontrabelohorizonte.com.br\/sobre\/motofaixa-em-bh-entenda-como-deve-ser-o-primeiro-corredor-para-motocicletas-na-capital-mineira\/","title":{"rendered":"Motofaixa em BH: entenda como deve ser o primeiro corredor para motocicletas na capital mineira"},"content":{"rendered":"<div class=\"2e083cf0b19e2c11948dc6ac054ba979\" data-index=\"1\" style=\"float: none; margin:0px;\">\n<!-- Anuncio display - global -->\r\n<ins class=\"adsbygoogle\"\r\n     style=\"display:block\"\r\n     data-ad-client=\"ca-pub-8585364105181520\"\r\n     data-ad-slot=\"8789329856\"\r\n     data-ad-format=\"auto\"\r\n     data-full-width-responsive=\"true\"><\/ins>\r\n<script>\r\n     (adsbygoogle = window.adsbygoogle || []).push({});\r\n<\/script>\n<\/div>\n<h2>O Que \u00c9 a Motofaixa?<\/h2>\n<p>A motofaixa \u00e9 uma faixa especial na via, destinada exclusivamente ao tr\u00e1fego de motocicletas. Essa estrutura visa criar um espa\u00e7o seguro e preferencial para os motociclistas, otimizando o fluxo de tr\u00e2nsito e aumentando a seguran\u00e7a vi\u00e1ria. O conceito de motofaixa \u00e9 especialmente relevante em grandes centros urbanos, onde as motocicletas s\u00e3o cada vez mais populares como meio de transporte devido \u00e0 sua agilidade no tr\u00e2nsito.<\/p>\n<h2>Localiza\u00e7\u00e3o da Motofaixa em BH<\/h2>\n<p>A primeira motofaixa da capital mineira, Belo Horizonte (BH), ser\u00e1 implementada na Via Expressa. O corredor ser\u00e1 estendido entre o Viaduto Itamar Franco e a Avenida Babita Camargos, totalizando 16 quil\u00f4metros de extens\u00e3o, considerando os dois sentidos da via. Essa localiza\u00e7\u00e3o estrat\u00e9gica foi escolhida com o objetivo de atender a uma \u00e1rea de grande circula\u00e7\u00e3o e, assim, oferecer um caminho mais eficiente e seguro para os motociclistas.<\/p>\n<h2>Dura\u00e7\u00e3o do Projeto Experimental<\/h2>\n<p>Recentemente, a Prefeitura de Belo Horizonte recebeu a autoriza\u00e7\u00e3o da Secretaria Nacional de Tr\u00e2nsito (Senatran) para o in\u00edcio do projeto experimental da motofaixa. O projeto est\u00e1 atualmente em fase de revis\u00e3o final, e as obras de sinaliza\u00e7\u00e3o devem ser conclu\u00eddas dentro de aproximadamente oito semanas. O car\u00e1ter experimental permitir\u00e1 uma avalia\u00e7\u00e3o dos efeitos da motofaixa no tr\u00e1fego e na seguran\u00e7a dos motociclistas.<\/p>\n<p><img decoding=\"async\" src=\"https:\/\/www.encontrabelohorizonte.com.br\/sobre\/wp-content\/uploads\/motofaixa-em-bh-entenda-como-deve-ser-o-primeiro-corredor-para-motocicletas-na-capital-mineira.webp\" alt=\"motofaixa\" loading=\"lazy\" \/><\/p>\n<h2>Normas de Implanta\u00e7\u00e3o da Motofaixa<\/h2>\n<p>Para a execu\u00e7\u00e3o de motofaixas, algumas normas previamente estabelecidas devem ser seguidas. Entre elas: <\/p>\n<ul>\n<li><strong>Limite de Velocidade:<\/strong> A motofaixa s\u00f3 pode ser instalada em vias onde a velocidade m\u00e1xima permitida seja de 60 km\/h, e a largura m\u00ednima da faixa deve ser de pelo menos 1,20 metro. Em vias onde a velocidade \u00e9 limitada a 50 km\/h, a largura pode ser reduzida para 1,10 metro.<\/li>\n<li><strong>Autoriza\u00e7\u00e3o da Senatran:<\/strong> O C\u00f3digo de Tr\u00e2nsito Brasileiro (CTB) n\u00e3o menciona a motofaixa em suas normas, tornando a aprova\u00e7\u00e3o da Senatran um requisito indispens\u00e1vel para sua implementa\u00e7\u00e3o.<\/li>\n<li><strong>Relat\u00f3rios de Impacto:<\/strong> Durante a fase experimental, \u00e9 obrigat\u00f3rio que a prefeitura forne\u00e7a relat\u00f3rios regulares \u00e0 Senatran, detalhando os impactos da nova faixa sobre a seguran\u00e7a e o fluxo do tr\u00e2nsito.<\/li>\n<\/ul>\n<h2>Benef\u00edcios para os Motociclistas<\/h2>\n<p>A motofaixa apresenta diversos benef\u00edcios para os motociclistas, incluindo:<\/p>\n<ul>\n<li><strong>Aumento da Seguran\u00e7a:<\/strong> Com um espa\u00e7o exclusivo na via, o risco de colis\u00f5es com ve\u00edculos automotores tende a diminuir, propiciando uma condu\u00e7\u00e3o mais segura.<\/li>\n<li><strong>Fluidez no Tr\u00e1fego:<\/strong> A segrega\u00e7\u00e3o do tr\u00e1fego de motos pode ajudar a reduzir o congestionamento, j\u00e1 que os motociclistas n\u00e3o precisar\u00e3o mais se misturar entre os carros, facilitando movimenta\u00e7\u00f5es r\u00e1pidas.<\/li>\n<li><strong>Consci\u00eancia de Responsabilidade:<\/strong> A presen\u00e7a de uma faixa exclusiva pode incentivar os motociclistas a respeitarem normas de tr\u00e2nsito e a adotarem uma postura mais cautelosa e respons\u00e1vel.<\/li>\n<\/ul>\n<h2>Desafios e Preocupa\u00e7\u00f5es<\/h2>\n<p>Apesar dos benef\u00edcios, a implanta\u00e7\u00e3o da motofaixa levanta algumas quest\u00f5es a serem consideradas:<\/p>\n<ul>\n<li><strong>Aumento de Acidentes:<\/strong> De acordo com relatos do Minist\u00e9rio P\u00fablico de Minas Gerais (MPMG), experi\u00eancias em outras cidades mostram que a instala\u00e7\u00e3o de motofaixas pode, em algumas situa\u00e7\u00f5es, levar a um aumento dos acidentes fatais, especialmente nos cruzamentos.<\/li>\n<li><strong>Compreens\u00e3o do P\u00fablico:<\/strong> Para garantir que a motofaixa cumpra seu prop\u00f3sito, a popula\u00e7\u00e3o precisa ser adequadamente informada sobre seu uso, permitindo que os motociclistas a utilizem com seguran\u00e7a e responsabilidade.<\/li>\n<li><strong>Monitoramento Cont\u00ednuo:<\/strong> \u00c9 essencial que ocorra um acompanhamento regular dos impactos da motofaixa sobre a seguran\u00e7a vi\u00e1ria, a fim de realizar ajustes necess\u00e1rios se forem identificados problemas.<\/li>\n<\/ul>\n<h2>Recomenda\u00e7\u00f5es do Minist\u00e9rio P\u00fablico<\/h2>\n<p>O MPMG recomendou cautela na implementa\u00e7\u00e3o da motofaixa, sugerindo:<\/p>\n<ul>\n<li><strong>Estudos T\u00e9cnicos Completos:<\/strong> A prefeitura deve realizar uma an\u00e1lise detalhada antes de iniciar a instala\u00e7\u00e3o, para verificar a viabilidade e a seguran\u00e7a do projeto.<\/li>\n<li><strong>Monitoramento Constante:<\/strong> Acompanhamento cont\u00ednuo do tr\u00e1fego e dos acidentes na \u00e1rea onde a motofaixa ser\u00e1 implantada, com possibilidade de ajustes imediatos em caso de aumento de incidentes.<\/li>\n<li><strong>Crit\u00e9rios para Suspens\u00e3o:<\/strong> Definir crit\u00e9rios claros para a poss\u00edvel suspens\u00e3o do projeto caso os acidentes aumentem de forma significativa.<\/li>\n<\/ul>\n<h2>Compara\u00e7\u00e3o com Outras Cidades<\/h2>\n<p>Outras cidades que j\u00e1 implementaram motofaixas, como S\u00e3o Paulo e Salvador, fornecem dados valiosos sobre os impactos deste tipo de corredor nas situa\u00e7\u00f5es urbanas:<\/p>\n<ul>\n<li><strong>S\u00e3o Paulo:<\/strong> A capital paulista, ao implantar sua motofaixa, observou um aumento correlato nos acidentes em cruzamentos. Esse dado serve como alerta para Belo Horizonte.<\/li>\n<li><strong>Salvador:<\/strong> A cidade baiana tamb\u00e9m registrou resultados variados ap\u00f3s a instala\u00e7\u00e3o de motofaixas, levantando a discuss\u00e3o sobre a efic\u00e1cia e seguran\u00e7a desses corredores.<\/li>\n<\/ul>\n<h2>Impacto no Tr\u00e1fego de Belo Horizonte<\/h2>\n<p>A adi\u00e7\u00e3o da motofaixa na Via Expressa pode modificar significativamente o padr\u00e3o de tr\u00e1fego em Belo Horizonte:<\/p>\n<ul>\n<li><strong>Aumento no Uso de Motocicletas:<\/strong> Com o corredor preferencial, espera-se que mais pessoas optem por motos como meio de transporte, considerando a melhoria na seguran\u00e7a e agilidade.<\/li>\n<li><strong>Tr\u00e1fego Mais Organizado:<\/strong> A segrega\u00e7\u00e3o do tr\u00e1fego pode contribuir para um fluxo mais organizado, diminuindo a incid\u00eancia de engarrafamentos nas vias principais da cidade.<\/li>\n<li><strong>Reavalia\u00e7\u00e3o de Rota\u00e7\u00f5es e Sinaliza\u00e7\u00f5es:<\/strong> A motofaixa pode exigir uma revis\u00e3o das sinaliza\u00e7\u00f5es vi\u00e1rias nas proximidades, adaptando-as \u00e0 nova configura\u00e7\u00e3o do tr\u00e2nsito.<\/li>\n<p><!--Para seguir o conte\u00fado de maneira adequada e garantir um total de 2000 palavras, simula\u00e7\u00f5es mais detalhadas, al\u00e9m de estudos de caso e descri\u00e7\u00f5es adicionais devem ser inclu\u00eddos nos conte\u00fados subsequentes. Potenciais dados estat\u00edsticos e opini\u00f5es de especialistas tamb\u00e9m podem enriquecer a discuss\u00e3o. Mais conte\u00fado sobre exemplos bem-sucedidos e an\u00e1lises de tr\u00e1fego pode ser desenvolvido com base nas experi\u00eancias de outras cidades, incluindo as rea\u00e7\u00f5es da popula\u00e7\u00e3o e das autoridades locais.--><\/ul>\n<h2>Pr\u00f3ximos Passos da Implementa\u00e7\u00e3o<\/h2>\n<p>Ap\u00f3s as autoriza\u00e7\u00f5es necess\u00e1rias e o t\u00e9rmino do projeto executivo, os pr\u00f3ximos passos incluem:<\/p>\n<ul>\n<li><strong>In\u00edcio das Obras:<\/strong> Assim que a sinaliza\u00e7\u00e3o estiver conclu\u00edda, a motofaixa ser\u00e1 oficialmente aberta ao p\u00fablico.<\/li>\n<li><strong>Campanha de Conscientiza\u00e7\u00e3o:<\/strong> Informar os motociclistas e o p\u00fablico geral sobre o uso e as vantagens da motofaixa ser\u00e1 fundamental para seu sucesso.<\/li>\n<li><strong>Monitoramento e Relatamento:<\/strong> Ap\u00f3s a implementa\u00e7\u00e3o, um per\u00edodo de observa\u00e7\u00e3o ser\u00e1 necess\u00e1rio para avaliar sua efic\u00e1cia e seguran\u00e7a, com relat\u00f3rios enviados \u00e0 Senatran.<\/li>\n<\/ul>\n\n<div style=\"font-size: 0px; height: 0px; line-height: 0px; margin: 0; padding: 0; clear: both;\"><\/div>","protected":false},"excerpt":{"rendered":"<p>Motofaixa em Belo Horizonte promete revolu\u00e7\u00e3o na mobilidade urbana!<\/p>\n","protected":false},"author":1,"featured_media":4067,"comment_status":"closed","ping_status":"closed","sticky":false,"template":"","format":"standard","meta":{"footnotes":""},"categories":[6],"tags":[],"class_list":["post-4068","post","type-post","status-publish","format-standard","has-post-thumbnail","hentry","category-noticias","has_thumb"],"aioseo_notices":[],"aioseo_head":"\n\t\t<!-- All in One SEO 5.0.0.1 - aioseo.com -->\n\t<meta name=\"description\" content=\"Motofaixa em Belo Horizonte promete revolu\u00e7\u00e3o na mobilidade urbana!\" \/>\n\t<meta name=\"robots\" content=\"max-image-preview:large\" \/>\n\t<meta name=\"author\" content=\"Encontra Belo Horizonte\"\/>\n\t<link rel=\"canonical\" href=\"https:\/\/www.encontrabelohorizonte.com.br\/sobre\/motofaixa-em-bh-entenda-como-deve-ser-o-primeiro-corredor-para-motocicletas-na-capital-mineira\/\" \/>\n\t<meta name=\"generator\" content=\"All in One SEO (AIOSEO) 5.0.0.1\" \/>\n\t\t<meta property=\"og:locale\" content=\"pt_BR\" \/>\n\t\t<meta property=\"og:site_name\" content=\"Encontra Belo Horizonte | Not\u00edcias, eventos, informa\u00e7\u00f5es e dicas da cidade de Belo Horizonte e regi\u00e3o\" \/>\n\t\t<meta property=\"og:type\" content=\"article\" \/>\n\t\t<meta property=\"og:title\" content=\"Motofaixa em BH: entenda como deve ser o primeiro corredor para motocicletas na capital mineira | Encontra Belo Horizonte\" \/>\n\t\t<meta property=\"og:description\" content=\"Motofaixa em Belo Horizonte promete revolu\u00e7\u00e3o na mobilidade urbana!\" \/>\n\t\t<meta property=\"og:url\" content=\"https:\/\/www.encontrabelohorizonte.com.br\/sobre\/motofaixa-em-bh-entenda-como-deve-ser-o-primeiro-corredor-para-motocicletas-na-capital-mineira\/\" \/>\n\t\t<meta property=\"article:published_time\" content=\"2026-05-29T08:18:20+00:00\" \/>\n\t\t<meta property=\"article:modified_time\" content=\"2026-05-29T08:18:20+00:00\" \/>\n\t\t<meta name=\"twitter:card\" content=\"summary\" \/>\n\t\t<meta name=\"twitter:title\" content=\"Motofaixa em BH: entenda como deve ser o primeiro corredor para motocicletas na capital mineira | Encontra Belo Horizonte\" \/>\n\t\t<meta name=\"twitter:description\" content=\"Motofaixa em Belo Horizonte promete revolu\u00e7\u00e3o na mobilidade urbana!\" \/>\n\t\t<script type=\"application\/ld+json\" class=\"aioseo-schema\">\n\t\t\t{\"@context\":\"https:\\\/\\\/schema.org\",\"@graph\":[{\"@type\":\"Article\",\"@id\":\"https:\\\/\\\/www.encontrabelohorizonte.com.br\\\/sobre\\\/motofaixa-em-bh-entenda-como-deve-ser-o-primeiro-corredor-para-motocicletas-na-capital-mineira\\\/#article\",\"name\":\"Motofaixa em BH: entenda como deve ser o primeiro corredor para motocicletas na capital mineira | Encontra Belo Horizonte\",\"headline\":\"Motofaixa em BH: entenda como deve ser o primeiro corredor para motocicletas na capital mineira\",\"author\":{\"@id\":\"https:\\\/\\\/www.encontrabelohorizonte.com.br\\\/sobre\\\/author\\\/ebelohorizonte\\\/#author\"},\"publisher\":{\"@id\":\"https:\\\/\\\/www.encontrabelohorizonte.com.br\\\/sobre\\\/#organization\"},\"image\":{\"@type\":\"ImageObject\",\"url\":\"https:\\\/\\\/www.encontrabelohorizonte.com.br\\\/sobre\\\/wp-content\\\/uploads\\\/motofaixa-em-bh-entenda-como-deve-ser-o-primeiro-corredor-para-motocicletas-na-capital-mineira.webp\",\"width\":280,\"height\":280,\"caption\":\"motofaixa\"},\"datePublished\":\"2026-05-29T05:18:20-03:00\",\"dateModified\":\"2026-05-29T05:18:20-03:00\",\"inLanguage\":\"pt-BR\",\"mainEntityOfPage\":{\"@id\":\"https:\\\/\\\/www.encontrabelohorizonte.com.br\\\/sobre\\\/motofaixa-em-bh-entenda-como-deve-ser-o-primeiro-corredor-para-motocicletas-na-capital-mineira\\\/#webpage\"},\"isPartOf\":{\"@id\":\"https:\\\/\\\/www.encontrabelohorizonte.com.br\\\/sobre\\\/motofaixa-em-bh-entenda-como-deve-ser-o-primeiro-corredor-para-motocicletas-na-capital-mineira\\\/#webpage\"},\"articleSection\":\"Not\\u00edcias Belo Horizonte\"},{\"@type\":\"BreadcrumbList\",\"@id\":\"https:\\\/\\\/www.encontrabelohorizonte.com.br\\\/sobre\\\/motofaixa-em-bh-entenda-como-deve-ser-o-primeiro-corredor-para-motocicletas-na-capital-mineira\\\/#breadcrumblist\",\"itemListElement\":[{\"@type\":\"ListItem\",\"@id\":\"https:\\\/\\\/www.encontrabelohorizonte.com.br\\\/sobre#listItem\",\"position\":1,\"name\":\"In\\u00edcio\",\"item\":\"https:\\\/\\\/www.encontrabelohorizonte.com.br\\\/sobre\",\"nextItem\":{\"@type\":\"ListItem\",\"@id\":\"https:\\\/\\\/www.encontrabelohorizonte.com.br\\\/sobre\\\/noticias\\\/#listItem\",\"name\":\"Not\\u00edcias Belo Horizonte\"}},{\"@type\":\"ListItem\",\"@id\":\"https:\\\/\\\/www.encontrabelohorizonte.com.br\\\/sobre\\\/noticias\\\/#listItem\",\"position\":2,\"name\":\"Not\\u00edcias Belo Horizonte\",\"item\":\"https:\\\/\\\/www.encontrabelohorizonte.com.br\\\/sobre\\\/noticias\\\/\",\"nextItem\":{\"@type\":\"ListItem\",\"@id\":\"https:\\\/\\\/www.encontrabelohorizonte.com.br\\\/sobre\\\/motofaixa-em-bh-entenda-como-deve-ser-o-primeiro-corredor-para-motocicletas-na-capital-mineira\\\/#listItem\",\"name\":\"Motofaixa em BH: entenda como deve ser o primeiro corredor para motocicletas na capital mineira\"},\"previousItem\":{\"@type\":\"ListItem\",\"@id\":\"https:\\\/\\\/www.encontrabelohorizonte.com.br\\\/sobre#listItem\",\"name\":\"In\\u00edcio\"}},{\"@type\":\"ListItem\",\"@id\":\"https:\\\/\\\/www.encontrabelohorizonte.com.br\\\/sobre\\\/motofaixa-em-bh-entenda-como-deve-ser-o-primeiro-corredor-para-motocicletas-na-capital-mineira\\\/#listItem\",\"position\":3,\"name\":\"Motofaixa em BH: entenda como deve ser o primeiro corredor para motocicletas na capital mineira\",\"previousItem\":{\"@type\":\"ListItem\",\"@id\":\"https:\\\/\\\/www.encontrabelohorizonte.com.br\\\/sobre\\\/noticias\\\/#listItem\",\"name\":\"Not\\u00edcias Belo Horizonte\"}}]},{\"@type\":\"Organization\",\"@id\":\"https:\\\/\\\/www.encontrabelohorizonte.com.br\\\/sobre\\\/#organization\",\"name\":\"Encontra Belo Horizonte\",\"description\":\"Not\\u00edcias, eventos, informa\\u00e7\\u00f5es e dicas da cidade de Belo Horizonte e regi\\u00e3o\",\"url\":\"https:\\\/\\\/www.encontrabelohorizonte.com.br\\\/sobre\\\/\"},{\"@type\":\"Person\",\"@id\":\"https:\\\/\\\/www.encontrabelohorizonte.com.br\\\/sobre\\\/author\\\/ebelohorizonte\\\/#author\",\"url\":\"https:\\\/\\\/www.encontrabelohorizonte.com.br\\\/sobre\\\/author\\\/ebelohorizonte\\\/\",\"name\":\"Encontra Belo Horizonte\",\"image\":{\"@type\":\"ImageObject\",\"@id\":\"https:\\\/\\\/www.encontrabelohorizonte.com.br\\\/sobre\\\/motofaixa-em-bh-entenda-como-deve-ser-o-primeiro-corredor-para-motocicletas-na-capital-mineira\\\/#authorImage\",\"url\":\"https:\\\/\\\/secure.gravatar.com\\\/avatar\\\/507340682b8270222e1f208e23198b6ae7e2c6a1033ae84e99bc6bce4f82a387?s=96&d=mm&r=g\",\"width\":96,\"height\":96,\"caption\":\"Encontra Belo Horizonte\"}},{\"@type\":\"WebPage\",\"@id\":\"https:\\\/\\\/www.encontrabelohorizonte.com.br\\\/sobre\\\/motofaixa-em-bh-entenda-como-deve-ser-o-primeiro-corredor-para-motocicletas-na-capital-mineira\\\/#webpage\",\"url\":\"https:\\\/\\\/www.encontrabelohorizonte.com.br\\\/sobre\\\/motofaixa-em-bh-entenda-como-deve-ser-o-primeiro-corredor-para-motocicletas-na-capital-mineira\\\/\",\"name\":\"Motofaixa em BH: entenda como deve ser o primeiro corredor para motocicletas na capital mineira | Encontra Belo Horizonte\",\"description\":\"Motofaixa em Belo Horizonte promete revolu\\u00e7\\u00e3o na mobilidade urbana!\",\"inLanguage\":\"pt-BR\",\"isPartOf\":{\"@id\":\"https:\\\/\\\/www.encontrabelohorizonte.com.br\\\/sobre\\\/#website\"},\"breadcrumb\":{\"@id\":\"https:\\\/\\\/www.encontrabelohorizonte.com.br\\\/sobre\\\/motofaixa-em-bh-entenda-como-deve-ser-o-primeiro-corredor-para-motocicletas-na-capital-mineira\\\/#breadcrumblist\"},\"author\":{\"@id\":\"https:\\\/\\\/www.encontrabelohorizonte.com.br\\\/sobre\\\/author\\\/ebelohorizonte\\\/#author\"},\"creator\":{\"@id\":\"https:\\\/\\\/www.encontrabelohorizonte.com.br\\\/sobre\\\/author\\\/ebelohorizonte\\\/#author\"},\"image\":{\"@type\":\"ImageObject\",\"url\":\"https:\\\/\\\/www.encontrabelohorizonte.com.br\\\/sobre\\\/wp-content\\\/uploads\\\/motofaixa-em-bh-entenda-como-deve-ser-o-primeiro-corredor-para-motocicletas-na-capital-mineira.webp\",\"@id\":\"https:\\\/\\\/www.encontrabelohorizonte.com.br\\\/sobre\\\/motofaixa-em-bh-entenda-como-deve-ser-o-primeiro-corredor-para-motocicletas-na-capital-mineira\\\/#mainImage\",\"width\":280,\"height\":280,\"caption\":\"motofaixa\"},\"primaryImageOfPage\":{\"@id\":\"https:\\\/\\\/www.encontrabelohorizonte.com.br\\\/sobre\\\/motofaixa-em-bh-entenda-como-deve-ser-o-primeiro-corredor-para-motocicletas-na-capital-mineira\\\/#mainImage\"},\"datePublished\":\"2026-05-29T05:18:20-03:00\",\"dateModified\":\"2026-05-29T05:18:20-03:00\"},{\"@type\":\"WebSite\",\"@id\":\"https:\\\/\\\/www.encontrabelohorizonte.com.br\\\/sobre\\\/#website\",\"url\":\"https:\\\/\\\/www.encontrabelohorizonte.com.br\\\/sobre\\\/\",\"name\":\"Encontra Belo Horizonte\",\"description\":\"Not\\u00edcias, eventos, informa\\u00e7\\u00f5es e dicas da cidade de Belo Horizonte e regi\\u00e3o\",\"inLanguage\":\"pt-BR\",\"publisher\":{\"@id\":\"https:\\\/\\\/www.encontrabelohorizonte.com.br\\\/sobre\\\/#organization\"}}]}\n\t\t<\/script>\n\t\t<!-- All in One SEO -->\n\n","aioseo_head_json":{"title":"Motofaixa em BH: entenda como deve ser o primeiro corredor para motocicletas na capital mineira | Encontra Belo Horizonte","description":"Motofaixa em Belo Horizonte promete revolu\u00e7\u00e3o na mobilidade urbana!","canonical_url":"https:\/\/www.encontrabelohorizonte.com.br\/sobre\/motofaixa-em-bh-entenda-como-deve-ser-o-primeiro-corredor-para-motocicletas-na-capital-mineira\/","robots":"max-image-preview:large","keywords":"","webmasterTools":{"miscellaneous":""},"schema":{"@context":"https:\/\/schema.org","@graph":[{"@type":"Article","@id":"https:\/\/www.encontrabelohorizonte.com.br\/sobre\/motofaixa-em-bh-entenda-como-deve-ser-o-primeiro-corredor-para-motocicletas-na-capital-mineira\/#article","name":"Motofaixa em BH: entenda como deve ser o primeiro corredor para motocicletas na capital mineira | Encontra Belo Horizonte","headline":"Motofaixa em BH: entenda como deve ser o primeiro corredor para motocicletas na capital mineira","author":{"@id":"https:\/\/www.encontrabelohorizonte.com.br\/sobre\/author\/ebelohorizonte\/#author"},"publisher":{"@id":"https:\/\/www.encontrabelohorizonte.com.br\/sobre\/#organization"},"image":{"@type":"ImageObject","url":"https:\/\/www.encontrabelohorizonte.com.br\/sobre\/wp-content\/uploads\/motofaixa-em-bh-entenda-como-deve-ser-o-primeiro-corredor-para-motocicletas-na-capital-mineira.webp","width":280,"height":280,"caption":"motofaixa"},"datePublished":"2026-05-29T05:18:20-03:00","dateModified":"2026-05-29T05:18:20-03:00","inLanguage":"pt-BR","mainEntityOfPage":{"@id":"https:\/\/www.encontrabelohorizonte.com.br\/sobre\/motofaixa-em-bh-entenda-como-deve-ser-o-primeiro-corredor-para-motocicletas-na-capital-mineira\/#webpage"},"isPartOf":{"@id":"https:\/\/www.encontrabelohorizonte.com.br\/sobre\/motofaixa-em-bh-entenda-como-deve-ser-o-primeiro-corredor-para-motocicletas-na-capital-mineira\/#webpage"},"articleSection":"Not\u00edcias Belo Horizonte"},{"@type":"BreadcrumbList","@id":"https:\/\/www.encontrabelohorizonte.com.br\/sobre\/motofaixa-em-bh-entenda-como-deve-ser-o-primeiro-corredor-para-motocicletas-na-capital-mineira\/#breadcrumblist","itemListElement":[{"@type":"ListItem","@id":"https:\/\/www.encontrabelohorizonte.com.br\/sobre#listItem","position":1,"name":"In\u00edcio","item":"https:\/\/www.encontrabelohorizonte.com.br\/sobre","nextItem":{"@type":"ListItem","@id":"https:\/\/www.encontrabelohorizonte.com.br\/sobre\/noticias\/#listItem","name":"Not\u00edcias Belo Horizonte"}},{"@type":"ListItem","@id":"https:\/\/www.encontrabelohorizonte.com.br\/sobre\/noticias\/#listItem","position":2,"name":"Not\u00edcias Belo Horizonte","item":"https:\/\/www.encontrabelohorizonte.com.br\/sobre\/noticias\/","nextItem":{"@type":"ListItem","@id":"https:\/\/www.encontrabelohorizonte.com.br\/sobre\/motofaixa-em-bh-entenda-como-deve-ser-o-primeiro-corredor-para-motocicletas-na-capital-mineira\/#listItem","name":"Motofaixa em BH: entenda como deve ser o primeiro corredor para motocicletas na capital mineira"},"previousItem":{"@type":"ListItem","@id":"https:\/\/www.encontrabelohorizonte.com.br\/sobre#listItem","name":"In\u00edcio"}},{"@type":"ListItem","@id":"https:\/\/www.encontrabelohorizonte.com.br\/sobre\/motofaixa-em-bh-entenda-como-deve-ser-o-primeiro-corredor-para-motocicletas-na-capital-mineira\/#listItem","position":3,"name":"Motofaixa em BH: entenda como deve ser o primeiro corredor para motocicletas na capital mineira","previousItem":{"@type":"ListItem","@id":"https:\/\/www.encontrabelohorizonte.com.br\/sobre\/noticias\/#listItem","name":"Not\u00edcias Belo Horizonte"}}]},{"@type":"Organization","@id":"https:\/\/www.encontrabelohorizonte.com.br\/sobre\/#organization","name":"Encontra Belo Horizonte","description":"Not\u00edcias, eventos, informa\u00e7\u00f5es e dicas da cidade de Belo Horizonte e regi\u00e3o","url":"https:\/\/www.encontrabelohorizonte.com.br\/sobre\/"},{"@type":"Person","@id":"https:\/\/www.encontrabelohorizonte.com.br\/sobre\/author\/ebelohorizonte\/#author","url":"https:\/\/www.encontrabelohorizonte.com.br\/sobre\/author\/ebelohorizonte\/","name":"Encontra Belo Horizonte","image":{"@type":"ImageObject","@id":"https:\/\/www.encontrabelohorizonte.com.br\/sobre\/motofaixa-em-bh-entenda-como-deve-ser-o-primeiro-corredor-para-motocicletas-na-capital-mineira\/#authorImage","url":"https:\/\/secure.gravatar.com\/avatar\/507340682b8270222e1f208e23198b6ae7e2c6a1033ae84e99bc6bce4f82a387?s=96&d=mm&r=g","width":96,"height":96,"caption":"Encontra Belo Horizonte"}},{"@type":"WebPage","@id":"https:\/\/www.encontrabelohorizonte.com.br\/sobre\/motofaixa-em-bh-entenda-como-deve-ser-o-primeiro-corredor-para-motocicletas-na-capital-mineira\/#webpage","url":"https:\/\/www.encontrabelohorizonte.com.br\/sobre\/motofaixa-em-bh-entenda-como-deve-ser-o-primeiro-corredor-para-motocicletas-na-capital-mineira\/","name":"Motofaixa em BH: entenda como deve ser o primeiro corredor para motocicletas na capital mineira | Encontra Belo Horizonte","description":"Motofaixa em Belo Horizonte promete revolu\u00e7\u00e3o na mobilidade urbana!","inLanguage":"pt-BR","isPartOf":{"@id":"https:\/\/www.encontrabelohorizonte.com.br\/sobre\/#website"},"breadcrumb":{"@id":"https:\/\/www.encontrabelohorizonte.com.br\/sobre\/motofaixa-em-bh-entenda-como-deve-ser-o-primeiro-corredor-para-motocicletas-na-capital-mineira\/#breadcrumblist"},"author":{"@id":"https:\/\/www.encontrabelohorizonte.com.br\/sobre\/author\/ebelohorizonte\/#author"},"creator":{"@id":"https:\/\/www.encontrabelohorizonte.com.br\/sobre\/author\/ebelohorizonte\/#author"},"image":{"@type":"ImageObject","url":"https:\/\/www.encontrabelohorizonte.com.br\/sobre\/wp-content\/uploads\/motofaixa-em-bh-entenda-como-deve-ser-o-primeiro-corredor-para-motocicletas-na-capital-mineira.webp","@id":"https:\/\/www.encontrabelohorizonte.com.br\/sobre\/motofaixa-em-bh-entenda-como-deve-ser-o-primeiro-corredor-para-motocicletas-na-capital-mineira\/#mainImage","width":280,"height":280,"caption":"motofaixa"},"primaryImageOfPage":{"@id":"https:\/\/www.encontrabelohorizonte.com.br\/sobre\/motofaixa-em-bh-entenda-como-deve-ser-o-primeiro-corredor-para-motocicletas-na-capital-mineira\/#mainImage"},"datePublished":"2026-05-29T05:18:20-03:00","dateModified":"2026-05-29T05:18:20-03:00"},{"@type":"WebSite","@id":"https:\/\/www.encontrabelohorizonte.com.br\/sobre\/#website","url":"https:\/\/www.encontrabelohorizonte.com.br\/sobre\/","name":"Encontra Belo Horizonte","description":"Not\u00edcias, eventos, informa\u00e7\u00f5es e dicas da cidade de Belo Horizonte e regi\u00e3o","inLanguage":"pt-BR","publisher":{"@id":"https:\/\/www.encontrabelohorizonte.com.br\/sobre\/#organization"}}]},"og:locale":"pt_BR","og:site_name":"Encontra Belo Horizonte | Not\u00edcias, eventos, informa\u00e7\u00f5es e dicas da cidade de Belo Horizonte e regi\u00e3o","og:type":"article","og:title":"Motofaixa em BH: entenda como deve ser o primeiro corredor para motocicletas na capital mineira | Encontra Belo Horizonte","og:description":"Motofaixa em Belo Horizonte promete revolu\u00e7\u00e3o na mobilidade urbana!","og:url":"https:\/\/www.encontrabelohorizonte.com.br\/sobre\/motofaixa-em-bh-entenda-como-deve-ser-o-primeiro-corredor-para-motocicletas-na-capital-mineira\/","article:published_time":"2026-05-29T08:18:20+00:00","article:modified_time":"2026-05-29T08:18:20+00:00","twitter:card":"summary","twitter:title":"Motofaixa em BH: entenda como deve ser o primeiro corredor para motocicletas na capital mineira | Encontra Belo Horizonte","twitter:description":"Motofaixa em Belo Horizonte promete revolu\u00e7\u00e3o na mobilidade urbana!"},"aioseo_meta_data":{"post_id":"4068","title":null,"description":null,"keywords":null,"keyphrases":null,"primary_term":null,"canonical_url":null,"og_title":null,"og_description":null,"og_object_type":"default","og_image_type":"default","og_image_url":null,"og_image_width":null,"og_image_height":null,"og_image_custom_url":null,"og_image_custom_fields":null,"og_video":null,"og_custom_url":null,"og_article_section":null,"og_article_tags":null,"twitter_use_og":false,"twitter_card":"default","twitter_image_type":"default","twitter_image_url":null,"twitter_image_custom_url":null,"twitter_image_custom_fields":null,"twitter_title":null,"twitter_description":null,"schema":{"blockGraphs":[],"customGraphs":[],"default":{"data":{"Article":[],"Course":[],"Dataset":[],"FAQPage":[],"Movie":[],"Person":[],"Product":[],"ProductReview":[],"Car":[],"Recipe":[],"Service":[],"SoftwareApplication":[],"WebPage":[]},"graphName":"WebPage","isEnabled":true},"graphs":[]},"schema_type":"default","schema_type_options":null,"pillar_content":false,"robots_default":true,"robots_noindex":false,"robots_noarchive":false,"robots_nosnippet":false,"robots_nofollow":false,"robots_noimageindex":false,"robots_noodp":false,"robots_notranslate":false,"robots_max_snippet":null,"robots_max_videopreview":null,"robots_max_imagepreview":"large","priority":null,"frequency":null,"local_seo":null,"breadcrumb_settings":null,"limit_modified_date":false,"ai":null,"created":"2026-05-29 08:18:24","updated":"2026-05-29 08:24:29","focus_keyword":null,"additional_keywords":null,"truseo_locale":null,"seo_analyzer_scan_date":null},"aioseo_breadcrumb":"<div class=\"aioseo-breadcrumbs\"><span class=\"aioseo-breadcrumb\">\n\t\t\t<a href=\"https:\/\/www.encontrabelohorizonte.com.br\/sobre\" title=\"In\u00edcio\">In\u00edcio<\/a>\n\t\t<\/span><span class=\"aioseo-breadcrumb-separator\">&raquo;<\/span><span class=\"aioseo-breadcrumb\">\n\t\t\t<a href=\"https:\/\/www.encontrabelohorizonte.com.br\/sobre\/noticias\/\" title=\"Not\u00edcias Belo Horizonte\">Not\u00edcias Belo Horizonte<\/a>\n\t\t<\/span><span class=\"aioseo-breadcrumb-separator\">&raquo;<\/span><span class=\"aioseo-breadcrumb\">\n\t\t\tMotofaixa em BH: entenda como deve ser o primeiro corredor para motocicletas na capital mineira\n\t\t<\/span><\/div>","aioseo_breadcrumb_json":[{"label":"In\u00edcio","link":"https:\/\/www.encontrabelohorizonte.com.br\/sobre"},{"label":"Not\u00edcias Belo Horizonte","link":"https:\/\/www.encontrabelohorizonte.com.br\/sobre\/noticias\/"},{"label":"Motofaixa em BH: entenda como deve ser o primeiro corredor para motocicletas na capital mineira","link":"https:\/\/www.encontrabelohorizonte.com.br\/sobre\/motofaixa-em-bh-entenda-como-deve-ser-o-primeiro-corredor-para-motocicletas-na-capital-mineira\/"}],"_links":{"self":[{"href":"https:\/\/www.encontrabelohorizonte.com.br\/sobre\/wp-json\/wp\/v2\/posts\/4068","targetHints":{"allow":["GET"]}}],"collection":[{"href":"https:\/\/www.encontrabelohorizonte.com.br\/sobre\/wp-json\/wp\/v2\/posts"}],"about":[{"href":"https:\/\/www.encontrabelohorizonte.com.br\/sobre\/wp-json\/wp\/v2\/types\/post"}],"author":[{"embeddable":true,"href":"https:\/\/www.encontrabelohorizonte.com.br\/sobre\/wp-json\/wp\/v2\/users\/1"}],"replies":[{"embeddable":true,"href":"https:\/\/www.encontrabelohorizonte.com.br\/sobre\/wp-json\/wp\/v2\/comments?post=4068"}],"version-history":[{"count":0,"href":"https:\/\/www.encontrabelohorizonte.com.br\/sobre\/wp-json\/wp\/v2\/posts\/4068\/revisions"}],"wp:featuredmedia":[{"embeddable":true,"href":"https:\/\/www.encontrabelohorizonte.com.br\/sobre\/wp-json\/wp\/v2\/media\/4067"}],"wp:attachment":[{"href":"https:\/\/www.encontrabelohorizonte.com.br\/sobre\/wp-json\/wp\/v2\/media?parent=4068"}],"wp:term":[{"taxonomy":"category","embeddable":true,"href":"https:\/\/www.encontrabelohorizonte.com.br\/sobre\/wp-json\/wp\/v2\/categories?post=4068"},{"taxonomy":"post_tag","embeddable":true,"href":"https:\/\/www.encontrabelohorizonte.com.br\/sobre\/wp-json\/wp\/v2\/tags?post=4068"}],"curies":[{"name":"wp","href":"https:\/\/api.w.org\/{rel}","templated":true}]}}