{"id":4090,"date":"2026-06-02T05:18:45","date_gmt":"2026-06-02T08:18:45","guid":{"rendered":"https:\/\/www.encontrabelohorizonte.com.br\/sobre\/video-mostra-aviao-que-caiu-em-bh-decolando-de-teofilo-otoni-mg-assista\/"},"modified":"2026-06-02T05:18:45","modified_gmt":"2026-06-02T08:18:45","slug":"video-mostra-aviao-que-caiu-em-bh-decolando-de-teofilo-otoni-mg-assista","status":"publish","type":"post","link":"https:\/\/www.encontrabelohorizonte.com.br\/sobre\/video-mostra-aviao-que-caiu-em-bh-decolando-de-teofilo-otoni-mg-assista\/","title":{"rendered":"V\u00eddeo mostra avi\u00e3o que caiu em BH decolando de Te\u00f3filo Otoni (MG); assista"},"content":{"rendered":"<div class=\"2e083cf0b19e2c11948dc6ac054ba979\" data-index=\"1\" style=\"float: none; margin:0px;\">\n<!-- Anuncio display - global -->\r\n<ins class=\"adsbygoogle\"\r\n     style=\"display:block\"\r\n     data-ad-client=\"ca-pub-8585364105181520\"\r\n     data-ad-slot=\"8789329856\"\r\n     data-ad-format=\"auto\"\r\n     data-full-width-responsive=\"true\"><\/ins>\r\n<script>\r\n     (adsbygoogle = window.adsbygoogle || []).push({});\r\n<\/script>\n<\/div>\n<h2>O que aconteceu na trag\u00e9dia do avi\u00e3o em BH<\/h2>\n<p>Um grave acidente a\u00e9reo ocorreu na tarde do dia 4 de maio de 2026, quando uma <strong>aeronave de pequeno porte<\/strong> caiu em Belo Horizonte, Minas Gerais. O incidente resultou na morte de tr\u00eas pessoas e gerou grande como\u00e7\u00e3o na comunidade local. Informa\u00e7\u00f5es indicam que o avi\u00e3o havia decolado de Te\u00f3filo Otoni, no Vale do Mucuri, e realizou uma parada em Belo Horizonte antes de seguir para S\u00e3o Paulo.<\/p>\n<h2>Detalhes sobre a decolagem do avi\u00e3o<\/h2>\n<p>A viagem come\u00e7ou no aeroporto de Te\u00f3filo Otoni e, ap\u00f3s a escala, o avi\u00e3o decolou novamente rumo ao <strong>Aeroporto Campo de Marte<\/strong>, em S\u00e3o Paulo, \u00e0s 12h16. Infelizmente, apenas quatro minutos ap\u00f3s a decolagem, a aeronave caiu em um pr\u00e9dio na Rua Ilacir Pereira Lima, \u00e0s 12h20.<\/p>\n<h2>Quem s\u00e3o as v\u00edtimas do acidente?<\/h2>\n<p>As v\u00edtimas fatais foram identificadas como:<\/p>\n<p><img decoding=\"async\" src=\"https:\/\/www.encontrabelohorizonte.com.br\/sobre\/wp-content\/uploads\/video-mostra-aviao-que-caiu-em-bh-decolando-de-teofilo-otoni-mg-assista.webp\" alt=\"avi\u00e3o\" loading=\"lazy\" \/><\/p>\n<ul>\n<li><strong>Wellington de Oliveira Pereira<\/strong> (piloto)<\/li>\n<li><strong>Leonardo Berganholi Martins<\/strong> (empres\u00e1rio)<\/li>\n<li><strong>Fernando Moreira Souto<\/strong> (m\u00e9dico veterin\u00e1rio)<\/li>\n<\/ul>\n<p>Al\u00e9m das fatalidades, dois outros passageiros conseguiram sobreviver, mas est\u00e3o internados em estado est\u00e1vel no Hospital Jo\u00e3o XXIII.<\/p>\n<h2>Como a queda do avi\u00e3o impactou a comunidade<\/h2>\n<p>A queda da aeronave causou um grande impacto na comunidade de Belo Horizonte. O acidente n\u00e3o apenas resultou em perdas tr\u00e1gicas, mas tamb\u00e9m gerou receios sobre a seguran\u00e7a dos voos na regi\u00e3o. Moradores ao redor do local do acidente relatam que, embora a cidade tenha um hist\u00f3rico de seguran\u00e7a em voos, o evento levantou preocupa\u00e7\u00f5es sobre a circula\u00e7\u00e3o de aeronaves em \u00e1reas urbanas.<\/p>\n<h2>O papel da ANAC e da FAB na investiga\u00e7\u00e3o<\/h2>\n<p>A <strong>Ag\u00eancia Nacional de Avia\u00e7\u00e3o Civil<\/strong> (ANAC) e a <strong>For\u00e7a A\u00e9rea Brasileira<\/strong> (FAB) est\u00e3o ativamente envolvidas na investiga\u00e7\u00e3o das causas do acidente. A FAB, atrav\u00e9s do Centro de Investiga\u00e7\u00e3o e Preven\u00e7\u00e3o de Acidentes Aeron\u00e1uticos (CENIPA), mobilizou uma equipe para investigar as circunst\u00e2ncias que levaram \u00e0 queda do voo. A ANAC tamb\u00e9m expressou suas condol\u00eancias \u00e0s fam\u00edlias das v\u00edtimas e confirmou que as averigua\u00e7\u00f5es est\u00e3o em andamento.<\/p>\n<h2>Testemunhas relatam o impacto da queda<\/h2>\n<p>Diversas testemunhas presenciaram a queda da aeronave e relataram momentos de desespero e confus\u00e3o. Segundo relatos, a aeronave parecia emitir ru\u00eddos estranhos antes de perder altitude, culminando na colis\u00e3o com o pr\u00e9dio. Moradores que viram o acidente descreveram o som como um \u201cestrondo\u201d seguido de fuma\u00e7a e gritos.<\/p>\n<h2>A hist\u00f3ria do avi\u00e3o antes do acidente<\/h2>\n<p>O avi\u00e3o envolvido no incidente, matr\u00edcula PT-EYT, era propriedade de Fernando Moreira Souto. Informa\u00e7\u00f5es revelam que a aeronave havia sido recentemente vendida e estava passando pelo processo de transfer\u00eancia de propriedade na ANAC. A seguran\u00e7a e a manuten\u00e7\u00e3o do avi\u00e3o s\u00e3o quest\u00f5es cruciais que est\u00e3o sendo examinadas neste contexto.<\/p>\n<h2>Esclarecimentos sobre a autoriza\u00e7\u00e3o de t\u00e1xi a\u00e9reo<\/h2>\n<p>Uma atualiza\u00e7\u00e3o importante \u00e9 que a aeronave n\u00e3o tinha autoriza\u00e7\u00e3o para operar como t\u00e1xi a\u00e9reo. O levantamento feito pela ANAC indicou que o avi\u00e3o n\u00e3o possu\u00eda as restri\u00e7\u00f5es necess\u00e1rias para opera\u00e7\u00e3o comercial sob o Regulamento Brasileiro de Avia\u00e7\u00e3o Civil (RBAC). Isso levanta quest\u00f5es sobre a legalidade da opera\u00e7\u00e3o da aeronave durante a viagem.<\/p>\n<h2>O que fazer em caso de acidentes a\u00e9reos?<\/h2>\n<p>Embora esperemos que acidentes a\u00e9reos sejam raros, \u00e9 essencial saber como responder em caso de uma emerg\u00eancia. Aqui est\u00e3o algumas diretrizes:<\/p>\n<ul>\n<li><strong>Manter a Calma:<\/strong> \u00c9 fundamental manter a calma para avaliar a situa\u00e7\u00e3o adequadamente.<\/li>\n<li><strong>Buscar Abrigo:<\/strong> Se houver perigo iminente, procure abrigo em um local seguro, longe de janelas e estruturas inst\u00e1veis.<\/li>\n<li><strong>Conectar-se com Autoridades:<\/strong> Entre em contato com as autoridades locais e siga suas instru\u00e7\u00f5es.<\/li>\n<li><strong>Prestar Ajuda:<\/strong> Se voc\u00ea est\u00e1 em uma posi\u00e7\u00e3o para ajudar, fa\u00e7a isso, mas n\u00e3o coloque sua pr\u00f3pria seguran\u00e7a em risco.<\/li>\n<\/ul>\n<h2>Rea\u00e7\u00f5es nas redes sociais e na m\u00eddia sobre o acidente<\/h2>\n<p>O acidente causou uma onda de rea\u00e7\u00f5es nas redes sociais, com milhares de internautas expressando suas condol\u00eancias \u00e0s fam\u00edlias das v\u00edtimas. A hashtag #Avi\u00e3oBH rapidamente se tornou trending topic, refletindo a preocupa\u00e7\u00e3o geral e a solidariedade. A m\u00eddia nacional tamb\u00e9m est\u00e1 cobrindo extensivamente o incidente, com atualiza\u00e7\u00f5es em tempo real sobre a investiga\u00e7\u00e3o.<\/p>\n\n<div style=\"font-size: 0px; height: 0px; line-height: 0px; margin: 0; padding: 0; clear: both;\"><\/div>","protected":false},"excerpt":{"rendered":"<p>V\u00eddeo mostra o impacto da queda de avi\u00e3o em BH e seus desdobramentos.<\/p>\n","protected":false},"author":1,"featured_media":4089,"comment_status":"closed","ping_status":"closed","sticky":false,"template":"","format":"standard","meta":{"footnotes":""},"categories":[6],"tags":[],"class_list":["post-4090","post","type-post","status-publish","format-standard","has-post-thumbnail","hentry","category-noticias","has_thumb"],"aioseo_notices":[],"aioseo_head":"\n\t\t<!-- All in One SEO 5.0.0.1 - aioseo.com -->\n\t<meta name=\"description\" content=\"V\u00eddeo mostra o impacto da queda de avi\u00e3o em BH e seus desdobramentos.\" \/>\n\t<meta name=\"robots\" content=\"max-image-preview:large\" \/>\n\t<meta name=\"author\" content=\"Encontra Belo Horizonte\"\/>\n\t<link rel=\"canonical\" href=\"https:\/\/www.encontrabelohorizonte.com.br\/sobre\/video-mostra-aviao-que-caiu-em-bh-decolando-de-teofilo-otoni-mg-assista\/\" \/>\n\t<meta name=\"generator\" content=\"All in One SEO (AIOSEO) 5.0.0.1\" \/>\n\t\t<meta property=\"og:locale\" content=\"pt_BR\" \/>\n\t\t<meta property=\"og:site_name\" content=\"Encontra Belo Horizonte | Not\u00edcias, eventos, informa\u00e7\u00f5es e dicas da cidade de Belo Horizonte e regi\u00e3o\" \/>\n\t\t<meta property=\"og:type\" content=\"article\" \/>\n\t\t<meta property=\"og:title\" content=\"V\u00eddeo mostra avi\u00e3o que caiu em BH decolando de Te\u00f3filo Otoni (MG); assista | Encontra Belo Horizonte\" \/>\n\t\t<meta property=\"og:description\" content=\"V\u00eddeo mostra o impacto da queda de avi\u00e3o em BH e seus desdobramentos.\" \/>\n\t\t<meta property=\"og:url\" content=\"https:\/\/www.encontrabelohorizonte.com.br\/sobre\/video-mostra-aviao-que-caiu-em-bh-decolando-de-teofilo-otoni-mg-assista\/\" \/>\n\t\t<meta property=\"article:published_time\" content=\"2026-06-02T08:18:45+00:00\" \/>\n\t\t<meta property=\"article:modified_time\" content=\"2026-06-02T08:18:45+00:00\" \/>\n\t\t<meta name=\"twitter:card\" content=\"summary\" \/>\n\t\t<meta name=\"twitter:title\" content=\"V\u00eddeo mostra avi\u00e3o que caiu em BH decolando de Te\u00f3filo Otoni (MG); assista | Encontra Belo Horizonte\" \/>\n\t\t<meta name=\"twitter:description\" content=\"V\u00eddeo mostra o impacto da queda de avi\u00e3o em BH e seus desdobramentos.\" \/>\n\t\t<script type=\"application\/ld+json\" class=\"aioseo-schema\">\n\t\t\t{\"@context\":\"https:\\\/\\\/schema.org\",\"@graph\":[{\"@type\":\"Article\",\"@id\":\"https:\\\/\\\/www.encontrabelohorizonte.com.br\\\/sobre\\\/video-mostra-aviao-que-caiu-em-bh-decolando-de-teofilo-otoni-mg-assista\\\/#article\",\"name\":\"V\\u00eddeo mostra avi\\u00e3o que caiu em BH decolando de Te\\u00f3filo Otoni (MG); assista | Encontra Belo Horizonte\",\"headline\":\"V\\u00eddeo mostra avi\\u00e3o que caiu em BH decolando de Te\\u00f3filo Otoni (MG); assista\",\"author\":{\"@id\":\"https:\\\/\\\/www.encontrabelohorizonte.com.br\\\/sobre\\\/author\\\/ebelohorizonte\\\/#author\"},\"publisher\":{\"@id\":\"https:\\\/\\\/www.encontrabelohorizonte.com.br\\\/sobre\\\/#organization\"},\"image\":{\"@type\":\"ImageObject\",\"url\":\"https:\\\/\\\/www.encontrabelohorizonte.com.br\\\/sobre\\\/wp-content\\\/uploads\\\/video-mostra-aviao-que-caiu-em-bh-decolando-de-teofilo-otoni-mg-assista.webp\",\"width\":280,\"height\":280,\"caption\":\"avi\\u00e3o\"},\"datePublished\":\"2026-06-02T05:18:45-03:00\",\"dateModified\":\"2026-06-02T05:18:45-03:00\",\"inLanguage\":\"pt-BR\",\"mainEntityOfPage\":{\"@id\":\"https:\\\/\\\/www.encontrabelohorizonte.com.br\\\/sobre\\\/video-mostra-aviao-que-caiu-em-bh-decolando-de-teofilo-otoni-mg-assista\\\/#webpage\"},\"isPartOf\":{\"@id\":\"https:\\\/\\\/www.encontrabelohorizonte.com.br\\\/sobre\\\/video-mostra-aviao-que-caiu-em-bh-decolando-de-teofilo-otoni-mg-assista\\\/#webpage\"},\"articleSection\":\"Not\\u00edcias Belo Horizonte\"},{\"@type\":\"BreadcrumbList\",\"@id\":\"https:\\\/\\\/www.encontrabelohorizonte.com.br\\\/sobre\\\/video-mostra-aviao-que-caiu-em-bh-decolando-de-teofilo-otoni-mg-assista\\\/#breadcrumblist\",\"itemListElement\":[{\"@type\":\"ListItem\",\"@id\":\"https:\\\/\\\/www.encontrabelohorizonte.com.br\\\/sobre#listItem\",\"position\":1,\"name\":\"In\\u00edcio\",\"item\":\"https:\\\/\\\/www.encontrabelohorizonte.com.br\\\/sobre\",\"nextItem\":{\"@type\":\"ListItem\",\"@id\":\"https:\\\/\\\/www.encontrabelohorizonte.com.br\\\/sobre\\\/noticias\\\/#listItem\",\"name\":\"Not\\u00edcias Belo Horizonte\"}},{\"@type\":\"ListItem\",\"@id\":\"https:\\\/\\\/www.encontrabelohorizonte.com.br\\\/sobre\\\/noticias\\\/#listItem\",\"position\":2,\"name\":\"Not\\u00edcias Belo Horizonte\",\"item\":\"https:\\\/\\\/www.encontrabelohorizonte.com.br\\\/sobre\\\/noticias\\\/\",\"nextItem\":{\"@type\":\"ListItem\",\"@id\":\"https:\\\/\\\/www.encontrabelohorizonte.com.br\\\/sobre\\\/video-mostra-aviao-que-caiu-em-bh-decolando-de-teofilo-otoni-mg-assista\\\/#listItem\",\"name\":\"V\\u00eddeo mostra avi\\u00e3o que caiu em BH decolando de Te\\u00f3filo Otoni (MG); assista\"},\"previousItem\":{\"@type\":\"ListItem\",\"@id\":\"https:\\\/\\\/www.encontrabelohorizonte.com.br\\\/sobre#listItem\",\"name\":\"In\\u00edcio\"}},{\"@type\":\"ListItem\",\"@id\":\"https:\\\/\\\/www.encontrabelohorizonte.com.br\\\/sobre\\\/video-mostra-aviao-que-caiu-em-bh-decolando-de-teofilo-otoni-mg-assista\\\/#listItem\",\"position\":3,\"name\":\"V\\u00eddeo mostra avi\\u00e3o que caiu em BH decolando de Te\\u00f3filo Otoni (MG); assista\",\"previousItem\":{\"@type\":\"ListItem\",\"@id\":\"https:\\\/\\\/www.encontrabelohorizonte.com.br\\\/sobre\\\/noticias\\\/#listItem\",\"name\":\"Not\\u00edcias Belo Horizonte\"}}]},{\"@type\":\"Organization\",\"@id\":\"https:\\\/\\\/www.encontrabelohorizonte.com.br\\\/sobre\\\/#organization\",\"name\":\"Encontra Belo Horizonte\",\"description\":\"Not\\u00edcias, eventos, informa\\u00e7\\u00f5es e dicas da cidade de Belo Horizonte e regi\\u00e3o\",\"url\":\"https:\\\/\\\/www.encontrabelohorizonte.com.br\\\/sobre\\\/\"},{\"@type\":\"Person\",\"@id\":\"https:\\\/\\\/www.encontrabelohorizonte.com.br\\\/sobre\\\/author\\\/ebelohorizonte\\\/#author\",\"url\":\"https:\\\/\\\/www.encontrabelohorizonte.com.br\\\/sobre\\\/author\\\/ebelohorizonte\\\/\",\"name\":\"Encontra Belo Horizonte\",\"image\":{\"@type\":\"ImageObject\",\"@id\":\"https:\\\/\\\/www.encontrabelohorizonte.com.br\\\/sobre\\\/video-mostra-aviao-que-caiu-em-bh-decolando-de-teofilo-otoni-mg-assista\\\/#authorImage\",\"url\":\"https:\\\/\\\/secure.gravatar.com\\\/avatar\\\/507340682b8270222e1f208e23198b6ae7e2c6a1033ae84e99bc6bce4f82a387?s=96&d=mm&r=g\",\"width\":96,\"height\":96,\"caption\":\"Encontra Belo Horizonte\"}},{\"@type\":\"WebPage\",\"@id\":\"https:\\\/\\\/www.encontrabelohorizonte.com.br\\\/sobre\\\/video-mostra-aviao-que-caiu-em-bh-decolando-de-teofilo-otoni-mg-assista\\\/#webpage\",\"url\":\"https:\\\/\\\/www.encontrabelohorizonte.com.br\\\/sobre\\\/video-mostra-aviao-que-caiu-em-bh-decolando-de-teofilo-otoni-mg-assista\\\/\",\"name\":\"V\\u00eddeo mostra avi\\u00e3o que caiu em BH decolando de Te\\u00f3filo Otoni (MG); assista | Encontra Belo Horizonte\",\"description\":\"V\\u00eddeo mostra o impacto da queda de avi\\u00e3o em BH e seus desdobramentos.\",\"inLanguage\":\"pt-BR\",\"isPartOf\":{\"@id\":\"https:\\\/\\\/www.encontrabelohorizonte.com.br\\\/sobre\\\/#website\"},\"breadcrumb\":{\"@id\":\"https:\\\/\\\/www.encontrabelohorizonte.com.br\\\/sobre\\\/video-mostra-aviao-que-caiu-em-bh-decolando-de-teofilo-otoni-mg-assista\\\/#breadcrumblist\"},\"author\":{\"@id\":\"https:\\\/\\\/www.encontrabelohorizonte.com.br\\\/sobre\\\/author\\\/ebelohorizonte\\\/#author\"},\"creator\":{\"@id\":\"https:\\\/\\\/www.encontrabelohorizonte.com.br\\\/sobre\\\/author\\\/ebelohorizonte\\\/#author\"},\"image\":{\"@type\":\"ImageObject\",\"url\":\"https:\\\/\\\/www.encontrabelohorizonte.com.br\\\/sobre\\\/wp-content\\\/uploads\\\/video-mostra-aviao-que-caiu-em-bh-decolando-de-teofilo-otoni-mg-assista.webp\",\"@id\":\"https:\\\/\\\/www.encontrabelohorizonte.com.br\\\/sobre\\\/video-mostra-aviao-que-caiu-em-bh-decolando-de-teofilo-otoni-mg-assista\\\/#mainImage\",\"width\":280,\"height\":280,\"caption\":\"avi\\u00e3o\"},\"primaryImageOfPage\":{\"@id\":\"https:\\\/\\\/www.encontrabelohorizonte.com.br\\\/sobre\\\/video-mostra-aviao-que-caiu-em-bh-decolando-de-teofilo-otoni-mg-assista\\\/#mainImage\"},\"datePublished\":\"2026-06-02T05:18:45-03:00\",\"dateModified\":\"2026-06-02T05:18:45-03:00\"},{\"@type\":\"WebSite\",\"@id\":\"https:\\\/\\\/www.encontrabelohorizonte.com.br\\\/sobre\\\/#website\",\"url\":\"https:\\\/\\\/www.encontrabelohorizonte.com.br\\\/sobre\\\/\",\"name\":\"Encontra Belo Horizonte\",\"description\":\"Not\\u00edcias, eventos, informa\\u00e7\\u00f5es e dicas da cidade de Belo Horizonte e regi\\u00e3o\",\"inLanguage\":\"pt-BR\",\"publisher\":{\"@id\":\"https:\\\/\\\/www.encontrabelohorizonte.com.br\\\/sobre\\\/#organization\"}}]}\n\t\t<\/script>\n\t\t<!-- All in One SEO -->\n\n","aioseo_head_json":{"title":"V\u00eddeo mostra avi\u00e3o que caiu em BH decolando de Te\u00f3filo Otoni (MG); assista | Encontra Belo Horizonte","description":"V\u00eddeo mostra o impacto da queda de avi\u00e3o em BH e seus desdobramentos.","canonical_url":"https:\/\/www.encontrabelohorizonte.com.br\/sobre\/video-mostra-aviao-que-caiu-em-bh-decolando-de-teofilo-otoni-mg-assista\/","robots":"max-image-preview:large","keywords":"","webmasterTools":{"miscellaneous":""},"schema":{"@context":"https:\/\/schema.org","@graph":[{"@type":"Article","@id":"https:\/\/www.encontrabelohorizonte.com.br\/sobre\/video-mostra-aviao-que-caiu-em-bh-decolando-de-teofilo-otoni-mg-assista\/#article","name":"V\u00eddeo mostra avi\u00e3o que caiu em BH decolando de Te\u00f3filo Otoni (MG); assista | Encontra Belo Horizonte","headline":"V\u00eddeo mostra avi\u00e3o que caiu em BH decolando de Te\u00f3filo Otoni (MG); assista","author":{"@id":"https:\/\/www.encontrabelohorizonte.com.br\/sobre\/author\/ebelohorizonte\/#author"},"publisher":{"@id":"https:\/\/www.encontrabelohorizonte.com.br\/sobre\/#organization"},"image":{"@type":"ImageObject","url":"https:\/\/www.encontrabelohorizonte.com.br\/sobre\/wp-content\/uploads\/video-mostra-aviao-que-caiu-em-bh-decolando-de-teofilo-otoni-mg-assista.webp","width":280,"height":280,"caption":"avi\u00e3o"},"datePublished":"2026-06-02T05:18:45-03:00","dateModified":"2026-06-02T05:18:45-03:00","inLanguage":"pt-BR","mainEntityOfPage":{"@id":"https:\/\/www.encontrabelohorizonte.com.br\/sobre\/video-mostra-aviao-que-caiu-em-bh-decolando-de-teofilo-otoni-mg-assista\/#webpage"},"isPartOf":{"@id":"https:\/\/www.encontrabelohorizonte.com.br\/sobre\/video-mostra-aviao-que-caiu-em-bh-decolando-de-teofilo-otoni-mg-assista\/#webpage"},"articleSection":"Not\u00edcias Belo Horizonte"},{"@type":"BreadcrumbList","@id":"https:\/\/www.encontrabelohorizonte.com.br\/sobre\/video-mostra-aviao-que-caiu-em-bh-decolando-de-teofilo-otoni-mg-assista\/#breadcrumblist","itemListElement":[{"@type":"ListItem","@id":"https:\/\/www.encontrabelohorizonte.com.br\/sobre#listItem","position":1,"name":"In\u00edcio","item":"https:\/\/www.encontrabelohorizonte.com.br\/sobre","nextItem":{"@type":"ListItem","@id":"https:\/\/www.encontrabelohorizonte.com.br\/sobre\/noticias\/#listItem","name":"Not\u00edcias Belo Horizonte"}},{"@type":"ListItem","@id":"https:\/\/www.encontrabelohorizonte.com.br\/sobre\/noticias\/#listItem","position":2,"name":"Not\u00edcias Belo Horizonte","item":"https:\/\/www.encontrabelohorizonte.com.br\/sobre\/noticias\/","nextItem":{"@type":"ListItem","@id":"https:\/\/www.encontrabelohorizonte.com.br\/sobre\/video-mostra-aviao-que-caiu-em-bh-decolando-de-teofilo-otoni-mg-assista\/#listItem","name":"V\u00eddeo mostra avi\u00e3o que caiu em BH decolando de Te\u00f3filo Otoni (MG); assista"},"previousItem":{"@type":"ListItem","@id":"https:\/\/www.encontrabelohorizonte.com.br\/sobre#listItem","name":"In\u00edcio"}},{"@type":"ListItem","@id":"https:\/\/www.encontrabelohorizonte.com.br\/sobre\/video-mostra-aviao-que-caiu-em-bh-decolando-de-teofilo-otoni-mg-assista\/#listItem","position":3,"name":"V\u00eddeo mostra avi\u00e3o que caiu em BH decolando de Te\u00f3filo Otoni (MG); assista","previousItem":{"@type":"ListItem","@id":"https:\/\/www.encontrabelohorizonte.com.br\/sobre\/noticias\/#listItem","name":"Not\u00edcias Belo Horizonte"}}]},{"@type":"Organization","@id":"https:\/\/www.encontrabelohorizonte.com.br\/sobre\/#organization","name":"Encontra Belo Horizonte","description":"Not\u00edcias, eventos, informa\u00e7\u00f5es e dicas da cidade de Belo Horizonte e regi\u00e3o","url":"https:\/\/www.encontrabelohorizonte.com.br\/sobre\/"},{"@type":"Person","@id":"https:\/\/www.encontrabelohorizonte.com.br\/sobre\/author\/ebelohorizonte\/#author","url":"https:\/\/www.encontrabelohorizonte.com.br\/sobre\/author\/ebelohorizonte\/","name":"Encontra Belo Horizonte","image":{"@type":"ImageObject","@id":"https:\/\/www.encontrabelohorizonte.com.br\/sobre\/video-mostra-aviao-que-caiu-em-bh-decolando-de-teofilo-otoni-mg-assista\/#authorImage","url":"https:\/\/secure.gravatar.com\/avatar\/507340682b8270222e1f208e23198b6ae7e2c6a1033ae84e99bc6bce4f82a387?s=96&d=mm&r=g","width":96,"height":96,"caption":"Encontra Belo Horizonte"}},{"@type":"WebPage","@id":"https:\/\/www.encontrabelohorizonte.com.br\/sobre\/video-mostra-aviao-que-caiu-em-bh-decolando-de-teofilo-otoni-mg-assista\/#webpage","url":"https:\/\/www.encontrabelohorizonte.com.br\/sobre\/video-mostra-aviao-que-caiu-em-bh-decolando-de-teofilo-otoni-mg-assista\/","name":"V\u00eddeo mostra avi\u00e3o que caiu em BH decolando de Te\u00f3filo Otoni (MG); assista | Encontra Belo Horizonte","description":"V\u00eddeo mostra o impacto da queda de avi\u00e3o em BH e seus desdobramentos.","inLanguage":"pt-BR","isPartOf":{"@id":"https:\/\/www.encontrabelohorizonte.com.br\/sobre\/#website"},"breadcrumb":{"@id":"https:\/\/www.encontrabelohorizonte.com.br\/sobre\/video-mostra-aviao-que-caiu-em-bh-decolando-de-teofilo-otoni-mg-assista\/#breadcrumblist"},"author":{"@id":"https:\/\/www.encontrabelohorizonte.com.br\/sobre\/author\/ebelohorizonte\/#author"},"creator":{"@id":"https:\/\/www.encontrabelohorizonte.com.br\/sobre\/author\/ebelohorizonte\/#author"},"image":{"@type":"ImageObject","url":"https:\/\/www.encontrabelohorizonte.com.br\/sobre\/wp-content\/uploads\/video-mostra-aviao-que-caiu-em-bh-decolando-de-teofilo-otoni-mg-assista.webp","@id":"https:\/\/www.encontrabelohorizonte.com.br\/sobre\/video-mostra-aviao-que-caiu-em-bh-decolando-de-teofilo-otoni-mg-assista\/#mainImage","width":280,"height":280,"caption":"avi\u00e3o"},"primaryImageOfPage":{"@id":"https:\/\/www.encontrabelohorizonte.com.br\/sobre\/video-mostra-aviao-que-caiu-em-bh-decolando-de-teofilo-otoni-mg-assista\/#mainImage"},"datePublished":"2026-06-02T05:18:45-03:00","dateModified":"2026-06-02T05:18:45-03:00"},{"@type":"WebSite","@id":"https:\/\/www.encontrabelohorizonte.com.br\/sobre\/#website","url":"https:\/\/www.encontrabelohorizonte.com.br\/sobre\/","name":"Encontra Belo Horizonte","description":"Not\u00edcias, eventos, informa\u00e7\u00f5es e dicas da cidade de Belo Horizonte e regi\u00e3o","inLanguage":"pt-BR","publisher":{"@id":"https:\/\/www.encontrabelohorizonte.com.br\/sobre\/#organization"}}]},"og:locale":"pt_BR","og:site_name":"Encontra Belo Horizonte | Not\u00edcias, eventos, informa\u00e7\u00f5es e dicas da cidade de Belo Horizonte e regi\u00e3o","og:type":"article","og:title":"V\u00eddeo mostra avi\u00e3o que caiu em BH decolando de Te\u00f3filo Otoni (MG); assista | Encontra Belo Horizonte","og:description":"V\u00eddeo mostra o impacto da queda de avi\u00e3o em BH e seus desdobramentos.","og:url":"https:\/\/www.encontrabelohorizonte.com.br\/sobre\/video-mostra-aviao-que-caiu-em-bh-decolando-de-teofilo-otoni-mg-assista\/","article:published_time":"2026-06-02T08:18:45+00:00","article:modified_time":"2026-06-02T08:18:45+00:00","twitter:card":"summary","twitter:title":"V\u00eddeo mostra avi\u00e3o que caiu em BH decolando de Te\u00f3filo Otoni (MG); assista | Encontra Belo Horizonte","twitter:description":"V\u00eddeo mostra o impacto da queda de avi\u00e3o em BH e seus desdobramentos."},"aioseo_meta_data":{"post_id":"4090","title":null,"description":null,"keywords":null,"keyphrases":null,"primary_term":null,"canonical_url":null,"og_title":null,"og_description":null,"og_object_type":"default","og_image_type":"default","og_image_url":null,"og_image_width":null,"og_image_height":null,"og_image_custom_url":null,"og_image_custom_fields":null,"og_video":null,"og_custom_url":null,"og_article_section":null,"og_article_tags":null,"twitter_use_og":false,"twitter_card":"default","twitter_image_type":"default","twitter_image_url":null,"twitter_image_custom_url":null,"twitter_image_custom_fields":null,"twitter_title":null,"twitter_description":null,"schema":{"blockGraphs":[],"customGraphs":[],"default":{"data":{"Article":[],"Course":[],"Dataset":[],"FAQPage":[],"Movie":[],"Person":[],"Product":[],"ProductReview":[],"Car":[],"Recipe":[],"Service":[],"SoftwareApplication":[],"WebPage":[]},"graphName":"Article","isEnabled":true},"graphs":[]},"schema_type":"default","schema_type_options":null,"pillar_content":false,"robots_default":true,"robots_noindex":false,"robots_noarchive":false,"robots_nosnippet":false,"robots_nofollow":false,"robots_noimageindex":false,"robots_noodp":false,"robots_notranslate":false,"robots_max_snippet":null,"robots_max_videopreview":null,"robots_max_imagepreview":"large","priority":null,"frequency":null,"local_seo":null,"breadcrumb_settings":null,"limit_modified_date":false,"ai":null,"created":"2026-06-02 08:28:16","updated":"2026-06-02 08:42:14","focus_keyword":null,"additional_keywords":null,"truseo_locale":null,"seo_analyzer_scan_date":null},"aioseo_breadcrumb":"<div class=\"aioseo-breadcrumbs\"><span class=\"aioseo-breadcrumb\">\n\t\t\t<a href=\"https:\/\/www.encontrabelohorizonte.com.br\/sobre\" title=\"In\u00edcio\">In\u00edcio<\/a>\n\t\t<\/span><span class=\"aioseo-breadcrumb-separator\">&raquo;<\/span><span class=\"aioseo-breadcrumb\">\n\t\t\t<a href=\"https:\/\/www.encontrabelohorizonte.com.br\/sobre\/noticias\/\" title=\"Not\u00edcias Belo Horizonte\">Not\u00edcias Belo Horizonte<\/a>\n\t\t<\/span><span class=\"aioseo-breadcrumb-separator\">&raquo;<\/span><span class=\"aioseo-breadcrumb\">\n\t\t\tV\u00eddeo mostra avi\u00e3o que caiu em BH decolando de Te\u00f3filo Otoni (MG); assista\n\t\t<\/span><\/div>","aioseo_breadcrumb_json":[{"label":"In\u00edcio","link":"https:\/\/www.encontrabelohorizonte.com.br\/sobre"},{"label":"Not\u00edcias Belo Horizonte","link":"https:\/\/www.encontrabelohorizonte.com.br\/sobre\/noticias\/"},{"label":"V\u00eddeo mostra avi\u00e3o que caiu em BH decolando de Te\u00f3filo Otoni (MG); assista","link":"https:\/\/www.encontrabelohorizonte.com.br\/sobre\/video-mostra-aviao-que-caiu-em-bh-decolando-de-teofilo-otoni-mg-assista\/"}],"_links":{"self":[{"href":"https:\/\/www.encontrabelohorizonte.com.br\/sobre\/wp-json\/wp\/v2\/posts\/4090","targetHints":{"allow":["GET"]}}],"collection":[{"href":"https:\/\/www.encontrabelohorizonte.com.br\/sobre\/wp-json\/wp\/v2\/posts"}],"about":[{"href":"https:\/\/www.encontrabelohorizonte.com.br\/sobre\/wp-json\/wp\/v2\/types\/post"}],"author":[{"embeddable":true,"href":"https:\/\/www.encontrabelohorizonte.com.br\/sobre\/wp-json\/wp\/v2\/users\/1"}],"replies":[{"embeddable":true,"href":"https:\/\/www.encontrabelohorizonte.com.br\/sobre\/wp-json\/wp\/v2\/comments?post=4090"}],"version-history":[{"count":0,"href":"https:\/\/www.encontrabelohorizonte.com.br\/sobre\/wp-json\/wp\/v2\/posts\/4090\/revisions"}],"wp:featuredmedia":[{"embeddable":true,"href":"https:\/\/www.encontrabelohorizonte.com.br\/sobre\/wp-json\/wp\/v2\/media\/4089"}],"wp:attachment":[{"href":"https:\/\/www.encontrabelohorizonte.com.br\/sobre\/wp-json\/wp\/v2\/media?parent=4090"}],"wp:term":[{"taxonomy":"category","embeddable":true,"href":"https:\/\/www.encontrabelohorizonte.com.br\/sobre\/wp-json\/wp\/v2\/categories?post=4090"},{"taxonomy":"post_tag","embeddable":true,"href":"https:\/\/www.encontrabelohorizonte.com.br\/sobre\/wp-json\/wp\/v2\/tags?post=4090"}],"curies":[{"name":"wp","href":"https:\/\/api.w.org\/{rel}","templated":true}]}}