{"id":4106,"date":"2026-06-05T05:19:31","date_gmt":"2026-06-05T08:19:31","guid":{"rendered":"https:\/\/www.encontrabelohorizonte.com.br\/sobre\/corte-de-profissionais-impacta-servicos-de-saude-em-bh\/"},"modified":"2026-06-05T05:19:31","modified_gmt":"2026-06-05T08:19:31","slug":"corte-de-profissionais-impacta-servicos-de-saude-em-bh","status":"publish","type":"post","link":"https:\/\/www.encontrabelohorizonte.com.br\/sobre\/corte-de-profissionais-impacta-servicos-de-saude-em-bh\/","title":{"rendered":"Corte de profissionais impacta servi\u00e7os de sa\u00fade em BH"},"content":{"rendered":"<div class=\"2e083cf0b19e2c11948dc6ac054ba979\" data-index=\"1\" style=\"float: none; margin:0px;\">\n<!-- Anuncio display - global -->\r\n<ins class=\"adsbygoogle\"\r\n     style=\"display:block\"\r\n     data-ad-client=\"ca-pub-8585364105181520\"\r\n     data-ad-slot=\"8789329856\"\r\n     data-ad-format=\"auto\"\r\n     data-full-width-responsive=\"true\"><\/ins>\r\n<script>\r\n     (adsbygoogle = window.adsbygoogle || []).push({});\r\n<\/script>\n<\/div>\n<h2>Agravamento no Atendimento \u00e0 Sa\u00fade<\/h2>\n<p>Os trabalhadores da aten\u00e7\u00e3o prim\u00e1ria \u00e0 sa\u00fade no munic\u00edpio de Belo Horizonte est\u00e3o expressando suas preocupa\u00e7\u00f5es em rela\u00e7\u00e3o ao impacto negativo que a finaliza\u00e7\u00e3o de contratos tempor\u00e1rios est\u00e1 causando no atendimento ao p\u00fablico. Um levantamento realizado por esses profissionais indicou que, at\u00e9 o dia 18 de maio, havia 334 vagas em aberto em 153 unidades de sa\u00fade. Tal cen\u00e1rio reflete uma realidade preocupante em que a capacidade de atendimento parece estar severamente comprometida.<\/p>\n<h2>Causas dos Cortes Tempor\u00e1rios<\/h2>\n<p>De acordo com o Sindicato dos M\u00e9dicos de Minas Gerais (Sinmed-MG), os contratos tempor\u00e1rios foram inicialmente implementados para atender a demandas emergenciais na rede p\u00fablica, mas acabaram se tornando uma pr\u00e1tica recorrente, ao inv\u00e9s de uma solu\u00e7\u00e3o transit\u00f3ria. Essa mudan\u00e7a est\u00e1 precipitando uma escassez de profissionais vinculados \u00e0 sa\u00fade, o que gera sobrecarga nas equipes que permanecem e compromete a qualidade dos servi\u00e7os.<\/p>\n<h2>Impacto na Equipe de Sa\u00fade<\/h2>\n<p>Os cortes nos contratos t\u00eam afetado n\u00e3o apenas m\u00e9dicos, mas tamb\u00e9m enfermeiros e t\u00e9cnicos de enfermagem. Profissionais relatam que suas fun\u00e7\u00f5es se tornaram mais extenuantes, dado que as equipes est\u00e3o mais reduzidas, levando a um aumento da carga de trabalho e a uma diminui\u00e7\u00e3o na qualidade do atendimento. Um exemplo not\u00e1vel \u00e9 o centro de sa\u00fade Primeiro de Maio, localizado na Regi\u00e3o Norte de BH, que perdeu diversos colaboradores, resultando em servi\u00e7os essenciais, como curativos e observa\u00e7\u00e3o, sendo significativamente impactados.<\/p>\n<p><img decoding=\"async\" src=\"https:\/\/www.encontrabelohorizonte.com.br\/sobre\/wp-content\/uploads\/corte-de-profissionais-impacta-servicos-de-saude-em-bh.webp\" alt=\"cortes de profissionais\" loading=\"lazy\" \/><\/p>\n<h2>Rea\u00e7\u00f5es dos Profissionais Atingidos<\/h2>\n<p>Um caso emblem\u00e1tico \u00e9 o do m\u00e9dico da fam\u00edlia M\u00facio Rudimar, que atuava em um centro de sa\u00fade da Regi\u00e3o Noroeste e teve seu contrato n\u00e3o renovado. Ele mencionou que a rela\u00e7\u00e3o com os pacientes na comunidade foi constru\u00edda ao longo de quatro anos. &#8220;Tem pacientes perguntando por mim. Esse v\u00ednculo \u00e9 fundamental,\u201d declarou. A preocupa\u00e7\u00e3o \u00e9 ampla, e os relatos de insatisfa\u00e7\u00e3o e ang\u00fastia por parte dos trabalhadores da sa\u00fade t\u00eam se intensificado ante a falta de previsibilidade e suporte.<\/p>\n<h2>Sobreviv\u00eancia da Aten\u00e7\u00e3o Prim\u00e1ria<\/h2>\n<p>A realidade enfrentada nos centros de sa\u00fade de Belo Horizonte evidencia um risco de retrocesso no avan\u00e7o da aten\u00e7\u00e3o prim\u00e1ria. Essa modalidade de assist\u00eancia \u00e9 vital para o bem-estar da popula\u00e7\u00e3o, pois oferece um acesso mais \u00e1gil e efetivo aos cuidados de sa\u00fade. A falta de pessoal capacitado pode levar a um aumento do agravamento de casos de sa\u00fade que poderiam ser tratados numa fase inicial, aumentando as press\u00f5es sobre servi\u00e7os de emerg\u00eancia.<\/p>\n<h2>A Vis\u00e3o dos Sindicatos<\/h2>\n<p>O Sinmed-MG enfatiza que a escassez de profissionais de sa\u00fade pr\u00e9-existente foi exacerbada por esses desligamentos. Segundo Andr\u00e9 Christiano dos Santos, presidente do sindicato, at\u00e9 300 dessas vagas referem-se a m\u00e9dicos, enfermeiros e t\u00e9cnicos que eram parte integrante das equipes e agora n\u00e3o est\u00e3o mais dispon\u00edveis. Essa situa\u00e7\u00e3o destaca uma necessidade urgente de reformula\u00e7\u00e3o na gest\u00e3o de recursos humanos dentro da sa\u00fade p\u00fablica, bem como a cria\u00e7\u00e3o de pol\u00edticas que garantam a estabilidade e continuidade da for\u00e7a de trabalho.<\/p>\n<h2>Cen\u00e1rio Atual das Vagas em Sa\u00fade<\/h2>\n<p>Historicamente, o n\u00famero de profissionais trabalhando na sa\u00fade em Belo Horizonte \u00e9 considerado insuficiente. Com 7.000 contratos tempor\u00e1rios e cerca de 2.500 aprovados em concurso, a situa\u00e7\u00e3o se torna ainda mais cr\u00edtica, pois mesmo com a convoca\u00e7\u00e3o dos aprovados, as vagas em aberto seriam longe de serem preenchidas adequadamente. Este descompasso resulta em uma enorme lacuna no atendimento, afetando diretamente a assist\u00eancia \u00e0 popula\u00e7\u00e3o.<\/p>\n<h2>Renova\u00e7\u00e3o de Contratos: O Que Esperar?<\/h2>\n<p>A Prefeitura de Belo Horizonte informou que est\u00e1 trabalhando para renovar contratos e realizar novas contrata\u00e7\u00f5es, mas a realidade se apresenta com uma lentid\u00e3o preocupante. Embora alguns t\u00e9cnicos de enfermagem tenham tido seus contratos renovados recentemente, as vagas para m\u00e9dicos e enfermeiros continuam sem reposi\u00e7\u00e3o, o que levanta d\u00favidas sobre a efic\u00e1cia das a\u00e7\u00f5es tomadas pelo munic\u00edpio em resposta \u00e0 crise.<\/p>\n<h2>Import\u00e2ncia dos V\u00ednculos Estabelecidos<\/h2>\n<p>A perman\u00eancia dos profissionais nas comunidades \u00e9 crucial para a constru\u00e7\u00e3o de uma assist\u00eancia de sa\u00fade coerente e eficaz. Rela\u00e7\u00f5es estabelecidas entre profissionais de sa\u00fade e pacientes garantem um acompanhamento mais pr\u00f3ximo e uma compreens\u00e3o mais aprofundada das necessidades da comunidade. Esses v\u00ednculos tamb\u00e9m s\u00e3o determinantes para a melhoria dos \u00edndices de sa\u00fade e para a redu\u00e7\u00e3o dos custos relacionados ao tratamento em n\u00edveis mais avan\u00e7ados.<\/p>\n<h2>Perspectivas Futuras para os Servidores<\/h2>\n<p>Os trabalhadores da sa\u00fade esperam que a situa\u00e7\u00e3o possa ser revertida atrav\u00e9s de uma abordagem mais humana e eficaz por parte das autoridades respons\u00e1veis. Um compromisso real com a recupera\u00e7\u00e3o das equipes de profissionais \u00e9 fundamental para o restabelecimento da qualidade do atendimento. Se medidas adequadas n\u00e3o forem adotadas, os desafios enfrentados pela aten\u00e7\u00e3o prim\u00e1ria podem tornar-se uma crise ainda mais profunda, cujos efeitos podem ressoar por muito tempo na sa\u00fade p\u00fablica de Belo Horizonte.<\/p>\n\n<div style=\"font-size: 0px; height: 0px; line-height: 0px; margin: 0; padding: 0; clear: both;\"><\/div>","protected":false},"excerpt":{"rendered":"<p>Cortes de profissionais afetam a sa\u00fade em BH e preocupam a popula\u00e7\u00e3o.<\/p>\n","protected":false},"author":1,"featured_media":4105,"comment_status":"closed","ping_status":"closed","sticky":false,"template":"","format":"standard","meta":{"footnotes":""},"categories":[6],"tags":[],"class_list":["post-4106","post","type-post","status-publish","format-standard","has-post-thumbnail","hentry","category-noticias","has_thumb"],"aioseo_notices":[],"aioseo_head":"\n\t\t<!-- All in One SEO 5.0.0.1 - aioseo.com -->\n\t<meta name=\"description\" content=\"Cortes de profissionais afetam a sa\u00fade em BH e preocupam a popula\u00e7\u00e3o.\" \/>\n\t<meta name=\"robots\" content=\"max-image-preview:large\" \/>\n\t<meta name=\"author\" content=\"Encontra Belo Horizonte\"\/>\n\t<link rel=\"canonical\" href=\"https:\/\/www.encontrabelohorizonte.com.br\/sobre\/corte-de-profissionais-impacta-servicos-de-saude-em-bh\/\" \/>\n\t<meta name=\"generator\" content=\"All in One SEO (AIOSEO) 5.0.0.1\" \/>\n\t\t<meta property=\"og:locale\" content=\"pt_BR\" \/>\n\t\t<meta property=\"og:site_name\" content=\"Encontra Belo Horizonte | Not\u00edcias, eventos, informa\u00e7\u00f5es e dicas da cidade de Belo Horizonte e regi\u00e3o\" \/>\n\t\t<meta property=\"og:type\" content=\"article\" \/>\n\t\t<meta property=\"og:title\" content=\"Corte de profissionais impacta servi\u00e7os de sa\u00fade em BH | Encontra Belo Horizonte\" \/>\n\t\t<meta property=\"og:description\" content=\"Cortes de profissionais afetam a sa\u00fade em BH e preocupam a popula\u00e7\u00e3o.\" \/>\n\t\t<meta property=\"og:url\" content=\"https:\/\/www.encontrabelohorizonte.com.br\/sobre\/corte-de-profissionais-impacta-servicos-de-saude-em-bh\/\" \/>\n\t\t<meta property=\"article:published_time\" content=\"2026-06-05T08:19:31+00:00\" \/>\n\t\t<meta property=\"article:modified_time\" content=\"2026-06-05T08:19:31+00:00\" \/>\n\t\t<meta name=\"twitter:card\" content=\"summary\" \/>\n\t\t<meta name=\"twitter:title\" content=\"Corte de profissionais impacta servi\u00e7os de sa\u00fade em BH | Encontra Belo Horizonte\" \/>\n\t\t<meta name=\"twitter:description\" content=\"Cortes de profissionais afetam a sa\u00fade em BH e preocupam a popula\u00e7\u00e3o.\" \/>\n\t\t<script type=\"application\/ld+json\" class=\"aioseo-schema\">\n\t\t\t{\"@context\":\"https:\\\/\\\/schema.org\",\"@graph\":[{\"@type\":\"Article\",\"@id\":\"https:\\\/\\\/www.encontrabelohorizonte.com.br\\\/sobre\\\/corte-de-profissionais-impacta-servicos-de-saude-em-bh\\\/#article\",\"name\":\"Corte de profissionais impacta servi\\u00e7os de sa\\u00fade em BH | Encontra Belo Horizonte\",\"headline\":\"Corte de profissionais impacta servi\\u00e7os de sa\\u00fade em BH\",\"author\":{\"@id\":\"https:\\\/\\\/www.encontrabelohorizonte.com.br\\\/sobre\\\/author\\\/ebelohorizonte\\\/#author\"},\"publisher\":{\"@id\":\"https:\\\/\\\/www.encontrabelohorizonte.com.br\\\/sobre\\\/#organization\"},\"image\":{\"@type\":\"ImageObject\",\"url\":\"https:\\\/\\\/www.encontrabelohorizonte.com.br\\\/sobre\\\/wp-content\\\/uploads\\\/corte-de-profissionais-impacta-servicos-de-saude-em-bh.webp\",\"width\":280,\"height\":280,\"caption\":\"cortes de profissionais\"},\"datePublished\":\"2026-06-05T05:19:31-03:00\",\"dateModified\":\"2026-06-05T05:19:31-03:00\",\"inLanguage\":\"pt-BR\",\"mainEntityOfPage\":{\"@id\":\"https:\\\/\\\/www.encontrabelohorizonte.com.br\\\/sobre\\\/corte-de-profissionais-impacta-servicos-de-saude-em-bh\\\/#webpage\"},\"isPartOf\":{\"@id\":\"https:\\\/\\\/www.encontrabelohorizonte.com.br\\\/sobre\\\/corte-de-profissionais-impacta-servicos-de-saude-em-bh\\\/#webpage\"},\"articleSection\":\"Not\\u00edcias Belo Horizonte\"},{\"@type\":\"BreadcrumbList\",\"@id\":\"https:\\\/\\\/www.encontrabelohorizonte.com.br\\\/sobre\\\/corte-de-profissionais-impacta-servicos-de-saude-em-bh\\\/#breadcrumblist\",\"itemListElement\":[{\"@type\":\"ListItem\",\"@id\":\"https:\\\/\\\/www.encontrabelohorizonte.com.br\\\/sobre#listItem\",\"position\":1,\"name\":\"In\\u00edcio\",\"item\":\"https:\\\/\\\/www.encontrabelohorizonte.com.br\\\/sobre\",\"nextItem\":{\"@type\":\"ListItem\",\"@id\":\"https:\\\/\\\/www.encontrabelohorizonte.com.br\\\/sobre\\\/noticias\\\/#listItem\",\"name\":\"Not\\u00edcias Belo Horizonte\"}},{\"@type\":\"ListItem\",\"@id\":\"https:\\\/\\\/www.encontrabelohorizonte.com.br\\\/sobre\\\/noticias\\\/#listItem\",\"position\":2,\"name\":\"Not\\u00edcias Belo Horizonte\",\"item\":\"https:\\\/\\\/www.encontrabelohorizonte.com.br\\\/sobre\\\/noticias\\\/\",\"nextItem\":{\"@type\":\"ListItem\",\"@id\":\"https:\\\/\\\/www.encontrabelohorizonte.com.br\\\/sobre\\\/corte-de-profissionais-impacta-servicos-de-saude-em-bh\\\/#listItem\",\"name\":\"Corte de profissionais impacta servi\\u00e7os de sa\\u00fade em BH\"},\"previousItem\":{\"@type\":\"ListItem\",\"@id\":\"https:\\\/\\\/www.encontrabelohorizonte.com.br\\\/sobre#listItem\",\"name\":\"In\\u00edcio\"}},{\"@type\":\"ListItem\",\"@id\":\"https:\\\/\\\/www.encontrabelohorizonte.com.br\\\/sobre\\\/corte-de-profissionais-impacta-servicos-de-saude-em-bh\\\/#listItem\",\"position\":3,\"name\":\"Corte de profissionais impacta servi\\u00e7os de sa\\u00fade em BH\",\"previousItem\":{\"@type\":\"ListItem\",\"@id\":\"https:\\\/\\\/www.encontrabelohorizonte.com.br\\\/sobre\\\/noticias\\\/#listItem\",\"name\":\"Not\\u00edcias Belo Horizonte\"}}]},{\"@type\":\"Organization\",\"@id\":\"https:\\\/\\\/www.encontrabelohorizonte.com.br\\\/sobre\\\/#organization\",\"name\":\"Encontra Belo Horizonte\",\"description\":\"Not\\u00edcias, eventos, informa\\u00e7\\u00f5es e dicas da cidade de Belo Horizonte e regi\\u00e3o\",\"url\":\"https:\\\/\\\/www.encontrabelohorizonte.com.br\\\/sobre\\\/\"},{\"@type\":\"Person\",\"@id\":\"https:\\\/\\\/www.encontrabelohorizonte.com.br\\\/sobre\\\/author\\\/ebelohorizonte\\\/#author\",\"url\":\"https:\\\/\\\/www.encontrabelohorizonte.com.br\\\/sobre\\\/author\\\/ebelohorizonte\\\/\",\"name\":\"Encontra Belo Horizonte\",\"image\":{\"@type\":\"ImageObject\",\"@id\":\"https:\\\/\\\/www.encontrabelohorizonte.com.br\\\/sobre\\\/corte-de-profissionais-impacta-servicos-de-saude-em-bh\\\/#authorImage\",\"url\":\"https:\\\/\\\/secure.gravatar.com\\\/avatar\\\/507340682b8270222e1f208e23198b6ae7e2c6a1033ae84e99bc6bce4f82a387?s=96&d=mm&r=g\",\"width\":96,\"height\":96,\"caption\":\"Encontra Belo Horizonte\"}},{\"@type\":\"WebPage\",\"@id\":\"https:\\\/\\\/www.encontrabelohorizonte.com.br\\\/sobre\\\/corte-de-profissionais-impacta-servicos-de-saude-em-bh\\\/#webpage\",\"url\":\"https:\\\/\\\/www.encontrabelohorizonte.com.br\\\/sobre\\\/corte-de-profissionais-impacta-servicos-de-saude-em-bh\\\/\",\"name\":\"Corte de profissionais impacta servi\\u00e7os de sa\\u00fade em BH | Encontra Belo Horizonte\",\"description\":\"Cortes de profissionais afetam a sa\\u00fade em BH e preocupam a popula\\u00e7\\u00e3o.\",\"inLanguage\":\"pt-BR\",\"isPartOf\":{\"@id\":\"https:\\\/\\\/www.encontrabelohorizonte.com.br\\\/sobre\\\/#website\"},\"breadcrumb\":{\"@id\":\"https:\\\/\\\/www.encontrabelohorizonte.com.br\\\/sobre\\\/corte-de-profissionais-impacta-servicos-de-saude-em-bh\\\/#breadcrumblist\"},\"author\":{\"@id\":\"https:\\\/\\\/www.encontrabelohorizonte.com.br\\\/sobre\\\/author\\\/ebelohorizonte\\\/#author\"},\"creator\":{\"@id\":\"https:\\\/\\\/www.encontrabelohorizonte.com.br\\\/sobre\\\/author\\\/ebelohorizonte\\\/#author\"},\"image\":{\"@type\":\"ImageObject\",\"url\":\"https:\\\/\\\/www.encontrabelohorizonte.com.br\\\/sobre\\\/wp-content\\\/uploads\\\/corte-de-profissionais-impacta-servicos-de-saude-em-bh.webp\",\"@id\":\"https:\\\/\\\/www.encontrabelohorizonte.com.br\\\/sobre\\\/corte-de-profissionais-impacta-servicos-de-saude-em-bh\\\/#mainImage\",\"width\":280,\"height\":280,\"caption\":\"cortes de profissionais\"},\"primaryImageOfPage\":{\"@id\":\"https:\\\/\\\/www.encontrabelohorizonte.com.br\\\/sobre\\\/corte-de-profissionais-impacta-servicos-de-saude-em-bh\\\/#mainImage\"},\"datePublished\":\"2026-06-05T05:19:31-03:00\",\"dateModified\":\"2026-06-05T05:19:31-03:00\"},{\"@type\":\"WebSite\",\"@id\":\"https:\\\/\\\/www.encontrabelohorizonte.com.br\\\/sobre\\\/#website\",\"url\":\"https:\\\/\\\/www.encontrabelohorizonte.com.br\\\/sobre\\\/\",\"name\":\"Encontra Belo Horizonte\",\"description\":\"Not\\u00edcias, eventos, informa\\u00e7\\u00f5es e dicas da cidade de Belo Horizonte e regi\\u00e3o\",\"inLanguage\":\"pt-BR\",\"publisher\":{\"@id\":\"https:\\\/\\\/www.encontrabelohorizonte.com.br\\\/sobre\\\/#organization\"}}]}\n\t\t<\/script>\n\t\t<!-- All in One SEO -->\n\n","aioseo_head_json":{"title":"Corte de profissionais impacta servi\u00e7os de sa\u00fade em BH | Encontra Belo Horizonte","description":"Cortes de profissionais afetam a sa\u00fade em BH e preocupam a popula\u00e7\u00e3o.","canonical_url":"https:\/\/www.encontrabelohorizonte.com.br\/sobre\/corte-de-profissionais-impacta-servicos-de-saude-em-bh\/","robots":"max-image-preview:large","keywords":"","webmasterTools":{"miscellaneous":""},"schema":{"@context":"https:\/\/schema.org","@graph":[{"@type":"Article","@id":"https:\/\/www.encontrabelohorizonte.com.br\/sobre\/corte-de-profissionais-impacta-servicos-de-saude-em-bh\/#article","name":"Corte de profissionais impacta servi\u00e7os de sa\u00fade em BH | Encontra Belo Horizonte","headline":"Corte de profissionais impacta servi\u00e7os de sa\u00fade em BH","author":{"@id":"https:\/\/www.encontrabelohorizonte.com.br\/sobre\/author\/ebelohorizonte\/#author"},"publisher":{"@id":"https:\/\/www.encontrabelohorizonte.com.br\/sobre\/#organization"},"image":{"@type":"ImageObject","url":"https:\/\/www.encontrabelohorizonte.com.br\/sobre\/wp-content\/uploads\/corte-de-profissionais-impacta-servicos-de-saude-em-bh.webp","width":280,"height":280,"caption":"cortes de profissionais"},"datePublished":"2026-06-05T05:19:31-03:00","dateModified":"2026-06-05T05:19:31-03:00","inLanguage":"pt-BR","mainEntityOfPage":{"@id":"https:\/\/www.encontrabelohorizonte.com.br\/sobre\/corte-de-profissionais-impacta-servicos-de-saude-em-bh\/#webpage"},"isPartOf":{"@id":"https:\/\/www.encontrabelohorizonte.com.br\/sobre\/corte-de-profissionais-impacta-servicos-de-saude-em-bh\/#webpage"},"articleSection":"Not\u00edcias Belo Horizonte"},{"@type":"BreadcrumbList","@id":"https:\/\/www.encontrabelohorizonte.com.br\/sobre\/corte-de-profissionais-impacta-servicos-de-saude-em-bh\/#breadcrumblist","itemListElement":[{"@type":"ListItem","@id":"https:\/\/www.encontrabelohorizonte.com.br\/sobre#listItem","position":1,"name":"In\u00edcio","item":"https:\/\/www.encontrabelohorizonte.com.br\/sobre","nextItem":{"@type":"ListItem","@id":"https:\/\/www.encontrabelohorizonte.com.br\/sobre\/noticias\/#listItem","name":"Not\u00edcias Belo Horizonte"}},{"@type":"ListItem","@id":"https:\/\/www.encontrabelohorizonte.com.br\/sobre\/noticias\/#listItem","position":2,"name":"Not\u00edcias Belo Horizonte","item":"https:\/\/www.encontrabelohorizonte.com.br\/sobre\/noticias\/","nextItem":{"@type":"ListItem","@id":"https:\/\/www.encontrabelohorizonte.com.br\/sobre\/corte-de-profissionais-impacta-servicos-de-saude-em-bh\/#listItem","name":"Corte de profissionais impacta servi\u00e7os de sa\u00fade em BH"},"previousItem":{"@type":"ListItem","@id":"https:\/\/www.encontrabelohorizonte.com.br\/sobre#listItem","name":"In\u00edcio"}},{"@type":"ListItem","@id":"https:\/\/www.encontrabelohorizonte.com.br\/sobre\/corte-de-profissionais-impacta-servicos-de-saude-em-bh\/#listItem","position":3,"name":"Corte de profissionais impacta servi\u00e7os de sa\u00fade em BH","previousItem":{"@type":"ListItem","@id":"https:\/\/www.encontrabelohorizonte.com.br\/sobre\/noticias\/#listItem","name":"Not\u00edcias Belo Horizonte"}}]},{"@type":"Organization","@id":"https:\/\/www.encontrabelohorizonte.com.br\/sobre\/#organization","name":"Encontra Belo Horizonte","description":"Not\u00edcias, eventos, informa\u00e7\u00f5es e dicas da cidade de Belo Horizonte e regi\u00e3o","url":"https:\/\/www.encontrabelohorizonte.com.br\/sobre\/"},{"@type":"Person","@id":"https:\/\/www.encontrabelohorizonte.com.br\/sobre\/author\/ebelohorizonte\/#author","url":"https:\/\/www.encontrabelohorizonte.com.br\/sobre\/author\/ebelohorizonte\/","name":"Encontra Belo Horizonte","image":{"@type":"ImageObject","@id":"https:\/\/www.encontrabelohorizonte.com.br\/sobre\/corte-de-profissionais-impacta-servicos-de-saude-em-bh\/#authorImage","url":"https:\/\/secure.gravatar.com\/avatar\/507340682b8270222e1f208e23198b6ae7e2c6a1033ae84e99bc6bce4f82a387?s=96&d=mm&r=g","width":96,"height":96,"caption":"Encontra Belo Horizonte"}},{"@type":"WebPage","@id":"https:\/\/www.encontrabelohorizonte.com.br\/sobre\/corte-de-profissionais-impacta-servicos-de-saude-em-bh\/#webpage","url":"https:\/\/www.encontrabelohorizonte.com.br\/sobre\/corte-de-profissionais-impacta-servicos-de-saude-em-bh\/","name":"Corte de profissionais impacta servi\u00e7os de sa\u00fade em BH | Encontra Belo Horizonte","description":"Cortes de profissionais afetam a sa\u00fade em BH e preocupam a popula\u00e7\u00e3o.","inLanguage":"pt-BR","isPartOf":{"@id":"https:\/\/www.encontrabelohorizonte.com.br\/sobre\/#website"},"breadcrumb":{"@id":"https:\/\/www.encontrabelohorizonte.com.br\/sobre\/corte-de-profissionais-impacta-servicos-de-saude-em-bh\/#breadcrumblist"},"author":{"@id":"https:\/\/www.encontrabelohorizonte.com.br\/sobre\/author\/ebelohorizonte\/#author"},"creator":{"@id":"https:\/\/www.encontrabelohorizonte.com.br\/sobre\/author\/ebelohorizonte\/#author"},"image":{"@type":"ImageObject","url":"https:\/\/www.encontrabelohorizonte.com.br\/sobre\/wp-content\/uploads\/corte-de-profissionais-impacta-servicos-de-saude-em-bh.webp","@id":"https:\/\/www.encontrabelohorizonte.com.br\/sobre\/corte-de-profissionais-impacta-servicos-de-saude-em-bh\/#mainImage","width":280,"height":280,"caption":"cortes de profissionais"},"primaryImageOfPage":{"@id":"https:\/\/www.encontrabelohorizonte.com.br\/sobre\/corte-de-profissionais-impacta-servicos-de-saude-em-bh\/#mainImage"},"datePublished":"2026-06-05T05:19:31-03:00","dateModified":"2026-06-05T05:19:31-03:00"},{"@type":"WebSite","@id":"https:\/\/www.encontrabelohorizonte.com.br\/sobre\/#website","url":"https:\/\/www.encontrabelohorizonte.com.br\/sobre\/","name":"Encontra Belo Horizonte","description":"Not\u00edcias, eventos, informa\u00e7\u00f5es e dicas da cidade de Belo Horizonte e regi\u00e3o","inLanguage":"pt-BR","publisher":{"@id":"https:\/\/www.encontrabelohorizonte.com.br\/sobre\/#organization"}}]},"og:locale":"pt_BR","og:site_name":"Encontra Belo Horizonte | Not\u00edcias, eventos, informa\u00e7\u00f5es e dicas da cidade de Belo Horizonte e regi\u00e3o","og:type":"article","og:title":"Corte de profissionais impacta servi\u00e7os de sa\u00fade em BH | Encontra Belo Horizonte","og:description":"Cortes de profissionais afetam a sa\u00fade em BH e preocupam a popula\u00e7\u00e3o.","og:url":"https:\/\/www.encontrabelohorizonte.com.br\/sobre\/corte-de-profissionais-impacta-servicos-de-saude-em-bh\/","article:published_time":"2026-06-05T08:19:31+00:00","article:modified_time":"2026-06-05T08:19:31+00:00","twitter:card":"summary","twitter:title":"Corte de profissionais impacta servi\u00e7os de sa\u00fade em BH | Encontra Belo Horizonte","twitter:description":"Cortes de profissionais afetam a sa\u00fade em BH e preocupam a popula\u00e7\u00e3o."},"aioseo_meta_data":{"post_id":"4106","title":null,"description":null,"keywords":null,"keyphrases":null,"primary_term":null,"canonical_url":null,"og_title":null,"og_description":null,"og_object_type":"default","og_image_type":"default","og_image_url":null,"og_image_width":null,"og_image_height":null,"og_image_custom_url":null,"og_image_custom_fields":null,"og_video":null,"og_custom_url":null,"og_article_section":null,"og_article_tags":null,"twitter_use_og":false,"twitter_card":"default","twitter_image_type":"default","twitter_image_url":null,"twitter_image_custom_url":null,"twitter_image_custom_fields":null,"twitter_title":null,"twitter_description":null,"schema":{"blockGraphs":[],"customGraphs":[],"default":{"data":{"Article":[],"Course":[],"Dataset":[],"FAQPage":[],"Movie":[],"Person":[],"Product":[],"ProductReview":[],"Car":[],"Recipe":[],"Service":[],"SoftwareApplication":[],"WebPage":[]},"graphName":"Article","isEnabled":true},"graphs":[]},"schema_type":"default","schema_type_options":null,"pillar_content":false,"robots_default":true,"robots_noindex":false,"robots_noarchive":false,"robots_nosnippet":false,"robots_nofollow":false,"robots_noimageindex":false,"robots_noodp":false,"robots_notranslate":false,"robots_max_snippet":null,"robots_max_videopreview":null,"robots_max_imagepreview":"large","priority":null,"frequency":null,"local_seo":null,"breadcrumb_settings":null,"limit_modified_date":false,"ai":null,"created":"2026-06-05 08:19:35","updated":"2026-06-05 08:43:54","focus_keyword":null,"additional_keywords":null,"truseo_locale":null,"seo_analyzer_scan_date":null},"aioseo_breadcrumb":"<div class=\"aioseo-breadcrumbs\"><span class=\"aioseo-breadcrumb\">\n\t\t\t<a href=\"https:\/\/www.encontrabelohorizonte.com.br\/sobre\" title=\"In\u00edcio\">In\u00edcio<\/a>\n\t\t<\/span><span class=\"aioseo-breadcrumb-separator\">&raquo;<\/span><span class=\"aioseo-breadcrumb\">\n\t\t\t<a href=\"https:\/\/www.encontrabelohorizonte.com.br\/sobre\/noticias\/\" title=\"Not\u00edcias Belo Horizonte\">Not\u00edcias Belo Horizonte<\/a>\n\t\t<\/span><span class=\"aioseo-breadcrumb-separator\">&raquo;<\/span><span class=\"aioseo-breadcrumb\">\n\t\t\tCorte de profissionais impacta servi\u00e7os de sa\u00fade em BH\n\t\t<\/span><\/div>","aioseo_breadcrumb_json":[{"label":"In\u00edcio","link":"https:\/\/www.encontrabelohorizonte.com.br\/sobre"},{"label":"Not\u00edcias Belo Horizonte","link":"https:\/\/www.encontrabelohorizonte.com.br\/sobre\/noticias\/"},{"label":"Corte de profissionais impacta servi\u00e7os de sa\u00fade em BH","link":"https:\/\/www.encontrabelohorizonte.com.br\/sobre\/corte-de-profissionais-impacta-servicos-de-saude-em-bh\/"}],"_links":{"self":[{"href":"https:\/\/www.encontrabelohorizonte.com.br\/sobre\/wp-json\/wp\/v2\/posts\/4106","targetHints":{"allow":["GET"]}}],"collection":[{"href":"https:\/\/www.encontrabelohorizonte.com.br\/sobre\/wp-json\/wp\/v2\/posts"}],"about":[{"href":"https:\/\/www.encontrabelohorizonte.com.br\/sobre\/wp-json\/wp\/v2\/types\/post"}],"author":[{"embeddable":true,"href":"https:\/\/www.encontrabelohorizonte.com.br\/sobre\/wp-json\/wp\/v2\/users\/1"}],"replies":[{"embeddable":true,"href":"https:\/\/www.encontrabelohorizonte.com.br\/sobre\/wp-json\/wp\/v2\/comments?post=4106"}],"version-history":[{"count":0,"href":"https:\/\/www.encontrabelohorizonte.com.br\/sobre\/wp-json\/wp\/v2\/posts\/4106\/revisions"}],"wp:featuredmedia":[{"embeddable":true,"href":"https:\/\/www.encontrabelohorizonte.com.br\/sobre\/wp-json\/wp\/v2\/media\/4105"}],"wp:attachment":[{"href":"https:\/\/www.encontrabelohorizonte.com.br\/sobre\/wp-json\/wp\/v2\/media?parent=4106"}],"wp:term":[{"taxonomy":"category","embeddable":true,"href":"https:\/\/www.encontrabelohorizonte.com.br\/sobre\/wp-json\/wp\/v2\/categories?post=4106"},{"taxonomy":"post_tag","embeddable":true,"href":"https:\/\/www.encontrabelohorizonte.com.br\/sobre\/wp-json\/wp\/v2\/tags?post=4106"}],"curies":[{"name":"wp","href":"https:\/\/api.w.org\/{rel}","templated":true}]}}