{"id":4112,"date":"2026-06-06T05:16:35","date_gmt":"2026-06-06T08:16:35","guid":{"rendered":"https:\/\/www.encontrabelohorizonte.com.br\/sobre\/resgate-historico\/"},"modified":"2026-06-06T05:16:35","modified_gmt":"2026-06-06T08:16:35","slug":"resgate-historico","status":"publish","type":"post","link":"https:\/\/www.encontrabelohorizonte.com.br\/sobre\/resgate-historico\/","title":{"rendered":"Resgate hist\u00f3rico"},"content":{"rendered":"<div class=\"2e083cf0b19e2c11948dc6ac054ba979\" data-index=\"1\" style=\"float: none; margin:0px;\">\n<!-- Anuncio display - global -->\r\n<ins class=\"adsbygoogle\"\r\n     style=\"display:block\"\r\n     data-ad-client=\"ca-pub-8585364105181520\"\r\n     data-ad-slot=\"8789329856\"\r\n     data-ad-format=\"auto\"\r\n     data-full-width-responsive=\"true\"><\/ins>\r\n<script>\r\n     (adsbygoogle = window.adsbygoogle || []).push({});\r\n<\/script>\n<\/div>\n<h2>O Legado do Padre Francisco Martins Dias<\/h2>\n<p>Padre Francisco Martins Dias \u00e9 uma figura central na hist\u00f3ria da Arquidiocese de Belo Horizonte e representa um s\u00edmbolo de resist\u00eancia e contribui\u00e7\u00e3o religiosa durante um per\u00edodo de significativas mudan\u00e7as. Como \u00faltimo vig\u00e1rio do antigo Arraial Curral Del Rei e primeiro sacerdote na nova Belo Horizonte, ele n\u00e3o apenas desempenhou um papel essencial na comunidade religiosa, mas tamb\u00e9m se destacou pelo seu hist\u00f3rico de luta contra o racismo e pela inclus\u00e3o da hist\u00f3ria negra na narrativa da Igreja.<\/p>\n<p>Al\u00e9m de suas fun\u00e7\u00f5es religiosas, o padre Francisco Martins Dias tamb\u00e9m foi o fundador do primeiro jornal da cidade. Este jornal se tornou um importante ve\u00edculo de comunica\u00e7\u00e3o, promovendo informa\u00e7\u00f5es sobre a vida cotidiana e eventos relevantes para a popula\u00e7\u00e3o. Seu trabalho como cronista tamb\u00e9m enriqueceu a maneira como a hist\u00f3ria de Belo Horizonte foi registrada, e sua vis\u00e3o ajudou a moldar a identidade cultural da nova capital.<\/p>\n<h2>A Cerim\u00f4nia de Homenagem<\/h2>\n<p>Na cerim\u00f4nia de homenagem realizada em 27 de maio de 2026, a Arquidiocese de Belo Horizonte fez um gesto simb\u00f3lico ao colocar o retrato do padre Francisco na galeria de p\u00e1rocos do Santu\u00e1rio Arquidiocesano da Sant\u00edssima Eucaristia, localizado na Par\u00f3quia Nossa Senhora da Boa Viagem. Este evento n\u00e3o apenas homenageou o legado do padre, mas tamb\u00e9m marcou um momento importante de reconhecimento hist\u00f3rico e repara\u00e7\u00e3o racial.<\/p>\n<p><img decoding=\"async\" src=\"https:\/\/www.encontrabelohorizonte.com.br\/sobre\/wp-content\/uploads\/resgate-historico.webp\" alt=\"resgate hist\u00f3rico\" loading=\"lazy\" \/><\/p>\n<p>O bispo auxiliar dom Edmar Jos\u00e9 da Silva, o reitor do Santu\u00e1rio, padre Jos\u00e9 C\u00edcero Marques Junior, e o padre Mauro Luiz da Silva estiveram presentes, mostrando a import\u00e2ncia do ato para a comunidade. Integrantes da Guarda de Congo Nossa Senhora do Ros\u00e1rio e da Pastoral Afro-brasileira tamb\u00e9m participaram, simbolizando a uni\u00e3o e a diversidade da f\u00e9 na Arquidiocese.<\/p>\n<h2>Import\u00e2ncia do Reconhecimento Hist\u00f3rico<\/h2>\n<p>O reconhecimento do trabalho e da hist\u00f3ria do padre Francisco Martins Dias \u00e9 vital para corrigir omiss\u00f5es hist\u00f3ricas que muitas vezes marginalizam a contribui\u00e7\u00e3o de figuras negras na hist\u00f3ria da Igreja e da sociedade. O padre Mauro Luiz da Silva, respons\u00e1vel pelo projeto NegriCidade, destacou que a coloca\u00e7\u00e3o do retrato \u00e9 um esfor\u00e7o de justi\u00e7a que dialoga com quest\u00f5es contempor\u00e2neas de mem\u00f3ria e identidade.<\/p>\n<p>Esse reconhecimento vai al\u00e9m de uma simples homenagem; trata-se de uma repara\u00e7\u00e3o que contribui para um relato mais completo e justo da hist\u00f3ria da Arquidiocese e de Belo Horizonte. O ato reflete uma preocupa\u00e7\u00e3o com a representa\u00e7\u00e3o, promovendo uma reflex\u00e3o sobre o papel da Igreja na valoriza\u00e7\u00e3o de todas as suas comunidades.<\/p>\n<h2>Impacto Cultural na Comunidade<\/h2>\n<p>A inclus\u00e3o do padre Francisco na galeria de p\u00e1rocos \u00e9 um marco que reitera a import\u00e2ncia da cultura afro-brasileira dentro do contexto religioso. A memorializa\u00e7\u00e3o de l\u00edderes afrodescendentes n\u00e3o apenas honra sua mem\u00f3ria, mas tamb\u00e9m inspira gera\u00e7\u00f5es futuras a reconhecer suas ra\u00edzes e o impacto de sua hist\u00f3ria.<\/p>\n<p>As tradi\u00e7\u00f5es afro-brasileiras t\u00eam uma rica intersec\u00e7\u00e3o com o catolicismo, e a presen\u00e7a de figuras como o padre Francisco refor\u00e7a essa conex\u00e3o. Sua narrativa e sua trajet\u00f3ria de vida se tornam far\u00f3is para a comunidade, fomentando a autovaloriza\u00e7\u00e3o e a identidade entre os membros da Igreja.<\/p>\n<h2>A Luta por Mem\u00f3ria e Justi\u00e7a<\/h2>\n<p>A luta por mem\u00f3ria e justi\u00e7a \u00e9 uma constante em muitos aspectos da sociedade, e a Igreja n\u00e3o est\u00e1 isenta desse desafio. O reconhecimento do legado do padre Francisco \u00e9 parte de um movimento mais amplo que busca dar voz \u00e0queles que foram historicamente silenciados. Ao resgatar essas hist\u00f3rias, a Igreja reafirma seu compromisso com a justi\u00e7a social e a equidade.<\/p>\n<p>A narrativa do padre Francisco Martins Dias \u00e9 emblem\u00e1tica da resist\u00eancia e da for\u00e7a de vontade da popula\u00e7\u00e3o negra. Seu legado continua a inspirar a\u00e7\u00f5es que promovem a inclus\u00e3o e a justi\u00e7a racial, ajudando a moldar uma sociedade mais justa e igualit\u00e1ria.<\/p>\n<h2>O Papel da Igreja na Educa\u00e7\u00e3o e Mem\u00f3ria<\/h2>\n<p>A Igreja tem um papel fundamental na educa\u00e7\u00e3o e na transmiss\u00e3o da mem\u00f3ria. As iniciativas que valorizam a hist\u00f3ria e a cultura afro-brasileira s\u00e3o essenciais para criar um ambiente mais inclusivo dentro da comunidade. O reconhecimento das contribui\u00e7\u00f5es de padres como Francisco Martins Dias deve ser parte de um esfor\u00e7o cont\u00ednuo de educa\u00e7\u00e3o e sensibiliza\u00e7\u00e3o.<\/p>\n<p>Programas educativos que abordem a hist\u00f3ria negra e a intersec\u00e7\u00e3o com a f\u00e9 cat\u00f3lica s\u00e3o essenciais para cultivar uma consci\u00eancia cr\u00edtica entre os fi\u00e9is. Por meio da promo\u00e7\u00e3o de debates e discuss\u00f5es, a Igreja pode facilitar a valoriza\u00e7\u00e3o da diversidade e a constru\u00e7\u00e3o de um legado mais inclusivo.<\/p>\n<h2>A Hist\u00f3ria de Belo Horizonte em Perspectiva<\/h2>\n<p>A hist\u00f3ria de Belo Horizonte \u00e9 marcada por transforma\u00e7\u00f5es significativas, e o papel do padre Francisco Martins Dias \u00e9 uma parte essencial desse relato. A cidade, que foi planejada e constru\u00edda com a ideia de ser moderna e inovadora, tamb\u00e9m carrega a heran\u00e7a de seus habitantes, incluindo aqueles que contribu\u00edram para sua forma\u00e7\u00e3o de maneira invisibilizada na narrativa oficial.<\/p>\n<p>Reconhecer figuras hist\u00f3ricas como o padre Francisco \u00e9 uma maneira de resgatar a pluralidade da hist\u00f3ria de Belo Horizonte. Isso permite que novas gera\u00e7\u00f5es compreendam a riqueza cultural da cidade e o importante papel que cada grupo social desempenhou na constru\u00e7\u00e3o dessa identidade.<\/p>\n<h2>Reflex\u00f5es sobre Identidade e Equidade<\/h2>\n<p>As hist\u00f3rias contadas a partir de diferentes perspectivas enriquecem o entendimento sobre a identidade coletiva. A Arquidiocese, ao realizar homenagem ao padre Francisco, abre espa\u00e7o para que hist\u00f3rias muitas vezes relegadas ao sil\u00eancio possam ser contadas e reconhecidas. Isso n\u00e3o apenas promove um entendimento mais profundo sobre a diversidade dentro da Igreja, mas tamb\u00e9m refor\u00e7a a ideia de que todos t\u00eam um papel na hist\u00f3ria.<\/p>\n<p>Refletir sobre identidade e equidade \u00e9 essencial no contexto atual, onde os di\u00e1logos sobre inclus\u00e3o est\u00e3o mais evidentes. A Arquidiocese se coloca como um agente de mudan\u00e7a, empenhando-se em rever suas narrativas e abrindo espa\u00e7o para a valoriza\u00e7\u00e3o de todas as contribui\u00e7\u00f5es.<\/p>\n<h2>Iniciativas que Valorizam as Popula\u00e7\u00f5es Negras<\/h2>\n<p>In\u00fameras iniciativas t\u00eam emergido para dar visibilidade \u00e0s contribui\u00e7\u00f5es das popula\u00e7\u00f5es negras na sociedade e na Igreja. A cria\u00e7\u00e3o de projetos e programas que promovam a cultura afro-brasileira s\u00e3o passos importantes para essa valoriza\u00e7\u00e3o. Hist\u00f3rica e culturalmente, essas a\u00e7\u00f5es n\u00e3o apenas celebram a contribui\u00e7\u00e3o negra, mas tamb\u00e9m trabalham para reparar injusti\u00e7as passadas.<\/p>\n<p>O projeto NegriCidade \u00e9 um excelente exemplo de como \u00e9 poss\u00edvel promover a valoriza\u00e7\u00e3o da cultura negra. Este projeto j\u00e1 se tornou um modelo para outros, mostrando que \u00e9 vi\u00e1vel incorporar narrativas afro-brasileiras na hist\u00f3ria da Igreja e da sociedade em geral.<\/p>\n<h2>Como a Mem\u00f3ria Pode Influenciar o Futuro<\/h2>\n<p>A mem\u00f3ria desempenha um papel crucial na forma\u00e7\u00e3o de identidades e na constru\u00e7\u00e3o do futuro. Ao reconhecer e celebrar o legado do padre Francisco Martins Dias, a Arquidiocese n\u00e3o s\u00f3 honra o passado, mas tamb\u00e9m investe em um futuro onde a diversidade e a inclus\u00e3o sejam centrais.<\/p>\n<p>A maneira como lidamos com a mem\u00f3ria influencia diretamente as gera\u00e7\u00f5es futuras, e \u00e9 uma oportunidade de construir uma sociedade mais justa. Envolver-se com a hist\u00f3ria \u00e9 um passo fundamental para garantir que a luta por equidade continue a ser uma prioridade.<\/p>\n<p>Reconhecer figuras hist\u00f3ricas que representam essa luta e incorpor\u00e1-las \u00e0s narrativas \u00e9 vital para o progresso social. O futuro da Igreja e da sociedade depende de nossa capacidade de aprender com o passado e de garantir que todas as vozes sejam ouvidas e valorizadas.<\/p>\n\n<div style=\"font-size: 0px; height: 0px; line-height: 0px; margin: 0; padding: 0; clear: both;\"><\/div>","protected":false},"excerpt":{"rendered":"<p>Resgate hist\u00f3rico da Arquidiocese de Belo Horizonte celebra o primeiro vig\u00e1rio da capital mineira.<\/p>\n","protected":false},"author":1,"featured_media":4111,"comment_status":"closed","ping_status":"closed","sticky":false,"template":"","format":"standard","meta":{"footnotes":""},"categories":[6],"tags":[],"class_list":["post-4112","post","type-post","status-publish","format-standard","has-post-thumbnail","hentry","category-noticias","has_thumb"],"aioseo_notices":[],"aioseo_head":"\n\t\t<!-- All in One SEO 5.0.0.1 - aioseo.com -->\n\t<meta name=\"description\" content=\"Resgate hist\u00f3rico da Arquidiocese de Belo Horizonte celebra o primeiro vig\u00e1rio da capital mineira.\" \/>\n\t<meta name=\"robots\" content=\"max-image-preview:large\" \/>\n\t<meta name=\"author\" content=\"Encontra Belo Horizonte\"\/>\n\t<link rel=\"canonical\" href=\"https:\/\/www.encontrabelohorizonte.com.br\/sobre\/resgate-historico\/\" \/>\n\t<meta name=\"generator\" content=\"All in One SEO (AIOSEO) 5.0.0.1\" \/>\n\t\t<meta property=\"og:locale\" content=\"pt_BR\" \/>\n\t\t<meta property=\"og:site_name\" content=\"Encontra Belo Horizonte | Not\u00edcias, eventos, informa\u00e7\u00f5es e dicas da cidade de Belo Horizonte e regi\u00e3o\" \/>\n\t\t<meta property=\"og:type\" content=\"article\" \/>\n\t\t<meta property=\"og:title\" content=\"Resgate hist\u00f3rico | Encontra Belo Horizonte\" \/>\n\t\t<meta property=\"og:description\" content=\"Resgate hist\u00f3rico da Arquidiocese de Belo Horizonte celebra o primeiro vig\u00e1rio da capital mineira.\" \/>\n\t\t<meta property=\"og:url\" content=\"https:\/\/www.encontrabelohorizonte.com.br\/sobre\/resgate-historico\/\" \/>\n\t\t<meta property=\"article:published_time\" content=\"2026-06-06T08:16:35+00:00\" \/>\n\t\t<meta property=\"article:modified_time\" content=\"2026-06-06T08:16:35+00:00\" \/>\n\t\t<meta name=\"twitter:card\" content=\"summary\" \/>\n\t\t<meta name=\"twitter:title\" content=\"Resgate hist\u00f3rico | Encontra Belo Horizonte\" \/>\n\t\t<meta name=\"twitter:description\" content=\"Resgate hist\u00f3rico da Arquidiocese de Belo Horizonte celebra o primeiro vig\u00e1rio da capital mineira.\" \/>\n\t\t<script type=\"application\/ld+json\" class=\"aioseo-schema\">\n\t\t\t{\"@context\":\"https:\\\/\\\/schema.org\",\"@graph\":[{\"@type\":\"Article\",\"@id\":\"https:\\\/\\\/www.encontrabelohorizonte.com.br\\\/sobre\\\/resgate-historico\\\/#article\",\"name\":\"Resgate hist\\u00f3rico | Encontra Belo Horizonte\",\"headline\":\"Resgate hist\\u00f3rico\",\"author\":{\"@id\":\"https:\\\/\\\/www.encontrabelohorizonte.com.br\\\/sobre\\\/author\\\/ebelohorizonte\\\/#author\"},\"publisher\":{\"@id\":\"https:\\\/\\\/www.encontrabelohorizonte.com.br\\\/sobre\\\/#organization\"},\"image\":{\"@type\":\"ImageObject\",\"url\":\"https:\\\/\\\/www.encontrabelohorizonte.com.br\\\/sobre\\\/wp-content\\\/uploads\\\/resgate-historico.webp\",\"width\":280,\"height\":280,\"caption\":\"resgate hist\\u00f3rico\"},\"datePublished\":\"2026-06-06T05:16:35-03:00\",\"dateModified\":\"2026-06-06T05:16:35-03:00\",\"inLanguage\":\"pt-BR\",\"mainEntityOfPage\":{\"@id\":\"https:\\\/\\\/www.encontrabelohorizonte.com.br\\\/sobre\\\/resgate-historico\\\/#webpage\"},\"isPartOf\":{\"@id\":\"https:\\\/\\\/www.encontrabelohorizonte.com.br\\\/sobre\\\/resgate-historico\\\/#webpage\"},\"articleSection\":\"Not\\u00edcias Belo Horizonte\"},{\"@type\":\"BreadcrumbList\",\"@id\":\"https:\\\/\\\/www.encontrabelohorizonte.com.br\\\/sobre\\\/resgate-historico\\\/#breadcrumblist\",\"itemListElement\":[{\"@type\":\"ListItem\",\"@id\":\"https:\\\/\\\/www.encontrabelohorizonte.com.br\\\/sobre#listItem\",\"position\":1,\"name\":\"In\\u00edcio\",\"item\":\"https:\\\/\\\/www.encontrabelohorizonte.com.br\\\/sobre\",\"nextItem\":{\"@type\":\"ListItem\",\"@id\":\"https:\\\/\\\/www.encontrabelohorizonte.com.br\\\/sobre\\\/noticias\\\/#listItem\",\"name\":\"Not\\u00edcias Belo Horizonte\"}},{\"@type\":\"ListItem\",\"@id\":\"https:\\\/\\\/www.encontrabelohorizonte.com.br\\\/sobre\\\/noticias\\\/#listItem\",\"position\":2,\"name\":\"Not\\u00edcias Belo Horizonte\",\"item\":\"https:\\\/\\\/www.encontrabelohorizonte.com.br\\\/sobre\\\/noticias\\\/\",\"nextItem\":{\"@type\":\"ListItem\",\"@id\":\"https:\\\/\\\/www.encontrabelohorizonte.com.br\\\/sobre\\\/resgate-historico\\\/#listItem\",\"name\":\"Resgate hist\\u00f3rico\"},\"previousItem\":{\"@type\":\"ListItem\",\"@id\":\"https:\\\/\\\/www.encontrabelohorizonte.com.br\\\/sobre#listItem\",\"name\":\"In\\u00edcio\"}},{\"@type\":\"ListItem\",\"@id\":\"https:\\\/\\\/www.encontrabelohorizonte.com.br\\\/sobre\\\/resgate-historico\\\/#listItem\",\"position\":3,\"name\":\"Resgate hist\\u00f3rico\",\"previousItem\":{\"@type\":\"ListItem\",\"@id\":\"https:\\\/\\\/www.encontrabelohorizonte.com.br\\\/sobre\\\/noticias\\\/#listItem\",\"name\":\"Not\\u00edcias Belo Horizonte\"}}]},{\"@type\":\"Organization\",\"@id\":\"https:\\\/\\\/www.encontrabelohorizonte.com.br\\\/sobre\\\/#organization\",\"name\":\"Encontra Belo Horizonte\",\"description\":\"Not\\u00edcias, eventos, informa\\u00e7\\u00f5es e dicas da cidade de Belo Horizonte e regi\\u00e3o\",\"url\":\"https:\\\/\\\/www.encontrabelohorizonte.com.br\\\/sobre\\\/\"},{\"@type\":\"Person\",\"@id\":\"https:\\\/\\\/www.encontrabelohorizonte.com.br\\\/sobre\\\/author\\\/ebelohorizonte\\\/#author\",\"url\":\"https:\\\/\\\/www.encontrabelohorizonte.com.br\\\/sobre\\\/author\\\/ebelohorizonte\\\/\",\"name\":\"Encontra Belo Horizonte\",\"image\":{\"@type\":\"ImageObject\",\"@id\":\"https:\\\/\\\/www.encontrabelohorizonte.com.br\\\/sobre\\\/resgate-historico\\\/#authorImage\",\"url\":\"https:\\\/\\\/secure.gravatar.com\\\/avatar\\\/507340682b8270222e1f208e23198b6ae7e2c6a1033ae84e99bc6bce4f82a387?s=96&d=mm&r=g\",\"width\":96,\"height\":96,\"caption\":\"Encontra Belo Horizonte\"}},{\"@type\":\"WebPage\",\"@id\":\"https:\\\/\\\/www.encontrabelohorizonte.com.br\\\/sobre\\\/resgate-historico\\\/#webpage\",\"url\":\"https:\\\/\\\/www.encontrabelohorizonte.com.br\\\/sobre\\\/resgate-historico\\\/\",\"name\":\"Resgate hist\\u00f3rico | Encontra Belo Horizonte\",\"description\":\"Resgate hist\\u00f3rico da Arquidiocese de Belo Horizonte celebra o primeiro vig\\u00e1rio da capital mineira.\",\"inLanguage\":\"pt-BR\",\"isPartOf\":{\"@id\":\"https:\\\/\\\/www.encontrabelohorizonte.com.br\\\/sobre\\\/#website\"},\"breadcrumb\":{\"@id\":\"https:\\\/\\\/www.encontrabelohorizonte.com.br\\\/sobre\\\/resgate-historico\\\/#breadcrumblist\"},\"author\":{\"@id\":\"https:\\\/\\\/www.encontrabelohorizonte.com.br\\\/sobre\\\/author\\\/ebelohorizonte\\\/#author\"},\"creator\":{\"@id\":\"https:\\\/\\\/www.encontrabelohorizonte.com.br\\\/sobre\\\/author\\\/ebelohorizonte\\\/#author\"},\"image\":{\"@type\":\"ImageObject\",\"url\":\"https:\\\/\\\/www.encontrabelohorizonte.com.br\\\/sobre\\\/wp-content\\\/uploads\\\/resgate-historico.webp\",\"@id\":\"https:\\\/\\\/www.encontrabelohorizonte.com.br\\\/sobre\\\/resgate-historico\\\/#mainImage\",\"width\":280,\"height\":280,\"caption\":\"resgate hist\\u00f3rico\"},\"primaryImageOfPage\":{\"@id\":\"https:\\\/\\\/www.encontrabelohorizonte.com.br\\\/sobre\\\/resgate-historico\\\/#mainImage\"},\"datePublished\":\"2026-06-06T05:16:35-03:00\",\"dateModified\":\"2026-06-06T05:16:35-03:00\"},{\"@type\":\"WebSite\",\"@id\":\"https:\\\/\\\/www.encontrabelohorizonte.com.br\\\/sobre\\\/#website\",\"url\":\"https:\\\/\\\/www.encontrabelohorizonte.com.br\\\/sobre\\\/\",\"name\":\"Encontra Belo Horizonte\",\"description\":\"Not\\u00edcias, eventos, informa\\u00e7\\u00f5es e dicas da cidade de Belo Horizonte e regi\\u00e3o\",\"inLanguage\":\"pt-BR\",\"publisher\":{\"@id\":\"https:\\\/\\\/www.encontrabelohorizonte.com.br\\\/sobre\\\/#organization\"}}]}\n\t\t<\/script>\n\t\t<!-- All in One SEO -->\n\n","aioseo_head_json":{"title":"Resgate hist\u00f3rico | Encontra Belo Horizonte","description":"Resgate hist\u00f3rico da Arquidiocese de Belo Horizonte celebra o primeiro vig\u00e1rio da capital mineira.","canonical_url":"https:\/\/www.encontrabelohorizonte.com.br\/sobre\/resgate-historico\/","robots":"max-image-preview:large","keywords":"","webmasterTools":{"miscellaneous":""},"schema":{"@context":"https:\/\/schema.org","@graph":[{"@type":"Article","@id":"https:\/\/www.encontrabelohorizonte.com.br\/sobre\/resgate-historico\/#article","name":"Resgate hist\u00f3rico | Encontra Belo Horizonte","headline":"Resgate hist\u00f3rico","author":{"@id":"https:\/\/www.encontrabelohorizonte.com.br\/sobre\/author\/ebelohorizonte\/#author"},"publisher":{"@id":"https:\/\/www.encontrabelohorizonte.com.br\/sobre\/#organization"},"image":{"@type":"ImageObject","url":"https:\/\/www.encontrabelohorizonte.com.br\/sobre\/wp-content\/uploads\/resgate-historico.webp","width":280,"height":280,"caption":"resgate hist\u00f3rico"},"datePublished":"2026-06-06T05:16:35-03:00","dateModified":"2026-06-06T05:16:35-03:00","inLanguage":"pt-BR","mainEntityOfPage":{"@id":"https:\/\/www.encontrabelohorizonte.com.br\/sobre\/resgate-historico\/#webpage"},"isPartOf":{"@id":"https:\/\/www.encontrabelohorizonte.com.br\/sobre\/resgate-historico\/#webpage"},"articleSection":"Not\u00edcias Belo Horizonte"},{"@type":"BreadcrumbList","@id":"https:\/\/www.encontrabelohorizonte.com.br\/sobre\/resgate-historico\/#breadcrumblist","itemListElement":[{"@type":"ListItem","@id":"https:\/\/www.encontrabelohorizonte.com.br\/sobre#listItem","position":1,"name":"In\u00edcio","item":"https:\/\/www.encontrabelohorizonte.com.br\/sobre","nextItem":{"@type":"ListItem","@id":"https:\/\/www.encontrabelohorizonte.com.br\/sobre\/noticias\/#listItem","name":"Not\u00edcias Belo Horizonte"}},{"@type":"ListItem","@id":"https:\/\/www.encontrabelohorizonte.com.br\/sobre\/noticias\/#listItem","position":2,"name":"Not\u00edcias Belo Horizonte","item":"https:\/\/www.encontrabelohorizonte.com.br\/sobre\/noticias\/","nextItem":{"@type":"ListItem","@id":"https:\/\/www.encontrabelohorizonte.com.br\/sobre\/resgate-historico\/#listItem","name":"Resgate hist\u00f3rico"},"previousItem":{"@type":"ListItem","@id":"https:\/\/www.encontrabelohorizonte.com.br\/sobre#listItem","name":"In\u00edcio"}},{"@type":"ListItem","@id":"https:\/\/www.encontrabelohorizonte.com.br\/sobre\/resgate-historico\/#listItem","position":3,"name":"Resgate hist\u00f3rico","previousItem":{"@type":"ListItem","@id":"https:\/\/www.encontrabelohorizonte.com.br\/sobre\/noticias\/#listItem","name":"Not\u00edcias Belo Horizonte"}}]},{"@type":"Organization","@id":"https:\/\/www.encontrabelohorizonte.com.br\/sobre\/#organization","name":"Encontra Belo Horizonte","description":"Not\u00edcias, eventos, informa\u00e7\u00f5es e dicas da cidade de Belo Horizonte e regi\u00e3o","url":"https:\/\/www.encontrabelohorizonte.com.br\/sobre\/"},{"@type":"Person","@id":"https:\/\/www.encontrabelohorizonte.com.br\/sobre\/author\/ebelohorizonte\/#author","url":"https:\/\/www.encontrabelohorizonte.com.br\/sobre\/author\/ebelohorizonte\/","name":"Encontra Belo Horizonte","image":{"@type":"ImageObject","@id":"https:\/\/www.encontrabelohorizonte.com.br\/sobre\/resgate-historico\/#authorImage","url":"https:\/\/secure.gravatar.com\/avatar\/507340682b8270222e1f208e23198b6ae7e2c6a1033ae84e99bc6bce4f82a387?s=96&d=mm&r=g","width":96,"height":96,"caption":"Encontra Belo Horizonte"}},{"@type":"WebPage","@id":"https:\/\/www.encontrabelohorizonte.com.br\/sobre\/resgate-historico\/#webpage","url":"https:\/\/www.encontrabelohorizonte.com.br\/sobre\/resgate-historico\/","name":"Resgate hist\u00f3rico | Encontra Belo Horizonte","description":"Resgate hist\u00f3rico da Arquidiocese de Belo Horizonte celebra o primeiro vig\u00e1rio da capital mineira.","inLanguage":"pt-BR","isPartOf":{"@id":"https:\/\/www.encontrabelohorizonte.com.br\/sobre\/#website"},"breadcrumb":{"@id":"https:\/\/www.encontrabelohorizonte.com.br\/sobre\/resgate-historico\/#breadcrumblist"},"author":{"@id":"https:\/\/www.encontrabelohorizonte.com.br\/sobre\/author\/ebelohorizonte\/#author"},"creator":{"@id":"https:\/\/www.encontrabelohorizonte.com.br\/sobre\/author\/ebelohorizonte\/#author"},"image":{"@type":"ImageObject","url":"https:\/\/www.encontrabelohorizonte.com.br\/sobre\/wp-content\/uploads\/resgate-historico.webp","@id":"https:\/\/www.encontrabelohorizonte.com.br\/sobre\/resgate-historico\/#mainImage","width":280,"height":280,"caption":"resgate hist\u00f3rico"},"primaryImageOfPage":{"@id":"https:\/\/www.encontrabelohorizonte.com.br\/sobre\/resgate-historico\/#mainImage"},"datePublished":"2026-06-06T05:16:35-03:00","dateModified":"2026-06-06T05:16:35-03:00"},{"@type":"WebSite","@id":"https:\/\/www.encontrabelohorizonte.com.br\/sobre\/#website","url":"https:\/\/www.encontrabelohorizonte.com.br\/sobre\/","name":"Encontra Belo Horizonte","description":"Not\u00edcias, eventos, informa\u00e7\u00f5es e dicas da cidade de Belo Horizonte e regi\u00e3o","inLanguage":"pt-BR","publisher":{"@id":"https:\/\/www.encontrabelohorizonte.com.br\/sobre\/#organization"}}]},"og:locale":"pt_BR","og:site_name":"Encontra Belo Horizonte | Not\u00edcias, eventos, informa\u00e7\u00f5es e dicas da cidade de Belo Horizonte e regi\u00e3o","og:type":"article","og:title":"Resgate hist\u00f3rico | Encontra Belo Horizonte","og:description":"Resgate hist\u00f3rico da Arquidiocese de Belo Horizonte celebra o primeiro vig\u00e1rio da capital mineira.","og:url":"https:\/\/www.encontrabelohorizonte.com.br\/sobre\/resgate-historico\/","article:published_time":"2026-06-06T08:16:35+00:00","article:modified_time":"2026-06-06T08:16:35+00:00","twitter:card":"summary","twitter:title":"Resgate hist\u00f3rico | Encontra Belo Horizonte","twitter:description":"Resgate hist\u00f3rico da Arquidiocese de Belo Horizonte celebra o primeiro vig\u00e1rio da capital mineira."},"aioseo_meta_data":{"post_id":"4112","title":null,"description":null,"keywords":null,"keyphrases":null,"primary_term":null,"canonical_url":null,"og_title":null,"og_description":null,"og_object_type":"default","og_image_type":"default","og_image_url":null,"og_image_width":null,"og_image_height":null,"og_image_custom_url":null,"og_image_custom_fields":null,"og_video":null,"og_custom_url":null,"og_article_section":null,"og_article_tags":null,"twitter_use_og":false,"twitter_card":"default","twitter_image_type":"default","twitter_image_url":null,"twitter_image_custom_url":null,"twitter_image_custom_fields":null,"twitter_title":null,"twitter_description":null,"schema":{"blockGraphs":[],"customGraphs":[],"default":{"data":{"Article":[],"Course":[],"Dataset":[],"FAQPage":[],"Movie":[],"Person":[],"Product":[],"ProductReview":[],"Car":[],"Recipe":[],"Service":[],"SoftwareApplication":[],"WebPage":[]},"graphName":"Article","isEnabled":true},"graphs":[]},"schema_type":"default","schema_type_options":null,"pillar_content":false,"robots_default":true,"robots_noindex":false,"robots_noarchive":false,"robots_nosnippet":false,"robots_nofollow":false,"robots_noimageindex":false,"robots_noodp":false,"robots_notranslate":false,"robots_max_snippet":null,"robots_max_videopreview":null,"robots_max_imagepreview":"large","priority":null,"frequency":null,"local_seo":null,"breadcrumb_settings":null,"limit_modified_date":false,"ai":null,"created":"2026-06-06 08:16:40","updated":"2026-06-06 08:35:30","focus_keyword":null,"additional_keywords":null,"truseo_locale":null,"seo_analyzer_scan_date":null},"aioseo_breadcrumb":"<div class=\"aioseo-breadcrumbs\"><span class=\"aioseo-breadcrumb\">\n\t\t\t<a href=\"https:\/\/www.encontrabelohorizonte.com.br\/sobre\" title=\"In\u00edcio\">In\u00edcio<\/a>\n\t\t<\/span><span class=\"aioseo-breadcrumb-separator\">&raquo;<\/span><span class=\"aioseo-breadcrumb\">\n\t\t\t<a href=\"https:\/\/www.encontrabelohorizonte.com.br\/sobre\/noticias\/\" title=\"Not\u00edcias Belo Horizonte\">Not\u00edcias Belo Horizonte<\/a>\n\t\t<\/span><span class=\"aioseo-breadcrumb-separator\">&raquo;<\/span><span class=\"aioseo-breadcrumb\">\n\t\t\tResgate hist\u00f3rico\n\t\t<\/span><\/div>","aioseo_breadcrumb_json":[{"label":"In\u00edcio","link":"https:\/\/www.encontrabelohorizonte.com.br\/sobre"},{"label":"Not\u00edcias Belo Horizonte","link":"https:\/\/www.encontrabelohorizonte.com.br\/sobre\/noticias\/"},{"label":"Resgate hist\u00f3rico","link":"https:\/\/www.encontrabelohorizonte.com.br\/sobre\/resgate-historico\/"}],"_links":{"self":[{"href":"https:\/\/www.encontrabelohorizonte.com.br\/sobre\/wp-json\/wp\/v2\/posts\/4112","targetHints":{"allow":["GET"]}}],"collection":[{"href":"https:\/\/www.encontrabelohorizonte.com.br\/sobre\/wp-json\/wp\/v2\/posts"}],"about":[{"href":"https:\/\/www.encontrabelohorizonte.com.br\/sobre\/wp-json\/wp\/v2\/types\/post"}],"author":[{"embeddable":true,"href":"https:\/\/www.encontrabelohorizonte.com.br\/sobre\/wp-json\/wp\/v2\/users\/1"}],"replies":[{"embeddable":true,"href":"https:\/\/www.encontrabelohorizonte.com.br\/sobre\/wp-json\/wp\/v2\/comments?post=4112"}],"version-history":[{"count":0,"href":"https:\/\/www.encontrabelohorizonte.com.br\/sobre\/wp-json\/wp\/v2\/posts\/4112\/revisions"}],"wp:featuredmedia":[{"embeddable":true,"href":"https:\/\/www.encontrabelohorizonte.com.br\/sobre\/wp-json\/wp\/v2\/media\/4111"}],"wp:attachment":[{"href":"https:\/\/www.encontrabelohorizonte.com.br\/sobre\/wp-json\/wp\/v2\/media?parent=4112"}],"wp:term":[{"taxonomy":"category","embeddable":true,"href":"https:\/\/www.encontrabelohorizonte.com.br\/sobre\/wp-json\/wp\/v2\/categories?post=4112"},{"taxonomy":"post_tag","embeddable":true,"href":"https:\/\/www.encontrabelohorizonte.com.br\/sobre\/wp-json\/wp\/v2\/tags?post=4112"}],"curies":[{"name":"wp","href":"https:\/\/api.w.org\/{rel}","templated":true}]}}