{"id":4118,"date":"2026-06-10T05:15:51","date_gmt":"2026-06-10T08:15:51","guid":{"rendered":"https:\/\/www.encontrabelohorizonte.com.br\/sobre\/belo-horizonte-tera-uma-semana-de-ceu-parcialmente-nublado-e-sem-chuvas\/"},"modified":"2026-06-10T05:15:51","modified_gmt":"2026-06-10T08:15:51","slug":"belo-horizonte-tera-uma-semana-de-ceu-parcialmente-nublado-e-sem-chuvas","status":"publish","type":"post","link":"https:\/\/www.encontrabelohorizonte.com.br\/sobre\/belo-horizonte-tera-uma-semana-de-ceu-parcialmente-nublado-e-sem-chuvas\/","title":{"rendered":"Belo Horizonte ter\u00e1 uma semana de c\u00e9u parcialmente nublado e sem chuvas"},"content":{"rendered":"<div class=\"2e083cf0b19e2c11948dc6ac054ba979\" data-index=\"1\" style=\"float: none; margin:0px;\">\n<!-- Anuncio display - global -->\r\n<ins class=\"adsbygoogle\"\r\n     style=\"display:block\"\r\n     data-ad-client=\"ca-pub-8585364105181520\"\r\n     data-ad-slot=\"8789329856\"\r\n     data-ad-format=\"auto\"\r\n     data-full-width-responsive=\"true\"><\/ins>\r\n<script>\r\n     (adsbygoogle = window.adsbygoogle || []).push({});\r\n<\/script>\n<\/div>\n<h2>Sobre a Previs\u00e3o do Tempo em Belo Horizonte<\/h2>\n<p>A cidade de Belo Horizonte, localizada no estado de Minas Gerais, experimentar\u00e1 uma semana caracterizada por um c\u00e9u com intervalos de nuvens e claro, sem a expectativa de chuvas. Este padr\u00e3o atmosf\u00e9rico ser\u00e1 observado de segunda-feira, dia 25, at\u00e9 domingo, dia 31 de maio. As temperaturas durante esse per\u00edodo estar\u00e3o entre m\u00ednimas de 15\u00b0C e m\u00e1ximas de 26\u00b0C, oferecendo um clima ameno e agrad\u00e1vel para a popula\u00e7\u00e3o.<\/p>\n<h2>Temperaturas para os Pr\u00f3ximos Dias<\/h2>\n<p>As temperaturas esperadas para cada dia desta semana variam conforme o quadro abaixo:<\/p>\n<ul>\n<li><strong>Segunda-feira, 25 de maio:<\/strong> M\u00ednima de 18\u00b0C, m\u00e1xima de 26\u00b0C.<\/li>\n<li><strong>Ter\u00e7a-feira, 26 de maio:<\/strong> M\u00ednima de 17\u00b0C, m\u00e1xima de 25\u00b0C.<\/li>\n<li><strong>Quarta-feira, 27 de maio:<\/strong> M\u00ednima de 16\u00b0C, m\u00e1xima de 26\u00b0C.<\/li>\n<li><strong>Quinta-feira, 28 de maio:<\/strong> M\u00ednima de 16\u00b0C, m\u00e1xima de 26\u00b0C.<\/li>\n<li><strong>Sexta-feira, 29 de maio:<\/strong> M\u00ednima de 15\u00b0C, m\u00e1xima de 25\u00b0C.<\/li>\n<li><strong>S\u00e1bado, 30 de maio:<\/strong> M\u00ednima de 15\u00b0C, m\u00e1xima de 26\u00b0C.<\/li>\n<li><strong>Domingo, 31 de maio:<\/strong> M\u00ednima de 15\u00b0C, m\u00e1xima de 25\u00b0C.<\/li>\n<\/ul>\n<h2>Umidade do Ar e Conforto T\u00e9rmico<\/h2>\n<p>A umidade do ar deve variar entre 46% e 55% ao longo da semana, o que pode influenciar a sensa\u00e7\u00e3o t\u00e9rmica percebida pela popula\u00e7\u00e3o. Enquanto a umidade estiver dentro desse intervalo, o conforto t\u00e9rmico ser\u00e1 adequado, contribuindo para um clima agrad\u00e1vel.<\/p>\n<p><img decoding=\"async\" src=\"https:\/\/www.encontrabelohorizonte.com.br\/sobre\/wp-content\/uploads\/belo-horizonte-tera-uma-semana-de-ceu-parcialmente-nublado-e-sem-chuvas.webp\" alt=\"Belo Horizonte c\u00e9u parcialmente nublado\" loading=\"lazy\" \/><\/p>\n<h2>Impactos da Radia\u00e7\u00e3o Ultravioleta<\/h2>\n<p>Os \u00edndices de radia\u00e7\u00e3o ultravioleta (UV) estar\u00e3o mais altos no in\u00edcio da semana, especialmente entre segunda e quinta-feira, com valores acima de 6. Isso exige aten\u00e7\u00e3o especial ao se expor ao sol, principalmente nos hor\u00e1rios de pico, para evitar queimaduras e outros danos \u00e0 pele.<\/p>\n<h2>Atividades Recomendadas Sem Chuva<\/h2>\n<p>A previs\u00e3o de tempo sem chuvas sugere que as pessoas aproveitem para praticar atividades ao ar livre. Algumas sugest\u00f5es incluem:<\/p>\n<ul>\n<li>Realizar caminhadas em parques e \u00e1reas verdes.<\/li>\n<li>Participar de esportes ao ar livre, como corrida ou ciclismo.<\/li>\n<li>Organizar piqueniques em fam\u00edlia ou entre amigos.<\/li>\n<li>Visitar pontos tur\u00edsticos da cidade.<\/li>\n<li>Fazer passeios em pra\u00e7as e cal\u00e7ad\u00f5es.<\/li>\n<\/ul>\n<h2>Observa\u00e7\u00f5es Sobre o Clima<\/h2>\n<p>O clima em Belo Horizonte para a pr\u00f3xima semana se mostram est\u00e1veis, com um c\u00e9u que alterna entre parcialmente nublado e encoberto. Apesar de as temperaturas estarem confort\u00e1veis, os moradores devem manter aten\u00e7\u00e3o aos altos \u00edndices de radia\u00e7\u00e3o UV.<\/p>\n<h2>Hist\u00f3rico do Tempo em Belo Horizonte<\/h2>\n<p>Historicamente, Belo Horizonte apresenta varia\u00e7\u00f5es clim\u00e1ticas significativamente positivas durante o m\u00eas de maio, com temperaturas amenas e um baixo \u00edndice de chuvas, tornando este um per\u00edodo ideal para atividades ao ar livre e eventos na cidade.<\/p>\n<h2>Dicas Para Proteger-se do Sol<\/h2>\n<p>Para garantir a sa\u00fade da pele durante os dias ensolarados, considere as seguintes recomenda\u00e7\u00f5es:<\/p>\n<ul>\n<li>Use protetor solar com um fator de prote\u00e7\u00e3o adequado.<\/li>\n<li>Utilize chap\u00e9us ou bon\u00e9s para se proteger do sol direto.<\/li>\n<li>Vista roupas leves e de manga longa quando poss\u00edvel.<\/li>\n<li>Procure sombra, principalmente entre 10h e 16h.<\/li>\n<li>Beba bastante \u00e1gua para se manter hidratado.<\/li>\n<\/ul>\n<h2>Esperan\u00e7a de Chuva em Junho<\/h2>\n<p>Embora para a semana em quest\u00e3o n\u00e3o haja expectativa de chuva, \u00e9 importante mencionar que geralmente em junho, as possibilidades de precipita\u00e7\u00f5es aumentam. Portanto, a popula\u00e7\u00e3o deve se preparar para poss\u00edveis mudan\u00e7as clim\u00e1ticas que poder\u00e3o ocorrer no pr\u00f3ximo m\u00eas.<\/p>\n<h2>Conclus\u00e3o Sobre o Clima da Semana<\/h2>\n<p>De forma geral, a previs\u00e3o clim\u00e1tica para Belo Horizonte na semana entre 25 e 31 de maio indica temperaturas amenas, umidade relativa do ar moderada e condi\u00e7\u00f5es favor\u00e1veis para atividades externas. A falta de chuvas proporciona uma \u00f3tima oportunidade para os cidad\u00e3os aproveitarem o que a cidade tem de melhor.<\/p>\n\n<div style=\"font-size: 0px; height: 0px; line-height: 0px; margin: 0; padding: 0; clear: both;\"><\/div>","protected":false},"excerpt":{"rendered":"<p>Belo Horizonte ter\u00e1 c\u00e9u parcialmente nublado e temperaturas entre 15\u00b0C e 26\u00b0C durante a semana.<\/p>\n","protected":false},"author":1,"featured_media":4117,"comment_status":"closed","ping_status":"closed","sticky":false,"template":"","format":"standard","meta":{"footnotes":""},"categories":[6],"tags":[],"class_list":["post-4118","post","type-post","status-publish","format-standard","has-post-thumbnail","hentry","category-noticias","has_thumb"],"aioseo_notices":[],"aioseo_head":"\n\t\t<!-- All in One SEO 5.0.0.1 - aioseo.com -->\n\t<meta name=\"description\" content=\"Belo Horizonte ter\u00e1 c\u00e9u parcialmente nublado e temperaturas entre 15\u00b0C e 26\u00b0C durante a semana.\" \/>\n\t<meta name=\"robots\" content=\"max-image-preview:large\" \/>\n\t<meta name=\"author\" content=\"Encontra Belo Horizonte\"\/>\n\t<link rel=\"canonical\" href=\"https:\/\/www.encontrabelohorizonte.com.br\/sobre\/belo-horizonte-tera-uma-semana-de-ceu-parcialmente-nublado-e-sem-chuvas\/\" \/>\n\t<meta name=\"generator\" content=\"All in One SEO (AIOSEO) 5.0.0.1\" \/>\n\t\t<meta property=\"og:locale\" content=\"pt_BR\" \/>\n\t\t<meta property=\"og:site_name\" content=\"Encontra Belo Horizonte | Not\u00edcias, eventos, informa\u00e7\u00f5es e dicas da cidade de Belo Horizonte e regi\u00e3o\" \/>\n\t\t<meta property=\"og:type\" content=\"article\" \/>\n\t\t<meta property=\"og:title\" content=\"Belo Horizonte ter\u00e1 uma semana de c\u00e9u parcialmente nublado e sem chuvas | Encontra Belo Horizonte\" \/>\n\t\t<meta property=\"og:description\" content=\"Belo Horizonte ter\u00e1 c\u00e9u parcialmente nublado e temperaturas entre 15\u00b0C e 26\u00b0C durante a semana.\" \/>\n\t\t<meta property=\"og:url\" content=\"https:\/\/www.encontrabelohorizonte.com.br\/sobre\/belo-horizonte-tera-uma-semana-de-ceu-parcialmente-nublado-e-sem-chuvas\/\" \/>\n\t\t<meta property=\"article:published_time\" content=\"2026-06-10T08:15:51+00:00\" \/>\n\t\t<meta property=\"article:modified_time\" content=\"2026-06-10T08:15:51+00:00\" \/>\n\t\t<meta name=\"twitter:card\" content=\"summary\" \/>\n\t\t<meta name=\"twitter:title\" content=\"Belo Horizonte ter\u00e1 uma semana de c\u00e9u parcialmente nublado e sem chuvas | Encontra Belo Horizonte\" \/>\n\t\t<meta name=\"twitter:description\" content=\"Belo Horizonte ter\u00e1 c\u00e9u parcialmente nublado e temperaturas entre 15\u00b0C e 26\u00b0C durante a semana.\" \/>\n\t\t<script type=\"application\/ld+json\" class=\"aioseo-schema\">\n\t\t\t{\"@context\":\"https:\\\/\\\/schema.org\",\"@graph\":[{\"@type\":\"Article\",\"@id\":\"https:\\\/\\\/www.encontrabelohorizonte.com.br\\\/sobre\\\/belo-horizonte-tera-uma-semana-de-ceu-parcialmente-nublado-e-sem-chuvas\\\/#article\",\"name\":\"Belo Horizonte ter\\u00e1 uma semana de c\\u00e9u parcialmente nublado e sem chuvas | Encontra Belo Horizonte\",\"headline\":\"Belo Horizonte ter\\u00e1 uma semana de c\\u00e9u parcialmente nublado e sem chuvas\",\"author\":{\"@id\":\"https:\\\/\\\/www.encontrabelohorizonte.com.br\\\/sobre\\\/author\\\/ebelohorizonte\\\/#author\"},\"publisher\":{\"@id\":\"https:\\\/\\\/www.encontrabelohorizonte.com.br\\\/sobre\\\/#organization\"},\"image\":{\"@type\":\"ImageObject\",\"url\":\"https:\\\/\\\/www.encontrabelohorizonte.com.br\\\/sobre\\\/wp-content\\\/uploads\\\/belo-horizonte-tera-uma-semana-de-ceu-parcialmente-nublado-e-sem-chuvas.webp\",\"width\":280,\"height\":280,\"caption\":\"Belo Horizonte c\\u00e9u parcialmente nublado\"},\"datePublished\":\"2026-06-10T05:15:51-03:00\",\"dateModified\":\"2026-06-10T05:15:51-03:00\",\"inLanguage\":\"pt-BR\",\"mainEntityOfPage\":{\"@id\":\"https:\\\/\\\/www.encontrabelohorizonte.com.br\\\/sobre\\\/belo-horizonte-tera-uma-semana-de-ceu-parcialmente-nublado-e-sem-chuvas\\\/#webpage\"},\"isPartOf\":{\"@id\":\"https:\\\/\\\/www.encontrabelohorizonte.com.br\\\/sobre\\\/belo-horizonte-tera-uma-semana-de-ceu-parcialmente-nublado-e-sem-chuvas\\\/#webpage\"},\"articleSection\":\"Not\\u00edcias Belo Horizonte\"},{\"@type\":\"BreadcrumbList\",\"@id\":\"https:\\\/\\\/www.encontrabelohorizonte.com.br\\\/sobre\\\/belo-horizonte-tera-uma-semana-de-ceu-parcialmente-nublado-e-sem-chuvas\\\/#breadcrumblist\",\"itemListElement\":[{\"@type\":\"ListItem\",\"@id\":\"https:\\\/\\\/www.encontrabelohorizonte.com.br\\\/sobre#listItem\",\"position\":1,\"name\":\"In\\u00edcio\",\"item\":\"https:\\\/\\\/www.encontrabelohorizonte.com.br\\\/sobre\",\"nextItem\":{\"@type\":\"ListItem\",\"@id\":\"https:\\\/\\\/www.encontrabelohorizonte.com.br\\\/sobre\\\/noticias\\\/#listItem\",\"name\":\"Not\\u00edcias Belo Horizonte\"}},{\"@type\":\"ListItem\",\"@id\":\"https:\\\/\\\/www.encontrabelohorizonte.com.br\\\/sobre\\\/noticias\\\/#listItem\",\"position\":2,\"name\":\"Not\\u00edcias Belo Horizonte\",\"item\":\"https:\\\/\\\/www.encontrabelohorizonte.com.br\\\/sobre\\\/noticias\\\/\",\"nextItem\":{\"@type\":\"ListItem\",\"@id\":\"https:\\\/\\\/www.encontrabelohorizonte.com.br\\\/sobre\\\/belo-horizonte-tera-uma-semana-de-ceu-parcialmente-nublado-e-sem-chuvas\\\/#listItem\",\"name\":\"Belo Horizonte ter\\u00e1 uma semana de c\\u00e9u parcialmente nublado e sem chuvas\"},\"previousItem\":{\"@type\":\"ListItem\",\"@id\":\"https:\\\/\\\/www.encontrabelohorizonte.com.br\\\/sobre#listItem\",\"name\":\"In\\u00edcio\"}},{\"@type\":\"ListItem\",\"@id\":\"https:\\\/\\\/www.encontrabelohorizonte.com.br\\\/sobre\\\/belo-horizonte-tera-uma-semana-de-ceu-parcialmente-nublado-e-sem-chuvas\\\/#listItem\",\"position\":3,\"name\":\"Belo Horizonte ter\\u00e1 uma semana de c\\u00e9u parcialmente nublado e sem chuvas\",\"previousItem\":{\"@type\":\"ListItem\",\"@id\":\"https:\\\/\\\/www.encontrabelohorizonte.com.br\\\/sobre\\\/noticias\\\/#listItem\",\"name\":\"Not\\u00edcias Belo Horizonte\"}}]},{\"@type\":\"Organization\",\"@id\":\"https:\\\/\\\/www.encontrabelohorizonte.com.br\\\/sobre\\\/#organization\",\"name\":\"Encontra Belo Horizonte\",\"description\":\"Not\\u00edcias, eventos, informa\\u00e7\\u00f5es e dicas da cidade de Belo Horizonte e regi\\u00e3o\",\"url\":\"https:\\\/\\\/www.encontrabelohorizonte.com.br\\\/sobre\\\/\"},{\"@type\":\"Person\",\"@id\":\"https:\\\/\\\/www.encontrabelohorizonte.com.br\\\/sobre\\\/author\\\/ebelohorizonte\\\/#author\",\"url\":\"https:\\\/\\\/www.encontrabelohorizonte.com.br\\\/sobre\\\/author\\\/ebelohorizonte\\\/\",\"name\":\"Encontra Belo Horizonte\",\"image\":{\"@type\":\"ImageObject\",\"@id\":\"https:\\\/\\\/www.encontrabelohorizonte.com.br\\\/sobre\\\/belo-horizonte-tera-uma-semana-de-ceu-parcialmente-nublado-e-sem-chuvas\\\/#authorImage\",\"url\":\"https:\\\/\\\/secure.gravatar.com\\\/avatar\\\/507340682b8270222e1f208e23198b6ae7e2c6a1033ae84e99bc6bce4f82a387?s=96&d=mm&r=g\",\"width\":96,\"height\":96,\"caption\":\"Encontra Belo Horizonte\"}},{\"@type\":\"WebPage\",\"@id\":\"https:\\\/\\\/www.encontrabelohorizonte.com.br\\\/sobre\\\/belo-horizonte-tera-uma-semana-de-ceu-parcialmente-nublado-e-sem-chuvas\\\/#webpage\",\"url\":\"https:\\\/\\\/www.encontrabelohorizonte.com.br\\\/sobre\\\/belo-horizonte-tera-uma-semana-de-ceu-parcialmente-nublado-e-sem-chuvas\\\/\",\"name\":\"Belo Horizonte ter\\u00e1 uma semana de c\\u00e9u parcialmente nublado e sem chuvas | Encontra Belo Horizonte\",\"description\":\"Belo Horizonte ter\\u00e1 c\\u00e9u parcialmente nublado e temperaturas entre 15\\u00b0C e 26\\u00b0C durante a semana.\",\"inLanguage\":\"pt-BR\",\"isPartOf\":{\"@id\":\"https:\\\/\\\/www.encontrabelohorizonte.com.br\\\/sobre\\\/#website\"},\"breadcrumb\":{\"@id\":\"https:\\\/\\\/www.encontrabelohorizonte.com.br\\\/sobre\\\/belo-horizonte-tera-uma-semana-de-ceu-parcialmente-nublado-e-sem-chuvas\\\/#breadcrumblist\"},\"author\":{\"@id\":\"https:\\\/\\\/www.encontrabelohorizonte.com.br\\\/sobre\\\/author\\\/ebelohorizonte\\\/#author\"},\"creator\":{\"@id\":\"https:\\\/\\\/www.encontrabelohorizonte.com.br\\\/sobre\\\/author\\\/ebelohorizonte\\\/#author\"},\"image\":{\"@type\":\"ImageObject\",\"url\":\"https:\\\/\\\/www.encontrabelohorizonte.com.br\\\/sobre\\\/wp-content\\\/uploads\\\/belo-horizonte-tera-uma-semana-de-ceu-parcialmente-nublado-e-sem-chuvas.webp\",\"@id\":\"https:\\\/\\\/www.encontrabelohorizonte.com.br\\\/sobre\\\/belo-horizonte-tera-uma-semana-de-ceu-parcialmente-nublado-e-sem-chuvas\\\/#mainImage\",\"width\":280,\"height\":280,\"caption\":\"Belo Horizonte c\\u00e9u parcialmente nublado\"},\"primaryImageOfPage\":{\"@id\":\"https:\\\/\\\/www.encontrabelohorizonte.com.br\\\/sobre\\\/belo-horizonte-tera-uma-semana-de-ceu-parcialmente-nublado-e-sem-chuvas\\\/#mainImage\"},\"datePublished\":\"2026-06-10T05:15:51-03:00\",\"dateModified\":\"2026-06-10T05:15:51-03:00\"},{\"@type\":\"WebSite\",\"@id\":\"https:\\\/\\\/www.encontrabelohorizonte.com.br\\\/sobre\\\/#website\",\"url\":\"https:\\\/\\\/www.encontrabelohorizonte.com.br\\\/sobre\\\/\",\"name\":\"Encontra Belo Horizonte\",\"description\":\"Not\\u00edcias, eventos, informa\\u00e7\\u00f5es e dicas da cidade de Belo Horizonte e regi\\u00e3o\",\"inLanguage\":\"pt-BR\",\"publisher\":{\"@id\":\"https:\\\/\\\/www.encontrabelohorizonte.com.br\\\/sobre\\\/#organization\"}}]}\n\t\t<\/script>\n\t\t<!-- All in One SEO -->\n\n","aioseo_head_json":{"title":"Belo Horizonte ter\u00e1 uma semana de c\u00e9u parcialmente nublado e sem chuvas | Encontra Belo Horizonte","description":"Belo Horizonte ter\u00e1 c\u00e9u parcialmente nublado e temperaturas entre 15\u00b0C e 26\u00b0C durante a semana.","canonical_url":"https:\/\/www.encontrabelohorizonte.com.br\/sobre\/belo-horizonte-tera-uma-semana-de-ceu-parcialmente-nublado-e-sem-chuvas\/","robots":"max-image-preview:large","keywords":"","webmasterTools":{"miscellaneous":""},"schema":{"@context":"https:\/\/schema.org","@graph":[{"@type":"Article","@id":"https:\/\/www.encontrabelohorizonte.com.br\/sobre\/belo-horizonte-tera-uma-semana-de-ceu-parcialmente-nublado-e-sem-chuvas\/#article","name":"Belo Horizonte ter\u00e1 uma semana de c\u00e9u parcialmente nublado e sem chuvas | Encontra Belo Horizonte","headline":"Belo Horizonte ter\u00e1 uma semana de c\u00e9u parcialmente nublado e sem chuvas","author":{"@id":"https:\/\/www.encontrabelohorizonte.com.br\/sobre\/author\/ebelohorizonte\/#author"},"publisher":{"@id":"https:\/\/www.encontrabelohorizonte.com.br\/sobre\/#organization"},"image":{"@type":"ImageObject","url":"https:\/\/www.encontrabelohorizonte.com.br\/sobre\/wp-content\/uploads\/belo-horizonte-tera-uma-semana-de-ceu-parcialmente-nublado-e-sem-chuvas.webp","width":280,"height":280,"caption":"Belo Horizonte c\u00e9u parcialmente nublado"},"datePublished":"2026-06-10T05:15:51-03:00","dateModified":"2026-06-10T05:15:51-03:00","inLanguage":"pt-BR","mainEntityOfPage":{"@id":"https:\/\/www.encontrabelohorizonte.com.br\/sobre\/belo-horizonte-tera-uma-semana-de-ceu-parcialmente-nublado-e-sem-chuvas\/#webpage"},"isPartOf":{"@id":"https:\/\/www.encontrabelohorizonte.com.br\/sobre\/belo-horizonte-tera-uma-semana-de-ceu-parcialmente-nublado-e-sem-chuvas\/#webpage"},"articleSection":"Not\u00edcias Belo Horizonte"},{"@type":"BreadcrumbList","@id":"https:\/\/www.encontrabelohorizonte.com.br\/sobre\/belo-horizonte-tera-uma-semana-de-ceu-parcialmente-nublado-e-sem-chuvas\/#breadcrumblist","itemListElement":[{"@type":"ListItem","@id":"https:\/\/www.encontrabelohorizonte.com.br\/sobre#listItem","position":1,"name":"In\u00edcio","item":"https:\/\/www.encontrabelohorizonte.com.br\/sobre","nextItem":{"@type":"ListItem","@id":"https:\/\/www.encontrabelohorizonte.com.br\/sobre\/noticias\/#listItem","name":"Not\u00edcias Belo Horizonte"}},{"@type":"ListItem","@id":"https:\/\/www.encontrabelohorizonte.com.br\/sobre\/noticias\/#listItem","position":2,"name":"Not\u00edcias Belo Horizonte","item":"https:\/\/www.encontrabelohorizonte.com.br\/sobre\/noticias\/","nextItem":{"@type":"ListItem","@id":"https:\/\/www.encontrabelohorizonte.com.br\/sobre\/belo-horizonte-tera-uma-semana-de-ceu-parcialmente-nublado-e-sem-chuvas\/#listItem","name":"Belo Horizonte ter\u00e1 uma semana de c\u00e9u parcialmente nublado e sem chuvas"},"previousItem":{"@type":"ListItem","@id":"https:\/\/www.encontrabelohorizonte.com.br\/sobre#listItem","name":"In\u00edcio"}},{"@type":"ListItem","@id":"https:\/\/www.encontrabelohorizonte.com.br\/sobre\/belo-horizonte-tera-uma-semana-de-ceu-parcialmente-nublado-e-sem-chuvas\/#listItem","position":3,"name":"Belo Horizonte ter\u00e1 uma semana de c\u00e9u parcialmente nublado e sem chuvas","previousItem":{"@type":"ListItem","@id":"https:\/\/www.encontrabelohorizonte.com.br\/sobre\/noticias\/#listItem","name":"Not\u00edcias Belo Horizonte"}}]},{"@type":"Organization","@id":"https:\/\/www.encontrabelohorizonte.com.br\/sobre\/#organization","name":"Encontra Belo Horizonte","description":"Not\u00edcias, eventos, informa\u00e7\u00f5es e dicas da cidade de Belo Horizonte e regi\u00e3o","url":"https:\/\/www.encontrabelohorizonte.com.br\/sobre\/"},{"@type":"Person","@id":"https:\/\/www.encontrabelohorizonte.com.br\/sobre\/author\/ebelohorizonte\/#author","url":"https:\/\/www.encontrabelohorizonte.com.br\/sobre\/author\/ebelohorizonte\/","name":"Encontra Belo Horizonte","image":{"@type":"ImageObject","@id":"https:\/\/www.encontrabelohorizonte.com.br\/sobre\/belo-horizonte-tera-uma-semana-de-ceu-parcialmente-nublado-e-sem-chuvas\/#authorImage","url":"https:\/\/secure.gravatar.com\/avatar\/507340682b8270222e1f208e23198b6ae7e2c6a1033ae84e99bc6bce4f82a387?s=96&d=mm&r=g","width":96,"height":96,"caption":"Encontra Belo Horizonte"}},{"@type":"WebPage","@id":"https:\/\/www.encontrabelohorizonte.com.br\/sobre\/belo-horizonte-tera-uma-semana-de-ceu-parcialmente-nublado-e-sem-chuvas\/#webpage","url":"https:\/\/www.encontrabelohorizonte.com.br\/sobre\/belo-horizonte-tera-uma-semana-de-ceu-parcialmente-nublado-e-sem-chuvas\/","name":"Belo Horizonte ter\u00e1 uma semana de c\u00e9u parcialmente nublado e sem chuvas | Encontra Belo Horizonte","description":"Belo Horizonte ter\u00e1 c\u00e9u parcialmente nublado e temperaturas entre 15\u00b0C e 26\u00b0C durante a semana.","inLanguage":"pt-BR","isPartOf":{"@id":"https:\/\/www.encontrabelohorizonte.com.br\/sobre\/#website"},"breadcrumb":{"@id":"https:\/\/www.encontrabelohorizonte.com.br\/sobre\/belo-horizonte-tera-uma-semana-de-ceu-parcialmente-nublado-e-sem-chuvas\/#breadcrumblist"},"author":{"@id":"https:\/\/www.encontrabelohorizonte.com.br\/sobre\/author\/ebelohorizonte\/#author"},"creator":{"@id":"https:\/\/www.encontrabelohorizonte.com.br\/sobre\/author\/ebelohorizonte\/#author"},"image":{"@type":"ImageObject","url":"https:\/\/www.encontrabelohorizonte.com.br\/sobre\/wp-content\/uploads\/belo-horizonte-tera-uma-semana-de-ceu-parcialmente-nublado-e-sem-chuvas.webp","@id":"https:\/\/www.encontrabelohorizonte.com.br\/sobre\/belo-horizonte-tera-uma-semana-de-ceu-parcialmente-nublado-e-sem-chuvas\/#mainImage","width":280,"height":280,"caption":"Belo Horizonte c\u00e9u parcialmente nublado"},"primaryImageOfPage":{"@id":"https:\/\/www.encontrabelohorizonte.com.br\/sobre\/belo-horizonte-tera-uma-semana-de-ceu-parcialmente-nublado-e-sem-chuvas\/#mainImage"},"datePublished":"2026-06-10T05:15:51-03:00","dateModified":"2026-06-10T05:15:51-03:00"},{"@type":"WebSite","@id":"https:\/\/www.encontrabelohorizonte.com.br\/sobre\/#website","url":"https:\/\/www.encontrabelohorizonte.com.br\/sobre\/","name":"Encontra Belo Horizonte","description":"Not\u00edcias, eventos, informa\u00e7\u00f5es e dicas da cidade de Belo Horizonte e regi\u00e3o","inLanguage":"pt-BR","publisher":{"@id":"https:\/\/www.encontrabelohorizonte.com.br\/sobre\/#organization"}}]},"og:locale":"pt_BR","og:site_name":"Encontra Belo Horizonte | Not\u00edcias, eventos, informa\u00e7\u00f5es e dicas da cidade de Belo Horizonte e regi\u00e3o","og:type":"article","og:title":"Belo Horizonte ter\u00e1 uma semana de c\u00e9u parcialmente nublado e sem chuvas | Encontra Belo Horizonte","og:description":"Belo Horizonte ter\u00e1 c\u00e9u parcialmente nublado e temperaturas entre 15\u00b0C e 26\u00b0C durante a semana.","og:url":"https:\/\/www.encontrabelohorizonte.com.br\/sobre\/belo-horizonte-tera-uma-semana-de-ceu-parcialmente-nublado-e-sem-chuvas\/","article:published_time":"2026-06-10T08:15:51+00:00","article:modified_time":"2026-06-10T08:15:51+00:00","twitter:card":"summary","twitter:title":"Belo Horizonte ter\u00e1 uma semana de c\u00e9u parcialmente nublado e sem chuvas | Encontra Belo Horizonte","twitter:description":"Belo Horizonte ter\u00e1 c\u00e9u parcialmente nublado e temperaturas entre 15\u00b0C e 26\u00b0C durante a semana."},"aioseo_meta_data":{"post_id":"4118","title":null,"description":null,"keywords":null,"keyphrases":null,"primary_term":null,"canonical_url":null,"og_title":null,"og_description":null,"og_object_type":"default","og_image_type":"default","og_image_url":null,"og_image_width":null,"og_image_height":null,"og_image_custom_url":null,"og_image_custom_fields":null,"og_video":null,"og_custom_url":null,"og_article_section":null,"og_article_tags":null,"twitter_use_og":false,"twitter_card":"default","twitter_image_type":"default","twitter_image_url":null,"twitter_image_custom_url":null,"twitter_image_custom_fields":null,"twitter_title":null,"twitter_description":null,"schema":{"blockGraphs":[],"customGraphs":[],"default":{"data":{"Article":[],"Course":[],"Dataset":[],"FAQPage":[],"Movie":[],"Person":[],"Product":[],"ProductReview":[],"Car":[],"Recipe":[],"Service":[],"SoftwareApplication":[],"WebPage":[]},"graphName":"Article","isEnabled":true},"graphs":[]},"schema_type":"default","schema_type_options":null,"pillar_content":false,"robots_default":true,"robots_noindex":false,"robots_noarchive":false,"robots_nosnippet":false,"robots_nofollow":false,"robots_noimageindex":false,"robots_noodp":false,"robots_notranslate":false,"robots_max_snippet":null,"robots_max_videopreview":null,"robots_max_imagepreview":"large","priority":null,"frequency":null,"local_seo":null,"breadcrumb_settings":null,"limit_modified_date":false,"ai":null,"created":"2026-06-10 08:15:56","updated":"2026-06-10 09:00:17","focus_keyword":null,"additional_keywords":null,"truseo_locale":null,"seo_analyzer_scan_date":null},"aioseo_breadcrumb":"<div class=\"aioseo-breadcrumbs\"><span class=\"aioseo-breadcrumb\">\n\t\t\t<a href=\"https:\/\/www.encontrabelohorizonte.com.br\/sobre\" title=\"In\u00edcio\">In\u00edcio<\/a>\n\t\t<\/span><span class=\"aioseo-breadcrumb-separator\">&raquo;<\/span><span class=\"aioseo-breadcrumb\">\n\t\t\t<a href=\"https:\/\/www.encontrabelohorizonte.com.br\/sobre\/noticias\/\" title=\"Not\u00edcias Belo Horizonte\">Not\u00edcias Belo Horizonte<\/a>\n\t\t<\/span><span class=\"aioseo-breadcrumb-separator\">&raquo;<\/span><span class=\"aioseo-breadcrumb\">\n\t\t\tBelo Horizonte ter\u00e1 uma semana de c\u00e9u parcialmente nublado e sem chuvas\n\t\t<\/span><\/div>","aioseo_breadcrumb_json":[{"label":"In\u00edcio","link":"https:\/\/www.encontrabelohorizonte.com.br\/sobre"},{"label":"Not\u00edcias Belo Horizonte","link":"https:\/\/www.encontrabelohorizonte.com.br\/sobre\/noticias\/"},{"label":"Belo Horizonte ter\u00e1 uma semana de c\u00e9u parcialmente nublado e sem chuvas","link":"https:\/\/www.encontrabelohorizonte.com.br\/sobre\/belo-horizonte-tera-uma-semana-de-ceu-parcialmente-nublado-e-sem-chuvas\/"}],"_links":{"self":[{"href":"https:\/\/www.encontrabelohorizonte.com.br\/sobre\/wp-json\/wp\/v2\/posts\/4118","targetHints":{"allow":["GET"]}}],"collection":[{"href":"https:\/\/www.encontrabelohorizonte.com.br\/sobre\/wp-json\/wp\/v2\/posts"}],"about":[{"href":"https:\/\/www.encontrabelohorizonte.com.br\/sobre\/wp-json\/wp\/v2\/types\/post"}],"author":[{"embeddable":true,"href":"https:\/\/www.encontrabelohorizonte.com.br\/sobre\/wp-json\/wp\/v2\/users\/1"}],"replies":[{"embeddable":true,"href":"https:\/\/www.encontrabelohorizonte.com.br\/sobre\/wp-json\/wp\/v2\/comments?post=4118"}],"version-history":[{"count":0,"href":"https:\/\/www.encontrabelohorizonte.com.br\/sobre\/wp-json\/wp\/v2\/posts\/4118\/revisions"}],"wp:featuredmedia":[{"embeddable":true,"href":"https:\/\/www.encontrabelohorizonte.com.br\/sobre\/wp-json\/wp\/v2\/media\/4117"}],"wp:attachment":[{"href":"https:\/\/www.encontrabelohorizonte.com.br\/sobre\/wp-json\/wp\/v2\/media?parent=4118"}],"wp:term":[{"taxonomy":"category","embeddable":true,"href":"https:\/\/www.encontrabelohorizonte.com.br\/sobre\/wp-json\/wp\/v2\/categories?post=4118"},{"taxonomy":"post_tag","embeddable":true,"href":"https:\/\/www.encontrabelohorizonte.com.br\/sobre\/wp-json\/wp\/v2\/tags?post=4118"}],"curies":[{"name":"wp","href":"https:\/\/api.w.org\/{rel}","templated":true}]}}