{"id":4122,"date":"2026-06-11T05:15:03","date_gmt":"2026-06-11T08:15:03","guid":{"rendered":"https:\/\/www.encontrabelohorizonte.com.br\/sobre\/templo-de-belo-horizonte-abre-para-visitacao-publica-no-sabado-13-de-junho\/"},"modified":"2026-06-11T05:15:03","modified_gmt":"2026-06-11T08:15:03","slug":"templo-de-belo-horizonte-abre-para-visitacao-publica-no-sabado-13-de-junho","status":"publish","type":"post","link":"https:\/\/www.encontrabelohorizonte.com.br\/sobre\/templo-de-belo-horizonte-abre-para-visitacao-publica-no-sabado-13-de-junho\/","title":{"rendered":"Templo de Belo Horizonte Abre para Visita\u00e7\u00e3o P\u00fablica no S\u00e1bado, 13 de Junho"},"content":{"rendered":"<div class=\"2e083cf0b19e2c11948dc6ac054ba979\" data-index=\"1\" style=\"float: none; margin:0px;\">\n<!-- Anuncio display - global -->\r\n<ins class=\"adsbygoogle\"\r\n     style=\"display:block\"\r\n     data-ad-client=\"ca-pub-8585364105181520\"\r\n     data-ad-slot=\"8789329856\"\r\n     data-ad-format=\"auto\"\r\n     data-full-width-responsive=\"true\"><\/ins>\r\n<script>\r\n     (adsbygoogle = window.adsbygoogle || []).push({});\r\n<\/script>\n<\/div>\n<h2>Datas Importantes para a Visita\u00e7\u00e3o<\/h2>\n<p>O Templo de Belo Horizonte, pertencente a A Igreja de Jesus Cristo dos Santos dos \u00daltimos Dias, abrir\u00e1 suas portas para visita\u00e7\u00e3o p\u00fablica entre os dias <strong>13 e 27 de junho de 2026<\/strong>. Neste per\u00edodo, o acesso ser\u00e1 gratuito e n\u00e3o ser\u00e1 necess\u00e1rio realizar agendamentos pr\u00e9vios. Os visitantes poder\u00e3o conhecer as instala\u00e7\u00f5es do templo, localizado na <strong>Rua Professor Jos\u00e9 Vieira de Mendon\u00e7a, 1485, Engenho Nogueira, Belo Horizonte \u2013 MG<\/strong>.<\/p>\n<h2>Como Chegar ao Templo de Belo Horizonte<\/h2>\n<p>Para aqueles que desejam visitar o templo, h\u00e1 diferentes op\u00e7\u00f5es de transporte:<\/p>\n<ul>\n<li><strong>Transporte P\u00fablico:<\/strong> O transporte coletivo em Belo Horizonte oferece v\u00e1rias linhas que passam pr\u00f3ximo ao templo. A consulta \u00e0s rotas de \u00f4nibus locais pode facilitar a sua chegada.<\/li>\n<li><strong>Carro Particular:<\/strong> O templo conta com estacionamento para visitantes. Para quem est\u00e1 vindo de outras regi\u00f5es, as principais vias de acesso incluem a <strong>Rodovia BR-381<\/strong> e a <strong>Av. Cristiano Machado<\/strong>.<\/li>\n<li><strong>Caminhada:<\/strong> Moradores da \u00e1rea podem optar por chegar a p\u00e9, j\u00e1 que o templo est\u00e1 situado em uma zona acess\u00edvel e de f\u00e1cil deslocamento.<\/li>\n<\/ul>\n<h2>O que Esperar Durante a Visita\u00e7\u00e3o<\/h2>\n<p>A visita\u00e7\u00e3o ao Templo de Belo Horizonte proporciona uma oportunidade \u00fanica para que todos conhe\u00e7am um espa\u00e7o sagrado, com um ambiente tranquilo e inspirador. Durante as visitas, os participantes contar\u00e3o com um tour guiado, onde ser\u00e1 poss\u00edvel explorar os principais ambientes do templo, incluindo:<\/p>\n<p><img decoding=\"async\" src=\"https:\/\/www.encontrabelohorizonte.com.br\/sobre\/wp-content\/uploads\/templo-de-belo-horizonte-abre-para-visitacao-publica-no-sabado-13-de-junho.webp\" alt=\"Templo de Belo Horizonte\" loading=\"lazy\" \/><\/p>\n<ul>\n<li><strong>Salas de Instru\u00e7\u00e3o:<\/strong> Onde ocorrem ensinamentos sagrados.<\/li>\n<li><strong>Sala Celestial:<\/strong> Um local de contempla\u00e7\u00e3o e medita\u00e7\u00e3o.<\/li>\n<li><strong>Sala das Noivas:<\/strong> Destinada a cerim\u00f4nias matrimoniais.<\/li>\n<li><strong>Salas de Selamento:<\/strong> Para a realiza\u00e7\u00e3o de conv\u00eanios sagrados.<\/li>\n<li><strong>Batist\u00e9rio:<\/strong> Onde s\u00e3o realizadas as ordenan\u00e7as de batismo.<\/li>\n<\/ul>\n<h2>Salas de Instru\u00e7\u00e3o e Cerim\u00f4nias<\/h2>\n<p>As cerim\u00f4nias realizadas no templo s\u00e3o consideradas sagradas e fundamentais para a doutrina da Igreja. Elas t\u00eam como objetivo fortalecer a f\u00e9 dos participantes e enfatizar a import\u00e2ncia dos la\u00e7os familiares que podem perdurar ap\u00f3s a vida terrena. Os visitantes ter\u00e3o a chance de aprender sobre essas cerim\u00f4nias e seu significado profundo.<\/p>\n<h2>A Import\u00e2ncia dos Templos para a Comunidade<\/h2>\n<p>Os templos n\u00e3o s\u00e3o apenas edif\u00edcios religiosos; eles representam lugares de paz e espiritualidade. Para os membros de A Igreja de Jesus Cristo dos Santos dos \u00daltimos Dias, os templos s\u00e3o considerados &#8220;Casas do Senhor&#8221; e s\u00e3o essenciais para a pr\u00e1tica de sua f\u00e9. \u00c9 importante notar que, ap\u00f3s a abertura para visitas, o templo ser\u00e1 dedicado no dia <strong>16 de agosto de 2026<\/strong>, e a partir desse momento, s\u00f3 ter\u00e1 acesso aos membros da Igreja que est\u00e3o devidamente preparados.<\/p>\n<h2>Arquitetura Inspirada em Minas Gerais<\/h2>\n<p>O Templo de Belo Horizonte apresenta uma ess\u00eancia arquitet\u00f4nica que reflete a cultura local. O projeto foi realizado com a inten\u00e7\u00e3o de harmonizar com as caracter\u00edsticas t\u00edpicas do estado de Minas Gerais, incorporando elementos significativos da regi\u00e3o. A fachada do templo \u00e9 emoldurada por vitrais em um esquema de cores que remete aos tradicionais azulejos portugueses, uma heran\u00e7a cultural marcante.<\/p>\n<h2>Caracter\u00edsticas do Novo Templo<\/h2>\n<p>O templo \u00e9 revestido em granito brasileiro conhecido como <strong>Branco Cear\u00e1<\/strong>, um material que proporciona resist\u00eancia e beleza. Um tra\u00e7o distintivo da arquitetura \u00e9 a sua torre em formato piramidal, que se eleva a impressionantes <strong>19 metros<\/strong>. O interior \u00e9 ornamentado com motivos que relembram azulejos, bem como detalhes dourados, criando um ambiente de espiritualidade e rever\u00eancia atrav\u00e9s de lustres de cristal e acabamentos em madeira brasileira.<\/p>\n<h2>Hist\u00f3ria do Templo em Belo Horizonte<\/h2>\n<p>A constru\u00e7\u00e3o deste templo \u00e9 um importante marco para os membros da Igreja na regi\u00e3o de Minas Gerais. Antes da edifica\u00e7\u00e3o do templo, os membros eram atendidos em capelas, mas a inaugura\u00e7\u00e3o do templo simboliza um crescimento na f\u00e9 e na comunidade local. Este templo far\u00e1 parte de uma rede global que conta com aproximadamente <strong>350 templos<\/strong> ao redor do mundo, consolidando a presen\u00e7a da Igreja na sociedade.<\/p>\n<h2>Benef\u00edcios da Visita\u00e7\u00e3o P\u00fablica<\/h2>\n<p>A abertura do templo para visitas tem um valor inestim\u00e1vel para a comunidade. Ela proporciona a oportunidade de:<\/p>\n<ul>\n<li><strong>Conhecimento:<\/strong> Aprendizado sobre a cultura e os preceitos da Igreja.<\/li>\n<li><strong>Integra\u00e7\u00e3o:<\/strong> Uma chance para o p\u00fablico estabelecer conex\u00f5es com os membros da Igreja.<\/li>\n<li><strong>Reflex\u00e3o:<\/strong> Um espa\u00e7o para contempla\u00e7\u00e3o e conex\u00e3o espiritual pessoal.<\/li>\n<\/ul>\n<h2>Como a Visita\u00e7\u00e3o Encoraja a Comunidade<\/h2>\n<p>A iniciativa de abrir o templo ao p\u00fablico manifesta um convite \u00e0 intera\u00e7\u00e3o e \u00e0 compreens\u00e3o entre as diferentes culturas e comunidades que habitam Belo Horizonte. \u00c9 um momento para celebrar a diversidade e promover o di\u00e1logo. O templo n\u00e3o \u00e9 apenas um espa\u00e7o sagrado; \u00e9 um lugar que pode unir pessoas de v\u00e1rias origens e cren\u00e7as, promovendo um sentimento de unidade e esperan\u00e7a.<\/p>\n\n<div style=\"font-size: 0px; height: 0px; line-height: 0px; margin: 0; padding: 0; clear: both;\"><\/div>","protected":false},"excerpt":{"rendered":"<p>Templo de Belo Horizonte abre suas portas para visita\u00e7\u00e3o p\u00fablica entre 13 e 27 de junho!<\/p>\n","protected":false},"author":1,"featured_media":4121,"comment_status":"closed","ping_status":"closed","sticky":false,"template":"","format":"standard","meta":{"footnotes":""},"categories":[6],"tags":[],"class_list":["post-4122","post","type-post","status-publish","format-standard","has-post-thumbnail","hentry","category-noticias","has_thumb"],"aioseo_notices":[],"aioseo_head":"\n\t\t<!-- All in One SEO 5.0.0.1 - aioseo.com -->\n\t<meta name=\"description\" content=\"Templo de Belo Horizonte abre suas portas para visita\u00e7\u00e3o p\u00fablica entre 13 e 27 de junho!\" \/>\n\t<meta name=\"robots\" content=\"max-image-preview:large\" \/>\n\t<meta name=\"author\" content=\"Encontra Belo Horizonte\"\/>\n\t<link rel=\"canonical\" href=\"https:\/\/www.encontrabelohorizonte.com.br\/sobre\/templo-de-belo-horizonte-abre-para-visitacao-publica-no-sabado-13-de-junho\/\" \/>\n\t<meta name=\"generator\" content=\"All in One SEO (AIOSEO) 5.0.0.1\" \/>\n\t\t<meta property=\"og:locale\" content=\"pt_BR\" \/>\n\t\t<meta property=\"og:site_name\" content=\"Encontra Belo Horizonte | Not\u00edcias, eventos, informa\u00e7\u00f5es e dicas da cidade de Belo Horizonte e regi\u00e3o\" \/>\n\t\t<meta property=\"og:type\" content=\"article\" \/>\n\t\t<meta property=\"og:title\" content=\"Templo de Belo Horizonte Abre para Visita\u00e7\u00e3o P\u00fablica no S\u00e1bado, 13 de Junho | Encontra Belo Horizonte\" \/>\n\t\t<meta property=\"og:description\" content=\"Templo de Belo Horizonte abre suas portas para visita\u00e7\u00e3o p\u00fablica entre 13 e 27 de junho!\" \/>\n\t\t<meta property=\"og:url\" content=\"https:\/\/www.encontrabelohorizonte.com.br\/sobre\/templo-de-belo-horizonte-abre-para-visitacao-publica-no-sabado-13-de-junho\/\" \/>\n\t\t<meta property=\"article:published_time\" content=\"2026-06-11T08:15:03+00:00\" \/>\n\t\t<meta property=\"article:modified_time\" content=\"2026-06-11T08:15:03+00:00\" \/>\n\t\t<meta name=\"twitter:card\" content=\"summary\" \/>\n\t\t<meta name=\"twitter:title\" content=\"Templo de Belo Horizonte Abre para Visita\u00e7\u00e3o P\u00fablica no S\u00e1bado, 13 de Junho | Encontra Belo Horizonte\" \/>\n\t\t<meta name=\"twitter:description\" content=\"Templo de Belo Horizonte abre suas portas para visita\u00e7\u00e3o p\u00fablica entre 13 e 27 de junho!\" \/>\n\t\t<script type=\"application\/ld+json\" class=\"aioseo-schema\">\n\t\t\t{\"@context\":\"https:\\\/\\\/schema.org\",\"@graph\":[{\"@type\":\"Article\",\"@id\":\"https:\\\/\\\/www.encontrabelohorizonte.com.br\\\/sobre\\\/templo-de-belo-horizonte-abre-para-visitacao-publica-no-sabado-13-de-junho\\\/#article\",\"name\":\"Templo de Belo Horizonte Abre para Visita\\u00e7\\u00e3o P\\u00fablica no S\\u00e1bado, 13 de Junho | Encontra Belo Horizonte\",\"headline\":\"Templo de Belo Horizonte Abre para Visita\\u00e7\\u00e3o P\\u00fablica no S\\u00e1bado, 13 de Junho\",\"author\":{\"@id\":\"https:\\\/\\\/www.encontrabelohorizonte.com.br\\\/sobre\\\/author\\\/ebelohorizonte\\\/#author\"},\"publisher\":{\"@id\":\"https:\\\/\\\/www.encontrabelohorizonte.com.br\\\/sobre\\\/#organization\"},\"image\":{\"@type\":\"ImageObject\",\"url\":\"https:\\\/\\\/www.encontrabelohorizonte.com.br\\\/sobre\\\/wp-content\\\/uploads\\\/templo-de-belo-horizonte-abre-para-visitacao-publica-no-sabado-13-de-junho.webp\",\"width\":280,\"height\":280,\"caption\":\"Templo de Belo Horizonte\"},\"datePublished\":\"2026-06-11T05:15:03-03:00\",\"dateModified\":\"2026-06-11T05:15:03-03:00\",\"inLanguage\":\"pt-BR\",\"mainEntityOfPage\":{\"@id\":\"https:\\\/\\\/www.encontrabelohorizonte.com.br\\\/sobre\\\/templo-de-belo-horizonte-abre-para-visitacao-publica-no-sabado-13-de-junho\\\/#webpage\"},\"isPartOf\":{\"@id\":\"https:\\\/\\\/www.encontrabelohorizonte.com.br\\\/sobre\\\/templo-de-belo-horizonte-abre-para-visitacao-publica-no-sabado-13-de-junho\\\/#webpage\"},\"articleSection\":\"Not\\u00edcias Belo Horizonte\"},{\"@type\":\"BreadcrumbList\",\"@id\":\"https:\\\/\\\/www.encontrabelohorizonte.com.br\\\/sobre\\\/templo-de-belo-horizonte-abre-para-visitacao-publica-no-sabado-13-de-junho\\\/#breadcrumblist\",\"itemListElement\":[{\"@type\":\"ListItem\",\"@id\":\"https:\\\/\\\/www.encontrabelohorizonte.com.br\\\/sobre#listItem\",\"position\":1,\"name\":\"In\\u00edcio\",\"item\":\"https:\\\/\\\/www.encontrabelohorizonte.com.br\\\/sobre\",\"nextItem\":{\"@type\":\"ListItem\",\"@id\":\"https:\\\/\\\/www.encontrabelohorizonte.com.br\\\/sobre\\\/noticias\\\/#listItem\",\"name\":\"Not\\u00edcias Belo Horizonte\"}},{\"@type\":\"ListItem\",\"@id\":\"https:\\\/\\\/www.encontrabelohorizonte.com.br\\\/sobre\\\/noticias\\\/#listItem\",\"position\":2,\"name\":\"Not\\u00edcias Belo Horizonte\",\"item\":\"https:\\\/\\\/www.encontrabelohorizonte.com.br\\\/sobre\\\/noticias\\\/\",\"nextItem\":{\"@type\":\"ListItem\",\"@id\":\"https:\\\/\\\/www.encontrabelohorizonte.com.br\\\/sobre\\\/templo-de-belo-horizonte-abre-para-visitacao-publica-no-sabado-13-de-junho\\\/#listItem\",\"name\":\"Templo de Belo Horizonte Abre para Visita\\u00e7\\u00e3o P\\u00fablica no S\\u00e1bado, 13 de Junho\"},\"previousItem\":{\"@type\":\"ListItem\",\"@id\":\"https:\\\/\\\/www.encontrabelohorizonte.com.br\\\/sobre#listItem\",\"name\":\"In\\u00edcio\"}},{\"@type\":\"ListItem\",\"@id\":\"https:\\\/\\\/www.encontrabelohorizonte.com.br\\\/sobre\\\/templo-de-belo-horizonte-abre-para-visitacao-publica-no-sabado-13-de-junho\\\/#listItem\",\"position\":3,\"name\":\"Templo de Belo Horizonte Abre para Visita\\u00e7\\u00e3o P\\u00fablica no S\\u00e1bado, 13 de Junho\",\"previousItem\":{\"@type\":\"ListItem\",\"@id\":\"https:\\\/\\\/www.encontrabelohorizonte.com.br\\\/sobre\\\/noticias\\\/#listItem\",\"name\":\"Not\\u00edcias Belo Horizonte\"}}]},{\"@type\":\"Organization\",\"@id\":\"https:\\\/\\\/www.encontrabelohorizonte.com.br\\\/sobre\\\/#organization\",\"name\":\"Encontra Belo Horizonte\",\"description\":\"Not\\u00edcias, eventos, informa\\u00e7\\u00f5es e dicas da cidade de Belo Horizonte e regi\\u00e3o\",\"url\":\"https:\\\/\\\/www.encontrabelohorizonte.com.br\\\/sobre\\\/\"},{\"@type\":\"Person\",\"@id\":\"https:\\\/\\\/www.encontrabelohorizonte.com.br\\\/sobre\\\/author\\\/ebelohorizonte\\\/#author\",\"url\":\"https:\\\/\\\/www.encontrabelohorizonte.com.br\\\/sobre\\\/author\\\/ebelohorizonte\\\/\",\"name\":\"Encontra Belo Horizonte\",\"image\":{\"@type\":\"ImageObject\",\"@id\":\"https:\\\/\\\/www.encontrabelohorizonte.com.br\\\/sobre\\\/templo-de-belo-horizonte-abre-para-visitacao-publica-no-sabado-13-de-junho\\\/#authorImage\",\"url\":\"https:\\\/\\\/secure.gravatar.com\\\/avatar\\\/507340682b8270222e1f208e23198b6ae7e2c6a1033ae84e99bc6bce4f82a387?s=96&d=mm&r=g\",\"width\":96,\"height\":96,\"caption\":\"Encontra Belo Horizonte\"}},{\"@type\":\"WebPage\",\"@id\":\"https:\\\/\\\/www.encontrabelohorizonte.com.br\\\/sobre\\\/templo-de-belo-horizonte-abre-para-visitacao-publica-no-sabado-13-de-junho\\\/#webpage\",\"url\":\"https:\\\/\\\/www.encontrabelohorizonte.com.br\\\/sobre\\\/templo-de-belo-horizonte-abre-para-visitacao-publica-no-sabado-13-de-junho\\\/\",\"name\":\"Templo de Belo Horizonte Abre para Visita\\u00e7\\u00e3o P\\u00fablica no S\\u00e1bado, 13 de Junho | Encontra Belo Horizonte\",\"description\":\"Templo de Belo Horizonte abre suas portas para visita\\u00e7\\u00e3o p\\u00fablica entre 13 e 27 de junho!\",\"inLanguage\":\"pt-BR\",\"isPartOf\":{\"@id\":\"https:\\\/\\\/www.encontrabelohorizonte.com.br\\\/sobre\\\/#website\"},\"breadcrumb\":{\"@id\":\"https:\\\/\\\/www.encontrabelohorizonte.com.br\\\/sobre\\\/templo-de-belo-horizonte-abre-para-visitacao-publica-no-sabado-13-de-junho\\\/#breadcrumblist\"},\"author\":{\"@id\":\"https:\\\/\\\/www.encontrabelohorizonte.com.br\\\/sobre\\\/author\\\/ebelohorizonte\\\/#author\"},\"creator\":{\"@id\":\"https:\\\/\\\/www.encontrabelohorizonte.com.br\\\/sobre\\\/author\\\/ebelohorizonte\\\/#author\"},\"image\":{\"@type\":\"ImageObject\",\"url\":\"https:\\\/\\\/www.encontrabelohorizonte.com.br\\\/sobre\\\/wp-content\\\/uploads\\\/templo-de-belo-horizonte-abre-para-visitacao-publica-no-sabado-13-de-junho.webp\",\"@id\":\"https:\\\/\\\/www.encontrabelohorizonte.com.br\\\/sobre\\\/templo-de-belo-horizonte-abre-para-visitacao-publica-no-sabado-13-de-junho\\\/#mainImage\",\"width\":280,\"height\":280,\"caption\":\"Templo de Belo Horizonte\"},\"primaryImageOfPage\":{\"@id\":\"https:\\\/\\\/www.encontrabelohorizonte.com.br\\\/sobre\\\/templo-de-belo-horizonte-abre-para-visitacao-publica-no-sabado-13-de-junho\\\/#mainImage\"},\"datePublished\":\"2026-06-11T05:15:03-03:00\",\"dateModified\":\"2026-06-11T05:15:03-03:00\"},{\"@type\":\"WebSite\",\"@id\":\"https:\\\/\\\/www.encontrabelohorizonte.com.br\\\/sobre\\\/#website\",\"url\":\"https:\\\/\\\/www.encontrabelohorizonte.com.br\\\/sobre\\\/\",\"name\":\"Encontra Belo Horizonte\",\"description\":\"Not\\u00edcias, eventos, informa\\u00e7\\u00f5es e dicas da cidade de Belo Horizonte e regi\\u00e3o\",\"inLanguage\":\"pt-BR\",\"publisher\":{\"@id\":\"https:\\\/\\\/www.encontrabelohorizonte.com.br\\\/sobre\\\/#organization\"}}]}\n\t\t<\/script>\n\t\t<!-- All in One SEO -->\n\n","aioseo_head_json":{"title":"Templo de Belo Horizonte Abre para Visita\u00e7\u00e3o P\u00fablica no S\u00e1bado, 13 de Junho | Encontra Belo Horizonte","description":"Templo de Belo Horizonte abre suas portas para visita\u00e7\u00e3o p\u00fablica entre 13 e 27 de junho!","canonical_url":"https:\/\/www.encontrabelohorizonte.com.br\/sobre\/templo-de-belo-horizonte-abre-para-visitacao-publica-no-sabado-13-de-junho\/","robots":"max-image-preview:large","keywords":"","webmasterTools":{"miscellaneous":""},"schema":{"@context":"https:\/\/schema.org","@graph":[{"@type":"Article","@id":"https:\/\/www.encontrabelohorizonte.com.br\/sobre\/templo-de-belo-horizonte-abre-para-visitacao-publica-no-sabado-13-de-junho\/#article","name":"Templo de Belo Horizonte Abre para Visita\u00e7\u00e3o P\u00fablica no S\u00e1bado, 13 de Junho | Encontra Belo Horizonte","headline":"Templo de Belo Horizonte Abre para Visita\u00e7\u00e3o P\u00fablica no S\u00e1bado, 13 de Junho","author":{"@id":"https:\/\/www.encontrabelohorizonte.com.br\/sobre\/author\/ebelohorizonte\/#author"},"publisher":{"@id":"https:\/\/www.encontrabelohorizonte.com.br\/sobre\/#organization"},"image":{"@type":"ImageObject","url":"https:\/\/www.encontrabelohorizonte.com.br\/sobre\/wp-content\/uploads\/templo-de-belo-horizonte-abre-para-visitacao-publica-no-sabado-13-de-junho.webp","width":280,"height":280,"caption":"Templo de Belo Horizonte"},"datePublished":"2026-06-11T05:15:03-03:00","dateModified":"2026-06-11T05:15:03-03:00","inLanguage":"pt-BR","mainEntityOfPage":{"@id":"https:\/\/www.encontrabelohorizonte.com.br\/sobre\/templo-de-belo-horizonte-abre-para-visitacao-publica-no-sabado-13-de-junho\/#webpage"},"isPartOf":{"@id":"https:\/\/www.encontrabelohorizonte.com.br\/sobre\/templo-de-belo-horizonte-abre-para-visitacao-publica-no-sabado-13-de-junho\/#webpage"},"articleSection":"Not\u00edcias Belo Horizonte"},{"@type":"BreadcrumbList","@id":"https:\/\/www.encontrabelohorizonte.com.br\/sobre\/templo-de-belo-horizonte-abre-para-visitacao-publica-no-sabado-13-de-junho\/#breadcrumblist","itemListElement":[{"@type":"ListItem","@id":"https:\/\/www.encontrabelohorizonte.com.br\/sobre#listItem","position":1,"name":"In\u00edcio","item":"https:\/\/www.encontrabelohorizonte.com.br\/sobre","nextItem":{"@type":"ListItem","@id":"https:\/\/www.encontrabelohorizonte.com.br\/sobre\/noticias\/#listItem","name":"Not\u00edcias Belo Horizonte"}},{"@type":"ListItem","@id":"https:\/\/www.encontrabelohorizonte.com.br\/sobre\/noticias\/#listItem","position":2,"name":"Not\u00edcias Belo Horizonte","item":"https:\/\/www.encontrabelohorizonte.com.br\/sobre\/noticias\/","nextItem":{"@type":"ListItem","@id":"https:\/\/www.encontrabelohorizonte.com.br\/sobre\/templo-de-belo-horizonte-abre-para-visitacao-publica-no-sabado-13-de-junho\/#listItem","name":"Templo de Belo Horizonte Abre para Visita\u00e7\u00e3o P\u00fablica no S\u00e1bado, 13 de Junho"},"previousItem":{"@type":"ListItem","@id":"https:\/\/www.encontrabelohorizonte.com.br\/sobre#listItem","name":"In\u00edcio"}},{"@type":"ListItem","@id":"https:\/\/www.encontrabelohorizonte.com.br\/sobre\/templo-de-belo-horizonte-abre-para-visitacao-publica-no-sabado-13-de-junho\/#listItem","position":3,"name":"Templo de Belo Horizonte Abre para Visita\u00e7\u00e3o P\u00fablica no S\u00e1bado, 13 de Junho","previousItem":{"@type":"ListItem","@id":"https:\/\/www.encontrabelohorizonte.com.br\/sobre\/noticias\/#listItem","name":"Not\u00edcias Belo Horizonte"}}]},{"@type":"Organization","@id":"https:\/\/www.encontrabelohorizonte.com.br\/sobre\/#organization","name":"Encontra Belo Horizonte","description":"Not\u00edcias, eventos, informa\u00e7\u00f5es e dicas da cidade de Belo Horizonte e regi\u00e3o","url":"https:\/\/www.encontrabelohorizonte.com.br\/sobre\/"},{"@type":"Person","@id":"https:\/\/www.encontrabelohorizonte.com.br\/sobre\/author\/ebelohorizonte\/#author","url":"https:\/\/www.encontrabelohorizonte.com.br\/sobre\/author\/ebelohorizonte\/","name":"Encontra Belo Horizonte","image":{"@type":"ImageObject","@id":"https:\/\/www.encontrabelohorizonte.com.br\/sobre\/templo-de-belo-horizonte-abre-para-visitacao-publica-no-sabado-13-de-junho\/#authorImage","url":"https:\/\/secure.gravatar.com\/avatar\/507340682b8270222e1f208e23198b6ae7e2c6a1033ae84e99bc6bce4f82a387?s=96&d=mm&r=g","width":96,"height":96,"caption":"Encontra Belo Horizonte"}},{"@type":"WebPage","@id":"https:\/\/www.encontrabelohorizonte.com.br\/sobre\/templo-de-belo-horizonte-abre-para-visitacao-publica-no-sabado-13-de-junho\/#webpage","url":"https:\/\/www.encontrabelohorizonte.com.br\/sobre\/templo-de-belo-horizonte-abre-para-visitacao-publica-no-sabado-13-de-junho\/","name":"Templo de Belo Horizonte Abre para Visita\u00e7\u00e3o P\u00fablica no S\u00e1bado, 13 de Junho | Encontra Belo Horizonte","description":"Templo de Belo Horizonte abre suas portas para visita\u00e7\u00e3o p\u00fablica entre 13 e 27 de junho!","inLanguage":"pt-BR","isPartOf":{"@id":"https:\/\/www.encontrabelohorizonte.com.br\/sobre\/#website"},"breadcrumb":{"@id":"https:\/\/www.encontrabelohorizonte.com.br\/sobre\/templo-de-belo-horizonte-abre-para-visitacao-publica-no-sabado-13-de-junho\/#breadcrumblist"},"author":{"@id":"https:\/\/www.encontrabelohorizonte.com.br\/sobre\/author\/ebelohorizonte\/#author"},"creator":{"@id":"https:\/\/www.encontrabelohorizonte.com.br\/sobre\/author\/ebelohorizonte\/#author"},"image":{"@type":"ImageObject","url":"https:\/\/www.encontrabelohorizonte.com.br\/sobre\/wp-content\/uploads\/templo-de-belo-horizonte-abre-para-visitacao-publica-no-sabado-13-de-junho.webp","@id":"https:\/\/www.encontrabelohorizonte.com.br\/sobre\/templo-de-belo-horizonte-abre-para-visitacao-publica-no-sabado-13-de-junho\/#mainImage","width":280,"height":280,"caption":"Templo de Belo Horizonte"},"primaryImageOfPage":{"@id":"https:\/\/www.encontrabelohorizonte.com.br\/sobre\/templo-de-belo-horizonte-abre-para-visitacao-publica-no-sabado-13-de-junho\/#mainImage"},"datePublished":"2026-06-11T05:15:03-03:00","dateModified":"2026-06-11T05:15:03-03:00"},{"@type":"WebSite","@id":"https:\/\/www.encontrabelohorizonte.com.br\/sobre\/#website","url":"https:\/\/www.encontrabelohorizonte.com.br\/sobre\/","name":"Encontra Belo Horizonte","description":"Not\u00edcias, eventos, informa\u00e7\u00f5es e dicas da cidade de Belo Horizonte e regi\u00e3o","inLanguage":"pt-BR","publisher":{"@id":"https:\/\/www.encontrabelohorizonte.com.br\/sobre\/#organization"}}]},"og:locale":"pt_BR","og:site_name":"Encontra Belo Horizonte | Not\u00edcias, eventos, informa\u00e7\u00f5es e dicas da cidade de Belo Horizonte e regi\u00e3o","og:type":"article","og:title":"Templo de Belo Horizonte Abre para Visita\u00e7\u00e3o P\u00fablica no S\u00e1bado, 13 de Junho | Encontra Belo Horizonte","og:description":"Templo de Belo Horizonte abre suas portas para visita\u00e7\u00e3o p\u00fablica entre 13 e 27 de junho!","og:url":"https:\/\/www.encontrabelohorizonte.com.br\/sobre\/templo-de-belo-horizonte-abre-para-visitacao-publica-no-sabado-13-de-junho\/","article:published_time":"2026-06-11T08:15:03+00:00","article:modified_time":"2026-06-11T08:15:03+00:00","twitter:card":"summary","twitter:title":"Templo de Belo Horizonte Abre para Visita\u00e7\u00e3o P\u00fablica no S\u00e1bado, 13 de Junho | Encontra Belo Horizonte","twitter:description":"Templo de Belo Horizonte abre suas portas para visita\u00e7\u00e3o p\u00fablica entre 13 e 27 de junho!"},"aioseo_meta_data":{"post_id":"4122","title":null,"description":null,"keywords":null,"keyphrases":null,"primary_term":null,"canonical_url":null,"og_title":null,"og_description":null,"og_object_type":"default","og_image_type":"default","og_image_url":null,"og_image_width":null,"og_image_height":null,"og_image_custom_url":null,"og_image_custom_fields":null,"og_video":null,"og_custom_url":null,"og_article_section":null,"og_article_tags":null,"twitter_use_og":false,"twitter_card":"default","twitter_image_type":"default","twitter_image_url":null,"twitter_image_custom_url":null,"twitter_image_custom_fields":null,"twitter_title":null,"twitter_description":null,"schema":{"blockGraphs":[],"customGraphs":[],"default":{"data":{"Article":[],"Course":[],"Dataset":[],"FAQPage":[],"Movie":[],"Person":[],"Product":[],"ProductReview":[],"Car":[],"Recipe":[],"Service":[],"SoftwareApplication":[],"WebPage":[]},"graphName":"","isEnabled":true},"graphs":[]},"schema_type":"default","schema_type_options":null,"pillar_content":false,"robots_default":true,"robots_noindex":false,"robots_noarchive":false,"robots_nosnippet":false,"robots_nofollow":false,"robots_noimageindex":false,"robots_noodp":false,"robots_notranslate":false,"robots_max_snippet":null,"robots_max_videopreview":null,"robots_max_imagepreview":"large","priority":null,"frequency":null,"local_seo":null,"breadcrumb_settings":null,"limit_modified_date":false,"ai":null,"created":"2026-06-11 08:30:05","updated":"2026-06-11 08:30:05","focus_keyword":null,"additional_keywords":null,"truseo_locale":null,"seo_analyzer_scan_date":null},"aioseo_breadcrumb":"<div class=\"aioseo-breadcrumbs\"><span class=\"aioseo-breadcrumb\">\n\t\t\t<a href=\"https:\/\/www.encontrabelohorizonte.com.br\/sobre\" title=\"In\u00edcio\">In\u00edcio<\/a>\n\t\t<\/span><span class=\"aioseo-breadcrumb-separator\">&raquo;<\/span><span class=\"aioseo-breadcrumb\">\n\t\t\t<a href=\"https:\/\/www.encontrabelohorizonte.com.br\/sobre\/noticias\/\" title=\"Not\u00edcias Belo Horizonte\">Not\u00edcias Belo Horizonte<\/a>\n\t\t<\/span><span class=\"aioseo-breadcrumb-separator\">&raquo;<\/span><span class=\"aioseo-breadcrumb\">\n\t\t\tTemplo de Belo Horizonte Abre para Visita\u00e7\u00e3o P\u00fablica no S\u00e1bado, 13 de Junho\n\t\t<\/span><\/div>","aioseo_breadcrumb_json":[{"label":"In\u00edcio","link":"https:\/\/www.encontrabelohorizonte.com.br\/sobre"},{"label":"Not\u00edcias Belo Horizonte","link":"https:\/\/www.encontrabelohorizonte.com.br\/sobre\/noticias\/"},{"label":"Templo de Belo Horizonte Abre para Visita\u00e7\u00e3o P\u00fablica no S\u00e1bado, 13 de Junho","link":"https:\/\/www.encontrabelohorizonte.com.br\/sobre\/templo-de-belo-horizonte-abre-para-visitacao-publica-no-sabado-13-de-junho\/"}],"_links":{"self":[{"href":"https:\/\/www.encontrabelohorizonte.com.br\/sobre\/wp-json\/wp\/v2\/posts\/4122","targetHints":{"allow":["GET"]}}],"collection":[{"href":"https:\/\/www.encontrabelohorizonte.com.br\/sobre\/wp-json\/wp\/v2\/posts"}],"about":[{"href":"https:\/\/www.encontrabelohorizonte.com.br\/sobre\/wp-json\/wp\/v2\/types\/post"}],"author":[{"embeddable":true,"href":"https:\/\/www.encontrabelohorizonte.com.br\/sobre\/wp-json\/wp\/v2\/users\/1"}],"replies":[{"embeddable":true,"href":"https:\/\/www.encontrabelohorizonte.com.br\/sobre\/wp-json\/wp\/v2\/comments?post=4122"}],"version-history":[{"count":0,"href":"https:\/\/www.encontrabelohorizonte.com.br\/sobre\/wp-json\/wp\/v2\/posts\/4122\/revisions"}],"wp:featuredmedia":[{"embeddable":true,"href":"https:\/\/www.encontrabelohorizonte.com.br\/sobre\/wp-json\/wp\/v2\/media\/4121"}],"wp:attachment":[{"href":"https:\/\/www.encontrabelohorizonte.com.br\/sobre\/wp-json\/wp\/v2\/media?parent=4122"}],"wp:term":[{"taxonomy":"category","embeddable":true,"href":"https:\/\/www.encontrabelohorizonte.com.br\/sobre\/wp-json\/wp\/v2\/categories?post=4122"},{"taxonomy":"post_tag","embeddable":true,"href":"https:\/\/www.encontrabelohorizonte.com.br\/sobre\/wp-json\/wp\/v2\/tags?post=4122"}],"curies":[{"name":"wp","href":"https:\/\/api.w.org\/{rel}","templated":true}]}}