{"id":4128,"date":"2026-06-12T05:15:12","date_gmt":"2026-06-12T08:15:12","guid":{"rendered":"https:\/\/www.encontrabelohorizonte.com.br\/sobre\/governador-vistoria-obras-da-linha-2-do-metro-da-regiao-metropolitana-de-belo-horizonte\/"},"modified":"2026-06-12T05:15:12","modified_gmt":"2026-06-12T08:15:12","slug":"governador-vistoria-obras-da-linha-2-do-metro-da-regiao-metropolitana-de-belo-horizonte","status":"publish","type":"post","link":"https:\/\/www.encontrabelohorizonte.com.br\/sobre\/governador-vistoria-obras-da-linha-2-do-metro-da-regiao-metropolitana-de-belo-horizonte\/","title":{"rendered":"Governador vistoria obras da Linha 2 do Metr\u00f4 da Regi\u00e3o Metropolitana de Belo Horizonte"},"content":{"rendered":"<div class=\"2e083cf0b19e2c11948dc6ac054ba979\" data-index=\"1\" style=\"float: none; margin:0px;\">\n<!-- Anuncio display - global -->\r\n<ins class=\"adsbygoogle\"\r\n     style=\"display:block\"\r\n     data-ad-client=\"ca-pub-8585364105181520\"\r\n     data-ad-slot=\"8789329856\"\r\n     data-ad-format=\"auto\"\r\n     data-full-width-responsive=\"true\"><\/ins>\r\n<script>\r\n     (adsbygoogle = window.adsbygoogle || []).push({});\r\n<\/script>\n<\/div>\n<h2>Objetivos da Linha 2 do Metr\u00f4<\/h2>\n<p>A Linha 2 do Metr\u00f4 da Regi\u00e3o Metropolitana de Belo Horizonte tem como objetivo primordial melhorar a mobilidade urbana da popula\u00e7\u00e3o. O novo trajeto visa facilitar o transporte entre bairros estrat\u00e9gicos, promovendo uma integra\u00e7\u00e3o mais eficiente com outros modais de transporte. Com a constru\u00e7\u00e3o dessa linha, espera-se que o n\u00famero de usu\u00e1rios do metr\u00f4 aumente significativamente, contribuindo para a redu\u00e7\u00e3o de tr\u00e1fego nas vias da cidade.<\/p>\n<h2>Detalhes das Obras em Andamento<\/h2>\n<p>Atualmente, as obras da Linha 2 est\u00e3o em pleno andamento, com destaque para as esta\u00e7\u00f5es Nova Su\u00ed\u00e7a e Amazonas, que apresentam um progresso avan\u00e7ado. O projeto abrange uma extens\u00e3o de 10,5 quil\u00f4metros, e no total ser\u00e3o sete novas esta\u00e7\u00f5es. O planejamento contempla obras que seguir\u00e3o as normas de seguran\u00e7a e acessibilidade, assegurando que todos os cidad\u00e3os possam utilizar o sistema de transporte p\u00fablico com conforto.<\/p>\n<h2>Import\u00e2ncia da Linha 2 para os Cidad\u00e3os<\/h2>\n<p>A nova linha de metr\u00f4 \u00e9 crucial para os cidad\u00e3os da regi\u00e3o, pois oferece uma alternativa aos deslocamentos feitos por ve\u00edculos particulares, que frequentemente resultam em congestionamentos e longos per\u00edodos de espera. Ao disponibilizar um meio de transporte mais r\u00e1pido e eficiente, a Linha 2 ir\u00e1 beneficiar n\u00e3o apenas aqueles que dependem do transporte p\u00fablico, mas tamb\u00e9m ir\u00e1 facilitar a vida de motoristas, ao diminuir o volume de tr\u00e2nsito. <\/p>\n<p><img decoding=\"async\" src=\"https:\/\/www.encontrabelohorizonte.com.br\/sobre\/wp-content\/uploads\/governador-vistoria-obras-da-linha-2-do-metro-da-regiao-metropolitana-de-belo-horizonte.webp\" alt=\"\" loading=\"lazy\" \/><\/p>\n<h2>Cronograma de Entrega das Esta\u00e7\u00f5es<\/h2>\n<p>A previs\u00e3o de conclus\u00e3o das obras da Linha 2 \u00e9 para o in\u00edcio de julho, com um cronograma que visa acelerar ao m\u00e1ximo a entrega das esta\u00e7\u00f5es. O governo, junto \u00e0 equipe do Metr\u00f4 BH, est\u00e1 trabalhando incansavelmente para que a popula\u00e7\u00e3o possa usufruir das melhorias no transporte o mais r\u00e1pido poss\u00edvel, com opera\u00e7\u00f5es programadas para come\u00e7ar em 2028, embora haja esfor\u00e7os significativos para antecipar esse prazo.<\/p>\n<h2>Esta\u00e7\u00e3o Nova Su\u00ed\u00e7a: Um Marco<\/h2>\n<p>A Esta\u00e7\u00e3o Nova Su\u00ed\u00e7a representa um marco importante na infraestrutura de transporte da regi\u00e3o. Localizada em uma \u00e1rea estrat\u00e9gica, ela visa atender a uma grande demanda por transporte p\u00fablico, conectando diretamente o p\u00fablico a outros modais que se encontram nas proximidades. Esta esta\u00e7\u00e3o estar\u00e1 equipada com comodidades que garantir\u00e3o uma experi\u00eancia de viagens mais agrad\u00e1vel e r\u00e1pida para todos os usu\u00e1rios.<\/p>\n<h2>Benef\u00edcios Esperados com a Nova Linha<\/h2>\n<p>Com a conclus\u00e3o da Linha 2, os benef\u00edcios projetados s\u00e3o diversos e impactantes. Entre eles, destaca-se a melhora na fluidez do tr\u00e1fego urbano, a redu\u00e7\u00e3o do tempo de deslocamento, a diminui\u00e7\u00e3o na emiss\u00e3o de poluentes, al\u00e9m do est\u00edmulo ao com\u00e9rcio local em \u00e1reas que ir\u00e3o contar com as novas esta\u00e7\u00f5es. Al\u00e9m disso, o aumento da acessibilidade ao transporte p\u00fablico potencializa a inclus\u00e3o social, promovendo o direito ao ir e vir.<\/p>\n<h2>Conex\u00f5es Estrat\u00e9gicas da Linha 2<\/h2>\n<p>Uma das caracter\u00edsticas mais importantes da Linha 2 \u00e9 sua capacidade de conectar diferentes regi\u00f5es da cidade a pontos estrat\u00e9gicos. Isso incluir\u00e1 liga\u00e7\u00f5es com \u00e1reas de grande movimenta\u00e7\u00e3o, como bairros populosos e centros comerciais, permitindo que mais pessoas tenham acesso a servi\u00e7os e oportunidades de trabalho com mais facilidade. As conex\u00f5es estabelecidas pela nova linha v\u00e3o possibilitar um deslocamento mais integrado e \u00e1gil pela cidade.<\/p>\n<h2>Expectativa de In\u00edcio das Opera\u00e7\u00f5es<\/h2>\n<p>O inicio das opera\u00e7\u00f5es da Linha 2 est\u00e1 previsto para 2028. No entanto, os esfor\u00e7os para acelerar a entrega do sistema de transportes s\u00e3o vis\u00edveis. O governo de Minas, junto ao Metr\u00f4 BH, est\u00e1 coordenando diversas a\u00e7\u00f5es para que a popula\u00e7\u00e3o possa ter acesso a essa nova infraestrutura o quanto antes. A expectativa \u00e9 que a nova linha se torne um exemplo de efici\u00eancia em mobilidade urbana.<\/p>\n<h2>Aumento da Mobilidade na Regi\u00e3o<\/h2>\n<p>Um dos principais resultados esperados com a Linha 2 do Metr\u00f4 \u00e9 o aumento significativo na mobilidade na Regi\u00e3o Metropolitana de Belo Horizonte. A nova linha permitir\u00e1 que mais pessoas tenham acesso r\u00e1pido e eficiente ao transporte p\u00fablico, reduzindo a depend\u00eancia de ve\u00edculos pr\u00f3prios e promovendo deslocamentos mais sustent\u00e1veis. Al\u00e9m disso, ir\u00e1 beneficiar \u00e1reas que n\u00e3o possu\u00edam um acesso adequado anteriormente ao sistema de metr\u00f4.<\/p>\n<h2>Compromisso do Governo com Melhorias<\/h2>\n<p>O governo de Minas Gerais demonstrou um compromisso claro com melhorias na infraestrutura de transporte p\u00fablico, e a constru\u00e7\u00e3o da Linha 2 do Metr\u00f4 \u00e9 uma etapa fundamental nesse processo. As obras n\u00e3o apenas representam um investimento no transporte atual, mas tamb\u00e9m um olhar para o futuro, com a inten\u00e7\u00e3o de criar um sistema de transporte que atenda \u00e0s necessidades da crescente demanda populacional da regi\u00e3o. A transpar\u00eancia e o planejamento cuidadoso s\u00e3o pilares deste projeto.<\/p>\n\n<div style=\"font-size: 0px; height: 0px; line-height: 0px; margin: 0; padding: 0; clear: both;\"><\/div>","protected":false},"excerpt":{"rendered":"<p>Linha 2 do Metr\u00f4: governador vistoria as obras em Belo Horizonte.<\/p>\n","protected":false},"author":1,"featured_media":4127,"comment_status":"closed","ping_status":"closed","sticky":false,"template":"","format":"standard","meta":{"footnotes":""},"categories":[6],"tags":[],"class_list":["post-4128","post","type-post","status-publish","format-standard","has-post-thumbnail","hentry","category-noticias","has_thumb"],"aioseo_notices":[],"aioseo_head":"\n\t\t<!-- All in One SEO 5.0.0.1 - aioseo.com -->\n\t<meta name=\"description\" content=\"Linha 2 do Metr\u00f4: governador vistoria as obras em Belo Horizonte.\" \/>\n\t<meta name=\"robots\" content=\"max-image-preview:large\" \/>\n\t<meta name=\"author\" content=\"Encontra Belo Horizonte\"\/>\n\t<link rel=\"canonical\" href=\"https:\/\/www.encontrabelohorizonte.com.br\/sobre\/governador-vistoria-obras-da-linha-2-do-metro-da-regiao-metropolitana-de-belo-horizonte\/\" \/>\n\t<meta name=\"generator\" content=\"All in One SEO (AIOSEO) 5.0.0.1\" \/>\n\t\t<meta property=\"og:locale\" content=\"pt_BR\" \/>\n\t\t<meta property=\"og:site_name\" content=\"Encontra Belo Horizonte | Not\u00edcias, eventos, informa\u00e7\u00f5es e dicas da cidade de Belo Horizonte e regi\u00e3o\" \/>\n\t\t<meta property=\"og:type\" content=\"article\" \/>\n\t\t<meta property=\"og:title\" content=\"Governador vistoria obras da Linha 2 do Metr\u00f4 da Regi\u00e3o Metropolitana de Belo Horizonte | Encontra Belo Horizonte\" \/>\n\t\t<meta property=\"og:description\" content=\"Linha 2 do Metr\u00f4: governador vistoria as obras em Belo Horizonte.\" \/>\n\t\t<meta property=\"og:url\" content=\"https:\/\/www.encontrabelohorizonte.com.br\/sobre\/governador-vistoria-obras-da-linha-2-do-metro-da-regiao-metropolitana-de-belo-horizonte\/\" \/>\n\t\t<meta property=\"article:published_time\" content=\"2026-06-12T08:15:12+00:00\" \/>\n\t\t<meta property=\"article:modified_time\" content=\"2026-06-12T08:15:12+00:00\" \/>\n\t\t<meta name=\"twitter:card\" content=\"summary\" \/>\n\t\t<meta name=\"twitter:title\" content=\"Governador vistoria obras da Linha 2 do Metr\u00f4 da Regi\u00e3o Metropolitana de Belo Horizonte | Encontra Belo Horizonte\" \/>\n\t\t<meta name=\"twitter:description\" content=\"Linha 2 do Metr\u00f4: governador vistoria as obras em Belo Horizonte.\" \/>\n\t\t<script type=\"application\/ld+json\" class=\"aioseo-schema\">\n\t\t\t{\"@context\":\"https:\\\/\\\/schema.org\",\"@graph\":[{\"@type\":\"Article\",\"@id\":\"https:\\\/\\\/www.encontrabelohorizonte.com.br\\\/sobre\\\/governador-vistoria-obras-da-linha-2-do-metro-da-regiao-metropolitana-de-belo-horizonte\\\/#article\",\"name\":\"Governador vistoria obras da Linha 2 do Metr\\u00f4 da Regi\\u00e3o Metropolitana de Belo Horizonte | Encontra Belo Horizonte\",\"headline\":\"Governador vistoria obras da Linha 2 do Metr\\u00f4 da Regi\\u00e3o Metropolitana de Belo Horizonte\",\"author\":{\"@id\":\"https:\\\/\\\/www.encontrabelohorizonte.com.br\\\/sobre\\\/author\\\/ebelohorizonte\\\/#author\"},\"publisher\":{\"@id\":\"https:\\\/\\\/www.encontrabelohorizonte.com.br\\\/sobre\\\/#organization\"},\"image\":{\"@type\":\"ImageObject\",\"url\":\"https:\\\/\\\/www.encontrabelohorizonte.com.br\\\/sobre\\\/wp-content\\\/uploads\\\/governador-vistoria-obras-da-linha-2-do-metro-da-regiao-metropolitana-de-belo-horizonte.webp\",\"width\":280,\"height\":280},\"datePublished\":\"2026-06-12T05:15:12-03:00\",\"dateModified\":\"2026-06-12T05:15:12-03:00\",\"inLanguage\":\"pt-BR\",\"mainEntityOfPage\":{\"@id\":\"https:\\\/\\\/www.encontrabelohorizonte.com.br\\\/sobre\\\/governador-vistoria-obras-da-linha-2-do-metro-da-regiao-metropolitana-de-belo-horizonte\\\/#webpage\"},\"isPartOf\":{\"@id\":\"https:\\\/\\\/www.encontrabelohorizonte.com.br\\\/sobre\\\/governador-vistoria-obras-da-linha-2-do-metro-da-regiao-metropolitana-de-belo-horizonte\\\/#webpage\"},\"articleSection\":\"Not\\u00edcias Belo Horizonte\"},{\"@type\":\"BreadcrumbList\",\"@id\":\"https:\\\/\\\/www.encontrabelohorizonte.com.br\\\/sobre\\\/governador-vistoria-obras-da-linha-2-do-metro-da-regiao-metropolitana-de-belo-horizonte\\\/#breadcrumblist\",\"itemListElement\":[{\"@type\":\"ListItem\",\"@id\":\"https:\\\/\\\/www.encontrabelohorizonte.com.br\\\/sobre#listItem\",\"position\":1,\"name\":\"In\\u00edcio\",\"item\":\"https:\\\/\\\/www.encontrabelohorizonte.com.br\\\/sobre\",\"nextItem\":{\"@type\":\"ListItem\",\"@id\":\"https:\\\/\\\/www.encontrabelohorizonte.com.br\\\/sobre\\\/noticias\\\/#listItem\",\"name\":\"Not\\u00edcias Belo Horizonte\"}},{\"@type\":\"ListItem\",\"@id\":\"https:\\\/\\\/www.encontrabelohorizonte.com.br\\\/sobre\\\/noticias\\\/#listItem\",\"position\":2,\"name\":\"Not\\u00edcias Belo Horizonte\",\"item\":\"https:\\\/\\\/www.encontrabelohorizonte.com.br\\\/sobre\\\/noticias\\\/\",\"nextItem\":{\"@type\":\"ListItem\",\"@id\":\"https:\\\/\\\/www.encontrabelohorizonte.com.br\\\/sobre\\\/governador-vistoria-obras-da-linha-2-do-metro-da-regiao-metropolitana-de-belo-horizonte\\\/#listItem\",\"name\":\"Governador vistoria obras da Linha 2 do Metr\\u00f4 da Regi\\u00e3o Metropolitana de Belo Horizonte\"},\"previousItem\":{\"@type\":\"ListItem\",\"@id\":\"https:\\\/\\\/www.encontrabelohorizonte.com.br\\\/sobre#listItem\",\"name\":\"In\\u00edcio\"}},{\"@type\":\"ListItem\",\"@id\":\"https:\\\/\\\/www.encontrabelohorizonte.com.br\\\/sobre\\\/governador-vistoria-obras-da-linha-2-do-metro-da-regiao-metropolitana-de-belo-horizonte\\\/#listItem\",\"position\":3,\"name\":\"Governador vistoria obras da Linha 2 do Metr\\u00f4 da Regi\\u00e3o Metropolitana de Belo Horizonte\",\"previousItem\":{\"@type\":\"ListItem\",\"@id\":\"https:\\\/\\\/www.encontrabelohorizonte.com.br\\\/sobre\\\/noticias\\\/#listItem\",\"name\":\"Not\\u00edcias Belo Horizonte\"}}]},{\"@type\":\"Organization\",\"@id\":\"https:\\\/\\\/www.encontrabelohorizonte.com.br\\\/sobre\\\/#organization\",\"name\":\"Encontra Belo Horizonte\",\"description\":\"Not\\u00edcias, eventos, informa\\u00e7\\u00f5es e dicas da cidade de Belo Horizonte e regi\\u00e3o\",\"url\":\"https:\\\/\\\/www.encontrabelohorizonte.com.br\\\/sobre\\\/\"},{\"@type\":\"Person\",\"@id\":\"https:\\\/\\\/www.encontrabelohorizonte.com.br\\\/sobre\\\/author\\\/ebelohorizonte\\\/#author\",\"url\":\"https:\\\/\\\/www.encontrabelohorizonte.com.br\\\/sobre\\\/author\\\/ebelohorizonte\\\/\",\"name\":\"Encontra Belo Horizonte\",\"image\":{\"@type\":\"ImageObject\",\"@id\":\"https:\\\/\\\/www.encontrabelohorizonte.com.br\\\/sobre\\\/governador-vistoria-obras-da-linha-2-do-metro-da-regiao-metropolitana-de-belo-horizonte\\\/#authorImage\",\"url\":\"https:\\\/\\\/secure.gravatar.com\\\/avatar\\\/507340682b8270222e1f208e23198b6ae7e2c6a1033ae84e99bc6bce4f82a387?s=96&d=mm&r=g\",\"width\":96,\"height\":96,\"caption\":\"Encontra Belo Horizonte\"}},{\"@type\":\"WebPage\",\"@id\":\"https:\\\/\\\/www.encontrabelohorizonte.com.br\\\/sobre\\\/governador-vistoria-obras-da-linha-2-do-metro-da-regiao-metropolitana-de-belo-horizonte\\\/#webpage\",\"url\":\"https:\\\/\\\/www.encontrabelohorizonte.com.br\\\/sobre\\\/governador-vistoria-obras-da-linha-2-do-metro-da-regiao-metropolitana-de-belo-horizonte\\\/\",\"name\":\"Governador vistoria obras da Linha 2 do Metr\\u00f4 da Regi\\u00e3o Metropolitana de Belo Horizonte | Encontra Belo Horizonte\",\"description\":\"Linha 2 do Metr\\u00f4: governador vistoria as obras em Belo Horizonte.\",\"inLanguage\":\"pt-BR\",\"isPartOf\":{\"@id\":\"https:\\\/\\\/www.encontrabelohorizonte.com.br\\\/sobre\\\/#website\"},\"breadcrumb\":{\"@id\":\"https:\\\/\\\/www.encontrabelohorizonte.com.br\\\/sobre\\\/governador-vistoria-obras-da-linha-2-do-metro-da-regiao-metropolitana-de-belo-horizonte\\\/#breadcrumblist\"},\"author\":{\"@id\":\"https:\\\/\\\/www.encontrabelohorizonte.com.br\\\/sobre\\\/author\\\/ebelohorizonte\\\/#author\"},\"creator\":{\"@id\":\"https:\\\/\\\/www.encontrabelohorizonte.com.br\\\/sobre\\\/author\\\/ebelohorizonte\\\/#author\"},\"image\":{\"@type\":\"ImageObject\",\"url\":\"https:\\\/\\\/www.encontrabelohorizonte.com.br\\\/sobre\\\/wp-content\\\/uploads\\\/governador-vistoria-obras-da-linha-2-do-metro-da-regiao-metropolitana-de-belo-horizonte.webp\",\"@id\":\"https:\\\/\\\/www.encontrabelohorizonte.com.br\\\/sobre\\\/governador-vistoria-obras-da-linha-2-do-metro-da-regiao-metropolitana-de-belo-horizonte\\\/#mainImage\",\"width\":280,\"height\":280},\"primaryImageOfPage\":{\"@id\":\"https:\\\/\\\/www.encontrabelohorizonte.com.br\\\/sobre\\\/governador-vistoria-obras-da-linha-2-do-metro-da-regiao-metropolitana-de-belo-horizonte\\\/#mainImage\"},\"datePublished\":\"2026-06-12T05:15:12-03:00\",\"dateModified\":\"2026-06-12T05:15:12-03:00\"},{\"@type\":\"WebSite\",\"@id\":\"https:\\\/\\\/www.encontrabelohorizonte.com.br\\\/sobre\\\/#website\",\"url\":\"https:\\\/\\\/www.encontrabelohorizonte.com.br\\\/sobre\\\/\",\"name\":\"Encontra Belo Horizonte\",\"description\":\"Not\\u00edcias, eventos, informa\\u00e7\\u00f5es e dicas da cidade de Belo Horizonte e regi\\u00e3o\",\"inLanguage\":\"pt-BR\",\"publisher\":{\"@id\":\"https:\\\/\\\/www.encontrabelohorizonte.com.br\\\/sobre\\\/#organization\"}}]}\n\t\t<\/script>\n\t\t<!-- All in One SEO -->\n\n","aioseo_head_json":{"title":"Governador vistoria obras da Linha 2 do Metr\u00f4 da Regi\u00e3o Metropolitana de Belo Horizonte | Encontra Belo Horizonte","description":"Linha 2 do Metr\u00f4: governador vistoria as obras em Belo Horizonte.","canonical_url":"https:\/\/www.encontrabelohorizonte.com.br\/sobre\/governador-vistoria-obras-da-linha-2-do-metro-da-regiao-metropolitana-de-belo-horizonte\/","robots":"max-image-preview:large","keywords":"","webmasterTools":{"miscellaneous":""},"schema":{"@context":"https:\/\/schema.org","@graph":[{"@type":"Article","@id":"https:\/\/www.encontrabelohorizonte.com.br\/sobre\/governador-vistoria-obras-da-linha-2-do-metro-da-regiao-metropolitana-de-belo-horizonte\/#article","name":"Governador vistoria obras da Linha 2 do Metr\u00f4 da Regi\u00e3o Metropolitana de Belo Horizonte | Encontra Belo Horizonte","headline":"Governador vistoria obras da Linha 2 do Metr\u00f4 da Regi\u00e3o Metropolitana de Belo Horizonte","author":{"@id":"https:\/\/www.encontrabelohorizonte.com.br\/sobre\/author\/ebelohorizonte\/#author"},"publisher":{"@id":"https:\/\/www.encontrabelohorizonte.com.br\/sobre\/#organization"},"image":{"@type":"ImageObject","url":"https:\/\/www.encontrabelohorizonte.com.br\/sobre\/wp-content\/uploads\/governador-vistoria-obras-da-linha-2-do-metro-da-regiao-metropolitana-de-belo-horizonte.webp","width":280,"height":280},"datePublished":"2026-06-12T05:15:12-03:00","dateModified":"2026-06-12T05:15:12-03:00","inLanguage":"pt-BR","mainEntityOfPage":{"@id":"https:\/\/www.encontrabelohorizonte.com.br\/sobre\/governador-vistoria-obras-da-linha-2-do-metro-da-regiao-metropolitana-de-belo-horizonte\/#webpage"},"isPartOf":{"@id":"https:\/\/www.encontrabelohorizonte.com.br\/sobre\/governador-vistoria-obras-da-linha-2-do-metro-da-regiao-metropolitana-de-belo-horizonte\/#webpage"},"articleSection":"Not\u00edcias Belo Horizonte"},{"@type":"BreadcrumbList","@id":"https:\/\/www.encontrabelohorizonte.com.br\/sobre\/governador-vistoria-obras-da-linha-2-do-metro-da-regiao-metropolitana-de-belo-horizonte\/#breadcrumblist","itemListElement":[{"@type":"ListItem","@id":"https:\/\/www.encontrabelohorizonte.com.br\/sobre#listItem","position":1,"name":"In\u00edcio","item":"https:\/\/www.encontrabelohorizonte.com.br\/sobre","nextItem":{"@type":"ListItem","@id":"https:\/\/www.encontrabelohorizonte.com.br\/sobre\/noticias\/#listItem","name":"Not\u00edcias Belo Horizonte"}},{"@type":"ListItem","@id":"https:\/\/www.encontrabelohorizonte.com.br\/sobre\/noticias\/#listItem","position":2,"name":"Not\u00edcias Belo Horizonte","item":"https:\/\/www.encontrabelohorizonte.com.br\/sobre\/noticias\/","nextItem":{"@type":"ListItem","@id":"https:\/\/www.encontrabelohorizonte.com.br\/sobre\/governador-vistoria-obras-da-linha-2-do-metro-da-regiao-metropolitana-de-belo-horizonte\/#listItem","name":"Governador vistoria obras da Linha 2 do Metr\u00f4 da Regi\u00e3o Metropolitana de Belo Horizonte"},"previousItem":{"@type":"ListItem","@id":"https:\/\/www.encontrabelohorizonte.com.br\/sobre#listItem","name":"In\u00edcio"}},{"@type":"ListItem","@id":"https:\/\/www.encontrabelohorizonte.com.br\/sobre\/governador-vistoria-obras-da-linha-2-do-metro-da-regiao-metropolitana-de-belo-horizonte\/#listItem","position":3,"name":"Governador vistoria obras da Linha 2 do Metr\u00f4 da Regi\u00e3o Metropolitana de Belo Horizonte","previousItem":{"@type":"ListItem","@id":"https:\/\/www.encontrabelohorizonte.com.br\/sobre\/noticias\/#listItem","name":"Not\u00edcias Belo Horizonte"}}]},{"@type":"Organization","@id":"https:\/\/www.encontrabelohorizonte.com.br\/sobre\/#organization","name":"Encontra Belo Horizonte","description":"Not\u00edcias, eventos, informa\u00e7\u00f5es e dicas da cidade de Belo Horizonte e regi\u00e3o","url":"https:\/\/www.encontrabelohorizonte.com.br\/sobre\/"},{"@type":"Person","@id":"https:\/\/www.encontrabelohorizonte.com.br\/sobre\/author\/ebelohorizonte\/#author","url":"https:\/\/www.encontrabelohorizonte.com.br\/sobre\/author\/ebelohorizonte\/","name":"Encontra Belo Horizonte","image":{"@type":"ImageObject","@id":"https:\/\/www.encontrabelohorizonte.com.br\/sobre\/governador-vistoria-obras-da-linha-2-do-metro-da-regiao-metropolitana-de-belo-horizonte\/#authorImage","url":"https:\/\/secure.gravatar.com\/avatar\/507340682b8270222e1f208e23198b6ae7e2c6a1033ae84e99bc6bce4f82a387?s=96&d=mm&r=g","width":96,"height":96,"caption":"Encontra Belo Horizonte"}},{"@type":"WebPage","@id":"https:\/\/www.encontrabelohorizonte.com.br\/sobre\/governador-vistoria-obras-da-linha-2-do-metro-da-regiao-metropolitana-de-belo-horizonte\/#webpage","url":"https:\/\/www.encontrabelohorizonte.com.br\/sobre\/governador-vistoria-obras-da-linha-2-do-metro-da-regiao-metropolitana-de-belo-horizonte\/","name":"Governador vistoria obras da Linha 2 do Metr\u00f4 da Regi\u00e3o Metropolitana de Belo Horizonte | Encontra Belo Horizonte","description":"Linha 2 do Metr\u00f4: governador vistoria as obras em Belo Horizonte.","inLanguage":"pt-BR","isPartOf":{"@id":"https:\/\/www.encontrabelohorizonte.com.br\/sobre\/#website"},"breadcrumb":{"@id":"https:\/\/www.encontrabelohorizonte.com.br\/sobre\/governador-vistoria-obras-da-linha-2-do-metro-da-regiao-metropolitana-de-belo-horizonte\/#breadcrumblist"},"author":{"@id":"https:\/\/www.encontrabelohorizonte.com.br\/sobre\/author\/ebelohorizonte\/#author"},"creator":{"@id":"https:\/\/www.encontrabelohorizonte.com.br\/sobre\/author\/ebelohorizonte\/#author"},"image":{"@type":"ImageObject","url":"https:\/\/www.encontrabelohorizonte.com.br\/sobre\/wp-content\/uploads\/governador-vistoria-obras-da-linha-2-do-metro-da-regiao-metropolitana-de-belo-horizonte.webp","@id":"https:\/\/www.encontrabelohorizonte.com.br\/sobre\/governador-vistoria-obras-da-linha-2-do-metro-da-regiao-metropolitana-de-belo-horizonte\/#mainImage","width":280,"height":280},"primaryImageOfPage":{"@id":"https:\/\/www.encontrabelohorizonte.com.br\/sobre\/governador-vistoria-obras-da-linha-2-do-metro-da-regiao-metropolitana-de-belo-horizonte\/#mainImage"},"datePublished":"2026-06-12T05:15:12-03:00","dateModified":"2026-06-12T05:15:12-03:00"},{"@type":"WebSite","@id":"https:\/\/www.encontrabelohorizonte.com.br\/sobre\/#website","url":"https:\/\/www.encontrabelohorizonte.com.br\/sobre\/","name":"Encontra Belo Horizonte","description":"Not\u00edcias, eventos, informa\u00e7\u00f5es e dicas da cidade de Belo Horizonte e regi\u00e3o","inLanguage":"pt-BR","publisher":{"@id":"https:\/\/www.encontrabelohorizonte.com.br\/sobre\/#organization"}}]},"og:locale":"pt_BR","og:site_name":"Encontra Belo Horizonte | Not\u00edcias, eventos, informa\u00e7\u00f5es e dicas da cidade de Belo Horizonte e regi\u00e3o","og:type":"article","og:title":"Governador vistoria obras da Linha 2 do Metr\u00f4 da Regi\u00e3o Metropolitana de Belo Horizonte | Encontra Belo Horizonte","og:description":"Linha 2 do Metr\u00f4: governador vistoria as obras em Belo Horizonte.","og:url":"https:\/\/www.encontrabelohorizonte.com.br\/sobre\/governador-vistoria-obras-da-linha-2-do-metro-da-regiao-metropolitana-de-belo-horizonte\/","article:published_time":"2026-06-12T08:15:12+00:00","article:modified_time":"2026-06-12T08:15:12+00:00","twitter:card":"summary","twitter:title":"Governador vistoria obras da Linha 2 do Metr\u00f4 da Regi\u00e3o Metropolitana de Belo Horizonte | Encontra Belo Horizonte","twitter:description":"Linha 2 do Metr\u00f4: governador vistoria as obras em Belo Horizonte."},"aioseo_meta_data":{"post_id":"4128","title":null,"description":null,"keywords":null,"keyphrases":null,"primary_term":null,"canonical_url":null,"og_title":null,"og_description":null,"og_object_type":"default","og_image_type":"default","og_image_url":null,"og_image_width":null,"og_image_height":null,"og_image_custom_url":null,"og_image_custom_fields":null,"og_video":null,"og_custom_url":null,"og_article_section":null,"og_article_tags":null,"twitter_use_og":false,"twitter_card":"default","twitter_image_type":"default","twitter_image_url":null,"twitter_image_custom_url":null,"twitter_image_custom_fields":null,"twitter_title":null,"twitter_description":null,"schema":{"blockGraphs":[],"customGraphs":[],"default":{"data":{"Article":[],"Course":[],"Dataset":[],"FAQPage":[],"Movie":[],"Person":[],"Product":[],"ProductReview":[],"Car":[],"Recipe":[],"Service":[],"SoftwareApplication":[],"WebPage":[]},"graphName":"WebPage","isEnabled":true},"graphs":[]},"schema_type":"default","schema_type_options":null,"pillar_content":false,"robots_default":true,"robots_noindex":false,"robots_noarchive":false,"robots_nosnippet":false,"robots_nofollow":false,"robots_noimageindex":false,"robots_noodp":false,"robots_notranslate":false,"robots_max_snippet":null,"robots_max_videopreview":null,"robots_max_imagepreview":"large","priority":null,"frequency":null,"local_seo":null,"breadcrumb_settings":null,"limit_modified_date":false,"ai":null,"created":"2026-06-12 08:33:27","updated":"2026-06-12 08:54:39","focus_keyword":null,"additional_keywords":null,"truseo_locale":null,"seo_analyzer_scan_date":null},"aioseo_breadcrumb":"<div class=\"aioseo-breadcrumbs\"><span class=\"aioseo-breadcrumb\">\n\t\t\t<a href=\"https:\/\/www.encontrabelohorizonte.com.br\/sobre\" title=\"In\u00edcio\">In\u00edcio<\/a>\n\t\t<\/span><span class=\"aioseo-breadcrumb-separator\">&raquo;<\/span><span class=\"aioseo-breadcrumb\">\n\t\t\t<a href=\"https:\/\/www.encontrabelohorizonte.com.br\/sobre\/noticias\/\" title=\"Not\u00edcias Belo Horizonte\">Not\u00edcias Belo Horizonte<\/a>\n\t\t<\/span><span class=\"aioseo-breadcrumb-separator\">&raquo;<\/span><span class=\"aioseo-breadcrumb\">\n\t\t\tGovernador vistoria obras da Linha 2 do Metr\u00f4 da Regi\u00e3o Metropolitana de Belo Horizonte\n\t\t<\/span><\/div>","aioseo_breadcrumb_json":[{"label":"In\u00edcio","link":"https:\/\/www.encontrabelohorizonte.com.br\/sobre"},{"label":"Not\u00edcias Belo Horizonte","link":"https:\/\/www.encontrabelohorizonte.com.br\/sobre\/noticias\/"},{"label":"Governador vistoria obras da Linha 2 do Metr\u00f4 da Regi\u00e3o Metropolitana de Belo Horizonte","link":"https:\/\/www.encontrabelohorizonte.com.br\/sobre\/governador-vistoria-obras-da-linha-2-do-metro-da-regiao-metropolitana-de-belo-horizonte\/"}],"_links":{"self":[{"href":"https:\/\/www.encontrabelohorizonte.com.br\/sobre\/wp-json\/wp\/v2\/posts\/4128","targetHints":{"allow":["GET"]}}],"collection":[{"href":"https:\/\/www.encontrabelohorizonte.com.br\/sobre\/wp-json\/wp\/v2\/posts"}],"about":[{"href":"https:\/\/www.encontrabelohorizonte.com.br\/sobre\/wp-json\/wp\/v2\/types\/post"}],"author":[{"embeddable":true,"href":"https:\/\/www.encontrabelohorizonte.com.br\/sobre\/wp-json\/wp\/v2\/users\/1"}],"replies":[{"embeddable":true,"href":"https:\/\/www.encontrabelohorizonte.com.br\/sobre\/wp-json\/wp\/v2\/comments?post=4128"}],"version-history":[{"count":0,"href":"https:\/\/www.encontrabelohorizonte.com.br\/sobre\/wp-json\/wp\/v2\/posts\/4128\/revisions"}],"wp:featuredmedia":[{"embeddable":true,"href":"https:\/\/www.encontrabelohorizonte.com.br\/sobre\/wp-json\/wp\/v2\/media\/4127"}],"wp:attachment":[{"href":"https:\/\/www.encontrabelohorizonte.com.br\/sobre\/wp-json\/wp\/v2\/media?parent=4128"}],"wp:term":[{"taxonomy":"category","embeddable":true,"href":"https:\/\/www.encontrabelohorizonte.com.br\/sobre\/wp-json\/wp\/v2\/categories?post=4128"},{"taxonomy":"post_tag","embeddable":true,"href":"https:\/\/www.encontrabelohorizonte.com.br\/sobre\/wp-json\/wp\/v2\/tags?post=4128"}],"curies":[{"name":"wp","href":"https:\/\/api.w.org\/{rel}","templated":true}]}}