{"id":4132,"date":"2026-06-12T05:17:31","date_gmt":"2026-06-12T08:17:31","guid":{"rendered":"https:\/\/www.encontrabelohorizonte.com.br\/sobre\/tce\/"},"modified":"2026-06-12T05:17:31","modified_gmt":"2026-06-12T08:17:31","slug":"tce","status":"publish","type":"post","link":"https:\/\/www.encontrabelohorizonte.com.br\/sobre\/tce\/","title":{"rendered":"TCE"},"content":{"rendered":"<div class=\"2e083cf0b19e2c11948dc6ac054ba979\" data-index=\"1\" style=\"float: none; margin:0px;\">\n<!-- Anuncio display - global -->\r\n<ins class=\"adsbygoogle\"\r\n     style=\"display:block\"\r\n     data-ad-client=\"ca-pub-8585364105181520\"\r\n     data-ad-slot=\"8789329856\"\r\n     data-ad-format=\"auto\"\r\n     data-full-width-responsive=\"true\"><\/ins>\r\n<script>\r\n     (adsbygoogle = window.adsbygoogle || []).push({});\r\n<\/script>\n<\/div>\n<h2>O que \u00e9 o Congresso Internacional de Controle e Pol\u00edticas P\u00fablicas?<\/h2>\n<p>O <strong>Congresso Internacional de Controle e Pol\u00edticas P\u00fablicas<\/strong> \u00e9 um evento de destaque que re\u00fane especialistas diversos com o objetivo de discutir e analisar aspectos relacionados ao controle e \u00e0 efic\u00e1cia das pol\u00edticas p\u00fablicas no Brasil e no mundo. O d\u00e9cimo congresso, realizado em <strong>Belo Horizonte<\/strong> entre os dias <strong>19 e 22 de maio<\/strong>, foi uma plataforma que possibilitou a troca de conhecimentos entre representantes de tribunais de contas, autoridades governamentais e organismos internacionais. As tem\u00e1ticas abordadas inclu\u00edram a avalia\u00e7\u00e3o e monitoramento das pol\u00edticas p\u00fablicas, a transforma\u00e7\u00e3o digital na administra\u00e7\u00e3o p\u00fablica e a utiliza\u00e7\u00e3o de indicadores para melhorar a tomada de decis\u00f5es.<\/p>\n<h2>Objetivos do TCE-PB no evento<\/h2>\n<p>A participa\u00e7\u00e3o do Tribunal de Contas da Para\u00edba (<strong>TCE-PB<\/strong>) nesse congresso tinha como foco principal a promo\u00e7\u00e3o do <strong>compromisso institucional<\/strong> voltado para a <strong>moderniza\u00e7\u00e3o e qualifica\u00e7\u00e3o t\u00e9cnica<\/strong> de sua equipe. Os objetivos foram:<\/p>\n<ul>\n<li>Consolidar sua atua\u00e7\u00e3o na avalia\u00e7\u00e3o das pol\u00edticas p\u00fablicas estaduais e municipais;<\/li>\n<li>Aprender sobre novas pr\u00e1ticas e ferramentas de monitora\u00e7\u00e3o;<\/li>\n<li>Fortalecer a rede de colabora\u00e7\u00e3o entre tribunais e \u00f3rg\u00e3os de controle.<\/li>\n<\/ul>\n<h2>Palestrantes e especialistas presentes<\/h2>\n<p>O evento contou com a presen\u00e7a de um seleto grupo de palestrantes nacionais e internacionais. Dentre os representantes do TCE-PB estavam auditores de controle externo, como <strong>Gl\u00e1ucio Barreto Xavier<\/strong>, coordenador do <strong>Departamento de Controle de Pol\u00edticas P\u00fablicas<\/strong>, e outros auditores como <strong>Adriana Falc\u00e3o do Rego<\/strong>, <strong>Julio Ucha Cavalcanti<\/strong>, <strong>Luizi Costa<\/strong>, <strong>L\u00facia Patr\u00edcio Ara\u00fajo<\/strong>, <strong>Pl\u00e1cido Martins<\/strong>, e <strong>Leandro Pedrosa<\/strong>, al\u00e9m de <strong>Ana Karolina de Farias<\/strong>, chefe do Departamento de Recursos Humanos. O evento foi uma oportunidade \u00fanica para que esses profissionais trocassem experi\u00eancias e debatessem sobre pr\u00e1ticas inovadoras no controle governamental.<\/p>\n<p><img decoding=\"async\" src=\"https:\/\/www.encontrabelohorizonte.com.br\/sobre\/wp-content\/uploads\/tce.webp\" alt=\"Congresso Internacional de Controle e Pol\u00edticas P\u00fablicas\" loading=\"lazy\" \/><\/p>\n<h2>Discuss\u00f5es sobre transforma\u00e7\u00e3o digital<\/h2>\n<p>A transforma\u00e7\u00e3o digital foi um dos temas centrais abordados durante o congresso. Especialistas discutiram como a tecnologia pode ser aliada na gest\u00e3o p\u00fablica. As discuss\u00f5es giraram em torno de:<\/p>\n<ul>\n<li>Implementa\u00e7\u00e3o de sistemas digitais para otimiza\u00e7\u00e3o de processos;<\/li>\n<li>Capacita\u00e7\u00e3o de servidores para a utiliza\u00e7\u00e3o eficaz dessas ferramentas;<\/li>\n<li>Maior transpar\u00eancia e acessibilidade na presta\u00e7\u00e3o de contas.<\/li>\n<\/ul>\n<h2>Import\u00e2ncia do monitoramento de resultados<\/h2>\n<p>A import\u00e2ncia do monitoramento de resultados foi amplamente enfatizada durante o evento. O acompanhamento efetivo das pol\u00edticas p\u00fablicas \u00e9 crucial para garantir que os objetivos propostos sejam alcan\u00e7ados. As discuss\u00f5es ressaltaram:<\/p>\n<ul>\n<li>A necessidade de criar indicadores claros e mensur\u00e1veis;<\/li>\n<li>A import\u00e2ncia de um feedback cont\u00ednuo para a melhoria das iniciativas implementadas;<\/li>\n<li>Como a transpar\u00eancia nos dados pode aumentar a confian\u00e7a da popula\u00e7\u00e3o nas institui\u00e7\u00f5es.<\/li>\n<\/ul>\n<h2>Experi\u00eancias e boas pr\u00e1ticas compartilhadas<\/h2>\n<p>Um dos principais resultados do congresso foi a troca de experi\u00eancias positivas entre os diversos tribunais e institui\u00e7\u00f5es. Foram apresentadas boas pr\u00e1ticas que demonstraram a efic\u00e1cia de diferentes abordagens na fiscaliza\u00e7\u00e3o e gest\u00e3o p\u00fablica. Exemplos incluem:<\/p>\n<ul>\n<li>Programas de auditoria participativa;<\/li>\n<li>Iniciativas de educa\u00e7\u00e3o fiscal nas escolas;<\/li>\n<li>Projetos de inclus\u00e3o digital voltados para a sociedade.<\/li>\n<\/ul>\n<h2>Iniciativas do TCE-PB para a qualifica\u00e7\u00e3o t\u00e9cnica<\/h2>\n<p>O TCE-PB, ao participar do congresso, reafirmou seu comprometimento com a <strong>qualifica\u00e7\u00e3o t\u00e9cnica<\/strong> de seus servidores. Iniciativas foram discutidas, incluindo:<\/p>\n<ul>\n<li>Capacita\u00e7\u00e3o em novas tecnologias e metodologias;<\/li>\n<li>Programas de interc\u00e2mbio com outros tribunais;<\/li>\n<li>Workshops e cursos sobre gest\u00e3o de pol\u00edticas p\u00fablicas.<\/li>\n<\/ul>\n<h2>A vis\u00e3o do presidente do TCE-PB<\/h2>\n<p>O presidente do TCE-PB, <strong>conselheiro F\u00e1bio Nogueira<\/strong>, destacou a import\u00e2ncia da participa\u00e7\u00e3o no congresso como um passo significativo para a moderniza\u00e7\u00e3o da institui\u00e7\u00e3o. Sua vis\u00e3o est\u00e1 alinhada com a busca cont\u00ednua por:<\/p>\n<ul>\n<li>Incrementar a efici\u00eancia das regras e normas de controle;<\/li>\n<li>Fortalecer o papel do Tribunal como um agente de mudan\u00e7a no \u00e2mbito da gest\u00e3o p\u00fablica;<\/li>\n<li>Promover o di\u00e1logo entre os diversos setores da sociedade.<\/li>\n<\/ul>\n<h2>Perspectivas futuras para o controle externo<\/h2>\n<p>As discuss\u00f5es realizadas durante o congresso abriram um leque de <strong>perspectivas futuras<\/strong> para o controle externo no Brasil. \u00c9 previsto que:<\/p>\n<ul>\n<li>Haja um fortalecimento das parcerias entre institui\u00e7\u00f5es de controle e sociedade civil;<\/li>\n<li>As tecnologias continuem a ser integradas nas pr\u00e1ticas de auditoria;<\/li>\n<li>Se ampliem os espa\u00e7os de di\u00e1logo e compartilhamento de informa\u00e7\u00f5es entre os \u00f3rg\u00e3os p\u00fablicos.<\/li>\n<\/ul>\n<h2>Encaminhamentos e a\u00e7\u00f5es p\u00f3s-congresso<\/h2>\n<p>Ap\u00f3s o fim do congresso, o TCE-PB deve implementar uma s\u00e9rie de a\u00e7\u00f5es com base nas experi\u00eancias adquiridas e nas reflex\u00f5es realizadas. Algumas das iniciativas incluem:<\/p>\n<ul>\n<li>An\u00e1lise detalhada das boas pr\u00e1ticas apresentadas e adapta\u00e7\u00e3o \u00e0 realidade local;<\/li>\n<li>Planejamento de eventos de capacita\u00e7\u00e3o para servidores, focando nas novas diretrizes;<\/li>\n<li>Fortalecimento da comunica\u00e7\u00e3o com a sociedade sobre os resultados e a\u00e7\u00f5es desenvolvidas.<\/li>\n<\/ul>\n\n<div style=\"font-size: 0px; height: 0px; line-height: 0px; margin: 0; padding: 0; clear: both;\"><\/div>","protected":false},"excerpt":{"rendered":"<p>TCE-PB participa ativamente do X Congresso Internacional de Controle e Pol\u00edticas P\u00fablicas em Belo Horizonte.<\/p>\n","protected":false},"author":1,"featured_media":4131,"comment_status":"closed","ping_status":"closed","sticky":false,"template":"","format":"standard","meta":{"footnotes":""},"categories":[6],"tags":[],"class_list":["post-4132","post","type-post","status-publish","format-standard","has-post-thumbnail","hentry","category-noticias","has_thumb"],"aioseo_notices":[],"aioseo_head":"\n\t\t<!-- All in One SEO 5.0.0.1 - aioseo.com -->\n\t<meta name=\"description\" content=\"TCE-PB participa ativamente do X Congresso Internacional de Controle e Pol\u00edticas P\u00fablicas em Belo Horizonte.\" \/>\n\t<meta name=\"robots\" content=\"max-image-preview:large\" \/>\n\t<meta name=\"author\" content=\"Encontra Belo Horizonte\"\/>\n\t<link rel=\"canonical\" href=\"https:\/\/www.encontrabelohorizonte.com.br\/sobre\/tce\/\" \/>\n\t<meta name=\"generator\" content=\"All in One SEO (AIOSEO) 5.0.0.1\" \/>\n\t\t<meta property=\"og:locale\" content=\"pt_BR\" \/>\n\t\t<meta property=\"og:site_name\" content=\"Encontra Belo Horizonte | Not\u00edcias, eventos, informa\u00e7\u00f5es e dicas da cidade de Belo Horizonte e regi\u00e3o\" \/>\n\t\t<meta property=\"og:type\" content=\"article\" \/>\n\t\t<meta property=\"og:title\" content=\"TCE | Encontra Belo Horizonte\" \/>\n\t\t<meta property=\"og:description\" content=\"TCE-PB participa ativamente do X Congresso Internacional de Controle e Pol\u00edticas P\u00fablicas em Belo Horizonte.\" \/>\n\t\t<meta property=\"og:url\" content=\"https:\/\/www.encontrabelohorizonte.com.br\/sobre\/tce\/\" \/>\n\t\t<meta property=\"article:published_time\" content=\"2026-06-12T08:17:31+00:00\" \/>\n\t\t<meta property=\"article:modified_time\" content=\"2026-06-12T08:17:31+00:00\" \/>\n\t\t<meta name=\"twitter:card\" content=\"summary\" \/>\n\t\t<meta name=\"twitter:title\" content=\"TCE | Encontra Belo Horizonte\" \/>\n\t\t<meta name=\"twitter:description\" content=\"TCE-PB participa ativamente do X Congresso Internacional de Controle e Pol\u00edticas P\u00fablicas em Belo Horizonte.\" \/>\n\t\t<script type=\"application\/ld+json\" class=\"aioseo-schema\">\n\t\t\t{\"@context\":\"https:\\\/\\\/schema.org\",\"@graph\":[{\"@type\":\"Article\",\"@id\":\"https:\\\/\\\/www.encontrabelohorizonte.com.br\\\/sobre\\\/tce\\\/#article\",\"name\":\"TCE | Encontra Belo Horizonte\",\"headline\":\"TCE\",\"author\":{\"@id\":\"https:\\\/\\\/www.encontrabelohorizonte.com.br\\\/sobre\\\/author\\\/ebelohorizonte\\\/#author\"},\"publisher\":{\"@id\":\"https:\\\/\\\/www.encontrabelohorizonte.com.br\\\/sobre\\\/#organization\"},\"image\":{\"@type\":\"ImageObject\",\"url\":\"https:\\\/\\\/www.encontrabelohorizonte.com.br\\\/sobre\\\/wp-content\\\/uploads\\\/tce.webp\",\"width\":280,\"height\":280,\"caption\":\"Congresso Internacional de Controle e Pol\\u00edticas P\\u00fablicas\"},\"datePublished\":\"2026-06-12T05:17:31-03:00\",\"dateModified\":\"2026-06-12T05:17:31-03:00\",\"inLanguage\":\"pt-BR\",\"mainEntityOfPage\":{\"@id\":\"https:\\\/\\\/www.encontrabelohorizonte.com.br\\\/sobre\\\/tce\\\/#webpage\"},\"isPartOf\":{\"@id\":\"https:\\\/\\\/www.encontrabelohorizonte.com.br\\\/sobre\\\/tce\\\/#webpage\"},\"articleSection\":\"Not\\u00edcias Belo Horizonte\"},{\"@type\":\"BreadcrumbList\",\"@id\":\"https:\\\/\\\/www.encontrabelohorizonte.com.br\\\/sobre\\\/tce\\\/#breadcrumblist\",\"itemListElement\":[{\"@type\":\"ListItem\",\"@id\":\"https:\\\/\\\/www.encontrabelohorizonte.com.br\\\/sobre#listItem\",\"position\":1,\"name\":\"In\\u00edcio\",\"item\":\"https:\\\/\\\/www.encontrabelohorizonte.com.br\\\/sobre\",\"nextItem\":{\"@type\":\"ListItem\",\"@id\":\"https:\\\/\\\/www.encontrabelohorizonte.com.br\\\/sobre\\\/noticias\\\/#listItem\",\"name\":\"Not\\u00edcias Belo Horizonte\"}},{\"@type\":\"ListItem\",\"@id\":\"https:\\\/\\\/www.encontrabelohorizonte.com.br\\\/sobre\\\/noticias\\\/#listItem\",\"position\":2,\"name\":\"Not\\u00edcias Belo Horizonte\",\"item\":\"https:\\\/\\\/www.encontrabelohorizonte.com.br\\\/sobre\\\/noticias\\\/\",\"nextItem\":{\"@type\":\"ListItem\",\"@id\":\"https:\\\/\\\/www.encontrabelohorizonte.com.br\\\/sobre\\\/tce\\\/#listItem\",\"name\":\"TCE\"},\"previousItem\":{\"@type\":\"ListItem\",\"@id\":\"https:\\\/\\\/www.encontrabelohorizonte.com.br\\\/sobre#listItem\",\"name\":\"In\\u00edcio\"}},{\"@type\":\"ListItem\",\"@id\":\"https:\\\/\\\/www.encontrabelohorizonte.com.br\\\/sobre\\\/tce\\\/#listItem\",\"position\":3,\"name\":\"TCE\",\"previousItem\":{\"@type\":\"ListItem\",\"@id\":\"https:\\\/\\\/www.encontrabelohorizonte.com.br\\\/sobre\\\/noticias\\\/#listItem\",\"name\":\"Not\\u00edcias Belo Horizonte\"}}]},{\"@type\":\"Organization\",\"@id\":\"https:\\\/\\\/www.encontrabelohorizonte.com.br\\\/sobre\\\/#organization\",\"name\":\"Encontra Belo Horizonte\",\"description\":\"Not\\u00edcias, eventos, informa\\u00e7\\u00f5es e dicas da cidade de Belo Horizonte e regi\\u00e3o\",\"url\":\"https:\\\/\\\/www.encontrabelohorizonte.com.br\\\/sobre\\\/\"},{\"@type\":\"Person\",\"@id\":\"https:\\\/\\\/www.encontrabelohorizonte.com.br\\\/sobre\\\/author\\\/ebelohorizonte\\\/#author\",\"url\":\"https:\\\/\\\/www.encontrabelohorizonte.com.br\\\/sobre\\\/author\\\/ebelohorizonte\\\/\",\"name\":\"Encontra Belo Horizonte\",\"image\":{\"@type\":\"ImageObject\",\"@id\":\"https:\\\/\\\/www.encontrabelohorizonte.com.br\\\/sobre\\\/tce\\\/#authorImage\",\"url\":\"https:\\\/\\\/secure.gravatar.com\\\/avatar\\\/507340682b8270222e1f208e23198b6ae7e2c6a1033ae84e99bc6bce4f82a387?s=96&d=mm&r=g\",\"width\":96,\"height\":96,\"caption\":\"Encontra Belo Horizonte\"}},{\"@type\":\"WebPage\",\"@id\":\"https:\\\/\\\/www.encontrabelohorizonte.com.br\\\/sobre\\\/tce\\\/#webpage\",\"url\":\"https:\\\/\\\/www.encontrabelohorizonte.com.br\\\/sobre\\\/tce\\\/\",\"name\":\"TCE | Encontra Belo Horizonte\",\"description\":\"TCE-PB participa ativamente do X Congresso Internacional de Controle e Pol\\u00edticas P\\u00fablicas em Belo Horizonte.\",\"inLanguage\":\"pt-BR\",\"isPartOf\":{\"@id\":\"https:\\\/\\\/www.encontrabelohorizonte.com.br\\\/sobre\\\/#website\"},\"breadcrumb\":{\"@id\":\"https:\\\/\\\/www.encontrabelohorizonte.com.br\\\/sobre\\\/tce\\\/#breadcrumblist\"},\"author\":{\"@id\":\"https:\\\/\\\/www.encontrabelohorizonte.com.br\\\/sobre\\\/author\\\/ebelohorizonte\\\/#author\"},\"creator\":{\"@id\":\"https:\\\/\\\/www.encontrabelohorizonte.com.br\\\/sobre\\\/author\\\/ebelohorizonte\\\/#author\"},\"image\":{\"@type\":\"ImageObject\",\"url\":\"https:\\\/\\\/www.encontrabelohorizonte.com.br\\\/sobre\\\/wp-content\\\/uploads\\\/tce.webp\",\"@id\":\"https:\\\/\\\/www.encontrabelohorizonte.com.br\\\/sobre\\\/tce\\\/#mainImage\",\"width\":280,\"height\":280,\"caption\":\"Congresso Internacional de Controle e Pol\\u00edticas P\\u00fablicas\"},\"primaryImageOfPage\":{\"@id\":\"https:\\\/\\\/www.encontrabelohorizonte.com.br\\\/sobre\\\/tce\\\/#mainImage\"},\"datePublished\":\"2026-06-12T05:17:31-03:00\",\"dateModified\":\"2026-06-12T05:17:31-03:00\"},{\"@type\":\"WebSite\",\"@id\":\"https:\\\/\\\/www.encontrabelohorizonte.com.br\\\/sobre\\\/#website\",\"url\":\"https:\\\/\\\/www.encontrabelohorizonte.com.br\\\/sobre\\\/\",\"name\":\"Encontra Belo Horizonte\",\"description\":\"Not\\u00edcias, eventos, informa\\u00e7\\u00f5es e dicas da cidade de Belo Horizonte e regi\\u00e3o\",\"inLanguage\":\"pt-BR\",\"publisher\":{\"@id\":\"https:\\\/\\\/www.encontrabelohorizonte.com.br\\\/sobre\\\/#organization\"}}]}\n\t\t<\/script>\n\t\t<!-- All in One SEO -->\n\n","aioseo_head_json":{"title":"TCE | Encontra Belo Horizonte","description":"TCE-PB participa ativamente do X Congresso Internacional de Controle e Pol\u00edticas P\u00fablicas em Belo Horizonte.","canonical_url":"https:\/\/www.encontrabelohorizonte.com.br\/sobre\/tce\/","robots":"max-image-preview:large","keywords":"","webmasterTools":{"miscellaneous":""},"schema":{"@context":"https:\/\/schema.org","@graph":[{"@type":"Article","@id":"https:\/\/www.encontrabelohorizonte.com.br\/sobre\/tce\/#article","name":"TCE | Encontra Belo Horizonte","headline":"TCE","author":{"@id":"https:\/\/www.encontrabelohorizonte.com.br\/sobre\/author\/ebelohorizonte\/#author"},"publisher":{"@id":"https:\/\/www.encontrabelohorizonte.com.br\/sobre\/#organization"},"image":{"@type":"ImageObject","url":"https:\/\/www.encontrabelohorizonte.com.br\/sobre\/wp-content\/uploads\/tce.webp","width":280,"height":280,"caption":"Congresso Internacional de Controle e Pol\u00edticas P\u00fablicas"},"datePublished":"2026-06-12T05:17:31-03:00","dateModified":"2026-06-12T05:17:31-03:00","inLanguage":"pt-BR","mainEntityOfPage":{"@id":"https:\/\/www.encontrabelohorizonte.com.br\/sobre\/tce\/#webpage"},"isPartOf":{"@id":"https:\/\/www.encontrabelohorizonte.com.br\/sobre\/tce\/#webpage"},"articleSection":"Not\u00edcias Belo Horizonte"},{"@type":"BreadcrumbList","@id":"https:\/\/www.encontrabelohorizonte.com.br\/sobre\/tce\/#breadcrumblist","itemListElement":[{"@type":"ListItem","@id":"https:\/\/www.encontrabelohorizonte.com.br\/sobre#listItem","position":1,"name":"In\u00edcio","item":"https:\/\/www.encontrabelohorizonte.com.br\/sobre","nextItem":{"@type":"ListItem","@id":"https:\/\/www.encontrabelohorizonte.com.br\/sobre\/noticias\/#listItem","name":"Not\u00edcias Belo Horizonte"}},{"@type":"ListItem","@id":"https:\/\/www.encontrabelohorizonte.com.br\/sobre\/noticias\/#listItem","position":2,"name":"Not\u00edcias Belo Horizonte","item":"https:\/\/www.encontrabelohorizonte.com.br\/sobre\/noticias\/","nextItem":{"@type":"ListItem","@id":"https:\/\/www.encontrabelohorizonte.com.br\/sobre\/tce\/#listItem","name":"TCE"},"previousItem":{"@type":"ListItem","@id":"https:\/\/www.encontrabelohorizonte.com.br\/sobre#listItem","name":"In\u00edcio"}},{"@type":"ListItem","@id":"https:\/\/www.encontrabelohorizonte.com.br\/sobre\/tce\/#listItem","position":3,"name":"TCE","previousItem":{"@type":"ListItem","@id":"https:\/\/www.encontrabelohorizonte.com.br\/sobre\/noticias\/#listItem","name":"Not\u00edcias Belo Horizonte"}}]},{"@type":"Organization","@id":"https:\/\/www.encontrabelohorizonte.com.br\/sobre\/#organization","name":"Encontra Belo Horizonte","description":"Not\u00edcias, eventos, informa\u00e7\u00f5es e dicas da cidade de Belo Horizonte e regi\u00e3o","url":"https:\/\/www.encontrabelohorizonte.com.br\/sobre\/"},{"@type":"Person","@id":"https:\/\/www.encontrabelohorizonte.com.br\/sobre\/author\/ebelohorizonte\/#author","url":"https:\/\/www.encontrabelohorizonte.com.br\/sobre\/author\/ebelohorizonte\/","name":"Encontra Belo Horizonte","image":{"@type":"ImageObject","@id":"https:\/\/www.encontrabelohorizonte.com.br\/sobre\/tce\/#authorImage","url":"https:\/\/secure.gravatar.com\/avatar\/507340682b8270222e1f208e23198b6ae7e2c6a1033ae84e99bc6bce4f82a387?s=96&d=mm&r=g","width":96,"height":96,"caption":"Encontra Belo Horizonte"}},{"@type":"WebPage","@id":"https:\/\/www.encontrabelohorizonte.com.br\/sobre\/tce\/#webpage","url":"https:\/\/www.encontrabelohorizonte.com.br\/sobre\/tce\/","name":"TCE | Encontra Belo Horizonte","description":"TCE-PB participa ativamente do X Congresso Internacional de Controle e Pol\u00edticas P\u00fablicas em Belo Horizonte.","inLanguage":"pt-BR","isPartOf":{"@id":"https:\/\/www.encontrabelohorizonte.com.br\/sobre\/#website"},"breadcrumb":{"@id":"https:\/\/www.encontrabelohorizonte.com.br\/sobre\/tce\/#breadcrumblist"},"author":{"@id":"https:\/\/www.encontrabelohorizonte.com.br\/sobre\/author\/ebelohorizonte\/#author"},"creator":{"@id":"https:\/\/www.encontrabelohorizonte.com.br\/sobre\/author\/ebelohorizonte\/#author"},"image":{"@type":"ImageObject","url":"https:\/\/www.encontrabelohorizonte.com.br\/sobre\/wp-content\/uploads\/tce.webp","@id":"https:\/\/www.encontrabelohorizonte.com.br\/sobre\/tce\/#mainImage","width":280,"height":280,"caption":"Congresso Internacional de Controle e Pol\u00edticas P\u00fablicas"},"primaryImageOfPage":{"@id":"https:\/\/www.encontrabelohorizonte.com.br\/sobre\/tce\/#mainImage"},"datePublished":"2026-06-12T05:17:31-03:00","dateModified":"2026-06-12T05:17:31-03:00"},{"@type":"WebSite","@id":"https:\/\/www.encontrabelohorizonte.com.br\/sobre\/#website","url":"https:\/\/www.encontrabelohorizonte.com.br\/sobre\/","name":"Encontra Belo Horizonte","description":"Not\u00edcias, eventos, informa\u00e7\u00f5es e dicas da cidade de Belo Horizonte e regi\u00e3o","inLanguage":"pt-BR","publisher":{"@id":"https:\/\/www.encontrabelohorizonte.com.br\/sobre\/#organization"}}]},"og:locale":"pt_BR","og:site_name":"Encontra Belo Horizonte | Not\u00edcias, eventos, informa\u00e7\u00f5es e dicas da cidade de Belo Horizonte e regi\u00e3o","og:type":"article","og:title":"TCE | Encontra Belo Horizonte","og:description":"TCE-PB participa ativamente do X Congresso Internacional de Controle e Pol\u00edticas P\u00fablicas em Belo Horizonte.","og:url":"https:\/\/www.encontrabelohorizonte.com.br\/sobre\/tce\/","article:published_time":"2026-06-12T08:17:31+00:00","article:modified_time":"2026-06-12T08:17:31+00:00","twitter:card":"summary","twitter:title":"TCE | Encontra Belo Horizonte","twitter:description":"TCE-PB participa ativamente do X Congresso Internacional de Controle e Pol\u00edticas P\u00fablicas em Belo Horizonte."},"aioseo_meta_data":{"post_id":"4132","title":null,"description":null,"keywords":null,"keyphrases":null,"primary_term":null,"canonical_url":null,"og_title":null,"og_description":null,"og_object_type":"default","og_image_type":"default","og_image_url":null,"og_image_width":null,"og_image_height":null,"og_image_custom_url":null,"og_image_custom_fields":null,"og_video":null,"og_custom_url":null,"og_article_section":null,"og_article_tags":null,"twitter_use_og":false,"twitter_card":"default","twitter_image_type":"default","twitter_image_url":null,"twitter_image_custom_url":null,"twitter_image_custom_fields":null,"twitter_title":null,"twitter_description":null,"schema":{"blockGraphs":[],"customGraphs":[],"default":{"data":{"Article":[],"Course":[],"Dataset":[],"FAQPage":[],"Movie":[],"Person":[],"Product":[],"ProductReview":[],"Car":[],"Recipe":[],"Service":[],"SoftwareApplication":[],"WebPage":[]},"graphName":"WebPage","isEnabled":true},"graphs":[]},"schema_type":"default","schema_type_options":null,"pillar_content":false,"robots_default":true,"robots_noindex":false,"robots_noarchive":false,"robots_nosnippet":false,"robots_nofollow":false,"robots_noimageindex":false,"robots_noodp":false,"robots_notranslate":false,"robots_max_snippet":null,"robots_max_videopreview":null,"robots_max_imagepreview":"large","priority":null,"frequency":null,"local_seo":null,"breadcrumb_settings":null,"limit_modified_date":false,"ai":null,"created":"2026-06-12 08:17:36","updated":"2026-06-12 08:54:39","focus_keyword":null,"additional_keywords":null,"truseo_locale":null,"seo_analyzer_scan_date":null},"aioseo_breadcrumb":"<div class=\"aioseo-breadcrumbs\"><span class=\"aioseo-breadcrumb\">\n\t\t\t<a href=\"https:\/\/www.encontrabelohorizonte.com.br\/sobre\" title=\"In\u00edcio\">In\u00edcio<\/a>\n\t\t<\/span><span class=\"aioseo-breadcrumb-separator\">&raquo;<\/span><span class=\"aioseo-breadcrumb\">\n\t\t\t<a href=\"https:\/\/www.encontrabelohorizonte.com.br\/sobre\/noticias\/\" title=\"Not\u00edcias Belo Horizonte\">Not\u00edcias Belo Horizonte<\/a>\n\t\t<\/span><span class=\"aioseo-breadcrumb-separator\">&raquo;<\/span><span class=\"aioseo-breadcrumb\">\n\t\t\tTCE\n\t\t<\/span><\/div>","aioseo_breadcrumb_json":[{"label":"In\u00edcio","link":"https:\/\/www.encontrabelohorizonte.com.br\/sobre"},{"label":"Not\u00edcias Belo Horizonte","link":"https:\/\/www.encontrabelohorizonte.com.br\/sobre\/noticias\/"},{"label":"TCE","link":"https:\/\/www.encontrabelohorizonte.com.br\/sobre\/tce\/"}],"_links":{"self":[{"href":"https:\/\/www.encontrabelohorizonte.com.br\/sobre\/wp-json\/wp\/v2\/posts\/4132","targetHints":{"allow":["GET"]}}],"collection":[{"href":"https:\/\/www.encontrabelohorizonte.com.br\/sobre\/wp-json\/wp\/v2\/posts"}],"about":[{"href":"https:\/\/www.encontrabelohorizonte.com.br\/sobre\/wp-json\/wp\/v2\/types\/post"}],"author":[{"embeddable":true,"href":"https:\/\/www.encontrabelohorizonte.com.br\/sobre\/wp-json\/wp\/v2\/users\/1"}],"replies":[{"embeddable":true,"href":"https:\/\/www.encontrabelohorizonte.com.br\/sobre\/wp-json\/wp\/v2\/comments?post=4132"}],"version-history":[{"count":0,"href":"https:\/\/www.encontrabelohorizonte.com.br\/sobre\/wp-json\/wp\/v2\/posts\/4132\/revisions"}],"wp:featuredmedia":[{"embeddable":true,"href":"https:\/\/www.encontrabelohorizonte.com.br\/sobre\/wp-json\/wp\/v2\/media\/4131"}],"wp:attachment":[{"href":"https:\/\/www.encontrabelohorizonte.com.br\/sobre\/wp-json\/wp\/v2\/media?parent=4132"}],"wp:term":[{"taxonomy":"category","embeddable":true,"href":"https:\/\/www.encontrabelohorizonte.com.br\/sobre\/wp-json\/wp\/v2\/categories?post=4132"},{"taxonomy":"post_tag","embeddable":true,"href":"https:\/\/www.encontrabelohorizonte.com.br\/sobre\/wp-json\/wp\/v2\/tags?post=4132"}],"curies":[{"name":"wp","href":"https:\/\/api.w.org\/{rel}","templated":true}]}}