{"id":415,"date":"2012-08-13T08:00:17","date_gmt":"2012-08-13T08:00:17","guid":{"rendered":"http:\/\/www.encontrabelohorizonte.com.br\/noticias\/?p=415"},"modified":"2019-04-12T18:36:33","modified_gmt":"2019-04-12T18:36:33","slug":"multidao-toma-ruas-de-belo-horizonte-durante-marcha-para-jesus","status":"publish","type":"post","link":"https:\/\/www.encontrabelohorizonte.com.br\/sobre\/multidao-toma-ruas-de-belo-horizonte-durante-marcha-para-jesus\/","title":{"rendered":"Multid\u00e3o toma ruas de Belo Horizonte durante Marcha para Jesus"},"content":{"rendered":"<div class=\"2e083cf0b19e2c11948dc6ac054ba979\" data-index=\"1\" style=\"float: none; margin:0px;\">\n<!-- Anuncio display - global -->\r\n<ins class=\"adsbygoogle\"\r\n     style=\"display:block\"\r\n     data-ad-client=\"ca-pub-8585364105181520\"\r\n     data-ad-slot=\"8789329856\"\r\n     data-ad-format=\"auto\"\r\n     data-full-width-responsive=\"true\"><\/ins>\r\n<script>\r\n     (adsbygoogle = window.adsbygoogle || []).push({});\r\n<\/script>\n<\/div>\n<p>Uma multid\u00e3o tomou as principais ruas e avenidas da cidade de Belo Horizonte no s\u00e1bado (11) durante a oitava edi\u00e7\u00e3o da Marcha para Jesus. De acordo com dados da Pol\u00edcia Militar (PM), cerca de cinco mil pessoas se concentraram pela manh\u00e3 na Pra\u00e7a da Bandeira, na Regi\u00e3o Centro-Sul da capital e, ao som de tr\u00eas trios el\u00e9tricos, caminharam pela Avenida Afonso Pena.<\/p>\n<p>A Marcha para Jesus re\u00fane evang\u00e9licos de v\u00e1rias igrejas e, neste ano, o tema foi Reinando com Cristo.<\/p>\n<p>Acompanhada por fam\u00edlias inteiras, a caravana desceu a principal avenida de Belo Horizonte at\u00e9 o Centro da capital fazendo ora\u00e7\u00f5es e cantando.<\/p>\n<p>Na Pra\u00e7a da Esta\u00e7\u00e3o, shows de m\u00fasica gospel deram continuidade ao evento, com t\u00e9rmino previsto para as 19h.<\/p>\n<p><em>Fonte: G1<\/em><\/p>\n\n<div style=\"font-size: 0px; height: 0px; line-height: 0px; margin: 0; padding: 0; clear: both;\"><\/div>","protected":false},"excerpt":{"rendered":"<p>Uma multid\u00e3o tomou as principais ruas e avenidas da cidade de Belo Horizonte no s\u00e1bado (11) durante a oitava edi\u00e7\u00e3o da Marcha para Jesus. De acordo com dados da Pol\u00edcia Militar (PM), cerca de cinco mil pessoas se concentraram pela manh\u00e3 na Pra\u00e7a da Bandeira, na Regi\u00e3o Centro-Sul da capital e, ao som de tr\u00eas trios el\u00e9tricos, caminharam pela Avenida Afonso Pena. A Marcha para Jesus re\u00fane evang\u00e9licos de v\u00e1rias igrejas e, neste ano, o tema foi Reinando com Cristo. Acompanhada por fam\u00edlias inteiras, a caravana desceu a principal avenida de Belo Horizonte at\u00e9 o Centro da capital fazendo ora\u00e7\u00f5es <\/p>\n","protected":false},"author":1,"featured_media":0,"comment_status":"open","ping_status":"closed","sticky":false,"template":"","format":"standard","meta":{"footnotes":""},"categories":[6],"tags":[],"class_list":["post-415","post","type-post","status-publish","format-standard","hentry","category-noticias"],"aioseo_notices":[],"_links":{"self":[{"href":"https:\/\/www.encontrabelohorizonte.com.br\/sobre\/wp-json\/wp\/v2\/posts\/415","targetHints":{"allow":["GET"]}}],"collection":[{"href":"https:\/\/www.encontrabelohorizonte.com.br\/sobre\/wp-json\/wp\/v2\/posts"}],"about":[{"href":"https:\/\/www.encontrabelohorizonte.com.br\/sobre\/wp-json\/wp\/v2\/types\/post"}],"author":[{"embeddable":true,"href":"https:\/\/www.encontrabelohorizonte.com.br\/sobre\/wp-json\/wp\/v2\/users\/1"}],"replies":[{"embeddable":true,"href":"https:\/\/www.encontrabelohorizonte.com.br\/sobre\/wp-json\/wp\/v2\/comments?post=415"}],"version-history":[{"count":0,"href":"https:\/\/www.encontrabelohorizonte.com.br\/sobre\/wp-json\/wp\/v2\/posts\/415\/revisions"}],"wp:attachment":[{"href":"https:\/\/www.encontrabelohorizonte.com.br\/sobre\/wp-json\/wp\/v2\/media?parent=415"}],"wp:term":[{"taxonomy":"category","embeddable":true,"href":"https:\/\/www.encontrabelohorizonte.com.br\/sobre\/wp-json\/wp\/v2\/categories?post=415"},{"taxonomy":"post_tag","embeddable":true,"href":"https:\/\/www.encontrabelohorizonte.com.br\/sobre\/wp-json\/wp\/v2\/tags?post=415"}],"curies":[{"name":"wp","href":"https:\/\/api.w.org\/{rel}","templated":true}]}}