{"id":4185,"date":"2026-06-24T05:29:38","date_gmt":"2026-06-24T08:29:38","guid":{"rendered":"https:\/\/www.encontrabelohorizonte.com.br\/sobre\/bh-registra-88c-e-bate-novo-recorde-de-frio-do-ano-neste-sabado\/"},"modified":"2026-06-24T05:29:38","modified_gmt":"2026-06-24T08:29:38","slug":"bh-registra-88c-e-bate-novo-recorde-de-frio-do-ano-neste-sabado","status":"publish","type":"post","link":"https:\/\/www.encontrabelohorizonte.com.br\/sobre\/bh-registra-88c-e-bate-novo-recorde-de-frio-do-ano-neste-sabado\/","title":{"rendered":"BH registra 8,8\u00b0C e bate novo recorde de frio do ano neste s\u00e1bado"},"content":{"rendered":"<div class=\"2e083cf0b19e2c11948dc6ac054ba979\" data-index=\"1\" style=\"float: none; margin:0px;\">\n<!-- Anuncio display - global -->\r\n<ins class=\"adsbygoogle\"\r\n     style=\"display:block\"\r\n     data-ad-client=\"ca-pub-8585364105181520\"\r\n     data-ad-slot=\"8789329856\"\r\n     data-ad-format=\"auto\"\r\n     data-full-width-responsive=\"true\"><\/ins>\r\n<script>\r\n     (adsbygoogle = window.adsbygoogle || []).push({});\r\n<\/script>\n<\/div>\n<h2>Menores Temperaturas Registradas em Belo Horizonte<\/h2>\n<p>No \u00faltimo s\u00e1bado, a cidade de <strong>Belo Horizonte<\/strong> estabeleceu um novo recorde de temperatura baixa ao registrar a marca de **8,8\u00b0C** na regi\u00e3o da <strong>Pampulha<\/strong> por volta das **6h** da manh\u00e3. Essa temperatura m\u00ednima surpreendeu os moradores, pois espera-se que a Pampulha seja geralmente mais quente que outras \u00e1reas elevadas da cidade, como os bairros <strong>Belvedere<\/strong> e <strong>Buritis<\/strong>, que apresentaram marcas de **9,7\u00b0C**.<\/p>\n<h2>&#x1f976;&#x2744;&#xfe0f; O Impacto do Frio Intenso<\/h2>\n<p>A atual onda de frio na capital mineira \u00e9 consequ\u00eancia de uma <strong>massa de ar polar<\/strong> que se estabeleceu sobre a regi\u00e3o. Nos \u00faltimos dias, o frio se intensificou, e os habitantes de <strong>Belo Horizonte<\/strong> e seus arredores perceberam uma significativa queda nas temperaturas.<\/p>\n<h2>Registro de Temperaturas M\u00ednimas Recentes<\/h2>\n<p>A seguir, lista das m\u00ednimas registradas nos \u00faltimos dias na cidade:<\/p>\n<p><img decoding=\"async\" src=\"https:\/\/www.encontrabelohorizonte.com.br\/sobre\/wp-content\/uploads\/bh-registra-8-8-c-e-bate-novo-recorde-de-frio-do-ano-neste-sabado.webp\" alt=\"Belo Horizonte frio\" loading=\"lazy\" \/><\/p>\n<ul>\n<li><strong>Quarta-feira (3):<\/strong> **12,9\u00b0C** (Esta\u00e7\u00e3o Cercadinho)<\/li>\n<li><strong>Quinta-feira (4):<\/strong> **11,3\u00b0C** (Esta\u00e7\u00e3o Cercadinho)<\/li>\n<li><strong>Sexta-feira (5):<\/strong> **10,6\u00b0C** (Esta\u00e7\u00e3o Cercadinho)<\/li>\n<li><strong>S\u00e1bado (6):<\/strong> **8,8\u00b0C** (Na Pampulha)<\/li>\n<\/ul>\n<h2>&#x1f976;&#x2744;&#xfe0f; Causas do Aumento do Frio<\/h2>\n<p>De acordo com especialistas em meteorologia, a causa prim\u00e1ria para a queda nas temperaturas \u00e9 a a\u00e7\u00e3o da <strong>massa de ar polar<\/strong> que se desloca pelo continente, somada \u00e0 r\u00e1pida dissipa\u00e7\u00e3o do calor acumulado durante as horas diurnas. Em noites sem nuvens, o fen\u00f4meno chamado de <strong>perda radiativa<\/strong> favorece temperaturas mais baixas devido \u00e0 falta de barreiras que retenham o calor.<\/p>\n<h2>Previs\u00e3o do Tempo para os Pr\u00f3ximos Dias<\/h2>\n<p>As previs\u00f5es meteorol\u00f3gicas apontam para um aumento gradual das temperaturas a partir da pr\u00f3xima quarta-feira, dia **10**. Entretanto, as m\u00ednimas e m\u00e1ximas devem permanecer inferiores \u00e0 m\u00e9dia para essa \u00e9poca do ano.<\/p>\n<h2>Hist\u00f3rico de Temperaturas em Belo Horizonte<\/h2>\n<p>Historicamente, a cidade de <strong>Belo Horizonte<\/strong> j\u00e1 registrou temperaturas bem mais baixas. Comparando com os dados de anos anteriores, observamos que:<\/p>\n<ul>\n<li>Em **2021**, a temperatura m\u00ednima chegou a **6,2\u00b0C**.<\/li>\n<li>Em **2022**, o recorde foi de **7,0\u00b0C**.<\/li>\n<li>Em **2023**, foram registrados **8,0\u00b0C**.<\/li>\n<\/ul>\n<h2>O que a Popula\u00e7\u00e3o Pode Fazer Durante o Frio<\/h2>\n<p>Com a chegada do frio intenso, \u00e9 importante que a popula\u00e7\u00e3o tome medidas para se aquecer e garantir o bem-estar. Algumas dicas incluem:<\/p>\n<ul>\n<li>Vestir-se em camadas, utilizando roupas quentes e adequadas.<\/li>\n<li>Consumir alimentos quentes como sopas e ch\u00e1s.<\/li>\n<li>Mantendo os ambientes fechados bem aquecidos, evitando correntes de ar.<\/li>\n<\/ul>\n<h2>Compara\u00e7\u00e3o com Anos Anteriores<\/h2>\n<p>Nos \u00faltimos anos, tem sido comum que Belo Horizonte enfrente per\u00edodos de frio intenso. Apesar disso, a atual onda de frio parece ser uma das mais extremas. Observa-se um padr\u00e3o de <strong>decl\u00ednio nas temperaturas m\u00ednimas<\/strong> em rela\u00e7\u00e3o a anos anteriores, o que pode ser um sinal de mudan\u00e7as clim\u00e1ticas e condi\u00e7\u00f5es atmosf\u00e9ricas mais severas.<\/p>\n<h2>Impactos nas Atividades ao Ar Livre<\/h2>\n<p>Com o frio acentuado, as atividades ao ar livre podem ser bastante afetadas. Muitas pessoas optam por ficar em casa, o que reduz o movimento em parques e espa\u00e7os p\u00fablicos. Isso tamb\u00e9m influencia negativamente setores comerciais que dependem do fluxo de clientes para suas opera\u00e7\u00f5es.<\/p>\n<h2>Como Se Preparar Para o Frio<\/h2>\n<p>Preparar-se adequadamente para a nova realidade clim\u00e1tica \u00e9 essencial. Aqui est\u00e3o algumas sugest\u00f5es:<\/p>\n<ul>\n<li>Controle a temperatura de sua casa e busque alternativas para o aquecimento.<\/li>\n<li>Evite a exposi\u00e7\u00e3o prolongada ao frio, principalmente para crian\u00e7as e idosos.<\/li>\n<li>Utilize cobertores e aquecedores se necess\u00e1rio.<\/li>\n<\/ul>\n<h2>Import\u00e2ncia de Manter-se Informado<\/h2>\n<p>Manter-se atualizado sobre as condi\u00e7\u00f5es clim\u00e1ticas atrav\u00e9s de fontes confi\u00e1veis \u00e9 vital. O <strong>Instituto Nacional de Meteorologia (INMET)<\/strong> e os canais de not\u00edcias locais s\u00e3o op\u00e7\u00f5es recomendadas para acompanhar previs\u00f5es e alertas sobre mudan\u00e7as clim\u00e1ticas e situa\u00e7\u00f5es adversas.<\/p>\n<p>O clima pode ser imprevis\u00edvel e a adapta\u00e7\u00e3o da popula\u00e7\u00e3o \u00e0s varia\u00e7\u00f5es \u00e9 crucial para a sa\u00fade e bem-estar geral.<\/p>\n\n<div style=\"font-size: 0px; height: 0px; line-height: 0px; margin: 0; padding: 0; clear: both;\"><\/div>","protected":false},"excerpt":{"rendered":"<p>Belo Horizonte atinge 8,8\u00b0C, um novo recorde de frio na capital mineira.<\/p>\n","protected":false},"author":1,"featured_media":4184,"comment_status":"closed","ping_status":"closed","sticky":false,"template":"","format":"standard","meta":{"footnotes":""},"categories":[6],"tags":[],"class_list":["post-4185","post","type-post","status-publish","format-standard","has-post-thumbnail","hentry","category-noticias","has_thumb"],"aioseo_notices":[],"aioseo_head":"\n\t\t<!-- All in One SEO 5.0.0.1 - aioseo.com -->\n\t<meta name=\"description\" content=\"Belo Horizonte atinge 8,8\u00b0C, um novo recorde de frio na capital mineira.\" \/>\n\t<meta name=\"robots\" content=\"max-image-preview:large\" \/>\n\t<meta name=\"author\" content=\"Encontra Belo Horizonte\"\/>\n\t<link rel=\"canonical\" href=\"https:\/\/www.encontrabelohorizonte.com.br\/sobre\/bh-registra-88c-e-bate-novo-recorde-de-frio-do-ano-neste-sabado\/\" \/>\n\t<meta name=\"generator\" content=\"All in One SEO (AIOSEO) 5.0.0.1\" \/>\n\t\t<meta property=\"og:locale\" content=\"pt_BR\" \/>\n\t\t<meta property=\"og:site_name\" content=\"Encontra Belo Horizonte | Not\u00edcias, eventos, informa\u00e7\u00f5es e dicas da cidade de Belo Horizonte e regi\u00e3o\" \/>\n\t\t<meta property=\"og:type\" content=\"article\" \/>\n\t\t<meta property=\"og:title\" content=\"BH registra 8,8\u00b0C e bate novo recorde de frio do ano neste s\u00e1bado | Encontra Belo Horizonte\" \/>\n\t\t<meta property=\"og:description\" content=\"Belo Horizonte atinge 8,8\u00b0C, um novo recorde de frio na capital mineira.\" \/>\n\t\t<meta property=\"og:url\" content=\"https:\/\/www.encontrabelohorizonte.com.br\/sobre\/bh-registra-88c-e-bate-novo-recorde-de-frio-do-ano-neste-sabado\/\" \/>\n\t\t<meta property=\"article:published_time\" content=\"2026-06-24T08:29:38+00:00\" \/>\n\t\t<meta property=\"article:modified_time\" content=\"2026-06-24T08:29:38+00:00\" \/>\n\t\t<meta name=\"twitter:card\" content=\"summary\" \/>\n\t\t<meta name=\"twitter:title\" content=\"BH registra 8,8\u00b0C e bate novo recorde de frio do ano neste s\u00e1bado | Encontra Belo Horizonte\" \/>\n\t\t<meta name=\"twitter:description\" content=\"Belo Horizonte atinge 8,8\u00b0C, um novo recorde de frio na capital mineira.\" \/>\n\t\t<script type=\"application\/ld+json\" class=\"aioseo-schema\">\n\t\t\t{\"@context\":\"https:\\\/\\\/schema.org\",\"@graph\":[{\"@type\":\"Article\",\"@id\":\"https:\\\/\\\/www.encontrabelohorizonte.com.br\\\/sobre\\\/bh-registra-88c-e-bate-novo-recorde-de-frio-do-ano-neste-sabado\\\/#article\",\"name\":\"BH registra 8,8\\u00b0C e bate novo recorde de frio do ano neste s\\u00e1bado | Encontra Belo Horizonte\",\"headline\":\"BH registra 8,8\\u00b0C e bate novo recorde de frio do ano neste s\\u00e1bado\",\"author\":{\"@id\":\"https:\\\/\\\/www.encontrabelohorizonte.com.br\\\/sobre\\\/author\\\/ebelohorizonte\\\/#author\"},\"publisher\":{\"@id\":\"https:\\\/\\\/www.encontrabelohorizonte.com.br\\\/sobre\\\/#organization\"},\"image\":{\"@type\":\"ImageObject\",\"url\":\"https:\\\/\\\/www.encontrabelohorizonte.com.br\\\/sobre\\\/wp-content\\\/uploads\\\/bh-registra-8-8-c-e-bate-novo-recorde-de-frio-do-ano-neste-sabado.webp\",\"width\":280,\"height\":280,\"caption\":\"Belo Horizonte frio\"},\"datePublished\":\"2026-06-24T05:29:38-03:00\",\"dateModified\":\"2026-06-24T05:29:38-03:00\",\"inLanguage\":\"pt-BR\",\"mainEntityOfPage\":{\"@id\":\"https:\\\/\\\/www.encontrabelohorizonte.com.br\\\/sobre\\\/bh-registra-88c-e-bate-novo-recorde-de-frio-do-ano-neste-sabado\\\/#webpage\"},\"isPartOf\":{\"@id\":\"https:\\\/\\\/www.encontrabelohorizonte.com.br\\\/sobre\\\/bh-registra-88c-e-bate-novo-recorde-de-frio-do-ano-neste-sabado\\\/#webpage\"},\"articleSection\":\"Not\\u00edcias Belo Horizonte\"},{\"@type\":\"BreadcrumbList\",\"@id\":\"https:\\\/\\\/www.encontrabelohorizonte.com.br\\\/sobre\\\/bh-registra-88c-e-bate-novo-recorde-de-frio-do-ano-neste-sabado\\\/#breadcrumblist\",\"itemListElement\":[{\"@type\":\"ListItem\",\"@id\":\"https:\\\/\\\/www.encontrabelohorizonte.com.br\\\/sobre#listItem\",\"position\":1,\"name\":\"In\\u00edcio\",\"item\":\"https:\\\/\\\/www.encontrabelohorizonte.com.br\\\/sobre\",\"nextItem\":{\"@type\":\"ListItem\",\"@id\":\"https:\\\/\\\/www.encontrabelohorizonte.com.br\\\/sobre\\\/noticias\\\/#listItem\",\"name\":\"Not\\u00edcias Belo Horizonte\"}},{\"@type\":\"ListItem\",\"@id\":\"https:\\\/\\\/www.encontrabelohorizonte.com.br\\\/sobre\\\/noticias\\\/#listItem\",\"position\":2,\"name\":\"Not\\u00edcias Belo Horizonte\",\"item\":\"https:\\\/\\\/www.encontrabelohorizonte.com.br\\\/sobre\\\/noticias\\\/\",\"nextItem\":{\"@type\":\"ListItem\",\"@id\":\"https:\\\/\\\/www.encontrabelohorizonte.com.br\\\/sobre\\\/bh-registra-88c-e-bate-novo-recorde-de-frio-do-ano-neste-sabado\\\/#listItem\",\"name\":\"BH registra 8,8\\u00b0C e bate novo recorde de frio do ano neste s\\u00e1bado\"},\"previousItem\":{\"@type\":\"ListItem\",\"@id\":\"https:\\\/\\\/www.encontrabelohorizonte.com.br\\\/sobre#listItem\",\"name\":\"In\\u00edcio\"}},{\"@type\":\"ListItem\",\"@id\":\"https:\\\/\\\/www.encontrabelohorizonte.com.br\\\/sobre\\\/bh-registra-88c-e-bate-novo-recorde-de-frio-do-ano-neste-sabado\\\/#listItem\",\"position\":3,\"name\":\"BH registra 8,8\\u00b0C e bate novo recorde de frio do ano neste s\\u00e1bado\",\"previousItem\":{\"@type\":\"ListItem\",\"@id\":\"https:\\\/\\\/www.encontrabelohorizonte.com.br\\\/sobre\\\/noticias\\\/#listItem\",\"name\":\"Not\\u00edcias Belo Horizonte\"}}]},{\"@type\":\"Organization\",\"@id\":\"https:\\\/\\\/www.encontrabelohorizonte.com.br\\\/sobre\\\/#organization\",\"name\":\"Encontra Belo Horizonte\",\"description\":\"Not\\u00edcias, eventos, informa\\u00e7\\u00f5es e dicas da cidade de Belo Horizonte e regi\\u00e3o\",\"url\":\"https:\\\/\\\/www.encontrabelohorizonte.com.br\\\/sobre\\\/\"},{\"@type\":\"Person\",\"@id\":\"https:\\\/\\\/www.encontrabelohorizonte.com.br\\\/sobre\\\/author\\\/ebelohorizonte\\\/#author\",\"url\":\"https:\\\/\\\/www.encontrabelohorizonte.com.br\\\/sobre\\\/author\\\/ebelohorizonte\\\/\",\"name\":\"Encontra Belo Horizonte\",\"image\":{\"@type\":\"ImageObject\",\"@id\":\"https:\\\/\\\/www.encontrabelohorizonte.com.br\\\/sobre\\\/bh-registra-88c-e-bate-novo-recorde-de-frio-do-ano-neste-sabado\\\/#authorImage\",\"url\":\"https:\\\/\\\/secure.gravatar.com\\\/avatar\\\/507340682b8270222e1f208e23198b6ae7e2c6a1033ae84e99bc6bce4f82a387?s=96&d=mm&r=g\",\"width\":96,\"height\":96,\"caption\":\"Encontra Belo Horizonte\"}},{\"@type\":\"WebPage\",\"@id\":\"https:\\\/\\\/www.encontrabelohorizonte.com.br\\\/sobre\\\/bh-registra-88c-e-bate-novo-recorde-de-frio-do-ano-neste-sabado\\\/#webpage\",\"url\":\"https:\\\/\\\/www.encontrabelohorizonte.com.br\\\/sobre\\\/bh-registra-88c-e-bate-novo-recorde-de-frio-do-ano-neste-sabado\\\/\",\"name\":\"BH registra 8,8\\u00b0C e bate novo recorde de frio do ano neste s\\u00e1bado | Encontra Belo Horizonte\",\"description\":\"Belo Horizonte atinge 8,8\\u00b0C, um novo recorde de frio na capital mineira.\",\"inLanguage\":\"pt-BR\",\"isPartOf\":{\"@id\":\"https:\\\/\\\/www.encontrabelohorizonte.com.br\\\/sobre\\\/#website\"},\"breadcrumb\":{\"@id\":\"https:\\\/\\\/www.encontrabelohorizonte.com.br\\\/sobre\\\/bh-registra-88c-e-bate-novo-recorde-de-frio-do-ano-neste-sabado\\\/#breadcrumblist\"},\"author\":{\"@id\":\"https:\\\/\\\/www.encontrabelohorizonte.com.br\\\/sobre\\\/author\\\/ebelohorizonte\\\/#author\"},\"creator\":{\"@id\":\"https:\\\/\\\/www.encontrabelohorizonte.com.br\\\/sobre\\\/author\\\/ebelohorizonte\\\/#author\"},\"image\":{\"@type\":\"ImageObject\",\"url\":\"https:\\\/\\\/www.encontrabelohorizonte.com.br\\\/sobre\\\/wp-content\\\/uploads\\\/bh-registra-8-8-c-e-bate-novo-recorde-de-frio-do-ano-neste-sabado.webp\",\"@id\":\"https:\\\/\\\/www.encontrabelohorizonte.com.br\\\/sobre\\\/bh-registra-88c-e-bate-novo-recorde-de-frio-do-ano-neste-sabado\\\/#mainImage\",\"width\":280,\"height\":280,\"caption\":\"Belo Horizonte frio\"},\"primaryImageOfPage\":{\"@id\":\"https:\\\/\\\/www.encontrabelohorizonte.com.br\\\/sobre\\\/bh-registra-88c-e-bate-novo-recorde-de-frio-do-ano-neste-sabado\\\/#mainImage\"},\"datePublished\":\"2026-06-24T05:29:38-03:00\",\"dateModified\":\"2026-06-24T05:29:38-03:00\"},{\"@type\":\"WebSite\",\"@id\":\"https:\\\/\\\/www.encontrabelohorizonte.com.br\\\/sobre\\\/#website\",\"url\":\"https:\\\/\\\/www.encontrabelohorizonte.com.br\\\/sobre\\\/\",\"name\":\"Encontra Belo Horizonte\",\"description\":\"Not\\u00edcias, eventos, informa\\u00e7\\u00f5es e dicas da cidade de Belo Horizonte e regi\\u00e3o\",\"inLanguage\":\"pt-BR\",\"publisher\":{\"@id\":\"https:\\\/\\\/www.encontrabelohorizonte.com.br\\\/sobre\\\/#organization\"}}]}\n\t\t<\/script>\n\t\t<!-- All in One SEO -->\n\n","aioseo_head_json":{"title":"BH registra 8,8\u00b0C e bate novo recorde de frio do ano neste s\u00e1bado | Encontra Belo Horizonte","description":"Belo Horizonte atinge 8,8\u00b0C, um novo recorde de frio na capital mineira.","canonical_url":"https:\/\/www.encontrabelohorizonte.com.br\/sobre\/bh-registra-88c-e-bate-novo-recorde-de-frio-do-ano-neste-sabado\/","robots":"max-image-preview:large","keywords":"","webmasterTools":{"miscellaneous":""},"schema":{"@context":"https:\/\/schema.org","@graph":[{"@type":"Article","@id":"https:\/\/www.encontrabelohorizonte.com.br\/sobre\/bh-registra-88c-e-bate-novo-recorde-de-frio-do-ano-neste-sabado\/#article","name":"BH registra 8,8\u00b0C e bate novo recorde de frio do ano neste s\u00e1bado | Encontra Belo Horizonte","headline":"BH registra 8,8\u00b0C e bate novo recorde de frio do ano neste s\u00e1bado","author":{"@id":"https:\/\/www.encontrabelohorizonte.com.br\/sobre\/author\/ebelohorizonte\/#author"},"publisher":{"@id":"https:\/\/www.encontrabelohorizonte.com.br\/sobre\/#organization"},"image":{"@type":"ImageObject","url":"https:\/\/www.encontrabelohorizonte.com.br\/sobre\/wp-content\/uploads\/bh-registra-8-8-c-e-bate-novo-recorde-de-frio-do-ano-neste-sabado.webp","width":280,"height":280,"caption":"Belo Horizonte frio"},"datePublished":"2026-06-24T05:29:38-03:00","dateModified":"2026-06-24T05:29:38-03:00","inLanguage":"pt-BR","mainEntityOfPage":{"@id":"https:\/\/www.encontrabelohorizonte.com.br\/sobre\/bh-registra-88c-e-bate-novo-recorde-de-frio-do-ano-neste-sabado\/#webpage"},"isPartOf":{"@id":"https:\/\/www.encontrabelohorizonte.com.br\/sobre\/bh-registra-88c-e-bate-novo-recorde-de-frio-do-ano-neste-sabado\/#webpage"},"articleSection":"Not\u00edcias Belo Horizonte"},{"@type":"BreadcrumbList","@id":"https:\/\/www.encontrabelohorizonte.com.br\/sobre\/bh-registra-88c-e-bate-novo-recorde-de-frio-do-ano-neste-sabado\/#breadcrumblist","itemListElement":[{"@type":"ListItem","@id":"https:\/\/www.encontrabelohorizonte.com.br\/sobre#listItem","position":1,"name":"In\u00edcio","item":"https:\/\/www.encontrabelohorizonte.com.br\/sobre","nextItem":{"@type":"ListItem","@id":"https:\/\/www.encontrabelohorizonte.com.br\/sobre\/noticias\/#listItem","name":"Not\u00edcias Belo Horizonte"}},{"@type":"ListItem","@id":"https:\/\/www.encontrabelohorizonte.com.br\/sobre\/noticias\/#listItem","position":2,"name":"Not\u00edcias Belo Horizonte","item":"https:\/\/www.encontrabelohorizonte.com.br\/sobre\/noticias\/","nextItem":{"@type":"ListItem","@id":"https:\/\/www.encontrabelohorizonte.com.br\/sobre\/bh-registra-88c-e-bate-novo-recorde-de-frio-do-ano-neste-sabado\/#listItem","name":"BH registra 8,8\u00b0C e bate novo recorde de frio do ano neste s\u00e1bado"},"previousItem":{"@type":"ListItem","@id":"https:\/\/www.encontrabelohorizonte.com.br\/sobre#listItem","name":"In\u00edcio"}},{"@type":"ListItem","@id":"https:\/\/www.encontrabelohorizonte.com.br\/sobre\/bh-registra-88c-e-bate-novo-recorde-de-frio-do-ano-neste-sabado\/#listItem","position":3,"name":"BH registra 8,8\u00b0C e bate novo recorde de frio do ano neste s\u00e1bado","previousItem":{"@type":"ListItem","@id":"https:\/\/www.encontrabelohorizonte.com.br\/sobre\/noticias\/#listItem","name":"Not\u00edcias Belo Horizonte"}}]},{"@type":"Organization","@id":"https:\/\/www.encontrabelohorizonte.com.br\/sobre\/#organization","name":"Encontra Belo Horizonte","description":"Not\u00edcias, eventos, informa\u00e7\u00f5es e dicas da cidade de Belo Horizonte e regi\u00e3o","url":"https:\/\/www.encontrabelohorizonte.com.br\/sobre\/"},{"@type":"Person","@id":"https:\/\/www.encontrabelohorizonte.com.br\/sobre\/author\/ebelohorizonte\/#author","url":"https:\/\/www.encontrabelohorizonte.com.br\/sobre\/author\/ebelohorizonte\/","name":"Encontra Belo Horizonte","image":{"@type":"ImageObject","@id":"https:\/\/www.encontrabelohorizonte.com.br\/sobre\/bh-registra-88c-e-bate-novo-recorde-de-frio-do-ano-neste-sabado\/#authorImage","url":"https:\/\/secure.gravatar.com\/avatar\/507340682b8270222e1f208e23198b6ae7e2c6a1033ae84e99bc6bce4f82a387?s=96&d=mm&r=g","width":96,"height":96,"caption":"Encontra Belo Horizonte"}},{"@type":"WebPage","@id":"https:\/\/www.encontrabelohorizonte.com.br\/sobre\/bh-registra-88c-e-bate-novo-recorde-de-frio-do-ano-neste-sabado\/#webpage","url":"https:\/\/www.encontrabelohorizonte.com.br\/sobre\/bh-registra-88c-e-bate-novo-recorde-de-frio-do-ano-neste-sabado\/","name":"BH registra 8,8\u00b0C e bate novo recorde de frio do ano neste s\u00e1bado | Encontra Belo Horizonte","description":"Belo Horizonte atinge 8,8\u00b0C, um novo recorde de frio na capital mineira.","inLanguage":"pt-BR","isPartOf":{"@id":"https:\/\/www.encontrabelohorizonte.com.br\/sobre\/#website"},"breadcrumb":{"@id":"https:\/\/www.encontrabelohorizonte.com.br\/sobre\/bh-registra-88c-e-bate-novo-recorde-de-frio-do-ano-neste-sabado\/#breadcrumblist"},"author":{"@id":"https:\/\/www.encontrabelohorizonte.com.br\/sobre\/author\/ebelohorizonte\/#author"},"creator":{"@id":"https:\/\/www.encontrabelohorizonte.com.br\/sobre\/author\/ebelohorizonte\/#author"},"image":{"@type":"ImageObject","url":"https:\/\/www.encontrabelohorizonte.com.br\/sobre\/wp-content\/uploads\/bh-registra-8-8-c-e-bate-novo-recorde-de-frio-do-ano-neste-sabado.webp","@id":"https:\/\/www.encontrabelohorizonte.com.br\/sobre\/bh-registra-88c-e-bate-novo-recorde-de-frio-do-ano-neste-sabado\/#mainImage","width":280,"height":280,"caption":"Belo Horizonte frio"},"primaryImageOfPage":{"@id":"https:\/\/www.encontrabelohorizonte.com.br\/sobre\/bh-registra-88c-e-bate-novo-recorde-de-frio-do-ano-neste-sabado\/#mainImage"},"datePublished":"2026-06-24T05:29:38-03:00","dateModified":"2026-06-24T05:29:38-03:00"},{"@type":"WebSite","@id":"https:\/\/www.encontrabelohorizonte.com.br\/sobre\/#website","url":"https:\/\/www.encontrabelohorizonte.com.br\/sobre\/","name":"Encontra Belo Horizonte","description":"Not\u00edcias, eventos, informa\u00e7\u00f5es e dicas da cidade de Belo Horizonte e regi\u00e3o","inLanguage":"pt-BR","publisher":{"@id":"https:\/\/www.encontrabelohorizonte.com.br\/sobre\/#organization"}}]},"og:locale":"pt_BR","og:site_name":"Encontra Belo Horizonte | Not\u00edcias, eventos, informa\u00e7\u00f5es e dicas da cidade de Belo Horizonte e regi\u00e3o","og:type":"article","og:title":"BH registra 8,8\u00b0C e bate novo recorde de frio do ano neste s\u00e1bado | Encontra Belo Horizonte","og:description":"Belo Horizonte atinge 8,8\u00b0C, um novo recorde de frio na capital mineira.","og:url":"https:\/\/www.encontrabelohorizonte.com.br\/sobre\/bh-registra-88c-e-bate-novo-recorde-de-frio-do-ano-neste-sabado\/","article:published_time":"2026-06-24T08:29:38+00:00","article:modified_time":"2026-06-24T08:29:38+00:00","twitter:card":"summary","twitter:title":"BH registra 8,8\u00b0C e bate novo recorde de frio do ano neste s\u00e1bado | Encontra Belo Horizonte","twitter:description":"Belo Horizonte atinge 8,8\u00b0C, um novo recorde de frio na capital mineira."},"aioseo_meta_data":{"post_id":"4185","title":null,"description":null,"keywords":null,"keyphrases":null,"primary_term":null,"canonical_url":null,"og_title":null,"og_description":null,"og_object_type":"default","og_image_type":"default","og_image_url":null,"og_image_width":null,"og_image_height":null,"og_image_custom_url":null,"og_image_custom_fields":null,"og_video":null,"og_custom_url":null,"og_article_section":null,"og_article_tags":null,"twitter_use_og":false,"twitter_card":"default","twitter_image_type":"default","twitter_image_url":null,"twitter_image_custom_url":null,"twitter_image_custom_fields":null,"twitter_title":null,"twitter_description":null,"schema":{"blockGraphs":[],"customGraphs":[],"default":{"data":{"Article":[],"Course":[],"Dataset":[],"FAQPage":[],"Movie":[],"Person":[],"Product":[],"ProductReview":[],"Car":[],"Recipe":[],"Service":[],"SoftwareApplication":[],"WebPage":[]},"graphName":"Article","isEnabled":true},"graphs":[]},"schema_type":"default","schema_type_options":null,"pillar_content":false,"robots_default":true,"robots_noindex":false,"robots_noarchive":false,"robots_nosnippet":false,"robots_nofollow":false,"robots_noimageindex":false,"robots_noodp":false,"robots_notranslate":false,"robots_max_snippet":null,"robots_max_videopreview":null,"robots_max_imagepreview":"large","priority":null,"frequency":null,"local_seo":null,"breadcrumb_settings":null,"limit_modified_date":false,"ai":null,"created":"2026-06-24 08:29:42","updated":"2026-06-24 08:46:01","focus_keyword":null,"additional_keywords":null,"truseo_locale":null,"seo_analyzer_scan_date":null},"aioseo_breadcrumb":"<div class=\"aioseo-breadcrumbs\"><span class=\"aioseo-breadcrumb\">\n\t\t\t<a href=\"https:\/\/www.encontrabelohorizonte.com.br\/sobre\" title=\"In\u00edcio\">In\u00edcio<\/a>\n\t\t<\/span><span class=\"aioseo-breadcrumb-separator\">&raquo;<\/span><span class=\"aioseo-breadcrumb\">\n\t\t\t<a href=\"https:\/\/www.encontrabelohorizonte.com.br\/sobre\/noticias\/\" title=\"Not\u00edcias Belo Horizonte\">Not\u00edcias Belo Horizonte<\/a>\n\t\t<\/span><span class=\"aioseo-breadcrumb-separator\">&raquo;<\/span><span class=\"aioseo-breadcrumb\">\n\t\t\tBH registra 8,8\u00b0C e bate novo recorde de frio do ano neste s\u00e1bado\n\t\t<\/span><\/div>","aioseo_breadcrumb_json":[{"label":"In\u00edcio","link":"https:\/\/www.encontrabelohorizonte.com.br\/sobre"},{"label":"Not\u00edcias Belo Horizonte","link":"https:\/\/www.encontrabelohorizonte.com.br\/sobre\/noticias\/"},{"label":"BH registra 8,8\u00b0C e bate novo recorde de frio do ano neste s\u00e1bado","link":"https:\/\/www.encontrabelohorizonte.com.br\/sobre\/bh-registra-88c-e-bate-novo-recorde-de-frio-do-ano-neste-sabado\/"}],"_links":{"self":[{"href":"https:\/\/www.encontrabelohorizonte.com.br\/sobre\/wp-json\/wp\/v2\/posts\/4185","targetHints":{"allow":["GET"]}}],"collection":[{"href":"https:\/\/www.encontrabelohorizonte.com.br\/sobre\/wp-json\/wp\/v2\/posts"}],"about":[{"href":"https:\/\/www.encontrabelohorizonte.com.br\/sobre\/wp-json\/wp\/v2\/types\/post"}],"author":[{"embeddable":true,"href":"https:\/\/www.encontrabelohorizonte.com.br\/sobre\/wp-json\/wp\/v2\/users\/1"}],"replies":[{"embeddable":true,"href":"https:\/\/www.encontrabelohorizonte.com.br\/sobre\/wp-json\/wp\/v2\/comments?post=4185"}],"version-history":[{"count":0,"href":"https:\/\/www.encontrabelohorizonte.com.br\/sobre\/wp-json\/wp\/v2\/posts\/4185\/revisions"}],"wp:featuredmedia":[{"embeddable":true,"href":"https:\/\/www.encontrabelohorizonte.com.br\/sobre\/wp-json\/wp\/v2\/media\/4184"}],"wp:attachment":[{"href":"https:\/\/www.encontrabelohorizonte.com.br\/sobre\/wp-json\/wp\/v2\/media?parent=4185"}],"wp:term":[{"taxonomy":"category","embeddable":true,"href":"https:\/\/www.encontrabelohorizonte.com.br\/sobre\/wp-json\/wp\/v2\/categories?post=4185"},{"taxonomy":"post_tag","embeddable":true,"href":"https:\/\/www.encontrabelohorizonte.com.br\/sobre\/wp-json\/wp\/v2\/tags?post=4185"}],"curies":[{"name":"wp","href":"https:\/\/api.w.org\/{rel}","templated":true}]}}