{"id":4199,"date":"2026-06-28T05:29:10","date_gmt":"2026-06-28T08:29:10","guid":{"rendered":"https:\/\/www.encontrabelohorizonte.com.br\/sobre\/favela-de-belo-horizonte-tem-destaque-em-relatorio-global-da-onu-sobre-habitacao\/"},"modified":"2026-06-28T05:29:10","modified_gmt":"2026-06-28T08:29:10","slug":"favela-de-belo-horizonte-tem-destaque-em-relatorio-global-da-onu-sobre-habitacao","status":"publish","type":"post","link":"https:\/\/www.encontrabelohorizonte.com.br\/sobre\/favela-de-belo-horizonte-tem-destaque-em-relatorio-global-da-onu-sobre-habitacao\/","title":{"rendered":"Favela de Belo Horizonte tem destaque em relat\u00f3rio global da ONU sobre habita\u00e7\u00e3o"},"content":{"rendered":"<div class=\"2e083cf0b19e2c11948dc6ac054ba979\" data-index=\"1\" style=\"float: none; margin:0px;\">\n<!-- Anuncio display - global -->\r\n<ins class=\"adsbygoogle\"\r\n     style=\"display:block\"\r\n     data-ad-client=\"ca-pub-8585364105181520\"\r\n     data-ad-slot=\"8789329856\"\r\n     data-ad-format=\"auto\"\r\n     data-full-width-responsive=\"true\"><\/ins>\r\n<script>\r\n     (adsbygoogle = window.adsbygoogle || []).push({});\r\n<\/script>\n<\/div>\n<h2>O Papel da ONU na Habita\u00e7\u00e3o Digna<\/h2>\n<p>A Organiza\u00e7\u00e3o das Na\u00e7\u00f5es Unidas (ONU) desempenha um papel vital na busca por moradias dignas para todos. Recentemente, um relat\u00f3rio da ONU destacou iniciativas bem-sucedidas no Brasil, particularmente em comunidades, que mostram como programas de urbaniza\u00e7\u00e3o sustent\u00e1vel podem ser modelos de solu\u00e7\u00e3o habitacional. Esses esfor\u00e7os visam transformar condi\u00e7\u00f5es prec\u00e1rias em \u00e1reas urbanas, promovendo a inclus\u00e3o, a equidade social e a seguran\u00e7a habitacional.<\/p>\n<h2>O Projeto de Urbaniza\u00e7\u00e3o de Izidora<\/h2>\n<p>Um foco significativo do relat\u00f3rio \u00e9 o projeto de urbaniza\u00e7\u00e3o da favela Izidora, localizada em Belo Horizonte (MG). Com uma popula\u00e7\u00e3o de cerca de 5 mil fam\u00edlias, esse projeto busca organizar e melhorar a infraestrutura das ocupa\u00e7\u00f5es, garantindo acesso a servi\u00e7os b\u00e1sicos como \u00e1gua, esgoto e transporte. O planejamento come\u00e7ou em 2025 com o envolvimento direto dos moradores, destacando a import\u00e2ncia da participa\u00e7\u00e3o comunit\u00e1ria nas decis\u00f5es que afetam suas vidas.<\/p>\n<h2>Hist\u00f3ria da Comunidade de Izidora<\/h2>\n<p>A favela de Izidora \u00e9 composta por quatro ocupa\u00e7\u00f5es conhecidas como Helena Greco, Rosa Le\u00e3o, Esperan\u00e7a e Vit\u00f3ria. O nome das ocupa\u00e7\u00f5es reflete o protagonismo feminino e a luta das mulheres por moradia segura. A comunidade cresceu ao longo dos anos, e suas hist\u00f3rias revelam desafios enfrentados, como a luta por reconhecimento e direitos sociais. A mobiliza\u00e7\u00e3o de moradores, principalmente de Josimar das Dores Coelho, que vive na ocupa\u00e7\u00e3o Helena Greco desde 2011, tem sido crucial para a realiza\u00e7\u00e3o do projeto de urbaniza\u00e7\u00e3o.<\/p>\n<p><img decoding=\"async\" src=\"https:\/\/www.encontrabelohorizonte.com.br\/sobre\/wp-content\/uploads\/favela-de-belo-horizonte-tem-destaque-em-relatorio-global-da-onu-sobre-habitacao.webp\" alt=\"\" loading=\"lazy\" \/><\/p>\n<h2>Benef\u00edcios da Melhoria In Situ<\/h2>\n<p>A abordagem chamada \u201cmelhoria in situ\u201d oferece uma alternativa vi\u00e1vel \u00e0 remo\u00e7\u00e3o for\u00e7ada de habitantes de favelas. Essa estrat\u00e9gia envolve a qualifica\u00e7\u00e3o da infraestrutura existente, o que n\u00e3o apenas melhora as condi\u00e7\u00f5es de vida, mas tamb\u00e9m preserva la\u00e7os comunit\u00e1rios. Os benef\u00edcios incluem a atualiza\u00e7\u00e3o de sistemas de saneamento, reforma de moradias e a constru\u00e7\u00e3o de novas vias de acesso, fundamentais para integrar a comunidade ao restante da cidade.<\/p>\n<h2>Mudan\u00e7a de Paradigma nas Favelas<\/h2>\n<p>O relat\u00f3rio da ONU enfatiza uma mudan\u00e7a de paradigma nas pol\u00edticas habitacionais, que antes priorizavam a erradica\u00e7\u00e3o de favelas e despejos. Agora, a \u00eanfase recai sobre a melhoria das condi\u00e7\u00f5es existentes e a valoriza\u00e7\u00e3o das comunidades. Essa nova abordagem busca n\u00e3o apenas atender \u00e0s necessidades habitacionais, mas tamb\u00e9m promover o empoderamento dos moradores, garantindo que eles tenham voz nas transforma\u00e7\u00f5es que ocorrem em seus bairros.<\/p>\n<h2>Desafios da Habita\u00e7\u00e3o em Favelas<\/h2>\n<p>Ainda h\u00e1 muitos desafios a serem enfrentados nas favelas, incluindo a escassez de recursos financeiros, a burocracia e a resist\u00eancia pol\u00edtica. A falta de planejamento adequado muitas vezes resulta em projetos que n\u00e3o atendem efetivamente \u00e0s necessidades locais. Al\u00e9m disso, as desigualdades sociais, a discrimina\u00e7\u00e3o e a exclus\u00e3o ainda s\u00e3o barreiras que dificultam o acesso a uma moradia digna para muitos.<\/p>\n<h2>Casos de Sucesso no Brasil<\/h2>\n<p>Al\u00e9m de Izidora, o Brasil possui outros exemplos de sucesso em programas de urbaniza\u00e7\u00e3o que podem inspirar pol\u00edticas p\u00fablicas em todo o mundo. Iniciativas em S\u00e3o Paulo, Recife e Rio de Janeiro t\u00eam mostrado como interven\u00e7\u00f5es focalizadas podem gerar impactos positivos profundos nas comunidades. Os resultados variam de melhorias na infraestrutura a novas oportunidades econ\u00f4micas para os moradores.<\/p>\n<h2>Experi\u00eancias Internacionais de Habita\u00e7\u00e3o<\/h2>\n<p>O modelo de melhoria in situ n\u00e3o \u00e9 exclusivo do Brasil. No cen\u00e1rio internacional, pa\u00edses como Tail\u00e2ndia e Jord\u00e2nia implementaram pol\u00edticas para oferecimento de infraestrutura e apoio financeiro a comunidades vulner\u00e1veis. O programa Baan Mankong, na Tail\u00e2ndia, \u00e9 um exemplo a seguir, ao promover parcerias entre governo e moradores para a constru\u00e7\u00e3o de habita\u00e7\u00e3o de qualidade.<\/p>\n<h2>Recomenda\u00e7\u00f5es do Relat\u00f3rio da ONU<\/h2>\n<p>O relat\u00f3rio da ONU sugere uma s\u00e9rie de recomenda\u00e7\u00f5es para que governos ao redor do mundo enfrentem a crise habitacional. Entre elas, destaca-se a necessidade de refor\u00e7o na prote\u00e7\u00e3o contra despejos for\u00e7ados e o reconhecimento de diferentes formas de posse da terra. Outro ponto importante \u00e9 a amplia\u00e7\u00e3o da participa\u00e7\u00e3o dos moradores nos processos de decis\u00e3o que afetam suas vidas. A ONU tamb\u00e9m recomenda que a quest\u00e3o da habita\u00e7\u00e3o seja integrada na agenda clim\u00e1tica, considerando seu impacto nas emiss\u00f5es de gases de efeito estufa.<\/p>\n<h2>O Futuro da Moradia nas Comunidades<\/h2>\n<p>A luta por moradia digna \u00e9 uma quest\u00e3o global que exige aten\u00e7\u00e3o e a\u00e7\u00e3o coordenada. \u00c0 medida que as popula\u00e7\u00f5es urbanas crescem, a demanda por solu\u00e7\u00f5es habitacionais se torna ainda mais urgente. O futuro da habita\u00e7\u00e3o nas comunidades depende da colabora\u00e7\u00e3o entre governos, organiza\u00e7\u00f5es internacionais e a pr\u00f3pria popula\u00e7\u00e3o, que deve ser protagonista na busca por melhorias em suas condi\u00e7\u00f5es de vida. Como enfatiza Anacl\u00e1udia Rossbach, diretora-executiva da ONU-Habitat, as a\u00e7\u00f5es que tomarmos agora ser\u00e3o determinantes para transformar a habita\u00e7\u00e3o em um pilar de estabilidade e crescimento.<\/p>\n\n<div style=\"font-size: 0px; height: 0px; line-height: 0px; margin: 0; padding: 0; clear: both;\"><\/div>","protected":false},"excerpt":{"rendered":"<p>Favela de Belo Horizonte recebe destaque em relat\u00f3rio global da ONU sobre habita\u00e7\u00e3o e moradia digna.<\/p>\n","protected":false},"author":1,"featured_media":4198,"comment_status":"closed","ping_status":"closed","sticky":false,"template":"","format":"standard","meta":{"footnotes":""},"categories":[6],"tags":[],"class_list":["post-4199","post","type-post","status-publish","format-standard","has-post-thumbnail","hentry","category-noticias","has_thumb"],"aioseo_notices":[],"aioseo_head":"\n\t\t<!-- All in One SEO 5.0.0.1 - aioseo.com -->\n\t<meta name=\"description\" content=\"Favela de Belo Horizonte recebe destaque em relat\u00f3rio global da ONU sobre habita\u00e7\u00e3o e moradia digna.\" \/>\n\t<meta name=\"robots\" content=\"max-image-preview:large\" \/>\n\t<meta name=\"author\" content=\"Encontra Belo Horizonte\"\/>\n\t<link rel=\"canonical\" href=\"https:\/\/www.encontrabelohorizonte.com.br\/sobre\/favela-de-belo-horizonte-tem-destaque-em-relatorio-global-da-onu-sobre-habitacao\/\" \/>\n\t<meta name=\"generator\" content=\"All in One SEO (AIOSEO) 5.0.0.1\" \/>\n\t\t<meta property=\"og:locale\" content=\"pt_BR\" \/>\n\t\t<meta property=\"og:site_name\" content=\"Encontra Belo Horizonte | Not\u00edcias, eventos, informa\u00e7\u00f5es e dicas da cidade de Belo Horizonte e regi\u00e3o\" \/>\n\t\t<meta property=\"og:type\" content=\"article\" \/>\n\t\t<meta property=\"og:title\" content=\"Favela de Belo Horizonte tem destaque em relat\u00f3rio global da ONU sobre habita\u00e7\u00e3o | Encontra Belo Horizonte\" \/>\n\t\t<meta property=\"og:description\" content=\"Favela de Belo Horizonte recebe destaque em relat\u00f3rio global da ONU sobre habita\u00e7\u00e3o e moradia digna.\" \/>\n\t\t<meta property=\"og:url\" content=\"https:\/\/www.encontrabelohorizonte.com.br\/sobre\/favela-de-belo-horizonte-tem-destaque-em-relatorio-global-da-onu-sobre-habitacao\/\" \/>\n\t\t<meta property=\"article:published_time\" content=\"2026-06-28T08:29:10+00:00\" \/>\n\t\t<meta property=\"article:modified_time\" content=\"2026-06-28T08:29:10+00:00\" \/>\n\t\t<meta name=\"twitter:card\" content=\"summary\" \/>\n\t\t<meta name=\"twitter:title\" content=\"Favela de Belo Horizonte tem destaque em relat\u00f3rio global da ONU sobre habita\u00e7\u00e3o | Encontra Belo Horizonte\" \/>\n\t\t<meta name=\"twitter:description\" content=\"Favela de Belo Horizonte recebe destaque em relat\u00f3rio global da ONU sobre habita\u00e7\u00e3o e moradia digna.\" \/>\n\t\t<script type=\"application\/ld+json\" class=\"aioseo-schema\">\n\t\t\t{\"@context\":\"https:\\\/\\\/schema.org\",\"@graph\":[{\"@type\":\"Article\",\"@id\":\"https:\\\/\\\/www.encontrabelohorizonte.com.br\\\/sobre\\\/favela-de-belo-horizonte-tem-destaque-em-relatorio-global-da-onu-sobre-habitacao\\\/#article\",\"name\":\"Favela de Belo Horizonte tem destaque em relat\\u00f3rio global da ONU sobre habita\\u00e7\\u00e3o | Encontra Belo Horizonte\",\"headline\":\"Favela de Belo Horizonte tem destaque em relat\\u00f3rio global da ONU sobre habita\\u00e7\\u00e3o\",\"author\":{\"@id\":\"https:\\\/\\\/www.encontrabelohorizonte.com.br\\\/sobre\\\/author\\\/ebelohorizonte\\\/#author\"},\"publisher\":{\"@id\":\"https:\\\/\\\/www.encontrabelohorizonte.com.br\\\/sobre\\\/#organization\"},\"image\":{\"@type\":\"ImageObject\",\"url\":\"https:\\\/\\\/www.encontrabelohorizonte.com.br\\\/sobre\\\/wp-content\\\/uploads\\\/favela-de-belo-horizonte-tem-destaque-em-relatorio-global-da-onu-sobre-habitacao.webp\",\"width\":280,\"height\":280},\"datePublished\":\"2026-06-28T05:29:10-03:00\",\"dateModified\":\"2026-06-28T05:29:10-03:00\",\"inLanguage\":\"pt-BR\",\"mainEntityOfPage\":{\"@id\":\"https:\\\/\\\/www.encontrabelohorizonte.com.br\\\/sobre\\\/favela-de-belo-horizonte-tem-destaque-em-relatorio-global-da-onu-sobre-habitacao\\\/#webpage\"},\"isPartOf\":{\"@id\":\"https:\\\/\\\/www.encontrabelohorizonte.com.br\\\/sobre\\\/favela-de-belo-horizonte-tem-destaque-em-relatorio-global-da-onu-sobre-habitacao\\\/#webpage\"},\"articleSection\":\"Not\\u00edcias Belo Horizonte\"},{\"@type\":\"BreadcrumbList\",\"@id\":\"https:\\\/\\\/www.encontrabelohorizonte.com.br\\\/sobre\\\/favela-de-belo-horizonte-tem-destaque-em-relatorio-global-da-onu-sobre-habitacao\\\/#breadcrumblist\",\"itemListElement\":[{\"@type\":\"ListItem\",\"@id\":\"https:\\\/\\\/www.encontrabelohorizonte.com.br\\\/sobre#listItem\",\"position\":1,\"name\":\"In\\u00edcio\",\"item\":\"https:\\\/\\\/www.encontrabelohorizonte.com.br\\\/sobre\",\"nextItem\":{\"@type\":\"ListItem\",\"@id\":\"https:\\\/\\\/www.encontrabelohorizonte.com.br\\\/sobre\\\/noticias\\\/#listItem\",\"name\":\"Not\\u00edcias Belo Horizonte\"}},{\"@type\":\"ListItem\",\"@id\":\"https:\\\/\\\/www.encontrabelohorizonte.com.br\\\/sobre\\\/noticias\\\/#listItem\",\"position\":2,\"name\":\"Not\\u00edcias Belo Horizonte\",\"item\":\"https:\\\/\\\/www.encontrabelohorizonte.com.br\\\/sobre\\\/noticias\\\/\",\"nextItem\":{\"@type\":\"ListItem\",\"@id\":\"https:\\\/\\\/www.encontrabelohorizonte.com.br\\\/sobre\\\/favela-de-belo-horizonte-tem-destaque-em-relatorio-global-da-onu-sobre-habitacao\\\/#listItem\",\"name\":\"Favela de Belo Horizonte tem destaque em relat\\u00f3rio global da ONU sobre habita\\u00e7\\u00e3o\"},\"previousItem\":{\"@type\":\"ListItem\",\"@id\":\"https:\\\/\\\/www.encontrabelohorizonte.com.br\\\/sobre#listItem\",\"name\":\"In\\u00edcio\"}},{\"@type\":\"ListItem\",\"@id\":\"https:\\\/\\\/www.encontrabelohorizonte.com.br\\\/sobre\\\/favela-de-belo-horizonte-tem-destaque-em-relatorio-global-da-onu-sobre-habitacao\\\/#listItem\",\"position\":3,\"name\":\"Favela de Belo Horizonte tem destaque em relat\\u00f3rio global da ONU sobre habita\\u00e7\\u00e3o\",\"previousItem\":{\"@type\":\"ListItem\",\"@id\":\"https:\\\/\\\/www.encontrabelohorizonte.com.br\\\/sobre\\\/noticias\\\/#listItem\",\"name\":\"Not\\u00edcias Belo Horizonte\"}}]},{\"@type\":\"Organization\",\"@id\":\"https:\\\/\\\/www.encontrabelohorizonte.com.br\\\/sobre\\\/#organization\",\"name\":\"Encontra Belo Horizonte\",\"description\":\"Not\\u00edcias, eventos, informa\\u00e7\\u00f5es e dicas da cidade de Belo Horizonte e regi\\u00e3o\",\"url\":\"https:\\\/\\\/www.encontrabelohorizonte.com.br\\\/sobre\\\/\"},{\"@type\":\"Person\",\"@id\":\"https:\\\/\\\/www.encontrabelohorizonte.com.br\\\/sobre\\\/author\\\/ebelohorizonte\\\/#author\",\"url\":\"https:\\\/\\\/www.encontrabelohorizonte.com.br\\\/sobre\\\/author\\\/ebelohorizonte\\\/\",\"name\":\"Encontra Belo Horizonte\",\"image\":{\"@type\":\"ImageObject\",\"@id\":\"https:\\\/\\\/www.encontrabelohorizonte.com.br\\\/sobre\\\/favela-de-belo-horizonte-tem-destaque-em-relatorio-global-da-onu-sobre-habitacao\\\/#authorImage\",\"url\":\"https:\\\/\\\/secure.gravatar.com\\\/avatar\\\/507340682b8270222e1f208e23198b6ae7e2c6a1033ae84e99bc6bce4f82a387?s=96&d=mm&r=g\",\"width\":96,\"height\":96,\"caption\":\"Encontra Belo Horizonte\"}},{\"@type\":\"WebPage\",\"@id\":\"https:\\\/\\\/www.encontrabelohorizonte.com.br\\\/sobre\\\/favela-de-belo-horizonte-tem-destaque-em-relatorio-global-da-onu-sobre-habitacao\\\/#webpage\",\"url\":\"https:\\\/\\\/www.encontrabelohorizonte.com.br\\\/sobre\\\/favela-de-belo-horizonte-tem-destaque-em-relatorio-global-da-onu-sobre-habitacao\\\/\",\"name\":\"Favela de Belo Horizonte tem destaque em relat\\u00f3rio global da ONU sobre habita\\u00e7\\u00e3o | Encontra Belo Horizonte\",\"description\":\"Favela de Belo Horizonte recebe destaque em relat\\u00f3rio global da ONU sobre habita\\u00e7\\u00e3o e moradia digna.\",\"inLanguage\":\"pt-BR\",\"isPartOf\":{\"@id\":\"https:\\\/\\\/www.encontrabelohorizonte.com.br\\\/sobre\\\/#website\"},\"breadcrumb\":{\"@id\":\"https:\\\/\\\/www.encontrabelohorizonte.com.br\\\/sobre\\\/favela-de-belo-horizonte-tem-destaque-em-relatorio-global-da-onu-sobre-habitacao\\\/#breadcrumblist\"},\"author\":{\"@id\":\"https:\\\/\\\/www.encontrabelohorizonte.com.br\\\/sobre\\\/author\\\/ebelohorizonte\\\/#author\"},\"creator\":{\"@id\":\"https:\\\/\\\/www.encontrabelohorizonte.com.br\\\/sobre\\\/author\\\/ebelohorizonte\\\/#author\"},\"image\":{\"@type\":\"ImageObject\",\"url\":\"https:\\\/\\\/www.encontrabelohorizonte.com.br\\\/sobre\\\/wp-content\\\/uploads\\\/favela-de-belo-horizonte-tem-destaque-em-relatorio-global-da-onu-sobre-habitacao.webp\",\"@id\":\"https:\\\/\\\/www.encontrabelohorizonte.com.br\\\/sobre\\\/favela-de-belo-horizonte-tem-destaque-em-relatorio-global-da-onu-sobre-habitacao\\\/#mainImage\",\"width\":280,\"height\":280},\"primaryImageOfPage\":{\"@id\":\"https:\\\/\\\/www.encontrabelohorizonte.com.br\\\/sobre\\\/favela-de-belo-horizonte-tem-destaque-em-relatorio-global-da-onu-sobre-habitacao\\\/#mainImage\"},\"datePublished\":\"2026-06-28T05:29:10-03:00\",\"dateModified\":\"2026-06-28T05:29:10-03:00\"},{\"@type\":\"WebSite\",\"@id\":\"https:\\\/\\\/www.encontrabelohorizonte.com.br\\\/sobre\\\/#website\",\"url\":\"https:\\\/\\\/www.encontrabelohorizonte.com.br\\\/sobre\\\/\",\"name\":\"Encontra Belo Horizonte\",\"description\":\"Not\\u00edcias, eventos, informa\\u00e7\\u00f5es e dicas da cidade de Belo Horizonte e regi\\u00e3o\",\"inLanguage\":\"pt-BR\",\"publisher\":{\"@id\":\"https:\\\/\\\/www.encontrabelohorizonte.com.br\\\/sobre\\\/#organization\"}}]}\n\t\t<\/script>\n\t\t<!-- All in One SEO -->\n\n","aioseo_head_json":{"title":"Favela de Belo Horizonte tem destaque em relat\u00f3rio global da ONU sobre habita\u00e7\u00e3o | Encontra Belo Horizonte","description":"Favela de Belo Horizonte recebe destaque em relat\u00f3rio global da ONU sobre habita\u00e7\u00e3o e moradia digna.","canonical_url":"https:\/\/www.encontrabelohorizonte.com.br\/sobre\/favela-de-belo-horizonte-tem-destaque-em-relatorio-global-da-onu-sobre-habitacao\/","robots":"max-image-preview:large","keywords":"","webmasterTools":{"miscellaneous":""},"schema":{"@context":"https:\/\/schema.org","@graph":[{"@type":"Article","@id":"https:\/\/www.encontrabelohorizonte.com.br\/sobre\/favela-de-belo-horizonte-tem-destaque-em-relatorio-global-da-onu-sobre-habitacao\/#article","name":"Favela de Belo Horizonte tem destaque em relat\u00f3rio global da ONU sobre habita\u00e7\u00e3o | Encontra Belo Horizonte","headline":"Favela de Belo Horizonte tem destaque em relat\u00f3rio global da ONU sobre habita\u00e7\u00e3o","author":{"@id":"https:\/\/www.encontrabelohorizonte.com.br\/sobre\/author\/ebelohorizonte\/#author"},"publisher":{"@id":"https:\/\/www.encontrabelohorizonte.com.br\/sobre\/#organization"},"image":{"@type":"ImageObject","url":"https:\/\/www.encontrabelohorizonte.com.br\/sobre\/wp-content\/uploads\/favela-de-belo-horizonte-tem-destaque-em-relatorio-global-da-onu-sobre-habitacao.webp","width":280,"height":280},"datePublished":"2026-06-28T05:29:10-03:00","dateModified":"2026-06-28T05:29:10-03:00","inLanguage":"pt-BR","mainEntityOfPage":{"@id":"https:\/\/www.encontrabelohorizonte.com.br\/sobre\/favela-de-belo-horizonte-tem-destaque-em-relatorio-global-da-onu-sobre-habitacao\/#webpage"},"isPartOf":{"@id":"https:\/\/www.encontrabelohorizonte.com.br\/sobre\/favela-de-belo-horizonte-tem-destaque-em-relatorio-global-da-onu-sobre-habitacao\/#webpage"},"articleSection":"Not\u00edcias Belo Horizonte"},{"@type":"BreadcrumbList","@id":"https:\/\/www.encontrabelohorizonte.com.br\/sobre\/favela-de-belo-horizonte-tem-destaque-em-relatorio-global-da-onu-sobre-habitacao\/#breadcrumblist","itemListElement":[{"@type":"ListItem","@id":"https:\/\/www.encontrabelohorizonte.com.br\/sobre#listItem","position":1,"name":"In\u00edcio","item":"https:\/\/www.encontrabelohorizonte.com.br\/sobre","nextItem":{"@type":"ListItem","@id":"https:\/\/www.encontrabelohorizonte.com.br\/sobre\/noticias\/#listItem","name":"Not\u00edcias Belo Horizonte"}},{"@type":"ListItem","@id":"https:\/\/www.encontrabelohorizonte.com.br\/sobre\/noticias\/#listItem","position":2,"name":"Not\u00edcias Belo Horizonte","item":"https:\/\/www.encontrabelohorizonte.com.br\/sobre\/noticias\/","nextItem":{"@type":"ListItem","@id":"https:\/\/www.encontrabelohorizonte.com.br\/sobre\/favela-de-belo-horizonte-tem-destaque-em-relatorio-global-da-onu-sobre-habitacao\/#listItem","name":"Favela de Belo Horizonte tem destaque em relat\u00f3rio global da ONU sobre habita\u00e7\u00e3o"},"previousItem":{"@type":"ListItem","@id":"https:\/\/www.encontrabelohorizonte.com.br\/sobre#listItem","name":"In\u00edcio"}},{"@type":"ListItem","@id":"https:\/\/www.encontrabelohorizonte.com.br\/sobre\/favela-de-belo-horizonte-tem-destaque-em-relatorio-global-da-onu-sobre-habitacao\/#listItem","position":3,"name":"Favela de Belo Horizonte tem destaque em relat\u00f3rio global da ONU sobre habita\u00e7\u00e3o","previousItem":{"@type":"ListItem","@id":"https:\/\/www.encontrabelohorizonte.com.br\/sobre\/noticias\/#listItem","name":"Not\u00edcias Belo Horizonte"}}]},{"@type":"Organization","@id":"https:\/\/www.encontrabelohorizonte.com.br\/sobre\/#organization","name":"Encontra Belo Horizonte","description":"Not\u00edcias, eventos, informa\u00e7\u00f5es e dicas da cidade de Belo Horizonte e regi\u00e3o","url":"https:\/\/www.encontrabelohorizonte.com.br\/sobre\/"},{"@type":"Person","@id":"https:\/\/www.encontrabelohorizonte.com.br\/sobre\/author\/ebelohorizonte\/#author","url":"https:\/\/www.encontrabelohorizonte.com.br\/sobre\/author\/ebelohorizonte\/","name":"Encontra Belo Horizonte","image":{"@type":"ImageObject","@id":"https:\/\/www.encontrabelohorizonte.com.br\/sobre\/favela-de-belo-horizonte-tem-destaque-em-relatorio-global-da-onu-sobre-habitacao\/#authorImage","url":"https:\/\/secure.gravatar.com\/avatar\/507340682b8270222e1f208e23198b6ae7e2c6a1033ae84e99bc6bce4f82a387?s=96&d=mm&r=g","width":96,"height":96,"caption":"Encontra Belo Horizonte"}},{"@type":"WebPage","@id":"https:\/\/www.encontrabelohorizonte.com.br\/sobre\/favela-de-belo-horizonte-tem-destaque-em-relatorio-global-da-onu-sobre-habitacao\/#webpage","url":"https:\/\/www.encontrabelohorizonte.com.br\/sobre\/favela-de-belo-horizonte-tem-destaque-em-relatorio-global-da-onu-sobre-habitacao\/","name":"Favela de Belo Horizonte tem destaque em relat\u00f3rio global da ONU sobre habita\u00e7\u00e3o | Encontra Belo Horizonte","description":"Favela de Belo Horizonte recebe destaque em relat\u00f3rio global da ONU sobre habita\u00e7\u00e3o e moradia digna.","inLanguage":"pt-BR","isPartOf":{"@id":"https:\/\/www.encontrabelohorizonte.com.br\/sobre\/#website"},"breadcrumb":{"@id":"https:\/\/www.encontrabelohorizonte.com.br\/sobre\/favela-de-belo-horizonte-tem-destaque-em-relatorio-global-da-onu-sobre-habitacao\/#breadcrumblist"},"author":{"@id":"https:\/\/www.encontrabelohorizonte.com.br\/sobre\/author\/ebelohorizonte\/#author"},"creator":{"@id":"https:\/\/www.encontrabelohorizonte.com.br\/sobre\/author\/ebelohorizonte\/#author"},"image":{"@type":"ImageObject","url":"https:\/\/www.encontrabelohorizonte.com.br\/sobre\/wp-content\/uploads\/favela-de-belo-horizonte-tem-destaque-em-relatorio-global-da-onu-sobre-habitacao.webp","@id":"https:\/\/www.encontrabelohorizonte.com.br\/sobre\/favela-de-belo-horizonte-tem-destaque-em-relatorio-global-da-onu-sobre-habitacao\/#mainImage","width":280,"height":280},"primaryImageOfPage":{"@id":"https:\/\/www.encontrabelohorizonte.com.br\/sobre\/favela-de-belo-horizonte-tem-destaque-em-relatorio-global-da-onu-sobre-habitacao\/#mainImage"},"datePublished":"2026-06-28T05:29:10-03:00","dateModified":"2026-06-28T05:29:10-03:00"},{"@type":"WebSite","@id":"https:\/\/www.encontrabelohorizonte.com.br\/sobre\/#website","url":"https:\/\/www.encontrabelohorizonte.com.br\/sobre\/","name":"Encontra Belo Horizonte","description":"Not\u00edcias, eventos, informa\u00e7\u00f5es e dicas da cidade de Belo Horizonte e regi\u00e3o","inLanguage":"pt-BR","publisher":{"@id":"https:\/\/www.encontrabelohorizonte.com.br\/sobre\/#organization"}}]},"og:locale":"pt_BR","og:site_name":"Encontra Belo Horizonte | Not\u00edcias, eventos, informa\u00e7\u00f5es e dicas da cidade de Belo Horizonte e regi\u00e3o","og:type":"article","og:title":"Favela de Belo Horizonte tem destaque em relat\u00f3rio global da ONU sobre habita\u00e7\u00e3o | Encontra Belo Horizonte","og:description":"Favela de Belo Horizonte recebe destaque em relat\u00f3rio global da ONU sobre habita\u00e7\u00e3o e moradia digna.","og:url":"https:\/\/www.encontrabelohorizonte.com.br\/sobre\/favela-de-belo-horizonte-tem-destaque-em-relatorio-global-da-onu-sobre-habitacao\/","article:published_time":"2026-06-28T08:29:10+00:00","article:modified_time":"2026-06-28T08:29:10+00:00","twitter:card":"summary","twitter:title":"Favela de Belo Horizonte tem destaque em relat\u00f3rio global da ONU sobre habita\u00e7\u00e3o | Encontra Belo Horizonte","twitter:description":"Favela de Belo Horizonte recebe destaque em relat\u00f3rio global da ONU sobre habita\u00e7\u00e3o e moradia digna."},"aioseo_meta_data":{"post_id":"4199","title":null,"description":null,"keywords":null,"keyphrases":null,"primary_term":null,"canonical_url":null,"og_title":null,"og_description":null,"og_object_type":"default","og_image_type":"default","og_image_url":null,"og_image_width":null,"og_image_height":null,"og_image_custom_url":null,"og_image_custom_fields":null,"og_video":null,"og_custom_url":null,"og_article_section":null,"og_article_tags":null,"twitter_use_og":false,"twitter_card":"default","twitter_image_type":"default","twitter_image_url":null,"twitter_image_custom_url":null,"twitter_image_custom_fields":null,"twitter_title":null,"twitter_description":null,"schema":{"blockGraphs":[],"customGraphs":[],"default":{"data":{"Article":[],"Course":[],"Dataset":[],"FAQPage":[],"Movie":[],"Person":[],"Product":[],"ProductReview":[],"Car":[],"Recipe":[],"Service":[],"SoftwareApplication":[],"WebPage":[]},"graphName":"WebPage","isEnabled":true},"graphs":[]},"schema_type":"default","schema_type_options":null,"pillar_content":false,"robots_default":true,"robots_noindex":false,"robots_noarchive":false,"robots_nosnippet":false,"robots_nofollow":false,"robots_noimageindex":false,"robots_noodp":false,"robots_notranslate":false,"robots_max_snippet":null,"robots_max_videopreview":null,"robots_max_imagepreview":"large","priority":null,"frequency":null,"local_seo":null,"breadcrumb_settings":null,"limit_modified_date":false,"ai":null,"created":"2026-06-28 08:29:14","updated":"2026-06-28 08:43:59","focus_keyword":null,"additional_keywords":null,"truseo_locale":null,"seo_analyzer_scan_date":null},"aioseo_breadcrumb":"<div class=\"aioseo-breadcrumbs\"><span class=\"aioseo-breadcrumb\">\n\t\t\t<a href=\"https:\/\/www.encontrabelohorizonte.com.br\/sobre\" title=\"In\u00edcio\">In\u00edcio<\/a>\n\t\t<\/span><span class=\"aioseo-breadcrumb-separator\">&raquo;<\/span><span class=\"aioseo-breadcrumb\">\n\t\t\t<a href=\"https:\/\/www.encontrabelohorizonte.com.br\/sobre\/noticias\/\" title=\"Not\u00edcias Belo Horizonte\">Not\u00edcias Belo Horizonte<\/a>\n\t\t<\/span><span class=\"aioseo-breadcrumb-separator\">&raquo;<\/span><span class=\"aioseo-breadcrumb\">\n\t\t\tFavela de Belo Horizonte tem destaque em relat\u00f3rio global da ONU sobre habita\u00e7\u00e3o\n\t\t<\/span><\/div>","aioseo_breadcrumb_json":[{"label":"In\u00edcio","link":"https:\/\/www.encontrabelohorizonte.com.br\/sobre"},{"label":"Not\u00edcias Belo Horizonte","link":"https:\/\/www.encontrabelohorizonte.com.br\/sobre\/noticias\/"},{"label":"Favela de Belo Horizonte tem destaque em relat\u00f3rio global da ONU sobre habita\u00e7\u00e3o","link":"https:\/\/www.encontrabelohorizonte.com.br\/sobre\/favela-de-belo-horizonte-tem-destaque-em-relatorio-global-da-onu-sobre-habitacao\/"}],"_links":{"self":[{"href":"https:\/\/www.encontrabelohorizonte.com.br\/sobre\/wp-json\/wp\/v2\/posts\/4199","targetHints":{"allow":["GET"]}}],"collection":[{"href":"https:\/\/www.encontrabelohorizonte.com.br\/sobre\/wp-json\/wp\/v2\/posts"}],"about":[{"href":"https:\/\/www.encontrabelohorizonte.com.br\/sobre\/wp-json\/wp\/v2\/types\/post"}],"author":[{"embeddable":true,"href":"https:\/\/www.encontrabelohorizonte.com.br\/sobre\/wp-json\/wp\/v2\/users\/1"}],"replies":[{"embeddable":true,"href":"https:\/\/www.encontrabelohorizonte.com.br\/sobre\/wp-json\/wp\/v2\/comments?post=4199"}],"version-history":[{"count":0,"href":"https:\/\/www.encontrabelohorizonte.com.br\/sobre\/wp-json\/wp\/v2\/posts\/4199\/revisions"}],"wp:featuredmedia":[{"embeddable":true,"href":"https:\/\/www.encontrabelohorizonte.com.br\/sobre\/wp-json\/wp\/v2\/media\/4198"}],"wp:attachment":[{"href":"https:\/\/www.encontrabelohorizonte.com.br\/sobre\/wp-json\/wp\/v2\/media?parent=4199"}],"wp:term":[{"taxonomy":"category","embeddable":true,"href":"https:\/\/www.encontrabelohorizonte.com.br\/sobre\/wp-json\/wp\/v2\/categories?post=4199"},{"taxonomy":"post_tag","embeddable":true,"href":"https:\/\/www.encontrabelohorizonte.com.br\/sobre\/wp-json\/wp\/v2\/tags?post=4199"}],"curies":[{"name":"wp","href":"https:\/\/api.w.org\/{rel}","templated":true}]}}