{"id":4269,"date":"2026-07-06T15:42:16","date_gmt":"2026-07-06T18:42:16","guid":{"rendered":"https:\/\/www.encontrabelohorizonte.com.br\/sobre\/ceu-aberto-e-tempo-firme-veja-a-previsao-do-tempo-para-belo-horizonte\/"},"modified":"2026-07-06T15:42:16","modified_gmt":"2026-07-06T18:42:16","slug":"ceu-aberto-e-tempo-firme-veja-a-previsao-do-tempo-para-belo-horizonte","status":"publish","type":"post","link":"https:\/\/www.encontrabelohorizonte.com.br\/sobre\/ceu-aberto-e-tempo-firme-veja-a-previsao-do-tempo-para-belo-horizonte\/","title":{"rendered":"C\u00e9u aberto e tempo firme: veja a previs\u00e3o do tempo para Belo Horizonte"},"content":{"rendered":"<div class=\"2e083cf0b19e2c11948dc6ac054ba979\" data-index=\"1\" style=\"float: none; margin:0px;\">\n<!-- Anuncio display - global -->\r\n<ins class=\"adsbygoogle\"\r\n     style=\"display:block\"\r\n     data-ad-client=\"ca-pub-8585364105181520\"\r\n     data-ad-slot=\"8789329856\"\r\n     data-ad-format=\"auto\"\r\n     data-full-width-responsive=\"true\"><\/ins>\r\n<script>\r\n     (adsbygoogle = window.adsbygoogle || []).push({});\r\n<\/script>\n<\/div>\n<h2>Condi\u00e7\u00f5es Clim\u00e1ticas da Semana<\/h2>\n<p>A previs\u00e3o do tempo para Belo Horizonte indica que a capital mineira vivenciar\u00e1 uma semana de c\u00e9u majoritariamente limpo e ensolarado, com a aus\u00eancia de chuvas previstas. A estabilidade clim\u00e1tica \u00e9 evidente, o que deve proporcionar um ambiente ideal para atividades ao ar livre e encontros sociais. Os moradores da cidade podem se preparar para dias ensolarados que marcam a transi\u00e7\u00e3o do m\u00eas.<\/p>\n<h2>Temperaturas Esperadas para Belo Horizonte<\/h2>\n<p>As temperaturas se apresentar\u00e3o em um intervalo consider\u00e1vel ao longo da semana. Abaixo, seguem as m\u00ednimas e m\u00e1ximas di\u00e1rias previstas:<\/p>\n<ul>\n<li><strong>Segunda-feira, 29 de junho:<\/strong> M\u00ednima de 15\u00b0C e m\u00e1xima de 25\u00b0C.<\/li>\n<li><strong>Ter\u00e7a-feira, 30 de junho:<\/strong> M\u00ednima de 16\u00b0C e m\u00e1xima de 26\u00b0C.<\/li>\n<li><strong>Quarta-feira, 01 de julho:<\/strong> M\u00ednima de 15\u00b0C e m\u00e1xima de 27\u00b0C.<\/li>\n<li><strong>Quinta-feira, 02 de julho:<\/strong> M\u00ednima de 15\u00b0C e m\u00e1xima de 28\u00b0C.<\/li>\n<li><strong>Sexta-feira, 03 de julho:<\/strong> M\u00ednima de 14\u00b0C e m\u00e1xima de 26\u00b0C.<\/li>\n<li><strong>S\u00e1bado, 04 de julho:<\/strong> M\u00ednima de 12\u00b0C e m\u00e1xima de 23\u00b0C.<\/li>\n<li><strong>Domingo, 05 de julho:<\/strong> M\u00ednima de 12\u00b0C e m\u00e1xima de 25\u00b0C.<\/li>\n<\/ul>\n<h2>Umidade do Ar e Seus Efeitos<\/h2>\n<p>A umidade relativa do ar permanecer\u00e1 abaixo de 55% durante toda a semana. Este n\u00edvel relativamente baixo pode afetar a sensa\u00e7\u00e3o t\u00e9rmica, potencializando a sensa\u00e7\u00e3o de calor durante o dia e um leve frescor nas noites. A baixa umidade tamb\u00e9m pode ter implica\u00e7\u00f5es na sa\u00fade da pele e nas vias respirat\u00f3rias, tornando a hidrata\u00e7\u00e3o essencial, especialmente para aqueles que realizam atividades f\u00edsicas ao ar livre.<\/p>\n<p><img decoding=\"async\" src=\"https:\/\/www.encontrabelohorizonte.com.br\/sobre\/wp-content\/uploads\/ceu-aberto-e-tempo-firme-veja-a-previsao-do-tempo-para-belo-horizonte.webp\" alt=\"previs\u00e3o do tempo\" loading=\"lazy\" \/><\/p>\n<h2>\u00cdndices Ultravioleta Elevados<\/h2>\n<p>Os \u00edndices ultravioleta (UV) previstos registros elevados, principalmente entre os dias de segunda a quinta-feira. A seguir, os respectivos registros:<\/p>\n<ul>\n<li><strong>Segunda-feira:<\/strong> \u00cdndice UV de 6,57 (alto).<\/li>\n<li><strong>Ter\u00e7a-feira:<\/strong> \u00cdndice UV de 6,85 (alto).<\/li>\n<li><strong>Quarta-feira:<\/strong> \u00cdndice UV de 6,79 (alto).<\/li>\n<li><strong>Quinta-feira:<\/strong> \u00cdndice UV de 6,85 (alto).<\/li>\n<\/ul>\n<p>A intensidade do \u00edndice UV requer especial aten\u00e7\u00e3o, pois \u00e9 elevada o suficiente para potencialmente causar efeitos nocivos \u00e0 pele. Portanto, recomenda-se o uso de protetor solar adequado durante a exposi\u00e7\u00e3o ao sol.<\/p>\n<h2>Seguran\u00e7a ao Expor-se ao Sol<\/h2>\n<p>Devido aos altos \u00edndices UV, \u00e9 crucial que os cidad\u00e3os de Belo Horizonte tomem precau\u00e7\u00f5es adequadas ao se expor ao sol. Algumas dicas incluem:<\/p>\n<ul>\n<li>Utilizar protetor solar com fator de prote\u00e7\u00e3o adequado.<\/li>\n<li>Usar roupas de tecido leve e de cor clara.<\/li>\n<li>Usar chap\u00e9us com aba larga e \u00f3culos de sol.<\/li>\n<li>Evitar a exposi\u00e7\u00e3o direta ao sol durante os hor\u00e1rios de pico, que geralmente v\u00e3o das 10h \u00e0s 16h.<\/li>\n<\/ul>\n<h2>Compara\u00e7\u00e3o com Semanas Anteriores<\/h2>\n<p>Ao comparar a previs\u00e3o atual com semanas anteriores, nota-se uma tend\u00eancia de temperaturas que se mant\u00eam est\u00e1veis, mas ligeiramente mais elevadas nos dias mais quentes. A falta de chuvas na previs\u00e3o implica uma continuidade em um padr\u00e3o de clima seco, contrastando com per\u00edodos anteriores que podem ter visto mais umidade e varia\u00e7\u00f5es clim\u00e1ticas. Esse padr\u00e3o pode influenciar atividades ao ar livre, favorecendo passeios e eventos.<\/p>\n<h2>Interpreta\u00e7\u00e3o das Previs\u00f5es Clim\u00e1ticas<\/h2>\n<p>A interpreta\u00e7\u00e3o das previs\u00f5es clim\u00e1ticas indica que a intera\u00e7\u00e3o social e as atividades ao ar livre poder\u00e3o ser favorecidas devido \u00e0 estabilidade do clima. \u00c9 um bom momento para aqueles que desejam planejar eventos como piqueniques, caminhadas e encontros com amigos. No entanto, a baixa umidade e os altos n\u00edveis de radia\u00e7\u00e3o solar devem ser fatores a serem considerados.<\/p>\n<h2>Impacto do Clima na Vida Cotidiana<\/h2>\n<p>O clima previsto para a semana poder\u00e1 impactar diversas \u00e1reas da vida cotidiana. Agricultores devem ficar atentos \u00e0 umidade do solo, enquanto os cidad\u00e3os em geral podem sentir a necessidade de ajustar suas rotinas de exerc\u00edcios ao ar livre. Os efeitos da contagem de UV e a necessidade de proteger a pele s\u00e3o essenciais para a sa\u00fade da popula\u00e7\u00e3o, fazendo com que a conscientiza\u00e7\u00e3o sobre esses aspectos seja crucial.<\/p>\n<h2>Dicas para Aproveitar o C\u00e9u Limpo<\/h2>\n<p>Para que os cidad\u00e3os possam tirar o m\u00e1ximo proveito do c\u00e9u limpo durante a semana, algumas pr\u00e1ticas s\u00e3o recomendadas:<\/p>\n<ul>\n<li>Fazer caminhadas ou corridas em hor\u00e1rios mais frescos, como pela manh\u00e3 ou no in\u00edcio da noite.<\/li>\n<li>Planejar atividades familiares ao ar livre, como churrascos ou jogos em parques.<\/li>\n<li>Visitar pontos tur\u00edsticos ou \u00e1reas naturais que possam ser exploradas sem preocupa\u00e7\u00f5es meteorol\u00f3gicas.<\/li>\n<li>Manter uma rotina de hidrata\u00e7\u00e3o constante para compensar a baixa umidade e calor.<\/li>\n<\/ul>\n<h2>Expectativas para os Pr\u00f3ximos Dias<\/h2>\n<p>Adiante, as previs\u00f5es indicam que a tend\u00eancia de c\u00e9u claro e temperaturas amplas deve persistir. O resfriamento pode come\u00e7ar a ser sentido a partir do final da semana, com m\u00ednimas de 12\u00b0C. No entanto, sem previs\u00e3o de chuvas, a situa\u00e7\u00e3o clim\u00e1tica permanecer\u00e1 est\u00e1vel. \u00c9 essencial acompanhar as atualiza\u00e7\u00f5es di\u00e1rias para qualquer altera\u00e7\u00e3o nas condi\u00e7\u00f5es clim\u00e1ticas e adaptar os planos conforme necess\u00e1rio.<\/p>\n\n<div style=\"font-size: 0px; height: 0px; line-height: 0px; margin: 0; padding: 0; clear: both;\"><\/div>","protected":false},"excerpt":{"rendered":"<p>Previs\u00e3o do tempo em Belo Horizonte indica c\u00e9u aberto e temperaturas elevadas.<\/p>\n","protected":false},"author":1,"featured_media":4268,"comment_status":"closed","ping_status":"closed","sticky":false,"template":"","format":"standard","meta":{"footnotes":""},"categories":[6],"tags":[],"class_list":["post-4269","post","type-post","status-publish","format-standard","has-post-thumbnail","hentry","category-noticias","has_thumb"],"aioseo_notices":[],"aioseo_head":"\n\t\t<!-- All in One SEO 5.0.0.1 - aioseo.com -->\n\t<meta name=\"description\" content=\"Previs\u00e3o do tempo em Belo Horizonte indica c\u00e9u aberto e temperaturas elevadas.\" \/>\n\t<meta name=\"robots\" content=\"max-image-preview:large\" \/>\n\t<meta name=\"author\" content=\"Encontra Belo Horizonte\"\/>\n\t<link rel=\"canonical\" href=\"https:\/\/www.encontrabelohorizonte.com.br\/sobre\/ceu-aberto-e-tempo-firme-veja-a-previsao-do-tempo-para-belo-horizonte\/\" \/>\n\t<meta name=\"generator\" content=\"All in One SEO (AIOSEO) 5.0.0.1\" \/>\n\t\t<meta property=\"og:locale\" content=\"pt_BR\" \/>\n\t\t<meta property=\"og:site_name\" content=\"Encontra Belo Horizonte | Not\u00edcias, eventos, informa\u00e7\u00f5es e dicas da cidade de Belo Horizonte e regi\u00e3o\" \/>\n\t\t<meta property=\"og:type\" content=\"article\" \/>\n\t\t<meta property=\"og:title\" content=\"C\u00e9u aberto e tempo firme: veja a previs\u00e3o do tempo para Belo Horizonte | Encontra Belo Horizonte\" \/>\n\t\t<meta property=\"og:description\" content=\"Previs\u00e3o do tempo em Belo Horizonte indica c\u00e9u aberto e temperaturas elevadas.\" \/>\n\t\t<meta property=\"og:url\" content=\"https:\/\/www.encontrabelohorizonte.com.br\/sobre\/ceu-aberto-e-tempo-firme-veja-a-previsao-do-tempo-para-belo-horizonte\/\" \/>\n\t\t<meta property=\"article:published_time\" content=\"2026-07-06T18:42:16+00:00\" \/>\n\t\t<meta property=\"article:modified_time\" content=\"2026-07-06T18:42:16+00:00\" \/>\n\t\t<meta name=\"twitter:card\" content=\"summary\" \/>\n\t\t<meta name=\"twitter:title\" content=\"C\u00e9u aberto e tempo firme: veja a previs\u00e3o do tempo para Belo Horizonte | Encontra Belo Horizonte\" \/>\n\t\t<meta name=\"twitter:description\" content=\"Previs\u00e3o do tempo em Belo Horizonte indica c\u00e9u aberto e temperaturas elevadas.\" \/>\n\t\t<script type=\"application\/ld+json\" class=\"aioseo-schema\">\n\t\t\t{\"@context\":\"https:\\\/\\\/schema.org\",\"@graph\":[{\"@type\":\"Article\",\"@id\":\"https:\\\/\\\/www.encontrabelohorizonte.com.br\\\/sobre\\\/ceu-aberto-e-tempo-firme-veja-a-previsao-do-tempo-para-belo-horizonte\\\/#article\",\"name\":\"C\\u00e9u aberto e tempo firme: veja a previs\\u00e3o do tempo para Belo Horizonte | Encontra Belo Horizonte\",\"headline\":\"C\\u00e9u aberto e tempo firme: veja a previs\\u00e3o do tempo para Belo Horizonte\",\"author\":{\"@id\":\"https:\\\/\\\/www.encontrabelohorizonte.com.br\\\/sobre\\\/author\\\/ebelohorizonte\\\/#author\"},\"publisher\":{\"@id\":\"https:\\\/\\\/www.encontrabelohorizonte.com.br\\\/sobre\\\/#organization\"},\"image\":{\"@type\":\"ImageObject\",\"url\":\"https:\\\/\\\/www.encontrabelohorizonte.com.br\\\/sobre\\\/wp-content\\\/uploads\\\/ceu-aberto-e-tempo-firme-veja-a-previsao-do-tempo-para-belo-horizonte.webp\",\"width\":280,\"height\":280,\"caption\":\"previs\\u00e3o do tempo\"},\"datePublished\":\"2026-07-06T15:42:16-03:00\",\"dateModified\":\"2026-07-06T15:42:16-03:00\",\"inLanguage\":\"pt-BR\",\"mainEntityOfPage\":{\"@id\":\"https:\\\/\\\/www.encontrabelohorizonte.com.br\\\/sobre\\\/ceu-aberto-e-tempo-firme-veja-a-previsao-do-tempo-para-belo-horizonte\\\/#webpage\"},\"isPartOf\":{\"@id\":\"https:\\\/\\\/www.encontrabelohorizonte.com.br\\\/sobre\\\/ceu-aberto-e-tempo-firme-veja-a-previsao-do-tempo-para-belo-horizonte\\\/#webpage\"},\"articleSection\":\"Not\\u00edcias Belo Horizonte\"},{\"@type\":\"BreadcrumbList\",\"@id\":\"https:\\\/\\\/www.encontrabelohorizonte.com.br\\\/sobre\\\/ceu-aberto-e-tempo-firme-veja-a-previsao-do-tempo-para-belo-horizonte\\\/#breadcrumblist\",\"itemListElement\":[{\"@type\":\"ListItem\",\"@id\":\"https:\\\/\\\/www.encontrabelohorizonte.com.br\\\/sobre#listItem\",\"position\":1,\"name\":\"In\\u00edcio\",\"item\":\"https:\\\/\\\/www.encontrabelohorizonte.com.br\\\/sobre\",\"nextItem\":{\"@type\":\"ListItem\",\"@id\":\"https:\\\/\\\/www.encontrabelohorizonte.com.br\\\/sobre\\\/noticias\\\/#listItem\",\"name\":\"Not\\u00edcias Belo Horizonte\"}},{\"@type\":\"ListItem\",\"@id\":\"https:\\\/\\\/www.encontrabelohorizonte.com.br\\\/sobre\\\/noticias\\\/#listItem\",\"position\":2,\"name\":\"Not\\u00edcias Belo Horizonte\",\"item\":\"https:\\\/\\\/www.encontrabelohorizonte.com.br\\\/sobre\\\/noticias\\\/\",\"nextItem\":{\"@type\":\"ListItem\",\"@id\":\"https:\\\/\\\/www.encontrabelohorizonte.com.br\\\/sobre\\\/ceu-aberto-e-tempo-firme-veja-a-previsao-do-tempo-para-belo-horizonte\\\/#listItem\",\"name\":\"C\\u00e9u aberto e tempo firme: veja a previs\\u00e3o do tempo para Belo Horizonte\"},\"previousItem\":{\"@type\":\"ListItem\",\"@id\":\"https:\\\/\\\/www.encontrabelohorizonte.com.br\\\/sobre#listItem\",\"name\":\"In\\u00edcio\"}},{\"@type\":\"ListItem\",\"@id\":\"https:\\\/\\\/www.encontrabelohorizonte.com.br\\\/sobre\\\/ceu-aberto-e-tempo-firme-veja-a-previsao-do-tempo-para-belo-horizonte\\\/#listItem\",\"position\":3,\"name\":\"C\\u00e9u aberto e tempo firme: veja a previs\\u00e3o do tempo para Belo Horizonte\",\"previousItem\":{\"@type\":\"ListItem\",\"@id\":\"https:\\\/\\\/www.encontrabelohorizonte.com.br\\\/sobre\\\/noticias\\\/#listItem\",\"name\":\"Not\\u00edcias Belo Horizonte\"}}]},{\"@type\":\"Organization\",\"@id\":\"https:\\\/\\\/www.encontrabelohorizonte.com.br\\\/sobre\\\/#organization\",\"name\":\"Encontra Belo Horizonte\",\"description\":\"Not\\u00edcias, eventos, informa\\u00e7\\u00f5es e dicas da cidade de Belo Horizonte e regi\\u00e3o\",\"url\":\"https:\\\/\\\/www.encontrabelohorizonte.com.br\\\/sobre\\\/\"},{\"@type\":\"Person\",\"@id\":\"https:\\\/\\\/www.encontrabelohorizonte.com.br\\\/sobre\\\/author\\\/ebelohorizonte\\\/#author\",\"url\":\"https:\\\/\\\/www.encontrabelohorizonte.com.br\\\/sobre\\\/author\\\/ebelohorizonte\\\/\",\"name\":\"Encontra Belo Horizonte\",\"image\":{\"@type\":\"ImageObject\",\"@id\":\"https:\\\/\\\/www.encontrabelohorizonte.com.br\\\/sobre\\\/ceu-aberto-e-tempo-firme-veja-a-previsao-do-tempo-para-belo-horizonte\\\/#authorImage\",\"url\":\"https:\\\/\\\/secure.gravatar.com\\\/avatar\\\/507340682b8270222e1f208e23198b6ae7e2c6a1033ae84e99bc6bce4f82a387?s=96&d=mm&r=g\",\"width\":96,\"height\":96,\"caption\":\"Encontra Belo Horizonte\"}},{\"@type\":\"WebPage\",\"@id\":\"https:\\\/\\\/www.encontrabelohorizonte.com.br\\\/sobre\\\/ceu-aberto-e-tempo-firme-veja-a-previsao-do-tempo-para-belo-horizonte\\\/#webpage\",\"url\":\"https:\\\/\\\/www.encontrabelohorizonte.com.br\\\/sobre\\\/ceu-aberto-e-tempo-firme-veja-a-previsao-do-tempo-para-belo-horizonte\\\/\",\"name\":\"C\\u00e9u aberto e tempo firme: veja a previs\\u00e3o do tempo para Belo Horizonte | Encontra Belo Horizonte\",\"description\":\"Previs\\u00e3o do tempo em Belo Horizonte indica c\\u00e9u aberto e temperaturas elevadas.\",\"inLanguage\":\"pt-BR\",\"isPartOf\":{\"@id\":\"https:\\\/\\\/www.encontrabelohorizonte.com.br\\\/sobre\\\/#website\"},\"breadcrumb\":{\"@id\":\"https:\\\/\\\/www.encontrabelohorizonte.com.br\\\/sobre\\\/ceu-aberto-e-tempo-firme-veja-a-previsao-do-tempo-para-belo-horizonte\\\/#breadcrumblist\"},\"author\":{\"@id\":\"https:\\\/\\\/www.encontrabelohorizonte.com.br\\\/sobre\\\/author\\\/ebelohorizonte\\\/#author\"},\"creator\":{\"@id\":\"https:\\\/\\\/www.encontrabelohorizonte.com.br\\\/sobre\\\/author\\\/ebelohorizonte\\\/#author\"},\"image\":{\"@type\":\"ImageObject\",\"url\":\"https:\\\/\\\/www.encontrabelohorizonte.com.br\\\/sobre\\\/wp-content\\\/uploads\\\/ceu-aberto-e-tempo-firme-veja-a-previsao-do-tempo-para-belo-horizonte.webp\",\"@id\":\"https:\\\/\\\/www.encontrabelohorizonte.com.br\\\/sobre\\\/ceu-aberto-e-tempo-firme-veja-a-previsao-do-tempo-para-belo-horizonte\\\/#mainImage\",\"width\":280,\"height\":280,\"caption\":\"previs\\u00e3o do tempo\"},\"primaryImageOfPage\":{\"@id\":\"https:\\\/\\\/www.encontrabelohorizonte.com.br\\\/sobre\\\/ceu-aberto-e-tempo-firme-veja-a-previsao-do-tempo-para-belo-horizonte\\\/#mainImage\"},\"datePublished\":\"2026-07-06T15:42:16-03:00\",\"dateModified\":\"2026-07-06T15:42:16-03:00\"},{\"@type\":\"WebSite\",\"@id\":\"https:\\\/\\\/www.encontrabelohorizonte.com.br\\\/sobre\\\/#website\",\"url\":\"https:\\\/\\\/www.encontrabelohorizonte.com.br\\\/sobre\\\/\",\"name\":\"Encontra Belo Horizonte\",\"description\":\"Not\\u00edcias, eventos, informa\\u00e7\\u00f5es e dicas da cidade de Belo Horizonte e regi\\u00e3o\",\"inLanguage\":\"pt-BR\",\"publisher\":{\"@id\":\"https:\\\/\\\/www.encontrabelohorizonte.com.br\\\/sobre\\\/#organization\"}}]}\n\t\t<\/script>\n\t\t<!-- All in One SEO -->\n\n","aioseo_head_json":{"title":"C\u00e9u aberto e tempo firme: veja a previs\u00e3o do tempo para Belo Horizonte | Encontra Belo Horizonte","description":"Previs\u00e3o do tempo em Belo Horizonte indica c\u00e9u aberto e temperaturas elevadas.","canonical_url":"https:\/\/www.encontrabelohorizonte.com.br\/sobre\/ceu-aberto-e-tempo-firme-veja-a-previsao-do-tempo-para-belo-horizonte\/","robots":"max-image-preview:large","keywords":"","webmasterTools":{"miscellaneous":""},"schema":{"@context":"https:\/\/schema.org","@graph":[{"@type":"Article","@id":"https:\/\/www.encontrabelohorizonte.com.br\/sobre\/ceu-aberto-e-tempo-firme-veja-a-previsao-do-tempo-para-belo-horizonte\/#article","name":"C\u00e9u aberto e tempo firme: veja a previs\u00e3o do tempo para Belo Horizonte | Encontra Belo Horizonte","headline":"C\u00e9u aberto e tempo firme: veja a previs\u00e3o do tempo para Belo Horizonte","author":{"@id":"https:\/\/www.encontrabelohorizonte.com.br\/sobre\/author\/ebelohorizonte\/#author"},"publisher":{"@id":"https:\/\/www.encontrabelohorizonte.com.br\/sobre\/#organization"},"image":{"@type":"ImageObject","url":"https:\/\/www.encontrabelohorizonte.com.br\/sobre\/wp-content\/uploads\/ceu-aberto-e-tempo-firme-veja-a-previsao-do-tempo-para-belo-horizonte.webp","width":280,"height":280,"caption":"previs\u00e3o do tempo"},"datePublished":"2026-07-06T15:42:16-03:00","dateModified":"2026-07-06T15:42:16-03:00","inLanguage":"pt-BR","mainEntityOfPage":{"@id":"https:\/\/www.encontrabelohorizonte.com.br\/sobre\/ceu-aberto-e-tempo-firme-veja-a-previsao-do-tempo-para-belo-horizonte\/#webpage"},"isPartOf":{"@id":"https:\/\/www.encontrabelohorizonte.com.br\/sobre\/ceu-aberto-e-tempo-firme-veja-a-previsao-do-tempo-para-belo-horizonte\/#webpage"},"articleSection":"Not\u00edcias Belo Horizonte"},{"@type":"BreadcrumbList","@id":"https:\/\/www.encontrabelohorizonte.com.br\/sobre\/ceu-aberto-e-tempo-firme-veja-a-previsao-do-tempo-para-belo-horizonte\/#breadcrumblist","itemListElement":[{"@type":"ListItem","@id":"https:\/\/www.encontrabelohorizonte.com.br\/sobre#listItem","position":1,"name":"In\u00edcio","item":"https:\/\/www.encontrabelohorizonte.com.br\/sobre","nextItem":{"@type":"ListItem","@id":"https:\/\/www.encontrabelohorizonte.com.br\/sobre\/noticias\/#listItem","name":"Not\u00edcias Belo Horizonte"}},{"@type":"ListItem","@id":"https:\/\/www.encontrabelohorizonte.com.br\/sobre\/noticias\/#listItem","position":2,"name":"Not\u00edcias Belo Horizonte","item":"https:\/\/www.encontrabelohorizonte.com.br\/sobre\/noticias\/","nextItem":{"@type":"ListItem","@id":"https:\/\/www.encontrabelohorizonte.com.br\/sobre\/ceu-aberto-e-tempo-firme-veja-a-previsao-do-tempo-para-belo-horizonte\/#listItem","name":"C\u00e9u aberto e tempo firme: veja a previs\u00e3o do tempo para Belo Horizonte"},"previousItem":{"@type":"ListItem","@id":"https:\/\/www.encontrabelohorizonte.com.br\/sobre#listItem","name":"In\u00edcio"}},{"@type":"ListItem","@id":"https:\/\/www.encontrabelohorizonte.com.br\/sobre\/ceu-aberto-e-tempo-firme-veja-a-previsao-do-tempo-para-belo-horizonte\/#listItem","position":3,"name":"C\u00e9u aberto e tempo firme: veja a previs\u00e3o do tempo para Belo Horizonte","previousItem":{"@type":"ListItem","@id":"https:\/\/www.encontrabelohorizonte.com.br\/sobre\/noticias\/#listItem","name":"Not\u00edcias Belo Horizonte"}}]},{"@type":"Organization","@id":"https:\/\/www.encontrabelohorizonte.com.br\/sobre\/#organization","name":"Encontra Belo Horizonte","description":"Not\u00edcias, eventos, informa\u00e7\u00f5es e dicas da cidade de Belo Horizonte e regi\u00e3o","url":"https:\/\/www.encontrabelohorizonte.com.br\/sobre\/"},{"@type":"Person","@id":"https:\/\/www.encontrabelohorizonte.com.br\/sobre\/author\/ebelohorizonte\/#author","url":"https:\/\/www.encontrabelohorizonte.com.br\/sobre\/author\/ebelohorizonte\/","name":"Encontra Belo Horizonte","image":{"@type":"ImageObject","@id":"https:\/\/www.encontrabelohorizonte.com.br\/sobre\/ceu-aberto-e-tempo-firme-veja-a-previsao-do-tempo-para-belo-horizonte\/#authorImage","url":"https:\/\/secure.gravatar.com\/avatar\/507340682b8270222e1f208e23198b6ae7e2c6a1033ae84e99bc6bce4f82a387?s=96&d=mm&r=g","width":96,"height":96,"caption":"Encontra Belo Horizonte"}},{"@type":"WebPage","@id":"https:\/\/www.encontrabelohorizonte.com.br\/sobre\/ceu-aberto-e-tempo-firme-veja-a-previsao-do-tempo-para-belo-horizonte\/#webpage","url":"https:\/\/www.encontrabelohorizonte.com.br\/sobre\/ceu-aberto-e-tempo-firme-veja-a-previsao-do-tempo-para-belo-horizonte\/","name":"C\u00e9u aberto e tempo firme: veja a previs\u00e3o do tempo para Belo Horizonte | Encontra Belo Horizonte","description":"Previs\u00e3o do tempo em Belo Horizonte indica c\u00e9u aberto e temperaturas elevadas.","inLanguage":"pt-BR","isPartOf":{"@id":"https:\/\/www.encontrabelohorizonte.com.br\/sobre\/#website"},"breadcrumb":{"@id":"https:\/\/www.encontrabelohorizonte.com.br\/sobre\/ceu-aberto-e-tempo-firme-veja-a-previsao-do-tempo-para-belo-horizonte\/#breadcrumblist"},"author":{"@id":"https:\/\/www.encontrabelohorizonte.com.br\/sobre\/author\/ebelohorizonte\/#author"},"creator":{"@id":"https:\/\/www.encontrabelohorizonte.com.br\/sobre\/author\/ebelohorizonte\/#author"},"image":{"@type":"ImageObject","url":"https:\/\/www.encontrabelohorizonte.com.br\/sobre\/wp-content\/uploads\/ceu-aberto-e-tempo-firme-veja-a-previsao-do-tempo-para-belo-horizonte.webp","@id":"https:\/\/www.encontrabelohorizonte.com.br\/sobre\/ceu-aberto-e-tempo-firme-veja-a-previsao-do-tempo-para-belo-horizonte\/#mainImage","width":280,"height":280,"caption":"previs\u00e3o do tempo"},"primaryImageOfPage":{"@id":"https:\/\/www.encontrabelohorizonte.com.br\/sobre\/ceu-aberto-e-tempo-firme-veja-a-previsao-do-tempo-para-belo-horizonte\/#mainImage"},"datePublished":"2026-07-06T15:42:16-03:00","dateModified":"2026-07-06T15:42:16-03:00"},{"@type":"WebSite","@id":"https:\/\/www.encontrabelohorizonte.com.br\/sobre\/#website","url":"https:\/\/www.encontrabelohorizonte.com.br\/sobre\/","name":"Encontra Belo Horizonte","description":"Not\u00edcias, eventos, informa\u00e7\u00f5es e dicas da cidade de Belo Horizonte e regi\u00e3o","inLanguage":"pt-BR","publisher":{"@id":"https:\/\/www.encontrabelohorizonte.com.br\/sobre\/#organization"}}]},"og:locale":"pt_BR","og:site_name":"Encontra Belo Horizonte | Not\u00edcias, eventos, informa\u00e7\u00f5es e dicas da cidade de Belo Horizonte e regi\u00e3o","og:type":"article","og:title":"C\u00e9u aberto e tempo firme: veja a previs\u00e3o do tempo para Belo Horizonte | Encontra Belo Horizonte","og:description":"Previs\u00e3o do tempo em Belo Horizonte indica c\u00e9u aberto e temperaturas elevadas.","og:url":"https:\/\/www.encontrabelohorizonte.com.br\/sobre\/ceu-aberto-e-tempo-firme-veja-a-previsao-do-tempo-para-belo-horizonte\/","article:published_time":"2026-07-06T18:42:16+00:00","article:modified_time":"2026-07-06T18:42:16+00:00","twitter:card":"summary","twitter:title":"C\u00e9u aberto e tempo firme: veja a previs\u00e3o do tempo para Belo Horizonte | Encontra Belo Horizonte","twitter:description":"Previs\u00e3o do tempo em Belo Horizonte indica c\u00e9u aberto e temperaturas elevadas."},"aioseo_meta_data":{"post_id":"4269","title":null,"description":null,"keywords":null,"keyphrases":null,"primary_term":null,"canonical_url":null,"og_title":null,"og_description":null,"og_object_type":"default","og_image_type":"default","og_image_url":null,"og_image_width":null,"og_image_height":null,"og_image_custom_url":null,"og_image_custom_fields":null,"og_video":null,"og_custom_url":null,"og_article_section":null,"og_article_tags":null,"twitter_use_og":false,"twitter_card":"default","twitter_image_type":"default","twitter_image_url":null,"twitter_image_custom_url":null,"twitter_image_custom_fields":null,"twitter_title":null,"twitter_description":null,"schema":{"blockGraphs":[],"customGraphs":[],"default":{"data":{"Article":[],"Course":[],"Dataset":[],"FAQPage":[],"Movie":[],"Person":[],"Product":[],"ProductReview":[],"Car":[],"Recipe":[],"Service":[],"SoftwareApplication":[],"WebPage":[]},"graphName":"Article","isEnabled":true},"graphs":[]},"schema_type":"default","schema_type_options":null,"pillar_content":false,"robots_default":true,"robots_noindex":false,"robots_noarchive":false,"robots_nosnippet":false,"robots_nofollow":false,"robots_noimageindex":false,"robots_noodp":false,"robots_notranslate":false,"robots_max_snippet":null,"robots_max_videopreview":null,"robots_max_imagepreview":"large","priority":null,"frequency":null,"local_seo":null,"breadcrumb_settings":null,"limit_modified_date":false,"ai":null,"created":"2026-07-06 18:42:17","updated":"2026-07-06 18:47:34","focus_keyword":null,"additional_keywords":null,"truseo_locale":null,"seo_analyzer_scan_date":null},"aioseo_breadcrumb":"<div class=\"aioseo-breadcrumbs\"><span class=\"aioseo-breadcrumb\">\n\t\t\t<a href=\"https:\/\/www.encontrabelohorizonte.com.br\/sobre\" title=\"In\u00edcio\">In\u00edcio<\/a>\n\t\t<\/span><span class=\"aioseo-breadcrumb-separator\">&raquo;<\/span><span class=\"aioseo-breadcrumb\">\n\t\t\t<a href=\"https:\/\/www.encontrabelohorizonte.com.br\/sobre\/noticias\/\" title=\"Not\u00edcias Belo Horizonte\">Not\u00edcias Belo Horizonte<\/a>\n\t\t<\/span><span class=\"aioseo-breadcrumb-separator\">&raquo;<\/span><span class=\"aioseo-breadcrumb\">\n\t\t\tC\u00e9u aberto e tempo firme: veja a previs\u00e3o do tempo para Belo Horizonte\n\t\t<\/span><\/div>","aioseo_breadcrumb_json":[{"label":"In\u00edcio","link":"https:\/\/www.encontrabelohorizonte.com.br\/sobre"},{"label":"Not\u00edcias Belo Horizonte","link":"https:\/\/www.encontrabelohorizonte.com.br\/sobre\/noticias\/"},{"label":"C\u00e9u aberto e tempo firme: veja a previs\u00e3o do tempo para Belo Horizonte","link":"https:\/\/www.encontrabelohorizonte.com.br\/sobre\/ceu-aberto-e-tempo-firme-veja-a-previsao-do-tempo-para-belo-horizonte\/"}],"_links":{"self":[{"href":"https:\/\/www.encontrabelohorizonte.com.br\/sobre\/wp-json\/wp\/v2\/posts\/4269","targetHints":{"allow":["GET"]}}],"collection":[{"href":"https:\/\/www.encontrabelohorizonte.com.br\/sobre\/wp-json\/wp\/v2\/posts"}],"about":[{"href":"https:\/\/www.encontrabelohorizonte.com.br\/sobre\/wp-json\/wp\/v2\/types\/post"}],"author":[{"embeddable":true,"href":"https:\/\/www.encontrabelohorizonte.com.br\/sobre\/wp-json\/wp\/v2\/users\/1"}],"replies":[{"embeddable":true,"href":"https:\/\/www.encontrabelohorizonte.com.br\/sobre\/wp-json\/wp\/v2\/comments?post=4269"}],"version-history":[{"count":0,"href":"https:\/\/www.encontrabelohorizonte.com.br\/sobre\/wp-json\/wp\/v2\/posts\/4269\/revisions"}],"wp:featuredmedia":[{"embeddable":true,"href":"https:\/\/www.encontrabelohorizonte.com.br\/sobre\/wp-json\/wp\/v2\/media\/4268"}],"wp:attachment":[{"href":"https:\/\/www.encontrabelohorizonte.com.br\/sobre\/wp-json\/wp\/v2\/media?parent=4269"}],"wp:term":[{"taxonomy":"category","embeddable":true,"href":"https:\/\/www.encontrabelohorizonte.com.br\/sobre\/wp-json\/wp\/v2\/categories?post=4269"},{"taxonomy":"post_tag","embeddable":true,"href":"https:\/\/www.encontrabelohorizonte.com.br\/sobre\/wp-json\/wp\/v2\/tags?post=4269"}],"curies":[{"name":"wp","href":"https:\/\/api.w.org\/{rel}","templated":true}]}}