{"id":4281,"date":"2026-07-07T08:47:11","date_gmt":"2026-07-07T11:47:11","guid":{"rendered":"https:\/\/www.encontrabelohorizonte.com.br\/sobre\/governo-de-minas-decreta-desapropriacao-de-terreno-para-obras-da-linha-2-do-metro-de-bh\/"},"modified":"2026-07-07T08:47:11","modified_gmt":"2026-07-07T11:47:11","slug":"governo-de-minas-decreta-desapropriacao-de-terreno-para-obras-da-linha-2-do-metro-de-bh","status":"publish","type":"post","link":"https:\/\/www.encontrabelohorizonte.com.br\/sobre\/governo-de-minas-decreta-desapropriacao-de-terreno-para-obras-da-linha-2-do-metro-de-bh\/","title":{"rendered":"Governo de Minas decreta desapropria\u00e7\u00e3o de terreno para obras da Linha 2 do Metr\u00f4 de BH"},"content":{"rendered":"<div class=\"2e083cf0b19e2c11948dc6ac054ba979\" data-index=\"1\" style=\"float: none; margin:0px;\">\n<!-- Anuncio display - global -->\r\n<ins class=\"adsbygoogle\"\r\n     style=\"display:block\"\r\n     data-ad-client=\"ca-pub-8585364105181520\"\r\n     data-ad-slot=\"8789329856\"\r\n     data-ad-format=\"auto\"\r\n     data-full-width-responsive=\"true\"><\/ins>\r\n<script>\r\n     (adsbygoogle = window.adsbygoogle || []).push({});\r\n<\/script>\n<\/div>\n<h2>O que \u00e9 a Linha 2 do Metr\u00f4 de BH<\/h2>\n<p>A Linha 2 do Metr\u00f4 de Belo Horizonte \u00e9 uma importante extens\u00e3o do sistema metrovi\u00e1rio da capital mineira, que visa melhorar a mobilidade urbana e conectar diferentes regi\u00f5es da cidade. Esta linha traz um novo ramal que vai do Barreiro at\u00e9 a Esta\u00e7\u00e3o Nova Su\u00ed\u00e7a, proporcionando um transporte mais eficiente e \u00e1gil para os usu\u00e1rios. A infraestrutura planejada para a Linha 2 inclui v\u00e1rias esta\u00e7\u00f5es, facilitando o acesso e a integra\u00e7\u00e3o com outras modalidades de transporte p\u00fablico.<\/p>\n<h2>Import\u00e2ncia da desapropria\u00e7\u00e3o para as obras<\/h2>\n<p>A desapropria\u00e7\u00e3o de terrenos \u00e9 um passo crucial para o avan\u00e7o das obras de infraestrutura, como a Linha 2 do metr\u00f4. Essa pr\u00e1tica permite que o governo adquira as \u00e1reas necess\u00e1rias para a constru\u00e7\u00e3o das esta\u00e7\u00f5es e de trilhos, assegurando que o projeto possa ser executado dentro do cronograma. A desapropria\u00e7\u00e3o facilita a expans\u00e3o do transporte p\u00fablico, um aspecto vital para a melhoria da qualidade de vida na cidade.<\/p>\n<h2>Onde est\u00e1 localizado o terreno desapropriado<\/h2>\n<p>O terreno desapropriado pertence ao bairro Vista Alegre, na Regi\u00e3o Oeste de Belo Horizonte. Com uma \u00e1rea de cerca de 3.700 metros quadrados, o local est\u00e1 situado na Avenida Tereza Cristina, em frente ao n\u00famero 6.296, e faz divisa com a Rua Carmo da Cachoeira e uma faixa j\u00e1 existente do metr\u00f4. A localiza\u00e7\u00e3o estrat\u00e9gica deste terreno \u00e9 fundamental para a constru\u00e7\u00e3o da nova via permanente que integrar\u00e1 a Linha 2 ao sistema j\u00e1 existente.<\/p>\n<p><img decoding=\"async\" src=\"https:\/\/www.encontrabelohorizonte.com.br\/sobre\/wp-content\/uploads\/governo-de-minas-decreta-desapropriacao-de-terreno-para-obras-da-linha-2-do-metro-de-bh.webp\" alt=\"desapropria\u00e7\u00e3o Linha 2 do Metr\u00f4 BH\" loading=\"lazy\" \/><\/p>\n<h2>O processo de desapropria\u00e7\u00e3o pela concession\u00e1ria<\/h2>\n<p>A concess\u00e3o para desapropria\u00e7\u00e3o foi dada ao Metr\u00f4 BH, a operadora respons\u00e1vel pelo sistema metrovi\u00e1rio da cidade. A empresa atuar\u00e1 sob a supervis\u00e3o do poder p\u00fablico, conforme as diretrizes estabelecidas no contrato assinado em 2023. Esse processo assegura a conformidade legal e a transpar\u00eancia nas a\u00e7\u00f5es de desapropria\u00e7\u00e3o, garantindo que os direitos dos propriet\u00e1rios sejam respeitados.<\/p>\n<h2>Esta\u00e7\u00e3o Nova Su\u00ed\u00e7a: um marco na expans\u00e3o<\/h2>\n<p>A Esta\u00e7\u00e3o Nova Su\u00ed\u00e7a, inaugurada em julho de 2026, marca um importante passo na expans\u00e3o da Linha 2 do Metr\u00f4 de Belo Horizonte. Com a inaugura\u00e7\u00e3o desta esta\u00e7\u00e3o, juntamente com a Esta\u00e7\u00e3o Amazonas, os usu\u00e1rios ganham acesso a uma nova forma de se deslocar pela cidade. O governo e a concession\u00e1ria esperam que a opera\u00e7\u00e3o dessas esta\u00e7\u00f5es contribua significativamente para a redu\u00e7\u00e3o do tr\u00e2nsito e promo\u00e7\u00e3o de um transporte mais sustent\u00e1vel.<\/p>\n<h2>Datas importantes para a entrega das esta\u00e7\u00f5es<\/h2>\n<p>O cronograma de entrega das esta\u00e7\u00f5es da Linha 2 prev\u00ea um avan\u00e7o gradual nos pr\u00f3ximos anos. Ap\u00f3s a inaugura\u00e7\u00e3o das esta\u00e7\u00f5es Nova Su\u00ed\u00e7a e Amazonas em julho de 2026, outras cinco esta\u00e7\u00f5es est\u00e3o programadas para serem entregues entre 2027 e 2028. As esta\u00e7\u00f5es previstas incluem Nova Gameleira, Nova Cintra, Vista Alegre, Ferrugem e Barreiro. Este planejamento \u00e9 fundamental para que a cidade de Belo Horizonte avance em dire\u00e7\u00e3o a um sistema de transporte coletivo mais eficiente e acess\u00edvel.<\/p>\n<h2>Benef\u00edcios do novo ramal para a popula\u00e7\u00e3o<\/h2>\n<p>A Linha 2 do Metr\u00f4 n\u00e3o apenas melhorar\u00e1 a mobilidade urbana, mas tamb\u00e9m trar\u00e1 diversos benef\u00edcios para a popula\u00e7\u00e3o de Belo Horizonte. Entre os principais pontos positivos, destacam-se:<\/p>\n<ul>\n<li><strong>Agilidade no tr\u00e2nsito:<\/strong> A utiliza\u00e7\u00e3o do metr\u00f4 permite que os deslocamentos sejam feitos de forma mais r\u00e1pida, evitando congestionamentos.<\/li>\n<li><strong>Acessibilidade:<\/strong> Mais esta\u00e7\u00f5es significam acesso facilitado para comunidades que antes estavam distantes do transporte p\u00fablico.<\/li>\n<li><strong>Menos polui\u00e7\u00e3o:<\/strong> O incentivo ao uso de uma modalidade de transporte mais limpa contribui para reduzir a emiss\u00e3o de gases poluentes.<\/li>\n<li><strong>Aumento na qualidade de vida:<\/strong> Com menos tempo gasto em deslocamentos, as pessoas podem ter mais tempo para atividades pessoais e sociais.<\/li>\n<li><strong>Integra\u00e7\u00e3o com outros modais:<\/strong> A Linha 2 facilitar\u00e1 a combina\u00e7\u00e3o com \u00f4nibus e outras linhas de metr\u00f4, ampliando as op\u00e7\u00f5es de transporte.<\/li>\n<\/ul>\n<h2>Impactos da amplia\u00e7\u00e3o no tr\u00e1fego da cidade<\/h2>\n<p>Com a amplia\u00e7\u00e3o da Linha 2 do metr\u00f4, os impactos no tr\u00e1fego da cidade de Belo Horizonte s\u00e3o esperados para serem positivos. A expectativa \u00e9 que a nova linha tire um n\u00famero significativo de ve\u00edculos das ruas, reduzindo engarrafamentos e melhorando o fluxo de tr\u00e2nsito. Al\u00e9m disso, a possibilidade de op\u00e7\u00f5es de transporte mais r\u00e1pidas e acess\u00edveis dever\u00e1 encorajar mais pessoas a utilizarem o metr\u00f4, contribuindo para a diminui\u00e7\u00e3o do tr\u00e2nsito nas vias urbanas.<\/p>\n<h2>Expectativas para o futuro da Linha 2<\/h2>\n<p>As expectativas para o futuro da Linha 2 de Belo Horizonte s\u00e3o otimistas. A constru\u00e7\u00e3o da linha n\u00e3o s\u00f3 promete resolver quest\u00f5es imediatas de transporte, mas tamb\u00e9m tende a incitar um crescimento econ\u00f4mico em regi\u00f5es adjacentes \u00e0s esta\u00e7\u00f5es. Espera-se que novos com\u00e9rcios e servi\u00e7os se instalem ao longo do percurso da linha, aumentando a infraestrutura urbana, al\u00e9m de potencialmente elevar os \u00edndices de emprego na regi\u00e3o.<\/p>\n<h2>Chamado \u00e0 a\u00e7\u00e3o: import\u00e2ncia do transporte p\u00fablico<\/h2>\n<p>O desenvolvimento de um sistema de transporte p\u00fablico confi\u00e1vel e eficiente \u00e9 essencial para qualquer cidade moderna. Assim, a popula\u00e7\u00e3o de Belo Horizonte \u00e9 convidada a apoiar e usar a Linha 2 do Metr\u00f4. O uso do transporte p\u00fablico n\u00e3o apenas beneficia o usu\u00e1rio individual, mas tamb\u00e9m a comunidade como um todo, contribuindo para um ambiente urbano mais limpo, sustent\u00e1vel e habit\u00e1vel.<\/p>\n\n<div style=\"font-size: 0px; height: 0px; line-height: 0px; margin: 0; padding: 0; clear: both;\"><\/div>","protected":false},"excerpt":{"rendered":"<p>Desapropria\u00e7\u00e3o pelo governo de Minas permite amplia\u00e7\u00e3o da Linha 2 do Metr\u00f4 de BH.<\/p>\n","protected":false},"author":1,"featured_media":4280,"comment_status":"closed","ping_status":"closed","sticky":false,"template":"","format":"standard","meta":{"footnotes":""},"categories":[6],"tags":[],"class_list":["post-4281","post","type-post","status-publish","format-standard","has-post-thumbnail","hentry","category-noticias","has_thumb"],"aioseo_notices":[],"aioseo_head":"\n\t\t<!-- All in One SEO 5.0.0.1 - aioseo.com -->\n\t<meta name=\"description\" content=\"Desapropria\u00e7\u00e3o pelo governo de Minas permite amplia\u00e7\u00e3o da Linha 2 do Metr\u00f4 de BH.\" \/>\n\t<meta name=\"robots\" content=\"max-image-preview:large\" \/>\n\t<meta name=\"author\" content=\"Encontra Belo Horizonte\"\/>\n\t<link rel=\"canonical\" href=\"https:\/\/www.encontrabelohorizonte.com.br\/sobre\/governo-de-minas-decreta-desapropriacao-de-terreno-para-obras-da-linha-2-do-metro-de-bh\/\" \/>\n\t<meta name=\"generator\" content=\"All in One SEO (AIOSEO) 5.0.0.1\" \/>\n\t\t<meta property=\"og:locale\" content=\"pt_BR\" \/>\n\t\t<meta property=\"og:site_name\" content=\"Encontra Belo Horizonte | Not\u00edcias, eventos, informa\u00e7\u00f5es e dicas da cidade de Belo Horizonte e regi\u00e3o\" \/>\n\t\t<meta property=\"og:type\" content=\"article\" \/>\n\t\t<meta property=\"og:title\" content=\"Governo de Minas decreta desapropria\u00e7\u00e3o de terreno para obras da Linha 2 do Metr\u00f4 de BH | Encontra Belo Horizonte\" \/>\n\t\t<meta property=\"og:description\" content=\"Desapropria\u00e7\u00e3o pelo governo de Minas permite amplia\u00e7\u00e3o da Linha 2 do Metr\u00f4 de BH.\" \/>\n\t\t<meta property=\"og:url\" content=\"https:\/\/www.encontrabelohorizonte.com.br\/sobre\/governo-de-minas-decreta-desapropriacao-de-terreno-para-obras-da-linha-2-do-metro-de-bh\/\" \/>\n\t\t<meta property=\"article:published_time\" content=\"2026-07-07T11:47:11+00:00\" \/>\n\t\t<meta property=\"article:modified_time\" content=\"2026-07-07T11:47:11+00:00\" \/>\n\t\t<meta name=\"twitter:card\" content=\"summary\" \/>\n\t\t<meta name=\"twitter:title\" content=\"Governo de Minas decreta desapropria\u00e7\u00e3o de terreno para obras da Linha 2 do Metr\u00f4 de BH | Encontra Belo Horizonte\" \/>\n\t\t<meta name=\"twitter:description\" content=\"Desapropria\u00e7\u00e3o pelo governo de Minas permite amplia\u00e7\u00e3o da Linha 2 do Metr\u00f4 de BH.\" \/>\n\t\t<script type=\"application\/ld+json\" class=\"aioseo-schema\">\n\t\t\t{\"@context\":\"https:\\\/\\\/schema.org\",\"@graph\":[{\"@type\":\"Article\",\"@id\":\"https:\\\/\\\/www.encontrabelohorizonte.com.br\\\/sobre\\\/governo-de-minas-decreta-desapropriacao-de-terreno-para-obras-da-linha-2-do-metro-de-bh\\\/#article\",\"name\":\"Governo de Minas decreta desapropria\\u00e7\\u00e3o de terreno para obras da Linha 2 do Metr\\u00f4 de BH | Encontra Belo Horizonte\",\"headline\":\"Governo de Minas decreta desapropria\\u00e7\\u00e3o de terreno para obras da Linha 2 do Metr\\u00f4 de BH\",\"author\":{\"@id\":\"https:\\\/\\\/www.encontrabelohorizonte.com.br\\\/sobre\\\/author\\\/ebelohorizonte\\\/#author\"},\"publisher\":{\"@id\":\"https:\\\/\\\/www.encontrabelohorizonte.com.br\\\/sobre\\\/#organization\"},\"image\":{\"@type\":\"ImageObject\",\"url\":\"https:\\\/\\\/www.encontrabelohorizonte.com.br\\\/sobre\\\/wp-content\\\/uploads\\\/governo-de-minas-decreta-desapropriacao-de-terreno-para-obras-da-linha-2-do-metro-de-bh.webp\",\"width\":280,\"height\":280,\"caption\":\"desapropria\\u00e7\\u00e3o Linha 2 do Metr\\u00f4 BH\"},\"datePublished\":\"2026-07-07T08:47:11-03:00\",\"dateModified\":\"2026-07-07T08:47:11-03:00\",\"inLanguage\":\"pt-BR\",\"mainEntityOfPage\":{\"@id\":\"https:\\\/\\\/www.encontrabelohorizonte.com.br\\\/sobre\\\/governo-de-minas-decreta-desapropriacao-de-terreno-para-obras-da-linha-2-do-metro-de-bh\\\/#webpage\"},\"isPartOf\":{\"@id\":\"https:\\\/\\\/www.encontrabelohorizonte.com.br\\\/sobre\\\/governo-de-minas-decreta-desapropriacao-de-terreno-para-obras-da-linha-2-do-metro-de-bh\\\/#webpage\"},\"articleSection\":\"Not\\u00edcias Belo Horizonte\"},{\"@type\":\"BreadcrumbList\",\"@id\":\"https:\\\/\\\/www.encontrabelohorizonte.com.br\\\/sobre\\\/governo-de-minas-decreta-desapropriacao-de-terreno-para-obras-da-linha-2-do-metro-de-bh\\\/#breadcrumblist\",\"itemListElement\":[{\"@type\":\"ListItem\",\"@id\":\"https:\\\/\\\/www.encontrabelohorizonte.com.br\\\/sobre#listItem\",\"position\":1,\"name\":\"In\\u00edcio\",\"item\":\"https:\\\/\\\/www.encontrabelohorizonte.com.br\\\/sobre\",\"nextItem\":{\"@type\":\"ListItem\",\"@id\":\"https:\\\/\\\/www.encontrabelohorizonte.com.br\\\/sobre\\\/noticias\\\/#listItem\",\"name\":\"Not\\u00edcias Belo Horizonte\"}},{\"@type\":\"ListItem\",\"@id\":\"https:\\\/\\\/www.encontrabelohorizonte.com.br\\\/sobre\\\/noticias\\\/#listItem\",\"position\":2,\"name\":\"Not\\u00edcias Belo Horizonte\",\"item\":\"https:\\\/\\\/www.encontrabelohorizonte.com.br\\\/sobre\\\/noticias\\\/\",\"nextItem\":{\"@type\":\"ListItem\",\"@id\":\"https:\\\/\\\/www.encontrabelohorizonte.com.br\\\/sobre\\\/governo-de-minas-decreta-desapropriacao-de-terreno-para-obras-da-linha-2-do-metro-de-bh\\\/#listItem\",\"name\":\"Governo de Minas decreta desapropria\\u00e7\\u00e3o de terreno para obras da Linha 2 do Metr\\u00f4 de BH\"},\"previousItem\":{\"@type\":\"ListItem\",\"@id\":\"https:\\\/\\\/www.encontrabelohorizonte.com.br\\\/sobre#listItem\",\"name\":\"In\\u00edcio\"}},{\"@type\":\"ListItem\",\"@id\":\"https:\\\/\\\/www.encontrabelohorizonte.com.br\\\/sobre\\\/governo-de-minas-decreta-desapropriacao-de-terreno-para-obras-da-linha-2-do-metro-de-bh\\\/#listItem\",\"position\":3,\"name\":\"Governo de Minas decreta desapropria\\u00e7\\u00e3o de terreno para obras da Linha 2 do Metr\\u00f4 de BH\",\"previousItem\":{\"@type\":\"ListItem\",\"@id\":\"https:\\\/\\\/www.encontrabelohorizonte.com.br\\\/sobre\\\/noticias\\\/#listItem\",\"name\":\"Not\\u00edcias Belo Horizonte\"}}]},{\"@type\":\"Organization\",\"@id\":\"https:\\\/\\\/www.encontrabelohorizonte.com.br\\\/sobre\\\/#organization\",\"name\":\"Encontra Belo Horizonte\",\"description\":\"Not\\u00edcias, eventos, informa\\u00e7\\u00f5es e dicas da cidade de Belo Horizonte e regi\\u00e3o\",\"url\":\"https:\\\/\\\/www.encontrabelohorizonte.com.br\\\/sobre\\\/\"},{\"@type\":\"Person\",\"@id\":\"https:\\\/\\\/www.encontrabelohorizonte.com.br\\\/sobre\\\/author\\\/ebelohorizonte\\\/#author\",\"url\":\"https:\\\/\\\/www.encontrabelohorizonte.com.br\\\/sobre\\\/author\\\/ebelohorizonte\\\/\",\"name\":\"Encontra Belo Horizonte\",\"image\":{\"@type\":\"ImageObject\",\"@id\":\"https:\\\/\\\/www.encontrabelohorizonte.com.br\\\/sobre\\\/governo-de-minas-decreta-desapropriacao-de-terreno-para-obras-da-linha-2-do-metro-de-bh\\\/#authorImage\",\"url\":\"https:\\\/\\\/secure.gravatar.com\\\/avatar\\\/507340682b8270222e1f208e23198b6ae7e2c6a1033ae84e99bc6bce4f82a387?s=96&d=mm&r=g\",\"width\":96,\"height\":96,\"caption\":\"Encontra Belo Horizonte\"}},{\"@type\":\"WebPage\",\"@id\":\"https:\\\/\\\/www.encontrabelohorizonte.com.br\\\/sobre\\\/governo-de-minas-decreta-desapropriacao-de-terreno-para-obras-da-linha-2-do-metro-de-bh\\\/#webpage\",\"url\":\"https:\\\/\\\/www.encontrabelohorizonte.com.br\\\/sobre\\\/governo-de-minas-decreta-desapropriacao-de-terreno-para-obras-da-linha-2-do-metro-de-bh\\\/\",\"name\":\"Governo de Minas decreta desapropria\\u00e7\\u00e3o de terreno para obras da Linha 2 do Metr\\u00f4 de BH | Encontra Belo Horizonte\",\"description\":\"Desapropria\\u00e7\\u00e3o pelo governo de Minas permite amplia\\u00e7\\u00e3o da Linha 2 do Metr\\u00f4 de BH.\",\"inLanguage\":\"pt-BR\",\"isPartOf\":{\"@id\":\"https:\\\/\\\/www.encontrabelohorizonte.com.br\\\/sobre\\\/#website\"},\"breadcrumb\":{\"@id\":\"https:\\\/\\\/www.encontrabelohorizonte.com.br\\\/sobre\\\/governo-de-minas-decreta-desapropriacao-de-terreno-para-obras-da-linha-2-do-metro-de-bh\\\/#breadcrumblist\"},\"author\":{\"@id\":\"https:\\\/\\\/www.encontrabelohorizonte.com.br\\\/sobre\\\/author\\\/ebelohorizonte\\\/#author\"},\"creator\":{\"@id\":\"https:\\\/\\\/www.encontrabelohorizonte.com.br\\\/sobre\\\/author\\\/ebelohorizonte\\\/#author\"},\"image\":{\"@type\":\"ImageObject\",\"url\":\"https:\\\/\\\/www.encontrabelohorizonte.com.br\\\/sobre\\\/wp-content\\\/uploads\\\/governo-de-minas-decreta-desapropriacao-de-terreno-para-obras-da-linha-2-do-metro-de-bh.webp\",\"@id\":\"https:\\\/\\\/www.encontrabelohorizonte.com.br\\\/sobre\\\/governo-de-minas-decreta-desapropriacao-de-terreno-para-obras-da-linha-2-do-metro-de-bh\\\/#mainImage\",\"width\":280,\"height\":280,\"caption\":\"desapropria\\u00e7\\u00e3o Linha 2 do Metr\\u00f4 BH\"},\"primaryImageOfPage\":{\"@id\":\"https:\\\/\\\/www.encontrabelohorizonte.com.br\\\/sobre\\\/governo-de-minas-decreta-desapropriacao-de-terreno-para-obras-da-linha-2-do-metro-de-bh\\\/#mainImage\"},\"datePublished\":\"2026-07-07T08:47:11-03:00\",\"dateModified\":\"2026-07-07T08:47:11-03:00\"},{\"@type\":\"WebSite\",\"@id\":\"https:\\\/\\\/www.encontrabelohorizonte.com.br\\\/sobre\\\/#website\",\"url\":\"https:\\\/\\\/www.encontrabelohorizonte.com.br\\\/sobre\\\/\",\"name\":\"Encontra Belo Horizonte\",\"description\":\"Not\\u00edcias, eventos, informa\\u00e7\\u00f5es e dicas da cidade de Belo Horizonte e regi\\u00e3o\",\"inLanguage\":\"pt-BR\",\"publisher\":{\"@id\":\"https:\\\/\\\/www.encontrabelohorizonte.com.br\\\/sobre\\\/#organization\"}}]}\n\t\t<\/script>\n\t\t<!-- All in One SEO -->\n\n","aioseo_head_json":{"title":"Governo de Minas decreta desapropria\u00e7\u00e3o de terreno para obras da Linha 2 do Metr\u00f4 de BH | Encontra Belo Horizonte","description":"Desapropria\u00e7\u00e3o pelo governo de Minas permite amplia\u00e7\u00e3o da Linha 2 do Metr\u00f4 de BH.","canonical_url":"https:\/\/www.encontrabelohorizonte.com.br\/sobre\/governo-de-minas-decreta-desapropriacao-de-terreno-para-obras-da-linha-2-do-metro-de-bh\/","robots":"max-image-preview:large","keywords":"","webmasterTools":{"miscellaneous":""},"schema":{"@context":"https:\/\/schema.org","@graph":[{"@type":"Article","@id":"https:\/\/www.encontrabelohorizonte.com.br\/sobre\/governo-de-minas-decreta-desapropriacao-de-terreno-para-obras-da-linha-2-do-metro-de-bh\/#article","name":"Governo de Minas decreta desapropria\u00e7\u00e3o de terreno para obras da Linha 2 do Metr\u00f4 de BH | Encontra Belo Horizonte","headline":"Governo de Minas decreta desapropria\u00e7\u00e3o de terreno para obras da Linha 2 do Metr\u00f4 de BH","author":{"@id":"https:\/\/www.encontrabelohorizonte.com.br\/sobre\/author\/ebelohorizonte\/#author"},"publisher":{"@id":"https:\/\/www.encontrabelohorizonte.com.br\/sobre\/#organization"},"image":{"@type":"ImageObject","url":"https:\/\/www.encontrabelohorizonte.com.br\/sobre\/wp-content\/uploads\/governo-de-minas-decreta-desapropriacao-de-terreno-para-obras-da-linha-2-do-metro-de-bh.webp","width":280,"height":280,"caption":"desapropria\u00e7\u00e3o Linha 2 do Metr\u00f4 BH"},"datePublished":"2026-07-07T08:47:11-03:00","dateModified":"2026-07-07T08:47:11-03:00","inLanguage":"pt-BR","mainEntityOfPage":{"@id":"https:\/\/www.encontrabelohorizonte.com.br\/sobre\/governo-de-minas-decreta-desapropriacao-de-terreno-para-obras-da-linha-2-do-metro-de-bh\/#webpage"},"isPartOf":{"@id":"https:\/\/www.encontrabelohorizonte.com.br\/sobre\/governo-de-minas-decreta-desapropriacao-de-terreno-para-obras-da-linha-2-do-metro-de-bh\/#webpage"},"articleSection":"Not\u00edcias Belo Horizonte"},{"@type":"BreadcrumbList","@id":"https:\/\/www.encontrabelohorizonte.com.br\/sobre\/governo-de-minas-decreta-desapropriacao-de-terreno-para-obras-da-linha-2-do-metro-de-bh\/#breadcrumblist","itemListElement":[{"@type":"ListItem","@id":"https:\/\/www.encontrabelohorizonte.com.br\/sobre#listItem","position":1,"name":"In\u00edcio","item":"https:\/\/www.encontrabelohorizonte.com.br\/sobre","nextItem":{"@type":"ListItem","@id":"https:\/\/www.encontrabelohorizonte.com.br\/sobre\/noticias\/#listItem","name":"Not\u00edcias Belo Horizonte"}},{"@type":"ListItem","@id":"https:\/\/www.encontrabelohorizonte.com.br\/sobre\/noticias\/#listItem","position":2,"name":"Not\u00edcias Belo Horizonte","item":"https:\/\/www.encontrabelohorizonte.com.br\/sobre\/noticias\/","nextItem":{"@type":"ListItem","@id":"https:\/\/www.encontrabelohorizonte.com.br\/sobre\/governo-de-minas-decreta-desapropriacao-de-terreno-para-obras-da-linha-2-do-metro-de-bh\/#listItem","name":"Governo de Minas decreta desapropria\u00e7\u00e3o de terreno para obras da Linha 2 do Metr\u00f4 de BH"},"previousItem":{"@type":"ListItem","@id":"https:\/\/www.encontrabelohorizonte.com.br\/sobre#listItem","name":"In\u00edcio"}},{"@type":"ListItem","@id":"https:\/\/www.encontrabelohorizonte.com.br\/sobre\/governo-de-minas-decreta-desapropriacao-de-terreno-para-obras-da-linha-2-do-metro-de-bh\/#listItem","position":3,"name":"Governo de Minas decreta desapropria\u00e7\u00e3o de terreno para obras da Linha 2 do Metr\u00f4 de BH","previousItem":{"@type":"ListItem","@id":"https:\/\/www.encontrabelohorizonte.com.br\/sobre\/noticias\/#listItem","name":"Not\u00edcias Belo Horizonte"}}]},{"@type":"Organization","@id":"https:\/\/www.encontrabelohorizonte.com.br\/sobre\/#organization","name":"Encontra Belo Horizonte","description":"Not\u00edcias, eventos, informa\u00e7\u00f5es e dicas da cidade de Belo Horizonte e regi\u00e3o","url":"https:\/\/www.encontrabelohorizonte.com.br\/sobre\/"},{"@type":"Person","@id":"https:\/\/www.encontrabelohorizonte.com.br\/sobre\/author\/ebelohorizonte\/#author","url":"https:\/\/www.encontrabelohorizonte.com.br\/sobre\/author\/ebelohorizonte\/","name":"Encontra Belo Horizonte","image":{"@type":"ImageObject","@id":"https:\/\/www.encontrabelohorizonte.com.br\/sobre\/governo-de-minas-decreta-desapropriacao-de-terreno-para-obras-da-linha-2-do-metro-de-bh\/#authorImage","url":"https:\/\/secure.gravatar.com\/avatar\/507340682b8270222e1f208e23198b6ae7e2c6a1033ae84e99bc6bce4f82a387?s=96&d=mm&r=g","width":96,"height":96,"caption":"Encontra Belo Horizonte"}},{"@type":"WebPage","@id":"https:\/\/www.encontrabelohorizonte.com.br\/sobre\/governo-de-minas-decreta-desapropriacao-de-terreno-para-obras-da-linha-2-do-metro-de-bh\/#webpage","url":"https:\/\/www.encontrabelohorizonte.com.br\/sobre\/governo-de-minas-decreta-desapropriacao-de-terreno-para-obras-da-linha-2-do-metro-de-bh\/","name":"Governo de Minas decreta desapropria\u00e7\u00e3o de terreno para obras da Linha 2 do Metr\u00f4 de BH | Encontra Belo Horizonte","description":"Desapropria\u00e7\u00e3o pelo governo de Minas permite amplia\u00e7\u00e3o da Linha 2 do Metr\u00f4 de BH.","inLanguage":"pt-BR","isPartOf":{"@id":"https:\/\/www.encontrabelohorizonte.com.br\/sobre\/#website"},"breadcrumb":{"@id":"https:\/\/www.encontrabelohorizonte.com.br\/sobre\/governo-de-minas-decreta-desapropriacao-de-terreno-para-obras-da-linha-2-do-metro-de-bh\/#breadcrumblist"},"author":{"@id":"https:\/\/www.encontrabelohorizonte.com.br\/sobre\/author\/ebelohorizonte\/#author"},"creator":{"@id":"https:\/\/www.encontrabelohorizonte.com.br\/sobre\/author\/ebelohorizonte\/#author"},"image":{"@type":"ImageObject","url":"https:\/\/www.encontrabelohorizonte.com.br\/sobre\/wp-content\/uploads\/governo-de-minas-decreta-desapropriacao-de-terreno-para-obras-da-linha-2-do-metro-de-bh.webp","@id":"https:\/\/www.encontrabelohorizonte.com.br\/sobre\/governo-de-minas-decreta-desapropriacao-de-terreno-para-obras-da-linha-2-do-metro-de-bh\/#mainImage","width":280,"height":280,"caption":"desapropria\u00e7\u00e3o Linha 2 do Metr\u00f4 BH"},"primaryImageOfPage":{"@id":"https:\/\/www.encontrabelohorizonte.com.br\/sobre\/governo-de-minas-decreta-desapropriacao-de-terreno-para-obras-da-linha-2-do-metro-de-bh\/#mainImage"},"datePublished":"2026-07-07T08:47:11-03:00","dateModified":"2026-07-07T08:47:11-03:00"},{"@type":"WebSite","@id":"https:\/\/www.encontrabelohorizonte.com.br\/sobre\/#website","url":"https:\/\/www.encontrabelohorizonte.com.br\/sobre\/","name":"Encontra Belo Horizonte","description":"Not\u00edcias, eventos, informa\u00e7\u00f5es e dicas da cidade de Belo Horizonte e regi\u00e3o","inLanguage":"pt-BR","publisher":{"@id":"https:\/\/www.encontrabelohorizonte.com.br\/sobre\/#organization"}}]},"og:locale":"pt_BR","og:site_name":"Encontra Belo Horizonte | Not\u00edcias, eventos, informa\u00e7\u00f5es e dicas da cidade de Belo Horizonte e regi\u00e3o","og:type":"article","og:title":"Governo de Minas decreta desapropria\u00e7\u00e3o de terreno para obras da Linha 2 do Metr\u00f4 de BH | Encontra Belo Horizonte","og:description":"Desapropria\u00e7\u00e3o pelo governo de Minas permite amplia\u00e7\u00e3o da Linha 2 do Metr\u00f4 de BH.","og:url":"https:\/\/www.encontrabelohorizonte.com.br\/sobre\/governo-de-minas-decreta-desapropriacao-de-terreno-para-obras-da-linha-2-do-metro-de-bh\/","article:published_time":"2026-07-07T11:47:11+00:00","article:modified_time":"2026-07-07T11:47:11+00:00","twitter:card":"summary","twitter:title":"Governo de Minas decreta desapropria\u00e7\u00e3o de terreno para obras da Linha 2 do Metr\u00f4 de BH | Encontra Belo Horizonte","twitter:description":"Desapropria\u00e7\u00e3o pelo governo de Minas permite amplia\u00e7\u00e3o da Linha 2 do Metr\u00f4 de BH."},"aioseo_meta_data":{"post_id":"4281","title":null,"description":null,"keywords":null,"keyphrases":null,"primary_term":null,"canonical_url":null,"og_title":null,"og_description":null,"og_object_type":"default","og_image_type":"default","og_image_url":null,"og_image_width":null,"og_image_height":null,"og_image_custom_url":null,"og_image_custom_fields":null,"og_video":null,"og_custom_url":null,"og_article_section":null,"og_article_tags":null,"twitter_use_og":false,"twitter_card":"default","twitter_image_type":"default","twitter_image_url":null,"twitter_image_custom_url":null,"twitter_image_custom_fields":null,"twitter_title":null,"twitter_description":null,"schema":{"blockGraphs":[],"customGraphs":[],"default":{"data":{"Article":[],"Course":[],"Dataset":[],"FAQPage":[],"Movie":[],"Person":[],"Product":[],"ProductReview":[],"Car":[],"Recipe":[],"Service":[],"SoftwareApplication":[],"WebPage":[]},"graphName":"Article","isEnabled":true},"graphs":[]},"schema_type":"default","schema_type_options":null,"pillar_content":false,"robots_default":true,"robots_noindex":false,"robots_noarchive":false,"robots_nosnippet":false,"robots_nofollow":false,"robots_noimageindex":false,"robots_noodp":false,"robots_notranslate":false,"robots_max_snippet":null,"robots_max_videopreview":null,"robots_max_imagepreview":"large","priority":null,"frequency":null,"local_seo":null,"breadcrumb_settings":null,"limit_modified_date":false,"ai":null,"created":"2026-07-07 11:47:12","updated":"2026-07-07 11:59:07","focus_keyword":null,"additional_keywords":null,"truseo_locale":null,"seo_analyzer_scan_date":null},"aioseo_breadcrumb":"<div class=\"aioseo-breadcrumbs\"><span class=\"aioseo-breadcrumb\">\n\t\t\t<a href=\"https:\/\/www.encontrabelohorizonte.com.br\/sobre\" title=\"In\u00edcio\">In\u00edcio<\/a>\n\t\t<\/span><span class=\"aioseo-breadcrumb-separator\">&raquo;<\/span><span class=\"aioseo-breadcrumb\">\n\t\t\t<a href=\"https:\/\/www.encontrabelohorizonte.com.br\/sobre\/noticias\/\" title=\"Not\u00edcias Belo Horizonte\">Not\u00edcias Belo Horizonte<\/a>\n\t\t<\/span><span class=\"aioseo-breadcrumb-separator\">&raquo;<\/span><span class=\"aioseo-breadcrumb\">\n\t\t\tGoverno de Minas decreta desapropria\u00e7\u00e3o de terreno para obras da Linha 2 do Metr\u00f4 de BH\n\t\t<\/span><\/div>","aioseo_breadcrumb_json":[{"label":"In\u00edcio","link":"https:\/\/www.encontrabelohorizonte.com.br\/sobre"},{"label":"Not\u00edcias Belo Horizonte","link":"https:\/\/www.encontrabelohorizonte.com.br\/sobre\/noticias\/"},{"label":"Governo de Minas decreta desapropria\u00e7\u00e3o de terreno para obras da Linha 2 do Metr\u00f4 de BH","link":"https:\/\/www.encontrabelohorizonte.com.br\/sobre\/governo-de-minas-decreta-desapropriacao-de-terreno-para-obras-da-linha-2-do-metro-de-bh\/"}],"_links":{"self":[{"href":"https:\/\/www.encontrabelohorizonte.com.br\/sobre\/wp-json\/wp\/v2\/posts\/4281","targetHints":{"allow":["GET"]}}],"collection":[{"href":"https:\/\/www.encontrabelohorizonte.com.br\/sobre\/wp-json\/wp\/v2\/posts"}],"about":[{"href":"https:\/\/www.encontrabelohorizonte.com.br\/sobre\/wp-json\/wp\/v2\/types\/post"}],"author":[{"embeddable":true,"href":"https:\/\/www.encontrabelohorizonte.com.br\/sobre\/wp-json\/wp\/v2\/users\/1"}],"replies":[{"embeddable":true,"href":"https:\/\/www.encontrabelohorizonte.com.br\/sobre\/wp-json\/wp\/v2\/comments?post=4281"}],"version-history":[{"count":0,"href":"https:\/\/www.encontrabelohorizonte.com.br\/sobre\/wp-json\/wp\/v2\/posts\/4281\/revisions"}],"wp:featuredmedia":[{"embeddable":true,"href":"https:\/\/www.encontrabelohorizonte.com.br\/sobre\/wp-json\/wp\/v2\/media\/4280"}],"wp:attachment":[{"href":"https:\/\/www.encontrabelohorizonte.com.br\/sobre\/wp-json\/wp\/v2\/media?parent=4281"}],"wp:term":[{"taxonomy":"category","embeddable":true,"href":"https:\/\/www.encontrabelohorizonte.com.br\/sobre\/wp-json\/wp\/v2\/categories?post=4281"},{"taxonomy":"post_tag","embeddable":true,"href":"https:\/\/www.encontrabelohorizonte.com.br\/sobre\/wp-json\/wp\/v2\/tags?post=4281"}],"curies":[{"name":"wp","href":"https:\/\/api.w.org\/{rel}","templated":true}]}}