{"id":4285,"date":"2026-07-07T08:49:41","date_gmt":"2026-07-07T11:49:41","guid":{"rendered":"https:\/\/www.encontrabelohorizonte.com.br\/sobre\/homem-atira-em-cachorro-na-porta-de-loja-em-bh-videos\/"},"modified":"2026-07-07T08:49:41","modified_gmt":"2026-07-07T11:49:41","slug":"homem-atira-em-cachorro-na-porta-de-loja-em-bh-videos","status":"publish","type":"post","link":"https:\/\/www.encontrabelohorizonte.com.br\/sobre\/homem-atira-em-cachorro-na-porta-de-loja-em-bh-videos\/","title":{"rendered":"Homem atira em cachorro na porta de loja em BH; V\u00cdDEOS"},"content":{"rendered":"<div class=\"2e083cf0b19e2c11948dc6ac054ba979\" data-index=\"1\" style=\"float: none; margin:0px;\">\n<!-- Anuncio display - global -->\r\n<ins class=\"adsbygoogle\"\r\n     style=\"display:block\"\r\n     data-ad-client=\"ca-pub-8585364105181520\"\r\n     data-ad-slot=\"8789329856\"\r\n     data-ad-format=\"auto\"\r\n     data-full-width-responsive=\"true\"><\/ins>\r\n<script>\r\n     (adsbygoogle = window.adsbygoogle || []).push({});\r\n<\/script>\n<\/div>\n<h2>O Incidente que Abalou BH<\/h2>\n<p>Na cidade de Belo Horizonte, um incidente perturbador ocorreu na cal\u00e7ada de uma loja, quando um homem disparou contra um cachorro da ra\u00e7a bulldog franc\u00eas. O ato violento, registrado por c\u00e2meras de seguran\u00e7a, deixou a comunidade em estado de choque. O cachorro, carinhosamente chamado de Bruce, pertence ao dono do com\u00e9rcio, Alexandre Silva Andrade, e foi atingido no abd\u00f4men, mas felizmente sobreviveu ao ataque e est\u00e1 em estado est\u00e1vel.<\/p>\n<h2>Quem \u00e9 Bruce, o cachorro ferido?<\/h2>\n<p>Bruce, o bulldog franc\u00eas, \u00e9 um animal conhecido e querido na vizinhan\u00e7a. Seu dono, Alexandre, frequentemente trazia o c\u00e3o para a loja, onde o cachorro se entretinha com os clientes e a equipe. O afeto entre Alexandre e Bruce \u00e9 palp\u00e1vel, e o cachorro \u00e9 considerado parte da fam\u00edlia. Ap\u00f3s o ataque, muitos vizinhos expressaram sua preocupa\u00e7\u00e3o e solidariedade, destacando a import\u00e2ncia de Bruce na comunidade local.<\/p>\n<h2>O Papel da Pol\u00edcia na Investiga\u00e7\u00e3o<\/h2>\n<p>A pol\u00edcia foi chamada imediatamente ap\u00f3s o ocorrido. Os agentes recolheram cinco c\u00e1psulas deflagradas na cal\u00e7ada \u00e0 frente da loja como parte da investiga\u00e7\u00e3o. O suspeito, que fugiu do local, estava sendo procurado pelas autoridades, que analisaram as imagens das c\u00e2meras de seguran\u00e7a da \u00e1rea para identificar seu paradeiro. O inqu\u00e9rito foi formalmente aberto, e tanto Alexandre quanto o suspeito foram ouvidos pelas autoridades para reunir mais informa\u00e7\u00f5es sobre o incidente.<\/p>\n<p><img decoding=\"async\" src=\"https:\/\/www.encontrabelohorizonte.com.br\/sobre\/wp-content\/uploads\/homem-atira-em-cachorro-na-porta-de-loja-em-bh-videos.webp\" alt=\"\" loading=\"lazy\" \/><\/p>\n<h2>Rea\u00e7\u00e3o da Comunidade frente \u00e0 Viol\u00eancia<\/h2>\n<p>A comunidade reagiu com indigna\u00e7\u00e3o ao ato de viol\u00eancia. Muitos moradores expressaram suas preocupa\u00e7\u00f5es sobre a seguran\u00e7a dos animais e a necessidade de pol\u00edticas mais rigorosas contra a crueldade animal. A mobiliza\u00e7\u00e3o nas redes sociais cresceu, e peti\u00e7\u00f5es foram criadas para exigir justi\u00e7a e promover a prote\u00e7\u00e3o dos direitos dos animais. A solidariedade demonstrada pela comunidade reflete o valor que as pessoas atribuem aos seus pets e o desejo de um ambiente mais seguro.<\/p>\n<h2>A Hist\u00f3ria de Alexandre, o dono do Bruce<\/h2>\n<p>Alexandre Silva Andrade, de 27 anos, \u00e9 um jovem defensor dos direitos dos animais e pai dedicado de Bruce. Ele frequentemente falava sobre o amor e a alegria que Bruce trouxe para sua vida. A prote\u00e7\u00e3o do animal \u00e9 uma prioridade imensa para ele, e o ataque ao seu querido cachorro afetou profundamente n\u00e3o apenas sua vida, mas tamb\u00e9m a din\u00e2mica da comunidade. Alexandre se tornou uma voz ativa, ilustrando a necessidade de um maior respeito e prote\u00e7\u00e3o aos animais em sua cidade.<\/p>\n<h2>A Import\u00e2ncia dos Animais nos Lares<\/h2>\n<p>Animais de estima\u00e7\u00e3o, como Bruce, desempenham um papel significativo na vida de muitas pessoas, oferecendo amor, companhia e apoio emocional. Estudos mostram que ter um animal de estima\u00e7\u00e3o pode reduzir a solid\u00e3o e aumentar a felicidade. Os lares que abrigam animais frequentemente testemunham melhorias na sa\u00fade mental e no bem-estar emocional de seus propriet\u00e1rios. Essa rela\u00e7\u00e3o simbi\u00f3tica ressalta a necessidade de cuidar e proteger esses seres que trazem tanta alegria para nossas vidas.<\/p>\n<h2>O Que Dizer Sobre Responsabilidade<\/h2>\n<p>O incidente destaca a import\u00e2ncia da responsabilidade dos propriet\u00e1rios em rela\u00e7\u00e3o aos seus animais. Garantir que os animais estejam seguros em espa\u00e7os p\u00fablicos e educar os outros sobre como interagir de maneira adequada com os pets \u00e9 crucial. Desde a socializa\u00e7\u00e3o adequada at\u00e9 os cuidados veterin\u00e1rios regulares, cada aspecto da vida de um animal deve ser considerado. A responsabilidade n\u00e3o se limita aos donos de animais, mas se estende \u00e0 sociedade como um todo, que deve proteger os direitos dos animais.<\/p>\n<h2>O Estado de Sa\u00fade de Bruce Ap\u00f3s os Tiros<\/h2>\n<p>Ap\u00f3s o ataque, Bruce foi imediatamente levado a uma cl\u00ednica veterin\u00e1ria para avalia\u00e7\u00e3o m\u00e9dica. Os profissionais de sa\u00fade confirmaram que a bala perfurou sua regi\u00e3o abdominal, por\u00e9m, n\u00e3o atingiu \u00f3rg\u00e3os vitais. Bruce permaneceu sob observa\u00e7\u00e3o, e seu quadro de sa\u00fade foi classificado como est\u00e1vel. O amor e o cuidado de Alexandre foram fundamentais para a recupera\u00e7\u00e3o do cachorro, que est\u00e1 se recuperando ap\u00f3s o incidente.<\/p>\n<h2>A\u00e7\u00f5es Legais Contra o Suspeito<\/h2>\n<p>As autoridades n\u00e3o hesitaram em tomar medidas legais contra o suspeito do ataque. A investiga\u00e7\u00e3o est\u00e1 em andamento, e diferentes possibilidades est\u00e3o sendo consideradas para responsabiliz\u00e1-lo pelo que ocorreu. As leis que protegem os animais s\u00e3o rigorosas, e espera-se que haja consequ\u00eancias severas para quem comete atos de crueldade animal. A expectativa da comunidade \u00e9 que a justi\u00e7a seja feita, e que casos como este n\u00e3o se repitam.<\/p>\n<h2>Prevenindo Atos de Crueldade Animal<\/h2>\n<p>Al\u00e9m da investiga\u00e7\u00e3o em curso, a comunidade est\u00e1 tomando medidas proativas para prevenir a crueldade animal. Educadores e defensores dos direitos dos animais est\u00e3o se unindo para oferecer workshops que ensinam sobre o cuidado respons\u00e1vel dos animais e a import\u00e2ncia da empatia. A promo\u00e7\u00e3o de eventos comunit\u00e1rios e campanhas de conscientiza\u00e7\u00e3o s\u00e3o esperados para informar e educar os moradores sobre a necessidade de proteger todas as formas de vida.<\/p>\n\n<div style=\"font-size: 0px; height: 0px; line-height: 0px; margin: 0; padding: 0; clear: both;\"><\/div>","protected":false},"excerpt":{"rendered":"<p>Homem atira em cachorro em BH e causa indigna\u00e7\u00e3o. Descubra os detalhes!<\/p>\n","protected":false},"author":1,"featured_media":4284,"comment_status":"closed","ping_status":"closed","sticky":false,"template":"","format":"standard","meta":{"footnotes":""},"categories":[6],"tags":[],"class_list":["post-4285","post","type-post","status-publish","format-standard","has-post-thumbnail","hentry","category-noticias","has_thumb"],"aioseo_notices":[],"aioseo_head":"\n\t\t<!-- All in One SEO 5.0.0.1 - aioseo.com -->\n\t<meta name=\"description\" content=\"Homem atira em cachorro em BH e causa indigna\u00e7\u00e3o. Descubra os detalhes!\" \/>\n\t<meta name=\"robots\" content=\"max-image-preview:large\" \/>\n\t<meta name=\"author\" content=\"Encontra Belo Horizonte\"\/>\n\t<link rel=\"canonical\" href=\"https:\/\/www.encontrabelohorizonte.com.br\/sobre\/homem-atira-em-cachorro-na-porta-de-loja-em-bh-videos\/\" \/>\n\t<meta name=\"generator\" content=\"All in One SEO (AIOSEO) 5.0.0.1\" \/>\n\t\t<meta property=\"og:locale\" content=\"pt_BR\" \/>\n\t\t<meta property=\"og:site_name\" content=\"Encontra Belo Horizonte | Not\u00edcias, eventos, informa\u00e7\u00f5es e dicas da cidade de Belo Horizonte e regi\u00e3o\" \/>\n\t\t<meta property=\"og:type\" content=\"article\" \/>\n\t\t<meta property=\"og:title\" content=\"Homem atira em cachorro na porta de loja em BH; V\u00cdDEOS | Encontra Belo Horizonte\" \/>\n\t\t<meta property=\"og:description\" content=\"Homem atira em cachorro em BH e causa indigna\u00e7\u00e3o. Descubra os detalhes!\" \/>\n\t\t<meta property=\"og:url\" content=\"https:\/\/www.encontrabelohorizonte.com.br\/sobre\/homem-atira-em-cachorro-na-porta-de-loja-em-bh-videos\/\" \/>\n\t\t<meta property=\"article:published_time\" content=\"2026-07-07T11:49:41+00:00\" \/>\n\t\t<meta property=\"article:modified_time\" content=\"2026-07-07T11:49:41+00:00\" \/>\n\t\t<meta name=\"twitter:card\" content=\"summary\" \/>\n\t\t<meta name=\"twitter:title\" content=\"Homem atira em cachorro na porta de loja em BH; V\u00cdDEOS | Encontra Belo Horizonte\" \/>\n\t\t<meta name=\"twitter:description\" content=\"Homem atira em cachorro em BH e causa indigna\u00e7\u00e3o. Descubra os detalhes!\" \/>\n\t\t<script type=\"application\/ld+json\" class=\"aioseo-schema\">\n\t\t\t{\"@context\":\"https:\\\/\\\/schema.org\",\"@graph\":[{\"@type\":\"Article\",\"@id\":\"https:\\\/\\\/www.encontrabelohorizonte.com.br\\\/sobre\\\/homem-atira-em-cachorro-na-porta-de-loja-em-bh-videos\\\/#article\",\"name\":\"Homem atira em cachorro na porta de loja em BH; V\\u00cdDEOS | Encontra Belo Horizonte\",\"headline\":\"Homem atira em cachorro na porta de loja em BH; V\\u00cdDEOS\",\"author\":{\"@id\":\"https:\\\/\\\/www.encontrabelohorizonte.com.br\\\/sobre\\\/author\\\/ebelohorizonte\\\/#author\"},\"publisher\":{\"@id\":\"https:\\\/\\\/www.encontrabelohorizonte.com.br\\\/sobre\\\/#organization\"},\"image\":{\"@type\":\"ImageObject\",\"url\":\"https:\\\/\\\/www.encontrabelohorizonte.com.br\\\/sobre\\\/wp-content\\\/uploads\\\/homem-atira-em-cachorro-na-porta-de-loja-em-bh-videos.webp\",\"width\":280,\"height\":280},\"datePublished\":\"2026-07-07T08:49:41-03:00\",\"dateModified\":\"2026-07-07T08:49:41-03:00\",\"inLanguage\":\"pt-BR\",\"mainEntityOfPage\":{\"@id\":\"https:\\\/\\\/www.encontrabelohorizonte.com.br\\\/sobre\\\/homem-atira-em-cachorro-na-porta-de-loja-em-bh-videos\\\/#webpage\"},\"isPartOf\":{\"@id\":\"https:\\\/\\\/www.encontrabelohorizonte.com.br\\\/sobre\\\/homem-atira-em-cachorro-na-porta-de-loja-em-bh-videos\\\/#webpage\"},\"articleSection\":\"Not\\u00edcias Belo Horizonte\"},{\"@type\":\"BreadcrumbList\",\"@id\":\"https:\\\/\\\/www.encontrabelohorizonte.com.br\\\/sobre\\\/homem-atira-em-cachorro-na-porta-de-loja-em-bh-videos\\\/#breadcrumblist\",\"itemListElement\":[{\"@type\":\"ListItem\",\"@id\":\"https:\\\/\\\/www.encontrabelohorizonte.com.br\\\/sobre#listItem\",\"position\":1,\"name\":\"In\\u00edcio\",\"item\":\"https:\\\/\\\/www.encontrabelohorizonte.com.br\\\/sobre\",\"nextItem\":{\"@type\":\"ListItem\",\"@id\":\"https:\\\/\\\/www.encontrabelohorizonte.com.br\\\/sobre\\\/noticias\\\/#listItem\",\"name\":\"Not\\u00edcias Belo Horizonte\"}},{\"@type\":\"ListItem\",\"@id\":\"https:\\\/\\\/www.encontrabelohorizonte.com.br\\\/sobre\\\/noticias\\\/#listItem\",\"position\":2,\"name\":\"Not\\u00edcias Belo Horizonte\",\"item\":\"https:\\\/\\\/www.encontrabelohorizonte.com.br\\\/sobre\\\/noticias\\\/\",\"nextItem\":{\"@type\":\"ListItem\",\"@id\":\"https:\\\/\\\/www.encontrabelohorizonte.com.br\\\/sobre\\\/homem-atira-em-cachorro-na-porta-de-loja-em-bh-videos\\\/#listItem\",\"name\":\"Homem atira em cachorro na porta de loja em BH; V\\u00cdDEOS\"},\"previousItem\":{\"@type\":\"ListItem\",\"@id\":\"https:\\\/\\\/www.encontrabelohorizonte.com.br\\\/sobre#listItem\",\"name\":\"In\\u00edcio\"}},{\"@type\":\"ListItem\",\"@id\":\"https:\\\/\\\/www.encontrabelohorizonte.com.br\\\/sobre\\\/homem-atira-em-cachorro-na-porta-de-loja-em-bh-videos\\\/#listItem\",\"position\":3,\"name\":\"Homem atira em cachorro na porta de loja em BH; V\\u00cdDEOS\",\"previousItem\":{\"@type\":\"ListItem\",\"@id\":\"https:\\\/\\\/www.encontrabelohorizonte.com.br\\\/sobre\\\/noticias\\\/#listItem\",\"name\":\"Not\\u00edcias Belo Horizonte\"}}]},{\"@type\":\"Organization\",\"@id\":\"https:\\\/\\\/www.encontrabelohorizonte.com.br\\\/sobre\\\/#organization\",\"name\":\"Encontra Belo Horizonte\",\"description\":\"Not\\u00edcias, eventos, informa\\u00e7\\u00f5es e dicas da cidade de Belo Horizonte e regi\\u00e3o\",\"url\":\"https:\\\/\\\/www.encontrabelohorizonte.com.br\\\/sobre\\\/\"},{\"@type\":\"Person\",\"@id\":\"https:\\\/\\\/www.encontrabelohorizonte.com.br\\\/sobre\\\/author\\\/ebelohorizonte\\\/#author\",\"url\":\"https:\\\/\\\/www.encontrabelohorizonte.com.br\\\/sobre\\\/author\\\/ebelohorizonte\\\/\",\"name\":\"Encontra Belo Horizonte\",\"image\":{\"@type\":\"ImageObject\",\"@id\":\"https:\\\/\\\/www.encontrabelohorizonte.com.br\\\/sobre\\\/homem-atira-em-cachorro-na-porta-de-loja-em-bh-videos\\\/#authorImage\",\"url\":\"https:\\\/\\\/secure.gravatar.com\\\/avatar\\\/507340682b8270222e1f208e23198b6ae7e2c6a1033ae84e99bc6bce4f82a387?s=96&d=mm&r=g\",\"width\":96,\"height\":96,\"caption\":\"Encontra Belo Horizonte\"}},{\"@type\":\"WebPage\",\"@id\":\"https:\\\/\\\/www.encontrabelohorizonte.com.br\\\/sobre\\\/homem-atira-em-cachorro-na-porta-de-loja-em-bh-videos\\\/#webpage\",\"url\":\"https:\\\/\\\/www.encontrabelohorizonte.com.br\\\/sobre\\\/homem-atira-em-cachorro-na-porta-de-loja-em-bh-videos\\\/\",\"name\":\"Homem atira em cachorro na porta de loja em BH; V\\u00cdDEOS | Encontra Belo Horizonte\",\"description\":\"Homem atira em cachorro em BH e causa indigna\\u00e7\\u00e3o. Descubra os detalhes!\",\"inLanguage\":\"pt-BR\",\"isPartOf\":{\"@id\":\"https:\\\/\\\/www.encontrabelohorizonte.com.br\\\/sobre\\\/#website\"},\"breadcrumb\":{\"@id\":\"https:\\\/\\\/www.encontrabelohorizonte.com.br\\\/sobre\\\/homem-atira-em-cachorro-na-porta-de-loja-em-bh-videos\\\/#breadcrumblist\"},\"author\":{\"@id\":\"https:\\\/\\\/www.encontrabelohorizonte.com.br\\\/sobre\\\/author\\\/ebelohorizonte\\\/#author\"},\"creator\":{\"@id\":\"https:\\\/\\\/www.encontrabelohorizonte.com.br\\\/sobre\\\/author\\\/ebelohorizonte\\\/#author\"},\"image\":{\"@type\":\"ImageObject\",\"url\":\"https:\\\/\\\/www.encontrabelohorizonte.com.br\\\/sobre\\\/wp-content\\\/uploads\\\/homem-atira-em-cachorro-na-porta-de-loja-em-bh-videos.webp\",\"@id\":\"https:\\\/\\\/www.encontrabelohorizonte.com.br\\\/sobre\\\/homem-atira-em-cachorro-na-porta-de-loja-em-bh-videos\\\/#mainImage\",\"width\":280,\"height\":280},\"primaryImageOfPage\":{\"@id\":\"https:\\\/\\\/www.encontrabelohorizonte.com.br\\\/sobre\\\/homem-atira-em-cachorro-na-porta-de-loja-em-bh-videos\\\/#mainImage\"},\"datePublished\":\"2026-07-07T08:49:41-03:00\",\"dateModified\":\"2026-07-07T08:49:41-03:00\"},{\"@type\":\"WebSite\",\"@id\":\"https:\\\/\\\/www.encontrabelohorizonte.com.br\\\/sobre\\\/#website\",\"url\":\"https:\\\/\\\/www.encontrabelohorizonte.com.br\\\/sobre\\\/\",\"name\":\"Encontra Belo Horizonte\",\"description\":\"Not\\u00edcias, eventos, informa\\u00e7\\u00f5es e dicas da cidade de Belo Horizonte e regi\\u00e3o\",\"inLanguage\":\"pt-BR\",\"publisher\":{\"@id\":\"https:\\\/\\\/www.encontrabelohorizonte.com.br\\\/sobre\\\/#organization\"}}]}\n\t\t<\/script>\n\t\t<!-- All in One SEO -->\n\n","aioseo_head_json":{"title":"Homem atira em cachorro na porta de loja em BH; V\u00cdDEOS | Encontra Belo Horizonte","description":"Homem atira em cachorro em BH e causa indigna\u00e7\u00e3o. Descubra os detalhes!","canonical_url":"https:\/\/www.encontrabelohorizonte.com.br\/sobre\/homem-atira-em-cachorro-na-porta-de-loja-em-bh-videos\/","robots":"max-image-preview:large","keywords":"","webmasterTools":{"miscellaneous":""},"schema":{"@context":"https:\/\/schema.org","@graph":[{"@type":"Article","@id":"https:\/\/www.encontrabelohorizonte.com.br\/sobre\/homem-atira-em-cachorro-na-porta-de-loja-em-bh-videos\/#article","name":"Homem atira em cachorro na porta de loja em BH; V\u00cdDEOS | Encontra Belo Horizonte","headline":"Homem atira em cachorro na porta de loja em BH; V\u00cdDEOS","author":{"@id":"https:\/\/www.encontrabelohorizonte.com.br\/sobre\/author\/ebelohorizonte\/#author"},"publisher":{"@id":"https:\/\/www.encontrabelohorizonte.com.br\/sobre\/#organization"},"image":{"@type":"ImageObject","url":"https:\/\/www.encontrabelohorizonte.com.br\/sobre\/wp-content\/uploads\/homem-atira-em-cachorro-na-porta-de-loja-em-bh-videos.webp","width":280,"height":280},"datePublished":"2026-07-07T08:49:41-03:00","dateModified":"2026-07-07T08:49:41-03:00","inLanguage":"pt-BR","mainEntityOfPage":{"@id":"https:\/\/www.encontrabelohorizonte.com.br\/sobre\/homem-atira-em-cachorro-na-porta-de-loja-em-bh-videos\/#webpage"},"isPartOf":{"@id":"https:\/\/www.encontrabelohorizonte.com.br\/sobre\/homem-atira-em-cachorro-na-porta-de-loja-em-bh-videos\/#webpage"},"articleSection":"Not\u00edcias Belo Horizonte"},{"@type":"BreadcrumbList","@id":"https:\/\/www.encontrabelohorizonte.com.br\/sobre\/homem-atira-em-cachorro-na-porta-de-loja-em-bh-videos\/#breadcrumblist","itemListElement":[{"@type":"ListItem","@id":"https:\/\/www.encontrabelohorizonte.com.br\/sobre#listItem","position":1,"name":"In\u00edcio","item":"https:\/\/www.encontrabelohorizonte.com.br\/sobre","nextItem":{"@type":"ListItem","@id":"https:\/\/www.encontrabelohorizonte.com.br\/sobre\/noticias\/#listItem","name":"Not\u00edcias Belo Horizonte"}},{"@type":"ListItem","@id":"https:\/\/www.encontrabelohorizonte.com.br\/sobre\/noticias\/#listItem","position":2,"name":"Not\u00edcias Belo Horizonte","item":"https:\/\/www.encontrabelohorizonte.com.br\/sobre\/noticias\/","nextItem":{"@type":"ListItem","@id":"https:\/\/www.encontrabelohorizonte.com.br\/sobre\/homem-atira-em-cachorro-na-porta-de-loja-em-bh-videos\/#listItem","name":"Homem atira em cachorro na porta de loja em BH; V\u00cdDEOS"},"previousItem":{"@type":"ListItem","@id":"https:\/\/www.encontrabelohorizonte.com.br\/sobre#listItem","name":"In\u00edcio"}},{"@type":"ListItem","@id":"https:\/\/www.encontrabelohorizonte.com.br\/sobre\/homem-atira-em-cachorro-na-porta-de-loja-em-bh-videos\/#listItem","position":3,"name":"Homem atira em cachorro na porta de loja em BH; V\u00cdDEOS","previousItem":{"@type":"ListItem","@id":"https:\/\/www.encontrabelohorizonte.com.br\/sobre\/noticias\/#listItem","name":"Not\u00edcias Belo Horizonte"}}]},{"@type":"Organization","@id":"https:\/\/www.encontrabelohorizonte.com.br\/sobre\/#organization","name":"Encontra Belo Horizonte","description":"Not\u00edcias, eventos, informa\u00e7\u00f5es e dicas da cidade de Belo Horizonte e regi\u00e3o","url":"https:\/\/www.encontrabelohorizonte.com.br\/sobre\/"},{"@type":"Person","@id":"https:\/\/www.encontrabelohorizonte.com.br\/sobre\/author\/ebelohorizonte\/#author","url":"https:\/\/www.encontrabelohorizonte.com.br\/sobre\/author\/ebelohorizonte\/","name":"Encontra Belo Horizonte","image":{"@type":"ImageObject","@id":"https:\/\/www.encontrabelohorizonte.com.br\/sobre\/homem-atira-em-cachorro-na-porta-de-loja-em-bh-videos\/#authorImage","url":"https:\/\/secure.gravatar.com\/avatar\/507340682b8270222e1f208e23198b6ae7e2c6a1033ae84e99bc6bce4f82a387?s=96&d=mm&r=g","width":96,"height":96,"caption":"Encontra Belo Horizonte"}},{"@type":"WebPage","@id":"https:\/\/www.encontrabelohorizonte.com.br\/sobre\/homem-atira-em-cachorro-na-porta-de-loja-em-bh-videos\/#webpage","url":"https:\/\/www.encontrabelohorizonte.com.br\/sobre\/homem-atira-em-cachorro-na-porta-de-loja-em-bh-videos\/","name":"Homem atira em cachorro na porta de loja em BH; V\u00cdDEOS | Encontra Belo Horizonte","description":"Homem atira em cachorro em BH e causa indigna\u00e7\u00e3o. Descubra os detalhes!","inLanguage":"pt-BR","isPartOf":{"@id":"https:\/\/www.encontrabelohorizonte.com.br\/sobre\/#website"},"breadcrumb":{"@id":"https:\/\/www.encontrabelohorizonte.com.br\/sobre\/homem-atira-em-cachorro-na-porta-de-loja-em-bh-videos\/#breadcrumblist"},"author":{"@id":"https:\/\/www.encontrabelohorizonte.com.br\/sobre\/author\/ebelohorizonte\/#author"},"creator":{"@id":"https:\/\/www.encontrabelohorizonte.com.br\/sobre\/author\/ebelohorizonte\/#author"},"image":{"@type":"ImageObject","url":"https:\/\/www.encontrabelohorizonte.com.br\/sobre\/wp-content\/uploads\/homem-atira-em-cachorro-na-porta-de-loja-em-bh-videos.webp","@id":"https:\/\/www.encontrabelohorizonte.com.br\/sobre\/homem-atira-em-cachorro-na-porta-de-loja-em-bh-videos\/#mainImage","width":280,"height":280},"primaryImageOfPage":{"@id":"https:\/\/www.encontrabelohorizonte.com.br\/sobre\/homem-atira-em-cachorro-na-porta-de-loja-em-bh-videos\/#mainImage"},"datePublished":"2026-07-07T08:49:41-03:00","dateModified":"2026-07-07T08:49:41-03:00"},{"@type":"WebSite","@id":"https:\/\/www.encontrabelohorizonte.com.br\/sobre\/#website","url":"https:\/\/www.encontrabelohorizonte.com.br\/sobre\/","name":"Encontra Belo Horizonte","description":"Not\u00edcias, eventos, informa\u00e7\u00f5es e dicas da cidade de Belo Horizonte e regi\u00e3o","inLanguage":"pt-BR","publisher":{"@id":"https:\/\/www.encontrabelohorizonte.com.br\/sobre\/#organization"}}]},"og:locale":"pt_BR","og:site_name":"Encontra Belo Horizonte | Not\u00edcias, eventos, informa\u00e7\u00f5es e dicas da cidade de Belo Horizonte e regi\u00e3o","og:type":"article","og:title":"Homem atira em cachorro na porta de loja em BH; V\u00cdDEOS | Encontra Belo Horizonte","og:description":"Homem atira em cachorro em BH e causa indigna\u00e7\u00e3o. Descubra os detalhes!","og:url":"https:\/\/www.encontrabelohorizonte.com.br\/sobre\/homem-atira-em-cachorro-na-porta-de-loja-em-bh-videos\/","article:published_time":"2026-07-07T11:49:41+00:00","article:modified_time":"2026-07-07T11:49:41+00:00","twitter:card":"summary","twitter:title":"Homem atira em cachorro na porta de loja em BH; V\u00cdDEOS | Encontra Belo Horizonte","twitter:description":"Homem atira em cachorro em BH e causa indigna\u00e7\u00e3o. Descubra os detalhes!"},"aioseo_meta_data":{"post_id":"4285","title":null,"description":null,"keywords":null,"keyphrases":null,"primary_term":null,"canonical_url":null,"og_title":null,"og_description":null,"og_object_type":"default","og_image_type":"default","og_image_url":null,"og_image_width":null,"og_image_height":null,"og_image_custom_url":null,"og_image_custom_fields":null,"og_video":null,"og_custom_url":null,"og_article_section":null,"og_article_tags":null,"twitter_use_og":false,"twitter_card":"default","twitter_image_type":"default","twitter_image_url":null,"twitter_image_custom_url":null,"twitter_image_custom_fields":null,"twitter_title":null,"twitter_description":null,"schema":{"blockGraphs":[],"customGraphs":[],"default":{"data":{"Article":[],"Course":[],"Dataset":[],"FAQPage":[],"Movie":[],"Person":[],"Product":[],"ProductReview":[],"Car":[],"Recipe":[],"Service":[],"SoftwareApplication":[],"WebPage":[]},"graphName":"Article","isEnabled":true},"graphs":[]},"schema_type":"default","schema_type_options":null,"pillar_content":false,"robots_default":true,"robots_noindex":false,"robots_noarchive":false,"robots_nosnippet":false,"robots_nofollow":false,"robots_noimageindex":false,"robots_noodp":false,"robots_notranslate":false,"robots_max_snippet":null,"robots_max_videopreview":null,"robots_max_imagepreview":"large","priority":null,"frequency":null,"local_seo":null,"breadcrumb_settings":null,"limit_modified_date":false,"ai":null,"created":"2026-07-07 11:49:43","updated":"2026-07-07 11:59:07","focus_keyword":null,"additional_keywords":null,"truseo_locale":null,"seo_analyzer_scan_date":null},"aioseo_breadcrumb":"<div class=\"aioseo-breadcrumbs\"><span class=\"aioseo-breadcrumb\">\n\t\t\t<a href=\"https:\/\/www.encontrabelohorizonte.com.br\/sobre\" title=\"In\u00edcio\">In\u00edcio<\/a>\n\t\t<\/span><span class=\"aioseo-breadcrumb-separator\">&raquo;<\/span><span class=\"aioseo-breadcrumb\">\n\t\t\t<a href=\"https:\/\/www.encontrabelohorizonte.com.br\/sobre\/noticias\/\" title=\"Not\u00edcias Belo Horizonte\">Not\u00edcias Belo Horizonte<\/a>\n\t\t<\/span><span class=\"aioseo-breadcrumb-separator\">&raquo;<\/span><span class=\"aioseo-breadcrumb\">\n\t\t\tHomem atira em cachorro na porta de loja em BH; V\u00cdDEOS\n\t\t<\/span><\/div>","aioseo_breadcrumb_json":[{"label":"In\u00edcio","link":"https:\/\/www.encontrabelohorizonte.com.br\/sobre"},{"label":"Not\u00edcias Belo Horizonte","link":"https:\/\/www.encontrabelohorizonte.com.br\/sobre\/noticias\/"},{"label":"Homem atira em cachorro na porta de loja em BH; V\u00cdDEOS","link":"https:\/\/www.encontrabelohorizonte.com.br\/sobre\/homem-atira-em-cachorro-na-porta-de-loja-em-bh-videos\/"}],"_links":{"self":[{"href":"https:\/\/www.encontrabelohorizonte.com.br\/sobre\/wp-json\/wp\/v2\/posts\/4285","targetHints":{"allow":["GET"]}}],"collection":[{"href":"https:\/\/www.encontrabelohorizonte.com.br\/sobre\/wp-json\/wp\/v2\/posts"}],"about":[{"href":"https:\/\/www.encontrabelohorizonte.com.br\/sobre\/wp-json\/wp\/v2\/types\/post"}],"author":[{"embeddable":true,"href":"https:\/\/www.encontrabelohorizonte.com.br\/sobre\/wp-json\/wp\/v2\/users\/1"}],"replies":[{"embeddable":true,"href":"https:\/\/www.encontrabelohorizonte.com.br\/sobre\/wp-json\/wp\/v2\/comments?post=4285"}],"version-history":[{"count":0,"href":"https:\/\/www.encontrabelohorizonte.com.br\/sobre\/wp-json\/wp\/v2\/posts\/4285\/revisions"}],"wp:featuredmedia":[{"embeddable":true,"href":"https:\/\/www.encontrabelohorizonte.com.br\/sobre\/wp-json\/wp\/v2\/media\/4284"}],"wp:attachment":[{"href":"https:\/\/www.encontrabelohorizonte.com.br\/sobre\/wp-json\/wp\/v2\/media?parent=4285"}],"wp:term":[{"taxonomy":"category","embeddable":true,"href":"https:\/\/www.encontrabelohorizonte.com.br\/sobre\/wp-json\/wp\/v2\/categories?post=4285"},{"taxonomy":"post_tag","embeddable":true,"href":"https:\/\/www.encontrabelohorizonte.com.br\/sobre\/wp-json\/wp\/v2\/tags?post=4285"}],"curies":[{"name":"wp","href":"https:\/\/api.w.org\/{rel}","templated":true}]}}