{"id":4289,"date":"2026-07-07T10:00:40","date_gmt":"2026-07-07T13:00:40","guid":{"rendered":"https:\/\/www.encontrabelohorizonte.com.br\/sobre\/agenda-funarte-mg-adaptacao-do-classico-norte\/"},"modified":"2026-07-07T10:00:40","modified_gmt":"2026-07-07T13:00:40","slug":"agenda-funarte-mg-adaptacao-do-classico-norte","status":"publish","type":"post","link":"https:\/\/www.encontrabelohorizonte.com.br\/sobre\/agenda-funarte-mg-adaptacao-do-classico-norte\/","title":{"rendered":"[Agenda Funarte MG] Adapta\u00e7\u00e3o do cl\u00e1ssico norte"},"content":{"rendered":"<div class=\"2e083cf0b19e2c11948dc6ac054ba979\" data-index=\"1\" style=\"float: none; margin:0px;\">\n<!-- Anuncio display - global -->\r\n<ins class=\"adsbygoogle\"\r\n     style=\"display:block\"\r\n     data-ad-client=\"ca-pub-8585364105181520\"\r\n     data-ad-slot=\"8789329856\"\r\n     data-ad-format=\"auto\"\r\n     data-full-width-responsive=\"true\"><\/ins>\r\n<script>\r\n     (adsbygoogle = window.adsbygoogle || []).push({});\r\n<\/script>\n<\/div>\n<h2>A Nova Montagem do Cl\u00e1ssico de Tennessee Williams<\/h2>\n<p>O renomado drama \u201cZool\u00f3gico de Vidro\u201d, de Tennessee Williams, escrito em 1944, \u00e9 uma obra ic\u00f4nica que aborda temas de fragilidade emocional e rela\u00e7\u00f5es familiares complexas. Esta nova adapta\u00e7\u00e3o que estreou em Belo Horizonte oferece uma perspectiva renovada e \u00fanica sobre a narrativa original. O espet\u00e1culo, que ocorrer\u00e1 entre os dias 18 e 21 de junho na Funarte MG, \u00e9 uma realiza\u00e7\u00e3o de estudantes do curso de Teatro da UFMG, colocando em evid\u00eancia a import\u00e2ncia da pesquisa e inova\u00e7\u00e3o na arte c\u00eanica.<\/p>\n<h2>Como a UFMG Influenciou a Adapta\u00e7\u00e3o<\/h2>\n<p>A Universidade Federal de Minas Gerais (UFMG) tem um hist\u00f3rico de excel\u00eancia em artes c\u00eanicas, e esta montagem do &#8220;Zool\u00f3gico de Vidro&#8221; \u00e9 fruto do Trabalho de Conclus\u00e3o de Curso da atriz Lucy Ribeiro, que tem se dedicado \u00e0 interse\u00e7\u00e3o do teatro e da m\u00fasica. A UFMG promove um ambiente que estimula a experimenta\u00e7\u00e3o e a reflex\u00e3o sobre a cultura brasileira, permitindo que os alunos desenvolvam uma adapta\u00e7\u00e3o que dialoga com a sociedade contempor\u00e2nea. Esta sinergia entre teoria e pr\u00e1tica \u00e9 uma caracter\u00edstica marcante da abordagem acad\u00eamica da universidade.<\/p>\n<h2>As Tem\u00e1ticas Presentes na Nova Vers\u00e3o<\/h2>\n<p>A nova adapta\u00e7\u00e3o n\u00e3o se limita a reproduzir a hist\u00f3ria original; ela \u00e9 transformada para refletir a realidade de uma fam\u00edlia brasileira da d\u00e9cada de 1940. Ao inserir elementos culturais e sociais do Brasil, o espet\u00e1culo toca em quest\u00f5es de pertencimento, mem\u00f3ria e os sil\u00eancios que permeiam as rela\u00e7\u00f5es familiares. As tens\u00f5es que surgem entre os personagens s\u00e3o exploradas de maneira sens\u00edvel, fazendo com que o p\u00fablico consiga se identificar com suas lutas e emo\u00e7\u00f5es.<\/p>\n<p><img decoding=\"async\" src=\"https:\/\/www.encontrabelohorizonte.com.br\/sobre\/wp-content\/uploads\/agenda-funarte-mg-adaptacao-do-classico-norte.webp\" alt=\"Zool\u00f3gico de Vidro\" loading=\"lazy\" \/><\/p>\n<h2>Diferenciais da Vers\u00e3o Musical Brasileira<\/h2>\n<p>Uma das inova\u00e7\u00f5es mais significativas nesta adapta\u00e7\u00e3o \u00e9 a incorpora\u00e7\u00e3o de elementos musicais, que trazem uma nova dimens\u00e3o \u00e0 narrativa. As can\u00e7\u00f5es, compostas e adaptadas especialmente para o espet\u00e1culo, sintonizam-se com ritmos da M\u00fasica Popular Brasileira (MPB), criando uma atmosfera emocional que real\u00e7a a intensidade da hist\u00f3ria. Esse formato musical enriquece a experi\u00eancia teatral e proporciona ao p\u00fablico uma viv\u00eancia mais imersiva.<\/p>\n<h2>Como Obter Ingressos para o Espet\u00e1culo<\/h2>\n<p>Os ingressos para as apresenta\u00e7\u00f5es podem ser adquiridos gratuitamente mediante reserva atrav\u00e9s da plataforma Sympla. Alternativamente, os espectadores tamb\u00e9m t\u00eam a op\u00e7\u00e3o de retirar os ingressos na bilheteira do teatro com uma hora de anteced\u00eancia em rela\u00e7\u00e3o ao in\u00edcio de cada sess\u00e3o. Essa estrat\u00e9gia garante que o acesso \u00e0 cultura seja democratizado e que mais pessoas possam apreciar esta significativa obra de arte.<\/p>\n<h2>Coment\u00e1rios Sobre a Trajet\u00f3ria da Atriz Principal<\/h2>\n<p>Lucy Ribeiro, a atriz respons\u00e1vel por liderar este projeto, possui um not\u00e1vel hist\u00f3rico no teatro musical brasileiro. Sua forma\u00e7\u00e3o e dedica\u00e7\u00e3o a essa forma de arte refletem-se na qualidade desta adapta\u00e7\u00e3o. A trajet\u00f3ria de Lucy inclui diversos projetos que exploram as nuances do teatro musical, contribuindo para que ela traz uma vis\u00e3o rica e aut\u00eantica \u00e0 narrativa de Williams. Sua experi\u00eancia e pesquisa na \u00e1rea s\u00e3o evidentes, tornando-a uma refer\u00eancia para a nova gera\u00e7\u00e3o de artistas.<\/p>\n<h2>O Impacto do Teatro Musical na Cultura Brasileira<\/h2>\n<p>O teatro musical tem desempenhado um papel crucial na cultura brasileira, ao integrar diversas formas de express\u00e3o art\u00edstica e refletir as nuances da sociedade. Esta adapta\u00e7\u00e3o de &#8220;Zool\u00f3gico de Vidro&#8221; \u00e9 um exemplo de como o teatro pode tocar em quest\u00f5es relevantes de forma sens\u00edvel e acess\u00edvel. O impacto do teatro musical se estende \u00e0 forma\u00e7\u00e3o de plateias e ao incentivo \u00e0 criatividade, al\u00e9m de oferecer uma plataforma para discuss\u00f5es importantes sobre as rela\u00e7\u00f5es humanas e a sociedade.<\/p>\n<h2>An\u00e1lise das M\u00fasicas Adaptadas para a Montagem<\/h2>\n<p>As m\u00fasicas inclu\u00eddas nesta montagem foram cuidadosamente escolhidas e adaptadas para incrementar o impacto emocional da narrativa. Inspiradas por diferentes g\u00eaneros da m\u00fasica brasileira, elas n\u00e3o apenas complementam a trama, mas tamb\u00e9m ajudam a expressar os sentimentos mais profundos dos personagens. A combina\u00e7\u00e3o de letras po\u00e9ticas e melodias cativantes cria momentos memor\u00e1veis, que prometem ressoar com o p\u00fablico mesmo ap\u00f3s o t\u00e9rmino do espet\u00e1culo.<\/p>\n<h2>Expectativas do P\u00fablico para as Sess\u00f5es<\/h2>\n<p>H\u00e1 grandes expectativas em rela\u00e7\u00e3o a este espet\u00e1culo, principalmente por parte do p\u00fablico que j\u00e1 aprecia a obra original de Tennessee Williams. A expectativa \u00e9 que esta adapta\u00e7\u00e3o traga uma nova luz a temas conhecidos, enquanto proporciona uma nova experi\u00eancia aos espectadores. A mistura de drama e m\u00fasica promete atrair tanto os amantes do teatro quanto aqueles que buscam novas experi\u00eancias culturais.<\/p>\n<h2>Os Detalhes da Produ\u00e7\u00e3o e Cria\u00e7\u00e3o do Espet\u00e1culo<\/h2>\n<p>A produ\u00e7\u00e3o deste espet\u00e1culo envolveu um meticuloso processo de cria\u00e7\u00e3o, onde cada elemento foi pensado para trazer autenticidade \u00e0 adapta\u00e7\u00e3o. Desde a defini\u00e7\u00e3o do cen\u00e1rio at\u00e9 o figurino, todos os aspectos refletem a est\u00e9tica da d\u00e9cada de 1940 no Brasil, permitindo que o p\u00fablico entre em um universo onde as situa\u00e7\u00f5es e os sentimentos da \u00e9poca se entrela\u00e7am. Essa aten\u00e7\u00e3o aos detalhes \u00e9 um testemunho do empenho da equipe envolvida na realiza\u00e7\u00e3o deste projeto.<\/p>\n\n<div style=\"font-size: 0px; height: 0px; line-height: 0px; margin: 0; padding: 0; clear: both;\"><\/div>","protected":false},"excerpt":{"rendered":"<p>Zool\u00f3gico de Vidro, adapta\u00e7\u00e3o emocionante, estreia gratuita em Belo Horizonte!<\/p>\n","protected":false},"author":1,"featured_media":4288,"comment_status":"closed","ping_status":"closed","sticky":false,"template":"","format":"standard","meta":{"footnotes":""},"categories":[37],"tags":[],"class_list":["post-4289","post","type-post","status-publish","format-standard","has-post-thumbnail","hentry","category-cultura","has_thumb"],"aioseo_notices":[],"aioseo_head":"\n\t\t<!-- All in One SEO 5.0.0.1 - aioseo.com -->\n\t<meta name=\"description\" content=\"Zool\u00f3gico de Vidro, adapta\u00e7\u00e3o emocionante, estreia gratuita em Belo Horizonte!\" \/>\n\t<meta name=\"robots\" content=\"max-image-preview:large\" \/>\n\t<meta name=\"author\" content=\"Encontra Belo Horizonte\"\/>\n\t<link rel=\"canonical\" href=\"https:\/\/www.encontrabelohorizonte.com.br\/sobre\/agenda-funarte-mg-adaptacao-do-classico-norte\/\" \/>\n\t<meta name=\"generator\" content=\"All in One SEO (AIOSEO) 5.0.0.1\" \/>\n\t\t<meta property=\"og:locale\" content=\"pt_BR\" \/>\n\t\t<meta property=\"og:site_name\" content=\"Encontra Belo Horizonte | Not\u00edcias, eventos, informa\u00e7\u00f5es e dicas da cidade de Belo Horizonte e regi\u00e3o\" \/>\n\t\t<meta property=\"og:type\" content=\"article\" \/>\n\t\t<meta property=\"og:title\" content=\"[Agenda Funarte MG] Adapta\u00e7\u00e3o do cl\u00e1ssico norte | Encontra Belo Horizonte\" \/>\n\t\t<meta property=\"og:description\" content=\"Zool\u00f3gico de Vidro, adapta\u00e7\u00e3o emocionante, estreia gratuita em Belo Horizonte!\" \/>\n\t\t<meta property=\"og:url\" content=\"https:\/\/www.encontrabelohorizonte.com.br\/sobre\/agenda-funarte-mg-adaptacao-do-classico-norte\/\" \/>\n\t\t<meta property=\"article:published_time\" content=\"2026-07-07T13:00:40+00:00\" \/>\n\t\t<meta property=\"article:modified_time\" content=\"2026-07-07T13:00:40+00:00\" \/>\n\t\t<meta name=\"twitter:card\" content=\"summary\" \/>\n\t\t<meta name=\"twitter:title\" content=\"[Agenda Funarte MG] Adapta\u00e7\u00e3o do cl\u00e1ssico norte | Encontra Belo Horizonte\" \/>\n\t\t<meta name=\"twitter:description\" content=\"Zool\u00f3gico de Vidro, adapta\u00e7\u00e3o emocionante, estreia gratuita em Belo Horizonte!\" \/>\n\t\t<script type=\"application\/ld+json\" class=\"aioseo-schema\">\n\t\t\t{\"@context\":\"https:\\\/\\\/schema.org\",\"@graph\":[{\"@type\":\"Article\",\"@id\":\"https:\\\/\\\/www.encontrabelohorizonte.com.br\\\/sobre\\\/agenda-funarte-mg-adaptacao-do-classico-norte\\\/#article\",\"name\":\"[Agenda Funarte MG] Adapta\\u00e7\\u00e3o do cl\\u00e1ssico norte | Encontra Belo Horizonte\",\"headline\":\"[Agenda Funarte MG] Adapta\\u00e7\\u00e3o do cl\\u00e1ssico norte\",\"author\":{\"@id\":\"https:\\\/\\\/www.encontrabelohorizonte.com.br\\\/sobre\\\/author\\\/ebelohorizonte\\\/#author\"},\"publisher\":{\"@id\":\"https:\\\/\\\/www.encontrabelohorizonte.com.br\\\/sobre\\\/#organization\"},\"image\":{\"@type\":\"ImageObject\",\"url\":\"https:\\\/\\\/www.encontrabelohorizonte.com.br\\\/sobre\\\/wp-content\\\/uploads\\\/agenda-funarte-mg-adaptacao-do-classico-norte.webp\",\"width\":280,\"height\":280,\"caption\":\"Zool\\u00f3gico de Vidro\"},\"datePublished\":\"2026-07-07T10:00:40-03:00\",\"dateModified\":\"2026-07-07T10:00:40-03:00\",\"inLanguage\":\"pt-BR\",\"mainEntityOfPage\":{\"@id\":\"https:\\\/\\\/www.encontrabelohorizonte.com.br\\\/sobre\\\/agenda-funarte-mg-adaptacao-do-classico-norte\\\/#webpage\"},\"isPartOf\":{\"@id\":\"https:\\\/\\\/www.encontrabelohorizonte.com.br\\\/sobre\\\/agenda-funarte-mg-adaptacao-do-classico-norte\\\/#webpage\"},\"articleSection\":\"Cultura Belo Horizonte\"},{\"@type\":\"BreadcrumbList\",\"@id\":\"https:\\\/\\\/www.encontrabelohorizonte.com.br\\\/sobre\\\/agenda-funarte-mg-adaptacao-do-classico-norte\\\/#breadcrumblist\",\"itemListElement\":[{\"@type\":\"ListItem\",\"@id\":\"https:\\\/\\\/www.encontrabelohorizonte.com.br\\\/sobre#listItem\",\"position\":1,\"name\":\"In\\u00edcio\",\"item\":\"https:\\\/\\\/www.encontrabelohorizonte.com.br\\\/sobre\",\"nextItem\":{\"@type\":\"ListItem\",\"@id\":\"https:\\\/\\\/www.encontrabelohorizonte.com.br\\\/sobre\\\/cultura\\\/#listItem\",\"name\":\"Cultura Belo Horizonte\"}},{\"@type\":\"ListItem\",\"@id\":\"https:\\\/\\\/www.encontrabelohorizonte.com.br\\\/sobre\\\/cultura\\\/#listItem\",\"position\":2,\"name\":\"Cultura Belo Horizonte\",\"item\":\"https:\\\/\\\/www.encontrabelohorizonte.com.br\\\/sobre\\\/cultura\\\/\",\"nextItem\":{\"@type\":\"ListItem\",\"@id\":\"https:\\\/\\\/www.encontrabelohorizonte.com.br\\\/sobre\\\/agenda-funarte-mg-adaptacao-do-classico-norte\\\/#listItem\",\"name\":\"[Agenda Funarte MG] Adapta\\u00e7\\u00e3o do cl\\u00e1ssico norte\"},\"previousItem\":{\"@type\":\"ListItem\",\"@id\":\"https:\\\/\\\/www.encontrabelohorizonte.com.br\\\/sobre#listItem\",\"name\":\"In\\u00edcio\"}},{\"@type\":\"ListItem\",\"@id\":\"https:\\\/\\\/www.encontrabelohorizonte.com.br\\\/sobre\\\/agenda-funarte-mg-adaptacao-do-classico-norte\\\/#listItem\",\"position\":3,\"name\":\"[Agenda Funarte MG] Adapta\\u00e7\\u00e3o do cl\\u00e1ssico norte\",\"previousItem\":{\"@type\":\"ListItem\",\"@id\":\"https:\\\/\\\/www.encontrabelohorizonte.com.br\\\/sobre\\\/cultura\\\/#listItem\",\"name\":\"Cultura Belo Horizonte\"}}]},{\"@type\":\"Organization\",\"@id\":\"https:\\\/\\\/www.encontrabelohorizonte.com.br\\\/sobre\\\/#organization\",\"name\":\"Encontra Belo Horizonte\",\"description\":\"Not\\u00edcias, eventos, informa\\u00e7\\u00f5es e dicas da cidade de Belo Horizonte e regi\\u00e3o\",\"url\":\"https:\\\/\\\/www.encontrabelohorizonte.com.br\\\/sobre\\\/\"},{\"@type\":\"Person\",\"@id\":\"https:\\\/\\\/www.encontrabelohorizonte.com.br\\\/sobre\\\/author\\\/ebelohorizonte\\\/#author\",\"url\":\"https:\\\/\\\/www.encontrabelohorizonte.com.br\\\/sobre\\\/author\\\/ebelohorizonte\\\/\",\"name\":\"Encontra Belo Horizonte\",\"image\":{\"@type\":\"ImageObject\",\"@id\":\"https:\\\/\\\/www.encontrabelohorizonte.com.br\\\/sobre\\\/agenda-funarte-mg-adaptacao-do-classico-norte\\\/#authorImage\",\"url\":\"https:\\\/\\\/secure.gravatar.com\\\/avatar\\\/507340682b8270222e1f208e23198b6ae7e2c6a1033ae84e99bc6bce4f82a387?s=96&d=mm&r=g\",\"width\":96,\"height\":96,\"caption\":\"Encontra Belo Horizonte\"}},{\"@type\":\"WebPage\",\"@id\":\"https:\\\/\\\/www.encontrabelohorizonte.com.br\\\/sobre\\\/agenda-funarte-mg-adaptacao-do-classico-norte\\\/#webpage\",\"url\":\"https:\\\/\\\/www.encontrabelohorizonte.com.br\\\/sobre\\\/agenda-funarte-mg-adaptacao-do-classico-norte\\\/\",\"name\":\"[Agenda Funarte MG] Adapta\\u00e7\\u00e3o do cl\\u00e1ssico norte | Encontra Belo Horizonte\",\"description\":\"Zool\\u00f3gico de Vidro, adapta\\u00e7\\u00e3o emocionante, estreia gratuita em Belo Horizonte!\",\"inLanguage\":\"pt-BR\",\"isPartOf\":{\"@id\":\"https:\\\/\\\/www.encontrabelohorizonte.com.br\\\/sobre\\\/#website\"},\"breadcrumb\":{\"@id\":\"https:\\\/\\\/www.encontrabelohorizonte.com.br\\\/sobre\\\/agenda-funarte-mg-adaptacao-do-classico-norte\\\/#breadcrumblist\"},\"author\":{\"@id\":\"https:\\\/\\\/www.encontrabelohorizonte.com.br\\\/sobre\\\/author\\\/ebelohorizonte\\\/#author\"},\"creator\":{\"@id\":\"https:\\\/\\\/www.encontrabelohorizonte.com.br\\\/sobre\\\/author\\\/ebelohorizonte\\\/#author\"},\"image\":{\"@type\":\"ImageObject\",\"url\":\"https:\\\/\\\/www.encontrabelohorizonte.com.br\\\/sobre\\\/wp-content\\\/uploads\\\/agenda-funarte-mg-adaptacao-do-classico-norte.webp\",\"@id\":\"https:\\\/\\\/www.encontrabelohorizonte.com.br\\\/sobre\\\/agenda-funarte-mg-adaptacao-do-classico-norte\\\/#mainImage\",\"width\":280,\"height\":280,\"caption\":\"Zool\\u00f3gico de Vidro\"},\"primaryImageOfPage\":{\"@id\":\"https:\\\/\\\/www.encontrabelohorizonte.com.br\\\/sobre\\\/agenda-funarte-mg-adaptacao-do-classico-norte\\\/#mainImage\"},\"datePublished\":\"2026-07-07T10:00:40-03:00\",\"dateModified\":\"2026-07-07T10:00:40-03:00\"},{\"@type\":\"WebSite\",\"@id\":\"https:\\\/\\\/www.encontrabelohorizonte.com.br\\\/sobre\\\/#website\",\"url\":\"https:\\\/\\\/www.encontrabelohorizonte.com.br\\\/sobre\\\/\",\"name\":\"Encontra Belo Horizonte\",\"description\":\"Not\\u00edcias, eventos, informa\\u00e7\\u00f5es e dicas da cidade de Belo Horizonte e regi\\u00e3o\",\"inLanguage\":\"pt-BR\",\"publisher\":{\"@id\":\"https:\\\/\\\/www.encontrabelohorizonte.com.br\\\/sobre\\\/#organization\"}}]}\n\t\t<\/script>\n\t\t<!-- All in One SEO -->\n\n","aioseo_head_json":{"title":"[Agenda Funarte MG] Adapta\u00e7\u00e3o do cl\u00e1ssico norte | Encontra Belo Horizonte","description":"Zool\u00f3gico de Vidro, adapta\u00e7\u00e3o emocionante, estreia gratuita em Belo Horizonte!","canonical_url":"https:\/\/www.encontrabelohorizonte.com.br\/sobre\/agenda-funarte-mg-adaptacao-do-classico-norte\/","robots":"max-image-preview:large","keywords":"","webmasterTools":{"miscellaneous":""},"schema":{"@context":"https:\/\/schema.org","@graph":[{"@type":"Article","@id":"https:\/\/www.encontrabelohorizonte.com.br\/sobre\/agenda-funarte-mg-adaptacao-do-classico-norte\/#article","name":"[Agenda Funarte MG] Adapta\u00e7\u00e3o do cl\u00e1ssico norte | Encontra Belo Horizonte","headline":"[Agenda Funarte MG] Adapta\u00e7\u00e3o do cl\u00e1ssico norte","author":{"@id":"https:\/\/www.encontrabelohorizonte.com.br\/sobre\/author\/ebelohorizonte\/#author"},"publisher":{"@id":"https:\/\/www.encontrabelohorizonte.com.br\/sobre\/#organization"},"image":{"@type":"ImageObject","url":"https:\/\/www.encontrabelohorizonte.com.br\/sobre\/wp-content\/uploads\/agenda-funarte-mg-adaptacao-do-classico-norte.webp","width":280,"height":280,"caption":"Zool\u00f3gico de Vidro"},"datePublished":"2026-07-07T10:00:40-03:00","dateModified":"2026-07-07T10:00:40-03:00","inLanguage":"pt-BR","mainEntityOfPage":{"@id":"https:\/\/www.encontrabelohorizonte.com.br\/sobre\/agenda-funarte-mg-adaptacao-do-classico-norte\/#webpage"},"isPartOf":{"@id":"https:\/\/www.encontrabelohorizonte.com.br\/sobre\/agenda-funarte-mg-adaptacao-do-classico-norte\/#webpage"},"articleSection":"Cultura Belo Horizonte"},{"@type":"BreadcrumbList","@id":"https:\/\/www.encontrabelohorizonte.com.br\/sobre\/agenda-funarte-mg-adaptacao-do-classico-norte\/#breadcrumblist","itemListElement":[{"@type":"ListItem","@id":"https:\/\/www.encontrabelohorizonte.com.br\/sobre#listItem","position":1,"name":"In\u00edcio","item":"https:\/\/www.encontrabelohorizonte.com.br\/sobre","nextItem":{"@type":"ListItem","@id":"https:\/\/www.encontrabelohorizonte.com.br\/sobre\/cultura\/#listItem","name":"Cultura Belo Horizonte"}},{"@type":"ListItem","@id":"https:\/\/www.encontrabelohorizonte.com.br\/sobre\/cultura\/#listItem","position":2,"name":"Cultura Belo Horizonte","item":"https:\/\/www.encontrabelohorizonte.com.br\/sobre\/cultura\/","nextItem":{"@type":"ListItem","@id":"https:\/\/www.encontrabelohorizonte.com.br\/sobre\/agenda-funarte-mg-adaptacao-do-classico-norte\/#listItem","name":"[Agenda Funarte MG] Adapta\u00e7\u00e3o do cl\u00e1ssico norte"},"previousItem":{"@type":"ListItem","@id":"https:\/\/www.encontrabelohorizonte.com.br\/sobre#listItem","name":"In\u00edcio"}},{"@type":"ListItem","@id":"https:\/\/www.encontrabelohorizonte.com.br\/sobre\/agenda-funarte-mg-adaptacao-do-classico-norte\/#listItem","position":3,"name":"[Agenda Funarte MG] Adapta\u00e7\u00e3o do cl\u00e1ssico norte","previousItem":{"@type":"ListItem","@id":"https:\/\/www.encontrabelohorizonte.com.br\/sobre\/cultura\/#listItem","name":"Cultura Belo Horizonte"}}]},{"@type":"Organization","@id":"https:\/\/www.encontrabelohorizonte.com.br\/sobre\/#organization","name":"Encontra Belo Horizonte","description":"Not\u00edcias, eventos, informa\u00e7\u00f5es e dicas da cidade de Belo Horizonte e regi\u00e3o","url":"https:\/\/www.encontrabelohorizonte.com.br\/sobre\/"},{"@type":"Person","@id":"https:\/\/www.encontrabelohorizonte.com.br\/sobre\/author\/ebelohorizonte\/#author","url":"https:\/\/www.encontrabelohorizonte.com.br\/sobre\/author\/ebelohorizonte\/","name":"Encontra Belo Horizonte","image":{"@type":"ImageObject","@id":"https:\/\/www.encontrabelohorizonte.com.br\/sobre\/agenda-funarte-mg-adaptacao-do-classico-norte\/#authorImage","url":"https:\/\/secure.gravatar.com\/avatar\/507340682b8270222e1f208e23198b6ae7e2c6a1033ae84e99bc6bce4f82a387?s=96&d=mm&r=g","width":96,"height":96,"caption":"Encontra Belo Horizonte"}},{"@type":"WebPage","@id":"https:\/\/www.encontrabelohorizonte.com.br\/sobre\/agenda-funarte-mg-adaptacao-do-classico-norte\/#webpage","url":"https:\/\/www.encontrabelohorizonte.com.br\/sobre\/agenda-funarte-mg-adaptacao-do-classico-norte\/","name":"[Agenda Funarte MG] Adapta\u00e7\u00e3o do cl\u00e1ssico norte | Encontra Belo Horizonte","description":"Zool\u00f3gico de Vidro, adapta\u00e7\u00e3o emocionante, estreia gratuita em Belo Horizonte!","inLanguage":"pt-BR","isPartOf":{"@id":"https:\/\/www.encontrabelohorizonte.com.br\/sobre\/#website"},"breadcrumb":{"@id":"https:\/\/www.encontrabelohorizonte.com.br\/sobre\/agenda-funarte-mg-adaptacao-do-classico-norte\/#breadcrumblist"},"author":{"@id":"https:\/\/www.encontrabelohorizonte.com.br\/sobre\/author\/ebelohorizonte\/#author"},"creator":{"@id":"https:\/\/www.encontrabelohorizonte.com.br\/sobre\/author\/ebelohorizonte\/#author"},"image":{"@type":"ImageObject","url":"https:\/\/www.encontrabelohorizonte.com.br\/sobre\/wp-content\/uploads\/agenda-funarte-mg-adaptacao-do-classico-norte.webp","@id":"https:\/\/www.encontrabelohorizonte.com.br\/sobre\/agenda-funarte-mg-adaptacao-do-classico-norte\/#mainImage","width":280,"height":280,"caption":"Zool\u00f3gico de Vidro"},"primaryImageOfPage":{"@id":"https:\/\/www.encontrabelohorizonte.com.br\/sobre\/agenda-funarte-mg-adaptacao-do-classico-norte\/#mainImage"},"datePublished":"2026-07-07T10:00:40-03:00","dateModified":"2026-07-07T10:00:40-03:00"},{"@type":"WebSite","@id":"https:\/\/www.encontrabelohorizonte.com.br\/sobre\/#website","url":"https:\/\/www.encontrabelohorizonte.com.br\/sobre\/","name":"Encontra Belo Horizonte","description":"Not\u00edcias, eventos, informa\u00e7\u00f5es e dicas da cidade de Belo Horizonte e regi\u00e3o","inLanguage":"pt-BR","publisher":{"@id":"https:\/\/www.encontrabelohorizonte.com.br\/sobre\/#organization"}}]},"og:locale":"pt_BR","og:site_name":"Encontra Belo Horizonte | Not\u00edcias, eventos, informa\u00e7\u00f5es e dicas da cidade de Belo Horizonte e regi\u00e3o","og:type":"article","og:title":"[Agenda Funarte MG] Adapta\u00e7\u00e3o do cl\u00e1ssico norte | Encontra Belo Horizonte","og:description":"Zool\u00f3gico de Vidro, adapta\u00e7\u00e3o emocionante, estreia gratuita em Belo Horizonte!","og:url":"https:\/\/www.encontrabelohorizonte.com.br\/sobre\/agenda-funarte-mg-adaptacao-do-classico-norte\/","article:published_time":"2026-07-07T13:00:40+00:00","article:modified_time":"2026-07-07T13:00:40+00:00","twitter:card":"summary","twitter:title":"[Agenda Funarte MG] Adapta\u00e7\u00e3o do cl\u00e1ssico norte | Encontra Belo Horizonte","twitter:description":"Zool\u00f3gico de Vidro, adapta\u00e7\u00e3o emocionante, estreia gratuita em Belo Horizonte!"},"aioseo_meta_data":{"post_id":"4289","title":null,"description":null,"keywords":null,"keyphrases":null,"primary_term":null,"canonical_url":null,"og_title":null,"og_description":null,"og_object_type":"default","og_image_type":"default","og_image_url":null,"og_image_width":null,"og_image_height":null,"og_image_custom_url":null,"og_image_custom_fields":null,"og_video":null,"og_custom_url":null,"og_article_section":null,"og_article_tags":null,"twitter_use_og":false,"twitter_card":"default","twitter_image_type":"default","twitter_image_url":null,"twitter_image_custom_url":null,"twitter_image_custom_fields":null,"twitter_title":null,"twitter_description":null,"schema":{"blockGraphs":[],"customGraphs":[],"default":{"data":{"Article":[],"Course":[],"Dataset":[],"FAQPage":[],"Movie":[],"Person":[],"Product":[],"ProductReview":[],"Car":[],"Recipe":[],"Service":[],"SoftwareApplication":[],"WebPage":[]},"graphName":"Article","isEnabled":true},"graphs":[]},"schema_type":"default","schema_type_options":null,"pillar_content":false,"robots_default":true,"robots_noindex":false,"robots_noarchive":false,"robots_nosnippet":false,"robots_nofollow":false,"robots_noimageindex":false,"robots_noodp":false,"robots_notranslate":false,"robots_max_snippet":null,"robots_max_videopreview":null,"robots_max_imagepreview":"large","priority":null,"frequency":null,"local_seo":null,"breadcrumb_settings":null,"limit_modified_date":false,"ai":null,"created":"2026-07-07 13:00:46","updated":"2026-07-07 13:01:01","focus_keyword":null,"additional_keywords":null,"truseo_locale":null,"seo_analyzer_scan_date":null},"aioseo_breadcrumb":"<div class=\"aioseo-breadcrumbs\"><span class=\"aioseo-breadcrumb\">\n\t\t\t<a href=\"https:\/\/www.encontrabelohorizonte.com.br\/sobre\" title=\"In\u00edcio\">In\u00edcio<\/a>\n\t\t<\/span><span class=\"aioseo-breadcrumb-separator\">&raquo;<\/span><span class=\"aioseo-breadcrumb\">\n\t\t\t<a href=\"https:\/\/www.encontrabelohorizonte.com.br\/sobre\/cultura\/\" title=\"Cultura Belo Horizonte\">Cultura Belo Horizonte<\/a>\n\t\t<\/span><span class=\"aioseo-breadcrumb-separator\">&raquo;<\/span><span class=\"aioseo-breadcrumb\">\n\t\t\t[Agenda Funarte MG] Adapta\u00e7\u00e3o do cl\u00e1ssico norte\n\t\t<\/span><\/div>","aioseo_breadcrumb_json":[{"label":"In\u00edcio","link":"https:\/\/www.encontrabelohorizonte.com.br\/sobre"},{"label":"Cultura Belo Horizonte","link":"https:\/\/www.encontrabelohorizonte.com.br\/sobre\/cultura\/"},{"label":"[Agenda Funarte MG] Adapta\u00e7\u00e3o do cl\u00e1ssico norte","link":"https:\/\/www.encontrabelohorizonte.com.br\/sobre\/agenda-funarte-mg-adaptacao-do-classico-norte\/"}],"_links":{"self":[{"href":"https:\/\/www.encontrabelohorizonte.com.br\/sobre\/wp-json\/wp\/v2\/posts\/4289","targetHints":{"allow":["GET"]}}],"collection":[{"href":"https:\/\/www.encontrabelohorizonte.com.br\/sobre\/wp-json\/wp\/v2\/posts"}],"about":[{"href":"https:\/\/www.encontrabelohorizonte.com.br\/sobre\/wp-json\/wp\/v2\/types\/post"}],"author":[{"embeddable":true,"href":"https:\/\/www.encontrabelohorizonte.com.br\/sobre\/wp-json\/wp\/v2\/users\/1"}],"replies":[{"embeddable":true,"href":"https:\/\/www.encontrabelohorizonte.com.br\/sobre\/wp-json\/wp\/v2\/comments?post=4289"}],"version-history":[{"count":0,"href":"https:\/\/www.encontrabelohorizonte.com.br\/sobre\/wp-json\/wp\/v2\/posts\/4289\/revisions"}],"wp:featuredmedia":[{"embeddable":true,"href":"https:\/\/www.encontrabelohorizonte.com.br\/sobre\/wp-json\/wp\/v2\/media\/4288"}],"wp:attachment":[{"href":"https:\/\/www.encontrabelohorizonte.com.br\/sobre\/wp-json\/wp\/v2\/media?parent=4289"}],"wp:term":[{"taxonomy":"category","embeddable":true,"href":"https:\/\/www.encontrabelohorizonte.com.br\/sobre\/wp-json\/wp\/v2\/categories?post=4289"},{"taxonomy":"post_tag","embeddable":true,"href":"https:\/\/www.encontrabelohorizonte.com.br\/sobre\/wp-json\/wp\/v2\/tags?post=4289"}],"curies":[{"name":"wp","href":"https:\/\/api.w.org\/{rel}","templated":true}]}}