{"id":4291,"date":"2026-07-07T10:01:48","date_gmt":"2026-07-07T13:01:48","guid":{"rendered":"https:\/\/www.encontrabelohorizonte.com.br\/sobre\/a-camara-municipal-de-belo-horizonte-cmbh-aprovou-em-segundo-turno-na-segunda\/"},"modified":"2026-07-07T10:01:48","modified_gmt":"2026-07-07T13:01:48","slug":"a-camara-municipal-de-belo-horizonte-cmbh-aprovou-em-segundo-turno-na-segunda","status":"publish","type":"post","link":"https:\/\/www.encontrabelohorizonte.com.br\/sobre\/a-camara-municipal-de-belo-horizonte-cmbh-aprovou-em-segundo-turno-na-segunda\/","title":{"rendered":"A C\u00e2mara Municipal de Belo Horizonte (CMBH) aprovou em segundo turno, na segunda"},"content":{"rendered":"<div class=\"2e083cf0b19e2c11948dc6ac054ba979\" data-index=\"1\" style=\"float: none; margin:0px;\">\n<!-- Anuncio display - global -->\r\n<ins class=\"adsbygoogle\"\r\n     style=\"display:block\"\r\n     data-ad-client=\"ca-pub-8585364105181520\"\r\n     data-ad-slot=\"8789329856\"\r\n     data-ad-format=\"auto\"\r\n     data-full-width-responsive=\"true\"><\/ins>\r\n<script>\r\n     (adsbygoogle = window.adsbygoogle || []).push({});\r\n<\/script>\n<\/div>\n<h2>O que \u00e9 o Programa Municipal de Navega\u00e7\u00e3o de Pacientes?<\/h2>\n<p>O <strong>Programa Municipal de Navega\u00e7\u00e3o de Pacientes<\/strong> foi recentemente institu\u00eddo por meio da aprova\u00e7\u00e3o do Projeto de Lei 602\/2025 pela C\u00e2mara Municipal de Belo Horizonte. O foco principal desse programa \u00e9 oferecer suporte abrangente a indiv\u00edduos diagnosticados com c\u00e2ncer, facilitando o acesso ao diagn\u00f3stico e tratamento adequados da doen\u00e7a. A iniciativa se destaca por promover um acompanhamento personalizando, que se mostra vital para garantir que os pacientes sejam assistidos em todas as fases de suas jornadas de tratamento.<\/p>\n<h2>Como a Legisla\u00e7\u00e3o Foi Aprovada?<\/h2>\n<p>Em um processo legislativo que culminou em um segundo turno, o projeto obteve uma maioria significativa, com 38 votos a favor. Essa valida\u00e7\u00e3o ressalta o apoio da C\u00e2mara Municipal \u00e0 causa e demonstra o reconhecimento da import\u00e2ncia da sa\u00fade p\u00fablica no contexto da oncologia. Ap\u00f3s essa fase de aprova\u00e7\u00e3o, o pr\u00f3ximo passo ser\u00e1 a san\u00e7\u00e3o ou eventual veto por parte do Poder Executivo, o que definir\u00e1 a oficializa\u00e7\u00e3o do programa.<\/p>\n<h2>Quem S\u00e3o os Respons\u00e1veis Pelo Projeto?<\/h2>\n<p>A autoria da proposta \u00e9 do vereador <strong>Helton Junior<\/strong>, integrante do partido PSD. Helton Junior tem se mostrado atuante em quest\u00f5es de sa\u00fade, e sua iniciativa busca criar uma pol\u00edtica permanente que atende a uma necessidade cr\u00edtica da popula\u00e7\u00e3o. O vereador enfatiza em suas declara\u00e7\u00f5es a import\u00e2ncia de melhorar a qualidade de vida dos pacientes com neoplasias malignas atrav\u00e9s de uma abordagem mais humana e integrada ao tratamento do c\u00e2ncer.<\/p>\n<p><img decoding=\"async\" src=\"https:\/\/www.encontrabelohorizonte.com.br\/sobre\/wp-content\/uploads\/a-camara-municipal-de-belo-horizonte-cmbh-aprovou-em-segundo-turno-na-segunda.webp\" alt=\"Programa Municipal de Navega\u00e7\u00e3o de Pacientes\" loading=\"lazy\" \/><\/p>\n<h2>Objetivos do Programa para Pacientes com C\u00e2ncer<\/h2>\n<p>O programa tem v\u00e1rios objetivos significativos, entre os quais se destacam:<\/p>\n<ul>\n<li><strong>Orienta\u00e7\u00e3o e Informa\u00e7\u00e3o:<\/strong> Oferecer informa\u00e7\u00f5es educativas sobre c\u00e2ncer e seu tratamento.<\/li>\n<li><strong>Coordena\u00e7\u00e3o de Cuidados:<\/strong> Facilitar a integra\u00e7\u00e3o entre os diferentes profissionais de sa\u00fade envolvidos no tratamento do paciente.<\/li>\n<li><strong>Relacionamento com a Equipe de Sa\u00fade:<\/strong> Fomentar uma comunica\u00e7\u00e3o eficaz entre pacientes e profissionais de sa\u00fade, promovendo um ambiente de confian\u00e7a.<\/li>\n<li><strong>Redu\u00e7\u00e3o do Abandono do Tratamento:<\/strong> Implementar estrat\u00e9gias que diminuam a taxa de abandono e melhorem a ades\u00e3o ao tratamento proposto.<\/li>\n<\/ul>\n<h2>A Navega\u00e7\u00e3o de Pacientes e seu Funcionamento<\/h2>\n<p>O conceito de <strong>navega\u00e7\u00e3o de pacientes<\/strong> refere-se ao suporte individualizado oferecido por profissionais da sa\u00fade para guiar os pacientes atrav\u00e9s das etapas do tratamento oncol\u00f3gico. Este acompanhamento ocorre desde a confirma\u00e7\u00e3o do diagn\u00f3stico at\u00e9 o t\u00e9rmino do tratamento, e tem como finalidade garantir que cada paciente compreenda seu plano de cuidados. Os navegadores de pacientes, geralmente enfermeiros ou assistentes sociais, atuam como intermedi\u00e1rios, ajudando a resolver problemas log\u00edsticos e oferecendo suporte emocional.<\/p>\n<h2>Import\u00e2ncia do Acompanhamento Individualizado<\/h2>\n<p>A import\u00e2ncia do acompanhamento individualizado n\u00e3o pode ser subestimada. O c\u00e2ncer \u00e9 uma doen\u00e7a complexa e seus tratamentos podem ser desafiadores. Ter um profissional dedicado que compreenda a situa\u00e7\u00e3o e as particularidades de cada paciente pode ser decisivo para garantir a ades\u00e3o ao tratamento e o bem-estar geral. Estudos demonstram que pacientes que recebem apoio cont\u00ednuo t\u00eam maiores taxas de sucesso em seus tratamentos.<\/p>\n<h2>A\u00e7\u00f5es de Conscientiza\u00e7\u00e3o e Preven\u00e7\u00e3o no Tratamento<\/h2>\n<p>O programa tamb\u00e9m prev\u00ea uma s\u00e9rie de a\u00e7\u00f5es voltadas \u00e0 conscientiza\u00e7\u00e3o e preven\u00e7\u00e3o do c\u00e2ncer. Isso inclui campanhas educativas que abordam fatores de risco, preven\u00e7\u00e3o e a import\u00e2ncia de exames regulares. Al\u00e9m disso, o programa buscar\u00e1 promover iniciativas que incentivem a detec\u00e7\u00e3o precoce, um fator crucial para o sucesso do tratamento oncol\u00f3gico.<\/p>\n<h2>Benef\u00edcios para Profissionais da Sa\u00fade<\/h2>\n<p>Os benef\u00edcios do programa n\u00e3o se limitam apenas aos pacientes. Profissionais da sa\u00fade tamb\u00e9m se beneficiam da estrutura de apoio que \u00e9 criada. O programa incentivar\u00e1 a <strong>capacita\u00e7\u00e3o profissional<\/strong> nas \u00e1reas de sa\u00fade, assist\u00eancia social e educa\u00e7\u00e3o. Ao proporcionar treinamentos e workshops, os profissionais poder\u00e3o aprimorar seus conhecimentos sobre o tratamento do c\u00e2ncer e a melhor forma de aux\u00edlio a pacientes, refletindo assim na qualidade do atendimento.<\/p>\n<h2>O Papel da Fam\u00edlia e Cuidadores<\/h2>\n<p>A participa\u00e7\u00e3o da fam\u00edlia e dos cuidadores \u00e9 essencial na trajet\u00f3ria de tratamento de um paciente com c\u00e2ncer. O programa busca n\u00e3o apenas apoiar o paciente, mas tamb\u00e9m oferecer orienta\u00e7\u00f5es e suporte aos familiares, ajudando a entender o que \u00e9 o c\u00e2ncer, como cuidar do paciente e lidar com as emo\u00e7\u00f5es que acompanham essa jornada. A cria\u00e7\u00e3o de grupos de apoio pode ser uma das estrat\u00e9gias adotadas para proporcionar esse suporte.<\/p>\n<h2>Futuro da Sa\u00fade P\u00fablica em Belo Horizonte<\/h2>\n<p>Com a implementa\u00e7\u00e3o iniciativa, espera-se que o <strong>Programa Municipal de Navega\u00e7\u00e3o de Pacientes<\/strong> possa servir como um modelo para outras regi\u00f5es e, assim, transformar a abordagem do tratamento do c\u00e2ncer na sa\u00fade p\u00fablica de Belo Horizonte. O sucesso do programa poder\u00e1 impulsionar pol\u00edticas similares em outras \u00e1reas da sa\u00fade e estabelecer uma rede de suporte mais robusta para os pacientes e suas fam\u00edlias. O futuro da sa\u00fade p\u00fablica deve ser pautado por a\u00e7\u00f5es efetivas que priorizem a assist\u00eancia e o acolhimento, assegurando que todos tenham acesso a um tratamento digno e eficaz.<\/p>\n\n<div style=\"font-size: 0px; height: 0px; line-height: 0px; margin: 0; padding: 0; clear: both;\"><\/div>","protected":false},"excerpt":{"rendered":"<p>Programa Municipal de Navega\u00e7\u00e3o de Pacientes facilita o tratamento de c\u00e2ncer na cidade.<\/p>\n","protected":false},"author":1,"featured_media":4290,"comment_status":"closed","ping_status":"closed","sticky":false,"template":"","format":"standard","meta":{"footnotes":""},"categories":[6],"tags":[],"class_list":["post-4291","post","type-post","status-publish","format-standard","has-post-thumbnail","hentry","category-noticias","has_thumb"],"aioseo_notices":[],"aioseo_head":"\n\t\t<!-- All in One SEO 5.0.0.1 - aioseo.com -->\n\t<meta name=\"description\" content=\"Programa Municipal de Navega\u00e7\u00e3o de Pacientes facilita o tratamento de c\u00e2ncer na cidade.\" \/>\n\t<meta name=\"robots\" content=\"max-image-preview:large\" \/>\n\t<meta name=\"author\" content=\"Encontra Belo Horizonte\"\/>\n\t<link rel=\"canonical\" href=\"https:\/\/www.encontrabelohorizonte.com.br\/sobre\/a-camara-municipal-de-belo-horizonte-cmbh-aprovou-em-segundo-turno-na-segunda\/\" \/>\n\t<meta name=\"generator\" content=\"All in One SEO (AIOSEO) 5.0.0.1\" \/>\n\t\t<meta property=\"og:locale\" content=\"pt_BR\" \/>\n\t\t<meta property=\"og:site_name\" content=\"Encontra Belo Horizonte | Not\u00edcias, eventos, informa\u00e7\u00f5es e dicas da cidade de Belo Horizonte e regi\u00e3o\" \/>\n\t\t<meta property=\"og:type\" content=\"article\" \/>\n\t\t<meta property=\"og:title\" content=\"A C\u00e2mara Municipal de Belo Horizonte (CMBH) aprovou em segundo turno, na segunda | Encontra Belo Horizonte\" \/>\n\t\t<meta property=\"og:description\" content=\"Programa Municipal de Navega\u00e7\u00e3o de Pacientes facilita o tratamento de c\u00e2ncer na cidade.\" \/>\n\t\t<meta property=\"og:url\" content=\"https:\/\/www.encontrabelohorizonte.com.br\/sobre\/a-camara-municipal-de-belo-horizonte-cmbh-aprovou-em-segundo-turno-na-segunda\/\" \/>\n\t\t<meta property=\"article:published_time\" content=\"2026-07-07T13:01:48+00:00\" \/>\n\t\t<meta property=\"article:modified_time\" content=\"2026-07-07T13:01:48+00:00\" \/>\n\t\t<meta name=\"twitter:card\" content=\"summary\" \/>\n\t\t<meta name=\"twitter:title\" content=\"A C\u00e2mara Municipal de Belo Horizonte (CMBH) aprovou em segundo turno, na segunda | Encontra Belo Horizonte\" \/>\n\t\t<meta name=\"twitter:description\" content=\"Programa Municipal de Navega\u00e7\u00e3o de Pacientes facilita o tratamento de c\u00e2ncer na cidade.\" \/>\n\t\t<script type=\"application\/ld+json\" class=\"aioseo-schema\">\n\t\t\t{\"@context\":\"https:\\\/\\\/schema.org\",\"@graph\":[{\"@type\":\"Article\",\"@id\":\"https:\\\/\\\/www.encontrabelohorizonte.com.br\\\/sobre\\\/a-camara-municipal-de-belo-horizonte-cmbh-aprovou-em-segundo-turno-na-segunda\\\/#article\",\"name\":\"A C\\u00e2mara Municipal de Belo Horizonte (CMBH) aprovou em segundo turno, na segunda | Encontra Belo Horizonte\",\"headline\":\"A C\\u00e2mara Municipal de Belo Horizonte (CMBH) aprovou em segundo turno, na segunda\",\"author\":{\"@id\":\"https:\\\/\\\/www.encontrabelohorizonte.com.br\\\/sobre\\\/author\\\/ebelohorizonte\\\/#author\"},\"publisher\":{\"@id\":\"https:\\\/\\\/www.encontrabelohorizonte.com.br\\\/sobre\\\/#organization\"},\"image\":{\"@type\":\"ImageObject\",\"url\":\"https:\\\/\\\/www.encontrabelohorizonte.com.br\\\/sobre\\\/wp-content\\\/uploads\\\/a-camara-municipal-de-belo-horizonte-cmbh-aprovou-em-segundo-turno-na-segunda.webp\",\"width\":280,\"height\":280,\"caption\":\"Programa Municipal de Navega\\u00e7\\u00e3o de Pacientes\"},\"datePublished\":\"2026-07-07T10:01:48-03:00\",\"dateModified\":\"2026-07-07T10:01:48-03:00\",\"inLanguage\":\"pt-BR\",\"mainEntityOfPage\":{\"@id\":\"https:\\\/\\\/www.encontrabelohorizonte.com.br\\\/sobre\\\/a-camara-municipal-de-belo-horizonte-cmbh-aprovou-em-segundo-turno-na-segunda\\\/#webpage\"},\"isPartOf\":{\"@id\":\"https:\\\/\\\/www.encontrabelohorizonte.com.br\\\/sobre\\\/a-camara-municipal-de-belo-horizonte-cmbh-aprovou-em-segundo-turno-na-segunda\\\/#webpage\"},\"articleSection\":\"Not\\u00edcias Belo Horizonte\"},{\"@type\":\"BreadcrumbList\",\"@id\":\"https:\\\/\\\/www.encontrabelohorizonte.com.br\\\/sobre\\\/a-camara-municipal-de-belo-horizonte-cmbh-aprovou-em-segundo-turno-na-segunda\\\/#breadcrumblist\",\"itemListElement\":[{\"@type\":\"ListItem\",\"@id\":\"https:\\\/\\\/www.encontrabelohorizonte.com.br\\\/sobre#listItem\",\"position\":1,\"name\":\"In\\u00edcio\",\"item\":\"https:\\\/\\\/www.encontrabelohorizonte.com.br\\\/sobre\",\"nextItem\":{\"@type\":\"ListItem\",\"@id\":\"https:\\\/\\\/www.encontrabelohorizonte.com.br\\\/sobre\\\/noticias\\\/#listItem\",\"name\":\"Not\\u00edcias Belo Horizonte\"}},{\"@type\":\"ListItem\",\"@id\":\"https:\\\/\\\/www.encontrabelohorizonte.com.br\\\/sobre\\\/noticias\\\/#listItem\",\"position\":2,\"name\":\"Not\\u00edcias Belo Horizonte\",\"item\":\"https:\\\/\\\/www.encontrabelohorizonte.com.br\\\/sobre\\\/noticias\\\/\",\"nextItem\":{\"@type\":\"ListItem\",\"@id\":\"https:\\\/\\\/www.encontrabelohorizonte.com.br\\\/sobre\\\/a-camara-municipal-de-belo-horizonte-cmbh-aprovou-em-segundo-turno-na-segunda\\\/#listItem\",\"name\":\"A C\\u00e2mara Municipal de Belo Horizonte (CMBH) aprovou em segundo turno, na segunda\"},\"previousItem\":{\"@type\":\"ListItem\",\"@id\":\"https:\\\/\\\/www.encontrabelohorizonte.com.br\\\/sobre#listItem\",\"name\":\"In\\u00edcio\"}},{\"@type\":\"ListItem\",\"@id\":\"https:\\\/\\\/www.encontrabelohorizonte.com.br\\\/sobre\\\/a-camara-municipal-de-belo-horizonte-cmbh-aprovou-em-segundo-turno-na-segunda\\\/#listItem\",\"position\":3,\"name\":\"A C\\u00e2mara Municipal de Belo Horizonte (CMBH) aprovou em segundo turno, na segunda\",\"previousItem\":{\"@type\":\"ListItem\",\"@id\":\"https:\\\/\\\/www.encontrabelohorizonte.com.br\\\/sobre\\\/noticias\\\/#listItem\",\"name\":\"Not\\u00edcias Belo Horizonte\"}}]},{\"@type\":\"Organization\",\"@id\":\"https:\\\/\\\/www.encontrabelohorizonte.com.br\\\/sobre\\\/#organization\",\"name\":\"Encontra Belo Horizonte\",\"description\":\"Not\\u00edcias, eventos, informa\\u00e7\\u00f5es e dicas da cidade de Belo Horizonte e regi\\u00e3o\",\"url\":\"https:\\\/\\\/www.encontrabelohorizonte.com.br\\\/sobre\\\/\"},{\"@type\":\"Person\",\"@id\":\"https:\\\/\\\/www.encontrabelohorizonte.com.br\\\/sobre\\\/author\\\/ebelohorizonte\\\/#author\",\"url\":\"https:\\\/\\\/www.encontrabelohorizonte.com.br\\\/sobre\\\/author\\\/ebelohorizonte\\\/\",\"name\":\"Encontra Belo Horizonte\",\"image\":{\"@type\":\"ImageObject\",\"@id\":\"https:\\\/\\\/www.encontrabelohorizonte.com.br\\\/sobre\\\/a-camara-municipal-de-belo-horizonte-cmbh-aprovou-em-segundo-turno-na-segunda\\\/#authorImage\",\"url\":\"https:\\\/\\\/secure.gravatar.com\\\/avatar\\\/507340682b8270222e1f208e23198b6ae7e2c6a1033ae84e99bc6bce4f82a387?s=96&d=mm&r=g\",\"width\":96,\"height\":96,\"caption\":\"Encontra Belo Horizonte\"}},{\"@type\":\"WebPage\",\"@id\":\"https:\\\/\\\/www.encontrabelohorizonte.com.br\\\/sobre\\\/a-camara-municipal-de-belo-horizonte-cmbh-aprovou-em-segundo-turno-na-segunda\\\/#webpage\",\"url\":\"https:\\\/\\\/www.encontrabelohorizonte.com.br\\\/sobre\\\/a-camara-municipal-de-belo-horizonte-cmbh-aprovou-em-segundo-turno-na-segunda\\\/\",\"name\":\"A C\\u00e2mara Municipal de Belo Horizonte (CMBH) aprovou em segundo turno, na segunda | Encontra Belo Horizonte\",\"description\":\"Programa Municipal de Navega\\u00e7\\u00e3o de Pacientes facilita o tratamento de c\\u00e2ncer na cidade.\",\"inLanguage\":\"pt-BR\",\"isPartOf\":{\"@id\":\"https:\\\/\\\/www.encontrabelohorizonte.com.br\\\/sobre\\\/#website\"},\"breadcrumb\":{\"@id\":\"https:\\\/\\\/www.encontrabelohorizonte.com.br\\\/sobre\\\/a-camara-municipal-de-belo-horizonte-cmbh-aprovou-em-segundo-turno-na-segunda\\\/#breadcrumblist\"},\"author\":{\"@id\":\"https:\\\/\\\/www.encontrabelohorizonte.com.br\\\/sobre\\\/author\\\/ebelohorizonte\\\/#author\"},\"creator\":{\"@id\":\"https:\\\/\\\/www.encontrabelohorizonte.com.br\\\/sobre\\\/author\\\/ebelohorizonte\\\/#author\"},\"image\":{\"@type\":\"ImageObject\",\"url\":\"https:\\\/\\\/www.encontrabelohorizonte.com.br\\\/sobre\\\/wp-content\\\/uploads\\\/a-camara-municipal-de-belo-horizonte-cmbh-aprovou-em-segundo-turno-na-segunda.webp\",\"@id\":\"https:\\\/\\\/www.encontrabelohorizonte.com.br\\\/sobre\\\/a-camara-municipal-de-belo-horizonte-cmbh-aprovou-em-segundo-turno-na-segunda\\\/#mainImage\",\"width\":280,\"height\":280,\"caption\":\"Programa Municipal de Navega\\u00e7\\u00e3o de Pacientes\"},\"primaryImageOfPage\":{\"@id\":\"https:\\\/\\\/www.encontrabelohorizonte.com.br\\\/sobre\\\/a-camara-municipal-de-belo-horizonte-cmbh-aprovou-em-segundo-turno-na-segunda\\\/#mainImage\"},\"datePublished\":\"2026-07-07T10:01:48-03:00\",\"dateModified\":\"2026-07-07T10:01:48-03:00\"},{\"@type\":\"WebSite\",\"@id\":\"https:\\\/\\\/www.encontrabelohorizonte.com.br\\\/sobre\\\/#website\",\"url\":\"https:\\\/\\\/www.encontrabelohorizonte.com.br\\\/sobre\\\/\",\"name\":\"Encontra Belo Horizonte\",\"description\":\"Not\\u00edcias, eventos, informa\\u00e7\\u00f5es e dicas da cidade de Belo Horizonte e regi\\u00e3o\",\"inLanguage\":\"pt-BR\",\"publisher\":{\"@id\":\"https:\\\/\\\/www.encontrabelohorizonte.com.br\\\/sobre\\\/#organization\"}}]}\n\t\t<\/script>\n\t\t<!-- All in One SEO -->\n\n","aioseo_head_json":{"title":"A C\u00e2mara Municipal de Belo Horizonte (CMBH) aprovou em segundo turno, na segunda | Encontra Belo Horizonte","description":"Programa Municipal de Navega\u00e7\u00e3o de Pacientes facilita o tratamento de c\u00e2ncer na cidade.","canonical_url":"https:\/\/www.encontrabelohorizonte.com.br\/sobre\/a-camara-municipal-de-belo-horizonte-cmbh-aprovou-em-segundo-turno-na-segunda\/","robots":"max-image-preview:large","keywords":"","webmasterTools":{"miscellaneous":""},"schema":{"@context":"https:\/\/schema.org","@graph":[{"@type":"Article","@id":"https:\/\/www.encontrabelohorizonte.com.br\/sobre\/a-camara-municipal-de-belo-horizonte-cmbh-aprovou-em-segundo-turno-na-segunda\/#article","name":"A C\u00e2mara Municipal de Belo Horizonte (CMBH) aprovou em segundo turno, na segunda | Encontra Belo Horizonte","headline":"A C\u00e2mara Municipal de Belo Horizonte (CMBH) aprovou em segundo turno, na segunda","author":{"@id":"https:\/\/www.encontrabelohorizonte.com.br\/sobre\/author\/ebelohorizonte\/#author"},"publisher":{"@id":"https:\/\/www.encontrabelohorizonte.com.br\/sobre\/#organization"},"image":{"@type":"ImageObject","url":"https:\/\/www.encontrabelohorizonte.com.br\/sobre\/wp-content\/uploads\/a-camara-municipal-de-belo-horizonte-cmbh-aprovou-em-segundo-turno-na-segunda.webp","width":280,"height":280,"caption":"Programa Municipal de Navega\u00e7\u00e3o de Pacientes"},"datePublished":"2026-07-07T10:01:48-03:00","dateModified":"2026-07-07T10:01:48-03:00","inLanguage":"pt-BR","mainEntityOfPage":{"@id":"https:\/\/www.encontrabelohorizonte.com.br\/sobre\/a-camara-municipal-de-belo-horizonte-cmbh-aprovou-em-segundo-turno-na-segunda\/#webpage"},"isPartOf":{"@id":"https:\/\/www.encontrabelohorizonte.com.br\/sobre\/a-camara-municipal-de-belo-horizonte-cmbh-aprovou-em-segundo-turno-na-segunda\/#webpage"},"articleSection":"Not\u00edcias Belo Horizonte"},{"@type":"BreadcrumbList","@id":"https:\/\/www.encontrabelohorizonte.com.br\/sobre\/a-camara-municipal-de-belo-horizonte-cmbh-aprovou-em-segundo-turno-na-segunda\/#breadcrumblist","itemListElement":[{"@type":"ListItem","@id":"https:\/\/www.encontrabelohorizonte.com.br\/sobre#listItem","position":1,"name":"In\u00edcio","item":"https:\/\/www.encontrabelohorizonte.com.br\/sobre","nextItem":{"@type":"ListItem","@id":"https:\/\/www.encontrabelohorizonte.com.br\/sobre\/noticias\/#listItem","name":"Not\u00edcias Belo Horizonte"}},{"@type":"ListItem","@id":"https:\/\/www.encontrabelohorizonte.com.br\/sobre\/noticias\/#listItem","position":2,"name":"Not\u00edcias Belo Horizonte","item":"https:\/\/www.encontrabelohorizonte.com.br\/sobre\/noticias\/","nextItem":{"@type":"ListItem","@id":"https:\/\/www.encontrabelohorizonte.com.br\/sobre\/a-camara-municipal-de-belo-horizonte-cmbh-aprovou-em-segundo-turno-na-segunda\/#listItem","name":"A C\u00e2mara Municipal de Belo Horizonte (CMBH) aprovou em segundo turno, na segunda"},"previousItem":{"@type":"ListItem","@id":"https:\/\/www.encontrabelohorizonte.com.br\/sobre#listItem","name":"In\u00edcio"}},{"@type":"ListItem","@id":"https:\/\/www.encontrabelohorizonte.com.br\/sobre\/a-camara-municipal-de-belo-horizonte-cmbh-aprovou-em-segundo-turno-na-segunda\/#listItem","position":3,"name":"A C\u00e2mara Municipal de Belo Horizonte (CMBH) aprovou em segundo turno, na segunda","previousItem":{"@type":"ListItem","@id":"https:\/\/www.encontrabelohorizonte.com.br\/sobre\/noticias\/#listItem","name":"Not\u00edcias Belo Horizonte"}}]},{"@type":"Organization","@id":"https:\/\/www.encontrabelohorizonte.com.br\/sobre\/#organization","name":"Encontra Belo Horizonte","description":"Not\u00edcias, eventos, informa\u00e7\u00f5es e dicas da cidade de Belo Horizonte e regi\u00e3o","url":"https:\/\/www.encontrabelohorizonte.com.br\/sobre\/"},{"@type":"Person","@id":"https:\/\/www.encontrabelohorizonte.com.br\/sobre\/author\/ebelohorizonte\/#author","url":"https:\/\/www.encontrabelohorizonte.com.br\/sobre\/author\/ebelohorizonte\/","name":"Encontra Belo Horizonte","image":{"@type":"ImageObject","@id":"https:\/\/www.encontrabelohorizonte.com.br\/sobre\/a-camara-municipal-de-belo-horizonte-cmbh-aprovou-em-segundo-turno-na-segunda\/#authorImage","url":"https:\/\/secure.gravatar.com\/avatar\/507340682b8270222e1f208e23198b6ae7e2c6a1033ae84e99bc6bce4f82a387?s=96&d=mm&r=g","width":96,"height":96,"caption":"Encontra Belo Horizonte"}},{"@type":"WebPage","@id":"https:\/\/www.encontrabelohorizonte.com.br\/sobre\/a-camara-municipal-de-belo-horizonte-cmbh-aprovou-em-segundo-turno-na-segunda\/#webpage","url":"https:\/\/www.encontrabelohorizonte.com.br\/sobre\/a-camara-municipal-de-belo-horizonte-cmbh-aprovou-em-segundo-turno-na-segunda\/","name":"A C\u00e2mara Municipal de Belo Horizonte (CMBH) aprovou em segundo turno, na segunda | Encontra Belo Horizonte","description":"Programa Municipal de Navega\u00e7\u00e3o de Pacientes facilita o tratamento de c\u00e2ncer na cidade.","inLanguage":"pt-BR","isPartOf":{"@id":"https:\/\/www.encontrabelohorizonte.com.br\/sobre\/#website"},"breadcrumb":{"@id":"https:\/\/www.encontrabelohorizonte.com.br\/sobre\/a-camara-municipal-de-belo-horizonte-cmbh-aprovou-em-segundo-turno-na-segunda\/#breadcrumblist"},"author":{"@id":"https:\/\/www.encontrabelohorizonte.com.br\/sobre\/author\/ebelohorizonte\/#author"},"creator":{"@id":"https:\/\/www.encontrabelohorizonte.com.br\/sobre\/author\/ebelohorizonte\/#author"},"image":{"@type":"ImageObject","url":"https:\/\/www.encontrabelohorizonte.com.br\/sobre\/wp-content\/uploads\/a-camara-municipal-de-belo-horizonte-cmbh-aprovou-em-segundo-turno-na-segunda.webp","@id":"https:\/\/www.encontrabelohorizonte.com.br\/sobre\/a-camara-municipal-de-belo-horizonte-cmbh-aprovou-em-segundo-turno-na-segunda\/#mainImage","width":280,"height":280,"caption":"Programa Municipal de Navega\u00e7\u00e3o de Pacientes"},"primaryImageOfPage":{"@id":"https:\/\/www.encontrabelohorizonte.com.br\/sobre\/a-camara-municipal-de-belo-horizonte-cmbh-aprovou-em-segundo-turno-na-segunda\/#mainImage"},"datePublished":"2026-07-07T10:01:48-03:00","dateModified":"2026-07-07T10:01:48-03:00"},{"@type":"WebSite","@id":"https:\/\/www.encontrabelohorizonte.com.br\/sobre\/#website","url":"https:\/\/www.encontrabelohorizonte.com.br\/sobre\/","name":"Encontra Belo Horizonte","description":"Not\u00edcias, eventos, informa\u00e7\u00f5es e dicas da cidade de Belo Horizonte e regi\u00e3o","inLanguage":"pt-BR","publisher":{"@id":"https:\/\/www.encontrabelohorizonte.com.br\/sobre\/#organization"}}]},"og:locale":"pt_BR","og:site_name":"Encontra Belo Horizonte | Not\u00edcias, eventos, informa\u00e7\u00f5es e dicas da cidade de Belo Horizonte e regi\u00e3o","og:type":"article","og:title":"A C\u00e2mara Municipal de Belo Horizonte (CMBH) aprovou em segundo turno, na segunda | Encontra Belo Horizonte","og:description":"Programa Municipal de Navega\u00e7\u00e3o de Pacientes facilita o tratamento de c\u00e2ncer na cidade.","og:url":"https:\/\/www.encontrabelohorizonte.com.br\/sobre\/a-camara-municipal-de-belo-horizonte-cmbh-aprovou-em-segundo-turno-na-segunda\/","article:published_time":"2026-07-07T13:01:48+00:00","article:modified_time":"2026-07-07T13:01:48+00:00","twitter:card":"summary","twitter:title":"A C\u00e2mara Municipal de Belo Horizonte (CMBH) aprovou em segundo turno, na segunda | Encontra Belo Horizonte","twitter:description":"Programa Municipal de Navega\u00e7\u00e3o de Pacientes facilita o tratamento de c\u00e2ncer na cidade."},"aioseo_meta_data":{"post_id":"4291","title":null,"description":null,"keywords":null,"keyphrases":null,"primary_term":null,"canonical_url":null,"og_title":null,"og_description":null,"og_object_type":"default","og_image_type":"default","og_image_url":null,"og_image_width":null,"og_image_height":null,"og_image_custom_url":null,"og_image_custom_fields":null,"og_video":null,"og_custom_url":null,"og_article_section":null,"og_article_tags":null,"twitter_use_og":false,"twitter_card":"default","twitter_image_type":"default","twitter_image_url":null,"twitter_image_custom_url":null,"twitter_image_custom_fields":null,"twitter_title":null,"twitter_description":null,"schema":{"blockGraphs":[],"customGraphs":[],"default":{"data":{"Article":[],"Course":[],"Dataset":[],"FAQPage":[],"Movie":[],"Person":[],"Product":[],"ProductReview":[],"Car":[],"Recipe":[],"Service":[],"SoftwareApplication":[],"WebPage":[]},"graphName":"Article","isEnabled":true},"graphs":[]},"schema_type":"default","schema_type_options":null,"pillar_content":false,"robots_default":true,"robots_noindex":false,"robots_noarchive":false,"robots_nosnippet":false,"robots_nofollow":false,"robots_noimageindex":false,"robots_noodp":false,"robots_notranslate":false,"robots_max_snippet":null,"robots_max_videopreview":null,"robots_max_imagepreview":"large","priority":null,"frequency":null,"local_seo":null,"breadcrumb_settings":null,"limit_modified_date":false,"ai":null,"created":"2026-07-07 13:01:50","updated":"2026-07-07 13:02:24","focus_keyword":null,"additional_keywords":null,"truseo_locale":null,"seo_analyzer_scan_date":null},"aioseo_breadcrumb":"<div class=\"aioseo-breadcrumbs\"><span class=\"aioseo-breadcrumb\">\n\t\t\t<a href=\"https:\/\/www.encontrabelohorizonte.com.br\/sobre\" title=\"In\u00edcio\">In\u00edcio<\/a>\n\t\t<\/span><span class=\"aioseo-breadcrumb-separator\">&raquo;<\/span><span class=\"aioseo-breadcrumb\">\n\t\t\t<a href=\"https:\/\/www.encontrabelohorizonte.com.br\/sobre\/noticias\/\" title=\"Not\u00edcias Belo Horizonte\">Not\u00edcias Belo Horizonte<\/a>\n\t\t<\/span><span class=\"aioseo-breadcrumb-separator\">&raquo;<\/span><span class=\"aioseo-breadcrumb\">\n\t\t\tA C\u00e2mara Municipal de Belo Horizonte (CMBH) aprovou em segundo turno, na segunda\n\t\t<\/span><\/div>","aioseo_breadcrumb_json":[{"label":"In\u00edcio","link":"https:\/\/www.encontrabelohorizonte.com.br\/sobre"},{"label":"Not\u00edcias Belo Horizonte","link":"https:\/\/www.encontrabelohorizonte.com.br\/sobre\/noticias\/"},{"label":"A C\u00e2mara Municipal de Belo Horizonte (CMBH) aprovou em segundo turno, na segunda","link":"https:\/\/www.encontrabelohorizonte.com.br\/sobre\/a-camara-municipal-de-belo-horizonte-cmbh-aprovou-em-segundo-turno-na-segunda\/"}],"_links":{"self":[{"href":"https:\/\/www.encontrabelohorizonte.com.br\/sobre\/wp-json\/wp\/v2\/posts\/4291","targetHints":{"allow":["GET"]}}],"collection":[{"href":"https:\/\/www.encontrabelohorizonte.com.br\/sobre\/wp-json\/wp\/v2\/posts"}],"about":[{"href":"https:\/\/www.encontrabelohorizonte.com.br\/sobre\/wp-json\/wp\/v2\/types\/post"}],"author":[{"embeddable":true,"href":"https:\/\/www.encontrabelohorizonte.com.br\/sobre\/wp-json\/wp\/v2\/users\/1"}],"replies":[{"embeddable":true,"href":"https:\/\/www.encontrabelohorizonte.com.br\/sobre\/wp-json\/wp\/v2\/comments?post=4291"}],"version-history":[{"count":0,"href":"https:\/\/www.encontrabelohorizonte.com.br\/sobre\/wp-json\/wp\/v2\/posts\/4291\/revisions"}],"wp:featuredmedia":[{"embeddable":true,"href":"https:\/\/www.encontrabelohorizonte.com.br\/sobre\/wp-json\/wp\/v2\/media\/4290"}],"wp:attachment":[{"href":"https:\/\/www.encontrabelohorizonte.com.br\/sobre\/wp-json\/wp\/v2\/media?parent=4291"}],"wp:term":[{"taxonomy":"category","embeddable":true,"href":"https:\/\/www.encontrabelohorizonte.com.br\/sobre\/wp-json\/wp\/v2\/categories?post=4291"},{"taxonomy":"post_tag","embeddable":true,"href":"https:\/\/www.encontrabelohorizonte.com.br\/sobre\/wp-json\/wp\/v2\/tags?post=4291"}],"curies":[{"name":"wp","href":"https:\/\/api.w.org\/{rel}","templated":true}]}}