{"id":4293,"date":"2026-07-07T10:02:57","date_gmt":"2026-07-07T13:02:57","guid":{"rendered":"https:\/\/www.encontrabelohorizonte.com.br\/sobre\/forum-mineiro-de-meio-ambiente-reune-300-pessoas-em-belo-horizonte\/"},"modified":"2026-07-07T10:02:57","modified_gmt":"2026-07-07T13:02:57","slug":"forum-mineiro-de-meio-ambiente-reune-300-pessoas-em-belo-horizonte","status":"publish","type":"post","link":"https:\/\/www.encontrabelohorizonte.com.br\/sobre\/forum-mineiro-de-meio-ambiente-reune-300-pessoas-em-belo-horizonte\/","title":{"rendered":"F\u00f3rum Mineiro de Meio Ambiente re\u00fane 300 pessoas em Belo Horizonte"},"content":{"rendered":"<div class=\"2e083cf0b19e2c11948dc6ac054ba979\" data-index=\"1\" style=\"float: none; margin:0px;\">\n<!-- Anuncio display - global -->\r\n<ins class=\"adsbygoogle\"\r\n     style=\"display:block\"\r\n     data-ad-client=\"ca-pub-8585364105181520\"\r\n     data-ad-slot=\"8789329856\"\r\n     data-ad-format=\"auto\"\r\n     data-full-width-responsive=\"true\"><\/ins>\r\n<script>\r\n     (adsbygoogle = window.adsbygoogle || []).push({});\r\n<\/script>\n<\/div>\n<h2>O que foi o F\u00f3rum Mineiro de Meio Ambiente?<\/h2>\n<p>O 4\u00ba F\u00f3rum Mineiro de Meio Ambiente ocorreu nos dias 16 e 17 de junho de 2026, reunindo profissionais e entusiastas da preserva\u00e7\u00e3o ambiental em Belo Horizonte. Promovido pela <strong>Associa\u00e7\u00e3o Mineira de Munic\u00edpios (AMM)<\/strong>, o evento se destacou como um espa\u00e7o de aprendizado e troca de experi\u00eancias, onde foram discutidos desafios e avan\u00e7os na \u00e1rea ambiental no estado de Minas Gerais.<\/p>\n<h2>Participa\u00e7\u00e3o e Import\u00e2ncia do Evento<\/h2>\n<p>Com a presen\u00e7a de 300 participantes, o F\u00f3rum atraiu n\u00e3o apenas prefeitos e vereadores, mas tamb\u00e9m secret\u00e1rios de meio ambiente, t\u00e9cnicos e engenheiros, refletindo a diversidade de interesses no debate ambiental. Esta ampla representa\u00e7\u00e3o \u00e9 essencial para fomentar um di\u00e1logo construtivo sobre pr\u00e1ticas sustent\u00e1veis e implementar melhorias nas pol\u00edticas locais.<\/p>\n<h2>Palestrantes Renomados no F\u00f3rum<\/h2>\n<p>Entre os palestrantes, destacaram-se figuras influentes como <strong>Lucas Vieira<\/strong>, presidente da AMM e prefeito de Iguatama, e <strong>Lyssandro Norton Siqueira<\/strong>, Secret\u00e1rio de Estado de Meio Ambiente e Desenvolvimento Sustent\u00e1vel. A presen\u00e7a de tantos especialistas foi crucial para oferecer uma vis\u00e3o abrangente e especializada dos desafios enfrentados na gest\u00e3o ambiental.<\/p>\n<p><img decoding=\"async\" src=\"https:\/\/www.encontrabelohorizonte.com.br\/sobre\/wp-content\/uploads\/forum-mineiro-de-meio-ambiente-reune-300-pessoas-em-belo-horizonte.webp\" alt=\"F\u00f3rum Mineiro de Meio Ambiente\" loading=\"lazy\" \/><\/p>\n<h2>Temas Abordados e sua Relev\u00e2ncia<\/h2>\n<p>O f\u00f3rum teve uma programa\u00e7\u00e3o repleta de temas cruciais que envolvem a gest\u00e3o ambiental, incluindo:<\/p>\n<ul>\n<li><strong>Licenciamento Ambiental:<\/strong> Abordagens sobre a efic\u00e1cia e a moderniza\u00e7\u00e3o dos processos.<\/li>\n<li><strong>Destina\u00e7\u00e3o de Res\u00edduos S\u00f3lidos:<\/strong> Discuss\u00f5es sobre o manejo e a reciclagem de res\u00edduos urbanos.<\/li>\n<li><strong>Cidades Inteligentes:<\/strong> Explora\u00e7\u00e3o das Parcerias P\u00fablico-Privadas (PPPs) para conduzir a sustentabilidade nas cidades.<\/li>\n<li><strong>Regionaliza\u00e7\u00e3o do Saneamento:<\/strong> Estrat\u00e9gias para melhorar o acesso e a efici\u00eancia nos servi\u00e7os de saneamento b\u00e1sico.<\/li>\n<\/ul>\n<h2>Licenciamento Ambiental em Debate<\/h2>\n<p>Um dos principais focos do f\u00f3rum foi o novo marco legal do <strong>Licenciamento Ambiental<\/strong> no \u00e2mbito municipal. O debate abordou como os munic\u00edpios podem se ajustar a essas novas normas, garantindo efici\u00eancia e prote\u00e7\u00e3o ambiental. O engajamento de especialistas e representantes governamentais ajudou a esclarecer a import\u00e2ncia desse assunto para o progresso sustent\u00e1vel das cidades.<\/p>\n<h2>Destina\u00e7\u00e3o de Res\u00edduos S\u00f3lidos<\/h2>\n<p>A <strong>destina\u00e7\u00e3o final dos res\u00edduos s\u00f3lidos<\/strong> foi outro tema central das discuss\u00f5es. Os participantes puderam conhecer as melhores pr\u00e1ticas para o gerenciamento de lixo, desde a coleta at\u00e9 a reciclagem e recupera\u00e7\u00e3o de materiais. Essa abordagem \u00e9 fundamental, considerando que a gest\u00e3o inadequada de res\u00edduos impacta negativamente o meio ambiente e a sa\u00fade p\u00fablica.<\/p>\n<h2>Desafios e Oportunidades para Munic\u00edpios<\/h2>\n<p>Os munic\u00edpios enfrentam grandes desafios em rela\u00e7\u00e3o \u00e0 gest\u00e3o ambiental. Contudo, o f\u00f3rum destacou n\u00e3o apenas as dificuldades, mas tamb\u00e9m as oportunidades dispon\u00edveis. Por meio de parcerias e da troca de experi\u00eancias entre os gestores presentes, surgiram propostas inovadoras que podem ser replicadas em diversas localidades.<\/p>\n<h2>A Vis\u00e3o do Presidente da AMM<\/h2>\n<p>Lucas Vieira, presidente da AMM, enfatizou a import\u00e2ncia de eventos como o F\u00f3rum para a promo\u00e7\u00e3o de solu\u00e7\u00f5es sustent\u00e1veis e para a conscientiza\u00e7\u00e3o sobre quest\u00f5es ambientais. Ele destacou que as pr\u00e1ticas discutidas no evento s\u00e3o essenciais para aprimorar a gest\u00e3o ambiental nas cidades mineiras e implica um esfor\u00e7o conjunto entre autoridades e comunidade.<\/p>\n<h2>Engajamento com a Comunidade<\/h2>\n<p>A intera\u00e7\u00e3o com a comunidade local foi um ponto de destaque durante o evento. O f\u00f3rum n\u00e3o apenas buscou melhorar as pr\u00e1ticas de gest\u00e3o ambiental, mas tamb\u00e9m incentivou os cidad\u00e3os a se envolverem nas quest\u00f5es que afetam seu meio ambiente, promovendo um sentimento de ownership nas pol\u00edticas de sustentabilidade.<\/p>\n<h2>Pr\u00f3ximos Passos para a Sustentabilidade<\/h2>\n<p>Encerrado o evento, o pr\u00f3ximo passo enfatizado pelos organizadores \u00e9 a implementa\u00e7\u00e3o das ideias e pr\u00e1ticas discutidas. O compromisso com a sustentabilidade e a efetiva execu\u00e7\u00e3o das propostas debatidas s\u00e3o essenciais para que Minas Gerais avance em termos de responsabilidade ambiental e qualidade de vida.<\/p>\n<p>O 4\u00ba F\u00f3rum Mineiro de Meio Ambiente se consolidou como uma oportunidade \u00fanica de aprendizado e colabora\u00e7\u00e3o, mostrando que a uni\u00e3o de esfor\u00e7os entre os diversos segmentos da sociedade \u00e9 essencial para enfrentar os desafios ambientais do presente e do futuro.<\/p>\n\n<div style=\"font-size: 0px; height: 0px; line-height: 0px; margin: 0; padding: 0; clear: both;\"><\/div>","protected":false},"excerpt":{"rendered":"<p>F\u00f3rum Mineiro de Meio Ambiente traz 300 participantes em Belo Horizonte.<\/p>\n","protected":false},"author":1,"featured_media":4292,"comment_status":"closed","ping_status":"closed","sticky":false,"template":"","format":"standard","meta":{"footnotes":""},"categories":[37],"tags":[],"class_list":["post-4293","post","type-post","status-publish","format-standard","has-post-thumbnail","hentry","category-cultura","has_thumb"],"aioseo_notices":[],"aioseo_head":"\n\t\t<!-- All in One SEO 5.0.0.1 - aioseo.com -->\n\t<meta name=\"description\" content=\"F\u00f3rum Mineiro de Meio Ambiente traz 300 participantes em Belo Horizonte.\" \/>\n\t<meta name=\"robots\" content=\"max-image-preview:large\" \/>\n\t<meta name=\"author\" content=\"Encontra Belo Horizonte\"\/>\n\t<link rel=\"canonical\" href=\"https:\/\/www.encontrabelohorizonte.com.br\/sobre\/forum-mineiro-de-meio-ambiente-reune-300-pessoas-em-belo-horizonte\/\" \/>\n\t<meta name=\"generator\" content=\"All in One SEO (AIOSEO) 5.0.0.1\" \/>\n\t\t<meta property=\"og:locale\" content=\"pt_BR\" \/>\n\t\t<meta property=\"og:site_name\" content=\"Encontra Belo Horizonte | Not\u00edcias, eventos, informa\u00e7\u00f5es e dicas da cidade de Belo Horizonte e regi\u00e3o\" \/>\n\t\t<meta property=\"og:type\" content=\"article\" \/>\n\t\t<meta property=\"og:title\" content=\"F\u00f3rum Mineiro de Meio Ambiente re\u00fane 300 pessoas em Belo Horizonte | Encontra Belo Horizonte\" \/>\n\t\t<meta property=\"og:description\" content=\"F\u00f3rum Mineiro de Meio Ambiente traz 300 participantes em Belo Horizonte.\" \/>\n\t\t<meta property=\"og:url\" content=\"https:\/\/www.encontrabelohorizonte.com.br\/sobre\/forum-mineiro-de-meio-ambiente-reune-300-pessoas-em-belo-horizonte\/\" \/>\n\t\t<meta property=\"article:published_time\" content=\"2026-07-07T13:02:57+00:00\" \/>\n\t\t<meta property=\"article:modified_time\" content=\"2026-07-07T13:02:57+00:00\" \/>\n\t\t<meta name=\"twitter:card\" content=\"summary\" \/>\n\t\t<meta name=\"twitter:title\" content=\"F\u00f3rum Mineiro de Meio Ambiente re\u00fane 300 pessoas em Belo Horizonte | Encontra Belo Horizonte\" \/>\n\t\t<meta name=\"twitter:description\" content=\"F\u00f3rum Mineiro de Meio Ambiente traz 300 participantes em Belo Horizonte.\" \/>\n\t\t<script type=\"application\/ld+json\" class=\"aioseo-schema\">\n\t\t\t{\"@context\":\"https:\\\/\\\/schema.org\",\"@graph\":[{\"@type\":\"Article\",\"@id\":\"https:\\\/\\\/www.encontrabelohorizonte.com.br\\\/sobre\\\/forum-mineiro-de-meio-ambiente-reune-300-pessoas-em-belo-horizonte\\\/#article\",\"name\":\"F\\u00f3rum Mineiro de Meio Ambiente re\\u00fane 300 pessoas em Belo Horizonte | Encontra Belo Horizonte\",\"headline\":\"F\\u00f3rum Mineiro de Meio Ambiente re\\u00fane 300 pessoas em Belo Horizonte\",\"author\":{\"@id\":\"https:\\\/\\\/www.encontrabelohorizonte.com.br\\\/sobre\\\/author\\\/ebelohorizonte\\\/#author\"},\"publisher\":{\"@id\":\"https:\\\/\\\/www.encontrabelohorizonte.com.br\\\/sobre\\\/#organization\"},\"image\":{\"@type\":\"ImageObject\",\"url\":\"https:\\\/\\\/www.encontrabelohorizonte.com.br\\\/sobre\\\/wp-content\\\/uploads\\\/forum-mineiro-de-meio-ambiente-reune-300-pessoas-em-belo-horizonte.webp\",\"width\":280,\"height\":280,\"caption\":\"F\\u00f3rum Mineiro de Meio Ambiente\"},\"datePublished\":\"2026-07-07T10:02:57-03:00\",\"dateModified\":\"2026-07-07T10:02:57-03:00\",\"inLanguage\":\"pt-BR\",\"mainEntityOfPage\":{\"@id\":\"https:\\\/\\\/www.encontrabelohorizonte.com.br\\\/sobre\\\/forum-mineiro-de-meio-ambiente-reune-300-pessoas-em-belo-horizonte\\\/#webpage\"},\"isPartOf\":{\"@id\":\"https:\\\/\\\/www.encontrabelohorizonte.com.br\\\/sobre\\\/forum-mineiro-de-meio-ambiente-reune-300-pessoas-em-belo-horizonte\\\/#webpage\"},\"articleSection\":\"Cultura Belo Horizonte\"},{\"@type\":\"BreadcrumbList\",\"@id\":\"https:\\\/\\\/www.encontrabelohorizonte.com.br\\\/sobre\\\/forum-mineiro-de-meio-ambiente-reune-300-pessoas-em-belo-horizonte\\\/#breadcrumblist\",\"itemListElement\":[{\"@type\":\"ListItem\",\"@id\":\"https:\\\/\\\/www.encontrabelohorizonte.com.br\\\/sobre#listItem\",\"position\":1,\"name\":\"In\\u00edcio\",\"item\":\"https:\\\/\\\/www.encontrabelohorizonte.com.br\\\/sobre\",\"nextItem\":{\"@type\":\"ListItem\",\"@id\":\"https:\\\/\\\/www.encontrabelohorizonte.com.br\\\/sobre\\\/cultura\\\/#listItem\",\"name\":\"Cultura Belo Horizonte\"}},{\"@type\":\"ListItem\",\"@id\":\"https:\\\/\\\/www.encontrabelohorizonte.com.br\\\/sobre\\\/cultura\\\/#listItem\",\"position\":2,\"name\":\"Cultura Belo Horizonte\",\"item\":\"https:\\\/\\\/www.encontrabelohorizonte.com.br\\\/sobre\\\/cultura\\\/\",\"nextItem\":{\"@type\":\"ListItem\",\"@id\":\"https:\\\/\\\/www.encontrabelohorizonte.com.br\\\/sobre\\\/forum-mineiro-de-meio-ambiente-reune-300-pessoas-em-belo-horizonte\\\/#listItem\",\"name\":\"F\\u00f3rum Mineiro de Meio Ambiente re\\u00fane 300 pessoas em Belo Horizonte\"},\"previousItem\":{\"@type\":\"ListItem\",\"@id\":\"https:\\\/\\\/www.encontrabelohorizonte.com.br\\\/sobre#listItem\",\"name\":\"In\\u00edcio\"}},{\"@type\":\"ListItem\",\"@id\":\"https:\\\/\\\/www.encontrabelohorizonte.com.br\\\/sobre\\\/forum-mineiro-de-meio-ambiente-reune-300-pessoas-em-belo-horizonte\\\/#listItem\",\"position\":3,\"name\":\"F\\u00f3rum Mineiro de Meio Ambiente re\\u00fane 300 pessoas em Belo Horizonte\",\"previousItem\":{\"@type\":\"ListItem\",\"@id\":\"https:\\\/\\\/www.encontrabelohorizonte.com.br\\\/sobre\\\/cultura\\\/#listItem\",\"name\":\"Cultura Belo Horizonte\"}}]},{\"@type\":\"Organization\",\"@id\":\"https:\\\/\\\/www.encontrabelohorizonte.com.br\\\/sobre\\\/#organization\",\"name\":\"Encontra Belo Horizonte\",\"description\":\"Not\\u00edcias, eventos, informa\\u00e7\\u00f5es e dicas da cidade de Belo Horizonte e regi\\u00e3o\",\"url\":\"https:\\\/\\\/www.encontrabelohorizonte.com.br\\\/sobre\\\/\"},{\"@type\":\"Person\",\"@id\":\"https:\\\/\\\/www.encontrabelohorizonte.com.br\\\/sobre\\\/author\\\/ebelohorizonte\\\/#author\",\"url\":\"https:\\\/\\\/www.encontrabelohorizonte.com.br\\\/sobre\\\/author\\\/ebelohorizonte\\\/\",\"name\":\"Encontra Belo Horizonte\",\"image\":{\"@type\":\"ImageObject\",\"@id\":\"https:\\\/\\\/www.encontrabelohorizonte.com.br\\\/sobre\\\/forum-mineiro-de-meio-ambiente-reune-300-pessoas-em-belo-horizonte\\\/#authorImage\",\"url\":\"https:\\\/\\\/secure.gravatar.com\\\/avatar\\\/507340682b8270222e1f208e23198b6ae7e2c6a1033ae84e99bc6bce4f82a387?s=96&d=mm&r=g\",\"width\":96,\"height\":96,\"caption\":\"Encontra Belo Horizonte\"}},{\"@type\":\"WebPage\",\"@id\":\"https:\\\/\\\/www.encontrabelohorizonte.com.br\\\/sobre\\\/forum-mineiro-de-meio-ambiente-reune-300-pessoas-em-belo-horizonte\\\/#webpage\",\"url\":\"https:\\\/\\\/www.encontrabelohorizonte.com.br\\\/sobre\\\/forum-mineiro-de-meio-ambiente-reune-300-pessoas-em-belo-horizonte\\\/\",\"name\":\"F\\u00f3rum Mineiro de Meio Ambiente re\\u00fane 300 pessoas em Belo Horizonte | Encontra Belo Horizonte\",\"description\":\"F\\u00f3rum Mineiro de Meio Ambiente traz 300 participantes em Belo Horizonte.\",\"inLanguage\":\"pt-BR\",\"isPartOf\":{\"@id\":\"https:\\\/\\\/www.encontrabelohorizonte.com.br\\\/sobre\\\/#website\"},\"breadcrumb\":{\"@id\":\"https:\\\/\\\/www.encontrabelohorizonte.com.br\\\/sobre\\\/forum-mineiro-de-meio-ambiente-reune-300-pessoas-em-belo-horizonte\\\/#breadcrumblist\"},\"author\":{\"@id\":\"https:\\\/\\\/www.encontrabelohorizonte.com.br\\\/sobre\\\/author\\\/ebelohorizonte\\\/#author\"},\"creator\":{\"@id\":\"https:\\\/\\\/www.encontrabelohorizonte.com.br\\\/sobre\\\/author\\\/ebelohorizonte\\\/#author\"},\"image\":{\"@type\":\"ImageObject\",\"url\":\"https:\\\/\\\/www.encontrabelohorizonte.com.br\\\/sobre\\\/wp-content\\\/uploads\\\/forum-mineiro-de-meio-ambiente-reune-300-pessoas-em-belo-horizonte.webp\",\"@id\":\"https:\\\/\\\/www.encontrabelohorizonte.com.br\\\/sobre\\\/forum-mineiro-de-meio-ambiente-reune-300-pessoas-em-belo-horizonte\\\/#mainImage\",\"width\":280,\"height\":280,\"caption\":\"F\\u00f3rum Mineiro de Meio Ambiente\"},\"primaryImageOfPage\":{\"@id\":\"https:\\\/\\\/www.encontrabelohorizonte.com.br\\\/sobre\\\/forum-mineiro-de-meio-ambiente-reune-300-pessoas-em-belo-horizonte\\\/#mainImage\"},\"datePublished\":\"2026-07-07T10:02:57-03:00\",\"dateModified\":\"2026-07-07T10:02:57-03:00\"},{\"@type\":\"WebSite\",\"@id\":\"https:\\\/\\\/www.encontrabelohorizonte.com.br\\\/sobre\\\/#website\",\"url\":\"https:\\\/\\\/www.encontrabelohorizonte.com.br\\\/sobre\\\/\",\"name\":\"Encontra Belo Horizonte\",\"description\":\"Not\\u00edcias, eventos, informa\\u00e7\\u00f5es e dicas da cidade de Belo Horizonte e regi\\u00e3o\",\"inLanguage\":\"pt-BR\",\"publisher\":{\"@id\":\"https:\\\/\\\/www.encontrabelohorizonte.com.br\\\/sobre\\\/#organization\"}}]}\n\t\t<\/script>\n\t\t<!-- All in One SEO -->\n\n","aioseo_head_json":{"title":"F\u00f3rum Mineiro de Meio Ambiente re\u00fane 300 pessoas em Belo Horizonte | Encontra Belo Horizonte","description":"F\u00f3rum Mineiro de Meio Ambiente traz 300 participantes em Belo Horizonte.","canonical_url":"https:\/\/www.encontrabelohorizonte.com.br\/sobre\/forum-mineiro-de-meio-ambiente-reune-300-pessoas-em-belo-horizonte\/","robots":"max-image-preview:large","keywords":"","webmasterTools":{"miscellaneous":""},"schema":{"@context":"https:\/\/schema.org","@graph":[{"@type":"Article","@id":"https:\/\/www.encontrabelohorizonte.com.br\/sobre\/forum-mineiro-de-meio-ambiente-reune-300-pessoas-em-belo-horizonte\/#article","name":"F\u00f3rum Mineiro de Meio Ambiente re\u00fane 300 pessoas em Belo Horizonte | Encontra Belo Horizonte","headline":"F\u00f3rum Mineiro de Meio Ambiente re\u00fane 300 pessoas em Belo Horizonte","author":{"@id":"https:\/\/www.encontrabelohorizonte.com.br\/sobre\/author\/ebelohorizonte\/#author"},"publisher":{"@id":"https:\/\/www.encontrabelohorizonte.com.br\/sobre\/#organization"},"image":{"@type":"ImageObject","url":"https:\/\/www.encontrabelohorizonte.com.br\/sobre\/wp-content\/uploads\/forum-mineiro-de-meio-ambiente-reune-300-pessoas-em-belo-horizonte.webp","width":280,"height":280,"caption":"F\u00f3rum Mineiro de Meio Ambiente"},"datePublished":"2026-07-07T10:02:57-03:00","dateModified":"2026-07-07T10:02:57-03:00","inLanguage":"pt-BR","mainEntityOfPage":{"@id":"https:\/\/www.encontrabelohorizonte.com.br\/sobre\/forum-mineiro-de-meio-ambiente-reune-300-pessoas-em-belo-horizonte\/#webpage"},"isPartOf":{"@id":"https:\/\/www.encontrabelohorizonte.com.br\/sobre\/forum-mineiro-de-meio-ambiente-reune-300-pessoas-em-belo-horizonte\/#webpage"},"articleSection":"Cultura Belo Horizonte"},{"@type":"BreadcrumbList","@id":"https:\/\/www.encontrabelohorizonte.com.br\/sobre\/forum-mineiro-de-meio-ambiente-reune-300-pessoas-em-belo-horizonte\/#breadcrumblist","itemListElement":[{"@type":"ListItem","@id":"https:\/\/www.encontrabelohorizonte.com.br\/sobre#listItem","position":1,"name":"In\u00edcio","item":"https:\/\/www.encontrabelohorizonte.com.br\/sobre","nextItem":{"@type":"ListItem","@id":"https:\/\/www.encontrabelohorizonte.com.br\/sobre\/cultura\/#listItem","name":"Cultura Belo Horizonte"}},{"@type":"ListItem","@id":"https:\/\/www.encontrabelohorizonte.com.br\/sobre\/cultura\/#listItem","position":2,"name":"Cultura Belo Horizonte","item":"https:\/\/www.encontrabelohorizonte.com.br\/sobre\/cultura\/","nextItem":{"@type":"ListItem","@id":"https:\/\/www.encontrabelohorizonte.com.br\/sobre\/forum-mineiro-de-meio-ambiente-reune-300-pessoas-em-belo-horizonte\/#listItem","name":"F\u00f3rum Mineiro de Meio Ambiente re\u00fane 300 pessoas em Belo Horizonte"},"previousItem":{"@type":"ListItem","@id":"https:\/\/www.encontrabelohorizonte.com.br\/sobre#listItem","name":"In\u00edcio"}},{"@type":"ListItem","@id":"https:\/\/www.encontrabelohorizonte.com.br\/sobre\/forum-mineiro-de-meio-ambiente-reune-300-pessoas-em-belo-horizonte\/#listItem","position":3,"name":"F\u00f3rum Mineiro de Meio Ambiente re\u00fane 300 pessoas em Belo Horizonte","previousItem":{"@type":"ListItem","@id":"https:\/\/www.encontrabelohorizonte.com.br\/sobre\/cultura\/#listItem","name":"Cultura Belo Horizonte"}}]},{"@type":"Organization","@id":"https:\/\/www.encontrabelohorizonte.com.br\/sobre\/#organization","name":"Encontra Belo Horizonte","description":"Not\u00edcias, eventos, informa\u00e7\u00f5es e dicas da cidade de Belo Horizonte e regi\u00e3o","url":"https:\/\/www.encontrabelohorizonte.com.br\/sobre\/"},{"@type":"Person","@id":"https:\/\/www.encontrabelohorizonte.com.br\/sobre\/author\/ebelohorizonte\/#author","url":"https:\/\/www.encontrabelohorizonte.com.br\/sobre\/author\/ebelohorizonte\/","name":"Encontra Belo Horizonte","image":{"@type":"ImageObject","@id":"https:\/\/www.encontrabelohorizonte.com.br\/sobre\/forum-mineiro-de-meio-ambiente-reune-300-pessoas-em-belo-horizonte\/#authorImage","url":"https:\/\/secure.gravatar.com\/avatar\/507340682b8270222e1f208e23198b6ae7e2c6a1033ae84e99bc6bce4f82a387?s=96&d=mm&r=g","width":96,"height":96,"caption":"Encontra Belo Horizonte"}},{"@type":"WebPage","@id":"https:\/\/www.encontrabelohorizonte.com.br\/sobre\/forum-mineiro-de-meio-ambiente-reune-300-pessoas-em-belo-horizonte\/#webpage","url":"https:\/\/www.encontrabelohorizonte.com.br\/sobre\/forum-mineiro-de-meio-ambiente-reune-300-pessoas-em-belo-horizonte\/","name":"F\u00f3rum Mineiro de Meio Ambiente re\u00fane 300 pessoas em Belo Horizonte | Encontra Belo Horizonte","description":"F\u00f3rum Mineiro de Meio Ambiente traz 300 participantes em Belo Horizonte.","inLanguage":"pt-BR","isPartOf":{"@id":"https:\/\/www.encontrabelohorizonte.com.br\/sobre\/#website"},"breadcrumb":{"@id":"https:\/\/www.encontrabelohorizonte.com.br\/sobre\/forum-mineiro-de-meio-ambiente-reune-300-pessoas-em-belo-horizonte\/#breadcrumblist"},"author":{"@id":"https:\/\/www.encontrabelohorizonte.com.br\/sobre\/author\/ebelohorizonte\/#author"},"creator":{"@id":"https:\/\/www.encontrabelohorizonte.com.br\/sobre\/author\/ebelohorizonte\/#author"},"image":{"@type":"ImageObject","url":"https:\/\/www.encontrabelohorizonte.com.br\/sobre\/wp-content\/uploads\/forum-mineiro-de-meio-ambiente-reune-300-pessoas-em-belo-horizonte.webp","@id":"https:\/\/www.encontrabelohorizonte.com.br\/sobre\/forum-mineiro-de-meio-ambiente-reune-300-pessoas-em-belo-horizonte\/#mainImage","width":280,"height":280,"caption":"F\u00f3rum Mineiro de Meio Ambiente"},"primaryImageOfPage":{"@id":"https:\/\/www.encontrabelohorizonte.com.br\/sobre\/forum-mineiro-de-meio-ambiente-reune-300-pessoas-em-belo-horizonte\/#mainImage"},"datePublished":"2026-07-07T10:02:57-03:00","dateModified":"2026-07-07T10:02:57-03:00"},{"@type":"WebSite","@id":"https:\/\/www.encontrabelohorizonte.com.br\/sobre\/#website","url":"https:\/\/www.encontrabelohorizonte.com.br\/sobre\/","name":"Encontra Belo Horizonte","description":"Not\u00edcias, eventos, informa\u00e7\u00f5es e dicas da cidade de Belo Horizonte e regi\u00e3o","inLanguage":"pt-BR","publisher":{"@id":"https:\/\/www.encontrabelohorizonte.com.br\/sobre\/#organization"}}]},"og:locale":"pt_BR","og:site_name":"Encontra Belo Horizonte | Not\u00edcias, eventos, informa\u00e7\u00f5es e dicas da cidade de Belo Horizonte e regi\u00e3o","og:type":"article","og:title":"F\u00f3rum Mineiro de Meio Ambiente re\u00fane 300 pessoas em Belo Horizonte | Encontra Belo Horizonte","og:description":"F\u00f3rum Mineiro de Meio Ambiente traz 300 participantes em Belo Horizonte.","og:url":"https:\/\/www.encontrabelohorizonte.com.br\/sobre\/forum-mineiro-de-meio-ambiente-reune-300-pessoas-em-belo-horizonte\/","article:published_time":"2026-07-07T13:02:57+00:00","article:modified_time":"2026-07-07T13:02:57+00:00","twitter:card":"summary","twitter:title":"F\u00f3rum Mineiro de Meio Ambiente re\u00fane 300 pessoas em Belo Horizonte | Encontra Belo Horizonte","twitter:description":"F\u00f3rum Mineiro de Meio Ambiente traz 300 participantes em Belo Horizonte."},"aioseo_meta_data":{"post_id":"4293","title":null,"description":null,"keywords":null,"keyphrases":null,"primary_term":null,"canonical_url":null,"og_title":null,"og_description":null,"og_object_type":"default","og_image_type":"default","og_image_url":null,"og_image_width":null,"og_image_height":null,"og_image_custom_url":null,"og_image_custom_fields":null,"og_video":null,"og_custom_url":null,"og_article_section":null,"og_article_tags":null,"twitter_use_og":false,"twitter_card":"default","twitter_image_type":"default","twitter_image_url":null,"twitter_image_custom_url":null,"twitter_image_custom_fields":null,"twitter_title":null,"twitter_description":null,"schema":{"blockGraphs":[],"customGraphs":[],"default":{"data":{"Article":[],"Course":[],"Dataset":[],"FAQPage":[],"Movie":[],"Person":[],"Product":[],"ProductReview":[],"Car":[],"Recipe":[],"Service":[],"SoftwareApplication":[],"WebPage":[]},"graphName":"Article","isEnabled":true},"graphs":[]},"schema_type":"default","schema_type_options":null,"pillar_content":false,"robots_default":true,"robots_noindex":false,"robots_noarchive":false,"robots_nosnippet":false,"robots_nofollow":false,"robots_noimageindex":false,"robots_noodp":false,"robots_notranslate":false,"robots_max_snippet":null,"robots_max_videopreview":null,"robots_max_imagepreview":"large","priority":null,"frequency":null,"local_seo":null,"breadcrumb_settings":null,"limit_modified_date":false,"ai":null,"created":"2026-07-07 13:02:59","updated":"2026-07-07 13:09:38","focus_keyword":null,"additional_keywords":null,"truseo_locale":null,"seo_analyzer_scan_date":null},"aioseo_breadcrumb":"<div class=\"aioseo-breadcrumbs\"><span class=\"aioseo-breadcrumb\">\n\t\t\t<a href=\"https:\/\/www.encontrabelohorizonte.com.br\/sobre\" title=\"In\u00edcio\">In\u00edcio<\/a>\n\t\t<\/span><span class=\"aioseo-breadcrumb-separator\">&raquo;<\/span><span class=\"aioseo-breadcrumb\">\n\t\t\t<a href=\"https:\/\/www.encontrabelohorizonte.com.br\/sobre\/cultura\/\" title=\"Cultura Belo Horizonte\">Cultura Belo Horizonte<\/a>\n\t\t<\/span><span class=\"aioseo-breadcrumb-separator\">&raquo;<\/span><span class=\"aioseo-breadcrumb\">\n\t\t\tF\u00f3rum Mineiro de Meio Ambiente re\u00fane 300 pessoas em Belo Horizonte\n\t\t<\/span><\/div>","aioseo_breadcrumb_json":[{"label":"In\u00edcio","link":"https:\/\/www.encontrabelohorizonte.com.br\/sobre"},{"label":"Cultura Belo Horizonte","link":"https:\/\/www.encontrabelohorizonte.com.br\/sobre\/cultura\/"},{"label":"F\u00f3rum Mineiro de Meio Ambiente re\u00fane 300 pessoas em Belo Horizonte","link":"https:\/\/www.encontrabelohorizonte.com.br\/sobre\/forum-mineiro-de-meio-ambiente-reune-300-pessoas-em-belo-horizonte\/"}],"_links":{"self":[{"href":"https:\/\/www.encontrabelohorizonte.com.br\/sobre\/wp-json\/wp\/v2\/posts\/4293","targetHints":{"allow":["GET"]}}],"collection":[{"href":"https:\/\/www.encontrabelohorizonte.com.br\/sobre\/wp-json\/wp\/v2\/posts"}],"about":[{"href":"https:\/\/www.encontrabelohorizonte.com.br\/sobre\/wp-json\/wp\/v2\/types\/post"}],"author":[{"embeddable":true,"href":"https:\/\/www.encontrabelohorizonte.com.br\/sobre\/wp-json\/wp\/v2\/users\/1"}],"replies":[{"embeddable":true,"href":"https:\/\/www.encontrabelohorizonte.com.br\/sobre\/wp-json\/wp\/v2\/comments?post=4293"}],"version-history":[{"count":0,"href":"https:\/\/www.encontrabelohorizonte.com.br\/sobre\/wp-json\/wp\/v2\/posts\/4293\/revisions"}],"wp:featuredmedia":[{"embeddable":true,"href":"https:\/\/www.encontrabelohorizonte.com.br\/sobre\/wp-json\/wp\/v2\/media\/4292"}],"wp:attachment":[{"href":"https:\/\/www.encontrabelohorizonte.com.br\/sobre\/wp-json\/wp\/v2\/media?parent=4293"}],"wp:term":[{"taxonomy":"category","embeddable":true,"href":"https:\/\/www.encontrabelohorizonte.com.br\/sobre\/wp-json\/wp\/v2\/categories?post=4293"},{"taxonomy":"post_tag","embeddable":true,"href":"https:\/\/www.encontrabelohorizonte.com.br\/sobre\/wp-json\/wp\/v2\/tags?post=4293"}],"curies":[{"name":"wp","href":"https:\/\/api.w.org\/{rel}","templated":true}]}}