{"id":4303,"date":"2026-07-09T03:38:53","date_gmt":"2026-07-09T06:38:53","guid":{"rendered":"https:\/\/www.encontrabelohorizonte.com.br\/sobre\/tarifa-do-metro-de-bh-sobe-para-r-6-a-partir-desta-quarta\/"},"modified":"2026-07-09T03:38:53","modified_gmt":"2026-07-09T06:38:53","slug":"tarifa-do-metro-de-bh-sobe-para-r-6-a-partir-desta-quarta","status":"publish","type":"post","link":"https:\/\/www.encontrabelohorizonte.com.br\/sobre\/tarifa-do-metro-de-bh-sobe-para-r-6-a-partir-desta-quarta\/","title":{"rendered":"Tarifa do metr\u00f4 de BH sobe para R$ 6 a partir desta quarta"},"content":{"rendered":"<div class=\"2e083cf0b19e2c11948dc6ac054ba979\" data-index=\"1\" style=\"float: none; margin:0px;\">\n<!-- Anuncio display - global -->\r\n<ins class=\"adsbygoogle\"\r\n     style=\"display:block\"\r\n     data-ad-client=\"ca-pub-8585364105181520\"\r\n     data-ad-slot=\"8789329856\"\r\n     data-ad-format=\"auto\"\r\n     data-full-width-responsive=\"true\"><\/ins>\r\n<script>\r\n     (adsbygoogle = window.adsbygoogle || []).push({});\r\n<\/script>\n<\/div>\n<h2>Contexto do reajuste<\/h2>\n<p>No dia 1\u00ba de julho de 2026, o valor da tarifa do metr\u00f4 em Belo Horizonte, assim como na sua regi\u00e3o metropolitana, passou de <strong>R$ 5,80<\/strong> para <strong>R$ 6,00<\/strong>. Este aumento se deu a partir das 0h do mesmo dia, sendo um assunto de relev\u00e2ncia para os usu\u00e1rios do servi\u00e7o de transporte.<\/p>\n<p>A decis\u00e3o sobre o reajuste foi oficializada pela <strong>Secretaria de Estado de Infraestrutura, Mobilidade e Parcerias<\/strong> (Seinfra) e veiculada no Di\u00e1rio Oficial do Estado de Minas Gerais no s\u00e1bado anterior, dia 27 de junho. A concession\u00e1ria respons\u00e1vel pelo metr\u00f4, Metr\u00f4 BH, justificou o aumento como uma corre\u00e7\u00e3o necess\u00e1ria e justific\u00e1vel, seguindo a infla\u00e7\u00e3o acumulada entre mar\u00e7o de 2025 e mar\u00e7o de 2026.<\/p>\n<h2>O que mudou na tarifa<\/h2>\n<p>A revis\u00e3o na tarifa representa um incremento significativo para os usu\u00e1rios habituais do metr\u00f4. Embora o valor de R$ 6,00 esteja alinhado com a infla\u00e7\u00e3o do per\u00edodo estipulado, a percep\u00e7\u00e3o entre os passageiros \u00e9 de um aumento expressivo na tarifa, o que gera impactos diretos no or\u00e7amento mensal de quem utiliza o sistema.<\/p>\n<p><img decoding=\"async\" src=\"https:\/\/www.encontrabelohorizonte.com.br\/sobre\/wp-content\/uploads\/tarifa-do-metro-de-bh-sobe-para-r-6-a-partir-desta-quarta.webp\" alt=\"tarifa do metr\u00f4 de BH\" loading=\"lazy\" \/><\/p>\n<p>Anteriormente, a tarifa j\u00e1 havia passado por outras atualiza\u00e7\u00f5es. Em julho do ano anterior, em 2025, o pre\u00e7o da passagem tamb\u00e9m foi elevado, de R$ 5,50 para R$ 5,80. Portanto, este novo aumento marca uma sequ\u00eancia de reajustes que resultam em um custo consideravelmente superior para os frequentadores do metr\u00f4.<\/p>\n<h2>Impacto na rotina dos passageiros<\/h2>\n<p>Para muitos residentes de Belo Horizonte e cidades adjacentes, o metr\u00f4 \u00e9 uma pe\u00e7a chave na rotina di\u00e1ria. O novo custo de passagem de R$ 6,00 impacta diretamente diversos aspectos da vida cotidiana, incluindo:<\/p>\n<ul>\n<li><strong>Planejamento Financeiro:<\/strong> Usu\u00e1rios que dependem do metr\u00f4 para deslocamentos di\u00e1rios precisar\u00e3o ajustar seus or\u00e7amentos para acomodar os novos valores.<\/li>\n<li><strong>Possibilidade de Aumento de Caronas:<\/strong> Alguns passageiros podem optar por caronas ou servi\u00e7os de transporte alternativo, aumentando a demanda por esses servi\u00e7os.<\/li>\n<li><strong>Mudan\u00e7as na Frequ\u00eancia de Uso:<\/strong> O aumento no pre\u00e7o pode fazer com que alguns usu\u00e1rios reduzam a frequ\u00eancia de uso do metr\u00f4, se optando por modal de transporte que considerem mais acess\u00edveis.<\/li>\n<\/ul>\n<h2>Hist\u00f3rico de reajustes anteriores<\/h2>\n<p>Os reajustes tarif\u00e1rios nas passagens de metr\u00f4 s\u00e3o um fen\u00f4meno comum n\u00e3o apenas em Belo Horizonte, mas em diversas capitais brasileiras. Para contextualizar os usu\u00e1rios, aqui est\u00e1 um breve hist\u00f3rico das \u00faltimas altera\u00e7\u00f5es na tarifa do metr\u00f4 de BH:<\/p>\n<ul>\n<li><strong>1 de julho de 2023:<\/strong> A tarifa subiu de R$ 4,50 para R$ 5,30.<\/li>\n<li><strong>julho de 2024:<\/strong> A tarifa foi alterada para R$ 5,50.<\/li>\n<li><strong>julho de 2025:<\/strong> Reajuste para R$ 5,80.<\/li>\n<li><strong>1\u00ba de julho de 2026:<\/strong> Aumento para R$ 6,00.<\/li>\n<\/ul>\n<h2>Declara\u00e7\u00f5es da Metr\u00f4 BH<\/h2>\n<p>Em nota oficial, a Metr\u00f4 BH expressou que o reajuste refletem as necessidades do servi\u00e7o bem como a flu\u00eancia dos custos operacionais, que incluem despesas com manuten\u00e7\u00e3o e melhoria da infraestrutura. A empresa defendeu que a atualiza\u00e7\u00e3o \u00e9 essencial para garantir a qualidade e a efici\u00eancia do transporte oferecido aos usu\u00e1rios.<\/p>\n<h2>Rea\u00e7\u00f5es do p\u00fablico e usu\u00e1rios<\/h2>\n<p>As rea\u00e7\u00f5es dos usu\u00e1rios \u00e0 nova tarifa t\u00eam sido variadas, enquanto alguns compreendem a necessidade do reajuste, outros expressam descontentamento, considerando a alta como excessiva. Grupos de usu\u00e1rios nas redes sociais discutem as alternativas, e h\u00e1 algumas manifesta\u00e7\u00f5es convocadas por aqueles que se sentem injusti\u00e7ados pela nova cobran\u00e7a. O debate sobre os direitos dos usu\u00e1rios e a necessidade de um transporte acess\u00edvel continua aquecido.<\/p>\n<h2>Compara\u00e7\u00e3o com tarifas em outras capitais<\/h2>\n<p>Em compara\u00e7\u00e3o com outras capitais brasileiras, o pre\u00e7o do metr\u00f4 em Belo Horizonte ainda \u00e9 considerado abaixo da m\u00e9dia. Por exemplo, as tarifas em S\u00e3o Paulo e Rio de Janeiro costumam ser superiores a R$ 6,00. Essa compara\u00e7\u00e3o, embora possa confortar alguns usu\u00e1rios, n\u00e3o diminui o impacto sentindo na cidade onde o aumento proporcionalmente j\u00e1 teve sua evolu\u00e7\u00e3o nas tarifas em um curto intervalo de tempo.<\/p>\n<h2>Poss\u00edveis desdobramentos futuros<\/h2>\n<p>Com o novo valor das tarifas, \u00e9 plaus\u00edvel que o n\u00famero de passageiros possa ser afetado. A Metr\u00f4 BH precisa monitorar de perto a aceita\u00e7\u00e3o do p\u00fablico e a demanda por servi\u00e7os. Caso a redu\u00e7\u00e3o no uso se confirme, novos ajustes ou medidas poder\u00e3o ser tomadas, como investiga\u00e7\u00f5es para revis\u00e3o da estrutura tarif\u00e1ria.<\/p>\n<h2>O papel da infla\u00e7\u00e3o neste aumento<\/h2>\n<p>A infla\u00e7\u00e3o \u00e9 um dos principais fatores que justificam o aumento na tarifa do metr\u00f4. Ao longo do tempo, a corre\u00e7\u00e3o de pre\u00e7os, que acompanha o aumento dos custos de vida, \u00e9 uma pr\u00e1tica adotada globalmente para ajustar os valores dos servi\u00e7os prestados. A infla\u00e7\u00e3o acumulada nos \u00faltimos doze meses traz impacto direto e significativo nos valores que empresas precisam cobrar, e a Metr\u00f4 BH n\u00e3o foi exce\u00e7\u00e3o.<\/p>\n<h2>Alternativas de transporte para os usu\u00e1rios<\/h2>\n<p>Diante do aumento nas tarifas do metr\u00f4, os usu\u00e1rios de Belo Horizonte buscam tamb\u00e9m alternativas para se locomover. Algumas das op\u00e7\u00f5es incluem:<\/p>\n<ul>\n<li><strong>Transporte Coletivo:<\/strong> \u00d4nibus e vans que cobrem rotas complementares e podem ser mais econ\u00f4micos.<\/li>\n<li><strong>Caronas:<\/strong> Aplicativos de transporte t\u00eam aumentado sua popularidade como op\u00e7\u00e3o vi\u00e1vel para muitos.<\/li>\n<li><strong>Bicicletas:<\/strong> Para os que moram perto de suas loca\u00e7\u00f5es de trabalho, usar bicicleta \u00e9 uma op\u00e7\u00e3o tanto saud\u00e1vel quanto econ\u00f4mica.<\/li>\n<\/ul>\n<p>Em um cen\u00e1rio onde a acessibilidade ao transporte \u00e9 uma quest\u00e3o cr\u00edtica, o reajuste no pre\u00e7o da passagem do metr\u00f4 requer reflex\u00f5es sobre a mobilidade urbana e a necessidade de alternativas que atendam a demanda da sociedade.<\/p>\n\n<div style=\"font-size: 0px; height: 0px; line-height: 0px; margin: 0; padding: 0; clear: both;\"><\/div>","protected":false},"excerpt":{"rendered":"<p>A tarifa do metr\u00f4 de BH sobe para R$ 6. Confira os detalhes!<\/p>\n","protected":false},"author":1,"featured_media":4302,"comment_status":"closed","ping_status":"closed","sticky":false,"template":"","format":"standard","meta":{"footnotes":""},"categories":[6],"tags":[],"class_list":["post-4303","post","type-post","status-publish","format-standard","has-post-thumbnail","hentry","category-noticias","has_thumb"],"aioseo_notices":[],"aioseo_head":"\n\t\t<!-- All in One SEO 5.0.0.1 - aioseo.com -->\n\t<meta name=\"description\" content=\"A tarifa do metr\u00f4 de BH sobe para R$ 6. Confira os detalhes!\" \/>\n\t<meta name=\"robots\" content=\"max-image-preview:large\" \/>\n\t<meta name=\"author\" content=\"Encontra Belo Horizonte\"\/>\n\t<link rel=\"canonical\" href=\"https:\/\/www.encontrabelohorizonte.com.br\/sobre\/tarifa-do-metro-de-bh-sobe-para-r-6-a-partir-desta-quarta\/\" \/>\n\t<meta name=\"generator\" content=\"All in One SEO (AIOSEO) 5.0.0.1\" \/>\n\t\t<meta property=\"og:locale\" content=\"pt_BR\" \/>\n\t\t<meta property=\"og:site_name\" content=\"Encontra Belo Horizonte | Not\u00edcias, eventos, informa\u00e7\u00f5es e dicas da cidade de Belo Horizonte e regi\u00e3o\" \/>\n\t\t<meta property=\"og:type\" content=\"article\" \/>\n\t\t<meta property=\"og:title\" content=\"Tarifa do metr\u00f4 de BH sobe para R$ 6 a partir desta quarta | Encontra Belo Horizonte\" \/>\n\t\t<meta property=\"og:description\" content=\"A tarifa do metr\u00f4 de BH sobe para R$ 6. Confira os detalhes!\" \/>\n\t\t<meta property=\"og:url\" content=\"https:\/\/www.encontrabelohorizonte.com.br\/sobre\/tarifa-do-metro-de-bh-sobe-para-r-6-a-partir-desta-quarta\/\" \/>\n\t\t<meta property=\"article:published_time\" content=\"2026-07-09T06:38:53+00:00\" \/>\n\t\t<meta property=\"article:modified_time\" content=\"2026-07-09T06:38:53+00:00\" \/>\n\t\t<meta name=\"twitter:card\" content=\"summary\" \/>\n\t\t<meta name=\"twitter:title\" content=\"Tarifa do metr\u00f4 de BH sobe para R$ 6 a partir desta quarta | Encontra Belo Horizonte\" \/>\n\t\t<meta name=\"twitter:description\" content=\"A tarifa do metr\u00f4 de BH sobe para R$ 6. Confira os detalhes!\" \/>\n\t\t<script type=\"application\/ld+json\" class=\"aioseo-schema\">\n\t\t\t{\"@context\":\"https:\\\/\\\/schema.org\",\"@graph\":[{\"@type\":\"Article\",\"@id\":\"https:\\\/\\\/www.encontrabelohorizonte.com.br\\\/sobre\\\/tarifa-do-metro-de-bh-sobe-para-r-6-a-partir-desta-quarta\\\/#article\",\"name\":\"Tarifa do metr\\u00f4 de BH sobe para R$ 6 a partir desta quarta | Encontra Belo Horizonte\",\"headline\":\"Tarifa do metr\\u00f4 de BH sobe para R$ 6 a partir desta quarta\",\"author\":{\"@id\":\"https:\\\/\\\/www.encontrabelohorizonte.com.br\\\/sobre\\\/author\\\/ebelohorizonte\\\/#author\"},\"publisher\":{\"@id\":\"https:\\\/\\\/www.encontrabelohorizonte.com.br\\\/sobre\\\/#organization\"},\"image\":{\"@type\":\"ImageObject\",\"url\":\"https:\\\/\\\/www.encontrabelohorizonte.com.br\\\/sobre\\\/wp-content\\\/uploads\\\/tarifa-do-metro-de-bh-sobe-para-r-6-a-partir-desta-quarta.webp\",\"width\":280,\"height\":280,\"caption\":\"tarifa do metr\\u00f4 de BH\"},\"datePublished\":\"2026-07-09T03:38:53-03:00\",\"dateModified\":\"2026-07-09T03:38:53-03:00\",\"inLanguage\":\"pt-BR\",\"mainEntityOfPage\":{\"@id\":\"https:\\\/\\\/www.encontrabelohorizonte.com.br\\\/sobre\\\/tarifa-do-metro-de-bh-sobe-para-r-6-a-partir-desta-quarta\\\/#webpage\"},\"isPartOf\":{\"@id\":\"https:\\\/\\\/www.encontrabelohorizonte.com.br\\\/sobre\\\/tarifa-do-metro-de-bh-sobe-para-r-6-a-partir-desta-quarta\\\/#webpage\"},\"articleSection\":\"Not\\u00edcias Belo Horizonte\"},{\"@type\":\"BreadcrumbList\",\"@id\":\"https:\\\/\\\/www.encontrabelohorizonte.com.br\\\/sobre\\\/tarifa-do-metro-de-bh-sobe-para-r-6-a-partir-desta-quarta\\\/#breadcrumblist\",\"itemListElement\":[{\"@type\":\"ListItem\",\"@id\":\"https:\\\/\\\/www.encontrabelohorizonte.com.br\\\/sobre#listItem\",\"position\":1,\"name\":\"In\\u00edcio\",\"item\":\"https:\\\/\\\/www.encontrabelohorizonte.com.br\\\/sobre\",\"nextItem\":{\"@type\":\"ListItem\",\"@id\":\"https:\\\/\\\/www.encontrabelohorizonte.com.br\\\/sobre\\\/noticias\\\/#listItem\",\"name\":\"Not\\u00edcias Belo Horizonte\"}},{\"@type\":\"ListItem\",\"@id\":\"https:\\\/\\\/www.encontrabelohorizonte.com.br\\\/sobre\\\/noticias\\\/#listItem\",\"position\":2,\"name\":\"Not\\u00edcias Belo Horizonte\",\"item\":\"https:\\\/\\\/www.encontrabelohorizonte.com.br\\\/sobre\\\/noticias\\\/\",\"nextItem\":{\"@type\":\"ListItem\",\"@id\":\"https:\\\/\\\/www.encontrabelohorizonte.com.br\\\/sobre\\\/tarifa-do-metro-de-bh-sobe-para-r-6-a-partir-desta-quarta\\\/#listItem\",\"name\":\"Tarifa do metr\\u00f4 de BH sobe para R$ 6 a partir desta quarta\"},\"previousItem\":{\"@type\":\"ListItem\",\"@id\":\"https:\\\/\\\/www.encontrabelohorizonte.com.br\\\/sobre#listItem\",\"name\":\"In\\u00edcio\"}},{\"@type\":\"ListItem\",\"@id\":\"https:\\\/\\\/www.encontrabelohorizonte.com.br\\\/sobre\\\/tarifa-do-metro-de-bh-sobe-para-r-6-a-partir-desta-quarta\\\/#listItem\",\"position\":3,\"name\":\"Tarifa do metr\\u00f4 de BH sobe para R$ 6 a partir desta quarta\",\"previousItem\":{\"@type\":\"ListItem\",\"@id\":\"https:\\\/\\\/www.encontrabelohorizonte.com.br\\\/sobre\\\/noticias\\\/#listItem\",\"name\":\"Not\\u00edcias Belo Horizonte\"}}]},{\"@type\":\"Organization\",\"@id\":\"https:\\\/\\\/www.encontrabelohorizonte.com.br\\\/sobre\\\/#organization\",\"name\":\"Encontra Belo Horizonte\",\"description\":\"Not\\u00edcias, eventos, informa\\u00e7\\u00f5es e dicas da cidade de Belo Horizonte e regi\\u00e3o\",\"url\":\"https:\\\/\\\/www.encontrabelohorizonte.com.br\\\/sobre\\\/\"},{\"@type\":\"Person\",\"@id\":\"https:\\\/\\\/www.encontrabelohorizonte.com.br\\\/sobre\\\/author\\\/ebelohorizonte\\\/#author\",\"url\":\"https:\\\/\\\/www.encontrabelohorizonte.com.br\\\/sobre\\\/author\\\/ebelohorizonte\\\/\",\"name\":\"Encontra Belo Horizonte\",\"image\":{\"@type\":\"ImageObject\",\"@id\":\"https:\\\/\\\/www.encontrabelohorizonte.com.br\\\/sobre\\\/tarifa-do-metro-de-bh-sobe-para-r-6-a-partir-desta-quarta\\\/#authorImage\",\"url\":\"https:\\\/\\\/secure.gravatar.com\\\/avatar\\\/507340682b8270222e1f208e23198b6ae7e2c6a1033ae84e99bc6bce4f82a387?s=96&d=mm&r=g\",\"width\":96,\"height\":96,\"caption\":\"Encontra Belo Horizonte\"}},{\"@type\":\"WebPage\",\"@id\":\"https:\\\/\\\/www.encontrabelohorizonte.com.br\\\/sobre\\\/tarifa-do-metro-de-bh-sobe-para-r-6-a-partir-desta-quarta\\\/#webpage\",\"url\":\"https:\\\/\\\/www.encontrabelohorizonte.com.br\\\/sobre\\\/tarifa-do-metro-de-bh-sobe-para-r-6-a-partir-desta-quarta\\\/\",\"name\":\"Tarifa do metr\\u00f4 de BH sobe para R$ 6 a partir desta quarta | Encontra Belo Horizonte\",\"description\":\"A tarifa do metr\\u00f4 de BH sobe para R$ 6. Confira os detalhes!\",\"inLanguage\":\"pt-BR\",\"isPartOf\":{\"@id\":\"https:\\\/\\\/www.encontrabelohorizonte.com.br\\\/sobre\\\/#website\"},\"breadcrumb\":{\"@id\":\"https:\\\/\\\/www.encontrabelohorizonte.com.br\\\/sobre\\\/tarifa-do-metro-de-bh-sobe-para-r-6-a-partir-desta-quarta\\\/#breadcrumblist\"},\"author\":{\"@id\":\"https:\\\/\\\/www.encontrabelohorizonte.com.br\\\/sobre\\\/author\\\/ebelohorizonte\\\/#author\"},\"creator\":{\"@id\":\"https:\\\/\\\/www.encontrabelohorizonte.com.br\\\/sobre\\\/author\\\/ebelohorizonte\\\/#author\"},\"image\":{\"@type\":\"ImageObject\",\"url\":\"https:\\\/\\\/www.encontrabelohorizonte.com.br\\\/sobre\\\/wp-content\\\/uploads\\\/tarifa-do-metro-de-bh-sobe-para-r-6-a-partir-desta-quarta.webp\",\"@id\":\"https:\\\/\\\/www.encontrabelohorizonte.com.br\\\/sobre\\\/tarifa-do-metro-de-bh-sobe-para-r-6-a-partir-desta-quarta\\\/#mainImage\",\"width\":280,\"height\":280,\"caption\":\"tarifa do metr\\u00f4 de BH\"},\"primaryImageOfPage\":{\"@id\":\"https:\\\/\\\/www.encontrabelohorizonte.com.br\\\/sobre\\\/tarifa-do-metro-de-bh-sobe-para-r-6-a-partir-desta-quarta\\\/#mainImage\"},\"datePublished\":\"2026-07-09T03:38:53-03:00\",\"dateModified\":\"2026-07-09T03:38:53-03:00\"},{\"@type\":\"WebSite\",\"@id\":\"https:\\\/\\\/www.encontrabelohorizonte.com.br\\\/sobre\\\/#website\",\"url\":\"https:\\\/\\\/www.encontrabelohorizonte.com.br\\\/sobre\\\/\",\"name\":\"Encontra Belo Horizonte\",\"description\":\"Not\\u00edcias, eventos, informa\\u00e7\\u00f5es e dicas da cidade de Belo Horizonte e regi\\u00e3o\",\"inLanguage\":\"pt-BR\",\"publisher\":{\"@id\":\"https:\\\/\\\/www.encontrabelohorizonte.com.br\\\/sobre\\\/#organization\"}}]}\n\t\t<\/script>\n\t\t<!-- All in One SEO -->\n\n","aioseo_head_json":{"title":"Tarifa do metr\u00f4 de BH sobe para R$ 6 a partir desta quarta | Encontra Belo Horizonte","description":"A tarifa do metr\u00f4 de BH sobe para R$ 6. Confira os detalhes!","canonical_url":"https:\/\/www.encontrabelohorizonte.com.br\/sobre\/tarifa-do-metro-de-bh-sobe-para-r-6-a-partir-desta-quarta\/","robots":"max-image-preview:large","keywords":"","webmasterTools":{"miscellaneous":""},"schema":{"@context":"https:\/\/schema.org","@graph":[{"@type":"Article","@id":"https:\/\/www.encontrabelohorizonte.com.br\/sobre\/tarifa-do-metro-de-bh-sobe-para-r-6-a-partir-desta-quarta\/#article","name":"Tarifa do metr\u00f4 de BH sobe para R$ 6 a partir desta quarta | Encontra Belo Horizonte","headline":"Tarifa do metr\u00f4 de BH sobe para R$ 6 a partir desta quarta","author":{"@id":"https:\/\/www.encontrabelohorizonte.com.br\/sobre\/author\/ebelohorizonte\/#author"},"publisher":{"@id":"https:\/\/www.encontrabelohorizonte.com.br\/sobre\/#organization"},"image":{"@type":"ImageObject","url":"https:\/\/www.encontrabelohorizonte.com.br\/sobre\/wp-content\/uploads\/tarifa-do-metro-de-bh-sobe-para-r-6-a-partir-desta-quarta.webp","width":280,"height":280,"caption":"tarifa do metr\u00f4 de BH"},"datePublished":"2026-07-09T03:38:53-03:00","dateModified":"2026-07-09T03:38:53-03:00","inLanguage":"pt-BR","mainEntityOfPage":{"@id":"https:\/\/www.encontrabelohorizonte.com.br\/sobre\/tarifa-do-metro-de-bh-sobe-para-r-6-a-partir-desta-quarta\/#webpage"},"isPartOf":{"@id":"https:\/\/www.encontrabelohorizonte.com.br\/sobre\/tarifa-do-metro-de-bh-sobe-para-r-6-a-partir-desta-quarta\/#webpage"},"articleSection":"Not\u00edcias Belo Horizonte"},{"@type":"BreadcrumbList","@id":"https:\/\/www.encontrabelohorizonte.com.br\/sobre\/tarifa-do-metro-de-bh-sobe-para-r-6-a-partir-desta-quarta\/#breadcrumblist","itemListElement":[{"@type":"ListItem","@id":"https:\/\/www.encontrabelohorizonte.com.br\/sobre#listItem","position":1,"name":"In\u00edcio","item":"https:\/\/www.encontrabelohorizonte.com.br\/sobre","nextItem":{"@type":"ListItem","@id":"https:\/\/www.encontrabelohorizonte.com.br\/sobre\/noticias\/#listItem","name":"Not\u00edcias Belo Horizonte"}},{"@type":"ListItem","@id":"https:\/\/www.encontrabelohorizonte.com.br\/sobre\/noticias\/#listItem","position":2,"name":"Not\u00edcias Belo Horizonte","item":"https:\/\/www.encontrabelohorizonte.com.br\/sobre\/noticias\/","nextItem":{"@type":"ListItem","@id":"https:\/\/www.encontrabelohorizonte.com.br\/sobre\/tarifa-do-metro-de-bh-sobe-para-r-6-a-partir-desta-quarta\/#listItem","name":"Tarifa do metr\u00f4 de BH sobe para R$ 6 a partir desta quarta"},"previousItem":{"@type":"ListItem","@id":"https:\/\/www.encontrabelohorizonte.com.br\/sobre#listItem","name":"In\u00edcio"}},{"@type":"ListItem","@id":"https:\/\/www.encontrabelohorizonte.com.br\/sobre\/tarifa-do-metro-de-bh-sobe-para-r-6-a-partir-desta-quarta\/#listItem","position":3,"name":"Tarifa do metr\u00f4 de BH sobe para R$ 6 a partir desta quarta","previousItem":{"@type":"ListItem","@id":"https:\/\/www.encontrabelohorizonte.com.br\/sobre\/noticias\/#listItem","name":"Not\u00edcias Belo Horizonte"}}]},{"@type":"Organization","@id":"https:\/\/www.encontrabelohorizonte.com.br\/sobre\/#organization","name":"Encontra Belo Horizonte","description":"Not\u00edcias, eventos, informa\u00e7\u00f5es e dicas da cidade de Belo Horizonte e regi\u00e3o","url":"https:\/\/www.encontrabelohorizonte.com.br\/sobre\/"},{"@type":"Person","@id":"https:\/\/www.encontrabelohorizonte.com.br\/sobre\/author\/ebelohorizonte\/#author","url":"https:\/\/www.encontrabelohorizonte.com.br\/sobre\/author\/ebelohorizonte\/","name":"Encontra Belo Horizonte","image":{"@type":"ImageObject","@id":"https:\/\/www.encontrabelohorizonte.com.br\/sobre\/tarifa-do-metro-de-bh-sobe-para-r-6-a-partir-desta-quarta\/#authorImage","url":"https:\/\/secure.gravatar.com\/avatar\/507340682b8270222e1f208e23198b6ae7e2c6a1033ae84e99bc6bce4f82a387?s=96&d=mm&r=g","width":96,"height":96,"caption":"Encontra Belo Horizonte"}},{"@type":"WebPage","@id":"https:\/\/www.encontrabelohorizonte.com.br\/sobre\/tarifa-do-metro-de-bh-sobe-para-r-6-a-partir-desta-quarta\/#webpage","url":"https:\/\/www.encontrabelohorizonte.com.br\/sobre\/tarifa-do-metro-de-bh-sobe-para-r-6-a-partir-desta-quarta\/","name":"Tarifa do metr\u00f4 de BH sobe para R$ 6 a partir desta quarta | Encontra Belo Horizonte","description":"A tarifa do metr\u00f4 de BH sobe para R$ 6. Confira os detalhes!","inLanguage":"pt-BR","isPartOf":{"@id":"https:\/\/www.encontrabelohorizonte.com.br\/sobre\/#website"},"breadcrumb":{"@id":"https:\/\/www.encontrabelohorizonte.com.br\/sobre\/tarifa-do-metro-de-bh-sobe-para-r-6-a-partir-desta-quarta\/#breadcrumblist"},"author":{"@id":"https:\/\/www.encontrabelohorizonte.com.br\/sobre\/author\/ebelohorizonte\/#author"},"creator":{"@id":"https:\/\/www.encontrabelohorizonte.com.br\/sobre\/author\/ebelohorizonte\/#author"},"image":{"@type":"ImageObject","url":"https:\/\/www.encontrabelohorizonte.com.br\/sobre\/wp-content\/uploads\/tarifa-do-metro-de-bh-sobe-para-r-6-a-partir-desta-quarta.webp","@id":"https:\/\/www.encontrabelohorizonte.com.br\/sobre\/tarifa-do-metro-de-bh-sobe-para-r-6-a-partir-desta-quarta\/#mainImage","width":280,"height":280,"caption":"tarifa do metr\u00f4 de BH"},"primaryImageOfPage":{"@id":"https:\/\/www.encontrabelohorizonte.com.br\/sobre\/tarifa-do-metro-de-bh-sobe-para-r-6-a-partir-desta-quarta\/#mainImage"},"datePublished":"2026-07-09T03:38:53-03:00","dateModified":"2026-07-09T03:38:53-03:00"},{"@type":"WebSite","@id":"https:\/\/www.encontrabelohorizonte.com.br\/sobre\/#website","url":"https:\/\/www.encontrabelohorizonte.com.br\/sobre\/","name":"Encontra Belo Horizonte","description":"Not\u00edcias, eventos, informa\u00e7\u00f5es e dicas da cidade de Belo Horizonte e regi\u00e3o","inLanguage":"pt-BR","publisher":{"@id":"https:\/\/www.encontrabelohorizonte.com.br\/sobre\/#organization"}}]},"og:locale":"pt_BR","og:site_name":"Encontra Belo Horizonte | Not\u00edcias, eventos, informa\u00e7\u00f5es e dicas da cidade de Belo Horizonte e regi\u00e3o","og:type":"article","og:title":"Tarifa do metr\u00f4 de BH sobe para R$ 6 a partir desta quarta | Encontra Belo Horizonte","og:description":"A tarifa do metr\u00f4 de BH sobe para R$ 6. Confira os detalhes!","og:url":"https:\/\/www.encontrabelohorizonte.com.br\/sobre\/tarifa-do-metro-de-bh-sobe-para-r-6-a-partir-desta-quarta\/","article:published_time":"2026-07-09T06:38:53+00:00","article:modified_time":"2026-07-09T06:38:53+00:00","twitter:card":"summary","twitter:title":"Tarifa do metr\u00f4 de BH sobe para R$ 6 a partir desta quarta | Encontra Belo Horizonte","twitter:description":"A tarifa do metr\u00f4 de BH sobe para R$ 6. Confira os detalhes!"},"aioseo_meta_data":{"post_id":"4303","title":null,"description":null,"keywords":null,"keyphrases":null,"primary_term":null,"canonical_url":null,"og_title":null,"og_description":null,"og_object_type":"default","og_image_type":"default","og_image_url":null,"og_image_width":null,"og_image_height":null,"og_image_custom_url":null,"og_image_custom_fields":null,"og_video":null,"og_custom_url":null,"og_article_section":null,"og_article_tags":null,"twitter_use_og":false,"twitter_card":"default","twitter_image_type":"default","twitter_image_url":null,"twitter_image_custom_url":null,"twitter_image_custom_fields":null,"twitter_title":null,"twitter_description":null,"schema":{"blockGraphs":[],"customGraphs":[],"default":{"data":{"Article":[],"Course":[],"Dataset":[],"FAQPage":[],"Movie":[],"Person":[],"Product":[],"ProductReview":[],"Car":[],"Recipe":[],"Service":[],"SoftwareApplication":[],"WebPage":[]},"graphName":"Article","isEnabled":true},"graphs":[]},"schema_type":"default","schema_type_options":null,"pillar_content":false,"robots_default":true,"robots_noindex":false,"robots_noarchive":false,"robots_nosnippet":false,"robots_nofollow":false,"robots_noimageindex":false,"robots_noodp":false,"robots_notranslate":false,"robots_max_snippet":null,"robots_max_videopreview":null,"robots_max_imagepreview":"large","priority":null,"frequency":null,"local_seo":null,"breadcrumb_settings":null,"limit_modified_date":false,"ai":null,"created":"2026-07-09 06:38:54","updated":"2026-07-09 06:55:50","focus_keyword":null,"additional_keywords":null,"truseo_locale":null,"seo_analyzer_scan_date":null},"aioseo_breadcrumb":"<div class=\"aioseo-breadcrumbs\"><span class=\"aioseo-breadcrumb\">\n\t\t\t<a href=\"https:\/\/www.encontrabelohorizonte.com.br\/sobre\" title=\"In\u00edcio\">In\u00edcio<\/a>\n\t\t<\/span><span class=\"aioseo-breadcrumb-separator\">&raquo;<\/span><span class=\"aioseo-breadcrumb\">\n\t\t\t<a href=\"https:\/\/www.encontrabelohorizonte.com.br\/sobre\/noticias\/\" title=\"Not\u00edcias Belo Horizonte\">Not\u00edcias Belo Horizonte<\/a>\n\t\t<\/span><span class=\"aioseo-breadcrumb-separator\">&raquo;<\/span><span class=\"aioseo-breadcrumb\">\n\t\t\tTarifa do metr\u00f4 de BH sobe para R$ 6 a partir desta quarta\n\t\t<\/span><\/div>","aioseo_breadcrumb_json":[{"label":"In\u00edcio","link":"https:\/\/www.encontrabelohorizonte.com.br\/sobre"},{"label":"Not\u00edcias Belo Horizonte","link":"https:\/\/www.encontrabelohorizonte.com.br\/sobre\/noticias\/"},{"label":"Tarifa do metr\u00f4 de BH sobe para R$ 6 a partir desta quarta","link":"https:\/\/www.encontrabelohorizonte.com.br\/sobre\/tarifa-do-metro-de-bh-sobe-para-r-6-a-partir-desta-quarta\/"}],"_links":{"self":[{"href":"https:\/\/www.encontrabelohorizonte.com.br\/sobre\/wp-json\/wp\/v2\/posts\/4303","targetHints":{"allow":["GET"]}}],"collection":[{"href":"https:\/\/www.encontrabelohorizonte.com.br\/sobre\/wp-json\/wp\/v2\/posts"}],"about":[{"href":"https:\/\/www.encontrabelohorizonte.com.br\/sobre\/wp-json\/wp\/v2\/types\/post"}],"author":[{"embeddable":true,"href":"https:\/\/www.encontrabelohorizonte.com.br\/sobre\/wp-json\/wp\/v2\/users\/1"}],"replies":[{"embeddable":true,"href":"https:\/\/www.encontrabelohorizonte.com.br\/sobre\/wp-json\/wp\/v2\/comments?post=4303"}],"version-history":[{"count":0,"href":"https:\/\/www.encontrabelohorizonte.com.br\/sobre\/wp-json\/wp\/v2\/posts\/4303\/revisions"}],"wp:featuredmedia":[{"embeddable":true,"href":"https:\/\/www.encontrabelohorizonte.com.br\/sobre\/wp-json\/wp\/v2\/media\/4302"}],"wp:attachment":[{"href":"https:\/\/www.encontrabelohorizonte.com.br\/sobre\/wp-json\/wp\/v2\/media?parent=4303"}],"wp:term":[{"taxonomy":"category","embeddable":true,"href":"https:\/\/www.encontrabelohorizonte.com.br\/sobre\/wp-json\/wp\/v2\/categories?post=4303"},{"taxonomy":"post_tag","embeddable":true,"href":"https:\/\/www.encontrabelohorizonte.com.br\/sobre\/wp-json\/wp\/v2\/tags?post=4303"}],"curies":[{"name":"wp","href":"https:\/\/api.w.org\/{rel}","templated":true}]}}