{"id":4319,"date":"2026-07-11T20:39:05","date_gmt":"2026-07-11T23:39:05","guid":{"rendered":"https:\/\/www.encontrabelohorizonte.com.br\/sobre\/legislativo-de-bh-pode-aprovar-melhorias-na-politica-municipal-de-cuidados\/"},"modified":"2026-07-11T20:39:05","modified_gmt":"2026-07-11T23:39:05","slug":"legislativo-de-bh-pode-aprovar-melhorias-na-politica-municipal-de-cuidados","status":"publish","type":"post","link":"https:\/\/www.encontrabelohorizonte.com.br\/sobre\/legislativo-de-bh-pode-aprovar-melhorias-na-politica-municipal-de-cuidados\/","title":{"rendered":"Legislativo de BH pode aprovar melhorias na pol\u00edtica municipal de cuidados"},"content":{"rendered":"<div class=\"2e083cf0b19e2c11948dc6ac054ba979\" data-index=\"1\" style=\"float: none; margin:0px;\">\n<!-- Anuncio display - global -->\r\n<ins class=\"adsbygoogle\"\r\n     style=\"display:block\"\r\n     data-ad-client=\"ca-pub-8585364105181520\"\r\n     data-ad-slot=\"8789329856\"\r\n     data-ad-format=\"auto\"\r\n     data-full-width-responsive=\"true\"><\/ins>\r\n<script>\r\n     (adsbygoogle = window.adsbygoogle || []).push({});\r\n<\/script>\n<\/div>\n<h2>O que \u00e9 a Pol\u00edtica Municipal de Cuidados?<\/h2>\n<p>A Pol\u00edtica Municipal de Cuidados abrange um conjunto de diretrizes e normas projetadas para assegurar que as necessidades de cuidado de popula\u00e7\u00f5es vulner\u00e1veis, como os idosos e pessoas com fragilidades, sejam atendidas adequadamente. Essa pol\u00edtica busca promover um sistema integrado que tem como foco principal o bem-estar e a dignidade dos indiv\u00edduos que necessitam de assist\u00eancia cont\u00ednua.<\/p>\n<h2>Objetivos do Projeto de Lei 243\/2025<\/h2>\n<p>O Projeto de Lei 243\/2025 visa aprimorar a Pol\u00edtica Municipal de Cuidados por meio da amplia\u00e7\u00e3o das responsabilidades compartilhadas entre fam\u00edlia, sociedade e \u00f3rg\u00e3os p\u00fablicos. As principais metas incluem:<\/p>\n<ul>\n<li>Aumentar o acesso a servi\u00e7os de apoio e assist\u00eancia.<\/li>\n<li>Estabelecer mecanismos para a valoriza\u00e7\u00e3o do trabalho de cuidadores, sejam eles remunerados ou volunt\u00e1rios.<\/li>\n<li>Implementar a\u00e7\u00f5es que combatam o capacitismo, etarismo e racismo nas pr\u00e1ticas de cuidado.<\/li>\n<\/ul>\n<h2>Import\u00e2ncia da Corresponsabilidade no Cuidado<\/h2>\n<p>A corresponsabilidade no cuidado implica que todos os setores da sociedade t\u00eam um papel a desempenhar no apoio a indiv\u00edduos que precisam de assist\u00eancia. Isso inclui:<\/p>\n<p><img decoding=\"async\" src=\"https:\/\/www.encontrabelohorizonte.com.br\/sobre\/wp-content\/uploads\/legislativo-de-bh-pode-aprovar-melhorias-na-politica-municipal-de-cuidados.webp\" alt=\"pol\u00edtica municipal de cuidados\" loading=\"lazy\" \/><\/p>\n<ul>\n<li>Fam\u00edlias: Assumindo a responsabilidade prim\u00e1ria pelo cuidado em casa.<\/li>\n<li>Governo: Proporcionando recursos e servi\u00e7os que facilitem a assist\u00eancia.<\/li>\n<li>Sociedade Civil: Contribuindo com a\u00e7\u00f5es colaborativas e iniciativas de suporte.<\/li>\n<\/ul>\n<h2>A Inclus\u00e3o de Diretrizes de Combate ao Capacitismo<\/h2>\n<p>Uma das inova\u00e7\u00f5es do PL 243\/2025 \u00e9 a incorpora\u00e7\u00e3o de medidas que visam fortalecer a luta contra o capacitismo. Isso implica em:<\/p>\n<ul>\n<li>Cria\u00e7\u00e3o de campanhas educativas para sensibilizar a popula\u00e7\u00e3o sobre os direitos das pessoas com defici\u00eancia.<\/li>\n<li>Ado\u00e7\u00e3o de pr\u00e1ticas inclusivas que garantam que todos, independentemente de suas limita\u00e7\u00f5es, tenham acesso igualit\u00e1rio a servi\u00e7os e cuidados.<\/li>\n<\/ul>\n<h2>Impacto da Integra\u00e7\u00e3o entre \u00c1reas P\u00fablicas<\/h2>\n<p>A proposta do PL tamb\u00e9m define a necessidade de integra\u00e7\u00e3o de diferentes \u00e1reas, como a sa\u00fade, assist\u00eancia social, educa\u00e7\u00e3o e cultura. A coliga\u00e7\u00e3o dessas \u00e1reas \u00e9 essencial para:<\/p>\n<ul>\n<li>Oferecer um suporte mais robusto e hol\u00edstico para os indiv\u00edduos que necessitam de cuidados.<\/li>\n<li>Facilitar a troca de informa\u00e7\u00f5es e recursos entre os setores, melhorando a efici\u00eancia dos servi\u00e7os prestados.<\/li>\n<\/ul>\n<h2>Valoriza\u00e7\u00e3o do Trabalho de Cuidadores<\/h2>\n<p>O cuidado \u00e9 frequentemente um trabalho n\u00e3o reconhecido e subvalorizado. Assim, o PL prop\u00f5e:<\/p>\n<ul>\n<li>Desenvolver programas de capacita\u00e7\u00e3o para cuidadores com o intuito de profissionalizar a \u00e1rea.<\/li>\n<li>Implementar pol\u00edticas de remunera\u00e7\u00e3o que respeitem e reconhe\u00e7am o esfor\u00e7o dos cuidadores, estimulando a escolha desta carreira.<\/li>\n<\/ul>\n<h2>Como a Comunidade Pode Participar<\/h2>\n<p>A participa\u00e7\u00e3o da comunidade \u00e9 vital para o sucesso da Pol\u00edtica Municipal de Cuidados. A popula\u00e7\u00e3o pode:<\/p>\n<ul>\n<li>Envolver-se em a\u00e7\u00f5es volunt\u00e1rias que ajudem no cuidado de pessoas vulner\u00e1veis.<\/li>\n<li>Participar de workshops e eventos que discutam a import\u00e2ncia do cuidado e o apoio a cuidadores.<\/li>\n<li>Contribuir com ideias e sugest\u00f5es durante audi\u00eancias p\u00fablicas para a melhoria da pol\u00edtica.<\/li>\n<\/ul>\n<h2>Altera\u00e7\u00f5es Propostas no Texto Legislat\u00f3rio<\/h2>\n<p>O PL 243\/2025 traz propostas significativas de altera\u00e7\u00e3o nas legisla\u00e7\u00f5es existentes, incluindo:<\/p>\n<ul>\n<li>A introdu\u00e7\u00e3o de novas defini\u00e7\u00f5es e conceitos relacionados a cuidados, visando a promover maior clareza e aplica\u00e7\u00e3o adequada.<\/li>\n<li>Refor\u00e7o dos direitos de indiv\u00edduos com necessidades espec\u00edficas, alinhando as pr\u00e1ticas locais aos direitos humanos.<\/li>\n<\/ul>\n<h2>Caracter\u00edsticas do Substitutivo ao Projeto<\/h2>\n<p>O substitutivo ao projeto inclui:<\/p>\n<ul>\n<li>Limita\u00e7\u00e3o de defini\u00e7\u00f5es extensas para garantir melhor compreens\u00e3o e aplica\u00e7\u00e3o das normas.<\/li>\n<li>Novas diretrizes que promovem a inclus\u00e3o e o respeito \u00e0 diversidade cultural e social no cuidado.<\/li>\n<\/ul>\n<h2>Pr\u00f3ximos Passos para Aprova\u00e7\u00e3o do PL<\/h2>\n<p>Ap\u00f3s a vota\u00e7\u00e3o, o PL seguir\u00e1 os seguintes passos:<\/p>\n<ul>\n<li>Encaminhamento para san\u00e7\u00e3o ou veto do prefeito, dependendo do resultado da vota\u00e7\u00e3o.<\/li>\n<li>Se sancionado, a implementa\u00e7\u00e3o das diretrizes ser\u00e1 supervisionada, com acompanhamento por parte da sociedade civil e \u00f3rg\u00e3os competentes.<\/li>\n<\/ul>\n\n<div style=\"font-size: 0px; height: 0px; line-height: 0px; margin: 0; padding: 0; clear: both;\"><\/div>","protected":false},"excerpt":{"rendered":"<p>Legislativo de BH pode aprimorar a pol\u00edtica municipal de cuidados importantes.<\/p>\n","protected":false},"author":1,"featured_media":4318,"comment_status":"closed","ping_status":"closed","sticky":false,"template":"","format":"standard","meta":{"footnotes":""},"categories":[38],"tags":[],"class_list":["post-4319","post","type-post","status-publish","format-standard","has-post-thumbnail","hentry","category-educacao","has_thumb"],"aioseo_notices":[],"aioseo_head":"\n\t\t<!-- All in One SEO 5.0.0.1 - aioseo.com -->\n\t<meta name=\"description\" content=\"Legislativo de BH pode aprimorar a pol\u00edtica municipal de cuidados importantes.\" \/>\n\t<meta name=\"robots\" content=\"max-image-preview:large\" \/>\n\t<meta name=\"author\" content=\"Encontra Belo Horizonte\"\/>\n\t<link rel=\"canonical\" href=\"https:\/\/www.encontrabelohorizonte.com.br\/sobre\/legislativo-de-bh-pode-aprovar-melhorias-na-politica-municipal-de-cuidados\/\" \/>\n\t<meta name=\"generator\" content=\"All in One SEO (AIOSEO) 5.0.0.1\" \/>\n\t\t<meta property=\"og:locale\" content=\"pt_BR\" \/>\n\t\t<meta property=\"og:site_name\" content=\"Encontra Belo Horizonte | Not\u00edcias, eventos, informa\u00e7\u00f5es e dicas da cidade de Belo Horizonte e regi\u00e3o\" \/>\n\t\t<meta property=\"og:type\" content=\"article\" \/>\n\t\t<meta property=\"og:title\" content=\"Legislativo de BH pode aprovar melhorias na pol\u00edtica municipal de cuidados | Encontra Belo Horizonte\" \/>\n\t\t<meta property=\"og:description\" content=\"Legislativo de BH pode aprimorar a pol\u00edtica municipal de cuidados importantes.\" \/>\n\t\t<meta property=\"og:url\" content=\"https:\/\/www.encontrabelohorizonte.com.br\/sobre\/legislativo-de-bh-pode-aprovar-melhorias-na-politica-municipal-de-cuidados\/\" \/>\n\t\t<meta property=\"article:published_time\" content=\"2026-07-11T23:39:05+00:00\" \/>\n\t\t<meta property=\"article:modified_time\" content=\"2026-07-11T23:39:05+00:00\" \/>\n\t\t<meta name=\"twitter:card\" content=\"summary\" \/>\n\t\t<meta name=\"twitter:title\" content=\"Legislativo de BH pode aprovar melhorias na pol\u00edtica municipal de cuidados | Encontra Belo Horizonte\" \/>\n\t\t<meta name=\"twitter:description\" content=\"Legislativo de BH pode aprimorar a pol\u00edtica municipal de cuidados importantes.\" \/>\n\t\t<script type=\"application\/ld+json\" class=\"aioseo-schema\">\n\t\t\t{\"@context\":\"https:\\\/\\\/schema.org\",\"@graph\":[{\"@type\":\"Article\",\"@id\":\"https:\\\/\\\/www.encontrabelohorizonte.com.br\\\/sobre\\\/legislativo-de-bh-pode-aprovar-melhorias-na-politica-municipal-de-cuidados\\\/#article\",\"name\":\"Legislativo de BH pode aprovar melhorias na pol\\u00edtica municipal de cuidados | Encontra Belo Horizonte\",\"headline\":\"Legislativo de BH pode aprovar melhorias na pol\\u00edtica municipal de cuidados\",\"author\":{\"@id\":\"https:\\\/\\\/www.encontrabelohorizonte.com.br\\\/sobre\\\/author\\\/ebelohorizonte\\\/#author\"},\"publisher\":{\"@id\":\"https:\\\/\\\/www.encontrabelohorizonte.com.br\\\/sobre\\\/#organization\"},\"image\":{\"@type\":\"ImageObject\",\"url\":\"https:\\\/\\\/www.encontrabelohorizonte.com.br\\\/sobre\\\/wp-content\\\/uploads\\\/legislativo-de-bh-pode-aprovar-melhorias-na-politica-municipal-de-cuidados.webp\",\"width\":280,\"height\":280,\"caption\":\"pol\\u00edtica municipal de cuidados\"},\"datePublished\":\"2026-07-11T20:39:05-03:00\",\"dateModified\":\"2026-07-11T20:39:05-03:00\",\"inLanguage\":\"pt-BR\",\"mainEntityOfPage\":{\"@id\":\"https:\\\/\\\/www.encontrabelohorizonte.com.br\\\/sobre\\\/legislativo-de-bh-pode-aprovar-melhorias-na-politica-municipal-de-cuidados\\\/#webpage\"},\"isPartOf\":{\"@id\":\"https:\\\/\\\/www.encontrabelohorizonte.com.br\\\/sobre\\\/legislativo-de-bh-pode-aprovar-melhorias-na-politica-municipal-de-cuidados\\\/#webpage\"},\"articleSection\":\"Educa\\u00e7\\u00e3o Belo Horizonte\"},{\"@type\":\"BreadcrumbList\",\"@id\":\"https:\\\/\\\/www.encontrabelohorizonte.com.br\\\/sobre\\\/legislativo-de-bh-pode-aprovar-melhorias-na-politica-municipal-de-cuidados\\\/#breadcrumblist\",\"itemListElement\":[{\"@type\":\"ListItem\",\"@id\":\"https:\\\/\\\/www.encontrabelohorizonte.com.br\\\/sobre#listItem\",\"position\":1,\"name\":\"In\\u00edcio\",\"item\":\"https:\\\/\\\/www.encontrabelohorizonte.com.br\\\/sobre\",\"nextItem\":{\"@type\":\"ListItem\",\"@id\":\"https:\\\/\\\/www.encontrabelohorizonte.com.br\\\/sobre\\\/educacao\\\/#listItem\",\"name\":\"Educa\\u00e7\\u00e3o Belo Horizonte\"}},{\"@type\":\"ListItem\",\"@id\":\"https:\\\/\\\/www.encontrabelohorizonte.com.br\\\/sobre\\\/educacao\\\/#listItem\",\"position\":2,\"name\":\"Educa\\u00e7\\u00e3o Belo Horizonte\",\"item\":\"https:\\\/\\\/www.encontrabelohorizonte.com.br\\\/sobre\\\/educacao\\\/\",\"nextItem\":{\"@type\":\"ListItem\",\"@id\":\"https:\\\/\\\/www.encontrabelohorizonte.com.br\\\/sobre\\\/legislativo-de-bh-pode-aprovar-melhorias-na-politica-municipal-de-cuidados\\\/#listItem\",\"name\":\"Legislativo de BH pode aprovar melhorias na pol\\u00edtica municipal de cuidados\"},\"previousItem\":{\"@type\":\"ListItem\",\"@id\":\"https:\\\/\\\/www.encontrabelohorizonte.com.br\\\/sobre#listItem\",\"name\":\"In\\u00edcio\"}},{\"@type\":\"ListItem\",\"@id\":\"https:\\\/\\\/www.encontrabelohorizonte.com.br\\\/sobre\\\/legislativo-de-bh-pode-aprovar-melhorias-na-politica-municipal-de-cuidados\\\/#listItem\",\"position\":3,\"name\":\"Legislativo de BH pode aprovar melhorias na pol\\u00edtica municipal de cuidados\",\"previousItem\":{\"@type\":\"ListItem\",\"@id\":\"https:\\\/\\\/www.encontrabelohorizonte.com.br\\\/sobre\\\/educacao\\\/#listItem\",\"name\":\"Educa\\u00e7\\u00e3o Belo Horizonte\"}}]},{\"@type\":\"Organization\",\"@id\":\"https:\\\/\\\/www.encontrabelohorizonte.com.br\\\/sobre\\\/#organization\",\"name\":\"Encontra Belo Horizonte\",\"description\":\"Not\\u00edcias, eventos, informa\\u00e7\\u00f5es e dicas da cidade de Belo Horizonte e regi\\u00e3o\",\"url\":\"https:\\\/\\\/www.encontrabelohorizonte.com.br\\\/sobre\\\/\"},{\"@type\":\"Person\",\"@id\":\"https:\\\/\\\/www.encontrabelohorizonte.com.br\\\/sobre\\\/author\\\/ebelohorizonte\\\/#author\",\"url\":\"https:\\\/\\\/www.encontrabelohorizonte.com.br\\\/sobre\\\/author\\\/ebelohorizonte\\\/\",\"name\":\"Encontra Belo Horizonte\",\"image\":{\"@type\":\"ImageObject\",\"@id\":\"https:\\\/\\\/www.encontrabelohorizonte.com.br\\\/sobre\\\/legislativo-de-bh-pode-aprovar-melhorias-na-politica-municipal-de-cuidados\\\/#authorImage\",\"url\":\"https:\\\/\\\/secure.gravatar.com\\\/avatar\\\/507340682b8270222e1f208e23198b6ae7e2c6a1033ae84e99bc6bce4f82a387?s=96&d=mm&r=g\",\"width\":96,\"height\":96,\"caption\":\"Encontra Belo Horizonte\"}},{\"@type\":\"WebPage\",\"@id\":\"https:\\\/\\\/www.encontrabelohorizonte.com.br\\\/sobre\\\/legislativo-de-bh-pode-aprovar-melhorias-na-politica-municipal-de-cuidados\\\/#webpage\",\"url\":\"https:\\\/\\\/www.encontrabelohorizonte.com.br\\\/sobre\\\/legislativo-de-bh-pode-aprovar-melhorias-na-politica-municipal-de-cuidados\\\/\",\"name\":\"Legislativo de BH pode aprovar melhorias na pol\\u00edtica municipal de cuidados | Encontra Belo Horizonte\",\"description\":\"Legislativo de BH pode aprimorar a pol\\u00edtica municipal de cuidados importantes.\",\"inLanguage\":\"pt-BR\",\"isPartOf\":{\"@id\":\"https:\\\/\\\/www.encontrabelohorizonte.com.br\\\/sobre\\\/#website\"},\"breadcrumb\":{\"@id\":\"https:\\\/\\\/www.encontrabelohorizonte.com.br\\\/sobre\\\/legislativo-de-bh-pode-aprovar-melhorias-na-politica-municipal-de-cuidados\\\/#breadcrumblist\"},\"author\":{\"@id\":\"https:\\\/\\\/www.encontrabelohorizonte.com.br\\\/sobre\\\/author\\\/ebelohorizonte\\\/#author\"},\"creator\":{\"@id\":\"https:\\\/\\\/www.encontrabelohorizonte.com.br\\\/sobre\\\/author\\\/ebelohorizonte\\\/#author\"},\"image\":{\"@type\":\"ImageObject\",\"url\":\"https:\\\/\\\/www.encontrabelohorizonte.com.br\\\/sobre\\\/wp-content\\\/uploads\\\/legislativo-de-bh-pode-aprovar-melhorias-na-politica-municipal-de-cuidados.webp\",\"@id\":\"https:\\\/\\\/www.encontrabelohorizonte.com.br\\\/sobre\\\/legislativo-de-bh-pode-aprovar-melhorias-na-politica-municipal-de-cuidados\\\/#mainImage\",\"width\":280,\"height\":280,\"caption\":\"pol\\u00edtica municipal de cuidados\"},\"primaryImageOfPage\":{\"@id\":\"https:\\\/\\\/www.encontrabelohorizonte.com.br\\\/sobre\\\/legislativo-de-bh-pode-aprovar-melhorias-na-politica-municipal-de-cuidados\\\/#mainImage\"},\"datePublished\":\"2026-07-11T20:39:05-03:00\",\"dateModified\":\"2026-07-11T20:39:05-03:00\"},{\"@type\":\"WebSite\",\"@id\":\"https:\\\/\\\/www.encontrabelohorizonte.com.br\\\/sobre\\\/#website\",\"url\":\"https:\\\/\\\/www.encontrabelohorizonte.com.br\\\/sobre\\\/\",\"name\":\"Encontra Belo Horizonte\",\"description\":\"Not\\u00edcias, eventos, informa\\u00e7\\u00f5es e dicas da cidade de Belo Horizonte e regi\\u00e3o\",\"inLanguage\":\"pt-BR\",\"publisher\":{\"@id\":\"https:\\\/\\\/www.encontrabelohorizonte.com.br\\\/sobre\\\/#organization\"}}]}\n\t\t<\/script>\n\t\t<!-- All in One SEO -->\n\n","aioseo_head_json":{"title":"Legislativo de BH pode aprovar melhorias na pol\u00edtica municipal de cuidados | Encontra Belo Horizonte","description":"Legislativo de BH pode aprimorar a pol\u00edtica municipal de cuidados importantes.","canonical_url":"https:\/\/www.encontrabelohorizonte.com.br\/sobre\/legislativo-de-bh-pode-aprovar-melhorias-na-politica-municipal-de-cuidados\/","robots":"max-image-preview:large","keywords":"","webmasterTools":{"miscellaneous":""},"schema":{"@context":"https:\/\/schema.org","@graph":[{"@type":"Article","@id":"https:\/\/www.encontrabelohorizonte.com.br\/sobre\/legislativo-de-bh-pode-aprovar-melhorias-na-politica-municipal-de-cuidados\/#article","name":"Legislativo de BH pode aprovar melhorias na pol\u00edtica municipal de cuidados | Encontra Belo Horizonte","headline":"Legislativo de BH pode aprovar melhorias na pol\u00edtica municipal de cuidados","author":{"@id":"https:\/\/www.encontrabelohorizonte.com.br\/sobre\/author\/ebelohorizonte\/#author"},"publisher":{"@id":"https:\/\/www.encontrabelohorizonte.com.br\/sobre\/#organization"},"image":{"@type":"ImageObject","url":"https:\/\/www.encontrabelohorizonte.com.br\/sobre\/wp-content\/uploads\/legislativo-de-bh-pode-aprovar-melhorias-na-politica-municipal-de-cuidados.webp","width":280,"height":280,"caption":"pol\u00edtica municipal de cuidados"},"datePublished":"2026-07-11T20:39:05-03:00","dateModified":"2026-07-11T20:39:05-03:00","inLanguage":"pt-BR","mainEntityOfPage":{"@id":"https:\/\/www.encontrabelohorizonte.com.br\/sobre\/legislativo-de-bh-pode-aprovar-melhorias-na-politica-municipal-de-cuidados\/#webpage"},"isPartOf":{"@id":"https:\/\/www.encontrabelohorizonte.com.br\/sobre\/legislativo-de-bh-pode-aprovar-melhorias-na-politica-municipal-de-cuidados\/#webpage"},"articleSection":"Educa\u00e7\u00e3o Belo Horizonte"},{"@type":"BreadcrumbList","@id":"https:\/\/www.encontrabelohorizonte.com.br\/sobre\/legislativo-de-bh-pode-aprovar-melhorias-na-politica-municipal-de-cuidados\/#breadcrumblist","itemListElement":[{"@type":"ListItem","@id":"https:\/\/www.encontrabelohorizonte.com.br\/sobre#listItem","position":1,"name":"In\u00edcio","item":"https:\/\/www.encontrabelohorizonte.com.br\/sobre","nextItem":{"@type":"ListItem","@id":"https:\/\/www.encontrabelohorizonte.com.br\/sobre\/educacao\/#listItem","name":"Educa\u00e7\u00e3o Belo Horizonte"}},{"@type":"ListItem","@id":"https:\/\/www.encontrabelohorizonte.com.br\/sobre\/educacao\/#listItem","position":2,"name":"Educa\u00e7\u00e3o Belo Horizonte","item":"https:\/\/www.encontrabelohorizonte.com.br\/sobre\/educacao\/","nextItem":{"@type":"ListItem","@id":"https:\/\/www.encontrabelohorizonte.com.br\/sobre\/legislativo-de-bh-pode-aprovar-melhorias-na-politica-municipal-de-cuidados\/#listItem","name":"Legislativo de BH pode aprovar melhorias na pol\u00edtica municipal de cuidados"},"previousItem":{"@type":"ListItem","@id":"https:\/\/www.encontrabelohorizonte.com.br\/sobre#listItem","name":"In\u00edcio"}},{"@type":"ListItem","@id":"https:\/\/www.encontrabelohorizonte.com.br\/sobre\/legislativo-de-bh-pode-aprovar-melhorias-na-politica-municipal-de-cuidados\/#listItem","position":3,"name":"Legislativo de BH pode aprovar melhorias na pol\u00edtica municipal de cuidados","previousItem":{"@type":"ListItem","@id":"https:\/\/www.encontrabelohorizonte.com.br\/sobre\/educacao\/#listItem","name":"Educa\u00e7\u00e3o Belo Horizonte"}}]},{"@type":"Organization","@id":"https:\/\/www.encontrabelohorizonte.com.br\/sobre\/#organization","name":"Encontra Belo Horizonte","description":"Not\u00edcias, eventos, informa\u00e7\u00f5es e dicas da cidade de Belo Horizonte e regi\u00e3o","url":"https:\/\/www.encontrabelohorizonte.com.br\/sobre\/"},{"@type":"Person","@id":"https:\/\/www.encontrabelohorizonte.com.br\/sobre\/author\/ebelohorizonte\/#author","url":"https:\/\/www.encontrabelohorizonte.com.br\/sobre\/author\/ebelohorizonte\/","name":"Encontra Belo Horizonte","image":{"@type":"ImageObject","@id":"https:\/\/www.encontrabelohorizonte.com.br\/sobre\/legislativo-de-bh-pode-aprovar-melhorias-na-politica-municipal-de-cuidados\/#authorImage","url":"https:\/\/secure.gravatar.com\/avatar\/507340682b8270222e1f208e23198b6ae7e2c6a1033ae84e99bc6bce4f82a387?s=96&d=mm&r=g","width":96,"height":96,"caption":"Encontra Belo Horizonte"}},{"@type":"WebPage","@id":"https:\/\/www.encontrabelohorizonte.com.br\/sobre\/legislativo-de-bh-pode-aprovar-melhorias-na-politica-municipal-de-cuidados\/#webpage","url":"https:\/\/www.encontrabelohorizonte.com.br\/sobre\/legislativo-de-bh-pode-aprovar-melhorias-na-politica-municipal-de-cuidados\/","name":"Legislativo de BH pode aprovar melhorias na pol\u00edtica municipal de cuidados | Encontra Belo Horizonte","description":"Legislativo de BH pode aprimorar a pol\u00edtica municipal de cuidados importantes.","inLanguage":"pt-BR","isPartOf":{"@id":"https:\/\/www.encontrabelohorizonte.com.br\/sobre\/#website"},"breadcrumb":{"@id":"https:\/\/www.encontrabelohorizonte.com.br\/sobre\/legislativo-de-bh-pode-aprovar-melhorias-na-politica-municipal-de-cuidados\/#breadcrumblist"},"author":{"@id":"https:\/\/www.encontrabelohorizonte.com.br\/sobre\/author\/ebelohorizonte\/#author"},"creator":{"@id":"https:\/\/www.encontrabelohorizonte.com.br\/sobre\/author\/ebelohorizonte\/#author"},"image":{"@type":"ImageObject","url":"https:\/\/www.encontrabelohorizonte.com.br\/sobre\/wp-content\/uploads\/legislativo-de-bh-pode-aprovar-melhorias-na-politica-municipal-de-cuidados.webp","@id":"https:\/\/www.encontrabelohorizonte.com.br\/sobre\/legislativo-de-bh-pode-aprovar-melhorias-na-politica-municipal-de-cuidados\/#mainImage","width":280,"height":280,"caption":"pol\u00edtica municipal de cuidados"},"primaryImageOfPage":{"@id":"https:\/\/www.encontrabelohorizonte.com.br\/sobre\/legislativo-de-bh-pode-aprovar-melhorias-na-politica-municipal-de-cuidados\/#mainImage"},"datePublished":"2026-07-11T20:39:05-03:00","dateModified":"2026-07-11T20:39:05-03:00"},{"@type":"WebSite","@id":"https:\/\/www.encontrabelohorizonte.com.br\/sobre\/#website","url":"https:\/\/www.encontrabelohorizonte.com.br\/sobre\/","name":"Encontra Belo Horizonte","description":"Not\u00edcias, eventos, informa\u00e7\u00f5es e dicas da cidade de Belo Horizonte e regi\u00e3o","inLanguage":"pt-BR","publisher":{"@id":"https:\/\/www.encontrabelohorizonte.com.br\/sobre\/#organization"}}]},"og:locale":"pt_BR","og:site_name":"Encontra Belo Horizonte | Not\u00edcias, eventos, informa\u00e7\u00f5es e dicas da cidade de Belo Horizonte e regi\u00e3o","og:type":"article","og:title":"Legislativo de BH pode aprovar melhorias na pol\u00edtica municipal de cuidados | Encontra Belo Horizonte","og:description":"Legislativo de BH pode aprimorar a pol\u00edtica municipal de cuidados importantes.","og:url":"https:\/\/www.encontrabelohorizonte.com.br\/sobre\/legislativo-de-bh-pode-aprovar-melhorias-na-politica-municipal-de-cuidados\/","article:published_time":"2026-07-11T23:39:05+00:00","article:modified_time":"2026-07-11T23:39:05+00:00","twitter:card":"summary","twitter:title":"Legislativo de BH pode aprovar melhorias na pol\u00edtica municipal de cuidados | Encontra Belo Horizonte","twitter:description":"Legislativo de BH pode aprimorar a pol\u00edtica municipal de cuidados importantes."},"aioseo_meta_data":{"post_id":"4319","title":null,"description":null,"keywords":null,"keyphrases":null,"primary_term":null,"canonical_url":null,"og_title":null,"og_description":null,"og_object_type":"default","og_image_type":"default","og_image_url":null,"og_image_width":null,"og_image_height":null,"og_image_custom_url":null,"og_image_custom_fields":null,"og_video":null,"og_custom_url":null,"og_article_section":null,"og_article_tags":null,"twitter_use_og":false,"twitter_card":"default","twitter_image_type":"default","twitter_image_url":null,"twitter_image_custom_url":null,"twitter_image_custom_fields":null,"twitter_title":null,"twitter_description":null,"schema":{"blockGraphs":[],"customGraphs":[],"default":{"data":{"Article":[],"Course":[],"Dataset":[],"FAQPage":[],"Movie":[],"Person":[],"Product":[],"ProductReview":[],"Car":[],"Recipe":[],"Service":[],"SoftwareApplication":[],"WebPage":[]},"graphName":"Article","isEnabled":true},"graphs":[]},"schema_type":"default","schema_type_options":null,"pillar_content":false,"robots_default":true,"robots_noindex":false,"robots_noarchive":false,"robots_nosnippet":false,"robots_nofollow":false,"robots_noimageindex":false,"robots_noodp":false,"robots_notranslate":false,"robots_max_snippet":null,"robots_max_videopreview":null,"robots_max_imagepreview":"large","priority":null,"frequency":null,"local_seo":null,"breadcrumb_settings":null,"limit_modified_date":false,"ai":null,"created":"2026-07-11 23:39:07","updated":"2026-07-11 23:51:19","focus_keyword":null,"additional_keywords":null,"truseo_locale":null,"seo_analyzer_scan_date":null},"aioseo_breadcrumb":"<div class=\"aioseo-breadcrumbs\"><span class=\"aioseo-breadcrumb\">\n\t\t\t<a href=\"https:\/\/www.encontrabelohorizonte.com.br\/sobre\" title=\"In\u00edcio\">In\u00edcio<\/a>\n\t\t<\/span><span class=\"aioseo-breadcrumb-separator\">&raquo;<\/span><span class=\"aioseo-breadcrumb\">\n\t\t\t<a href=\"https:\/\/www.encontrabelohorizonte.com.br\/sobre\/educacao\/\" title=\"Educa\u00e7\u00e3o Belo Horizonte\">Educa\u00e7\u00e3o Belo Horizonte<\/a>\n\t\t<\/span><span class=\"aioseo-breadcrumb-separator\">&raquo;<\/span><span class=\"aioseo-breadcrumb\">\n\t\t\tLegislativo de BH pode aprovar melhorias na pol\u00edtica municipal de cuidados\n\t\t<\/span><\/div>","aioseo_breadcrumb_json":[{"label":"In\u00edcio","link":"https:\/\/www.encontrabelohorizonte.com.br\/sobre"},{"label":"Educa\u00e7\u00e3o Belo Horizonte","link":"https:\/\/www.encontrabelohorizonte.com.br\/sobre\/educacao\/"},{"label":"Legislativo de BH pode aprovar melhorias na pol\u00edtica municipal de cuidados","link":"https:\/\/www.encontrabelohorizonte.com.br\/sobre\/legislativo-de-bh-pode-aprovar-melhorias-na-politica-municipal-de-cuidados\/"}],"_links":{"self":[{"href":"https:\/\/www.encontrabelohorizonte.com.br\/sobre\/wp-json\/wp\/v2\/posts\/4319","targetHints":{"allow":["GET"]}}],"collection":[{"href":"https:\/\/www.encontrabelohorizonte.com.br\/sobre\/wp-json\/wp\/v2\/posts"}],"about":[{"href":"https:\/\/www.encontrabelohorizonte.com.br\/sobre\/wp-json\/wp\/v2\/types\/post"}],"author":[{"embeddable":true,"href":"https:\/\/www.encontrabelohorizonte.com.br\/sobre\/wp-json\/wp\/v2\/users\/1"}],"replies":[{"embeddable":true,"href":"https:\/\/www.encontrabelohorizonte.com.br\/sobre\/wp-json\/wp\/v2\/comments?post=4319"}],"version-history":[{"count":0,"href":"https:\/\/www.encontrabelohorizonte.com.br\/sobre\/wp-json\/wp\/v2\/posts\/4319\/revisions"}],"wp:featuredmedia":[{"embeddable":true,"href":"https:\/\/www.encontrabelohorizonte.com.br\/sobre\/wp-json\/wp\/v2\/media\/4318"}],"wp:attachment":[{"href":"https:\/\/www.encontrabelohorizonte.com.br\/sobre\/wp-json\/wp\/v2\/media?parent=4319"}],"wp:term":[{"taxonomy":"category","embeddable":true,"href":"https:\/\/www.encontrabelohorizonte.com.br\/sobre\/wp-json\/wp\/v2\/categories?post=4319"},{"taxonomy":"post_tag","embeddable":true,"href":"https:\/\/www.encontrabelohorizonte.com.br\/sobre\/wp-json\/wp\/v2\/tags?post=4319"}],"curies":[{"name":"wp","href":"https:\/\/api.w.org\/{rel}","templated":true}]}}