{"id":4356,"date":"2026-07-13T15:39:15","date_gmt":"2026-07-13T18:39:15","guid":{"rendered":"https:\/\/www.encontrabelohorizonte.com.br\/sobre\/nome-que-abriu-onda-de-esquerda-em-belo-horizonte-e-nova-opcao-do-pt-ao-governo-de-mg\/"},"modified":"2026-07-13T15:39:15","modified_gmt":"2026-07-13T18:39:15","slug":"nome-que-abriu-onda-de-esquerda-em-belo-horizonte-e-nova-opcao-do-pt-ao-governo-de-mg","status":"publish","type":"post","link":"https:\/\/www.encontrabelohorizonte.com.br\/sobre\/nome-que-abriu-onda-de-esquerda-em-belo-horizonte-e-nova-opcao-do-pt-ao-governo-de-mg\/","title":{"rendered":"Nome que abriu onda de esquerda em Belo Horizonte \u00e9 nova op\u00e7\u00e3o do PT ao governo de MG"},"content":{"rendered":"<div class=\"2e083cf0b19e2c11948dc6ac054ba979\" data-index=\"1\" style=\"float: none; margin:0px;\">\n<!-- Anuncio display - global -->\r\n<ins class=\"adsbygoogle\"\r\n     style=\"display:block\"\r\n     data-ad-client=\"ca-pub-8585364105181520\"\r\n     data-ad-slot=\"8789329856\"\r\n     data-ad-format=\"auto\"\r\n     data-full-width-responsive=\"true\"><\/ins>\r\n<script>\r\n     (adsbygoogle = window.adsbygoogle || []).push({});\r\n<\/script>\n<\/div>\n<h2>Quem \u00e9 Patrus Ananias?<\/h2>\n<p>Patrus Ananias, um pol\u00edtico brasileiro do PT, serviu como deputado federal e conquistou notoriedade ao ser prefeito de Belo Horizonte entre 1993 e 1996. A sua trajet\u00f3ria o tornou uma figura influente na pol\u00edtica mineira e nacional, especialmente dentro do Partido dos Trabalhadores, onde ocupou pap\u00e9is significativos em diversos governos.<\/p>\n<h2>Hist\u00f3ria de Patrus em Belo Horizonte<\/h2>\n<p>Durante seu mandato como prefeito de Belo Horizonte, Patrus Ananias foi respons\u00e1vel por implementar uma s\u00e9rie de pol\u00edticas p\u00fablicas voltadas para a inclus\u00e3o social e o desenvolvimento urbano. Seu trabalho na cidade foi marcante, pois ele abriu caminho para uma nova era de lideran\u00e7a na capital mineira, estabelecendo um legado que influenciaria as administra\u00e7\u00f5es seguintes.<\/p>\n<h2>O papel de Patrus no Partido dos Trabalhadores<\/h2>\n<p>Patrus teve um papel fundamental no PT, especialmente em Minas Gerais. Ele foi um dos principais aliados de Lula durante os primeiros anos do governo, assumindo a pasta do Desenvolvimento Social e Combate \u00e0 Fome, onde se destacou ao coordenar a implementa\u00e7\u00e3o do famoso Programa Bolsa Fam\u00edlia, essencial para a redu\u00e7\u00e3o da pobreza no Brasil.<\/p>\n<p><img decoding=\"async\" src=\"https:\/\/www.encontrabelohorizonte.com.br\/sobre\/wp-content\/uploads\/nome-que-abriu-onda-de-esquerda-em-belo-horizonte-e-nova-opcao-do-pt-ao-governo-de-mg.webp\" alt=\"op\u00e7\u00e3o do PT ao governo de MG\" loading=\"lazy\" \/><\/p>\n<h2>Desafios enfrentados pelo PT em Minas Gerais<\/h2>\n<p>O PT enfrenta diversos desafios em Minas Gerais, como a necessidade de renova\u00e7\u00f5es em sua estrat\u00e9gia eleitoral e a cria\u00e7\u00e3o de alian\u00e7as s\u00f3lidas. A fragmenta\u00e7\u00e3o pol\u00edtica e a concorr\u00eancia com partidos de centro e direita tamb\u00e9m complicam o cen\u00e1rio, exigindo uma atua\u00e7\u00e3o habilidosa. Al\u00e9m disso, as expectativas em rela\u00e7\u00e3o ao desempenho do partido nas elei\u00e7\u00f5es s\u00e3o extremamente altas, refletindo a press\u00e3o por resultados positivos.<\/p>\n<h2>A relev\u00e2ncia de Minas Gerais nas elei\u00e7\u00f5es<\/h2>\n<p>Minas Gerais \u00e9 um importante col\u00e9gio eleitoral e frequentemente considerado um term\u00f4metro para as elei\u00e7\u00f5es presidenciais e estaduais. A capacidade de um candidato de unir for\u00e7as em Minas Gerais pode determinar o sucesso em n\u00edvel nacional, tornando a disputa pelo governo estadual uma quest\u00e3o de relev\u00e2ncia cr\u00edtica para partidos como o PT.<\/p>\n<h2>Expectativas para a candidatura de Patrus<\/h2>\n<p>Se Patrus Ananias decidir se candidatar ao governo de Minas Gerais, as expectativas s\u00e3o de que ele traga uma revitaliza\u00e7\u00e3o \u00e0 chapa petista. Sua trajet\u00f3ria e conex\u00e3o com os eleitores de sua regi\u00e3o podem ser diferenciais importantes. Com sua experi\u00eancia pol\u00edtica e o legado da gest\u00e3o em Belo Horizonte, muitos acreditam que ele possui a capacidade de reunir diversas correntes dentro do partido e ganhar for\u00e7a nas urnas.<\/p>\n<h2>A rela\u00e7\u00e3o de Patrus com Lula<\/h2>\n<p>A rela\u00e7\u00e3o de Patrus Ananias com o ex-presidente Luiz In\u00e1cio Lula da Silva \u00e9 historicamente forte. Eles trabalharam juntos durante os anos de governo de Lula, o que rendeu a Patrus uma reputa\u00e7\u00e3o interna s\u00f3lida no partido. Esse v\u00ednculo pode se transformar em uma vantagem significativa, especialmente em um cen\u00e1rio eleitoral polarizado.<\/p>\n<h2>Outros nomes cogitados pelo PT<\/h2>\n<p>Al\u00e9m de Patrus, o PT j\u00e1 considerou outros candidatos para a disputa ao governo mineiro. Nomes como Mar\u00edlia Campos e Paulo Guedes surgem como alternativas, cada um trazendo sua pr\u00f3pria bagagem e potencial de atratividade para o eleitorado. Esses nomes refletem as tentativas do partido de encontrar lideran\u00e7as capazes de enfrentar a concorr\u00eancia e unificar a base.<\/p>\n<h2>Mudan\u00e7as no cen\u00e1rio pol\u00edtico de Minas<\/h2>\n<p>Nos \u00faltimos anos, o cen\u00e1rio pol\u00edtico de Minas Gerais se tornou cada vez mais din\u00e2mico. A ascens\u00e3o de novos partidos e candidatos, al\u00e9m das mudan\u00e7as nas prefer\u00eancias eleitorais, foge ao controle do PT. Essa instabilidade exige que o partido esteja atento a novas alian\u00e7as e estrat\u00e9gias que possam ajud\u00e1-lo a se manter relevante no estado.<\/p>\n<h2>O impacto da candidatura para o eleitorado mineiro<\/h2>\n<p>A candidatura de Patrus Ananias pode ter um impacto significativo no eleitorado mineiro, uma vez que ele tem um hist\u00f3rico de compreens\u00e3o das demandas da popula\u00e7\u00e3o. Sua experi\u00eancia em administra\u00e7\u00e3o p\u00fablica e sua imagem positiva entre os electores podem contribuir para uma melhor aceita\u00e7\u00e3o das propostas do PT, ajudando a consolidar uma alternativa vi\u00e1vel frente \u00e0 concorr\u00eancia de outras candidaturas.<\/p>\n\n<div style=\"font-size: 0px; height: 0px; line-height: 0px; margin: 0; padding: 0; clear: both;\"><\/div>","protected":false},"excerpt":{"rendered":"<p>Patrus Ananias emerge como nova op\u00e7\u00e3o do PT para o governo de MG.<\/p>\n","protected":false},"author":1,"featured_media":4355,"comment_status":"closed","ping_status":"closed","sticky":false,"template":"","format":"standard","meta":{"footnotes":""},"categories":[6],"tags":[],"class_list":["post-4356","post","type-post","status-publish","format-standard","has-post-thumbnail","hentry","category-noticias","has_thumb"],"aioseo_notices":[],"aioseo_head":"\n\t\t<!-- All in One SEO 5.0.0.1 - aioseo.com -->\n\t<meta name=\"description\" content=\"Patrus Ananias emerge como nova op\u00e7\u00e3o do PT para o governo de MG.\" \/>\n\t<meta name=\"robots\" content=\"max-image-preview:large\" \/>\n\t<meta name=\"author\" content=\"Encontra Belo Horizonte\"\/>\n\t<link rel=\"canonical\" href=\"https:\/\/www.encontrabelohorizonte.com.br\/sobre\/nome-que-abriu-onda-de-esquerda-em-belo-horizonte-e-nova-opcao-do-pt-ao-governo-de-mg\/\" \/>\n\t<meta name=\"generator\" content=\"All in One SEO (AIOSEO) 5.0.0.1\" \/>\n\t\t<meta property=\"og:locale\" content=\"pt_BR\" \/>\n\t\t<meta property=\"og:site_name\" content=\"Encontra Belo Horizonte | Not\u00edcias, eventos, informa\u00e7\u00f5es e dicas da cidade de Belo Horizonte e regi\u00e3o\" \/>\n\t\t<meta property=\"og:type\" content=\"article\" \/>\n\t\t<meta property=\"og:title\" content=\"Nome que abriu onda de esquerda em Belo Horizonte \u00e9 nova op\u00e7\u00e3o do PT ao governo de MG | Encontra Belo Horizonte\" \/>\n\t\t<meta property=\"og:description\" content=\"Patrus Ananias emerge como nova op\u00e7\u00e3o do PT para o governo de MG.\" \/>\n\t\t<meta property=\"og:url\" content=\"https:\/\/www.encontrabelohorizonte.com.br\/sobre\/nome-que-abriu-onda-de-esquerda-em-belo-horizonte-e-nova-opcao-do-pt-ao-governo-de-mg\/\" \/>\n\t\t<meta property=\"article:published_time\" content=\"2026-07-13T18:39:15+00:00\" \/>\n\t\t<meta property=\"article:modified_time\" content=\"2026-07-13T18:39:15+00:00\" \/>\n\t\t<meta name=\"twitter:card\" content=\"summary\" \/>\n\t\t<meta name=\"twitter:title\" content=\"Nome que abriu onda de esquerda em Belo Horizonte \u00e9 nova op\u00e7\u00e3o do PT ao governo de MG | Encontra Belo Horizonte\" \/>\n\t\t<meta name=\"twitter:description\" content=\"Patrus Ananias emerge como nova op\u00e7\u00e3o do PT para o governo de MG.\" \/>\n\t\t<script type=\"application\/ld+json\" class=\"aioseo-schema\">\n\t\t\t{\"@context\":\"https:\\\/\\\/schema.org\",\"@graph\":[{\"@type\":\"Article\",\"@id\":\"https:\\\/\\\/www.encontrabelohorizonte.com.br\\\/sobre\\\/nome-que-abriu-onda-de-esquerda-em-belo-horizonte-e-nova-opcao-do-pt-ao-governo-de-mg\\\/#article\",\"name\":\"Nome que abriu onda de esquerda em Belo Horizonte \\u00e9 nova op\\u00e7\\u00e3o do PT ao governo de MG | Encontra Belo Horizonte\",\"headline\":\"Nome que abriu onda de esquerda em Belo Horizonte \\u00e9 nova op\\u00e7\\u00e3o do PT ao governo de MG\",\"author\":{\"@id\":\"https:\\\/\\\/www.encontrabelohorizonte.com.br\\\/sobre\\\/author\\\/ebelohorizonte\\\/#author\"},\"publisher\":{\"@id\":\"https:\\\/\\\/www.encontrabelohorizonte.com.br\\\/sobre\\\/#organization\"},\"image\":{\"@type\":\"ImageObject\",\"url\":\"https:\\\/\\\/www.encontrabelohorizonte.com.br\\\/sobre\\\/wp-content\\\/uploads\\\/nome-que-abriu-onda-de-esquerda-em-belo-horizonte-e-nova-opcao-do-pt-ao-governo-de-mg.webp\",\"width\":280,\"height\":280,\"caption\":\"op\\u00e7\\u00e3o do PT ao governo de MG\"},\"datePublished\":\"2026-07-13T15:39:15-03:00\",\"dateModified\":\"2026-07-13T15:39:15-03:00\",\"inLanguage\":\"pt-BR\",\"mainEntityOfPage\":{\"@id\":\"https:\\\/\\\/www.encontrabelohorizonte.com.br\\\/sobre\\\/nome-que-abriu-onda-de-esquerda-em-belo-horizonte-e-nova-opcao-do-pt-ao-governo-de-mg\\\/#webpage\"},\"isPartOf\":{\"@id\":\"https:\\\/\\\/www.encontrabelohorizonte.com.br\\\/sobre\\\/nome-que-abriu-onda-de-esquerda-em-belo-horizonte-e-nova-opcao-do-pt-ao-governo-de-mg\\\/#webpage\"},\"articleSection\":\"Not\\u00edcias Belo Horizonte\"},{\"@type\":\"BreadcrumbList\",\"@id\":\"https:\\\/\\\/www.encontrabelohorizonte.com.br\\\/sobre\\\/nome-que-abriu-onda-de-esquerda-em-belo-horizonte-e-nova-opcao-do-pt-ao-governo-de-mg\\\/#breadcrumblist\",\"itemListElement\":[{\"@type\":\"ListItem\",\"@id\":\"https:\\\/\\\/www.encontrabelohorizonte.com.br\\\/sobre#listItem\",\"position\":1,\"name\":\"In\\u00edcio\",\"item\":\"https:\\\/\\\/www.encontrabelohorizonte.com.br\\\/sobre\",\"nextItem\":{\"@type\":\"ListItem\",\"@id\":\"https:\\\/\\\/www.encontrabelohorizonte.com.br\\\/sobre\\\/noticias\\\/#listItem\",\"name\":\"Not\\u00edcias Belo Horizonte\"}},{\"@type\":\"ListItem\",\"@id\":\"https:\\\/\\\/www.encontrabelohorizonte.com.br\\\/sobre\\\/noticias\\\/#listItem\",\"position\":2,\"name\":\"Not\\u00edcias Belo Horizonte\",\"item\":\"https:\\\/\\\/www.encontrabelohorizonte.com.br\\\/sobre\\\/noticias\\\/\",\"nextItem\":{\"@type\":\"ListItem\",\"@id\":\"https:\\\/\\\/www.encontrabelohorizonte.com.br\\\/sobre\\\/nome-que-abriu-onda-de-esquerda-em-belo-horizonte-e-nova-opcao-do-pt-ao-governo-de-mg\\\/#listItem\",\"name\":\"Nome que abriu onda de esquerda em Belo Horizonte \\u00e9 nova op\\u00e7\\u00e3o do PT ao governo de MG\"},\"previousItem\":{\"@type\":\"ListItem\",\"@id\":\"https:\\\/\\\/www.encontrabelohorizonte.com.br\\\/sobre#listItem\",\"name\":\"In\\u00edcio\"}},{\"@type\":\"ListItem\",\"@id\":\"https:\\\/\\\/www.encontrabelohorizonte.com.br\\\/sobre\\\/nome-que-abriu-onda-de-esquerda-em-belo-horizonte-e-nova-opcao-do-pt-ao-governo-de-mg\\\/#listItem\",\"position\":3,\"name\":\"Nome que abriu onda de esquerda em Belo Horizonte \\u00e9 nova op\\u00e7\\u00e3o do PT ao governo de MG\",\"previousItem\":{\"@type\":\"ListItem\",\"@id\":\"https:\\\/\\\/www.encontrabelohorizonte.com.br\\\/sobre\\\/noticias\\\/#listItem\",\"name\":\"Not\\u00edcias Belo Horizonte\"}}]},{\"@type\":\"Organization\",\"@id\":\"https:\\\/\\\/www.encontrabelohorizonte.com.br\\\/sobre\\\/#organization\",\"name\":\"Encontra Belo Horizonte\",\"description\":\"Not\\u00edcias, eventos, informa\\u00e7\\u00f5es e dicas da cidade de Belo Horizonte e regi\\u00e3o\",\"url\":\"https:\\\/\\\/www.encontrabelohorizonte.com.br\\\/sobre\\\/\"},{\"@type\":\"Person\",\"@id\":\"https:\\\/\\\/www.encontrabelohorizonte.com.br\\\/sobre\\\/author\\\/ebelohorizonte\\\/#author\",\"url\":\"https:\\\/\\\/www.encontrabelohorizonte.com.br\\\/sobre\\\/author\\\/ebelohorizonte\\\/\",\"name\":\"Encontra Belo Horizonte\",\"image\":{\"@type\":\"ImageObject\",\"@id\":\"https:\\\/\\\/www.encontrabelohorizonte.com.br\\\/sobre\\\/nome-que-abriu-onda-de-esquerda-em-belo-horizonte-e-nova-opcao-do-pt-ao-governo-de-mg\\\/#authorImage\",\"url\":\"https:\\\/\\\/secure.gravatar.com\\\/avatar\\\/507340682b8270222e1f208e23198b6ae7e2c6a1033ae84e99bc6bce4f82a387?s=96&d=mm&r=g\",\"width\":96,\"height\":96,\"caption\":\"Encontra Belo Horizonte\"}},{\"@type\":\"WebPage\",\"@id\":\"https:\\\/\\\/www.encontrabelohorizonte.com.br\\\/sobre\\\/nome-que-abriu-onda-de-esquerda-em-belo-horizonte-e-nova-opcao-do-pt-ao-governo-de-mg\\\/#webpage\",\"url\":\"https:\\\/\\\/www.encontrabelohorizonte.com.br\\\/sobre\\\/nome-que-abriu-onda-de-esquerda-em-belo-horizonte-e-nova-opcao-do-pt-ao-governo-de-mg\\\/\",\"name\":\"Nome que abriu onda de esquerda em Belo Horizonte \\u00e9 nova op\\u00e7\\u00e3o do PT ao governo de MG | Encontra Belo Horizonte\",\"description\":\"Patrus Ananias emerge como nova op\\u00e7\\u00e3o do PT para o governo de MG.\",\"inLanguage\":\"pt-BR\",\"isPartOf\":{\"@id\":\"https:\\\/\\\/www.encontrabelohorizonte.com.br\\\/sobre\\\/#website\"},\"breadcrumb\":{\"@id\":\"https:\\\/\\\/www.encontrabelohorizonte.com.br\\\/sobre\\\/nome-que-abriu-onda-de-esquerda-em-belo-horizonte-e-nova-opcao-do-pt-ao-governo-de-mg\\\/#breadcrumblist\"},\"author\":{\"@id\":\"https:\\\/\\\/www.encontrabelohorizonte.com.br\\\/sobre\\\/author\\\/ebelohorizonte\\\/#author\"},\"creator\":{\"@id\":\"https:\\\/\\\/www.encontrabelohorizonte.com.br\\\/sobre\\\/author\\\/ebelohorizonte\\\/#author\"},\"image\":{\"@type\":\"ImageObject\",\"url\":\"https:\\\/\\\/www.encontrabelohorizonte.com.br\\\/sobre\\\/wp-content\\\/uploads\\\/nome-que-abriu-onda-de-esquerda-em-belo-horizonte-e-nova-opcao-do-pt-ao-governo-de-mg.webp\",\"@id\":\"https:\\\/\\\/www.encontrabelohorizonte.com.br\\\/sobre\\\/nome-que-abriu-onda-de-esquerda-em-belo-horizonte-e-nova-opcao-do-pt-ao-governo-de-mg\\\/#mainImage\",\"width\":280,\"height\":280,\"caption\":\"op\\u00e7\\u00e3o do PT ao governo de MG\"},\"primaryImageOfPage\":{\"@id\":\"https:\\\/\\\/www.encontrabelohorizonte.com.br\\\/sobre\\\/nome-que-abriu-onda-de-esquerda-em-belo-horizonte-e-nova-opcao-do-pt-ao-governo-de-mg\\\/#mainImage\"},\"datePublished\":\"2026-07-13T15:39:15-03:00\",\"dateModified\":\"2026-07-13T15:39:15-03:00\"},{\"@type\":\"WebSite\",\"@id\":\"https:\\\/\\\/www.encontrabelohorizonte.com.br\\\/sobre\\\/#website\",\"url\":\"https:\\\/\\\/www.encontrabelohorizonte.com.br\\\/sobre\\\/\",\"name\":\"Encontra Belo Horizonte\",\"description\":\"Not\\u00edcias, eventos, informa\\u00e7\\u00f5es e dicas da cidade de Belo Horizonte e regi\\u00e3o\",\"inLanguage\":\"pt-BR\",\"publisher\":{\"@id\":\"https:\\\/\\\/www.encontrabelohorizonte.com.br\\\/sobre\\\/#organization\"}}]}\n\t\t<\/script>\n\t\t<!-- All in One SEO -->\n\n","aioseo_head_json":{"title":"Nome que abriu onda de esquerda em Belo Horizonte \u00e9 nova op\u00e7\u00e3o do PT ao governo de MG | Encontra Belo Horizonte","description":"Patrus Ananias emerge como nova op\u00e7\u00e3o do PT para o governo de MG.","canonical_url":"https:\/\/www.encontrabelohorizonte.com.br\/sobre\/nome-que-abriu-onda-de-esquerda-em-belo-horizonte-e-nova-opcao-do-pt-ao-governo-de-mg\/","robots":"max-image-preview:large","keywords":"","webmasterTools":{"miscellaneous":""},"schema":{"@context":"https:\/\/schema.org","@graph":[{"@type":"Article","@id":"https:\/\/www.encontrabelohorizonte.com.br\/sobre\/nome-que-abriu-onda-de-esquerda-em-belo-horizonte-e-nova-opcao-do-pt-ao-governo-de-mg\/#article","name":"Nome que abriu onda de esquerda em Belo Horizonte \u00e9 nova op\u00e7\u00e3o do PT ao governo de MG | Encontra Belo Horizonte","headline":"Nome que abriu onda de esquerda em Belo Horizonte \u00e9 nova op\u00e7\u00e3o do PT ao governo de MG","author":{"@id":"https:\/\/www.encontrabelohorizonte.com.br\/sobre\/author\/ebelohorizonte\/#author"},"publisher":{"@id":"https:\/\/www.encontrabelohorizonte.com.br\/sobre\/#organization"},"image":{"@type":"ImageObject","url":"https:\/\/www.encontrabelohorizonte.com.br\/sobre\/wp-content\/uploads\/nome-que-abriu-onda-de-esquerda-em-belo-horizonte-e-nova-opcao-do-pt-ao-governo-de-mg.webp","width":280,"height":280,"caption":"op\u00e7\u00e3o do PT ao governo de MG"},"datePublished":"2026-07-13T15:39:15-03:00","dateModified":"2026-07-13T15:39:15-03:00","inLanguage":"pt-BR","mainEntityOfPage":{"@id":"https:\/\/www.encontrabelohorizonte.com.br\/sobre\/nome-que-abriu-onda-de-esquerda-em-belo-horizonte-e-nova-opcao-do-pt-ao-governo-de-mg\/#webpage"},"isPartOf":{"@id":"https:\/\/www.encontrabelohorizonte.com.br\/sobre\/nome-que-abriu-onda-de-esquerda-em-belo-horizonte-e-nova-opcao-do-pt-ao-governo-de-mg\/#webpage"},"articleSection":"Not\u00edcias Belo Horizonte"},{"@type":"BreadcrumbList","@id":"https:\/\/www.encontrabelohorizonte.com.br\/sobre\/nome-que-abriu-onda-de-esquerda-em-belo-horizonte-e-nova-opcao-do-pt-ao-governo-de-mg\/#breadcrumblist","itemListElement":[{"@type":"ListItem","@id":"https:\/\/www.encontrabelohorizonte.com.br\/sobre#listItem","position":1,"name":"In\u00edcio","item":"https:\/\/www.encontrabelohorizonte.com.br\/sobre","nextItem":{"@type":"ListItem","@id":"https:\/\/www.encontrabelohorizonte.com.br\/sobre\/noticias\/#listItem","name":"Not\u00edcias Belo Horizonte"}},{"@type":"ListItem","@id":"https:\/\/www.encontrabelohorizonte.com.br\/sobre\/noticias\/#listItem","position":2,"name":"Not\u00edcias Belo Horizonte","item":"https:\/\/www.encontrabelohorizonte.com.br\/sobre\/noticias\/","nextItem":{"@type":"ListItem","@id":"https:\/\/www.encontrabelohorizonte.com.br\/sobre\/nome-que-abriu-onda-de-esquerda-em-belo-horizonte-e-nova-opcao-do-pt-ao-governo-de-mg\/#listItem","name":"Nome que abriu onda de esquerda em Belo Horizonte \u00e9 nova op\u00e7\u00e3o do PT ao governo de MG"},"previousItem":{"@type":"ListItem","@id":"https:\/\/www.encontrabelohorizonte.com.br\/sobre#listItem","name":"In\u00edcio"}},{"@type":"ListItem","@id":"https:\/\/www.encontrabelohorizonte.com.br\/sobre\/nome-que-abriu-onda-de-esquerda-em-belo-horizonte-e-nova-opcao-do-pt-ao-governo-de-mg\/#listItem","position":3,"name":"Nome que abriu onda de esquerda em Belo Horizonte \u00e9 nova op\u00e7\u00e3o do PT ao governo de MG","previousItem":{"@type":"ListItem","@id":"https:\/\/www.encontrabelohorizonte.com.br\/sobre\/noticias\/#listItem","name":"Not\u00edcias Belo Horizonte"}}]},{"@type":"Organization","@id":"https:\/\/www.encontrabelohorizonte.com.br\/sobre\/#organization","name":"Encontra Belo Horizonte","description":"Not\u00edcias, eventos, informa\u00e7\u00f5es e dicas da cidade de Belo Horizonte e regi\u00e3o","url":"https:\/\/www.encontrabelohorizonte.com.br\/sobre\/"},{"@type":"Person","@id":"https:\/\/www.encontrabelohorizonte.com.br\/sobre\/author\/ebelohorizonte\/#author","url":"https:\/\/www.encontrabelohorizonte.com.br\/sobre\/author\/ebelohorizonte\/","name":"Encontra Belo Horizonte","image":{"@type":"ImageObject","@id":"https:\/\/www.encontrabelohorizonte.com.br\/sobre\/nome-que-abriu-onda-de-esquerda-em-belo-horizonte-e-nova-opcao-do-pt-ao-governo-de-mg\/#authorImage","url":"https:\/\/secure.gravatar.com\/avatar\/507340682b8270222e1f208e23198b6ae7e2c6a1033ae84e99bc6bce4f82a387?s=96&d=mm&r=g","width":96,"height":96,"caption":"Encontra Belo Horizonte"}},{"@type":"WebPage","@id":"https:\/\/www.encontrabelohorizonte.com.br\/sobre\/nome-que-abriu-onda-de-esquerda-em-belo-horizonte-e-nova-opcao-do-pt-ao-governo-de-mg\/#webpage","url":"https:\/\/www.encontrabelohorizonte.com.br\/sobre\/nome-que-abriu-onda-de-esquerda-em-belo-horizonte-e-nova-opcao-do-pt-ao-governo-de-mg\/","name":"Nome que abriu onda de esquerda em Belo Horizonte \u00e9 nova op\u00e7\u00e3o do PT ao governo de MG | Encontra Belo Horizonte","description":"Patrus Ananias emerge como nova op\u00e7\u00e3o do PT para o governo de MG.","inLanguage":"pt-BR","isPartOf":{"@id":"https:\/\/www.encontrabelohorizonte.com.br\/sobre\/#website"},"breadcrumb":{"@id":"https:\/\/www.encontrabelohorizonte.com.br\/sobre\/nome-que-abriu-onda-de-esquerda-em-belo-horizonte-e-nova-opcao-do-pt-ao-governo-de-mg\/#breadcrumblist"},"author":{"@id":"https:\/\/www.encontrabelohorizonte.com.br\/sobre\/author\/ebelohorizonte\/#author"},"creator":{"@id":"https:\/\/www.encontrabelohorizonte.com.br\/sobre\/author\/ebelohorizonte\/#author"},"image":{"@type":"ImageObject","url":"https:\/\/www.encontrabelohorizonte.com.br\/sobre\/wp-content\/uploads\/nome-que-abriu-onda-de-esquerda-em-belo-horizonte-e-nova-opcao-do-pt-ao-governo-de-mg.webp","@id":"https:\/\/www.encontrabelohorizonte.com.br\/sobre\/nome-que-abriu-onda-de-esquerda-em-belo-horizonte-e-nova-opcao-do-pt-ao-governo-de-mg\/#mainImage","width":280,"height":280,"caption":"op\u00e7\u00e3o do PT ao governo de MG"},"primaryImageOfPage":{"@id":"https:\/\/www.encontrabelohorizonte.com.br\/sobre\/nome-que-abriu-onda-de-esquerda-em-belo-horizonte-e-nova-opcao-do-pt-ao-governo-de-mg\/#mainImage"},"datePublished":"2026-07-13T15:39:15-03:00","dateModified":"2026-07-13T15:39:15-03:00"},{"@type":"WebSite","@id":"https:\/\/www.encontrabelohorizonte.com.br\/sobre\/#website","url":"https:\/\/www.encontrabelohorizonte.com.br\/sobre\/","name":"Encontra Belo Horizonte","description":"Not\u00edcias, eventos, informa\u00e7\u00f5es e dicas da cidade de Belo Horizonte e regi\u00e3o","inLanguage":"pt-BR","publisher":{"@id":"https:\/\/www.encontrabelohorizonte.com.br\/sobre\/#organization"}}]},"og:locale":"pt_BR","og:site_name":"Encontra Belo Horizonte | Not\u00edcias, eventos, informa\u00e7\u00f5es e dicas da cidade de Belo Horizonte e regi\u00e3o","og:type":"article","og:title":"Nome que abriu onda de esquerda em Belo Horizonte \u00e9 nova op\u00e7\u00e3o do PT ao governo de MG | Encontra Belo Horizonte","og:description":"Patrus Ananias emerge como nova op\u00e7\u00e3o do PT para o governo de MG.","og:url":"https:\/\/www.encontrabelohorizonte.com.br\/sobre\/nome-que-abriu-onda-de-esquerda-em-belo-horizonte-e-nova-opcao-do-pt-ao-governo-de-mg\/","article:published_time":"2026-07-13T18:39:15+00:00","article:modified_time":"2026-07-13T18:39:15+00:00","twitter:card":"summary","twitter:title":"Nome que abriu onda de esquerda em Belo Horizonte \u00e9 nova op\u00e7\u00e3o do PT ao governo de MG | Encontra Belo Horizonte","twitter:description":"Patrus Ananias emerge como nova op\u00e7\u00e3o do PT para o governo de MG."},"aioseo_meta_data":{"post_id":"4356","title":null,"description":null,"keywords":null,"keyphrases":null,"primary_term":null,"canonical_url":null,"og_title":null,"og_description":null,"og_object_type":"default","og_image_type":"default","og_image_url":null,"og_image_width":null,"og_image_height":null,"og_image_custom_url":null,"og_image_custom_fields":null,"og_video":null,"og_custom_url":null,"og_article_section":null,"og_article_tags":null,"twitter_use_og":false,"twitter_card":"default","twitter_image_type":"default","twitter_image_url":null,"twitter_image_custom_url":null,"twitter_image_custom_fields":null,"twitter_title":null,"twitter_description":null,"schema":{"blockGraphs":[],"customGraphs":[],"default":{"data":{"Article":[],"Course":[],"Dataset":[],"FAQPage":[],"Movie":[],"Person":[],"Product":[],"ProductReview":[],"Car":[],"Recipe":[],"Service":[],"SoftwareApplication":[],"WebPage":[]},"graphName":"","isEnabled":true},"graphs":[]},"schema_type":"default","schema_type_options":null,"pillar_content":false,"robots_default":true,"robots_noindex":false,"robots_noarchive":false,"robots_nosnippet":false,"robots_nofollow":false,"robots_noimageindex":false,"robots_noodp":false,"robots_notranslate":false,"robots_max_snippet":null,"robots_max_videopreview":null,"robots_max_imagepreview":"large","priority":null,"frequency":null,"local_seo":null,"breadcrumb_settings":null,"limit_modified_date":false,"ai":null,"created":"2026-07-13 19:25:13","updated":"2026-07-13 19:25:13","focus_keyword":null,"additional_keywords":null,"truseo_locale":null,"seo_analyzer_scan_date":null},"aioseo_breadcrumb":"<div class=\"aioseo-breadcrumbs\"><span class=\"aioseo-breadcrumb\">\n\t\t\t<a href=\"https:\/\/www.encontrabelohorizonte.com.br\/sobre\" title=\"In\u00edcio\">In\u00edcio<\/a>\n\t\t<\/span><span class=\"aioseo-breadcrumb-separator\">&raquo;<\/span><span class=\"aioseo-breadcrumb\">\n\t\t\t<a href=\"https:\/\/www.encontrabelohorizonte.com.br\/sobre\/noticias\/\" title=\"Not\u00edcias Belo Horizonte\">Not\u00edcias Belo Horizonte<\/a>\n\t\t<\/span><span class=\"aioseo-breadcrumb-separator\">&raquo;<\/span><span class=\"aioseo-breadcrumb\">\n\t\t\tNome que abriu onda de esquerda em Belo Horizonte \u00e9 nova op\u00e7\u00e3o do PT ao governo de MG\n\t\t<\/span><\/div>","aioseo_breadcrumb_json":[{"label":"In\u00edcio","link":"https:\/\/www.encontrabelohorizonte.com.br\/sobre"},{"label":"Not\u00edcias Belo Horizonte","link":"https:\/\/www.encontrabelohorizonte.com.br\/sobre\/noticias\/"},{"label":"Nome que abriu onda de esquerda em Belo Horizonte \u00e9 nova op\u00e7\u00e3o do PT ao governo de MG","link":"https:\/\/www.encontrabelohorizonte.com.br\/sobre\/nome-que-abriu-onda-de-esquerda-em-belo-horizonte-e-nova-opcao-do-pt-ao-governo-de-mg\/"}],"_links":{"self":[{"href":"https:\/\/www.encontrabelohorizonte.com.br\/sobre\/wp-json\/wp\/v2\/posts\/4356","targetHints":{"allow":["GET"]}}],"collection":[{"href":"https:\/\/www.encontrabelohorizonte.com.br\/sobre\/wp-json\/wp\/v2\/posts"}],"about":[{"href":"https:\/\/www.encontrabelohorizonte.com.br\/sobre\/wp-json\/wp\/v2\/types\/post"}],"author":[{"embeddable":true,"href":"https:\/\/www.encontrabelohorizonte.com.br\/sobre\/wp-json\/wp\/v2\/users\/1"}],"replies":[{"embeddable":true,"href":"https:\/\/www.encontrabelohorizonte.com.br\/sobre\/wp-json\/wp\/v2\/comments?post=4356"}],"version-history":[{"count":0,"href":"https:\/\/www.encontrabelohorizonte.com.br\/sobre\/wp-json\/wp\/v2\/posts\/4356\/revisions"}],"wp:featuredmedia":[{"embeddable":true,"href":"https:\/\/www.encontrabelohorizonte.com.br\/sobre\/wp-json\/wp\/v2\/media\/4355"}],"wp:attachment":[{"href":"https:\/\/www.encontrabelohorizonte.com.br\/sobre\/wp-json\/wp\/v2\/media?parent=4356"}],"wp:term":[{"taxonomy":"category","embeddable":true,"href":"https:\/\/www.encontrabelohorizonte.com.br\/sobre\/wp-json\/wp\/v2\/categories?post=4356"},{"taxonomy":"post_tag","embeddable":true,"href":"https:\/\/www.encontrabelohorizonte.com.br\/sobre\/wp-json\/wp\/v2\/tags?post=4356"}],"curies":[{"name":"wp","href":"https:\/\/api.w.org\/{rel}","templated":true}]}}