{"id":4372,"date":"2026-07-16T02:30:56","date_gmt":"2026-07-16T05:30:56","guid":{"rendered":"https:\/\/www.encontrabelohorizonte.com.br\/sobre\/trem-de-ferias-entre-vitoria-e-belo-horizonte-ainda-tem-vagas-para-julho-veja-como-comprar\/"},"modified":"2026-07-16T02:30:56","modified_gmt":"2026-07-16T05:30:56","slug":"trem-de-ferias-entre-vitoria-e-belo-horizonte-ainda-tem-vagas-para-julho-veja-como-comprar","status":"publish","type":"post","link":"https:\/\/www.encontrabelohorizonte.com.br\/sobre\/trem-de-ferias-entre-vitoria-e-belo-horizonte-ainda-tem-vagas-para-julho-veja-como-comprar\/","title":{"rendered":"Trem de F\u00e9rias entre Vit\u00f3ria e Belo Horizonte ainda tem vagas para julho; veja como comprar"},"content":{"rendered":"<div class=\"2e083cf0b19e2c11948dc6ac054ba979\" data-index=\"1\" style=\"float: none; margin:0px;\">\n<!-- Anuncio display - global -->\r\n<ins class=\"adsbygoogle\"\r\n     style=\"display:block\"\r\n     data-ad-client=\"ca-pub-8585364105181520\"\r\n     data-ad-slot=\"8789329856\"\r\n     data-ad-format=\"auto\"\r\n     data-full-width-responsive=\"true\"><\/ins>\r\n<script>\r\n     (adsbygoogle = window.adsbygoogle || []).push({});\r\n<\/script>\n<\/div>\n<h2>Vagas dispon\u00edveis para o Trem de F\u00e9rias<\/h2>\n<p>As viagens do Trem de F\u00e9rias, que conecta as cidades de Vit\u00f3ria e Belo Horizonte durante o per\u00edodo das f\u00e9rias escolares, ainda disponibilizam assentos. A Vale, respons\u00e1vel pelo trecho, anunciou que j\u00e1 foram vendidas mais de 20 mil passagens, mas houve uma boa quantidade de vagas que ainda pode ser adquirida para os dias de julho.<\/p>\n<h2>Viagens noturnas entre Minas e Esp\u00edrito Santo<\/h2>\n<p>Esta opera\u00e7\u00e3o especial oferece um formato de viagem noturna, o que permite aos passageiros aproveitarem ao m\u00e1ximo o dia em suas atividades e passeios, ao inv\u00e9s de perderem tempo com deslocamentos durante o per\u00edodo diurno. A viagem acontece em hor\u00e1rios que favorecem a chegada no destino desejado pela manh\u00e3, ideal para quem quer aproveitar as praias do Esp\u00edrito Santo sem comprometer seus hor\u00e1rios.<\/p>\n<h2>Pre\u00e7os das passagens e op\u00e7\u00e3o de classe<\/h2>\n<p>As tarifas das passagens s\u00e3o acess\u00edveis e se mant\u00eam em n\u00edveis semelhantes aos das viagens regulares. Os pre\u00e7os variam conforme a classe:<\/p>\n<p><img decoding=\"async\" src=\"https:\/\/www.encontrabelohorizonte.com.br\/sobre\/wp-content\/uploads\/trem-de-ferias-entre-vitoria-e-belo-horizonte-ainda-tem-vagas-para-julho-veja-como-comprar.webp\" alt=\"Trem de F\u00e9rias Vit\u00f3ria BH\" loading=\"lazy\" \/><\/p>\n<ul>\n<li><strong>Classe econ\u00f4mica:<\/strong> R$ 87<\/li>\n<li><strong>Classe executiva:<\/strong> R$ 125<\/li>\n<\/ul>\n<p>Estes valores s\u00e3o correspondentes ao percurso completo entre Belo Horizonte e Cariacica, proporcionando a op\u00e7\u00e3o de maior conforto, caso o passageiro opte pela classe executiva.<\/p>\n<h2>Como adquirir os bilhetes<\/h2>\n<p>Os interessados em adquirir suas passagens podem hacerlo de diversas maneiras:<\/p>\n<ul>\n<li>Pelo <a href=\"https:\/\/tremdepassageiros.vale.com\">site oficial da Vale<\/a>;<\/li>\n<li>Nas bilheteiras das esta\u00e7\u00f5es, durante hor\u00e1rios regulares;<\/li>\n<li>Pelo telefone 0800 285 7000.<\/li>\n<\/ul>\n<p>Essas op\u00e7\u00f5es garantem que seja f\u00e1cil e conveniente para todos os tipos de viajantes garantirem seus lugares.<\/p>\n<h2>Hor\u00e1rios das viagens do Trem de F\u00e9rias<\/h2>\n<p>Os hor\u00e1rios das viagens noturnas s\u00e3o particularmente vantajosos. Veja abaixo os itiner\u00e1rios:<\/p>\n<h3>Sentido Esp\u00edrito Santo \u2013 Minas Gerais<\/h3>\n<ul>\n<li>Esta\u00e7\u00e3o Pedro Nolasco \u2013 18h<\/li>\n<li>Esta\u00e7\u00e3o Fund\u00e3o \u2013 19h03<\/li>\n<li>Esta\u00e7\u00e3o Colatina \u2013 20h28<\/li>\n<li>Esta\u00e7\u00e3o Baixo Guandu \u2013 21h14<\/li>\n<li>Esta\u00e7\u00e3o Aimor\u00e9s \u2013 21h23<\/li>\n<li>Esta\u00e7\u00e3o Resplendor \u2013 22h02<\/li>\n<li>Esta\u00e7\u00e3o Conselheiro Pena \u2013 22h37<\/li>\n<li>Esta\u00e7\u00e3o Governador Valadares \u2013 23h58<\/li>\n<li>Esta\u00e7\u00e3o Ipatinga \u2013 1h53<\/li>\n<li>Esta\u00e7\u00e3o Desembargador Drumond \u2013 3h11<\/li>\n<li>Esta\u00e7\u00e3o Rio Piracicaba \u2013 3h55<\/li>\n<li>Esta\u00e7\u00e3o Dois Irm\u00e3os \u2013 5h<\/li>\n<li>Esta\u00e7\u00e3o Belo Horizonte \u2013 7h50<\/li>\n<\/ul>\n<h3>Sentido Minas Gerais \u2013 Esp\u00edrito Santo<\/h3>\n<ul>\n<li>Esta\u00e7\u00e3o Belo Horizonte \u2013 19h<\/li>\n<li>Esta\u00e7\u00e3o Dois Irm\u00e3os \u2013 20h48<\/li>\n<li>Esta\u00e7\u00e3o Rio Piracicaba \u2013 21h54<\/li>\n<li>Esta\u00e7\u00e3o Desembargador Drumond \u2013 22h36<\/li>\n<li>Esta\u00e7\u00e3o Ipatinga \u2013 23h55<\/li>\n<li>Esta\u00e7\u00e3o Governador Valadares \u2013 1h53<\/li>\n<li>Esta\u00e7\u00e3o Conselheiro Pena \u2013 3h10<\/li>\n<li>Esta\u00e7\u00e3o Resplendor \u2013 3h50<\/li>\n<li>Esta\u00e7\u00e3o Aimor\u00e9s \u2013 4h31<\/li>\n<li>Esta\u00e7\u00e3o Baixo Guandu \u2013 4h41<\/li>\n<li>Esta\u00e7\u00e3o Colatina \u2013 5h29<\/li>\n<li>Esta\u00e7\u00e3o Fund\u00e3o \u2013 6h55<\/li>\n<li>Esta\u00e7\u00e3o Pedro Nolasco \u2013 8h15<\/li>\n<\/ul>\n<h2>O que esperar de uma viagem noturna<\/h2>\n<p>As viagens noturnas oferecidas pelo Trem de F\u00e9rias proporcionam uma experi\u00eancia \u00fanica e revigorante. Os passageiros contam com conforto durante a viagem, permitindo que possam se ajustar \u00e0s suas necessidades de descanso enquanto se deslocam para seu destino. A ilumina\u00e7\u00e3o suave do trem e a possibilidade de espa\u00e7ar os assentos tamb\u00e9m contribuem para uma viagem mais relaxante e menos cansativa.<\/p>\n<h2>Conex\u00e3o entre destinos tur\u00edsticos<\/h2>\n<p>O Trem de F\u00e9rias estreita ainda mais a conex\u00e3o entre os dois estados, facilitando o acesso a destinos tur\u00edsticos populares. A proposta \u00e9 oferecer um meio de transporte que n\u00e3o s\u00f3 liga as cidades, mas que promove o turismo e a economia local atrav\u00e9s da mobilidade. Seja um final de semana na praia ou um evento cultural, o trem se torna um aliado essencial para o lazer e turismo.<\/p>\n<h2>Continuidade da opera\u00e7\u00e3o regular dos trens<\/h2>\n<p>A opera\u00e7\u00e3o especial do Trem de F\u00e9rias n\u00e3o interfere na circula\u00e7\u00e3o habitual das linhas regulares da Estrada de Ferro Vit\u00f3ria a Minas. Isso significa que o regular fluxo de passageiros e a programa\u00e7\u00e3o normal de viagens seguem funcionando sem interrup\u00e7\u00f5es, assegurando que quem precisa do trem para suas obriga\u00e7\u00f5es di\u00e1rias ainda encontrar\u00e1 o servi\u00e7o dispon\u00edvel.<\/p>\n<h2>Informa\u00e7\u00f5es adicionais para passageiros<\/h2>\n<p>Para aqueles que est\u00e3o planejando usar os servi\u00e7os do Trem de F\u00e9rias, \u00e9 importante ficar atento \u00e0s regras de embarque e quaisquer particularidades sobre a bagagem. Os passageiros podem acessar mais detalhes diretamente no site da Vale ou atrav\u00e9s dos canais de atendimento, garantindo que suas viagens sejam tranquilas e sem imprevistos.<\/p>\n<h2>A import\u00e2ncia do transporte ferrovi\u00e1rio nas f\u00e9rias<\/h2>\n<p>O sistema ferrovi\u00e1rio desempenha um papel crucial durante as f\u00e9rias, oferecendo uma alternativa sustent\u00e1vel e eficiente. O transporte de passageiros por trem reduz o tr\u00e1fego nas rodovias, contribuindo para a diminui\u00e7\u00e3o de congestionamentos e melhora da qualidade do ar. V\u00e1rios turistas e viajantes di\u00e1rios se beneficiam do conforto e da seguran\u00e7a que este meio de transporte proporciona, tornando o Trem de F\u00e9rias uma escolha inteligente e acess\u00edvel.<\/p>\n\n<div style=\"font-size: 0px; height: 0px; line-height: 0px; margin: 0; padding: 0; clear: both;\"><\/div>","protected":false},"excerpt":{"rendered":"<p>Trem de F\u00e9rias ainda tem vagas dispon\u00edveis para julho entre Vit\u00f3ria e Belo Horizonte.<\/p>\n","protected":false},"author":1,"featured_media":4371,"comment_status":"closed","ping_status":"closed","sticky":false,"template":"","format":"standard","meta":{"footnotes":""},"categories":[39],"tags":[],"class_list":["post-4372","post","type-post","status-publish","format-standard","has-post-thumbnail","hentry","category-lugares-em-belo-horizonte","has_thumb"],"aioseo_notices":[],"aioseo_head":"\n\t\t<!-- All in One SEO 5.0.0.1 - aioseo.com -->\n\t<meta name=\"description\" content=\"Trem de F\u00e9rias ainda tem vagas dispon\u00edveis para julho entre Vit\u00f3ria e Belo Horizonte.\" \/>\n\t<meta name=\"robots\" content=\"max-image-preview:large\" \/>\n\t<meta name=\"author\" content=\"Encontra Belo Horizonte\"\/>\n\t<link rel=\"canonical\" href=\"https:\/\/www.encontrabelohorizonte.com.br\/sobre\/trem-de-ferias-entre-vitoria-e-belo-horizonte-ainda-tem-vagas-para-julho-veja-como-comprar\/\" \/>\n\t<meta name=\"generator\" content=\"All in One SEO (AIOSEO) 5.0.0.1\" \/>\n\t\t<meta property=\"og:locale\" content=\"pt_BR\" \/>\n\t\t<meta property=\"og:site_name\" content=\"Encontra Belo Horizonte | Not\u00edcias, eventos, informa\u00e7\u00f5es e dicas da cidade de Belo Horizonte e regi\u00e3o\" \/>\n\t\t<meta property=\"og:type\" content=\"article\" \/>\n\t\t<meta property=\"og:title\" content=\"Trem de F\u00e9rias entre Vit\u00f3ria e Belo Horizonte ainda tem vagas para julho; veja como comprar | Encontra Belo Horizonte\" \/>\n\t\t<meta property=\"og:description\" content=\"Trem de F\u00e9rias ainda tem vagas dispon\u00edveis para julho entre Vit\u00f3ria e Belo Horizonte.\" \/>\n\t\t<meta property=\"og:url\" content=\"https:\/\/www.encontrabelohorizonte.com.br\/sobre\/trem-de-ferias-entre-vitoria-e-belo-horizonte-ainda-tem-vagas-para-julho-veja-como-comprar\/\" \/>\n\t\t<meta property=\"article:published_time\" content=\"2026-07-16T05:30:56+00:00\" \/>\n\t\t<meta property=\"article:modified_time\" content=\"2026-07-16T05:30:56+00:00\" \/>\n\t\t<meta name=\"twitter:card\" content=\"summary\" \/>\n\t\t<meta name=\"twitter:title\" content=\"Trem de F\u00e9rias entre Vit\u00f3ria e Belo Horizonte ainda tem vagas para julho; veja como comprar | Encontra Belo Horizonte\" \/>\n\t\t<meta name=\"twitter:description\" content=\"Trem de F\u00e9rias ainda tem vagas dispon\u00edveis para julho entre Vit\u00f3ria e Belo Horizonte.\" \/>\n\t\t<script type=\"application\/ld+json\" class=\"aioseo-schema\">\n\t\t\t{\"@context\":\"https:\\\/\\\/schema.org\",\"@graph\":[{\"@type\":\"Article\",\"@id\":\"https:\\\/\\\/www.encontrabelohorizonte.com.br\\\/sobre\\\/trem-de-ferias-entre-vitoria-e-belo-horizonte-ainda-tem-vagas-para-julho-veja-como-comprar\\\/#article\",\"name\":\"Trem de F\\u00e9rias entre Vit\\u00f3ria e Belo Horizonte ainda tem vagas para julho; veja como comprar | Encontra Belo Horizonte\",\"headline\":\"Trem de F\\u00e9rias entre Vit\\u00f3ria e Belo Horizonte ainda tem vagas para julho; veja como comprar\",\"author\":{\"@id\":\"https:\\\/\\\/www.encontrabelohorizonte.com.br\\\/sobre\\\/author\\\/ebelohorizonte\\\/#author\"},\"publisher\":{\"@id\":\"https:\\\/\\\/www.encontrabelohorizonte.com.br\\\/sobre\\\/#organization\"},\"image\":{\"@type\":\"ImageObject\",\"url\":\"https:\\\/\\\/www.encontrabelohorizonte.com.br\\\/sobre\\\/wp-content\\\/uploads\\\/trem-de-ferias-entre-vitoria-e-belo-horizonte-ainda-tem-vagas-para-julho-veja-como-comprar.webp\",\"width\":280,\"height\":280,\"caption\":\"Trem de F\\u00e9rias Vit\\u00f3ria BH\"},\"datePublished\":\"2026-07-16T02:30:56-03:00\",\"dateModified\":\"2026-07-16T02:30:56-03:00\",\"inLanguage\":\"pt-BR\",\"mainEntityOfPage\":{\"@id\":\"https:\\\/\\\/www.encontrabelohorizonte.com.br\\\/sobre\\\/trem-de-ferias-entre-vitoria-e-belo-horizonte-ainda-tem-vagas-para-julho-veja-como-comprar\\\/#webpage\"},\"isPartOf\":{\"@id\":\"https:\\\/\\\/www.encontrabelohorizonte.com.br\\\/sobre\\\/trem-de-ferias-entre-vitoria-e-belo-horizonte-ainda-tem-vagas-para-julho-veja-como-comprar\\\/#webpage\"},\"articleSection\":\"Lugares em Belo Horizonte\"},{\"@type\":\"BreadcrumbList\",\"@id\":\"https:\\\/\\\/www.encontrabelohorizonte.com.br\\\/sobre\\\/trem-de-ferias-entre-vitoria-e-belo-horizonte-ainda-tem-vagas-para-julho-veja-como-comprar\\\/#breadcrumblist\",\"itemListElement\":[{\"@type\":\"ListItem\",\"@id\":\"https:\\\/\\\/www.encontrabelohorizonte.com.br\\\/sobre#listItem\",\"position\":1,\"name\":\"In\\u00edcio\",\"item\":\"https:\\\/\\\/www.encontrabelohorizonte.com.br\\\/sobre\",\"nextItem\":{\"@type\":\"ListItem\",\"@id\":\"https:\\\/\\\/www.encontrabelohorizonte.com.br\\\/sobre\\\/lugares-em-belo-horizonte\\\/#listItem\",\"name\":\"Lugares em Belo Horizonte\"}},{\"@type\":\"ListItem\",\"@id\":\"https:\\\/\\\/www.encontrabelohorizonte.com.br\\\/sobre\\\/lugares-em-belo-horizonte\\\/#listItem\",\"position\":2,\"name\":\"Lugares em Belo Horizonte\",\"item\":\"https:\\\/\\\/www.encontrabelohorizonte.com.br\\\/sobre\\\/lugares-em-belo-horizonte\\\/\",\"nextItem\":{\"@type\":\"ListItem\",\"@id\":\"https:\\\/\\\/www.encontrabelohorizonte.com.br\\\/sobre\\\/trem-de-ferias-entre-vitoria-e-belo-horizonte-ainda-tem-vagas-para-julho-veja-como-comprar\\\/#listItem\",\"name\":\"Trem de F\\u00e9rias entre Vit\\u00f3ria e Belo Horizonte ainda tem vagas para julho; veja como comprar\"},\"previousItem\":{\"@type\":\"ListItem\",\"@id\":\"https:\\\/\\\/www.encontrabelohorizonte.com.br\\\/sobre#listItem\",\"name\":\"In\\u00edcio\"}},{\"@type\":\"ListItem\",\"@id\":\"https:\\\/\\\/www.encontrabelohorizonte.com.br\\\/sobre\\\/trem-de-ferias-entre-vitoria-e-belo-horizonte-ainda-tem-vagas-para-julho-veja-como-comprar\\\/#listItem\",\"position\":3,\"name\":\"Trem de F\\u00e9rias entre Vit\\u00f3ria e Belo Horizonte ainda tem vagas para julho; veja como comprar\",\"previousItem\":{\"@type\":\"ListItem\",\"@id\":\"https:\\\/\\\/www.encontrabelohorizonte.com.br\\\/sobre\\\/lugares-em-belo-horizonte\\\/#listItem\",\"name\":\"Lugares em Belo Horizonte\"}}]},{\"@type\":\"Organization\",\"@id\":\"https:\\\/\\\/www.encontrabelohorizonte.com.br\\\/sobre\\\/#organization\",\"name\":\"Encontra Belo Horizonte\",\"description\":\"Not\\u00edcias, eventos, informa\\u00e7\\u00f5es e dicas da cidade de Belo Horizonte e regi\\u00e3o\",\"url\":\"https:\\\/\\\/www.encontrabelohorizonte.com.br\\\/sobre\\\/\"},{\"@type\":\"Person\",\"@id\":\"https:\\\/\\\/www.encontrabelohorizonte.com.br\\\/sobre\\\/author\\\/ebelohorizonte\\\/#author\",\"url\":\"https:\\\/\\\/www.encontrabelohorizonte.com.br\\\/sobre\\\/author\\\/ebelohorizonte\\\/\",\"name\":\"Encontra Belo Horizonte\",\"image\":{\"@type\":\"ImageObject\",\"@id\":\"https:\\\/\\\/www.encontrabelohorizonte.com.br\\\/sobre\\\/trem-de-ferias-entre-vitoria-e-belo-horizonte-ainda-tem-vagas-para-julho-veja-como-comprar\\\/#authorImage\",\"url\":\"https:\\\/\\\/secure.gravatar.com\\\/avatar\\\/507340682b8270222e1f208e23198b6ae7e2c6a1033ae84e99bc6bce4f82a387?s=96&d=mm&r=g\",\"width\":96,\"height\":96,\"caption\":\"Encontra Belo Horizonte\"}},{\"@type\":\"WebPage\",\"@id\":\"https:\\\/\\\/www.encontrabelohorizonte.com.br\\\/sobre\\\/trem-de-ferias-entre-vitoria-e-belo-horizonte-ainda-tem-vagas-para-julho-veja-como-comprar\\\/#webpage\",\"url\":\"https:\\\/\\\/www.encontrabelohorizonte.com.br\\\/sobre\\\/trem-de-ferias-entre-vitoria-e-belo-horizonte-ainda-tem-vagas-para-julho-veja-como-comprar\\\/\",\"name\":\"Trem de F\\u00e9rias entre Vit\\u00f3ria e Belo Horizonte ainda tem vagas para julho; veja como comprar | Encontra Belo Horizonte\",\"description\":\"Trem de F\\u00e9rias ainda tem vagas dispon\\u00edveis para julho entre Vit\\u00f3ria e Belo Horizonte.\",\"inLanguage\":\"pt-BR\",\"isPartOf\":{\"@id\":\"https:\\\/\\\/www.encontrabelohorizonte.com.br\\\/sobre\\\/#website\"},\"breadcrumb\":{\"@id\":\"https:\\\/\\\/www.encontrabelohorizonte.com.br\\\/sobre\\\/trem-de-ferias-entre-vitoria-e-belo-horizonte-ainda-tem-vagas-para-julho-veja-como-comprar\\\/#breadcrumblist\"},\"author\":{\"@id\":\"https:\\\/\\\/www.encontrabelohorizonte.com.br\\\/sobre\\\/author\\\/ebelohorizonte\\\/#author\"},\"creator\":{\"@id\":\"https:\\\/\\\/www.encontrabelohorizonte.com.br\\\/sobre\\\/author\\\/ebelohorizonte\\\/#author\"},\"image\":{\"@type\":\"ImageObject\",\"url\":\"https:\\\/\\\/www.encontrabelohorizonte.com.br\\\/sobre\\\/wp-content\\\/uploads\\\/trem-de-ferias-entre-vitoria-e-belo-horizonte-ainda-tem-vagas-para-julho-veja-como-comprar.webp\",\"@id\":\"https:\\\/\\\/www.encontrabelohorizonte.com.br\\\/sobre\\\/trem-de-ferias-entre-vitoria-e-belo-horizonte-ainda-tem-vagas-para-julho-veja-como-comprar\\\/#mainImage\",\"width\":280,\"height\":280,\"caption\":\"Trem de F\\u00e9rias Vit\\u00f3ria BH\"},\"primaryImageOfPage\":{\"@id\":\"https:\\\/\\\/www.encontrabelohorizonte.com.br\\\/sobre\\\/trem-de-ferias-entre-vitoria-e-belo-horizonte-ainda-tem-vagas-para-julho-veja-como-comprar\\\/#mainImage\"},\"datePublished\":\"2026-07-16T02:30:56-03:00\",\"dateModified\":\"2026-07-16T02:30:56-03:00\"},{\"@type\":\"WebSite\",\"@id\":\"https:\\\/\\\/www.encontrabelohorizonte.com.br\\\/sobre\\\/#website\",\"url\":\"https:\\\/\\\/www.encontrabelohorizonte.com.br\\\/sobre\\\/\",\"name\":\"Encontra Belo Horizonte\",\"description\":\"Not\\u00edcias, eventos, informa\\u00e7\\u00f5es e dicas da cidade de Belo Horizonte e regi\\u00e3o\",\"inLanguage\":\"pt-BR\",\"publisher\":{\"@id\":\"https:\\\/\\\/www.encontrabelohorizonte.com.br\\\/sobre\\\/#organization\"}}]}\n\t\t<\/script>\n\t\t<!-- All in One SEO -->\n\n","aioseo_head_json":{"title":"Trem de F\u00e9rias entre Vit\u00f3ria e Belo Horizonte ainda tem vagas para julho; veja como comprar | Encontra Belo Horizonte","description":"Trem de F\u00e9rias ainda tem vagas dispon\u00edveis para julho entre Vit\u00f3ria e Belo Horizonte.","canonical_url":"https:\/\/www.encontrabelohorizonte.com.br\/sobre\/trem-de-ferias-entre-vitoria-e-belo-horizonte-ainda-tem-vagas-para-julho-veja-como-comprar\/","robots":"max-image-preview:large","keywords":"","webmasterTools":{"miscellaneous":""},"schema":{"@context":"https:\/\/schema.org","@graph":[{"@type":"Article","@id":"https:\/\/www.encontrabelohorizonte.com.br\/sobre\/trem-de-ferias-entre-vitoria-e-belo-horizonte-ainda-tem-vagas-para-julho-veja-como-comprar\/#article","name":"Trem de F\u00e9rias entre Vit\u00f3ria e Belo Horizonte ainda tem vagas para julho; veja como comprar | Encontra Belo Horizonte","headline":"Trem de F\u00e9rias entre Vit\u00f3ria e Belo Horizonte ainda tem vagas para julho; veja como comprar","author":{"@id":"https:\/\/www.encontrabelohorizonte.com.br\/sobre\/author\/ebelohorizonte\/#author"},"publisher":{"@id":"https:\/\/www.encontrabelohorizonte.com.br\/sobre\/#organization"},"image":{"@type":"ImageObject","url":"https:\/\/www.encontrabelohorizonte.com.br\/sobre\/wp-content\/uploads\/trem-de-ferias-entre-vitoria-e-belo-horizonte-ainda-tem-vagas-para-julho-veja-como-comprar.webp","width":280,"height":280,"caption":"Trem de F\u00e9rias Vit\u00f3ria BH"},"datePublished":"2026-07-16T02:30:56-03:00","dateModified":"2026-07-16T02:30:56-03:00","inLanguage":"pt-BR","mainEntityOfPage":{"@id":"https:\/\/www.encontrabelohorizonte.com.br\/sobre\/trem-de-ferias-entre-vitoria-e-belo-horizonte-ainda-tem-vagas-para-julho-veja-como-comprar\/#webpage"},"isPartOf":{"@id":"https:\/\/www.encontrabelohorizonte.com.br\/sobre\/trem-de-ferias-entre-vitoria-e-belo-horizonte-ainda-tem-vagas-para-julho-veja-como-comprar\/#webpage"},"articleSection":"Lugares em Belo Horizonte"},{"@type":"BreadcrumbList","@id":"https:\/\/www.encontrabelohorizonte.com.br\/sobre\/trem-de-ferias-entre-vitoria-e-belo-horizonte-ainda-tem-vagas-para-julho-veja-como-comprar\/#breadcrumblist","itemListElement":[{"@type":"ListItem","@id":"https:\/\/www.encontrabelohorizonte.com.br\/sobre#listItem","position":1,"name":"In\u00edcio","item":"https:\/\/www.encontrabelohorizonte.com.br\/sobre","nextItem":{"@type":"ListItem","@id":"https:\/\/www.encontrabelohorizonte.com.br\/sobre\/lugares-em-belo-horizonte\/#listItem","name":"Lugares em Belo Horizonte"}},{"@type":"ListItem","@id":"https:\/\/www.encontrabelohorizonte.com.br\/sobre\/lugares-em-belo-horizonte\/#listItem","position":2,"name":"Lugares em Belo Horizonte","item":"https:\/\/www.encontrabelohorizonte.com.br\/sobre\/lugares-em-belo-horizonte\/","nextItem":{"@type":"ListItem","@id":"https:\/\/www.encontrabelohorizonte.com.br\/sobre\/trem-de-ferias-entre-vitoria-e-belo-horizonte-ainda-tem-vagas-para-julho-veja-como-comprar\/#listItem","name":"Trem de F\u00e9rias entre Vit\u00f3ria e Belo Horizonte ainda tem vagas para julho; veja como comprar"},"previousItem":{"@type":"ListItem","@id":"https:\/\/www.encontrabelohorizonte.com.br\/sobre#listItem","name":"In\u00edcio"}},{"@type":"ListItem","@id":"https:\/\/www.encontrabelohorizonte.com.br\/sobre\/trem-de-ferias-entre-vitoria-e-belo-horizonte-ainda-tem-vagas-para-julho-veja-como-comprar\/#listItem","position":3,"name":"Trem de F\u00e9rias entre Vit\u00f3ria e Belo Horizonte ainda tem vagas para julho; veja como comprar","previousItem":{"@type":"ListItem","@id":"https:\/\/www.encontrabelohorizonte.com.br\/sobre\/lugares-em-belo-horizonte\/#listItem","name":"Lugares em Belo Horizonte"}}]},{"@type":"Organization","@id":"https:\/\/www.encontrabelohorizonte.com.br\/sobre\/#organization","name":"Encontra Belo Horizonte","description":"Not\u00edcias, eventos, informa\u00e7\u00f5es e dicas da cidade de Belo Horizonte e regi\u00e3o","url":"https:\/\/www.encontrabelohorizonte.com.br\/sobre\/"},{"@type":"Person","@id":"https:\/\/www.encontrabelohorizonte.com.br\/sobre\/author\/ebelohorizonte\/#author","url":"https:\/\/www.encontrabelohorizonte.com.br\/sobre\/author\/ebelohorizonte\/","name":"Encontra Belo Horizonte","image":{"@type":"ImageObject","@id":"https:\/\/www.encontrabelohorizonte.com.br\/sobre\/trem-de-ferias-entre-vitoria-e-belo-horizonte-ainda-tem-vagas-para-julho-veja-como-comprar\/#authorImage","url":"https:\/\/secure.gravatar.com\/avatar\/507340682b8270222e1f208e23198b6ae7e2c6a1033ae84e99bc6bce4f82a387?s=96&d=mm&r=g","width":96,"height":96,"caption":"Encontra Belo Horizonte"}},{"@type":"WebPage","@id":"https:\/\/www.encontrabelohorizonte.com.br\/sobre\/trem-de-ferias-entre-vitoria-e-belo-horizonte-ainda-tem-vagas-para-julho-veja-como-comprar\/#webpage","url":"https:\/\/www.encontrabelohorizonte.com.br\/sobre\/trem-de-ferias-entre-vitoria-e-belo-horizonte-ainda-tem-vagas-para-julho-veja-como-comprar\/","name":"Trem de F\u00e9rias entre Vit\u00f3ria e Belo Horizonte ainda tem vagas para julho; veja como comprar | Encontra Belo Horizonte","description":"Trem de F\u00e9rias ainda tem vagas dispon\u00edveis para julho entre Vit\u00f3ria e Belo Horizonte.","inLanguage":"pt-BR","isPartOf":{"@id":"https:\/\/www.encontrabelohorizonte.com.br\/sobre\/#website"},"breadcrumb":{"@id":"https:\/\/www.encontrabelohorizonte.com.br\/sobre\/trem-de-ferias-entre-vitoria-e-belo-horizonte-ainda-tem-vagas-para-julho-veja-como-comprar\/#breadcrumblist"},"author":{"@id":"https:\/\/www.encontrabelohorizonte.com.br\/sobre\/author\/ebelohorizonte\/#author"},"creator":{"@id":"https:\/\/www.encontrabelohorizonte.com.br\/sobre\/author\/ebelohorizonte\/#author"},"image":{"@type":"ImageObject","url":"https:\/\/www.encontrabelohorizonte.com.br\/sobre\/wp-content\/uploads\/trem-de-ferias-entre-vitoria-e-belo-horizonte-ainda-tem-vagas-para-julho-veja-como-comprar.webp","@id":"https:\/\/www.encontrabelohorizonte.com.br\/sobre\/trem-de-ferias-entre-vitoria-e-belo-horizonte-ainda-tem-vagas-para-julho-veja-como-comprar\/#mainImage","width":280,"height":280,"caption":"Trem de F\u00e9rias Vit\u00f3ria BH"},"primaryImageOfPage":{"@id":"https:\/\/www.encontrabelohorizonte.com.br\/sobre\/trem-de-ferias-entre-vitoria-e-belo-horizonte-ainda-tem-vagas-para-julho-veja-como-comprar\/#mainImage"},"datePublished":"2026-07-16T02:30:56-03:00","dateModified":"2026-07-16T02:30:56-03:00"},{"@type":"WebSite","@id":"https:\/\/www.encontrabelohorizonte.com.br\/sobre\/#website","url":"https:\/\/www.encontrabelohorizonte.com.br\/sobre\/","name":"Encontra Belo Horizonte","description":"Not\u00edcias, eventos, informa\u00e7\u00f5es e dicas da cidade de Belo Horizonte e regi\u00e3o","inLanguage":"pt-BR","publisher":{"@id":"https:\/\/www.encontrabelohorizonte.com.br\/sobre\/#organization"}}]},"og:locale":"pt_BR","og:site_name":"Encontra Belo Horizonte | Not\u00edcias, eventos, informa\u00e7\u00f5es e dicas da cidade de Belo Horizonte e regi\u00e3o","og:type":"article","og:title":"Trem de F\u00e9rias entre Vit\u00f3ria e Belo Horizonte ainda tem vagas para julho; veja como comprar | Encontra Belo Horizonte","og:description":"Trem de F\u00e9rias ainda tem vagas dispon\u00edveis para julho entre Vit\u00f3ria e Belo Horizonte.","og:url":"https:\/\/www.encontrabelohorizonte.com.br\/sobre\/trem-de-ferias-entre-vitoria-e-belo-horizonte-ainda-tem-vagas-para-julho-veja-como-comprar\/","article:published_time":"2026-07-16T05:30:56+00:00","article:modified_time":"2026-07-16T05:30:56+00:00","twitter:card":"summary","twitter:title":"Trem de F\u00e9rias entre Vit\u00f3ria e Belo Horizonte ainda tem vagas para julho; veja como comprar | Encontra Belo Horizonte","twitter:description":"Trem de F\u00e9rias ainda tem vagas dispon\u00edveis para julho entre Vit\u00f3ria e Belo Horizonte."},"aioseo_meta_data":{"post_id":"4372","title":null,"description":null,"keywords":null,"keyphrases":null,"primary_term":null,"canonical_url":null,"og_title":null,"og_description":null,"og_object_type":"default","og_image_type":"default","og_image_url":null,"og_image_width":null,"og_image_height":null,"og_image_custom_url":null,"og_image_custom_fields":null,"og_video":null,"og_custom_url":null,"og_article_section":null,"og_article_tags":null,"twitter_use_og":false,"twitter_card":"default","twitter_image_type":"default","twitter_image_url":null,"twitter_image_custom_url":null,"twitter_image_custom_fields":null,"twitter_title":null,"twitter_description":null,"schema":{"blockGraphs":[],"customGraphs":[],"default":{"data":{"Article":[],"Course":[],"Dataset":[],"FAQPage":[],"Movie":[],"Person":[],"Product":[],"ProductReview":[],"Car":[],"Recipe":[],"Service":[],"SoftwareApplication":[],"WebPage":[]},"graphName":"","isEnabled":true},"graphs":[]},"schema_type":"default","schema_type_options":null,"pillar_content":false,"robots_default":true,"robots_noindex":false,"robots_noarchive":false,"robots_nosnippet":false,"robots_nofollow":false,"robots_noimageindex":false,"robots_noodp":false,"robots_notranslate":false,"robots_max_snippet":null,"robots_max_videopreview":null,"robots_max_imagepreview":"large","priority":null,"frequency":null,"local_seo":null,"breadcrumb_settings":null,"limit_modified_date":false,"ai":null,"created":"2026-07-16 05:32:39","updated":"2026-07-16 05:32:39","focus_keyword":null,"additional_keywords":null,"truseo_locale":null,"seo_analyzer_scan_date":null},"aioseo_breadcrumb":"<div class=\"aioseo-breadcrumbs\"><span class=\"aioseo-breadcrumb\">\n\t\t\t<a href=\"https:\/\/www.encontrabelohorizonte.com.br\/sobre\" title=\"In\u00edcio\">In\u00edcio<\/a>\n\t\t<\/span><span class=\"aioseo-breadcrumb-separator\">&raquo;<\/span><span class=\"aioseo-breadcrumb\">\n\t\t\t<a href=\"https:\/\/www.encontrabelohorizonte.com.br\/sobre\/lugares-em-belo-horizonte\/\" title=\"Lugares em Belo Horizonte\">Lugares em Belo Horizonte<\/a>\n\t\t<\/span><span class=\"aioseo-breadcrumb-separator\">&raquo;<\/span><span class=\"aioseo-breadcrumb\">\n\t\t\tTrem de F\u00e9rias entre Vit\u00f3ria e Belo Horizonte ainda tem vagas para julho; veja como comprar\n\t\t<\/span><\/div>","aioseo_breadcrumb_json":[{"label":"In\u00edcio","link":"https:\/\/www.encontrabelohorizonte.com.br\/sobre"},{"label":"Lugares em Belo Horizonte","link":"https:\/\/www.encontrabelohorizonte.com.br\/sobre\/lugares-em-belo-horizonte\/"},{"label":"Trem de F\u00e9rias entre Vit\u00f3ria e Belo Horizonte ainda tem vagas para julho; veja como comprar","link":"https:\/\/www.encontrabelohorizonte.com.br\/sobre\/trem-de-ferias-entre-vitoria-e-belo-horizonte-ainda-tem-vagas-para-julho-veja-como-comprar\/"}],"_links":{"self":[{"href":"https:\/\/www.encontrabelohorizonte.com.br\/sobre\/wp-json\/wp\/v2\/posts\/4372","targetHints":{"allow":["GET"]}}],"collection":[{"href":"https:\/\/www.encontrabelohorizonte.com.br\/sobre\/wp-json\/wp\/v2\/posts"}],"about":[{"href":"https:\/\/www.encontrabelohorizonte.com.br\/sobre\/wp-json\/wp\/v2\/types\/post"}],"author":[{"embeddable":true,"href":"https:\/\/www.encontrabelohorizonte.com.br\/sobre\/wp-json\/wp\/v2\/users\/1"}],"replies":[{"embeddable":true,"href":"https:\/\/www.encontrabelohorizonte.com.br\/sobre\/wp-json\/wp\/v2\/comments?post=4372"}],"version-history":[{"count":0,"href":"https:\/\/www.encontrabelohorizonte.com.br\/sobre\/wp-json\/wp\/v2\/posts\/4372\/revisions"}],"wp:featuredmedia":[{"embeddable":true,"href":"https:\/\/www.encontrabelohorizonte.com.br\/sobre\/wp-json\/wp\/v2\/media\/4371"}],"wp:attachment":[{"href":"https:\/\/www.encontrabelohorizonte.com.br\/sobre\/wp-json\/wp\/v2\/media?parent=4372"}],"wp:term":[{"taxonomy":"category","embeddable":true,"href":"https:\/\/www.encontrabelohorizonte.com.br\/sobre\/wp-json\/wp\/v2\/categories?post=4372"},{"taxonomy":"post_tag","embeddable":true,"href":"https:\/\/www.encontrabelohorizonte.com.br\/sobre\/wp-json\/wp\/v2\/tags?post=4372"}],"curies":[{"name":"wp","href":"https:\/\/api.w.org\/{rel}","templated":true}]}}