{"id":4376,"date":"2026-07-17T01:02:43","date_gmt":"2026-07-17T04:02:43","guid":{"rendered":"https:\/\/www.encontrabelohorizonte.com.br\/sobre\/projeto-voce-no-controle-chega-a-camara-municipal-de-belo-horizonte\/"},"modified":"2026-07-17T01:02:43","modified_gmt":"2026-07-17T04:02:43","slug":"projeto-voce-no-controle-chega-a-camara-municipal-de-belo-horizonte","status":"publish","type":"post","link":"https:\/\/www.encontrabelohorizonte.com.br\/sobre\/projeto-voce-no-controle-chega-a-camara-municipal-de-belo-horizonte\/","title":{"rendered":"Projeto &#8220;Voc\u00ea no Controle&#8221; chega \u00e0 C\u00e2mara Municipal de Belo Horizonte"},"content":{"rendered":"<div class=\"2e083cf0b19e2c11948dc6ac054ba979\" data-index=\"1\" style=\"float: none; margin:0px;\">\n<!-- Anuncio display - global -->\r\n<ins class=\"adsbygoogle\"\r\n     style=\"display:block\"\r\n     data-ad-client=\"ca-pub-8585364105181520\"\r\n     data-ad-slot=\"8789329856\"\r\n     data-ad-format=\"auto\"\r\n     data-full-width-responsive=\"true\"><\/ins>\r\n<script>\r\n     (adsbygoogle = window.adsbygoogle || []).push({});\r\n<\/script>\n<\/div>\n<h2>O que \u00e9 o Projeto &#8220;Voc\u00ea no Controle&#8221;?<\/h2>\n<p>O Projeto &#8220;Voc\u00ea no Controle&#8221; \u00e9 uma iniciativa do Tribunal de Contas do Estado de Minas Gerais (TCEMG) que visa promover a participa\u00e7\u00e3o cidad\u00e3 na administra\u00e7\u00e3o p\u00fablica. O projeto foi concebido para abrir um canal de di\u00e1logo entre os cidad\u00e3os e o governo, permitindo que as pessoas expressem suas opini\u00f5es e sugiram melhorias em servi\u00e7os p\u00fablicos que impactam suas vidas. Assim, o projeto busca fortalecer a cidadania ao garantir que as necessidades e expectativas da popula\u00e7\u00e3o sejam consideradas nas decis\u00f5es governamentais.<\/p>\n<h2>Objetivos do Projeto<\/h2>\n<p>Os principais objetivos do &#8220;Voc\u00ea no Controle&#8221; incluem:<\/p>\n<ul>\n<li><strong>Ampliar a Participa\u00e7\u00e3o Popular:<\/strong> Fomentar a inclus\u00e3o da popula\u00e7\u00e3o nas decis\u00f5es relacionadas \u00e0 gest\u00e3o p\u00fablica.<\/li>\n<li><strong>Coleta de Informa\u00e7\u00f5es:<\/strong> Reunir dados sobre defici\u00eancias em servi\u00e7os p\u00fablicos e sugest\u00f5es de melhorias atrav\u00e9s de um question\u00e1rio.<\/li>\n<li><strong>Promo\u00e7\u00e3o do Controle Social:<\/strong> Estabelecer um mecanismo de controle social que permita aos cidad\u00e3os fiscalizar e influenciar a gest\u00e3o p\u00fablica.<\/li>\n<li><strong>Transpar\u00eancia:<\/strong> Aumentar a transpar\u00eancia dos processos governamentais e sua responsabilidade perante os cidad\u00e3os.<\/li>\n<\/ul>\n<h2>Import\u00e2ncia da Participa\u00e7\u00e3o Cidad\u00e3<\/h2>\n<p>A participa\u00e7\u00e3o cidad\u00e3 \u00e9 fundamental para a democracia e para o fortalecimento das institui\u00e7\u00f5es p\u00fablicas. Atrav\u00e9s do &#8220;Voc\u00ea no Controle&#8221;, os cidad\u00e3os podem:<\/p>\n<p><img decoding=\"async\" src=\"https:\/\/www.encontrabelohorizonte.com.br\/sobre\/wp-content\/uploads\/projeto-voce-no-controle-chega-a-camara-municipal-de-belo-horizonte.webp\" alt=\"Voc\u00ea no Controle\" loading=\"lazy\" \/><\/p>\n<ul>\n<li><strong>Influenciar Pol\u00edticas P\u00fablicas:<\/strong> Ao preencher o question\u00e1rio, os cidad\u00e3os t\u00eam a oportunidade de expressar suas opini\u00f5es sobre temas relevantes.<\/li>\n<li><strong>Contribuir para Melhoria de Servi\u00e7os:<\/strong> As sugest\u00f5es recebidas podem levar a melhorias efetivas nos servi\u00e7os prestados pelo governo.<\/li>\n<li><strong>Aumentar a Responsabilidade:<\/strong> A participa\u00e7\u00e3o ativa dos cidad\u00e3os aumenta a responsabilidade dos governantes em rela\u00e7\u00e3o \u00e0s suas a\u00e7\u00f5es e decis\u00f5es.<\/li>\n<\/ul>\n<h2>Parcerias com a C\u00e2mara Municipal<\/h2>\n<p>Uma das estrat\u00e9gias para alcan\u00e7ar um p\u00fablico mais amplo e diverso foi a parceria com a C\u00e2mara Municipal de Belo Horizonte (CMBH). Essa colabora\u00e7\u00e3o permite que o projeto seja disseminado de forma eficaz na cidade, ampliando o envolvimento da popula\u00e7\u00e3o.<\/p>\n<h2>Estande F\u00edsico na CMBH<\/h2>\n<p>Como parte dessa parceria, o projeto montou um estande f\u00edsico na \u00e1rea do Restaurante Popular da CMBH, funcionando semanalmente. O estande oferece aos cidad\u00e3os a oportunidade de interagir diretamente com a iniciativa, esclarecer d\u00favidas e preencher o question\u00e1rio, facilitando o acesso \u00e0 participa\u00e7\u00e3o.<\/p>\n<h2>Eixos Tem\u00e1ticos do Question\u00e1rio<\/h2>\n<p>O question\u00e1rio do projeto abrange sete eixos tem\u00e1ticos que s\u00e3o cr\u00edticos para a gest\u00e3o p\u00fablica, permitindo que os cidad\u00e3os indiquem suas prioridades de fiscaliza\u00e7\u00f5es:<\/p>\n<ul>\n<li><strong>Sa\u00fade:<\/strong> Avalia\u00e7\u00e3o dos servi\u00e7os de sa\u00fade oferecidos \u00e0 popula\u00e7\u00e3o.<\/li>\n<li><strong>Educa\u00e7\u00e3o:<\/strong> Qualidade e acessibilidade no sistema educacional.<\/li>\n<li><strong>Assist\u00eancia Social e Cidadania:<\/strong> Programas de apoio e inclus\u00e3o social.<\/li>\n<li><strong>Seguran\u00e7a P\u00fablica:<\/strong> Efic\u00e1cia e transpar\u00eancia nas a\u00e7\u00f5es de seguran\u00e7a.<\/li>\n<li><strong>Saneamento e Meio Ambiente:<\/strong> Condi\u00e7\u00f5es sanit\u00e1rias e preserva\u00e7\u00e3o ambiental.<\/li>\n<li><strong>Gest\u00e3o Fiscal e Governan\u00e7a:<\/strong> Uso respons\u00e1vel e transparente dos recursos p\u00fablicos.<\/li>\n<li><strong>Obras e Infraestrutura:<\/strong> Qualidade e seguran\u00e7a em obras p\u00fablicas.<\/li>\n<\/ul>\n<h2>Resultados da Iniciativa<\/h2>\n<p>O projeto j\u00e1 gerou frutos significativos, com quase 3 mil participantes de cerca de 400 cidades at\u00e9 o momento. A fase de coleta de dados ficar\u00e1 dispon\u00edvel at\u00e9 o final de agosto, e o relat\u00f3rio final ser\u00e1 apresentado em outubro, trazendo uma s\u00edntese das informa\u00e7\u00f5es e sugest\u00f5es obtidas, que servir\u00e3o para guiar o Planejamento Anual de Fiscaliza\u00e7\u00e3o (PAF) do TCEMG para 2027.<\/p>\n<h2>Planejamento e Engajamento em N\u00fameros<\/h2>\n<p>O planejamento do Projeto &#8220;Voc\u00ea no Controle&#8221; \u00e9 estruturado em cinco etapas que garantem a execu\u00e7\u00e3o eficaz e o engajamento da popula\u00e7\u00e3o:<\/p>\n<ul>\n<li><strong>Planejamento e Estrutura\u00e7\u00e3o:<\/strong> Desenvolvimento do cronograma e estrat\u00e9gias de divulga\u00e7\u00e3o.<\/li>\n<li><strong>Coleta de Dados e Escuta Ativa:<\/strong> Fase interativa onde os cidad\u00e3os podem compartilhar suas opini\u00f5es (dispon\u00edvel at\u00e9 31 de agosto).<\/li>\n<li><strong>Tratamento de Dados:<\/strong> An\u00e1lise das informa\u00e7\u00f5es coletadas para identificar tend\u00eancias e sugest\u00f5es.<\/li>\n<li><strong>Integra\u00e7\u00e3o ao Planejamento:<\/strong> Inclus\u00e3o das demandas da sociedade no planejamento fiscal do TCEMG.<\/li>\n<li><strong>Ciclo de Transpar\u00eancia:<\/strong> Publica\u00e7\u00e3o dos resultados e presta\u00e7\u00e3o de contas \u00e0 popula\u00e7\u00e3o.<\/li>\n<\/ul>\n<h2>Como Participar do Projeto<\/h2>\n<p>A participa\u00e7\u00e3o no &#8220;Voc\u00ea no Controle&#8221; \u00e9 simples e acess\u00edvel. Os cidad\u00e3os podem acessar o [formul\u00e1rio eletr\u00f4nico](https:\/\/forms.office.com\/Pages\/ResponsePage.aspx?id=0ezJIEm9o0S3GsiQPCoJ7wbCGmjC5LxHkXn_Bie_xoFUNUM4RUlaVU5LN0ZFWjRVVElYS1hTVDEzQi4u) e preencher o question\u00e1rio diretamente online. Esta \u00e9 uma excelente oportunidade para que todos possam fazer a diferen\u00e7a e influenciar positivamente a administra\u00e7\u00e3o p\u00fablica em Minas Gerais.<\/p>\n<h2>Futuro da Governan\u00e7a em Minas Gerais<\/h2>\n<p>O Projeto &#8220;Voc\u00ea no Controle&#8221; representa um passo significativo rumo a um modelo de administra\u00e7\u00e3o p\u00fablica mais participativo e transparente. Atrav\u00e9s da escuta ativa e da inclus\u00e3o das vozes dos cidad\u00e3os, o TCEMG espera construir um estado mais justo e eficiente, onde as a\u00e7\u00f5es governamentais reflitam verdadeiramente as necessidades da popula\u00e7\u00e3o.<\/p>\n\n<div style=\"font-size: 0px; height: 0px; line-height: 0px; margin: 0; padding: 0; clear: both;\"><\/div>","protected":false},"excerpt":{"rendered":"<p>Projeto &#8216;Voc\u00ea no Controle&#8217; fortalece a participa\u00e7\u00e3o cidad\u00e3 na gest\u00e3o p\u00fablica de Belo Horizonte.<\/p>\n","protected":false},"author":1,"featured_media":4375,"comment_status":"closed","ping_status":"closed","sticky":false,"template":"","format":"standard","meta":{"footnotes":""},"categories":[6],"tags":[],"class_list":["post-4376","post","type-post","status-publish","format-standard","has-post-thumbnail","hentry","category-noticias","has_thumb"],"aioseo_notices":[],"aioseo_head":"\n\t\t<!-- All in One SEO 5.0.0.1 - aioseo.com -->\n\t<meta name=\"description\" content=\"Projeto &#039;Voc\u00ea no Controle&#039; fortalece a participa\u00e7\u00e3o cidad\u00e3 na gest\u00e3o p\u00fablica de Belo Horizonte.\" \/>\n\t<meta name=\"robots\" content=\"max-image-preview:large\" \/>\n\t<meta name=\"author\" content=\"Encontra Belo Horizonte\"\/>\n\t<link rel=\"canonical\" href=\"https:\/\/www.encontrabelohorizonte.com.br\/sobre\/projeto-voce-no-controle-chega-a-camara-municipal-de-belo-horizonte\/\" \/>\n\t<meta name=\"generator\" content=\"All in One SEO (AIOSEO) 5.0.0.1\" \/>\n\t\t<meta property=\"og:locale\" content=\"pt_BR\" \/>\n\t\t<meta property=\"og:site_name\" content=\"Encontra Belo Horizonte | Not\u00edcias, eventos, informa\u00e7\u00f5es e dicas da cidade de Belo Horizonte e regi\u00e3o\" \/>\n\t\t<meta property=\"og:type\" content=\"article\" \/>\n\t\t<meta property=\"og:title\" content=\"Projeto \u201cVoc\u00ea no Controle\u201d chega \u00e0 C\u00e2mara Municipal de Belo Horizonte | Encontra Belo Horizonte\" \/>\n\t\t<meta property=\"og:description\" content=\"Projeto &#039;Voc\u00ea no Controle&#039; fortalece a participa\u00e7\u00e3o cidad\u00e3 na gest\u00e3o p\u00fablica de Belo Horizonte.\" \/>\n\t\t<meta property=\"og:url\" content=\"https:\/\/www.encontrabelohorizonte.com.br\/sobre\/projeto-voce-no-controle-chega-a-camara-municipal-de-belo-horizonte\/\" \/>\n\t\t<meta property=\"article:published_time\" content=\"2026-07-17T04:02:43+00:00\" \/>\n\t\t<meta property=\"article:modified_time\" content=\"2026-07-17T04:02:43+00:00\" \/>\n\t\t<meta name=\"twitter:card\" content=\"summary\" \/>\n\t\t<meta name=\"twitter:title\" content=\"Projeto \u201cVoc\u00ea no Controle\u201d chega \u00e0 C\u00e2mara Municipal de Belo Horizonte | Encontra Belo Horizonte\" \/>\n\t\t<meta name=\"twitter:description\" content=\"Projeto &#039;Voc\u00ea no Controle&#039; fortalece a participa\u00e7\u00e3o cidad\u00e3 na gest\u00e3o p\u00fablica de Belo Horizonte.\" \/>\n\t\t<script type=\"application\/ld+json\" class=\"aioseo-schema\">\n\t\t\t{\"@context\":\"https:\\\/\\\/schema.org\",\"@graph\":[{\"@type\":\"Article\",\"@id\":\"https:\\\/\\\/www.encontrabelohorizonte.com.br\\\/sobre\\\/projeto-voce-no-controle-chega-a-camara-municipal-de-belo-horizonte\\\/#article\",\"name\":\"Projeto \\u201cVoc\\u00ea no Controle\\u201d chega \\u00e0 C\\u00e2mara Municipal de Belo Horizonte | Encontra Belo Horizonte\",\"headline\":\"Projeto &#8220;Voc\\u00ea no Controle&#8221; chega \\u00e0 C\\u00e2mara Municipal de Belo Horizonte\",\"author\":{\"@id\":\"https:\\\/\\\/www.encontrabelohorizonte.com.br\\\/sobre\\\/author\\\/ebelohorizonte\\\/#author\"},\"publisher\":{\"@id\":\"https:\\\/\\\/www.encontrabelohorizonte.com.br\\\/sobre\\\/#organization\"},\"image\":{\"@type\":\"ImageObject\",\"url\":\"https:\\\/\\\/www.encontrabelohorizonte.com.br\\\/sobre\\\/wp-content\\\/uploads\\\/projeto-voce-no-controle-chega-a-camara-municipal-de-belo-horizonte.webp\",\"width\":280,\"height\":280,\"caption\":\"Voc\\u00ea no Controle\"},\"datePublished\":\"2026-07-17T01:02:43-03:00\",\"dateModified\":\"2026-07-17T01:02:43-03:00\",\"inLanguage\":\"pt-BR\",\"mainEntityOfPage\":{\"@id\":\"https:\\\/\\\/www.encontrabelohorizonte.com.br\\\/sobre\\\/projeto-voce-no-controle-chega-a-camara-municipal-de-belo-horizonte\\\/#webpage\"},\"isPartOf\":{\"@id\":\"https:\\\/\\\/www.encontrabelohorizonte.com.br\\\/sobre\\\/projeto-voce-no-controle-chega-a-camara-municipal-de-belo-horizonte\\\/#webpage\"},\"articleSection\":\"Not\\u00edcias Belo Horizonte\"},{\"@type\":\"BreadcrumbList\",\"@id\":\"https:\\\/\\\/www.encontrabelohorizonte.com.br\\\/sobre\\\/projeto-voce-no-controle-chega-a-camara-municipal-de-belo-horizonte\\\/#breadcrumblist\",\"itemListElement\":[{\"@type\":\"ListItem\",\"@id\":\"https:\\\/\\\/www.encontrabelohorizonte.com.br\\\/sobre#listItem\",\"position\":1,\"name\":\"In\\u00edcio\",\"item\":\"https:\\\/\\\/www.encontrabelohorizonte.com.br\\\/sobre\",\"nextItem\":{\"@type\":\"ListItem\",\"@id\":\"https:\\\/\\\/www.encontrabelohorizonte.com.br\\\/sobre\\\/noticias\\\/#listItem\",\"name\":\"Not\\u00edcias Belo Horizonte\"}},{\"@type\":\"ListItem\",\"@id\":\"https:\\\/\\\/www.encontrabelohorizonte.com.br\\\/sobre\\\/noticias\\\/#listItem\",\"position\":2,\"name\":\"Not\\u00edcias Belo Horizonte\",\"item\":\"https:\\\/\\\/www.encontrabelohorizonte.com.br\\\/sobre\\\/noticias\\\/\",\"nextItem\":{\"@type\":\"ListItem\",\"@id\":\"https:\\\/\\\/www.encontrabelohorizonte.com.br\\\/sobre\\\/projeto-voce-no-controle-chega-a-camara-municipal-de-belo-horizonte\\\/#listItem\",\"name\":\"Projeto &#8220;Voc\\u00ea no Controle&#8221; chega \\u00e0 C\\u00e2mara Municipal de Belo Horizonte\"},\"previousItem\":{\"@type\":\"ListItem\",\"@id\":\"https:\\\/\\\/www.encontrabelohorizonte.com.br\\\/sobre#listItem\",\"name\":\"In\\u00edcio\"}},{\"@type\":\"ListItem\",\"@id\":\"https:\\\/\\\/www.encontrabelohorizonte.com.br\\\/sobre\\\/projeto-voce-no-controle-chega-a-camara-municipal-de-belo-horizonte\\\/#listItem\",\"position\":3,\"name\":\"Projeto &#8220;Voc\\u00ea no Controle&#8221; chega \\u00e0 C\\u00e2mara Municipal de Belo Horizonte\",\"previousItem\":{\"@type\":\"ListItem\",\"@id\":\"https:\\\/\\\/www.encontrabelohorizonte.com.br\\\/sobre\\\/noticias\\\/#listItem\",\"name\":\"Not\\u00edcias Belo Horizonte\"}}]},{\"@type\":\"Organization\",\"@id\":\"https:\\\/\\\/www.encontrabelohorizonte.com.br\\\/sobre\\\/#organization\",\"name\":\"Encontra Belo Horizonte\",\"description\":\"Not\\u00edcias, eventos, informa\\u00e7\\u00f5es e dicas da cidade de Belo Horizonte e regi\\u00e3o\",\"url\":\"https:\\\/\\\/www.encontrabelohorizonte.com.br\\\/sobre\\\/\"},{\"@type\":\"Person\",\"@id\":\"https:\\\/\\\/www.encontrabelohorizonte.com.br\\\/sobre\\\/author\\\/ebelohorizonte\\\/#author\",\"url\":\"https:\\\/\\\/www.encontrabelohorizonte.com.br\\\/sobre\\\/author\\\/ebelohorizonte\\\/\",\"name\":\"Encontra Belo Horizonte\",\"image\":{\"@type\":\"ImageObject\",\"@id\":\"https:\\\/\\\/www.encontrabelohorizonte.com.br\\\/sobre\\\/projeto-voce-no-controle-chega-a-camara-municipal-de-belo-horizonte\\\/#authorImage\",\"url\":\"https:\\\/\\\/secure.gravatar.com\\\/avatar\\\/507340682b8270222e1f208e23198b6ae7e2c6a1033ae84e99bc6bce4f82a387?s=96&d=mm&r=g\",\"width\":96,\"height\":96,\"caption\":\"Encontra Belo Horizonte\"}},{\"@type\":\"WebPage\",\"@id\":\"https:\\\/\\\/www.encontrabelohorizonte.com.br\\\/sobre\\\/projeto-voce-no-controle-chega-a-camara-municipal-de-belo-horizonte\\\/#webpage\",\"url\":\"https:\\\/\\\/www.encontrabelohorizonte.com.br\\\/sobre\\\/projeto-voce-no-controle-chega-a-camara-municipal-de-belo-horizonte\\\/\",\"name\":\"Projeto \\u201cVoc\\u00ea no Controle\\u201d chega \\u00e0 C\\u00e2mara Municipal de Belo Horizonte | Encontra Belo Horizonte\",\"description\":\"Projeto 'Voc\\u00ea no Controle' fortalece a participa\\u00e7\\u00e3o cidad\\u00e3 na gest\\u00e3o p\\u00fablica de Belo Horizonte.\",\"inLanguage\":\"pt-BR\",\"isPartOf\":{\"@id\":\"https:\\\/\\\/www.encontrabelohorizonte.com.br\\\/sobre\\\/#website\"},\"breadcrumb\":{\"@id\":\"https:\\\/\\\/www.encontrabelohorizonte.com.br\\\/sobre\\\/projeto-voce-no-controle-chega-a-camara-municipal-de-belo-horizonte\\\/#breadcrumblist\"},\"author\":{\"@id\":\"https:\\\/\\\/www.encontrabelohorizonte.com.br\\\/sobre\\\/author\\\/ebelohorizonte\\\/#author\"},\"creator\":{\"@id\":\"https:\\\/\\\/www.encontrabelohorizonte.com.br\\\/sobre\\\/author\\\/ebelohorizonte\\\/#author\"},\"image\":{\"@type\":\"ImageObject\",\"url\":\"https:\\\/\\\/www.encontrabelohorizonte.com.br\\\/sobre\\\/wp-content\\\/uploads\\\/projeto-voce-no-controle-chega-a-camara-municipal-de-belo-horizonte.webp\",\"@id\":\"https:\\\/\\\/www.encontrabelohorizonte.com.br\\\/sobre\\\/projeto-voce-no-controle-chega-a-camara-municipal-de-belo-horizonte\\\/#mainImage\",\"width\":280,\"height\":280,\"caption\":\"Voc\\u00ea no Controle\"},\"primaryImageOfPage\":{\"@id\":\"https:\\\/\\\/www.encontrabelohorizonte.com.br\\\/sobre\\\/projeto-voce-no-controle-chega-a-camara-municipal-de-belo-horizonte\\\/#mainImage\"},\"datePublished\":\"2026-07-17T01:02:43-03:00\",\"dateModified\":\"2026-07-17T01:02:43-03:00\"},{\"@type\":\"WebSite\",\"@id\":\"https:\\\/\\\/www.encontrabelohorizonte.com.br\\\/sobre\\\/#website\",\"url\":\"https:\\\/\\\/www.encontrabelohorizonte.com.br\\\/sobre\\\/\",\"name\":\"Encontra Belo Horizonte\",\"description\":\"Not\\u00edcias, eventos, informa\\u00e7\\u00f5es e dicas da cidade de Belo Horizonte e regi\\u00e3o\",\"inLanguage\":\"pt-BR\",\"publisher\":{\"@id\":\"https:\\\/\\\/www.encontrabelohorizonte.com.br\\\/sobre\\\/#organization\"}}]}\n\t\t<\/script>\n\t\t<!-- All in One SEO -->\n\n","aioseo_head_json":{"title":"Projeto \u201cVoc\u00ea no Controle\u201d chega \u00e0 C\u00e2mara Municipal de Belo Horizonte | Encontra Belo Horizonte","description":"Projeto 'Voc\u00ea no Controle' fortalece a participa\u00e7\u00e3o cidad\u00e3 na gest\u00e3o p\u00fablica de Belo Horizonte.","canonical_url":"https:\/\/www.encontrabelohorizonte.com.br\/sobre\/projeto-voce-no-controle-chega-a-camara-municipal-de-belo-horizonte\/","robots":"max-image-preview:large","keywords":"","webmasterTools":{"miscellaneous":""},"schema":{"@context":"https:\/\/schema.org","@graph":[{"@type":"Article","@id":"https:\/\/www.encontrabelohorizonte.com.br\/sobre\/projeto-voce-no-controle-chega-a-camara-municipal-de-belo-horizonte\/#article","name":"Projeto \u201cVoc\u00ea no Controle\u201d chega \u00e0 C\u00e2mara Municipal de Belo Horizonte | Encontra Belo Horizonte","headline":"Projeto &#8220;Voc\u00ea no Controle&#8221; chega \u00e0 C\u00e2mara Municipal de Belo Horizonte","author":{"@id":"https:\/\/www.encontrabelohorizonte.com.br\/sobre\/author\/ebelohorizonte\/#author"},"publisher":{"@id":"https:\/\/www.encontrabelohorizonte.com.br\/sobre\/#organization"},"image":{"@type":"ImageObject","url":"https:\/\/www.encontrabelohorizonte.com.br\/sobre\/wp-content\/uploads\/projeto-voce-no-controle-chega-a-camara-municipal-de-belo-horizonte.webp","width":280,"height":280,"caption":"Voc\u00ea no Controle"},"datePublished":"2026-07-17T01:02:43-03:00","dateModified":"2026-07-17T01:02:43-03:00","inLanguage":"pt-BR","mainEntityOfPage":{"@id":"https:\/\/www.encontrabelohorizonte.com.br\/sobre\/projeto-voce-no-controle-chega-a-camara-municipal-de-belo-horizonte\/#webpage"},"isPartOf":{"@id":"https:\/\/www.encontrabelohorizonte.com.br\/sobre\/projeto-voce-no-controle-chega-a-camara-municipal-de-belo-horizonte\/#webpage"},"articleSection":"Not\u00edcias Belo Horizonte"},{"@type":"BreadcrumbList","@id":"https:\/\/www.encontrabelohorizonte.com.br\/sobre\/projeto-voce-no-controle-chega-a-camara-municipal-de-belo-horizonte\/#breadcrumblist","itemListElement":[{"@type":"ListItem","@id":"https:\/\/www.encontrabelohorizonte.com.br\/sobre#listItem","position":1,"name":"In\u00edcio","item":"https:\/\/www.encontrabelohorizonte.com.br\/sobre","nextItem":{"@type":"ListItem","@id":"https:\/\/www.encontrabelohorizonte.com.br\/sobre\/noticias\/#listItem","name":"Not\u00edcias Belo Horizonte"}},{"@type":"ListItem","@id":"https:\/\/www.encontrabelohorizonte.com.br\/sobre\/noticias\/#listItem","position":2,"name":"Not\u00edcias Belo Horizonte","item":"https:\/\/www.encontrabelohorizonte.com.br\/sobre\/noticias\/","nextItem":{"@type":"ListItem","@id":"https:\/\/www.encontrabelohorizonte.com.br\/sobre\/projeto-voce-no-controle-chega-a-camara-municipal-de-belo-horizonte\/#listItem","name":"Projeto &#8220;Voc\u00ea no Controle&#8221; chega \u00e0 C\u00e2mara Municipal de Belo Horizonte"},"previousItem":{"@type":"ListItem","@id":"https:\/\/www.encontrabelohorizonte.com.br\/sobre#listItem","name":"In\u00edcio"}},{"@type":"ListItem","@id":"https:\/\/www.encontrabelohorizonte.com.br\/sobre\/projeto-voce-no-controle-chega-a-camara-municipal-de-belo-horizonte\/#listItem","position":3,"name":"Projeto &#8220;Voc\u00ea no Controle&#8221; chega \u00e0 C\u00e2mara Municipal de Belo Horizonte","previousItem":{"@type":"ListItem","@id":"https:\/\/www.encontrabelohorizonte.com.br\/sobre\/noticias\/#listItem","name":"Not\u00edcias Belo Horizonte"}}]},{"@type":"Organization","@id":"https:\/\/www.encontrabelohorizonte.com.br\/sobre\/#organization","name":"Encontra Belo Horizonte","description":"Not\u00edcias, eventos, informa\u00e7\u00f5es e dicas da cidade de Belo Horizonte e regi\u00e3o","url":"https:\/\/www.encontrabelohorizonte.com.br\/sobre\/"},{"@type":"Person","@id":"https:\/\/www.encontrabelohorizonte.com.br\/sobre\/author\/ebelohorizonte\/#author","url":"https:\/\/www.encontrabelohorizonte.com.br\/sobre\/author\/ebelohorizonte\/","name":"Encontra Belo Horizonte","image":{"@type":"ImageObject","@id":"https:\/\/www.encontrabelohorizonte.com.br\/sobre\/projeto-voce-no-controle-chega-a-camara-municipal-de-belo-horizonte\/#authorImage","url":"https:\/\/secure.gravatar.com\/avatar\/507340682b8270222e1f208e23198b6ae7e2c6a1033ae84e99bc6bce4f82a387?s=96&d=mm&r=g","width":96,"height":96,"caption":"Encontra Belo Horizonte"}},{"@type":"WebPage","@id":"https:\/\/www.encontrabelohorizonte.com.br\/sobre\/projeto-voce-no-controle-chega-a-camara-municipal-de-belo-horizonte\/#webpage","url":"https:\/\/www.encontrabelohorizonte.com.br\/sobre\/projeto-voce-no-controle-chega-a-camara-municipal-de-belo-horizonte\/","name":"Projeto \u201cVoc\u00ea no Controle\u201d chega \u00e0 C\u00e2mara Municipal de Belo Horizonte | Encontra Belo Horizonte","description":"Projeto 'Voc\u00ea no Controle' fortalece a participa\u00e7\u00e3o cidad\u00e3 na gest\u00e3o p\u00fablica de Belo Horizonte.","inLanguage":"pt-BR","isPartOf":{"@id":"https:\/\/www.encontrabelohorizonte.com.br\/sobre\/#website"},"breadcrumb":{"@id":"https:\/\/www.encontrabelohorizonte.com.br\/sobre\/projeto-voce-no-controle-chega-a-camara-municipal-de-belo-horizonte\/#breadcrumblist"},"author":{"@id":"https:\/\/www.encontrabelohorizonte.com.br\/sobre\/author\/ebelohorizonte\/#author"},"creator":{"@id":"https:\/\/www.encontrabelohorizonte.com.br\/sobre\/author\/ebelohorizonte\/#author"},"image":{"@type":"ImageObject","url":"https:\/\/www.encontrabelohorizonte.com.br\/sobre\/wp-content\/uploads\/projeto-voce-no-controle-chega-a-camara-municipal-de-belo-horizonte.webp","@id":"https:\/\/www.encontrabelohorizonte.com.br\/sobre\/projeto-voce-no-controle-chega-a-camara-municipal-de-belo-horizonte\/#mainImage","width":280,"height":280,"caption":"Voc\u00ea no Controle"},"primaryImageOfPage":{"@id":"https:\/\/www.encontrabelohorizonte.com.br\/sobre\/projeto-voce-no-controle-chega-a-camara-municipal-de-belo-horizonte\/#mainImage"},"datePublished":"2026-07-17T01:02:43-03:00","dateModified":"2026-07-17T01:02:43-03:00"},{"@type":"WebSite","@id":"https:\/\/www.encontrabelohorizonte.com.br\/sobre\/#website","url":"https:\/\/www.encontrabelohorizonte.com.br\/sobre\/","name":"Encontra Belo Horizonte","description":"Not\u00edcias, eventos, informa\u00e7\u00f5es e dicas da cidade de Belo Horizonte e regi\u00e3o","inLanguage":"pt-BR","publisher":{"@id":"https:\/\/www.encontrabelohorizonte.com.br\/sobre\/#organization"}}]},"og:locale":"pt_BR","og:site_name":"Encontra Belo Horizonte | Not\u00edcias, eventos, informa\u00e7\u00f5es e dicas da cidade de Belo Horizonte e regi\u00e3o","og:type":"article","og:title":"Projeto \u201cVoc\u00ea no Controle\u201d chega \u00e0 C\u00e2mara Municipal de Belo Horizonte | Encontra Belo Horizonte","og:description":"Projeto 'Voc\u00ea no Controle' fortalece a participa\u00e7\u00e3o cidad\u00e3 na gest\u00e3o p\u00fablica de Belo Horizonte.","og:url":"https:\/\/www.encontrabelohorizonte.com.br\/sobre\/projeto-voce-no-controle-chega-a-camara-municipal-de-belo-horizonte\/","article:published_time":"2026-07-17T04:02:43+00:00","article:modified_time":"2026-07-17T04:02:43+00:00","twitter:card":"summary","twitter:title":"Projeto \u201cVoc\u00ea no Controle\u201d chega \u00e0 C\u00e2mara Municipal de Belo Horizonte | Encontra Belo Horizonte","twitter:description":"Projeto 'Voc\u00ea no Controle' fortalece a participa\u00e7\u00e3o cidad\u00e3 na gest\u00e3o p\u00fablica de Belo Horizonte."},"aioseo_meta_data":{"post_id":"4376","title":null,"description":null,"keywords":null,"keyphrases":null,"primary_term":null,"canonical_url":null,"og_title":null,"og_description":null,"og_object_type":"default","og_image_type":"default","og_image_url":null,"og_image_width":null,"og_image_height":null,"og_image_custom_url":null,"og_image_custom_fields":null,"og_video":null,"og_custom_url":null,"og_article_section":null,"og_article_tags":null,"twitter_use_og":false,"twitter_card":"default","twitter_image_type":"default","twitter_image_url":null,"twitter_image_custom_url":null,"twitter_image_custom_fields":null,"twitter_title":null,"twitter_description":null,"schema":{"blockGraphs":[],"customGraphs":[],"default":{"data":{"Article":[],"Course":[],"Dataset":[],"FAQPage":[],"Movie":[],"Person":[],"Product":[],"ProductReview":[],"Car":[],"Recipe":[],"Service":[],"SoftwareApplication":[],"WebPage":[]},"graphName":"WebPage","isEnabled":true},"graphs":[]},"schema_type":"default","schema_type_options":null,"pillar_content":false,"robots_default":true,"robots_noindex":false,"robots_noarchive":false,"robots_nosnippet":false,"robots_nofollow":false,"robots_noimageindex":false,"robots_noodp":false,"robots_notranslate":false,"robots_max_snippet":null,"robots_max_videopreview":null,"robots_max_imagepreview":"large","priority":null,"frequency":null,"local_seo":null,"breadcrumb_settings":null,"limit_modified_date":false,"ai":null,"created":"2026-07-17 04:18:59","updated":"2026-07-17 04:18:59","focus_keyword":null,"additional_keywords":null,"truseo_locale":null,"seo_analyzer_scan_date":null},"aioseo_breadcrumb":"<div class=\"aioseo-breadcrumbs\"><span class=\"aioseo-breadcrumb\">\n\t\t\t<a href=\"https:\/\/www.encontrabelohorizonte.com.br\/sobre\" title=\"In\u00edcio\">In\u00edcio<\/a>\n\t\t<\/span><span class=\"aioseo-breadcrumb-separator\">&raquo;<\/span><span class=\"aioseo-breadcrumb\">\n\t\t\t<a href=\"https:\/\/www.encontrabelohorizonte.com.br\/sobre\/noticias\/\" title=\"Not\u00edcias Belo Horizonte\">Not\u00edcias Belo Horizonte<\/a>\n\t\t<\/span><span class=\"aioseo-breadcrumb-separator\">&raquo;<\/span><span class=\"aioseo-breadcrumb\">\n\t\t\tProjeto \u201cVoc\u00ea no Controle\u201d chega \u00e0 C\u00e2mara Municipal de Belo Horizonte\n\t\t<\/span><\/div>","aioseo_breadcrumb_json":[{"label":"In\u00edcio","link":"https:\/\/www.encontrabelohorizonte.com.br\/sobre"},{"label":"Not\u00edcias Belo Horizonte","link":"https:\/\/www.encontrabelohorizonte.com.br\/sobre\/noticias\/"},{"label":"Projeto &#8220;Voc\u00ea no Controle&#8221; chega \u00e0 C\u00e2mara Municipal de Belo Horizonte","link":"https:\/\/www.encontrabelohorizonte.com.br\/sobre\/projeto-voce-no-controle-chega-a-camara-municipal-de-belo-horizonte\/"}],"_links":{"self":[{"href":"https:\/\/www.encontrabelohorizonte.com.br\/sobre\/wp-json\/wp\/v2\/posts\/4376","targetHints":{"allow":["GET"]}}],"collection":[{"href":"https:\/\/www.encontrabelohorizonte.com.br\/sobre\/wp-json\/wp\/v2\/posts"}],"about":[{"href":"https:\/\/www.encontrabelohorizonte.com.br\/sobre\/wp-json\/wp\/v2\/types\/post"}],"author":[{"embeddable":true,"href":"https:\/\/www.encontrabelohorizonte.com.br\/sobre\/wp-json\/wp\/v2\/users\/1"}],"replies":[{"embeddable":true,"href":"https:\/\/www.encontrabelohorizonte.com.br\/sobre\/wp-json\/wp\/v2\/comments?post=4376"}],"version-history":[{"count":0,"href":"https:\/\/www.encontrabelohorizonte.com.br\/sobre\/wp-json\/wp\/v2\/posts\/4376\/revisions"}],"wp:featuredmedia":[{"embeddable":true,"href":"https:\/\/www.encontrabelohorizonte.com.br\/sobre\/wp-json\/wp\/v2\/media\/4375"}],"wp:attachment":[{"href":"https:\/\/www.encontrabelohorizonte.com.br\/sobre\/wp-json\/wp\/v2\/media?parent=4376"}],"wp:term":[{"taxonomy":"category","embeddable":true,"href":"https:\/\/www.encontrabelohorizonte.com.br\/sobre\/wp-json\/wp\/v2\/categories?post=4376"},{"taxonomy":"post_tag","embeddable":true,"href":"https:\/\/www.encontrabelohorizonte.com.br\/sobre\/wp-json\/wp\/v2\/tags?post=4376"}],"curies":[{"name":"wp","href":"https:\/\/api.w.org\/{rel}","templated":true}]}}