{"id":4382,"date":"2026-07-18T00:56:03","date_gmt":"2026-07-18T03:56:03","guid":{"rendered":"https:\/\/www.encontrabelohorizonte.com.br\/sobre\/temperaturas-caem-em-bh-nesta-semana-veja-previsao-do-tempo\/"},"modified":"2026-07-18T00:56:03","modified_gmt":"2026-07-18T03:56:03","slug":"temperaturas-caem-em-bh-nesta-semana-veja-previsao-do-tempo","status":"publish","type":"post","link":"https:\/\/www.encontrabelohorizonte.com.br\/sobre\/temperaturas-caem-em-bh-nesta-semana-veja-previsao-do-tempo\/","title":{"rendered":"Temperaturas caem em BH nesta semana; veja previs\u00e3o do tempo"},"content":{"rendered":"<div class=\"2e083cf0b19e2c11948dc6ac054ba979\" data-index=\"1\" style=\"float: none; margin:0px;\">\n<!-- Anuncio display - global -->\r\n<ins class=\"adsbygoogle\"\r\n     style=\"display:block\"\r\n     data-ad-client=\"ca-pub-8585364105181520\"\r\n     data-ad-slot=\"8789329856\"\r\n     data-ad-format=\"auto\"\r\n     data-full-width-responsive=\"true\"><\/ins>\r\n<script>\r\n     (adsbygoogle = window.adsbygoogle || []).push({});\r\n<\/script>\n<\/div>\n<h2>Como se Preparar para o Frio em Belo Horizonte<\/h2>\n<p>Com a chegada do frio em Belo Horizonte, \u00e9 essencial que os moradores se preparem adequadamente para lidar com as baixas temperaturas. Embora a cidade seja conhecida por seu clima ameno, as noites e as manh\u00e3s frias podem surpreender. Para se aquecer e garantir conforto, algumas dicas pr\u00e1ticas s\u00e3o importantes:<\/p>\n<ul>\n<li><strong>Ajuste seu guarda-roupa:<\/strong> Priorize as roupas em camadas. Use pe\u00e7as como meias grossas, cachec\u00f3is, gorros e luvas, que ajudam a reter o calor.<\/li>\n<li><strong>Prepare sua casa:<\/strong> Certifique-se de que as janelas e portas estejam bem vedadas para evitar correntes de ar frio. Cortinas pesadas tamb\u00e9m podem ajudar.<\/li>\n<li><strong>Utilize aquecedores:<\/strong> Investir em aquecedores el\u00e9tricos ou l\u00e2mpadas de aquecimento pode ser uma boa alternativa para manter os ambientes quentes.<\/li>\n<\/ul>\n<h2>O Impacto da Queda de Temperatura na Sa\u00fade<\/h2>\n<p>As varia\u00e7\u00f5es de temperatura podem afetar a sa\u00fade de diversas maneiras. \u00c9 crucial prestarmos aten\u00e7\u00e3o a esses impactos, especialmente em crian\u00e7as e idosos, que s\u00e3o mais vulner\u00e1veis ao frio.<\/p>\n<ul>\n<li><strong>Resfriados e gripes:<\/strong> O frio intenso pode facilitar a prolifera\u00e7\u00e3o de v\u00edrus, aumentando os casos de gripe e resfriados. Mantenha a higiene das m\u00e3os e evite aglomera\u00e7\u00f5es para prevenir doen\u00e7as.<\/li>\n<li><strong>Problemas respirat\u00f3rios:<\/strong> Pessoas com asma ou outras condi\u00e7\u00f5es respirat\u00f3rias devem ter aten\u00e7\u00e3o redobrada, pois o ar frio pode agravar os sintomas.<\/li>\n<li><strong>Sa\u00fade mental:<\/strong> As temperaturas baixas e a menor luminosidade podem impactar o humor. Esteja atento ao estado emocional e busque atividades que promovam o bem-estar.<\/li>\n<\/ul>\n<h2>Previs\u00e3o do Tempo para os Pr\u00f3ximos Dias<\/h2>\n<p>A previs\u00e3o do tempo revelou que as temperaturas em Belo Horizonte sofrer\u00e3o uma queda significativa nos pr\u00f3ximos dias. Confira a previs\u00e3o detalhada:<\/p>\n<p><img decoding=\"async\" src=\"https:\/\/www.encontrabelohorizonte.com.br\/sobre\/wp-content\/uploads\/temperaturas-caem-em-bh-nesta-semana-veja-previsao-do-tempo.webp\" alt=\"temperaturas em BH\" loading=\"lazy\" \/><\/p>\n<ul>\n<li><strong>Segunda-feira:<\/strong> Minima de 11\u00baC e m\u00e1xima de 25\u00baC. Manh\u00e3 nublada com possibilidade de chuvas isoladas \u00e0 tarde.<\/li>\n<li><strong>Ter\u00e7a-feira:<\/strong> Minima de 13\u00baC e m\u00e1xima de 24\u00baC. Predom\u00ednio de sol durante o dia.<\/li>\n<li><strong>Quarta-feira:<\/strong> Minima de 8\u00baC e m\u00e1xima de 22\u00baC. C\u00e9u limpo, ideal para desfrutar do dia.<\/li>\n<li><strong>Quinta-feira:<\/strong> Minima de 8\u00baC e m\u00e1xima de 23\u00baC. C\u00e9u ensolarado, mantendo as temperaturas amenas.<\/li>\n<\/ul>\n<h2>Dicas de Moda para Temperaturas Frias<\/h2>\n<p>Mantendo o estilo ao se proteger do frio, \u00e9 poss\u00edvel compor looks que sejam confort\u00e1veis e quentes.<\/p>\n<ul>\n<li><strong>Camadas:<\/strong> Use v\u00e1rias camadas de roupas. Uma t-shirt, seguida por um su\u00e9ter e uma jaqueta, pode ser uma combina\u00e7\u00e3o eficaz.<\/li>\n<li><strong>Materiais quentes:<\/strong> Prefira tecidos como l\u00e3, moletom e flanela, que proporcionam calor e conforto.<\/li>\n<li><strong>Acess\u00f3rios:<\/strong> Invista em acess\u00f3rios como cachec\u00f3is e gorros que n\u00e3o apenas aquecem, mas tamb\u00e9m adicionam estilo.<\/li>\n<\/ul>\n<h2>O Que Fazer em Dias de Frio em BH<\/h2>\n<p>Mesmo com a queda de temperatura, Belo Horizonte oferece diversas op\u00e7\u00f5es de atividades para toda a fam\u00edlia.<\/p>\n<ul>\n<li><strong>Caf\u00e9s e Restaurantes:<\/strong> Aproveite para visitar caf\u00e9s e restaurantes aconchegantes que servem comidas quentes e bebidas deliciosas.<\/li>\n<li><strong>Parques:<\/strong> Os parques da cidade s\u00e3o \u00f3timos para caminhadas e piqueniques em dias ensolarados, mesmo nos meses mais frios.<\/li>\n<li><strong>Cultura:<\/strong> Visite museus e centros culturais. Muitas vezes, h\u00e1 exposi\u00e7\u00f5es e eventos que acontecem em ambientes fechados e aquecidos.<\/li>\n<\/ul>\n<h2>Cuidados com a Sa\u00fade Mental Durante Inverno<\/h2>\n<p>Com a diminui\u00e7\u00e3o da luz solar nos meses frios, uma aten\u00e7\u00e3o especial \u00e0 sa\u00fade mental \u00e9 necess\u00e1ria.<\/p>\n<ul>\n<li><strong>Atividades:**: Busque hobbies e atividades que voc\u00ea goste, que possam ser realizados dentro de casa. Ler, pintar ou fazer exerc\u00edcios s\u00e3o boas op\u00e7\u00f5es.<\/li>\n<li><strong>Socializa\u00e7\u00e3o:<\/strong> Manter contato com amigos e familiares, mesmo que virtualmente, pode ajudar a combater a solid\u00e3o.<\/li>\n<li><strong>Exposi\u00e7\u00e3o ao Sol:<\/strong> Sempre que poss\u00edvel, aproveite os momentos de sol para se expor \u00e0 luz natural, ajudando a melhorar o humor.<\/li>\n<\/ul>\n<h2>Onde Encontrar Atra\u00e7\u00f5es em BH Mesmo com Frio<\/h2>\n<p>A cidade n\u00e3o para, mesmo com a queda de temperaturas. Explore essas op\u00e7\u00f5es:<\/p>\n<ul>\n<li><strong>Feiras e Mercados:<\/strong> Visite feiras locais que oferecem produtos frescos e regionais. A Feira Hippie e o Mercado Central s\u00e3o \u00f3timas op\u00e7\u00f5es.<\/li>\n<li><strong>Cinema:<\/strong> Desfrute de filmes no cinema. Assistir a um bom filme em um ambiente aquecido \u00e9 um \u00f3timo jeito de passar o tempo.<\/li>\n<li><strong>Teatros:<\/strong> Apresenta\u00e7\u00f5es teatrais na cidade s\u00e3o uma alternativa cultural que pode ser aproveitada em salas aquecidas.<\/li>\n<\/ul>\n<h2>A Import\u00e2ncia de Manter-se Aquecido<\/h2>\n<p>A manuten\u00e7\u00e3o da temperatura corporal \u00e9 crucial durante os dias frios. Aqui est\u00e3o algumas dicas:<\/p>\n<ul>\n<li><strong>Alimenta\u00e7\u00e3o:<\/strong> Consuma refei\u00e7\u00f5es quentes e nutritivas. Sopas e caldos s\u00e3o ideais para gerar calor interno.<\/li>\n<li><strong>Hidrata\u00e7\u00e3o:<\/strong> Beba \u00e1gua, mesmo no frio. A desidrata\u00e7\u00e3o pode acontecer, causando mal-estar.<\/li>\n<li><strong>Exerc\u00edcios:<\/strong> Mantenha-se ativo. Exerc\u00edcios f\u00edsicos ajudam a esquentar o corpo e a melhorar a circula\u00e7\u00e3o.<\/li>\n<\/ul>\n<h2>Como Economizar em Aquecedores e Roupas de Frio<\/h2>\n<p>Com as temperaturas em queda, algumas dicas podem ajudar a economizar:<\/p>\n<ul>\n<li><strong>Aquecedores:<\/strong> Utilize aquecedores de maneira inteligente. Ligue apenas nos c\u00f4modos que voc\u00ea utiliza e durante per\u00edodos curtos.<\/li>\n<li><strong>Roupas de frio:<\/strong> Invista em roupas vers\u00e1teis que possam ser usadas em v\u00e1rias ocasi\u00f5es, evitando gastos excessivos.<\/li>\n<li><strong>Eletrodom\u00e9sticos:<\/strong> Desligue aparelhos desnecess\u00e1rios enquanto ficam frios, evitando consumo el\u00e9trico elevado.<\/li>\n<\/ul>\n<h2>Mudan\u00e7as no Clima e Seus Efeitos em Belo Horizonte<\/h2>\n<p>\u00c9 importante estar atento \u00e0s mudan\u00e7as clim\u00e1ticas que podem afetar Belo Horizonte e suas redondezas.<\/p>\n<ul>\n<li><strong>Precipita\u00e7\u00f5es:<\/strong> As chuvas podem ser mais intensas durante o inverno, ocasionando alagamentos. Acompanhe a previs\u00e3o do tempo.<\/li>\n<li><strong>Ar Polu\u00eddo:<\/strong> O frio pode agravar a polui\u00e7\u00e3o do ar. Limite a exposi\u00e7\u00e3o em dias com alta concentra\u00e7\u00e3o de poluentes.<\/li>\n<li><strong>Desastres Naturais:<\/strong> Mudan\u00e7as clim\u00e1ticas podem causar desastres naturais. Esteja sempre informado e preparado para emerg\u00eancias.<\/li>\n<\/ul>\n\n<div style=\"font-size: 0px; height: 0px; line-height: 0px; margin: 0; padding: 0; clear: both;\"><\/div>","protected":false},"excerpt":{"rendered":"<p>Temperaturas em BH podem cair para at\u00e9 8\u00b0C nesta semana; fique atento!<\/p>\n","protected":false},"author":1,"featured_media":4381,"comment_status":"closed","ping_status":"closed","sticky":false,"template":"","format":"standard","meta":{"footnotes":""},"categories":[6],"tags":[],"class_list":["post-4382","post","type-post","status-publish","format-standard","has-post-thumbnail","hentry","category-noticias","has_thumb"],"aioseo_notices":[],"aioseo_head":"\n\t\t<!-- All in One SEO 5.0.0.1 - aioseo.com -->\n\t<meta name=\"description\" content=\"Temperaturas em BH podem cair para at\u00e9 8\u00b0C nesta semana; fique atento!\" \/>\n\t<meta name=\"robots\" content=\"max-image-preview:large\" \/>\n\t<meta name=\"author\" content=\"Encontra Belo Horizonte\"\/>\n\t<link rel=\"canonical\" href=\"https:\/\/www.encontrabelohorizonte.com.br\/sobre\/temperaturas-caem-em-bh-nesta-semana-veja-previsao-do-tempo\/\" \/>\n\t<meta name=\"generator\" content=\"All in One SEO (AIOSEO) 5.0.0.1\" \/>\n\t\t<meta property=\"og:locale\" content=\"pt_BR\" \/>\n\t\t<meta property=\"og:site_name\" content=\"Encontra Belo Horizonte | Not\u00edcias, eventos, informa\u00e7\u00f5es e dicas da cidade de Belo Horizonte e regi\u00e3o\" \/>\n\t\t<meta property=\"og:type\" content=\"article\" \/>\n\t\t<meta property=\"og:title\" content=\"Temperaturas caem em BH nesta semana; veja previs\u00e3o do tempo | Encontra Belo Horizonte\" \/>\n\t\t<meta property=\"og:description\" content=\"Temperaturas em BH podem cair para at\u00e9 8\u00b0C nesta semana; fique atento!\" \/>\n\t\t<meta property=\"og:url\" content=\"https:\/\/www.encontrabelohorizonte.com.br\/sobre\/temperaturas-caem-em-bh-nesta-semana-veja-previsao-do-tempo\/\" \/>\n\t\t<meta property=\"article:published_time\" content=\"2026-07-18T03:56:03+00:00\" \/>\n\t\t<meta property=\"article:modified_time\" content=\"2026-07-18T03:56:03+00:00\" \/>\n\t\t<meta name=\"twitter:card\" content=\"summary\" \/>\n\t\t<meta name=\"twitter:title\" content=\"Temperaturas caem em BH nesta semana; veja previs\u00e3o do tempo | Encontra Belo Horizonte\" \/>\n\t\t<meta name=\"twitter:description\" content=\"Temperaturas em BH podem cair para at\u00e9 8\u00b0C nesta semana; fique atento!\" \/>\n\t\t<script type=\"application\/ld+json\" class=\"aioseo-schema\">\n\t\t\t{\"@context\":\"https:\\\/\\\/schema.org\",\"@graph\":[{\"@type\":\"Article\",\"@id\":\"https:\\\/\\\/www.encontrabelohorizonte.com.br\\\/sobre\\\/temperaturas-caem-em-bh-nesta-semana-veja-previsao-do-tempo\\\/#article\",\"name\":\"Temperaturas caem em BH nesta semana; veja previs\\u00e3o do tempo | Encontra Belo Horizonte\",\"headline\":\"Temperaturas caem em BH nesta semana; veja previs\\u00e3o do tempo\",\"author\":{\"@id\":\"https:\\\/\\\/www.encontrabelohorizonte.com.br\\\/sobre\\\/author\\\/ebelohorizonte\\\/#author\"},\"publisher\":{\"@id\":\"https:\\\/\\\/www.encontrabelohorizonte.com.br\\\/sobre\\\/#organization\"},\"image\":{\"@type\":\"ImageObject\",\"url\":\"https:\\\/\\\/www.encontrabelohorizonte.com.br\\\/sobre\\\/wp-content\\\/uploads\\\/temperaturas-caem-em-bh-nesta-semana-veja-previsao-do-tempo.webp\",\"width\":280,\"height\":280,\"caption\":\"temperaturas em BH\"},\"datePublished\":\"2026-07-18T00:56:03-03:00\",\"dateModified\":\"2026-07-18T00:56:03-03:00\",\"inLanguage\":\"pt-BR\",\"mainEntityOfPage\":{\"@id\":\"https:\\\/\\\/www.encontrabelohorizonte.com.br\\\/sobre\\\/temperaturas-caem-em-bh-nesta-semana-veja-previsao-do-tempo\\\/#webpage\"},\"isPartOf\":{\"@id\":\"https:\\\/\\\/www.encontrabelohorizonte.com.br\\\/sobre\\\/temperaturas-caem-em-bh-nesta-semana-veja-previsao-do-tempo\\\/#webpage\"},\"articleSection\":\"Not\\u00edcias Belo Horizonte\"},{\"@type\":\"BreadcrumbList\",\"@id\":\"https:\\\/\\\/www.encontrabelohorizonte.com.br\\\/sobre\\\/temperaturas-caem-em-bh-nesta-semana-veja-previsao-do-tempo\\\/#breadcrumblist\",\"itemListElement\":[{\"@type\":\"ListItem\",\"@id\":\"https:\\\/\\\/www.encontrabelohorizonte.com.br\\\/sobre#listItem\",\"position\":1,\"name\":\"In\\u00edcio\",\"item\":\"https:\\\/\\\/www.encontrabelohorizonte.com.br\\\/sobre\",\"nextItem\":{\"@type\":\"ListItem\",\"@id\":\"https:\\\/\\\/www.encontrabelohorizonte.com.br\\\/sobre\\\/noticias\\\/#listItem\",\"name\":\"Not\\u00edcias Belo Horizonte\"}},{\"@type\":\"ListItem\",\"@id\":\"https:\\\/\\\/www.encontrabelohorizonte.com.br\\\/sobre\\\/noticias\\\/#listItem\",\"position\":2,\"name\":\"Not\\u00edcias Belo Horizonte\",\"item\":\"https:\\\/\\\/www.encontrabelohorizonte.com.br\\\/sobre\\\/noticias\\\/\",\"nextItem\":{\"@type\":\"ListItem\",\"@id\":\"https:\\\/\\\/www.encontrabelohorizonte.com.br\\\/sobre\\\/temperaturas-caem-em-bh-nesta-semana-veja-previsao-do-tempo\\\/#listItem\",\"name\":\"Temperaturas caem em BH nesta semana; veja previs\\u00e3o do tempo\"},\"previousItem\":{\"@type\":\"ListItem\",\"@id\":\"https:\\\/\\\/www.encontrabelohorizonte.com.br\\\/sobre#listItem\",\"name\":\"In\\u00edcio\"}},{\"@type\":\"ListItem\",\"@id\":\"https:\\\/\\\/www.encontrabelohorizonte.com.br\\\/sobre\\\/temperaturas-caem-em-bh-nesta-semana-veja-previsao-do-tempo\\\/#listItem\",\"position\":3,\"name\":\"Temperaturas caem em BH nesta semana; veja previs\\u00e3o do tempo\",\"previousItem\":{\"@type\":\"ListItem\",\"@id\":\"https:\\\/\\\/www.encontrabelohorizonte.com.br\\\/sobre\\\/noticias\\\/#listItem\",\"name\":\"Not\\u00edcias Belo Horizonte\"}}]},{\"@type\":\"Organization\",\"@id\":\"https:\\\/\\\/www.encontrabelohorizonte.com.br\\\/sobre\\\/#organization\",\"name\":\"Encontra Belo Horizonte\",\"description\":\"Not\\u00edcias, eventos, informa\\u00e7\\u00f5es e dicas da cidade de Belo Horizonte e regi\\u00e3o\",\"url\":\"https:\\\/\\\/www.encontrabelohorizonte.com.br\\\/sobre\\\/\"},{\"@type\":\"Person\",\"@id\":\"https:\\\/\\\/www.encontrabelohorizonte.com.br\\\/sobre\\\/author\\\/ebelohorizonte\\\/#author\",\"url\":\"https:\\\/\\\/www.encontrabelohorizonte.com.br\\\/sobre\\\/author\\\/ebelohorizonte\\\/\",\"name\":\"Encontra Belo Horizonte\",\"image\":{\"@type\":\"ImageObject\",\"@id\":\"https:\\\/\\\/www.encontrabelohorizonte.com.br\\\/sobre\\\/temperaturas-caem-em-bh-nesta-semana-veja-previsao-do-tempo\\\/#authorImage\",\"url\":\"https:\\\/\\\/secure.gravatar.com\\\/avatar\\\/507340682b8270222e1f208e23198b6ae7e2c6a1033ae84e99bc6bce4f82a387?s=96&d=mm&r=g\",\"width\":96,\"height\":96,\"caption\":\"Encontra Belo Horizonte\"}},{\"@type\":\"WebPage\",\"@id\":\"https:\\\/\\\/www.encontrabelohorizonte.com.br\\\/sobre\\\/temperaturas-caem-em-bh-nesta-semana-veja-previsao-do-tempo\\\/#webpage\",\"url\":\"https:\\\/\\\/www.encontrabelohorizonte.com.br\\\/sobre\\\/temperaturas-caem-em-bh-nesta-semana-veja-previsao-do-tempo\\\/\",\"name\":\"Temperaturas caem em BH nesta semana; veja previs\\u00e3o do tempo | Encontra Belo Horizonte\",\"description\":\"Temperaturas em BH podem cair para at\\u00e9 8\\u00b0C nesta semana; fique atento!\",\"inLanguage\":\"pt-BR\",\"isPartOf\":{\"@id\":\"https:\\\/\\\/www.encontrabelohorizonte.com.br\\\/sobre\\\/#website\"},\"breadcrumb\":{\"@id\":\"https:\\\/\\\/www.encontrabelohorizonte.com.br\\\/sobre\\\/temperaturas-caem-em-bh-nesta-semana-veja-previsao-do-tempo\\\/#breadcrumblist\"},\"author\":{\"@id\":\"https:\\\/\\\/www.encontrabelohorizonte.com.br\\\/sobre\\\/author\\\/ebelohorizonte\\\/#author\"},\"creator\":{\"@id\":\"https:\\\/\\\/www.encontrabelohorizonte.com.br\\\/sobre\\\/author\\\/ebelohorizonte\\\/#author\"},\"image\":{\"@type\":\"ImageObject\",\"url\":\"https:\\\/\\\/www.encontrabelohorizonte.com.br\\\/sobre\\\/wp-content\\\/uploads\\\/temperaturas-caem-em-bh-nesta-semana-veja-previsao-do-tempo.webp\",\"@id\":\"https:\\\/\\\/www.encontrabelohorizonte.com.br\\\/sobre\\\/temperaturas-caem-em-bh-nesta-semana-veja-previsao-do-tempo\\\/#mainImage\",\"width\":280,\"height\":280,\"caption\":\"temperaturas em BH\"},\"primaryImageOfPage\":{\"@id\":\"https:\\\/\\\/www.encontrabelohorizonte.com.br\\\/sobre\\\/temperaturas-caem-em-bh-nesta-semana-veja-previsao-do-tempo\\\/#mainImage\"},\"datePublished\":\"2026-07-18T00:56:03-03:00\",\"dateModified\":\"2026-07-18T00:56:03-03:00\"},{\"@type\":\"WebSite\",\"@id\":\"https:\\\/\\\/www.encontrabelohorizonte.com.br\\\/sobre\\\/#website\",\"url\":\"https:\\\/\\\/www.encontrabelohorizonte.com.br\\\/sobre\\\/\",\"name\":\"Encontra Belo Horizonte\",\"description\":\"Not\\u00edcias, eventos, informa\\u00e7\\u00f5es e dicas da cidade de Belo Horizonte e regi\\u00e3o\",\"inLanguage\":\"pt-BR\",\"publisher\":{\"@id\":\"https:\\\/\\\/www.encontrabelohorizonte.com.br\\\/sobre\\\/#organization\"}}]}\n\t\t<\/script>\n\t\t<!-- All in One SEO -->\n\n","aioseo_head_json":{"title":"Temperaturas caem em BH nesta semana; veja previs\u00e3o do tempo | Encontra Belo Horizonte","description":"Temperaturas em BH podem cair para at\u00e9 8\u00b0C nesta semana; fique atento!","canonical_url":"https:\/\/www.encontrabelohorizonte.com.br\/sobre\/temperaturas-caem-em-bh-nesta-semana-veja-previsao-do-tempo\/","robots":"max-image-preview:large","keywords":"","webmasterTools":{"miscellaneous":""},"schema":{"@context":"https:\/\/schema.org","@graph":[{"@type":"Article","@id":"https:\/\/www.encontrabelohorizonte.com.br\/sobre\/temperaturas-caem-em-bh-nesta-semana-veja-previsao-do-tempo\/#article","name":"Temperaturas caem em BH nesta semana; veja previs\u00e3o do tempo | Encontra Belo Horizonte","headline":"Temperaturas caem em BH nesta semana; veja previs\u00e3o do tempo","author":{"@id":"https:\/\/www.encontrabelohorizonte.com.br\/sobre\/author\/ebelohorizonte\/#author"},"publisher":{"@id":"https:\/\/www.encontrabelohorizonte.com.br\/sobre\/#organization"},"image":{"@type":"ImageObject","url":"https:\/\/www.encontrabelohorizonte.com.br\/sobre\/wp-content\/uploads\/temperaturas-caem-em-bh-nesta-semana-veja-previsao-do-tempo.webp","width":280,"height":280,"caption":"temperaturas em BH"},"datePublished":"2026-07-18T00:56:03-03:00","dateModified":"2026-07-18T00:56:03-03:00","inLanguage":"pt-BR","mainEntityOfPage":{"@id":"https:\/\/www.encontrabelohorizonte.com.br\/sobre\/temperaturas-caem-em-bh-nesta-semana-veja-previsao-do-tempo\/#webpage"},"isPartOf":{"@id":"https:\/\/www.encontrabelohorizonte.com.br\/sobre\/temperaturas-caem-em-bh-nesta-semana-veja-previsao-do-tempo\/#webpage"},"articleSection":"Not\u00edcias Belo Horizonte"},{"@type":"BreadcrumbList","@id":"https:\/\/www.encontrabelohorizonte.com.br\/sobre\/temperaturas-caem-em-bh-nesta-semana-veja-previsao-do-tempo\/#breadcrumblist","itemListElement":[{"@type":"ListItem","@id":"https:\/\/www.encontrabelohorizonte.com.br\/sobre#listItem","position":1,"name":"In\u00edcio","item":"https:\/\/www.encontrabelohorizonte.com.br\/sobre","nextItem":{"@type":"ListItem","@id":"https:\/\/www.encontrabelohorizonte.com.br\/sobre\/noticias\/#listItem","name":"Not\u00edcias Belo Horizonte"}},{"@type":"ListItem","@id":"https:\/\/www.encontrabelohorizonte.com.br\/sobre\/noticias\/#listItem","position":2,"name":"Not\u00edcias Belo Horizonte","item":"https:\/\/www.encontrabelohorizonte.com.br\/sobre\/noticias\/","nextItem":{"@type":"ListItem","@id":"https:\/\/www.encontrabelohorizonte.com.br\/sobre\/temperaturas-caem-em-bh-nesta-semana-veja-previsao-do-tempo\/#listItem","name":"Temperaturas caem em BH nesta semana; veja previs\u00e3o do tempo"},"previousItem":{"@type":"ListItem","@id":"https:\/\/www.encontrabelohorizonte.com.br\/sobre#listItem","name":"In\u00edcio"}},{"@type":"ListItem","@id":"https:\/\/www.encontrabelohorizonte.com.br\/sobre\/temperaturas-caem-em-bh-nesta-semana-veja-previsao-do-tempo\/#listItem","position":3,"name":"Temperaturas caem em BH nesta semana; veja previs\u00e3o do tempo","previousItem":{"@type":"ListItem","@id":"https:\/\/www.encontrabelohorizonte.com.br\/sobre\/noticias\/#listItem","name":"Not\u00edcias Belo Horizonte"}}]},{"@type":"Organization","@id":"https:\/\/www.encontrabelohorizonte.com.br\/sobre\/#organization","name":"Encontra Belo Horizonte","description":"Not\u00edcias, eventos, informa\u00e7\u00f5es e dicas da cidade de Belo Horizonte e regi\u00e3o","url":"https:\/\/www.encontrabelohorizonte.com.br\/sobre\/"},{"@type":"Person","@id":"https:\/\/www.encontrabelohorizonte.com.br\/sobre\/author\/ebelohorizonte\/#author","url":"https:\/\/www.encontrabelohorizonte.com.br\/sobre\/author\/ebelohorizonte\/","name":"Encontra Belo Horizonte","image":{"@type":"ImageObject","@id":"https:\/\/www.encontrabelohorizonte.com.br\/sobre\/temperaturas-caem-em-bh-nesta-semana-veja-previsao-do-tempo\/#authorImage","url":"https:\/\/secure.gravatar.com\/avatar\/507340682b8270222e1f208e23198b6ae7e2c6a1033ae84e99bc6bce4f82a387?s=96&d=mm&r=g","width":96,"height":96,"caption":"Encontra Belo Horizonte"}},{"@type":"WebPage","@id":"https:\/\/www.encontrabelohorizonte.com.br\/sobre\/temperaturas-caem-em-bh-nesta-semana-veja-previsao-do-tempo\/#webpage","url":"https:\/\/www.encontrabelohorizonte.com.br\/sobre\/temperaturas-caem-em-bh-nesta-semana-veja-previsao-do-tempo\/","name":"Temperaturas caem em BH nesta semana; veja previs\u00e3o do tempo | Encontra Belo Horizonte","description":"Temperaturas em BH podem cair para at\u00e9 8\u00b0C nesta semana; fique atento!","inLanguage":"pt-BR","isPartOf":{"@id":"https:\/\/www.encontrabelohorizonte.com.br\/sobre\/#website"},"breadcrumb":{"@id":"https:\/\/www.encontrabelohorizonte.com.br\/sobre\/temperaturas-caem-em-bh-nesta-semana-veja-previsao-do-tempo\/#breadcrumblist"},"author":{"@id":"https:\/\/www.encontrabelohorizonte.com.br\/sobre\/author\/ebelohorizonte\/#author"},"creator":{"@id":"https:\/\/www.encontrabelohorizonte.com.br\/sobre\/author\/ebelohorizonte\/#author"},"image":{"@type":"ImageObject","url":"https:\/\/www.encontrabelohorizonte.com.br\/sobre\/wp-content\/uploads\/temperaturas-caem-em-bh-nesta-semana-veja-previsao-do-tempo.webp","@id":"https:\/\/www.encontrabelohorizonte.com.br\/sobre\/temperaturas-caem-em-bh-nesta-semana-veja-previsao-do-tempo\/#mainImage","width":280,"height":280,"caption":"temperaturas em BH"},"primaryImageOfPage":{"@id":"https:\/\/www.encontrabelohorizonte.com.br\/sobre\/temperaturas-caem-em-bh-nesta-semana-veja-previsao-do-tempo\/#mainImage"},"datePublished":"2026-07-18T00:56:03-03:00","dateModified":"2026-07-18T00:56:03-03:00"},{"@type":"WebSite","@id":"https:\/\/www.encontrabelohorizonte.com.br\/sobre\/#website","url":"https:\/\/www.encontrabelohorizonte.com.br\/sobre\/","name":"Encontra Belo Horizonte","description":"Not\u00edcias, eventos, informa\u00e7\u00f5es e dicas da cidade de Belo Horizonte e regi\u00e3o","inLanguage":"pt-BR","publisher":{"@id":"https:\/\/www.encontrabelohorizonte.com.br\/sobre\/#organization"}}]},"og:locale":"pt_BR","og:site_name":"Encontra Belo Horizonte | Not\u00edcias, eventos, informa\u00e7\u00f5es e dicas da cidade de Belo Horizonte e regi\u00e3o","og:type":"article","og:title":"Temperaturas caem em BH nesta semana; veja previs\u00e3o do tempo | Encontra Belo Horizonte","og:description":"Temperaturas em BH podem cair para at\u00e9 8\u00b0C nesta semana; fique atento!","og:url":"https:\/\/www.encontrabelohorizonte.com.br\/sobre\/temperaturas-caem-em-bh-nesta-semana-veja-previsao-do-tempo\/","article:published_time":"2026-07-18T03:56:03+00:00","article:modified_time":"2026-07-18T03:56:03+00:00","twitter:card":"summary","twitter:title":"Temperaturas caem em BH nesta semana; veja previs\u00e3o do tempo | Encontra Belo Horizonte","twitter:description":"Temperaturas em BH podem cair para at\u00e9 8\u00b0C nesta semana; fique atento!"},"aioseo_meta_data":{"post_id":"4382","title":null,"description":null,"keywords":null,"keyphrases":null,"primary_term":null,"canonical_url":null,"og_title":null,"og_description":null,"og_object_type":"default","og_image_type":"default","og_image_url":null,"og_image_width":null,"og_image_height":null,"og_image_custom_url":null,"og_image_custom_fields":null,"og_video":null,"og_custom_url":null,"og_article_section":null,"og_article_tags":null,"twitter_use_og":false,"twitter_card":"default","twitter_image_type":"default","twitter_image_url":null,"twitter_image_custom_url":null,"twitter_image_custom_fields":null,"twitter_title":null,"twitter_description":null,"schema":{"blockGraphs":[],"customGraphs":[],"default":{"data":{"Article":[],"Course":[],"Dataset":[],"FAQPage":[],"Movie":[],"Person":[],"Product":[],"ProductReview":[],"Car":[],"Recipe":[],"Service":[],"SoftwareApplication":[],"WebPage":[]},"graphName":"","isEnabled":true},"graphs":[]},"schema_type":"default","schema_type_options":null,"pillar_content":false,"robots_default":true,"robots_noindex":false,"robots_noarchive":false,"robots_nosnippet":false,"robots_nofollow":false,"robots_noimageindex":false,"robots_noodp":false,"robots_notranslate":false,"robots_max_snippet":null,"robots_max_videopreview":null,"robots_max_imagepreview":"large","priority":null,"frequency":null,"local_seo":null,"breadcrumb_settings":null,"limit_modified_date":false,"ai":null,"created":"2026-07-18 04:17:54","updated":"2026-07-18 04:17:54","focus_keyword":null,"additional_keywords":null,"truseo_locale":null,"seo_analyzer_scan_date":null},"aioseo_breadcrumb":"<div class=\"aioseo-breadcrumbs\"><span class=\"aioseo-breadcrumb\">\n\t\t\t<a href=\"https:\/\/www.encontrabelohorizonte.com.br\/sobre\" title=\"In\u00edcio\">In\u00edcio<\/a>\n\t\t<\/span><span class=\"aioseo-breadcrumb-separator\">&raquo;<\/span><span class=\"aioseo-breadcrumb\">\n\t\t\t<a href=\"https:\/\/www.encontrabelohorizonte.com.br\/sobre\/noticias\/\" title=\"Not\u00edcias Belo Horizonte\">Not\u00edcias Belo Horizonte<\/a>\n\t\t<\/span><span class=\"aioseo-breadcrumb-separator\">&raquo;<\/span><span class=\"aioseo-breadcrumb\">\n\t\t\tTemperaturas caem em BH nesta semana; veja previs\u00e3o do tempo\n\t\t<\/span><\/div>","aioseo_breadcrumb_json":[{"label":"In\u00edcio","link":"https:\/\/www.encontrabelohorizonte.com.br\/sobre"},{"label":"Not\u00edcias Belo Horizonte","link":"https:\/\/www.encontrabelohorizonte.com.br\/sobre\/noticias\/"},{"label":"Temperaturas caem em BH nesta semana; veja previs\u00e3o do tempo","link":"https:\/\/www.encontrabelohorizonte.com.br\/sobre\/temperaturas-caem-em-bh-nesta-semana-veja-previsao-do-tempo\/"}],"_links":{"self":[{"href":"https:\/\/www.encontrabelohorizonte.com.br\/sobre\/wp-json\/wp\/v2\/posts\/4382","targetHints":{"allow":["GET"]}}],"collection":[{"href":"https:\/\/www.encontrabelohorizonte.com.br\/sobre\/wp-json\/wp\/v2\/posts"}],"about":[{"href":"https:\/\/www.encontrabelohorizonte.com.br\/sobre\/wp-json\/wp\/v2\/types\/post"}],"author":[{"embeddable":true,"href":"https:\/\/www.encontrabelohorizonte.com.br\/sobre\/wp-json\/wp\/v2\/users\/1"}],"replies":[{"embeddable":true,"href":"https:\/\/www.encontrabelohorizonte.com.br\/sobre\/wp-json\/wp\/v2\/comments?post=4382"}],"version-history":[{"count":0,"href":"https:\/\/www.encontrabelohorizonte.com.br\/sobre\/wp-json\/wp\/v2\/posts\/4382\/revisions"}],"wp:featuredmedia":[{"embeddable":true,"href":"https:\/\/www.encontrabelohorizonte.com.br\/sobre\/wp-json\/wp\/v2\/media\/4381"}],"wp:attachment":[{"href":"https:\/\/www.encontrabelohorizonte.com.br\/sobre\/wp-json\/wp\/v2\/media?parent=4382"}],"wp:term":[{"taxonomy":"category","embeddable":true,"href":"https:\/\/www.encontrabelohorizonte.com.br\/sobre\/wp-json\/wp\/v2\/categories?post=4382"},{"taxonomy":"post_tag","embeddable":true,"href":"https:\/\/www.encontrabelohorizonte.com.br\/sobre\/wp-json\/wp\/v2\/tags?post=4382"}],"curies":[{"name":"wp","href":"https:\/\/api.w.org\/{rel}","templated":true}]}}