{"id":4386,"date":"2026-07-18T00:58:05","date_gmt":"2026-07-18T03:58:05","guid":{"rendered":"https:\/\/www.encontrabelohorizonte.com.br\/sobre\/parada-do-orgulho-lgbtqia-de-bh-tera-27a-edicao-neste-domingo-com-o-tema-nosso-voto-nossas-vidas-veja-programacao\/"},"modified":"2026-07-18T00:58:05","modified_gmt":"2026-07-18T03:58:05","slug":"parada-do-orgulho-lgbtqia-de-bh-tera-27a-edicao-neste-domingo-com-o-tema-nosso-voto-nossas-vidas-veja-programacao","status":"publish","type":"post","link":"https:\/\/www.encontrabelohorizonte.com.br\/sobre\/parada-do-orgulho-lgbtqia-de-bh-tera-27a-edicao-neste-domingo-com-o-tema-nosso-voto-nossas-vidas-veja-programacao\/","title":{"rendered":"Parada do Orgulho LGBTQIA+ de BH ter\u00e1 27\u00aa edi\u00e7\u00e3o neste domingo com o tema &#8216;Nosso voto, nossas vidas&#8217;; veja programa\u00e7\u00e3o"},"content":{"rendered":"<div class=\"2e083cf0b19e2c11948dc6ac054ba979\" data-index=\"1\" style=\"float: none; margin:0px;\">\n<!-- Anuncio display - global -->\r\n<ins class=\"adsbygoogle\"\r\n     style=\"display:block\"\r\n     data-ad-client=\"ca-pub-8585364105181520\"\r\n     data-ad-slot=\"8789329856\"\r\n     data-ad-format=\"auto\"\r\n     data-full-width-responsive=\"true\"><\/ins>\r\n<script>\r\n     (adsbygoogle = window.adsbygoogle || []).push({});\r\n<\/script>\n<\/div>\n<h2>O Retorno da Parada do Orgulho LGBTQIA+<\/h2>\n<p>Belo Horizonte est\u00e1 se preparando para receber uma celebra\u00e7\u00e3o vibrante e significativa no pr\u00f3ximo domingo, 19 de julho, com a realiza\u00e7\u00e3o da <strong>27\u00aa Parada do Orgulho LGBTQIA+<\/strong>. Este evento marcar\u00e1 o retorno festivo e esperan\u00e7oso da comunidade, que se une novamente para reivindicar visibilidade e reconhecimento em um mundo que muitas vezes marginaliza suas vozes.<\/p>\n<h2>Programa\u00e7\u00e3o do Evento: O que Voc\u00ea Precisa Saber<\/h2>\n<p>A concentra\u00e7\u00e3o ter\u00e1 in\u00edcio \u00e0s 13h30 no cruzamento da Avenida Brasil com Afonso Pena, onde seis trios el\u00e9tricos estar\u00e3o prontos para entreter o p\u00fablico com performances de artistas locais. A caminhada seguir\u00e1 at\u00e9 a Pra\u00e7a Sete, onde est\u00e1 prevista a dispers\u00e3o para as 21h. O tema deste ano, &#8220;Nosso voto, nossas vidas&#8221;, destaca a import\u00e2ncia da participa\u00e7\u00e3o da comunidade no processo democr\u00e1tico, especialmente em tempos de desafios e incertezas pol\u00edticas.<\/p>\n<h2>Import\u00e2ncia do Voto na Luta pela Liberdade e Direitos<\/h2>\n<p>A Parada deste ano, alinhada ao tema proposto, enfatiza a relev\u00e2ncia do voto como ferramenta essencial para a conquista e defesa dos direitos da comunidade LGBTQIA+. Em um cen\u00e1rio onde legisla\u00e7\u00f5es podem afetar diretamente as vidas de pessoas queer, a mobiliza\u00e7\u00e3o para votar se torna um ato de resist\u00eancia e afirma\u00e7\u00e3o. Todos s\u00e3o convidados a refletir sobre o impacto do seu voto e como ele pode moldar um futuro mais inclusivo.<\/p>\n<p><img decoding=\"async\" src=\"https:\/\/www.encontrabelohorizonte.com.br\/sobre\/wp-content\/uploads\/parada-do-orgulho-lgbtqia-de-bh-tera-27-edicao-neste-domingo-com-o-tema-nosso-voto-nossas-vidas-veja.webp\" alt=\"Parada do Orgulho LGBTQIA+\" loading=\"lazy\" \/><\/p>\n<h2>Artistas da Cena Local se Apresentam<\/h2>\n<p>O palco da Parada do Orgulho ser\u00e1 uma vitrine para talentos da cena art\u00edstica de Belo Horizonte. Diversos artistas locais se apresentar\u00e3o ao longo do evento, proporcionando um show recheado de diversidade e express\u00e3o. Esta \u00e9 uma oportunidade para apoiar e celebrar a cultura LGBTQIA+ local, fortalecendo ainda mais os la\u00e7os dentro da comunidade.<\/p>\n<h2>Reflex\u00f5es Sobre o Papel da Comunidade LGBTQIA+<\/h2>\n<p>A Parada tamb\u00e9m servir\u00e1 como um momento para reflex\u00e3o sobre as quest\u00f5es enfrentadas pela comunidade LGBTQIA+. \u00c9 um espa\u00e7o para lembrar os avan\u00e7os conquistados at\u00e9 agora, mas tamb\u00e9m para sublinhar os desafios que ainda persistem. As vozes da comunidade precisam ser ouvidas e reconhecidas, e eventos como a Parada desempenham um papel crucial nesse processo.<\/p>\n<h2>Informa\u00e7\u00f5es Pr\u00e1ticas: Onde e Quando Acontece?<\/h2>\n<p>A Parada do Orgulho LGBTQIA+ em Belo Horizonte ocorrer\u00e1 no domingo, dia 19 de julho, com concentra\u00e7\u00e3o \u00e0s 13h30 na conflu\u00eancia da Avenida Brasil com Afonso Pena. A caminhada se estender\u00e1 at\u00e9 a Pra\u00e7a Sete, onde o evento dever\u00e1 terminar por volta das 21h. \u00c9 recomend\u00e1vel que os participantes cheguem cedo para garantir um bom lugar e se preparem para um dia de festividades.<\/p>\n<h2>Como Participar e Contribuir para o Evento<\/h2>\n<p>Todas as pessoas s\u00e3o convidadas a participar desta celebra\u00e7\u00e3o \u00fanica! Vestir-se com as cores do arco-\u00edris, trazer cartazes e, principalmente, compartilhar a mensagem de amor e aceita\u00e7\u00e3o s\u00e3o formas de mostrar apoio. Participar \u00e9 uma oportunidade de solidariedade e luta pelos direitos da comunidade LGBTQIA+. Al\u00e9m disso, \u00e9 uma chance de se conectar com outras pessoas que compartilham as mesmas aspira\u00e7\u00f5es por igualdade e justi\u00e7a.<\/p>\n<h2>Atividades Paralelas ao Longo do Fim de Semana<\/h2>\n<p>O calend\u00e1rio da Parada do Orgulho est\u00e1 repleto de atividades. No s\u00e1bado, dia 18, ocorrer\u00e3o duas importantes iniciativas: a <strong>2\u00aa Marcha de Mulheridades LBTs<\/strong> e o <strong>2\u00ba Festival Fuzu\u00ea<\/strong>. A Marcha ter\u00e1 in\u00edcio \u00e0s 12h e tem como objetivo dar voz e espa\u00e7o para as mulheres lesbianas, bissexuais e transexuais, enquanto o Festival Fuzu\u00ea promete shows gratuitos a partir das 14h30 na Serraria Souza Pinto, com entrada mediante a doa\u00e7\u00e3o de produtos de higiene pessoal.<\/p>\n<h2>O Que \u00e9 o Cellos-MG e Seu Papel na Parada<\/h2>\n<p>O Centro de Luta pela Livre Orienta\u00e7\u00e3o Sexual e Identidade de G\u00eanero de Minas Gerais, conhecido como <strong>Cellos-MG<\/strong>, \u00e9 uma organiza\u00e7\u00e3o fundamental para a defesa dos direitos da comunidade LGBTQIA+. Desde sua funda\u00e7\u00e3o em 2001, o Cellos-MG tem trabalhado incansavelmente para promover a cidadania e os direitos humanos, sendo um dos organizadores da Parada do Orgulho em Belo Horizonte. Este ano, eles celebram 25 anos de resist\u00eancia e luta.<\/p>\n<h2>Celebra\u00e7\u00f5es e Desafios da Comunidade LGBTQIA+<\/h2>\n<p>Enquanto a Parada \u00e9 um momento de celebra\u00e7\u00e3o, tamb\u00e9m \u00e9 uma data que n\u00e3o pode ignorar os desafios enfrentados pela comunidade. Problemas como discrimina\u00e7\u00e3o, viol\u00eancia e falta de apoio legal ainda afetam muitos. Todo evento proporciona uma plataforma para discutir essas quest\u00f5es e fortalecer a uni\u00e3o da comunidade em prol de um futuro mais justo e igualit\u00e1rio.<\/p>\n\n<div style=\"font-size: 0px; height: 0px; line-height: 0px; margin: 0; padding: 0; clear: both;\"><\/div>","protected":false},"excerpt":{"rendered":"<p>Parada do Orgulho LGBTQIA+ de BH promete muita diversidade e celebra\u00e7\u00e3o.<\/p>\n","protected":false},"author":1,"featured_media":4385,"comment_status":"closed","ping_status":"closed","sticky":false,"template":"","format":"standard","meta":{"footnotes":""},"categories":[37],"tags":[],"class_list":["post-4386","post","type-post","status-publish","format-standard","has-post-thumbnail","hentry","category-cultura","has_thumb"],"aioseo_notices":[],"aioseo_head":"\n\t\t<!-- All in One SEO 5.0.0.1 - aioseo.com -->\n\t<meta name=\"description\" content=\"Parada do Orgulho LGBTQIA+ de BH promete muita diversidade e celebra\u00e7\u00e3o.\" \/>\n\t<meta name=\"robots\" content=\"max-image-preview:large\" \/>\n\t<meta name=\"author\" content=\"Encontra Belo Horizonte\"\/>\n\t<link rel=\"canonical\" href=\"https:\/\/www.encontrabelohorizonte.com.br\/sobre\/parada-do-orgulho-lgbtqia-de-bh-tera-27a-edicao-neste-domingo-com-o-tema-nosso-voto-nossas-vidas-veja-programacao\/\" \/>\n\t<meta name=\"generator\" content=\"All in One SEO (AIOSEO) 5.0.0.1\" \/>\n\t\t<meta property=\"og:locale\" content=\"pt_BR\" \/>\n\t\t<meta property=\"og:site_name\" content=\"Encontra Belo Horizonte | Not\u00edcias, eventos, informa\u00e7\u00f5es e dicas da cidade de Belo Horizonte e regi\u00e3o\" \/>\n\t\t<meta property=\"og:type\" content=\"article\" \/>\n\t\t<meta property=\"og:title\" content=\"Parada do Orgulho LGBTQIA+ de BH ter\u00e1 27\u00aa edi\u00e7\u00e3o neste domingo com o tema \u2018Nosso voto, nossas vidas\u2019; veja programa\u00e7\u00e3o | Encontra Belo Horizonte\" \/>\n\t\t<meta property=\"og:description\" content=\"Parada do Orgulho LGBTQIA+ de BH promete muita diversidade e celebra\u00e7\u00e3o.\" \/>\n\t\t<meta property=\"og:url\" content=\"https:\/\/www.encontrabelohorizonte.com.br\/sobre\/parada-do-orgulho-lgbtqia-de-bh-tera-27a-edicao-neste-domingo-com-o-tema-nosso-voto-nossas-vidas-veja-programacao\/\" \/>\n\t\t<meta property=\"article:published_time\" content=\"2026-07-18T03:58:05+00:00\" \/>\n\t\t<meta property=\"article:modified_time\" content=\"2026-07-18T03:58:05+00:00\" \/>\n\t\t<meta name=\"twitter:card\" content=\"summary\" \/>\n\t\t<meta name=\"twitter:title\" content=\"Parada do Orgulho LGBTQIA+ de BH ter\u00e1 27\u00aa edi\u00e7\u00e3o neste domingo com o tema \u2018Nosso voto, nossas vidas\u2019; veja programa\u00e7\u00e3o | Encontra Belo Horizonte\" \/>\n\t\t<meta name=\"twitter:description\" content=\"Parada do Orgulho LGBTQIA+ de BH promete muita diversidade e celebra\u00e7\u00e3o.\" \/>\n\t\t<script type=\"application\/ld+json\" class=\"aioseo-schema\">\n\t\t\t{\"@context\":\"https:\\\/\\\/schema.org\",\"@graph\":[{\"@type\":\"Article\",\"@id\":\"https:\\\/\\\/www.encontrabelohorizonte.com.br\\\/sobre\\\/parada-do-orgulho-lgbtqia-de-bh-tera-27a-edicao-neste-domingo-com-o-tema-nosso-voto-nossas-vidas-veja-programacao\\\/#article\",\"name\":\"Parada do Orgulho LGBTQIA+ de BH ter\\u00e1 27\\u00aa edi\\u00e7\\u00e3o neste domingo com o tema \\u2018Nosso voto, nossas vidas\\u2019; veja programa\\u00e7\\u00e3o | Encontra Belo Horizonte\",\"headline\":\"Parada do Orgulho LGBTQIA+ de BH ter\\u00e1 27\\u00aa edi\\u00e7\\u00e3o neste domingo com o tema &#8216;Nosso voto, nossas vidas&#8217;; veja programa\\u00e7\\u00e3o\",\"author\":{\"@id\":\"https:\\\/\\\/www.encontrabelohorizonte.com.br\\\/sobre\\\/author\\\/ebelohorizonte\\\/#author\"},\"publisher\":{\"@id\":\"https:\\\/\\\/www.encontrabelohorizonte.com.br\\\/sobre\\\/#organization\"},\"image\":{\"@type\":\"ImageObject\",\"url\":\"https:\\\/\\\/www.encontrabelohorizonte.com.br\\\/sobre\\\/wp-content\\\/uploads\\\/parada-do-orgulho-lgbtqia-de-bh-tera-27-edicao-neste-domingo-com-o-tema-nosso-voto-nossas-vidas-veja.webp\",\"width\":280,\"height\":280,\"caption\":\"Parada do Orgulho LGBTQIA+\"},\"datePublished\":\"2026-07-18T00:58:05-03:00\",\"dateModified\":\"2026-07-18T00:58:05-03:00\",\"inLanguage\":\"pt-BR\",\"mainEntityOfPage\":{\"@id\":\"https:\\\/\\\/www.encontrabelohorizonte.com.br\\\/sobre\\\/parada-do-orgulho-lgbtqia-de-bh-tera-27a-edicao-neste-domingo-com-o-tema-nosso-voto-nossas-vidas-veja-programacao\\\/#webpage\"},\"isPartOf\":{\"@id\":\"https:\\\/\\\/www.encontrabelohorizonte.com.br\\\/sobre\\\/parada-do-orgulho-lgbtqia-de-bh-tera-27a-edicao-neste-domingo-com-o-tema-nosso-voto-nossas-vidas-veja-programacao\\\/#webpage\"},\"articleSection\":\"Cultura Belo Horizonte\"},{\"@type\":\"BreadcrumbList\",\"@id\":\"https:\\\/\\\/www.encontrabelohorizonte.com.br\\\/sobre\\\/parada-do-orgulho-lgbtqia-de-bh-tera-27a-edicao-neste-domingo-com-o-tema-nosso-voto-nossas-vidas-veja-programacao\\\/#breadcrumblist\",\"itemListElement\":[{\"@type\":\"ListItem\",\"@id\":\"https:\\\/\\\/www.encontrabelohorizonte.com.br\\\/sobre#listItem\",\"position\":1,\"name\":\"In\\u00edcio\",\"item\":\"https:\\\/\\\/www.encontrabelohorizonte.com.br\\\/sobre\",\"nextItem\":{\"@type\":\"ListItem\",\"@id\":\"https:\\\/\\\/www.encontrabelohorizonte.com.br\\\/sobre\\\/cultura\\\/#listItem\",\"name\":\"Cultura Belo Horizonte\"}},{\"@type\":\"ListItem\",\"@id\":\"https:\\\/\\\/www.encontrabelohorizonte.com.br\\\/sobre\\\/cultura\\\/#listItem\",\"position\":2,\"name\":\"Cultura Belo Horizonte\",\"item\":\"https:\\\/\\\/www.encontrabelohorizonte.com.br\\\/sobre\\\/cultura\\\/\",\"nextItem\":{\"@type\":\"ListItem\",\"@id\":\"https:\\\/\\\/www.encontrabelohorizonte.com.br\\\/sobre\\\/parada-do-orgulho-lgbtqia-de-bh-tera-27a-edicao-neste-domingo-com-o-tema-nosso-voto-nossas-vidas-veja-programacao\\\/#listItem\",\"name\":\"Parada do Orgulho LGBTQIA+ de BH ter\\u00e1 27\\u00aa edi\\u00e7\\u00e3o neste domingo com o tema &#8216;Nosso voto, nossas vidas&#8217;; veja programa\\u00e7\\u00e3o\"},\"previousItem\":{\"@type\":\"ListItem\",\"@id\":\"https:\\\/\\\/www.encontrabelohorizonte.com.br\\\/sobre#listItem\",\"name\":\"In\\u00edcio\"}},{\"@type\":\"ListItem\",\"@id\":\"https:\\\/\\\/www.encontrabelohorizonte.com.br\\\/sobre\\\/parada-do-orgulho-lgbtqia-de-bh-tera-27a-edicao-neste-domingo-com-o-tema-nosso-voto-nossas-vidas-veja-programacao\\\/#listItem\",\"position\":3,\"name\":\"Parada do Orgulho LGBTQIA+ de BH ter\\u00e1 27\\u00aa edi\\u00e7\\u00e3o neste domingo com o tema &#8216;Nosso voto, nossas vidas&#8217;; veja programa\\u00e7\\u00e3o\",\"previousItem\":{\"@type\":\"ListItem\",\"@id\":\"https:\\\/\\\/www.encontrabelohorizonte.com.br\\\/sobre\\\/cultura\\\/#listItem\",\"name\":\"Cultura Belo Horizonte\"}}]},{\"@type\":\"Organization\",\"@id\":\"https:\\\/\\\/www.encontrabelohorizonte.com.br\\\/sobre\\\/#organization\",\"name\":\"Encontra Belo Horizonte\",\"description\":\"Not\\u00edcias, eventos, informa\\u00e7\\u00f5es e dicas da cidade de Belo Horizonte e regi\\u00e3o\",\"url\":\"https:\\\/\\\/www.encontrabelohorizonte.com.br\\\/sobre\\\/\"},{\"@type\":\"Person\",\"@id\":\"https:\\\/\\\/www.encontrabelohorizonte.com.br\\\/sobre\\\/author\\\/ebelohorizonte\\\/#author\",\"url\":\"https:\\\/\\\/www.encontrabelohorizonte.com.br\\\/sobre\\\/author\\\/ebelohorizonte\\\/\",\"name\":\"Encontra Belo Horizonte\",\"image\":{\"@type\":\"ImageObject\",\"@id\":\"https:\\\/\\\/www.encontrabelohorizonte.com.br\\\/sobre\\\/parada-do-orgulho-lgbtqia-de-bh-tera-27a-edicao-neste-domingo-com-o-tema-nosso-voto-nossas-vidas-veja-programacao\\\/#authorImage\",\"url\":\"https:\\\/\\\/secure.gravatar.com\\\/avatar\\\/507340682b8270222e1f208e23198b6ae7e2c6a1033ae84e99bc6bce4f82a387?s=96&d=mm&r=g\",\"width\":96,\"height\":96,\"caption\":\"Encontra Belo Horizonte\"}},{\"@type\":\"WebPage\",\"@id\":\"https:\\\/\\\/www.encontrabelohorizonte.com.br\\\/sobre\\\/parada-do-orgulho-lgbtqia-de-bh-tera-27a-edicao-neste-domingo-com-o-tema-nosso-voto-nossas-vidas-veja-programacao\\\/#webpage\",\"url\":\"https:\\\/\\\/www.encontrabelohorizonte.com.br\\\/sobre\\\/parada-do-orgulho-lgbtqia-de-bh-tera-27a-edicao-neste-domingo-com-o-tema-nosso-voto-nossas-vidas-veja-programacao\\\/\",\"name\":\"Parada do Orgulho LGBTQIA+ de BH ter\\u00e1 27\\u00aa edi\\u00e7\\u00e3o neste domingo com o tema \\u2018Nosso voto, nossas vidas\\u2019; veja programa\\u00e7\\u00e3o | Encontra Belo Horizonte\",\"description\":\"Parada do Orgulho LGBTQIA+ de BH promete muita diversidade e celebra\\u00e7\\u00e3o.\",\"inLanguage\":\"pt-BR\",\"isPartOf\":{\"@id\":\"https:\\\/\\\/www.encontrabelohorizonte.com.br\\\/sobre\\\/#website\"},\"breadcrumb\":{\"@id\":\"https:\\\/\\\/www.encontrabelohorizonte.com.br\\\/sobre\\\/parada-do-orgulho-lgbtqia-de-bh-tera-27a-edicao-neste-domingo-com-o-tema-nosso-voto-nossas-vidas-veja-programacao\\\/#breadcrumblist\"},\"author\":{\"@id\":\"https:\\\/\\\/www.encontrabelohorizonte.com.br\\\/sobre\\\/author\\\/ebelohorizonte\\\/#author\"},\"creator\":{\"@id\":\"https:\\\/\\\/www.encontrabelohorizonte.com.br\\\/sobre\\\/author\\\/ebelohorizonte\\\/#author\"},\"image\":{\"@type\":\"ImageObject\",\"url\":\"https:\\\/\\\/www.encontrabelohorizonte.com.br\\\/sobre\\\/wp-content\\\/uploads\\\/parada-do-orgulho-lgbtqia-de-bh-tera-27-edicao-neste-domingo-com-o-tema-nosso-voto-nossas-vidas-veja.webp\",\"@id\":\"https:\\\/\\\/www.encontrabelohorizonte.com.br\\\/sobre\\\/parada-do-orgulho-lgbtqia-de-bh-tera-27a-edicao-neste-domingo-com-o-tema-nosso-voto-nossas-vidas-veja-programacao\\\/#mainImage\",\"width\":280,\"height\":280,\"caption\":\"Parada do Orgulho LGBTQIA+\"},\"primaryImageOfPage\":{\"@id\":\"https:\\\/\\\/www.encontrabelohorizonte.com.br\\\/sobre\\\/parada-do-orgulho-lgbtqia-de-bh-tera-27a-edicao-neste-domingo-com-o-tema-nosso-voto-nossas-vidas-veja-programacao\\\/#mainImage\"},\"datePublished\":\"2026-07-18T00:58:05-03:00\",\"dateModified\":\"2026-07-18T00:58:05-03:00\"},{\"@type\":\"WebSite\",\"@id\":\"https:\\\/\\\/www.encontrabelohorizonte.com.br\\\/sobre\\\/#website\",\"url\":\"https:\\\/\\\/www.encontrabelohorizonte.com.br\\\/sobre\\\/\",\"name\":\"Encontra Belo Horizonte\",\"description\":\"Not\\u00edcias, eventos, informa\\u00e7\\u00f5es e dicas da cidade de Belo Horizonte e regi\\u00e3o\",\"inLanguage\":\"pt-BR\",\"publisher\":{\"@id\":\"https:\\\/\\\/www.encontrabelohorizonte.com.br\\\/sobre\\\/#organization\"}}]}\n\t\t<\/script>\n\t\t<!-- All in One SEO -->\n\n","aioseo_head_json":{"title":"Parada do Orgulho LGBTQIA+ de BH ter\u00e1 27\u00aa edi\u00e7\u00e3o neste domingo com o tema \u2018Nosso voto, nossas vidas\u2019; veja programa\u00e7\u00e3o | Encontra Belo Horizonte","description":"Parada do Orgulho LGBTQIA+ de BH promete muita diversidade e celebra\u00e7\u00e3o.","canonical_url":"https:\/\/www.encontrabelohorizonte.com.br\/sobre\/parada-do-orgulho-lgbtqia-de-bh-tera-27a-edicao-neste-domingo-com-o-tema-nosso-voto-nossas-vidas-veja-programacao\/","robots":"max-image-preview:large","keywords":"","webmasterTools":{"miscellaneous":""},"schema":{"@context":"https:\/\/schema.org","@graph":[{"@type":"Article","@id":"https:\/\/www.encontrabelohorizonte.com.br\/sobre\/parada-do-orgulho-lgbtqia-de-bh-tera-27a-edicao-neste-domingo-com-o-tema-nosso-voto-nossas-vidas-veja-programacao\/#article","name":"Parada do Orgulho LGBTQIA+ de BH ter\u00e1 27\u00aa edi\u00e7\u00e3o neste domingo com o tema \u2018Nosso voto, nossas vidas\u2019; veja programa\u00e7\u00e3o | Encontra Belo Horizonte","headline":"Parada do Orgulho LGBTQIA+ de BH ter\u00e1 27\u00aa edi\u00e7\u00e3o neste domingo com o tema &#8216;Nosso voto, nossas vidas&#8217;; veja programa\u00e7\u00e3o","author":{"@id":"https:\/\/www.encontrabelohorizonte.com.br\/sobre\/author\/ebelohorizonte\/#author"},"publisher":{"@id":"https:\/\/www.encontrabelohorizonte.com.br\/sobre\/#organization"},"image":{"@type":"ImageObject","url":"https:\/\/www.encontrabelohorizonte.com.br\/sobre\/wp-content\/uploads\/parada-do-orgulho-lgbtqia-de-bh-tera-27-edicao-neste-domingo-com-o-tema-nosso-voto-nossas-vidas-veja.webp","width":280,"height":280,"caption":"Parada do Orgulho LGBTQIA+"},"datePublished":"2026-07-18T00:58:05-03:00","dateModified":"2026-07-18T00:58:05-03:00","inLanguage":"pt-BR","mainEntityOfPage":{"@id":"https:\/\/www.encontrabelohorizonte.com.br\/sobre\/parada-do-orgulho-lgbtqia-de-bh-tera-27a-edicao-neste-domingo-com-o-tema-nosso-voto-nossas-vidas-veja-programacao\/#webpage"},"isPartOf":{"@id":"https:\/\/www.encontrabelohorizonte.com.br\/sobre\/parada-do-orgulho-lgbtqia-de-bh-tera-27a-edicao-neste-domingo-com-o-tema-nosso-voto-nossas-vidas-veja-programacao\/#webpage"},"articleSection":"Cultura Belo Horizonte"},{"@type":"BreadcrumbList","@id":"https:\/\/www.encontrabelohorizonte.com.br\/sobre\/parada-do-orgulho-lgbtqia-de-bh-tera-27a-edicao-neste-domingo-com-o-tema-nosso-voto-nossas-vidas-veja-programacao\/#breadcrumblist","itemListElement":[{"@type":"ListItem","@id":"https:\/\/www.encontrabelohorizonte.com.br\/sobre#listItem","position":1,"name":"In\u00edcio","item":"https:\/\/www.encontrabelohorizonte.com.br\/sobre","nextItem":{"@type":"ListItem","@id":"https:\/\/www.encontrabelohorizonte.com.br\/sobre\/cultura\/#listItem","name":"Cultura Belo Horizonte"}},{"@type":"ListItem","@id":"https:\/\/www.encontrabelohorizonte.com.br\/sobre\/cultura\/#listItem","position":2,"name":"Cultura Belo Horizonte","item":"https:\/\/www.encontrabelohorizonte.com.br\/sobre\/cultura\/","nextItem":{"@type":"ListItem","@id":"https:\/\/www.encontrabelohorizonte.com.br\/sobre\/parada-do-orgulho-lgbtqia-de-bh-tera-27a-edicao-neste-domingo-com-o-tema-nosso-voto-nossas-vidas-veja-programacao\/#listItem","name":"Parada do Orgulho LGBTQIA+ de BH ter\u00e1 27\u00aa edi\u00e7\u00e3o neste domingo com o tema &#8216;Nosso voto, nossas vidas&#8217;; veja programa\u00e7\u00e3o"},"previousItem":{"@type":"ListItem","@id":"https:\/\/www.encontrabelohorizonte.com.br\/sobre#listItem","name":"In\u00edcio"}},{"@type":"ListItem","@id":"https:\/\/www.encontrabelohorizonte.com.br\/sobre\/parada-do-orgulho-lgbtqia-de-bh-tera-27a-edicao-neste-domingo-com-o-tema-nosso-voto-nossas-vidas-veja-programacao\/#listItem","position":3,"name":"Parada do Orgulho LGBTQIA+ de BH ter\u00e1 27\u00aa edi\u00e7\u00e3o neste domingo com o tema &#8216;Nosso voto, nossas vidas&#8217;; veja programa\u00e7\u00e3o","previousItem":{"@type":"ListItem","@id":"https:\/\/www.encontrabelohorizonte.com.br\/sobre\/cultura\/#listItem","name":"Cultura Belo Horizonte"}}]},{"@type":"Organization","@id":"https:\/\/www.encontrabelohorizonte.com.br\/sobre\/#organization","name":"Encontra Belo Horizonte","description":"Not\u00edcias, eventos, informa\u00e7\u00f5es e dicas da cidade de Belo Horizonte e regi\u00e3o","url":"https:\/\/www.encontrabelohorizonte.com.br\/sobre\/"},{"@type":"Person","@id":"https:\/\/www.encontrabelohorizonte.com.br\/sobre\/author\/ebelohorizonte\/#author","url":"https:\/\/www.encontrabelohorizonte.com.br\/sobre\/author\/ebelohorizonte\/","name":"Encontra Belo Horizonte","image":{"@type":"ImageObject","@id":"https:\/\/www.encontrabelohorizonte.com.br\/sobre\/parada-do-orgulho-lgbtqia-de-bh-tera-27a-edicao-neste-domingo-com-o-tema-nosso-voto-nossas-vidas-veja-programacao\/#authorImage","url":"https:\/\/secure.gravatar.com\/avatar\/507340682b8270222e1f208e23198b6ae7e2c6a1033ae84e99bc6bce4f82a387?s=96&d=mm&r=g","width":96,"height":96,"caption":"Encontra Belo Horizonte"}},{"@type":"WebPage","@id":"https:\/\/www.encontrabelohorizonte.com.br\/sobre\/parada-do-orgulho-lgbtqia-de-bh-tera-27a-edicao-neste-domingo-com-o-tema-nosso-voto-nossas-vidas-veja-programacao\/#webpage","url":"https:\/\/www.encontrabelohorizonte.com.br\/sobre\/parada-do-orgulho-lgbtqia-de-bh-tera-27a-edicao-neste-domingo-com-o-tema-nosso-voto-nossas-vidas-veja-programacao\/","name":"Parada do Orgulho LGBTQIA+ de BH ter\u00e1 27\u00aa edi\u00e7\u00e3o neste domingo com o tema \u2018Nosso voto, nossas vidas\u2019; veja programa\u00e7\u00e3o | Encontra Belo Horizonte","description":"Parada do Orgulho LGBTQIA+ de BH promete muita diversidade e celebra\u00e7\u00e3o.","inLanguage":"pt-BR","isPartOf":{"@id":"https:\/\/www.encontrabelohorizonte.com.br\/sobre\/#website"},"breadcrumb":{"@id":"https:\/\/www.encontrabelohorizonte.com.br\/sobre\/parada-do-orgulho-lgbtqia-de-bh-tera-27a-edicao-neste-domingo-com-o-tema-nosso-voto-nossas-vidas-veja-programacao\/#breadcrumblist"},"author":{"@id":"https:\/\/www.encontrabelohorizonte.com.br\/sobre\/author\/ebelohorizonte\/#author"},"creator":{"@id":"https:\/\/www.encontrabelohorizonte.com.br\/sobre\/author\/ebelohorizonte\/#author"},"image":{"@type":"ImageObject","url":"https:\/\/www.encontrabelohorizonte.com.br\/sobre\/wp-content\/uploads\/parada-do-orgulho-lgbtqia-de-bh-tera-27-edicao-neste-domingo-com-o-tema-nosso-voto-nossas-vidas-veja.webp","@id":"https:\/\/www.encontrabelohorizonte.com.br\/sobre\/parada-do-orgulho-lgbtqia-de-bh-tera-27a-edicao-neste-domingo-com-o-tema-nosso-voto-nossas-vidas-veja-programacao\/#mainImage","width":280,"height":280,"caption":"Parada do Orgulho LGBTQIA+"},"primaryImageOfPage":{"@id":"https:\/\/www.encontrabelohorizonte.com.br\/sobre\/parada-do-orgulho-lgbtqia-de-bh-tera-27a-edicao-neste-domingo-com-o-tema-nosso-voto-nossas-vidas-veja-programacao\/#mainImage"},"datePublished":"2026-07-18T00:58:05-03:00","dateModified":"2026-07-18T00:58:05-03:00"},{"@type":"WebSite","@id":"https:\/\/www.encontrabelohorizonte.com.br\/sobre\/#website","url":"https:\/\/www.encontrabelohorizonte.com.br\/sobre\/","name":"Encontra Belo Horizonte","description":"Not\u00edcias, eventos, informa\u00e7\u00f5es e dicas da cidade de Belo Horizonte e regi\u00e3o","inLanguage":"pt-BR","publisher":{"@id":"https:\/\/www.encontrabelohorizonte.com.br\/sobre\/#organization"}}]},"og:locale":"pt_BR","og:site_name":"Encontra Belo Horizonte | Not\u00edcias, eventos, informa\u00e7\u00f5es e dicas da cidade de Belo Horizonte e regi\u00e3o","og:type":"article","og:title":"Parada do Orgulho LGBTQIA+ de BH ter\u00e1 27\u00aa edi\u00e7\u00e3o neste domingo com o tema \u2018Nosso voto, nossas vidas\u2019; veja programa\u00e7\u00e3o | Encontra Belo Horizonte","og:description":"Parada do Orgulho LGBTQIA+ de BH promete muita diversidade e celebra\u00e7\u00e3o.","og:url":"https:\/\/www.encontrabelohorizonte.com.br\/sobre\/parada-do-orgulho-lgbtqia-de-bh-tera-27a-edicao-neste-domingo-com-o-tema-nosso-voto-nossas-vidas-veja-programacao\/","article:published_time":"2026-07-18T03:58:05+00:00","article:modified_time":"2026-07-18T03:58:05+00:00","twitter:card":"summary","twitter:title":"Parada do Orgulho LGBTQIA+ de BH ter\u00e1 27\u00aa edi\u00e7\u00e3o neste domingo com o tema \u2018Nosso voto, nossas vidas\u2019; veja programa\u00e7\u00e3o | Encontra Belo Horizonte","twitter:description":"Parada do Orgulho LGBTQIA+ de BH promete muita diversidade e celebra\u00e7\u00e3o."},"aioseo_meta_data":{"post_id":"4386","title":null,"description":null,"keywords":null,"keyphrases":null,"primary_term":null,"canonical_url":null,"og_title":null,"og_description":null,"og_object_type":"default","og_image_type":"default","og_image_url":null,"og_image_width":null,"og_image_height":null,"og_image_custom_url":null,"og_image_custom_fields":null,"og_video":null,"og_custom_url":null,"og_article_section":null,"og_article_tags":null,"twitter_use_og":false,"twitter_card":"default","twitter_image_type":"default","twitter_image_url":null,"twitter_image_custom_url":null,"twitter_image_custom_fields":null,"twitter_title":null,"twitter_description":null,"schema":{"blockGraphs":[],"customGraphs":[],"default":{"data":{"Article":[],"Course":[],"Dataset":[],"FAQPage":[],"Movie":[],"Person":[],"Product":[],"ProductReview":[],"Car":[],"Recipe":[],"Service":[],"SoftwareApplication":[],"WebPage":[]},"graphName":"","isEnabled":true},"graphs":[]},"schema_type":"default","schema_type_options":null,"pillar_content":false,"robots_default":true,"robots_noindex":false,"robots_noarchive":false,"robots_nosnippet":false,"robots_nofollow":false,"robots_noimageindex":false,"robots_noodp":false,"robots_notranslate":false,"robots_max_snippet":null,"robots_max_videopreview":null,"robots_max_imagepreview":"large","priority":null,"frequency":null,"local_seo":null,"breadcrumb_settings":null,"limit_modified_date":false,"ai":null,"created":"2026-07-18 04:17:54","updated":"2026-07-18 04:17:54","focus_keyword":null,"additional_keywords":null,"truseo_locale":null,"seo_analyzer_scan_date":null},"aioseo_breadcrumb":"<div class=\"aioseo-breadcrumbs\"><span class=\"aioseo-breadcrumb\">\n\t\t\t<a href=\"https:\/\/www.encontrabelohorizonte.com.br\/sobre\" title=\"In\u00edcio\">In\u00edcio<\/a>\n\t\t<\/span><span class=\"aioseo-breadcrumb-separator\">&raquo;<\/span><span class=\"aioseo-breadcrumb\">\n\t\t\t<a href=\"https:\/\/www.encontrabelohorizonte.com.br\/sobre\/cultura\/\" title=\"Cultura Belo Horizonte\">Cultura Belo Horizonte<\/a>\n\t\t<\/span><span class=\"aioseo-breadcrumb-separator\">&raquo;<\/span><span class=\"aioseo-breadcrumb\">\n\t\t\tParada do Orgulho LGBTQIA+ de BH ter\u00e1 27\u00aa edi\u00e7\u00e3o neste domingo com o tema \u2018Nosso voto, nossas vidas\u2019; veja programa\u00e7\u00e3o\n\t\t<\/span><\/div>","aioseo_breadcrumb_json":[{"label":"In\u00edcio","link":"https:\/\/www.encontrabelohorizonte.com.br\/sobre"},{"label":"Cultura Belo Horizonte","link":"https:\/\/www.encontrabelohorizonte.com.br\/sobre\/cultura\/"},{"label":"Parada do Orgulho LGBTQIA+ de BH ter\u00e1 27\u00aa edi\u00e7\u00e3o neste domingo com o tema &#8216;Nosso voto, nossas vidas&#8217;; veja programa\u00e7\u00e3o","link":"https:\/\/www.encontrabelohorizonte.com.br\/sobre\/parada-do-orgulho-lgbtqia-de-bh-tera-27a-edicao-neste-domingo-com-o-tema-nosso-voto-nossas-vidas-veja-programacao\/"}],"_links":{"self":[{"href":"https:\/\/www.encontrabelohorizonte.com.br\/sobre\/wp-json\/wp\/v2\/posts\/4386","targetHints":{"allow":["GET"]}}],"collection":[{"href":"https:\/\/www.encontrabelohorizonte.com.br\/sobre\/wp-json\/wp\/v2\/posts"}],"about":[{"href":"https:\/\/www.encontrabelohorizonte.com.br\/sobre\/wp-json\/wp\/v2\/types\/post"}],"author":[{"embeddable":true,"href":"https:\/\/www.encontrabelohorizonte.com.br\/sobre\/wp-json\/wp\/v2\/users\/1"}],"replies":[{"embeddable":true,"href":"https:\/\/www.encontrabelohorizonte.com.br\/sobre\/wp-json\/wp\/v2\/comments?post=4386"}],"version-history":[{"count":0,"href":"https:\/\/www.encontrabelohorizonte.com.br\/sobre\/wp-json\/wp\/v2\/posts\/4386\/revisions"}],"wp:featuredmedia":[{"embeddable":true,"href":"https:\/\/www.encontrabelohorizonte.com.br\/sobre\/wp-json\/wp\/v2\/media\/4385"}],"wp:attachment":[{"href":"https:\/\/www.encontrabelohorizonte.com.br\/sobre\/wp-json\/wp\/v2\/media?parent=4386"}],"wp:term":[{"taxonomy":"category","embeddable":true,"href":"https:\/\/www.encontrabelohorizonte.com.br\/sobre\/wp-json\/wp\/v2\/categories?post=4386"},{"taxonomy":"post_tag","embeddable":true,"href":"https:\/\/www.encontrabelohorizonte.com.br\/sobre\/wp-json\/wp\/v2\/tags?post=4386"}],"curies":[{"name":"wp","href":"https:\/\/api.w.org\/{rel}","templated":true}]}}