{"id":4422,"date":"2026-07-21T09:44:35","date_gmt":"2026-07-21T12:44:35","guid":{"rendered":"https:\/\/www.encontrabelohorizonte.com.br\/sobre\/bh-tem-politica-de-atendimento-integral-a-alunos-com-transtornos-de-aprendizagem\/"},"modified":"2026-07-21T09:44:35","modified_gmt":"2026-07-21T12:44:35","slug":"bh-tem-politica-de-atendimento-integral-a-alunos-com-transtornos-de-aprendizagem","status":"publish","type":"post","link":"https:\/\/www.encontrabelohorizonte.com.br\/sobre\/bh-tem-politica-de-atendimento-integral-a-alunos-com-transtornos-de-aprendizagem\/","title":{"rendered":"BH tem pol\u00edtica de atendimento integral a alunos com transtornos de aprendizagem"},"content":{"rendered":"<div class=\"2e083cf0b19e2c11948dc6ac054ba979\" data-index=\"1\" style=\"float: none; margin:0px;\">\n<!-- Anuncio display - global -->\r\n<ins class=\"adsbygoogle\"\r\n     style=\"display:block\"\r\n     data-ad-client=\"ca-pub-8585364105181520\"\r\n     data-ad-slot=\"8789329856\"\r\n     data-ad-format=\"auto\"\r\n     data-full-width-responsive=\"true\"><\/ins>\r\n<script>\r\n     (adsbygoogle = window.adsbygoogle || []).push({});\r\n<\/script>\n<\/div>\n<h2>Atendimento Integral a Alunos com Transtornos de Aprendizagem<\/h2>\n<p>Em Belo Horizonte, foi institu\u00edda uma normativa que garante um atendimento completo e espec\u00edfico para estudantes da rede municipal que enfrentam transtornos de aprendizagem. Com a promulga\u00e7\u00e3o da <strong>Lei 12.046<\/strong>, publicada recentemente no <strong>Di\u00e1rio Oficial do Munic\u00edpio<\/strong>, cada aluno com dificuldades espec\u00edficas, como o Transtorno do D\u00e9ficit de Aten\u00e7\u00e3o com Hiperatividade (TDAH), dislexia e outras condi\u00e7\u00f5es similares, tende a receber suporte integral e adaptado \u00e0s suas necessidades individuais.<\/p>\n<h2>Objetivos da Nova Pol\u00edtica<\/h2>\n<p>A nova legisla\u00e7\u00e3o visa assegurar que todos os estudantes tenham acesso a uma educa\u00e7\u00e3o inclusiva, equitativa e de alta qualidade. Alguns dos principais objetivos incluem:<\/p>\n<ul>\n<li>Identifica\u00e7\u00e3o precoce de sinais de transtornos de aprendizagem.<\/li>\n<li>Acompanhamento pedag\u00f3gico e multidisciplinar eficaz.<\/li>\n<li>Implementa\u00e7\u00e3o de estrat\u00e9gias de ensino inclusivas e adaptativas.<\/li>\n<li>Capacita\u00e7\u00e3o continuada dos educadores sobre neurodiversidade.<\/li>\n<li>Promo\u00e7\u00e3o de um ambiente escolar livre de preconceitos e discrimina\u00e7\u00e3o.<\/li>\n<\/ul>\n<h2>Benef\u00edcios da Educa\u00e7\u00e3o Inclusiva<\/h2>\n<p>A implementa\u00e7\u00e3o de pol\u00edticas que visam atender alunos com transtornos de aprendizagem traz uma s\u00e9rie de benef\u00edcios n\u00e3o apenas para os alunos, mas tamb\u00e9m para o sistema educacional como um todo:<\/p>\n<p><img decoding=\"async\" src=\"https:\/\/www.encontrabelohorizonte.com.br\/sobre\/wp-content\/uploads\/bh-tem-politica-de-atendimento-integral-a-alunos-com-transtornos-de-aprendizagem.webp\" alt=\"atendimento integral a alunos com transtornos de aprendizagem\" loading=\"lazy\" \/><\/p>\n<ul>\n<li><strong>Melhoria do Desempenho Acad\u00eamico:<\/strong> A educa\u00e7\u00e3o inclusiva propicia que estudantes se sintam valorizados e capazes de aprender em seu pr\u00f3prio ritmo.<\/li>\n<li><strong>Aumento da Autoconfian\u00e7a:<\/strong> Oferecer suporte adequado pode ajudar os alunos a reconhecer e desenvolver suas habilidades.<\/li>\n<li><strong>Desenvolvimento Social:<\/strong> A inclus\u00e3o aumenta a intera\u00e7\u00e3o e a empatia entre alunos com diferentes habilidades.<\/li>\n<li><strong>Preven\u00e7\u00e3o de Desigualdades:<\/strong> Promover equidade na educa\u00e7\u00e3o \u00e9 essencial para a constru\u00e7\u00e3o de uma sociedade mais justa.<\/li>\n<\/ul>\n<h2>Como Funcionar\u00e1 o Atendimento<\/h2>\n<p>O atendimento a esses alunos ter\u00e1 uma abordagem multifacetada, que prioriza:<\/p>\n<ul>\n<li>A identifica\u00e7\u00e3o r\u00e1pida e assertiva dos alunos que necessitam de suporte.<\/li>\n<li>A cria\u00e7\u00e3o de planos educacionais personalizados, que levem em conta as particularidades de cada estudante.<\/li>\n<li>Consultas com profissionais especializados que participar\u00e3o do processo educacional.<\/li>\n<li>Implemento de metodologias de ensino diversificadas que atendam as diferentes formas de aprendizagem.<\/li>\n<\/ul>\n<h2>Import\u00e2ncia da Identifica\u00e7\u00e3o Precoce<\/h2>\n<p>A identifica\u00e7\u00e3o precoce dos transtornos de aprendizagem \u00e9 fundamental para garantir o sucesso educacional dos alunos. Os sinais iniciais podem incluir dificuldades na leitura, escrita, e at\u00e9 mesmo na linguagem oral. Ao reconhecer esses sinais, as escolas podem:<\/p>\n<ul>\n<li>Intervir rapidamente para minimizar o impacto das dificuldades de aprendizagem.<\/li>\n<li>Desenvolver habilidades fundamentais em tempo h\u00e1bil.<\/li>\n<li>Proporcionar uma transi\u00e7\u00e3o mais suave para o desenvolvimento acad\u00eamico e social dos estudantes.<\/li>\n<\/ul>\n<h2>Capacita\u00e7\u00e3o dos Profissionais de Educa\u00e7\u00e3o<\/h2>\n<p>Um dos pilares da nova pol\u00edtica \u00e9 a forma\u00e7\u00e3o cont\u00ednua dos educadores. Isso inclui:<\/p>\n<ul>\n<li>Treinamentos espec\u00edficos sobre transtornos de aprendizagem e t\u00e9cnicas pedag\u00f3gicas inclusivas.<\/li>\n<li>Aprimoramento das habilidades de empatia e escuta ativa.<\/li>\n<li>Ado\u00e7\u00e3o de pr\u00e1ticas reflexivas para melhorar o ambiente de ensino.<\/li>\n<\/ul>\n<h2>Integra\u00e7\u00e3o entre Escola e Fam\u00edlia<\/h2>\n<p>A participa\u00e7\u00e3o ativa das fam\u00edlias \u00e9 vital para maximizar o sucesso do atendimento. Para isso, a pol\u00edtica prev\u00ea:<\/p>\n<ul>\n<li>Comunica\u00e7\u00f5es regulares entre educadores e fam\u00edlias sobre o progresso dos alunos.<\/li>\n<li>Workshops e eventos que instruem os pais sobre como apoiar a aprendizagem em casa.<\/li>\n<li>Envolv\u00ea-los em decis\u00f5es que afetam a educa\u00e7\u00e3o e o bem-estar dos filhos.<\/li>\n<\/ul>\n<h2>Exemplos de Transtornos de Aprendizagem<\/h2>\n<p>Os transtornos de aprendizagem abrangem uma variedade de condi\u00e7\u00f5es, incluindo, mas n\u00e3o se limitando a:<\/p>\n<ul>\n<li><strong>Dislexia:<\/strong> Dificuldade com a leitura e reconhecimento de palavras.<\/li>\n<li><strong>Disgrafia:<\/strong> Problemas com a escrita, incluindo a forma\u00e7\u00e3o de letras.<\/li>\n<li><strong>Discalculia:<\/strong> Dificuldades com n\u00fameros e opera\u00e7\u00f5es matem\u00e1ticas.<\/li>\n<\/ul>\n<h2>Desenvolvimento de Estrat\u00e9gias Inclusivas<\/h2>\n<p>As institui\u00e7\u00f5es devem desenvolver uma variedade de estrat\u00e9gias inclusivas, como:<\/p>\n<ul>\n<li>Ado\u00e7\u00e3o de m\u00e9todos visuais e t\u00e1teis no ensino.<\/li>\n<li>Uso de tecnologias assistivas para facilitar o aprendizado.<\/li>\n<li>Cria\u00e7\u00e3o de ambientes de aprendizado acess\u00edveis e acolhedores.<\/li>\n<\/ul>\n<h2>Valoriza\u00e7\u00e3o da Diversidade no Ensino<\/h2>\n<p>A nova pol\u00edtica reafirma a import\u00e2ncia da diversidade cultural e educacional no contexto escolar. A valoriza\u00e7\u00e3o da neurodiversidade promove:<\/p>\n<ul>\n<li>A aceita\u00e7\u00e3o de diferentes ritmos e estilos de aprendizagem.<\/li>\n<li>O fortalecimento de uma cultura escolar que respeita e valoriza todos os alunos.<\/li>\n<\/ul>\n<h2>Futuro da Educa\u00e7\u00e3o em BH<\/h2>\n<p>Com a implementa\u00e7\u00e3o desta pol\u00edtica, Belo Horizonte tem o potencial de se tornar um exemplo brilhante em educa\u00e7\u00e3o inclusiva. O futuro promete menos barreiras e uma maior equidade, onde todos os alunos, independentemente de suas dificuldades, poder\u00e3o prosperar e alcan\u00e7ar seu potencial m\u00e1ximo.<\/p>\n\n<div style=\"font-size: 0px; height: 0px; line-height: 0px; margin: 0; padding: 0; clear: both;\"><\/div>","protected":false},"excerpt":{"rendered":"<p>BH apresenta pol\u00edtica de atendimento a alunos com transtornos de aprendizagem para inclus\u00e3o.<\/p>\n","protected":false},"author":1,"featured_media":4421,"comment_status":"closed","ping_status":"closed","sticky":false,"template":"","format":"standard","meta":{"footnotes":""},"categories":[38],"tags":[],"class_list":["post-4422","post","type-post","status-publish","format-standard","has-post-thumbnail","hentry","category-educacao","has_thumb"],"aioseo_notices":[],"aioseo_head":"\n\t\t<!-- All in One SEO 5.0.0.1 - aioseo.com -->\n\t<meta name=\"description\" content=\"BH apresenta pol\u00edtica de atendimento a alunos com transtornos de aprendizagem para inclus\u00e3o.\" \/>\n\t<meta name=\"robots\" content=\"max-image-preview:large\" \/>\n\t<meta name=\"author\" content=\"Encontra Belo Horizonte\"\/>\n\t<link rel=\"canonical\" href=\"https:\/\/www.encontrabelohorizonte.com.br\/sobre\/bh-tem-politica-de-atendimento-integral-a-alunos-com-transtornos-de-aprendizagem\/\" \/>\n\t<meta name=\"generator\" content=\"All in One SEO (AIOSEO) 5.0.0.1\" \/>\n\t\t<meta property=\"og:locale\" content=\"pt_BR\" \/>\n\t\t<meta property=\"og:site_name\" content=\"Encontra Belo Horizonte | Not\u00edcias, eventos, informa\u00e7\u00f5es e dicas da cidade de Belo Horizonte e regi\u00e3o\" \/>\n\t\t<meta property=\"og:type\" content=\"article\" \/>\n\t\t<meta property=\"og:title\" content=\"BH tem pol\u00edtica de atendimento integral a alunos com transtornos de aprendizagem | Encontra Belo Horizonte\" \/>\n\t\t<meta property=\"og:description\" content=\"BH apresenta pol\u00edtica de atendimento a alunos com transtornos de aprendizagem para inclus\u00e3o.\" \/>\n\t\t<meta property=\"og:url\" content=\"https:\/\/www.encontrabelohorizonte.com.br\/sobre\/bh-tem-politica-de-atendimento-integral-a-alunos-com-transtornos-de-aprendizagem\/\" \/>\n\t\t<meta property=\"article:published_time\" content=\"2026-07-21T12:44:35+00:00\" \/>\n\t\t<meta property=\"article:modified_time\" content=\"2026-07-21T12:44:35+00:00\" \/>\n\t\t<meta name=\"twitter:card\" content=\"summary\" \/>\n\t\t<meta name=\"twitter:title\" content=\"BH tem pol\u00edtica de atendimento integral a alunos com transtornos de aprendizagem | Encontra Belo Horizonte\" \/>\n\t\t<meta name=\"twitter:description\" content=\"BH apresenta pol\u00edtica de atendimento a alunos com transtornos de aprendizagem para inclus\u00e3o.\" \/>\n\t\t<script type=\"application\/ld+json\" class=\"aioseo-schema\">\n\t\t\t{\"@context\":\"https:\\\/\\\/schema.org\",\"@graph\":[{\"@type\":\"Article\",\"@id\":\"https:\\\/\\\/www.encontrabelohorizonte.com.br\\\/sobre\\\/bh-tem-politica-de-atendimento-integral-a-alunos-com-transtornos-de-aprendizagem\\\/#article\",\"name\":\"BH tem pol\\u00edtica de atendimento integral a alunos com transtornos de aprendizagem | Encontra Belo Horizonte\",\"headline\":\"BH tem pol\\u00edtica de atendimento integral a alunos com transtornos de aprendizagem\",\"author\":{\"@id\":\"https:\\\/\\\/www.encontrabelohorizonte.com.br\\\/sobre\\\/author\\\/ebelohorizonte\\\/#author\"},\"publisher\":{\"@id\":\"https:\\\/\\\/www.encontrabelohorizonte.com.br\\\/sobre\\\/#organization\"},\"image\":{\"@type\":\"ImageObject\",\"url\":\"https:\\\/\\\/www.encontrabelohorizonte.com.br\\\/sobre\\\/wp-content\\\/uploads\\\/bh-tem-politica-de-atendimento-integral-a-alunos-com-transtornos-de-aprendizagem.webp\",\"width\":280,\"height\":280,\"caption\":\"atendimento integral a alunos com transtornos de aprendizagem\"},\"datePublished\":\"2026-07-21T09:44:35-03:00\",\"dateModified\":\"2026-07-21T09:44:35-03:00\",\"inLanguage\":\"pt-BR\",\"mainEntityOfPage\":{\"@id\":\"https:\\\/\\\/www.encontrabelohorizonte.com.br\\\/sobre\\\/bh-tem-politica-de-atendimento-integral-a-alunos-com-transtornos-de-aprendizagem\\\/#webpage\"},\"isPartOf\":{\"@id\":\"https:\\\/\\\/www.encontrabelohorizonte.com.br\\\/sobre\\\/bh-tem-politica-de-atendimento-integral-a-alunos-com-transtornos-de-aprendizagem\\\/#webpage\"},\"articleSection\":\"Educa\\u00e7\\u00e3o Belo Horizonte\"},{\"@type\":\"BreadcrumbList\",\"@id\":\"https:\\\/\\\/www.encontrabelohorizonte.com.br\\\/sobre\\\/bh-tem-politica-de-atendimento-integral-a-alunos-com-transtornos-de-aprendizagem\\\/#breadcrumblist\",\"itemListElement\":[{\"@type\":\"ListItem\",\"@id\":\"https:\\\/\\\/www.encontrabelohorizonte.com.br\\\/sobre#listItem\",\"position\":1,\"name\":\"In\\u00edcio\",\"item\":\"https:\\\/\\\/www.encontrabelohorizonte.com.br\\\/sobre\",\"nextItem\":{\"@type\":\"ListItem\",\"@id\":\"https:\\\/\\\/www.encontrabelohorizonte.com.br\\\/sobre\\\/educacao\\\/#listItem\",\"name\":\"Educa\\u00e7\\u00e3o Belo Horizonte\"}},{\"@type\":\"ListItem\",\"@id\":\"https:\\\/\\\/www.encontrabelohorizonte.com.br\\\/sobre\\\/educacao\\\/#listItem\",\"position\":2,\"name\":\"Educa\\u00e7\\u00e3o Belo Horizonte\",\"item\":\"https:\\\/\\\/www.encontrabelohorizonte.com.br\\\/sobre\\\/educacao\\\/\",\"nextItem\":{\"@type\":\"ListItem\",\"@id\":\"https:\\\/\\\/www.encontrabelohorizonte.com.br\\\/sobre\\\/bh-tem-politica-de-atendimento-integral-a-alunos-com-transtornos-de-aprendizagem\\\/#listItem\",\"name\":\"BH tem pol\\u00edtica de atendimento integral a alunos com transtornos de aprendizagem\"},\"previousItem\":{\"@type\":\"ListItem\",\"@id\":\"https:\\\/\\\/www.encontrabelohorizonte.com.br\\\/sobre#listItem\",\"name\":\"In\\u00edcio\"}},{\"@type\":\"ListItem\",\"@id\":\"https:\\\/\\\/www.encontrabelohorizonte.com.br\\\/sobre\\\/bh-tem-politica-de-atendimento-integral-a-alunos-com-transtornos-de-aprendizagem\\\/#listItem\",\"position\":3,\"name\":\"BH tem pol\\u00edtica de atendimento integral a alunos com transtornos de aprendizagem\",\"previousItem\":{\"@type\":\"ListItem\",\"@id\":\"https:\\\/\\\/www.encontrabelohorizonte.com.br\\\/sobre\\\/educacao\\\/#listItem\",\"name\":\"Educa\\u00e7\\u00e3o Belo Horizonte\"}}]},{\"@type\":\"Organization\",\"@id\":\"https:\\\/\\\/www.encontrabelohorizonte.com.br\\\/sobre\\\/#organization\",\"name\":\"Encontra Belo Horizonte\",\"description\":\"Not\\u00edcias, eventos, informa\\u00e7\\u00f5es e dicas da cidade de Belo Horizonte e regi\\u00e3o\",\"url\":\"https:\\\/\\\/www.encontrabelohorizonte.com.br\\\/sobre\\\/\"},{\"@type\":\"Person\",\"@id\":\"https:\\\/\\\/www.encontrabelohorizonte.com.br\\\/sobre\\\/author\\\/ebelohorizonte\\\/#author\",\"url\":\"https:\\\/\\\/www.encontrabelohorizonte.com.br\\\/sobre\\\/author\\\/ebelohorizonte\\\/\",\"name\":\"Encontra Belo Horizonte\",\"image\":{\"@type\":\"ImageObject\",\"@id\":\"https:\\\/\\\/www.encontrabelohorizonte.com.br\\\/sobre\\\/bh-tem-politica-de-atendimento-integral-a-alunos-com-transtornos-de-aprendizagem\\\/#authorImage\",\"url\":\"https:\\\/\\\/secure.gravatar.com\\\/avatar\\\/507340682b8270222e1f208e23198b6ae7e2c6a1033ae84e99bc6bce4f82a387?s=96&d=mm&r=g\",\"width\":96,\"height\":96,\"caption\":\"Encontra Belo Horizonte\"}},{\"@type\":\"WebPage\",\"@id\":\"https:\\\/\\\/www.encontrabelohorizonte.com.br\\\/sobre\\\/bh-tem-politica-de-atendimento-integral-a-alunos-com-transtornos-de-aprendizagem\\\/#webpage\",\"url\":\"https:\\\/\\\/www.encontrabelohorizonte.com.br\\\/sobre\\\/bh-tem-politica-de-atendimento-integral-a-alunos-com-transtornos-de-aprendizagem\\\/\",\"name\":\"BH tem pol\\u00edtica de atendimento integral a alunos com transtornos de aprendizagem | Encontra Belo Horizonte\",\"description\":\"BH apresenta pol\\u00edtica de atendimento a alunos com transtornos de aprendizagem para inclus\\u00e3o.\",\"inLanguage\":\"pt-BR\",\"isPartOf\":{\"@id\":\"https:\\\/\\\/www.encontrabelohorizonte.com.br\\\/sobre\\\/#website\"},\"breadcrumb\":{\"@id\":\"https:\\\/\\\/www.encontrabelohorizonte.com.br\\\/sobre\\\/bh-tem-politica-de-atendimento-integral-a-alunos-com-transtornos-de-aprendizagem\\\/#breadcrumblist\"},\"author\":{\"@id\":\"https:\\\/\\\/www.encontrabelohorizonte.com.br\\\/sobre\\\/author\\\/ebelohorizonte\\\/#author\"},\"creator\":{\"@id\":\"https:\\\/\\\/www.encontrabelohorizonte.com.br\\\/sobre\\\/author\\\/ebelohorizonte\\\/#author\"},\"image\":{\"@type\":\"ImageObject\",\"url\":\"https:\\\/\\\/www.encontrabelohorizonte.com.br\\\/sobre\\\/wp-content\\\/uploads\\\/bh-tem-politica-de-atendimento-integral-a-alunos-com-transtornos-de-aprendizagem.webp\",\"@id\":\"https:\\\/\\\/www.encontrabelohorizonte.com.br\\\/sobre\\\/bh-tem-politica-de-atendimento-integral-a-alunos-com-transtornos-de-aprendizagem\\\/#mainImage\",\"width\":280,\"height\":280,\"caption\":\"atendimento integral a alunos com transtornos de aprendizagem\"},\"primaryImageOfPage\":{\"@id\":\"https:\\\/\\\/www.encontrabelohorizonte.com.br\\\/sobre\\\/bh-tem-politica-de-atendimento-integral-a-alunos-com-transtornos-de-aprendizagem\\\/#mainImage\"},\"datePublished\":\"2026-07-21T09:44:35-03:00\",\"dateModified\":\"2026-07-21T09:44:35-03:00\"},{\"@type\":\"WebSite\",\"@id\":\"https:\\\/\\\/www.encontrabelohorizonte.com.br\\\/sobre\\\/#website\",\"url\":\"https:\\\/\\\/www.encontrabelohorizonte.com.br\\\/sobre\\\/\",\"name\":\"Encontra Belo Horizonte\",\"description\":\"Not\\u00edcias, eventos, informa\\u00e7\\u00f5es e dicas da cidade de Belo Horizonte e regi\\u00e3o\",\"inLanguage\":\"pt-BR\",\"publisher\":{\"@id\":\"https:\\\/\\\/www.encontrabelohorizonte.com.br\\\/sobre\\\/#organization\"}}]}\n\t\t<\/script>\n\t\t<!-- All in One SEO -->\n\n","aioseo_head_json":{"title":"BH tem pol\u00edtica de atendimento integral a alunos com transtornos de aprendizagem | Encontra Belo Horizonte","description":"BH apresenta pol\u00edtica de atendimento a alunos com transtornos de aprendizagem para inclus\u00e3o.","canonical_url":"https:\/\/www.encontrabelohorizonte.com.br\/sobre\/bh-tem-politica-de-atendimento-integral-a-alunos-com-transtornos-de-aprendizagem\/","robots":"max-image-preview:large","keywords":"","webmasterTools":{"miscellaneous":""},"schema":{"@context":"https:\/\/schema.org","@graph":[{"@type":"Article","@id":"https:\/\/www.encontrabelohorizonte.com.br\/sobre\/bh-tem-politica-de-atendimento-integral-a-alunos-com-transtornos-de-aprendizagem\/#article","name":"BH tem pol\u00edtica de atendimento integral a alunos com transtornos de aprendizagem | Encontra Belo Horizonte","headline":"BH tem pol\u00edtica de atendimento integral a alunos com transtornos de aprendizagem","author":{"@id":"https:\/\/www.encontrabelohorizonte.com.br\/sobre\/author\/ebelohorizonte\/#author"},"publisher":{"@id":"https:\/\/www.encontrabelohorizonte.com.br\/sobre\/#organization"},"image":{"@type":"ImageObject","url":"https:\/\/www.encontrabelohorizonte.com.br\/sobre\/wp-content\/uploads\/bh-tem-politica-de-atendimento-integral-a-alunos-com-transtornos-de-aprendizagem.webp","width":280,"height":280,"caption":"atendimento integral a alunos com transtornos de aprendizagem"},"datePublished":"2026-07-21T09:44:35-03:00","dateModified":"2026-07-21T09:44:35-03:00","inLanguage":"pt-BR","mainEntityOfPage":{"@id":"https:\/\/www.encontrabelohorizonte.com.br\/sobre\/bh-tem-politica-de-atendimento-integral-a-alunos-com-transtornos-de-aprendizagem\/#webpage"},"isPartOf":{"@id":"https:\/\/www.encontrabelohorizonte.com.br\/sobre\/bh-tem-politica-de-atendimento-integral-a-alunos-com-transtornos-de-aprendizagem\/#webpage"},"articleSection":"Educa\u00e7\u00e3o Belo Horizonte"},{"@type":"BreadcrumbList","@id":"https:\/\/www.encontrabelohorizonte.com.br\/sobre\/bh-tem-politica-de-atendimento-integral-a-alunos-com-transtornos-de-aprendizagem\/#breadcrumblist","itemListElement":[{"@type":"ListItem","@id":"https:\/\/www.encontrabelohorizonte.com.br\/sobre#listItem","position":1,"name":"In\u00edcio","item":"https:\/\/www.encontrabelohorizonte.com.br\/sobre","nextItem":{"@type":"ListItem","@id":"https:\/\/www.encontrabelohorizonte.com.br\/sobre\/educacao\/#listItem","name":"Educa\u00e7\u00e3o Belo Horizonte"}},{"@type":"ListItem","@id":"https:\/\/www.encontrabelohorizonte.com.br\/sobre\/educacao\/#listItem","position":2,"name":"Educa\u00e7\u00e3o Belo Horizonte","item":"https:\/\/www.encontrabelohorizonte.com.br\/sobre\/educacao\/","nextItem":{"@type":"ListItem","@id":"https:\/\/www.encontrabelohorizonte.com.br\/sobre\/bh-tem-politica-de-atendimento-integral-a-alunos-com-transtornos-de-aprendizagem\/#listItem","name":"BH tem pol\u00edtica de atendimento integral a alunos com transtornos de aprendizagem"},"previousItem":{"@type":"ListItem","@id":"https:\/\/www.encontrabelohorizonte.com.br\/sobre#listItem","name":"In\u00edcio"}},{"@type":"ListItem","@id":"https:\/\/www.encontrabelohorizonte.com.br\/sobre\/bh-tem-politica-de-atendimento-integral-a-alunos-com-transtornos-de-aprendizagem\/#listItem","position":3,"name":"BH tem pol\u00edtica de atendimento integral a alunos com transtornos de aprendizagem","previousItem":{"@type":"ListItem","@id":"https:\/\/www.encontrabelohorizonte.com.br\/sobre\/educacao\/#listItem","name":"Educa\u00e7\u00e3o Belo Horizonte"}}]},{"@type":"Organization","@id":"https:\/\/www.encontrabelohorizonte.com.br\/sobre\/#organization","name":"Encontra Belo Horizonte","description":"Not\u00edcias, eventos, informa\u00e7\u00f5es e dicas da cidade de Belo Horizonte e regi\u00e3o","url":"https:\/\/www.encontrabelohorizonte.com.br\/sobre\/"},{"@type":"Person","@id":"https:\/\/www.encontrabelohorizonte.com.br\/sobre\/author\/ebelohorizonte\/#author","url":"https:\/\/www.encontrabelohorizonte.com.br\/sobre\/author\/ebelohorizonte\/","name":"Encontra Belo Horizonte","image":{"@type":"ImageObject","@id":"https:\/\/www.encontrabelohorizonte.com.br\/sobre\/bh-tem-politica-de-atendimento-integral-a-alunos-com-transtornos-de-aprendizagem\/#authorImage","url":"https:\/\/secure.gravatar.com\/avatar\/507340682b8270222e1f208e23198b6ae7e2c6a1033ae84e99bc6bce4f82a387?s=96&d=mm&r=g","width":96,"height":96,"caption":"Encontra Belo Horizonte"}},{"@type":"WebPage","@id":"https:\/\/www.encontrabelohorizonte.com.br\/sobre\/bh-tem-politica-de-atendimento-integral-a-alunos-com-transtornos-de-aprendizagem\/#webpage","url":"https:\/\/www.encontrabelohorizonte.com.br\/sobre\/bh-tem-politica-de-atendimento-integral-a-alunos-com-transtornos-de-aprendizagem\/","name":"BH tem pol\u00edtica de atendimento integral a alunos com transtornos de aprendizagem | Encontra Belo Horizonte","description":"BH apresenta pol\u00edtica de atendimento a alunos com transtornos de aprendizagem para inclus\u00e3o.","inLanguage":"pt-BR","isPartOf":{"@id":"https:\/\/www.encontrabelohorizonte.com.br\/sobre\/#website"},"breadcrumb":{"@id":"https:\/\/www.encontrabelohorizonte.com.br\/sobre\/bh-tem-politica-de-atendimento-integral-a-alunos-com-transtornos-de-aprendizagem\/#breadcrumblist"},"author":{"@id":"https:\/\/www.encontrabelohorizonte.com.br\/sobre\/author\/ebelohorizonte\/#author"},"creator":{"@id":"https:\/\/www.encontrabelohorizonte.com.br\/sobre\/author\/ebelohorizonte\/#author"},"image":{"@type":"ImageObject","url":"https:\/\/www.encontrabelohorizonte.com.br\/sobre\/wp-content\/uploads\/bh-tem-politica-de-atendimento-integral-a-alunos-com-transtornos-de-aprendizagem.webp","@id":"https:\/\/www.encontrabelohorizonte.com.br\/sobre\/bh-tem-politica-de-atendimento-integral-a-alunos-com-transtornos-de-aprendizagem\/#mainImage","width":280,"height":280,"caption":"atendimento integral a alunos com transtornos de aprendizagem"},"primaryImageOfPage":{"@id":"https:\/\/www.encontrabelohorizonte.com.br\/sobre\/bh-tem-politica-de-atendimento-integral-a-alunos-com-transtornos-de-aprendizagem\/#mainImage"},"datePublished":"2026-07-21T09:44:35-03:00","dateModified":"2026-07-21T09:44:35-03:00"},{"@type":"WebSite","@id":"https:\/\/www.encontrabelohorizonte.com.br\/sobre\/#website","url":"https:\/\/www.encontrabelohorizonte.com.br\/sobre\/","name":"Encontra Belo Horizonte","description":"Not\u00edcias, eventos, informa\u00e7\u00f5es e dicas da cidade de Belo Horizonte e regi\u00e3o","inLanguage":"pt-BR","publisher":{"@id":"https:\/\/www.encontrabelohorizonte.com.br\/sobre\/#organization"}}]},"og:locale":"pt_BR","og:site_name":"Encontra Belo Horizonte | Not\u00edcias, eventos, informa\u00e7\u00f5es e dicas da cidade de Belo Horizonte e regi\u00e3o","og:type":"article","og:title":"BH tem pol\u00edtica de atendimento integral a alunos com transtornos de aprendizagem | Encontra Belo Horizonte","og:description":"BH apresenta pol\u00edtica de atendimento a alunos com transtornos de aprendizagem para inclus\u00e3o.","og:url":"https:\/\/www.encontrabelohorizonte.com.br\/sobre\/bh-tem-politica-de-atendimento-integral-a-alunos-com-transtornos-de-aprendizagem\/","article:published_time":"2026-07-21T12:44:35+00:00","article:modified_time":"2026-07-21T12:44:35+00:00","twitter:card":"summary","twitter:title":"BH tem pol\u00edtica de atendimento integral a alunos com transtornos de aprendizagem | Encontra Belo Horizonte","twitter:description":"BH apresenta pol\u00edtica de atendimento a alunos com transtornos de aprendizagem para inclus\u00e3o."},"aioseo_meta_data":{"post_id":"4422","title":null,"description":null,"keywords":null,"keyphrases":null,"primary_term":null,"canonical_url":null,"og_title":null,"og_description":null,"og_object_type":"default","og_image_type":"default","og_image_url":null,"og_image_width":null,"og_image_height":null,"og_image_custom_url":null,"og_image_custom_fields":null,"og_video":null,"og_custom_url":null,"og_article_section":null,"og_article_tags":null,"twitter_use_og":false,"twitter_card":"default","twitter_image_type":"default","twitter_image_url":null,"twitter_image_custom_url":null,"twitter_image_custom_fields":null,"twitter_title":null,"twitter_description":null,"schema":{"blockGraphs":[],"customGraphs":[],"default":{"data":{"Article":[],"Course":[],"Dataset":[],"FAQPage":[],"Movie":[],"Person":[],"Product":[],"ProductReview":[],"Car":[],"Recipe":[],"Service":[],"SoftwareApplication":[],"WebPage":[]},"graphName":"","isEnabled":true},"graphs":[]},"schema_type":"default","schema_type_options":null,"pillar_content":false,"robots_default":true,"robots_noindex":false,"robots_noarchive":false,"robots_nosnippet":false,"robots_nofollow":false,"robots_noimageindex":false,"robots_noodp":false,"robots_notranslate":false,"robots_max_snippet":null,"robots_max_videopreview":null,"robots_max_imagepreview":"large","priority":null,"frequency":null,"local_seo":null,"breadcrumb_settings":null,"limit_modified_date":false,"ai":null,"created":"2026-07-21 13:01:31","updated":"2026-07-21 13:01:31","focus_keyword":null,"additional_keywords":null,"truseo_locale":null,"seo_analyzer_scan_date":null},"aioseo_breadcrumb":"<div class=\"aioseo-breadcrumbs\"><span class=\"aioseo-breadcrumb\">\n\t\t\t<a href=\"https:\/\/www.encontrabelohorizonte.com.br\/sobre\" title=\"In\u00edcio\">In\u00edcio<\/a>\n\t\t<\/span><span class=\"aioseo-breadcrumb-separator\">&raquo;<\/span><span class=\"aioseo-breadcrumb\">\n\t\t\t<a href=\"https:\/\/www.encontrabelohorizonte.com.br\/sobre\/educacao\/\" title=\"Educa\u00e7\u00e3o Belo Horizonte\">Educa\u00e7\u00e3o Belo Horizonte<\/a>\n\t\t<\/span><span class=\"aioseo-breadcrumb-separator\">&raquo;<\/span><span class=\"aioseo-breadcrumb\">\n\t\t\tBH tem pol\u00edtica de atendimento integral a alunos com transtornos de aprendizagem\n\t\t<\/span><\/div>","aioseo_breadcrumb_json":[{"label":"In\u00edcio","link":"https:\/\/www.encontrabelohorizonte.com.br\/sobre"},{"label":"Educa\u00e7\u00e3o Belo Horizonte","link":"https:\/\/www.encontrabelohorizonte.com.br\/sobre\/educacao\/"},{"label":"BH tem pol\u00edtica de atendimento integral a alunos com transtornos de aprendizagem","link":"https:\/\/www.encontrabelohorizonte.com.br\/sobre\/bh-tem-politica-de-atendimento-integral-a-alunos-com-transtornos-de-aprendizagem\/"}],"_links":{"self":[{"href":"https:\/\/www.encontrabelohorizonte.com.br\/sobre\/wp-json\/wp\/v2\/posts\/4422","targetHints":{"allow":["GET"]}}],"collection":[{"href":"https:\/\/www.encontrabelohorizonte.com.br\/sobre\/wp-json\/wp\/v2\/posts"}],"about":[{"href":"https:\/\/www.encontrabelohorizonte.com.br\/sobre\/wp-json\/wp\/v2\/types\/post"}],"author":[{"embeddable":true,"href":"https:\/\/www.encontrabelohorizonte.com.br\/sobre\/wp-json\/wp\/v2\/users\/1"}],"replies":[{"embeddable":true,"href":"https:\/\/www.encontrabelohorizonte.com.br\/sobre\/wp-json\/wp\/v2\/comments?post=4422"}],"version-history":[{"count":0,"href":"https:\/\/www.encontrabelohorizonte.com.br\/sobre\/wp-json\/wp\/v2\/posts\/4422\/revisions"}],"wp:featuredmedia":[{"embeddable":true,"href":"https:\/\/www.encontrabelohorizonte.com.br\/sobre\/wp-json\/wp\/v2\/media\/4421"}],"wp:attachment":[{"href":"https:\/\/www.encontrabelohorizonte.com.br\/sobre\/wp-json\/wp\/v2\/media?parent=4422"}],"wp:term":[{"taxonomy":"category","embeddable":true,"href":"https:\/\/www.encontrabelohorizonte.com.br\/sobre\/wp-json\/wp\/v2\/categories?post=4422"},{"taxonomy":"post_tag","embeddable":true,"href":"https:\/\/www.encontrabelohorizonte.com.br\/sobre\/wp-json\/wp\/v2\/tags?post=4422"}],"curies":[{"name":"wp","href":"https:\/\/api.w.org\/{rel}","templated":true}]}}