{"id":4440,"date":"2026-07-23T20:12:11","date_gmt":"2026-07-23T23:12:11","guid":{"rendered":"https:\/\/www.encontrabelohorizonte.com.br\/sobre\/camara-vai-receber-projeto-do-tce\/"},"modified":"2026-07-23T20:12:11","modified_gmt":"2026-07-23T23:12:11","slug":"camara-vai-receber-projeto-do-tce","status":"publish","type":"post","link":"https:\/\/www.encontrabelohorizonte.com.br\/sobre\/camara-vai-receber-projeto-do-tce\/","title":{"rendered":"C\u00e2mara vai receber projeto do TCE"},"content":{"rendered":"<div class=\"2e083cf0b19e2c11948dc6ac054ba979\" data-index=\"1\" style=\"float: none; margin:0px;\">\n<!-- Anuncio display - global -->\r\n<ins class=\"adsbygoogle\"\r\n     style=\"display:block\"\r\n     data-ad-client=\"ca-pub-8585364105181520\"\r\n     data-ad-slot=\"8789329856\"\r\n     data-ad-format=\"auto\"\r\n     data-full-width-responsive=\"true\"><\/ins>\r\n<script>\r\n     (adsbygoogle = window.adsbygoogle || []).push({});\r\n<\/script>\n<\/div>\n<h2>O que \u00e9 o projeto &#8216;Voc\u00ea no Controle&#8217;?<\/h2>\n<p>O projeto &#8220;Voc\u00ea no Controle&#8221; \u00e9 uma iniciativa promovida pelo Tribunal de Contas do Estado de Minas Gerais (TCE-MG) que visa fomentar o envolvimento da popula\u00e7\u00e3o de Belo Horizonte no monitoramento e na avalia\u00e7\u00e3o dos servi\u00e7os p\u00fablicos. A proposta \u00e9 criar um canal direto com os cidad\u00e3os, permitindo que eles compartilhem suas experi\u00eancias e reivindica\u00e7\u00f5es referentes a \u00e1reas cruciais como sa\u00fade, educa\u00e7\u00e3o, infraestrutura e seguran\u00e7a.<\/p>\n<h2>Import\u00e2ncia da participa\u00e7\u00e3o cidad\u00e3<\/h2>\n<p>A participa\u00e7\u00e3o do p\u00fablico nas discuss\u00f5es sobre pol\u00edticas p\u00fablicas \u00e9 fundamental. Quando os cidad\u00e3os se envolvem ativamente, contribuem para a forma\u00e7\u00e3o de um governo mais transparente e que melhor atende suas necessidades. Al\u00e9m disso, essa participa\u00e7\u00e3o \u00e9 vital para garantir que as pol\u00edticas implementadas estejam alinhadas com os anseios e realidade da popula\u00e7\u00e3o. \u00c9 uma maneira de assegurar que as vozes daqueles que usam os servi\u00e7os p\u00fablicos sejam ouvidas e contempladas nas decis\u00f5es governamentais.<\/p>\n<h2>Como a C\u00e2mara vai ouvir a popula\u00e7\u00e3o<\/h2>\n<p>O envolvimento da C\u00e2mara Municipal de Belo Horizonte (CMBH) no projeto &#8220;Voc\u00ea no Controle&#8221; demonstra o compromisso das autoridades locais em escutar seus cidad\u00e3os. A C\u00e2mara disponibilizar\u00e1 espa\u00e7os em sua sede para a realiza\u00e7\u00e3o de a\u00e7\u00f5es que integrem a comunidade \u00e0 fiscaliza\u00e7\u00e3o dos servi\u00e7os, facilitando o acesso dos moradores \u00e0s informa\u00e7\u00f5es. Al\u00e9m disso, a iniciativa inclui um estande itinerante onde os cidad\u00e3os poder\u00e3o registrar suas opini\u00f5es e necessidades diretamente.<\/p>\n<p><img decoding=\"async\" src=\"https:\/\/www.encontrabelohorizonte.com.br\/sobre\/wp-content\/uploads\/camara-vai-receber-projeto-do-tce.webp\" alt=\"C\u00e2mara Municipal de Belo Horizonte\" loading=\"lazy\" \/><\/p>\n<h2>Temas abordados na iniciativa<\/h2>\n<p>A iniciativa abrange uma variedade de temas que refletem as preocupa\u00e7\u00f5es da popula\u00e7\u00e3o. Os principais t\u00f3picos incluem:<\/p>\n<ul>\n<li>Sa\u00fade<\/li>\n<li>Educa\u00e7\u00e3o<\/li>\n<li>Seguran\u00e7a P\u00fablica<\/li>\n<li>Assist\u00eancia Social<\/li>\n<li>Infraestrutura e Obras<\/li>\n<li>Saneamento e Meio Ambiente<\/li>\n<li>Gest\u00e3o Fiscal e Governan\u00e7a<\/li>\n<\/ul>\n<p>A pesquisa tamb\u00e9m oferece um espa\u00e7o para que os cidad\u00e3os abordem quest\u00f5es n\u00e3o listadas, permitindo feedback mais amplo e detalhado sobre as necessidades da sociedade.<\/p>\n<h2>Dicas para participar da a\u00e7\u00e3o<\/h2>\n<p>Para garantir que sua voz seja ouvida, considere as seguintes dicas ao participar do projeto:<\/p>\n<ul>\n<li><strong>Fique atento \u00e0s datas:<\/strong> Mantenha-se informado sobre quando e onde o estande itinerante estar\u00e1 dispon\u00edvel.<\/li>\n<li><strong>Seja claro e objetivo:<\/strong> Quando expressar suas demandas, procure ser o mais claro poss\u00edvel para facilitar a compreens\u00e3o.<\/li>\n<li><strong>Participe em grupo:<\/strong> Leve amigos e familiares para participarem juntos, pois isso pode aumentar o n\u00famero de vozes representadas.<\/li>\n<\/ul>\n<h2>Como acessar o formul\u00e1rio de demandas<\/h2>\n<p>O formul\u00e1rio dispon\u00edvel para a coleta de opini\u00f5es da popula\u00e7\u00e3o \u00e9 acess\u00edvel online, permitindo que todos participem de forma pr\u00e1tica e r\u00e1pida. O acesso \u00e9 simples:<\/p>\n<ol>\n<li>Acesse o site oficial do TCE-MG.<\/li>\n<li>Encontre a se\u00e7\u00e3o do &#8220;Voc\u00ea no Controle&#8221;.<\/li>\n<li>Preencha o formul\u00e1rio, dedicando cerca de tr\u00eas minutos para fornecer suas respostas.<\/li>\n<\/ol>\n<p>Este formato acess\u00edvel facilita que qualquer pessoa contribua, independente de sua situa\u00e7\u00e3o. Tablets estar\u00e3o dispon\u00edveis para aqueles que n\u00e3o possuem acesso a um dispositivo m\u00f3vel, garantindo que todos possam participar.<\/p>\n<h2>O papel do TCE-MG na fiscaliza\u00e7\u00e3o<\/h2>\n<p>O TCE-MG tem como fun\u00e7\u00e3o principal garantir a correta aplica\u00e7\u00e3o dos recursos p\u00fablicos e a qualidade dos servi\u00e7os oferecidos \u00e0 popula\u00e7\u00e3o. Com o projeto &#8220;Voc\u00ea no Controle&#8221;, o Tribunal busca n\u00e3o s\u00f3 monitorar, mas tamb\u00e9m incluir a sociedade nesse processo, coletando informa\u00e7\u00f5es valiosas que ajudar\u00e3o na fiscaliza\u00e7\u00e3o e na elabora\u00e7\u00e3o do planejamento das auditorias.<\/p>\n<h2>Expectativas para a parceria CMBH e TCE-MG<\/h2>\n<p>As expectativas para a colabora\u00e7\u00e3o entre a CMBH e o TCE-MG s\u00e3o muito positivas. Ambas as institui\u00e7\u00f5es reconhecem a import\u00e2ncia da troca de informa\u00e7\u00f5es e da constru\u00e7\u00e3o de um ambiente onde a popula\u00e7\u00e3o se sinta confort\u00e1vel para expressar suas opini\u00f5es. Essa parceria pode resultar em um aprimoramento dos servi\u00e7os p\u00fablicos e em uma gest\u00e3o mais participativa.<\/p>\n<h2>Hist\u00f3rico de a\u00e7\u00f5es da C\u00e2mara para ouvir cidad\u00e3os<\/h2>\n<p>A CMBH j\u00e1 desenvolveu outras iniciativas que visam a escuta ativa da sociedade, como audi\u00eancias p\u00fablicas e consultas populares sobre projetos de lei. Essas pr\u00e1ticas mostram um hist\u00f3rico de compromisso em dialogar com a popula\u00e7\u00e3o, buscando sempre aprimorar a representatividade e a transpar\u00eancia das a\u00e7\u00f5es governamentais.<\/p>\n<h2>Pr\u00f3ximos passos e eventos planejados<\/h2>\n<p>Os pr\u00f3ximos passos para o projeto incluem a realiza\u00e7\u00e3o de eventos p\u00fablicos onde a popula\u00e7\u00e3o poder\u00e1 conhecer mais sobre o programa e suas funcionalidades. Al\u00e9m disso, a CMBH se compromete a divulgar os resultados da coleta de dados e as a\u00e7\u00f5es que ser\u00e3o tomadas a partir das demandas apresentadas. Ao criar um ciclo cont\u00ednuo de feedback, a expectativa \u00e9 que as pol\u00edticas p\u00fablicas se tornem cada vez mais eficazes e que a popula\u00e7\u00e3o se sinta cada vez mais parte das decis\u00f5es que a afetam.<\/p>\n\n<div style=\"font-size: 0px; height: 0px; line-height: 0px; margin: 0; padding: 0; clear: both;\"><\/div>","protected":false},"excerpt":{"rendered":"<p>C\u00e2mara Municipal de BH busca ouvir demandas da popula\u00e7\u00e3o sobre servi\u00e7os p\u00fablicos.<\/p>\n","protected":false},"author":1,"featured_media":4439,"comment_status":"closed","ping_status":"closed","sticky":false,"template":"","format":"standard","meta":{"footnotes":""},"categories":[6],"tags":[],"class_list":["post-4440","post","type-post","status-publish","format-standard","has-post-thumbnail","hentry","category-noticias","has_thumb"],"aioseo_notices":[],"aioseo_head":"\n\t\t<!-- All in One SEO 5.0.0.1 - aioseo.com -->\n\t<meta name=\"description\" content=\"C\u00e2mara Municipal de BH busca ouvir demandas da popula\u00e7\u00e3o sobre servi\u00e7os p\u00fablicos.\" \/>\n\t<meta name=\"robots\" content=\"max-image-preview:large\" \/>\n\t<meta name=\"author\" content=\"Encontra Belo Horizonte\"\/>\n\t<link rel=\"canonical\" href=\"https:\/\/www.encontrabelohorizonte.com.br\/sobre\/camara-vai-receber-projeto-do-tce\/\" \/>\n\t<meta name=\"generator\" content=\"All in One SEO (AIOSEO) 5.0.0.1\" \/>\n\t\t<meta property=\"og:locale\" content=\"pt_BR\" \/>\n\t\t<meta property=\"og:site_name\" content=\"Encontra Belo Horizonte | Not\u00edcias, eventos, informa\u00e7\u00f5es e dicas da cidade de Belo Horizonte e regi\u00e3o\" \/>\n\t\t<meta property=\"og:type\" content=\"article\" \/>\n\t\t<meta property=\"og:title\" content=\"C\u00e2mara vai receber projeto do TCE | Encontra Belo Horizonte\" \/>\n\t\t<meta property=\"og:description\" content=\"C\u00e2mara Municipal de BH busca ouvir demandas da popula\u00e7\u00e3o sobre servi\u00e7os p\u00fablicos.\" \/>\n\t\t<meta property=\"og:url\" content=\"https:\/\/www.encontrabelohorizonte.com.br\/sobre\/camara-vai-receber-projeto-do-tce\/\" \/>\n\t\t<meta property=\"article:published_time\" content=\"2026-07-23T23:12:11+00:00\" \/>\n\t\t<meta property=\"article:modified_time\" content=\"2026-07-23T23:12:11+00:00\" \/>\n\t\t<meta name=\"twitter:card\" content=\"summary\" \/>\n\t\t<meta name=\"twitter:title\" content=\"C\u00e2mara vai receber projeto do TCE | Encontra Belo Horizonte\" \/>\n\t\t<meta name=\"twitter:description\" content=\"C\u00e2mara Municipal de BH busca ouvir demandas da popula\u00e7\u00e3o sobre servi\u00e7os p\u00fablicos.\" \/>\n\t\t<script type=\"application\/ld+json\" class=\"aioseo-schema\">\n\t\t\t{\"@context\":\"https:\\\/\\\/schema.org\",\"@graph\":[{\"@type\":\"Article\",\"@id\":\"https:\\\/\\\/www.encontrabelohorizonte.com.br\\\/sobre\\\/camara-vai-receber-projeto-do-tce\\\/#article\",\"name\":\"C\\u00e2mara vai receber projeto do TCE | Encontra Belo Horizonte\",\"headline\":\"C\\u00e2mara vai receber projeto do TCE\",\"author\":{\"@id\":\"https:\\\/\\\/www.encontrabelohorizonte.com.br\\\/sobre\\\/author\\\/ebelohorizonte\\\/#author\"},\"publisher\":{\"@id\":\"https:\\\/\\\/www.encontrabelohorizonte.com.br\\\/sobre\\\/#organization\"},\"image\":{\"@type\":\"ImageObject\",\"url\":\"https:\\\/\\\/www.encontrabelohorizonte.com.br\\\/sobre\\\/wp-content\\\/uploads\\\/camara-vai-receber-projeto-do-tce.webp\",\"width\":280,\"height\":280,\"caption\":\"C\\u00e2mara Municipal de Belo Horizonte\"},\"datePublished\":\"2026-07-23T20:12:11-03:00\",\"dateModified\":\"2026-07-23T20:12:11-03:00\",\"inLanguage\":\"pt-BR\",\"mainEntityOfPage\":{\"@id\":\"https:\\\/\\\/www.encontrabelohorizonte.com.br\\\/sobre\\\/camara-vai-receber-projeto-do-tce\\\/#webpage\"},\"isPartOf\":{\"@id\":\"https:\\\/\\\/www.encontrabelohorizonte.com.br\\\/sobre\\\/camara-vai-receber-projeto-do-tce\\\/#webpage\"},\"articleSection\":\"Not\\u00edcias Belo Horizonte\"},{\"@type\":\"BreadcrumbList\",\"@id\":\"https:\\\/\\\/www.encontrabelohorizonte.com.br\\\/sobre\\\/camara-vai-receber-projeto-do-tce\\\/#breadcrumblist\",\"itemListElement\":[{\"@type\":\"ListItem\",\"@id\":\"https:\\\/\\\/www.encontrabelohorizonte.com.br\\\/sobre#listItem\",\"position\":1,\"name\":\"In\\u00edcio\",\"item\":\"https:\\\/\\\/www.encontrabelohorizonte.com.br\\\/sobre\",\"nextItem\":{\"@type\":\"ListItem\",\"@id\":\"https:\\\/\\\/www.encontrabelohorizonte.com.br\\\/sobre\\\/noticias\\\/#listItem\",\"name\":\"Not\\u00edcias Belo Horizonte\"}},{\"@type\":\"ListItem\",\"@id\":\"https:\\\/\\\/www.encontrabelohorizonte.com.br\\\/sobre\\\/noticias\\\/#listItem\",\"position\":2,\"name\":\"Not\\u00edcias Belo Horizonte\",\"item\":\"https:\\\/\\\/www.encontrabelohorizonte.com.br\\\/sobre\\\/noticias\\\/\",\"nextItem\":{\"@type\":\"ListItem\",\"@id\":\"https:\\\/\\\/www.encontrabelohorizonte.com.br\\\/sobre\\\/camara-vai-receber-projeto-do-tce\\\/#listItem\",\"name\":\"C\\u00e2mara vai receber projeto do TCE\"},\"previousItem\":{\"@type\":\"ListItem\",\"@id\":\"https:\\\/\\\/www.encontrabelohorizonte.com.br\\\/sobre#listItem\",\"name\":\"In\\u00edcio\"}},{\"@type\":\"ListItem\",\"@id\":\"https:\\\/\\\/www.encontrabelohorizonte.com.br\\\/sobre\\\/camara-vai-receber-projeto-do-tce\\\/#listItem\",\"position\":3,\"name\":\"C\\u00e2mara vai receber projeto do TCE\",\"previousItem\":{\"@type\":\"ListItem\",\"@id\":\"https:\\\/\\\/www.encontrabelohorizonte.com.br\\\/sobre\\\/noticias\\\/#listItem\",\"name\":\"Not\\u00edcias Belo Horizonte\"}}]},{\"@type\":\"Organization\",\"@id\":\"https:\\\/\\\/www.encontrabelohorizonte.com.br\\\/sobre\\\/#organization\",\"name\":\"Encontra Belo Horizonte\",\"description\":\"Not\\u00edcias, eventos, informa\\u00e7\\u00f5es e dicas da cidade de Belo Horizonte e regi\\u00e3o\",\"url\":\"https:\\\/\\\/www.encontrabelohorizonte.com.br\\\/sobre\\\/\"},{\"@type\":\"Person\",\"@id\":\"https:\\\/\\\/www.encontrabelohorizonte.com.br\\\/sobre\\\/author\\\/ebelohorizonte\\\/#author\",\"url\":\"https:\\\/\\\/www.encontrabelohorizonte.com.br\\\/sobre\\\/author\\\/ebelohorizonte\\\/\",\"name\":\"Encontra Belo Horizonte\",\"image\":{\"@type\":\"ImageObject\",\"@id\":\"https:\\\/\\\/www.encontrabelohorizonte.com.br\\\/sobre\\\/camara-vai-receber-projeto-do-tce\\\/#authorImage\",\"url\":\"https:\\\/\\\/secure.gravatar.com\\\/avatar\\\/507340682b8270222e1f208e23198b6ae7e2c6a1033ae84e99bc6bce4f82a387?s=96&d=mm&r=g\",\"width\":96,\"height\":96,\"caption\":\"Encontra Belo Horizonte\"}},{\"@type\":\"WebPage\",\"@id\":\"https:\\\/\\\/www.encontrabelohorizonte.com.br\\\/sobre\\\/camara-vai-receber-projeto-do-tce\\\/#webpage\",\"url\":\"https:\\\/\\\/www.encontrabelohorizonte.com.br\\\/sobre\\\/camara-vai-receber-projeto-do-tce\\\/\",\"name\":\"C\\u00e2mara vai receber projeto do TCE | Encontra Belo Horizonte\",\"description\":\"C\\u00e2mara Municipal de BH busca ouvir demandas da popula\\u00e7\\u00e3o sobre servi\\u00e7os p\\u00fablicos.\",\"inLanguage\":\"pt-BR\",\"isPartOf\":{\"@id\":\"https:\\\/\\\/www.encontrabelohorizonte.com.br\\\/sobre\\\/#website\"},\"breadcrumb\":{\"@id\":\"https:\\\/\\\/www.encontrabelohorizonte.com.br\\\/sobre\\\/camara-vai-receber-projeto-do-tce\\\/#breadcrumblist\"},\"author\":{\"@id\":\"https:\\\/\\\/www.encontrabelohorizonte.com.br\\\/sobre\\\/author\\\/ebelohorizonte\\\/#author\"},\"creator\":{\"@id\":\"https:\\\/\\\/www.encontrabelohorizonte.com.br\\\/sobre\\\/author\\\/ebelohorizonte\\\/#author\"},\"image\":{\"@type\":\"ImageObject\",\"url\":\"https:\\\/\\\/www.encontrabelohorizonte.com.br\\\/sobre\\\/wp-content\\\/uploads\\\/camara-vai-receber-projeto-do-tce.webp\",\"@id\":\"https:\\\/\\\/www.encontrabelohorizonte.com.br\\\/sobre\\\/camara-vai-receber-projeto-do-tce\\\/#mainImage\",\"width\":280,\"height\":280,\"caption\":\"C\\u00e2mara Municipal de Belo Horizonte\"},\"primaryImageOfPage\":{\"@id\":\"https:\\\/\\\/www.encontrabelohorizonte.com.br\\\/sobre\\\/camara-vai-receber-projeto-do-tce\\\/#mainImage\"},\"datePublished\":\"2026-07-23T20:12:11-03:00\",\"dateModified\":\"2026-07-23T20:12:11-03:00\"},{\"@type\":\"WebSite\",\"@id\":\"https:\\\/\\\/www.encontrabelohorizonte.com.br\\\/sobre\\\/#website\",\"url\":\"https:\\\/\\\/www.encontrabelohorizonte.com.br\\\/sobre\\\/\",\"name\":\"Encontra Belo Horizonte\",\"description\":\"Not\\u00edcias, eventos, informa\\u00e7\\u00f5es e dicas da cidade de Belo Horizonte e regi\\u00e3o\",\"inLanguage\":\"pt-BR\",\"publisher\":{\"@id\":\"https:\\\/\\\/www.encontrabelohorizonte.com.br\\\/sobre\\\/#organization\"}}]}\n\t\t<\/script>\n\t\t<!-- All in One SEO -->\n\n","aioseo_head_json":{"title":"C\u00e2mara vai receber projeto do TCE | Encontra Belo Horizonte","description":"C\u00e2mara Municipal de BH busca ouvir demandas da popula\u00e7\u00e3o sobre servi\u00e7os p\u00fablicos.","canonical_url":"https:\/\/www.encontrabelohorizonte.com.br\/sobre\/camara-vai-receber-projeto-do-tce\/","robots":"max-image-preview:large","keywords":"","webmasterTools":{"miscellaneous":""},"schema":{"@context":"https:\/\/schema.org","@graph":[{"@type":"Article","@id":"https:\/\/www.encontrabelohorizonte.com.br\/sobre\/camara-vai-receber-projeto-do-tce\/#article","name":"C\u00e2mara vai receber projeto do TCE | Encontra Belo Horizonte","headline":"C\u00e2mara vai receber projeto do TCE","author":{"@id":"https:\/\/www.encontrabelohorizonte.com.br\/sobre\/author\/ebelohorizonte\/#author"},"publisher":{"@id":"https:\/\/www.encontrabelohorizonte.com.br\/sobre\/#organization"},"image":{"@type":"ImageObject","url":"https:\/\/www.encontrabelohorizonte.com.br\/sobre\/wp-content\/uploads\/camara-vai-receber-projeto-do-tce.webp","width":280,"height":280,"caption":"C\u00e2mara Municipal de Belo Horizonte"},"datePublished":"2026-07-23T20:12:11-03:00","dateModified":"2026-07-23T20:12:11-03:00","inLanguage":"pt-BR","mainEntityOfPage":{"@id":"https:\/\/www.encontrabelohorizonte.com.br\/sobre\/camara-vai-receber-projeto-do-tce\/#webpage"},"isPartOf":{"@id":"https:\/\/www.encontrabelohorizonte.com.br\/sobre\/camara-vai-receber-projeto-do-tce\/#webpage"},"articleSection":"Not\u00edcias Belo Horizonte"},{"@type":"BreadcrumbList","@id":"https:\/\/www.encontrabelohorizonte.com.br\/sobre\/camara-vai-receber-projeto-do-tce\/#breadcrumblist","itemListElement":[{"@type":"ListItem","@id":"https:\/\/www.encontrabelohorizonte.com.br\/sobre#listItem","position":1,"name":"In\u00edcio","item":"https:\/\/www.encontrabelohorizonte.com.br\/sobre","nextItem":{"@type":"ListItem","@id":"https:\/\/www.encontrabelohorizonte.com.br\/sobre\/noticias\/#listItem","name":"Not\u00edcias Belo Horizonte"}},{"@type":"ListItem","@id":"https:\/\/www.encontrabelohorizonte.com.br\/sobre\/noticias\/#listItem","position":2,"name":"Not\u00edcias Belo Horizonte","item":"https:\/\/www.encontrabelohorizonte.com.br\/sobre\/noticias\/","nextItem":{"@type":"ListItem","@id":"https:\/\/www.encontrabelohorizonte.com.br\/sobre\/camara-vai-receber-projeto-do-tce\/#listItem","name":"C\u00e2mara vai receber projeto do TCE"},"previousItem":{"@type":"ListItem","@id":"https:\/\/www.encontrabelohorizonte.com.br\/sobre#listItem","name":"In\u00edcio"}},{"@type":"ListItem","@id":"https:\/\/www.encontrabelohorizonte.com.br\/sobre\/camara-vai-receber-projeto-do-tce\/#listItem","position":3,"name":"C\u00e2mara vai receber projeto do TCE","previousItem":{"@type":"ListItem","@id":"https:\/\/www.encontrabelohorizonte.com.br\/sobre\/noticias\/#listItem","name":"Not\u00edcias Belo Horizonte"}}]},{"@type":"Organization","@id":"https:\/\/www.encontrabelohorizonte.com.br\/sobre\/#organization","name":"Encontra Belo Horizonte","description":"Not\u00edcias, eventos, informa\u00e7\u00f5es e dicas da cidade de Belo Horizonte e regi\u00e3o","url":"https:\/\/www.encontrabelohorizonte.com.br\/sobre\/"},{"@type":"Person","@id":"https:\/\/www.encontrabelohorizonte.com.br\/sobre\/author\/ebelohorizonte\/#author","url":"https:\/\/www.encontrabelohorizonte.com.br\/sobre\/author\/ebelohorizonte\/","name":"Encontra Belo Horizonte","image":{"@type":"ImageObject","@id":"https:\/\/www.encontrabelohorizonte.com.br\/sobre\/camara-vai-receber-projeto-do-tce\/#authorImage","url":"https:\/\/secure.gravatar.com\/avatar\/507340682b8270222e1f208e23198b6ae7e2c6a1033ae84e99bc6bce4f82a387?s=96&d=mm&r=g","width":96,"height":96,"caption":"Encontra Belo Horizonte"}},{"@type":"WebPage","@id":"https:\/\/www.encontrabelohorizonte.com.br\/sobre\/camara-vai-receber-projeto-do-tce\/#webpage","url":"https:\/\/www.encontrabelohorizonte.com.br\/sobre\/camara-vai-receber-projeto-do-tce\/","name":"C\u00e2mara vai receber projeto do TCE | Encontra Belo Horizonte","description":"C\u00e2mara Municipal de BH busca ouvir demandas da popula\u00e7\u00e3o sobre servi\u00e7os p\u00fablicos.","inLanguage":"pt-BR","isPartOf":{"@id":"https:\/\/www.encontrabelohorizonte.com.br\/sobre\/#website"},"breadcrumb":{"@id":"https:\/\/www.encontrabelohorizonte.com.br\/sobre\/camara-vai-receber-projeto-do-tce\/#breadcrumblist"},"author":{"@id":"https:\/\/www.encontrabelohorizonte.com.br\/sobre\/author\/ebelohorizonte\/#author"},"creator":{"@id":"https:\/\/www.encontrabelohorizonte.com.br\/sobre\/author\/ebelohorizonte\/#author"},"image":{"@type":"ImageObject","url":"https:\/\/www.encontrabelohorizonte.com.br\/sobre\/wp-content\/uploads\/camara-vai-receber-projeto-do-tce.webp","@id":"https:\/\/www.encontrabelohorizonte.com.br\/sobre\/camara-vai-receber-projeto-do-tce\/#mainImage","width":280,"height":280,"caption":"C\u00e2mara Municipal de Belo Horizonte"},"primaryImageOfPage":{"@id":"https:\/\/www.encontrabelohorizonte.com.br\/sobre\/camara-vai-receber-projeto-do-tce\/#mainImage"},"datePublished":"2026-07-23T20:12:11-03:00","dateModified":"2026-07-23T20:12:11-03:00"},{"@type":"WebSite","@id":"https:\/\/www.encontrabelohorizonte.com.br\/sobre\/#website","url":"https:\/\/www.encontrabelohorizonte.com.br\/sobre\/","name":"Encontra Belo Horizonte","description":"Not\u00edcias, eventos, informa\u00e7\u00f5es e dicas da cidade de Belo Horizonte e regi\u00e3o","inLanguage":"pt-BR","publisher":{"@id":"https:\/\/www.encontrabelohorizonte.com.br\/sobre\/#organization"}}]},"og:locale":"pt_BR","og:site_name":"Encontra Belo Horizonte | Not\u00edcias, eventos, informa\u00e7\u00f5es e dicas da cidade de Belo Horizonte e regi\u00e3o","og:type":"article","og:title":"C\u00e2mara vai receber projeto do TCE | Encontra Belo Horizonte","og:description":"C\u00e2mara Municipal de BH busca ouvir demandas da popula\u00e7\u00e3o sobre servi\u00e7os p\u00fablicos.","og:url":"https:\/\/www.encontrabelohorizonte.com.br\/sobre\/camara-vai-receber-projeto-do-tce\/","article:published_time":"2026-07-23T23:12:11+00:00","article:modified_time":"2026-07-23T23:12:11+00:00","twitter:card":"summary","twitter:title":"C\u00e2mara vai receber projeto do TCE | Encontra Belo Horizonte","twitter:description":"C\u00e2mara Municipal de BH busca ouvir demandas da popula\u00e7\u00e3o sobre servi\u00e7os p\u00fablicos."},"aioseo_meta_data":{"post_id":"4440","title":null,"description":null,"keywords":null,"keyphrases":null,"primary_term":null,"canonical_url":null,"og_title":null,"og_description":null,"og_object_type":"default","og_image_type":"default","og_image_url":null,"og_image_width":null,"og_image_height":null,"og_image_custom_url":null,"og_image_custom_fields":null,"og_video":null,"og_custom_url":null,"og_article_section":null,"og_article_tags":null,"twitter_use_og":false,"twitter_card":"default","twitter_image_type":"default","twitter_image_url":null,"twitter_image_custom_url":null,"twitter_image_custom_fields":null,"twitter_title":null,"twitter_description":null,"schema":{"blockGraphs":[],"customGraphs":[],"default":{"data":{"Article":[],"Course":[],"Dataset":[],"FAQPage":[],"Movie":[],"Person":[],"Product":[],"ProductReview":[],"Car":[],"Recipe":[],"Service":[],"SoftwareApplication":[],"WebPage":[]},"graphName":"WebPage","isEnabled":true},"graphs":[]},"schema_type":"default","schema_type_options":null,"pillar_content":false,"robots_default":true,"robots_noindex":false,"robots_noarchive":false,"robots_nosnippet":false,"robots_nofollow":false,"robots_noimageindex":false,"robots_noodp":false,"robots_notranslate":false,"robots_max_snippet":null,"robots_max_videopreview":null,"robots_max_imagepreview":"large","priority":null,"frequency":null,"local_seo":null,"breadcrumb_settings":null,"limit_modified_date":false,"ai":null,"created":"2026-07-23 23:35:57","updated":"2026-07-23 23:35:57","focus_keyword":null,"additional_keywords":null,"truseo_locale":null,"seo_analyzer_scan_date":null},"aioseo_breadcrumb":"<div class=\"aioseo-breadcrumbs\"><span class=\"aioseo-breadcrumb\">\n\t\t\t<a href=\"https:\/\/www.encontrabelohorizonte.com.br\/sobre\" title=\"In\u00edcio\">In\u00edcio<\/a>\n\t\t<\/span><span class=\"aioseo-breadcrumb-separator\">&raquo;<\/span><span class=\"aioseo-breadcrumb\">\n\t\t\t<a href=\"https:\/\/www.encontrabelohorizonte.com.br\/sobre\/noticias\/\" title=\"Not\u00edcias Belo Horizonte\">Not\u00edcias Belo Horizonte<\/a>\n\t\t<\/span><span class=\"aioseo-breadcrumb-separator\">&raquo;<\/span><span class=\"aioseo-breadcrumb\">\n\t\t\tC\u00e2mara vai receber projeto do TCE\n\t\t<\/span><\/div>","aioseo_breadcrumb_json":[{"label":"In\u00edcio","link":"https:\/\/www.encontrabelohorizonte.com.br\/sobre"},{"label":"Not\u00edcias Belo Horizonte","link":"https:\/\/www.encontrabelohorizonte.com.br\/sobre\/noticias\/"},{"label":"C\u00e2mara vai receber projeto do TCE","link":"https:\/\/www.encontrabelohorizonte.com.br\/sobre\/camara-vai-receber-projeto-do-tce\/"}],"_links":{"self":[{"href":"https:\/\/www.encontrabelohorizonte.com.br\/sobre\/wp-json\/wp\/v2\/posts\/4440","targetHints":{"allow":["GET"]}}],"collection":[{"href":"https:\/\/www.encontrabelohorizonte.com.br\/sobre\/wp-json\/wp\/v2\/posts"}],"about":[{"href":"https:\/\/www.encontrabelohorizonte.com.br\/sobre\/wp-json\/wp\/v2\/types\/post"}],"author":[{"embeddable":true,"href":"https:\/\/www.encontrabelohorizonte.com.br\/sobre\/wp-json\/wp\/v2\/users\/1"}],"replies":[{"embeddable":true,"href":"https:\/\/www.encontrabelohorizonte.com.br\/sobre\/wp-json\/wp\/v2\/comments?post=4440"}],"version-history":[{"count":0,"href":"https:\/\/www.encontrabelohorizonte.com.br\/sobre\/wp-json\/wp\/v2\/posts\/4440\/revisions"}],"wp:featuredmedia":[{"embeddable":true,"href":"https:\/\/www.encontrabelohorizonte.com.br\/sobre\/wp-json\/wp\/v2\/media\/4439"}],"wp:attachment":[{"href":"https:\/\/www.encontrabelohorizonte.com.br\/sobre\/wp-json\/wp\/v2\/media?parent=4440"}],"wp:term":[{"taxonomy":"category","embeddable":true,"href":"https:\/\/www.encontrabelohorizonte.com.br\/sobre\/wp-json\/wp\/v2\/categories?post=4440"},{"taxonomy":"post_tag","embeddable":true,"href":"https:\/\/www.encontrabelohorizonte.com.br\/sobre\/wp-json\/wp\/v2\/tags?post=4440"}],"curies":[{"name":"wp","href":"https:\/\/api.w.org\/{rel}","templated":true}]}}